{"id":545459,"date":"2025-01-11T14:29:54","date_gmt":"2025-01-11T13:29:54","guid":{"rendered":"https:\/\/dicodusport.fr\/blog\/?p=545459&#038;preview=true&#038;preview_id=545459"},"modified":"2025-01-11T18:49:18","modified_gmt":"2025-01-11T17:49:18","slug":"slalom-hommes-adelboden-2025-la-13eme-victoire-de-clement-noel-en-coupe-du-monde","status":"publish","type":"post","link":"https:\/\/dicodusport.fr\/blog\/slalom-hommes-adelboden-2025-la-13eme-victoire-de-clement-noel-en-coupe-du-monde\/","title":{"rendered":"Slalom hommes Adelboden 2025 : La 13\u00e8me victoire de Cl\u00e9ment No\u00ebl en Coupe du monde"},"content":{"rendered":"<h4 style=\"text-align: justify;\"><i>COUPE DU MONDE DE SKI ALPIN 202<\/i><i>4<\/i><i>-2025 &#8211; Cl\u00e9ment No\u00ebl a remport\u00e9 le slalom d&rsquo;Adelboden, en Suisse, samedi. Il est le deuxi\u00e8me Fran\u00e7ais \u00e0 s&rsquo;imposer en slalom sur la piste bernoise, 15 ans apr\u00e8s Julien Lizeroux.\u00a0<\/i><\/h4>\n<ul style=\"text-align: justify;\">\n<li style=\"text-align: justify;\"><strong>\u00c0 lire aussi &#8211; <a href=\"https:\/\/dicodusport.fr\/blog\/classement-slalom-hommes-adelboden-2025\/\">Le classement du slalom hommes Adelboden<\/a>\u00a0<\/strong><\/li>\n<\/ul>\n<p style=\"text-align: justify;\">La piste du <strong>Chuenisb\u00e4rgli<\/strong> est connue comme \u00e9tant la piste de slalom g\u00e9ant la plus difficile de la Coupe du monde. Cependant, le trac\u00e9 du slalom est \u00e9galement tr\u00e8s dur sur une longueur de 592 m\u00e8tres avec son replat, son d\u00e9vers pied gauche et le mythique mur final avec une arriv\u00e9e devant un public bernois en d\u00e9lire. Les conditions m\u00e9t\u00e9orologiques ont oblig\u00e9 les organisateurs et la FIS \u00e0 inverser le g\u00e9ant et le slalom.<\/p>\n<ul style=\"text-align: justify;\">\n<li style=\"text-align: justify;\"><strong>\u00c0 lire aussi &#8211; <a href=\"https:\/\/dicodusport.fr\/blog\/calendrier-et-resultats-coupe-du-monde-ski-alpin-2024-2025\/\">Calendrier et r\u00e9sultats Coupe du monde Ski alpin 2024-2025<\/a><\/strong><\/li>\n<\/ul>\n<h2 style=\"text-align: justify;\">Feller tire le premier, No\u00ebl en embuscade<\/h2>\n<p style=\"text-align: justify;\">Sous la neige suisse, <strong>Manuel Feller<\/strong> a r\u00e9alis\u00e9 le meilleur temps sur une premi\u00e8re manche dessin\u00e9e par le coach italien en 54 secondes 93. Sur un parcours assez espac\u00e9 sur le haut et sur une piste en parfait \u00e9tat, l&rsquo;Autrichien, parti avec le dossard 1, a devanc\u00e9 Linus Strasser de 25 centi\u00e8mes.<\/p>\n<p style=\"text-align: justify;\">Souffrant toujours de sa cheville, Cl\u00e9ment No\u00ebl a r\u00e9alis\u00e9 une solide seconde moiti\u00e9 de course malgr\u00e9 quelques fautes, notamment en entrant dans le mur final pour faire le troisi\u00e8me temps \u00e0 38 centi\u00e8mes. <strong>Timon Haugan<\/strong>, quatri\u00e8me \u00e0 49 centi\u00e8mes, <strong>Lucas Pinheiro Braathen<\/strong>, 5e \u00e0 53 centi\u00e8mes, et <strong>Henrik Kristoffersen<\/strong>, 6e \u00e0 0.55, \u00e9taient plac\u00e9s juste derri\u00e8re le champion olympique.<\/p>\n<p style=\"text-align: justify;\">Parti avec le dossard 16, sur une piste d\u00e9j\u00e0 endommag\u00e9e, <strong>Steven Amiez<\/strong> a pein\u00e9 en d\u00e9but de course avant de trouver plus de liant pour rester plac\u00e9 \u00e0 la 8e place. Malheureusement, <strong>Paco Rassat<\/strong> est sorti sur une faute d&rsquo;int\u00e9rieur sur le haut du trac\u00e9. Comme \u00e0 Madonna, <strong>Victor Muffat-Jeandet<\/strong> a \u00e9t\u00e9 chercher une nouvelle qualification avec le 28\u00e8me temps avec le dossard le plus \u00e9lev\u00e9. Malgr\u00e9 une belle prestation sur une neige d\u00e9molie, <strong>Hugo Desgrippes<\/strong> n&rsquo;a pas pu entrer dans les 30. Enfin, <strong>Antoine Azzolin <\/strong>et <strong>L\u00e9o Anguenot<\/strong> n&rsquo;ont pas fini leur course. Enfin, le terrible mur final a fait de belles victimes. Le porteur du dossard rouge Loic Meillard a enfourch\u00e9 tandis que Atle Lie McGrath et Samuel Kolega ont commis une faute d&rsquo;int\u00e9rieur.<\/p>\n<ul style=\"text-align: justify;\">\n<li style=\"text-align: justify;\"><strong>\u00c0 ce sujet &#8211;\u00a0<a href=\"https:\/\/dicodusport.fr\/blog\/coupe-du-monde-ski-alpin-classement-general-gros-globe-hommes\/\">Coupe du monde Ski alpin \u2013 Classement g\u00e9n\u00e9ral gros globe hommes<\/a><\/strong><\/li>\n<\/ul>\n<h2 style=\"text-align: justify;\">Irr\u00e9sistible Cl\u00e9ment No\u00ebl<\/h2>\n<p style=\"text-align: justify;\">Dans le brouillard, <strong>Cl\u00e9ment No\u00ebl<\/strong> a \u00e9t\u00e9 excellent sur la portion plate avant d&rsquo;\u00eatre \u00e0 la limite \u00e0 plusieurs reprises dans le mur, en \u00e9tant en dessous de la ligne, sur une seconde manche dessin\u00e9e par l&rsquo;entra\u00eeneur fran\u00e7ais. Le Fran\u00e7ais a su s&rsquo;adapter aux conditions sur une piste qui a mieux tenu lors de la seconde manche, pour signer son troisi\u00e8me succ\u00e8s de l&rsquo;hiver en 1 minute 51 secondes et 53 centi\u00e8mes. <strong>Lucas Pinheiro Braathe<\/strong> a pris la deuxi\u00e8me place \u00e0 deux petits centi\u00e8mes avec un style moins d\u00e9monstratif.<\/p>\n<blockquote class=\"twitter-tweet\">\n<p dir=\"ltr\" lang=\"fr\">\ud83c\uddeb\ud83c\uddf7 La victoire de Cl\u00e9ment No\u00ebl ! Le Fran\u00e7ais signe son 13e succ\u00e8s en Coupe du monde en s&rsquo;adjugeant le slalom d&rsquo;Adelboden pour 2 petits centi\u00e8mes d&rsquo;avance sur Lucas Pinheiro Braathen <a href=\"https:\/\/twitter.com\/hashtag\/ChaletClub?src=hash&amp;ref_src=twsrc%5Etfw\">#ChaletClub<\/a> <a href=\"https:\/\/t.co\/zHTrpWZGs6\">pic.twitter.com\/zHTrpWZGs6<\/a><\/p>\n<p>\u2014 Eurosport France (@Eurosport_FR) <a href=\"https:\/\/twitter.com\/Eurosport_FR\/status\/1878072009130652097?ref_src=twsrc%5Etfw\">January 11, 2025<\/a><\/p><\/blockquote>\n<p><script async src=\"https:\/\/platform.twitter.com\/widgets.js\" charset=\"utf-8\"><\/script><\/p>\n<p style=\"text-align: justify;\">Ensuite, <strong>Henrik Kristoffersen<\/strong> est mont\u00e9 sur le 90e podium de sa carri\u00e8re, au troisi\u00e8me rang \u00e0 14 centi\u00e8mes, devant<strong> Linus Strasser<\/strong>, 4e \u00e0 0.97, qui a craqu\u00e9 dans la seconde partie du parcours. Derri\u00e8re Fabio Gstrein, <strong>Steven Amiez<\/strong> s&rsquo;est fait peur \u00e0 plusieurs reprises, mais le skieur de Pralognan a r\u00e9alis\u00e9 une manche plus que correcte pour terminer 6e \u00e0 1.36. Malheureusement, Manuel Feller n&rsquo;a pas pu conserver son titre puisqu&rsquo;il est sorti sur le bas du trac\u00e9. <strong>Kristoffersen<\/strong> prend les commandes du g\u00e9n\u00e9ral du slalom avec 375 points et avec 35 points d&rsquo;avance sur <strong>No\u00ebl<\/strong>.<\/p>\n<p style=\"text-align: justify;\">Enfin, <strong>Victor Muffat-Jeandet<\/strong> a r\u00e9alis\u00e9 sa manche r\u00e9f\u00e9rence de l&rsquo;hiver en d\u00e9coupant le haut du mur pour faire une belle remont\u00e9e jusqu&rsquo;au 11e rang \u00e0 1.86 avec le meilleur temps de la seconde manche.<\/p>\n<p style=\"text-align: justify;\">Demain, place au g\u00e9ant d&rsquo;Adelboden.<\/p>\n","protected":false},"excerpt":{"rendered":"<p>La 13\u00e8me victoire de Cl\u00e9ment No\u00ebl en Coupe du monde<\/p>\n","protected":false},"author":48,"featured_media":545544,"comment_status":"open","ping_status":"closed","sticky":false,"template":"","format":"standard","meta":{"_acf_changed":false,"_daextam_enable_autolinks":"1","footnotes":""},"categories":[47084],"tags":[16878,3912,2233,13506,24],"class_list":["post-545459","post","type-post","status-publish","format-standard","has-post-thumbnail","hentry","category-coupe-du-monde-ski-alpin","tag-breve","tag-clement-noel","tag-ski-alpin","tag-slalom-adelboden","tag-sport"],"acf":[],"yoast_head":"<!-- This site is optimized with the Yoast SEO Premium plugin v26.7 (Yoast SEO v26.7) - https:\/\/yoast.com\/wordpress\/plugins\/seo\/ -->\n<title>Slalom hommes Adelboden 2025 : La 13\u00e8me victoire de Cl\u00e9ment No\u00ebl en Coupe du monde<\/title>\n<meta name=\"description\" content=\"COUPE DU MONDE DE SKI ALPIN 2024-2025 - Cl\u00e9ment No\u00ebl a remport\u00e9 le slalom d&#039;Adelboden, en Suisse, samedi.\" \/>\n<meta name=\"robots\" content=\"index, follow, max-snippet:-1, max-image-preview:large, max-video-preview:-1\" \/>\n<link rel=\"canonical\" href=\"https:\/\/dicodusport.fr\/blog\/slalom-hommes-adelboden-2025-la-13eme-victoire-de-clement-noel-en-coupe-du-monde\/\" \/>\n<meta property=\"og:locale\" content=\"fr_FR\" \/>\n<meta property=\"og:type\" content=\"article\" \/>\n<meta property=\"og:title\" content=\"Slalom hommes Adelboden 2025 : La 13\u00e8me victoire de Cl\u00e9ment No\u00ebl en Coupe du monde\" \/>\n<meta property=\"og:description\" content=\"COUPE DU MONDE DE SKI ALPIN 2024-2025 - Cl\u00e9ment No\u00ebl a remport\u00e9 le slalom d&#039;Adelboden, en Suisse, samedi.\" \/>\n<meta property=\"og:url\" content=\"https:\/\/dicodusport.fr\/blog\/slalom-hommes-adelboden-2025-la-13eme-victoire-de-clement-noel-en-coupe-du-monde\/\" \/>\n<meta property=\"og:site_name\" content=\"Dicodusport\" \/>\n<meta property=\"article:publisher\" content=\"https:\/\/www.facebook.com\/dicodusport\" \/>\n<meta property=\"article:author\" content=\"https:\/\/www.facebook.com\/groups\/LesRoisDuPeloton\" \/>\n<meta property=\"article:published_time\" content=\"2025-01-11T13:29:54+00:00\" \/>\n<meta property=\"article:modified_time\" content=\"2025-01-11T17:49:18+00:00\" \/>\n<meta property=\"og:image\" content=\"https:\/\/dicodusport.fr\/blog\/wp-content\/uploads\/2025\/01\/Slalom-hommes-Adelboden-2025-La-13eme-victoire-de-Clement-Noel-en-Coupe-du-monde-1.png\" \/>\n\t<meta property=\"og:image:width\" content=\"1200\" \/>\n\t<meta property=\"og:image:height\" content=\"674\" \/>\n\t<meta property=\"og:image:type\" content=\"image\/png\" \/>\n<meta name=\"author\" content=\"Emilien Descampiaux\" \/>\n<meta name=\"twitter:card\" content=\"summary_large_image\" \/>\n<meta name=\"twitter:title\" content=\"Slalom hommes Adelboden 2025 : La 13\u00e8me victoire de Cl\u00e9ment No\u00ebl en Coupe du monde\" \/>\n<meta name=\"twitter:creator\" content=\"@https:\/\/twitter.com\/LRoisDuPeloton\" \/>\n<meta name=\"twitter:site\" content=\"@dicodusport\" \/>\n<script type=\"application\/ld+json\" class=\"yoast-schema-graph\">{\"@context\":\"https:\/\/schema.org\",\"@graph\":[{\"@type\":\"NewsArticle\",\"@id\":\"https:\/\/dicodusport.fr\/blog\/slalom-hommes-adelboden-2025-la-13eme-victoire-de-clement-noel-en-coupe-du-monde\/#article\",\"isPartOf\":{\"@id\":\"https:\/\/dicodusport.fr\/blog\/slalom-hommes-adelboden-2025-la-13eme-victoire-de-clement-noel-en-coupe-du-monde\/\"},\"author\":{\"name\":\"Emilien Descampiaux\",\"@id\":\"https:\/\/dicodusport.fr\/blog\/#\/schema\/person\/6db4bae06b171592211be385b32876a7\"},\"headline\":\"Slalom hommes Adelboden 2025 : La 13\u00e8me victoire de Cl\u00e9ment No\u00ebl en Coupe du monde\",\"datePublished\":\"2025-01-11T13:29:54+00:00\",\"dateModified\":\"2025-01-11T17:49:18+00:00\",\"mainEntityOfPage\":{\"@id\":\"https:\/\/dicodusport.fr\/blog\/slalom-hommes-adelboden-2025-la-13eme-victoire-de-clement-noel-en-coupe-du-monde\/\"},\"wordCount\":726,\"commentCount\":0,\"publisher\":{\"@id\":\"https:\/\/dicodusport.fr\/blog\/#organization\"},\"image\":{\"@id\":\"https:\/\/dicodusport.fr\/blog\/slalom-hommes-adelboden-2025-la-13eme-victoire-de-clement-noel-en-coupe-du-monde\/#primaryimage\"},\"thumbnailUrl\":\"https:\/\/dicodusport.fr\/blog\/wp-content\/uploads\/2025\/01\/Slalom-hommes-Adelboden-2025-La-13eme-victoire-de-Clement-Noel-en-Coupe-du-monde-1.png\",\"keywords\":[\"br\u00e8ve\",\"Cl\u00e9ment No\u00ebl\",\"Ski alpin\",\"Slalom Adelboden\",\"sport\"],\"articleSection\":[\"Coupe du monde de ski alpin\"],\"inLanguage\":\"fr-FR\",\"potentialAction\":[{\"@type\":\"CommentAction\",\"name\":\"Comment\",\"target\":[\"https:\/\/dicodusport.fr\/blog\/slalom-hommes-adelboden-2025-la-13eme-victoire-de-clement-noel-en-coupe-du-monde\/#respond\"]}],\"copyrightYear\":\"2025\",\"copyrightHolder\":{\"@id\":\"https:\/\/dicodusport.fr\/blog\/#organization\"}},{\"@type\":\"WebPage\",\"@id\":\"https:\/\/dicodusport.fr\/blog\/slalom-hommes-adelboden-2025-la-13eme-victoire-de-clement-noel-en-coupe-du-monde\/\",\"url\":\"https:\/\/dicodusport.fr\/blog\/slalom-hommes-adelboden-2025-la-13eme-victoire-de-clement-noel-en-coupe-du-monde\/\",\"name\":\"Slalom hommes Adelboden 2025 : La 13\u00e8me victoire de Cl\u00e9ment No\u00ebl en Coupe du monde\",\"isPartOf\":{\"@id\":\"https:\/\/dicodusport.fr\/blog\/#website\"},\"primaryImageOfPage\":{\"@id\":\"https:\/\/dicodusport.fr\/blog\/slalom-hommes-adelboden-2025-la-13eme-victoire-de-clement-noel-en-coupe-du-monde\/#primaryimage\"},\"image\":{\"@id\":\"https:\/\/dicodusport.fr\/blog\/slalom-hommes-adelboden-2025-la-13eme-victoire-de-clement-noel-en-coupe-du-monde\/#primaryimage\"},\"thumbnailUrl\":\"https:\/\/dicodusport.fr\/blog\/wp-content\/uploads\/2025\/01\/Slalom-hommes-Adelboden-2025-La-13eme-victoire-de-Clement-Noel-en-Coupe-du-monde-1.png\",\"datePublished\":\"2025-01-11T13:29:54+00:00\",\"dateModified\":\"2025-01-11T17:49:18+00:00\",\"description\":\"COUPE DU MONDE DE SKI ALPIN 2024-2025 - Cl\u00e9ment No\u00ebl a remport\u00e9 le slalom d'Adelboden, en Suisse, samedi.\",\"breadcrumb\":{\"@id\":\"https:\/\/dicodusport.fr\/blog\/slalom-hommes-adelboden-2025-la-13eme-victoire-de-clement-noel-en-coupe-du-monde\/#breadcrumb\"},\"inLanguage\":\"fr-FR\",\"potentialAction\":[{\"@type\":\"ReadAction\",\"target\":[\"https:\/\/dicodusport.fr\/blog\/slalom-hommes-adelboden-2025-la-13eme-victoire-de-clement-noel-en-coupe-du-monde\/\"]}]},{\"@type\":\"ImageObject\",\"inLanguage\":\"fr-FR\",\"@id\":\"https:\/\/dicodusport.fr\/blog\/slalom-hommes-adelboden-2025-la-13eme-victoire-de-clement-noel-en-coupe-du-monde\/#primaryimage\",\"url\":\"https:\/\/dicodusport.fr\/blog\/wp-content\/uploads\/2025\/01\/Slalom-hommes-Adelboden-2025-La-13eme-victoire-de-Clement-Noel-en-Coupe-du-monde-1.png\",\"contentUrl\":\"https:\/\/dicodusport.fr\/blog\/wp-content\/uploads\/2025\/01\/Slalom-hommes-Adelboden-2025-La-13eme-victoire-de-Clement-Noel-en-Coupe-du-monde-1.png\",\"width\":1200,\"height\":674,\"caption\":\"Slalom hommes Adelboden 2025 La 13\u00e8me victoire de Cl\u00e9ment No\u00ebl en Coupe du monde (1)\"},{\"@type\":\"BreadcrumbList\",\"@id\":\"https:\/\/dicodusport.fr\/blog\/slalom-hommes-adelboden-2025-la-13eme-victoire-de-clement-noel-en-coupe-du-monde\/#breadcrumb\",\"itemListElement\":[{\"@type\":\"ListItem\",\"position\":1,\"name\":\"Accueil\",\"item\":\"https:\/\/dicodusport.fr\/blog\/\"},{\"@type\":\"ListItem\",\"position\":2,\"name\":\"Slalom hommes Adelboden 2025 : La 13\u00e8me victoire de Cl\u00e9ment No\u00ebl en Coupe du monde\"}]},{\"@type\":\"WebSite\",\"@id\":\"https:\/\/dicodusport.fr\/blog\/#website\",\"url\":\"https:\/\/dicodusport.fr\/blog\/\",\"name\":\"Dicodusport\",\"description\":\"L&#039;encyclop\u00e9die de l&#039;actualit\u00e9 sportive\",\"publisher\":{\"@id\":\"https:\/\/dicodusport.fr\/blog\/#organization\"},\"potentialAction\":[{\"@type\":\"SearchAction\",\"target\":{\"@type\":\"EntryPoint\",\"urlTemplate\":\"https:\/\/dicodusport.fr\/blog\/?s={search_term_string}\"},\"query-input\":{\"@type\":\"PropertyValueSpecification\",\"valueRequired\":true,\"valueName\":\"search_term_string\"}}],\"inLanguage\":\"fr-FR\"},{\"@type\":\"NewsMediaOrganization\",\"@id\":\"https:\/\/dicodusport.fr\/blog\/#organization\",\"name\":\"Dicodusport\",\"url\":\"https:\/\/dicodusport.fr\/blog\/\",\"logo\":{\"@type\":\"ImageObject\",\"inLanguage\":\"fr-FR\",\"@id\":\"https:\/\/dicodusport.fr\/blog\/#\/schema\/logo\/image\/\",\"url\":\"https:\/\/dicodusport.fr\/blog\/wp-content\/uploads\/2020\/06\/cropped-LOGO-DICODUSPORT-2020-SANS-FOND-SANS-TEXTE.png\",\"contentUrl\":\"https:\/\/dicodusport.fr\/blog\/wp-content\/uploads\/2020\/06\/cropped-LOGO-DICODUSPORT-2020-SANS-FOND-SANS-TEXTE.png\",\"width\":512,\"height\":512,\"caption\":\"Dicodusport\"},\"image\":{\"@id\":\"https:\/\/dicodusport.fr\/blog\/#\/schema\/logo\/image\/\"},\"sameAs\":[\"https:\/\/www.facebook.com\/dicodusport\",\"https:\/\/x.com\/dicodusport\",\"https:\/\/www.instagram.com\/dicodusport\/\",\"https:\/\/www.youtube.com\/channel\/UC7V2KZ5sd3htJivAbA4ZG3w\"],\"description\":\"Dicodusport est l'encyclop\u00e9die de l'actualit\u00e9 sportive.\",\"email\":\"bonjour@dicodusport.fr\",\"legalName\":\"DICODUSPORT\",\"foundingDate\":\"2018-01-14\",\"vatID\":\"FR71834470973\",\"taxID\":\"83447097300043\",\"numberOfEmployees\":{\"@type\":\"QuantitativeValue\",\"minValue\":\"1\",\"maxValue\":\"10\"}},{\"@type\":\"Person\",\"@id\":\"https:\/\/dicodusport.fr\/blog\/#\/schema\/person\/6db4bae06b171592211be385b32876a7\",\"name\":\"Emilien Descampiaux\",\"image\":{\"@type\":\"ImageObject\",\"inLanguage\":\"fr-FR\",\"@id\":\"https:\/\/dicodusport.fr\/blog\/#\/schema\/person\/image\/\",\"url\":\"https:\/\/dicodusport.fr\/blog\/wp-content\/uploads\/2021\/05\/Emilien-Descampiaux-150x150.jpg\",\"contentUrl\":\"https:\/\/dicodusport.fr\/blog\/wp-content\/uploads\/2021\/05\/Emilien-Descampiaux-150x150.jpg\",\"caption\":\"Emilien Descampiaux\"},\"description\":\"Journaliste\/r\u00e9dacteur depuis 2014 - Fan de la classe de Frank Vandenbroucke, je vis cyclisme (et de ses paysages) depuis plus de 20 ans. Je suis tr\u00e8s impliqu\u00e9 sur mes diff\u00e9rents r\u00e9seaux sociaux pour partager ma passion sur le monde et l'Histoire de la bicyclette avec ma voix sur les images en noir et blanc du succ\u00e8s de Rik Van Steenbergen lors du Ronde sur le V\u00e9lodrome de Gand.\",\"sameAs\":[\"https:\/\/www.facebook.com\/groups\/LesRoisDuPeloton\",\"https:\/\/x.com\/https:\/\/twitter.com\/LRoisDuPeloton\"],\"url\":\"https:\/\/dicodusport.fr\/blog\/author\/emiliend\/\"}]}<\/script>\n<!-- \/ Yoast SEO Premium plugin. -->","yoast_head_json":{"title":"Slalom hommes Adelboden 2025 : La 13\u00e8me victoire de Cl\u00e9ment No\u00ebl en Coupe du monde","description":"COUPE DU MONDE DE SKI ALPIN 2024-2025 - Cl\u00e9ment No\u00ebl a remport\u00e9 le slalom d'Adelboden, en Suisse, samedi.","robots":{"index":"index","follow":"follow","max-snippet":"max-snippet:-1","max-image-preview":"max-image-preview:large","max-video-preview":"max-video-preview:-1"},"canonical":"https:\/\/dicodusport.fr\/blog\/slalom-hommes-adelboden-2025-la-13eme-victoire-de-clement-noel-en-coupe-du-monde\/","og_locale":"fr_FR","og_type":"article","og_title":"Slalom hommes Adelboden 2025 : La 13\u00e8me victoire de Cl\u00e9ment No\u00ebl en Coupe du monde","og_description":"COUPE DU MONDE DE SKI ALPIN 2024-2025 - Cl\u00e9ment No\u00ebl a remport\u00e9 le slalom d'Adelboden, en Suisse, samedi.","og_url":"https:\/\/dicodusport.fr\/blog\/slalom-hommes-adelboden-2025-la-13eme-victoire-de-clement-noel-en-coupe-du-monde\/","og_site_name":"Dicodusport","article_publisher":"https:\/\/www.facebook.com\/dicodusport","article_author":"https:\/\/www.facebook.com\/groups\/LesRoisDuPeloton","article_published_time":"2025-01-11T13:29:54+00:00","article_modified_time":"2025-01-11T17:49:18+00:00","og_image":[{"width":1200,"height":674,"url":"https:\/\/dicodusport.fr\/blog\/wp-content\/uploads\/2025\/01\/Slalom-hommes-Adelboden-2025-La-13eme-victoire-de-Clement-Noel-en-Coupe-du-monde-1.png","type":"image\/png"}],"author":"Emilien Descampiaux","twitter_card":"summary_large_image","twitter_title":"Slalom hommes Adelboden 2025 : La 13\u00e8me victoire de Cl\u00e9ment No\u00ebl en Coupe du monde","twitter_creator":"@https:\/\/twitter.com\/LRoisDuPeloton","twitter_site":"@dicodusport","schema":{"@context":"https:\/\/schema.org","@graph":[{"@type":"NewsArticle","@id":"https:\/\/dicodusport.fr\/blog\/slalom-hommes-adelboden-2025-la-13eme-victoire-de-clement-noel-en-coupe-du-monde\/#article","isPartOf":{"@id":"https:\/\/dicodusport.fr\/blog\/slalom-hommes-adelboden-2025-la-13eme-victoire-de-clement-noel-en-coupe-du-monde\/"},"author":{"name":"Emilien Descampiaux","@id":"https:\/\/dicodusport.fr\/blog\/#\/schema\/person\/6db4bae06b171592211be385b32876a7"},"headline":"Slalom hommes Adelboden 2025 : La 13\u00e8me victoire de Cl\u00e9ment No\u00ebl en Coupe du monde","datePublished":"2025-01-11T13:29:54+00:00","dateModified":"2025-01-11T17:49:18+00:00","mainEntityOfPage":{"@id":"https:\/\/dicodusport.fr\/blog\/slalom-hommes-adelboden-2025-la-13eme-victoire-de-clement-noel-en-coupe-du-monde\/"},"wordCount":726,"commentCount":0,"publisher":{"@id":"https:\/\/dicodusport.fr\/blog\/#organization"},"image":{"@id":"https:\/\/dicodusport.fr\/blog\/slalom-hommes-adelboden-2025-la-13eme-victoire-de-clement-noel-en-coupe-du-monde\/#primaryimage"},"thumbnailUrl":"https:\/\/dicodusport.fr\/blog\/wp-content\/uploads\/2025\/01\/Slalom-hommes-Adelboden-2025-La-13eme-victoire-de-Clement-Noel-en-Coupe-du-monde-1.png","keywords":["br\u00e8ve","Cl\u00e9ment No\u00ebl","Ski alpin","Slalom Adelboden","sport"],"articleSection":["Coupe du monde de ski alpin"],"inLanguage":"fr-FR","potentialAction":[{"@type":"CommentAction","name":"Comment","target":["https:\/\/dicodusport.fr\/blog\/slalom-hommes-adelboden-2025-la-13eme-victoire-de-clement-noel-en-coupe-du-monde\/#respond"]}],"copyrightYear":"2025","copyrightHolder":{"@id":"https:\/\/dicodusport.fr\/blog\/#organization"}},{"@type":"WebPage","@id":"https:\/\/dicodusport.fr\/blog\/slalom-hommes-adelboden-2025-la-13eme-victoire-de-clement-noel-en-coupe-du-monde\/","url":"https:\/\/dicodusport.fr\/blog\/slalom-hommes-adelboden-2025-la-13eme-victoire-de-clement-noel-en-coupe-du-monde\/","name":"Slalom hommes Adelboden 2025 : La 13\u00e8me victoire de Cl\u00e9ment No\u00ebl en Coupe du monde","isPartOf":{"@id":"https:\/\/dicodusport.fr\/blog\/#website"},"primaryImageOfPage":{"@id":"https:\/\/dicodusport.fr\/blog\/slalom-hommes-adelboden-2025-la-13eme-victoire-de-clement-noel-en-coupe-du-monde\/#primaryimage"},"image":{"@id":"https:\/\/dicodusport.fr\/blog\/slalom-hommes-adelboden-2025-la-13eme-victoire-de-clement-noel-en-coupe-du-monde\/#primaryimage"},"thumbnailUrl":"https:\/\/dicodusport.fr\/blog\/wp-content\/uploads\/2025\/01\/Slalom-hommes-Adelboden-2025-La-13eme-victoire-de-Clement-Noel-en-Coupe-du-monde-1.png","datePublished":"2025-01-11T13:29:54+00:00","dateModified":"2025-01-11T17:49:18+00:00","description":"COUPE DU MONDE DE SKI ALPIN 2024-2025 - Cl\u00e9ment No\u00ebl a remport\u00e9 le slalom d'Adelboden, en Suisse, samedi.","breadcrumb":{"@id":"https:\/\/dicodusport.fr\/blog\/slalom-hommes-adelboden-2025-la-13eme-victoire-de-clement-noel-en-coupe-du-monde\/#breadcrumb"},"inLanguage":"fr-FR","potentialAction":[{"@type":"ReadAction","target":["https:\/\/dicodusport.fr\/blog\/slalom-hommes-adelboden-2025-la-13eme-victoire-de-clement-noel-en-coupe-du-monde\/"]}]},{"@type":"ImageObject","inLanguage":"fr-FR","@id":"https:\/\/dicodusport.fr\/blog\/slalom-hommes-adelboden-2025-la-13eme-victoire-de-clement-noel-en-coupe-du-monde\/#primaryimage","url":"https:\/\/dicodusport.fr\/blog\/wp-content\/uploads\/2025\/01\/Slalom-hommes-Adelboden-2025-La-13eme-victoire-de-Clement-Noel-en-Coupe-du-monde-1.png","contentUrl":"https:\/\/dicodusport.fr\/blog\/wp-content\/uploads\/2025\/01\/Slalom-hommes-Adelboden-2025-La-13eme-victoire-de-Clement-Noel-en-Coupe-du-monde-1.png","width":1200,"height":674,"caption":"Slalom hommes Adelboden 2025 La 13\u00e8me victoire de Cl\u00e9ment No\u00ebl en Coupe du monde (1)"},{"@type":"BreadcrumbList","@id":"https:\/\/dicodusport.fr\/blog\/slalom-hommes-adelboden-2025-la-13eme-victoire-de-clement-noel-en-coupe-du-monde\/#breadcrumb","itemListElement":[{"@type":"ListItem","position":1,"name":"Accueil","item":"https:\/\/dicodusport.fr\/blog\/"},{"@type":"ListItem","position":2,"name":"Slalom hommes Adelboden 2025 : La 13\u00e8me victoire de Cl\u00e9ment No\u00ebl en Coupe du monde"}]},{"@type":"WebSite","@id":"https:\/\/dicodusport.fr\/blog\/#website","url":"https:\/\/dicodusport.fr\/blog\/","name":"Dicodusport","description":"L&#039;encyclop\u00e9die de l&#039;actualit\u00e9 sportive","publisher":{"@id":"https:\/\/dicodusport.fr\/blog\/#organization"},"potentialAction":[{"@type":"SearchAction","target":{"@type":"EntryPoint","urlTemplate":"https:\/\/dicodusport.fr\/blog\/?s={search_term_string}"},"query-input":{"@type":"PropertyValueSpecification","valueRequired":true,"valueName":"search_term_string"}}],"inLanguage":"fr-FR"},{"@type":"NewsMediaOrganization","@id":"https:\/\/dicodusport.fr\/blog\/#organization","name":"Dicodusport","url":"https:\/\/dicodusport.fr\/blog\/","logo":{"@type":"ImageObject","inLanguage":"fr-FR","@id":"https:\/\/dicodusport.fr\/blog\/#\/schema\/logo\/image\/","url":"https:\/\/dicodusport.fr\/blog\/wp-content\/uploads\/2020\/06\/cropped-LOGO-DICODUSPORT-2020-SANS-FOND-SANS-TEXTE.png","contentUrl":"https:\/\/dicodusport.fr\/blog\/wp-content\/uploads\/2020\/06\/cropped-LOGO-DICODUSPORT-2020-SANS-FOND-SANS-TEXTE.png","width":512,"height":512,"caption":"Dicodusport"},"image":{"@id":"https:\/\/dicodusport.fr\/blog\/#\/schema\/logo\/image\/"},"sameAs":["https:\/\/www.facebook.com\/dicodusport","https:\/\/x.com\/dicodusport","https:\/\/www.instagram.com\/dicodusport\/","https:\/\/www.youtube.com\/channel\/UC7V2KZ5sd3htJivAbA4ZG3w"],"description":"Dicodusport est l'encyclop\u00e9die de l'actualit\u00e9 sportive.","email":"bonjour@dicodusport.fr","legalName":"DICODUSPORT","foundingDate":"2018-01-14","vatID":"FR71834470973","taxID":"83447097300043","numberOfEmployees":{"@type":"QuantitativeValue","minValue":"1","maxValue":"10"}},{"@type":"Person","@id":"https:\/\/dicodusport.fr\/blog\/#\/schema\/person\/6db4bae06b171592211be385b32876a7","name":"Emilien Descampiaux","image":{"@type":"ImageObject","inLanguage":"fr-FR","@id":"https:\/\/dicodusport.fr\/blog\/#\/schema\/person\/image\/","url":"https:\/\/dicodusport.fr\/blog\/wp-content\/uploads\/2021\/05\/Emilien-Descampiaux-150x150.jpg","contentUrl":"https:\/\/dicodusport.fr\/blog\/wp-content\/uploads\/2021\/05\/Emilien-Descampiaux-150x150.jpg","caption":"Emilien Descampiaux"},"description":"Journaliste\/r\u00e9dacteur depuis 2014 - Fan de la classe de Frank Vandenbroucke, je vis cyclisme (et de ses paysages) depuis plus de 20 ans. Je suis tr\u00e8s impliqu\u00e9 sur mes diff\u00e9rents r\u00e9seaux sociaux pour partager ma passion sur le monde et l'Histoire de la bicyclette avec ma voix sur les images en noir et blanc du succ\u00e8s de Rik Van Steenbergen lors du Ronde sur le V\u00e9lodrome de Gand.","sameAs":["https:\/\/www.facebook.com\/groups\/LesRoisDuPeloton","https:\/\/x.com\/https:\/\/twitter.com\/LRoisDuPeloton"],"url":"https:\/\/dicodusport.fr\/blog\/author\/emiliend\/"}]}},"_links":{"self":[{"href":"https:\/\/dicodusport.fr\/blog\/wp-json\/wp\/v2\/posts\/545459","targetHints":{"allow":["GET"]}}],"collection":[{"href":"https:\/\/dicodusport.fr\/blog\/wp-json\/wp\/v2\/posts"}],"about":[{"href":"https:\/\/dicodusport.fr\/blog\/wp-json\/wp\/v2\/types\/post"}],"author":[{"embeddable":true,"href":"https:\/\/dicodusport.fr\/blog\/wp-json\/wp\/v2\/users\/48"}],"replies":[{"embeddable":true,"href":"https:\/\/dicodusport.fr\/blog\/wp-json\/wp\/v2\/comments?post=545459"}],"version-history":[{"count":5,"href":"https:\/\/dicodusport.fr\/blog\/wp-json\/wp\/v2\/posts\/545459\/revisions"}],"predecessor-version":[{"id":545630,"href":"https:\/\/dicodusport.fr\/blog\/wp-json\/wp\/v2\/posts\/545459\/revisions\/545630"}],"wp:featuredmedia":[{"embeddable":true,"href":"https:\/\/dicodusport.fr\/blog\/wp-json\/wp\/v2\/media\/545544"}],"wp:attachment":[{"href":"https:\/\/dicodusport.fr\/blog\/wp-json\/wp\/v2\/media?parent=545459"}],"wp:term":[{"taxonomy":"category","embeddable":true,"href":"https:\/\/dicodusport.fr\/blog\/wp-json\/wp\/v2\/categories?post=545459"},{"taxonomy":"post_tag","embeddable":true,"href":"https:\/\/dicodusport.fr\/blog\/wp-json\/wp\/v2\/tags?post=545459"}],"curies":[{"name":"wp","href":"https:\/\/api.w.org\/{rel}","templated":true}]}}