{"id":545547,"date":"2025-01-11T16:47:07","date_gmt":"2025-01-11T15:47:07","guid":{"rendered":"https:\/\/dicodusport.fr\/blog\/?p=545547&#038;preview=true&#038;preview_id=545547"},"modified":"2025-07-09T18:37:18","modified_gmt":"2025-07-09T16:37:18","slug":"relais-mixte-oberhof-la-composition-de-la-france","status":"publish","type":"post","link":"https:\/\/dicodusport.fr\/blog\/relais-mixte-oberhof-la-composition-de-la-france\/","title":{"rendered":"Relais mixte Oberhof &#8211; La composition de la France"},"content":{"rendered":"<h4 style=\"text-align: justify;\"><i>BIATHLON COUPE DU MONDE d&rsquo;OBERHOF 2024 &#8211; <em>Le staff de l&rsquo;\u00e9quipe de France a d\u00e9voil\u00e9 la composition des Bleus pour le deuxi\u00e8me relais mixte de la saison.\u00a0<\/em><\/i><\/h4>\n<p style=\"text-align: justify;\">Le relais mixte avait lui aussi pris <a href=\"https:\/\/dicodusport.fr\/blog\/relais-mixte-kontiolahti-la-france-termine-2eme-au-sprint-derriere-la-norvege\/\">la deuxi\u00e8me place \u00e0 Kontiolahti<\/a>, avec une composition solide, dont il ne restera demain que deux survivants. <strong>Lou Jeanmonnot<\/strong> restera le fer de lance de l&rsquo;\u00e9quipe, et pourra s&rsquo;appuyer sur <a href=\"https:\/\/dicodusport.fr\/blog\/poursuite-femmes-oberhof-lou-jeanmonnot-triomphe-en-patronne\/\">son magnifique succ\u00e8s lors de la poursuite<\/a>. Pour <strong>Jeanne Richard<\/strong>, en revanche, ce sera une premi\u00e8re et l&rsquo;occasion de lancer le relais de la meilleure des fa\u00e7ons.<\/p>\n<ul style=\"text-align: justify;\">\n<li><strong>\u00c0 ce sujet &#8211; <a href=\"https:\/\/dicodusport.fr\/blog\/biathlon-oberhof-2025-programme-complet-et-resultats\/\" target=\"_blank\" rel=\"noopener\">Oberhof Biathlon 2025 \u2013 Programme complet et r\u00e9sultats<\/a><\/strong><\/li>\n<\/ul>\n<p style=\"text-align: justify;\"><strong>\u00c9ric Perrot<\/strong> \u00e9tait lui aussi pr\u00e9sent dans le quatuor align\u00e9 en Finlande. Apr\u00e8s sa quatri\u00e8me place sur la poursuite, il aura soif de podium et sera align\u00e9 aux c\u00f4t\u00e9s de <strong>Fabien Claude<\/strong>, brillant deuxi\u00e8me du sprint, qui voudra s&rsquo;\u00e9tablir comme une vraie solution pour le relais mixte en vue des Championnats du monde. Une composition qui a toutes ses chances pour le podium.<\/p>\n<div class=\"vlp-link-container vlp-layout-article\"><a href=\"https:\/\/dicodusport.fr\/blog\/biathlon-oberhof-2025-startlist-relais-mixte\/\" class=\"vlp-link\" title=\"Biathlon Oberhof 2025 - Startlist Relais mixte\"><\/a><div class=\"vlp-layout-zone-side\"><div class=\"vlp-block-4 vlp-link-image\"><img loading=\"lazy\" decoding=\"async\" style=\"max-width: 792px;\" width=\"792\" height=\"445\" src=\"https:\/\/dicodusport.fr\/blog\/wp-content\/uploads\/2025\/01\/Biathlon-Oberhof-2025-Startlist-Relais-mixte.png\" class=\"attachment-800x445 size-800x445\" alt=\"Biathlon Oberhof 2025 - Startlist Relais mixte\" srcset=\"https:\/\/dicodusport.fr\/blog\/wp-content\/uploads\/2025\/01\/Biathlon-Oberhof-2025-Startlist-Relais-mixte.png 1200w, https:\/\/dicodusport.fr\/blog\/wp-content\/uploads\/2025\/01\/Biathlon-Oberhof-2025-Startlist-Relais-mixte-300x169.png 300w, https:\/\/dicodusport.fr\/blog\/wp-content\/uploads\/2025\/01\/Biathlon-Oberhof-2025-Startlist-Relais-mixte-1024x575.png 1024w, https:\/\/dicodusport.fr\/blog\/wp-content\/uploads\/2025\/01\/Biathlon-Oberhof-2025-Startlist-Relais-mixte-768x431.png 768w\" sizes=\"auto, (max-width: 792px) 100vw, 792px\" \/><\/div><\/div><div class=\"vlp-layout-zone-main\"><div class=\"vlp-block-0 vlp-link-title\">Biathlon Oberhof 2025 - Startlist Relais mixte<\/div><div class=\"vlp-block-1 vlp-link-summary\">COUPE DU MONDE DE BIATHLON 2024-2025 -\u00a0OBERHOF - D\u00e9couvrez la startlist du relais mixte d'Oberhof (Allemagne).<\/div><div class=\"vlp-block-2 vlp-link-button\">Lire l'article<\/div><div class=\"vlp-block-3 vlp-link-url\">dicodusport.fr<\/div><\/div><\/div>\n<h2 style=\"text-align: justify;\">La composition du relais mixte d&rsquo;Oberhof<\/h2>\n<ol style=\"text-align: justify;\">\n<li style=\"text-align: justify;\">Jeanne Richard<\/li>\n<li style=\"text-align: justify;\">Lou Jeanmonnot<\/li>\n<li style=\"text-align: justify;\">Fabien Claude<\/li>\n<li style=\"text-align: justify;\">\u00c9ric Perrot<\/li>\n<\/ol>\n","protected":false},"excerpt":{"rendered":"<p>BIATHLON COUPE DU MONDE d&rsquo;OBERHOF 2024 &#8211; Le staff de l&rsquo;\u00e9quipe de France a d\u00e9voil\u00e9 la composition des Bleus pour le deuxi\u00e8me relais mixte de la saison.\u00a0<\/p>\n","protected":false},"author":1,"featured_media":545581,"comment_status":"open","ping_status":"closed","sticky":false,"template":"","format":"standard","meta":{"_acf_changed":false,"_daextam_enable_autolinks":"1","footnotes":""},"categories":[47040],"tags":[2427,16878,3258,13478],"class_list":["post-545547","post","type-post","status-publish","format-standard","has-post-thumbnail","hentry","category-coupe-du-monde-de-biathlon","tag-biathlon","tag-breve","tag-oberhof","tag-relais-mixte-oberhof"],"acf":[],"yoast_head":"<!-- This site is optimized with the Yoast SEO Premium plugin v26.7 (Yoast SEO v26.7) - https:\/\/yoast.com\/wordpress\/plugins\/seo\/ -->\n<title>Relais mixte Oberhof - La composition de la France<\/title>\n<meta name=\"description\" content=\"BIATHLON COUPE DU MONDE d&#039;OBERHOF 2024 - Le staff de l&#039;\u00e9quipe de France a d\u00e9voil\u00e9 la composition des Bleus pour le deuxi\u00e8me relais mixte de la saison.\u00a0\" \/>\n<meta name=\"robots\" content=\"index, follow, max-snippet:-1, max-image-preview:large, max-video-preview:-1\" \/>\n<link rel=\"canonical\" href=\"https:\/\/dicodusport.fr\/blog\/relais-mixte-oberhof-la-composition-de-la-france\/\" \/>\n<meta property=\"og:locale\" content=\"fr_FR\" \/>\n<meta property=\"og:type\" content=\"article\" \/>\n<meta property=\"og:title\" content=\"Relais mixte Oberhof - La composition de la France\" \/>\n<meta property=\"og:description\" content=\"BIATHLON COUPE DU MONDE d&#039;OBERHOF 2024 - Le staff de l&#039;\u00e9quipe de France a d\u00e9voil\u00e9 la composition des Bleus pour le deuxi\u00e8me relais mixte de la saison.\u00a0\" \/>\n<meta property=\"og:url\" content=\"https:\/\/dicodusport.fr\/blog\/relais-mixte-oberhof-la-composition-de-la-france\/\" \/>\n<meta property=\"og:site_name\" content=\"Dicodusport\" \/>\n<meta property=\"article:publisher\" content=\"https:\/\/www.facebook.com\/dicodusport\" \/>\n<meta property=\"article:author\" content=\"https:\/\/www.facebook.com\/dicodusport\" \/>\n<meta property=\"article:published_time\" content=\"2025-01-11T15:47:07+00:00\" \/>\n<meta property=\"article:modified_time\" content=\"2025-07-09T16:37:18+00:00\" \/>\n<meta property=\"og:image\" content=\"https:\/\/dicodusport.fr\/blog\/wp-content\/uploads\/2025\/01\/Relais-mixte-Oberhof-La-composition-de-la-France-1.png\" \/>\n\t<meta property=\"og:image:width\" content=\"1200\" \/>\n\t<meta property=\"og:image:height\" content=\"674\" \/>\n\t<meta property=\"og:image:type\" content=\"image\/png\" \/>\n<meta name=\"author\" content=\"Nicolas Jacquemard\" \/>\n<meta name=\"twitter:card\" content=\"summary_large_image\" \/>\n<meta name=\"twitter:title\" content=\"Relais mixte Oberhof - La composition de la France\" \/>\n<meta name=\"twitter:creator\" content=\"@https:\/\/twitter.com\/Nico_Jacquemard\" \/>\n<meta name=\"twitter:site\" content=\"@dicodusport\" \/>\n<script type=\"application\/ld+json\" class=\"yoast-schema-graph\">{\"@context\":\"https:\/\/schema.org\",\"@graph\":[{\"@type\":\"NewsArticle\",\"@id\":\"https:\/\/dicodusport.fr\/blog\/relais-mixte-oberhof-la-composition-de-la-france\/#article\",\"isPartOf\":{\"@id\":\"https:\/\/dicodusport.fr\/blog\/relais-mixte-oberhof-la-composition-de-la-france\/\"},\"author\":{\"name\":\"Nicolas Jacquemard\",\"@id\":\"https:\/\/dicodusport.fr\/blog\/#\/schema\/person\/55dcb50ad410894e431ed812bbb70191\"},\"headline\":\"Relais mixte Oberhof &#8211; La composition de la France\",\"datePublished\":\"2025-01-11T15:47:07+00:00\",\"dateModified\":\"2025-07-09T16:37:18+00:00\",\"mainEntityOfPage\":{\"@id\":\"https:\/\/dicodusport.fr\/blog\/relais-mixte-oberhof-la-composition-de-la-france\/\"},\"wordCount\":277,\"commentCount\":0,\"publisher\":{\"@id\":\"https:\/\/dicodusport.fr\/blog\/#organization\"},\"image\":{\"@id\":\"https:\/\/dicodusport.fr\/blog\/relais-mixte-oberhof-la-composition-de-la-france\/#primaryimage\"},\"thumbnailUrl\":\"https:\/\/dicodusport.fr\/blog\/wp-content\/uploads\/2025\/01\/Relais-mixte-Oberhof-La-composition-de-la-France-1.png\",\"keywords\":[\"Biathlon\",\"br\u00e8ve\",\"Oberhof\",\"Relais mixte Oberhof\"],\"articleSection\":[\"Coupe du monde de biathlon\"],\"inLanguage\":\"fr-FR\",\"potentialAction\":[{\"@type\":\"CommentAction\",\"name\":\"Comment\",\"target\":[\"https:\/\/dicodusport.fr\/blog\/relais-mixte-oberhof-la-composition-de-la-france\/#respond\"]}],\"copyrightYear\":\"2025\",\"copyrightHolder\":{\"@id\":\"https:\/\/dicodusport.fr\/blog\/#organization\"}},{\"@type\":\"WebPage\",\"@id\":\"https:\/\/dicodusport.fr\/blog\/relais-mixte-oberhof-la-composition-de-la-france\/\",\"url\":\"https:\/\/dicodusport.fr\/blog\/relais-mixte-oberhof-la-composition-de-la-france\/\",\"name\":\"Relais mixte Oberhof - La composition de la France\",\"isPartOf\":{\"@id\":\"https:\/\/dicodusport.fr\/blog\/#website\"},\"primaryImageOfPage\":{\"@id\":\"https:\/\/dicodusport.fr\/blog\/relais-mixte-oberhof-la-composition-de-la-france\/#primaryimage\"},\"image\":{\"@id\":\"https:\/\/dicodusport.fr\/blog\/relais-mixte-oberhof-la-composition-de-la-france\/#primaryimage\"},\"thumbnailUrl\":\"https:\/\/dicodusport.fr\/blog\/wp-content\/uploads\/2025\/01\/Relais-mixte-Oberhof-La-composition-de-la-France-1.png\",\"datePublished\":\"2025-01-11T15:47:07+00:00\",\"dateModified\":\"2025-07-09T16:37:18+00:00\",\"description\":\"BIATHLON COUPE DU MONDE d'OBERHOF 2024 - Le staff de l'\u00e9quipe de France a d\u00e9voil\u00e9 la composition des Bleus pour le deuxi\u00e8me relais mixte de la saison.\u00a0\",\"breadcrumb\":{\"@id\":\"https:\/\/dicodusport.fr\/blog\/relais-mixte-oberhof-la-composition-de-la-france\/#breadcrumb\"},\"inLanguage\":\"fr-FR\",\"potentialAction\":[{\"@type\":\"ReadAction\",\"target\":[\"https:\/\/dicodusport.fr\/blog\/relais-mixte-oberhof-la-composition-de-la-france\/\"]}]},{\"@type\":\"ImageObject\",\"inLanguage\":\"fr-FR\",\"@id\":\"https:\/\/dicodusport.fr\/blog\/relais-mixte-oberhof-la-composition-de-la-france\/#primaryimage\",\"url\":\"https:\/\/dicodusport.fr\/blog\/wp-content\/uploads\/2025\/01\/Relais-mixte-Oberhof-La-composition-de-la-France-1.png\",\"contentUrl\":\"https:\/\/dicodusport.fr\/blog\/wp-content\/uploads\/2025\/01\/Relais-mixte-Oberhof-La-composition-de-la-France-1.png\",\"width\":1200,\"height\":674,\"caption\":\"Relais mixte Oberhof - La composition de la France\"},{\"@type\":\"BreadcrumbList\",\"@id\":\"https:\/\/dicodusport.fr\/blog\/relais-mixte-oberhof-la-composition-de-la-france\/#breadcrumb\",\"itemListElement\":[{\"@type\":\"ListItem\",\"position\":1,\"name\":\"Accueil\",\"item\":\"https:\/\/dicodusport.fr\/blog\/\"},{\"@type\":\"ListItem\",\"position\":2,\"name\":\"Relais mixte Oberhof &#8211; La composition de la France\"}]},{\"@type\":\"WebSite\",\"@id\":\"https:\/\/dicodusport.fr\/blog\/#website\",\"url\":\"https:\/\/dicodusport.fr\/blog\/\",\"name\":\"Dicodusport\",\"description\":\"L&#039;encyclop\u00e9die de l&#039;actualit\u00e9 sportive\",\"publisher\":{\"@id\":\"https:\/\/dicodusport.fr\/blog\/#organization\"},\"potentialAction\":[{\"@type\":\"SearchAction\",\"target\":{\"@type\":\"EntryPoint\",\"urlTemplate\":\"https:\/\/dicodusport.fr\/blog\/?s={search_term_string}\"},\"query-input\":{\"@type\":\"PropertyValueSpecification\",\"valueRequired\":true,\"valueName\":\"search_term_string\"}}],\"inLanguage\":\"fr-FR\"},{\"@type\":\"NewsMediaOrganization\",\"@id\":\"https:\/\/dicodusport.fr\/blog\/#organization\",\"name\":\"Dicodusport\",\"url\":\"https:\/\/dicodusport.fr\/blog\/\",\"logo\":{\"@type\":\"ImageObject\",\"inLanguage\":\"fr-FR\",\"@id\":\"https:\/\/dicodusport.fr\/blog\/#\/schema\/logo\/image\/\",\"url\":\"https:\/\/dicodusport.fr\/blog\/wp-content\/uploads\/2020\/06\/cropped-LOGO-DICODUSPORT-2020-SANS-FOND-SANS-TEXTE.png\",\"contentUrl\":\"https:\/\/dicodusport.fr\/blog\/wp-content\/uploads\/2020\/06\/cropped-LOGO-DICODUSPORT-2020-SANS-FOND-SANS-TEXTE.png\",\"width\":512,\"height\":512,\"caption\":\"Dicodusport\"},\"image\":{\"@id\":\"https:\/\/dicodusport.fr\/blog\/#\/schema\/logo\/image\/\"},\"sameAs\":[\"https:\/\/www.facebook.com\/dicodusport\",\"https:\/\/x.com\/dicodusport\",\"https:\/\/www.instagram.com\/dicodusport\/\",\"https:\/\/www.youtube.com\/channel\/UC7V2KZ5sd3htJivAbA4ZG3w\"],\"description\":\"Dicodusport est l'encyclop\u00e9die de l'actualit\u00e9 sportive.\",\"email\":\"bonjour@dicodusport.fr\",\"legalName\":\"DICODUSPORT\",\"foundingDate\":\"2018-01-14\",\"vatID\":\"FR71834470973\",\"taxID\":\"83447097300043\",\"numberOfEmployees\":{\"@type\":\"QuantitativeValue\",\"minValue\":\"1\",\"maxValue\":\"10\"}},{\"@type\":\"Person\",\"@id\":\"https:\/\/dicodusport.fr\/blog\/#\/schema\/person\/55dcb50ad410894e431ed812bbb70191\",\"name\":\"Nicolas Jacquemard\",\"image\":{\"@type\":\"ImageObject\",\"inLanguage\":\"fr-FR\",\"@id\":\"https:\/\/dicodusport.fr\/blog\/#\/schema\/person\/image\/\",\"url\":\"https:\/\/dicodusport.fr\/blog\/wp-content\/uploads\/2021\/05\/Nicolas-Jacquemard-150x150.jpeg\",\"contentUrl\":\"https:\/\/dicodusport.fr\/blog\/wp-content\/uploads\/2021\/05\/Nicolas-Jacquemard-150x150.jpeg\",\"caption\":\"Nicolas Jacquemard\"},\"description\":\"Passionn\u00e9 de sport et entrepreneur depuis mes 18 ans, la cr\u00e9ation de Dicodusport m'a sembl\u00e9 \u00e9vidente pour participer \u00e0 la m\u00e9diatisation d'un plus grand nombre de sports. Le chemin est long mais avec une \u00e9quipe des plus motiv\u00e9es et les Jeux Olympiques de Paris 2024 en point de mire, nous y arriverons ! Journaliste dans le monde du sport depuis plus de 5 ans, je traite aussi bien de football, de rugby, de biathlon que de cyclisme.\",\"sameAs\":[\"https:\/\/www.facebook.com\/dicodusport\",\"https:\/\/x.com\/https:\/\/twitter.com\/Nico_Jacquemard\"],\"url\":\"https:\/\/dicodusport.fr\/blog\/author\/dicodusport\/\"}]}<\/script>\n<!-- \/ Yoast SEO Premium plugin. -->","yoast_head_json":{"title":"Relais mixte Oberhof - La composition de la France","description":"BIATHLON COUPE DU MONDE d'OBERHOF 2024 - Le staff de l'\u00e9quipe de France a d\u00e9voil\u00e9 la composition des Bleus pour le deuxi\u00e8me relais mixte de la saison.\u00a0","robots":{"index":"index","follow":"follow","max-snippet":"max-snippet:-1","max-image-preview":"max-image-preview:large","max-video-preview":"max-video-preview:-1"},"canonical":"https:\/\/dicodusport.fr\/blog\/relais-mixte-oberhof-la-composition-de-la-france\/","og_locale":"fr_FR","og_type":"article","og_title":"Relais mixte Oberhof - La composition de la France","og_description":"BIATHLON COUPE DU MONDE d'OBERHOF 2024 - Le staff de l'\u00e9quipe de France a d\u00e9voil\u00e9 la composition des Bleus pour le deuxi\u00e8me relais mixte de la saison.\u00a0","og_url":"https:\/\/dicodusport.fr\/blog\/relais-mixte-oberhof-la-composition-de-la-france\/","og_site_name":"Dicodusport","article_publisher":"https:\/\/www.facebook.com\/dicodusport","article_author":"https:\/\/www.facebook.com\/dicodusport","article_published_time":"2025-01-11T15:47:07+00:00","article_modified_time":"2025-07-09T16:37:18+00:00","og_image":[{"width":1200,"height":674,"url":"https:\/\/dicodusport.fr\/blog\/wp-content\/uploads\/2025\/01\/Relais-mixte-Oberhof-La-composition-de-la-France-1.png","type":"image\/png"}],"author":"Nicolas Jacquemard","twitter_card":"summary_large_image","twitter_title":"Relais mixte Oberhof - La composition de la France","twitter_creator":"@https:\/\/twitter.com\/Nico_Jacquemard","twitter_site":"@dicodusport","schema":{"@context":"https:\/\/schema.org","@graph":[{"@type":"NewsArticle","@id":"https:\/\/dicodusport.fr\/blog\/relais-mixte-oberhof-la-composition-de-la-france\/#article","isPartOf":{"@id":"https:\/\/dicodusport.fr\/blog\/relais-mixte-oberhof-la-composition-de-la-france\/"},"author":{"name":"Nicolas Jacquemard","@id":"https:\/\/dicodusport.fr\/blog\/#\/schema\/person\/55dcb50ad410894e431ed812bbb70191"},"headline":"Relais mixte Oberhof &#8211; La composition de la France","datePublished":"2025-01-11T15:47:07+00:00","dateModified":"2025-07-09T16:37:18+00:00","mainEntityOfPage":{"@id":"https:\/\/dicodusport.fr\/blog\/relais-mixte-oberhof-la-composition-de-la-france\/"},"wordCount":277,"commentCount":0,"publisher":{"@id":"https:\/\/dicodusport.fr\/blog\/#organization"},"image":{"@id":"https:\/\/dicodusport.fr\/blog\/relais-mixte-oberhof-la-composition-de-la-france\/#primaryimage"},"thumbnailUrl":"https:\/\/dicodusport.fr\/blog\/wp-content\/uploads\/2025\/01\/Relais-mixte-Oberhof-La-composition-de-la-France-1.png","keywords":["Biathlon","br\u00e8ve","Oberhof","Relais mixte Oberhof"],"articleSection":["Coupe du monde de biathlon"],"inLanguage":"fr-FR","potentialAction":[{"@type":"CommentAction","name":"Comment","target":["https:\/\/dicodusport.fr\/blog\/relais-mixte-oberhof-la-composition-de-la-france\/#respond"]}],"copyrightYear":"2025","copyrightHolder":{"@id":"https:\/\/dicodusport.fr\/blog\/#organization"}},{"@type":"WebPage","@id":"https:\/\/dicodusport.fr\/blog\/relais-mixte-oberhof-la-composition-de-la-france\/","url":"https:\/\/dicodusport.fr\/blog\/relais-mixte-oberhof-la-composition-de-la-france\/","name":"Relais mixte Oberhof - La composition de la France","isPartOf":{"@id":"https:\/\/dicodusport.fr\/blog\/#website"},"primaryImageOfPage":{"@id":"https:\/\/dicodusport.fr\/blog\/relais-mixte-oberhof-la-composition-de-la-france\/#primaryimage"},"image":{"@id":"https:\/\/dicodusport.fr\/blog\/relais-mixte-oberhof-la-composition-de-la-france\/#primaryimage"},"thumbnailUrl":"https:\/\/dicodusport.fr\/blog\/wp-content\/uploads\/2025\/01\/Relais-mixte-Oberhof-La-composition-de-la-France-1.png","datePublished":"2025-01-11T15:47:07+00:00","dateModified":"2025-07-09T16:37:18+00:00","description":"BIATHLON COUPE DU MONDE d'OBERHOF 2024 - Le staff de l'\u00e9quipe de France a d\u00e9voil\u00e9 la composition des Bleus pour le deuxi\u00e8me relais mixte de la saison.\u00a0","breadcrumb":{"@id":"https:\/\/dicodusport.fr\/blog\/relais-mixte-oberhof-la-composition-de-la-france\/#breadcrumb"},"inLanguage":"fr-FR","potentialAction":[{"@type":"ReadAction","target":["https:\/\/dicodusport.fr\/blog\/relais-mixte-oberhof-la-composition-de-la-france\/"]}]},{"@type":"ImageObject","inLanguage":"fr-FR","@id":"https:\/\/dicodusport.fr\/blog\/relais-mixte-oberhof-la-composition-de-la-france\/#primaryimage","url":"https:\/\/dicodusport.fr\/blog\/wp-content\/uploads\/2025\/01\/Relais-mixte-Oberhof-La-composition-de-la-France-1.png","contentUrl":"https:\/\/dicodusport.fr\/blog\/wp-content\/uploads\/2025\/01\/Relais-mixte-Oberhof-La-composition-de-la-France-1.png","width":1200,"height":674,"caption":"Relais mixte Oberhof - La composition de la France"},{"@type":"BreadcrumbList","@id":"https:\/\/dicodusport.fr\/blog\/relais-mixte-oberhof-la-composition-de-la-france\/#breadcrumb","itemListElement":[{"@type":"ListItem","position":1,"name":"Accueil","item":"https:\/\/dicodusport.fr\/blog\/"},{"@type":"ListItem","position":2,"name":"Relais mixte Oberhof &#8211; La composition de la France"}]},{"@type":"WebSite","@id":"https:\/\/dicodusport.fr\/blog\/#website","url":"https:\/\/dicodusport.fr\/blog\/","name":"Dicodusport","description":"L&#039;encyclop\u00e9die de l&#039;actualit\u00e9 sportive","publisher":{"@id":"https:\/\/dicodusport.fr\/blog\/#organization"},"potentialAction":[{"@type":"SearchAction","target":{"@type":"EntryPoint","urlTemplate":"https:\/\/dicodusport.fr\/blog\/?s={search_term_string}"},"query-input":{"@type":"PropertyValueSpecification","valueRequired":true,"valueName":"search_term_string"}}],"inLanguage":"fr-FR"},{"@type":"NewsMediaOrganization","@id":"https:\/\/dicodusport.fr\/blog\/#organization","name":"Dicodusport","url":"https:\/\/dicodusport.fr\/blog\/","logo":{"@type":"ImageObject","inLanguage":"fr-FR","@id":"https:\/\/dicodusport.fr\/blog\/#\/schema\/logo\/image\/","url":"https:\/\/dicodusport.fr\/blog\/wp-content\/uploads\/2020\/06\/cropped-LOGO-DICODUSPORT-2020-SANS-FOND-SANS-TEXTE.png","contentUrl":"https:\/\/dicodusport.fr\/blog\/wp-content\/uploads\/2020\/06\/cropped-LOGO-DICODUSPORT-2020-SANS-FOND-SANS-TEXTE.png","width":512,"height":512,"caption":"Dicodusport"},"image":{"@id":"https:\/\/dicodusport.fr\/blog\/#\/schema\/logo\/image\/"},"sameAs":["https:\/\/www.facebook.com\/dicodusport","https:\/\/x.com\/dicodusport","https:\/\/www.instagram.com\/dicodusport\/","https:\/\/www.youtube.com\/channel\/UC7V2KZ5sd3htJivAbA4ZG3w"],"description":"Dicodusport est l'encyclop\u00e9die de l'actualit\u00e9 sportive.","email":"bonjour@dicodusport.fr","legalName":"DICODUSPORT","foundingDate":"2018-01-14","vatID":"FR71834470973","taxID":"83447097300043","numberOfEmployees":{"@type":"QuantitativeValue","minValue":"1","maxValue":"10"}},{"@type":"Person","@id":"https:\/\/dicodusport.fr\/blog\/#\/schema\/person\/55dcb50ad410894e431ed812bbb70191","name":"Nicolas Jacquemard","image":{"@type":"ImageObject","inLanguage":"fr-FR","@id":"https:\/\/dicodusport.fr\/blog\/#\/schema\/person\/image\/","url":"https:\/\/dicodusport.fr\/blog\/wp-content\/uploads\/2021\/05\/Nicolas-Jacquemard-150x150.jpeg","contentUrl":"https:\/\/dicodusport.fr\/blog\/wp-content\/uploads\/2021\/05\/Nicolas-Jacquemard-150x150.jpeg","caption":"Nicolas Jacquemard"},"description":"Passionn\u00e9 de sport et entrepreneur depuis mes 18 ans, la cr\u00e9ation de Dicodusport m'a sembl\u00e9 \u00e9vidente pour participer \u00e0 la m\u00e9diatisation d'un plus grand nombre de sports. Le chemin est long mais avec une \u00e9quipe des plus motiv\u00e9es et les Jeux Olympiques de Paris 2024 en point de mire, nous y arriverons ! Journaliste dans le monde du sport depuis plus de 5 ans, je traite aussi bien de football, de rugby, de biathlon que de cyclisme.","sameAs":["https:\/\/www.facebook.com\/dicodusport","https:\/\/x.com\/https:\/\/twitter.com\/Nico_Jacquemard"],"url":"https:\/\/dicodusport.fr\/blog\/author\/dicodusport\/"}]}},"_links":{"self":[{"href":"https:\/\/dicodusport.fr\/blog\/wp-json\/wp\/v2\/posts\/545547","targetHints":{"allow":["GET"]}}],"collection":[{"href":"https:\/\/dicodusport.fr\/blog\/wp-json\/wp\/v2\/posts"}],"about":[{"href":"https:\/\/dicodusport.fr\/blog\/wp-json\/wp\/v2\/types\/post"}],"author":[{"embeddable":true,"href":"https:\/\/dicodusport.fr\/blog\/wp-json\/wp\/v2\/users\/1"}],"replies":[{"embeddable":true,"href":"https:\/\/dicodusport.fr\/blog\/wp-json\/wp\/v2\/comments?post=545547"}],"version-history":[{"count":6,"href":"https:\/\/dicodusport.fr\/blog\/wp-json\/wp\/v2\/posts\/545547\/revisions"}],"predecessor-version":[{"id":545624,"href":"https:\/\/dicodusport.fr\/blog\/wp-json\/wp\/v2\/posts\/545547\/revisions\/545624"}],"wp:featuredmedia":[{"embeddable":true,"href":"https:\/\/dicodusport.fr\/blog\/wp-json\/wp\/v2\/media\/545581"}],"wp:attachment":[{"href":"https:\/\/dicodusport.fr\/blog\/wp-json\/wp\/v2\/media?parent=545547"}],"wp:term":[{"taxonomy":"category","embeddable":true,"href":"https:\/\/dicodusport.fr\/blog\/wp-json\/wp\/v2\/categories?post=545547"},{"taxonomy":"post_tag","embeddable":true,"href":"https:\/\/dicodusport.fr\/blog\/wp-json\/wp\/v2\/tags?post=545547"}],"curies":[{"name":"wp","href":"https:\/\/api.w.org\/{rel}","templated":true}]}}