{"id":545605,"date":"2025-01-11T19:36:21","date_gmt":"2025-01-11T18:36:21","guid":{"rendered":"https:\/\/dicodusport.fr\/blog\/?p=545605&#038;preview=true&#038;preview_id=545605"},"modified":"2025-01-11T22:38:00","modified_gmt":"2025-01-11T21:38:00","slug":"handball-ligue-des-champions-f-brest-cartonne-face-au-rapid-bucarest","status":"publish","type":"post","link":"https:\/\/dicodusport.fr\/blog\/handball-ligue-des-champions-f-brest-cartonne-face-au-rapid-bucarest\/","title":{"rendered":"Handball Ligue des Champions (F) : Brest cartonne face au Rapid Bucarest"},"content":{"rendered":"<h4 style=\"text-align: justify;\"><em>LIGUE DES CHAMPIONS F\u00c9MININE 24\/25 &#8211; Pour la reprise de la comp\u00e9tition, les Brestoises ont largement domin\u00e9 le Rapid Bucarest, s&rsquo;offrant deux pr\u00e9cieux points (33-21, score final).<\/em><\/h4>\n<ul>\n<li style=\"text-align: justify;\"><strong>\u00c0 ce sujet \u2013\u00a0<a href=\"https:\/\/dicodusport.fr\/blog\/handball-ligue-des-champions-feminine-2024-2025-calendrier-et-resultats\/\">Handball Ligue des Champions f\u00e9minine 2024-2025 : Calendrier et r\u00e9sultats<\/a><\/strong><\/li>\n<\/ul>\n<p style=\"text-align: justify;\">Rapidement, la bonne d\u00e9fense brestoise, coupl\u00e9e \u00e0 plusieurs parades de <strong>Katarina Filter<\/strong>, qui quittera le <strong>BBH<\/strong> pour rejoindre <strong>Team Esbjerg<\/strong> la saison prochaine, va prendre les commandes de la partie. La gardienne allemande fait du bien dans les cages bretonnes, <strong>Floriane Andr\u00e9<\/strong> s\u2019\u00e9tant bless\u00e9e \u00e0 la cheville avant la rencontre. De l\u2019autre c\u00f4t\u00e9, <strong>Diana Ciuca<\/strong> fait tout son possible pour limiter les assauts bretons, pour le moment en vain. \u00c0 la pause, ce sont les locales qui prennent le large (<strong>15-9, 30\u2019<\/strong>).<\/p>\n<blockquote class=\"twitter-tweet\">\n<p dir=\"ltr\" lang=\"fr\">\ud835\ude48\ud835\ude44-\ud835\ude4f\ud835\ude40\ud835\ude48\ud835\ude4b\ud835\ude4e &#8211; \ud835\ude3d\ud835\ude3d\ud835\ude43 \/ \ud835\ude4d\ud835\ude3c\ud835\ude4b\ud835\ude44\ud835\ude3f \ud835\ude3d\ud835\ude50\ud835\ude3e\ud835\ude3c\ud835\ude4d\ud835\ude40\ud835\ude4e\ud835\ude4f<\/p>\n<p>C\u2019est la mi-temps pour cette 9\u00e8me journ\u00e9e d\u2019EHF ! \ud83d\udd25<br \/>\nNos Rebelles m\u00e8nent 15 \u00e0 9 contre les Roumaines !<\/p>\n<p>\ud835\udc13\ud835\udc0e\ud835\udc14\ud835\udc12 \ud835\udc04\ud835\udc0d\ud835\udc12\ud835\udc04\ud835\udc0c\ud835\udc01\ud835\udc0b\ud835\udc04 \ud83e\ude77<a href=\"https:\/\/twitter.com\/hashtag\/BBHBUCAREST?src=hash&amp;ref_src=twsrc%5Etfw\">#BBHBUCAREST<\/a> <a href=\"https:\/\/t.co\/DWn7C76GrV\">pic.twitter.com\/DWn7C76GrV<\/a><\/p>\n<p>\u2014 BBH officiel (@BBH_Officiel) <a href=\"https:\/\/twitter.com\/BBH_Officiel\/status\/1878135375077552409?ref_src=twsrc%5Etfw\">January 11, 2025<\/a><\/p><\/blockquote>\n<p><script async src=\"https:\/\/platform.twitter.com\/widgets.js\" charset=\"utf-8\"><\/script><\/p>\n<h2 style=\"text-align: justify;\">Le BBH r\u00e9gale son public<\/h2>\n<p style=\"text-align: justify;\">Au retour des vestiaires, les mont\u00e9es de balle rapides prennent de vitesse la d\u00e9fense roumaine, qui n\u2019a pas le temps de s\u2019organiser. Les locales en profitent pour passer un joli 3-1 en 2 minutes, preuve de leur domination. Les Roumaines ne trouvent pas la solution offensivement, tentant de nombreux tirs \u00e0 9 m\u00e8tres, que <strong>Filter<\/strong> stoppe facilement. Le <strong>BBH<\/strong> domine de la t\u00eate et des \u00e9paules, mais n\u2019oublie pas de r\u00e9galer son public \u00e0 l\u2019image de ce superbe kung-fu entre <strong>M\u00e9line Nocandy<\/strong> et <strong>Anna Vyakhireva<\/strong>. L\u2019internationale tricolore est en pleine forme pour son retour \u00e0 la comp\u00e9tition, apr\u00e8s trois mois sans jouer (<strong>20-10, 39\u2019<\/strong>).<\/p>\n<p style=\"text-align: justify;\">La rencontre commence \u00e0 tourner \u00e0 la correction. Dix minutes restantes \u00e0 jouer et les Brestoises comptent 12 buts d\u2019avance sur les septi\u00e8mes du groupe B. Les Roumaines s\u2019obstinent \u00e0 jouer avec deux pivots, mais les co\u00e9quipi\u00e8res de <strong>Pauline Coatanea<\/strong> r\u00e9cup\u00e8rent rapidement les ballons. Il ne leur reste plus qu\u2019\u00e0 marquer dans le but vide. La jeune porti\u00e8re du centre de formation, <strong>M\u00e9lina Cantin<\/strong>, fait m\u00eame son apparition, r\u00e9alisant sa premi\u00e8re parade en LDC. Devant de la t\u00eate et des \u00e9paules toute la rencontre, les Bretonnes n\u2019ont jamais \u00e9t\u00e9 inqui\u00e9t\u00e9es par les Roumaines (<strong>33-21, score final<\/strong>).<\/p>\n<p><strong>\u00a0<\/strong><\/p>\n","protected":false},"excerpt":{"rendered":"<p>LIGUE DES CHAMPIONS F\u00c9MININE 24\/25 &#8211; Pour la reprise de la comp\u00e9tition, les Brestoises ont largement domin\u00e9 le Rapid Bucarest, s&rsquo;offrant deux pr\u00e9cieux points (33-21, score final).<\/p>\n","protected":false},"author":93,"featured_media":545644,"comment_status":"open","ping_status":"closed","sticky":false,"template":"","format":"standard","meta":{"_acf_changed":false,"_daextam_enable_autolinks":"1","footnotes":""},"categories":[2304],"tags":[32415,10118,5460,16878,405,1328],"class_list":["post-545605","post","type-post","status-publish","format-standard","has-post-thumbnail","hentry","category-handball","tag-actu","tag-bbh","tag-brest","tag-breve","tag-handball","tag-ligue-des-champions-feminine"],"acf":[],"yoast_head":"<!-- This site is optimized with the Yoast SEO Premium plugin v26.7 (Yoast SEO v26.7) - https:\/\/yoast.com\/wordpress\/plugins\/seo\/ -->\n<title>Handball Ligue des Champions (F) : Brest cartonne face au Rapid Bucarest<\/title>\n<meta name=\"description\" content=\"LIGUE DES CHAMPIONS F\u00c9MININE 24\/25 - Pour la reprise de la comp\u00e9tition, les Brestoises ont largement domin\u00e9 le Rapid Bucarest.\" \/>\n<meta name=\"robots\" content=\"index, follow, max-snippet:-1, max-image-preview:large, max-video-preview:-1\" \/>\n<link rel=\"canonical\" href=\"https:\/\/dicodusport.fr\/blog\/handball-ligue-des-champions-f-brest-cartonne-face-au-rapid-bucarest\/\" \/>\n<meta property=\"og:locale\" content=\"fr_FR\" \/>\n<meta property=\"og:type\" content=\"article\" \/>\n<meta property=\"og:title\" content=\"Handball Ligue des Champions (F) : Brest cartonne face au Rapid Bucarest\" \/>\n<meta property=\"og:description\" content=\"LIGUE DES CHAMPIONS F\u00c9MININE 24\/25 - Pour la reprise de la comp\u00e9tition, les Brestoises ont largement domin\u00e9 le Rapid Bucarest.\" \/>\n<meta property=\"og:url\" content=\"https:\/\/dicodusport.fr\/blog\/handball-ligue-des-champions-f-brest-cartonne-face-au-rapid-bucarest\/\" \/>\n<meta property=\"og:site_name\" content=\"Dicodusport\" \/>\n<meta property=\"article:publisher\" content=\"https:\/\/www.facebook.com\/dicodusport\" \/>\n<meta property=\"article:published_time\" content=\"2025-01-11T18:36:21+00:00\" \/>\n<meta property=\"article:modified_time\" content=\"2025-01-11T21:38:00+00:00\" \/>\n<meta property=\"og:image\" content=\"https:\/\/dicodusport.fr\/blog\/wp-content\/uploads\/2025\/01\/Handball-Ligue-des-Champions-F-Brest-cartonne-face-au-Rapid-Bucarest.png\" \/>\n\t<meta property=\"og:image:width\" content=\"1200\" \/>\n\t<meta property=\"og:image:height\" content=\"674\" \/>\n\t<meta property=\"og:image:type\" content=\"image\/png\" \/>\n<meta name=\"author\" content=\"Th\u00e9o Alleaume\" \/>\n<meta name=\"twitter:card\" content=\"summary_large_image\" \/>\n<meta name=\"twitter:title\" content=\"Handball Ligue des Champions (F) : Brest cartonne face au Rapid Bucarest\" \/>\n<meta name=\"twitter:creator\" content=\"@dicodusport\" \/>\n<meta name=\"twitter:site\" content=\"@dicodusport\" \/>\n<script type=\"application\/ld+json\" class=\"yoast-schema-graph\">{\"@context\":\"https:\/\/schema.org\",\"@graph\":[{\"@type\":\"NewsArticle\",\"@id\":\"https:\/\/dicodusport.fr\/blog\/handball-ligue-des-champions-f-brest-cartonne-face-au-rapid-bucarest\/#article\",\"isPartOf\":{\"@id\":\"https:\/\/dicodusport.fr\/blog\/handball-ligue-des-champions-f-brest-cartonne-face-au-rapid-bucarest\/\"},\"author\":{\"name\":\"Th\u00e9o Alleaume\",\"@id\":\"https:\/\/dicodusport.fr\/blog\/#\/schema\/person\/dd5a6b44a2e07db91cdd73cfd7db2157\"},\"headline\":\"Handball Ligue des Champions (F) : Brest cartonne face au Rapid Bucarest\",\"datePublished\":\"2025-01-11T18:36:21+00:00\",\"dateModified\":\"2025-01-11T21:38:00+00:00\",\"mainEntityOfPage\":{\"@id\":\"https:\/\/dicodusport.fr\/blog\/handball-ligue-des-champions-f-brest-cartonne-face-au-rapid-bucarest\/\"},\"wordCount\":394,\"commentCount\":0,\"publisher\":{\"@id\":\"https:\/\/dicodusport.fr\/blog\/#organization\"},\"image\":{\"@id\":\"https:\/\/dicodusport.fr\/blog\/handball-ligue-des-champions-f-brest-cartonne-face-au-rapid-bucarest\/#primaryimage\"},\"thumbnailUrl\":\"https:\/\/dicodusport.fr\/blog\/wp-content\/uploads\/2025\/01\/Handball-Ligue-des-Champions-F-Brest-cartonne-face-au-Rapid-Bucarest.png\",\"keywords\":[\"actu\",\"BBH\",\"Brest\",\"br\u00e8ve\",\"Handball\",\"ligue des champions f\u00e9minine\"],\"articleSection\":[\"Handball\"],\"inLanguage\":\"fr-FR\",\"potentialAction\":[{\"@type\":\"CommentAction\",\"name\":\"Comment\",\"target\":[\"https:\/\/dicodusport.fr\/blog\/handball-ligue-des-champions-f-brest-cartonne-face-au-rapid-bucarest\/#respond\"]}],\"copyrightYear\":\"2025\",\"copyrightHolder\":{\"@id\":\"https:\/\/dicodusport.fr\/blog\/#organization\"}},{\"@type\":\"WebPage\",\"@id\":\"https:\/\/dicodusport.fr\/blog\/handball-ligue-des-champions-f-brest-cartonne-face-au-rapid-bucarest\/\",\"url\":\"https:\/\/dicodusport.fr\/blog\/handball-ligue-des-champions-f-brest-cartonne-face-au-rapid-bucarest\/\",\"name\":\"Handball Ligue des Champions (F) : Brest cartonne face au Rapid Bucarest\",\"isPartOf\":{\"@id\":\"https:\/\/dicodusport.fr\/blog\/#website\"},\"primaryImageOfPage\":{\"@id\":\"https:\/\/dicodusport.fr\/blog\/handball-ligue-des-champions-f-brest-cartonne-face-au-rapid-bucarest\/#primaryimage\"},\"image\":{\"@id\":\"https:\/\/dicodusport.fr\/blog\/handball-ligue-des-champions-f-brest-cartonne-face-au-rapid-bucarest\/#primaryimage\"},\"thumbnailUrl\":\"https:\/\/dicodusport.fr\/blog\/wp-content\/uploads\/2025\/01\/Handball-Ligue-des-Champions-F-Brest-cartonne-face-au-Rapid-Bucarest.png\",\"datePublished\":\"2025-01-11T18:36:21+00:00\",\"dateModified\":\"2025-01-11T21:38:00+00:00\",\"description\":\"LIGUE DES CHAMPIONS F\u00c9MININE 24\/25 - Pour la reprise de la comp\u00e9tition, les Brestoises ont largement domin\u00e9 le Rapid Bucarest.\",\"breadcrumb\":{\"@id\":\"https:\/\/dicodusport.fr\/blog\/handball-ligue-des-champions-f-brest-cartonne-face-au-rapid-bucarest\/#breadcrumb\"},\"inLanguage\":\"fr-FR\",\"potentialAction\":[{\"@type\":\"ReadAction\",\"target\":[\"https:\/\/dicodusport.fr\/blog\/handball-ligue-des-champions-f-brest-cartonne-face-au-rapid-bucarest\/\"]}]},{\"@type\":\"ImageObject\",\"inLanguage\":\"fr-FR\",\"@id\":\"https:\/\/dicodusport.fr\/blog\/handball-ligue-des-champions-f-brest-cartonne-face-au-rapid-bucarest\/#primaryimage\",\"url\":\"https:\/\/dicodusport.fr\/blog\/wp-content\/uploads\/2025\/01\/Handball-Ligue-des-Champions-F-Brest-cartonne-face-au-Rapid-Bucarest.png\",\"contentUrl\":\"https:\/\/dicodusport.fr\/blog\/wp-content\/uploads\/2025\/01\/Handball-Ligue-des-Champions-F-Brest-cartonne-face-au-Rapid-Bucarest.png\",\"width\":1200,\"height\":674,\"caption\":\"Handball Ligue des Champions (F) Brest cartonne face au Rapid Bucarest\"},{\"@type\":\"BreadcrumbList\",\"@id\":\"https:\/\/dicodusport.fr\/blog\/handball-ligue-des-champions-f-brest-cartonne-face-au-rapid-bucarest\/#breadcrumb\",\"itemListElement\":[{\"@type\":\"ListItem\",\"position\":1,\"name\":\"Accueil\",\"item\":\"https:\/\/dicodusport.fr\/blog\/\"},{\"@type\":\"ListItem\",\"position\":2,\"name\":\"Handball Ligue des Champions (F) : Brest cartonne face au Rapid Bucarest\"}]},{\"@type\":\"WebSite\",\"@id\":\"https:\/\/dicodusport.fr\/blog\/#website\",\"url\":\"https:\/\/dicodusport.fr\/blog\/\",\"name\":\"Dicodusport\",\"description\":\"L&#039;encyclop\u00e9die de l&#039;actualit\u00e9 sportive\",\"publisher\":{\"@id\":\"https:\/\/dicodusport.fr\/blog\/#organization\"},\"potentialAction\":[{\"@type\":\"SearchAction\",\"target\":{\"@type\":\"EntryPoint\",\"urlTemplate\":\"https:\/\/dicodusport.fr\/blog\/?s={search_term_string}\"},\"query-input\":{\"@type\":\"PropertyValueSpecification\",\"valueRequired\":true,\"valueName\":\"search_term_string\"}}],\"inLanguage\":\"fr-FR\"},{\"@type\":\"NewsMediaOrganization\",\"@id\":\"https:\/\/dicodusport.fr\/blog\/#organization\",\"name\":\"Dicodusport\",\"url\":\"https:\/\/dicodusport.fr\/blog\/\",\"logo\":{\"@type\":\"ImageObject\",\"inLanguage\":\"fr-FR\",\"@id\":\"https:\/\/dicodusport.fr\/blog\/#\/schema\/logo\/image\/\",\"url\":\"https:\/\/dicodusport.fr\/blog\/wp-content\/uploads\/2020\/06\/cropped-LOGO-DICODUSPORT-2020-SANS-FOND-SANS-TEXTE.png\",\"contentUrl\":\"https:\/\/dicodusport.fr\/blog\/wp-content\/uploads\/2020\/06\/cropped-LOGO-DICODUSPORT-2020-SANS-FOND-SANS-TEXTE.png\",\"width\":512,\"height\":512,\"caption\":\"Dicodusport\"},\"image\":{\"@id\":\"https:\/\/dicodusport.fr\/blog\/#\/schema\/logo\/image\/\"},\"sameAs\":[\"https:\/\/www.facebook.com\/dicodusport\",\"https:\/\/x.com\/dicodusport\",\"https:\/\/www.instagram.com\/dicodusport\/\",\"https:\/\/www.youtube.com\/channel\/UC7V2KZ5sd3htJivAbA4ZG3w\"],\"description\":\"Dicodusport est l'encyclop\u00e9die de l'actualit\u00e9 sportive.\",\"email\":\"bonjour@dicodusport.fr\",\"legalName\":\"DICODUSPORT\",\"foundingDate\":\"2018-01-14\",\"vatID\":\"FR71834470973\",\"taxID\":\"83447097300043\",\"numberOfEmployees\":{\"@type\":\"QuantitativeValue\",\"minValue\":\"1\",\"maxValue\":\"10\"}},{\"@type\":\"Person\",\"@id\":\"https:\/\/dicodusport.fr\/blog\/#\/schema\/person\/dd5a6b44a2e07db91cdd73cfd7db2157\",\"name\":\"Th\u00e9o Alleaume\",\"image\":{\"@type\":\"ImageObject\",\"inLanguage\":\"fr-FR\",\"@id\":\"https:\/\/dicodusport.fr\/blog\/#\/schema\/person\/image\/\",\"url\":\"https:\/\/dicodusport.fr\/blog\/wp-content\/uploads\/2025\/02\/Maillot-Dicodusport-Toto-150x150.png\",\"contentUrl\":\"https:\/\/dicodusport.fr\/blog\/wp-content\/uploads\/2025\/02\/Maillot-Dicodusport-Toto-150x150.png\",\"caption\":\"Th\u00e9o Alleaume\"},\"description\":\"Chabal, Harinordoquy, Lamerat, Landin, Omeyer, Sterbik et bien d'autres sont mes idoles. \u00c0 d\u00e9faut d'\u00eatre sportif professionnel, j'\u00e9cris sur ceux qui me font vibrer.\",\"url\":\"https:\/\/dicodusport.fr\/blog\/author\/theo-alleaume\/\"}]}<\/script>\n<!-- \/ Yoast SEO Premium plugin. -->","yoast_head_json":{"title":"Handball Ligue des Champions (F) : Brest cartonne face au Rapid Bucarest","description":"LIGUE DES CHAMPIONS F\u00c9MININE 24\/25 - Pour la reprise de la comp\u00e9tition, les Brestoises ont largement domin\u00e9 le Rapid Bucarest.","robots":{"index":"index","follow":"follow","max-snippet":"max-snippet:-1","max-image-preview":"max-image-preview:large","max-video-preview":"max-video-preview:-1"},"canonical":"https:\/\/dicodusport.fr\/blog\/handball-ligue-des-champions-f-brest-cartonne-face-au-rapid-bucarest\/","og_locale":"fr_FR","og_type":"article","og_title":"Handball Ligue des Champions (F) : Brest cartonne face au Rapid Bucarest","og_description":"LIGUE DES CHAMPIONS F\u00c9MININE 24\/25 - Pour la reprise de la comp\u00e9tition, les Brestoises ont largement domin\u00e9 le Rapid Bucarest.","og_url":"https:\/\/dicodusport.fr\/blog\/handball-ligue-des-champions-f-brest-cartonne-face-au-rapid-bucarest\/","og_site_name":"Dicodusport","article_publisher":"https:\/\/www.facebook.com\/dicodusport","article_published_time":"2025-01-11T18:36:21+00:00","article_modified_time":"2025-01-11T21:38:00+00:00","og_image":[{"width":1200,"height":674,"url":"https:\/\/dicodusport.fr\/blog\/wp-content\/uploads\/2025\/01\/Handball-Ligue-des-Champions-F-Brest-cartonne-face-au-Rapid-Bucarest.png","type":"image\/png"}],"author":"Th\u00e9o Alleaume","twitter_card":"summary_large_image","twitter_title":"Handball Ligue des Champions (F) : Brest cartonne face au Rapid Bucarest","twitter_creator":"@dicodusport","twitter_site":"@dicodusport","schema":{"@context":"https:\/\/schema.org","@graph":[{"@type":"NewsArticle","@id":"https:\/\/dicodusport.fr\/blog\/handball-ligue-des-champions-f-brest-cartonne-face-au-rapid-bucarest\/#article","isPartOf":{"@id":"https:\/\/dicodusport.fr\/blog\/handball-ligue-des-champions-f-brest-cartonne-face-au-rapid-bucarest\/"},"author":{"name":"Th\u00e9o Alleaume","@id":"https:\/\/dicodusport.fr\/blog\/#\/schema\/person\/dd5a6b44a2e07db91cdd73cfd7db2157"},"headline":"Handball Ligue des Champions (F) : Brest cartonne face au Rapid Bucarest","datePublished":"2025-01-11T18:36:21+00:00","dateModified":"2025-01-11T21:38:00+00:00","mainEntityOfPage":{"@id":"https:\/\/dicodusport.fr\/blog\/handball-ligue-des-champions-f-brest-cartonne-face-au-rapid-bucarest\/"},"wordCount":394,"commentCount":0,"publisher":{"@id":"https:\/\/dicodusport.fr\/blog\/#organization"},"image":{"@id":"https:\/\/dicodusport.fr\/blog\/handball-ligue-des-champions-f-brest-cartonne-face-au-rapid-bucarest\/#primaryimage"},"thumbnailUrl":"https:\/\/dicodusport.fr\/blog\/wp-content\/uploads\/2025\/01\/Handball-Ligue-des-Champions-F-Brest-cartonne-face-au-Rapid-Bucarest.png","keywords":["actu","BBH","Brest","br\u00e8ve","Handball","ligue des champions f\u00e9minine"],"articleSection":["Handball"],"inLanguage":"fr-FR","potentialAction":[{"@type":"CommentAction","name":"Comment","target":["https:\/\/dicodusport.fr\/blog\/handball-ligue-des-champions-f-brest-cartonne-face-au-rapid-bucarest\/#respond"]}],"copyrightYear":"2025","copyrightHolder":{"@id":"https:\/\/dicodusport.fr\/blog\/#organization"}},{"@type":"WebPage","@id":"https:\/\/dicodusport.fr\/blog\/handball-ligue-des-champions-f-brest-cartonne-face-au-rapid-bucarest\/","url":"https:\/\/dicodusport.fr\/blog\/handball-ligue-des-champions-f-brest-cartonne-face-au-rapid-bucarest\/","name":"Handball Ligue des Champions (F) : Brest cartonne face au Rapid Bucarest","isPartOf":{"@id":"https:\/\/dicodusport.fr\/blog\/#website"},"primaryImageOfPage":{"@id":"https:\/\/dicodusport.fr\/blog\/handball-ligue-des-champions-f-brest-cartonne-face-au-rapid-bucarest\/#primaryimage"},"image":{"@id":"https:\/\/dicodusport.fr\/blog\/handball-ligue-des-champions-f-brest-cartonne-face-au-rapid-bucarest\/#primaryimage"},"thumbnailUrl":"https:\/\/dicodusport.fr\/blog\/wp-content\/uploads\/2025\/01\/Handball-Ligue-des-Champions-F-Brest-cartonne-face-au-Rapid-Bucarest.png","datePublished":"2025-01-11T18:36:21+00:00","dateModified":"2025-01-11T21:38:00+00:00","description":"LIGUE DES CHAMPIONS F\u00c9MININE 24\/25 - Pour la reprise de la comp\u00e9tition, les Brestoises ont largement domin\u00e9 le Rapid Bucarest.","breadcrumb":{"@id":"https:\/\/dicodusport.fr\/blog\/handball-ligue-des-champions-f-brest-cartonne-face-au-rapid-bucarest\/#breadcrumb"},"inLanguage":"fr-FR","potentialAction":[{"@type":"ReadAction","target":["https:\/\/dicodusport.fr\/blog\/handball-ligue-des-champions-f-brest-cartonne-face-au-rapid-bucarest\/"]}]},{"@type":"ImageObject","inLanguage":"fr-FR","@id":"https:\/\/dicodusport.fr\/blog\/handball-ligue-des-champions-f-brest-cartonne-face-au-rapid-bucarest\/#primaryimage","url":"https:\/\/dicodusport.fr\/blog\/wp-content\/uploads\/2025\/01\/Handball-Ligue-des-Champions-F-Brest-cartonne-face-au-Rapid-Bucarest.png","contentUrl":"https:\/\/dicodusport.fr\/blog\/wp-content\/uploads\/2025\/01\/Handball-Ligue-des-Champions-F-Brest-cartonne-face-au-Rapid-Bucarest.png","width":1200,"height":674,"caption":"Handball Ligue des Champions (F) Brest cartonne face au Rapid Bucarest"},{"@type":"BreadcrumbList","@id":"https:\/\/dicodusport.fr\/blog\/handball-ligue-des-champions-f-brest-cartonne-face-au-rapid-bucarest\/#breadcrumb","itemListElement":[{"@type":"ListItem","position":1,"name":"Accueil","item":"https:\/\/dicodusport.fr\/blog\/"},{"@type":"ListItem","position":2,"name":"Handball Ligue des Champions (F) : Brest cartonne face au Rapid Bucarest"}]},{"@type":"WebSite","@id":"https:\/\/dicodusport.fr\/blog\/#website","url":"https:\/\/dicodusport.fr\/blog\/","name":"Dicodusport","description":"L&#039;encyclop\u00e9die de l&#039;actualit\u00e9 sportive","publisher":{"@id":"https:\/\/dicodusport.fr\/blog\/#organization"},"potentialAction":[{"@type":"SearchAction","target":{"@type":"EntryPoint","urlTemplate":"https:\/\/dicodusport.fr\/blog\/?s={search_term_string}"},"query-input":{"@type":"PropertyValueSpecification","valueRequired":true,"valueName":"search_term_string"}}],"inLanguage":"fr-FR"},{"@type":"NewsMediaOrganization","@id":"https:\/\/dicodusport.fr\/blog\/#organization","name":"Dicodusport","url":"https:\/\/dicodusport.fr\/blog\/","logo":{"@type":"ImageObject","inLanguage":"fr-FR","@id":"https:\/\/dicodusport.fr\/blog\/#\/schema\/logo\/image\/","url":"https:\/\/dicodusport.fr\/blog\/wp-content\/uploads\/2020\/06\/cropped-LOGO-DICODUSPORT-2020-SANS-FOND-SANS-TEXTE.png","contentUrl":"https:\/\/dicodusport.fr\/blog\/wp-content\/uploads\/2020\/06\/cropped-LOGO-DICODUSPORT-2020-SANS-FOND-SANS-TEXTE.png","width":512,"height":512,"caption":"Dicodusport"},"image":{"@id":"https:\/\/dicodusport.fr\/blog\/#\/schema\/logo\/image\/"},"sameAs":["https:\/\/www.facebook.com\/dicodusport","https:\/\/x.com\/dicodusport","https:\/\/www.instagram.com\/dicodusport\/","https:\/\/www.youtube.com\/channel\/UC7V2KZ5sd3htJivAbA4ZG3w"],"description":"Dicodusport est l'encyclop\u00e9die de l'actualit\u00e9 sportive.","email":"bonjour@dicodusport.fr","legalName":"DICODUSPORT","foundingDate":"2018-01-14","vatID":"FR71834470973","taxID":"83447097300043","numberOfEmployees":{"@type":"QuantitativeValue","minValue":"1","maxValue":"10"}},{"@type":"Person","@id":"https:\/\/dicodusport.fr\/blog\/#\/schema\/person\/dd5a6b44a2e07db91cdd73cfd7db2157","name":"Th\u00e9o Alleaume","image":{"@type":"ImageObject","inLanguage":"fr-FR","@id":"https:\/\/dicodusport.fr\/blog\/#\/schema\/person\/image\/","url":"https:\/\/dicodusport.fr\/blog\/wp-content\/uploads\/2025\/02\/Maillot-Dicodusport-Toto-150x150.png","contentUrl":"https:\/\/dicodusport.fr\/blog\/wp-content\/uploads\/2025\/02\/Maillot-Dicodusport-Toto-150x150.png","caption":"Th\u00e9o Alleaume"},"description":"Chabal, Harinordoquy, Lamerat, Landin, Omeyer, Sterbik et bien d'autres sont mes idoles. \u00c0 d\u00e9faut d'\u00eatre sportif professionnel, j'\u00e9cris sur ceux qui me font vibrer.","url":"https:\/\/dicodusport.fr\/blog\/author\/theo-alleaume\/"}]}},"_links":{"self":[{"href":"https:\/\/dicodusport.fr\/blog\/wp-json\/wp\/v2\/posts\/545605","targetHints":{"allow":["GET"]}}],"collection":[{"href":"https:\/\/dicodusport.fr\/blog\/wp-json\/wp\/v2\/posts"}],"about":[{"href":"https:\/\/dicodusport.fr\/blog\/wp-json\/wp\/v2\/types\/post"}],"author":[{"embeddable":true,"href":"https:\/\/dicodusport.fr\/blog\/wp-json\/wp\/v2\/users\/93"}],"replies":[{"embeddable":true,"href":"https:\/\/dicodusport.fr\/blog\/wp-json\/wp\/v2\/comments?post=545605"}],"version-history":[{"count":5,"href":"https:\/\/dicodusport.fr\/blog\/wp-json\/wp\/v2\/posts\/545605\/revisions"}],"predecessor-version":[{"id":545707,"href":"https:\/\/dicodusport.fr\/blog\/wp-json\/wp\/v2\/posts\/545605\/revisions\/545707"}],"wp:featuredmedia":[{"embeddable":true,"href":"https:\/\/dicodusport.fr\/blog\/wp-json\/wp\/v2\/media\/545644"}],"wp:attachment":[{"href":"https:\/\/dicodusport.fr\/blog\/wp-json\/wp\/v2\/media?parent=545605"}],"wp:term":[{"taxonomy":"category","embeddable":true,"href":"https:\/\/dicodusport.fr\/blog\/wp-json\/wp\/v2\/categories?post=545605"},{"taxonomy":"post_tag","embeddable":true,"href":"https:\/\/dicodusport.fr\/blog\/wp-json\/wp\/v2\/tags?post=545605"}],"curies":[{"name":"wp","href":"https:\/\/api.w.org\/{rel}","templated":true}]}}