{"id":545792,"date":"2025-01-12T14:31:40","date_gmt":"2025-01-12T13:31:40","guid":{"rendered":"https:\/\/dicodusport.fr\/blog\/?p=545792&#038;preview=true&#038;preview_id=545792"},"modified":"2025-01-12T17:10:27","modified_gmt":"2025-01-12T16:10:27","slug":"geant-hommes-adelboden-2025-marco-odermatt-soffre-une-quatrieme-victoire-de-rang-a-domicile","status":"publish","type":"post","link":"https:\/\/dicodusport.fr\/blog\/geant-hommes-adelboden-2025-marco-odermatt-soffre-une-quatrieme-victoire-de-rang-a-domicile\/","title":{"rendered":"G\u00e9ant hommes Adelboden 2025 : Marco Odermatt s&rsquo;offre une quatri\u00e8me victoire de rang \u00e0 domicile"},"content":{"rendered":"<h4 style=\"text-align: justify;\"><i>COUPE DU MONDE DE SKI ALPIN 202<\/i><i>4<\/i><i>-2025 &#8211; Marco Odermatt est d\u00e9finitivement le roi d&rsquo;Adelboden. Le Suisse a remport\u00e9 le G\u00e9ant pour la quatri\u00e8me de fois de rang en repoussant son compatriote Lo\u00efc Meillard \u00e0 deux dixi\u00e8mes. Auteur du chrono r\u00e9f\u00e9rence en deuxi\u00e8me manche, l&rsquo;Italien Luca De Aliprandini profite des d\u00e9faillance des Norv\u00e9giens pour signer un podium inattendu.<\/i><\/h4>\n<ul style=\"text-align: justify;\">\n<li style=\"text-align: justify;\"><strong>\u00c0 lire aussi &#8211; <a href=\"https:\/\/dicodusport.fr\/blog\/classement-geant-hommes-adelboden-2025\/\">Le classement du G\u00e9ant hommes Adelboden<\/a><\/strong><\/li>\n<\/ul>\n<p style=\"text-align: justify;\">Au lendemain d&rsquo;un slalom o\u00f9 la Marseillaise a r\u00e9sonn\u00e9 suite \u00e0 la <a href=\"https:\/\/dicodusport.fr\/blog\/slalom-hommes-adelboden-2025-la-13eme-victoire-de-clement-noel-en-coupe-du-monde\/\">victoire de Cl\u00e9ment No\u00ebl<\/a>, place au <strong>G\u00e9ant d&rsquo;Adelboden<\/strong>. Sur l&rsquo;une des pistes\u00a0 les plus difficiles du calendrier, les sp\u00e9cialistes avaient l&rsquo;opportunit\u00e9 de s&rsquo;en donner \u00e0 c\u0153ur joie. De retour sur la plus haute marche <a href=\"https:\/\/dicodusport.fr\/blog\/classement-geant-hommes-alta-badia-2024\/\">il y a trois semaines \u00e0 Alta Badia<\/a>, <strong>Marco Odermatt<\/strong> comptait bien faire la passe de deux, mais devait se m\u00e9fier des colonies norv\u00e9giennes et fran\u00e7aises, tr\u00e8s en vue lors du dernier G\u00e9ant en date.<\/p>\n<ul>\n<li style=\"text-align: justify;\"><strong>\u00c0 lire aussi &#8211; <a href=\"https:\/\/dicodusport.fr\/blog\/calendrier-et-resultats-coupe-du-monde-ski-alpin-2024-2025\/\">Calendrier et r\u00e9sultats Coupe du monde Ski alpin 2024-2025<\/a><\/strong><\/li>\n<\/ul>\n<h2 style=\"text-align: justify;\">De Aliprandini, la bonne surprise<\/h2>\n<p style=\"text-align: justify;\">Mais c&rsquo;est bien l&rsquo;un de ses compatriotes qui va frapper fort dans la premi\u00e8re manche. Dossard 1 sur le dos, <strong>Lo\u00efc Meillard<\/strong> va s&#8217;emparer de la t\u00eate en r\u00e9alisant une descente propre en 1:15.15, malgr\u00e9 un secteur moins ma\u00eetris\u00e9. Mal parti sur le haut de la piste, <strong>Marco Odermatt<\/strong> ne peut pas lutter, et va \u00e9chouer \u00e0 34 centi\u00e8mes. Au fil des skieurs, le chrono de Meillard va s&rsquo;imposer comme la r\u00e9f\u00e9rence puisqu&rsquo;ils sont nombreux \u00e0 s&rsquo;en approcher, sans le surpasser. En cons\u00e9quence, les \u00e9carts sont extr\u00eamement resserr\u00e9s dans le haut du classement. En dehors des deux Suisses, <strong>Henrik Kristoffersen <\/strong>(+0.27) et <strong>Atle Lie McGrath<\/strong> (+0.35) sont \u00e9galement positionn\u00e9s sous la demi-seconde, promettant une lutte totalement ind\u00e9cise pour la victoire. Dans un second wagon, <strong>Thomas Tumler<\/strong> (+0.63) ou encore <strong>Zan Kjajnec<\/strong> (+0.98) restent en embuscade.<\/p>\n<p style=\"text-align: justify;\">Les \u00e9carts \u00e9tant cons\u00e9quents en premi\u00e8re manche (plus de 3 secondes entre 1er et 30e), il faudra patienter jusqu&rsquo;\u00e0 l&rsquo;arriv\u00e9e de <strong>Luca De Aliprandini<\/strong> pour que le suspense commence \u00e0 monter. 12e de la premi\u00e8re manche, l&rsquo;Italien va placer la barre tr\u00e8s haute en cartonnant tous les temps effectu\u00e9s jusque-l\u00e0. Cela va se confirmer puisque ses adversaires vont d\u00e9filer, sans m\u00eame ne serait-ce que s&rsquo;approcher de son temps r\u00e9f\u00e9rence (2:28.24). <strong>Filip Zubicic<\/strong>, <strong>Timon Haugan<\/strong> ou encore Joan Verdu <strong>passent derri\u00e8re<\/strong>. Place alors au quatuor final attendu, aux allures de duel Suisse-Norv\u00e8ge. Un duel qui va conna\u00eetre un tournant inattendu puisque les deux Norv\u00e9giens, Atle Lie McGrath et Henrik Kristoffersen, partent \u00e0 la faute, et doivent abandonner !<\/p>\n<h2>Marco Odermatt r\u00e8gle Meillard au bout du suspense<\/h2>\n<p style=\"text-align: justify;\">Un v\u00e9ritable coup de tonnerre qui permet \u00e0 <strong>De Aliprandi<\/strong> de compl\u00e9ter une remont\u00e9e folle jusqu&rsquo;\u00e0 la <strong>3e place<\/strong>, pour signer seulement son deuxi\u00e8me podium en carri\u00e8re en coupe du monde, plus de trois ans apr\u00e8s le premier (slalom Alta Badia 2021). Pour la victoire en revanche, les Suisses \u00e9taient trop forts \u00e0 domicile. Premier \u00e0 partir avec 35 centi\u00e8mes de retard sur <strong>Lo\u00efc Meillard<\/strong>, <strong>Marco Odermatt<\/strong> va d\u00e9ployer une vitesse impressionnante, mais effectue deux petites erreurs lui co\u00fbtant un temps pr\u00e9cieux. Cela sera finalement suffisant pour \u00e9carter De Aliprandini, mais \u00e9galement Meillard. \u00c0 la lutte, ce dernier va \u00e9chouer \u00e0 seulement deux dixi\u00e8mes de son compatriote, qui assume encore une fois son statut de roi d&rsquo;Adelboden. Pour la quatri\u00e8me fois d&rsquo;affil\u00e9e, Marco Odermatt rafle le G\u00e9ant d&rsquo;Adelboden.<\/p>\n<ul style=\"text-align: justify;\">\n<li style=\"text-align: justify;\"><strong>\u00c0 ce sujet &#8211;\u00a0<a href=\"https:\/\/dicodusport.fr\/blog\/coupe-du-monde-ski-alpin-classement-general-gros-globe-hommes\/\">Coupe du monde Ski alpin \u2013 Classement g\u00e9n\u00e9ral gros globe hommes<\/a><\/strong><\/li>\n<\/ul>\n<blockquote class=\"twitter-tweet\">\n<p dir=\"ltr\" lang=\"en\">4 IN A ROW! MARCO ODERMATT WINS AGAIN THE GIANT SLALOM IN ADELBODEN \ud83c\udfc6\ud83c\udde8\ud83c\udded<\/p>\n<p>ODI-BODEN \ud83d\udc7d<a href=\"https:\/\/twitter.com\/hashtag\/fisalpine?src=hash&amp;ref_src=twsrc%5Etfw\">#fisalpine<\/a> <a href=\"https:\/\/twitter.com\/hashtag\/wintersport?src=hash&amp;ref_src=twsrc%5Etfw\">#wintersport<\/a> <a href=\"https:\/\/twitter.com\/hashtag\/worldcupadelboden?src=hash&amp;ref_src=twsrc%5Etfw\">#worldcupadelboden<\/a> <a href=\"https:\/\/t.co\/QYQtGhdANR\">pic.twitter.com\/QYQtGhdANR<\/a><\/p>\n<p>\u2014 FIS Alpine (@fisalpine) <a href=\"https:\/\/twitter.com\/fisalpine\/status\/1878433954337837549?ref_src=twsrc%5Etfw\">January 12, 2025<\/a><\/p><\/blockquote>\n<p><script async src=\"https:\/\/platform.twitter.com\/widgets.js\" charset=\"utf-8\"><\/script><\/p>\n<h2>Favre et Pinturault dans le Top 15<\/h2>\n<p style=\"text-align: justify;\">C\u00f4t\u00e9 Fran\u00e7ais, <strong>Alexis Pinturault<\/strong> (14e, +1.60), <strong>Thibaut Favrot<\/strong> (17e, +1.99) ont assur\u00e9 leur place en seconde manche discr\u00e8tement. Ce qui n&rsquo;est pas le cas de <strong>L\u00e9o Anguenot<\/strong>. En pleine bourre apr\u00e8s son premier podium en carri\u00e8re \u00e0 Alta Badia, le Tricolore affichait un rythme impressionnant, le positionnant juste derri\u00e8re le quatuor fort. Mais une erreur \u00e0 l&rsquo;entr\u00e9e du mur final va le contraindre \u00e0 l&rsquo;abandon. Un malheur v\u00e9cu aussi par <strong>Diego Orecchioni<\/strong>, qui avait alors le rythme pour jouer le Top 30. De son c\u00f4t\u00e9, <strong>Loevan Parand<\/strong> \u00e9choue \u00e0 seulement 35 centi\u00e8mes du cut (33e).<\/p>\n<p style=\"text-align: justify;\">Lors du second run, <strong>Thibaut Favrot<\/strong> a \u00e9t\u00e9 le premier tricolore \u00e0 s&rsquo;\u00e9lancer, livrant un trac\u00e9 propre. Seul River Radamus est parvenu \u00e0 le d\u00e9passer de l&rsquo;arri\u00e8re, ce qui lui offre au final une belle <strong>13e place<\/strong>, et un bond de 4 positions par rapport au premier run. Puis, <strong>Alexis Pinturault<\/strong> s&rsquo;est lui \u00e9lanc\u00e9 quelques minutes plus tard. Encore en manque de confiance, il ne va pas prendre de risques en livrant une descente assur\u00e9e, ce qui va lui co\u00fbter la possibilit\u00e9 de viser un Top 10. Il termine, pour neuf centi\u00e8mes, meilleur tricolore de ce G\u00e9ant en prenant la <strong>12e place<\/strong>.<\/p>\n","protected":false},"excerpt":{"rendered":"<p>COUPE DU MONDE DE SKI ALPIN 2024-2025 &#8211; Marco Odermatt est d\u00e9finitivement le roi d&rsquo;Adelboden. Le Suisse a remport\u00e9 le G\u00e9ant pour la quatri\u00e8me de fois de rang en repoussant son compatriote Lo\u00efc Meillard \u00e0 deux dixi\u00e8mes. Auteur du chrono r\u00e9f\u00e9rence en deuxi\u00e8me manche, l&rsquo;Italien Luca De Aliprandini profite des d\u00e9faillance des Norv\u00e9giens pour signer un podium inattendu.<\/p>\n","protected":false},"author":55,"featured_media":545993,"comment_status":"open","ping_status":"closed","sticky":false,"template":"","format":"standard","meta":{"_acf_changed":false,"_daextam_enable_autolinks":"1","footnotes":""},"categories":[47084],"tags":[16878,13446,15042,2233,24],"class_list":["post-545792","post","type-post","status-publish","format-standard","has-post-thumbnail","hentry","category-coupe-du-monde-ski-alpin","tag-breve","tag-geant-adelboden","tag-marco-odermatt","tag-ski-alpin","tag-sport"],"acf":[],"yoast_head":"<!-- This site is optimized with the Yoast SEO Premium plugin v26.7 (Yoast SEO v26.7) - https:\/\/yoast.com\/wordpress\/plugins\/seo\/ -->\n<title>G\u00e9ant hommes Adelboden 2025 : Marco Odermatt s&#039;offre une quatri\u00e8me victoire de rang \u00e0 domicile<\/title>\n<meta name=\"description\" content=\"COUPE DU MONDE DE SKI ALPIN 2024-2025 - Marco Odermatt a remport\u00e9 la victoire sur le G\u00e9ant d&#039;Adelboden pour la quatri\u00e8me fois d&#039;affil\u00e9e.\" \/>\n<meta name=\"robots\" content=\"index, follow, max-snippet:-1, max-image-preview:large, max-video-preview:-1\" \/>\n<link rel=\"canonical\" href=\"https:\/\/dicodusport.fr\/blog\/geant-hommes-adelboden-2025-marco-odermatt-soffre-une-quatrieme-victoire-de-rang-a-domicile\/\" \/>\n<meta property=\"og:locale\" content=\"fr_FR\" \/>\n<meta property=\"og:type\" content=\"article\" \/>\n<meta property=\"og:title\" content=\"G\u00e9ant hommes Adelboden 2025 : Marco Odermatt s&#039;offre une quatri\u00e8me victoire de rang \u00e0 domicile\" \/>\n<meta property=\"og:description\" content=\"COUPE DU MONDE DE SKI ALPIN 2024-2025 - Marco Odermatt a remport\u00e9 la victoire sur le G\u00e9ant d&#039;Adelboden pour la quatri\u00e8me fois d&#039;affil\u00e9e.\" \/>\n<meta property=\"og:url\" content=\"https:\/\/dicodusport.fr\/blog\/geant-hommes-adelboden-2025-marco-odermatt-soffre-une-quatrieme-victoire-de-rang-a-domicile\/\" \/>\n<meta property=\"og:site_name\" content=\"Dicodusport\" \/>\n<meta property=\"article:publisher\" content=\"https:\/\/www.facebook.com\/dicodusport\" \/>\n<meta property=\"article:published_time\" content=\"2025-01-12T13:31:40+00:00\" \/>\n<meta property=\"article:modified_time\" content=\"2025-01-12T16:10:27+00:00\" \/>\n<meta property=\"og:image\" content=\"https:\/\/dicodusport.fr\/blog\/wp-content\/uploads\/2025\/01\/Geant-hommes-Adelboden-2025-Marco-Odermatt-soffre-une-quatrieme-victoire-de-rang-a-domicile-1.png\" \/>\n\t<meta property=\"og:image:width\" content=\"1200\" \/>\n\t<meta property=\"og:image:height\" content=\"674\" \/>\n\t<meta property=\"og:image:type\" content=\"image\/png\" \/>\n<meta name=\"author\" content=\"Maxime Cazenave\" \/>\n<meta name=\"twitter:card\" content=\"summary_large_image\" \/>\n<meta name=\"twitter:title\" content=\"G\u00e9ant hommes Adelboden 2025 : Marco Odermatt s&#039;offre une quatri\u00e8me victoire de rang \u00e0 domicile\" \/>\n<meta name=\"twitter:creator\" content=\"@https:\/\/twitter.com\/Maxime_Caze\" \/>\n<meta name=\"twitter:site\" content=\"@dicodusport\" \/>\n<script type=\"application\/ld+json\" class=\"yoast-schema-graph\">{\"@context\":\"https:\/\/schema.org\",\"@graph\":[{\"@type\":\"NewsArticle\",\"@id\":\"https:\/\/dicodusport.fr\/blog\/geant-hommes-adelboden-2025-marco-odermatt-soffre-une-quatrieme-victoire-de-rang-a-domicile\/#article\",\"isPartOf\":{\"@id\":\"https:\/\/dicodusport.fr\/blog\/geant-hommes-adelboden-2025-marco-odermatt-soffre-une-quatrieme-victoire-de-rang-a-domicile\/\"},\"author\":{\"name\":\"Maxime Cazenave\",\"@id\":\"https:\/\/dicodusport.fr\/blog\/#\/schema\/person\/37def232098a7a5cbab3974a3690abb0\"},\"headline\":\"G\u00e9ant hommes Adelboden 2025 : Marco Odermatt s&rsquo;offre une quatri\u00e8me victoire de rang \u00e0 domicile\",\"datePublished\":\"2025-01-12T13:31:40+00:00\",\"dateModified\":\"2025-01-12T16:10:27+00:00\",\"mainEntityOfPage\":{\"@id\":\"https:\/\/dicodusport.fr\/blog\/geant-hommes-adelboden-2025-marco-odermatt-soffre-une-quatrieme-victoire-de-rang-a-domicile\/\"},\"wordCount\":881,\"commentCount\":0,\"publisher\":{\"@id\":\"https:\/\/dicodusport.fr\/blog\/#organization\"},\"image\":{\"@id\":\"https:\/\/dicodusport.fr\/blog\/geant-hommes-adelboden-2025-marco-odermatt-soffre-une-quatrieme-victoire-de-rang-a-domicile\/#primaryimage\"},\"thumbnailUrl\":\"https:\/\/dicodusport.fr\/blog\/wp-content\/uploads\/2025\/01\/Geant-hommes-Adelboden-2025-Marco-Odermatt-soffre-une-quatrieme-victoire-de-rang-a-domicile-1.png\",\"keywords\":[\"br\u00e8ve\",\"G\u00e9ant Adelboden\",\"Marco Odermatt\",\"Ski alpin\",\"sport\"],\"articleSection\":[\"Coupe du monde de ski alpin\"],\"inLanguage\":\"fr-FR\",\"potentialAction\":[{\"@type\":\"CommentAction\",\"name\":\"Comment\",\"target\":[\"https:\/\/dicodusport.fr\/blog\/geant-hommes-adelboden-2025-marco-odermatt-soffre-une-quatrieme-victoire-de-rang-a-domicile\/#respond\"]}],\"copyrightYear\":\"2025\",\"copyrightHolder\":{\"@id\":\"https:\/\/dicodusport.fr\/blog\/#organization\"}},{\"@type\":\"WebPage\",\"@id\":\"https:\/\/dicodusport.fr\/blog\/geant-hommes-adelboden-2025-marco-odermatt-soffre-une-quatrieme-victoire-de-rang-a-domicile\/\",\"url\":\"https:\/\/dicodusport.fr\/blog\/geant-hommes-adelboden-2025-marco-odermatt-soffre-une-quatrieme-victoire-de-rang-a-domicile\/\",\"name\":\"G\u00e9ant hommes Adelboden 2025 : Marco Odermatt s'offre une quatri\u00e8me victoire de rang \u00e0 domicile\",\"isPartOf\":{\"@id\":\"https:\/\/dicodusport.fr\/blog\/#website\"},\"primaryImageOfPage\":{\"@id\":\"https:\/\/dicodusport.fr\/blog\/geant-hommes-adelboden-2025-marco-odermatt-soffre-une-quatrieme-victoire-de-rang-a-domicile\/#primaryimage\"},\"image\":{\"@id\":\"https:\/\/dicodusport.fr\/blog\/geant-hommes-adelboden-2025-marco-odermatt-soffre-une-quatrieme-victoire-de-rang-a-domicile\/#primaryimage\"},\"thumbnailUrl\":\"https:\/\/dicodusport.fr\/blog\/wp-content\/uploads\/2025\/01\/Geant-hommes-Adelboden-2025-Marco-Odermatt-soffre-une-quatrieme-victoire-de-rang-a-domicile-1.png\",\"datePublished\":\"2025-01-12T13:31:40+00:00\",\"dateModified\":\"2025-01-12T16:10:27+00:00\",\"description\":\"COUPE DU MONDE DE SKI ALPIN 2024-2025 - Marco Odermatt a remport\u00e9 la victoire sur le G\u00e9ant d'Adelboden pour la quatri\u00e8me fois d'affil\u00e9e.\",\"breadcrumb\":{\"@id\":\"https:\/\/dicodusport.fr\/blog\/geant-hommes-adelboden-2025-marco-odermatt-soffre-une-quatrieme-victoire-de-rang-a-domicile\/#breadcrumb\"},\"inLanguage\":\"fr-FR\",\"potentialAction\":[{\"@type\":\"ReadAction\",\"target\":[\"https:\/\/dicodusport.fr\/blog\/geant-hommes-adelboden-2025-marco-odermatt-soffre-une-quatrieme-victoire-de-rang-a-domicile\/\"]}]},{\"@type\":\"ImageObject\",\"inLanguage\":\"fr-FR\",\"@id\":\"https:\/\/dicodusport.fr\/blog\/geant-hommes-adelboden-2025-marco-odermatt-soffre-une-quatrieme-victoire-de-rang-a-domicile\/#primaryimage\",\"url\":\"https:\/\/dicodusport.fr\/blog\/wp-content\/uploads\/2025\/01\/Geant-hommes-Adelboden-2025-Marco-Odermatt-soffre-une-quatrieme-victoire-de-rang-a-domicile-1.png\",\"contentUrl\":\"https:\/\/dicodusport.fr\/blog\/wp-content\/uploads\/2025\/01\/Geant-hommes-Adelboden-2025-Marco-Odermatt-soffre-une-quatrieme-victoire-de-rang-a-domicile-1.png\",\"width\":1200,\"height\":674,\"caption\":\"G\u00e9ant hommes Adelboden 2025 Marco Odermatt s'offre une quatri\u00e8me victoire de rang \u00e0 domicile\"},{\"@type\":\"BreadcrumbList\",\"@id\":\"https:\/\/dicodusport.fr\/blog\/geant-hommes-adelboden-2025-marco-odermatt-soffre-une-quatrieme-victoire-de-rang-a-domicile\/#breadcrumb\",\"itemListElement\":[{\"@type\":\"ListItem\",\"position\":1,\"name\":\"Accueil\",\"item\":\"https:\/\/dicodusport.fr\/blog\/\"},{\"@type\":\"ListItem\",\"position\":2,\"name\":\"G\u00e9ant hommes Adelboden 2025 : Marco Odermatt s&#8217;offre une quatri\u00e8me victoire de rang \u00e0 domicile\"}]},{\"@type\":\"WebSite\",\"@id\":\"https:\/\/dicodusport.fr\/blog\/#website\",\"url\":\"https:\/\/dicodusport.fr\/blog\/\",\"name\":\"Dicodusport\",\"description\":\"L&#039;encyclop\u00e9die de l&#039;actualit\u00e9 sportive\",\"publisher\":{\"@id\":\"https:\/\/dicodusport.fr\/blog\/#organization\"},\"potentialAction\":[{\"@type\":\"SearchAction\",\"target\":{\"@type\":\"EntryPoint\",\"urlTemplate\":\"https:\/\/dicodusport.fr\/blog\/?s={search_term_string}\"},\"query-input\":{\"@type\":\"PropertyValueSpecification\",\"valueRequired\":true,\"valueName\":\"search_term_string\"}}],\"inLanguage\":\"fr-FR\"},{\"@type\":\"NewsMediaOrganization\",\"@id\":\"https:\/\/dicodusport.fr\/blog\/#organization\",\"name\":\"Dicodusport\",\"url\":\"https:\/\/dicodusport.fr\/blog\/\",\"logo\":{\"@type\":\"ImageObject\",\"inLanguage\":\"fr-FR\",\"@id\":\"https:\/\/dicodusport.fr\/blog\/#\/schema\/logo\/image\/\",\"url\":\"https:\/\/dicodusport.fr\/blog\/wp-content\/uploads\/2020\/06\/cropped-LOGO-DICODUSPORT-2020-SANS-FOND-SANS-TEXTE.png\",\"contentUrl\":\"https:\/\/dicodusport.fr\/blog\/wp-content\/uploads\/2020\/06\/cropped-LOGO-DICODUSPORT-2020-SANS-FOND-SANS-TEXTE.png\",\"width\":512,\"height\":512,\"caption\":\"Dicodusport\"},\"image\":{\"@id\":\"https:\/\/dicodusport.fr\/blog\/#\/schema\/logo\/image\/\"},\"sameAs\":[\"https:\/\/www.facebook.com\/dicodusport\",\"https:\/\/x.com\/dicodusport\",\"https:\/\/www.instagram.com\/dicodusport\/\",\"https:\/\/www.youtube.com\/channel\/UC7V2KZ5sd3htJivAbA4ZG3w\"],\"description\":\"Dicodusport est l'encyclop\u00e9die de l'actualit\u00e9 sportive.\",\"email\":\"bonjour@dicodusport.fr\",\"legalName\":\"DICODUSPORT\",\"foundingDate\":\"2018-01-14\",\"vatID\":\"FR71834470973\",\"taxID\":\"83447097300043\",\"numberOfEmployees\":{\"@type\":\"QuantitativeValue\",\"minValue\":\"1\",\"maxValue\":\"10\"}},{\"@type\":\"Person\",\"@id\":\"https:\/\/dicodusport.fr\/blog\/#\/schema\/person\/37def232098a7a5cbab3974a3690abb0\",\"name\":\"Maxime Cazenave\",\"image\":{\"@type\":\"ImageObject\",\"inLanguage\":\"fr-FR\",\"@id\":\"https:\/\/dicodusport.fr\/blog\/#\/schema\/person\/image\/\",\"url\":\"https:\/\/dicodusport.fr\/blog\/wp-content\/uploads\/2021\/05\/Maxime-Cazenave-150x150.jpg\",\"contentUrl\":\"https:\/\/dicodusport.fr\/blog\/wp-content\/uploads\/2021\/05\/Maxime-Cazenave-150x150.jpg\",\"caption\":\"Maxime Cazenave\"},\"description\":\"Journaliste\/R\u00e9dacteur depuis 2012 - Berc\u00e9 par l\u2019amour des Girondins de Bordeaux, les \u00e9checs de Christophe Moreau sur le Tour de France sous l'\u00e8re Lance Armstrong et le fade-away l\u00e9tal de Dirk Nowitzki, ma passion d\u00e9vorante pour le sport a toujours \u00e9t\u00e9 un pan incontournable de ma vie. Transmettre ma passion \u00e0 l\u2019\u00e9crit a \u00e9t\u00e9 une transition naturelle. Suiveur assidu de basket et de hockey sur glace, je garde toujours un peu de place pour suivre le cyclisme, le football et le maximum de performances fran\u00e7aises.\",\"sameAs\":[\"https:\/\/x.com\/https:\/\/twitter.com\/Maxime_Caze\"],\"url\":\"https:\/\/dicodusport.fr\/blog\/author\/maximec\/\"}]}<\/script>\n<!-- \/ Yoast SEO Premium plugin. -->","yoast_head_json":{"title":"G\u00e9ant hommes Adelboden 2025 : Marco Odermatt s'offre une quatri\u00e8me victoire de rang \u00e0 domicile","description":"COUPE DU MONDE DE SKI ALPIN 2024-2025 - Marco Odermatt a remport\u00e9 la victoire sur le G\u00e9ant d'Adelboden pour la quatri\u00e8me fois d'affil\u00e9e.","robots":{"index":"index","follow":"follow","max-snippet":"max-snippet:-1","max-image-preview":"max-image-preview:large","max-video-preview":"max-video-preview:-1"},"canonical":"https:\/\/dicodusport.fr\/blog\/geant-hommes-adelboden-2025-marco-odermatt-soffre-une-quatrieme-victoire-de-rang-a-domicile\/","og_locale":"fr_FR","og_type":"article","og_title":"G\u00e9ant hommes Adelboden 2025 : Marco Odermatt s'offre une quatri\u00e8me victoire de rang \u00e0 domicile","og_description":"COUPE DU MONDE DE SKI ALPIN 2024-2025 - Marco Odermatt a remport\u00e9 la victoire sur le G\u00e9ant d'Adelboden pour la quatri\u00e8me fois d'affil\u00e9e.","og_url":"https:\/\/dicodusport.fr\/blog\/geant-hommes-adelboden-2025-marco-odermatt-soffre-une-quatrieme-victoire-de-rang-a-domicile\/","og_site_name":"Dicodusport","article_publisher":"https:\/\/www.facebook.com\/dicodusport","article_published_time":"2025-01-12T13:31:40+00:00","article_modified_time":"2025-01-12T16:10:27+00:00","og_image":[{"width":1200,"height":674,"url":"https:\/\/dicodusport.fr\/blog\/wp-content\/uploads\/2025\/01\/Geant-hommes-Adelboden-2025-Marco-Odermatt-soffre-une-quatrieme-victoire-de-rang-a-domicile-1.png","type":"image\/png"}],"author":"Maxime Cazenave","twitter_card":"summary_large_image","twitter_title":"G\u00e9ant hommes Adelboden 2025 : Marco Odermatt s'offre une quatri\u00e8me victoire de rang \u00e0 domicile","twitter_creator":"@https:\/\/twitter.com\/Maxime_Caze","twitter_site":"@dicodusport","schema":{"@context":"https:\/\/schema.org","@graph":[{"@type":"NewsArticle","@id":"https:\/\/dicodusport.fr\/blog\/geant-hommes-adelboden-2025-marco-odermatt-soffre-une-quatrieme-victoire-de-rang-a-domicile\/#article","isPartOf":{"@id":"https:\/\/dicodusport.fr\/blog\/geant-hommes-adelboden-2025-marco-odermatt-soffre-une-quatrieme-victoire-de-rang-a-domicile\/"},"author":{"name":"Maxime Cazenave","@id":"https:\/\/dicodusport.fr\/blog\/#\/schema\/person\/37def232098a7a5cbab3974a3690abb0"},"headline":"G\u00e9ant hommes Adelboden 2025 : Marco Odermatt s&rsquo;offre une quatri\u00e8me victoire de rang \u00e0 domicile","datePublished":"2025-01-12T13:31:40+00:00","dateModified":"2025-01-12T16:10:27+00:00","mainEntityOfPage":{"@id":"https:\/\/dicodusport.fr\/blog\/geant-hommes-adelboden-2025-marco-odermatt-soffre-une-quatrieme-victoire-de-rang-a-domicile\/"},"wordCount":881,"commentCount":0,"publisher":{"@id":"https:\/\/dicodusport.fr\/blog\/#organization"},"image":{"@id":"https:\/\/dicodusport.fr\/blog\/geant-hommes-adelboden-2025-marco-odermatt-soffre-une-quatrieme-victoire-de-rang-a-domicile\/#primaryimage"},"thumbnailUrl":"https:\/\/dicodusport.fr\/blog\/wp-content\/uploads\/2025\/01\/Geant-hommes-Adelboden-2025-Marco-Odermatt-soffre-une-quatrieme-victoire-de-rang-a-domicile-1.png","keywords":["br\u00e8ve","G\u00e9ant Adelboden","Marco Odermatt","Ski alpin","sport"],"articleSection":["Coupe du monde de ski alpin"],"inLanguage":"fr-FR","potentialAction":[{"@type":"CommentAction","name":"Comment","target":["https:\/\/dicodusport.fr\/blog\/geant-hommes-adelboden-2025-marco-odermatt-soffre-une-quatrieme-victoire-de-rang-a-domicile\/#respond"]}],"copyrightYear":"2025","copyrightHolder":{"@id":"https:\/\/dicodusport.fr\/blog\/#organization"}},{"@type":"WebPage","@id":"https:\/\/dicodusport.fr\/blog\/geant-hommes-adelboden-2025-marco-odermatt-soffre-une-quatrieme-victoire-de-rang-a-domicile\/","url":"https:\/\/dicodusport.fr\/blog\/geant-hommes-adelboden-2025-marco-odermatt-soffre-une-quatrieme-victoire-de-rang-a-domicile\/","name":"G\u00e9ant hommes Adelboden 2025 : Marco Odermatt s'offre une quatri\u00e8me victoire de rang \u00e0 domicile","isPartOf":{"@id":"https:\/\/dicodusport.fr\/blog\/#website"},"primaryImageOfPage":{"@id":"https:\/\/dicodusport.fr\/blog\/geant-hommes-adelboden-2025-marco-odermatt-soffre-une-quatrieme-victoire-de-rang-a-domicile\/#primaryimage"},"image":{"@id":"https:\/\/dicodusport.fr\/blog\/geant-hommes-adelboden-2025-marco-odermatt-soffre-une-quatrieme-victoire-de-rang-a-domicile\/#primaryimage"},"thumbnailUrl":"https:\/\/dicodusport.fr\/blog\/wp-content\/uploads\/2025\/01\/Geant-hommes-Adelboden-2025-Marco-Odermatt-soffre-une-quatrieme-victoire-de-rang-a-domicile-1.png","datePublished":"2025-01-12T13:31:40+00:00","dateModified":"2025-01-12T16:10:27+00:00","description":"COUPE DU MONDE DE SKI ALPIN 2024-2025 - Marco Odermatt a remport\u00e9 la victoire sur le G\u00e9ant d'Adelboden pour la quatri\u00e8me fois d'affil\u00e9e.","breadcrumb":{"@id":"https:\/\/dicodusport.fr\/blog\/geant-hommes-adelboden-2025-marco-odermatt-soffre-une-quatrieme-victoire-de-rang-a-domicile\/#breadcrumb"},"inLanguage":"fr-FR","potentialAction":[{"@type":"ReadAction","target":["https:\/\/dicodusport.fr\/blog\/geant-hommes-adelboden-2025-marco-odermatt-soffre-une-quatrieme-victoire-de-rang-a-domicile\/"]}]},{"@type":"ImageObject","inLanguage":"fr-FR","@id":"https:\/\/dicodusport.fr\/blog\/geant-hommes-adelboden-2025-marco-odermatt-soffre-une-quatrieme-victoire-de-rang-a-domicile\/#primaryimage","url":"https:\/\/dicodusport.fr\/blog\/wp-content\/uploads\/2025\/01\/Geant-hommes-Adelboden-2025-Marco-Odermatt-soffre-une-quatrieme-victoire-de-rang-a-domicile-1.png","contentUrl":"https:\/\/dicodusport.fr\/blog\/wp-content\/uploads\/2025\/01\/Geant-hommes-Adelboden-2025-Marco-Odermatt-soffre-une-quatrieme-victoire-de-rang-a-domicile-1.png","width":1200,"height":674,"caption":"G\u00e9ant hommes Adelboden 2025 Marco Odermatt s'offre une quatri\u00e8me victoire de rang \u00e0 domicile"},{"@type":"BreadcrumbList","@id":"https:\/\/dicodusport.fr\/blog\/geant-hommes-adelboden-2025-marco-odermatt-soffre-une-quatrieme-victoire-de-rang-a-domicile\/#breadcrumb","itemListElement":[{"@type":"ListItem","position":1,"name":"Accueil","item":"https:\/\/dicodusport.fr\/blog\/"},{"@type":"ListItem","position":2,"name":"G\u00e9ant hommes Adelboden 2025 : Marco Odermatt s&#8217;offre une quatri\u00e8me victoire de rang \u00e0 domicile"}]},{"@type":"WebSite","@id":"https:\/\/dicodusport.fr\/blog\/#website","url":"https:\/\/dicodusport.fr\/blog\/","name":"Dicodusport","description":"L&#039;encyclop\u00e9die de l&#039;actualit\u00e9 sportive","publisher":{"@id":"https:\/\/dicodusport.fr\/blog\/#organization"},"potentialAction":[{"@type":"SearchAction","target":{"@type":"EntryPoint","urlTemplate":"https:\/\/dicodusport.fr\/blog\/?s={search_term_string}"},"query-input":{"@type":"PropertyValueSpecification","valueRequired":true,"valueName":"search_term_string"}}],"inLanguage":"fr-FR"},{"@type":"NewsMediaOrganization","@id":"https:\/\/dicodusport.fr\/blog\/#organization","name":"Dicodusport","url":"https:\/\/dicodusport.fr\/blog\/","logo":{"@type":"ImageObject","inLanguage":"fr-FR","@id":"https:\/\/dicodusport.fr\/blog\/#\/schema\/logo\/image\/","url":"https:\/\/dicodusport.fr\/blog\/wp-content\/uploads\/2020\/06\/cropped-LOGO-DICODUSPORT-2020-SANS-FOND-SANS-TEXTE.png","contentUrl":"https:\/\/dicodusport.fr\/blog\/wp-content\/uploads\/2020\/06\/cropped-LOGO-DICODUSPORT-2020-SANS-FOND-SANS-TEXTE.png","width":512,"height":512,"caption":"Dicodusport"},"image":{"@id":"https:\/\/dicodusport.fr\/blog\/#\/schema\/logo\/image\/"},"sameAs":["https:\/\/www.facebook.com\/dicodusport","https:\/\/x.com\/dicodusport","https:\/\/www.instagram.com\/dicodusport\/","https:\/\/www.youtube.com\/channel\/UC7V2KZ5sd3htJivAbA4ZG3w"],"description":"Dicodusport est l'encyclop\u00e9die de l'actualit\u00e9 sportive.","email":"bonjour@dicodusport.fr","legalName":"DICODUSPORT","foundingDate":"2018-01-14","vatID":"FR71834470973","taxID":"83447097300043","numberOfEmployees":{"@type":"QuantitativeValue","minValue":"1","maxValue":"10"}},{"@type":"Person","@id":"https:\/\/dicodusport.fr\/blog\/#\/schema\/person\/37def232098a7a5cbab3974a3690abb0","name":"Maxime Cazenave","image":{"@type":"ImageObject","inLanguage":"fr-FR","@id":"https:\/\/dicodusport.fr\/blog\/#\/schema\/person\/image\/","url":"https:\/\/dicodusport.fr\/blog\/wp-content\/uploads\/2021\/05\/Maxime-Cazenave-150x150.jpg","contentUrl":"https:\/\/dicodusport.fr\/blog\/wp-content\/uploads\/2021\/05\/Maxime-Cazenave-150x150.jpg","caption":"Maxime Cazenave"},"description":"Journaliste\/R\u00e9dacteur depuis 2012 - Berc\u00e9 par l\u2019amour des Girondins de Bordeaux, les \u00e9checs de Christophe Moreau sur le Tour de France sous l'\u00e8re Lance Armstrong et le fade-away l\u00e9tal de Dirk Nowitzki, ma passion d\u00e9vorante pour le sport a toujours \u00e9t\u00e9 un pan incontournable de ma vie. Transmettre ma passion \u00e0 l\u2019\u00e9crit a \u00e9t\u00e9 une transition naturelle. Suiveur assidu de basket et de hockey sur glace, je garde toujours un peu de place pour suivre le cyclisme, le football et le maximum de performances fran\u00e7aises.","sameAs":["https:\/\/x.com\/https:\/\/twitter.com\/Maxime_Caze"],"url":"https:\/\/dicodusport.fr\/blog\/author\/maximec\/"}]}},"_links":{"self":[{"href":"https:\/\/dicodusport.fr\/blog\/wp-json\/wp\/v2\/posts\/545792","targetHints":{"allow":["GET"]}}],"collection":[{"href":"https:\/\/dicodusport.fr\/blog\/wp-json\/wp\/v2\/posts"}],"about":[{"href":"https:\/\/dicodusport.fr\/blog\/wp-json\/wp\/v2\/types\/post"}],"author":[{"embeddable":true,"href":"https:\/\/dicodusport.fr\/blog\/wp-json\/wp\/v2\/users\/55"}],"replies":[{"embeddable":true,"href":"https:\/\/dicodusport.fr\/blog\/wp-json\/wp\/v2\/comments?post=545792"}],"version-history":[{"count":5,"href":"https:\/\/dicodusport.fr\/blog\/wp-json\/wp\/v2\/posts\/545792\/revisions"}],"predecessor-version":[{"id":546018,"href":"https:\/\/dicodusport.fr\/blog\/wp-json\/wp\/v2\/posts\/545792\/revisions\/546018"}],"wp:featuredmedia":[{"embeddable":true,"href":"https:\/\/dicodusport.fr\/blog\/wp-json\/wp\/v2\/media\/545993"}],"wp:attachment":[{"href":"https:\/\/dicodusport.fr\/blog\/wp-json\/wp\/v2\/media?parent=545792"}],"wp:term":[{"taxonomy":"category","embeddable":true,"href":"https:\/\/dicodusport.fr\/blog\/wp-json\/wp\/v2\/categories?post=545792"},{"taxonomy":"post_tag","embeddable":true,"href":"https:\/\/dicodusport.fr\/blog\/wp-json\/wp\/v2\/tags?post=545792"}],"curies":[{"name":"wp","href":"https:\/\/api.w.org\/{rel}","templated":true}]}}