{"id":545827,"date":"2025-01-12T11:35:39","date_gmt":"2025-01-12T10:35:39","guid":{"rendered":"https:\/\/dicodusport.fr\/blog\/?p=545827&#038;preview=true&#038;preview_id=545827"},"modified":"2025-07-09T18:37:15","modified_gmt":"2025-07-09T16:37:15","slug":"ibu-cup-arber-amandine-mengin-survole-la-poursuite-voldiya-galmace-paulin-sur-le-podium","status":"publish","type":"post","link":"https:\/\/dicodusport.fr\/blog\/ibu-cup-arber-amandine-mengin-survole-la-poursuite-voldiya-galmace-paulin-sur-le-podium\/","title":{"rendered":"IBU Cup Arber : Amandine Mengin survole la poursuite, Voldiya Galmace Paulin sur le podium"},"content":{"rendered":"<h4 style=\"text-align: justify;\"><em>IBU CUP 2024\/2025 &#8211; Auteure d&rsquo;une prestation parfaite derri\u00e8re la carabine, Amandine Mengin s&rsquo;est offert une seconde victoire en survolant la poursuite d&rsquo;Arber (Allemagne). Voldiya Galmace Paulin prend la troisi\u00e8me place.<\/em><\/h4>\n<h2 style=\"text-align: justify;\">Amandine Mengin, semaine r\u00eav\u00e9e<\/h2>\n<p style=\"text-align: justify;\">Le festival des Fran\u00e7aises continue sur cette \u00e9tape d\u2019Arber. <a href=\"https:\/\/dicodusport.fr\/blog\/ibu-cup-arber-pour-son-premier-depart-amandine-mengin-remporte-le-sprint-devant-sophie-chauveau\/\">Vainqueure du 1er sprint<\/a>, puis deuxi\u00e8me du second, <strong>Amandine Mengin<\/strong> a de nouveau roul\u00e9 sur la concurrence en s\u2019adjugeant avec brio la poursuite.<\/p>\n<p style=\"text-align: justify;\">Hier, <a href=\"https:\/\/dicodusport.fr\/blog\/ibu-cup-arber-gilonne-guigonnat-mene-un-quadruple-francais-sur-le-deuxieme-sprint\/\"><strong>Gilonne Guigonnat<\/strong> remportait le second sprint d\u2019Arber<\/a>, devant <strong>Amandine Mengin<\/strong> et <strong>Voldiya Galmace Paulin<\/strong>. Aujourd\u2019hui, la premi\u00e8re cit\u00e9e s\u2019\u00e9lan\u00e7ait donc avec 7 secondes d\u2019avance sur sa premi\u00e8re poursuivante. Mais d\u00e8s le premier tir, c\u2019est la toute jeune <strong>Amandine Mengin<\/strong> (21 ans), qui prenait les commandes gr\u00e2ce au 5\/5. <strong>Guigonnat<\/strong> elle, allait tourner \u00e0 deux reprises sur l\u2019anneau de p\u00e9nalit\u00e9.<\/p>\n<p style=\"text-align: justify;\">La partition parfaite ne faisait que commencer pour la Vosgienne. En effet, elle va d\u00e9rouler ses tirs, un \u00e0 un, sans jamais perdre le contr\u00f4le. Elle poursuivra son sans-faute, augmentant \u00e0 chaque tour son avance sur ses concurrentes. Elle termine la course, largement en t\u00eate, avec plus de 30 secondes d\u2019avance.<\/p>\n<p style=\"text-align: justify;\">La semaine fut parfaite pour <strong>Amandine Mengin<\/strong>, avec trois podiums dont deux victoires, en trois courses. Pas mal pour une premi\u00e8re sur le circuit IBU Cup.<\/p>\n<blockquote class=\"twitter-tweet\">\n<p dir=\"ltr\" lang=\"fr\">J\u2019ai une stat effrayante concernant Amandine Mengin !<\/p>\n<p>C\u2019est sa premi\u00e8re saison sur le circuit international. Elle a particip\u00e9 \u00e0 8 courses individuelles ( Junior Cup + IBU Cup )<\/p>\n<p>Sur ces 8 courses :<\/p>\n<p>\ud83e\udd47\ud83e\udd47\ud83e\udd48\ud83e\udd48\ud83e\udd49#4,#5,#18<\/p>\n<p>1 unique course hors du top 5 \ud83d\ude48<\/p>\n<p>\u2014 Biathlon_FRA\ud83c\udfbf (@Biathlon_FRA) <a href=\"https:\/\/twitter.com\/Biathlon_FRA\/status\/1878387447253348573?ref_src=twsrc%5Etfw\">January 12, 2025<\/a><\/p><\/blockquote>\n<p><script async src=\"https:\/\/platform.twitter.com\/widgets.js\" charset=\"utf-8\"><\/script><\/p>\n<h2 style=\"text-align: justify;\">Le 20\/20 et un gros message envoy\u00e9<\/h2>\n<p style=\"text-align: justify;\">Derri\u00e8re elle, un match franco-norv\u00e9gien s\u2019est jou\u00e9. <strong>Sophie Chauveau<\/strong> fut la premi\u00e8re \u00e0 reculer, quand <strong>Gilonne Guigonnat<\/strong> mettait le clignotant, probablement diminu\u00e9e. Un trio allait se jouer le podium sur le dernier tir, \u00e0 savoir <strong>Bened<\/strong>, <strong>Femsteinevik<\/strong>, et <strong>Galmace Paulin<\/strong>. Le tripl\u00e9 fran\u00e7ais \u00e9tait encore possible.<\/p>\n<p style=\"text-align: justify;\">Mais sur l\u2019ultime tir debout, <strong>Camille Bened<\/strong> va manquer le coche, et rejoindre, pour deux tours, l&rsquo;anneau de p\u00e9nalit\u00e9. <strong>Femsteinevik<\/strong>, plus rapide, est arriv\u00e9e avec quelques secondes d\u2019avance sur le pas de tir, et avec le plein, s\u2019est dirig\u00e9e tout droit vers la 2\u00e8me place (18\/20).<\/p>\n<p style=\"text-align: justify;\">Derri\u00e8re, <strong>Galmace Paulin<\/strong> sort, elle aussi, le tir parfait, et ressort avec une avance suffisante sur <strong>Johansen<\/strong> pour compl\u00e9ter le podium (18\/20).<\/p>\n<p style=\"text-align: justify;\"><strong>Camille Bened<\/strong> termine finalement 5\u00e8me avec le 18\/20, <strong>Sophie Chauveau<\/strong>, de nouveau 4\u00e8me fran\u00e7aise, coupe la ligne en 8\u00e8me position (16\/20).<\/p>\n<h2 style=\"text-align: justify;\">\u00c0 ce sujet<\/h2>\n<div class=\"vlp-link-container vlp-layout-article\"><a href=\"https:\/\/dicodusport.fr\/blog\/coupe-du-monde-ibu-cup-junior-cup-les-chiffres-fous-du-biathlon-francais-feminin\/\" class=\"vlp-link\" title=\"Coupe du monde, IBU Cup, Junior Cup : Les chiffres fous du biathlon fran\u00e7ais f\u00e9minin\"><\/a><div class=\"vlp-layout-zone-side\"><div class=\"vlp-block-4 vlp-link-image\"><img loading=\"lazy\" decoding=\"async\" style=\"max-width: 792px;\" width=\"792\" height=\"445\" src=\"https:\/\/dicodusport.fr\/blog\/wp-content\/uploads\/2025\/01\/Coupe-du-monde-IBU-Cup-Junior-Cup-Les-chiffres-fous-du-biathlon-francais-feminin.png\" class=\"attachment-800x445 size-800x445\" alt=\"Coupe du monde, IBU Cup, Junior Cup Les chiffres fous du biathlon fran\u00e7ais f\u00e9minin\" srcset=\"https:\/\/dicodusport.fr\/blog\/wp-content\/uploads\/2025\/01\/Coupe-du-monde-IBU-Cup-Junior-Cup-Les-chiffres-fous-du-biathlon-francais-feminin.png 1200w, https:\/\/dicodusport.fr\/blog\/wp-content\/uploads\/2025\/01\/Coupe-du-monde-IBU-Cup-Junior-Cup-Les-chiffres-fous-du-biathlon-francais-feminin-300x169.png 300w, https:\/\/dicodusport.fr\/blog\/wp-content\/uploads\/2025\/01\/Coupe-du-monde-IBU-Cup-Junior-Cup-Les-chiffres-fous-du-biathlon-francais-feminin-1024x575.png 1024w, https:\/\/dicodusport.fr\/blog\/wp-content\/uploads\/2025\/01\/Coupe-du-monde-IBU-Cup-Junior-Cup-Les-chiffres-fous-du-biathlon-francais-feminin-768x431.png 768w\" sizes=\"auto, (max-width: 792px) 100vw, 792px\" \/><\/div><\/div><div class=\"vlp-layout-zone-main\"><div class=\"vlp-block-0 vlp-link-title\">Coupe du monde, IBU Cup, Junior Cup : Les chiffres fous du biathlon fran\u00e7ais f\u00e9minin<\/div><div class=\"vlp-block-1 vlp-link-summary\">BIATHLON 2024\/2025 - Retour chiffr\u00e9 sur le bilan impressionnant du biathlon fran\u00e7ais f\u00e9minin en Coupe du Monde, IBU Cup et Junior Cup.<\/div><div class=\"vlp-block-2 vlp-link-button\">Lire l'article<\/div><div class=\"vlp-block-3 vlp-link-url\">dicodusport.fr<\/div><\/div><\/div>\n","protected":false},"excerpt":{"rendered":"<p>Amandine Mengin survole la poursuite, Voldiya Galmace Paulin sur le podium<\/p>\n","protected":false},"author":89,"featured_media":545942,"comment_status":"open","ping_status":"closed","sticky":false,"template":"","format":"standard","meta":{"_acf_changed":false,"_daextam_enable_autolinks":"1","footnotes":""},"categories":[2426],"tags":[32415,43462,2427,16878,43245],"class_list":["post-545827","post","type-post","status-publish","format-standard","has-post-thumbnail","hentry","category-biathlon","tag-actu","tag-amandine-mengin","tag-biathlon","tag-breve","tag-voldiya-galmace-paulin"],"acf":[],"yoast_head":"<!-- This site is optimized with the Yoast SEO Premium plugin v26.7 (Yoast SEO v26.7) - https:\/\/yoast.com\/wordpress\/plugins\/seo\/ -->\n<title>IBU Cup Arber : Amandine Mengin survole la poursuite, Voldiya Galmace Paulin sur le podium<\/title>\n<meta name=\"description\" content=\"IBU CUP 2024\/2025 - Auteure d&#039;une prestation parfaite derri\u00e8re la carabine, Amandine Mengin s&#039;est offert une seconde victoire en survolant la poursuite d&#039;Arber (Allemagne).\" \/>\n<meta name=\"robots\" content=\"index, follow, max-snippet:-1, max-image-preview:large, max-video-preview:-1\" \/>\n<link rel=\"canonical\" href=\"https:\/\/dicodusport.fr\/blog\/ibu-cup-arber-amandine-mengin-survole-la-poursuite-voldiya-galmace-paulin-sur-le-podium\/\" \/>\n<meta property=\"og:locale\" content=\"fr_FR\" \/>\n<meta property=\"og:type\" content=\"article\" \/>\n<meta property=\"og:title\" content=\"IBU Cup Arber : Amandine Mengin survole la poursuite, Voldiya Galmace Paulin sur le podium\" \/>\n<meta property=\"og:description\" content=\"IBU CUP 2024\/2025 - Auteure d&#039;une prestation parfaite derri\u00e8re la carabine, Amandine Mengin s&#039;est offert une seconde victoire en survolant la poursuite d&#039;Arber (Allemagne).\" \/>\n<meta property=\"og:url\" content=\"https:\/\/dicodusport.fr\/blog\/ibu-cup-arber-amandine-mengin-survole-la-poursuite-voldiya-galmace-paulin-sur-le-podium\/\" \/>\n<meta property=\"og:site_name\" content=\"Dicodusport\" \/>\n<meta property=\"article:publisher\" content=\"https:\/\/www.facebook.com\/dicodusport\" \/>\n<meta property=\"article:published_time\" content=\"2025-01-12T10:35:39+00:00\" \/>\n<meta property=\"article:modified_time\" content=\"2025-07-09T16:37:15+00:00\" \/>\n<meta property=\"og:image\" content=\"https:\/\/dicodusport.fr\/blog\/wp-content\/uploads\/2025\/01\/IBU-Cup-Arber-Amandine-Mengin-survole-la-poursuite-Voldiya-Galmace-Paulin-sur-le-podium-1.png\" \/>\n\t<meta property=\"og:image:width\" content=\"1200\" \/>\n\t<meta property=\"og:image:height\" content=\"674\" \/>\n\t<meta property=\"og:image:type\" content=\"image\/png\" \/>\n<meta name=\"author\" content=\"Louka Lesueur\" \/>\n<meta name=\"twitter:card\" content=\"summary_large_image\" \/>\n<meta name=\"twitter:title\" content=\"IBU Cup Arber : Amandine Mengin survole la poursuite, Voldiya Galmace Paulin sur le podium\" \/>\n<meta name=\"twitter:creator\" content=\"@https:\/\/twitter.com\/LNewsSF\" \/>\n<meta name=\"twitter:site\" content=\"@dicodusport\" \/>\n<script type=\"application\/ld+json\" class=\"yoast-schema-graph\">{\"@context\":\"https:\/\/schema.org\",\"@graph\":[{\"@type\":\"NewsArticle\",\"@id\":\"https:\/\/dicodusport.fr\/blog\/ibu-cup-arber-amandine-mengin-survole-la-poursuite-voldiya-galmace-paulin-sur-le-podium\/#article\",\"isPartOf\":{\"@id\":\"https:\/\/dicodusport.fr\/blog\/ibu-cup-arber-amandine-mengin-survole-la-poursuite-voldiya-galmace-paulin-sur-le-podium\/\"},\"author\":{\"name\":\"Louka Lesueur\",\"@id\":\"https:\/\/dicodusport.fr\/blog\/#\/schema\/person\/54b6cdccebdfcd5a1036c594aecffc2a\"},\"headline\":\"IBU Cup Arber : Amandine Mengin survole la poursuite, Voldiya Galmace Paulin sur le podium\",\"datePublished\":\"2025-01-12T10:35:39+00:00\",\"dateModified\":\"2025-07-09T16:37:15+00:00\",\"mainEntityOfPage\":{\"@id\":\"https:\/\/dicodusport.fr\/blog\/ibu-cup-arber-amandine-mengin-survole-la-poursuite-voldiya-galmace-paulin-sur-le-podium\/\"},\"wordCount\":524,\"commentCount\":0,\"publisher\":{\"@id\":\"https:\/\/dicodusport.fr\/blog\/#organization\"},\"image\":{\"@id\":\"https:\/\/dicodusport.fr\/blog\/ibu-cup-arber-amandine-mengin-survole-la-poursuite-voldiya-galmace-paulin-sur-le-podium\/#primaryimage\"},\"thumbnailUrl\":\"https:\/\/dicodusport.fr\/blog\/wp-content\/uploads\/2025\/01\/IBU-Cup-Arber-Amandine-Mengin-survole-la-poursuite-Voldiya-Galmace-Paulin-sur-le-podium-1.png\",\"keywords\":[\"actu\",\"Amandine Mengin\",\"Biathlon\",\"br\u00e8ve\",\"Voldiya Galmace Paulin\"],\"articleSection\":[\"Biathlon\"],\"inLanguage\":\"fr-FR\",\"potentialAction\":[{\"@type\":\"CommentAction\",\"name\":\"Comment\",\"target\":[\"https:\/\/dicodusport.fr\/blog\/ibu-cup-arber-amandine-mengin-survole-la-poursuite-voldiya-galmace-paulin-sur-le-podium\/#respond\"]}],\"copyrightYear\":\"2025\",\"copyrightHolder\":{\"@id\":\"https:\/\/dicodusport.fr\/blog\/#organization\"}},{\"@type\":\"WebPage\",\"@id\":\"https:\/\/dicodusport.fr\/blog\/ibu-cup-arber-amandine-mengin-survole-la-poursuite-voldiya-galmace-paulin-sur-le-podium\/\",\"url\":\"https:\/\/dicodusport.fr\/blog\/ibu-cup-arber-amandine-mengin-survole-la-poursuite-voldiya-galmace-paulin-sur-le-podium\/\",\"name\":\"IBU Cup Arber : Amandine Mengin survole la poursuite, Voldiya Galmace Paulin sur le podium\",\"isPartOf\":{\"@id\":\"https:\/\/dicodusport.fr\/blog\/#website\"},\"primaryImageOfPage\":{\"@id\":\"https:\/\/dicodusport.fr\/blog\/ibu-cup-arber-amandine-mengin-survole-la-poursuite-voldiya-galmace-paulin-sur-le-podium\/#primaryimage\"},\"image\":{\"@id\":\"https:\/\/dicodusport.fr\/blog\/ibu-cup-arber-amandine-mengin-survole-la-poursuite-voldiya-galmace-paulin-sur-le-podium\/#primaryimage\"},\"thumbnailUrl\":\"https:\/\/dicodusport.fr\/blog\/wp-content\/uploads\/2025\/01\/IBU-Cup-Arber-Amandine-Mengin-survole-la-poursuite-Voldiya-Galmace-Paulin-sur-le-podium-1.png\",\"datePublished\":\"2025-01-12T10:35:39+00:00\",\"dateModified\":\"2025-07-09T16:37:15+00:00\",\"description\":\"IBU CUP 2024\/2025 - Auteure d'une prestation parfaite derri\u00e8re la carabine, Amandine Mengin s'est offert une seconde victoire en survolant la poursuite d'Arber (Allemagne).\",\"breadcrumb\":{\"@id\":\"https:\/\/dicodusport.fr\/blog\/ibu-cup-arber-amandine-mengin-survole-la-poursuite-voldiya-galmace-paulin-sur-le-podium\/#breadcrumb\"},\"inLanguage\":\"fr-FR\",\"potentialAction\":[{\"@type\":\"ReadAction\",\"target\":[\"https:\/\/dicodusport.fr\/blog\/ibu-cup-arber-amandine-mengin-survole-la-poursuite-voldiya-galmace-paulin-sur-le-podium\/\"]}]},{\"@type\":\"ImageObject\",\"inLanguage\":\"fr-FR\",\"@id\":\"https:\/\/dicodusport.fr\/blog\/ibu-cup-arber-amandine-mengin-survole-la-poursuite-voldiya-galmace-paulin-sur-le-podium\/#primaryimage\",\"url\":\"https:\/\/dicodusport.fr\/blog\/wp-content\/uploads\/2025\/01\/IBU-Cup-Arber-Amandine-Mengin-survole-la-poursuite-Voldiya-Galmace-Paulin-sur-le-podium-1.png\",\"contentUrl\":\"https:\/\/dicodusport.fr\/blog\/wp-content\/uploads\/2025\/01\/IBU-Cup-Arber-Amandine-Mengin-survole-la-poursuite-Voldiya-Galmace-Paulin-sur-le-podium-1.png\",\"width\":1200,\"height\":674,\"caption\":\"IBU Cup Arber Amandine Mengin survole la poursuite, Voldiya Galmace Paulin sur le podium (1)\"},{\"@type\":\"BreadcrumbList\",\"@id\":\"https:\/\/dicodusport.fr\/blog\/ibu-cup-arber-amandine-mengin-survole-la-poursuite-voldiya-galmace-paulin-sur-le-podium\/#breadcrumb\",\"itemListElement\":[{\"@type\":\"ListItem\",\"position\":1,\"name\":\"Accueil\",\"item\":\"https:\/\/dicodusport.fr\/blog\/\"},{\"@type\":\"ListItem\",\"position\":2,\"name\":\"IBU Cup Arber : Amandine Mengin survole la poursuite, Voldiya Galmace Paulin sur le podium\"}]},{\"@type\":\"WebSite\",\"@id\":\"https:\/\/dicodusport.fr\/blog\/#website\",\"url\":\"https:\/\/dicodusport.fr\/blog\/\",\"name\":\"Dicodusport\",\"description\":\"L&#039;encyclop\u00e9die de l&#039;actualit\u00e9 sportive\",\"publisher\":{\"@id\":\"https:\/\/dicodusport.fr\/blog\/#organization\"},\"potentialAction\":[{\"@type\":\"SearchAction\",\"target\":{\"@type\":\"EntryPoint\",\"urlTemplate\":\"https:\/\/dicodusport.fr\/blog\/?s={search_term_string}\"},\"query-input\":{\"@type\":\"PropertyValueSpecification\",\"valueRequired\":true,\"valueName\":\"search_term_string\"}}],\"inLanguage\":\"fr-FR\"},{\"@type\":\"NewsMediaOrganization\",\"@id\":\"https:\/\/dicodusport.fr\/blog\/#organization\",\"name\":\"Dicodusport\",\"url\":\"https:\/\/dicodusport.fr\/blog\/\",\"logo\":{\"@type\":\"ImageObject\",\"inLanguage\":\"fr-FR\",\"@id\":\"https:\/\/dicodusport.fr\/blog\/#\/schema\/logo\/image\/\",\"url\":\"https:\/\/dicodusport.fr\/blog\/wp-content\/uploads\/2020\/06\/cropped-LOGO-DICODUSPORT-2020-SANS-FOND-SANS-TEXTE.png\",\"contentUrl\":\"https:\/\/dicodusport.fr\/blog\/wp-content\/uploads\/2020\/06\/cropped-LOGO-DICODUSPORT-2020-SANS-FOND-SANS-TEXTE.png\",\"width\":512,\"height\":512,\"caption\":\"Dicodusport\"},\"image\":{\"@id\":\"https:\/\/dicodusport.fr\/blog\/#\/schema\/logo\/image\/\"},\"sameAs\":[\"https:\/\/www.facebook.com\/dicodusport\",\"https:\/\/x.com\/dicodusport\",\"https:\/\/www.instagram.com\/dicodusport\/\",\"https:\/\/www.youtube.com\/channel\/UC7V2KZ5sd3htJivAbA4ZG3w\"],\"description\":\"Dicodusport est l'encyclop\u00e9die de l'actualit\u00e9 sportive.\",\"email\":\"bonjour@dicodusport.fr\",\"legalName\":\"DICODUSPORT\",\"foundingDate\":\"2018-01-14\",\"vatID\":\"FR71834470973\",\"taxID\":\"83447097300043\",\"numberOfEmployees\":{\"@type\":\"QuantitativeValue\",\"minValue\":\"1\",\"maxValue\":\"10\"}},{\"@type\":\"Person\",\"@id\":\"https:\/\/dicodusport.fr\/blog\/#\/schema\/person\/54b6cdccebdfcd5a1036c594aecffc2a\",\"name\":\"Louka Lesueur\",\"image\":{\"@type\":\"ImageObject\",\"inLanguage\":\"fr-FR\",\"@id\":\"https:\/\/dicodusport.fr\/blog\/#\/schema\/person\/image\/\",\"url\":\"https:\/\/dicodusport.fr\/blog\/wp-content\/uploads\/2023\/09\/IMG_2783-150x150.jpeg\",\"contentUrl\":\"https:\/\/dicodusport.fr\/blog\/wp-content\/uploads\/2023\/09\/IMG_2783-150x150.jpeg\",\"caption\":\"Louka Lesueur\"},\"description\":\"Passionn\u00e9 depuis tout petit par les exploits de Bolt, Fourcade, Riner, Lavillenie, Wilkinson, Hirscher. Les \u00e9motions provoqu\u00e9es par le sport ont berc\u00e9 mon enfance et continuent de le faire aujourd'hui. C'est ainsi qu'il m'est arriv\u00e9 de pleurer devant la d\u00e9faite des Bleus face aux Blacks en 2011, ou encore devant le titre olympique de Florent Manaudou \u00e0 Londres. Bien loin de ce milieu professionnel, j'ai os\u00e9 tenter ma chance pour rejoindre l'\u00e9quipe de r\u00e9daction de Dicodusport, et depuis septembre 2023, je tente de retransmettre au mieux les exploits des athl\u00e8tes, tous sports confondus. Grand chauvin, c'est bel et bien sur les sportifs tricolores que je pr\u00e9f\u00e8re \u00e9crire.\",\"sameAs\":[\"https:\/\/x.com\/https:\/\/twitter.com\/LNewsSF\"],\"gender\":\"Homme\",\"worksFor\":\"Louka LESUEUR\",\"url\":\"https:\/\/dicodusport.fr\/blog\/author\/louka-lesueur\/\"}]}<\/script>\n<!-- \/ Yoast SEO Premium plugin. -->","yoast_head_json":{"title":"IBU Cup Arber : Amandine Mengin survole la poursuite, Voldiya Galmace Paulin sur le podium","description":"IBU CUP 2024\/2025 - Auteure d'une prestation parfaite derri\u00e8re la carabine, Amandine Mengin s'est offert une seconde victoire en survolant la poursuite d'Arber (Allemagne).","robots":{"index":"index","follow":"follow","max-snippet":"max-snippet:-1","max-image-preview":"max-image-preview:large","max-video-preview":"max-video-preview:-1"},"canonical":"https:\/\/dicodusport.fr\/blog\/ibu-cup-arber-amandine-mengin-survole-la-poursuite-voldiya-galmace-paulin-sur-le-podium\/","og_locale":"fr_FR","og_type":"article","og_title":"IBU Cup Arber : Amandine Mengin survole la poursuite, Voldiya Galmace Paulin sur le podium","og_description":"IBU CUP 2024\/2025 - Auteure d'une prestation parfaite derri\u00e8re la carabine, Amandine Mengin s'est offert une seconde victoire en survolant la poursuite d'Arber (Allemagne).","og_url":"https:\/\/dicodusport.fr\/blog\/ibu-cup-arber-amandine-mengin-survole-la-poursuite-voldiya-galmace-paulin-sur-le-podium\/","og_site_name":"Dicodusport","article_publisher":"https:\/\/www.facebook.com\/dicodusport","article_published_time":"2025-01-12T10:35:39+00:00","article_modified_time":"2025-07-09T16:37:15+00:00","og_image":[{"width":1200,"height":674,"url":"https:\/\/dicodusport.fr\/blog\/wp-content\/uploads\/2025\/01\/IBU-Cup-Arber-Amandine-Mengin-survole-la-poursuite-Voldiya-Galmace-Paulin-sur-le-podium-1.png","type":"image\/png"}],"author":"Louka Lesueur","twitter_card":"summary_large_image","twitter_title":"IBU Cup Arber : Amandine Mengin survole la poursuite, Voldiya Galmace Paulin sur le podium","twitter_creator":"@https:\/\/twitter.com\/LNewsSF","twitter_site":"@dicodusport","schema":{"@context":"https:\/\/schema.org","@graph":[{"@type":"NewsArticle","@id":"https:\/\/dicodusport.fr\/blog\/ibu-cup-arber-amandine-mengin-survole-la-poursuite-voldiya-galmace-paulin-sur-le-podium\/#article","isPartOf":{"@id":"https:\/\/dicodusport.fr\/blog\/ibu-cup-arber-amandine-mengin-survole-la-poursuite-voldiya-galmace-paulin-sur-le-podium\/"},"author":{"name":"Louka Lesueur","@id":"https:\/\/dicodusport.fr\/blog\/#\/schema\/person\/54b6cdccebdfcd5a1036c594aecffc2a"},"headline":"IBU Cup Arber : Amandine Mengin survole la poursuite, Voldiya Galmace Paulin sur le podium","datePublished":"2025-01-12T10:35:39+00:00","dateModified":"2025-07-09T16:37:15+00:00","mainEntityOfPage":{"@id":"https:\/\/dicodusport.fr\/blog\/ibu-cup-arber-amandine-mengin-survole-la-poursuite-voldiya-galmace-paulin-sur-le-podium\/"},"wordCount":524,"commentCount":0,"publisher":{"@id":"https:\/\/dicodusport.fr\/blog\/#organization"},"image":{"@id":"https:\/\/dicodusport.fr\/blog\/ibu-cup-arber-amandine-mengin-survole-la-poursuite-voldiya-galmace-paulin-sur-le-podium\/#primaryimage"},"thumbnailUrl":"https:\/\/dicodusport.fr\/blog\/wp-content\/uploads\/2025\/01\/IBU-Cup-Arber-Amandine-Mengin-survole-la-poursuite-Voldiya-Galmace-Paulin-sur-le-podium-1.png","keywords":["actu","Amandine Mengin","Biathlon","br\u00e8ve","Voldiya Galmace Paulin"],"articleSection":["Biathlon"],"inLanguage":"fr-FR","potentialAction":[{"@type":"CommentAction","name":"Comment","target":["https:\/\/dicodusport.fr\/blog\/ibu-cup-arber-amandine-mengin-survole-la-poursuite-voldiya-galmace-paulin-sur-le-podium\/#respond"]}],"copyrightYear":"2025","copyrightHolder":{"@id":"https:\/\/dicodusport.fr\/blog\/#organization"}},{"@type":"WebPage","@id":"https:\/\/dicodusport.fr\/blog\/ibu-cup-arber-amandine-mengin-survole-la-poursuite-voldiya-galmace-paulin-sur-le-podium\/","url":"https:\/\/dicodusport.fr\/blog\/ibu-cup-arber-amandine-mengin-survole-la-poursuite-voldiya-galmace-paulin-sur-le-podium\/","name":"IBU Cup Arber : Amandine Mengin survole la poursuite, Voldiya Galmace Paulin sur le podium","isPartOf":{"@id":"https:\/\/dicodusport.fr\/blog\/#website"},"primaryImageOfPage":{"@id":"https:\/\/dicodusport.fr\/blog\/ibu-cup-arber-amandine-mengin-survole-la-poursuite-voldiya-galmace-paulin-sur-le-podium\/#primaryimage"},"image":{"@id":"https:\/\/dicodusport.fr\/blog\/ibu-cup-arber-amandine-mengin-survole-la-poursuite-voldiya-galmace-paulin-sur-le-podium\/#primaryimage"},"thumbnailUrl":"https:\/\/dicodusport.fr\/blog\/wp-content\/uploads\/2025\/01\/IBU-Cup-Arber-Amandine-Mengin-survole-la-poursuite-Voldiya-Galmace-Paulin-sur-le-podium-1.png","datePublished":"2025-01-12T10:35:39+00:00","dateModified":"2025-07-09T16:37:15+00:00","description":"IBU CUP 2024\/2025 - Auteure d'une prestation parfaite derri\u00e8re la carabine, Amandine Mengin s'est offert une seconde victoire en survolant la poursuite d'Arber (Allemagne).","breadcrumb":{"@id":"https:\/\/dicodusport.fr\/blog\/ibu-cup-arber-amandine-mengin-survole-la-poursuite-voldiya-galmace-paulin-sur-le-podium\/#breadcrumb"},"inLanguage":"fr-FR","potentialAction":[{"@type":"ReadAction","target":["https:\/\/dicodusport.fr\/blog\/ibu-cup-arber-amandine-mengin-survole-la-poursuite-voldiya-galmace-paulin-sur-le-podium\/"]}]},{"@type":"ImageObject","inLanguage":"fr-FR","@id":"https:\/\/dicodusport.fr\/blog\/ibu-cup-arber-amandine-mengin-survole-la-poursuite-voldiya-galmace-paulin-sur-le-podium\/#primaryimage","url":"https:\/\/dicodusport.fr\/blog\/wp-content\/uploads\/2025\/01\/IBU-Cup-Arber-Amandine-Mengin-survole-la-poursuite-Voldiya-Galmace-Paulin-sur-le-podium-1.png","contentUrl":"https:\/\/dicodusport.fr\/blog\/wp-content\/uploads\/2025\/01\/IBU-Cup-Arber-Amandine-Mengin-survole-la-poursuite-Voldiya-Galmace-Paulin-sur-le-podium-1.png","width":1200,"height":674,"caption":"IBU Cup Arber Amandine Mengin survole la poursuite, Voldiya Galmace Paulin sur le podium (1)"},{"@type":"BreadcrumbList","@id":"https:\/\/dicodusport.fr\/blog\/ibu-cup-arber-amandine-mengin-survole-la-poursuite-voldiya-galmace-paulin-sur-le-podium\/#breadcrumb","itemListElement":[{"@type":"ListItem","position":1,"name":"Accueil","item":"https:\/\/dicodusport.fr\/blog\/"},{"@type":"ListItem","position":2,"name":"IBU Cup Arber : Amandine Mengin survole la poursuite, Voldiya Galmace Paulin sur le podium"}]},{"@type":"WebSite","@id":"https:\/\/dicodusport.fr\/blog\/#website","url":"https:\/\/dicodusport.fr\/blog\/","name":"Dicodusport","description":"L&#039;encyclop\u00e9die de l&#039;actualit\u00e9 sportive","publisher":{"@id":"https:\/\/dicodusport.fr\/blog\/#organization"},"potentialAction":[{"@type":"SearchAction","target":{"@type":"EntryPoint","urlTemplate":"https:\/\/dicodusport.fr\/blog\/?s={search_term_string}"},"query-input":{"@type":"PropertyValueSpecification","valueRequired":true,"valueName":"search_term_string"}}],"inLanguage":"fr-FR"},{"@type":"NewsMediaOrganization","@id":"https:\/\/dicodusport.fr\/blog\/#organization","name":"Dicodusport","url":"https:\/\/dicodusport.fr\/blog\/","logo":{"@type":"ImageObject","inLanguage":"fr-FR","@id":"https:\/\/dicodusport.fr\/blog\/#\/schema\/logo\/image\/","url":"https:\/\/dicodusport.fr\/blog\/wp-content\/uploads\/2020\/06\/cropped-LOGO-DICODUSPORT-2020-SANS-FOND-SANS-TEXTE.png","contentUrl":"https:\/\/dicodusport.fr\/blog\/wp-content\/uploads\/2020\/06\/cropped-LOGO-DICODUSPORT-2020-SANS-FOND-SANS-TEXTE.png","width":512,"height":512,"caption":"Dicodusport"},"image":{"@id":"https:\/\/dicodusport.fr\/blog\/#\/schema\/logo\/image\/"},"sameAs":["https:\/\/www.facebook.com\/dicodusport","https:\/\/x.com\/dicodusport","https:\/\/www.instagram.com\/dicodusport\/","https:\/\/www.youtube.com\/channel\/UC7V2KZ5sd3htJivAbA4ZG3w"],"description":"Dicodusport est l'encyclop\u00e9die de l'actualit\u00e9 sportive.","email":"bonjour@dicodusport.fr","legalName":"DICODUSPORT","foundingDate":"2018-01-14","vatID":"FR71834470973","taxID":"83447097300043","numberOfEmployees":{"@type":"QuantitativeValue","minValue":"1","maxValue":"10"}},{"@type":"Person","@id":"https:\/\/dicodusport.fr\/blog\/#\/schema\/person\/54b6cdccebdfcd5a1036c594aecffc2a","name":"Louka Lesueur","image":{"@type":"ImageObject","inLanguage":"fr-FR","@id":"https:\/\/dicodusport.fr\/blog\/#\/schema\/person\/image\/","url":"https:\/\/dicodusport.fr\/blog\/wp-content\/uploads\/2023\/09\/IMG_2783-150x150.jpeg","contentUrl":"https:\/\/dicodusport.fr\/blog\/wp-content\/uploads\/2023\/09\/IMG_2783-150x150.jpeg","caption":"Louka Lesueur"},"description":"Passionn\u00e9 depuis tout petit par les exploits de Bolt, Fourcade, Riner, Lavillenie, Wilkinson, Hirscher. Les \u00e9motions provoqu\u00e9es par le sport ont berc\u00e9 mon enfance et continuent de le faire aujourd'hui. C'est ainsi qu'il m'est arriv\u00e9 de pleurer devant la d\u00e9faite des Bleus face aux Blacks en 2011, ou encore devant le titre olympique de Florent Manaudou \u00e0 Londres. Bien loin de ce milieu professionnel, j'ai os\u00e9 tenter ma chance pour rejoindre l'\u00e9quipe de r\u00e9daction de Dicodusport, et depuis septembre 2023, je tente de retransmettre au mieux les exploits des athl\u00e8tes, tous sports confondus. Grand chauvin, c'est bel et bien sur les sportifs tricolores que je pr\u00e9f\u00e8re \u00e9crire.","sameAs":["https:\/\/x.com\/https:\/\/twitter.com\/LNewsSF"],"gender":"Homme","worksFor":"Louka LESUEUR","url":"https:\/\/dicodusport.fr\/blog\/author\/louka-lesueur\/"}]}},"_links":{"self":[{"href":"https:\/\/dicodusport.fr\/blog\/wp-json\/wp\/v2\/posts\/545827","targetHints":{"allow":["GET"]}}],"collection":[{"href":"https:\/\/dicodusport.fr\/blog\/wp-json\/wp\/v2\/posts"}],"about":[{"href":"https:\/\/dicodusport.fr\/blog\/wp-json\/wp\/v2\/types\/post"}],"author":[{"embeddable":true,"href":"https:\/\/dicodusport.fr\/blog\/wp-json\/wp\/v2\/users\/89"}],"replies":[{"embeddable":true,"href":"https:\/\/dicodusport.fr\/blog\/wp-json\/wp\/v2\/comments?post=545827"}],"version-history":[{"count":5,"href":"https:\/\/dicodusport.fr\/blog\/wp-json\/wp\/v2\/posts\/545827\/revisions"}],"predecessor-version":[{"id":545943,"href":"https:\/\/dicodusport.fr\/blog\/wp-json\/wp\/v2\/posts\/545827\/revisions\/545943"}],"wp:featuredmedia":[{"embeddable":true,"href":"https:\/\/dicodusport.fr\/blog\/wp-json\/wp\/v2\/media\/545942"}],"wp:attachment":[{"href":"https:\/\/dicodusport.fr\/blog\/wp-json\/wp\/v2\/media?parent=545827"}],"wp:term":[{"taxonomy":"category","embeddable":true,"href":"https:\/\/dicodusport.fr\/blog\/wp-json\/wp\/v2\/categories?post=545827"},{"taxonomy":"post_tag","embeddable":true,"href":"https:\/\/dicodusport.fr\/blog\/wp-json\/wp\/v2\/tags?post=545827"}],"curies":[{"name":"wp","href":"https:\/\/api.w.org\/{rel}","templated":true}]}}