{"id":545987,"date":"2025-01-12T16:44:26","date_gmt":"2025-01-12T15:44:26","guid":{"rendered":"https:\/\/dicodusport.fr\/blog\/?p=545987&#038;preview=true&#038;preview_id=545987"},"modified":"2025-01-12T19:08:09","modified_gmt":"2025-01-12T18:08:09","slug":"cyclo-cross-championnats-de-france-la-demonstration-de-clement-venturini","status":"publish","type":"post","link":"https:\/\/dicodusport.fr\/blog\/cyclo-cross-championnats-de-france-la-demonstration-de-clement-venturini\/","title":{"rendered":"Cyclo-cross Championnats de France : La d\u00e9monstration de Cl\u00e9ment Venturini"},"content":{"rendered":"<h4 style=\"text-align: justify;\"><em>CHAMPIONNATS DE FRANCE DE CYCLO-CROSS 2025 &#8211; En t\u00eate d\u00e8s le premier virage, Cl\u00e9ment Venturini (Ark\u00e9a-B&amp;B Hotels) a remport\u00e9 son septi\u00e8me titre de champion de France de cyclo-cross, \u00e0 Pontch\u00e2teau, en Loire-Atlantique, dimanche.\u00a0<\/em><\/h4>\n<ul>\n<li style=\"text-align: justify;\"><strong>\u00c0 ce sujet &#8211; <a href=\"https:\/\/dicodusport.fr\/blog\/classement-course-hommes-cyclo-cross-championnats-de-france-2025\/\">Classement course hommes Cyclo-cross Championnats de France 2025<\/a><\/strong><\/li>\n<\/ul>\n<p style=\"text-align: justify;\">D&rsquo;abord, <strong>Cl\u00e9ment Venturini<\/strong> a pris un gros d\u00e9part et rapidement creus\u00e9 un petit trou sur <strong>Fabien Doubey, David Menut<\/strong> et<strong> Joshua Dubau<\/strong>. Apr\u00e8s deux tours, le trio de chasse avait 24 secondes de retard sur l&rsquo;homme de t\u00eate. <strong>Th\u00e9o Thomas<\/strong>, qui a \u00e9t\u00e9 le seul \u00e0 suivre un temps Venturini sur le premier tour, a explos\u00e9 et est descendu au treizi\u00e8me rang. La hi\u00e9rarchie est d\u00e9j\u00e0 presque fig\u00e9e pour les quatre premi\u00e8res places.<\/p>\n<p style=\"text-align: justify;\">Ensuite,<strong> Joshua Dubau<\/strong> et <strong>Fabien Doubey<\/strong> ont profit\u00e9 de la fin du troisi\u00e8me tour pour se lancer \u00e0 la poursuite de <strong>Cl\u00e9ment Venturini<\/strong>. Ce duo a repris huit secondes dans la premi\u00e8re partie du circuit avant de les reperdre dans la seconde moiti\u00e9. Venturini a sans doute repris son souffle apr\u00e8s un gros d\u00e9but de course, avec un premier tour en 7 minutes 13.<\/p>\n<h2 style=\"text-align: justify;\">Doubey, Dubau et Menut impuissants face \u00e0 Venturini<\/h2>\n<p style=\"text-align: justify;\">Puis, le vainqueur de la Coupe de France de cyclo-cross, <strong>David Menut<\/strong>, a vu son \u00e9cart s&rsquo;accro\u00eetre en sa d\u00e9faveur dans la lutte pour le podium. <strong>Cl\u00e9ment Venturini<\/strong> a chang\u00e9 pour la premi\u00e8re fois son v\u00e9lo lors du sixi\u00e8me tour.<\/p>\n<p style=\"text-align: justify;\">Par la suite, <strong>Cl\u00e9ment Venturini<\/strong> a maintenu son avance sur <strong>Joshua Dubau<\/strong>, plus \u00e0 l&rsquo;aise sur la fin du circuit, et sur <strong>Fabien Doubey. Joshua Dubau<\/strong> a r\u00e9ussi \u00e0 se d\u00e9barrasser de <strong>Fabien Doubey<\/strong>, dans l&rsquo;avant-dernier tour, dans la qu\u00eate pour la m\u00e9daille d&rsquo;argent.<\/p>\n<blockquote class=\"twitter-tweet\">\n<p dir=\"ltr\" lang=\"fr\">Apr\u00e8s 2017, 2019, 2020, 2021, 2023 et 2024, Cl\u00e9ment Venturini \ud83c\uddeb\ud83c\uddf7 a \u00e9t\u00e9 chercher un septi\u00e8me maillot tricolore chez les \u00e9lites en <a href=\"https:\/\/twitter.com\/hashtag\/cyclocross?src=hash&amp;ref_src=twsrc%5Etfw\">#cyclocross<\/a> . Joshua Dubau a pris la deuxi\u00e8me place \u00e0 21 secondes. Fabien Doubey a compl\u00e9t\u00e9 le podium \u00e0 39 secondes. <a href=\"https:\/\/twitter.com\/hashtag\/cx?src=hash&amp;ref_src=twsrc%5Etfw\">#cx<\/a> <a href=\"https:\/\/twitter.com\/hashtag\/veldrijden?src=hash&amp;ref_src=twsrc%5Etfw\">#veldrijden<\/a> <a href=\"https:\/\/t.co\/g2TZapVKfh\">pic.twitter.com\/g2TZapVKfh<\/a><\/p>\n<p>\u2014 \ud83d\udeb4 Les Rois du Peloton \ud83d\udeb2 (@LRoisDuPeloton) <a href=\"https:\/\/twitter.com\/LRoisDuPeloton\/status\/1878469360324399499?ref_src=twsrc%5Etfw\">January 12, 2025<\/a><\/p><\/blockquote>\n<p><script async src=\"https:\/\/platform.twitter.com\/widgets.js\" charset=\"utf-8\"><\/script><\/p>\n<p style=\"text-align: justify;\">Apr\u00e8s 2017, 2019, 2020, 2021, 2023 et 2024,<strong> Cl\u00e9ment Venturini<\/strong> d\u00e9croche un septi\u00e8me maillot tricolore chez les \u00e9lites. <strong>Joshua Dubau<\/strong> a pris la deuxi\u00e8me place \u00e0 21 secondes. <strong>Fabien Doubey<\/strong> a compl\u00e9t\u00e9 le podium \u00e0 39 secondes.<\/p>\n<p style=\"text-align: justify;\">\n","protected":false},"excerpt":{"rendered":"<p>La d\u00e9monstration de Cl\u00e9ment Venturini<\/p>\n","protected":false},"author":48,"featured_media":546065,"comment_status":"open","ping_status":"closed","sticky":false,"template":"","format":"standard","meta":{"_acf_changed":false,"_daextam_enable_autolinks":"1","footnotes":""},"categories":[9611],"tags":[16878],"class_list":["post-545987","post","type-post","status-publish","format-standard","has-post-thumbnail","hentry","category-cyclo-cross","tag-breve"],"acf":[],"yoast_head":"<!-- This site is optimized with the Yoast SEO Premium plugin v26.7 (Yoast SEO v26.7) - https:\/\/yoast.com\/wordpress\/plugins\/seo\/ -->\n<title>Cyclo-cross Championnats de France : La d\u00e9monstration de Cl\u00e9ment Venturini<\/title>\n<meta name=\"description\" content=\"Cl\u00e9ment Venturini (Ark\u00e9a-B&amp;B Hotels) a remport\u00e9 son septi\u00e8me titre de champion de France de cyclo-cross, \u00e0 Pontch\u00e2teau, en Loire-Atlantique, dimanche.\u00a0\" \/>\n<meta name=\"robots\" content=\"index, follow, max-snippet:-1, max-image-preview:large, max-video-preview:-1\" \/>\n<link rel=\"canonical\" href=\"https:\/\/dicodusport.fr\/blog\/cyclo-cross-championnats-de-france-la-demonstration-de-clement-venturini\/\" \/>\n<meta property=\"og:locale\" content=\"fr_FR\" \/>\n<meta property=\"og:type\" content=\"article\" \/>\n<meta property=\"og:title\" content=\"Cyclo-cross Championnats de France : La d\u00e9monstration de Cl\u00e9ment Venturini\" \/>\n<meta property=\"og:description\" content=\"Cl\u00e9ment Venturini (Ark\u00e9a-B&amp;B Hotels) a remport\u00e9 son septi\u00e8me titre de champion de France de cyclo-cross, \u00e0 Pontch\u00e2teau, en Loire-Atlantique, dimanche.\u00a0\" \/>\n<meta property=\"og:url\" content=\"https:\/\/dicodusport.fr\/blog\/cyclo-cross-championnats-de-france-la-demonstration-de-clement-venturini\/\" \/>\n<meta property=\"og:site_name\" content=\"Dicodusport\" \/>\n<meta property=\"article:publisher\" content=\"https:\/\/www.facebook.com\/dicodusport\" \/>\n<meta property=\"article:author\" content=\"https:\/\/www.facebook.com\/groups\/LesRoisDuPeloton\" \/>\n<meta property=\"article:published_time\" content=\"2025-01-12T15:44:26+00:00\" \/>\n<meta property=\"article:modified_time\" content=\"2025-01-12T18:08:09+00:00\" \/>\n<meta property=\"og:image\" content=\"https:\/\/dicodusport.fr\/blog\/wp-content\/uploads\/2025\/01\/Cyclo-cross-Championnats-de-France-La-demonstration-de-Clement-Venturini.png\" \/>\n\t<meta property=\"og:image:width\" content=\"1200\" \/>\n\t<meta property=\"og:image:height\" content=\"674\" \/>\n\t<meta property=\"og:image:type\" content=\"image\/png\" \/>\n<meta name=\"author\" content=\"Emilien Descampiaux\" \/>\n<meta name=\"twitter:card\" content=\"summary_large_image\" \/>\n<meta name=\"twitter:title\" content=\"Cyclo-cross Championnats de France : La d\u00e9monstration de Cl\u00e9ment Venturini\" \/>\n<meta name=\"twitter:creator\" content=\"@https:\/\/twitter.com\/LRoisDuPeloton\" \/>\n<meta name=\"twitter:site\" content=\"@dicodusport\" \/>\n<script type=\"application\/ld+json\" class=\"yoast-schema-graph\">{\"@context\":\"https:\/\/schema.org\",\"@graph\":[{\"@type\":\"NewsArticle\",\"@id\":\"https:\/\/dicodusport.fr\/blog\/cyclo-cross-championnats-de-france-la-demonstration-de-clement-venturini\/#article\",\"isPartOf\":{\"@id\":\"https:\/\/dicodusport.fr\/blog\/cyclo-cross-championnats-de-france-la-demonstration-de-clement-venturini\/\"},\"author\":{\"name\":\"Emilien Descampiaux\",\"@id\":\"https:\/\/dicodusport.fr\/blog\/#\/schema\/person\/6db4bae06b171592211be385b32876a7\"},\"headline\":\"Cyclo-cross Championnats de France : La d\u00e9monstration de Cl\u00e9ment Venturini\",\"datePublished\":\"2025-01-12T15:44:26+00:00\",\"dateModified\":\"2025-01-12T18:08:09+00:00\",\"mainEntityOfPage\":{\"@id\":\"https:\/\/dicodusport.fr\/blog\/cyclo-cross-championnats-de-france-la-demonstration-de-clement-venturini\/\"},\"wordCount\":395,\"commentCount\":0,\"publisher\":{\"@id\":\"https:\/\/dicodusport.fr\/blog\/#organization\"},\"image\":{\"@id\":\"https:\/\/dicodusport.fr\/blog\/cyclo-cross-championnats-de-france-la-demonstration-de-clement-venturini\/#primaryimage\"},\"thumbnailUrl\":\"https:\/\/dicodusport.fr\/blog\/wp-content\/uploads\/2025\/01\/Cyclo-cross-Championnats-de-France-La-demonstration-de-Clement-Venturini.png\",\"keywords\":[\"br\u00e8ve\"],\"articleSection\":[\"Cyclo-cross\"],\"inLanguage\":\"fr-FR\",\"potentialAction\":[{\"@type\":\"CommentAction\",\"name\":\"Comment\",\"target\":[\"https:\/\/dicodusport.fr\/blog\/cyclo-cross-championnats-de-france-la-demonstration-de-clement-venturini\/#respond\"]}],\"copyrightYear\":\"2025\",\"copyrightHolder\":{\"@id\":\"https:\/\/dicodusport.fr\/blog\/#organization\"}},{\"@type\":\"WebPage\",\"@id\":\"https:\/\/dicodusport.fr\/blog\/cyclo-cross-championnats-de-france-la-demonstration-de-clement-venturini\/\",\"url\":\"https:\/\/dicodusport.fr\/blog\/cyclo-cross-championnats-de-france-la-demonstration-de-clement-venturini\/\",\"name\":\"Cyclo-cross Championnats de France : La d\u00e9monstration de Cl\u00e9ment Venturini\",\"isPartOf\":{\"@id\":\"https:\/\/dicodusport.fr\/blog\/#website\"},\"primaryImageOfPage\":{\"@id\":\"https:\/\/dicodusport.fr\/blog\/cyclo-cross-championnats-de-france-la-demonstration-de-clement-venturini\/#primaryimage\"},\"image\":{\"@id\":\"https:\/\/dicodusport.fr\/blog\/cyclo-cross-championnats-de-france-la-demonstration-de-clement-venturini\/#primaryimage\"},\"thumbnailUrl\":\"https:\/\/dicodusport.fr\/blog\/wp-content\/uploads\/2025\/01\/Cyclo-cross-Championnats-de-France-La-demonstration-de-Clement-Venturini.png\",\"datePublished\":\"2025-01-12T15:44:26+00:00\",\"dateModified\":\"2025-01-12T18:08:09+00:00\",\"description\":\"Cl\u00e9ment Venturini (Ark\u00e9a-B&B Hotels) a remport\u00e9 son septi\u00e8me titre de champion de France de cyclo-cross, \u00e0 Pontch\u00e2teau, en Loire-Atlantique, dimanche.\u00a0\",\"breadcrumb\":{\"@id\":\"https:\/\/dicodusport.fr\/blog\/cyclo-cross-championnats-de-france-la-demonstration-de-clement-venturini\/#breadcrumb\"},\"inLanguage\":\"fr-FR\",\"potentialAction\":[{\"@type\":\"ReadAction\",\"target\":[\"https:\/\/dicodusport.fr\/blog\/cyclo-cross-championnats-de-france-la-demonstration-de-clement-venturini\/\"]}]},{\"@type\":\"ImageObject\",\"inLanguage\":\"fr-FR\",\"@id\":\"https:\/\/dicodusport.fr\/blog\/cyclo-cross-championnats-de-france-la-demonstration-de-clement-venturini\/#primaryimage\",\"url\":\"https:\/\/dicodusport.fr\/blog\/wp-content\/uploads\/2025\/01\/Cyclo-cross-Championnats-de-France-La-demonstration-de-Clement-Venturini.png\",\"contentUrl\":\"https:\/\/dicodusport.fr\/blog\/wp-content\/uploads\/2025\/01\/Cyclo-cross-Championnats-de-France-La-demonstration-de-Clement-Venturini.png\",\"width\":1200,\"height\":674,\"caption\":\"Cyclo-cross Championnats de France La d\u00e9monstration de Cl\u00e9ment Venturini\"},{\"@type\":\"BreadcrumbList\",\"@id\":\"https:\/\/dicodusport.fr\/blog\/cyclo-cross-championnats-de-france-la-demonstration-de-clement-venturini\/#breadcrumb\",\"itemListElement\":[{\"@type\":\"ListItem\",\"position\":1,\"name\":\"Accueil\",\"item\":\"https:\/\/dicodusport.fr\/blog\/\"},{\"@type\":\"ListItem\",\"position\":2,\"name\":\"Cyclo-cross Championnats de France : La d\u00e9monstration de Cl\u00e9ment Venturini\"}]},{\"@type\":\"WebSite\",\"@id\":\"https:\/\/dicodusport.fr\/blog\/#website\",\"url\":\"https:\/\/dicodusport.fr\/blog\/\",\"name\":\"Dicodusport\",\"description\":\"L&#039;encyclop\u00e9die de l&#039;actualit\u00e9 sportive\",\"publisher\":{\"@id\":\"https:\/\/dicodusport.fr\/blog\/#organization\"},\"potentialAction\":[{\"@type\":\"SearchAction\",\"target\":{\"@type\":\"EntryPoint\",\"urlTemplate\":\"https:\/\/dicodusport.fr\/blog\/?s={search_term_string}\"},\"query-input\":{\"@type\":\"PropertyValueSpecification\",\"valueRequired\":true,\"valueName\":\"search_term_string\"}}],\"inLanguage\":\"fr-FR\"},{\"@type\":\"NewsMediaOrganization\",\"@id\":\"https:\/\/dicodusport.fr\/blog\/#organization\",\"name\":\"Dicodusport\",\"url\":\"https:\/\/dicodusport.fr\/blog\/\",\"logo\":{\"@type\":\"ImageObject\",\"inLanguage\":\"fr-FR\",\"@id\":\"https:\/\/dicodusport.fr\/blog\/#\/schema\/logo\/image\/\",\"url\":\"https:\/\/dicodusport.fr\/blog\/wp-content\/uploads\/2020\/06\/cropped-LOGO-DICODUSPORT-2020-SANS-FOND-SANS-TEXTE.png\",\"contentUrl\":\"https:\/\/dicodusport.fr\/blog\/wp-content\/uploads\/2020\/06\/cropped-LOGO-DICODUSPORT-2020-SANS-FOND-SANS-TEXTE.png\",\"width\":512,\"height\":512,\"caption\":\"Dicodusport\"},\"image\":{\"@id\":\"https:\/\/dicodusport.fr\/blog\/#\/schema\/logo\/image\/\"},\"sameAs\":[\"https:\/\/www.facebook.com\/dicodusport\",\"https:\/\/x.com\/dicodusport\",\"https:\/\/www.instagram.com\/dicodusport\/\",\"https:\/\/www.youtube.com\/channel\/UC7V2KZ5sd3htJivAbA4ZG3w\"],\"description\":\"Dicodusport est l'encyclop\u00e9die de l'actualit\u00e9 sportive.\",\"email\":\"bonjour@dicodusport.fr\",\"legalName\":\"DICODUSPORT\",\"foundingDate\":\"2018-01-14\",\"vatID\":\"FR71834470973\",\"taxID\":\"83447097300043\",\"numberOfEmployees\":{\"@type\":\"QuantitativeValue\",\"minValue\":\"1\",\"maxValue\":\"10\"}},{\"@type\":\"Person\",\"@id\":\"https:\/\/dicodusport.fr\/blog\/#\/schema\/person\/6db4bae06b171592211be385b32876a7\",\"name\":\"Emilien Descampiaux\",\"image\":{\"@type\":\"ImageObject\",\"inLanguage\":\"fr-FR\",\"@id\":\"https:\/\/dicodusport.fr\/blog\/#\/schema\/person\/image\/\",\"url\":\"https:\/\/dicodusport.fr\/blog\/wp-content\/uploads\/2021\/05\/Emilien-Descampiaux-150x150.jpg\",\"contentUrl\":\"https:\/\/dicodusport.fr\/blog\/wp-content\/uploads\/2021\/05\/Emilien-Descampiaux-150x150.jpg\",\"caption\":\"Emilien Descampiaux\"},\"description\":\"Journaliste\/r\u00e9dacteur depuis 2014 - Fan de la classe de Frank Vandenbroucke, je vis cyclisme (et de ses paysages) depuis plus de 20 ans. Je suis tr\u00e8s impliqu\u00e9 sur mes diff\u00e9rents r\u00e9seaux sociaux pour partager ma passion sur le monde et l'Histoire de la bicyclette avec ma voix sur les images en noir et blanc du succ\u00e8s de Rik Van Steenbergen lors du Ronde sur le V\u00e9lodrome de Gand.\",\"sameAs\":[\"https:\/\/www.facebook.com\/groups\/LesRoisDuPeloton\",\"https:\/\/x.com\/https:\/\/twitter.com\/LRoisDuPeloton\"],\"url\":\"https:\/\/dicodusport.fr\/blog\/author\/emiliend\/\"}]}<\/script>\n<!-- \/ Yoast SEO Premium plugin. -->","yoast_head_json":{"title":"Cyclo-cross Championnats de France : La d\u00e9monstration de Cl\u00e9ment Venturini","description":"Cl\u00e9ment Venturini (Ark\u00e9a-B&B Hotels) a remport\u00e9 son septi\u00e8me titre de champion de France de cyclo-cross, \u00e0 Pontch\u00e2teau, en Loire-Atlantique, dimanche.\u00a0","robots":{"index":"index","follow":"follow","max-snippet":"max-snippet:-1","max-image-preview":"max-image-preview:large","max-video-preview":"max-video-preview:-1"},"canonical":"https:\/\/dicodusport.fr\/blog\/cyclo-cross-championnats-de-france-la-demonstration-de-clement-venturini\/","og_locale":"fr_FR","og_type":"article","og_title":"Cyclo-cross Championnats de France : La d\u00e9monstration de Cl\u00e9ment Venturini","og_description":"Cl\u00e9ment Venturini (Ark\u00e9a-B&B Hotels) a remport\u00e9 son septi\u00e8me titre de champion de France de cyclo-cross, \u00e0 Pontch\u00e2teau, en Loire-Atlantique, dimanche.\u00a0","og_url":"https:\/\/dicodusport.fr\/blog\/cyclo-cross-championnats-de-france-la-demonstration-de-clement-venturini\/","og_site_name":"Dicodusport","article_publisher":"https:\/\/www.facebook.com\/dicodusport","article_author":"https:\/\/www.facebook.com\/groups\/LesRoisDuPeloton","article_published_time":"2025-01-12T15:44:26+00:00","article_modified_time":"2025-01-12T18:08:09+00:00","og_image":[{"width":1200,"height":674,"url":"https:\/\/dicodusport.fr\/blog\/wp-content\/uploads\/2025\/01\/Cyclo-cross-Championnats-de-France-La-demonstration-de-Clement-Venturini.png","type":"image\/png"}],"author":"Emilien Descampiaux","twitter_card":"summary_large_image","twitter_title":"Cyclo-cross Championnats de France : La d\u00e9monstration de Cl\u00e9ment Venturini","twitter_creator":"@https:\/\/twitter.com\/LRoisDuPeloton","twitter_site":"@dicodusport","schema":{"@context":"https:\/\/schema.org","@graph":[{"@type":"NewsArticle","@id":"https:\/\/dicodusport.fr\/blog\/cyclo-cross-championnats-de-france-la-demonstration-de-clement-venturini\/#article","isPartOf":{"@id":"https:\/\/dicodusport.fr\/blog\/cyclo-cross-championnats-de-france-la-demonstration-de-clement-venturini\/"},"author":{"name":"Emilien Descampiaux","@id":"https:\/\/dicodusport.fr\/blog\/#\/schema\/person\/6db4bae06b171592211be385b32876a7"},"headline":"Cyclo-cross Championnats de France : La d\u00e9monstration de Cl\u00e9ment Venturini","datePublished":"2025-01-12T15:44:26+00:00","dateModified":"2025-01-12T18:08:09+00:00","mainEntityOfPage":{"@id":"https:\/\/dicodusport.fr\/blog\/cyclo-cross-championnats-de-france-la-demonstration-de-clement-venturini\/"},"wordCount":395,"commentCount":0,"publisher":{"@id":"https:\/\/dicodusport.fr\/blog\/#organization"},"image":{"@id":"https:\/\/dicodusport.fr\/blog\/cyclo-cross-championnats-de-france-la-demonstration-de-clement-venturini\/#primaryimage"},"thumbnailUrl":"https:\/\/dicodusport.fr\/blog\/wp-content\/uploads\/2025\/01\/Cyclo-cross-Championnats-de-France-La-demonstration-de-Clement-Venturini.png","keywords":["br\u00e8ve"],"articleSection":["Cyclo-cross"],"inLanguage":"fr-FR","potentialAction":[{"@type":"CommentAction","name":"Comment","target":["https:\/\/dicodusport.fr\/blog\/cyclo-cross-championnats-de-france-la-demonstration-de-clement-venturini\/#respond"]}],"copyrightYear":"2025","copyrightHolder":{"@id":"https:\/\/dicodusport.fr\/blog\/#organization"}},{"@type":"WebPage","@id":"https:\/\/dicodusport.fr\/blog\/cyclo-cross-championnats-de-france-la-demonstration-de-clement-venturini\/","url":"https:\/\/dicodusport.fr\/blog\/cyclo-cross-championnats-de-france-la-demonstration-de-clement-venturini\/","name":"Cyclo-cross Championnats de France : La d\u00e9monstration de Cl\u00e9ment Venturini","isPartOf":{"@id":"https:\/\/dicodusport.fr\/blog\/#website"},"primaryImageOfPage":{"@id":"https:\/\/dicodusport.fr\/blog\/cyclo-cross-championnats-de-france-la-demonstration-de-clement-venturini\/#primaryimage"},"image":{"@id":"https:\/\/dicodusport.fr\/blog\/cyclo-cross-championnats-de-france-la-demonstration-de-clement-venturini\/#primaryimage"},"thumbnailUrl":"https:\/\/dicodusport.fr\/blog\/wp-content\/uploads\/2025\/01\/Cyclo-cross-Championnats-de-France-La-demonstration-de-Clement-Venturini.png","datePublished":"2025-01-12T15:44:26+00:00","dateModified":"2025-01-12T18:08:09+00:00","description":"Cl\u00e9ment Venturini (Ark\u00e9a-B&B Hotels) a remport\u00e9 son septi\u00e8me titre de champion de France de cyclo-cross, \u00e0 Pontch\u00e2teau, en Loire-Atlantique, dimanche.\u00a0","breadcrumb":{"@id":"https:\/\/dicodusport.fr\/blog\/cyclo-cross-championnats-de-france-la-demonstration-de-clement-venturini\/#breadcrumb"},"inLanguage":"fr-FR","potentialAction":[{"@type":"ReadAction","target":["https:\/\/dicodusport.fr\/blog\/cyclo-cross-championnats-de-france-la-demonstration-de-clement-venturini\/"]}]},{"@type":"ImageObject","inLanguage":"fr-FR","@id":"https:\/\/dicodusport.fr\/blog\/cyclo-cross-championnats-de-france-la-demonstration-de-clement-venturini\/#primaryimage","url":"https:\/\/dicodusport.fr\/blog\/wp-content\/uploads\/2025\/01\/Cyclo-cross-Championnats-de-France-La-demonstration-de-Clement-Venturini.png","contentUrl":"https:\/\/dicodusport.fr\/blog\/wp-content\/uploads\/2025\/01\/Cyclo-cross-Championnats-de-France-La-demonstration-de-Clement-Venturini.png","width":1200,"height":674,"caption":"Cyclo-cross Championnats de France La d\u00e9monstration de Cl\u00e9ment Venturini"},{"@type":"BreadcrumbList","@id":"https:\/\/dicodusport.fr\/blog\/cyclo-cross-championnats-de-france-la-demonstration-de-clement-venturini\/#breadcrumb","itemListElement":[{"@type":"ListItem","position":1,"name":"Accueil","item":"https:\/\/dicodusport.fr\/blog\/"},{"@type":"ListItem","position":2,"name":"Cyclo-cross Championnats de France : La d\u00e9monstration de Cl\u00e9ment Venturini"}]},{"@type":"WebSite","@id":"https:\/\/dicodusport.fr\/blog\/#website","url":"https:\/\/dicodusport.fr\/blog\/","name":"Dicodusport","description":"L&#039;encyclop\u00e9die de l&#039;actualit\u00e9 sportive","publisher":{"@id":"https:\/\/dicodusport.fr\/blog\/#organization"},"potentialAction":[{"@type":"SearchAction","target":{"@type":"EntryPoint","urlTemplate":"https:\/\/dicodusport.fr\/blog\/?s={search_term_string}"},"query-input":{"@type":"PropertyValueSpecification","valueRequired":true,"valueName":"search_term_string"}}],"inLanguage":"fr-FR"},{"@type":"NewsMediaOrganization","@id":"https:\/\/dicodusport.fr\/blog\/#organization","name":"Dicodusport","url":"https:\/\/dicodusport.fr\/blog\/","logo":{"@type":"ImageObject","inLanguage":"fr-FR","@id":"https:\/\/dicodusport.fr\/blog\/#\/schema\/logo\/image\/","url":"https:\/\/dicodusport.fr\/blog\/wp-content\/uploads\/2020\/06\/cropped-LOGO-DICODUSPORT-2020-SANS-FOND-SANS-TEXTE.png","contentUrl":"https:\/\/dicodusport.fr\/blog\/wp-content\/uploads\/2020\/06\/cropped-LOGO-DICODUSPORT-2020-SANS-FOND-SANS-TEXTE.png","width":512,"height":512,"caption":"Dicodusport"},"image":{"@id":"https:\/\/dicodusport.fr\/blog\/#\/schema\/logo\/image\/"},"sameAs":["https:\/\/www.facebook.com\/dicodusport","https:\/\/x.com\/dicodusport","https:\/\/www.instagram.com\/dicodusport\/","https:\/\/www.youtube.com\/channel\/UC7V2KZ5sd3htJivAbA4ZG3w"],"description":"Dicodusport est l'encyclop\u00e9die de l'actualit\u00e9 sportive.","email":"bonjour@dicodusport.fr","legalName":"DICODUSPORT","foundingDate":"2018-01-14","vatID":"FR71834470973","taxID":"83447097300043","numberOfEmployees":{"@type":"QuantitativeValue","minValue":"1","maxValue":"10"}},{"@type":"Person","@id":"https:\/\/dicodusport.fr\/blog\/#\/schema\/person\/6db4bae06b171592211be385b32876a7","name":"Emilien Descampiaux","image":{"@type":"ImageObject","inLanguage":"fr-FR","@id":"https:\/\/dicodusport.fr\/blog\/#\/schema\/person\/image\/","url":"https:\/\/dicodusport.fr\/blog\/wp-content\/uploads\/2021\/05\/Emilien-Descampiaux-150x150.jpg","contentUrl":"https:\/\/dicodusport.fr\/blog\/wp-content\/uploads\/2021\/05\/Emilien-Descampiaux-150x150.jpg","caption":"Emilien Descampiaux"},"description":"Journaliste\/r\u00e9dacteur depuis 2014 - Fan de la classe de Frank Vandenbroucke, je vis cyclisme (et de ses paysages) depuis plus de 20 ans. Je suis tr\u00e8s impliqu\u00e9 sur mes diff\u00e9rents r\u00e9seaux sociaux pour partager ma passion sur le monde et l'Histoire de la bicyclette avec ma voix sur les images en noir et blanc du succ\u00e8s de Rik Van Steenbergen lors du Ronde sur le V\u00e9lodrome de Gand.","sameAs":["https:\/\/www.facebook.com\/groups\/LesRoisDuPeloton","https:\/\/x.com\/https:\/\/twitter.com\/LRoisDuPeloton"],"url":"https:\/\/dicodusport.fr\/blog\/author\/emiliend\/"}]}},"_links":{"self":[{"href":"https:\/\/dicodusport.fr\/blog\/wp-json\/wp\/v2\/posts\/545987","targetHints":{"allow":["GET"]}}],"collection":[{"href":"https:\/\/dicodusport.fr\/blog\/wp-json\/wp\/v2\/posts"}],"about":[{"href":"https:\/\/dicodusport.fr\/blog\/wp-json\/wp\/v2\/types\/post"}],"author":[{"embeddable":true,"href":"https:\/\/dicodusport.fr\/blog\/wp-json\/wp\/v2\/users\/48"}],"replies":[{"embeddable":true,"href":"https:\/\/dicodusport.fr\/blog\/wp-json\/wp\/v2\/comments?post=545987"}],"version-history":[{"count":4,"href":"https:\/\/dicodusport.fr\/blog\/wp-json\/wp\/v2\/posts\/545987\/revisions"}],"predecessor-version":[{"id":546019,"href":"https:\/\/dicodusport.fr\/blog\/wp-json\/wp\/v2\/posts\/545987\/revisions\/546019"}],"wp:featuredmedia":[{"embeddable":true,"href":"https:\/\/dicodusport.fr\/blog\/wp-json\/wp\/v2\/media\/546065"}],"wp:attachment":[{"href":"https:\/\/dicodusport.fr\/blog\/wp-json\/wp\/v2\/media?parent=545987"}],"wp:term":[{"taxonomy":"category","embeddable":true,"href":"https:\/\/dicodusport.fr\/blog\/wp-json\/wp\/v2\/categories?post=545987"},{"taxonomy":"post_tag","embeddable":true,"href":"https:\/\/dicodusport.fr\/blog\/wp-json\/wp\/v2\/tags?post=545987"}],"curies":[{"name":"wp","href":"https:\/\/api.w.org\/{rel}","templated":true}]}}