{"id":546030,"date":"2025-01-13T09:00:40","date_gmt":"2025-01-13T08:00:40","guid":{"rendered":"https:\/\/dicodusport.fr\/blog\/?p=546030&#038;preview=true&#038;preview_id=546030"},"modified":"2025-07-09T18:37:09","modified_gmt":"2025-07-09T16:37:09","slug":"ibu-cup-amandine-mengin-une-entree-express-dans-la-cour-des-grandes","status":"publish","type":"post","link":"https:\/\/dicodusport.fr\/blog\/ibu-cup-amandine-mengin-une-entree-express-dans-la-cour-des-grandes\/","title":{"rendered":"IBU Cup : Amandine Mengin, une entr\u00e9e express dans la cour des grandes"},"content":{"rendered":"<h4 style=\"text-align: justify;\"><em>IBU CUP 2024\/2025 &#8211; Si Paula Botet a r\u00e9alis\u00e9 un exploit en Coupe du monde, Amandine Mengin a cr\u00e9\u00e9 une sensation encore plus grande en IBU Cup. Pour ses trois premiers d\u00e9parts sur le circuit interm\u00e9diaire, la Tricolore a cumul\u00e9 deux victoires, sans jamais terminer au-del\u00e0 de la 2e place ! Des r\u00e9sultats d\u00e9tonants pour une jeune biathl\u00e8te qui affirme cet hiver un \u00e9norme potentiel, rest\u00e9 en sommeil ces derni\u00e8res ann\u00e9es.<\/em><\/h4>\n<ul>\n<li style=\"text-align: justify;\"><strong>\u00c0 ce sujet &#8211; <a href=\"https:\/\/dicodusport.fr\/blog\/actualites\/biathlon\/\">Toute l&rsquo;actualit\u00e9 du biathlon<\/a><\/strong><\/li>\n<\/ul>\n<p style=\"text-align: justify;\">S\u2019il y avait besoin d\u2019une \u00e9ni\u00e8me preuve pour se convaincre de la densit\u00e9 folle r\u00e9gnant actuellement dans le <strong>biathlon tricolore f\u00e9minin<\/strong>, le weekend qui vient de s\u2019\u00e9couler ne pouvait pas mieux tomber. <a href=\"https:\/\/dicodusport.fr\/blog\/coupe-du-monde-ibu-cup-junior-cup-les-chiffres-fous-du-biathlon-francais-feminin\/\">Le bilan chiffr\u00e9 est tout bonnement resplendissant<\/a> depuis le d\u00e9but de l\u2019ann\u00e9e. Et ce, peu importe les compositions.<\/p>\n<h2 style=\"text-align: justify;\">Un premier weekend de r\u00eave en IBU Cup<\/h2>\n<p style=\"text-align: justify;\">Malgr\u00e9 les <a href=\"https:\/\/dicodusport.fr\/blog\/biathlon-oberhof-2025-la-selection-francaise\/\">remaniements effectu\u00e9s pour la Coupe du monde \u00e0 Oberhof<\/a>\u00a0et l\u2019<strong>IBU Cup<\/strong> \u00e0 <strong>Arber<\/strong>, le collectif tricolore a continu\u00e9 d\u2019empiler les r\u00e9sultats. Le tout, en voyant la jeunesse s\u2019emparer progressivement du pouvoir. Promue sur le circuit roi, <a href=\"https:\/\/dicodusport.fr\/blog\/sprint-femmes-oberhof-paula-botet-simpose-pour-son-retour-en-coupe-du-monde\/\"><strong>Paula Botet<\/strong> a d\u00e9tonn\u00e9 en remportant le sprint<\/a>, tandis que<strong> Jeanne Richard <\/strong>et <strong>Oc\u00e9ane Michelon<\/strong> ont fait preuve d\u2019une belle r\u00e9gularit\u00e9. Mais \u00e0 l\u2019\u00e9chelon inf\u00e9rieur, cette folie s\u2019est \u00e9galement prolong\u00e9e. Du haut de ses 19 ans, <strong>Voldiya Galmace Paulin<\/strong> a claqu\u00e9 ses deux premiers podiums, mais c\u2019est bien <strong>Amandine Mengin<\/strong> qui a litt\u00e9ralement retourn\u00e9 le circuit.<\/p>\n<p style=\"text-align: justify;\">D\u00e9barqu\u00e9e comme une fleur pour prendre son <a href=\"https:\/\/dicodusport.fr\/blog\/ibu-cup-arber-pour-son-premier-depart-amandine-mengin-remporte-le-sprint-devant-sophie-chauveau\/\">premier d\u00e9part en carri\u00e8re en IBU Cup<\/a> jeudi dernier, la Vosgienne n\u2019\u00e9tait absolument pas attendue, dossard 73 sur le dos. Mais alors que la victoire semblait d\u00e9j\u00e0 \u00eatre offerte \u00e0 <strong>Sophie Chauveau<\/strong>, Mengin a align\u00e9 un sans-faute \u00e0 la carabine, tout en r\u00e9alisant un bon temps de ski pour rafler la mise. Deux jours plus tard, bis repetita ou presque sur le deuxi\u00e8me sprint, puisqu\u2019elle gratte un <a href=\"https:\/\/dicodusport.fr\/blog\/ibu-cup-arber-gilonne-guigonnat-mene-un-quadruple-francais-sur-le-deuxieme-sprint\/\">deuxi\u00e8me podium<\/a> en se hissant 2e dans un retentissant quatuor tricolore. Enfin, ce weekend de r\u00eave s\u2019est boucl\u00e9 en apoth\u00e9ose. Avec un 20\/20 \u00e0 la carabine, elle a \u00e9cras\u00e9 la concurrence pour s\u2019offrir <a href=\"https:\/\/dicodusport.fr\/blog\/ibu-cup-arber-amandine-mengin-survole-la-poursuite-voldiya-galmace-paulin-sur-le-podium\/\">une deuxi\u00e8me victoire<\/a> ! Deux victoires et une 2e place en cumulant un <strong>39\/40 au tir<\/strong> pour ses trois premiers d\u00e9parts en IBU Cup, le tout \u00e0 <strong>20 ans<\/strong> ? Difficile de trouver trace d\u2019une telle prouesse.<\/p>\n<blockquote class=\"twitter-tweet\">\n<p dir=\"ltr\" lang=\"fr\">AMANDINE MENGIN !!<\/p>\n<p>Apr\u00e8s sa victoire sur le Sprint Jeudi, sa deuxi\u00e8me place sur le Sprint hier. C\u2019est une VICTOIRE sur la poursuite d\u2019Arber et un 20\/20!<\/p>\n<p>C\u2019\u00e9tait ses 3 premi\u00e8res courses en carri\u00e8re !<\/p>\n<p>FOLIE <a href=\"https:\/\/twitter.com\/hashtag\/IBUCup?src=hash&amp;ref_src=twsrc%5Etfw\">#IBUCup<\/a> <a href=\"https:\/\/t.co\/zNtKBlsajx\">pic.twitter.com\/zNtKBlsajx<\/a><\/p>\n<p>\u2014 Biathlon_FRA\ud83c\udfbf (@Biathlon_FRA) <a href=\"https:\/\/twitter.com\/Biathlon_FRA\/status\/1878384574230565074?ref_src=twsrc%5Etfw\">January 12, 2025<\/a><\/p><\/blockquote>\n<p><script async src=\"https:\/\/platform.twitter.com\/widgets.js\" charset=\"utf-8\"><\/script><\/p>\n<h2 style=\"text-align: justify;\">Amandine Mengin, une opportunit\u00e9 saisie \u00e0 pleines mains<\/h2>\n<p style=\"text-align: justify;\">Au sein d\u2019une \u00e9quipe de France o\u00f9 le talent n\u2019a jamais \u00e9t\u00e9 aussi pr\u00e9sent, n\u2019importe quelle biathl\u00e8te est capable d\u2019aller jouer les premiers r\u00f4les. <strong>Amandine Mengin<\/strong> l\u2019a prouv\u00e9, elle qui est longtemps rest\u00e9e dans l\u2019ombre. Effectivement, sa s\u00e9lection \u00e0 <strong>Arber<\/strong> lui permettait de mettre fin \u00e0 pr\u00e8s de <strong>trois ans en dehors du circuit international<\/strong>. Depuis sa participation au Festival Olympique de la Jeunesse de <a href=\"https:\/\/dicodusport.fr\/blog\/foje-dhiver-2022-amandine-mengin-medaillee-de-bronze-sur-lindividuel-en-biathlon\/\">Vuokatti en 2022<\/a> (deux m\u00e9dailles d\u00e9croch\u00e9es), elle \u00e9tait ainsi rest\u00e9e en retrait, vivant deux hivers extr\u00eamement compliqu\u00e9s. Malgr\u00e9 un gros potentiel discern\u00e9 de longue date, et des r\u00e9sultats solides sur le circuit national, la densit\u00e9 folle des Bleues lui a longtemps ferm\u00e9 la porte.<\/p>\n<p style=\"text-align: justify;\">Perfectible, la Vosgienne avait du mal \u00e0 canaliser son stress sur le pas de tir. Des difficult\u00e9s sur lesquelles elle a travaill\u00e9 au fil des ann\u00e9es, avec l\u2019aide du pr\u00e9parateur mental <strong>Quentin Gouchet<\/strong>. Le travail s\u2019est r\u00e9v\u00e9l\u00e9 payant puisque sa r\u00e9gularit\u00e9 a \u00e9t\u00e9 impact\u00e9e positivement.<\/p>\n<h2 style=\"text-align: justify;\">Des \u00e9normes progr\u00e8s qui se traduisent dans les r\u00e9sultats cet hiver<\/h2>\n<p style=\"text-align: justify;\">En parall\u00e8le, <strong>Amandine Mengin<\/strong> a continu\u00e9 \u00e0 bosser sans rel\u00e2che pour <strong>am\u00e9liorer son ski,<\/strong> et devenir une biathl\u00e8te bien plus compl\u00e8te, comme elle le confiait \u00e0 <a href=\"https:\/\/dicodusport.fr\/blog\/foje-dhiver-2022-amandine-mengin-medaillee-de-bronze-sur-lindividuel-en-biathlon\/\"><em>Vosges Matin<\/em><\/a> en octobre dernier\u00a0: <em>\u00ab J\u2019ai progress\u00e9 en ski, ce qui me met bien moins de pression sur le tir, l\u00e0 o\u00f9 je pouvais p\u00eacher \u00e0 cause du stress. Maintenant, je me dis que si je manque une balle, ce n\u2019est pas un drame, alors qu\u2019avant, je n\u2019avais pas cette marge. Avant, une balle dehors et je ne jouais plus grand-chose parce que je n\u2019\u00e9tais pas capable de faire l\u2019effort sur les skis. Aujourd\u2019hui, \u00e7a joue de sentir que je suis en capacit\u00e9 de lutter sur la piste \u00bb.\u00a0<\/em><\/p>\n<p style=\"text-align: justify;\">Cela s\u2019\u00e9tait d\u00e9j\u00e0 ressenti \u00e0 l\u2019aube de cet hiver. Sur le circuit estival, la Tricolore s\u2019\u00e9tait illustr\u00e9e positivement en jouant des coudes avec les meilleures fran\u00e7aises actuelles. <strong>Sixi\u00e8me du Summer Tour d\u2019Ar\u00e7on<\/strong> entre Jeanne Richard et Oc\u00e9ane Michelon, elle a \u00e9galement rafl\u00e9 le titre de <strong>championne de France U22<\/strong> en multipliant les bons r\u00e9sultats. Une r\u00e9gularit\u00e9 qui s\u2019est retranscrite imm\u00e9diatement d\u00e8s le retour de la saison hivernale. Apr\u00e8s avoir franchi sans encombre le cap des s\u00e9lections IBU mi-novembre, elle a multipli\u00e9 les excellents r\u00e9sultats en Junior Cup, \u00e0 <strong>Ridnaun<\/strong> (4e de l\u2019individuel, 3e du sprint), comme \u00e0 <strong>Goms<\/strong> (5e du sprint, <a href=\"https:\/\/dicodusport.fr\/blog\/ibu-junior-cup-goms-anaelle-bondoux-triomphe-sur-la-mass-start-60-devant-amandine-mengin\/\">2e de la mass start<\/a>). Avec des gros temps de ski, et une habilet\u00e9 convenable \u00e0 la carabine (58\/70), ses efforts ont \u00e9t\u00e9 r\u00e9compens\u00e9s par une premi\u00e8re participation historique \u00e0 l\u2019IBU Cup.<\/p>\n<p style=\"text-align: justify;\">Une participation qui va en appeler d\u2019autres, puisque ses performances \u00e0 Arber lui ont de facto ouvert une place sur le circuit. Il faut dire qu\u2019<strong>en trois courses, seule Gilonne Guigonnat est parvenue \u00e0 la battre<\/strong>, tandis que m\u00eame l\u2019exp\u00e9riment\u00e9e <strong>Sophie Chauveau<\/strong> a d\u00fb s\u2019incliner \u00e0 trois reprises face \u00e0 sa cadette. Suffisant pour avoir une nouvelle pancarte \u00e0 assumer d\u00e8s mercredi, l&rsquo;IBU Cup faisant \u00e9tape \u00e0 Brezno-Orsblie cette semaine (13-18 janvier).<\/p>\n<blockquote class=\"twitter-tweet\">\n<p dir=\"ltr\" lang=\"fr\">J\u2019ai une stat effrayante concernant Amandine Mengin !<\/p>\n<p>C\u2019est sa premi\u00e8re saison sur le circuit international. Elle a particip\u00e9 \u00e0 8 courses individuelles ( Junior Cup + IBU Cup )<\/p>\n<p>Sur ces 8 courses :<\/p>\n<p>\ud83e\udd47\ud83e\udd47\ud83e\udd48\ud83e\udd48\ud83e\udd49#4,#5,#18<\/p>\n<p>1 unique course hors du top 5 \ud83d\ude48<\/p>\n<p>\u2014 Biathlon_FRA\ud83c\udfbf (@Biathlon_FRA) <a href=\"https:\/\/twitter.com\/Biathlon_FRA\/status\/1878387447253348573?ref_src=twsrc%5Etfw\">January 12, 2025<\/a><\/p><\/blockquote>\n<p><script async src=\"https:\/\/platform.twitter.com\/widgets.js\" charset=\"utf-8\"><\/script><\/p>\n","protected":false},"excerpt":{"rendered":"<p>IBU CUP 2024\/2025 &#8211; Si Paula Botet a fait sensation en Coupe du monde, Amandine Mengin a cr\u00e9\u00e9 une sensation encore plus grande en IBU Cup. Pour ses trois premiers d\u00e9parts, la Tricolore a cumul\u00e9 deux victoires, sans jamais terminer au-del\u00e0 de la 2e place ! Des r\u00e9sultats d\u00e9tonants pour une jeune biathl\u00e8te qui affirme cet hiver un \u00e9norme potentiel, rest\u00e9 en sommeil ces derni\u00e8res ann\u00e9es.<\/p>\n","protected":false},"author":55,"featured_media":546034,"comment_status":"open","ping_status":"closed","sticky":false,"template":"","format":"standard","meta":{"_acf_changed":false,"_daextam_enable_autolinks":"1","footnotes":""},"categories":[2426],"tags":[32415,43462,2427,29733,16878],"class_list":["post-546030","post","type-post","status-publish","format-standard","has-post-thumbnail","hentry","category-biathlon","tag-actu","tag-amandine-mengin","tag-biathlon","tag-biathlon-francais","tag-breve"],"acf":[],"yoast_head":"<!-- This site is optimized with the Yoast SEO Premium plugin v26.7 (Yoast SEO v26.7) - https:\/\/yoast.com\/wordpress\/plugins\/seo\/ -->\n<title>IBU Cup : Amandine Mengin, une entr\u00e9e express dans la cour des grandes<\/title>\n<meta name=\"description\" content=\"IBU CUP 2024\/2025 - Sensation du weekend, Amandine Mengin a retourn\u00e9 le circuit, et s&#039;est fait sa place en \u00c9quipe de France B.\" \/>\n<meta name=\"robots\" content=\"index, follow, max-snippet:-1, max-image-preview:large, max-video-preview:-1\" \/>\n<link rel=\"canonical\" href=\"https:\/\/dicodusport.fr\/blog\/ibu-cup-amandine-mengin-une-entree-express-dans-la-cour-des-grandes\/\" \/>\n<meta property=\"og:locale\" content=\"fr_FR\" \/>\n<meta property=\"og:type\" content=\"article\" \/>\n<meta property=\"og:title\" content=\"IBU Cup : Amandine Mengin, une entr\u00e9e express dans la cour des grandes\" \/>\n<meta property=\"og:description\" content=\"IBU CUP 2024\/2025 - Sensation du weekend, Amandine Mengin a retourn\u00e9 le circuit, et s&#039;est fait sa place en \u00c9quipe de France B.\" \/>\n<meta property=\"og:url\" content=\"https:\/\/dicodusport.fr\/blog\/ibu-cup-amandine-mengin-une-entree-express-dans-la-cour-des-grandes\/\" \/>\n<meta property=\"og:site_name\" content=\"Dicodusport\" \/>\n<meta property=\"article:publisher\" content=\"https:\/\/www.facebook.com\/dicodusport\" \/>\n<meta property=\"article:published_time\" content=\"2025-01-13T08:00:40+00:00\" \/>\n<meta property=\"article:modified_time\" content=\"2025-07-09T16:37:09+00:00\" \/>\n<meta property=\"og:image\" content=\"https:\/\/dicodusport.fr\/blog\/wp-content\/uploads\/2025\/01\/IBU-Cup-Amandine-Mengin-une-entree-express-dans-la-cour-des-grandes.png\" \/>\n\t<meta property=\"og:image:width\" content=\"1200\" \/>\n\t<meta property=\"og:image:height\" content=\"674\" \/>\n\t<meta property=\"og:image:type\" content=\"image\/png\" \/>\n<meta name=\"author\" content=\"Maxime Cazenave\" \/>\n<meta name=\"twitter:card\" content=\"summary_large_image\" \/>\n<meta name=\"twitter:title\" content=\"IBU Cup : Amandine Mengin, une entr\u00e9e express dans la cour des grandes\" \/>\n<meta name=\"twitter:creator\" content=\"@https:\/\/twitter.com\/Maxime_Caze\" \/>\n<meta name=\"twitter:site\" content=\"@dicodusport\" \/>\n<script type=\"application\/ld+json\" class=\"yoast-schema-graph\">{\"@context\":\"https:\/\/schema.org\",\"@graph\":[{\"@type\":\"NewsArticle\",\"@id\":\"https:\/\/dicodusport.fr\/blog\/ibu-cup-amandine-mengin-une-entree-express-dans-la-cour-des-grandes\/#article\",\"isPartOf\":{\"@id\":\"https:\/\/dicodusport.fr\/blog\/ibu-cup-amandine-mengin-une-entree-express-dans-la-cour-des-grandes\/\"},\"author\":{\"name\":\"Maxime Cazenave\",\"@id\":\"https:\/\/dicodusport.fr\/blog\/#\/schema\/person\/37def232098a7a5cbab3974a3690abb0\"},\"headline\":\"IBU Cup : Amandine Mengin, une entr\u00e9e express dans la cour des grandes\",\"datePublished\":\"2025-01-13T08:00:40+00:00\",\"dateModified\":\"2025-07-09T16:37:09+00:00\",\"mainEntityOfPage\":{\"@id\":\"https:\/\/dicodusport.fr\/blog\/ibu-cup-amandine-mengin-une-entree-express-dans-la-cour-des-grandes\/\"},\"wordCount\":1059,\"commentCount\":0,\"publisher\":{\"@id\":\"https:\/\/dicodusport.fr\/blog\/#organization\"},\"image\":{\"@id\":\"https:\/\/dicodusport.fr\/blog\/ibu-cup-amandine-mengin-une-entree-express-dans-la-cour-des-grandes\/#primaryimage\"},\"thumbnailUrl\":\"https:\/\/dicodusport.fr\/blog\/wp-content\/uploads\/2025\/01\/IBU-Cup-Amandine-Mengin-une-entree-express-dans-la-cour-des-grandes.png\",\"keywords\":[\"actu\",\"Amandine Mengin\",\"Biathlon\",\"biathlon fran\u00e7ais\",\"br\u00e8ve\"],\"articleSection\":[\"Biathlon\"],\"inLanguage\":\"fr-FR\",\"potentialAction\":[{\"@type\":\"CommentAction\",\"name\":\"Comment\",\"target\":[\"https:\/\/dicodusport.fr\/blog\/ibu-cup-amandine-mengin-une-entree-express-dans-la-cour-des-grandes\/#respond\"]}],\"copyrightYear\":\"2025\",\"copyrightHolder\":{\"@id\":\"https:\/\/dicodusport.fr\/blog\/#organization\"}},{\"@type\":\"WebPage\",\"@id\":\"https:\/\/dicodusport.fr\/blog\/ibu-cup-amandine-mengin-une-entree-express-dans-la-cour-des-grandes\/\",\"url\":\"https:\/\/dicodusport.fr\/blog\/ibu-cup-amandine-mengin-une-entree-express-dans-la-cour-des-grandes\/\",\"name\":\"IBU Cup : Amandine Mengin, une entr\u00e9e express dans la cour des grandes\",\"isPartOf\":{\"@id\":\"https:\/\/dicodusport.fr\/blog\/#website\"},\"primaryImageOfPage\":{\"@id\":\"https:\/\/dicodusport.fr\/blog\/ibu-cup-amandine-mengin-une-entree-express-dans-la-cour-des-grandes\/#primaryimage\"},\"image\":{\"@id\":\"https:\/\/dicodusport.fr\/blog\/ibu-cup-amandine-mengin-une-entree-express-dans-la-cour-des-grandes\/#primaryimage\"},\"thumbnailUrl\":\"https:\/\/dicodusport.fr\/blog\/wp-content\/uploads\/2025\/01\/IBU-Cup-Amandine-Mengin-une-entree-express-dans-la-cour-des-grandes.png\",\"datePublished\":\"2025-01-13T08:00:40+00:00\",\"dateModified\":\"2025-07-09T16:37:09+00:00\",\"description\":\"IBU CUP 2024\/2025 - Sensation du weekend, Amandine Mengin a retourn\u00e9 le circuit, et s'est fait sa place en \u00c9quipe de France B.\",\"breadcrumb\":{\"@id\":\"https:\/\/dicodusport.fr\/blog\/ibu-cup-amandine-mengin-une-entree-express-dans-la-cour-des-grandes\/#breadcrumb\"},\"inLanguage\":\"fr-FR\",\"potentialAction\":[{\"@type\":\"ReadAction\",\"target\":[\"https:\/\/dicodusport.fr\/blog\/ibu-cup-amandine-mengin-une-entree-express-dans-la-cour-des-grandes\/\"]}]},{\"@type\":\"ImageObject\",\"inLanguage\":\"fr-FR\",\"@id\":\"https:\/\/dicodusport.fr\/blog\/ibu-cup-amandine-mengin-une-entree-express-dans-la-cour-des-grandes\/#primaryimage\",\"url\":\"https:\/\/dicodusport.fr\/blog\/wp-content\/uploads\/2025\/01\/IBU-Cup-Amandine-Mengin-une-entree-express-dans-la-cour-des-grandes.png\",\"contentUrl\":\"https:\/\/dicodusport.fr\/blog\/wp-content\/uploads\/2025\/01\/IBU-Cup-Amandine-Mengin-une-entree-express-dans-la-cour-des-grandes.png\",\"width\":1200,\"height\":674,\"caption\":\"Mondiaux Jeunes\/Juniors de biathlon 2025 Amandine Mengin en bronze sur le sprint juniors, Anna Andexer sacr\u00e9e\"},{\"@type\":\"BreadcrumbList\",\"@id\":\"https:\/\/dicodusport.fr\/blog\/ibu-cup-amandine-mengin-une-entree-express-dans-la-cour-des-grandes\/#breadcrumb\",\"itemListElement\":[{\"@type\":\"ListItem\",\"position\":1,\"name\":\"Accueil\",\"item\":\"https:\/\/dicodusport.fr\/blog\/\"},{\"@type\":\"ListItem\",\"position\":2,\"name\":\"IBU Cup : Amandine Mengin, une entr\u00e9e express dans la cour des grandes\"}]},{\"@type\":\"WebSite\",\"@id\":\"https:\/\/dicodusport.fr\/blog\/#website\",\"url\":\"https:\/\/dicodusport.fr\/blog\/\",\"name\":\"Dicodusport\",\"description\":\"L&#039;encyclop\u00e9die de l&#039;actualit\u00e9 sportive\",\"publisher\":{\"@id\":\"https:\/\/dicodusport.fr\/blog\/#organization\"},\"potentialAction\":[{\"@type\":\"SearchAction\",\"target\":{\"@type\":\"EntryPoint\",\"urlTemplate\":\"https:\/\/dicodusport.fr\/blog\/?s={search_term_string}\"},\"query-input\":{\"@type\":\"PropertyValueSpecification\",\"valueRequired\":true,\"valueName\":\"search_term_string\"}}],\"inLanguage\":\"fr-FR\"},{\"@type\":\"NewsMediaOrganization\",\"@id\":\"https:\/\/dicodusport.fr\/blog\/#organization\",\"name\":\"Dicodusport\",\"url\":\"https:\/\/dicodusport.fr\/blog\/\",\"logo\":{\"@type\":\"ImageObject\",\"inLanguage\":\"fr-FR\",\"@id\":\"https:\/\/dicodusport.fr\/blog\/#\/schema\/logo\/image\/\",\"url\":\"https:\/\/dicodusport.fr\/blog\/wp-content\/uploads\/2020\/06\/cropped-LOGO-DICODUSPORT-2020-SANS-FOND-SANS-TEXTE.png\",\"contentUrl\":\"https:\/\/dicodusport.fr\/blog\/wp-content\/uploads\/2020\/06\/cropped-LOGO-DICODUSPORT-2020-SANS-FOND-SANS-TEXTE.png\",\"width\":512,\"height\":512,\"caption\":\"Dicodusport\"},\"image\":{\"@id\":\"https:\/\/dicodusport.fr\/blog\/#\/schema\/logo\/image\/\"},\"sameAs\":[\"https:\/\/www.facebook.com\/dicodusport\",\"https:\/\/x.com\/dicodusport\",\"https:\/\/www.instagram.com\/dicodusport\/\",\"https:\/\/www.youtube.com\/channel\/UC7V2KZ5sd3htJivAbA4ZG3w\"],\"description\":\"Dicodusport est l'encyclop\u00e9die de l'actualit\u00e9 sportive.\",\"email\":\"bonjour@dicodusport.fr\",\"legalName\":\"DICODUSPORT\",\"foundingDate\":\"2018-01-14\",\"vatID\":\"FR71834470973\",\"taxID\":\"83447097300043\",\"numberOfEmployees\":{\"@type\":\"QuantitativeValue\",\"minValue\":\"1\",\"maxValue\":\"10\"}},{\"@type\":\"Person\",\"@id\":\"https:\/\/dicodusport.fr\/blog\/#\/schema\/person\/37def232098a7a5cbab3974a3690abb0\",\"name\":\"Maxime Cazenave\",\"image\":{\"@type\":\"ImageObject\",\"inLanguage\":\"fr-FR\",\"@id\":\"https:\/\/dicodusport.fr\/blog\/#\/schema\/person\/image\/\",\"url\":\"https:\/\/dicodusport.fr\/blog\/wp-content\/uploads\/2021\/05\/Maxime-Cazenave-150x150.jpg\",\"contentUrl\":\"https:\/\/dicodusport.fr\/blog\/wp-content\/uploads\/2021\/05\/Maxime-Cazenave-150x150.jpg\",\"caption\":\"Maxime Cazenave\"},\"description\":\"Journaliste\/R\u00e9dacteur depuis 2012 - Berc\u00e9 par l\u2019amour des Girondins de Bordeaux, les \u00e9checs de Christophe Moreau sur le Tour de France sous l'\u00e8re Lance Armstrong et le fade-away l\u00e9tal de Dirk Nowitzki, ma passion d\u00e9vorante pour le sport a toujours \u00e9t\u00e9 un pan incontournable de ma vie. Transmettre ma passion \u00e0 l\u2019\u00e9crit a \u00e9t\u00e9 une transition naturelle. Suiveur assidu de basket et de hockey sur glace, je garde toujours un peu de place pour suivre le cyclisme, le football et le maximum de performances fran\u00e7aises.\",\"sameAs\":[\"https:\/\/x.com\/https:\/\/twitter.com\/Maxime_Caze\"],\"url\":\"https:\/\/dicodusport.fr\/blog\/author\/maximec\/\"}]}<\/script>\n<!-- \/ Yoast SEO Premium plugin. -->","yoast_head_json":{"title":"IBU Cup : Amandine Mengin, une entr\u00e9e express dans la cour des grandes","description":"IBU CUP 2024\/2025 - Sensation du weekend, Amandine Mengin a retourn\u00e9 le circuit, et s'est fait sa place en \u00c9quipe de France B.","robots":{"index":"index","follow":"follow","max-snippet":"max-snippet:-1","max-image-preview":"max-image-preview:large","max-video-preview":"max-video-preview:-1"},"canonical":"https:\/\/dicodusport.fr\/blog\/ibu-cup-amandine-mengin-une-entree-express-dans-la-cour-des-grandes\/","og_locale":"fr_FR","og_type":"article","og_title":"IBU Cup : Amandine Mengin, une entr\u00e9e express dans la cour des grandes","og_description":"IBU CUP 2024\/2025 - Sensation du weekend, Amandine Mengin a retourn\u00e9 le circuit, et s'est fait sa place en \u00c9quipe de France B.","og_url":"https:\/\/dicodusport.fr\/blog\/ibu-cup-amandine-mengin-une-entree-express-dans-la-cour-des-grandes\/","og_site_name":"Dicodusport","article_publisher":"https:\/\/www.facebook.com\/dicodusport","article_published_time":"2025-01-13T08:00:40+00:00","article_modified_time":"2025-07-09T16:37:09+00:00","og_image":[{"width":1200,"height":674,"url":"https:\/\/dicodusport.fr\/blog\/wp-content\/uploads\/2025\/01\/IBU-Cup-Amandine-Mengin-une-entree-express-dans-la-cour-des-grandes.png","type":"image\/png"}],"author":"Maxime Cazenave","twitter_card":"summary_large_image","twitter_title":"IBU Cup : Amandine Mengin, une entr\u00e9e express dans la cour des grandes","twitter_creator":"@https:\/\/twitter.com\/Maxime_Caze","twitter_site":"@dicodusport","schema":{"@context":"https:\/\/schema.org","@graph":[{"@type":"NewsArticle","@id":"https:\/\/dicodusport.fr\/blog\/ibu-cup-amandine-mengin-une-entree-express-dans-la-cour-des-grandes\/#article","isPartOf":{"@id":"https:\/\/dicodusport.fr\/blog\/ibu-cup-amandine-mengin-une-entree-express-dans-la-cour-des-grandes\/"},"author":{"name":"Maxime Cazenave","@id":"https:\/\/dicodusport.fr\/blog\/#\/schema\/person\/37def232098a7a5cbab3974a3690abb0"},"headline":"IBU Cup : Amandine Mengin, une entr\u00e9e express dans la cour des grandes","datePublished":"2025-01-13T08:00:40+00:00","dateModified":"2025-07-09T16:37:09+00:00","mainEntityOfPage":{"@id":"https:\/\/dicodusport.fr\/blog\/ibu-cup-amandine-mengin-une-entree-express-dans-la-cour-des-grandes\/"},"wordCount":1059,"commentCount":0,"publisher":{"@id":"https:\/\/dicodusport.fr\/blog\/#organization"},"image":{"@id":"https:\/\/dicodusport.fr\/blog\/ibu-cup-amandine-mengin-une-entree-express-dans-la-cour-des-grandes\/#primaryimage"},"thumbnailUrl":"https:\/\/dicodusport.fr\/blog\/wp-content\/uploads\/2025\/01\/IBU-Cup-Amandine-Mengin-une-entree-express-dans-la-cour-des-grandes.png","keywords":["actu","Amandine Mengin","Biathlon","biathlon fran\u00e7ais","br\u00e8ve"],"articleSection":["Biathlon"],"inLanguage":"fr-FR","potentialAction":[{"@type":"CommentAction","name":"Comment","target":["https:\/\/dicodusport.fr\/blog\/ibu-cup-amandine-mengin-une-entree-express-dans-la-cour-des-grandes\/#respond"]}],"copyrightYear":"2025","copyrightHolder":{"@id":"https:\/\/dicodusport.fr\/blog\/#organization"}},{"@type":"WebPage","@id":"https:\/\/dicodusport.fr\/blog\/ibu-cup-amandine-mengin-une-entree-express-dans-la-cour-des-grandes\/","url":"https:\/\/dicodusport.fr\/blog\/ibu-cup-amandine-mengin-une-entree-express-dans-la-cour-des-grandes\/","name":"IBU Cup : Amandine Mengin, une entr\u00e9e express dans la cour des grandes","isPartOf":{"@id":"https:\/\/dicodusport.fr\/blog\/#website"},"primaryImageOfPage":{"@id":"https:\/\/dicodusport.fr\/blog\/ibu-cup-amandine-mengin-une-entree-express-dans-la-cour-des-grandes\/#primaryimage"},"image":{"@id":"https:\/\/dicodusport.fr\/blog\/ibu-cup-amandine-mengin-une-entree-express-dans-la-cour-des-grandes\/#primaryimage"},"thumbnailUrl":"https:\/\/dicodusport.fr\/blog\/wp-content\/uploads\/2025\/01\/IBU-Cup-Amandine-Mengin-une-entree-express-dans-la-cour-des-grandes.png","datePublished":"2025-01-13T08:00:40+00:00","dateModified":"2025-07-09T16:37:09+00:00","description":"IBU CUP 2024\/2025 - Sensation du weekend, Amandine Mengin a retourn\u00e9 le circuit, et s'est fait sa place en \u00c9quipe de France B.","breadcrumb":{"@id":"https:\/\/dicodusport.fr\/blog\/ibu-cup-amandine-mengin-une-entree-express-dans-la-cour-des-grandes\/#breadcrumb"},"inLanguage":"fr-FR","potentialAction":[{"@type":"ReadAction","target":["https:\/\/dicodusport.fr\/blog\/ibu-cup-amandine-mengin-une-entree-express-dans-la-cour-des-grandes\/"]}]},{"@type":"ImageObject","inLanguage":"fr-FR","@id":"https:\/\/dicodusport.fr\/blog\/ibu-cup-amandine-mengin-une-entree-express-dans-la-cour-des-grandes\/#primaryimage","url":"https:\/\/dicodusport.fr\/blog\/wp-content\/uploads\/2025\/01\/IBU-Cup-Amandine-Mengin-une-entree-express-dans-la-cour-des-grandes.png","contentUrl":"https:\/\/dicodusport.fr\/blog\/wp-content\/uploads\/2025\/01\/IBU-Cup-Amandine-Mengin-une-entree-express-dans-la-cour-des-grandes.png","width":1200,"height":674,"caption":"Mondiaux Jeunes\/Juniors de biathlon 2025 Amandine Mengin en bronze sur le sprint juniors, Anna Andexer sacr\u00e9e"},{"@type":"BreadcrumbList","@id":"https:\/\/dicodusport.fr\/blog\/ibu-cup-amandine-mengin-une-entree-express-dans-la-cour-des-grandes\/#breadcrumb","itemListElement":[{"@type":"ListItem","position":1,"name":"Accueil","item":"https:\/\/dicodusport.fr\/blog\/"},{"@type":"ListItem","position":2,"name":"IBU Cup : Amandine Mengin, une entr\u00e9e express dans la cour des grandes"}]},{"@type":"WebSite","@id":"https:\/\/dicodusport.fr\/blog\/#website","url":"https:\/\/dicodusport.fr\/blog\/","name":"Dicodusport","description":"L&#039;encyclop\u00e9die de l&#039;actualit\u00e9 sportive","publisher":{"@id":"https:\/\/dicodusport.fr\/blog\/#organization"},"potentialAction":[{"@type":"SearchAction","target":{"@type":"EntryPoint","urlTemplate":"https:\/\/dicodusport.fr\/blog\/?s={search_term_string}"},"query-input":{"@type":"PropertyValueSpecification","valueRequired":true,"valueName":"search_term_string"}}],"inLanguage":"fr-FR"},{"@type":"NewsMediaOrganization","@id":"https:\/\/dicodusport.fr\/blog\/#organization","name":"Dicodusport","url":"https:\/\/dicodusport.fr\/blog\/","logo":{"@type":"ImageObject","inLanguage":"fr-FR","@id":"https:\/\/dicodusport.fr\/blog\/#\/schema\/logo\/image\/","url":"https:\/\/dicodusport.fr\/blog\/wp-content\/uploads\/2020\/06\/cropped-LOGO-DICODUSPORT-2020-SANS-FOND-SANS-TEXTE.png","contentUrl":"https:\/\/dicodusport.fr\/blog\/wp-content\/uploads\/2020\/06\/cropped-LOGO-DICODUSPORT-2020-SANS-FOND-SANS-TEXTE.png","width":512,"height":512,"caption":"Dicodusport"},"image":{"@id":"https:\/\/dicodusport.fr\/blog\/#\/schema\/logo\/image\/"},"sameAs":["https:\/\/www.facebook.com\/dicodusport","https:\/\/x.com\/dicodusport","https:\/\/www.instagram.com\/dicodusport\/","https:\/\/www.youtube.com\/channel\/UC7V2KZ5sd3htJivAbA4ZG3w"],"description":"Dicodusport est l'encyclop\u00e9die de l'actualit\u00e9 sportive.","email":"bonjour@dicodusport.fr","legalName":"DICODUSPORT","foundingDate":"2018-01-14","vatID":"FR71834470973","taxID":"83447097300043","numberOfEmployees":{"@type":"QuantitativeValue","minValue":"1","maxValue":"10"}},{"@type":"Person","@id":"https:\/\/dicodusport.fr\/blog\/#\/schema\/person\/37def232098a7a5cbab3974a3690abb0","name":"Maxime Cazenave","image":{"@type":"ImageObject","inLanguage":"fr-FR","@id":"https:\/\/dicodusport.fr\/blog\/#\/schema\/person\/image\/","url":"https:\/\/dicodusport.fr\/blog\/wp-content\/uploads\/2021\/05\/Maxime-Cazenave-150x150.jpg","contentUrl":"https:\/\/dicodusport.fr\/blog\/wp-content\/uploads\/2021\/05\/Maxime-Cazenave-150x150.jpg","caption":"Maxime Cazenave"},"description":"Journaliste\/R\u00e9dacteur depuis 2012 - Berc\u00e9 par l\u2019amour des Girondins de Bordeaux, les \u00e9checs de Christophe Moreau sur le Tour de France sous l'\u00e8re Lance Armstrong et le fade-away l\u00e9tal de Dirk Nowitzki, ma passion d\u00e9vorante pour le sport a toujours \u00e9t\u00e9 un pan incontournable de ma vie. Transmettre ma passion \u00e0 l\u2019\u00e9crit a \u00e9t\u00e9 une transition naturelle. Suiveur assidu de basket et de hockey sur glace, je garde toujours un peu de place pour suivre le cyclisme, le football et le maximum de performances fran\u00e7aises.","sameAs":["https:\/\/x.com\/https:\/\/twitter.com\/Maxime_Caze"],"url":"https:\/\/dicodusport.fr\/blog\/author\/maximec\/"}]}},"_links":{"self":[{"href":"https:\/\/dicodusport.fr\/blog\/wp-json\/wp\/v2\/posts\/546030","targetHints":{"allow":["GET"]}}],"collection":[{"href":"https:\/\/dicodusport.fr\/blog\/wp-json\/wp\/v2\/posts"}],"about":[{"href":"https:\/\/dicodusport.fr\/blog\/wp-json\/wp\/v2\/types\/post"}],"author":[{"embeddable":true,"href":"https:\/\/dicodusport.fr\/blog\/wp-json\/wp\/v2\/users\/55"}],"replies":[{"embeddable":true,"href":"https:\/\/dicodusport.fr\/blog\/wp-json\/wp\/v2\/comments?post=546030"}],"version-history":[{"count":5,"href":"https:\/\/dicodusport.fr\/blog\/wp-json\/wp\/v2\/posts\/546030\/revisions"}],"predecessor-version":[{"id":546159,"href":"https:\/\/dicodusport.fr\/blog\/wp-json\/wp\/v2\/posts\/546030\/revisions\/546159"}],"wp:featuredmedia":[{"embeddable":true,"href":"https:\/\/dicodusport.fr\/blog\/wp-json\/wp\/v2\/media\/546034"}],"wp:attachment":[{"href":"https:\/\/dicodusport.fr\/blog\/wp-json\/wp\/v2\/media?parent=546030"}],"wp:term":[{"taxonomy":"category","embeddable":true,"href":"https:\/\/dicodusport.fr\/blog\/wp-json\/wp\/v2\/categories?post=546030"},{"taxonomy":"post_tag","embeddable":true,"href":"https:\/\/dicodusport.fr\/blog\/wp-json\/wp\/v2\/tags?post=546030"}],"curies":[{"name":"wp","href":"https:\/\/api.w.org\/{rel}","templated":true}]}}