{"id":546177,"date":"2025-01-17T10:00:57","date_gmt":"2025-01-17T09:00:57","guid":{"rendered":"https:\/\/dicodusport.fr\/blog\/?p=546177&#038;preview=true&#038;preview_id=546177"},"modified":"2025-01-16T22:15:01","modified_gmt":"2025-01-16T21:15:01","slug":"cofidis-bilan-2024-objectifs-pour-2025-et-effectif","status":"publish","type":"post","link":"https:\/\/dicodusport.fr\/blog\/cofidis-bilan-2024-objectifs-pour-2025-et-effectif\/","title":{"rendered":"Cofidis : Bilan 2024, objectifs pour 2025 et effectif"},"content":{"rendered":"<p style=\"text-align: justify;\"><em><b>CYCLISME SUR ROUTE 2025 &#8211; <\/b><\/em><strong><em>Bilan de la saison 2024, objectifs pour 2025, effectif : tout ce qu\u2019il faut savoir sur la formation Cofidis.<\/em><\/strong><\/p>\n<ul>\n<li style=\"text-align: justify;\"><strong>\u00c0 ce sujet \u2013\u00a0<a href=\"https:\/\/dicodusport.fr\/blog\/actualites\/cyclisme\/cyclisme-sur-route-2025\/\">L\u2019actualit\u00e9 du cyclisme sur route<\/a><\/strong><\/li>\n<\/ul>\n<h2>Cofidis en 2024<\/h2>\n<p style=\"text-align: justify;\"><strong><span style=\"font-size: 16px;\">Points au classement UCI : 7 929 pts <\/span><\/strong><\/p>\n<p style=\"text-align: justify;\"><strong><span style=\"font-size: 16px;\">Meilleur coureur : Ion Izagirre 1 135,71 pts\u00a0<\/span><\/strong><\/p>\n<p style=\"text-align: justify;\"><strong><span style=\"font-size: 16px;\">Note : 7\/20<\/span><\/strong><\/p>\n<p style=\"text-align: justify;\">L&rsquo;\u00e9quipe nordiste, dirig\u00e9e par <strong>C\u00e9dric Vasseur<\/strong>, n&rsquo;a pas confirm\u00e9 sa tr\u00e8s bonne ann\u00e9e 2023 avec une saison 2024 plus que moyenne, pour ne pas dire insuffisante. En plus, des probl\u00e8mes de management et d&rsquo;\u00e9quipement ont \u00e9t\u00e9 mis en avant avec cette saison gal\u00e8re.<\/p>\n<h3 style=\"text-align: justify;\">Des satisfactions<\/h3>\n<p style=\"text-align: justify;\">Quelques satisfactions sont quand m\u00eame \u00e0 noter. D&rsquo;abord,<strong> Benjamin Thomas<\/strong> a sauv\u00e9 le bilan en Grand Tour en d\u00e9crochant une \u00e9tape en baroudeur en le Giro. En plus, il a r\u00e9ussi son pari sur la piste en glanant un titre olympique. Ensuite, <strong>Axel Zingle<\/strong> a encore accumul\u00e9 de nombreuses places d&rsquo;honneur, mais il a r\u00e9ussi \u00e0 s&rsquo;adjuger les Boucles de l&rsquo;Aulne.<\/p>\n<p style=\"text-align: justify;\">Malheureusement, comme Laporte, il y a quelques saisons, Zingle a quitt\u00e9 Cofidis pour passer un cap en rejoignant la <a href=\"https:\/\/dicodusport.fr\/blog\/team-visma-lease-a-bike-bilan-2024-objectifs-pour-2025-et-effectif\/\">Visma Lease a Bike<\/a>. Ensuite, le jeune sprinteur belge<strong> Milan Fretin<\/strong> a montr\u00e9 de bonnes dispositions avec deux succ\u00e8s et en prenant des placettes sur des courses d&rsquo;honneur comme Binche-Chimay-Binche, le Tour du M\u00fcnster et le Grand Prix de Fourmies.<\/p>\n<div class=\"vlp-link-container vlp-layout-article\"><a href=\"https:\/\/dicodusport.fr\/blog\/4-jours-de-dunkerque-2024-la-premiere-etape-pour-milan-fretin\/\" class=\"vlp-link\" title=\"4 Jours de Dunkerque 2024 : La premi\u00e8re \u00e9tape pour Milan Fretin\"><\/a><div class=\"vlp-layout-zone-side\"><div class=\"vlp-block-4 vlp-link-image\"><img loading=\"lazy\" decoding=\"async\" style=\"max-width: 792px;\" width=\"792\" height=\"445\" src=\"https:\/\/dicodusport.fr\/blog\/wp-content\/uploads\/2024\/05\/4-Jours-de-Dunkerque-2024-La-premiere-etape-pour-Milan-Fretin-1.png\" class=\"attachment-800x445 size-800x445\" alt=\"4 Jours de Dunkerque 2024 La premi\u00e8re \u00e9tape pour Milan Fretin (1)\" srcset=\"https:\/\/dicodusport.fr\/blog\/wp-content\/uploads\/2024\/05\/4-Jours-de-Dunkerque-2024-La-premiere-etape-pour-Milan-Fretin-1.png 1200w, https:\/\/dicodusport.fr\/blog\/wp-content\/uploads\/2024\/05\/4-Jours-de-Dunkerque-2024-La-premiere-etape-pour-Milan-Fretin-1-300x169.png 300w, https:\/\/dicodusport.fr\/blog\/wp-content\/uploads\/2024\/05\/4-Jours-de-Dunkerque-2024-La-premiere-etape-pour-Milan-Fretin-1-1024x575.png 1024w, https:\/\/dicodusport.fr\/blog\/wp-content\/uploads\/2024\/05\/4-Jours-de-Dunkerque-2024-La-premiere-etape-pour-Milan-Fretin-1-768x431.png 768w\" sizes=\"auto, (max-width: 792px) 100vw, 792px\" \/><\/div><\/div><div class=\"vlp-layout-zone-main\"><div class=\"vlp-block-0 vlp-link-title\">4 Jours de Dunkerque 2024 : La premi\u00e8re \u00e9tape pour Milan Fretin<\/div><div class=\"vlp-block-1 vlp-link-summary\">4 JOURS DE DUNKERQUE 2024 - Au terme de la premi\u00e8re \u00e9tape, dont l'arriv\u00e9e \u00e9tait jug\u00e9e au Touquet, Milan Fretin (Cofidis) s'impose au sprint.<\/div><div class=\"vlp-block-2 vlp-link-button\">Lire l'article<\/div><div class=\"vlp-block-3 vlp-link-url\">dicodusport.fr<\/div><\/div><\/div>\n<p style=\"text-align: justify;\">Enfin, <strong>Ion Izagirre<\/strong> a connu une ann\u00e9e contrast\u00e9e avec peu de r\u00e9sultats, avec juste des r\u00e9sultats en terre basque, jusqu&rsquo;\u00e0 une fin de saison remarqu\u00e9e avec une cinqui\u00e8me place sur le Tour de Lombardie et une sixi\u00e8me place \u00e0 Montr\u00e9al.<\/p>\n<h3>Beaucoup de d\u00e9ceptions<\/h3>\n<p style=\"text-align: justify;\">Beaucoup de d\u00e9ceptions ont \u00e9maill\u00e9 cette saison 2024. Le sprinteur phare de l&rsquo;\u00e9quipe, <strong>Bryan Coquard<\/strong>, <a href=\"https:\/\/dicodusport.fr\/blog\/tour-de-suisse-2024-bryan-coquard-remporte-la-deuxieme-etape-au-sprint\/\">n&rsquo;a lev\u00e9 les bras qu&rsquo;\u00e0 une reprise sur le Tour de Suisse<\/a>. Recrut\u00e9 pour sa polyvalence, <strong>Stefano Oldani<\/strong> n&rsquo;a pas confirm\u00e9 avec seulement deux r\u00e9sultats satisfaisants : 3e du Tour de l&rsquo;Ain et 4e du Memorial Marco Pantani. Autre recrue \u00e0 avoir \u00e9t\u00e9 tr\u00e8s d\u00e9cevante : <strong>Ben Hermans.<\/strong> Valeur s\u00fbre de Cofidis depuis plusieurs saisons, <strong>Jesus Herrada<\/strong> n&rsquo;a apport\u00e9 aucun succ\u00e8s. Enfin, <strong>Guillaume Martin<\/strong> a mis du temps \u00e0 trouver son niveau et n&rsquo;a pas r\u00e9ussi \u00e0 entrer dans un Top 10 sur un Grand Tour.<\/p>\n<h2 style=\"text-align: justify;\">Quelle saison pour Cofidis en 2025 ?<\/h2>\n<p style=\"text-align: justify;\">En 2025, <a href=\"https:\/\/dicodusport.fr\/blog\/quelles-equipes-vont-jouer-leur-avenir-en-world-tour-en-2025\/\"><strong>Cofidis<\/strong> va devoir se battre pour sauver sa place en WorldTour<\/a>. La formation nordiste a recrut\u00e9 le puncheur<strong> Valentin Ferron<\/strong>, le champion d&rsquo;Espagne <strong>Alex Aranburu<\/strong>, le grimpeur belge <strong>Sylvain Moniquet<\/strong>, le baroudeur grimpeur <strong>Simon Carr<\/strong>, le grimpeur allemand<strong> Emanuel Buchmann<\/strong> et le puncheur belge <strong>Dylan Teuns<\/strong>. Ces deux derniers coureurs ont un joli palmar\u00e8s, mais ont connu des derni\u00e8res saisons d\u00e9licates.<\/p>\n<p style=\"text-align: justify;\"><strong>Aranburu<\/strong> doit conclure plus souvent et <strong>Moniquet<\/strong> doit confirmer son potentiel dans les classements g\u00e9n\u00e9raux pour compenser le d\u00e9part de Martin. Form\u00e9 au sein du Vend\u00e9e U et champion de France de triathlon et de\u00a0duathlon chez les jeunes, <strong>Sam Maisonobe<\/strong> est un gros pari pour voir s&rsquo;il peut passer le palier du WorldTour. Enfin, on suivra la progression de <strong>Milan Fretin<\/strong>. <strong>Benjamin Thomas<\/strong> n&rsquo;aura plus d&rsquo;objectifs sur la piste et on verra si <strong>Bryan Coquard<\/strong> retrouve de sa superbe.<\/p>\n<h3 style=\"text-align: justify;\">L&rsquo;effectif pour 2025<\/h3>\n<p style=\"text-align: justify;\">ALLEGAERT Piet (29 ans\/Belgique)<br \/>\nANIOLKOWSKI Stanislaw (27 ans\/Pologne)<br \/>\nARANBURU Alex (29 ans\/Espagne)<br \/>\nBUCHMANN Emanuel (31 ans\/Allemagne)<br \/>\nCARR Simon (26 ans\/Grande-Bretagne)<br \/>\nCOQUARD Bryan (32 ans\/France)<br \/>\nDE GENDT Aim\u00e9 (30 ans\/Belgique)<br \/>\nDEBEAUMARCHE Nicolas (26 ans\/France)<br \/>\nFERRON Valentin (26 ans\/France)<br \/>\nFINE Eddy (26 ans\/France)<br \/>\nFRETIN Milan (23 ans\/Belgique)<br \/>\nHERRADA Jesus (34 ans\/Espagne)<br \/>\nIZAGIRRE Ion (35 ans\/Espagne)<br \/>\nIZQUIERDO Cl\u00e9ment (22 ans\/France)<br \/>\nKNIGHT Oliver (23 ans\/Grande-Bretagne)<br \/>\nLASTRA Jonathan (31 ans\/Espagne)<br \/>\nMAAS Jan (28 ans\/Pays-Bas)<br \/>\nMAHOUDO Nolann (21 ans\/France)<br \/>\nMAISONOBE Sam (21 ans\/France)<br \/>\nMONIQUET Sylvain (26 ans\/Belgique)<br \/>\nOLDANI Stefano (26 ans\/Italie)<br \/>\nOURSELIN Paul (30 ans\/France)<br \/>\nPEREZ Anthony (33 ans\/France)<br \/>\nRENARD Alexis (25 ans\/France)<br \/>\nROBEET Ludovic (30 ans\/Belgique)<br \/>\nSAMITIER Sergio (29 ans\/Espagne)<br \/>\nTEUNS Dylan (32 ans\/Belgique)<br \/>\nTHOMAS Benjamin (29 ans\/France)<br \/>\nTOUMIRE Hugo (23 ans\/France)<br \/>\nTOUZE Damien (28 ans\/France)<\/p>\n<div id=\"attachment_547109\" style=\"width: 1351px\" class=\"wp-caption aligncenter\"><a href=\"https:\/\/dicodusport.fr\/blog\/wp-content\/uploads\/2025\/01\/Mouvements-Cofidis-2024-2025.png\"><img loading=\"lazy\" decoding=\"async\" aria-describedby=\"caption-attachment-547109\" class=\"size-full wp-image-547109\" src=\"https:\/\/dicodusport.fr\/blog\/wp-content\/uploads\/2025\/01\/Mouvements-Cofidis-2024-2025.png\" alt=\"Mouvements Cofidis 2024-2025\" width=\"1341\" height=\"392\" srcset=\"https:\/\/dicodusport.fr\/blog\/wp-content\/uploads\/2025\/01\/Mouvements-Cofidis-2024-2025.png 1341w, https:\/\/dicodusport.fr\/blog\/wp-content\/uploads\/2025\/01\/Mouvements-Cofidis-2024-2025-300x88.png 300w, https:\/\/dicodusport.fr\/blog\/wp-content\/uploads\/2025\/01\/Mouvements-Cofidis-2024-2025-1024x299.png 1024w, https:\/\/dicodusport.fr\/blog\/wp-content\/uploads\/2025\/01\/Mouvements-Cofidis-2024-2025-768x225.png 768w\" sizes=\"auto, (max-width: 1341px) 100vw, 1341px\" \/><\/a><p id=\"caption-attachment-547109\" class=\"wp-caption-text\">Mouvements Cofidis 2024-2025<\/p><\/div>\n<p>&nbsp;<\/p>\n<div class=\"mceTemp\">\n<p>&nbsp;<\/p>\n<\/div>\n<p>&nbsp;<\/p>\n<p>&nbsp;<\/p>\n","protected":false},"excerpt":{"rendered":"<p>CYCLISME SUR ROUTE 2025 &#8211; Bilan de la saison 2024, objectifs pour 2025, effectif : tout ce qu\u2019il faut savoir sur la formation Cofidis.<\/p>\n","protected":false},"author":48,"featured_media":547107,"comment_status":"open","ping_status":"closed","sticky":false,"template":"","format":"standard","meta":{"_acf_changed":false,"_daextam_enable_autolinks":"1","footnotes":""},"categories":[46994],"tags":[16878,1186,574],"class_list":["post-546177","post","type-post","status-publish","format-standard","has-post-thumbnail","hentry","category-cyclisme-sur-route","tag-breve","tag-cofidis","tag-cyclisme"],"acf":[],"yoast_head":"<!-- This site is optimized with the Yoast SEO Premium plugin v26.7 (Yoast SEO v26.7) - https:\/\/yoast.com\/wordpress\/plugins\/seo\/ -->\n<title>Cofidis : Bilan 2024, objectifs pour 2025 et effectif<\/title>\n<meta name=\"description\" content=\"CYCLISME SUR ROUTE 2025 - Bilan de la saison 2024, objectifs pour 2025, effectif : tout ce qu\u2019il faut savoir sur la formation Cofidis.\" \/>\n<meta name=\"robots\" content=\"index, follow, max-snippet:-1, max-image-preview:large, max-video-preview:-1\" \/>\n<link rel=\"canonical\" href=\"https:\/\/dicodusport.fr\/blog\/cofidis-bilan-2024-objectifs-pour-2025-et-effectif\/\" \/>\n<meta property=\"og:locale\" content=\"fr_FR\" \/>\n<meta property=\"og:type\" content=\"article\" \/>\n<meta property=\"og:title\" content=\"Cofidis : Bilan 2024, objectifs pour 2025 et effectif\" \/>\n<meta property=\"og:description\" content=\"CYCLISME SUR ROUTE 2025 - Bilan de la saison 2024, objectifs pour 2025, effectif : tout ce qu\u2019il faut savoir sur la formation Cofidis.\" \/>\n<meta property=\"og:url\" content=\"https:\/\/dicodusport.fr\/blog\/cofidis-bilan-2024-objectifs-pour-2025-et-effectif\/\" \/>\n<meta property=\"og:site_name\" content=\"Dicodusport\" \/>\n<meta property=\"article:publisher\" content=\"https:\/\/www.facebook.com\/dicodusport\" \/>\n<meta property=\"article:author\" content=\"https:\/\/www.facebook.com\/groups\/LesRoisDuPeloton\" \/>\n<meta property=\"article:published_time\" content=\"2025-01-17T09:00:57+00:00\" \/>\n<meta property=\"og:image\" content=\"https:\/\/dicodusport.fr\/blog\/wp-content\/uploads\/2025\/01\/Cofidis-Bilan-2024-objectifs-pour-2025-et-effectif.png\" \/>\n\t<meta property=\"og:image:width\" content=\"1200\" \/>\n\t<meta property=\"og:image:height\" content=\"674\" \/>\n\t<meta property=\"og:image:type\" content=\"image\/png\" \/>\n<meta name=\"author\" content=\"Emilien Descampiaux\" \/>\n<meta name=\"twitter:card\" content=\"summary_large_image\" \/>\n<meta name=\"twitter:title\" content=\"Cofidis : Bilan 2024, objectifs pour 2025 et effectif\" \/>\n<meta name=\"twitter:creator\" content=\"@https:\/\/twitter.com\/LRoisDuPeloton\" \/>\n<meta name=\"twitter:site\" content=\"@dicodusport\" \/>\n<script type=\"application\/ld+json\" class=\"yoast-schema-graph\">{\"@context\":\"https:\/\/schema.org\",\"@graph\":[{\"@type\":\"NewsArticle\",\"@id\":\"https:\/\/dicodusport.fr\/blog\/cofidis-bilan-2024-objectifs-pour-2025-et-effectif\/#article\",\"isPartOf\":{\"@id\":\"https:\/\/dicodusport.fr\/blog\/cofidis-bilan-2024-objectifs-pour-2025-et-effectif\/\"},\"author\":{\"name\":\"Emilien Descampiaux\",\"@id\":\"https:\/\/dicodusport.fr\/blog\/#\/schema\/person\/6db4bae06b171592211be385b32876a7\"},\"headline\":\"Cofidis : Bilan 2024, objectifs pour 2025 et effectif\",\"datePublished\":\"2025-01-17T09:00:57+00:00\",\"mainEntityOfPage\":{\"@id\":\"https:\/\/dicodusport.fr\/blog\/cofidis-bilan-2024-objectifs-pour-2025-et-effectif\/\"},\"wordCount\":766,\"commentCount\":0,\"publisher\":{\"@id\":\"https:\/\/dicodusport.fr\/blog\/#organization\"},\"image\":{\"@id\":\"https:\/\/dicodusport.fr\/blog\/cofidis-bilan-2024-objectifs-pour-2025-et-effectif\/#primaryimage\"},\"thumbnailUrl\":\"https:\/\/dicodusport.fr\/blog\/wp-content\/uploads\/2025\/01\/Cofidis-Bilan-2024-objectifs-pour-2025-et-effectif.png\",\"keywords\":[\"br\u00e8ve\",\"cofidis\",\"Cyclisme\"],\"articleSection\":[\"Cyclisme sur route\"],\"inLanguage\":\"fr-FR\",\"potentialAction\":[{\"@type\":\"CommentAction\",\"name\":\"Comment\",\"target\":[\"https:\/\/dicodusport.fr\/blog\/cofidis-bilan-2024-objectifs-pour-2025-et-effectif\/#respond\"]}],\"copyrightYear\":\"2025\",\"copyrightHolder\":{\"@id\":\"https:\/\/dicodusport.fr\/blog\/#organization\"}},{\"@type\":\"WebPage\",\"@id\":\"https:\/\/dicodusport.fr\/blog\/cofidis-bilan-2024-objectifs-pour-2025-et-effectif\/\",\"url\":\"https:\/\/dicodusport.fr\/blog\/cofidis-bilan-2024-objectifs-pour-2025-et-effectif\/\",\"name\":\"Cofidis : Bilan 2024, objectifs pour 2025 et effectif\",\"isPartOf\":{\"@id\":\"https:\/\/dicodusport.fr\/blog\/#website\"},\"primaryImageOfPage\":{\"@id\":\"https:\/\/dicodusport.fr\/blog\/cofidis-bilan-2024-objectifs-pour-2025-et-effectif\/#primaryimage\"},\"image\":{\"@id\":\"https:\/\/dicodusport.fr\/blog\/cofidis-bilan-2024-objectifs-pour-2025-et-effectif\/#primaryimage\"},\"thumbnailUrl\":\"https:\/\/dicodusport.fr\/blog\/wp-content\/uploads\/2025\/01\/Cofidis-Bilan-2024-objectifs-pour-2025-et-effectif.png\",\"datePublished\":\"2025-01-17T09:00:57+00:00\",\"description\":\"CYCLISME SUR ROUTE 2025 - Bilan de la saison 2024, objectifs pour 2025, effectif : tout ce qu\u2019il faut savoir sur la formation Cofidis.\",\"breadcrumb\":{\"@id\":\"https:\/\/dicodusport.fr\/blog\/cofidis-bilan-2024-objectifs-pour-2025-et-effectif\/#breadcrumb\"},\"inLanguage\":\"fr-FR\",\"potentialAction\":[{\"@type\":\"ReadAction\",\"target\":[\"https:\/\/dicodusport.fr\/blog\/cofidis-bilan-2024-objectifs-pour-2025-et-effectif\/\"]}]},{\"@type\":\"ImageObject\",\"inLanguage\":\"fr-FR\",\"@id\":\"https:\/\/dicodusport.fr\/blog\/cofidis-bilan-2024-objectifs-pour-2025-et-effectif\/#primaryimage\",\"url\":\"https:\/\/dicodusport.fr\/blog\/wp-content\/uploads\/2025\/01\/Cofidis-Bilan-2024-objectifs-pour-2025-et-effectif.png\",\"contentUrl\":\"https:\/\/dicodusport.fr\/blog\/wp-content\/uploads\/2025\/01\/Cofidis-Bilan-2024-objectifs-pour-2025-et-effectif.png\",\"width\":1200,\"height\":674,\"caption\":\"Cofidis Bilan 2024, objectifs pour 2025 et effectif\"},{\"@type\":\"BreadcrumbList\",\"@id\":\"https:\/\/dicodusport.fr\/blog\/cofidis-bilan-2024-objectifs-pour-2025-et-effectif\/#breadcrumb\",\"itemListElement\":[{\"@type\":\"ListItem\",\"position\":1,\"name\":\"Accueil\",\"item\":\"https:\/\/dicodusport.fr\/blog\/\"},{\"@type\":\"ListItem\",\"position\":2,\"name\":\"Cofidis : Bilan 2024, objectifs pour 2025 et effectif\"}]},{\"@type\":\"WebSite\",\"@id\":\"https:\/\/dicodusport.fr\/blog\/#website\",\"url\":\"https:\/\/dicodusport.fr\/blog\/\",\"name\":\"Dicodusport\",\"description\":\"L&#039;encyclop\u00e9die de l&#039;actualit\u00e9 sportive\",\"publisher\":{\"@id\":\"https:\/\/dicodusport.fr\/blog\/#organization\"},\"potentialAction\":[{\"@type\":\"SearchAction\",\"target\":{\"@type\":\"EntryPoint\",\"urlTemplate\":\"https:\/\/dicodusport.fr\/blog\/?s={search_term_string}\"},\"query-input\":{\"@type\":\"PropertyValueSpecification\",\"valueRequired\":true,\"valueName\":\"search_term_string\"}}],\"inLanguage\":\"fr-FR\"},{\"@type\":\"NewsMediaOrganization\",\"@id\":\"https:\/\/dicodusport.fr\/blog\/#organization\",\"name\":\"Dicodusport\",\"url\":\"https:\/\/dicodusport.fr\/blog\/\",\"logo\":{\"@type\":\"ImageObject\",\"inLanguage\":\"fr-FR\",\"@id\":\"https:\/\/dicodusport.fr\/blog\/#\/schema\/logo\/image\/\",\"url\":\"https:\/\/dicodusport.fr\/blog\/wp-content\/uploads\/2020\/06\/cropped-LOGO-DICODUSPORT-2020-SANS-FOND-SANS-TEXTE.png\",\"contentUrl\":\"https:\/\/dicodusport.fr\/blog\/wp-content\/uploads\/2020\/06\/cropped-LOGO-DICODUSPORT-2020-SANS-FOND-SANS-TEXTE.png\",\"width\":512,\"height\":512,\"caption\":\"Dicodusport\"},\"image\":{\"@id\":\"https:\/\/dicodusport.fr\/blog\/#\/schema\/logo\/image\/\"},\"sameAs\":[\"https:\/\/www.facebook.com\/dicodusport\",\"https:\/\/x.com\/dicodusport\",\"https:\/\/www.instagram.com\/dicodusport\/\",\"https:\/\/www.youtube.com\/channel\/UC7V2KZ5sd3htJivAbA4ZG3w\"],\"description\":\"Dicodusport est l'encyclop\u00e9die de l'actualit\u00e9 sportive.\",\"email\":\"bonjour@dicodusport.fr\",\"legalName\":\"DICODUSPORT\",\"foundingDate\":\"2018-01-14\",\"vatID\":\"FR71834470973\",\"taxID\":\"83447097300043\",\"numberOfEmployees\":{\"@type\":\"QuantitativeValue\",\"minValue\":\"1\",\"maxValue\":\"10\"}},{\"@type\":\"Person\",\"@id\":\"https:\/\/dicodusport.fr\/blog\/#\/schema\/person\/6db4bae06b171592211be385b32876a7\",\"name\":\"Emilien Descampiaux\",\"image\":{\"@type\":\"ImageObject\",\"inLanguage\":\"fr-FR\",\"@id\":\"https:\/\/dicodusport.fr\/blog\/#\/schema\/person\/image\/\",\"url\":\"https:\/\/dicodusport.fr\/blog\/wp-content\/uploads\/2021\/05\/Emilien-Descampiaux-150x150.jpg\",\"contentUrl\":\"https:\/\/dicodusport.fr\/blog\/wp-content\/uploads\/2021\/05\/Emilien-Descampiaux-150x150.jpg\",\"caption\":\"Emilien Descampiaux\"},\"description\":\"Journaliste\/r\u00e9dacteur depuis 2014 - Fan de la classe de Frank Vandenbroucke, je vis cyclisme (et de ses paysages) depuis plus de 20 ans. Je suis tr\u00e8s impliqu\u00e9 sur mes diff\u00e9rents r\u00e9seaux sociaux pour partager ma passion sur le monde et l'Histoire de la bicyclette avec ma voix sur les images en noir et blanc du succ\u00e8s de Rik Van Steenbergen lors du Ronde sur le V\u00e9lodrome de Gand.\",\"sameAs\":[\"https:\/\/www.facebook.com\/groups\/LesRoisDuPeloton\",\"https:\/\/x.com\/https:\/\/twitter.com\/LRoisDuPeloton\"],\"url\":\"https:\/\/dicodusport.fr\/blog\/author\/emiliend\/\"}]}<\/script>\n<!-- \/ Yoast SEO Premium plugin. -->","yoast_head_json":{"title":"Cofidis : Bilan 2024, objectifs pour 2025 et effectif","description":"CYCLISME SUR ROUTE 2025 - Bilan de la saison 2024, objectifs pour 2025, effectif : tout ce qu\u2019il faut savoir sur la formation Cofidis.","robots":{"index":"index","follow":"follow","max-snippet":"max-snippet:-1","max-image-preview":"max-image-preview:large","max-video-preview":"max-video-preview:-1"},"canonical":"https:\/\/dicodusport.fr\/blog\/cofidis-bilan-2024-objectifs-pour-2025-et-effectif\/","og_locale":"fr_FR","og_type":"article","og_title":"Cofidis : Bilan 2024, objectifs pour 2025 et effectif","og_description":"CYCLISME SUR ROUTE 2025 - Bilan de la saison 2024, objectifs pour 2025, effectif : tout ce qu\u2019il faut savoir sur la formation Cofidis.","og_url":"https:\/\/dicodusport.fr\/blog\/cofidis-bilan-2024-objectifs-pour-2025-et-effectif\/","og_site_name":"Dicodusport","article_publisher":"https:\/\/www.facebook.com\/dicodusport","article_author":"https:\/\/www.facebook.com\/groups\/LesRoisDuPeloton","article_published_time":"2025-01-17T09:00:57+00:00","og_image":[{"width":1200,"height":674,"url":"https:\/\/dicodusport.fr\/blog\/wp-content\/uploads\/2025\/01\/Cofidis-Bilan-2024-objectifs-pour-2025-et-effectif.png","type":"image\/png"}],"author":"Emilien Descampiaux","twitter_card":"summary_large_image","twitter_title":"Cofidis : Bilan 2024, objectifs pour 2025 et effectif","twitter_creator":"@https:\/\/twitter.com\/LRoisDuPeloton","twitter_site":"@dicodusport","schema":{"@context":"https:\/\/schema.org","@graph":[{"@type":"NewsArticle","@id":"https:\/\/dicodusport.fr\/blog\/cofidis-bilan-2024-objectifs-pour-2025-et-effectif\/#article","isPartOf":{"@id":"https:\/\/dicodusport.fr\/blog\/cofidis-bilan-2024-objectifs-pour-2025-et-effectif\/"},"author":{"name":"Emilien Descampiaux","@id":"https:\/\/dicodusport.fr\/blog\/#\/schema\/person\/6db4bae06b171592211be385b32876a7"},"headline":"Cofidis : Bilan 2024, objectifs pour 2025 et effectif","datePublished":"2025-01-17T09:00:57+00:00","mainEntityOfPage":{"@id":"https:\/\/dicodusport.fr\/blog\/cofidis-bilan-2024-objectifs-pour-2025-et-effectif\/"},"wordCount":766,"commentCount":0,"publisher":{"@id":"https:\/\/dicodusport.fr\/blog\/#organization"},"image":{"@id":"https:\/\/dicodusport.fr\/blog\/cofidis-bilan-2024-objectifs-pour-2025-et-effectif\/#primaryimage"},"thumbnailUrl":"https:\/\/dicodusport.fr\/blog\/wp-content\/uploads\/2025\/01\/Cofidis-Bilan-2024-objectifs-pour-2025-et-effectif.png","keywords":["br\u00e8ve","cofidis","Cyclisme"],"articleSection":["Cyclisme sur route"],"inLanguage":"fr-FR","potentialAction":[{"@type":"CommentAction","name":"Comment","target":["https:\/\/dicodusport.fr\/blog\/cofidis-bilan-2024-objectifs-pour-2025-et-effectif\/#respond"]}],"copyrightYear":"2025","copyrightHolder":{"@id":"https:\/\/dicodusport.fr\/blog\/#organization"}},{"@type":"WebPage","@id":"https:\/\/dicodusport.fr\/blog\/cofidis-bilan-2024-objectifs-pour-2025-et-effectif\/","url":"https:\/\/dicodusport.fr\/blog\/cofidis-bilan-2024-objectifs-pour-2025-et-effectif\/","name":"Cofidis : Bilan 2024, objectifs pour 2025 et effectif","isPartOf":{"@id":"https:\/\/dicodusport.fr\/blog\/#website"},"primaryImageOfPage":{"@id":"https:\/\/dicodusport.fr\/blog\/cofidis-bilan-2024-objectifs-pour-2025-et-effectif\/#primaryimage"},"image":{"@id":"https:\/\/dicodusport.fr\/blog\/cofidis-bilan-2024-objectifs-pour-2025-et-effectif\/#primaryimage"},"thumbnailUrl":"https:\/\/dicodusport.fr\/blog\/wp-content\/uploads\/2025\/01\/Cofidis-Bilan-2024-objectifs-pour-2025-et-effectif.png","datePublished":"2025-01-17T09:00:57+00:00","description":"CYCLISME SUR ROUTE 2025 - Bilan de la saison 2024, objectifs pour 2025, effectif : tout ce qu\u2019il faut savoir sur la formation Cofidis.","breadcrumb":{"@id":"https:\/\/dicodusport.fr\/blog\/cofidis-bilan-2024-objectifs-pour-2025-et-effectif\/#breadcrumb"},"inLanguage":"fr-FR","potentialAction":[{"@type":"ReadAction","target":["https:\/\/dicodusport.fr\/blog\/cofidis-bilan-2024-objectifs-pour-2025-et-effectif\/"]}]},{"@type":"ImageObject","inLanguage":"fr-FR","@id":"https:\/\/dicodusport.fr\/blog\/cofidis-bilan-2024-objectifs-pour-2025-et-effectif\/#primaryimage","url":"https:\/\/dicodusport.fr\/blog\/wp-content\/uploads\/2025\/01\/Cofidis-Bilan-2024-objectifs-pour-2025-et-effectif.png","contentUrl":"https:\/\/dicodusport.fr\/blog\/wp-content\/uploads\/2025\/01\/Cofidis-Bilan-2024-objectifs-pour-2025-et-effectif.png","width":1200,"height":674,"caption":"Cofidis Bilan 2024, objectifs pour 2025 et effectif"},{"@type":"BreadcrumbList","@id":"https:\/\/dicodusport.fr\/blog\/cofidis-bilan-2024-objectifs-pour-2025-et-effectif\/#breadcrumb","itemListElement":[{"@type":"ListItem","position":1,"name":"Accueil","item":"https:\/\/dicodusport.fr\/blog\/"},{"@type":"ListItem","position":2,"name":"Cofidis : Bilan 2024, objectifs pour 2025 et effectif"}]},{"@type":"WebSite","@id":"https:\/\/dicodusport.fr\/blog\/#website","url":"https:\/\/dicodusport.fr\/blog\/","name":"Dicodusport","description":"L&#039;encyclop\u00e9die de l&#039;actualit\u00e9 sportive","publisher":{"@id":"https:\/\/dicodusport.fr\/blog\/#organization"},"potentialAction":[{"@type":"SearchAction","target":{"@type":"EntryPoint","urlTemplate":"https:\/\/dicodusport.fr\/blog\/?s={search_term_string}"},"query-input":{"@type":"PropertyValueSpecification","valueRequired":true,"valueName":"search_term_string"}}],"inLanguage":"fr-FR"},{"@type":"NewsMediaOrganization","@id":"https:\/\/dicodusport.fr\/blog\/#organization","name":"Dicodusport","url":"https:\/\/dicodusport.fr\/blog\/","logo":{"@type":"ImageObject","inLanguage":"fr-FR","@id":"https:\/\/dicodusport.fr\/blog\/#\/schema\/logo\/image\/","url":"https:\/\/dicodusport.fr\/blog\/wp-content\/uploads\/2020\/06\/cropped-LOGO-DICODUSPORT-2020-SANS-FOND-SANS-TEXTE.png","contentUrl":"https:\/\/dicodusport.fr\/blog\/wp-content\/uploads\/2020\/06\/cropped-LOGO-DICODUSPORT-2020-SANS-FOND-SANS-TEXTE.png","width":512,"height":512,"caption":"Dicodusport"},"image":{"@id":"https:\/\/dicodusport.fr\/blog\/#\/schema\/logo\/image\/"},"sameAs":["https:\/\/www.facebook.com\/dicodusport","https:\/\/x.com\/dicodusport","https:\/\/www.instagram.com\/dicodusport\/","https:\/\/www.youtube.com\/channel\/UC7V2KZ5sd3htJivAbA4ZG3w"],"description":"Dicodusport est l'encyclop\u00e9die de l'actualit\u00e9 sportive.","email":"bonjour@dicodusport.fr","legalName":"DICODUSPORT","foundingDate":"2018-01-14","vatID":"FR71834470973","taxID":"83447097300043","numberOfEmployees":{"@type":"QuantitativeValue","minValue":"1","maxValue":"10"}},{"@type":"Person","@id":"https:\/\/dicodusport.fr\/blog\/#\/schema\/person\/6db4bae06b171592211be385b32876a7","name":"Emilien Descampiaux","image":{"@type":"ImageObject","inLanguage":"fr-FR","@id":"https:\/\/dicodusport.fr\/blog\/#\/schema\/person\/image\/","url":"https:\/\/dicodusport.fr\/blog\/wp-content\/uploads\/2021\/05\/Emilien-Descampiaux-150x150.jpg","contentUrl":"https:\/\/dicodusport.fr\/blog\/wp-content\/uploads\/2021\/05\/Emilien-Descampiaux-150x150.jpg","caption":"Emilien Descampiaux"},"description":"Journaliste\/r\u00e9dacteur depuis 2014 - Fan de la classe de Frank Vandenbroucke, je vis cyclisme (et de ses paysages) depuis plus de 20 ans. Je suis tr\u00e8s impliqu\u00e9 sur mes diff\u00e9rents r\u00e9seaux sociaux pour partager ma passion sur le monde et l'Histoire de la bicyclette avec ma voix sur les images en noir et blanc du succ\u00e8s de Rik Van Steenbergen lors du Ronde sur le V\u00e9lodrome de Gand.","sameAs":["https:\/\/www.facebook.com\/groups\/LesRoisDuPeloton","https:\/\/x.com\/https:\/\/twitter.com\/LRoisDuPeloton"],"url":"https:\/\/dicodusport.fr\/blog\/author\/emiliend\/"}]}},"_links":{"self":[{"href":"https:\/\/dicodusport.fr\/blog\/wp-json\/wp\/v2\/posts\/546177","targetHints":{"allow":["GET"]}}],"collection":[{"href":"https:\/\/dicodusport.fr\/blog\/wp-json\/wp\/v2\/posts"}],"about":[{"href":"https:\/\/dicodusport.fr\/blog\/wp-json\/wp\/v2\/types\/post"}],"author":[{"embeddable":true,"href":"https:\/\/dicodusport.fr\/blog\/wp-json\/wp\/v2\/users\/48"}],"replies":[{"embeddable":true,"href":"https:\/\/dicodusport.fr\/blog\/wp-json\/wp\/v2\/comments?post=546177"}],"version-history":[{"count":5,"href":"https:\/\/dicodusport.fr\/blog\/wp-json\/wp\/v2\/posts\/546177\/revisions"}],"predecessor-version":[{"id":547113,"href":"https:\/\/dicodusport.fr\/blog\/wp-json\/wp\/v2\/posts\/546177\/revisions\/547113"}],"wp:featuredmedia":[{"embeddable":true,"href":"https:\/\/dicodusport.fr\/blog\/wp-json\/wp\/v2\/media\/547107"}],"wp:attachment":[{"href":"https:\/\/dicodusport.fr\/blog\/wp-json\/wp\/v2\/media?parent=546177"}],"wp:term":[{"taxonomy":"category","embeddable":true,"href":"https:\/\/dicodusport.fr\/blog\/wp-json\/wp\/v2\/categories?post=546177"},{"taxonomy":"post_tag","embeddable":true,"href":"https:\/\/dicodusport.fr\/blog\/wp-json\/wp\/v2\/tags?post=546177"}],"curies":[{"name":"wp","href":"https:\/\/api.w.org\/{rel}","templated":true}]}}