{"id":546181,"date":"2025-01-13T11:24:08","date_gmt":"2025-01-13T10:24:08","guid":{"rendered":"https:\/\/dicodusport.fr\/blog\/?p=546181&#038;preview=true&#038;preview_id=546181"},"modified":"2025-07-09T18:37:08","modified_gmt":"2025-07-09T16:37:08","slug":"biathlon-ruhpolding-2025-la-selection-francaise","status":"publish","type":"post","link":"https:\/\/dicodusport.fr\/blog\/biathlon-ruhpolding-2025-la-selection-francaise\/","title":{"rendered":"Biathlon Ruhpolding 2025 : La s\u00e9lection fran\u00e7aise"},"content":{"rendered":"<h4 style=\"text-align: justify;\"><em>COUPE DU MONDE BIATHLON 2024-2025 &#8211; S\u00e9lection inchang\u00e9e pour les Bleus \u00e0 Ruhpolding, \u00e0 l&rsquo;occasion de cette nouvelle semaine de Coupe du monde en Allemagne.<\/em><\/h4>\n<ul>\n<li style=\"text-align: justify;\"><strong>\u00c0 ce sujet \u2013\u00a0<a href=\"https:\/\/dicodusport.fr\/blog\/biathlon-coupe-du-monde-2024-2025-le-calendrier-complet\/\">Coupe du monde Biathlon 2024-2025 \u2013 Le calendrier complet<\/a><\/strong><\/li>\n<\/ul>\n<p style=\"text-align: justify;\">On ne change pas une \u00e9quipe qui a (beaucoup) gagn\u00e9. Pour une nouvelle semaine de Coupe du monde de biathlon, toujours en Allemagne, mais du c\u00f4t\u00e9 de Ruhpolding, le staff de l&rsquo;\u00e9quipe de France de biathlon n&rsquo;a pas proc\u00e9d\u00e9 \u00e0 des changements dans sa composition. <a href=\"https:\/\/dicodusport.fr\/blog\/sprint-femmes-oberhof-paula-botet-simpose-pour-son-retour-en-coupe-du-monde\/\"><strong>Paula Botet,<\/strong> vainqueure du sprint<\/a> et sur le podium du relais mixte simple, garde sa place en Coupe du monde. Ce qui signifie que <strong>Sophie Chauveau<\/strong> reste en IBU Cup. C&rsquo;\u00e9tait (peut-\u00eatre) la seule interrogation de ce week-end.<\/p>\n<p style=\"text-align: justify;\">Du c\u00f4t\u00e9 des hommes, pas de changement non plus. On repart avec les six hommes. En esp\u00e9rant une nouvelle victoire. Comme ce fut le cas sur le sprint, avec un incroyable tripl\u00e9, du c\u00f4t\u00e9 d&rsquo;Oberhof.<\/p>\n<ul>\n<li style=\"text-align: justify;\"><strong>\u00c0 ce sujet &#8211; <a href=\"https:\/\/dicodusport.fr\/blog\/biathlon-ruhpolding-2025-programme-complet-et-resultats\/\">Biathlon Ruhpolding 2025 \u2013 Programme complet et r\u00e9sultats<\/a><\/strong><\/li>\n<\/ul>\n<h3 style=\"text-align: justify;\">S\u00e9lection f\u00e9minine<\/h3>\n<ul style=\"text-align: justify;\">\n<li>Julia Simon<\/li>\n<li>Paula Botet<\/li>\n<li>Justine Braisaz-Bouchet<\/li>\n<li>Lou Jeanmonnot<\/li>\n<li>Jeanne Richard<\/li>\n<li>Oc\u00e9ane Michelon<\/li>\n<\/ul>\n<h3 style=\"text-align: justify;\">S\u00e9lection masculine<\/h3>\n<ul>\n<li style=\"text-align: justify;\">Quentin Fillon Maillet<\/li>\n<li style=\"text-align: justify;\">Fabien Claude<\/li>\n<li style=\"text-align: justify;\">Eric Perrot<\/li>\n<li style=\"text-align: justify;\">Emilien Jacquelin<\/li>\n<li style=\"text-align: justify;\">Antonin Guigonnat<\/li>\n<li style=\"text-align: justify;\">Emilien Claude<\/li>\n<\/ul>\n","protected":false},"excerpt":{"rendered":"<p>COUPE DU MONDE BIATHLON 2024-2025 &#8211; S\u00e9lection inchang\u00e9e pour les Bleus \u00e0 Ruhpolding, \u00e0 l&rsquo;occasion de cette nouvelle semaine de Coupe du monde en Allemagne.<\/p>\n","protected":false},"author":83,"featured_media":546182,"comment_status":"open","ping_status":"closed","sticky":false,"template":"","format":"standard","meta":{"_acf_changed":false,"_daextam_enable_autolinks":"1","footnotes":""},"categories":[47040],"tags":[2427,21152,16878,2692,6739,6893,20485,7304,20988,3745,27943],"class_list":["post-546181","post","type-post","status-publish","format-standard","has-post-thumbnail","hentry","category-coupe-du-monde-de-biathlon","tag-biathlon","tag-biathlon-ruhpolding","tag-breve","tag-emilien-jacquelin","tag-fabien-claude","tag-julia-simon","tag-justine-braisaz-bouchet","tag-lou-jeanmonnot","tag-paula-botet","tag-quentin-fillon-maillet","tag-sophie-chauveau"],"acf":[],"yoast_head":"<!-- This site is optimized with the Yoast SEO Premium plugin v26.7 (Yoast SEO v26.7) - https:\/\/yoast.com\/wordpress\/plugins\/seo\/ -->\n<title>Biathlon Ruhpolding 2025 : La s\u00e9lection fran\u00e7aise<\/title>\n<meta name=\"description\" content=\"COUPE DU MONDE BIATHLON 2024-2025 - S\u00e9lection inchang\u00e9e pour les Bleus \u00e0 Ruhpolding, \u00e0 l&#039;occasion de cette nouvelle semaine de Coupe du monde en Allemagne.\" \/>\n<meta name=\"robots\" content=\"index, follow, max-snippet:-1, max-image-preview:large, max-video-preview:-1\" \/>\n<link rel=\"canonical\" href=\"https:\/\/dicodusport.fr\/blog\/biathlon-ruhpolding-2025-la-selection-francaise\/\" \/>\n<meta property=\"og:locale\" content=\"fr_FR\" \/>\n<meta property=\"og:type\" content=\"article\" \/>\n<meta property=\"og:title\" content=\"Biathlon Ruhpolding 2025 : La s\u00e9lection fran\u00e7aise\" \/>\n<meta property=\"og:description\" content=\"COUPE DU MONDE BIATHLON 2024-2025 - S\u00e9lection inchang\u00e9e pour les Bleus \u00e0 Ruhpolding, \u00e0 l&#039;occasion de cette nouvelle semaine de Coupe du monde en Allemagne.\" \/>\n<meta property=\"og:url\" content=\"https:\/\/dicodusport.fr\/blog\/biathlon-ruhpolding-2025-la-selection-francaise\/\" \/>\n<meta property=\"og:site_name\" content=\"Dicodusport\" \/>\n<meta property=\"article:publisher\" content=\"https:\/\/www.facebook.com\/dicodusport\" \/>\n<meta property=\"article:published_time\" content=\"2025-01-13T10:24:08+00:00\" \/>\n<meta property=\"article:modified_time\" content=\"2025-07-09T16:37:08+00:00\" \/>\n<meta property=\"og:image\" content=\"https:\/\/dicodusport.fr\/blog\/wp-content\/uploads\/2025\/01\/Biathlon-Ruhpolding-2025-La-selection-francaise.png\" \/>\n\t<meta property=\"og:image:width\" content=\"1200\" \/>\n\t<meta property=\"og:image:height\" content=\"674\" \/>\n\t<meta property=\"og:image:type\" content=\"image\/png\" \/>\n<meta name=\"author\" content=\"Etienne Goursaud\" \/>\n<meta name=\"twitter:card\" content=\"summary_large_image\" \/>\n<meta name=\"twitter:title\" content=\"Biathlon Ruhpolding 2025 : La s\u00e9lection fran\u00e7aise\" \/>\n<meta name=\"twitter:creator\" content=\"@dicodusport\" \/>\n<meta name=\"twitter:site\" content=\"@dicodusport\" \/>\n<script type=\"application\/ld+json\" class=\"yoast-schema-graph\">{\"@context\":\"https:\/\/schema.org\",\"@graph\":[{\"@type\":\"NewsArticle\",\"@id\":\"https:\/\/dicodusport.fr\/blog\/biathlon-ruhpolding-2025-la-selection-francaise\/#article\",\"isPartOf\":{\"@id\":\"https:\/\/dicodusport.fr\/blog\/biathlon-ruhpolding-2025-la-selection-francaise\/\"},\"author\":{\"name\":\"Etienne Goursaud\",\"@id\":\"https:\/\/dicodusport.fr\/blog\/#\/schema\/person\/d603dd7da31fb2b46c82b9835a77ec13\"},\"headline\":\"Biathlon Ruhpolding 2025 : La s\u00e9lection fran\u00e7aise\",\"datePublished\":\"2025-01-13T10:24:08+00:00\",\"dateModified\":\"2025-07-09T16:37:08+00:00\",\"mainEntityOfPage\":{\"@id\":\"https:\/\/dicodusport.fr\/blog\/biathlon-ruhpolding-2025-la-selection-francaise\/\"},\"wordCount\":213,\"commentCount\":1,\"publisher\":{\"@id\":\"https:\/\/dicodusport.fr\/blog\/#organization\"},\"image\":{\"@id\":\"https:\/\/dicodusport.fr\/blog\/biathlon-ruhpolding-2025-la-selection-francaise\/#primaryimage\"},\"thumbnailUrl\":\"https:\/\/dicodusport.fr\/blog\/wp-content\/uploads\/2025\/01\/Biathlon-Ruhpolding-2025-La-selection-francaise.png\",\"keywords\":[\"Biathlon\",\"Biathlon Ruhpolding\",\"br\u00e8ve\",\"Emilien Jacquelin\",\"Fabien Claude\",\"Julia Simon\",\"Justine Braisaz-Bouchet\",\"Lou Jeanmonnot\",\"Paula Botet\",\"Quentin Fillon Maillet\",\"Sophie Chauveau\"],\"articleSection\":[\"Coupe du monde de biathlon\"],\"inLanguage\":\"fr-FR\",\"potentialAction\":[{\"@type\":\"CommentAction\",\"name\":\"Comment\",\"target\":[\"https:\/\/dicodusport.fr\/blog\/biathlon-ruhpolding-2025-la-selection-francaise\/#respond\"]}],\"copyrightYear\":\"2025\",\"copyrightHolder\":{\"@id\":\"https:\/\/dicodusport.fr\/blog\/#organization\"}},{\"@type\":\"WebPage\",\"@id\":\"https:\/\/dicodusport.fr\/blog\/biathlon-ruhpolding-2025-la-selection-francaise\/\",\"url\":\"https:\/\/dicodusport.fr\/blog\/biathlon-ruhpolding-2025-la-selection-francaise\/\",\"name\":\"Biathlon Ruhpolding 2025 : La s\u00e9lection fran\u00e7aise\",\"isPartOf\":{\"@id\":\"https:\/\/dicodusport.fr\/blog\/#website\"},\"primaryImageOfPage\":{\"@id\":\"https:\/\/dicodusport.fr\/blog\/biathlon-ruhpolding-2025-la-selection-francaise\/#primaryimage\"},\"image\":{\"@id\":\"https:\/\/dicodusport.fr\/blog\/biathlon-ruhpolding-2025-la-selection-francaise\/#primaryimage\"},\"thumbnailUrl\":\"https:\/\/dicodusport.fr\/blog\/wp-content\/uploads\/2025\/01\/Biathlon-Ruhpolding-2025-La-selection-francaise.png\",\"datePublished\":\"2025-01-13T10:24:08+00:00\",\"dateModified\":\"2025-07-09T16:37:08+00:00\",\"description\":\"COUPE DU MONDE BIATHLON 2024-2025 - S\u00e9lection inchang\u00e9e pour les Bleus \u00e0 Ruhpolding, \u00e0 l'occasion de cette nouvelle semaine de Coupe du monde en Allemagne.\",\"breadcrumb\":{\"@id\":\"https:\/\/dicodusport.fr\/blog\/biathlon-ruhpolding-2025-la-selection-francaise\/#breadcrumb\"},\"inLanguage\":\"fr-FR\",\"potentialAction\":[{\"@type\":\"ReadAction\",\"target\":[\"https:\/\/dicodusport.fr\/blog\/biathlon-ruhpolding-2025-la-selection-francaise\/\"]}]},{\"@type\":\"ImageObject\",\"inLanguage\":\"fr-FR\",\"@id\":\"https:\/\/dicodusport.fr\/blog\/biathlon-ruhpolding-2025-la-selection-francaise\/#primaryimage\",\"url\":\"https:\/\/dicodusport.fr\/blog\/wp-content\/uploads\/2025\/01\/Biathlon-Ruhpolding-2025-La-selection-francaise.png\",\"contentUrl\":\"https:\/\/dicodusport.fr\/blog\/wp-content\/uploads\/2025\/01\/Biathlon-Ruhpolding-2025-La-selection-francaise.png\",\"width\":1200,\"height\":674,\"caption\":\"Biathlon Ruhpolding 2025 : La s\u00e9lection fran\u00e7aise\"},{\"@type\":\"BreadcrumbList\",\"@id\":\"https:\/\/dicodusport.fr\/blog\/biathlon-ruhpolding-2025-la-selection-francaise\/#breadcrumb\",\"itemListElement\":[{\"@type\":\"ListItem\",\"position\":1,\"name\":\"Accueil\",\"item\":\"https:\/\/dicodusport.fr\/blog\/\"},{\"@type\":\"ListItem\",\"position\":2,\"name\":\"Biathlon Ruhpolding 2025 : La s\u00e9lection fran\u00e7aise\"}]},{\"@type\":\"WebSite\",\"@id\":\"https:\/\/dicodusport.fr\/blog\/#website\",\"url\":\"https:\/\/dicodusport.fr\/blog\/\",\"name\":\"Dicodusport\",\"description\":\"L&#039;encyclop\u00e9die de l&#039;actualit\u00e9 sportive\",\"publisher\":{\"@id\":\"https:\/\/dicodusport.fr\/blog\/#organization\"},\"potentialAction\":[{\"@type\":\"SearchAction\",\"target\":{\"@type\":\"EntryPoint\",\"urlTemplate\":\"https:\/\/dicodusport.fr\/blog\/?s={search_term_string}\"},\"query-input\":{\"@type\":\"PropertyValueSpecification\",\"valueRequired\":true,\"valueName\":\"search_term_string\"}}],\"inLanguage\":\"fr-FR\"},{\"@type\":\"NewsMediaOrganization\",\"@id\":\"https:\/\/dicodusport.fr\/blog\/#organization\",\"name\":\"Dicodusport\",\"url\":\"https:\/\/dicodusport.fr\/blog\/\",\"logo\":{\"@type\":\"ImageObject\",\"inLanguage\":\"fr-FR\",\"@id\":\"https:\/\/dicodusport.fr\/blog\/#\/schema\/logo\/image\/\",\"url\":\"https:\/\/dicodusport.fr\/blog\/wp-content\/uploads\/2020\/06\/cropped-LOGO-DICODUSPORT-2020-SANS-FOND-SANS-TEXTE.png\",\"contentUrl\":\"https:\/\/dicodusport.fr\/blog\/wp-content\/uploads\/2020\/06\/cropped-LOGO-DICODUSPORT-2020-SANS-FOND-SANS-TEXTE.png\",\"width\":512,\"height\":512,\"caption\":\"Dicodusport\"},\"image\":{\"@id\":\"https:\/\/dicodusport.fr\/blog\/#\/schema\/logo\/image\/\"},\"sameAs\":[\"https:\/\/www.facebook.com\/dicodusport\",\"https:\/\/x.com\/dicodusport\",\"https:\/\/www.instagram.com\/dicodusport\/\",\"https:\/\/www.youtube.com\/channel\/UC7V2KZ5sd3htJivAbA4ZG3w\"],\"description\":\"Dicodusport est l'encyclop\u00e9die de l'actualit\u00e9 sportive.\",\"email\":\"bonjour@dicodusport.fr\",\"legalName\":\"DICODUSPORT\",\"foundingDate\":\"2018-01-14\",\"vatID\":\"FR71834470973\",\"taxID\":\"83447097300043\",\"numberOfEmployees\":{\"@type\":\"QuantitativeValue\",\"minValue\":\"1\",\"maxValue\":\"10\"}},{\"@type\":\"Person\",\"@id\":\"https:\/\/dicodusport.fr\/blog\/#\/schema\/person\/d603dd7da31fb2b46c82b9835a77ec13\",\"name\":\"Etienne Goursaud\",\"image\":{\"@type\":\"ImageObject\",\"inLanguage\":\"fr-FR\",\"@id\":\"https:\/\/dicodusport.fr\/blog\/#\/schema\/person\/image\/\",\"url\":\"https:\/\/dicodusport.fr\/blog\/wp-content\/uploads\/2023\/12\/410122264_10231602061736049_5565839791558026645_n-150x150.jpg\",\"contentUrl\":\"https:\/\/dicodusport.fr\/blog\/wp-content\/uploads\/2023\/12\/410122264_10231602061736049_5565839791558026645_n-150x150.jpg\",\"caption\":\"Etienne Goursaud\"},\"description\":\"Journaliste et amoureux de sport. Ancien footballeur reconverti athl\u00e8te quand ses muscles le laissent tranquille. \u00c9lev\u00e9 \u00e0 la sauce des exploits de Thomas Voeckler en 2004, du dernier essai de l\u00e9gende de Eunice Barber \u00e0 la longueur lors des championnats du monde d'athl\u00e9tisme de 2003 mais aussi Zidane, Omeyer et Titou Lamaison.\",\"url\":\"https:\/\/dicodusport.fr\/blog\/author\/etienne-goursaud\/\"}]}<\/script>\n<!-- \/ Yoast SEO Premium plugin. -->","yoast_head_json":{"title":"Biathlon Ruhpolding 2025 : La s\u00e9lection fran\u00e7aise","description":"COUPE DU MONDE BIATHLON 2024-2025 - S\u00e9lection inchang\u00e9e pour les Bleus \u00e0 Ruhpolding, \u00e0 l'occasion de cette nouvelle semaine de Coupe du monde en Allemagne.","robots":{"index":"index","follow":"follow","max-snippet":"max-snippet:-1","max-image-preview":"max-image-preview:large","max-video-preview":"max-video-preview:-1"},"canonical":"https:\/\/dicodusport.fr\/blog\/biathlon-ruhpolding-2025-la-selection-francaise\/","og_locale":"fr_FR","og_type":"article","og_title":"Biathlon Ruhpolding 2025 : La s\u00e9lection fran\u00e7aise","og_description":"COUPE DU MONDE BIATHLON 2024-2025 - S\u00e9lection inchang\u00e9e pour les Bleus \u00e0 Ruhpolding, \u00e0 l'occasion de cette nouvelle semaine de Coupe du monde en Allemagne.","og_url":"https:\/\/dicodusport.fr\/blog\/biathlon-ruhpolding-2025-la-selection-francaise\/","og_site_name":"Dicodusport","article_publisher":"https:\/\/www.facebook.com\/dicodusport","article_published_time":"2025-01-13T10:24:08+00:00","article_modified_time":"2025-07-09T16:37:08+00:00","og_image":[{"width":1200,"height":674,"url":"https:\/\/dicodusport.fr\/blog\/wp-content\/uploads\/2025\/01\/Biathlon-Ruhpolding-2025-La-selection-francaise.png","type":"image\/png"}],"author":"Etienne Goursaud","twitter_card":"summary_large_image","twitter_title":"Biathlon Ruhpolding 2025 : La s\u00e9lection fran\u00e7aise","twitter_creator":"@dicodusport","twitter_site":"@dicodusport","schema":{"@context":"https:\/\/schema.org","@graph":[{"@type":"NewsArticle","@id":"https:\/\/dicodusport.fr\/blog\/biathlon-ruhpolding-2025-la-selection-francaise\/#article","isPartOf":{"@id":"https:\/\/dicodusport.fr\/blog\/biathlon-ruhpolding-2025-la-selection-francaise\/"},"author":{"name":"Etienne Goursaud","@id":"https:\/\/dicodusport.fr\/blog\/#\/schema\/person\/d603dd7da31fb2b46c82b9835a77ec13"},"headline":"Biathlon Ruhpolding 2025 : La s\u00e9lection fran\u00e7aise","datePublished":"2025-01-13T10:24:08+00:00","dateModified":"2025-07-09T16:37:08+00:00","mainEntityOfPage":{"@id":"https:\/\/dicodusport.fr\/blog\/biathlon-ruhpolding-2025-la-selection-francaise\/"},"wordCount":213,"commentCount":1,"publisher":{"@id":"https:\/\/dicodusport.fr\/blog\/#organization"},"image":{"@id":"https:\/\/dicodusport.fr\/blog\/biathlon-ruhpolding-2025-la-selection-francaise\/#primaryimage"},"thumbnailUrl":"https:\/\/dicodusport.fr\/blog\/wp-content\/uploads\/2025\/01\/Biathlon-Ruhpolding-2025-La-selection-francaise.png","keywords":["Biathlon","Biathlon Ruhpolding","br\u00e8ve","Emilien Jacquelin","Fabien Claude","Julia Simon","Justine Braisaz-Bouchet","Lou Jeanmonnot","Paula Botet","Quentin Fillon Maillet","Sophie Chauveau"],"articleSection":["Coupe du monde de biathlon"],"inLanguage":"fr-FR","potentialAction":[{"@type":"CommentAction","name":"Comment","target":["https:\/\/dicodusport.fr\/blog\/biathlon-ruhpolding-2025-la-selection-francaise\/#respond"]}],"copyrightYear":"2025","copyrightHolder":{"@id":"https:\/\/dicodusport.fr\/blog\/#organization"}},{"@type":"WebPage","@id":"https:\/\/dicodusport.fr\/blog\/biathlon-ruhpolding-2025-la-selection-francaise\/","url":"https:\/\/dicodusport.fr\/blog\/biathlon-ruhpolding-2025-la-selection-francaise\/","name":"Biathlon Ruhpolding 2025 : La s\u00e9lection fran\u00e7aise","isPartOf":{"@id":"https:\/\/dicodusport.fr\/blog\/#website"},"primaryImageOfPage":{"@id":"https:\/\/dicodusport.fr\/blog\/biathlon-ruhpolding-2025-la-selection-francaise\/#primaryimage"},"image":{"@id":"https:\/\/dicodusport.fr\/blog\/biathlon-ruhpolding-2025-la-selection-francaise\/#primaryimage"},"thumbnailUrl":"https:\/\/dicodusport.fr\/blog\/wp-content\/uploads\/2025\/01\/Biathlon-Ruhpolding-2025-La-selection-francaise.png","datePublished":"2025-01-13T10:24:08+00:00","dateModified":"2025-07-09T16:37:08+00:00","description":"COUPE DU MONDE BIATHLON 2024-2025 - S\u00e9lection inchang\u00e9e pour les Bleus \u00e0 Ruhpolding, \u00e0 l'occasion de cette nouvelle semaine de Coupe du monde en Allemagne.","breadcrumb":{"@id":"https:\/\/dicodusport.fr\/blog\/biathlon-ruhpolding-2025-la-selection-francaise\/#breadcrumb"},"inLanguage":"fr-FR","potentialAction":[{"@type":"ReadAction","target":["https:\/\/dicodusport.fr\/blog\/biathlon-ruhpolding-2025-la-selection-francaise\/"]}]},{"@type":"ImageObject","inLanguage":"fr-FR","@id":"https:\/\/dicodusport.fr\/blog\/biathlon-ruhpolding-2025-la-selection-francaise\/#primaryimage","url":"https:\/\/dicodusport.fr\/blog\/wp-content\/uploads\/2025\/01\/Biathlon-Ruhpolding-2025-La-selection-francaise.png","contentUrl":"https:\/\/dicodusport.fr\/blog\/wp-content\/uploads\/2025\/01\/Biathlon-Ruhpolding-2025-La-selection-francaise.png","width":1200,"height":674,"caption":"Biathlon Ruhpolding 2025 : La s\u00e9lection fran\u00e7aise"},{"@type":"BreadcrumbList","@id":"https:\/\/dicodusport.fr\/blog\/biathlon-ruhpolding-2025-la-selection-francaise\/#breadcrumb","itemListElement":[{"@type":"ListItem","position":1,"name":"Accueil","item":"https:\/\/dicodusport.fr\/blog\/"},{"@type":"ListItem","position":2,"name":"Biathlon Ruhpolding 2025 : La s\u00e9lection fran\u00e7aise"}]},{"@type":"WebSite","@id":"https:\/\/dicodusport.fr\/blog\/#website","url":"https:\/\/dicodusport.fr\/blog\/","name":"Dicodusport","description":"L&#039;encyclop\u00e9die de l&#039;actualit\u00e9 sportive","publisher":{"@id":"https:\/\/dicodusport.fr\/blog\/#organization"},"potentialAction":[{"@type":"SearchAction","target":{"@type":"EntryPoint","urlTemplate":"https:\/\/dicodusport.fr\/blog\/?s={search_term_string}"},"query-input":{"@type":"PropertyValueSpecification","valueRequired":true,"valueName":"search_term_string"}}],"inLanguage":"fr-FR"},{"@type":"NewsMediaOrganization","@id":"https:\/\/dicodusport.fr\/blog\/#organization","name":"Dicodusport","url":"https:\/\/dicodusport.fr\/blog\/","logo":{"@type":"ImageObject","inLanguage":"fr-FR","@id":"https:\/\/dicodusport.fr\/blog\/#\/schema\/logo\/image\/","url":"https:\/\/dicodusport.fr\/blog\/wp-content\/uploads\/2020\/06\/cropped-LOGO-DICODUSPORT-2020-SANS-FOND-SANS-TEXTE.png","contentUrl":"https:\/\/dicodusport.fr\/blog\/wp-content\/uploads\/2020\/06\/cropped-LOGO-DICODUSPORT-2020-SANS-FOND-SANS-TEXTE.png","width":512,"height":512,"caption":"Dicodusport"},"image":{"@id":"https:\/\/dicodusport.fr\/blog\/#\/schema\/logo\/image\/"},"sameAs":["https:\/\/www.facebook.com\/dicodusport","https:\/\/x.com\/dicodusport","https:\/\/www.instagram.com\/dicodusport\/","https:\/\/www.youtube.com\/channel\/UC7V2KZ5sd3htJivAbA4ZG3w"],"description":"Dicodusport est l'encyclop\u00e9die de l'actualit\u00e9 sportive.","email":"bonjour@dicodusport.fr","legalName":"DICODUSPORT","foundingDate":"2018-01-14","vatID":"FR71834470973","taxID":"83447097300043","numberOfEmployees":{"@type":"QuantitativeValue","minValue":"1","maxValue":"10"}},{"@type":"Person","@id":"https:\/\/dicodusport.fr\/blog\/#\/schema\/person\/d603dd7da31fb2b46c82b9835a77ec13","name":"Etienne Goursaud","image":{"@type":"ImageObject","inLanguage":"fr-FR","@id":"https:\/\/dicodusport.fr\/blog\/#\/schema\/person\/image\/","url":"https:\/\/dicodusport.fr\/blog\/wp-content\/uploads\/2023\/12\/410122264_10231602061736049_5565839791558026645_n-150x150.jpg","contentUrl":"https:\/\/dicodusport.fr\/blog\/wp-content\/uploads\/2023\/12\/410122264_10231602061736049_5565839791558026645_n-150x150.jpg","caption":"Etienne Goursaud"},"description":"Journaliste et amoureux de sport. Ancien footballeur reconverti athl\u00e8te quand ses muscles le laissent tranquille. \u00c9lev\u00e9 \u00e0 la sauce des exploits de Thomas Voeckler en 2004, du dernier essai de l\u00e9gende de Eunice Barber \u00e0 la longueur lors des championnats du monde d'athl\u00e9tisme de 2003 mais aussi Zidane, Omeyer et Titou Lamaison.","url":"https:\/\/dicodusport.fr\/blog\/author\/etienne-goursaud\/"}]}},"_links":{"self":[{"href":"https:\/\/dicodusport.fr\/blog\/wp-json\/wp\/v2\/posts\/546181","targetHints":{"allow":["GET"]}}],"collection":[{"href":"https:\/\/dicodusport.fr\/blog\/wp-json\/wp\/v2\/posts"}],"about":[{"href":"https:\/\/dicodusport.fr\/blog\/wp-json\/wp\/v2\/types\/post"}],"author":[{"embeddable":true,"href":"https:\/\/dicodusport.fr\/blog\/wp-json\/wp\/v2\/users\/83"}],"replies":[{"embeddable":true,"href":"https:\/\/dicodusport.fr\/blog\/wp-json\/wp\/v2\/comments?post=546181"}],"version-history":[{"count":5,"href":"https:\/\/dicodusport.fr\/blog\/wp-json\/wp\/v2\/posts\/546181\/revisions"}],"predecessor-version":[{"id":546232,"href":"https:\/\/dicodusport.fr\/blog\/wp-json\/wp\/v2\/posts\/546181\/revisions\/546232"}],"wp:featuredmedia":[{"embeddable":true,"href":"https:\/\/dicodusport.fr\/blog\/wp-json\/wp\/v2\/media\/546182"}],"wp:attachment":[{"href":"https:\/\/dicodusport.fr\/blog\/wp-json\/wp\/v2\/media?parent=546181"}],"wp:term":[{"taxonomy":"category","embeddable":true,"href":"https:\/\/dicodusport.fr\/blog\/wp-json\/wp\/v2\/categories?post=546181"},{"taxonomy":"post_tag","embeddable":true,"href":"https:\/\/dicodusport.fr\/blog\/wp-json\/wp\/v2\/tags?post=546181"}],"curies":[{"name":"wp","href":"https:\/\/api.w.org\/{rel}","templated":true}]}}