{"id":546215,"date":"2025-01-13T12:52:44","date_gmt":"2025-01-13T11:52:44","guid":{"rendered":"https:\/\/dicodusport.fr\/blog\/?p=546215&#038;preview=true&#038;preview_id=546215"},"modified":"2025-04-03T14:25:16","modified_gmt":"2025-04-03T12:25:16","slug":"ski-alpinisme-shahdag-victoire-daxelle-gachet-mollaret-quatre-podiums-les-bleus-ecrasent-lindividuel","status":"publish","type":"post","link":"https:\/\/dicodusport.fr\/blog\/ski-alpinisme-shahdag-victoire-daxelle-gachet-mollaret-quatre-podiums-les-bleus-ecrasent-lindividuel\/","title":{"rendered":"Ski Alpinisme Shahdag : Victoire d&rsquo;Axelle Gachet-Mollaret, quatre podiums, les Bleus \u00e9crasent l&rsquo;individuel"},"content":{"rendered":"<h4 style=\"text-align: justify;\" align=\"justify\"><em><a style=\"font-weight: bold;\" href=\"https:\/\/dicodusport.fr\/blog\/?s=ski+alpinisme\">SKI ALPINISME<\/a><b> &#8211; Le dernier jour de comp\u00e9tition \u00e0 Shahdag a une nouvelle fois vu les Tricolores tout rafler sur leur passage. Sur l&rsquo;individuel, Axelle Gachet-Mollaret s&rsquo;est impos\u00e9e devant Emily Harrop. Chez les hommes, Samuel Equy et Thibault Anselmet ont eux pris les deux autres places disponibles sur la bo\u00eete, derri\u00e8re l&rsquo;intouchable suisse R\u00e9mi Bonnet.<\/b><\/em><\/h4>\n<p style=\"text-align: justify;\">D\u00e9finitivement, le <strong>ski alpinisme<\/strong> f\u00e9minin est domin\u00e9 par une seule nation : la France. Cette deuxi\u00e8me \u00e9tape de coupe du monde \u00e0 <strong>Shahdag<\/strong> n&rsquo;en est qu&rsquo;une illustration suppl\u00e9mentaire. Apr\u00e8s le <a href=\"https:\/\/dicodusport.fr\/blog\/ski-alpinisme-shahdag-emily-harrop-domine-le-sprint-celia-perillat-pessey-sur-la-boite\/\">sprint<\/a> et la <a href=\"https:\/\/dicodusport.fr\/blog\/ski-alpinisme-shahdag-la-vertical-race-pour-axelle-gachet-mollaret-emily-harrop-encore-sur-le-podium\/\">vertical race<\/a>, respectivement domin\u00e9s par Emily Harrop et Axelle Gachet-Mollaret, les deux cannibales du circuit ont poursuivi leur qu\u00eate de victoires et de podiums sur l&rsquo;individuel, ce lundi.<\/p>\n<h2 style=\"text-align: justify;\">Axelle Gachet-Mollaret intraitable, Equy, Harrop et Anselmet compl\u00e8tent le feu d&rsquo;artifice<\/h2>\n<p style=\"text-align: justify;\">Un mois apr\u00e8s Courchevel, on reprend les m\u00eames et on recommence. Le m\u00eame podium s&rsquo;est exactement dessin\u00e9 dans les cimes az\u00e9ries. Toujours intouchable sur le format, <strong>Axelle Gachet-Mollaret<\/strong> a d\u00e9croch\u00e9 sa troisi\u00e8me victoire de la saison en ralliant l&rsquo;arriv\u00e9e en un peu plus d&rsquo;une heure et demie (1:30:35). Derri\u00e8re elle, <strong>Emily Harrop<\/strong> a assur\u00e9 la 2e place en terminant \u00e0 moins de deux minutes, loin devant l&rsquo;Autrichienne <strong>Johanna Hiemer<\/strong>. Par ailleurs, les Bleues ont r\u00e9alis\u00e9 un tir group\u00e9 impressionnant puisqu&rsquo;avec <strong>Lena Bonnel<\/strong> (4e), <strong>Lorna Bonnel<\/strong> (5e) et <strong>C\u00e9lia Perillat-Pessey<\/strong> (7e), elles sont cinq \u00e0 truster le Top 7 ! Au classement g\u00e9n\u00e9ral de la Coupe du monde, Emily Harrop s&rsquo;est d\u00e9j\u00e0 envol\u00e9e (1820 points), loin devant ses compatriotes Gachet-Mollaret (1320) et Perillat-Pessey (1044).<\/p>\n<p style=\"text-align: justify;\">Plus en retrait jusque-l\u00e0, les hommes ont eux r\u00e9agi. Si comme toujours, <strong>R\u00e9mi Bonnet<\/strong> a termin\u00e9 largement en t\u00eate, les Tricolores se sont empar\u00e9s des deux places restantes sur la bo\u00eete. <a href=\"https:\/\/dicodusport.fr\/blog\/championnats-de-france-ski-alpinisme-le-couple-gachet-au-sommet-perillat-pessey-et-anselmet-raflent-le-relais-mixte\/\">Vice-champion de France du format<\/a>, <strong>Samuel Equy<\/strong> a d\u00e9croch\u00e9 une superbe 2e place, et signe l\u00e0 son troisi\u00e8me podium en carri\u00e8re. Derri\u00e8re, <strong>Thibault Anselmet<\/strong> se place 3e, apr\u00e8s avoir r\u00e9colt\u00e9 deux m\u00e9dailles en chocolat ce weekend.\u00a0 En termes de densit\u00e9, les Bleus r\u00e9alisent m\u00eame plus fort que leurs homologues f\u00e9minines puisqu&rsquo;ils sont six dans les huit premiers : <strong>Anselme Damevin<\/strong> (5e), <strong>William Bon Mardon<\/strong> (6e), <strong>Xavier Gachet<\/strong> (7e) et <strong>G\u00e9d\u00e9on Pochillat Cottilloux<\/strong> (8e).<\/p>\n<p style=\"text-align: justify;\">Suite \u00e0 un break d&rsquo;une dizaine de jours, la troisi\u00e8me manche de coupe du monde se d\u00e9roulera en Andorre, \u00e0 <strong>Arinsal<\/strong>. Un nouvel individuel sera au programme le 25 janvier, avant d&rsquo;\u00eatre suivi du <strong>premier relais mixte<\/strong> de la saison le lendemain. Une premi\u00e8re importante pour ce qui sera l&rsquo;un des deux formats (avec le sprint) pr\u00e9sents aux Jeux Olympiques dans un an.<\/p>\n<p>\u00a0<iframe loading=\"lazy\" style=\"border: none; overflow: hidden;\" src=\"https:\/\/www.facebook.com\/plugins\/post.php?href=https%3A%2F%2Fwww.facebook.com%2Fismf.ski%2Fposts%2Fpfbid04WBs2VgtQdQiopTD5wNdNMZ1yxpj2bBUyeETjGV1TRmTVkDVTEvWkvBiAn6yFMgul&amp;show_text=true&amp;width=500\" width=\"500\" height=\"632\" frameborder=\"0\" scrolling=\"no\" allowfullscreen=\"allowfullscreen\"><\/iframe><\/p>\n","protected":false},"excerpt":{"rendered":"<p>SKI ALPINISME &#8211; Le dernier jour de comp\u00e9tition \u00e0 Shahdag a une nouvelle fois vu les Tricolores briller. Sur l&rsquo;individuel, Axelle Gachet-Mollaret s&rsquo;est impos\u00e9e devant Emily Harrop. Chez les hommes, Samuel Equy et Thibault Anselmet ont eux pris les deux autres places disponibles sur la bo\u00eete, derri\u00e8re l&rsquo;intouchable suisse R\u00e9mi Bonnet.<\/p>\n","protected":false},"author":55,"featured_media":546219,"comment_status":"open","ping_status":"closed","sticky":false,"template":"","format":"standard","meta":{"_acf_changed":false,"_daextam_enable_autolinks":"1","footnotes":""},"categories":[45757],"tags":[22883,16878,37201,13007,22884,4230,30136],"class_list":["post-546215","post","type-post","status-publish","format-standard","has-post-thumbnail","hentry","category-ski-alpinisme","tag-axelle-gachet-mollaret","tag-breve","tag-coupe-du-monde-ski-alpinisme","tag-courchevel","tag-emily-harrop","tag-ski-alpinisme","tag-thibault-anselmet"],"acf":[],"yoast_head":"<!-- This site is optimized with the Yoast SEO Premium plugin v26.7 (Yoast SEO v26.7) - https:\/\/yoast.com\/wordpress\/plugins\/seo\/ -->\n<title>Ski Alpinisme Shahdag : Victoire d&#039;Axelle Gachet-Mollaret, quatre podiums, les Bleus \u00e9crasent l&#039;individuel<\/title>\n<meta name=\"description\" content=\"COUPE DU MONDE SKI ALPINISME -SKI ALPINISME - Axelle Gachet-Mollaret a remport\u00e9 l&#039;individuel devant Emily Harrop.\" \/>\n<meta name=\"robots\" content=\"index, follow, max-snippet:-1, max-image-preview:large, max-video-preview:-1\" \/>\n<link rel=\"canonical\" href=\"https:\/\/dicodusport.fr\/blog\/ski-alpinisme-shahdag-victoire-daxelle-gachet-mollaret-quatre-podiums-les-bleus-ecrasent-lindividuel\/\" \/>\n<meta property=\"og:locale\" content=\"fr_FR\" \/>\n<meta property=\"og:type\" content=\"article\" \/>\n<meta property=\"og:title\" content=\"Ski Alpinisme Shahdag : Victoire d&#039;Axelle Gachet-Mollaret, quatre podiums, les Bleus \u00e9crasent l&#039;individuel\" \/>\n<meta property=\"og:description\" content=\"COUPE DU MONDE SKI ALPINISME -SKI ALPINISME - Axelle Gachet-Mollaret a remport\u00e9 l&#039;individuel devant Emily Harrop.\" \/>\n<meta property=\"og:url\" content=\"https:\/\/dicodusport.fr\/blog\/ski-alpinisme-shahdag-victoire-daxelle-gachet-mollaret-quatre-podiums-les-bleus-ecrasent-lindividuel\/\" \/>\n<meta property=\"og:site_name\" content=\"Dicodusport\" \/>\n<meta property=\"article:publisher\" content=\"https:\/\/www.facebook.com\/dicodusport\" \/>\n<meta property=\"article:published_time\" content=\"2025-01-13T11:52:44+00:00\" \/>\n<meta property=\"article:modified_time\" content=\"2025-04-03T12:25:16+00:00\" \/>\n<meta property=\"og:image\" content=\"https:\/\/dicodusport.fr\/blog\/wp-content\/uploads\/2025\/01\/Ski-Alpinisme-Shahdag-Victoire-dAxelle-Gachet-Mollaret-quatre-podiums-les-Bleus-ecrasent-lindividuel.png\" \/>\n\t<meta property=\"og:image:width\" content=\"1200\" \/>\n\t<meta property=\"og:image:height\" content=\"674\" \/>\n\t<meta property=\"og:image:type\" content=\"image\/png\" \/>\n<meta name=\"author\" content=\"Maxime Cazenave\" \/>\n<meta name=\"twitter:card\" content=\"summary_large_image\" \/>\n<meta name=\"twitter:title\" content=\"Ski Alpinisme Shahdag : Victoire d&#039;Axelle Gachet-Mollaret, quatre podiums, les Bleus \u00e9crasent l&#039;individuel\" \/>\n<meta name=\"twitter:creator\" content=\"@https:\/\/twitter.com\/Maxime_Caze\" \/>\n<meta name=\"twitter:site\" content=\"@dicodusport\" \/>\n<script type=\"application\/ld+json\" class=\"yoast-schema-graph\">{\"@context\":\"https:\/\/schema.org\",\"@graph\":[{\"@type\":\"NewsArticle\",\"@id\":\"https:\/\/dicodusport.fr\/blog\/ski-alpinisme-shahdag-victoire-daxelle-gachet-mollaret-quatre-podiums-les-bleus-ecrasent-lindividuel\/#article\",\"isPartOf\":{\"@id\":\"https:\/\/dicodusport.fr\/blog\/ski-alpinisme-shahdag-victoire-daxelle-gachet-mollaret-quatre-podiums-les-bleus-ecrasent-lindividuel\/\"},\"author\":{\"name\":\"Maxime Cazenave\",\"@id\":\"https:\/\/dicodusport.fr\/blog\/#\/schema\/person\/37def232098a7a5cbab3974a3690abb0\"},\"headline\":\"Ski Alpinisme Shahdag : Victoire d&rsquo;Axelle Gachet-Mollaret, quatre podiums, les Bleus \u00e9crasent l&rsquo;individuel\",\"datePublished\":\"2025-01-13T11:52:44+00:00\",\"dateModified\":\"2025-04-03T12:25:16+00:00\",\"mainEntityOfPage\":{\"@id\":\"https:\/\/dicodusport.fr\/blog\/ski-alpinisme-shahdag-victoire-daxelle-gachet-mollaret-quatre-podiums-les-bleus-ecrasent-lindividuel\/\"},\"wordCount\":481,\"commentCount\":0,\"publisher\":{\"@id\":\"https:\/\/dicodusport.fr\/blog\/#organization\"},\"image\":{\"@id\":\"https:\/\/dicodusport.fr\/blog\/ski-alpinisme-shahdag-victoire-daxelle-gachet-mollaret-quatre-podiums-les-bleus-ecrasent-lindividuel\/#primaryimage\"},\"thumbnailUrl\":\"https:\/\/dicodusport.fr\/blog\/wp-content\/uploads\/2025\/01\/Ski-Alpinisme-Shahdag-Victoire-dAxelle-Gachet-Mollaret-quatre-podiums-les-Bleus-ecrasent-lindividuel.png\",\"keywords\":[\"Axelle Gachet-Mollaret\",\"br\u00e8ve\",\"Coupe du monde ski alpinisme\",\"Courchevel\",\"Emily Harrop\",\"Ski alpinisme\",\"Thibault Anselmet\"],\"articleSection\":[\"Ski alpinisme\"],\"inLanguage\":\"fr-FR\",\"potentialAction\":[{\"@type\":\"CommentAction\",\"name\":\"Comment\",\"target\":[\"https:\/\/dicodusport.fr\/blog\/ski-alpinisme-shahdag-victoire-daxelle-gachet-mollaret-quatre-podiums-les-bleus-ecrasent-lindividuel\/#respond\"]}],\"copyrightYear\":\"2025\",\"copyrightHolder\":{\"@id\":\"https:\/\/dicodusport.fr\/blog\/#organization\"}},{\"@type\":\"WebPage\",\"@id\":\"https:\/\/dicodusport.fr\/blog\/ski-alpinisme-shahdag-victoire-daxelle-gachet-mollaret-quatre-podiums-les-bleus-ecrasent-lindividuel\/\",\"url\":\"https:\/\/dicodusport.fr\/blog\/ski-alpinisme-shahdag-victoire-daxelle-gachet-mollaret-quatre-podiums-les-bleus-ecrasent-lindividuel\/\",\"name\":\"Ski Alpinisme Shahdag : Victoire d'Axelle Gachet-Mollaret, quatre podiums, les Bleus \u00e9crasent l'individuel\",\"isPartOf\":{\"@id\":\"https:\/\/dicodusport.fr\/blog\/#website\"},\"primaryImageOfPage\":{\"@id\":\"https:\/\/dicodusport.fr\/blog\/ski-alpinisme-shahdag-victoire-daxelle-gachet-mollaret-quatre-podiums-les-bleus-ecrasent-lindividuel\/#primaryimage\"},\"image\":{\"@id\":\"https:\/\/dicodusport.fr\/blog\/ski-alpinisme-shahdag-victoire-daxelle-gachet-mollaret-quatre-podiums-les-bleus-ecrasent-lindividuel\/#primaryimage\"},\"thumbnailUrl\":\"https:\/\/dicodusport.fr\/blog\/wp-content\/uploads\/2025\/01\/Ski-Alpinisme-Shahdag-Victoire-dAxelle-Gachet-Mollaret-quatre-podiums-les-Bleus-ecrasent-lindividuel.png\",\"datePublished\":\"2025-01-13T11:52:44+00:00\",\"dateModified\":\"2025-04-03T12:25:16+00:00\",\"description\":\"COUPE DU MONDE SKI ALPINISME -SKI ALPINISME - Axelle Gachet-Mollaret a remport\u00e9 l'individuel devant Emily Harrop.\",\"breadcrumb\":{\"@id\":\"https:\/\/dicodusport.fr\/blog\/ski-alpinisme-shahdag-victoire-daxelle-gachet-mollaret-quatre-podiums-les-bleus-ecrasent-lindividuel\/#breadcrumb\"},\"inLanguage\":\"fr-FR\",\"potentialAction\":[{\"@type\":\"ReadAction\",\"target\":[\"https:\/\/dicodusport.fr\/blog\/ski-alpinisme-shahdag-victoire-daxelle-gachet-mollaret-quatre-podiums-les-bleus-ecrasent-lindividuel\/\"]}]},{\"@type\":\"ImageObject\",\"inLanguage\":\"fr-FR\",\"@id\":\"https:\/\/dicodusport.fr\/blog\/ski-alpinisme-shahdag-victoire-daxelle-gachet-mollaret-quatre-podiums-les-bleus-ecrasent-lindividuel\/#primaryimage\",\"url\":\"https:\/\/dicodusport.fr\/blog\/wp-content\/uploads\/2025\/01\/Ski-Alpinisme-Shahdag-Victoire-dAxelle-Gachet-Mollaret-quatre-podiums-les-Bleus-ecrasent-lindividuel.png\",\"contentUrl\":\"https:\/\/dicodusport.fr\/blog\/wp-content\/uploads\/2025\/01\/Ski-Alpinisme-Shahdag-Victoire-dAxelle-Gachet-Mollaret-quatre-podiums-les-Bleus-ecrasent-lindividuel.png\",\"width\":1200,\"height\":674,\"caption\":\"Ski Alpinisme Shahdag : Victoire d'Axelle Gachet-Mollaret, quatre podiums, les Bleus \u00e9crasent l'individuel\"},{\"@type\":\"BreadcrumbList\",\"@id\":\"https:\/\/dicodusport.fr\/blog\/ski-alpinisme-shahdag-victoire-daxelle-gachet-mollaret-quatre-podiums-les-bleus-ecrasent-lindividuel\/#breadcrumb\",\"itemListElement\":[{\"@type\":\"ListItem\",\"position\":1,\"name\":\"Accueil\",\"item\":\"https:\/\/dicodusport.fr\/blog\/\"},{\"@type\":\"ListItem\",\"position\":2,\"name\":\"Ski Alpinisme Shahdag : Victoire d&rsquo;Axelle Gachet-Mollaret, quatre podiums, les Bleus \u00e9crasent l&rsquo;individuel\"}]},{\"@type\":\"WebSite\",\"@id\":\"https:\/\/dicodusport.fr\/blog\/#website\",\"url\":\"https:\/\/dicodusport.fr\/blog\/\",\"name\":\"Dicodusport\",\"description\":\"L&#039;encyclop\u00e9die de l&#039;actualit\u00e9 sportive\",\"publisher\":{\"@id\":\"https:\/\/dicodusport.fr\/blog\/#organization\"},\"potentialAction\":[{\"@type\":\"SearchAction\",\"target\":{\"@type\":\"EntryPoint\",\"urlTemplate\":\"https:\/\/dicodusport.fr\/blog\/?s={search_term_string}\"},\"query-input\":{\"@type\":\"PropertyValueSpecification\",\"valueRequired\":true,\"valueName\":\"search_term_string\"}}],\"inLanguage\":\"fr-FR\"},{\"@type\":\"NewsMediaOrganization\",\"@id\":\"https:\/\/dicodusport.fr\/blog\/#organization\",\"name\":\"Dicodusport\",\"url\":\"https:\/\/dicodusport.fr\/blog\/\",\"logo\":{\"@type\":\"ImageObject\",\"inLanguage\":\"fr-FR\",\"@id\":\"https:\/\/dicodusport.fr\/blog\/#\/schema\/logo\/image\/\",\"url\":\"https:\/\/dicodusport.fr\/blog\/wp-content\/uploads\/2020\/06\/cropped-LOGO-DICODUSPORT-2020-SANS-FOND-SANS-TEXTE.png\",\"contentUrl\":\"https:\/\/dicodusport.fr\/blog\/wp-content\/uploads\/2020\/06\/cropped-LOGO-DICODUSPORT-2020-SANS-FOND-SANS-TEXTE.png\",\"width\":512,\"height\":512,\"caption\":\"Dicodusport\"},\"image\":{\"@id\":\"https:\/\/dicodusport.fr\/blog\/#\/schema\/logo\/image\/\"},\"sameAs\":[\"https:\/\/www.facebook.com\/dicodusport\",\"https:\/\/x.com\/dicodusport\",\"https:\/\/www.instagram.com\/dicodusport\/\",\"https:\/\/www.youtube.com\/channel\/UC7V2KZ5sd3htJivAbA4ZG3w\"],\"description\":\"Dicodusport est l'encyclop\u00e9die de l'actualit\u00e9 sportive.\",\"email\":\"bonjour@dicodusport.fr\",\"legalName\":\"DICODUSPORT\",\"foundingDate\":\"2018-01-14\",\"vatID\":\"FR71834470973\",\"taxID\":\"83447097300043\",\"numberOfEmployees\":{\"@type\":\"QuantitativeValue\",\"minValue\":\"1\",\"maxValue\":\"10\"}},{\"@type\":\"Person\",\"@id\":\"https:\/\/dicodusport.fr\/blog\/#\/schema\/person\/37def232098a7a5cbab3974a3690abb0\",\"name\":\"Maxime Cazenave\",\"image\":{\"@type\":\"ImageObject\",\"inLanguage\":\"fr-FR\",\"@id\":\"https:\/\/dicodusport.fr\/blog\/#\/schema\/person\/image\/\",\"url\":\"https:\/\/dicodusport.fr\/blog\/wp-content\/uploads\/2021\/05\/Maxime-Cazenave-150x150.jpg\",\"contentUrl\":\"https:\/\/dicodusport.fr\/blog\/wp-content\/uploads\/2021\/05\/Maxime-Cazenave-150x150.jpg\",\"caption\":\"Maxime Cazenave\"},\"description\":\"Journaliste\/R\u00e9dacteur depuis 2012 - Berc\u00e9 par l\u2019amour des Girondins de Bordeaux, les \u00e9checs de Christophe Moreau sur le Tour de France sous l'\u00e8re Lance Armstrong et le fade-away l\u00e9tal de Dirk Nowitzki, ma passion d\u00e9vorante pour le sport a toujours \u00e9t\u00e9 un pan incontournable de ma vie. Transmettre ma passion \u00e0 l\u2019\u00e9crit a \u00e9t\u00e9 une transition naturelle. Suiveur assidu de basket et de hockey sur glace, je garde toujours un peu de place pour suivre le cyclisme, le football et le maximum de performances fran\u00e7aises.\",\"sameAs\":[\"https:\/\/x.com\/https:\/\/twitter.com\/Maxime_Caze\"],\"url\":\"https:\/\/dicodusport.fr\/blog\/author\/maximec\/\"}]}<\/script>\n<!-- \/ Yoast SEO Premium plugin. -->","yoast_head_json":{"title":"Ski Alpinisme Shahdag : Victoire d'Axelle Gachet-Mollaret, quatre podiums, les Bleus \u00e9crasent l'individuel","description":"COUPE DU MONDE SKI ALPINISME -SKI ALPINISME - Axelle Gachet-Mollaret a remport\u00e9 l'individuel devant Emily Harrop.","robots":{"index":"index","follow":"follow","max-snippet":"max-snippet:-1","max-image-preview":"max-image-preview:large","max-video-preview":"max-video-preview:-1"},"canonical":"https:\/\/dicodusport.fr\/blog\/ski-alpinisme-shahdag-victoire-daxelle-gachet-mollaret-quatre-podiums-les-bleus-ecrasent-lindividuel\/","og_locale":"fr_FR","og_type":"article","og_title":"Ski Alpinisme Shahdag : Victoire d'Axelle Gachet-Mollaret, quatre podiums, les Bleus \u00e9crasent l'individuel","og_description":"COUPE DU MONDE SKI ALPINISME -SKI ALPINISME - Axelle Gachet-Mollaret a remport\u00e9 l'individuel devant Emily Harrop.","og_url":"https:\/\/dicodusport.fr\/blog\/ski-alpinisme-shahdag-victoire-daxelle-gachet-mollaret-quatre-podiums-les-bleus-ecrasent-lindividuel\/","og_site_name":"Dicodusport","article_publisher":"https:\/\/www.facebook.com\/dicodusport","article_published_time":"2025-01-13T11:52:44+00:00","article_modified_time":"2025-04-03T12:25:16+00:00","og_image":[{"width":1200,"height":674,"url":"https:\/\/dicodusport.fr\/blog\/wp-content\/uploads\/2025\/01\/Ski-Alpinisme-Shahdag-Victoire-dAxelle-Gachet-Mollaret-quatre-podiums-les-Bleus-ecrasent-lindividuel.png","type":"image\/png"}],"author":"Maxime Cazenave","twitter_card":"summary_large_image","twitter_title":"Ski Alpinisme Shahdag : Victoire d'Axelle Gachet-Mollaret, quatre podiums, les Bleus \u00e9crasent l'individuel","twitter_creator":"@https:\/\/twitter.com\/Maxime_Caze","twitter_site":"@dicodusport","schema":{"@context":"https:\/\/schema.org","@graph":[{"@type":"NewsArticle","@id":"https:\/\/dicodusport.fr\/blog\/ski-alpinisme-shahdag-victoire-daxelle-gachet-mollaret-quatre-podiums-les-bleus-ecrasent-lindividuel\/#article","isPartOf":{"@id":"https:\/\/dicodusport.fr\/blog\/ski-alpinisme-shahdag-victoire-daxelle-gachet-mollaret-quatre-podiums-les-bleus-ecrasent-lindividuel\/"},"author":{"name":"Maxime Cazenave","@id":"https:\/\/dicodusport.fr\/blog\/#\/schema\/person\/37def232098a7a5cbab3974a3690abb0"},"headline":"Ski Alpinisme Shahdag : Victoire d&rsquo;Axelle Gachet-Mollaret, quatre podiums, les Bleus \u00e9crasent l&rsquo;individuel","datePublished":"2025-01-13T11:52:44+00:00","dateModified":"2025-04-03T12:25:16+00:00","mainEntityOfPage":{"@id":"https:\/\/dicodusport.fr\/blog\/ski-alpinisme-shahdag-victoire-daxelle-gachet-mollaret-quatre-podiums-les-bleus-ecrasent-lindividuel\/"},"wordCount":481,"commentCount":0,"publisher":{"@id":"https:\/\/dicodusport.fr\/blog\/#organization"},"image":{"@id":"https:\/\/dicodusport.fr\/blog\/ski-alpinisme-shahdag-victoire-daxelle-gachet-mollaret-quatre-podiums-les-bleus-ecrasent-lindividuel\/#primaryimage"},"thumbnailUrl":"https:\/\/dicodusport.fr\/blog\/wp-content\/uploads\/2025\/01\/Ski-Alpinisme-Shahdag-Victoire-dAxelle-Gachet-Mollaret-quatre-podiums-les-Bleus-ecrasent-lindividuel.png","keywords":["Axelle Gachet-Mollaret","br\u00e8ve","Coupe du monde ski alpinisme","Courchevel","Emily Harrop","Ski alpinisme","Thibault Anselmet"],"articleSection":["Ski alpinisme"],"inLanguage":"fr-FR","potentialAction":[{"@type":"CommentAction","name":"Comment","target":["https:\/\/dicodusport.fr\/blog\/ski-alpinisme-shahdag-victoire-daxelle-gachet-mollaret-quatre-podiums-les-bleus-ecrasent-lindividuel\/#respond"]}],"copyrightYear":"2025","copyrightHolder":{"@id":"https:\/\/dicodusport.fr\/blog\/#organization"}},{"@type":"WebPage","@id":"https:\/\/dicodusport.fr\/blog\/ski-alpinisme-shahdag-victoire-daxelle-gachet-mollaret-quatre-podiums-les-bleus-ecrasent-lindividuel\/","url":"https:\/\/dicodusport.fr\/blog\/ski-alpinisme-shahdag-victoire-daxelle-gachet-mollaret-quatre-podiums-les-bleus-ecrasent-lindividuel\/","name":"Ski Alpinisme Shahdag : Victoire d'Axelle Gachet-Mollaret, quatre podiums, les Bleus \u00e9crasent l'individuel","isPartOf":{"@id":"https:\/\/dicodusport.fr\/blog\/#website"},"primaryImageOfPage":{"@id":"https:\/\/dicodusport.fr\/blog\/ski-alpinisme-shahdag-victoire-daxelle-gachet-mollaret-quatre-podiums-les-bleus-ecrasent-lindividuel\/#primaryimage"},"image":{"@id":"https:\/\/dicodusport.fr\/blog\/ski-alpinisme-shahdag-victoire-daxelle-gachet-mollaret-quatre-podiums-les-bleus-ecrasent-lindividuel\/#primaryimage"},"thumbnailUrl":"https:\/\/dicodusport.fr\/blog\/wp-content\/uploads\/2025\/01\/Ski-Alpinisme-Shahdag-Victoire-dAxelle-Gachet-Mollaret-quatre-podiums-les-Bleus-ecrasent-lindividuel.png","datePublished":"2025-01-13T11:52:44+00:00","dateModified":"2025-04-03T12:25:16+00:00","description":"COUPE DU MONDE SKI ALPINISME -SKI ALPINISME - Axelle Gachet-Mollaret a remport\u00e9 l'individuel devant Emily Harrop.","breadcrumb":{"@id":"https:\/\/dicodusport.fr\/blog\/ski-alpinisme-shahdag-victoire-daxelle-gachet-mollaret-quatre-podiums-les-bleus-ecrasent-lindividuel\/#breadcrumb"},"inLanguage":"fr-FR","potentialAction":[{"@type":"ReadAction","target":["https:\/\/dicodusport.fr\/blog\/ski-alpinisme-shahdag-victoire-daxelle-gachet-mollaret-quatre-podiums-les-bleus-ecrasent-lindividuel\/"]}]},{"@type":"ImageObject","inLanguage":"fr-FR","@id":"https:\/\/dicodusport.fr\/blog\/ski-alpinisme-shahdag-victoire-daxelle-gachet-mollaret-quatre-podiums-les-bleus-ecrasent-lindividuel\/#primaryimage","url":"https:\/\/dicodusport.fr\/blog\/wp-content\/uploads\/2025\/01\/Ski-Alpinisme-Shahdag-Victoire-dAxelle-Gachet-Mollaret-quatre-podiums-les-Bleus-ecrasent-lindividuel.png","contentUrl":"https:\/\/dicodusport.fr\/blog\/wp-content\/uploads\/2025\/01\/Ski-Alpinisme-Shahdag-Victoire-dAxelle-Gachet-Mollaret-quatre-podiums-les-Bleus-ecrasent-lindividuel.png","width":1200,"height":674,"caption":"Ski Alpinisme Shahdag : Victoire d'Axelle Gachet-Mollaret, quatre podiums, les Bleus \u00e9crasent l'individuel"},{"@type":"BreadcrumbList","@id":"https:\/\/dicodusport.fr\/blog\/ski-alpinisme-shahdag-victoire-daxelle-gachet-mollaret-quatre-podiums-les-bleus-ecrasent-lindividuel\/#breadcrumb","itemListElement":[{"@type":"ListItem","position":1,"name":"Accueil","item":"https:\/\/dicodusport.fr\/blog\/"},{"@type":"ListItem","position":2,"name":"Ski Alpinisme Shahdag : Victoire d&rsquo;Axelle Gachet-Mollaret, quatre podiums, les Bleus \u00e9crasent l&rsquo;individuel"}]},{"@type":"WebSite","@id":"https:\/\/dicodusport.fr\/blog\/#website","url":"https:\/\/dicodusport.fr\/blog\/","name":"Dicodusport","description":"L&#039;encyclop\u00e9die de l&#039;actualit\u00e9 sportive","publisher":{"@id":"https:\/\/dicodusport.fr\/blog\/#organization"},"potentialAction":[{"@type":"SearchAction","target":{"@type":"EntryPoint","urlTemplate":"https:\/\/dicodusport.fr\/blog\/?s={search_term_string}"},"query-input":{"@type":"PropertyValueSpecification","valueRequired":true,"valueName":"search_term_string"}}],"inLanguage":"fr-FR"},{"@type":"NewsMediaOrganization","@id":"https:\/\/dicodusport.fr\/blog\/#organization","name":"Dicodusport","url":"https:\/\/dicodusport.fr\/blog\/","logo":{"@type":"ImageObject","inLanguage":"fr-FR","@id":"https:\/\/dicodusport.fr\/blog\/#\/schema\/logo\/image\/","url":"https:\/\/dicodusport.fr\/blog\/wp-content\/uploads\/2020\/06\/cropped-LOGO-DICODUSPORT-2020-SANS-FOND-SANS-TEXTE.png","contentUrl":"https:\/\/dicodusport.fr\/blog\/wp-content\/uploads\/2020\/06\/cropped-LOGO-DICODUSPORT-2020-SANS-FOND-SANS-TEXTE.png","width":512,"height":512,"caption":"Dicodusport"},"image":{"@id":"https:\/\/dicodusport.fr\/blog\/#\/schema\/logo\/image\/"},"sameAs":["https:\/\/www.facebook.com\/dicodusport","https:\/\/x.com\/dicodusport","https:\/\/www.instagram.com\/dicodusport\/","https:\/\/www.youtube.com\/channel\/UC7V2KZ5sd3htJivAbA4ZG3w"],"description":"Dicodusport est l'encyclop\u00e9die de l'actualit\u00e9 sportive.","email":"bonjour@dicodusport.fr","legalName":"DICODUSPORT","foundingDate":"2018-01-14","vatID":"FR71834470973","taxID":"83447097300043","numberOfEmployees":{"@type":"QuantitativeValue","minValue":"1","maxValue":"10"}},{"@type":"Person","@id":"https:\/\/dicodusport.fr\/blog\/#\/schema\/person\/37def232098a7a5cbab3974a3690abb0","name":"Maxime Cazenave","image":{"@type":"ImageObject","inLanguage":"fr-FR","@id":"https:\/\/dicodusport.fr\/blog\/#\/schema\/person\/image\/","url":"https:\/\/dicodusport.fr\/blog\/wp-content\/uploads\/2021\/05\/Maxime-Cazenave-150x150.jpg","contentUrl":"https:\/\/dicodusport.fr\/blog\/wp-content\/uploads\/2021\/05\/Maxime-Cazenave-150x150.jpg","caption":"Maxime Cazenave"},"description":"Journaliste\/R\u00e9dacteur depuis 2012 - Berc\u00e9 par l\u2019amour des Girondins de Bordeaux, les \u00e9checs de Christophe Moreau sur le Tour de France sous l'\u00e8re Lance Armstrong et le fade-away l\u00e9tal de Dirk Nowitzki, ma passion d\u00e9vorante pour le sport a toujours \u00e9t\u00e9 un pan incontournable de ma vie. Transmettre ma passion \u00e0 l\u2019\u00e9crit a \u00e9t\u00e9 une transition naturelle. Suiveur assidu de basket et de hockey sur glace, je garde toujours un peu de place pour suivre le cyclisme, le football et le maximum de performances fran\u00e7aises.","sameAs":["https:\/\/x.com\/https:\/\/twitter.com\/Maxime_Caze"],"url":"https:\/\/dicodusport.fr\/blog\/author\/maximec\/"}]}},"_links":{"self":[{"href":"https:\/\/dicodusport.fr\/blog\/wp-json\/wp\/v2\/posts\/546215","targetHints":{"allow":["GET"]}}],"collection":[{"href":"https:\/\/dicodusport.fr\/blog\/wp-json\/wp\/v2\/posts"}],"about":[{"href":"https:\/\/dicodusport.fr\/blog\/wp-json\/wp\/v2\/types\/post"}],"author":[{"embeddable":true,"href":"https:\/\/dicodusport.fr\/blog\/wp-json\/wp\/v2\/users\/55"}],"replies":[{"embeddable":true,"href":"https:\/\/dicodusport.fr\/blog\/wp-json\/wp\/v2\/comments?post=546215"}],"version-history":[{"count":3,"href":"https:\/\/dicodusport.fr\/blog\/wp-json\/wp\/v2\/posts\/546215\/revisions"}],"predecessor-version":[{"id":546226,"href":"https:\/\/dicodusport.fr\/blog\/wp-json\/wp\/v2\/posts\/546215\/revisions\/546226"}],"wp:featuredmedia":[{"embeddable":true,"href":"https:\/\/dicodusport.fr\/blog\/wp-json\/wp\/v2\/media\/546219"}],"wp:attachment":[{"href":"https:\/\/dicodusport.fr\/blog\/wp-json\/wp\/v2\/media?parent=546215"}],"wp:term":[{"taxonomy":"category","embeddable":true,"href":"https:\/\/dicodusport.fr\/blog\/wp-json\/wp\/v2\/categories?post=546215"},{"taxonomy":"post_tag","embeddable":true,"href":"https:\/\/dicodusport.fr\/blog\/wp-json\/wp\/v2\/tags?post=546215"}],"curies":[{"name":"wp","href":"https:\/\/api.w.org\/{rel}","templated":true}]}}