{"id":546227,"date":"2025-01-19T15:55:45","date_gmt":"2025-01-19T14:55:45","guid":{"rendered":"https:\/\/dicodusport.fr\/blog\/?p=546227&#038;preview=true&#038;preview_id=546227"},"modified":"2025-07-09T18:36:39","modified_gmt":"2025-07-09T16:36:39","slug":"biathlon-ruhpolding-2025-programme-complet-et-resultats","status":"publish","type":"post","link":"https:\/\/dicodusport.fr\/blog\/biathlon-ruhpolding-2025-programme-complet-et-resultats\/","title":{"rendered":"Biathlon Ruhpolding 2025 &#8211; Les r\u00e9sultats complets"},"content":{"rendered":"<h4 style=\"text-align: justify;\"><em>COUPE DU MONDE DE BIATHLON 2024-2025 &#8211; D\u00e9couvrez le programme complet, les horaires et les r\u00e9sultats de la 5\u00e8me \u00e9tape<\/em><em> de la Coupe du monde de biathlon, qui se d\u00e9roule \u00e0 Ruhpolding (Allemagne)<\/em><em>, du mercredi 15 au dimanche 19 janvier 2025.<\/em><\/h4>\n<ul>\n<li style=\"text-align: justify;\"><strong>\u00c0 ce sujet &#8211; <a href=\"https:\/\/dicodusport.fr\/blog\/biathlon-coupe-du-monde-2024-2025-le-calendrier-complet\/\">Coupe du monde Biathlon 2024-2025 \u2013 Le calendrier complet<\/a><\/strong><\/li>\n<\/ul>\n<p style=\"text-align: justify;\">La <strong>Coupe du monde de biathlon 2024-2025<\/strong> se poursuit \u00e0 <strong>Ruhpolding<\/strong> (Allemagne), du mercredi 15 au dimanche 19 janvier 2025. Le site allemand, situ\u00e9 \u00e0 pr\u00e8s de 700 m\u00e8tres d&rsquo;altitude, accueille la 5\u00e8me manche de la Coupe du monde. Nich\u00e9 au c\u0153ur des Alpes bavaroises, le stade de <strong>Ruhpolding<\/strong> verra se d\u00e9rouler des individuels, les relais par genre ainsi que des mass start.<\/p>\n<p style=\"text-align: justify;\">Apr\u00e8s la reprise post-f\u00eates de fin d&rsquo;ann\u00e9e \u00e0 <a href=\"https:\/\/dicodusport.fr\/blog\/biathlon-oberhof-2025-programme-complet-et-resultats\/\"><strong>Oberhof<\/strong><\/a> (Allemagne), les pr\u00e9tendantes et pr\u00e9tendants au classement g\u00e9n\u00e9ral vont peaufiner leur forme, avant les Mondiaux en Suisse, sur le site de Lenzerheide, du 12 au 23 f\u00e9vrier. Chez les femmes, sous la pression du public allemand, <strong>Franziska Preuss<\/strong> a l\u00e2ch\u00e9 du lest. Arriv\u00e9e avec un matelas de 194 points d&rsquo;avance sur <strong>Elvira Oeberg<\/strong> et 213 sur <a href=\"https:\/\/dicodusport.fr\/blog\/poursuite-femmes-oberhof-lou-jeanmonnot-triomphe-en-patronne\/\"><strong>Lou Jeanmonnot<\/strong><\/a>, elle ne compte plus que 116 points de marge sur la Fran\u00e7aise, grande gagnante de l&rsquo;\u00e9tape thuringeoise. Attention \u00e0 ne pas sombrer, pour celle qui sera de nouveau attendue par les fans locaux en Bavi\u00e8re.<\/p>\n<p style=\"text-align: justify;\">Chez les hommes, <strong>Johannes Boe<\/strong>, leader du g\u00e9n\u00e9ral, a \u00e9galement laiss\u00e9 quelques plumes \u00e0 Oberhof. 115 points d&rsquo;avance sur <strong>Sturla Laegreid<\/strong> avant la premi\u00e8re \u00e9tape allemande, 73 d\u00e9sormais, avant la manche bavaroise. Troisi\u00e8me et quatri\u00e8me, <strong>\u00c9milien Jacquelin<\/strong> et <strong>\u00c9ric Perrot<\/strong> restent en embuscade, alors que <strong>Quentin Fillon Maillet<\/strong>, auteur d&rsquo;un tr\u00e8s bon week-end, est remont\u00e9 au 7\u00e8me rang.<\/p>\n<ul>\n<li style=\"text-align: justify;\"><strong>\u00c0 ce sujet &#8211; <a href=\"https:\/\/dicodusport.fr\/blog\/biathlon-ruhpolding-2025-la-selection-francaise\/\">Biathlon Ruhpolding 2025 : La s\u00e9lection fran\u00e7aise<\/a>\u00a0<\/strong><\/li>\n<\/ul>\n<div class=\"vlp-link-container vlp-layout-article\"><a href=\"https:\/\/dicodusport.fr\/blog\/prize-money-biathlon-les-primes-de-la-coupe-du-monde-2024-2025\/\" class=\"vlp-link\" title=\"Prize-money Biathlon : Les primes de la Coupe du monde 2024-2025\"><\/a><div class=\"vlp-layout-zone-side\"><div class=\"vlp-block-4 vlp-link-image\"><img loading=\"lazy\" decoding=\"async\" style=\"max-width: 792px;\" width=\"792\" height=\"445\" src=\"https:\/\/dicodusport.fr\/blog\/wp-content\/uploads\/2024\/12\/Prize-money-Biathlon-Les-primes-de-la-Coupe-du-monde-2024-2025.png\" class=\"attachment-800x445 size-800x445\" alt=\"Prize-money Biathlon Les primes de la Coupe du monde 2024-2025\" srcset=\"https:\/\/dicodusport.fr\/blog\/wp-content\/uploads\/2024\/12\/Prize-money-Biathlon-Les-primes-de-la-Coupe-du-monde-2024-2025.png 1200w, https:\/\/dicodusport.fr\/blog\/wp-content\/uploads\/2024\/12\/Prize-money-Biathlon-Les-primes-de-la-Coupe-du-monde-2024-2025-300x169.png 300w, https:\/\/dicodusport.fr\/blog\/wp-content\/uploads\/2024\/12\/Prize-money-Biathlon-Les-primes-de-la-Coupe-du-monde-2024-2025-1024x575.png 1024w, https:\/\/dicodusport.fr\/blog\/wp-content\/uploads\/2024\/12\/Prize-money-Biathlon-Les-primes-de-la-Coupe-du-monde-2024-2025-768x431.png 768w\" sizes=\"auto, (max-width: 792px) 100vw, 792px\" \/><\/div><\/div><div class=\"vlp-layout-zone-main\"><div class=\"vlp-block-0 vlp-link-title\">Prize-money Biathlon : Les primes de la Coupe du monde 2024-2025<\/div><div class=\"vlp-block-1 vlp-link-summary\">Les primes de la Coupe du monde de biathlon 2024-2025<\/div><div class=\"vlp-block-2 vlp-link-button\">Lire l'article<\/div><div class=\"vlp-block-3 vlp-link-url\">dicodusport.fr<\/div><\/div><\/div>\n<h2 style=\"text-align: justify;\">Biathlon Coupe du monde Ruhpolding 2025 &#8211; Programme et r\u00e9sultats<\/h2>\n<p style=\"text-align: justify;\"><span style=\"font-size: 14px;\"><em><strong>Les courses seront retransmises en direct sur La cha\u00eene L&rsquo;\u00c9quipe et Eurosport.<\/strong><\/em><\/span><\/p>\n<table style=\"width: 100%; border-collapse: collapse; font-size: 0.9em;\">\n<tbody>\n<tr>\n<td style=\"background-color: #0081b4; width: 840px; text-align: center; vertical-align: middle;\" colspan=\"6\"><span style=\"color: #ffffff;\"><strong>MERCREDI 15 JANVIER 2025<\/strong><\/span><\/td>\n<\/tr>\n<tr>\n<td style=\"text-align: center; vertical-align: middle; background-color: #8db5c4; width: 10%;\"><span style=\"color: #ffffff; font-size: 0.9em;\"><strong>Horaire<\/strong><\/span><\/td>\n<td style=\"text-align: center; vertical-align: middle; background-color: #8db5c4; width: 22.5%;\" colspan=\"2\"><span style=\"color: #ffffff;\"><span style=\"font-size: 0.9em;\"><b>\u00c9preuve<\/b><\/span><\/span><\/td>\n<td style=\"text-align: center; vertical-align: middle; background-color: #8db5c4; width: 22.5%;\"><span style=\"color: #ffffff; font-size: 0.9em;\"><strong>Vainqueur<\/strong><\/span><\/td>\n<td style=\"text-align: center; vertical-align: middle; background-color: #8db5c4; width: 22.5%;\"><span style=\"color: #ffffff; font-size: 0.9em;\"><strong>Deuxi\u00e8me<\/strong><\/span><\/td>\n<td style=\"text-align: center; vertical-align: middle; background-color: #8db5c4; width: 22.5%;\"><span style=\"color: #ffffff; font-size: 0.9em;\"><strong>Troisi\u00e8me<\/strong><\/span><\/td>\n<\/tr>\n<tr>\n<td style=\"text-align: center; vertical-align: middle; width: 10%;\"><strong>14H10<\/strong><\/td>\n<td style=\"text-align: center; vertical-align: middle;\" colspan=\"2\"><strong>Individuel hommes<br \/>\n<span style=\"font-size: 11.52px;\"><i><a href=\"https:\/\/dicodusport.fr\/blog\/individuel-hommes-ruhpolding-emilien-claude-soffre-son-premier-podium-en-coupe-du-monde\/\">R\u00e9sum\u00e9<\/a> &#8211; <a href=\"https:\/\/dicodusport.fr\/blog\/biathlon-ruhpolding-2025-classement-individuel-hommes\/\">Classement<\/a><\/i><\/span><\/strong><\/td>\n<td style=\"text-align: center; vertical-align: middle; font-size: 0.9em; width: 22.5%;\"><strong><span style=\"font-size: 0.9em;\">\ud83c\uddf3\ud83c\uddf4 VEBJOERN SOERUM<br \/>\n<span style=\"font-size: 11.52px;\"><i>47:30.0 \/ 0-0-0-0<\/i><\/span><\/span><\/strong><\/td>\n<td style=\"text-align: center; vertical-align: middle; font-size: 0.9em; width: 22.5%;\"><span style=\"font-size: 0.9em;\">\ud83c\uddeb\ud83c\uddf7 \u00c9MILIEN CLAUDE<br \/>\n<span style=\"font-size: 11.52px;\"><i>+52.1 \/ 0-0-0-0<\/i><\/span><\/span><\/td>\n<td style=\"text-align: center; vertical-align: middle; font-size: 0.9em; width: 22.5%;\"><span style=\"font-size: 0.9em;\">\ud83c\uddf1\ud83c\uddfb ANDREJS RASTORGUJEVS<br \/>\n<span style=\"font-size: 11.52px;\"><i>+56.8 \/ 0-1-0-0<\/i><\/span><\/span><\/td>\n<\/tr>\n<tr>\n<td style=\"background-color: #0081b4; width: 840px; text-align: center; vertical-align: middle;\" colspan=\"6\"><span style=\"color: #ffffff;\"><strong>JEUDI 16 JANVIER 2025<\/strong><\/span><\/td>\n<\/tr>\n<tr>\n<td style=\"text-align: center; vertical-align: middle; background-color: #8db5c4; width: 10%;\"><span style=\"color: #ffffff; font-size: 0.9em;\"><strong>Horaire<\/strong><\/span><\/td>\n<td style=\"text-align: center; vertical-align: middle; background-color: #8db5c4; width: 22.5%;\" colspan=\"2\"><span style=\"color: #ffffff;\"><span style=\"font-size: 0.9em;\"><b>\u00c9preuve<\/b><\/span><\/span><\/td>\n<td style=\"text-align: center; vertical-align: middle; background-color: #8db5c4; width: 22.5%;\"><span style=\"color: #ffffff; font-size: 0.9em;\"><strong>Vainqueur<\/strong><\/span><\/td>\n<td style=\"text-align: center; vertical-align: middle; background-color: #8db5c4; width: 22.5%;\"><span style=\"color: #ffffff; font-size: 0.9em;\"><strong>Deuxi\u00e8me<\/strong><\/span><\/td>\n<td style=\"text-align: center; vertical-align: middle; background-color: #8db5c4; width: 22.5%;\"><span style=\"color: #ffffff; font-size: 0.9em;\"><strong>Troisi\u00e8me<\/strong><\/span><\/td>\n<\/tr>\n<tr>\n<td style=\"text-align: center; vertical-align: middle; width: 10%;\"><strong>14H10<\/strong><\/td>\n<td style=\"text-align: center; vertical-align: middle;\" colspan=\"2\"><strong>Individuel femmes<br \/>\n<\/strong><span style=\"font-size: 11.52px;\"><b><i><a href=\"https:\/\/dicodusport.fr\/blog\/individuel-femmes-ruhpolding-lou-jeanmonnot-au-plus-que-parfait\/\">R\u00e9sum\u00e9<\/a> &#8211; <a href=\"https:\/\/dicodusport.fr\/blog\/biathlon-ruhpolding-2025-classement-individuel-femmes\/\">Classement<\/a><\/i><\/b><\/span><\/td>\n<td style=\"text-align: center; vertical-align: middle; font-size: 0.9em; width: 22.5%;\"><strong><span style=\"font-size: 0.9em;\">\ud83c\uddeb\ud83c\uddf7 LOU JEANMONNOT<br \/>\n<span style=\"font-size: 11.52px;\"><i>41:35.5 \/ 0-0-0-0<\/i><\/span><\/span><\/strong><\/td>\n<td style=\"text-align: center; vertical-align: middle; font-size: 0.9em; width: 22.5%;\"><span style=\"font-size: 0.9em;\">\ud83c\udde9\ud83c\uddea FRANZISKA PREUSS<br \/>\n<span style=\"font-size: 11.52px;\"><i>+35.7 \/ 0-1-0-0<\/i><\/span><\/span><\/td>\n<td style=\"text-align: center; vertical-align: middle; font-size: 0.9em; width: 22.5%;\"><span style=\"font-size: 0.9em;\">\ud83c\udde8\ud83c\udded AMY BASERGA<br \/>\n<span style=\"font-size: 11.52px;\"><i>+43.1 \/ 0-0-0-0<\/i><\/span><\/span><\/td>\n<\/tr>\n<tr>\n<td style=\"background-color: #0081b4; width: 800px; text-align: center; vertical-align: middle;\" colspan=\"6\"><span style=\"color: #ffffff;\"><strong>VENDREDI 17 JANVIER 2025<\/strong><\/span><\/td>\n<\/tr>\n<tr>\n<td style=\"text-align: center; vertical-align: middle; background-color: #8db5c4; width: 10%;\"><span style=\"color: #ffffff; font-size: 0.9em;\"><strong>Horaire<\/strong><\/span><\/td>\n<td style=\"text-align: center; vertical-align: middle; background-color: #8db5c4; width: 22.5%;\" colspan=\"2\"><span style=\"color: #ffffff;\"><span style=\"font-size: 0.9em;\"><b>\u00c9preuve<\/b><\/span><\/span><\/td>\n<td style=\"text-align: center; vertical-align: middle; background-color: #8db5c4; width: 22.5%;\"><span style=\"color: #ffffff; font-size: 0.9em;\"><strong>Vainqueur<\/strong><\/span><\/td>\n<td style=\"text-align: center; vertical-align: middle; background-color: #8db5c4; width: 22.5%;\"><span style=\"color: #ffffff; font-size: 0.9em;\"><strong>Deuxi\u00e8me<\/strong><\/span><\/td>\n<td style=\"text-align: center; vertical-align: middle; background-color: #8db5c4; width: 22.5%;\"><span style=\"color: #ffffff; font-size: 0.9em;\"><strong>Troisi\u00e8me<\/strong><\/span><\/td>\n<\/tr>\n<tr>\n<td style=\"text-align: center; vertical-align: middle; width: 10%;\"><strong>14H20<\/strong><\/td>\n<td style=\"text-align: center; vertical-align: middle;\" colspan=\"2\"><strong>Relais hommes<br \/>\n<span style=\"font-size: 11.52px;\"><i><a href=\"https:\/\/dicodusport.fr\/blog\/relais-hommes-ruhpolding-france-s-impose-devant-suede-et-allemagne\/\">R\u00e9sum\u00e9<\/a> &#8211; <a href=\"https:\/\/dicodusport.fr\/blog\/biathlon-ruhpolding-2025-classement-relais-hommes\/\">Classement<\/a><\/i><\/span><\/strong><\/td>\n<td style=\"text-align: center; vertical-align: middle; font-size: 0.9em; width: 22.5%;\"><strong><span style=\"font-size: 0.9em;\">\ud83c\uddeb\ud83c\uddf7 FRANCE<br \/>\n<span style=\"font-size: 11.52px;\"><i>1h08:45.4 \/ 0 (6)<\/i><\/span><\/span><\/strong><\/td>\n<td style=\"text-align: center; vertical-align: middle; font-size: 0.9em; width: 22.5%;\"><span style=\"font-size: 0.9em;\">\ud83c\uddf8\ud83c\uddea SU\u00c8DE<br \/>\n<span style=\"font-size: 11.52px;\"><i>+38.4 \/ 0 (10)<\/i><\/span><\/span><\/td>\n<td style=\"text-align: center; vertical-align: middle; font-size: 0.9em; width: 22.5%;\"><span style=\"font-size: 0.9em;\">\ud83c\udde9\ud83c\uddea ALLEMAGNE<br \/>\n<span style=\"font-size: 11.52px;\"><i>+58.8 \/ 0 (14)<\/i><\/span><\/span><\/td>\n<\/tr>\n<tr>\n<td style=\"background-color: #0081b4; width: 800px; text-align: center; vertical-align: middle;\" colspan=\"6\"><span style=\"color: #ffffff;\"><strong>SAMEDI 18 JANVIER 2025<\/strong><\/span><\/td>\n<\/tr>\n<tr>\n<td style=\"text-align: center; vertical-align: middle; background-color: #8db5c4; width: 10%;\"><span style=\"color: #ffffff; font-size: 0.9em;\"><strong>Horaire<\/strong><\/span><\/td>\n<td style=\"text-align: center; vertical-align: middle; background-color: #8db5c4; width: 22.5%;\" colspan=\"2\"><span style=\"color: #ffffff;\"><span style=\"font-size: 0.9em;\"><b>\u00c9preuve<\/b><\/span><\/span><\/td>\n<td style=\"text-align: center; vertical-align: middle; background-color: #8db5c4; width: 22.5%;\"><span style=\"color: #ffffff; font-size: 0.9em;\"><strong>Vainqueur<\/strong><\/span><\/td>\n<td style=\"text-align: center; vertical-align: middle; background-color: #8db5c4; width: 22.5%;\"><span style=\"color: #ffffff; font-size: 0.9em;\"><strong>Deuxi\u00e8me<\/strong><\/span><\/td>\n<td style=\"text-align: center; vertical-align: middle; background-color: #8db5c4; width: 22.5%;\"><span style=\"color: #ffffff; font-size: 0.9em;\"><strong>Troisi\u00e8me<\/strong><\/span><\/td>\n<\/tr>\n<tr>\n<td style=\"text-align: center; vertical-align: middle; width: 10%;\"><strong>14H20<\/strong><\/td>\n<td style=\"text-align: center; vertical-align: middle;\" colspan=\"2\"><strong>Relais femmes<br \/>\n<span style=\"font-size: 11.52px;\"><i><a href=\"https:\/\/dicodusport.fr\/blog\/relais-femmes-ruhpolding-les-bleues-troisiemes-la-victoire-pour-lallemagne\/\">R\u00e9sum\u00e9<\/a> &#8211; <a href=\"https:\/\/dicodusport.fr\/blog\/biathlon-ruhpolding-2025-classement-relais-femmes\/\">Classement<\/a><\/i><\/span><\/strong><\/td>\n<td style=\"text-align: center; vertical-align: middle; font-size: 0.9em; width: 22.5%;\"><strong><span style=\"font-size: 0.9em;\">\ud83c\udde9\ud83c\uddea ALLEMAGNE<br \/>\n<span style=\"font-size: 11.52px;\"><i>1h07:47.6 \/ 0 (4)<\/i><\/span><\/span><\/strong><\/td>\n<td style=\"text-align: center; vertical-align: middle; font-size: 0.9em; width: 22.5%;\"><span style=\"font-size: 0.9em;\">\ud83c\uddf3\ud83c\uddf4 NORV\u00c8GE<br \/>\n<span style=\"font-size: 11.52px;\"><i>+17.4 \/ 0 (10)<\/i><\/span><\/span><\/td>\n<td style=\"text-align: center; vertical-align: middle; font-size: 0.9em; width: 22.5%;\"><span style=\"font-size: 0.9em;\">\ud83c\uddeb\ud83c\uddf7 FRANCE<br \/>\n<span style=\"font-size: 11.52px;\"><i>+25.8 \/ 1 (7)<\/i><\/span><\/span><\/td>\n<\/tr>\n<tr>\n<td style=\"background-color: #0081b4; width: 800px; text-align: center; vertical-align: middle;\" colspan=\"6\"><span style=\"color: #ffffff;\"><strong>DIMANCHE 19 JANVIER 2025<\/strong><\/span><\/td>\n<\/tr>\n<tr>\n<td style=\"text-align: center; vertical-align: middle; background-color: #8db5c4; width: 10%;\"><span style=\"color: #ffffff; font-size: 0.9em;\"><strong>Horaire<\/strong><\/span><\/td>\n<td style=\"text-align: center; vertical-align: middle; background-color: #8db5c4; width: 22.5%;\" colspan=\"2\"><span style=\"color: #ffffff;\"><span style=\"font-size: 0.9em;\"><b>\u00c9preuve<\/b><\/span><\/span><\/td>\n<td style=\"text-align: center; vertical-align: middle; background-color: #8db5c4; width: 22.5%;\"><span style=\"color: #ffffff; font-size: 0.9em;\"><strong>Vainqueur<\/strong><\/span><\/td>\n<td style=\"text-align: center; vertical-align: middle; background-color: #8db5c4; width: 22.5%;\"><span style=\"color: #ffffff; font-size: 0.9em;\"><strong>Deuxi\u00e8me<\/strong><\/span><\/td>\n<td style=\"text-align: center; vertical-align: middle; background-color: #8db5c4; width: 22.5%;\"><span style=\"color: #ffffff; font-size: 0.9em;\"><strong>Troisi\u00e8me<\/strong><\/span><\/td>\n<\/tr>\n<tr>\n<td style=\"text-align: center; vertical-align: middle; width: 10%;\"><strong>12H30<\/strong><\/td>\n<td style=\"text-align: center; vertical-align: middle;\" colspan=\"2\"><strong>Mass start hommes<br \/>\n<span style=\"font-size: 11.52px;\"><i><a href=\"https:\/\/dicodusport.fr\/blog\/mass-start-hommes-ruhpoding-premiere-victoire-en-carriere-pour-litalien-tommaso-giacomel\/\">R\u00e9sum\u00e9<\/a> &#8211; <a href=\"https:\/\/dicodusport.fr\/blog\/biathlon-ruhpolding-2025-classement-mass-start-hommes\/\">Classement<\/a><\/i><\/span><\/strong><\/td>\n<td style=\"text-align: center; vertical-align: middle; font-size: 0.9em; width: 22.5%;\"><strong><span style=\"font-size: 0.9em;\">\ud83c\uddee\ud83c\uddf9 TOMMASO GIACOMEL<br \/>\n<span style=\"font-size: 11.52px;\"><i>36:21.8 \/ 0-0-0-0<\/i><\/span><\/span><\/strong><\/td>\n<td style=\"text-align: center; vertical-align: middle; font-size: 0.9em; width: 22.5%;\"><span style=\"font-size: 0.9em;\">\ud83c\uddf3\ud83c\uddf4 STURLA LAEGREID<br \/>\n<span style=\"font-size: 11.52px;\"><i>+6.3 \/ 1-0-0-0<\/i><\/span><\/span><\/td>\n<td style=\"text-align: center; vertical-align: middle; font-size: 0.9em; width: 22.5%;\"><span style=\"font-size: 0.9em;\">\ud83c\uddf3\ud83c\uddf4 JOHANNES BOE<br \/>\n<span style=\"font-size: 11.52px;\"><i>+11.4 \/ 1-0-0-1<\/i><\/span><\/span><\/td>\n<\/tr>\n<tr>\n<td style=\"text-align: center; vertical-align: middle; width: 10%;\"><strong>15H00<\/strong><\/td>\n<td style=\"text-align: center; vertical-align: middle; width: 22.5%;\" colspan=\"2\"><strong>Mass start femmes<br \/>\n<span style=\"font-size: 11.52px;\"><i><a href=\"https:\/\/dicodusport.fr\/blog\/mass-start-femmes-ruhpolding-premier-podium-individuel-pour-jeanne-richard-derriere-elvira-oeberg-et-franziska-preuss\/\">R\u00e9sum\u00e9<\/a> &#8211; <a href=\"https:\/\/dicodusport.fr\/blog\/biathlon-ruhpolding-2025-classement-mass-start-femmes\/\">Classement<\/a><br \/>\n<b><\/b><\/i><\/span><\/strong><\/td>\n<td style=\"text-align: center; vertical-align: middle; font-size: 0.9em; width: 22.5%;\"><strong><span style=\"font-size: 0.9em;\">\ud83c\uddf8\ud83c\uddea ELVIRA OEBERG<br \/>\n<span style=\"font-size: 11.52px;\"><i>33:00.5 \/ 0-0-0-0<\/i><\/span><\/span><\/strong><\/td>\n<td style=\"text-align: center; vertical-align: middle; font-size: 0.9em; width: 22.5%;\"><span style=\"font-size: 0.9em;\">\ud83c\udde9\ud83c\uddea FRANZISKA PREUSS<br \/>\n<span style=\"font-size: 11.52px;\"><i>+25.0 \/ 0-1-0-0<\/i><\/span><\/span><\/td>\n<td style=\"text-align: center; vertical-align: middle; font-size: 0.9em; width: 22.5%;\"><span style=\"font-size: 0.9em;\">\ud83c\uddeb\ud83c\uddf7 JEANNE RICHARD<br \/>\n<span style=\"font-size: 11.52px;\"><i>+25.4 \/ 0-0-0-0<\/i><\/span><\/span><\/td>\n<\/tr>\n<\/tbody>\n<\/table>\n<h2 style=\"text-align: justify;\">\u00c0 ce sujet<\/h2>\n<ul>\n<li style=\"text-align: justify;\"><a href=\"https:\/\/dicodusport.fr\/blog\/biathlon-classement-general-femmes-coupe-du-monde-2024-2025\/\"><strong>Biathlon \u2013 Classement g\u00e9n\u00e9ral femmes Coupe du monde 2024-2025<\/strong><\/a><\/li>\n<li style=\"text-align: justify;\"><strong><a href=\"https:\/\/dicodusport.fr\/blog\/biathlon-classement-general-hommes-coupe-du-monde-2024-2025\/\">Biathlon \u2013 Classement g\u00e9n\u00e9ral hommes Coupe du monde 2024-2025<\/a>\u00a0<\/strong><\/li>\n<\/ul>\n","protected":false},"excerpt":{"rendered":"<p>COUPE DU MONDE DE BIATHLON 2024-2025 &#8211; Retrouvez le programme, les horaires et les r\u00e9sultats de la 5\u00e8me \u00e9tape \u00e0 Ruhpolding (Allemagne).<\/p>\n","protected":false},"author":4,"featured_media":547068,"comment_status":"open","ping_status":"closed","sticky":false,"template":"","format":"standard","meta":{"_acf_changed":false,"_daextam_enable_autolinks":"1","footnotes":""},"categories":[47040],"tags":[2427,21152,16878,3259],"class_list":["post-546227","post","type-post","status-publish","format-standard","has-post-thumbnail","hentry","category-coupe-du-monde-de-biathlon","tag-biathlon","tag-biathlon-ruhpolding","tag-breve","tag-ruhpolding"],"acf":[],"yoast_head":"<!-- This site is optimized with the Yoast SEO Premium plugin v26.7 (Yoast SEO v26.7) - https:\/\/yoast.com\/wordpress\/plugins\/seo\/ -->\n<title>Biathlon Ruhpolding 2025 - Les r\u00e9sultats complets<\/title>\n<meta name=\"description\" content=\"COUPE DU MONDE DE BIATHLON 2024-2025 - Retrouvez le programme, les horaires et les r\u00e9sultats de la 5\u00e8me \u00e9tape \u00e0 Ruhpolding (Allemagne).\" \/>\n<meta name=\"robots\" content=\"index, follow, max-snippet:-1, max-image-preview:large, max-video-preview:-1\" \/>\n<link rel=\"canonical\" href=\"https:\/\/dicodusport.fr\/blog\/biathlon-ruhpolding-2025-programme-complet-et-resultats\/\" \/>\n<meta property=\"og:locale\" content=\"fr_FR\" \/>\n<meta property=\"og:type\" content=\"article\" \/>\n<meta property=\"og:title\" content=\"Biathlon Ruhpolding 2025 - Les r\u00e9sultats complets\" \/>\n<meta property=\"og:description\" content=\"COUPE DU MONDE DE BIATHLON 2024-2025 - Retrouvez le programme, les horaires et les r\u00e9sultats de la 5\u00e8me \u00e9tape \u00e0 Ruhpolding (Allemagne).\" \/>\n<meta property=\"og:url\" content=\"https:\/\/dicodusport.fr\/blog\/biathlon-ruhpolding-2025-programme-complet-et-resultats\/\" \/>\n<meta property=\"og:site_name\" content=\"Dicodusport\" \/>\n<meta property=\"article:publisher\" content=\"https:\/\/www.facebook.com\/dicodusport\" \/>\n<meta property=\"article:author\" content=\"https:\/\/www.facebook.com\/florent.ostermann\" \/>\n<meta property=\"article:published_time\" content=\"2025-01-19T14:55:45+00:00\" \/>\n<meta property=\"article:modified_time\" content=\"2025-07-09T16:36:39+00:00\" \/>\n<meta property=\"og:image\" content=\"https:\/\/dicodusport.fr\/blog\/wp-content\/uploads\/2025\/01\/Biathlon-Ruhpolding-2025-Programme-complet-et-resultats-1.png\" \/>\n\t<meta property=\"og:image:width\" content=\"1200\" \/>\n\t<meta property=\"og:image:height\" content=\"674\" \/>\n\t<meta property=\"og:image:type\" content=\"image\/png\" \/>\n<meta name=\"author\" content=\"Flo Ostermann\" \/>\n<meta name=\"twitter:card\" content=\"summary_large_image\" \/>\n<meta name=\"twitter:title\" content=\"Biathlon Ruhpolding 2025 - Les r\u00e9sultats complets\" \/>\n<meta name=\"twitter:creator\" content=\"@https:\/\/twitter.com\/FlOstermann\" \/>\n<meta name=\"twitter:site\" content=\"@dicodusport\" \/>\n<script type=\"application\/ld+json\" class=\"yoast-schema-graph\">{\"@context\":\"https:\/\/schema.org\",\"@graph\":[{\"@type\":\"NewsArticle\",\"@id\":\"https:\/\/dicodusport.fr\/blog\/biathlon-ruhpolding-2025-programme-complet-et-resultats\/#article\",\"isPartOf\":{\"@id\":\"https:\/\/dicodusport.fr\/blog\/biathlon-ruhpolding-2025-programme-complet-et-resultats\/\"},\"author\":{\"name\":\"Flo Ostermann\",\"@id\":\"https:\/\/dicodusport.fr\/blog\/#\/schema\/person\/cb02af4c173ce4a653b55e9baf388d4a\"},\"headline\":\"Biathlon Ruhpolding 2025 &#8211; Les r\u00e9sultats complets\",\"datePublished\":\"2025-01-19T14:55:45+00:00\",\"dateModified\":\"2025-07-09T16:36:39+00:00\",\"mainEntityOfPage\":{\"@id\":\"https:\/\/dicodusport.fr\/blog\/biathlon-ruhpolding-2025-programme-complet-et-resultats\/\"},\"wordCount\":578,\"commentCount\":0,\"publisher\":{\"@id\":\"https:\/\/dicodusport.fr\/blog\/#organization\"},\"image\":{\"@id\":\"https:\/\/dicodusport.fr\/blog\/biathlon-ruhpolding-2025-programme-complet-et-resultats\/#primaryimage\"},\"thumbnailUrl\":\"https:\/\/dicodusport.fr\/blog\/wp-content\/uploads\/2025\/01\/Biathlon-Ruhpolding-2025-Programme-complet-et-resultats-1.png\",\"keywords\":[\"Biathlon\",\"Biathlon Ruhpolding\",\"br\u00e8ve\",\"Ruhpolding\"],\"articleSection\":[\"Coupe du monde de biathlon\"],\"inLanguage\":\"fr-FR\",\"potentialAction\":[{\"@type\":\"CommentAction\",\"name\":\"Comment\",\"target\":[\"https:\/\/dicodusport.fr\/blog\/biathlon-ruhpolding-2025-programme-complet-et-resultats\/#respond\"]}],\"copyrightYear\":\"2025\",\"copyrightHolder\":{\"@id\":\"https:\/\/dicodusport.fr\/blog\/#organization\"}},{\"@type\":\"WebPage\",\"@id\":\"https:\/\/dicodusport.fr\/blog\/biathlon-ruhpolding-2025-programme-complet-et-resultats\/\",\"url\":\"https:\/\/dicodusport.fr\/blog\/biathlon-ruhpolding-2025-programme-complet-et-resultats\/\",\"name\":\"Biathlon Ruhpolding 2025 - Les r\u00e9sultats complets\",\"isPartOf\":{\"@id\":\"https:\/\/dicodusport.fr\/blog\/#website\"},\"primaryImageOfPage\":{\"@id\":\"https:\/\/dicodusport.fr\/blog\/biathlon-ruhpolding-2025-programme-complet-et-resultats\/#primaryimage\"},\"image\":{\"@id\":\"https:\/\/dicodusport.fr\/blog\/biathlon-ruhpolding-2025-programme-complet-et-resultats\/#primaryimage\"},\"thumbnailUrl\":\"https:\/\/dicodusport.fr\/blog\/wp-content\/uploads\/2025\/01\/Biathlon-Ruhpolding-2025-Programme-complet-et-resultats-1.png\",\"datePublished\":\"2025-01-19T14:55:45+00:00\",\"dateModified\":\"2025-07-09T16:36:39+00:00\",\"description\":\"COUPE DU MONDE DE BIATHLON 2024-2025 - Retrouvez le programme, les horaires et les r\u00e9sultats de la 5\u00e8me \u00e9tape \u00e0 Ruhpolding (Allemagne).\",\"breadcrumb\":{\"@id\":\"https:\/\/dicodusport.fr\/blog\/biathlon-ruhpolding-2025-programme-complet-et-resultats\/#breadcrumb\"},\"inLanguage\":\"fr-FR\",\"potentialAction\":[{\"@type\":\"ReadAction\",\"target\":[\"https:\/\/dicodusport.fr\/blog\/biathlon-ruhpolding-2025-programme-complet-et-resultats\/\"]}]},{\"@type\":\"ImageObject\",\"inLanguage\":\"fr-FR\",\"@id\":\"https:\/\/dicodusport.fr\/blog\/biathlon-ruhpolding-2025-programme-complet-et-resultats\/#primaryimage\",\"url\":\"https:\/\/dicodusport.fr\/blog\/wp-content\/uploads\/2025\/01\/Biathlon-Ruhpolding-2025-Programme-complet-et-resultats-1.png\",\"contentUrl\":\"https:\/\/dicodusport.fr\/blog\/wp-content\/uploads\/2025\/01\/Biathlon-Ruhpolding-2025-Programme-complet-et-resultats-1.png\",\"width\":1200,\"height\":674,\"caption\":\"Biathlon Ruhpolding 2025 - Programme complet et r\u00e9sultats\"},{\"@type\":\"BreadcrumbList\",\"@id\":\"https:\/\/dicodusport.fr\/blog\/biathlon-ruhpolding-2025-programme-complet-et-resultats\/#breadcrumb\",\"itemListElement\":[{\"@type\":\"ListItem\",\"position\":1,\"name\":\"Accueil\",\"item\":\"https:\/\/dicodusport.fr\/blog\/\"},{\"@type\":\"ListItem\",\"position\":2,\"name\":\"Biathlon Ruhpolding 2025 &#8211; Les r\u00e9sultats complets\"}]},{\"@type\":\"WebSite\",\"@id\":\"https:\/\/dicodusport.fr\/blog\/#website\",\"url\":\"https:\/\/dicodusport.fr\/blog\/\",\"name\":\"Dicodusport\",\"description\":\"L&#039;encyclop\u00e9die de l&#039;actualit\u00e9 sportive\",\"publisher\":{\"@id\":\"https:\/\/dicodusport.fr\/blog\/#organization\"},\"potentialAction\":[{\"@type\":\"SearchAction\",\"target\":{\"@type\":\"EntryPoint\",\"urlTemplate\":\"https:\/\/dicodusport.fr\/blog\/?s={search_term_string}\"},\"query-input\":{\"@type\":\"PropertyValueSpecification\",\"valueRequired\":true,\"valueName\":\"search_term_string\"}}],\"inLanguage\":\"fr-FR\"},{\"@type\":\"NewsMediaOrganization\",\"@id\":\"https:\/\/dicodusport.fr\/blog\/#organization\",\"name\":\"Dicodusport\",\"url\":\"https:\/\/dicodusport.fr\/blog\/\",\"logo\":{\"@type\":\"ImageObject\",\"inLanguage\":\"fr-FR\",\"@id\":\"https:\/\/dicodusport.fr\/blog\/#\/schema\/logo\/image\/\",\"url\":\"https:\/\/dicodusport.fr\/blog\/wp-content\/uploads\/2020\/06\/cropped-LOGO-DICODUSPORT-2020-SANS-FOND-SANS-TEXTE.png\",\"contentUrl\":\"https:\/\/dicodusport.fr\/blog\/wp-content\/uploads\/2020\/06\/cropped-LOGO-DICODUSPORT-2020-SANS-FOND-SANS-TEXTE.png\",\"width\":512,\"height\":512,\"caption\":\"Dicodusport\"},\"image\":{\"@id\":\"https:\/\/dicodusport.fr\/blog\/#\/schema\/logo\/image\/\"},\"sameAs\":[\"https:\/\/www.facebook.com\/dicodusport\",\"https:\/\/x.com\/dicodusport\",\"https:\/\/www.instagram.com\/dicodusport\/\",\"https:\/\/www.youtube.com\/channel\/UC7V2KZ5sd3htJivAbA4ZG3w\"],\"description\":\"Dicodusport est l'encyclop\u00e9die de l'actualit\u00e9 sportive.\",\"email\":\"bonjour@dicodusport.fr\",\"legalName\":\"DICODUSPORT\",\"foundingDate\":\"2018-01-14\",\"vatID\":\"FR71834470973\",\"taxID\":\"83447097300043\",\"numberOfEmployees\":{\"@type\":\"QuantitativeValue\",\"minValue\":\"1\",\"maxValue\":\"10\"}},{\"@type\":\"Person\",\"@id\":\"https:\/\/dicodusport.fr\/blog\/#\/schema\/person\/cb02af4c173ce4a653b55e9baf388d4a\",\"name\":\"Flo Ostermann\",\"image\":{\"@type\":\"ImageObject\",\"inLanguage\":\"fr-FR\",\"@id\":\"https:\/\/dicodusport.fr\/blog\/#\/schema\/person\/image\/\",\"url\":\"https:\/\/dicodusport.fr\/blog\/wp-content\/uploads\/2021\/05\/Flo-Ostermann-150x150.jpg\",\"contentUrl\":\"https:\/\/dicodusport.fr\/blog\/wp-content\/uploads\/2021\/05\/Flo-Ostermann-150x150.jpg\",\"caption\":\"Flo Ostermann\"},\"description\":\"Journaliste\/R\u00e9dacteur depuis septembre 2015 - Mes premiers souvenirs dans le sport ? Les envol\u00e9es du Stade Toulousain et les duels Villeneuve-Schumacher et H\u00e4kkinen-Schumacher \u00e0 la fin des ann\u00e9es 90, la Coupe du monde de football en 1998, l\u2019exploit du XV de France face aux All Blacks en 1999, mais aussi Richard C\u0153ur de Lion qui vole sur les montagnes du Tour de France. Bien parti pour devenir professeur d\u2019EPS, les \u00e9v\u00e9nements de la vie (et la flemme d\u2019animer des s\u00e9ances de 3x500 m\u00e8tres toute ma vie) m\u2019ont conduit \u00e0 revoir mes plans. Me voil\u00e0 depuis fin 2017 sur Dicodusport, m\u00e9dia gr\u00e2ce (et pour) lequel je partage ma passion : le sport dans tous ses \u00e9tats. Le tout accompagn\u00e9 par les fous furieux et folles furieuses cit\u00e9s sur cette page !\",\"sameAs\":[\"https:\/\/www.facebook.com\/florent.ostermann\",\"https:\/\/x.com\/https:\/\/twitter.com\/FlOstermann\",\"admin\"],\"url\":\"https:\/\/dicodusport.fr\/blog\/author\/flo\/\"}]}<\/script>\n<!-- \/ Yoast SEO Premium plugin. -->","yoast_head_json":{"title":"Biathlon Ruhpolding 2025 - Les r\u00e9sultats complets","description":"COUPE DU MONDE DE BIATHLON 2024-2025 - Retrouvez le programme, les horaires et les r\u00e9sultats de la 5\u00e8me \u00e9tape \u00e0 Ruhpolding (Allemagne).","robots":{"index":"index","follow":"follow","max-snippet":"max-snippet:-1","max-image-preview":"max-image-preview:large","max-video-preview":"max-video-preview:-1"},"canonical":"https:\/\/dicodusport.fr\/blog\/biathlon-ruhpolding-2025-programme-complet-et-resultats\/","og_locale":"fr_FR","og_type":"article","og_title":"Biathlon Ruhpolding 2025 - Les r\u00e9sultats complets","og_description":"COUPE DU MONDE DE BIATHLON 2024-2025 - Retrouvez le programme, les horaires et les r\u00e9sultats de la 5\u00e8me \u00e9tape \u00e0 Ruhpolding (Allemagne).","og_url":"https:\/\/dicodusport.fr\/blog\/biathlon-ruhpolding-2025-programme-complet-et-resultats\/","og_site_name":"Dicodusport","article_publisher":"https:\/\/www.facebook.com\/dicodusport","article_author":"https:\/\/www.facebook.com\/florent.ostermann","article_published_time":"2025-01-19T14:55:45+00:00","article_modified_time":"2025-07-09T16:36:39+00:00","og_image":[{"width":1200,"height":674,"url":"https:\/\/dicodusport.fr\/blog\/wp-content\/uploads\/2025\/01\/Biathlon-Ruhpolding-2025-Programme-complet-et-resultats-1.png","type":"image\/png"}],"author":"Flo Ostermann","twitter_card":"summary_large_image","twitter_title":"Biathlon Ruhpolding 2025 - Les r\u00e9sultats complets","twitter_creator":"@https:\/\/twitter.com\/FlOstermann","twitter_site":"@dicodusport","schema":{"@context":"https:\/\/schema.org","@graph":[{"@type":"NewsArticle","@id":"https:\/\/dicodusport.fr\/blog\/biathlon-ruhpolding-2025-programme-complet-et-resultats\/#article","isPartOf":{"@id":"https:\/\/dicodusport.fr\/blog\/biathlon-ruhpolding-2025-programme-complet-et-resultats\/"},"author":{"name":"Flo Ostermann","@id":"https:\/\/dicodusport.fr\/blog\/#\/schema\/person\/cb02af4c173ce4a653b55e9baf388d4a"},"headline":"Biathlon Ruhpolding 2025 &#8211; Les r\u00e9sultats complets","datePublished":"2025-01-19T14:55:45+00:00","dateModified":"2025-07-09T16:36:39+00:00","mainEntityOfPage":{"@id":"https:\/\/dicodusport.fr\/blog\/biathlon-ruhpolding-2025-programme-complet-et-resultats\/"},"wordCount":578,"commentCount":0,"publisher":{"@id":"https:\/\/dicodusport.fr\/blog\/#organization"},"image":{"@id":"https:\/\/dicodusport.fr\/blog\/biathlon-ruhpolding-2025-programme-complet-et-resultats\/#primaryimage"},"thumbnailUrl":"https:\/\/dicodusport.fr\/blog\/wp-content\/uploads\/2025\/01\/Biathlon-Ruhpolding-2025-Programme-complet-et-resultats-1.png","keywords":["Biathlon","Biathlon Ruhpolding","br\u00e8ve","Ruhpolding"],"articleSection":["Coupe du monde de biathlon"],"inLanguage":"fr-FR","potentialAction":[{"@type":"CommentAction","name":"Comment","target":["https:\/\/dicodusport.fr\/blog\/biathlon-ruhpolding-2025-programme-complet-et-resultats\/#respond"]}],"copyrightYear":"2025","copyrightHolder":{"@id":"https:\/\/dicodusport.fr\/blog\/#organization"}},{"@type":"WebPage","@id":"https:\/\/dicodusport.fr\/blog\/biathlon-ruhpolding-2025-programme-complet-et-resultats\/","url":"https:\/\/dicodusport.fr\/blog\/biathlon-ruhpolding-2025-programme-complet-et-resultats\/","name":"Biathlon Ruhpolding 2025 - Les r\u00e9sultats complets","isPartOf":{"@id":"https:\/\/dicodusport.fr\/blog\/#website"},"primaryImageOfPage":{"@id":"https:\/\/dicodusport.fr\/blog\/biathlon-ruhpolding-2025-programme-complet-et-resultats\/#primaryimage"},"image":{"@id":"https:\/\/dicodusport.fr\/blog\/biathlon-ruhpolding-2025-programme-complet-et-resultats\/#primaryimage"},"thumbnailUrl":"https:\/\/dicodusport.fr\/blog\/wp-content\/uploads\/2025\/01\/Biathlon-Ruhpolding-2025-Programme-complet-et-resultats-1.png","datePublished":"2025-01-19T14:55:45+00:00","dateModified":"2025-07-09T16:36:39+00:00","description":"COUPE DU MONDE DE BIATHLON 2024-2025 - Retrouvez le programme, les horaires et les r\u00e9sultats de la 5\u00e8me \u00e9tape \u00e0 Ruhpolding (Allemagne).","breadcrumb":{"@id":"https:\/\/dicodusport.fr\/blog\/biathlon-ruhpolding-2025-programme-complet-et-resultats\/#breadcrumb"},"inLanguage":"fr-FR","potentialAction":[{"@type":"ReadAction","target":["https:\/\/dicodusport.fr\/blog\/biathlon-ruhpolding-2025-programme-complet-et-resultats\/"]}]},{"@type":"ImageObject","inLanguage":"fr-FR","@id":"https:\/\/dicodusport.fr\/blog\/biathlon-ruhpolding-2025-programme-complet-et-resultats\/#primaryimage","url":"https:\/\/dicodusport.fr\/blog\/wp-content\/uploads\/2025\/01\/Biathlon-Ruhpolding-2025-Programme-complet-et-resultats-1.png","contentUrl":"https:\/\/dicodusport.fr\/blog\/wp-content\/uploads\/2025\/01\/Biathlon-Ruhpolding-2025-Programme-complet-et-resultats-1.png","width":1200,"height":674,"caption":"Biathlon Ruhpolding 2025 - Programme complet et r\u00e9sultats"},{"@type":"BreadcrumbList","@id":"https:\/\/dicodusport.fr\/blog\/biathlon-ruhpolding-2025-programme-complet-et-resultats\/#breadcrumb","itemListElement":[{"@type":"ListItem","position":1,"name":"Accueil","item":"https:\/\/dicodusport.fr\/blog\/"},{"@type":"ListItem","position":2,"name":"Biathlon Ruhpolding 2025 &#8211; Les r\u00e9sultats complets"}]},{"@type":"WebSite","@id":"https:\/\/dicodusport.fr\/blog\/#website","url":"https:\/\/dicodusport.fr\/blog\/","name":"Dicodusport","description":"L&#039;encyclop\u00e9die de l&#039;actualit\u00e9 sportive","publisher":{"@id":"https:\/\/dicodusport.fr\/blog\/#organization"},"potentialAction":[{"@type":"SearchAction","target":{"@type":"EntryPoint","urlTemplate":"https:\/\/dicodusport.fr\/blog\/?s={search_term_string}"},"query-input":{"@type":"PropertyValueSpecification","valueRequired":true,"valueName":"search_term_string"}}],"inLanguage":"fr-FR"},{"@type":"NewsMediaOrganization","@id":"https:\/\/dicodusport.fr\/blog\/#organization","name":"Dicodusport","url":"https:\/\/dicodusport.fr\/blog\/","logo":{"@type":"ImageObject","inLanguage":"fr-FR","@id":"https:\/\/dicodusport.fr\/blog\/#\/schema\/logo\/image\/","url":"https:\/\/dicodusport.fr\/blog\/wp-content\/uploads\/2020\/06\/cropped-LOGO-DICODUSPORT-2020-SANS-FOND-SANS-TEXTE.png","contentUrl":"https:\/\/dicodusport.fr\/blog\/wp-content\/uploads\/2020\/06\/cropped-LOGO-DICODUSPORT-2020-SANS-FOND-SANS-TEXTE.png","width":512,"height":512,"caption":"Dicodusport"},"image":{"@id":"https:\/\/dicodusport.fr\/blog\/#\/schema\/logo\/image\/"},"sameAs":["https:\/\/www.facebook.com\/dicodusport","https:\/\/x.com\/dicodusport","https:\/\/www.instagram.com\/dicodusport\/","https:\/\/www.youtube.com\/channel\/UC7V2KZ5sd3htJivAbA4ZG3w"],"description":"Dicodusport est l'encyclop\u00e9die de l'actualit\u00e9 sportive.","email":"bonjour@dicodusport.fr","legalName":"DICODUSPORT","foundingDate":"2018-01-14","vatID":"FR71834470973","taxID":"83447097300043","numberOfEmployees":{"@type":"QuantitativeValue","minValue":"1","maxValue":"10"}},{"@type":"Person","@id":"https:\/\/dicodusport.fr\/blog\/#\/schema\/person\/cb02af4c173ce4a653b55e9baf388d4a","name":"Flo Ostermann","image":{"@type":"ImageObject","inLanguage":"fr-FR","@id":"https:\/\/dicodusport.fr\/blog\/#\/schema\/person\/image\/","url":"https:\/\/dicodusport.fr\/blog\/wp-content\/uploads\/2021\/05\/Flo-Ostermann-150x150.jpg","contentUrl":"https:\/\/dicodusport.fr\/blog\/wp-content\/uploads\/2021\/05\/Flo-Ostermann-150x150.jpg","caption":"Flo Ostermann"},"description":"Journaliste\/R\u00e9dacteur depuis septembre 2015 - Mes premiers souvenirs dans le sport ? Les envol\u00e9es du Stade Toulousain et les duels Villeneuve-Schumacher et H\u00e4kkinen-Schumacher \u00e0 la fin des ann\u00e9es 90, la Coupe du monde de football en 1998, l\u2019exploit du XV de France face aux All Blacks en 1999, mais aussi Richard C\u0153ur de Lion qui vole sur les montagnes du Tour de France. Bien parti pour devenir professeur d\u2019EPS, les \u00e9v\u00e9nements de la vie (et la flemme d\u2019animer des s\u00e9ances de 3x500 m\u00e8tres toute ma vie) m\u2019ont conduit \u00e0 revoir mes plans. Me voil\u00e0 depuis fin 2017 sur Dicodusport, m\u00e9dia gr\u00e2ce (et pour) lequel je partage ma passion : le sport dans tous ses \u00e9tats. Le tout accompagn\u00e9 par les fous furieux et folles furieuses cit\u00e9s sur cette page !","sameAs":["https:\/\/www.facebook.com\/florent.ostermann","https:\/\/x.com\/https:\/\/twitter.com\/FlOstermann","admin"],"url":"https:\/\/dicodusport.fr\/blog\/author\/flo\/"}]}},"_links":{"self":[{"href":"https:\/\/dicodusport.fr\/blog\/wp-json\/wp\/v2\/posts\/546227","targetHints":{"allow":["GET"]}}],"collection":[{"href":"https:\/\/dicodusport.fr\/blog\/wp-json\/wp\/v2\/posts"}],"about":[{"href":"https:\/\/dicodusport.fr\/blog\/wp-json\/wp\/v2\/types\/post"}],"author":[{"embeddable":true,"href":"https:\/\/dicodusport.fr\/blog\/wp-json\/wp\/v2\/users\/4"}],"replies":[{"embeddable":true,"href":"https:\/\/dicodusport.fr\/blog\/wp-json\/wp\/v2\/comments?post=546227"}],"version-history":[{"count":5,"href":"https:\/\/dicodusport.fr\/blog\/wp-json\/wp\/v2\/posts\/546227\/revisions"}],"predecessor-version":[{"id":548118,"href":"https:\/\/dicodusport.fr\/blog\/wp-json\/wp\/v2\/posts\/546227\/revisions\/548118"}],"wp:featuredmedia":[{"embeddable":true,"href":"https:\/\/dicodusport.fr\/blog\/wp-json\/wp\/v2\/media\/547068"}],"wp:attachment":[{"href":"https:\/\/dicodusport.fr\/blog\/wp-json\/wp\/v2\/media?parent=546227"}],"wp:term":[{"taxonomy":"category","embeddable":true,"href":"https:\/\/dicodusport.fr\/blog\/wp-json\/wp\/v2\/categories?post=546227"},{"taxonomy":"post_tag","embeddable":true,"href":"https:\/\/dicodusport.fr\/blog\/wp-json\/wp\/v2\/tags?post=546227"}],"curies":[{"name":"wp","href":"https:\/\/api.w.org\/{rel}","templated":true}]}}