{"id":546312,"date":"2025-01-14T08:50:06","date_gmt":"2025-01-14T07:50:06","guid":{"rendered":"https:\/\/dicodusport.fr\/blog\/?p=546312&#038;preview=true&#038;preview_id=546312"},"modified":"2025-01-17T19:42:17","modified_gmt":"2025-01-17T18:42:17","slug":"mondial-masculin-handball-2025-autriche-qatar-koweit-la-presentation-du-groupe-des-bleus","status":"publish","type":"post","link":"https:\/\/dicodusport.fr\/blog\/mondial-masculin-handball-2025-autriche-qatar-koweit-la-presentation-du-groupe-des-bleus\/","title":{"rendered":"Mondial masculin handball 2025 : Autriche, Qatar, Kowe\u00eft, la pr\u00e9sentation du groupe des Bleus"},"content":{"rendered":"<h4 style=\"text-align: justify;\"><em>MONDIAL 2025 &#8211; La France entre dans la comp\u00e9tition d\u00e8s ce mardi contre le Qatar. C&rsquo;est l&rsquo;occasion de pr\u00e9senter les premiers adversaires des Bleus dans ce tour pr\u00e9liminaire. Apr\u00e8s le Qatar, le Kowe\u00eft et l&rsquo;Autriche sont les deux nations que vont affronter Nedim Remili et compagnie.<\/em><\/h4>\n<ul>\n<li style=\"text-align: justify;\"><strong>\u00c0 ce sujet &#8211; <a href=\"https:\/\/dicodusport.fr\/blog\/calendrier-et-resultats-mondial-masculin-handball-2025\/\" target=\"_blank\" rel=\"noopener\">Calendrier, r\u00e9sultats et scores Mondial masculin Handball 2025<\/a><\/strong><\/li>\n<\/ul>\n<p style=\"text-align: justify;\"><span style=\"font-weight: 400;\">Le championnat du monde de handball 2025 d\u00e9bute ce mardi et les Bleus sont les premiers \u00e0 ouvrir le bal avec un match face au Qatar. En Croatie, la France fait figure de favorite et tombe dans un groupe assez ouvert, mais qu\u2019elle doit nettement dominer, vu sa stature. Outre le Qatar, l\u2019Autriche et le Kowe\u00eft sont les deux derniers adversaires de la bande \u00e0 <\/span><b>Guillaume Gille<\/b><span style=\"font-weight: 400;\">. Pr\u00e9sentation de ces nations.<\/span><\/p>\n<ul>\n<li style=\"text-align: justify;\"><strong>\u00c0 ce sujet &#8211; <a href=\"https:\/\/dicodusport.fr\/blog\/mondial-masculin-de-handball-2025-calendrier-et-resultats-de-lequipe-de-france\/\">Mondial masculin de handball 2025 \u2013 Calendrier et r\u00e9sultats de l\u2019\u00e9quipe de France<\/a><\/strong><\/li>\n<\/ul>\n<h2 style=\"text-align: justify;\">Le Qatar loin du niveau de 2015<\/h2>\n<p style=\"text-align: justify;\"><span style=\"font-weight: 400;\">Les Bleus retrouvent une vieille connaissance. Au Mondial 2015, il y a d\u00e9j\u00e0 10 ans, la France \u00e9tait sacr\u00e9e pour la 5e fois en battant, \u00e0 Lusail, une cosmopolite \u00e9quipe qatarie. Cubains, Serbes, Espagnols, et m\u00eame un Fran\u00e7ais, <\/span><b>Bertrand Roin\u00e9<\/b><span style=\"font-weight: 400;\">, ex-Chamb\u00e9rien. Le groupe a \u00e9volu\u00e9 ces derni\u00e8res ann\u00e9es et la formation du Golfe Persique est bien plus vieillissante d\u00e9sormais.<\/span><\/p>\n<p style=\"text-align: justify;\"><span style=\"font-weight: 400;\">Il reste quelques cubains et joueurs d\u2019ex-Yougoslavie, mais la magie s\u2019est estomp\u00e9e. Tous ces handballeurs ne sont globalement plus au niveau et le Qatar a termin\u00e9 22e du dernier Mondial. <\/span><b>Rafael Capote<\/b><span style=\"font-weight: 400;\"> reste la star de l\u2019\u00e9quipe \u00e0 37 ans. Le Cubain avait \u00e9t\u00e9 \u00e9lu meilleur arri\u00e8re gauche du championnat du monde 2015 \u00e0 domicile. Champion d\u2019Asie en titre, le Qatar a \u00e9chou\u00e9 lors de la qualification olympique avec deux revers contre la Cor\u00e9e du Sud et Bahre\u00efn. Men\u00e9s par le coach <\/span><b>Veselin Vujovic<\/b><span style=\"font-weight: 400;\">, ces joueurs se sont r\u00e9cemment inclin\u00e9s lors de leurs deux matchs de pr\u00e9paration contre la Slov\u00e9nie (38-30) puis contre l\u2019Alg\u00e9rie (27-25).\u00a0<\/span><\/p>\n<p style=\"text-align: justify;\"><b>Le groupe qatari<\/b><span style=\"font-weight: 400;\"> : Rafael Capote, Amin Zakar, Amir Danqir, Bilal Labinka, Erhad Alihozdic, Abdulrazzaq Murad, Hamdi Ayyad, Yassin Sami, Youssef Bin Ali, Amin Qahees, Wilder Memevich, Alaa Eldin Balrashed, Nidal Issa, Wagdi Ibrahim, Mustafa Heiba, Zarko Markovic, Frankis Karol, Abdulrahman Tariq, Ahmed Maddi, Anadin Soljakovic.<\/span><\/p>\n<blockquote class=\"twitter-tweet\">\n<p dir=\"rtl\" lang=\"ar\">\ud83d\udd36 | \u0642\u0627\u0626\u0645\u0629 <a href=\"https:\/\/twitter.com\/hashtag\/%D9%85%D9%86%D8%AA%D8%AE%D8%A8%D9%86%D8%A7_%D8%A7%D9%84%D9%88%D8%B7%D9%86%D9%8A?src=hash&amp;ref_src=twsrc%5Etfw\">#\u0645\u0646\u062a\u062e\u0628\u0646\u0627_\u0627\u0644\u0648\u0637\u0646\u064a<\/a> <a href=\"https:\/\/twitter.com\/hashtag\/%D8%A7%D9%84%D8%A3%D8%AF%D8%B9%D9%85?src=hash&amp;ref_src=twsrc%5Etfw\">#\u0627\u0644\u0623\u062f\u0639\u0645<\/a> \ud83c\uddf6\ud83c\udde6 \u0627\u0644\u0645\u0634\u0627\u0631\u0643 \u0641\u064a \u0628\u0637\u0648\u0644\u0629 \u0627\u0644\u0639\u0627\u0644\u0645 \u0644\u0643\u0631\u0629 \u0627\u0644\u064a\u062f 2025 .. <a href=\"https:\/\/t.co\/j4vM7S008C\">pic.twitter.com\/j4vM7S008C<\/a><\/p>\n<p>\u2014 Qatar Handball Association (@Qatarhandball) <a href=\"https:\/\/twitter.com\/Qatarhandball\/status\/1875530037476389376?ref_src=twsrc%5Etfw\">January 4, 2025<\/a><\/p><\/blockquote>\n<p><script async src=\"https:\/\/platform.twitter.com\/widgets.js\" charset=\"utf-8\"><\/script><\/p>\n<h2 style=\"text-align: justify;\">L&rsquo;Autriche en pleine progression<\/h2>\n<p style=\"text-align: justify;\"><span style=\"font-weight: 400;\">L\u2019Autriche est aussi une connaissance des Bleus. Pas plus tard que lors du dernier Euro, les Autrichiens \u00e9taient plac\u00e9s avec les hommes de <\/span><b>Guillaume Gille<\/b><span style=\"font-weight: 400;\"> lors du tour principal. Une victoire 33-28 de la France, mais la comp\u00e9tition restait tr\u00e8s bonne pour le pays d\u2019Europe centrale. Deux matchs nuls contre la Croatie et l\u2019Espagne, une victoire face \u00e0 la Hongrie, c\u2019est ce nouveau match nul contre l\u2019Allemagne qui les a condamn\u00e9s.<\/span><\/p>\n<p style=\"text-align: justify;\"><span style=\"font-weight: 400;\">L\u2019Autriche fait partie des nations montantes gr\u00e2ce notamment \u00e0 l&rsquo;exil de ses joueurs vers l\u2019Allemagne ou la Hongrie. Son effectif est de plus en plus dense, mais sa star sera absente pour ce Mondial. <\/span><b>Nikola Bilyk<\/b><span style=\"font-weight: 400;\"> est bless\u00e9 \u00e0 une cuisse et a d\u00fb d\u00e9clarer forfait. L\u2019\u00e9quipe sera emmen\u00e9e par une paire de gardiens comp\u00e9titive avec le joueur de Lemgo <\/span><b>Constantin M\u00f6stl<\/b><span style=\"font-weight: 400;\"> et <\/span><b>Florian Kaiper<\/b><span style=\"font-weight: 400;\">, portier de Linz, l\u2019une des meilleures d\u00e9fenses du championnat local. Il faudra aussi surveiller le c\u00f4t\u00e9 gauche avec l\u2019ailier <\/span><b>Sebastian Frimmel<\/b><span style=\"font-weight: 400;\"> et l\u2019arri\u00e8re <\/span><b>Lukas Hutecek<\/b><span style=\"font-weight: 400;\">, lui aussi sous contrat avec Lemgo. Derri\u00e8re la France, l\u2019Autriche est donc l\u2019\u00e9quipe favorite pour passer un tour.<\/span><\/p>\n<p style=\"text-align: justify;\"><b>Le groupe autrichien<\/b><span style=\"font-weight: 400;\"> : Jozsef Albek, Nemanja Belos, Janko Bozovic, Eric Damb\u00f6ck, Sebastian Frimmel, Lukas Herburger, Lukas Hutecek, Florian Kaiper, Elias Kofler, Franko Lastro, Markus Mahr, Michael Miskovez, Constantin M\u00f6stl, Jakob Nigg, Tobias Wagner, Boris Zivkovic.<\/span><\/p>\n<blockquote class=\"twitter-tweet\">\n<p dir=\"ltr\" lang=\"de\">Die Vorbereitung auf die WM 2025 ist nahezu abgeschlossen. Der Trainer gibt uns im Interview einen letzten Einblick vor dem Start. \ud83c\udfa4\ud83c\udde6\ud83c\uddf9<\/p>\n<p>\ud83d\udc49 Das Interview kannst du hier lesen: <a href=\"https:\/\/t.co\/FJijQdzs1V\">https:\/\/t.co\/FJijQdzs1V<\/a><a href=\"https:\/\/twitter.com\/hashtag\/handball?src=hash&amp;ref_src=twsrc%5Etfw\">#handball<\/a> <a href=\"https:\/\/twitter.com\/hashtag\/handballaustria?src=hash&amp;ref_src=twsrc%5Etfw\">#handballaustria<\/a> <a href=\"https:\/\/twitter.com\/hashtag\/CRODENNOR2025?src=hash&amp;ref_src=twsrc%5Etfw\">#CRODENNOR2025<\/a> <a href=\"https:\/\/t.co\/npkdlkIM7C\">pic.twitter.com\/npkdlkIM7C<\/a><\/p>\n<p>\u2014 Handball Austria (@HandballAustria) <a href=\"https:\/\/twitter.com\/HandballAustria\/status\/1878125209179275545?ref_src=twsrc%5Etfw\">January 11, 2025<\/a><\/p><\/blockquote>\n<p><script async src=\"https:\/\/platform.twitter.com\/widgets.js\" charset=\"utf-8\"><\/script><\/p>\n<h2 style=\"text-align: justify;\">Le Kowe\u00eft, petit poucet du groupe<\/h2>\n<p style=\"text-align: justify;\"><span style=\"font-weight: 400;\">Plong\u00e9e dans l\u2019inconnu avec la pr\u00e9sentation de l\u2019\u00e9quipe nationale du Kowe\u00eft. Le pays du Golfe Persique fait partie des petits poucets de la comp\u00e9tition et aura bien du mal \u00e0 se faire une place lors de ce championnat du monde. Sa derni\u00e8re participation au Mondial \u00e9tait en 2009, ann\u00e9e o\u00f9 la finale \u00e9tait un hom\u00e9rique Croatie &#8211; France, \u00e0 Zagreb.\u00a0<\/span><\/p>\n<p style=\"text-align: justify;\"><span style=\"font-weight: 400;\">Ses derniers r\u00e9sultats sont mitig\u00e9s avec une 4e place \u00e0 la Coupe d\u2019Asie et une \u00e9limination pr\u00e9coce dans la course aux Jeux Olympiques. Avec notamment une d\u00e9faite contre l\u2019Iran. Sous la direction de l\u2019Alg\u00e9rien <\/span><b>Sa\u00efd Hejazi<\/b><span style=\"font-weight: 400;\">, le Kowe\u00eft pourra compter sur son jeune demi-centre <\/span><b>Saif Al-Adwani<\/b><span style=\"font-weight: 400;\">. \u00c0 22 ans, il est l\u2019une des promesses au pays et a particip\u00e9 au dernier Mondial U21, o\u00f9 sa nation n\u2019a obtenu qu\u2019une victoire, contre le modeste Costa Rica. Les Kowe\u00eftiens auront donc fort \u00e0 faire dans le groupe des Bleus.<\/span><span style=\"font-weight: 400;\"><br \/>\n<\/span><span style=\"font-weight: 400;\"><br \/>\n<\/span><b>L\u2019\u00e9quipe du Kowe\u00eft<\/b><span style=\"font-weight: 400;\"> : Abdullah Al-Khamis, Abdulaziz Al-Shammari, Haidar Dashti, Mohammed Amer, Fawaz Mubarak, Abdulaziz Salmeen, Fawaz Al-Shammari, Mohammed Al-Hindal, Ali Naseer, Saif Al-Adwani, Mishaal Al-Harbi, Saleh Al-Moussawi, Mohammed Al-Sanea, Abdulrahman Al-Shammari, Mohammed Ghadanfar, Hassan Safar, Abdulaziz Al-Dhafiri, Mohammed Bouyabes.<\/span><\/p>\n<h2 style=\"text-align: justify;\">\u00c0 ce sujet<\/h2>\n<div class=\"vlp-link-container vlp-layout-article\"><a href=\"https:\/\/dicodusport.fr\/blog\/mondial-handball-masculin-2025-les-bleus-peuvent-ils-detroner-le-danemark\/\" class=\"vlp-link\" title=\"Mondial Handball masculin 2025 : Les Bleus peuvent-ils d\u00e9tr\u00f4ner le Danemark ?\"><\/a><div class=\"vlp-layout-zone-side\"><div class=\"vlp-block-4 vlp-link-image\"><img loading=\"lazy\" decoding=\"async\" style=\"max-width: 792px;\" width=\"792\" height=\"445\" src=\"https:\/\/dicodusport.fr\/blog\/wp-content\/uploads\/2025\/01\/Mondial-Handball-masculin-2025-Les-Bleus-peuvent-ils-detroner-le-Danemark-.png\" class=\"attachment-800x445 size-800x445\" alt=\"Mondial Handball masculin 2025 Les Bleus peuvent-ils d\u00e9tr\u00f4ner le Danemark\" srcset=\"https:\/\/dicodusport.fr\/blog\/wp-content\/uploads\/2025\/01\/Mondial-Handball-masculin-2025-Les-Bleus-peuvent-ils-detroner-le-Danemark-.png 1200w, https:\/\/dicodusport.fr\/blog\/wp-content\/uploads\/2025\/01\/Mondial-Handball-masculin-2025-Les-Bleus-peuvent-ils-detroner-le-Danemark--300x169.png 300w, https:\/\/dicodusport.fr\/blog\/wp-content\/uploads\/2025\/01\/Mondial-Handball-masculin-2025-Les-Bleus-peuvent-ils-detroner-le-Danemark--1024x575.png 1024w, https:\/\/dicodusport.fr\/blog\/wp-content\/uploads\/2025\/01\/Mondial-Handball-masculin-2025-Les-Bleus-peuvent-ils-detroner-le-Danemark--768x431.png 768w\" sizes=\"auto, (max-width: 792px) 100vw, 792px\" \/><\/div><\/div><div class=\"vlp-layout-zone-main\"><div class=\"vlp-block-0 vlp-link-title\">Mondial Handball masculin 2025 : Les Bleus peuvent-ils d\u00e9tr\u00f4ner le Danemark ?<\/div><div class=\"vlp-block-1 vlp-link-summary\">Les Bleus peuvent-ils d\u00e9tr\u00f4ner le Danemark ?<\/div><div class=\"vlp-block-2 vlp-link-button\">Lire l'article<\/div><div class=\"vlp-block-3 vlp-link-url\">dicodusport.fr<\/div><\/div><\/div>\n","protected":false},"excerpt":{"rendered":"<p>Autriche, Qatar, Kowe\u00eft, la pr\u00e9sentation du groupe des Bleus<\/p>\n","protected":false},"author":61,"featured_media":546342,"comment_status":"open","ping_status":"closed","sticky":false,"template":"","format":"standard","meta":{"_acf_changed":false,"_daextam_enable_autolinks":"1","footnotes":""},"categories":[47046],"tags":[32415,378,16878,30,405,7016],"class_list":["post-546312","post","type-post","status-publish","format-standard","has-post-thumbnail","hentry","category-championnat-du-monde-de-handball","tag-actu","tag-autriche","tag-breve","tag-france","tag-handball","tag-qatar"],"acf":[],"yoast_head":"<!-- This site is optimized with the Yoast SEO Premium plugin v26.7 (Yoast SEO v26.7) - https:\/\/yoast.com\/wordpress\/plugins\/seo\/ -->\n<title>Mondial masculin handball 2025 : Autriche, Qatar, Kowe\u00eft, la pr\u00e9sentation du groupe des Bleus<\/title>\n<meta name=\"description\" content=\"La France entre dans la comp\u00e9tition d\u00e8s ce mardi contre le Qatar. C&#039;est l&#039;occasion de pr\u00e9senter les premiers adversaires des Bleus dans ce tour pr\u00e9liminaire.\" \/>\n<meta name=\"robots\" content=\"index, follow, max-snippet:-1, max-image-preview:large, max-video-preview:-1\" \/>\n<link rel=\"canonical\" href=\"https:\/\/dicodusport.fr\/blog\/mondial-masculin-handball-2025-autriche-qatar-koweit-la-presentation-du-groupe-des-bleus\/\" \/>\n<meta property=\"og:locale\" content=\"fr_FR\" \/>\n<meta property=\"og:type\" content=\"article\" \/>\n<meta property=\"og:title\" content=\"Mondial masculin handball 2025 : Autriche, Qatar, Kowe\u00eft, la pr\u00e9sentation du groupe des Bleus\" \/>\n<meta property=\"og:description\" content=\"La France entre dans la comp\u00e9tition d\u00e8s ce mardi contre le Qatar. C&#039;est l&#039;occasion de pr\u00e9senter les premiers adversaires des Bleus dans ce tour pr\u00e9liminaire.\" \/>\n<meta property=\"og:url\" content=\"https:\/\/dicodusport.fr\/blog\/mondial-masculin-handball-2025-autriche-qatar-koweit-la-presentation-du-groupe-des-bleus\/\" \/>\n<meta property=\"og:site_name\" content=\"Dicodusport\" \/>\n<meta property=\"article:publisher\" content=\"https:\/\/www.facebook.com\/dicodusport\" \/>\n<meta property=\"article:published_time\" content=\"2025-01-14T07:50:06+00:00\" \/>\n<meta property=\"article:modified_time\" content=\"2025-01-17T18:42:17+00:00\" \/>\n<meta property=\"og:image\" content=\"https:\/\/dicodusport.fr\/blog\/wp-content\/uploads\/2025\/01\/Mondial-masculin-handball-2025-Autriche-Qatar-Koweit-la-presentation-du-groupe-des-Bleus.png\" \/>\n\t<meta property=\"og:image:width\" content=\"1200\" \/>\n\t<meta property=\"og:image:height\" content=\"674\" \/>\n\t<meta property=\"og:image:type\" content=\"image\/png\" \/>\n<meta name=\"author\" content=\"Pierre Gorce\" \/>\n<meta name=\"twitter:card\" content=\"summary_large_image\" \/>\n<meta name=\"twitter:title\" content=\"Mondial masculin handball 2025 : Autriche, Qatar, Kowe\u00eft, la pr\u00e9sentation du groupe des Bleus\" \/>\n<meta name=\"twitter:creator\" content=\"@https:\/\/twitter.com\/pierregorce12\" \/>\n<meta name=\"twitter:site\" content=\"@dicodusport\" \/>\n<script type=\"application\/ld+json\" class=\"yoast-schema-graph\">{\"@context\":\"https:\/\/schema.org\",\"@graph\":[{\"@type\":\"NewsArticle\",\"@id\":\"https:\/\/dicodusport.fr\/blog\/mondial-masculin-handball-2025-autriche-qatar-koweit-la-presentation-du-groupe-des-bleus\/#article\",\"isPartOf\":{\"@id\":\"https:\/\/dicodusport.fr\/blog\/mondial-masculin-handball-2025-autriche-qatar-koweit-la-presentation-du-groupe-des-bleus\/\"},\"author\":{\"name\":\"Pierre Gorce\",\"@id\":\"https:\/\/dicodusport.fr\/blog\/#\/schema\/person\/0eaf70b33d703a1a66b1155ac1bda018\"},\"headline\":\"Mondial masculin handball 2025 : Autriche, Qatar, Kowe\u00eft, la pr\u00e9sentation du groupe des Bleus\",\"datePublished\":\"2025-01-14T07:50:06+00:00\",\"dateModified\":\"2025-01-17T18:42:17+00:00\",\"mainEntityOfPage\":{\"@id\":\"https:\/\/dicodusport.fr\/blog\/mondial-masculin-handball-2025-autriche-qatar-koweit-la-presentation-du-groupe-des-bleus\/\"},\"wordCount\":998,\"commentCount\":0,\"publisher\":{\"@id\":\"https:\/\/dicodusport.fr\/blog\/#organization\"},\"image\":{\"@id\":\"https:\/\/dicodusport.fr\/blog\/mondial-masculin-handball-2025-autriche-qatar-koweit-la-presentation-du-groupe-des-bleus\/#primaryimage\"},\"thumbnailUrl\":\"https:\/\/dicodusport.fr\/blog\/wp-content\/uploads\/2025\/01\/Mondial-masculin-handball-2025-Autriche-Qatar-Koweit-la-presentation-du-groupe-des-Bleus.png\",\"keywords\":[\"actu\",\"Autriche\",\"br\u00e8ve\",\"France\",\"Handball\",\"Qatar\"],\"articleSection\":[\"Championnat du monde de handball\"],\"inLanguage\":\"fr-FR\",\"potentialAction\":[{\"@type\":\"CommentAction\",\"name\":\"Comment\",\"target\":[\"https:\/\/dicodusport.fr\/blog\/mondial-masculin-handball-2025-autriche-qatar-koweit-la-presentation-du-groupe-des-bleus\/#respond\"]}],\"copyrightYear\":\"2025\",\"copyrightHolder\":{\"@id\":\"https:\/\/dicodusport.fr\/blog\/#organization\"}},{\"@type\":\"WebPage\",\"@id\":\"https:\/\/dicodusport.fr\/blog\/mondial-masculin-handball-2025-autriche-qatar-koweit-la-presentation-du-groupe-des-bleus\/\",\"url\":\"https:\/\/dicodusport.fr\/blog\/mondial-masculin-handball-2025-autriche-qatar-koweit-la-presentation-du-groupe-des-bleus\/\",\"name\":\"Mondial masculin handball 2025 : Autriche, Qatar, Kowe\u00eft, la pr\u00e9sentation du groupe des Bleus\",\"isPartOf\":{\"@id\":\"https:\/\/dicodusport.fr\/blog\/#website\"},\"primaryImageOfPage\":{\"@id\":\"https:\/\/dicodusport.fr\/blog\/mondial-masculin-handball-2025-autriche-qatar-koweit-la-presentation-du-groupe-des-bleus\/#primaryimage\"},\"image\":{\"@id\":\"https:\/\/dicodusport.fr\/blog\/mondial-masculin-handball-2025-autriche-qatar-koweit-la-presentation-du-groupe-des-bleus\/#primaryimage\"},\"thumbnailUrl\":\"https:\/\/dicodusport.fr\/blog\/wp-content\/uploads\/2025\/01\/Mondial-masculin-handball-2025-Autriche-Qatar-Koweit-la-presentation-du-groupe-des-Bleus.png\",\"datePublished\":\"2025-01-14T07:50:06+00:00\",\"dateModified\":\"2025-01-17T18:42:17+00:00\",\"description\":\"La France entre dans la comp\u00e9tition d\u00e8s ce mardi contre le Qatar. C'est l'occasion de pr\u00e9senter les premiers adversaires des Bleus dans ce tour pr\u00e9liminaire.\",\"breadcrumb\":{\"@id\":\"https:\/\/dicodusport.fr\/blog\/mondial-masculin-handball-2025-autriche-qatar-koweit-la-presentation-du-groupe-des-bleus\/#breadcrumb\"},\"inLanguage\":\"fr-FR\",\"potentialAction\":[{\"@type\":\"ReadAction\",\"target\":[\"https:\/\/dicodusport.fr\/blog\/mondial-masculin-handball-2025-autriche-qatar-koweit-la-presentation-du-groupe-des-bleus\/\"]}]},{\"@type\":\"ImageObject\",\"inLanguage\":\"fr-FR\",\"@id\":\"https:\/\/dicodusport.fr\/blog\/mondial-masculin-handball-2025-autriche-qatar-koweit-la-presentation-du-groupe-des-bleus\/#primaryimage\",\"url\":\"https:\/\/dicodusport.fr\/blog\/wp-content\/uploads\/2025\/01\/Mondial-masculin-handball-2025-Autriche-Qatar-Koweit-la-presentation-du-groupe-des-Bleus.png\",\"contentUrl\":\"https:\/\/dicodusport.fr\/blog\/wp-content\/uploads\/2025\/01\/Mondial-masculin-handball-2025-Autriche-Qatar-Koweit-la-presentation-du-groupe-des-Bleus.png\",\"width\":1200,\"height\":674,\"caption\":\"Mondial masculin handball 2025 Autriche, Qatar, Kowe\u00eft, la pr\u00e9sentation du groupe des Bleus\"},{\"@type\":\"BreadcrumbList\",\"@id\":\"https:\/\/dicodusport.fr\/blog\/mondial-masculin-handball-2025-autriche-qatar-koweit-la-presentation-du-groupe-des-bleus\/#breadcrumb\",\"itemListElement\":[{\"@type\":\"ListItem\",\"position\":1,\"name\":\"Accueil\",\"item\":\"https:\/\/dicodusport.fr\/blog\/\"},{\"@type\":\"ListItem\",\"position\":2,\"name\":\"Mondial masculin handball 2025 : Autriche, Qatar, Kowe\u00eft, la pr\u00e9sentation du groupe des Bleus\"}]},{\"@type\":\"WebSite\",\"@id\":\"https:\/\/dicodusport.fr\/blog\/#website\",\"url\":\"https:\/\/dicodusport.fr\/blog\/\",\"name\":\"Dicodusport\",\"description\":\"L&#039;encyclop\u00e9die de l&#039;actualit\u00e9 sportive\",\"publisher\":{\"@id\":\"https:\/\/dicodusport.fr\/blog\/#organization\"},\"potentialAction\":[{\"@type\":\"SearchAction\",\"target\":{\"@type\":\"EntryPoint\",\"urlTemplate\":\"https:\/\/dicodusport.fr\/blog\/?s={search_term_string}\"},\"query-input\":{\"@type\":\"PropertyValueSpecification\",\"valueRequired\":true,\"valueName\":\"search_term_string\"}}],\"inLanguage\":\"fr-FR\"},{\"@type\":\"NewsMediaOrganization\",\"@id\":\"https:\/\/dicodusport.fr\/blog\/#organization\",\"name\":\"Dicodusport\",\"url\":\"https:\/\/dicodusport.fr\/blog\/\",\"logo\":{\"@type\":\"ImageObject\",\"inLanguage\":\"fr-FR\",\"@id\":\"https:\/\/dicodusport.fr\/blog\/#\/schema\/logo\/image\/\",\"url\":\"https:\/\/dicodusport.fr\/blog\/wp-content\/uploads\/2020\/06\/cropped-LOGO-DICODUSPORT-2020-SANS-FOND-SANS-TEXTE.png\",\"contentUrl\":\"https:\/\/dicodusport.fr\/blog\/wp-content\/uploads\/2020\/06\/cropped-LOGO-DICODUSPORT-2020-SANS-FOND-SANS-TEXTE.png\",\"width\":512,\"height\":512,\"caption\":\"Dicodusport\"},\"image\":{\"@id\":\"https:\/\/dicodusport.fr\/blog\/#\/schema\/logo\/image\/\"},\"sameAs\":[\"https:\/\/www.facebook.com\/dicodusport\",\"https:\/\/x.com\/dicodusport\",\"https:\/\/www.instagram.com\/dicodusport\/\",\"https:\/\/www.youtube.com\/channel\/UC7V2KZ5sd3htJivAbA4ZG3w\"],\"description\":\"Dicodusport est l'encyclop\u00e9die de l'actualit\u00e9 sportive.\",\"email\":\"bonjour@dicodusport.fr\",\"legalName\":\"DICODUSPORT\",\"foundingDate\":\"2018-01-14\",\"vatID\":\"FR71834470973\",\"taxID\":\"83447097300043\",\"numberOfEmployees\":{\"@type\":\"QuantitativeValue\",\"minValue\":\"1\",\"maxValue\":\"10\"}},{\"@type\":\"Person\",\"@id\":\"https:\/\/dicodusport.fr\/blog\/#\/schema\/person\/0eaf70b33d703a1a66b1155ac1bda018\",\"name\":\"Pierre Gorce\",\"image\":{\"@type\":\"ImageObject\",\"inLanguage\":\"fr-FR\",\"@id\":\"https:\/\/dicodusport.fr\/blog\/#\/schema\/person\/image\/\",\"url\":\"https:\/\/dicodusport.fr\/blog\/wp-content\/uploads\/2022\/03\/IMG_20211214_233053_722-150x150.jpg\",\"contentUrl\":\"https:\/\/dicodusport.fr\/blog\/wp-content\/uploads\/2022\/03\/IMG_20211214_233053_722-150x150.jpg\",\"caption\":\"Pierre Gorce\"},\"description\":\"Couteau suisse venant tout droit de Haute-Savoie. Habitu\u00e9 \u00e0 regarder du sport depuis petit, j'en ai maintenant fait mon m\u00e9tier. Des sports d'hiver au surf, en passant par le tennis, la F1, le handball et l'athl\u00e9tisme, j'essaie d'avoir mes yeux sur l'enti\u00e8ret\u00e9 de l'actualit\u00e9. Jeune homme berc\u00e9 par les exploits de Jean-Baptiste Grange, Sebastian Vettel et des Experts. Membre de la g\u00e9n\u00e9ration 1999 comme Luka Doncic, Sydney McLaughlin, Lando Norris et Loana Lecomte, mais avec beaucoup moins de talent qu'eux.\",\"sameAs\":[\"https:\/\/x.com\/https:\/\/twitter.com\/pierregorce12\"],\"birthDate\":\"1999-08-29\",\"url\":\"https:\/\/dicodusport.fr\/blog\/author\/pierreg\/\"}]}<\/script>\n<!-- \/ Yoast SEO Premium plugin. -->","yoast_head_json":{"title":"Mondial masculin handball 2025 : Autriche, Qatar, Kowe\u00eft, la pr\u00e9sentation du groupe des Bleus","description":"La France entre dans la comp\u00e9tition d\u00e8s ce mardi contre le Qatar. C'est l'occasion de pr\u00e9senter les premiers adversaires des Bleus dans ce tour pr\u00e9liminaire.","robots":{"index":"index","follow":"follow","max-snippet":"max-snippet:-1","max-image-preview":"max-image-preview:large","max-video-preview":"max-video-preview:-1"},"canonical":"https:\/\/dicodusport.fr\/blog\/mondial-masculin-handball-2025-autriche-qatar-koweit-la-presentation-du-groupe-des-bleus\/","og_locale":"fr_FR","og_type":"article","og_title":"Mondial masculin handball 2025 : Autriche, Qatar, Kowe\u00eft, la pr\u00e9sentation du groupe des Bleus","og_description":"La France entre dans la comp\u00e9tition d\u00e8s ce mardi contre le Qatar. C'est l'occasion de pr\u00e9senter les premiers adversaires des Bleus dans ce tour pr\u00e9liminaire.","og_url":"https:\/\/dicodusport.fr\/blog\/mondial-masculin-handball-2025-autriche-qatar-koweit-la-presentation-du-groupe-des-bleus\/","og_site_name":"Dicodusport","article_publisher":"https:\/\/www.facebook.com\/dicodusport","article_published_time":"2025-01-14T07:50:06+00:00","article_modified_time":"2025-01-17T18:42:17+00:00","og_image":[{"width":1200,"height":674,"url":"https:\/\/dicodusport.fr\/blog\/wp-content\/uploads\/2025\/01\/Mondial-masculin-handball-2025-Autriche-Qatar-Koweit-la-presentation-du-groupe-des-Bleus.png","type":"image\/png"}],"author":"Pierre Gorce","twitter_card":"summary_large_image","twitter_title":"Mondial masculin handball 2025 : Autriche, Qatar, Kowe\u00eft, la pr\u00e9sentation du groupe des Bleus","twitter_creator":"@https:\/\/twitter.com\/pierregorce12","twitter_site":"@dicodusport","schema":{"@context":"https:\/\/schema.org","@graph":[{"@type":"NewsArticle","@id":"https:\/\/dicodusport.fr\/blog\/mondial-masculin-handball-2025-autriche-qatar-koweit-la-presentation-du-groupe-des-bleus\/#article","isPartOf":{"@id":"https:\/\/dicodusport.fr\/blog\/mondial-masculin-handball-2025-autriche-qatar-koweit-la-presentation-du-groupe-des-bleus\/"},"author":{"name":"Pierre Gorce","@id":"https:\/\/dicodusport.fr\/blog\/#\/schema\/person\/0eaf70b33d703a1a66b1155ac1bda018"},"headline":"Mondial masculin handball 2025 : Autriche, Qatar, Kowe\u00eft, la pr\u00e9sentation du groupe des Bleus","datePublished":"2025-01-14T07:50:06+00:00","dateModified":"2025-01-17T18:42:17+00:00","mainEntityOfPage":{"@id":"https:\/\/dicodusport.fr\/blog\/mondial-masculin-handball-2025-autriche-qatar-koweit-la-presentation-du-groupe-des-bleus\/"},"wordCount":998,"commentCount":0,"publisher":{"@id":"https:\/\/dicodusport.fr\/blog\/#organization"},"image":{"@id":"https:\/\/dicodusport.fr\/blog\/mondial-masculin-handball-2025-autriche-qatar-koweit-la-presentation-du-groupe-des-bleus\/#primaryimage"},"thumbnailUrl":"https:\/\/dicodusport.fr\/blog\/wp-content\/uploads\/2025\/01\/Mondial-masculin-handball-2025-Autriche-Qatar-Koweit-la-presentation-du-groupe-des-Bleus.png","keywords":["actu","Autriche","br\u00e8ve","France","Handball","Qatar"],"articleSection":["Championnat du monde de handball"],"inLanguage":"fr-FR","potentialAction":[{"@type":"CommentAction","name":"Comment","target":["https:\/\/dicodusport.fr\/blog\/mondial-masculin-handball-2025-autriche-qatar-koweit-la-presentation-du-groupe-des-bleus\/#respond"]}],"copyrightYear":"2025","copyrightHolder":{"@id":"https:\/\/dicodusport.fr\/blog\/#organization"}},{"@type":"WebPage","@id":"https:\/\/dicodusport.fr\/blog\/mondial-masculin-handball-2025-autriche-qatar-koweit-la-presentation-du-groupe-des-bleus\/","url":"https:\/\/dicodusport.fr\/blog\/mondial-masculin-handball-2025-autriche-qatar-koweit-la-presentation-du-groupe-des-bleus\/","name":"Mondial masculin handball 2025 : Autriche, Qatar, Kowe\u00eft, la pr\u00e9sentation du groupe des Bleus","isPartOf":{"@id":"https:\/\/dicodusport.fr\/blog\/#website"},"primaryImageOfPage":{"@id":"https:\/\/dicodusport.fr\/blog\/mondial-masculin-handball-2025-autriche-qatar-koweit-la-presentation-du-groupe-des-bleus\/#primaryimage"},"image":{"@id":"https:\/\/dicodusport.fr\/blog\/mondial-masculin-handball-2025-autriche-qatar-koweit-la-presentation-du-groupe-des-bleus\/#primaryimage"},"thumbnailUrl":"https:\/\/dicodusport.fr\/blog\/wp-content\/uploads\/2025\/01\/Mondial-masculin-handball-2025-Autriche-Qatar-Koweit-la-presentation-du-groupe-des-Bleus.png","datePublished":"2025-01-14T07:50:06+00:00","dateModified":"2025-01-17T18:42:17+00:00","description":"La France entre dans la comp\u00e9tition d\u00e8s ce mardi contre le Qatar. C'est l'occasion de pr\u00e9senter les premiers adversaires des Bleus dans ce tour pr\u00e9liminaire.","breadcrumb":{"@id":"https:\/\/dicodusport.fr\/blog\/mondial-masculin-handball-2025-autriche-qatar-koweit-la-presentation-du-groupe-des-bleus\/#breadcrumb"},"inLanguage":"fr-FR","potentialAction":[{"@type":"ReadAction","target":["https:\/\/dicodusport.fr\/blog\/mondial-masculin-handball-2025-autriche-qatar-koweit-la-presentation-du-groupe-des-bleus\/"]}]},{"@type":"ImageObject","inLanguage":"fr-FR","@id":"https:\/\/dicodusport.fr\/blog\/mondial-masculin-handball-2025-autriche-qatar-koweit-la-presentation-du-groupe-des-bleus\/#primaryimage","url":"https:\/\/dicodusport.fr\/blog\/wp-content\/uploads\/2025\/01\/Mondial-masculin-handball-2025-Autriche-Qatar-Koweit-la-presentation-du-groupe-des-Bleus.png","contentUrl":"https:\/\/dicodusport.fr\/blog\/wp-content\/uploads\/2025\/01\/Mondial-masculin-handball-2025-Autriche-Qatar-Koweit-la-presentation-du-groupe-des-Bleus.png","width":1200,"height":674,"caption":"Mondial masculin handball 2025 Autriche, Qatar, Kowe\u00eft, la pr\u00e9sentation du groupe des Bleus"},{"@type":"BreadcrumbList","@id":"https:\/\/dicodusport.fr\/blog\/mondial-masculin-handball-2025-autriche-qatar-koweit-la-presentation-du-groupe-des-bleus\/#breadcrumb","itemListElement":[{"@type":"ListItem","position":1,"name":"Accueil","item":"https:\/\/dicodusport.fr\/blog\/"},{"@type":"ListItem","position":2,"name":"Mondial masculin handball 2025 : Autriche, Qatar, Kowe\u00eft, la pr\u00e9sentation du groupe des Bleus"}]},{"@type":"WebSite","@id":"https:\/\/dicodusport.fr\/blog\/#website","url":"https:\/\/dicodusport.fr\/blog\/","name":"Dicodusport","description":"L&#039;encyclop\u00e9die de l&#039;actualit\u00e9 sportive","publisher":{"@id":"https:\/\/dicodusport.fr\/blog\/#organization"},"potentialAction":[{"@type":"SearchAction","target":{"@type":"EntryPoint","urlTemplate":"https:\/\/dicodusport.fr\/blog\/?s={search_term_string}"},"query-input":{"@type":"PropertyValueSpecification","valueRequired":true,"valueName":"search_term_string"}}],"inLanguage":"fr-FR"},{"@type":"NewsMediaOrganization","@id":"https:\/\/dicodusport.fr\/blog\/#organization","name":"Dicodusport","url":"https:\/\/dicodusport.fr\/blog\/","logo":{"@type":"ImageObject","inLanguage":"fr-FR","@id":"https:\/\/dicodusport.fr\/blog\/#\/schema\/logo\/image\/","url":"https:\/\/dicodusport.fr\/blog\/wp-content\/uploads\/2020\/06\/cropped-LOGO-DICODUSPORT-2020-SANS-FOND-SANS-TEXTE.png","contentUrl":"https:\/\/dicodusport.fr\/blog\/wp-content\/uploads\/2020\/06\/cropped-LOGO-DICODUSPORT-2020-SANS-FOND-SANS-TEXTE.png","width":512,"height":512,"caption":"Dicodusport"},"image":{"@id":"https:\/\/dicodusport.fr\/blog\/#\/schema\/logo\/image\/"},"sameAs":["https:\/\/www.facebook.com\/dicodusport","https:\/\/x.com\/dicodusport","https:\/\/www.instagram.com\/dicodusport\/","https:\/\/www.youtube.com\/channel\/UC7V2KZ5sd3htJivAbA4ZG3w"],"description":"Dicodusport est l'encyclop\u00e9die de l'actualit\u00e9 sportive.","email":"bonjour@dicodusport.fr","legalName":"DICODUSPORT","foundingDate":"2018-01-14","vatID":"FR71834470973","taxID":"83447097300043","numberOfEmployees":{"@type":"QuantitativeValue","minValue":"1","maxValue":"10"}},{"@type":"Person","@id":"https:\/\/dicodusport.fr\/blog\/#\/schema\/person\/0eaf70b33d703a1a66b1155ac1bda018","name":"Pierre Gorce","image":{"@type":"ImageObject","inLanguage":"fr-FR","@id":"https:\/\/dicodusport.fr\/blog\/#\/schema\/person\/image\/","url":"https:\/\/dicodusport.fr\/blog\/wp-content\/uploads\/2022\/03\/IMG_20211214_233053_722-150x150.jpg","contentUrl":"https:\/\/dicodusport.fr\/blog\/wp-content\/uploads\/2022\/03\/IMG_20211214_233053_722-150x150.jpg","caption":"Pierre Gorce"},"description":"Couteau suisse venant tout droit de Haute-Savoie. Habitu\u00e9 \u00e0 regarder du sport depuis petit, j'en ai maintenant fait mon m\u00e9tier. Des sports d'hiver au surf, en passant par le tennis, la F1, le handball et l'athl\u00e9tisme, j'essaie d'avoir mes yeux sur l'enti\u00e8ret\u00e9 de l'actualit\u00e9. Jeune homme berc\u00e9 par les exploits de Jean-Baptiste Grange, Sebastian Vettel et des Experts. Membre de la g\u00e9n\u00e9ration 1999 comme Luka Doncic, Sydney McLaughlin, Lando Norris et Loana Lecomte, mais avec beaucoup moins de talent qu'eux.","sameAs":["https:\/\/x.com\/https:\/\/twitter.com\/pierregorce12"],"birthDate":"1999-08-29","url":"https:\/\/dicodusport.fr\/blog\/author\/pierreg\/"}]}},"_links":{"self":[{"href":"https:\/\/dicodusport.fr\/blog\/wp-json\/wp\/v2\/posts\/546312","targetHints":{"allow":["GET"]}}],"collection":[{"href":"https:\/\/dicodusport.fr\/blog\/wp-json\/wp\/v2\/posts"}],"about":[{"href":"https:\/\/dicodusport.fr\/blog\/wp-json\/wp\/v2\/types\/post"}],"author":[{"embeddable":true,"href":"https:\/\/dicodusport.fr\/blog\/wp-json\/wp\/v2\/users\/61"}],"replies":[{"embeddable":true,"href":"https:\/\/dicodusport.fr\/blog\/wp-json\/wp\/v2\/comments?post=546312"}],"version-history":[{"count":5,"href":"https:\/\/dicodusport.fr\/blog\/wp-json\/wp\/v2\/posts\/546312\/revisions"}],"predecessor-version":[{"id":547400,"href":"https:\/\/dicodusport.fr\/blog\/wp-json\/wp\/v2\/posts\/546312\/revisions\/547400"}],"wp:featuredmedia":[{"embeddable":true,"href":"https:\/\/dicodusport.fr\/blog\/wp-json\/wp\/v2\/media\/546342"}],"wp:attachment":[{"href":"https:\/\/dicodusport.fr\/blog\/wp-json\/wp\/v2\/media?parent=546312"}],"wp:term":[{"taxonomy":"category","embeddable":true,"href":"https:\/\/dicodusport.fr\/blog\/wp-json\/wp\/v2\/categories?post=546312"},{"taxonomy":"post_tag","embeddable":true,"href":"https:\/\/dicodusport.fr\/blog\/wp-json\/wp\/v2\/tags?post=546312"}],"curies":[{"name":"wp","href":"https:\/\/api.w.org\/{rel}","templated":true}]}}