{"id":546429,"date":"2025-01-14T16:28:39","date_gmt":"2025-01-14T15:28:39","guid":{"rendered":"https:\/\/dicodusport.fr\/blog\/?p=546429&#038;preview=true&#038;preview_id=546429"},"modified":"2025-01-14T16:28:53","modified_gmt":"2025-01-14T15:28:53","slug":"vendee-globe-le-tour-du-monde-presque-parfait-de-charlie-dalin","status":"publish","type":"post","link":"https:\/\/dicodusport.fr\/blog\/vendee-globe-le-tour-du-monde-presque-parfait-de-charlie-dalin\/","title":{"rendered":"Vend\u00e9e Globe : Le tour du monde presque parfait de Charlie Dalin"},"content":{"rendered":"<h4 style=\"text-align: justify;\"><em>VENDEE GLOBE &#8211; <strong>64 jours, 19 heures, 22 minutes et 49 secondes apr\u00e8s le d\u00e9part donn\u00e9 le 10 novembre des Sables-d\u2019Olonne, Charlie Dalin a coup\u00e9 en premier la ligne d\u2019arriv\u00e9e trac\u00e9e au large de la ville vend\u00e9enne. Il boucle un tour du monde presque parfait, pulv\u00e9risant de plus de neuf jours le record de l\u2019\u00e9preuve \u00e9tabli en 2017 par Armel Le Cl\u00e9ac\u2019h. <\/strong><\/em><\/h4>\n<p style=\"font-weight: 400; text-align: justify;\">Au d\u00e9part de ce <a href=\"https:\/\/dicodusport.fr\/blog\/vendee-globe-2024-2025-classement-final\/\"><strong>Vend\u00e9e Globe<\/strong><\/a>, donn\u00e9 le dimanche 10 novembre \u00e0 13 h 02, personne n\u2019aurait imagin\u00e9 revoir <strong>Charlie Dalin<\/strong> de sit\u00f4t. On le savait, les <strong>IMOCA<\/strong> derni\u00e8res g\u00e9n\u00e9rations, toujours plus rapides gr\u00e2ce \u00e0 leurs foils leur permettant de voler au-dessus de l\u2019eau, mettaient en grand danger le record de 74 jours, r\u00e9alis\u00e9 par <strong>Armel Le Cl\u00e9ac\u2019h<\/strong> il y a huit ans. Les plus optimistes misaient sur un tour du monde boucl\u00e9 en moins de 70 jours. Mais encore fallait-il que les plan\u00e8tes s\u2019alignent et que les dieux de la mer et du vent soient favorables aux 40 skippers embarqu\u00e9s dans cette aventure autour du monde.<\/p>\n<ul>\n<li style=\"text-align: justify;\"><strong>\u00c0 ce sujet \u2013\u00a0<a title=\"Vend\u00e9e Globe 2024 \u2013 Classement en direct\" href=\"https:\/\/dicodusport.fr\/blog\/classement-du-vendee-globe-2024-en-direct\/\" rel=\"\">Le classement en direct du Vend\u00e9e Globe 2024<\/a><\/strong><\/li>\n<\/ul>\n<h2 style=\"font-weight: 400; text-align: justify;\"><strong>Le calme jusqu\u2019\u00e0 l\u2019\u00e9quateur<\/strong><\/h2>\n<p style=\"font-weight: 400; text-align: justify;\">La travers\u00e9e de l\u2019<strong>Atlantique nord <\/strong>ne pr\u00e9sageait pas d\u2019un <strong>Vend\u00e9e Globe<\/strong> record. Le calme r\u00e9gnait, les vents peinaient \u00e0 se lever et les skippers prenaient la direction du sud en meute, sans qu\u2019aucun ne puisse creuser d\u2019\u00e9cart par des conditions aussi paisibles.<\/p>\n<p style=\"font-weight: 400; text-align: justify;\">Au large de l\u2019<strong>\u00eele de Mad\u00e8re<\/strong>, un premier coup de vent r\u00e9v\u00e9lait d\u00e9j\u00e0 le plein potentiel des bateaux les plus r\u00e9cents. Apr\u00e8s quatre jours en mer, <strong>Nicolas Lunven<\/strong> profitait des premi\u00e8res conditions favorables pour \u00e9tablir un nouveau record de distance parcourue en 24 h par un <strong>IMOCA<\/strong>. Filant \u00e0 22,78 n\u0153uds de moyenne (42,2 km\/h), <strong>Nicolas Lunven<\/strong> parcourait 546,6 milles nautiques (1 012 km) en une journ\u00e9e et devenait le premier \u00e0 franchir la barre symbolique des 1 000 km en 24 heures, \u00e0 bord d\u2019un <strong>IMOCA<\/strong>. <strong>Yoann Richomme<\/strong> am\u00e9liorait cette marque de cinq miles une semaine plus tard, mais le manque de vent rencontr\u00e9 en ces premiers jours de course avait ralenti la progression de la flotte. Apr\u00e8s onze jours de course et la travers\u00e9e du pot-au-noir, <strong>Thomas Ruyant<\/strong> \u00e9tait le premier \u00e0 franchir l\u2019\u00e9quateur et entrer officiellement dans l\u2019<strong>Atlantique sud<\/strong>. <strong>Charlie Dalin <\/strong>pointait en troisi\u00e8me position, les treize premiers skippers se tenaient en moins de 100 milles nautiques.<\/p>\n<p style=\"font-weight: 400; text-align: justify;\"><strong>Retard de Charlie Dalin sur le record d\u2019Armel Le Cl\u00e9ac\u2019h\u00a0au passage de l\u2019\u00e9quateur <\/strong>: 1 jour, 23 heures et 7 minutes.<\/p>\n<h2 style=\"font-weight: 400; text-align: justify;\"><strong>La course s\u2019emballe dans l\u2019Atlantique sud<\/strong><\/h2>\n<p style=\"font-weight: 400; text-align: justify;\">D\u2019un groupe de t\u00eate compact, o\u00f9 se confondaient les derniers <strong>IMOCA <\/strong>sortis d\u2019usine aux bateaux d\u2019ancienne g\u00e9n\u00e9ration, la flotte s\u2019\u00e9tire et les navires les plus r\u00e9cents prennent les devants gr\u00e2ce \u00e0 des conditions m\u00e9t\u00e9os plus favorables. \u00c0 partir du 14<sup>e<\/sup> jour de course, <strong>Charlie Dalin<\/strong> et les skippers de t\u00eate profitent du front froid d\u2019une d\u00e9pression pour se laisser porter par des vents favorables et tirer tout droit, des c\u00f4tes de <strong>Rio de Janeiro<\/strong> jusqu\u2019au <strong>Cap de Bonne-Esp\u00e9rance<\/strong>. Les <strong>IMOCA<\/strong> les plus r\u00e9cents et leurs foils volent au-dessus de l\u2019eau et creusent l\u2019\u00e9cart sur le reste de la flotte. Les records de vitesse tombent, le <strong>Cap de Bonne-Esp\u00e9rance <\/strong>est atteint par <strong>Charlie Dalin<\/strong> apr\u00e8s 19 jours de course. Avec 7 jours, 18 heures et 39 minutes de navigation, il signe un nouveau record de l\u2019\u00e9preuve sur le tron\u00e7on <strong>\u00e9quateur \u2013 Cap de Bonne-Esp\u00e9rance<\/strong>.<\/p>\n<p style=\"font-weight: 400; text-align: justify;\"><strong>Retard de Charlie Dalin sur le record d\u2019Armel Le Cl\u00e9ac\u2019h\u00a0au Cap de Bonne-Esp\u00e9rance <\/strong>: 1 jour, 00 heure et 13 minutes.<\/p>\n<blockquote class=\"twitter-tweet\">\n<p dir=\"ltr\" lang=\"fr\">DALIN BAT LE RECORD DU TRON\u00c7ON BONNE ESP\u00c9RANCE &#8211; LEEUWIN \ud83d\udd25\u26a1<\/p>\n<p>Charlie Dalin a r\u00e9alis\u00e9 la distance en 9j 22h 27min, battant le record d\u00e9tenu par Michel Desjoyeaux qui avait mis 10j 7h 37min du cap de Bonne Esp\u00e9rance au cap Leeuwin en&#8230; 2008 ! \ud83d\ude33<a href=\"https:\/\/twitter.com\/hashtag\/VendeeGlobe?src=hash&amp;ref_src=twsrc%5Etfw\">#VendeeGlobe<\/a> <a href=\"https:\/\/twitter.com\/hashtag\/VG2024?src=hash&amp;ref_src=twsrc%5Etfw\">#VG2024<\/a> <a href=\"https:\/\/t.co\/xj3WLe9fLc\">pic.twitter.com\/xj3WLe9fLc<\/a><\/p>\n<p>\u2014 Le Stade (@le_stade) <a href=\"https:\/\/twitter.com\/le_stade\/status\/1866456201904488653?ref_src=twsrc%5Etfw\">December 10, 2024<\/a><\/p><\/blockquote>\n<p><script async src=\"https:\/\/platform.twitter.com\/widgets.js\" charset=\"utf-8\"><\/script><\/p>\n<h2 style=\"font-weight: 400; text-align: justify;\"><strong>L\u2019Oc\u00e9an Indien, contraire \u00e0 sa r\u00e9putation<\/strong><\/h2>\n<p style=\"font-weight: 400; text-align: justify;\">Les skippers la savent et le redoutent, naviguer entre les 40<sup>e<\/sup> rugissants et les 50<sup>e<\/sup> hurlants de l\u2019oc\u00e9an Indien n\u2019est pas de tout repos. La mer se d\u00e9cha\u00eene, les conditions deviennent chaotiques et r\u00e9servent l\u2019enfer aux navigateurs qui s\u2019y aventurent.<\/p>\n<p style=\"font-weight: 400; text-align: justify;\">Une fois n\u2019est pas coutume, l\u2019<strong>oc\u00e9an Indien <\/strong>n\u2019aura pas \u00e9t\u00e9 fid\u00e8le \u00e0 sa r\u00e9putation pour les skippers de t\u00eate. Le quatuor de t\u00eate, compos\u00e9 de <strong>Charlie Dalin<\/strong>,<strong> Yoann Richomme<\/strong>,<strong> S\u00e9bastien Simon<\/strong> et <strong>Thomas Ruyant<\/strong>, profitent d\u2019une mer calme et d\u2019un syst\u00e8me m\u00e9t\u00e9o favorable pour maintenir leur rythme effr\u00e9n\u00e9. Les journ\u00e9es \u00e0 plus de 500 milles nautiques s\u2019encha\u00eenent, les embarcations sont mises \u00e0 rude \u00e9preuve, le bruit et les secousses r\u00e9p\u00e9t\u00e9es p\u00e8sent sur le physique des skippers, mais aucun d\u2019entre eux ne souhaite ralentir la cadence.<\/p>\n<p style=\"font-weight: 400; text-align: justify;\">Dans les mers du Sud, le quatuor de t\u00eate croise sur sa route la premi\u00e8re grosse d\u00e9pression de leur p\u00e9riple. <strong>Charlie Dalin<\/strong> et <strong>S\u00e9bastien Simon<\/strong> prennent le pari risqu\u00e9 de se laisser porter par les vents du front, cette d\u00e9pression, au risque de se faire rattraper par cette derni\u00e8re et devoir affronter des conditions bien plus chaotiques. Plus raisonn\u00e9s, <strong>Yoann Richomme<\/strong> et <strong>Thomas Ruyant<\/strong> se d\u00e9portent vers le nord, \u00e0 l\u2019abri du c\u0153ur de la temp\u00eate. Les jours suivants donnent raison \u00e0 <strong>Charlie Dalin<\/strong> et <strong>S\u00e9bastien Simon<\/strong>. Le skipper de l\u2019<strong>IMOCA Macif Sant\u00e9 Pr\u00e9voyance <\/strong>longe la zone d\u2019exclusion de l\u2019<strong>Antarctique<\/strong> d\u00e9finie par l\u2019organisation et profite des vents favorables pour se pr\u00e9senter en premier au passage du <strong>Cap Leeuwin<\/strong>, situ\u00e9 au sud-ouest de l\u2019<strong>Australie<\/strong>. Gr\u00e2ce \u00e0 son pari risqu\u00e9, mais gagnant, il signe un nouveau record de l\u2019\u00e9preuve sur le tron\u00e7on <strong>Cap de Bonne-Esp\u00e9rance \u2013 Cap Leeuwin<\/strong>, en 9 jours, 22 heures et 27 minutes.<\/p>\n<p style=\"font-weight: 400; text-align: justify;\"><strong>Retard de Charlie Dalin sur le record d\u2019Armel Le Cl\u00e9ac\u2019h au Cap de Bonne-Esp\u00e9rance <\/strong>: 5 heures et 58 minutes.<\/p>\n<h2 style=\"font-weight: 400; text-align: justify;\"><strong>Bataille dans le Pacifique <\/strong><\/h2>\n<p style=\"font-weight: 400; text-align: justify;\">Au large de la <strong>Tasmanie<\/strong> et apr\u00e8s trente-deux jours de navigation, <strong>Charlie Dalin<\/strong> est le premier skipper \u00e0 rentrer dans l\u2019<strong>oc\u00e9an Pacifique<\/strong>. Derri\u00e8re, <strong>S\u00e9bastien Simon<\/strong> et <strong>Yoann Richomme <\/strong>ont conc\u00e9d\u00e9 jusqu\u2019\u00e0 350 milles nautiques de retard sur l\u2019homme de t\u00eate, mais r\u00e9ussissent \u00e0 combler ce retard une fois les terres n\u00e9o-z\u00e9landaises laiss\u00e9es \u00e0 b\u00e2bord.<\/p>\n<p style=\"font-weight: 400; text-align: justify;\">S\u2019entame une lutte \u00e0 trois dans les eaux du pacifique. <strong>Charlie Dalin<\/strong> et <strong>Yoann Richomme<\/strong> naviguent bord \u00e0 bord, tandis que <strong>S\u00e9bastien Simon<\/strong> parvient h\u00e9ro\u00efquement \u00e0 faire jeu \u00e9gal avec les deux hommes malgr\u00e9 un foil tribord gravement endommag\u00e9. Le 19 d\u00e9cembre, les trois skippers de t\u00eate profitent d\u2019un syst\u00e8me m\u00e9t\u00e9o tr\u00e8s favorable pour parcourir pr\u00e8s de 600 milles nautiques en 24 heures, et passer devant la marque de r\u00e9f\u00e9rence d\u2019<strong>Armel Le Cl\u00e9ac\u2019h <\/strong>pour la premi\u00e8re fois de la course.<\/p>\n<p style=\"font-weight: 400; text-align: justify;\">Handicap\u00e9 par son foil tribord lorsqu\u2019il faut s\u2019appuyer sur ce dernier, <strong>S\u00e9bastien Simon<\/strong> conc\u00e8de beaucoup de terrain \u00e0 l\u2019approche des terres sud-am\u00e9ricaines et laisse <strong>Charlie Dalin<\/strong> et <strong>Yoann Richomme<\/strong> s\u2019envoler. Le dernier nomm\u00e9 franchit le <strong>cap Horn<\/strong> en t\u00eate, <strong>Charlie Dalin<\/strong> entre dans l\u2019<strong>Atlantique<\/strong> neuf minutes plus tard, le jour du r\u00e9veillon de No\u00ebl.<\/p>\n<p style=\"font-weight: 400; text-align: justify;\"><strong>Avance de Charlie Dalin sur le record d\u2019Armel Le Cl\u00e9ac\u2019h au Cap Horn <\/strong>: 3 jours, 12 heures et 58 minutes.<\/p>\n<blockquote class=\"twitter-tweet\">\n<p dir=\"ltr\" lang=\"fr\">Vend\u00e9e Globe : Charlie Dalin passe \u00e0 son tour le Cap Horn et revient sur Yannick Bestaven <a href=\"https:\/\/t.co\/IFOUrXTiEU\">https:\/\/t.co\/IFOUrXTiEU<\/a> <a href=\"https:\/\/t.co\/CmK50660UX\">pic.twitter.com\/CmK50660UX<\/a><\/p>\n<p>\u2014 SudOuest Sport (@SudOuest_Sport) <a href=\"https:\/\/twitter.com\/SudOuest_Sport\/status\/1345744931579637761?ref_src=twsrc%5Etfw\">January 3, 2021<\/a><\/p><\/blockquote>\n<p><script async src=\"https:\/\/platform.twitter.com\/widgets.js\" charset=\"utf-8\"><\/script><\/p>\n<h2 style=\"font-weight: 400; text-align: justify;\"><strong>Dans l\u2019Atlantique Sud, Charlie Dalin et Yoann Richomme ne se quittent plus<\/strong><\/h2>\n<p style=\"font-weight: 400; text-align: justify;\">Les conditions extr\u00eamement favorables rencontr\u00e9es dans l\u2019<strong>oc\u00e9an Pacifique<\/strong> ont permis \u00e0 <strong>Charlie Dalin<\/strong> et <strong>Yoann Richomme<\/strong> de creuser l\u2019\u00e9cart sur le temps de r\u00e9f\u00e9rence d\u2019<strong>Armel Le Cl\u00e9ach <\/strong>et la tendance se poursuivra durant toute la remont\u00e9e de l\u2019<strong>Atlantique<\/strong>.<\/p>\n<p style=\"font-weight: 400; text-align: justify;\">Au large des c\u00f4tes br\u00e9siliennes, une petite baisse du vent profite \u00e0 <strong>Charlie Dalin<\/strong> qui reprend les commandes de la course. <strong>Yoann Richomme<\/strong> le suit de pr\u00e8s, mais ne parvient \u00e0 recoller, conc\u00e9dant jour apr\u00e8s jour quelques milles sur le skipper de t\u00eate. Le 5 janvier, <strong>Charlie Dalin<\/strong> est le premier \u00e0 franchir l\u2019<strong>Atlantique<\/strong> et faire son entr\u00e9e dans l\u2019h\u00e9misph\u00e8re nord. <strong>Yoann Richomme<\/strong> accuse alors 130 milles de retard, mais la gestion du pot-au-noir et des aliz\u00e9s peuvent encore rebattre les cartes.<\/p>\n<p style=\"font-weight: 400; text-align: justify;\"><strong>Avance de Charlie Dalin sur le record d\u2019Armel Le Cl\u00e9ac\u2019h\u00a0au passage de l\u2019\u00e9quateur <\/strong>: 5 jours, 9 heures et 45 minutes.<\/p>\n<h2 style=\"font-weight: 400; text-align: justify;\"><strong>Charlie Dalin a le dernier mot<\/strong><\/h2>\n<p style=\"font-weight: 400; text-align: justify;\">Nous y sommes. L\u2019<strong>\u00e9quateur<\/strong> est franchi, le pot-au-noir travers\u00e9 sans encombre par les deux hommes de t\u00eate, le sprint final est lanc\u00e9. Une nouvelle fois, les deux hommes de t\u00eate profitent du front froid d\u2019une d\u00e9pression pour filer \u00e0 vive allure sur les eaux de l\u2019<strong>Atlantique<\/strong>, port\u00e9s par des vents favorables.<\/p>\n<p style=\"font-weight: 400; text-align: justify;\">L\u2019\u00e9cart se stabilise entre <strong>Charlie Dalin<\/strong> et <strong>Yoann Richomme<\/strong>. Les deux skippers remontent l\u2019<strong>Atlantique nord <\/strong>avec un \u00e9cart de 150 milles nautiques entre eux, et profitent de la d\u00e9pression pour grappiller du temps sur la marque de r\u00e9f\u00e9rence d\u00e9tenue, pour quelques jours encore, par <strong>Armel Le Cl\u00e9ac\u2019h<\/strong>.<\/p>\n<p style=\"font-weight: 400; text-align: justify;\">Le 9 janvier, <strong>Yoann Richomme<\/strong> annonce \u00eatre victime d\u2019une avarie. Une voile d\u2019avant est tomb\u00e9e \u00e0 l\u2019eau et s\u2019est d\u00e9chir\u00e9e. Une pi\u00e8ce particuli\u00e8rement utile par petit temps, lorsque le vent souffle peu. S\u2019il ne perd que relativement peu de temps au moment de l\u2019incident, <strong>Yoann Richomme<\/strong> sait que la perte de cette voile lui sera fatale dans le final, le long des c\u00f4tes fran\u00e7aises. \u00c0 moins de 2000 milles des <strong>Sables-d\u2019Olonne<\/strong>, la victoire de <strong>Charlie Dalin<\/strong> se dessine.<\/p>\n<p style=\"font-weight: 400; text-align: justify;\">Elle se confirme le 12 janvier 2025 au petit matin. \u00c9clair\u00e9 par la lueur du lever du soleil, accompagn\u00e9 par une horde de bateaux suiveurs, <strong>Charlie Dalin<\/strong> franchit la ligne d\u2019arriv\u00e9e \u00e0 8 heures et 24 minutes. Le chrono final s\u2019arr\u00eate. 64 jours, 19 heures, 22 minutes et 49 secondes plus tard, le revoil\u00e0 \u00e0 son point de d\u00e9part. Le skipper de <strong>Macif Sant\u00e9 Pr\u00e9voyance<\/strong> l\u00e8ve les bras et peut enfin savourer sa victoire sur le <strong>Vend\u00e9e Globe<\/strong>, lui qui s\u2019\u00e9tait promis de n\u2019y penser qu\u2019une fois la ligne d\u2019arriv\u00e9e franchie. Quatre ans apr\u00e8s avoir \u00e9t\u00e9 priv\u00e9 du titre par <strong>Yannick Bestaven<\/strong> pour seulement 2 h 30, le natif du <strong>Havre<\/strong> accroche \u00e0 son palmar\u00e8s la plus belle des courses \u00e0 voile en solitaire, et pulv\u00e9rise au passage le pr\u00e9c\u00e9dent temps de r\u00e9f\u00e9rence.<\/p>\n<p style=\"font-weight: 400; text-align: justify;\"><strong>Avance de Charlie Dalin sur le record d\u2019Armel Le Cl\u00e9ac\u2019h\u00a0\u00e0 l\u2019arriv\u00e9e <\/strong>: 9 jours, 8 heures et 12 minutes et 57 secondes.<\/p>\n<blockquote class=\"twitter-tweet\">\n<p dir=\"ltr\" lang=\"fr\">\ud835\uddd6\ud835\uddf5\ud835\uddee\ud835\uddff\ud835\uddf9\ud835\uddf6\ud835\uddf2 \ud835\uddd7\ud835\uddee\ud835\uddf9\ud835\uddf6\ud835\uddfb, \ud835\ude03\ud835\uddee\ud835\uddf6\ud835\uddfb\ud835\uddfe\ud835\ude02\ud835\uddf2\ud835\ude02\ud835\uddff \ud835\uddf1\ud835\uddf2 \ud835\uddf9\ud835\uddee \ud835\udfed\ud835\udfec\ud835\uddf2 \ud835\uddf2\u0301\ud835\uddf1\ud835\uddf6\ud835\ude01\ud835\uddf6\ud835\uddfc\ud835\uddfb \ud835\uddf1\ud835\ude02 \ud835\udde9\ud835\uddf2\ud835\uddfb\ud835\uddf1\ud835\uddf2\u0301\ud835\uddf2 \ud835\uddda\ud835\uddf9\ud835\uddfc\ud835\uddef\ud835\uddf2 \ud83c\udfc6<a href=\"https:\/\/twitter.com\/CharlieDalin?ref_src=twsrc%5Etfw\">@CharlieDalin<\/a> a coup\u00e9 la ligne d\u2019arriv\u00e9e ce matin \u00e0 08h24 aux Sables d\u2019Olonne et s\u2019offre une victoire dans l\u2019une des courses les plus exigeantes et embl\u00e9matiques\u2026 <a href=\"https:\/\/t.co\/OiKAsMKpVP\">pic.twitter.com\/OiKAsMKpVP<\/a><\/p>\n<p>\u2014 Vend\u00e9e Globe (@VendeeGlobe) <a href=\"https:\/\/twitter.com\/VendeeGlobe\/status\/1879072699865084053?ref_src=twsrc%5Etfw\">January 14, 2025<\/a><\/p><\/blockquote>\n<p><script async src=\"https:\/\/platform.twitter.com\/widgets.js\" charset=\"utf-8\"><\/script><\/p>\n<p style=\"text-align: justify;\">\n","protected":false},"excerpt":{"rendered":"<p>Le tour du monde presque parfait de Charlie Dalin<\/p>\n","protected":false},"author":107,"featured_media":546441,"comment_status":"open","ping_status":"closed","sticky":false,"template":"","format":"standard","meta":{"_acf_changed":false,"_daextam_enable_autolinks":"1","footnotes":""},"categories":[9184],"tags":[16878,12908,24],"class_list":["post-546429","post","type-post","status-publish","format-standard","has-post-thumbnail","hentry","category-voile","tag-breve","tag-charlie-dalin","tag-sport"],"acf":[],"yoast_head":"<!-- This site is optimized with the Yoast SEO Premium plugin v26.7 (Yoast SEO v26.7) - https:\/\/yoast.com\/wordpress\/plugins\/seo\/ -->\n<title>Vend\u00e9e Globe : Le tour du monde presque parfait de Charlie Dalin<\/title>\n<meta name=\"description\" content=\"64 jours, 19 heures et 22 minutes apr\u00e8s le d\u00e9part donn\u00e9 des Sables-d\u2019Olonne, Charlie Dalin a coup\u00e9 en premier la ligne d\u2019arriv\u00e9e du Vend\u00e9e Globe\" \/>\n<meta name=\"robots\" content=\"index, follow, max-snippet:-1, max-image-preview:large, max-video-preview:-1\" \/>\n<link rel=\"canonical\" href=\"https:\/\/dicodusport.fr\/blog\/vendee-globe-le-tour-du-monde-presque-parfait-de-charlie-dalin\/\" \/>\n<meta property=\"og:locale\" content=\"fr_FR\" \/>\n<meta property=\"og:type\" content=\"article\" \/>\n<meta property=\"og:title\" content=\"Vend\u00e9e Globe : Le tour du monde presque parfait de Charlie Dalin\" \/>\n<meta property=\"og:description\" content=\"64 jours, 19 heures et 22 minutes apr\u00e8s le d\u00e9part donn\u00e9 des Sables-d\u2019Olonne, Charlie Dalin a coup\u00e9 en premier la ligne d\u2019arriv\u00e9e du Vend\u00e9e Globe\" \/>\n<meta property=\"og:url\" content=\"https:\/\/dicodusport.fr\/blog\/vendee-globe-le-tour-du-monde-presque-parfait-de-charlie-dalin\/\" \/>\n<meta property=\"og:site_name\" content=\"Dicodusport\" \/>\n<meta property=\"article:publisher\" content=\"https:\/\/www.facebook.com\/dicodusport\" \/>\n<meta property=\"article:published_time\" content=\"2025-01-14T15:28:39+00:00\" \/>\n<meta property=\"article:modified_time\" content=\"2025-01-14T15:28:53+00:00\" \/>\n<meta property=\"og:image\" content=\"https:\/\/dicodusport.fr\/blog\/wp-content\/uploads\/2025\/01\/Vendee-Globe-Le-tour-du-monde-presque-parfait-de-Charlie-Dalin.png\" \/>\n\t<meta property=\"og:image:width\" content=\"1200\" \/>\n\t<meta property=\"og:image:height\" content=\"674\" \/>\n\t<meta property=\"og:image:type\" content=\"image\/png\" \/>\n<meta name=\"author\" content=\"Th\u00e9o Gripon Auer\" \/>\n<meta name=\"twitter:card\" content=\"summary_large_image\" \/>\n<meta name=\"twitter:title\" content=\"Vend\u00e9e Globe : Le tour du monde presque parfait de Charlie Dalin\" \/>\n<meta name=\"twitter:creator\" content=\"@dicodusport\" \/>\n<meta name=\"twitter:site\" content=\"@dicodusport\" \/>\n<script type=\"application\/ld+json\" class=\"yoast-schema-graph\">{\"@context\":\"https:\/\/schema.org\",\"@graph\":[{\"@type\":\"NewsArticle\",\"@id\":\"https:\/\/dicodusport.fr\/blog\/vendee-globe-le-tour-du-monde-presque-parfait-de-charlie-dalin\/#article\",\"isPartOf\":{\"@id\":\"https:\/\/dicodusport.fr\/blog\/vendee-globe-le-tour-du-monde-presque-parfait-de-charlie-dalin\/\"},\"author\":{\"name\":\"Th\u00e9o Gripon Auer\",\"@id\":\"https:\/\/dicodusport.fr\/blog\/#\/schema\/person\/c0d35c220c4e79773da9e19a595ab67c\"},\"headline\":\"Vend\u00e9e Globe : Le tour du monde presque parfait de Charlie Dalin\",\"datePublished\":\"2025-01-14T15:28:39+00:00\",\"dateModified\":\"2025-01-14T15:28:53+00:00\",\"mainEntityOfPage\":{\"@id\":\"https:\/\/dicodusport.fr\/blog\/vendee-globe-le-tour-du-monde-presque-parfait-de-charlie-dalin\/\"},\"wordCount\":1898,\"commentCount\":0,\"publisher\":{\"@id\":\"https:\/\/dicodusport.fr\/blog\/#organization\"},\"image\":{\"@id\":\"https:\/\/dicodusport.fr\/blog\/vendee-globe-le-tour-du-monde-presque-parfait-de-charlie-dalin\/#primaryimage\"},\"thumbnailUrl\":\"https:\/\/dicodusport.fr\/blog\/wp-content\/uploads\/2025\/01\/Vendee-Globe-Le-tour-du-monde-presque-parfait-de-Charlie-Dalin.png\",\"keywords\":[\"br\u00e8ve\",\"Charlie Dalin\",\"sport\"],\"articleSection\":[\"Voile\"],\"inLanguage\":\"fr-FR\",\"potentialAction\":[{\"@type\":\"CommentAction\",\"name\":\"Comment\",\"target\":[\"https:\/\/dicodusport.fr\/blog\/vendee-globe-le-tour-du-monde-presque-parfait-de-charlie-dalin\/#respond\"]}],\"copyrightYear\":\"2025\",\"copyrightHolder\":{\"@id\":\"https:\/\/dicodusport.fr\/blog\/#organization\"}},{\"@type\":\"WebPage\",\"@id\":\"https:\/\/dicodusport.fr\/blog\/vendee-globe-le-tour-du-monde-presque-parfait-de-charlie-dalin\/\",\"url\":\"https:\/\/dicodusport.fr\/blog\/vendee-globe-le-tour-du-monde-presque-parfait-de-charlie-dalin\/\",\"name\":\"Vend\u00e9e Globe : Le tour du monde presque parfait de Charlie Dalin\",\"isPartOf\":{\"@id\":\"https:\/\/dicodusport.fr\/blog\/#website\"},\"primaryImageOfPage\":{\"@id\":\"https:\/\/dicodusport.fr\/blog\/vendee-globe-le-tour-du-monde-presque-parfait-de-charlie-dalin\/#primaryimage\"},\"image\":{\"@id\":\"https:\/\/dicodusport.fr\/blog\/vendee-globe-le-tour-du-monde-presque-parfait-de-charlie-dalin\/#primaryimage\"},\"thumbnailUrl\":\"https:\/\/dicodusport.fr\/blog\/wp-content\/uploads\/2025\/01\/Vendee-Globe-Le-tour-du-monde-presque-parfait-de-Charlie-Dalin.png\",\"datePublished\":\"2025-01-14T15:28:39+00:00\",\"dateModified\":\"2025-01-14T15:28:53+00:00\",\"description\":\"64 jours, 19 heures et 22 minutes apr\u00e8s le d\u00e9part donn\u00e9 des Sables-d\u2019Olonne, Charlie Dalin a coup\u00e9 en premier la ligne d\u2019arriv\u00e9e du Vend\u00e9e Globe\",\"breadcrumb\":{\"@id\":\"https:\/\/dicodusport.fr\/blog\/vendee-globe-le-tour-du-monde-presque-parfait-de-charlie-dalin\/#breadcrumb\"},\"inLanguage\":\"fr-FR\",\"potentialAction\":[{\"@type\":\"ReadAction\",\"target\":[\"https:\/\/dicodusport.fr\/blog\/vendee-globe-le-tour-du-monde-presque-parfait-de-charlie-dalin\/\"]}]},{\"@type\":\"ImageObject\",\"inLanguage\":\"fr-FR\",\"@id\":\"https:\/\/dicodusport.fr\/blog\/vendee-globe-le-tour-du-monde-presque-parfait-de-charlie-dalin\/#primaryimage\",\"url\":\"https:\/\/dicodusport.fr\/blog\/wp-content\/uploads\/2025\/01\/Vendee-Globe-Le-tour-du-monde-presque-parfait-de-Charlie-Dalin.png\",\"contentUrl\":\"https:\/\/dicodusport.fr\/blog\/wp-content\/uploads\/2025\/01\/Vendee-Globe-Le-tour-du-monde-presque-parfait-de-Charlie-Dalin.png\",\"width\":1200,\"height\":674,\"caption\":\"Vend\u00e9e Globe Le tour du monde presque parfait de Charlie Dalin\"},{\"@type\":\"BreadcrumbList\",\"@id\":\"https:\/\/dicodusport.fr\/blog\/vendee-globe-le-tour-du-monde-presque-parfait-de-charlie-dalin\/#breadcrumb\",\"itemListElement\":[{\"@type\":\"ListItem\",\"position\":1,\"name\":\"Accueil\",\"item\":\"https:\/\/dicodusport.fr\/blog\/\"},{\"@type\":\"ListItem\",\"position\":2,\"name\":\"Vend\u00e9e Globe : Le tour du monde presque parfait de Charlie Dalin\"}]},{\"@type\":\"WebSite\",\"@id\":\"https:\/\/dicodusport.fr\/blog\/#website\",\"url\":\"https:\/\/dicodusport.fr\/blog\/\",\"name\":\"Dicodusport\",\"description\":\"L&#039;encyclop\u00e9die de l&#039;actualit\u00e9 sportive\",\"publisher\":{\"@id\":\"https:\/\/dicodusport.fr\/blog\/#organization\"},\"potentialAction\":[{\"@type\":\"SearchAction\",\"target\":{\"@type\":\"EntryPoint\",\"urlTemplate\":\"https:\/\/dicodusport.fr\/blog\/?s={search_term_string}\"},\"query-input\":{\"@type\":\"PropertyValueSpecification\",\"valueRequired\":true,\"valueName\":\"search_term_string\"}}],\"inLanguage\":\"fr-FR\"},{\"@type\":\"NewsMediaOrganization\",\"@id\":\"https:\/\/dicodusport.fr\/blog\/#organization\",\"name\":\"Dicodusport\",\"url\":\"https:\/\/dicodusport.fr\/blog\/\",\"logo\":{\"@type\":\"ImageObject\",\"inLanguage\":\"fr-FR\",\"@id\":\"https:\/\/dicodusport.fr\/blog\/#\/schema\/logo\/image\/\",\"url\":\"https:\/\/dicodusport.fr\/blog\/wp-content\/uploads\/2020\/06\/cropped-LOGO-DICODUSPORT-2020-SANS-FOND-SANS-TEXTE.png\",\"contentUrl\":\"https:\/\/dicodusport.fr\/blog\/wp-content\/uploads\/2020\/06\/cropped-LOGO-DICODUSPORT-2020-SANS-FOND-SANS-TEXTE.png\",\"width\":512,\"height\":512,\"caption\":\"Dicodusport\"},\"image\":{\"@id\":\"https:\/\/dicodusport.fr\/blog\/#\/schema\/logo\/image\/\"},\"sameAs\":[\"https:\/\/www.facebook.com\/dicodusport\",\"https:\/\/x.com\/dicodusport\",\"https:\/\/www.instagram.com\/dicodusport\/\",\"https:\/\/www.youtube.com\/channel\/UC7V2KZ5sd3htJivAbA4ZG3w\"],\"description\":\"Dicodusport est l'encyclop\u00e9die de l'actualit\u00e9 sportive.\",\"email\":\"bonjour@dicodusport.fr\",\"legalName\":\"DICODUSPORT\",\"foundingDate\":\"2018-01-14\",\"vatID\":\"FR71834470973\",\"taxID\":\"83447097300043\",\"numberOfEmployees\":{\"@type\":\"QuantitativeValue\",\"minValue\":\"1\",\"maxValue\":\"10\"}},{\"@type\":\"Person\",\"@id\":\"https:\/\/dicodusport.fr\/blog\/#\/schema\/person\/c0d35c220c4e79773da9e19a595ab67c\",\"name\":\"Th\u00e9o Gripon Auer\",\"image\":{\"@type\":\"ImageObject\",\"inLanguage\":\"fr-FR\",\"@id\":\"https:\/\/dicodusport.fr\/blog\/#\/schema\/person\/image\/\",\"url\":\"https:\/\/dicodusport.fr\/blog\/wp-content\/uploads\/2025\/02\/Maillot-Dicodusport-Theo-150x150.png\",\"contentUrl\":\"https:\/\/dicodusport.fr\/blog\/wp-content\/uploads\/2025\/02\/Maillot-Dicodusport-Theo-150x150.png\",\"caption\":\"Th\u00e9o Gripon Auer\"},\"description\":\"Partag\u00e9 entre la passion du sport et celle de l\u2019\u00e9criture, je f\u00e9d\u00e8re les deux au service de Dicodusport. Un poil frustr\u00e9 de ne pas avoir r\u00e9ussi \u00e0 devenir sportif pro, alors que je ne me suis jamais fait les crois\u00e9s, je partage tout de m\u00eame un point commun avec Tadej Pogacar, Cristiano Ronaldo et John McEnroe : celui de n\u2019avoir jamais \u00e9t\u00e9 champion olympique.\",\"url\":\"https:\/\/dicodusport.fr\/blog\/author\/theo-gripon-auer\/\"}]}<\/script>\n<!-- \/ Yoast SEO Premium plugin. -->","yoast_head_json":{"title":"Vend\u00e9e Globe : Le tour du monde presque parfait de Charlie Dalin","description":"64 jours, 19 heures et 22 minutes apr\u00e8s le d\u00e9part donn\u00e9 des Sables-d\u2019Olonne, Charlie Dalin a coup\u00e9 en premier la ligne d\u2019arriv\u00e9e du Vend\u00e9e Globe","robots":{"index":"index","follow":"follow","max-snippet":"max-snippet:-1","max-image-preview":"max-image-preview:large","max-video-preview":"max-video-preview:-1"},"canonical":"https:\/\/dicodusport.fr\/blog\/vendee-globe-le-tour-du-monde-presque-parfait-de-charlie-dalin\/","og_locale":"fr_FR","og_type":"article","og_title":"Vend\u00e9e Globe : Le tour du monde presque parfait de Charlie Dalin","og_description":"64 jours, 19 heures et 22 minutes apr\u00e8s le d\u00e9part donn\u00e9 des Sables-d\u2019Olonne, Charlie Dalin a coup\u00e9 en premier la ligne d\u2019arriv\u00e9e du Vend\u00e9e Globe","og_url":"https:\/\/dicodusport.fr\/blog\/vendee-globe-le-tour-du-monde-presque-parfait-de-charlie-dalin\/","og_site_name":"Dicodusport","article_publisher":"https:\/\/www.facebook.com\/dicodusport","article_published_time":"2025-01-14T15:28:39+00:00","article_modified_time":"2025-01-14T15:28:53+00:00","og_image":[{"width":1200,"height":674,"url":"https:\/\/dicodusport.fr\/blog\/wp-content\/uploads\/2025\/01\/Vendee-Globe-Le-tour-du-monde-presque-parfait-de-Charlie-Dalin.png","type":"image\/png"}],"author":"Th\u00e9o Gripon Auer","twitter_card":"summary_large_image","twitter_title":"Vend\u00e9e Globe : Le tour du monde presque parfait de Charlie Dalin","twitter_creator":"@dicodusport","twitter_site":"@dicodusport","schema":{"@context":"https:\/\/schema.org","@graph":[{"@type":"NewsArticle","@id":"https:\/\/dicodusport.fr\/blog\/vendee-globe-le-tour-du-monde-presque-parfait-de-charlie-dalin\/#article","isPartOf":{"@id":"https:\/\/dicodusport.fr\/blog\/vendee-globe-le-tour-du-monde-presque-parfait-de-charlie-dalin\/"},"author":{"name":"Th\u00e9o Gripon Auer","@id":"https:\/\/dicodusport.fr\/blog\/#\/schema\/person\/c0d35c220c4e79773da9e19a595ab67c"},"headline":"Vend\u00e9e Globe : Le tour du monde presque parfait de Charlie Dalin","datePublished":"2025-01-14T15:28:39+00:00","dateModified":"2025-01-14T15:28:53+00:00","mainEntityOfPage":{"@id":"https:\/\/dicodusport.fr\/blog\/vendee-globe-le-tour-du-monde-presque-parfait-de-charlie-dalin\/"},"wordCount":1898,"commentCount":0,"publisher":{"@id":"https:\/\/dicodusport.fr\/blog\/#organization"},"image":{"@id":"https:\/\/dicodusport.fr\/blog\/vendee-globe-le-tour-du-monde-presque-parfait-de-charlie-dalin\/#primaryimage"},"thumbnailUrl":"https:\/\/dicodusport.fr\/blog\/wp-content\/uploads\/2025\/01\/Vendee-Globe-Le-tour-du-monde-presque-parfait-de-Charlie-Dalin.png","keywords":["br\u00e8ve","Charlie Dalin","sport"],"articleSection":["Voile"],"inLanguage":"fr-FR","potentialAction":[{"@type":"CommentAction","name":"Comment","target":["https:\/\/dicodusport.fr\/blog\/vendee-globe-le-tour-du-monde-presque-parfait-de-charlie-dalin\/#respond"]}],"copyrightYear":"2025","copyrightHolder":{"@id":"https:\/\/dicodusport.fr\/blog\/#organization"}},{"@type":"WebPage","@id":"https:\/\/dicodusport.fr\/blog\/vendee-globe-le-tour-du-monde-presque-parfait-de-charlie-dalin\/","url":"https:\/\/dicodusport.fr\/blog\/vendee-globe-le-tour-du-monde-presque-parfait-de-charlie-dalin\/","name":"Vend\u00e9e Globe : Le tour du monde presque parfait de Charlie Dalin","isPartOf":{"@id":"https:\/\/dicodusport.fr\/blog\/#website"},"primaryImageOfPage":{"@id":"https:\/\/dicodusport.fr\/blog\/vendee-globe-le-tour-du-monde-presque-parfait-de-charlie-dalin\/#primaryimage"},"image":{"@id":"https:\/\/dicodusport.fr\/blog\/vendee-globe-le-tour-du-monde-presque-parfait-de-charlie-dalin\/#primaryimage"},"thumbnailUrl":"https:\/\/dicodusport.fr\/blog\/wp-content\/uploads\/2025\/01\/Vendee-Globe-Le-tour-du-monde-presque-parfait-de-Charlie-Dalin.png","datePublished":"2025-01-14T15:28:39+00:00","dateModified":"2025-01-14T15:28:53+00:00","description":"64 jours, 19 heures et 22 minutes apr\u00e8s le d\u00e9part donn\u00e9 des Sables-d\u2019Olonne, Charlie Dalin a coup\u00e9 en premier la ligne d\u2019arriv\u00e9e du Vend\u00e9e Globe","breadcrumb":{"@id":"https:\/\/dicodusport.fr\/blog\/vendee-globe-le-tour-du-monde-presque-parfait-de-charlie-dalin\/#breadcrumb"},"inLanguage":"fr-FR","potentialAction":[{"@type":"ReadAction","target":["https:\/\/dicodusport.fr\/blog\/vendee-globe-le-tour-du-monde-presque-parfait-de-charlie-dalin\/"]}]},{"@type":"ImageObject","inLanguage":"fr-FR","@id":"https:\/\/dicodusport.fr\/blog\/vendee-globe-le-tour-du-monde-presque-parfait-de-charlie-dalin\/#primaryimage","url":"https:\/\/dicodusport.fr\/blog\/wp-content\/uploads\/2025\/01\/Vendee-Globe-Le-tour-du-monde-presque-parfait-de-Charlie-Dalin.png","contentUrl":"https:\/\/dicodusport.fr\/blog\/wp-content\/uploads\/2025\/01\/Vendee-Globe-Le-tour-du-monde-presque-parfait-de-Charlie-Dalin.png","width":1200,"height":674,"caption":"Vend\u00e9e Globe Le tour du monde presque parfait de Charlie Dalin"},{"@type":"BreadcrumbList","@id":"https:\/\/dicodusport.fr\/blog\/vendee-globe-le-tour-du-monde-presque-parfait-de-charlie-dalin\/#breadcrumb","itemListElement":[{"@type":"ListItem","position":1,"name":"Accueil","item":"https:\/\/dicodusport.fr\/blog\/"},{"@type":"ListItem","position":2,"name":"Vend\u00e9e Globe : Le tour du monde presque parfait de Charlie Dalin"}]},{"@type":"WebSite","@id":"https:\/\/dicodusport.fr\/blog\/#website","url":"https:\/\/dicodusport.fr\/blog\/","name":"Dicodusport","description":"L&#039;encyclop\u00e9die de l&#039;actualit\u00e9 sportive","publisher":{"@id":"https:\/\/dicodusport.fr\/blog\/#organization"},"potentialAction":[{"@type":"SearchAction","target":{"@type":"EntryPoint","urlTemplate":"https:\/\/dicodusport.fr\/blog\/?s={search_term_string}"},"query-input":{"@type":"PropertyValueSpecification","valueRequired":true,"valueName":"search_term_string"}}],"inLanguage":"fr-FR"},{"@type":"NewsMediaOrganization","@id":"https:\/\/dicodusport.fr\/blog\/#organization","name":"Dicodusport","url":"https:\/\/dicodusport.fr\/blog\/","logo":{"@type":"ImageObject","inLanguage":"fr-FR","@id":"https:\/\/dicodusport.fr\/blog\/#\/schema\/logo\/image\/","url":"https:\/\/dicodusport.fr\/blog\/wp-content\/uploads\/2020\/06\/cropped-LOGO-DICODUSPORT-2020-SANS-FOND-SANS-TEXTE.png","contentUrl":"https:\/\/dicodusport.fr\/blog\/wp-content\/uploads\/2020\/06\/cropped-LOGO-DICODUSPORT-2020-SANS-FOND-SANS-TEXTE.png","width":512,"height":512,"caption":"Dicodusport"},"image":{"@id":"https:\/\/dicodusport.fr\/blog\/#\/schema\/logo\/image\/"},"sameAs":["https:\/\/www.facebook.com\/dicodusport","https:\/\/x.com\/dicodusport","https:\/\/www.instagram.com\/dicodusport\/","https:\/\/www.youtube.com\/channel\/UC7V2KZ5sd3htJivAbA4ZG3w"],"description":"Dicodusport est l'encyclop\u00e9die de l'actualit\u00e9 sportive.","email":"bonjour@dicodusport.fr","legalName":"DICODUSPORT","foundingDate":"2018-01-14","vatID":"FR71834470973","taxID":"83447097300043","numberOfEmployees":{"@type":"QuantitativeValue","minValue":"1","maxValue":"10"}},{"@type":"Person","@id":"https:\/\/dicodusport.fr\/blog\/#\/schema\/person\/c0d35c220c4e79773da9e19a595ab67c","name":"Th\u00e9o Gripon Auer","image":{"@type":"ImageObject","inLanguage":"fr-FR","@id":"https:\/\/dicodusport.fr\/blog\/#\/schema\/person\/image\/","url":"https:\/\/dicodusport.fr\/blog\/wp-content\/uploads\/2025\/02\/Maillot-Dicodusport-Theo-150x150.png","contentUrl":"https:\/\/dicodusport.fr\/blog\/wp-content\/uploads\/2025\/02\/Maillot-Dicodusport-Theo-150x150.png","caption":"Th\u00e9o Gripon Auer"},"description":"Partag\u00e9 entre la passion du sport et celle de l\u2019\u00e9criture, je f\u00e9d\u00e8re les deux au service de Dicodusport. Un poil frustr\u00e9 de ne pas avoir r\u00e9ussi \u00e0 devenir sportif pro, alors que je ne me suis jamais fait les crois\u00e9s, je partage tout de m\u00eame un point commun avec Tadej Pogacar, Cristiano Ronaldo et John McEnroe : celui de n\u2019avoir jamais \u00e9t\u00e9 champion olympique.","url":"https:\/\/dicodusport.fr\/blog\/author\/theo-gripon-auer\/"}]}},"_links":{"self":[{"href":"https:\/\/dicodusport.fr\/blog\/wp-json\/wp\/v2\/posts\/546429","targetHints":{"allow":["GET"]}}],"collection":[{"href":"https:\/\/dicodusport.fr\/blog\/wp-json\/wp\/v2\/posts"}],"about":[{"href":"https:\/\/dicodusport.fr\/blog\/wp-json\/wp\/v2\/types\/post"}],"author":[{"embeddable":true,"href":"https:\/\/dicodusport.fr\/blog\/wp-json\/wp\/v2\/users\/107"}],"replies":[{"embeddable":true,"href":"https:\/\/dicodusport.fr\/blog\/wp-json\/wp\/v2\/comments?post=546429"}],"version-history":[{"count":5,"href":"https:\/\/dicodusport.fr\/blog\/wp-json\/wp\/v2\/posts\/546429\/revisions"}],"predecessor-version":[{"id":546446,"href":"https:\/\/dicodusport.fr\/blog\/wp-json\/wp\/v2\/posts\/546429\/revisions\/546446"}],"wp:featuredmedia":[{"embeddable":true,"href":"https:\/\/dicodusport.fr\/blog\/wp-json\/wp\/v2\/media\/546441"}],"wp:attachment":[{"href":"https:\/\/dicodusport.fr\/blog\/wp-json\/wp\/v2\/media?parent=546429"}],"wp:term":[{"taxonomy":"category","embeddable":true,"href":"https:\/\/dicodusport.fr\/blog\/wp-json\/wp\/v2\/categories?post=546429"},{"taxonomy":"post_tag","embeddable":true,"href":"https:\/\/dicodusport.fr\/blog\/wp-json\/wp\/v2\/tags?post=546429"}],"curies":[{"name":"wp","href":"https:\/\/api.w.org\/{rel}","templated":true}]}}