{"id":546658,"date":"2025-01-15T14:31:06","date_gmt":"2025-01-15T13:31:06","guid":{"rendered":"https:\/\/dicodusport.fr\/blog\/?p=546658&#038;preview=true&#038;preview_id=546658"},"modified":"2025-06-10T16:58:37","modified_gmt":"2025-06-10T14:58:37","slug":"jeux-mondiaux-universitaires-dhiver-2025-emy-charbonnier-sacree-sur-le-combine-alpin-louison-accambray-en-bronze","status":"publish","type":"post","link":"https:\/\/dicodusport.fr\/blog\/jeux-mondiaux-universitaires-dhiver-2025-emy-charbonnier-sacree-sur-le-combine-alpin-louison-accambray-en-bronze\/","title":{"rendered":"Jeux Mondiaux Universitaires d&rsquo;Hiver 2025 : Emy Charbonnier sacr\u00e9e sur le combin\u00e9 alpin, Louison Accambray en bronze !"},"content":{"rendered":"<p style=\"text-align: justify;\"><strong><em>JEUX MONDIAUX UNIVERSITAIRES D&rsquo;HIVER 2025 &#8211; Encore un titre pour la France gr\u00e2ce \u00e0 Emy Charbonnier, royale sur le combin\u00e9 alpin et accompagn\u00e9e sur le podium par Louison Accambray.<\/em><\/strong><\/p>\n<p style=\"text-align: justify;\">Le ski alpin repr\u00e9sentait la principale chance de m\u00e9daille aujourd&rsquo;hui lors des Jeux Mondiaux Universitaires d&rsquo;Hiver \u00e0 Turin. Au programme, le combin\u00e9 f\u00e9minin, avec un Super-G puis un slalom. Et d\u00e8s la premi\u00e8re \u00e9preuve, les Bleus ont frapp\u00e9 fort, en \u00e9tant pas moins de 4 dans le Top 10 ! <strong>Emy Charbonnier<\/strong> a rafl\u00e9 la mise en \u00e9tant une des deux seules \u00e0 passer sous la minute, de quoi nourrir des espoirs de titre apr\u00e8s les trois de la veille.<\/p>\n<div class=\"vlp-link-container vlp-layout-article\"><a href=\"https:\/\/dicodusport.fr\/blog\/jeux-mondiaux-universitaires-dhiver-2025-camille-poulat-et-quentin-sodogas-en-or-le-snowboardcross-francais-rayonne\/\" class=\"vlp-link\" title=\"Jeux Mondiaux Universitaires d&#039;hiver 2025 : Camille Poulat et Quentin Sodogas en or, le snowboardcross fran\u00e7ais rayonne !\"><\/a><div class=\"vlp-layout-zone-side\"><div class=\"vlp-block-4 vlp-link-image\"><img loading=\"lazy\" decoding=\"async\" style=\"max-width: 792px;\" width=\"792\" height=\"445\" src=\"https:\/\/dicodusport.fr\/blog\/wp-content\/uploads\/2025\/01\/Jeux-Mondiaux-Universitaires-dhiver-2025-Camille-Poulat-et-Quentin-Sodogas-en-or-le-snowboardcross-francais-rayonne-.png\" class=\"attachment-800x445 size-800x445\" alt=\"Jeux Mondiaux Universitaires d&#039;hiver 2025 : Camille Poulat et Quentin Sodogas en or, le snowboardcross fran\u00e7ais rayonne !\" srcset=\"https:\/\/dicodusport.fr\/blog\/wp-content\/uploads\/2025\/01\/Jeux-Mondiaux-Universitaires-dhiver-2025-Camille-Poulat-et-Quentin-Sodogas-en-or-le-snowboardcross-francais-rayonne-.png 1200w, https:\/\/dicodusport.fr\/blog\/wp-content\/uploads\/2025\/01\/Jeux-Mondiaux-Universitaires-dhiver-2025-Camille-Poulat-et-Quentin-Sodogas-en-or-le-snowboardcross-francais-rayonne--300x169.png 300w, https:\/\/dicodusport.fr\/blog\/wp-content\/uploads\/2025\/01\/Jeux-Mondiaux-Universitaires-dhiver-2025-Camille-Poulat-et-Quentin-Sodogas-en-or-le-snowboardcross-francais-rayonne--1024x575.png 1024w, https:\/\/dicodusport.fr\/blog\/wp-content\/uploads\/2025\/01\/Jeux-Mondiaux-Universitaires-dhiver-2025-Camille-Poulat-et-Quentin-Sodogas-en-or-le-snowboardcross-francais-rayonne--768x431.png 768w\" sizes=\"auto, (max-width: 792px) 100vw, 792px\" \/><\/div><\/div><div class=\"vlp-layout-zone-main\"><div class=\"vlp-block-0 vlp-link-title\">Jeux Mondiaux Universitaires d'hiver 2025 : Camille Poulat et Quentin Sodogas en or, le snowboardcross fran\u00e7ais rayonne !<\/div><div class=\"vlp-block-1 vlp-link-summary\">JEUX MONDIAUX UNIVERSITAIRES D'HIVER 2025 - La journ\u00e9e dor\u00e9e de l'\u00c9quipe de France a pris des allures de triomphe cet apr\u00e8s-midi. En snowboardcross, Camille Poulet et Quentin Sodogas ont d\u00e9croch\u00e9 la m\u00e9daille d'or, tandis que Margaux Herpin s'est \u00e9galement empar\u00e9e de l'argent !\u00a0<\/div><div class=\"vlp-block-2 vlp-link-button\">Lire l'article<\/div><div class=\"vlp-block-3 vlp-link-url\">dicodusport.fr<\/div><\/div><\/div>\n<p style=\"text-align: justify;\">Derri\u00e8re, <strong>Louison Accambray<\/strong> avait pris la troisi\u00e8me place, en position id\u00e9ale pour un podium. <strong>Marjolaine Ollier<\/strong> (5e) et <strong>Clo\u00e9 Merloz<\/strong> (9e) \u00e9taient \u00e9galement en position d&rsquo;outsiders, mais avec un retard sup\u00e9rieur \u00e0 2 secondes, il semblait compliqu\u00e9 de les voir jouer la m\u00e9daille. N\u00e9anmoins, avec un slalom \u00e0 venir, les bouleversements pouvaient \u00eatre nombreux.<\/p>\n<h2 style=\"text-align: justify;\">Pluie de m\u00e9dailles<\/h2>\n<p style=\"text-align: justify;\"><strong>Clo\u00e9 Merloz<\/strong> a donc \u00e9t\u00e9 la premi\u00e8re \u00e0 s&rsquo;\u00e9lancer. \u00c0 l&rsquo;attaque dans son parcours, elle n&rsquo;a pas r\u00e9ussi \u00e0 garder un rythme sup\u00e9rieur et a \u00e9chou\u00e9 loin. <strong>Marjolaine Ollier<\/strong>, par contre, a livr\u00e9 un parcours solide sans \u00eatre g\u00e9nial, pour s&rsquo;installer en t\u00eate avec seulement quatre skieuses \u00e0 venir dont deux Fran\u00e7aises. La m\u00e9daille \u00e9tait donc assur\u00e9e, mais c&rsquo;est un tr\u00e8s grand r\u00e9sultat d&rsquo;ensemble qui pouvait arriver pour les Bleuettes. D&rsquo;autant que <strong>Barbora Novakova<\/strong> passait derri\u00e8re la Tricolore.<\/p>\n<p style=\"text-align: justify;\">Les voyants \u00e9taient au vert pour <strong>Louison Accambray<\/strong>, qui mettait un gros rythme d\u00e8s le d\u00e9part. L&rsquo;impression visuelle \u00e9tait excellente, et le chrono venait confirmer cela avec plus d&rsquo;une seconde et demie d&rsquo;avance !<strong> Sophie Nyberg<\/strong> s&rsquo;\u00e9lan\u00e7ait alors, semblant moins a\u00e9rienne que la Tricolore, mais prenant la t\u00eate pour 18 malheureux centi\u00e8mes. Restait<strong> Emy Charbonnier<\/strong>, qui semblait virevolter entre les piquets. Pas de prise de risque, mais une belle solidit\u00e9, et si elle s&rsquo;\u00e9lan\u00e7ait avec seulement 16 centi\u00e8mes de marge, elle coupait la ligne avec six dixi\u00e8mes d&rsquo;avance sur la Su\u00e9doise, pour rafler l&rsquo;or. Accompagn\u00e9e du bronze de <strong>Louison Accambray<\/strong>, voil\u00e0 une belle performance pour l&rsquo;\u00e9quipe de France, qui en est d\u00e9j\u00e0 \u00e0 6 m\u00e9dailles, dont quatre en or !<\/p>\n","protected":false},"excerpt":{"rendered":"<p>JEUX MONDIAUX UNIVERSITAIRES D&rsquo;HIVER 2025 &#8211; Encore un titre pour la France gr\u00e2ce \u00e0 Emy Charbonnier, royale sur le combin\u00e9 alpin et accompagn\u00e9e sur le podium par Louison Accambray.<\/p>\n","protected":false},"author":59,"featured_media":547558,"comment_status":"open","ping_status":"closed","sticky":false,"template":"","format":"standard","meta":{"_acf_changed":false,"_daextam_enable_autolinks":"1","footnotes":""},"categories":[47033,9217],"tags":[32415,29733,16878,43962,2233],"class_list":["post-546658","post","type-post","status-publish","format-standard","has-post-thumbnail","hentry","category-jeux-mondiaux","category-ski","tag-actu","tag-biathlon-francais","tag-breve","tag-mondiaux-universitaires-dhiver","tag-ski-alpin"],"acf":[],"yoast_head":"<!-- This site is optimized with the Yoast SEO Premium plugin v26.7 (Yoast SEO v26.7) - https:\/\/yoast.com\/wordpress\/plugins\/seo\/ -->\n<title>Jeux Mondiaux Universitaires d&#039;Hiver 2025 : Emy Charbonnier sacr\u00e9e sur le combin\u00e9 alpin, Louison Accambray en bronze !<\/title>\n<meta name=\"description\" content=\"JEUX MONDIAUX UNIVERSITAIRES D&#039;HIVER 2025 - Encore un titre pour la France gr\u00e2ce \u00e0 Emy Charbonnier, royale sur le combin\u00e9 alpin.\" \/>\n<meta name=\"robots\" content=\"index, follow, max-snippet:-1, max-image-preview:large, max-video-preview:-1\" \/>\n<link rel=\"canonical\" href=\"https:\/\/dicodusport.fr\/blog\/jeux-mondiaux-universitaires-dhiver-2025-emy-charbonnier-sacree-sur-le-combine-alpin-louison-accambray-en-bronze\/\" \/>\n<meta property=\"og:locale\" content=\"fr_FR\" \/>\n<meta property=\"og:type\" content=\"article\" \/>\n<meta property=\"og:title\" content=\"Jeux Mondiaux Universitaires d&#039;Hiver 2025 : Emy Charbonnier sacr\u00e9e sur le combin\u00e9 alpin, Louison Accambray en bronze !\" \/>\n<meta property=\"og:description\" content=\"JEUX MONDIAUX UNIVERSITAIRES D&#039;HIVER 2025 - Encore un titre pour la France gr\u00e2ce \u00e0 Emy Charbonnier, royale sur le combin\u00e9 alpin.\" \/>\n<meta property=\"og:url\" content=\"https:\/\/dicodusport.fr\/blog\/jeux-mondiaux-universitaires-dhiver-2025-emy-charbonnier-sacree-sur-le-combine-alpin-louison-accambray-en-bronze\/\" \/>\n<meta property=\"og:site_name\" content=\"Dicodusport\" \/>\n<meta property=\"article:publisher\" content=\"https:\/\/www.facebook.com\/dicodusport\" \/>\n<meta property=\"article:author\" content=\"https:\/\/www.facebook.com\/sebastien.gente\/\" \/>\n<meta property=\"article:published_time\" content=\"2025-01-15T13:31:06+00:00\" \/>\n<meta property=\"article:modified_time\" content=\"2025-06-10T14:58:37+00:00\" \/>\n<meta property=\"og:image\" content=\"https:\/\/dicodusport.fr\/blog\/wp-content\/uploads\/2025\/01\/Jeux-Mondiaux-Universitaires-dHiver-2025-Emy-Charbonnier-sacree-sur-le-combine-alpin-Louison-Accambray-en-bronze-1-1.png\" \/>\n\t<meta property=\"og:image:width\" content=\"1200\" \/>\n\t<meta property=\"og:image:height\" content=\"674\" \/>\n\t<meta property=\"og:image:type\" content=\"image\/png\" \/>\n<meta name=\"author\" content=\"S\u00e9bastien Gente\" \/>\n<meta name=\"twitter:card\" content=\"summary_large_image\" \/>\n<meta name=\"twitter:title\" content=\"Jeux Mondiaux Universitaires d&#039;Hiver 2025 : Emy Charbonnier sacr\u00e9e sur le combin\u00e9 alpin, Louison Accambray en bronze !\" \/>\n<meta name=\"twitter:creator\" content=\"@https:\/\/twitter.com\/globulo24\" \/>\n<meta name=\"twitter:site\" content=\"@dicodusport\" \/>\n<script type=\"application\/ld+json\" class=\"yoast-schema-graph\">{\"@context\":\"https:\/\/schema.org\",\"@graph\":[{\"@type\":\"NewsArticle\",\"@id\":\"https:\/\/dicodusport.fr\/blog\/jeux-mondiaux-universitaires-dhiver-2025-emy-charbonnier-sacree-sur-le-combine-alpin-louison-accambray-en-bronze\/#article\",\"isPartOf\":{\"@id\":\"https:\/\/dicodusport.fr\/blog\/jeux-mondiaux-universitaires-dhiver-2025-emy-charbonnier-sacree-sur-le-combine-alpin-louison-accambray-en-bronze\/\"},\"author\":{\"name\":\"S\u00e9bastien Gente\",\"@id\":\"https:\/\/dicodusport.fr\/blog\/#\/schema\/person\/627966a6cde45dbd8c5e36ac85d783da\"},\"headline\":\"Jeux Mondiaux Universitaires d&rsquo;Hiver 2025 : Emy Charbonnier sacr\u00e9e sur le combin\u00e9 alpin, Louison Accambray en bronze !\",\"datePublished\":\"2025-01-15T13:31:06+00:00\",\"dateModified\":\"2025-06-10T14:58:37+00:00\",\"mainEntityOfPage\":{\"@id\":\"https:\/\/dicodusport.fr\/blog\/jeux-mondiaux-universitaires-dhiver-2025-emy-charbonnier-sacree-sur-le-combine-alpin-louison-accambray-en-bronze\/\"},\"wordCount\":532,\"commentCount\":0,\"publisher\":{\"@id\":\"https:\/\/dicodusport.fr\/blog\/#organization\"},\"image\":{\"@id\":\"https:\/\/dicodusport.fr\/blog\/jeux-mondiaux-universitaires-dhiver-2025-emy-charbonnier-sacree-sur-le-combine-alpin-louison-accambray-en-bronze\/#primaryimage\"},\"thumbnailUrl\":\"https:\/\/dicodusport.fr\/blog\/wp-content\/uploads\/2025\/01\/Jeux-Mondiaux-Universitaires-dHiver-2025-Emy-Charbonnier-sacree-sur-le-combine-alpin-Louison-Accambray-en-bronze-1-1.png\",\"keywords\":[\"actu\",\"biathlon fran\u00e7ais\",\"br\u00e8ve\",\"mondiaux universitaires d'hiver\",\"Ski alpin\"],\"articleSection\":[\"Jeux Mondiaux\",\"Ski\"],\"inLanguage\":\"fr-FR\",\"potentialAction\":[{\"@type\":\"CommentAction\",\"name\":\"Comment\",\"target\":[\"https:\/\/dicodusport.fr\/blog\/jeux-mondiaux-universitaires-dhiver-2025-emy-charbonnier-sacree-sur-le-combine-alpin-louison-accambray-en-bronze\/#respond\"]}],\"copyrightYear\":\"2025\",\"copyrightHolder\":{\"@id\":\"https:\/\/dicodusport.fr\/blog\/#organization\"}},{\"@type\":\"WebPage\",\"@id\":\"https:\/\/dicodusport.fr\/blog\/jeux-mondiaux-universitaires-dhiver-2025-emy-charbonnier-sacree-sur-le-combine-alpin-louison-accambray-en-bronze\/\",\"url\":\"https:\/\/dicodusport.fr\/blog\/jeux-mondiaux-universitaires-dhiver-2025-emy-charbonnier-sacree-sur-le-combine-alpin-louison-accambray-en-bronze\/\",\"name\":\"Jeux Mondiaux Universitaires d'Hiver 2025 : Emy Charbonnier sacr\u00e9e sur le combin\u00e9 alpin, Louison Accambray en bronze !\",\"isPartOf\":{\"@id\":\"https:\/\/dicodusport.fr\/blog\/#website\"},\"primaryImageOfPage\":{\"@id\":\"https:\/\/dicodusport.fr\/blog\/jeux-mondiaux-universitaires-dhiver-2025-emy-charbonnier-sacree-sur-le-combine-alpin-louison-accambray-en-bronze\/#primaryimage\"},\"image\":{\"@id\":\"https:\/\/dicodusport.fr\/blog\/jeux-mondiaux-universitaires-dhiver-2025-emy-charbonnier-sacree-sur-le-combine-alpin-louison-accambray-en-bronze\/#primaryimage\"},\"thumbnailUrl\":\"https:\/\/dicodusport.fr\/blog\/wp-content\/uploads\/2025\/01\/Jeux-Mondiaux-Universitaires-dHiver-2025-Emy-Charbonnier-sacree-sur-le-combine-alpin-Louison-Accambray-en-bronze-1-1.png\",\"datePublished\":\"2025-01-15T13:31:06+00:00\",\"dateModified\":\"2025-06-10T14:58:37+00:00\",\"description\":\"JEUX MONDIAUX UNIVERSITAIRES D'HIVER 2025 - Encore un titre pour la France gr\u00e2ce \u00e0 Emy Charbonnier, royale sur le combin\u00e9 alpin.\",\"breadcrumb\":{\"@id\":\"https:\/\/dicodusport.fr\/blog\/jeux-mondiaux-universitaires-dhiver-2025-emy-charbonnier-sacree-sur-le-combine-alpin-louison-accambray-en-bronze\/#breadcrumb\"},\"inLanguage\":\"fr-FR\",\"potentialAction\":[{\"@type\":\"ReadAction\",\"target\":[\"https:\/\/dicodusport.fr\/blog\/jeux-mondiaux-universitaires-dhiver-2025-emy-charbonnier-sacree-sur-le-combine-alpin-louison-accambray-en-bronze\/\"]}]},{\"@type\":\"ImageObject\",\"inLanguage\":\"fr-FR\",\"@id\":\"https:\/\/dicodusport.fr\/blog\/jeux-mondiaux-universitaires-dhiver-2025-emy-charbonnier-sacree-sur-le-combine-alpin-louison-accambray-en-bronze\/#primaryimage\",\"url\":\"https:\/\/dicodusport.fr\/blog\/wp-content\/uploads\/2025\/01\/Jeux-Mondiaux-Universitaires-dHiver-2025-Emy-Charbonnier-sacree-sur-le-combine-alpin-Louison-Accambray-en-bronze-1-1.png\",\"contentUrl\":\"https:\/\/dicodusport.fr\/blog\/wp-content\/uploads\/2025\/01\/Jeux-Mondiaux-Universitaires-dHiver-2025-Emy-Charbonnier-sacree-sur-le-combine-alpin-Louison-Accambray-en-bronze-1-1.png\",\"width\":1200,\"height\":674,\"caption\":\"Jeux Mondiaux Universitaires d'Hiver 2025 Emy Charbonnier sacr\u00e9e sur le combin\u00e9 alpin, Louison Accambray en bronze !\"},{\"@type\":\"BreadcrumbList\",\"@id\":\"https:\/\/dicodusport.fr\/blog\/jeux-mondiaux-universitaires-dhiver-2025-emy-charbonnier-sacree-sur-le-combine-alpin-louison-accambray-en-bronze\/#breadcrumb\",\"itemListElement\":[{\"@type\":\"ListItem\",\"position\":1,\"name\":\"Accueil\",\"item\":\"https:\/\/dicodusport.fr\/blog\/\"},{\"@type\":\"ListItem\",\"position\":2,\"name\":\"Jeux Mondiaux Universitaires d&rsquo;Hiver 2025 : Emy Charbonnier sacr\u00e9e sur le combin\u00e9 alpin, Louison Accambray en bronze !\"}]},{\"@type\":\"WebSite\",\"@id\":\"https:\/\/dicodusport.fr\/blog\/#website\",\"url\":\"https:\/\/dicodusport.fr\/blog\/\",\"name\":\"Dicodusport\",\"description\":\"L&#039;encyclop\u00e9die de l&#039;actualit\u00e9 sportive\",\"publisher\":{\"@id\":\"https:\/\/dicodusport.fr\/blog\/#organization\"},\"potentialAction\":[{\"@type\":\"SearchAction\",\"target\":{\"@type\":\"EntryPoint\",\"urlTemplate\":\"https:\/\/dicodusport.fr\/blog\/?s={search_term_string}\"},\"query-input\":{\"@type\":\"PropertyValueSpecification\",\"valueRequired\":true,\"valueName\":\"search_term_string\"}}],\"inLanguage\":\"fr-FR\"},{\"@type\":\"NewsMediaOrganization\",\"@id\":\"https:\/\/dicodusport.fr\/blog\/#organization\",\"name\":\"Dicodusport\",\"url\":\"https:\/\/dicodusport.fr\/blog\/\",\"logo\":{\"@type\":\"ImageObject\",\"inLanguage\":\"fr-FR\",\"@id\":\"https:\/\/dicodusport.fr\/blog\/#\/schema\/logo\/image\/\",\"url\":\"https:\/\/dicodusport.fr\/blog\/wp-content\/uploads\/2020\/06\/cropped-LOGO-DICODUSPORT-2020-SANS-FOND-SANS-TEXTE.png\",\"contentUrl\":\"https:\/\/dicodusport.fr\/blog\/wp-content\/uploads\/2020\/06\/cropped-LOGO-DICODUSPORT-2020-SANS-FOND-SANS-TEXTE.png\",\"width\":512,\"height\":512,\"caption\":\"Dicodusport\"},\"image\":{\"@id\":\"https:\/\/dicodusport.fr\/blog\/#\/schema\/logo\/image\/\"},\"sameAs\":[\"https:\/\/www.facebook.com\/dicodusport\",\"https:\/\/x.com\/dicodusport\",\"https:\/\/www.instagram.com\/dicodusport\/\",\"https:\/\/www.youtube.com\/channel\/UC7V2KZ5sd3htJivAbA4ZG3w\"],\"description\":\"Dicodusport est l'encyclop\u00e9die de l'actualit\u00e9 sportive.\",\"email\":\"bonjour@dicodusport.fr\",\"legalName\":\"DICODUSPORT\",\"foundingDate\":\"2018-01-14\",\"vatID\":\"FR71834470973\",\"taxID\":\"83447097300043\",\"numberOfEmployees\":{\"@type\":\"QuantitativeValue\",\"minValue\":\"1\",\"maxValue\":\"10\"}},{\"@type\":\"Person\",\"@id\":\"https:\/\/dicodusport.fr\/blog\/#\/schema\/person\/627966a6cde45dbd8c5e36ac85d783da\",\"name\":\"S\u00e9bastien Gente\",\"image\":{\"@type\":\"ImageObject\",\"inLanguage\":\"fr-FR\",\"@id\":\"https:\/\/dicodusport.fr\/blog\/#\/schema\/person\/image\/\",\"url\":\"https:\/\/dicodusport.fr\/blog\/wp-content\/uploads\/2021\/09\/1510990_10205810251400683_4124423575079401707_n-150x150.jpg\",\"contentUrl\":\"https:\/\/dicodusport.fr\/blog\/wp-content\/uploads\/2021\/09\/1510990_10205810251400683_4124423575079401707_n-150x150.jpg\",\"caption\":\"S\u00e9bastien Gente\"},\"description\":\"John Stockton, Gianni Bugno, Zinedine Zidane, Steffi Graf, Frode Andresen, St\u00e9phane Stoecklin, Davis Kamoga, Primoz Peterka, Werner Schlager et Aur\u00e9lien Rougerie. Point commun entre ces sportifs? Ils m'ont fait r\u00eaver et ont berc\u00e9 mon adolescence. Je suis un fondu de sports et j'essaie de retranscrire ma passion \u00e0 travers mes articles. Originaire du P\u00e9rigord, ma passion pour les Girondins, les Jaunards et les Jazzmen transpire dans mes \u00e9crits. \u00c0 Dicodusport depuis 2021, je d\u00e9niche les sports m\u00e9connus dans lesquels la France brille, et il y en a !\",\"sameAs\":[\"https:\/\/www.facebook.com\/sebastien.gente\/\",\"https:\/\/www.instagram.com\/sebgente\/\",\"https:\/\/www.linkedin.com\/in\/sbastien-gente-a29583169\/\",\"https:\/\/x.com\/https:\/\/twitter.com\/globulo24\",\"SebastienGente\"],\"worksFor\":\"S\u00e9bastien GENTE\",\"url\":\"https:\/\/dicodusport.fr\/blog\/author\/sebastiengente\/\"}]}<\/script>\n<!-- \/ Yoast SEO Premium plugin. -->","yoast_head_json":{"title":"Jeux Mondiaux Universitaires d'Hiver 2025 : Emy Charbonnier sacr\u00e9e sur le combin\u00e9 alpin, Louison Accambray en bronze !","description":"JEUX MONDIAUX UNIVERSITAIRES D'HIVER 2025 - Encore un titre pour la France gr\u00e2ce \u00e0 Emy Charbonnier, royale sur le combin\u00e9 alpin.","robots":{"index":"index","follow":"follow","max-snippet":"max-snippet:-1","max-image-preview":"max-image-preview:large","max-video-preview":"max-video-preview:-1"},"canonical":"https:\/\/dicodusport.fr\/blog\/jeux-mondiaux-universitaires-dhiver-2025-emy-charbonnier-sacree-sur-le-combine-alpin-louison-accambray-en-bronze\/","og_locale":"fr_FR","og_type":"article","og_title":"Jeux Mondiaux Universitaires d'Hiver 2025 : Emy Charbonnier sacr\u00e9e sur le combin\u00e9 alpin, Louison Accambray en bronze !","og_description":"JEUX MONDIAUX UNIVERSITAIRES D'HIVER 2025 - Encore un titre pour la France gr\u00e2ce \u00e0 Emy Charbonnier, royale sur le combin\u00e9 alpin.","og_url":"https:\/\/dicodusport.fr\/blog\/jeux-mondiaux-universitaires-dhiver-2025-emy-charbonnier-sacree-sur-le-combine-alpin-louison-accambray-en-bronze\/","og_site_name":"Dicodusport","article_publisher":"https:\/\/www.facebook.com\/dicodusport","article_author":"https:\/\/www.facebook.com\/sebastien.gente\/","article_published_time":"2025-01-15T13:31:06+00:00","article_modified_time":"2025-06-10T14:58:37+00:00","og_image":[{"width":1200,"height":674,"url":"https:\/\/dicodusport.fr\/blog\/wp-content\/uploads\/2025\/01\/Jeux-Mondiaux-Universitaires-dHiver-2025-Emy-Charbonnier-sacree-sur-le-combine-alpin-Louison-Accambray-en-bronze-1-1.png","type":"image\/png"}],"author":"S\u00e9bastien Gente","twitter_card":"summary_large_image","twitter_title":"Jeux Mondiaux Universitaires d'Hiver 2025 : Emy Charbonnier sacr\u00e9e sur le combin\u00e9 alpin, Louison Accambray en bronze !","twitter_creator":"@https:\/\/twitter.com\/globulo24","twitter_site":"@dicodusport","schema":{"@context":"https:\/\/schema.org","@graph":[{"@type":"NewsArticle","@id":"https:\/\/dicodusport.fr\/blog\/jeux-mondiaux-universitaires-dhiver-2025-emy-charbonnier-sacree-sur-le-combine-alpin-louison-accambray-en-bronze\/#article","isPartOf":{"@id":"https:\/\/dicodusport.fr\/blog\/jeux-mondiaux-universitaires-dhiver-2025-emy-charbonnier-sacree-sur-le-combine-alpin-louison-accambray-en-bronze\/"},"author":{"name":"S\u00e9bastien Gente","@id":"https:\/\/dicodusport.fr\/blog\/#\/schema\/person\/627966a6cde45dbd8c5e36ac85d783da"},"headline":"Jeux Mondiaux Universitaires d&rsquo;Hiver 2025 : Emy Charbonnier sacr\u00e9e sur le combin\u00e9 alpin, Louison Accambray en bronze !","datePublished":"2025-01-15T13:31:06+00:00","dateModified":"2025-06-10T14:58:37+00:00","mainEntityOfPage":{"@id":"https:\/\/dicodusport.fr\/blog\/jeux-mondiaux-universitaires-dhiver-2025-emy-charbonnier-sacree-sur-le-combine-alpin-louison-accambray-en-bronze\/"},"wordCount":532,"commentCount":0,"publisher":{"@id":"https:\/\/dicodusport.fr\/blog\/#organization"},"image":{"@id":"https:\/\/dicodusport.fr\/blog\/jeux-mondiaux-universitaires-dhiver-2025-emy-charbonnier-sacree-sur-le-combine-alpin-louison-accambray-en-bronze\/#primaryimage"},"thumbnailUrl":"https:\/\/dicodusport.fr\/blog\/wp-content\/uploads\/2025\/01\/Jeux-Mondiaux-Universitaires-dHiver-2025-Emy-Charbonnier-sacree-sur-le-combine-alpin-Louison-Accambray-en-bronze-1-1.png","keywords":["actu","biathlon fran\u00e7ais","br\u00e8ve","mondiaux universitaires d'hiver","Ski alpin"],"articleSection":["Jeux Mondiaux","Ski"],"inLanguage":"fr-FR","potentialAction":[{"@type":"CommentAction","name":"Comment","target":["https:\/\/dicodusport.fr\/blog\/jeux-mondiaux-universitaires-dhiver-2025-emy-charbonnier-sacree-sur-le-combine-alpin-louison-accambray-en-bronze\/#respond"]}],"copyrightYear":"2025","copyrightHolder":{"@id":"https:\/\/dicodusport.fr\/blog\/#organization"}},{"@type":"WebPage","@id":"https:\/\/dicodusport.fr\/blog\/jeux-mondiaux-universitaires-dhiver-2025-emy-charbonnier-sacree-sur-le-combine-alpin-louison-accambray-en-bronze\/","url":"https:\/\/dicodusport.fr\/blog\/jeux-mondiaux-universitaires-dhiver-2025-emy-charbonnier-sacree-sur-le-combine-alpin-louison-accambray-en-bronze\/","name":"Jeux Mondiaux Universitaires d'Hiver 2025 : Emy Charbonnier sacr\u00e9e sur le combin\u00e9 alpin, Louison Accambray en bronze !","isPartOf":{"@id":"https:\/\/dicodusport.fr\/blog\/#website"},"primaryImageOfPage":{"@id":"https:\/\/dicodusport.fr\/blog\/jeux-mondiaux-universitaires-dhiver-2025-emy-charbonnier-sacree-sur-le-combine-alpin-louison-accambray-en-bronze\/#primaryimage"},"image":{"@id":"https:\/\/dicodusport.fr\/blog\/jeux-mondiaux-universitaires-dhiver-2025-emy-charbonnier-sacree-sur-le-combine-alpin-louison-accambray-en-bronze\/#primaryimage"},"thumbnailUrl":"https:\/\/dicodusport.fr\/blog\/wp-content\/uploads\/2025\/01\/Jeux-Mondiaux-Universitaires-dHiver-2025-Emy-Charbonnier-sacree-sur-le-combine-alpin-Louison-Accambray-en-bronze-1-1.png","datePublished":"2025-01-15T13:31:06+00:00","dateModified":"2025-06-10T14:58:37+00:00","description":"JEUX MONDIAUX UNIVERSITAIRES D'HIVER 2025 - Encore un titre pour la France gr\u00e2ce \u00e0 Emy Charbonnier, royale sur le combin\u00e9 alpin.","breadcrumb":{"@id":"https:\/\/dicodusport.fr\/blog\/jeux-mondiaux-universitaires-dhiver-2025-emy-charbonnier-sacree-sur-le-combine-alpin-louison-accambray-en-bronze\/#breadcrumb"},"inLanguage":"fr-FR","potentialAction":[{"@type":"ReadAction","target":["https:\/\/dicodusport.fr\/blog\/jeux-mondiaux-universitaires-dhiver-2025-emy-charbonnier-sacree-sur-le-combine-alpin-louison-accambray-en-bronze\/"]}]},{"@type":"ImageObject","inLanguage":"fr-FR","@id":"https:\/\/dicodusport.fr\/blog\/jeux-mondiaux-universitaires-dhiver-2025-emy-charbonnier-sacree-sur-le-combine-alpin-louison-accambray-en-bronze\/#primaryimage","url":"https:\/\/dicodusport.fr\/blog\/wp-content\/uploads\/2025\/01\/Jeux-Mondiaux-Universitaires-dHiver-2025-Emy-Charbonnier-sacree-sur-le-combine-alpin-Louison-Accambray-en-bronze-1-1.png","contentUrl":"https:\/\/dicodusport.fr\/blog\/wp-content\/uploads\/2025\/01\/Jeux-Mondiaux-Universitaires-dHiver-2025-Emy-Charbonnier-sacree-sur-le-combine-alpin-Louison-Accambray-en-bronze-1-1.png","width":1200,"height":674,"caption":"Jeux Mondiaux Universitaires d'Hiver 2025 Emy Charbonnier sacr\u00e9e sur le combin\u00e9 alpin, Louison Accambray en bronze !"},{"@type":"BreadcrumbList","@id":"https:\/\/dicodusport.fr\/blog\/jeux-mondiaux-universitaires-dhiver-2025-emy-charbonnier-sacree-sur-le-combine-alpin-louison-accambray-en-bronze\/#breadcrumb","itemListElement":[{"@type":"ListItem","position":1,"name":"Accueil","item":"https:\/\/dicodusport.fr\/blog\/"},{"@type":"ListItem","position":2,"name":"Jeux Mondiaux Universitaires d&rsquo;Hiver 2025 : Emy Charbonnier sacr\u00e9e sur le combin\u00e9 alpin, Louison Accambray en bronze !"}]},{"@type":"WebSite","@id":"https:\/\/dicodusport.fr\/blog\/#website","url":"https:\/\/dicodusport.fr\/blog\/","name":"Dicodusport","description":"L&#039;encyclop\u00e9die de l&#039;actualit\u00e9 sportive","publisher":{"@id":"https:\/\/dicodusport.fr\/blog\/#organization"},"potentialAction":[{"@type":"SearchAction","target":{"@type":"EntryPoint","urlTemplate":"https:\/\/dicodusport.fr\/blog\/?s={search_term_string}"},"query-input":{"@type":"PropertyValueSpecification","valueRequired":true,"valueName":"search_term_string"}}],"inLanguage":"fr-FR"},{"@type":"NewsMediaOrganization","@id":"https:\/\/dicodusport.fr\/blog\/#organization","name":"Dicodusport","url":"https:\/\/dicodusport.fr\/blog\/","logo":{"@type":"ImageObject","inLanguage":"fr-FR","@id":"https:\/\/dicodusport.fr\/blog\/#\/schema\/logo\/image\/","url":"https:\/\/dicodusport.fr\/blog\/wp-content\/uploads\/2020\/06\/cropped-LOGO-DICODUSPORT-2020-SANS-FOND-SANS-TEXTE.png","contentUrl":"https:\/\/dicodusport.fr\/blog\/wp-content\/uploads\/2020\/06\/cropped-LOGO-DICODUSPORT-2020-SANS-FOND-SANS-TEXTE.png","width":512,"height":512,"caption":"Dicodusport"},"image":{"@id":"https:\/\/dicodusport.fr\/blog\/#\/schema\/logo\/image\/"},"sameAs":["https:\/\/www.facebook.com\/dicodusport","https:\/\/x.com\/dicodusport","https:\/\/www.instagram.com\/dicodusport\/","https:\/\/www.youtube.com\/channel\/UC7V2KZ5sd3htJivAbA4ZG3w"],"description":"Dicodusport est l'encyclop\u00e9die de l'actualit\u00e9 sportive.","email":"bonjour@dicodusport.fr","legalName":"DICODUSPORT","foundingDate":"2018-01-14","vatID":"FR71834470973","taxID":"83447097300043","numberOfEmployees":{"@type":"QuantitativeValue","minValue":"1","maxValue":"10"}},{"@type":"Person","@id":"https:\/\/dicodusport.fr\/blog\/#\/schema\/person\/627966a6cde45dbd8c5e36ac85d783da","name":"S\u00e9bastien Gente","image":{"@type":"ImageObject","inLanguage":"fr-FR","@id":"https:\/\/dicodusport.fr\/blog\/#\/schema\/person\/image\/","url":"https:\/\/dicodusport.fr\/blog\/wp-content\/uploads\/2021\/09\/1510990_10205810251400683_4124423575079401707_n-150x150.jpg","contentUrl":"https:\/\/dicodusport.fr\/blog\/wp-content\/uploads\/2021\/09\/1510990_10205810251400683_4124423575079401707_n-150x150.jpg","caption":"S\u00e9bastien Gente"},"description":"John Stockton, Gianni Bugno, Zinedine Zidane, Steffi Graf, Frode Andresen, St\u00e9phane Stoecklin, Davis Kamoga, Primoz Peterka, Werner Schlager et Aur\u00e9lien Rougerie. Point commun entre ces sportifs? Ils m'ont fait r\u00eaver et ont berc\u00e9 mon adolescence. Je suis un fondu de sports et j'essaie de retranscrire ma passion \u00e0 travers mes articles. Originaire du P\u00e9rigord, ma passion pour les Girondins, les Jaunards et les Jazzmen transpire dans mes \u00e9crits. \u00c0 Dicodusport depuis 2021, je d\u00e9niche les sports m\u00e9connus dans lesquels la France brille, et il y en a !","sameAs":["https:\/\/www.facebook.com\/sebastien.gente\/","https:\/\/www.instagram.com\/sebgente\/","https:\/\/www.linkedin.com\/in\/sbastien-gente-a29583169\/","https:\/\/x.com\/https:\/\/twitter.com\/globulo24","SebastienGente"],"worksFor":"S\u00e9bastien GENTE","url":"https:\/\/dicodusport.fr\/blog\/author\/sebastiengente\/"}]}},"_links":{"self":[{"href":"https:\/\/dicodusport.fr\/blog\/wp-json\/wp\/v2\/posts\/546658","targetHints":{"allow":["GET"]}}],"collection":[{"href":"https:\/\/dicodusport.fr\/blog\/wp-json\/wp\/v2\/posts"}],"about":[{"href":"https:\/\/dicodusport.fr\/blog\/wp-json\/wp\/v2\/types\/post"}],"author":[{"embeddable":true,"href":"https:\/\/dicodusport.fr\/blog\/wp-json\/wp\/v2\/users\/59"}],"replies":[{"embeddable":true,"href":"https:\/\/dicodusport.fr\/blog\/wp-json\/wp\/v2\/comments?post=546658"}],"version-history":[{"count":2,"href":"https:\/\/dicodusport.fr\/blog\/wp-json\/wp\/v2\/posts\/546658\/revisions"}],"predecessor-version":[{"id":546666,"href":"https:\/\/dicodusport.fr\/blog\/wp-json\/wp\/v2\/posts\/546658\/revisions\/546666"}],"wp:featuredmedia":[{"embeddable":true,"href":"https:\/\/dicodusport.fr\/blog\/wp-json\/wp\/v2\/media\/547558"}],"wp:attachment":[{"href":"https:\/\/dicodusport.fr\/blog\/wp-json\/wp\/v2\/media?parent=546658"}],"wp:term":[{"taxonomy":"category","embeddable":true,"href":"https:\/\/dicodusport.fr\/blog\/wp-json\/wp\/v2\/categories?post=546658"},{"taxonomy":"post_tag","embeddable":true,"href":"https:\/\/dicodusport.fr\/blog\/wp-json\/wp\/v2\/tags?post=546658"}],"curies":[{"name":"wp","href":"https:\/\/api.w.org\/{rel}","templated":true}]}}