{"id":547153,"date":"2025-01-17T07:42:50","date_gmt":"2025-01-17T06:42:50","guid":{"rendered":"https:\/\/dicodusport.fr\/blog\/?p=547153&#038;preview=true&#038;preview_id=547153"},"modified":"2025-01-17T20:18:56","modified_gmt":"2025-01-17T19:18:56","slug":"tour-down-under-femmes-le-numero-de-daniek-hengeveld-sur-la-1ere-etape","status":"publish","type":"post","link":"https:\/\/dicodusport.fr\/blog\/tour-down-under-femmes-le-numero-de-daniek-hengeveld-sur-la-1ere-etape\/","title":{"rendered":"Tour Down Under Femmes : Le num\u00e9ro de Daniek Hengeveld sur la 1\u00e8re \u00e9tape"},"content":{"rendered":"<h4 style=\"text-align: justify;\"><em>TOUR DOWN UNDER FEMMES 2025 &#8211; Apr\u00e8s un raid de 50 km, la N\u00e9erlandaise Daniek Hengeveld (CERATIZIT-WNT Pro Cycling Team) surprend les sprinteuses \u00e0 Snapper Point sur la premi\u00e8re \u00e9tape. Elle endosse la tunique ocre de leader.<\/em><\/h4>\n<p style=\"text-align: justify;\">Forc\u00e9ment, ce n&rsquo;est pas le sc\u00e9nario auquel on s&rsquo;attendait pour l&rsquo;ouverture de la saison f\u00e9minine en Australie. En effet, la premi\u00e8re \u00e9tape \u00e9tait promise aux sprinteuses avec un parcours d\u00e9pourvu en reliefs majeurs. Pourtant, la m\u00e9connue N\u00e9erlandaise <strong>Daniek Hengeveld<\/strong> a d\u00e9jou\u00e9 les pronostics aujourd&rsquo;hui. Quand elle est sortie \u00e0 50 km de l&rsquo;arriv\u00e9e, on ne s&rsquo;attendait pas \u00e0 pareil num\u00e9ro de la coureuse de 25 ans. Mais l&rsquo;\u00e9cart a bel et bien grandi pour atteindre les 3 minutes \u00e0 25 km du terme, le peloton jouant avec le feu. Pourtant, les formations Canyon\/\/SRAM, AG Insurance &#8211; Soudal Team et surtout <a href=\"https:\/\/dicodusport.fr\/blog\/cyclisme-fdj-suez-de-gros-changements-et-des-ambitions-enormes-en-2025\/\">FDJ-Suez<\/a> ont tout tent\u00e9. Cette derni\u00e8re esp\u00e9rait offrir le doubl\u00e9 \u00e0 sa nouvelle recrue <strong>Ally Wollaston<\/strong>, vainqueur l&rsquo;an pass\u00e9 sur cette m\u00eame premi\u00e8re \u00e9tape.<\/p>\n<blockquote class=\"twitter-tweet\">\n<p dir=\"ltr\" lang=\"en\">DANIEK DOES IT!! Her FIRST World Tour win \ud83d\udcaa<a href=\"https:\/\/twitter.com\/SantosLtd?ref_src=twsrc%5Etfw\">@SantosLtd<\/a> <a href=\"https:\/\/twitter.com\/7Sport?ref_src=twsrc%5Etfw\">@7Sport<\/a> <a href=\"https:\/\/twitter.com\/daniekh20?ref_src=twsrc%5Etfw\">@daniekh20<\/a> <a href=\"https:\/\/twitter.com\/ceratizit_wnt?ref_src=twsrc%5Etfw\">@ceratizit_wnt<\/a> <a href=\"https:\/\/twitter.com\/UCI_WWT?ref_src=twsrc%5Etfw\">@UCI_WWT<\/a><a href=\"https:\/\/twitter.com\/hashtag\/TourDownUnder?src=hash&amp;ref_src=twsrc%5Etfw\">#TourDownUnder<\/a> <a href=\"https:\/\/t.co\/1gp8x7eFeT\">pic.twitter.com\/1gp8x7eFeT<\/a><\/p>\n<p>\u2014 Santos Tour Down Under \ud83d\udeb4\ud83d\udeb4\u200d\u2640\ufe0f (@tourdownunder) <a href=\"https:\/\/twitter.com\/tourdownunder\/status\/1880103831180308945?ref_src=twsrc%5Etfw\">January 17, 2025<\/a><\/p><\/blockquote>\n<p><script async src=\"https:\/\/platform.twitter.com\/widgets.js\" charset=\"utf-8\"><\/script><\/p>\n<h2 style=\"text-align: justify;\">Hengeveld tient bon<\/h2>\n<p style=\"text-align: justify;\">Insuffisant toutefois pour revoir la coureuse de la CERATIZIT-WNT qui livrait un num\u00e9ro digne de <a href=\"https:\/\/dicodusport.fr\/blog\/cyclisme-tadej-pogacar-dessine-son-programme-pour-2025\/\"><strong>Tadej Pogacar<\/strong><\/a>. <strong>Hengeveld<\/strong>, qui enlevait l\u00e0 sa deuxi\u00e8me victoire en carri\u00e8re, la premi\u00e8re en World Tour, gardait une quarantaine de secondes sur la ligne sur un peloton d&rsquo;une soixantaine d&rsquo;unit\u00e9s, r\u00e9gl\u00e9 par <strong>Wollaston<\/strong> juste devant <strong>Kathrin Schweinberger<\/strong> (Human Powered Health). Les Fran\u00e7aises <strong>Clara Copponi<\/strong> (Lidl &#8211; Trek) et <strong>India Grangier<\/strong> (Team COOP) prenaient, quant \u00e0 elles, place dans le top 10, respectivement huit et neuvi\u00e8me. Bien entendu, <strong>Daniek Hengeveld<\/strong> faisait coup double en s&#8217;emparant du m\u00eame coup du maillot ocre de leader du classement g\u00e9n\u00e9ral.<\/p>\n<p style=\"text-align: justify;\">De son c\u00f4t\u00e9, la premi\u00e8re \u00e9chapp\u00e9e matinale <strong>Alyssa Polites<\/strong>, qui court pour l&rsquo;\u00e9quipe nationale australienne, voyait ses efforts r\u00e9compens\u00e9s par l&rsquo;obtention du maillot de meilleure grimpeuse.<\/p>\n","protected":false},"excerpt":{"rendered":"<p>Le num\u00e9ro de Daniek Hengeveld sur la 1\u00e8re \u00e9tape<\/p>\n","protected":false},"author":92,"featured_media":547165,"comment_status":"open","ping_status":"closed","sticky":false,"template":"","format":"standard","meta":{"_acf_changed":false,"_daextam_enable_autolinks":"1","footnotes":""},"categories":[46994],"tags":[3119,16878,28981],"class_list":["post-547153","post","type-post","status-publish","format-standard","has-post-thumbnail","hentry","category-cyclisme-sur-route","tag-actualite-cyclisme","tag-breve","tag-fdj-suez"],"acf":[],"yoast_head":"<!-- This site is optimized with the Yoast SEO Premium plugin v26.7 (Yoast SEO v26.7) - https:\/\/yoast.com\/wordpress\/plugins\/seo\/ -->\n<title>Tour Down Under Femmes : Le num\u00e9ro de Daniek Hengeveld sur la 1\u00e8re \u00e9tape<\/title>\n<meta name=\"description\" content=\"TOUR DOWN UNDER FEMMES 2025 - Apr\u00e8s un raid de 50 km, la N\u00e9erlandaise Daniek Hengeveld surprend les sprinteuses sur la premi\u00e8re \u00e9tape.\" \/>\n<meta name=\"robots\" content=\"index, follow, max-snippet:-1, max-image-preview:large, max-video-preview:-1\" \/>\n<link rel=\"canonical\" href=\"https:\/\/dicodusport.fr\/blog\/tour-down-under-femmes-le-numero-de-daniek-hengeveld-sur-la-1ere-etape\/\" \/>\n<meta property=\"og:locale\" content=\"fr_FR\" \/>\n<meta property=\"og:type\" content=\"article\" \/>\n<meta property=\"og:title\" content=\"Tour Down Under Femmes : Le num\u00e9ro de Daniek Hengeveld sur la 1\u00e8re \u00e9tape\" \/>\n<meta property=\"og:description\" content=\"TOUR DOWN UNDER FEMMES 2025 - Apr\u00e8s un raid de 50 km, la N\u00e9erlandaise Daniek Hengeveld surprend les sprinteuses sur la premi\u00e8re \u00e9tape.\" \/>\n<meta property=\"og:url\" content=\"https:\/\/dicodusport.fr\/blog\/tour-down-under-femmes-le-numero-de-daniek-hengeveld-sur-la-1ere-etape\/\" \/>\n<meta property=\"og:site_name\" content=\"Dicodusport\" \/>\n<meta property=\"article:publisher\" content=\"https:\/\/www.facebook.com\/dicodusport\" \/>\n<meta property=\"article:published_time\" content=\"2025-01-17T06:42:50+00:00\" \/>\n<meta property=\"article:modified_time\" content=\"2025-01-17T19:18:56+00:00\" \/>\n<meta property=\"og:image\" content=\"https:\/\/dicodusport.fr\/blog\/wp-content\/uploads\/2025\/01\/Tour-Down-Under-Femmes-Le-numero-de-Daniek-Hengeveld-sur-la-1ere-etape.png\" \/>\n\t<meta property=\"og:image:width\" content=\"1200\" \/>\n\t<meta property=\"og:image:height\" content=\"674\" \/>\n\t<meta property=\"og:image:type\" content=\"image\/png\" \/>\n<meta name=\"author\" content=\"Olivier Dobiezynski\" \/>\n<meta name=\"twitter:card\" content=\"summary_large_image\" \/>\n<meta name=\"twitter:title\" content=\"Tour Down Under Femmes : Le num\u00e9ro de Daniek Hengeveld sur la 1\u00e8re \u00e9tape\" \/>\n<meta name=\"twitter:creator\" content=\"@https:\/\/x.com\/Olivier_Matros\" \/>\n<meta name=\"twitter:site\" content=\"@dicodusport\" \/>\n<script type=\"application\/ld+json\" class=\"yoast-schema-graph\">{\"@context\":\"https:\/\/schema.org\",\"@graph\":[{\"@type\":\"NewsArticle\",\"@id\":\"https:\/\/dicodusport.fr\/blog\/tour-down-under-femmes-le-numero-de-daniek-hengeveld-sur-la-1ere-etape\/#article\",\"isPartOf\":{\"@id\":\"https:\/\/dicodusport.fr\/blog\/tour-down-under-femmes-le-numero-de-daniek-hengeveld-sur-la-1ere-etape\/\"},\"author\":{\"name\":\"Olivier Dobiezynski\",\"@id\":\"https:\/\/dicodusport.fr\/blog\/#\/schema\/person\/fe500246414ca17ddf0c0312d7a792cc\"},\"headline\":\"Tour Down Under Femmes : Le num\u00e9ro de Daniek Hengeveld sur la 1\u00e8re \u00e9tape\",\"datePublished\":\"2025-01-17T06:42:50+00:00\",\"dateModified\":\"2025-01-17T19:18:56+00:00\",\"mainEntityOfPage\":{\"@id\":\"https:\/\/dicodusport.fr\/blog\/tour-down-under-femmes-le-numero-de-daniek-hengeveld-sur-la-1ere-etape\/\"},\"wordCount\":366,\"commentCount\":0,\"publisher\":{\"@id\":\"https:\/\/dicodusport.fr\/blog\/#organization\"},\"image\":{\"@id\":\"https:\/\/dicodusport.fr\/blog\/tour-down-under-femmes-le-numero-de-daniek-hengeveld-sur-la-1ere-etape\/#primaryimage\"},\"thumbnailUrl\":\"https:\/\/dicodusport.fr\/blog\/wp-content\/uploads\/2025\/01\/Tour-Down-Under-Femmes-Le-numero-de-Daniek-Hengeveld-sur-la-1ere-etape.png\",\"keywords\":[\"Actualit\u00e9 Cyclisme\",\"br\u00e8ve\",\"FDJ-Suez\"],\"articleSection\":[\"Cyclisme sur route\"],\"inLanguage\":\"fr-FR\",\"potentialAction\":[{\"@type\":\"CommentAction\",\"name\":\"Comment\",\"target\":[\"https:\/\/dicodusport.fr\/blog\/tour-down-under-femmes-le-numero-de-daniek-hengeveld-sur-la-1ere-etape\/#respond\"]}],\"copyrightYear\":\"2025\",\"copyrightHolder\":{\"@id\":\"https:\/\/dicodusport.fr\/blog\/#organization\"}},{\"@type\":\"WebPage\",\"@id\":\"https:\/\/dicodusport.fr\/blog\/tour-down-under-femmes-le-numero-de-daniek-hengeveld-sur-la-1ere-etape\/\",\"url\":\"https:\/\/dicodusport.fr\/blog\/tour-down-under-femmes-le-numero-de-daniek-hengeveld-sur-la-1ere-etape\/\",\"name\":\"Tour Down Under Femmes : Le num\u00e9ro de Daniek Hengeveld sur la 1\u00e8re \u00e9tape\",\"isPartOf\":{\"@id\":\"https:\/\/dicodusport.fr\/blog\/#website\"},\"primaryImageOfPage\":{\"@id\":\"https:\/\/dicodusport.fr\/blog\/tour-down-under-femmes-le-numero-de-daniek-hengeveld-sur-la-1ere-etape\/#primaryimage\"},\"image\":{\"@id\":\"https:\/\/dicodusport.fr\/blog\/tour-down-under-femmes-le-numero-de-daniek-hengeveld-sur-la-1ere-etape\/#primaryimage\"},\"thumbnailUrl\":\"https:\/\/dicodusport.fr\/blog\/wp-content\/uploads\/2025\/01\/Tour-Down-Under-Femmes-Le-numero-de-Daniek-Hengeveld-sur-la-1ere-etape.png\",\"datePublished\":\"2025-01-17T06:42:50+00:00\",\"dateModified\":\"2025-01-17T19:18:56+00:00\",\"description\":\"TOUR DOWN UNDER FEMMES 2025 - Apr\u00e8s un raid de 50 km, la N\u00e9erlandaise Daniek Hengeveld surprend les sprinteuses sur la premi\u00e8re \u00e9tape.\",\"breadcrumb\":{\"@id\":\"https:\/\/dicodusport.fr\/blog\/tour-down-under-femmes-le-numero-de-daniek-hengeveld-sur-la-1ere-etape\/#breadcrumb\"},\"inLanguage\":\"fr-FR\",\"potentialAction\":[{\"@type\":\"ReadAction\",\"target\":[\"https:\/\/dicodusport.fr\/blog\/tour-down-under-femmes-le-numero-de-daniek-hengeveld-sur-la-1ere-etape\/\"]}]},{\"@type\":\"ImageObject\",\"inLanguage\":\"fr-FR\",\"@id\":\"https:\/\/dicodusport.fr\/blog\/tour-down-under-femmes-le-numero-de-daniek-hengeveld-sur-la-1ere-etape\/#primaryimage\",\"url\":\"https:\/\/dicodusport.fr\/blog\/wp-content\/uploads\/2025\/01\/Tour-Down-Under-Femmes-Le-numero-de-Daniek-Hengeveld-sur-la-1ere-etape.png\",\"contentUrl\":\"https:\/\/dicodusport.fr\/blog\/wp-content\/uploads\/2025\/01\/Tour-Down-Under-Femmes-Le-numero-de-Daniek-Hengeveld-sur-la-1ere-etape.png\",\"width\":1200,\"height\":674,\"caption\":\"Tour Down Under Femmes Le num\u00e9ro de Daniek Hengeveld sur la 1\u00e8re \u00e9tape\"},{\"@type\":\"BreadcrumbList\",\"@id\":\"https:\/\/dicodusport.fr\/blog\/tour-down-under-femmes-le-numero-de-daniek-hengeveld-sur-la-1ere-etape\/#breadcrumb\",\"itemListElement\":[{\"@type\":\"ListItem\",\"position\":1,\"name\":\"Accueil\",\"item\":\"https:\/\/dicodusport.fr\/blog\/\"},{\"@type\":\"ListItem\",\"position\":2,\"name\":\"Tour Down Under Femmes : Le num\u00e9ro de Daniek Hengeveld sur la 1\u00e8re \u00e9tape\"}]},{\"@type\":\"WebSite\",\"@id\":\"https:\/\/dicodusport.fr\/blog\/#website\",\"url\":\"https:\/\/dicodusport.fr\/blog\/\",\"name\":\"Dicodusport\",\"description\":\"L&#039;encyclop\u00e9die de l&#039;actualit\u00e9 sportive\",\"publisher\":{\"@id\":\"https:\/\/dicodusport.fr\/blog\/#organization\"},\"potentialAction\":[{\"@type\":\"SearchAction\",\"target\":{\"@type\":\"EntryPoint\",\"urlTemplate\":\"https:\/\/dicodusport.fr\/blog\/?s={search_term_string}\"},\"query-input\":{\"@type\":\"PropertyValueSpecification\",\"valueRequired\":true,\"valueName\":\"search_term_string\"}}],\"inLanguage\":\"fr-FR\"},{\"@type\":\"NewsMediaOrganization\",\"@id\":\"https:\/\/dicodusport.fr\/blog\/#organization\",\"name\":\"Dicodusport\",\"url\":\"https:\/\/dicodusport.fr\/blog\/\",\"logo\":{\"@type\":\"ImageObject\",\"inLanguage\":\"fr-FR\",\"@id\":\"https:\/\/dicodusport.fr\/blog\/#\/schema\/logo\/image\/\",\"url\":\"https:\/\/dicodusport.fr\/blog\/wp-content\/uploads\/2020\/06\/cropped-LOGO-DICODUSPORT-2020-SANS-FOND-SANS-TEXTE.png\",\"contentUrl\":\"https:\/\/dicodusport.fr\/blog\/wp-content\/uploads\/2020\/06\/cropped-LOGO-DICODUSPORT-2020-SANS-FOND-SANS-TEXTE.png\",\"width\":512,\"height\":512,\"caption\":\"Dicodusport\"},\"image\":{\"@id\":\"https:\/\/dicodusport.fr\/blog\/#\/schema\/logo\/image\/\"},\"sameAs\":[\"https:\/\/www.facebook.com\/dicodusport\",\"https:\/\/x.com\/dicodusport\",\"https:\/\/www.instagram.com\/dicodusport\/\",\"https:\/\/www.youtube.com\/channel\/UC7V2KZ5sd3htJivAbA4ZG3w\"],\"description\":\"Dicodusport est l'encyclop\u00e9die de l'actualit\u00e9 sportive.\",\"email\":\"bonjour@dicodusport.fr\",\"legalName\":\"DICODUSPORT\",\"foundingDate\":\"2018-01-14\",\"vatID\":\"FR71834470973\",\"taxID\":\"83447097300043\",\"numberOfEmployees\":{\"@type\":\"QuantitativeValue\",\"minValue\":\"1\",\"maxValue\":\"10\"}},{\"@type\":\"Person\",\"@id\":\"https:\/\/dicodusport.fr\/blog\/#\/schema\/person\/fe500246414ca17ddf0c0312d7a792cc\",\"name\":\"Olivier Dobiezynski\",\"image\":{\"@type\":\"ImageObject\",\"inLanguage\":\"fr-FR\",\"@id\":\"https:\/\/dicodusport.fr\/blog\/#\/schema\/person\/image\/\",\"url\":\"https:\/\/dicodusport.fr\/blog\/wp-content\/uploads\/2024\/09\/5be8fe8d-9962-4f1e-ad06-d6f9dee30e6d-150x150.jpg\",\"contentUrl\":\"https:\/\/dicodusport.fr\/blog\/wp-content\/uploads\/2024\/09\/5be8fe8d-9962-4f1e-ad06-d6f9dee30e6d-150x150.jpg\",\"caption\":\"Olivier Dobiezynski\"},\"description\":\"Depuis le milieu des ann\u00e9es 90, la passion du cyclisme m'anime. Mes h\u00e9ros s'appellent Luc Leblanc, Piotr Ugrumov, Paolo Savoldelli, Peter Sagan et bien \u00e9videmment Romain Bardet. R\u00e9dacteur depuis 2023, je suis ici pour partager cet amour de la Petite Reine. Vous pourrez me lire \u00e9galement sur du trail, du ski de fond et tout autre sujet susceptible d'\u00e9veiller ma curiosit\u00e9 sportive.\",\"sameAs\":[\"https:\/\/x.com\/https:\/\/x.com\/Olivier_Matros\"],\"url\":\"https:\/\/dicodusport.fr\/blog\/author\/olivier-gh\/\"}]}<\/script>\n<!-- \/ Yoast SEO Premium plugin. -->","yoast_head_json":{"title":"Tour Down Under Femmes : Le num\u00e9ro de Daniek Hengeveld sur la 1\u00e8re \u00e9tape","description":"TOUR DOWN UNDER FEMMES 2025 - Apr\u00e8s un raid de 50 km, la N\u00e9erlandaise Daniek Hengeveld surprend les sprinteuses sur la premi\u00e8re \u00e9tape.","robots":{"index":"index","follow":"follow","max-snippet":"max-snippet:-1","max-image-preview":"max-image-preview:large","max-video-preview":"max-video-preview:-1"},"canonical":"https:\/\/dicodusport.fr\/blog\/tour-down-under-femmes-le-numero-de-daniek-hengeveld-sur-la-1ere-etape\/","og_locale":"fr_FR","og_type":"article","og_title":"Tour Down Under Femmes : Le num\u00e9ro de Daniek Hengeveld sur la 1\u00e8re \u00e9tape","og_description":"TOUR DOWN UNDER FEMMES 2025 - Apr\u00e8s un raid de 50 km, la N\u00e9erlandaise Daniek Hengeveld surprend les sprinteuses sur la premi\u00e8re \u00e9tape.","og_url":"https:\/\/dicodusport.fr\/blog\/tour-down-under-femmes-le-numero-de-daniek-hengeveld-sur-la-1ere-etape\/","og_site_name":"Dicodusport","article_publisher":"https:\/\/www.facebook.com\/dicodusport","article_published_time":"2025-01-17T06:42:50+00:00","article_modified_time":"2025-01-17T19:18:56+00:00","og_image":[{"width":1200,"height":674,"url":"https:\/\/dicodusport.fr\/blog\/wp-content\/uploads\/2025\/01\/Tour-Down-Under-Femmes-Le-numero-de-Daniek-Hengeveld-sur-la-1ere-etape.png","type":"image\/png"}],"author":"Olivier Dobiezynski","twitter_card":"summary_large_image","twitter_title":"Tour Down Under Femmes : Le num\u00e9ro de Daniek Hengeveld sur la 1\u00e8re \u00e9tape","twitter_creator":"@https:\/\/x.com\/Olivier_Matros","twitter_site":"@dicodusport","schema":{"@context":"https:\/\/schema.org","@graph":[{"@type":"NewsArticle","@id":"https:\/\/dicodusport.fr\/blog\/tour-down-under-femmes-le-numero-de-daniek-hengeveld-sur-la-1ere-etape\/#article","isPartOf":{"@id":"https:\/\/dicodusport.fr\/blog\/tour-down-under-femmes-le-numero-de-daniek-hengeveld-sur-la-1ere-etape\/"},"author":{"name":"Olivier Dobiezynski","@id":"https:\/\/dicodusport.fr\/blog\/#\/schema\/person\/fe500246414ca17ddf0c0312d7a792cc"},"headline":"Tour Down Under Femmes : Le num\u00e9ro de Daniek Hengeveld sur la 1\u00e8re \u00e9tape","datePublished":"2025-01-17T06:42:50+00:00","dateModified":"2025-01-17T19:18:56+00:00","mainEntityOfPage":{"@id":"https:\/\/dicodusport.fr\/blog\/tour-down-under-femmes-le-numero-de-daniek-hengeveld-sur-la-1ere-etape\/"},"wordCount":366,"commentCount":0,"publisher":{"@id":"https:\/\/dicodusport.fr\/blog\/#organization"},"image":{"@id":"https:\/\/dicodusport.fr\/blog\/tour-down-under-femmes-le-numero-de-daniek-hengeveld-sur-la-1ere-etape\/#primaryimage"},"thumbnailUrl":"https:\/\/dicodusport.fr\/blog\/wp-content\/uploads\/2025\/01\/Tour-Down-Under-Femmes-Le-numero-de-Daniek-Hengeveld-sur-la-1ere-etape.png","keywords":["Actualit\u00e9 Cyclisme","br\u00e8ve","FDJ-Suez"],"articleSection":["Cyclisme sur route"],"inLanguage":"fr-FR","potentialAction":[{"@type":"CommentAction","name":"Comment","target":["https:\/\/dicodusport.fr\/blog\/tour-down-under-femmes-le-numero-de-daniek-hengeveld-sur-la-1ere-etape\/#respond"]}],"copyrightYear":"2025","copyrightHolder":{"@id":"https:\/\/dicodusport.fr\/blog\/#organization"}},{"@type":"WebPage","@id":"https:\/\/dicodusport.fr\/blog\/tour-down-under-femmes-le-numero-de-daniek-hengeveld-sur-la-1ere-etape\/","url":"https:\/\/dicodusport.fr\/blog\/tour-down-under-femmes-le-numero-de-daniek-hengeveld-sur-la-1ere-etape\/","name":"Tour Down Under Femmes : Le num\u00e9ro de Daniek Hengeveld sur la 1\u00e8re \u00e9tape","isPartOf":{"@id":"https:\/\/dicodusport.fr\/blog\/#website"},"primaryImageOfPage":{"@id":"https:\/\/dicodusport.fr\/blog\/tour-down-under-femmes-le-numero-de-daniek-hengeveld-sur-la-1ere-etape\/#primaryimage"},"image":{"@id":"https:\/\/dicodusport.fr\/blog\/tour-down-under-femmes-le-numero-de-daniek-hengeveld-sur-la-1ere-etape\/#primaryimage"},"thumbnailUrl":"https:\/\/dicodusport.fr\/blog\/wp-content\/uploads\/2025\/01\/Tour-Down-Under-Femmes-Le-numero-de-Daniek-Hengeveld-sur-la-1ere-etape.png","datePublished":"2025-01-17T06:42:50+00:00","dateModified":"2025-01-17T19:18:56+00:00","description":"TOUR DOWN UNDER FEMMES 2025 - Apr\u00e8s un raid de 50 km, la N\u00e9erlandaise Daniek Hengeveld surprend les sprinteuses sur la premi\u00e8re \u00e9tape.","breadcrumb":{"@id":"https:\/\/dicodusport.fr\/blog\/tour-down-under-femmes-le-numero-de-daniek-hengeveld-sur-la-1ere-etape\/#breadcrumb"},"inLanguage":"fr-FR","potentialAction":[{"@type":"ReadAction","target":["https:\/\/dicodusport.fr\/blog\/tour-down-under-femmes-le-numero-de-daniek-hengeveld-sur-la-1ere-etape\/"]}]},{"@type":"ImageObject","inLanguage":"fr-FR","@id":"https:\/\/dicodusport.fr\/blog\/tour-down-under-femmes-le-numero-de-daniek-hengeveld-sur-la-1ere-etape\/#primaryimage","url":"https:\/\/dicodusport.fr\/blog\/wp-content\/uploads\/2025\/01\/Tour-Down-Under-Femmes-Le-numero-de-Daniek-Hengeveld-sur-la-1ere-etape.png","contentUrl":"https:\/\/dicodusport.fr\/blog\/wp-content\/uploads\/2025\/01\/Tour-Down-Under-Femmes-Le-numero-de-Daniek-Hengeveld-sur-la-1ere-etape.png","width":1200,"height":674,"caption":"Tour Down Under Femmes Le num\u00e9ro de Daniek Hengeveld sur la 1\u00e8re \u00e9tape"},{"@type":"BreadcrumbList","@id":"https:\/\/dicodusport.fr\/blog\/tour-down-under-femmes-le-numero-de-daniek-hengeveld-sur-la-1ere-etape\/#breadcrumb","itemListElement":[{"@type":"ListItem","position":1,"name":"Accueil","item":"https:\/\/dicodusport.fr\/blog\/"},{"@type":"ListItem","position":2,"name":"Tour Down Under Femmes : Le num\u00e9ro de Daniek Hengeveld sur la 1\u00e8re \u00e9tape"}]},{"@type":"WebSite","@id":"https:\/\/dicodusport.fr\/blog\/#website","url":"https:\/\/dicodusport.fr\/blog\/","name":"Dicodusport","description":"L&#039;encyclop\u00e9die de l&#039;actualit\u00e9 sportive","publisher":{"@id":"https:\/\/dicodusport.fr\/blog\/#organization"},"potentialAction":[{"@type":"SearchAction","target":{"@type":"EntryPoint","urlTemplate":"https:\/\/dicodusport.fr\/blog\/?s={search_term_string}"},"query-input":{"@type":"PropertyValueSpecification","valueRequired":true,"valueName":"search_term_string"}}],"inLanguage":"fr-FR"},{"@type":"NewsMediaOrganization","@id":"https:\/\/dicodusport.fr\/blog\/#organization","name":"Dicodusport","url":"https:\/\/dicodusport.fr\/blog\/","logo":{"@type":"ImageObject","inLanguage":"fr-FR","@id":"https:\/\/dicodusport.fr\/blog\/#\/schema\/logo\/image\/","url":"https:\/\/dicodusport.fr\/blog\/wp-content\/uploads\/2020\/06\/cropped-LOGO-DICODUSPORT-2020-SANS-FOND-SANS-TEXTE.png","contentUrl":"https:\/\/dicodusport.fr\/blog\/wp-content\/uploads\/2020\/06\/cropped-LOGO-DICODUSPORT-2020-SANS-FOND-SANS-TEXTE.png","width":512,"height":512,"caption":"Dicodusport"},"image":{"@id":"https:\/\/dicodusport.fr\/blog\/#\/schema\/logo\/image\/"},"sameAs":["https:\/\/www.facebook.com\/dicodusport","https:\/\/x.com\/dicodusport","https:\/\/www.instagram.com\/dicodusport\/","https:\/\/www.youtube.com\/channel\/UC7V2KZ5sd3htJivAbA4ZG3w"],"description":"Dicodusport est l'encyclop\u00e9die de l'actualit\u00e9 sportive.","email":"bonjour@dicodusport.fr","legalName":"DICODUSPORT","foundingDate":"2018-01-14","vatID":"FR71834470973","taxID":"83447097300043","numberOfEmployees":{"@type":"QuantitativeValue","minValue":"1","maxValue":"10"}},{"@type":"Person","@id":"https:\/\/dicodusport.fr\/blog\/#\/schema\/person\/fe500246414ca17ddf0c0312d7a792cc","name":"Olivier Dobiezynski","image":{"@type":"ImageObject","inLanguage":"fr-FR","@id":"https:\/\/dicodusport.fr\/blog\/#\/schema\/person\/image\/","url":"https:\/\/dicodusport.fr\/blog\/wp-content\/uploads\/2024\/09\/5be8fe8d-9962-4f1e-ad06-d6f9dee30e6d-150x150.jpg","contentUrl":"https:\/\/dicodusport.fr\/blog\/wp-content\/uploads\/2024\/09\/5be8fe8d-9962-4f1e-ad06-d6f9dee30e6d-150x150.jpg","caption":"Olivier Dobiezynski"},"description":"Depuis le milieu des ann\u00e9es 90, la passion du cyclisme m'anime. Mes h\u00e9ros s'appellent Luc Leblanc, Piotr Ugrumov, Paolo Savoldelli, Peter Sagan et bien \u00e9videmment Romain Bardet. R\u00e9dacteur depuis 2023, je suis ici pour partager cet amour de la Petite Reine. Vous pourrez me lire \u00e9galement sur du trail, du ski de fond et tout autre sujet susceptible d'\u00e9veiller ma curiosit\u00e9 sportive.","sameAs":["https:\/\/x.com\/https:\/\/x.com\/Olivier_Matros"],"url":"https:\/\/dicodusport.fr\/blog\/author\/olivier-gh\/"}]}},"_links":{"self":[{"href":"https:\/\/dicodusport.fr\/blog\/wp-json\/wp\/v2\/posts\/547153","targetHints":{"allow":["GET"]}}],"collection":[{"href":"https:\/\/dicodusport.fr\/blog\/wp-json\/wp\/v2\/posts"}],"about":[{"href":"https:\/\/dicodusport.fr\/blog\/wp-json\/wp\/v2\/types\/post"}],"author":[{"embeddable":true,"href":"https:\/\/dicodusport.fr\/blog\/wp-json\/wp\/v2\/users\/92"}],"replies":[{"embeddable":true,"href":"https:\/\/dicodusport.fr\/blog\/wp-json\/wp\/v2\/comments?post=547153"}],"version-history":[{"count":5,"href":"https:\/\/dicodusport.fr\/blog\/wp-json\/wp\/v2\/posts\/547153\/revisions"}],"predecessor-version":[{"id":547419,"href":"https:\/\/dicodusport.fr\/blog\/wp-json\/wp\/v2\/posts\/547153\/revisions\/547419"}],"wp:featuredmedia":[{"embeddable":true,"href":"https:\/\/dicodusport.fr\/blog\/wp-json\/wp\/v2\/media\/547165"}],"wp:attachment":[{"href":"https:\/\/dicodusport.fr\/blog\/wp-json\/wp\/v2\/media?parent=547153"}],"wp:term":[{"taxonomy":"category","embeddable":true,"href":"https:\/\/dicodusport.fr\/blog\/wp-json\/wp\/v2\/categories?post=547153"},{"taxonomy":"post_tag","embeddable":true,"href":"https:\/\/dicodusport.fr\/blog\/wp-json\/wp\/v2\/tags?post=547153"}],"curies":[{"name":"wp","href":"https:\/\/api.w.org\/{rel}","templated":true}]}}