{"id":547391,"date":"2025-01-19T15:57:37","date_gmt":"2025-01-19T14:57:37","guid":{"rendered":"https:\/\/dicodusport.fr\/blog\/?p=547391&#038;preview=true&#038;preview_id=547391"},"modified":"2025-01-19T15:57:18","modified_gmt":"2025-01-19T14:57:18","slug":"saracens-castres-chaine-tv-heure-et-compositions-des-equipes","status":"publish","type":"post","link":"https:\/\/dicodusport.fr\/blog\/saracens-castres-chaine-tv-heure-et-compositions-des-equipes\/","title":{"rendered":"Saracens-Castres : Cha\u00eene TV, heure et compositions des \u00e9quipes"},"content":{"rendered":"<h4 style=\"text-align: justify;\"><em>CHAMPIONS CUP 2024-2025 &#8211; \u00c0 quelle heure et sur quelle cha\u00eene TV suivre le match de Champions Cup entre les Saracens et le Castres Olympique ? Retrouvez \u00e9galement les compositions des deux \u00e9quipes.<\/em><\/h4>\n<ul style=\"text-align: justify;\">\n<li style=\"text-align: justify;\"><strong>\u00c0 ce sujet &#8211; <a href=\"https:\/\/dicodusport.fr\/blog\/calendrier-resultats-et-classement-rugby-champions-cup-2024-2025\/\">Calendrier, r\u00e9sultats et classement Rugby Champions Cup 2024-2025<\/a><\/strong><\/li>\n<\/ul>\n<p style=\"text-align: justify;\"><strong>Saracens-Castres<\/strong>, c&rsquo;est l&rsquo;une des affiches \u00e0 ne pas manquer de la 4\u00e8me et derni\u00e8re journ\u00e9e de la phase de poules de <strong>Champions Cup 2024-2025<\/strong>.<\/p>\n<p style=\"text-align: justify;\">S&rsquo;ils ont perdu leur lustre d&rsquo;antan, les <strong>Saracens<\/strong> restent une \u00e9quipe qui peut \u00eatre redoutable. Actuellement troisi\u00e8me de <strong>Premiership<\/strong> (34 points, 6 V\/4 D), le club anglais est en bonne position pour rallier les 8\u00e8mes de finale de <strong>Champions Cup<\/strong>. Les <em>Sarries<\/em> ont obtenu deux succ\u00e8s au mois de d\u00e9cembre, face aux Bulls (27-5), puis sur la pelouse du <strong>Stade Fran\u00e7ais<\/strong> (17-28). En revanche, le week-end dernier, les triples champions d&rsquo;Europe ont chut\u00e9 au <strong>Munster<\/strong> (17-12).<\/p>\n<p style=\"text-align: justify;\">Lors de la premi\u00e8re partie de saison, le <a href=\"https:\/\/dicodusport.fr\/blog\/transferts-castres-olympique-2025-arrivees-departs-et-prolongations\/\"><strong>Castres Olympique<\/strong><\/a> a souffl\u00e9 le chaud et le froid. Le club tarnais n&rsquo;occupe que la 8\u00e8me au <a href=\"https:\/\/dicodusport.fr\/blog\/classement-top-14-2024-2025\/\">classement de Top 14<\/a> (31 pts, 7 V\/7 D). Le CO reste toutefois sur un succ\u00e8s face \u00e0 Pau (24-19). En <strong>Champions Cup<\/strong>, les Castrais ont d&rsquo;abord \u00e9t\u00e9 lamin\u00e9s \u00e0<strong> Northampton<\/strong> (38-8), avant <a href=\"https:\/\/dicodusport.fr\/blog\/champions-cup-j2-dans-la-douleur-castres-soffre-le-munster\/\">de s&rsquo;offrir le <strong>Munster<\/strong> \u00e0 Pierre-Fabre (16-14)<\/a>. Le week-end dernier, <a href=\"https:\/\/dicodusport.fr\/blog\/champions-cup-j3-castres-fait-plier-les-bulls-et-sempare-du-bonus\/\"><strong>Castres<\/strong> a surclass\u00e9 les <strong>Blue Bulls<\/strong> (49-10)<\/a>. En cas de d\u00e9faite du Stade Fran\u00e7ais la veille, le CO serait assur\u00e9 de sortir des poules de la comp\u00e9tition, mettant fin \u00e0 une attente longue de 23 ans.<\/p>\n<p style=\"text-align: justify;\">Chez les bookmakers, les <strong>Saracens<\/strong> sont largement donn\u00e9s favoris pour la rencontre de ce dimanche. \u00c0 noter que les deux \u00e9quipes ne se sont jamais rencontr\u00e9es en match officiel.<\/p>\n<h2 style=\"text-align: justify;\">Saracens &#8211; Castres : \u00c0 quelle heure et sur quelle cha\u00eene TV suivre le match ?<\/h2>\n<p style=\"text-align: justify;\">Match \u00e0 suivre ce <strong>dimanche 19 janvier 2025 \u00e0 16h15<\/strong>, sur\u00a0<b>beIN SPORTS 3<\/b>.<\/p>\n<h2 style=\"text-align: justify;\">Les compositions de Saracens &#8211; Castres<\/h2>\n<h3 style=\"text-align: justify;\">La composition des Saracens<\/h3>\n<p style=\"text-align: justify;\"><strong>Le XV de d\u00e9part :<\/strong> 15. Daly\u00a0; 14. Elliott, 13. Lozowski, 12. Tompkins, 11. Segun\u00a0; 10. Burke, 9. Van Zyl\u00a0; 7. Earl, 8. Willis, 6. Gonzalez\u00a0; 5. Tizard\u00a0; 4. Itoje (cap)\u00a0; 3. Balmain, 2. Dan, 1. Mawi.<\/p>\n<p style=\"text-align: justify;\"><strong>Les rempla\u00e7ants\u00a0:<\/strong> 16. George, 17. Brantingham, 18. Riccioni, 19. Michelow, 20. Knight, 21. Simpson, 22. Hartley, 23, Hall.<\/p>\n<h3 style=\"text-align: justify;\">La composition de Castres<\/h3>\n<p style=\"text-align: justify;\"><strong>Le XV de d\u00e9part :<\/strong> 15. Chabouni ; 14. Hulleu, 13. S\u00e9guret (cap), 12. Cocagi, 11. Raisuqe ; 10. Le Brun, 9. Doubr\u00e8re ; 7. Meka, 8. Tukino, 6. Moore ; 5. Jedrasiak, 4. Maravat ; 3. Corato, 2. Colonna, 1. Gu\u00e9rois-Galisson.<\/p>\n<p style=\"text-align: justify;\"><strong>Les rempla\u00e7ants :<\/strong> 16. Zarantonello, 17. De Benedittis, 18. Azar, 19. Macurdy, 20. Peysson, 21. Arata, 22. Dupont, 23. Zeghdar.<\/p>\n<h2 style=\"text-align: justify;\">Les cotes de Saracens &#8211; Castres<\/h2>\n<table style=\"width: 800px;\">\n<tbody>\n<tr style=\"height: 16px;\">\n<td style=\"background-color: #404040; text-align: left; border-color: #ededed; width: 500px;\" colspan=\"3\"><span style=\"font-size: 12px; color: #ffffff;\">Dimanche 19 janvier 2025, 16h15<\/span><\/td>\n<\/tr>\n<tr style=\"height: 24px;\">\n<td style=\"background-color: #ffffff; border-color: #ededed; vertical-align: middle; text-align: center; width: 266px;\"><span style=\"font-size: 14px;\"><b>Saracens<br \/>\n<\/b><\/span><span style=\"font-size: 10px;\"><a href=\"https:\/\/www.winamax.fr\/paris-sportifs\/match\/52614781?banid=33423\" class=\"su-button su-button-style-flat su-button-wide\" style=\"color:#fff;background-color:#000;border-color:#000000;border-radius:5px\" target=\"_blank\" rel=\"noopener noreferrer\"><span style=\"color:#fff;padding:0px 20px;font-size:16px;line-height:32px;border-color:#4d4d4d;border-radius:5px;text-shadow:none\"> &#8211;<\/span><\/a><\/span><\/td>\n<td style=\"background-color: #ffffff; border-color: #ededed; vertical-align: middle; text-align: center; width: 266px;\"><span style=\"font-size: 10px;\"><span style=\"font-size: 14px;\"><strong>Match nul<\/strong><\/span><br \/>\n<a href=\"https:\/\/www.winamax.fr\/paris-sportifs\/match\/52614781?banid=33423\" class=\"su-button su-button-style-flat su-button-wide\" style=\"color:#fff;background-color:#000;border-color:#000000;border-radius:5px\" target=\"_blank\" rel=\"noopener noreferrer\"><span style=\"color:#fff;padding:0px 20px;font-size:16px;line-height:32px;border-color:#4d4d4d;border-radius:5px;text-shadow:none\"> 38<\/span><\/a><\/span><\/td>\n<td style=\"background-color: #ffffff; border-color: #ededed; vertical-align: middle; text-align: center; width: 266px;\"><span style=\"font-size: 10px;\"><span style=\"font-size: 14px;\"><b>Castres<\/b><\/span><br \/>\n<a href=\"https:\/\/www.winamax.fr\/paris-sportifs\/match\/52614781?banid=33423\" class=\"su-button su-button-style-flat su-button-wide\" style=\"color:#fff;background-color:#000;border-color:#000000;border-radius:5px\" target=\"_blank\" rel=\"noopener noreferrer\"><span style=\"color:#fff;padding:0px 20px;font-size:16px;line-height:32px;border-color:#4d4d4d;border-radius:5px;text-shadow:none\"> 10<\/span><\/a><\/span><\/td>\n<\/tr>\n<\/tbody>\n<\/table>\n<p style=\"text-align: justify;\">Tentez votre chance en profitant de votre <a href=\"https:\/\/www.winamax.fr\/registration\/landing\/affiliation_Bonus100?banid=33423\">1er d\u00e9p\u00f4t doubl\u00e9 jusqu&rsquo;\u00e0 100 \u20ac<\/a> direct en paris gratuits sur Winamax !<\/p>\n<p style=\"text-align: justify;\">\n","protected":false},"excerpt":{"rendered":"<p>CHAMPIONS CUP 2024-2025 &#8211; \u00c0 quelle heure et sur quelle cha\u00eene TV suivre le match de Champions Cup entre les Saracens et le Castres Olympique ? Retrouvez \u00e9galement les compositions des deux \u00e9quipes.<\/p>\n","protected":false},"author":4,"featured_media":547397,"comment_status":"open","ping_status":"closed","sticky":false,"template":"","format":"standard","meta":{"_acf_changed":false,"_daextam_enable_autolinks":"1","footnotes":""},"categories":[47051,9129],"tags":[16878,4885,2823,9173],"class_list":["post-547391","post","type-post","status-publish","format-standard","has-post-thumbnail","hentry","category-champions-cup","category-rugby-a-xv","tag-breve","tag-castres-olympique","tag-champions-cup","tag-saracens"],"acf":[],"yoast_head":"<!-- This site is optimized with the Yoast SEO Premium plugin v26.7 (Yoast SEO v26.7) - https:\/\/yoast.com\/wordpress\/plugins\/seo\/ -->\n<title>Saracens-Castres : Cha\u00eene TV, heure et compositions des \u00e9quipes<\/title>\n<meta name=\"description\" content=\"CHAMPIONS CUP 2024-2025 - \u00c0 quelle heure et sur quelle cha\u00eene TV suivre le match de Champions Cup entre les Saracens et le Castres Olympique ?\" \/>\n<meta name=\"robots\" content=\"index, follow, max-snippet:-1, max-image-preview:large, max-video-preview:-1\" \/>\n<link rel=\"canonical\" href=\"https:\/\/dicodusport.fr\/blog\/saracens-castres-chaine-tv-heure-et-compositions-des-equipes\/\" \/>\n<meta property=\"og:locale\" content=\"fr_FR\" \/>\n<meta property=\"og:type\" content=\"article\" \/>\n<meta property=\"og:title\" content=\"Saracens-Castres : Cha\u00eene TV, heure et compositions des \u00e9quipes\" \/>\n<meta property=\"og:description\" content=\"CHAMPIONS CUP 2024-2025 - \u00c0 quelle heure et sur quelle cha\u00eene TV suivre le match de Champions Cup entre les Saracens et le Castres Olympique ?\" \/>\n<meta property=\"og:url\" content=\"https:\/\/dicodusport.fr\/blog\/saracens-castres-chaine-tv-heure-et-compositions-des-equipes\/\" \/>\n<meta property=\"og:site_name\" content=\"Dicodusport\" \/>\n<meta property=\"article:publisher\" content=\"https:\/\/www.facebook.com\/dicodusport\" \/>\n<meta property=\"article:author\" content=\"https:\/\/www.facebook.com\/florent.ostermann\" \/>\n<meta property=\"article:published_time\" content=\"2025-01-19T14:57:37+00:00\" \/>\n<meta property=\"og:image\" content=\"https:\/\/dicodusport.fr\/blog\/wp-content\/uploads\/2025\/01\/Saracens-Castres-Chaine-TV-heure-et-compositions-des-equipes.png\" \/>\n\t<meta property=\"og:image:width\" content=\"1200\" \/>\n\t<meta property=\"og:image:height\" content=\"674\" \/>\n\t<meta property=\"og:image:type\" content=\"image\/png\" \/>\n<meta name=\"author\" content=\"Flo Ostermann\" \/>\n<meta name=\"twitter:card\" content=\"summary_large_image\" \/>\n<meta name=\"twitter:title\" content=\"Saracens-Castres : Cha\u00eene TV, heure et compositions des \u00e9quipes\" \/>\n<meta name=\"twitter:creator\" content=\"@https:\/\/twitter.com\/FlOstermann\" \/>\n<meta name=\"twitter:site\" content=\"@dicodusport\" \/>\n<script type=\"application\/ld+json\" class=\"yoast-schema-graph\">{\"@context\":\"https:\/\/schema.org\",\"@graph\":[{\"@type\":\"NewsArticle\",\"@id\":\"https:\/\/dicodusport.fr\/blog\/saracens-castres-chaine-tv-heure-et-compositions-des-equipes\/#article\",\"isPartOf\":{\"@id\":\"https:\/\/dicodusport.fr\/blog\/saracens-castres-chaine-tv-heure-et-compositions-des-equipes\/\"},\"author\":{\"name\":\"Flo Ostermann\",\"@id\":\"https:\/\/dicodusport.fr\/blog\/#\/schema\/person\/cb02af4c173ce4a653b55e9baf388d4a\"},\"headline\":\"Saracens-Castres : Cha\u00eene TV, heure et compositions des \u00e9quipes\",\"datePublished\":\"2025-01-19T14:57:37+00:00\",\"mainEntityOfPage\":{\"@id\":\"https:\/\/dicodusport.fr\/blog\/saracens-castres-chaine-tv-heure-et-compositions-des-equipes\/\"},\"wordCount\":505,\"commentCount\":0,\"publisher\":{\"@id\":\"https:\/\/dicodusport.fr\/blog\/#organization\"},\"image\":{\"@id\":\"https:\/\/dicodusport.fr\/blog\/saracens-castres-chaine-tv-heure-et-compositions-des-equipes\/#primaryimage\"},\"thumbnailUrl\":\"https:\/\/dicodusport.fr\/blog\/wp-content\/uploads\/2025\/01\/Saracens-Castres-Chaine-TV-heure-et-compositions-des-equipes.png\",\"keywords\":[\"br\u00e8ve\",\"Castres Olympique\",\"Champions Cup\",\"Saracens\"],\"articleSection\":[\"Champions Cup\",\"Rugby \u00e0 XV\"],\"inLanguage\":\"fr-FR\",\"potentialAction\":[{\"@type\":\"CommentAction\",\"name\":\"Comment\",\"target\":[\"https:\/\/dicodusport.fr\/blog\/saracens-castres-chaine-tv-heure-et-compositions-des-equipes\/#respond\"]}],\"copyrightYear\":\"2025\",\"copyrightHolder\":{\"@id\":\"https:\/\/dicodusport.fr\/blog\/#organization\"}},{\"@type\":\"WebPage\",\"@id\":\"https:\/\/dicodusport.fr\/blog\/saracens-castres-chaine-tv-heure-et-compositions-des-equipes\/\",\"url\":\"https:\/\/dicodusport.fr\/blog\/saracens-castres-chaine-tv-heure-et-compositions-des-equipes\/\",\"name\":\"Saracens-Castres : Cha\u00eene TV, heure et compositions des \u00e9quipes\",\"isPartOf\":{\"@id\":\"https:\/\/dicodusport.fr\/blog\/#website\"},\"primaryImageOfPage\":{\"@id\":\"https:\/\/dicodusport.fr\/blog\/saracens-castres-chaine-tv-heure-et-compositions-des-equipes\/#primaryimage\"},\"image\":{\"@id\":\"https:\/\/dicodusport.fr\/blog\/saracens-castres-chaine-tv-heure-et-compositions-des-equipes\/#primaryimage\"},\"thumbnailUrl\":\"https:\/\/dicodusport.fr\/blog\/wp-content\/uploads\/2025\/01\/Saracens-Castres-Chaine-TV-heure-et-compositions-des-equipes.png\",\"datePublished\":\"2025-01-19T14:57:37+00:00\",\"description\":\"CHAMPIONS CUP 2024-2025 - \u00c0 quelle heure et sur quelle cha\u00eene TV suivre le match de Champions Cup entre les Saracens et le Castres Olympique ?\",\"breadcrumb\":{\"@id\":\"https:\/\/dicodusport.fr\/blog\/saracens-castres-chaine-tv-heure-et-compositions-des-equipes\/#breadcrumb\"},\"inLanguage\":\"fr-FR\",\"potentialAction\":[{\"@type\":\"ReadAction\",\"target\":[\"https:\/\/dicodusport.fr\/blog\/saracens-castres-chaine-tv-heure-et-compositions-des-equipes\/\"]}]},{\"@type\":\"ImageObject\",\"inLanguage\":\"fr-FR\",\"@id\":\"https:\/\/dicodusport.fr\/blog\/saracens-castres-chaine-tv-heure-et-compositions-des-equipes\/#primaryimage\",\"url\":\"https:\/\/dicodusport.fr\/blog\/wp-content\/uploads\/2025\/01\/Saracens-Castres-Chaine-TV-heure-et-compositions-des-equipes.png\",\"contentUrl\":\"https:\/\/dicodusport.fr\/blog\/wp-content\/uploads\/2025\/01\/Saracens-Castres-Chaine-TV-heure-et-compositions-des-equipes.png\",\"width\":1200,\"height\":674,\"caption\":\"Saracens-Castres Cha\u00eene TV, heure et compositions des \u00e9quipes\"},{\"@type\":\"BreadcrumbList\",\"@id\":\"https:\/\/dicodusport.fr\/blog\/saracens-castres-chaine-tv-heure-et-compositions-des-equipes\/#breadcrumb\",\"itemListElement\":[{\"@type\":\"ListItem\",\"position\":1,\"name\":\"Accueil\",\"item\":\"https:\/\/dicodusport.fr\/blog\/\"},{\"@type\":\"ListItem\",\"position\":2,\"name\":\"Saracens-Castres : Cha\u00eene TV, heure et compositions des \u00e9quipes\"}]},{\"@type\":\"WebSite\",\"@id\":\"https:\/\/dicodusport.fr\/blog\/#website\",\"url\":\"https:\/\/dicodusport.fr\/blog\/\",\"name\":\"Dicodusport\",\"description\":\"L&#039;encyclop\u00e9die de l&#039;actualit\u00e9 sportive\",\"publisher\":{\"@id\":\"https:\/\/dicodusport.fr\/blog\/#organization\"},\"potentialAction\":[{\"@type\":\"SearchAction\",\"target\":{\"@type\":\"EntryPoint\",\"urlTemplate\":\"https:\/\/dicodusport.fr\/blog\/?s={search_term_string}\"},\"query-input\":{\"@type\":\"PropertyValueSpecification\",\"valueRequired\":true,\"valueName\":\"search_term_string\"}}],\"inLanguage\":\"fr-FR\"},{\"@type\":\"NewsMediaOrganization\",\"@id\":\"https:\/\/dicodusport.fr\/blog\/#organization\",\"name\":\"Dicodusport\",\"url\":\"https:\/\/dicodusport.fr\/blog\/\",\"logo\":{\"@type\":\"ImageObject\",\"inLanguage\":\"fr-FR\",\"@id\":\"https:\/\/dicodusport.fr\/blog\/#\/schema\/logo\/image\/\",\"url\":\"https:\/\/dicodusport.fr\/blog\/wp-content\/uploads\/2020\/06\/cropped-LOGO-DICODUSPORT-2020-SANS-FOND-SANS-TEXTE.png\",\"contentUrl\":\"https:\/\/dicodusport.fr\/blog\/wp-content\/uploads\/2020\/06\/cropped-LOGO-DICODUSPORT-2020-SANS-FOND-SANS-TEXTE.png\",\"width\":512,\"height\":512,\"caption\":\"Dicodusport\"},\"image\":{\"@id\":\"https:\/\/dicodusport.fr\/blog\/#\/schema\/logo\/image\/\"},\"sameAs\":[\"https:\/\/www.facebook.com\/dicodusport\",\"https:\/\/x.com\/dicodusport\",\"https:\/\/www.instagram.com\/dicodusport\/\",\"https:\/\/www.youtube.com\/channel\/UC7V2KZ5sd3htJivAbA4ZG3w\"],\"description\":\"Dicodusport est l'encyclop\u00e9die de l'actualit\u00e9 sportive.\",\"email\":\"bonjour@dicodusport.fr\",\"legalName\":\"DICODUSPORT\",\"foundingDate\":\"2018-01-14\",\"vatID\":\"FR71834470973\",\"taxID\":\"83447097300043\",\"numberOfEmployees\":{\"@type\":\"QuantitativeValue\",\"minValue\":\"1\",\"maxValue\":\"10\"}},{\"@type\":\"Person\",\"@id\":\"https:\/\/dicodusport.fr\/blog\/#\/schema\/person\/cb02af4c173ce4a653b55e9baf388d4a\",\"name\":\"Flo Ostermann\",\"image\":{\"@type\":\"ImageObject\",\"inLanguage\":\"fr-FR\",\"@id\":\"https:\/\/dicodusport.fr\/blog\/#\/schema\/person\/image\/\",\"url\":\"https:\/\/dicodusport.fr\/blog\/wp-content\/uploads\/2021\/05\/Flo-Ostermann-150x150.jpg\",\"contentUrl\":\"https:\/\/dicodusport.fr\/blog\/wp-content\/uploads\/2021\/05\/Flo-Ostermann-150x150.jpg\",\"caption\":\"Flo Ostermann\"},\"description\":\"Journaliste\/R\u00e9dacteur depuis septembre 2015 - Mes premiers souvenirs dans le sport ? Les envol\u00e9es du Stade Toulousain et les duels Villeneuve-Schumacher et H\u00e4kkinen-Schumacher \u00e0 la fin des ann\u00e9es 90, la Coupe du monde de football en 1998, l\u2019exploit du XV de France face aux All Blacks en 1999, mais aussi Richard C\u0153ur de Lion qui vole sur les montagnes du Tour de France. Bien parti pour devenir professeur d\u2019EPS, les \u00e9v\u00e9nements de la vie (et la flemme d\u2019animer des s\u00e9ances de 3x500 m\u00e8tres toute ma vie) m\u2019ont conduit \u00e0 revoir mes plans. Me voil\u00e0 depuis fin 2017 sur Dicodusport, m\u00e9dia gr\u00e2ce (et pour) lequel je partage ma passion : le sport dans tous ses \u00e9tats. Le tout accompagn\u00e9 par les fous furieux et folles furieuses cit\u00e9s sur cette page !\",\"sameAs\":[\"https:\/\/www.facebook.com\/florent.ostermann\",\"https:\/\/x.com\/https:\/\/twitter.com\/FlOstermann\",\"admin\"],\"url\":\"https:\/\/dicodusport.fr\/blog\/author\/flo\/\"}]}<\/script>\n<!-- \/ Yoast SEO Premium plugin. -->","yoast_head_json":{"title":"Saracens-Castres : Cha\u00eene TV, heure et compositions des \u00e9quipes","description":"CHAMPIONS CUP 2024-2025 - \u00c0 quelle heure et sur quelle cha\u00eene TV suivre le match de Champions Cup entre les Saracens et le Castres Olympique ?","robots":{"index":"index","follow":"follow","max-snippet":"max-snippet:-1","max-image-preview":"max-image-preview:large","max-video-preview":"max-video-preview:-1"},"canonical":"https:\/\/dicodusport.fr\/blog\/saracens-castres-chaine-tv-heure-et-compositions-des-equipes\/","og_locale":"fr_FR","og_type":"article","og_title":"Saracens-Castres : Cha\u00eene TV, heure et compositions des \u00e9quipes","og_description":"CHAMPIONS CUP 2024-2025 - \u00c0 quelle heure et sur quelle cha\u00eene TV suivre le match de Champions Cup entre les Saracens et le Castres Olympique ?","og_url":"https:\/\/dicodusport.fr\/blog\/saracens-castres-chaine-tv-heure-et-compositions-des-equipes\/","og_site_name":"Dicodusport","article_publisher":"https:\/\/www.facebook.com\/dicodusport","article_author":"https:\/\/www.facebook.com\/florent.ostermann","article_published_time":"2025-01-19T14:57:37+00:00","og_image":[{"width":1200,"height":674,"url":"https:\/\/dicodusport.fr\/blog\/wp-content\/uploads\/2025\/01\/Saracens-Castres-Chaine-TV-heure-et-compositions-des-equipes.png","type":"image\/png"}],"author":"Flo Ostermann","twitter_card":"summary_large_image","twitter_title":"Saracens-Castres : Cha\u00eene TV, heure et compositions des \u00e9quipes","twitter_creator":"@https:\/\/twitter.com\/FlOstermann","twitter_site":"@dicodusport","schema":{"@context":"https:\/\/schema.org","@graph":[{"@type":"NewsArticle","@id":"https:\/\/dicodusport.fr\/blog\/saracens-castres-chaine-tv-heure-et-compositions-des-equipes\/#article","isPartOf":{"@id":"https:\/\/dicodusport.fr\/blog\/saracens-castres-chaine-tv-heure-et-compositions-des-equipes\/"},"author":{"name":"Flo Ostermann","@id":"https:\/\/dicodusport.fr\/blog\/#\/schema\/person\/cb02af4c173ce4a653b55e9baf388d4a"},"headline":"Saracens-Castres : Cha\u00eene TV, heure et compositions des \u00e9quipes","datePublished":"2025-01-19T14:57:37+00:00","mainEntityOfPage":{"@id":"https:\/\/dicodusport.fr\/blog\/saracens-castres-chaine-tv-heure-et-compositions-des-equipes\/"},"wordCount":505,"commentCount":0,"publisher":{"@id":"https:\/\/dicodusport.fr\/blog\/#organization"},"image":{"@id":"https:\/\/dicodusport.fr\/blog\/saracens-castres-chaine-tv-heure-et-compositions-des-equipes\/#primaryimage"},"thumbnailUrl":"https:\/\/dicodusport.fr\/blog\/wp-content\/uploads\/2025\/01\/Saracens-Castres-Chaine-TV-heure-et-compositions-des-equipes.png","keywords":["br\u00e8ve","Castres Olympique","Champions Cup","Saracens"],"articleSection":["Champions Cup","Rugby \u00e0 XV"],"inLanguage":"fr-FR","potentialAction":[{"@type":"CommentAction","name":"Comment","target":["https:\/\/dicodusport.fr\/blog\/saracens-castres-chaine-tv-heure-et-compositions-des-equipes\/#respond"]}],"copyrightYear":"2025","copyrightHolder":{"@id":"https:\/\/dicodusport.fr\/blog\/#organization"}},{"@type":"WebPage","@id":"https:\/\/dicodusport.fr\/blog\/saracens-castres-chaine-tv-heure-et-compositions-des-equipes\/","url":"https:\/\/dicodusport.fr\/blog\/saracens-castres-chaine-tv-heure-et-compositions-des-equipes\/","name":"Saracens-Castres : Cha\u00eene TV, heure et compositions des \u00e9quipes","isPartOf":{"@id":"https:\/\/dicodusport.fr\/blog\/#website"},"primaryImageOfPage":{"@id":"https:\/\/dicodusport.fr\/blog\/saracens-castres-chaine-tv-heure-et-compositions-des-equipes\/#primaryimage"},"image":{"@id":"https:\/\/dicodusport.fr\/blog\/saracens-castres-chaine-tv-heure-et-compositions-des-equipes\/#primaryimage"},"thumbnailUrl":"https:\/\/dicodusport.fr\/blog\/wp-content\/uploads\/2025\/01\/Saracens-Castres-Chaine-TV-heure-et-compositions-des-equipes.png","datePublished":"2025-01-19T14:57:37+00:00","description":"CHAMPIONS CUP 2024-2025 - \u00c0 quelle heure et sur quelle cha\u00eene TV suivre le match de Champions Cup entre les Saracens et le Castres Olympique ?","breadcrumb":{"@id":"https:\/\/dicodusport.fr\/blog\/saracens-castres-chaine-tv-heure-et-compositions-des-equipes\/#breadcrumb"},"inLanguage":"fr-FR","potentialAction":[{"@type":"ReadAction","target":["https:\/\/dicodusport.fr\/blog\/saracens-castres-chaine-tv-heure-et-compositions-des-equipes\/"]}]},{"@type":"ImageObject","inLanguage":"fr-FR","@id":"https:\/\/dicodusport.fr\/blog\/saracens-castres-chaine-tv-heure-et-compositions-des-equipes\/#primaryimage","url":"https:\/\/dicodusport.fr\/blog\/wp-content\/uploads\/2025\/01\/Saracens-Castres-Chaine-TV-heure-et-compositions-des-equipes.png","contentUrl":"https:\/\/dicodusport.fr\/blog\/wp-content\/uploads\/2025\/01\/Saracens-Castres-Chaine-TV-heure-et-compositions-des-equipes.png","width":1200,"height":674,"caption":"Saracens-Castres Cha\u00eene TV, heure et compositions des \u00e9quipes"},{"@type":"BreadcrumbList","@id":"https:\/\/dicodusport.fr\/blog\/saracens-castres-chaine-tv-heure-et-compositions-des-equipes\/#breadcrumb","itemListElement":[{"@type":"ListItem","position":1,"name":"Accueil","item":"https:\/\/dicodusport.fr\/blog\/"},{"@type":"ListItem","position":2,"name":"Saracens-Castres : Cha\u00eene TV, heure et compositions des \u00e9quipes"}]},{"@type":"WebSite","@id":"https:\/\/dicodusport.fr\/blog\/#website","url":"https:\/\/dicodusport.fr\/blog\/","name":"Dicodusport","description":"L&#039;encyclop\u00e9die de l&#039;actualit\u00e9 sportive","publisher":{"@id":"https:\/\/dicodusport.fr\/blog\/#organization"},"potentialAction":[{"@type":"SearchAction","target":{"@type":"EntryPoint","urlTemplate":"https:\/\/dicodusport.fr\/blog\/?s={search_term_string}"},"query-input":{"@type":"PropertyValueSpecification","valueRequired":true,"valueName":"search_term_string"}}],"inLanguage":"fr-FR"},{"@type":"NewsMediaOrganization","@id":"https:\/\/dicodusport.fr\/blog\/#organization","name":"Dicodusport","url":"https:\/\/dicodusport.fr\/blog\/","logo":{"@type":"ImageObject","inLanguage":"fr-FR","@id":"https:\/\/dicodusport.fr\/blog\/#\/schema\/logo\/image\/","url":"https:\/\/dicodusport.fr\/blog\/wp-content\/uploads\/2020\/06\/cropped-LOGO-DICODUSPORT-2020-SANS-FOND-SANS-TEXTE.png","contentUrl":"https:\/\/dicodusport.fr\/blog\/wp-content\/uploads\/2020\/06\/cropped-LOGO-DICODUSPORT-2020-SANS-FOND-SANS-TEXTE.png","width":512,"height":512,"caption":"Dicodusport"},"image":{"@id":"https:\/\/dicodusport.fr\/blog\/#\/schema\/logo\/image\/"},"sameAs":["https:\/\/www.facebook.com\/dicodusport","https:\/\/x.com\/dicodusport","https:\/\/www.instagram.com\/dicodusport\/","https:\/\/www.youtube.com\/channel\/UC7V2KZ5sd3htJivAbA4ZG3w"],"description":"Dicodusport est l'encyclop\u00e9die de l'actualit\u00e9 sportive.","email":"bonjour@dicodusport.fr","legalName":"DICODUSPORT","foundingDate":"2018-01-14","vatID":"FR71834470973","taxID":"83447097300043","numberOfEmployees":{"@type":"QuantitativeValue","minValue":"1","maxValue":"10"}},{"@type":"Person","@id":"https:\/\/dicodusport.fr\/blog\/#\/schema\/person\/cb02af4c173ce4a653b55e9baf388d4a","name":"Flo Ostermann","image":{"@type":"ImageObject","inLanguage":"fr-FR","@id":"https:\/\/dicodusport.fr\/blog\/#\/schema\/person\/image\/","url":"https:\/\/dicodusport.fr\/blog\/wp-content\/uploads\/2021\/05\/Flo-Ostermann-150x150.jpg","contentUrl":"https:\/\/dicodusport.fr\/blog\/wp-content\/uploads\/2021\/05\/Flo-Ostermann-150x150.jpg","caption":"Flo Ostermann"},"description":"Journaliste\/R\u00e9dacteur depuis septembre 2015 - Mes premiers souvenirs dans le sport ? Les envol\u00e9es du Stade Toulousain et les duels Villeneuve-Schumacher et H\u00e4kkinen-Schumacher \u00e0 la fin des ann\u00e9es 90, la Coupe du monde de football en 1998, l\u2019exploit du XV de France face aux All Blacks en 1999, mais aussi Richard C\u0153ur de Lion qui vole sur les montagnes du Tour de France. Bien parti pour devenir professeur d\u2019EPS, les \u00e9v\u00e9nements de la vie (et la flemme d\u2019animer des s\u00e9ances de 3x500 m\u00e8tres toute ma vie) m\u2019ont conduit \u00e0 revoir mes plans. Me voil\u00e0 depuis fin 2017 sur Dicodusport, m\u00e9dia gr\u00e2ce (et pour) lequel je partage ma passion : le sport dans tous ses \u00e9tats. Le tout accompagn\u00e9 par les fous furieux et folles furieuses cit\u00e9s sur cette page !","sameAs":["https:\/\/www.facebook.com\/florent.ostermann","https:\/\/x.com\/https:\/\/twitter.com\/FlOstermann","admin"],"url":"https:\/\/dicodusport.fr\/blog\/author\/flo\/"}]}},"_links":{"self":[{"href":"https:\/\/dicodusport.fr\/blog\/wp-json\/wp\/v2\/posts\/547391","targetHints":{"allow":["GET"]}}],"collection":[{"href":"https:\/\/dicodusport.fr\/blog\/wp-json\/wp\/v2\/posts"}],"about":[{"href":"https:\/\/dicodusport.fr\/blog\/wp-json\/wp\/v2\/types\/post"}],"author":[{"embeddable":true,"href":"https:\/\/dicodusport.fr\/blog\/wp-json\/wp\/v2\/users\/4"}],"replies":[{"embeddable":true,"href":"https:\/\/dicodusport.fr\/blog\/wp-json\/wp\/v2\/comments?post=547391"}],"version-history":[{"count":5,"href":"https:\/\/dicodusport.fr\/blog\/wp-json\/wp\/v2\/posts\/547391\/revisions"}],"predecessor-version":[{"id":548122,"href":"https:\/\/dicodusport.fr\/blog\/wp-json\/wp\/v2\/posts\/547391\/revisions\/548122"}],"wp:featuredmedia":[{"embeddable":true,"href":"https:\/\/dicodusport.fr\/blog\/wp-json\/wp\/v2\/media\/547397"}],"wp:attachment":[{"href":"https:\/\/dicodusport.fr\/blog\/wp-json\/wp\/v2\/media?parent=547391"}],"wp:term":[{"taxonomy":"category","embeddable":true,"href":"https:\/\/dicodusport.fr\/blog\/wp-json\/wp\/v2\/categories?post=547391"},{"taxonomy":"post_tag","embeddable":true,"href":"https:\/\/dicodusport.fr\/blog\/wp-json\/wp\/v2\/tags?post=547391"}],"curies":[{"name":"wp","href":"https:\/\/api.w.org\/{rel}","templated":true}]}}