{"id":54741,"date":"2019-12-10T13:32:00","date_gmt":"2019-12-10T12:32:00","guid":{"rendered":"http:\/\/dicodusport.fr\/blog\/?p=54741"},"modified":"2019-12-10T18:23:59","modified_gmt":"2019-12-10T17:23:59","slug":"luka-doncic-phenomene-slovene-qui-seduit-la-planete-basket","status":"publish","type":"post","link":"https:\/\/dicodusport.fr\/blog\/luka-doncic-phenomene-slovene-qui-seduit-la-planete-basket\/","title":{"rendered":"Luka Doncic, ph\u00e9nom\u00e8ne slov\u00e8ne qui s\u00e9duit la plan\u00e8te basket"},"content":{"rendered":"<p><em><strong>Apr\u00e8s une premi\u00e8re saison o\u00f9 Luka Doncic a \u00e9t\u00e9 \u00e9lu rookie de l\u2019ann\u00e9e, le meneur des Mavs conna\u00eet une deuxi\u00e8me saison en NBA pour l\u2019instant fructueuse. Le Slov\u00e8ne encha\u00eene les bonnes performances et les records. Vivement la suite.<\/strong><\/em><\/p>\n<h2 style=\"text-align: justify;\">Trade mythique, masterclass<\/h2>\n<p style=\"text-align: justify;\">Revenons \u00e0 la <strong>Draft 2018<\/strong>\u00a0: un jeune slov\u00e8ne, <a href=\"https:\/\/www.espn.com\/nba\/player\/_\/id\/3945274\/luka-doncic\" target=\"_blank\" rel=\"noopener\"><strong>Luka Doncic<\/strong><\/a>, m\u00eame pas 20 ans \u00e9crase tout sur son passage en <strong>Euroligue<\/strong> avec le <strong>Real Madrid<\/strong>. Une saison compl\u00e8te pour un si jeune basketteur qui travaille ses gammes en Europe avant d\u2019aller exploser dans le meilleur championnat au monde, la <strong>NBA<\/strong>. Draft\u00e9 \u00e0 la 3<sup>\u00e8me\u00a0<\/sup>position par les <strong>Atlanta Hawks<\/strong>, <strong>Doncic<\/strong> se retrouva dans un \u00e9change avec <strong>Trae Young<\/strong>, draft\u00e9 en 5<sup>\u00e8me\u00a0<\/sup>position. L\u2019avenir dira que cet \u00e9change restera grav\u00e9 dans les m\u00e9moires, tant les performances des deux meneurs sont \u00e9normes par la suite.<\/p>\n<div id=\"attachment_54748\" style=\"width: 929px\" class=\"wp-caption aligncenter\"><img loading=\"lazy\" decoding=\"async\" aria-describedby=\"caption-attachment-54748\" class=\" wp-image-54748\" src=\"http:\/\/dicodusport.fr\/blog\/wp-content\/uploads\/2019\/12\/Doncic.jpeg\" alt=\"\" width=\"919\" height=\"517\" srcset=\"https:\/\/dicodusport.fr\/blog\/wp-content\/uploads\/2019\/12\/Doncic.jpeg 1296w, https:\/\/dicodusport.fr\/blog\/wp-content\/uploads\/2019\/12\/Doncic-300x169.jpeg 300w, https:\/\/dicodusport.fr\/blog\/wp-content\/uploads\/2019\/12\/Doncic-768x432.jpeg 768w, https:\/\/dicodusport.fr\/blog\/wp-content\/uploads\/2019\/12\/Doncic-1024x576.jpeg 1024w\" sizes=\"auto, (max-width: 919px) 100vw, 919px\" \/><p id=\"caption-attachment-54748\" class=\"wp-caption-text\">Dallas aura r\u00e9ussi son coup avec l&rsquo;\u00e9change Doncic-Young &#8211; ESPN<\/p><\/div>\n<p style=\"text-align: justify;\">La saison suivante ne sera que confirmation pour <strong>Luka Doncic<\/strong>\u00a0: Rookie de l\u2019ann\u00e9e, explosion aux yeux de la <strong>NBA<\/strong> dans une \u00e9quipe de <strong>Dallas<\/strong> qu\u2019il maintiendra quasi seul \u00e0 flot, devient le plus jeune joueur de <strong>NBA<\/strong> \u00e0 r\u00e9aliser un triple-double \u00e0 plus de 30 points, records en pagaille \u2026 tout sourit au ph\u00e9nom\u00e8ne slov\u00e8ne. Sa non-s\u00e9lection pour le <strong>All Star Game<\/strong> restera sa petite touche d\u2019amertume sur la saison 2019.<\/p>\n<h2 style=\"text-align: justify;\">2019\/2020 (presque) au-dessus des attentes, quoique\u2026<\/h2>\n<p style=\"text-align: justify;\">En ce d\u00e9but d\u00e9cembre, <strong>Doncic<\/strong> a c\u00f4toy\u00e9 les \u00e9toiles en termes de statistiques\u00a0: il est le premier joueur, devant <strong>Michael Jordan<\/strong>, \u00e0 encha\u00eener 19 matchs \u00e0 20 points-5 rebonds-5 passes. Une performance stratosph\u00e9rique quand on observe les matchs du jeune Mavs, mieux entour\u00e9 cette saison avec la pr\u00e9sence de <strong>Porzingis<\/strong>. \u00c0 20 ans, <strong>Doncic<\/strong> fr\u00f4le en ce moment le triple-double de moyenne (30,1 pts \u2013 10 rebonds \u2013 9,2 passes d\u00e9cisives) avec 61,7% de r\u00e9ussite au shoot \u2026<\/p>\n<p style=\"text-align: justify;\">De quoi attirer les compliments des meilleurs, dont <strong>Steve Nash<\/strong>\u00a0: <em>\u00ab\u00a0Je pense qu\u2019il est le meilleur des joueurs de 20 ans que la ligue ait jamais connu [\u2026] Je ne pense pas que Lebron \u00e9tait autant d\u00e9velopp\u00e9 que Luka \u00e0 20 ans\u00a0\u00bb<\/em>. <strong>Doncic<\/strong> atteint donc un niveau de pr\u00e9cocit\u00e9 jamais vu en <strong>NBA<\/strong>. S\u2019il n\u2019a pas la domination physique que pouvait avoir <strong>Lebron James<\/strong>, ses stats parlent pour lui.<\/p>\n<blockquote class=\"twitter-tweet\">\n<p dir=\"ltr\" lang=\"fr\">C&rsquo;est officiel, Luka Don\u010di\u0107 bat le record all-time NBA de matchs cons\u00e9cutifs \u00e0 minimum 20 points, 5 rebonds et 5 assists avec 19 de suite.<\/p>\n<p>Il d\u00e9passe ainsi un certain Michael Jordan. <a href=\"https:\/\/t.co\/nPGWqdRK9f\">pic.twitter.com\/nPGWqdRK9f<\/a><\/p>\n<p>\u2014 Dallas Mavs France (@DallasMavsFr) <a href=\"https:\/\/twitter.com\/DallasMavsFr\/status\/1203850897505341446?ref_src=twsrc%5Etfw\">December 9, 2019<\/a><\/p><\/blockquote>\n<p><script async src=\"https:\/\/platform.twitter.com\/widgets.js\" charset=\"utf-8\"><\/script><\/p>\n<p style=\"text-align: justify;\">La suite\u00a0? Pour l\u2019instant du pur plaisir de voir \u00e9voluer <strong>Luka Doncic<\/strong>\u00a0\u00e0 son meilleur niveau et de continuer \u00e0 enfiler tous les records comme des perles. Et ce certainement pour des ann\u00e9es. Et une rivalit\u00e9 avec <strong>Trae Young<\/strong>, sous forme de comparaison qui ne cessera de se bonifier avec les performances des deux, en pensant pourquoi pas un jour jouer le titre. Si sa pr\u00e9sence au <strong>All Star Game 2020<\/strong> est assur\u00e9e, son nom appara\u00eet peu \u00e0 peu dans les discussions <strong>MVP<\/strong>, apr\u00e8s seulement une saison en <strong>NBA<\/strong>.<\/p>\n<p><em><strong>Romain Delanis<br \/>\n<\/strong><\/em><em><strong><a href=\"https:\/\/twitter.com\/RDelanis\" target=\"_blank\" rel=\"noopener noreferrer\"><img loading=\"lazy\" decoding=\"async\" class=\"alignnone wp-image-2908\" src=\"http:\/\/dicodusport.fr\/blog\/wp-content\/uploads\/2017\/07\/logo-twitter-150x150.png\" alt=\"\" width=\"39\" height=\"39\" \/><\/a><\/strong><\/em><\/p>\n","protected":false},"excerpt":{"rendered":"<p>Apr\u00e8s une premi\u00e8re saison o\u00f9 Luka Doncic a \u00e9t\u00e9 \u00e9lu rookie de l\u2019ann\u00e9e, le meneur des Mavs conna\u00eet une deuxi\u00e8me saison en NBA pour l\u2019instant fructueuse. Le Slov\u00e8ne encha\u00eene les bonnes performances et les records. Vivement la suite.<\/p>\n","protected":false},"author":14,"featured_media":54752,"comment_status":"open","ping_status":"closed","sticky":false,"template":"","format":"standard","meta":{"_acf_changed":false,"_daextam_enable_autolinks":"","footnotes":""},"categories":[2305],"tags":[2111,6992,179,6993],"class_list":["post-54741","post","type-post","status-publish","format-standard","has-post-thumbnail","hentry","category-basket-ball","tag-dallas-mavericks","tag-luka-doncic","tag-nba","tag-trae-young"],"acf":[],"yoast_head":"<!-- This site is optimized with the Yoast SEO Premium plugin v26.7 (Yoast SEO v26.7) - https:\/\/yoast.com\/wordpress\/plugins\/seo\/ -->\n<title>Luka Doncic, ph\u00e9nom\u00e8ne slov\u00e8ne qui s\u00e9duit la plan\u00e8te basket<\/title>\n<meta name=\"description\" content=\"Apr\u00e8s une premi\u00e8re saison o\u00f9 Luka Doncic a \u00e9t\u00e9 \u00e9lu rookie de l\u2019ann\u00e9e, le meneur des Mavs conna\u00eet une deuxi\u00e8me saison en NBA pour l\u2019instant fructueuse.\" \/>\n<meta name=\"robots\" content=\"index, follow, max-snippet:-1, max-image-preview:large, max-video-preview:-1\" \/>\n<link rel=\"canonical\" href=\"https:\/\/dicodusport.fr\/blog\/luka-doncic-phenomene-slovene-qui-seduit-la-planete-basket\/\" \/>\n<meta property=\"og:locale\" content=\"fr_FR\" \/>\n<meta property=\"og:type\" content=\"article\" \/>\n<meta property=\"og:title\" content=\"Luka Doncic, ph\u00e9nom\u00e8ne slov\u00e8ne qui s\u00e9duit la plan\u00e8te basket\" \/>\n<meta property=\"og:description\" content=\"Apr\u00e8s une premi\u00e8re saison o\u00f9 Luka Doncic a \u00e9t\u00e9 \u00e9lu rookie de l\u2019ann\u00e9e, le meneur des Mavs conna\u00eet une deuxi\u00e8me saison en NBA pour l\u2019instant fructueuse.\" \/>\n<meta property=\"og:url\" content=\"https:\/\/dicodusport.fr\/blog\/luka-doncic-phenomene-slovene-qui-seduit-la-planete-basket\/\" \/>\n<meta property=\"og:site_name\" content=\"Dicodusport\" \/>\n<meta property=\"article:publisher\" content=\"https:\/\/www.facebook.com\/dicodusport\" \/>\n<meta property=\"article:published_time\" content=\"2019-12-10T12:32:00+00:00\" \/>\n<meta property=\"article:modified_time\" content=\"2019-12-10T17:23:59+00:00\" \/>\n<meta property=\"og:image\" content=\"https:\/\/dicodusport.fr\/blog\/wp-content\/uploads\/2019\/12\/Luka-Doncic-ph\u00e9nom\u00e8ne-slov\u00e8ne-qui-s\u00e9duit-la-plan\u00e8te-basket.png\" \/>\n\t<meta property=\"og:image:width\" content=\"800\" \/>\n\t<meta property=\"og:image:height\" content=\"445\" \/>\n\t<meta property=\"og:image:type\" content=\"image\/png\" \/>\n<meta name=\"author\" content=\"Romain Delanis\" \/>\n<meta name=\"twitter:card\" content=\"summary_large_image\" \/>\n<meta name=\"twitter:title\" content=\"Luka Doncic, ph\u00e9nom\u00e8ne slov\u00e8ne qui s\u00e9duit la plan\u00e8te basket\" \/>\n<meta name=\"twitter:creator\" content=\"@https:\/\/twitter.com\/RDelanis\" \/>\n<meta name=\"twitter:site\" content=\"@dicodusport\" \/>\n<script type=\"application\/ld+json\" class=\"yoast-schema-graph\">{\"@context\":\"https:\/\/schema.org\",\"@graph\":[{\"@type\":\"NewsArticle\",\"@id\":\"https:\/\/dicodusport.fr\/blog\/luka-doncic-phenomene-slovene-qui-seduit-la-planete-basket\/#article\",\"isPartOf\":{\"@id\":\"https:\/\/dicodusport.fr\/blog\/luka-doncic-phenomene-slovene-qui-seduit-la-planete-basket\/\"},\"author\":{\"name\":\"Romain Delanis\",\"@id\":\"https:\/\/dicodusport.fr\/blog\/#\/schema\/person\/8c78730a59f8a1e617f7a19026ebc14a\"},\"headline\":\"Luka Doncic, ph\u00e9nom\u00e8ne slov\u00e8ne qui s\u00e9duit la plan\u00e8te basket\",\"datePublished\":\"2019-12-10T12:32:00+00:00\",\"dateModified\":\"2019-12-10T17:23:59+00:00\",\"mainEntityOfPage\":{\"@id\":\"https:\/\/dicodusport.fr\/blog\/luka-doncic-phenomene-slovene-qui-seduit-la-planete-basket\/\"},\"wordCount\":535,\"commentCount\":0,\"publisher\":{\"@id\":\"https:\/\/dicodusport.fr\/blog\/#organization\"},\"image\":{\"@id\":\"https:\/\/dicodusport.fr\/blog\/luka-doncic-phenomene-slovene-qui-seduit-la-planete-basket\/#primaryimage\"},\"thumbnailUrl\":\"https:\/\/dicodusport.fr\/blog\/wp-content\/uploads\/2019\/12\/Luka-Doncic-ph\u00e9nom\u00e8ne-slov\u00e8ne-qui-s\u00e9duit-la-plan\u00e8te-basket.png\",\"keywords\":[\"Dallas Mavericks\",\"Luka Doncic\",\"NBA\",\"Trae Young\"],\"articleSection\":[\"Basket-ball\"],\"inLanguage\":\"fr-FR\",\"potentialAction\":[{\"@type\":\"CommentAction\",\"name\":\"Comment\",\"target\":[\"https:\/\/dicodusport.fr\/blog\/luka-doncic-phenomene-slovene-qui-seduit-la-planete-basket\/#respond\"]}],\"copyrightYear\":\"2019\",\"copyrightHolder\":{\"@id\":\"https:\/\/dicodusport.fr\/blog\/#organization\"}},{\"@type\":\"WebPage\",\"@id\":\"https:\/\/dicodusport.fr\/blog\/luka-doncic-phenomene-slovene-qui-seduit-la-planete-basket\/\",\"url\":\"https:\/\/dicodusport.fr\/blog\/luka-doncic-phenomene-slovene-qui-seduit-la-planete-basket\/\",\"name\":\"Luka Doncic, ph\u00e9nom\u00e8ne slov\u00e8ne qui s\u00e9duit la plan\u00e8te basket\",\"isPartOf\":{\"@id\":\"https:\/\/dicodusport.fr\/blog\/#website\"},\"primaryImageOfPage\":{\"@id\":\"https:\/\/dicodusport.fr\/blog\/luka-doncic-phenomene-slovene-qui-seduit-la-planete-basket\/#primaryimage\"},\"image\":{\"@id\":\"https:\/\/dicodusport.fr\/blog\/luka-doncic-phenomene-slovene-qui-seduit-la-planete-basket\/#primaryimage\"},\"thumbnailUrl\":\"https:\/\/dicodusport.fr\/blog\/wp-content\/uploads\/2019\/12\/Luka-Doncic-ph\u00e9nom\u00e8ne-slov\u00e8ne-qui-s\u00e9duit-la-plan\u00e8te-basket.png\",\"datePublished\":\"2019-12-10T12:32:00+00:00\",\"dateModified\":\"2019-12-10T17:23:59+00:00\",\"description\":\"Apr\u00e8s une premi\u00e8re saison o\u00f9 Luka Doncic a \u00e9t\u00e9 \u00e9lu rookie de l\u2019ann\u00e9e, le meneur des Mavs conna\u00eet une deuxi\u00e8me saison en NBA pour l\u2019instant fructueuse.\",\"breadcrumb\":{\"@id\":\"https:\/\/dicodusport.fr\/blog\/luka-doncic-phenomene-slovene-qui-seduit-la-planete-basket\/#breadcrumb\"},\"inLanguage\":\"fr-FR\",\"potentialAction\":[{\"@type\":\"ReadAction\",\"target\":[\"https:\/\/dicodusport.fr\/blog\/luka-doncic-phenomene-slovene-qui-seduit-la-planete-basket\/\"]}]},{\"@type\":\"ImageObject\",\"inLanguage\":\"fr-FR\",\"@id\":\"https:\/\/dicodusport.fr\/blog\/luka-doncic-phenomene-slovene-qui-seduit-la-planete-basket\/#primaryimage\",\"url\":\"https:\/\/dicodusport.fr\/blog\/wp-content\/uploads\/2019\/12\/Luka-Doncic-ph\u00e9nom\u00e8ne-slov\u00e8ne-qui-s\u00e9duit-la-plan\u00e8te-basket.png\",\"contentUrl\":\"https:\/\/dicodusport.fr\/blog\/wp-content\/uploads\/2019\/12\/Luka-Doncic-ph\u00e9nom\u00e8ne-slov\u00e8ne-qui-s\u00e9duit-la-plan\u00e8te-basket.png\",\"width\":800,\"height\":445,\"caption\":\"Luka Doncic, ph\u00e9nom\u00e8ne slov\u00e8ne qui s\u00e9duit la plan\u00e8te basket\"},{\"@type\":\"BreadcrumbList\",\"@id\":\"https:\/\/dicodusport.fr\/blog\/luka-doncic-phenomene-slovene-qui-seduit-la-planete-basket\/#breadcrumb\",\"itemListElement\":[{\"@type\":\"ListItem\",\"position\":1,\"name\":\"Accueil\",\"item\":\"https:\/\/dicodusport.fr\/blog\/\"},{\"@type\":\"ListItem\",\"position\":2,\"name\":\"Luka Doncic, ph\u00e9nom\u00e8ne slov\u00e8ne qui s\u00e9duit la plan\u00e8te basket\"}]},{\"@type\":\"WebSite\",\"@id\":\"https:\/\/dicodusport.fr\/blog\/#website\",\"url\":\"https:\/\/dicodusport.fr\/blog\/\",\"name\":\"Dicodusport\",\"description\":\"L&#039;encyclop\u00e9die de l&#039;actualit\u00e9 sportive\",\"publisher\":{\"@id\":\"https:\/\/dicodusport.fr\/blog\/#organization\"},\"potentialAction\":[{\"@type\":\"SearchAction\",\"target\":{\"@type\":\"EntryPoint\",\"urlTemplate\":\"https:\/\/dicodusport.fr\/blog\/?s={search_term_string}\"},\"query-input\":{\"@type\":\"PropertyValueSpecification\",\"valueRequired\":true,\"valueName\":\"search_term_string\"}}],\"inLanguage\":\"fr-FR\"},{\"@type\":\"NewsMediaOrganization\",\"@id\":\"https:\/\/dicodusport.fr\/blog\/#organization\",\"name\":\"Dicodusport\",\"url\":\"https:\/\/dicodusport.fr\/blog\/\",\"logo\":{\"@type\":\"ImageObject\",\"inLanguage\":\"fr-FR\",\"@id\":\"https:\/\/dicodusport.fr\/blog\/#\/schema\/logo\/image\/\",\"url\":\"https:\/\/dicodusport.fr\/blog\/wp-content\/uploads\/2020\/06\/cropped-LOGO-DICODUSPORT-2020-SANS-FOND-SANS-TEXTE.png\",\"contentUrl\":\"https:\/\/dicodusport.fr\/blog\/wp-content\/uploads\/2020\/06\/cropped-LOGO-DICODUSPORT-2020-SANS-FOND-SANS-TEXTE.png\",\"width\":512,\"height\":512,\"caption\":\"Dicodusport\"},\"image\":{\"@id\":\"https:\/\/dicodusport.fr\/blog\/#\/schema\/logo\/image\/\"},\"sameAs\":[\"https:\/\/www.facebook.com\/dicodusport\",\"https:\/\/x.com\/dicodusport\",\"https:\/\/www.instagram.com\/dicodusport\/\",\"https:\/\/www.youtube.com\/channel\/UC7V2KZ5sd3htJivAbA4ZG3w\"],\"description\":\"Dicodusport est l'encyclop\u00e9die de l'actualit\u00e9 sportive.\",\"email\":\"bonjour@dicodusport.fr\",\"legalName\":\"DICODUSPORT\",\"foundingDate\":\"2018-01-14\",\"vatID\":\"FR71834470973\",\"taxID\":\"83447097300043\",\"numberOfEmployees\":{\"@type\":\"QuantitativeValue\",\"minValue\":\"1\",\"maxValue\":\"10\"}},{\"@type\":\"Person\",\"@id\":\"https:\/\/dicodusport.fr\/blog\/#\/schema\/person\/8c78730a59f8a1e617f7a19026ebc14a\",\"name\":\"Romain Delanis\",\"image\":{\"@type\":\"ImageObject\",\"inLanguage\":\"fr-FR\",\"@id\":\"https:\/\/dicodusport.fr\/blog\/#\/schema\/person\/image\/\",\"url\":\"https:\/\/dicodusport.fr\/blog\/wp-content\/uploads\/2021\/05\/Romain-Delanis-150x150.jpg\",\"contentUrl\":\"https:\/\/dicodusport.fr\/blog\/wp-content\/uploads\/2021\/05\/Romain-Delanis-150x150.jpg\",\"caption\":\"Romain Delanis\"},\"description\":\"Journaliste\/R\u00e9dacteur depuis novembre 2015 - Capable de passer un samedi apr\u00e8s-midi devant la Ligue 2 puis le biathlon sans oublier la finale de l\u2019ATP Rotterdam, j\u2019aime aussi mettre mon r\u00e9veil pour me faire un Pistons\/Bulls qui rappelle de bons souvenirs. Tout cela, j\u2019ai choisi il y a maintenant quelques temps de vous le raconter avec Dicodusport, pour vous faire vivre ma passion parfois inconsid\u00e9r\u00e9e pour le sport en g\u00e9n\u00e9ral (mais surtout le foot faut se l\u2019avouer).\",\"sameAs\":[\"https:\/\/x.com\/https:\/\/twitter.com\/RDelanis\"],\"url\":\"https:\/\/dicodusport.fr\/blog\/author\/romain\/\"}]}<\/script>\n<!-- \/ Yoast SEO Premium plugin. -->","yoast_head_json":{"title":"Luka Doncic, ph\u00e9nom\u00e8ne slov\u00e8ne qui s\u00e9duit la plan\u00e8te basket","description":"Apr\u00e8s une premi\u00e8re saison o\u00f9 Luka Doncic a \u00e9t\u00e9 \u00e9lu rookie de l\u2019ann\u00e9e, le meneur des Mavs conna\u00eet une deuxi\u00e8me saison en NBA pour l\u2019instant fructueuse.","robots":{"index":"index","follow":"follow","max-snippet":"max-snippet:-1","max-image-preview":"max-image-preview:large","max-video-preview":"max-video-preview:-1"},"canonical":"https:\/\/dicodusport.fr\/blog\/luka-doncic-phenomene-slovene-qui-seduit-la-planete-basket\/","og_locale":"fr_FR","og_type":"article","og_title":"Luka Doncic, ph\u00e9nom\u00e8ne slov\u00e8ne qui s\u00e9duit la plan\u00e8te basket","og_description":"Apr\u00e8s une premi\u00e8re saison o\u00f9 Luka Doncic a \u00e9t\u00e9 \u00e9lu rookie de l\u2019ann\u00e9e, le meneur des Mavs conna\u00eet une deuxi\u00e8me saison en NBA pour l\u2019instant fructueuse.","og_url":"https:\/\/dicodusport.fr\/blog\/luka-doncic-phenomene-slovene-qui-seduit-la-planete-basket\/","og_site_name":"Dicodusport","article_publisher":"https:\/\/www.facebook.com\/dicodusport","article_published_time":"2019-12-10T12:32:00+00:00","article_modified_time":"2019-12-10T17:23:59+00:00","og_image":[{"width":800,"height":445,"url":"https:\/\/dicodusport.fr\/blog\/wp-content\/uploads\/2019\/12\/Luka-Doncic-ph\u00e9nom\u00e8ne-slov\u00e8ne-qui-s\u00e9duit-la-plan\u00e8te-basket.png","type":"image\/png"}],"author":"Romain Delanis","twitter_card":"summary_large_image","twitter_title":"Luka Doncic, ph\u00e9nom\u00e8ne slov\u00e8ne qui s\u00e9duit la plan\u00e8te basket","twitter_creator":"@https:\/\/twitter.com\/RDelanis","twitter_site":"@dicodusport","schema":{"@context":"https:\/\/schema.org","@graph":[{"@type":"NewsArticle","@id":"https:\/\/dicodusport.fr\/blog\/luka-doncic-phenomene-slovene-qui-seduit-la-planete-basket\/#article","isPartOf":{"@id":"https:\/\/dicodusport.fr\/blog\/luka-doncic-phenomene-slovene-qui-seduit-la-planete-basket\/"},"author":{"name":"Romain Delanis","@id":"https:\/\/dicodusport.fr\/blog\/#\/schema\/person\/8c78730a59f8a1e617f7a19026ebc14a"},"headline":"Luka Doncic, ph\u00e9nom\u00e8ne slov\u00e8ne qui s\u00e9duit la plan\u00e8te basket","datePublished":"2019-12-10T12:32:00+00:00","dateModified":"2019-12-10T17:23:59+00:00","mainEntityOfPage":{"@id":"https:\/\/dicodusport.fr\/blog\/luka-doncic-phenomene-slovene-qui-seduit-la-planete-basket\/"},"wordCount":535,"commentCount":0,"publisher":{"@id":"https:\/\/dicodusport.fr\/blog\/#organization"},"image":{"@id":"https:\/\/dicodusport.fr\/blog\/luka-doncic-phenomene-slovene-qui-seduit-la-planete-basket\/#primaryimage"},"thumbnailUrl":"https:\/\/dicodusport.fr\/blog\/wp-content\/uploads\/2019\/12\/Luka-Doncic-ph\u00e9nom\u00e8ne-slov\u00e8ne-qui-s\u00e9duit-la-plan\u00e8te-basket.png","keywords":["Dallas Mavericks","Luka Doncic","NBA","Trae Young"],"articleSection":["Basket-ball"],"inLanguage":"fr-FR","potentialAction":[{"@type":"CommentAction","name":"Comment","target":["https:\/\/dicodusport.fr\/blog\/luka-doncic-phenomene-slovene-qui-seduit-la-planete-basket\/#respond"]}],"copyrightYear":"2019","copyrightHolder":{"@id":"https:\/\/dicodusport.fr\/blog\/#organization"}},{"@type":"WebPage","@id":"https:\/\/dicodusport.fr\/blog\/luka-doncic-phenomene-slovene-qui-seduit-la-planete-basket\/","url":"https:\/\/dicodusport.fr\/blog\/luka-doncic-phenomene-slovene-qui-seduit-la-planete-basket\/","name":"Luka Doncic, ph\u00e9nom\u00e8ne slov\u00e8ne qui s\u00e9duit la plan\u00e8te basket","isPartOf":{"@id":"https:\/\/dicodusport.fr\/blog\/#website"},"primaryImageOfPage":{"@id":"https:\/\/dicodusport.fr\/blog\/luka-doncic-phenomene-slovene-qui-seduit-la-planete-basket\/#primaryimage"},"image":{"@id":"https:\/\/dicodusport.fr\/blog\/luka-doncic-phenomene-slovene-qui-seduit-la-planete-basket\/#primaryimage"},"thumbnailUrl":"https:\/\/dicodusport.fr\/blog\/wp-content\/uploads\/2019\/12\/Luka-Doncic-ph\u00e9nom\u00e8ne-slov\u00e8ne-qui-s\u00e9duit-la-plan\u00e8te-basket.png","datePublished":"2019-12-10T12:32:00+00:00","dateModified":"2019-12-10T17:23:59+00:00","description":"Apr\u00e8s une premi\u00e8re saison o\u00f9 Luka Doncic a \u00e9t\u00e9 \u00e9lu rookie de l\u2019ann\u00e9e, le meneur des Mavs conna\u00eet une deuxi\u00e8me saison en NBA pour l\u2019instant fructueuse.","breadcrumb":{"@id":"https:\/\/dicodusport.fr\/blog\/luka-doncic-phenomene-slovene-qui-seduit-la-planete-basket\/#breadcrumb"},"inLanguage":"fr-FR","potentialAction":[{"@type":"ReadAction","target":["https:\/\/dicodusport.fr\/blog\/luka-doncic-phenomene-slovene-qui-seduit-la-planete-basket\/"]}]},{"@type":"ImageObject","inLanguage":"fr-FR","@id":"https:\/\/dicodusport.fr\/blog\/luka-doncic-phenomene-slovene-qui-seduit-la-planete-basket\/#primaryimage","url":"https:\/\/dicodusport.fr\/blog\/wp-content\/uploads\/2019\/12\/Luka-Doncic-ph\u00e9nom\u00e8ne-slov\u00e8ne-qui-s\u00e9duit-la-plan\u00e8te-basket.png","contentUrl":"https:\/\/dicodusport.fr\/blog\/wp-content\/uploads\/2019\/12\/Luka-Doncic-ph\u00e9nom\u00e8ne-slov\u00e8ne-qui-s\u00e9duit-la-plan\u00e8te-basket.png","width":800,"height":445,"caption":"Luka Doncic, ph\u00e9nom\u00e8ne slov\u00e8ne qui s\u00e9duit la plan\u00e8te basket"},{"@type":"BreadcrumbList","@id":"https:\/\/dicodusport.fr\/blog\/luka-doncic-phenomene-slovene-qui-seduit-la-planete-basket\/#breadcrumb","itemListElement":[{"@type":"ListItem","position":1,"name":"Accueil","item":"https:\/\/dicodusport.fr\/blog\/"},{"@type":"ListItem","position":2,"name":"Luka Doncic, ph\u00e9nom\u00e8ne slov\u00e8ne qui s\u00e9duit la plan\u00e8te basket"}]},{"@type":"WebSite","@id":"https:\/\/dicodusport.fr\/blog\/#website","url":"https:\/\/dicodusport.fr\/blog\/","name":"Dicodusport","description":"L&#039;encyclop\u00e9die de l&#039;actualit\u00e9 sportive","publisher":{"@id":"https:\/\/dicodusport.fr\/blog\/#organization"},"potentialAction":[{"@type":"SearchAction","target":{"@type":"EntryPoint","urlTemplate":"https:\/\/dicodusport.fr\/blog\/?s={search_term_string}"},"query-input":{"@type":"PropertyValueSpecification","valueRequired":true,"valueName":"search_term_string"}}],"inLanguage":"fr-FR"},{"@type":"NewsMediaOrganization","@id":"https:\/\/dicodusport.fr\/blog\/#organization","name":"Dicodusport","url":"https:\/\/dicodusport.fr\/blog\/","logo":{"@type":"ImageObject","inLanguage":"fr-FR","@id":"https:\/\/dicodusport.fr\/blog\/#\/schema\/logo\/image\/","url":"https:\/\/dicodusport.fr\/blog\/wp-content\/uploads\/2020\/06\/cropped-LOGO-DICODUSPORT-2020-SANS-FOND-SANS-TEXTE.png","contentUrl":"https:\/\/dicodusport.fr\/blog\/wp-content\/uploads\/2020\/06\/cropped-LOGO-DICODUSPORT-2020-SANS-FOND-SANS-TEXTE.png","width":512,"height":512,"caption":"Dicodusport"},"image":{"@id":"https:\/\/dicodusport.fr\/blog\/#\/schema\/logo\/image\/"},"sameAs":["https:\/\/www.facebook.com\/dicodusport","https:\/\/x.com\/dicodusport","https:\/\/www.instagram.com\/dicodusport\/","https:\/\/www.youtube.com\/channel\/UC7V2KZ5sd3htJivAbA4ZG3w"],"description":"Dicodusport est l'encyclop\u00e9die de l'actualit\u00e9 sportive.","email":"bonjour@dicodusport.fr","legalName":"DICODUSPORT","foundingDate":"2018-01-14","vatID":"FR71834470973","taxID":"83447097300043","numberOfEmployees":{"@type":"QuantitativeValue","minValue":"1","maxValue":"10"}},{"@type":"Person","@id":"https:\/\/dicodusport.fr\/blog\/#\/schema\/person\/8c78730a59f8a1e617f7a19026ebc14a","name":"Romain Delanis","image":{"@type":"ImageObject","inLanguage":"fr-FR","@id":"https:\/\/dicodusport.fr\/blog\/#\/schema\/person\/image\/","url":"https:\/\/dicodusport.fr\/blog\/wp-content\/uploads\/2021\/05\/Romain-Delanis-150x150.jpg","contentUrl":"https:\/\/dicodusport.fr\/blog\/wp-content\/uploads\/2021\/05\/Romain-Delanis-150x150.jpg","caption":"Romain Delanis"},"description":"Journaliste\/R\u00e9dacteur depuis novembre 2015 - Capable de passer un samedi apr\u00e8s-midi devant la Ligue 2 puis le biathlon sans oublier la finale de l\u2019ATP Rotterdam, j\u2019aime aussi mettre mon r\u00e9veil pour me faire un Pistons\/Bulls qui rappelle de bons souvenirs. Tout cela, j\u2019ai choisi il y a maintenant quelques temps de vous le raconter avec Dicodusport, pour vous faire vivre ma passion parfois inconsid\u00e9r\u00e9e pour le sport en g\u00e9n\u00e9ral (mais surtout le foot faut se l\u2019avouer).","sameAs":["https:\/\/x.com\/https:\/\/twitter.com\/RDelanis"],"url":"https:\/\/dicodusport.fr\/blog\/author\/romain\/"}]}},"_links":{"self":[{"href":"https:\/\/dicodusport.fr\/blog\/wp-json\/wp\/v2\/posts\/54741","targetHints":{"allow":["GET"]}}],"collection":[{"href":"https:\/\/dicodusport.fr\/blog\/wp-json\/wp\/v2\/posts"}],"about":[{"href":"https:\/\/dicodusport.fr\/blog\/wp-json\/wp\/v2\/types\/post"}],"author":[{"embeddable":true,"href":"https:\/\/dicodusport.fr\/blog\/wp-json\/wp\/v2\/users\/14"}],"replies":[{"embeddable":true,"href":"https:\/\/dicodusport.fr\/blog\/wp-json\/wp\/v2\/comments?post=54741"}],"version-history":[{"count":0,"href":"https:\/\/dicodusport.fr\/blog\/wp-json\/wp\/v2\/posts\/54741\/revisions"}],"wp:featuredmedia":[{"embeddable":true,"href":"https:\/\/dicodusport.fr\/blog\/wp-json\/wp\/v2\/media\/54752"}],"wp:attachment":[{"href":"https:\/\/dicodusport.fr\/blog\/wp-json\/wp\/v2\/media?parent=54741"}],"wp:term":[{"taxonomy":"category","embeddable":true,"href":"https:\/\/dicodusport.fr\/blog\/wp-json\/wp\/v2\/categories?post=54741"},{"taxonomy":"post_tag","embeddable":true,"href":"https:\/\/dicodusport.fr\/blog\/wp-json\/wp\/v2\/tags?post=54741"}],"curies":[{"name":"wp","href":"https:\/\/api.w.org\/{rel}","templated":true}]}}