{"id":547445,"date":"2025-01-22T11:38:31","date_gmt":"2025-01-22T10:38:31","guid":{"rendered":"https:\/\/dicodusport.fr\/blog\/?p=547445&#038;preview=true&#038;preview_id=547445"},"modified":"2025-04-05T20:12:41","modified_gmt":"2025-04-05T18:12:41","slug":"challenge-cup-2024-2025-affiches-et-dates-des-8emes-de-finale","status":"publish","type":"post","link":"https:\/\/dicodusport.fr\/blog\/challenge-cup-2024-2025-affiches-et-dates-des-8emes-de-finale\/","title":{"rendered":"Challenge Cup 2024-2025 : Affiches, dates et horaires des 8\u00e8mes de finale"},"content":{"rendered":"<h4 style=\"text-align: justify;\"><i>CHALLENGE CUP 2024-2025 &#8211; Retrouvez le programme complet, les horaires et les r\u00e9sultats des 8\u00e8mes de finale de la Challenge Cup 2024-2025. Les matchs auront lieu le week-end des 4,5 et 6 avril 2025.<\/i><\/h4>\n<ul>\n<li style=\"text-align: justify;\"><strong>\u00c0 ce sujet &#8211; <a href=\"https:\/\/dicodusport.fr\/blog\/actualites\/rugby\/rugby-a-xv\/\">L&rsquo;actualit\u00e9 du rugby \u00e0 XV<\/a><\/strong><\/li>\n<\/ul>\n<p style=\"text-align: justify;\">Seize \u00e9quipes sont qualifi\u00e9es pour les <strong>8\u00e8mes de finale de la Challenge Cup<\/strong>. Les quatre meilleures \u00e9quipes de chaque poule sont rejointes par quatre \u00e9quipes \u00e9limin\u00e9es en phase de poules de Champions Cup. Ces \u00e9quipes sont class\u00e9es afin de d\u00e9terminer les oppositions pour les huiti\u00e8mes de finale.<\/p>\n<p style=\"text-align: justify;\"><em>Les premiers de poule en Challenge Cup sont class\u00e9s de 1er \u00e0 3\u00e8me.<\/em><br \/>\n<em>Les deuxi\u00e8mes de poule en Challenge Cup sont class\u00e9s de 4\u00e8me \u00e0 6\u00e8me.<\/em><br \/>\n<em>Les deux meilleurs troisi\u00e8mes de poule en Challenge Cup sont class\u00e9s 7\u00e8me et 8\u00e8me.<\/em><br \/>\n<em>Les quatre \u00e9quipes revers\u00e9es de Champions Cup sont class\u00e9s de 9\u00e8me \u00e0 12\u00e8me.<\/em><br \/>\n<em>Le moins bon troisi\u00e8me de poule en Challenge Cup est class\u00e9 13\u00e8me.<\/em><br \/>\n<em>Les quatri\u00e8mes de poule en Challenge Cup sont class\u00e9s de 14\u00e8me \u00e0 16\u00e8me.<\/em><\/p>\n<ul>\n<li style=\"text-align: justify;\"><strong>\u00c0 ce sujet &#8211; <a href=\"https:\/\/dicodusport.fr\/blog\/challenge-cup-2024-2025-tableau-complet-de-la-phase-finale\/\">Challenge Cup 2024-2025 : Tableau complet de la phase finale<\/a><\/strong><\/li>\n<\/ul>\n<h2 style=\"text-align: justify;\">8\u00e8mes de finale de Challenge Cup &#8211; Programme, dates et horaires<\/h2>\n<h3 style=\"text-align: center;\"><span style=\"color: #000000;\">&#8211; HUITI\u00c8MES DE FINALE &#8211;<\/span><\/h3>\n<table style=\"width: 840px;\">\n<tbody>\n<tr style=\"height: 24px;\">\n<td style=\"width: 800px; background-color: #000000; height: 22px; text-align: center; vertical-align: middle;\" colspan=\"3\"><span style=\"color: #ffffff;\"><strong><span style=\"color: #d1fa00;\">VENDREDI 4 AVRIL 2025<\/span><br \/>\n<\/strong><\/span><\/td>\n<\/tr>\n<tr style=\"height: 10px;\">\n<td style=\"width: 304px; text-align: center; vertical-align: middle; height: 10px;\"><strong>\u00c9DIMBOURG<\/strong><\/td>\n<td style=\"text-align: center; width: 192px; vertical-align: middle; height: 10px;\"><strong><span style=\"font-size: 16px;\">21H00<\/span><\/strong><\/td>\n<td style=\"text-align: center; width: 304px; vertical-align: middle; height: 10px;\"><strong>LIONS<\/strong><\/td>\n<\/tr>\n<tr style=\"height: 24px;\">\n<td style=\"width: 304px; text-align: center; height: 10px; vertical-align: middle;\"><strong>SECTION PALOISE<\/strong><\/td>\n<td style=\"text-align: center; width: 192px; height: 10px; vertical-align: middle;\"><strong><span style=\"font-size: 16px;\">21H00<\/span><\/strong><\/td>\n<td style=\"text-align: center; height: 10px; width: 304px; vertical-align: middle;\"><strong>BATH<\/strong><\/td>\n<\/tr>\n<tr style=\"height: 24px;\">\n<td style=\"width: 800px; background-color: #000000; height: 22px; text-align: center; vertical-align: middle;\" colspan=\"3\"><span style=\"color: #ffffff;\"><strong><span style=\"color: #d1fa00;\">SAMEDI 5 AVRIL 2025<\/span><br \/>\n<\/strong><\/span><\/td>\n<\/tr>\n<tr style=\"height: 24px;\">\n<td style=\"width: 304px; text-align: center; height: 10px; vertical-align: middle;\"><strong>AVIRON BAYONNAIS<\/strong><\/td>\n<td style=\"text-align: center; width: 192px; height: 10px; vertical-align: middle;\"><strong><span style=\"font-size: 16px;\">13H30<\/span><\/strong><\/td>\n<td style=\"text-align: center; height: 10px; width: 304px; vertical-align: middle;\"><strong>BLUE BULLS<\/strong><\/td>\n<\/tr>\n<tr style=\"height: 10px;\">\n<td style=\"width: 304px; text-align: center; vertical-align: middle; height: 10px;\"><strong>MONTPELLIER<\/strong><\/td>\n<td style=\"text-align: center; width: 192px; vertical-align: middle; height: 10px;\"><strong><span style=\"font-size: 16px;\">18H30<\/span><\/strong><\/td>\n<td style=\"text-align: center; width: 304px; vertical-align: middle; height: 10px;\"><strong>GLOUCESTER<\/strong><\/td>\n<\/tr>\n<tr>\n<td style=\"width: 304px; text-align: center; vertical-align: middle;\"><strong>CONNACHT<\/strong><\/td>\n<td style=\"text-align: center; width: 192px; vertical-align: middle;\"><strong><span style=\"font-size: 16px;\">21H00<\/span><\/strong><\/td>\n<td style=\"text-align: center; width: 304px; vertical-align: middle;\"><strong>CARDIFF<\/strong><\/td>\n<\/tr>\n<tr style=\"height: 10px;\">\n<td style=\"width: 304px; text-align: center; height: 10px; vertical-align: middle;\"><strong>USAP<\/strong><\/td>\n<td style=\"text-align: center; width: 192px; height: 10px; vertical-align: middle;\"><strong><span style=\"font-size: 16px;\">21H00<\/span><\/strong><\/td>\n<td style=\"text-align: center; height: 10px; width: 304px; vertical-align: middle;\"><strong>RACING 92<\/strong><\/td>\n<\/tr>\n<tr style=\"height: 24px;\">\n<td style=\"width: 800px; background-color: #000000; height: 22px; text-align: center; vertical-align: middle;\" colspan=\"3\"><span style=\"color: #ffffff;\"><strong><span style=\"color: #d1fa00;\">DIMANCHE 6 AVRIL 2025<\/span><br \/>\n<\/strong><\/span><\/td>\n<\/tr>\n<tr>\n<td style=\"width: 304px; text-align: center; vertical-align: middle;\"><strong>OSPREYS<\/strong><\/td>\n<td style=\"text-align: center; width: 192px; vertical-align: middle;\"><strong><span style=\"font-size: 16px;\">18H30<\/span><\/strong><\/td>\n<td style=\"text-align: center; width: 304px; vertical-align: middle;\"><strong>SCARLETS<\/strong><\/td>\n<\/tr>\n<tr style=\"height: 10px;\">\n<td style=\"width: 304px; text-align: center; height: 10px; vertical-align: middle;\"><strong>LOU<\/strong><\/td>\n<td style=\"text-align: center; width: 192px; height: 10px; vertical-align: middle;\"><strong><span style=\"font-size: 16px;\">18H30<\/span><\/strong><\/td>\n<td style=\"text-align: center; height: 10px; width: 304px; vertical-align: middle;\"><strong>SHARKS<\/strong><\/td>\n<\/tr>\n<\/tbody>\n<\/table>\n","protected":false},"excerpt":{"rendered":"<p>CHALLENGE CUP 2024-2025 &#8211; Retrouvez le programme complet, les horaires et les r\u00e9sultats des 8\u00e8mes de finale de la Challenge Cup 2024-2025.<\/p>\n","protected":false},"author":4,"featured_media":547448,"comment_status":"open","ping_status":"closed","sticky":false,"template":"","format":"standard","meta":{"_acf_changed":false,"_daextam_enable_autolinks":"1","footnotes":""},"categories":[9129],"tags":[16878,4299],"class_list":["post-547445","post","type-post","status-publish","format-standard","has-post-thumbnail","hentry","category-rugby-a-xv","tag-breve","tag-challenge-cup"],"acf":[],"yoast_head":"<!-- This site is optimized with the Yoast SEO Premium plugin v26.7 (Yoast SEO v26.7) - https:\/\/yoast.com\/wordpress\/plugins\/seo\/ -->\n<title>Challenge Cup 2024-2025 : Affiches, dates et horaires des 8\u00e8mes de finale<\/title>\n<meta name=\"description\" content=\"CHALLENGE CUP 2024-2025 - Retrouvez le programme complet, les horaires et les r\u00e9sultats des 8\u00e8mes de finale de la Challenge Cup 2024-2025.\" \/>\n<meta name=\"robots\" content=\"index, follow, max-snippet:-1, max-image-preview:large, max-video-preview:-1\" \/>\n<link rel=\"canonical\" href=\"https:\/\/dicodusport.fr\/blog\/challenge-cup-2024-2025-affiches-et-dates-des-8emes-de-finale\/\" \/>\n<meta property=\"og:locale\" content=\"fr_FR\" \/>\n<meta property=\"og:type\" content=\"article\" \/>\n<meta property=\"og:title\" content=\"Challenge Cup 2024-2025 : Affiches, dates et horaires des 8\u00e8mes de finale\" \/>\n<meta property=\"og:description\" content=\"CHALLENGE CUP 2024-2025 - Retrouvez le programme complet, les horaires et les r\u00e9sultats des 8\u00e8mes de finale de la Challenge Cup 2024-2025.\" \/>\n<meta property=\"og:url\" content=\"https:\/\/dicodusport.fr\/blog\/challenge-cup-2024-2025-affiches-et-dates-des-8emes-de-finale\/\" \/>\n<meta property=\"og:site_name\" content=\"Dicodusport\" \/>\n<meta property=\"article:publisher\" content=\"https:\/\/www.facebook.com\/dicodusport\" \/>\n<meta property=\"article:author\" content=\"https:\/\/www.facebook.com\/florent.ostermann\" \/>\n<meta property=\"article:published_time\" content=\"2025-01-22T10:38:31+00:00\" \/>\n<meta property=\"article:modified_time\" content=\"2025-04-05T18:12:41+00:00\" \/>\n<meta property=\"og:image\" content=\"https:\/\/dicodusport.fr\/blog\/wp-content\/uploads\/2025\/01\/Challenge-Cup-2024-2025-Affiches-et-dates-des-8emes-de-finale.png\" \/>\n\t<meta property=\"og:image:width\" content=\"1200\" \/>\n\t<meta property=\"og:image:height\" content=\"674\" \/>\n\t<meta property=\"og:image:type\" content=\"image\/png\" \/>\n<meta name=\"author\" content=\"Flo Ostermann\" \/>\n<meta name=\"twitter:card\" content=\"summary_large_image\" \/>\n<meta name=\"twitter:title\" content=\"Challenge Cup 2024-2025 : Affiches, dates et horaires des 8\u00e8mes de finale\" \/>\n<meta name=\"twitter:creator\" content=\"@https:\/\/twitter.com\/FlOstermann\" \/>\n<meta name=\"twitter:site\" content=\"@dicodusport\" \/>\n<script type=\"application\/ld+json\" class=\"yoast-schema-graph\">{\"@context\":\"https:\/\/schema.org\",\"@graph\":[{\"@type\":\"NewsArticle\",\"@id\":\"https:\/\/dicodusport.fr\/blog\/challenge-cup-2024-2025-affiches-et-dates-des-8emes-de-finale\/#article\",\"isPartOf\":{\"@id\":\"https:\/\/dicodusport.fr\/blog\/challenge-cup-2024-2025-affiches-et-dates-des-8emes-de-finale\/\"},\"author\":{\"name\":\"Flo Ostermann\",\"@id\":\"https:\/\/dicodusport.fr\/blog\/#\/schema\/person\/cb02af4c173ce4a653b55e9baf388d4a\"},\"headline\":\"Challenge Cup 2024-2025 : Affiches, dates et horaires des 8\u00e8mes de finale\",\"datePublished\":\"2025-01-22T10:38:31+00:00\",\"dateModified\":\"2025-04-05T18:12:41+00:00\",\"mainEntityOfPage\":{\"@id\":\"https:\/\/dicodusport.fr\/blog\/challenge-cup-2024-2025-affiches-et-dates-des-8emes-de-finale\/\"},\"wordCount\":249,\"commentCount\":0,\"publisher\":{\"@id\":\"https:\/\/dicodusport.fr\/blog\/#organization\"},\"image\":{\"@id\":\"https:\/\/dicodusport.fr\/blog\/challenge-cup-2024-2025-affiches-et-dates-des-8emes-de-finale\/#primaryimage\"},\"thumbnailUrl\":\"https:\/\/dicodusport.fr\/blog\/wp-content\/uploads\/2025\/01\/Challenge-Cup-2024-2025-Affiches-et-dates-des-8emes-de-finale.png\",\"keywords\":[\"br\u00e8ve\",\"Challenge cup\"],\"articleSection\":[\"Rugby \u00e0 XV\"],\"inLanguage\":\"fr-FR\",\"potentialAction\":[{\"@type\":\"CommentAction\",\"name\":\"Comment\",\"target\":[\"https:\/\/dicodusport.fr\/blog\/challenge-cup-2024-2025-affiches-et-dates-des-8emes-de-finale\/#respond\"]}],\"copyrightYear\":\"2025\",\"copyrightHolder\":{\"@id\":\"https:\/\/dicodusport.fr\/blog\/#organization\"}},{\"@type\":\"WebPage\",\"@id\":\"https:\/\/dicodusport.fr\/blog\/challenge-cup-2024-2025-affiches-et-dates-des-8emes-de-finale\/\",\"url\":\"https:\/\/dicodusport.fr\/blog\/challenge-cup-2024-2025-affiches-et-dates-des-8emes-de-finale\/\",\"name\":\"Challenge Cup 2024-2025 : Affiches, dates et horaires des 8\u00e8mes de finale\",\"isPartOf\":{\"@id\":\"https:\/\/dicodusport.fr\/blog\/#website\"},\"primaryImageOfPage\":{\"@id\":\"https:\/\/dicodusport.fr\/blog\/challenge-cup-2024-2025-affiches-et-dates-des-8emes-de-finale\/#primaryimage\"},\"image\":{\"@id\":\"https:\/\/dicodusport.fr\/blog\/challenge-cup-2024-2025-affiches-et-dates-des-8emes-de-finale\/#primaryimage\"},\"thumbnailUrl\":\"https:\/\/dicodusport.fr\/blog\/wp-content\/uploads\/2025\/01\/Challenge-Cup-2024-2025-Affiches-et-dates-des-8emes-de-finale.png\",\"datePublished\":\"2025-01-22T10:38:31+00:00\",\"dateModified\":\"2025-04-05T18:12:41+00:00\",\"description\":\"CHALLENGE CUP 2024-2025 - Retrouvez le programme complet, les horaires et les r\u00e9sultats des 8\u00e8mes de finale de la Challenge Cup 2024-2025.\",\"breadcrumb\":{\"@id\":\"https:\/\/dicodusport.fr\/blog\/challenge-cup-2024-2025-affiches-et-dates-des-8emes-de-finale\/#breadcrumb\"},\"inLanguage\":\"fr-FR\",\"potentialAction\":[{\"@type\":\"ReadAction\",\"target\":[\"https:\/\/dicodusport.fr\/blog\/challenge-cup-2024-2025-affiches-et-dates-des-8emes-de-finale\/\"]}]},{\"@type\":\"ImageObject\",\"inLanguage\":\"fr-FR\",\"@id\":\"https:\/\/dicodusport.fr\/blog\/challenge-cup-2024-2025-affiches-et-dates-des-8emes-de-finale\/#primaryimage\",\"url\":\"https:\/\/dicodusport.fr\/blog\/wp-content\/uploads\/2025\/01\/Challenge-Cup-2024-2025-Affiches-et-dates-des-8emes-de-finale.png\",\"contentUrl\":\"https:\/\/dicodusport.fr\/blog\/wp-content\/uploads\/2025\/01\/Challenge-Cup-2024-2025-Affiches-et-dates-des-8emes-de-finale.png\",\"width\":1200,\"height\":674,\"caption\":\"Challenge Cup 2024-2025 Affiches et dates des 8\u00e8mes de finale\"},{\"@type\":\"BreadcrumbList\",\"@id\":\"https:\/\/dicodusport.fr\/blog\/challenge-cup-2024-2025-affiches-et-dates-des-8emes-de-finale\/#breadcrumb\",\"itemListElement\":[{\"@type\":\"ListItem\",\"position\":1,\"name\":\"Accueil\",\"item\":\"https:\/\/dicodusport.fr\/blog\/\"},{\"@type\":\"ListItem\",\"position\":2,\"name\":\"Challenge Cup 2024-2025 : Affiches, dates et horaires des 8\u00e8mes de finale\"}]},{\"@type\":\"WebSite\",\"@id\":\"https:\/\/dicodusport.fr\/blog\/#website\",\"url\":\"https:\/\/dicodusport.fr\/blog\/\",\"name\":\"Dicodusport\",\"description\":\"L&#039;encyclop\u00e9die de l&#039;actualit\u00e9 sportive\",\"publisher\":{\"@id\":\"https:\/\/dicodusport.fr\/blog\/#organization\"},\"potentialAction\":[{\"@type\":\"SearchAction\",\"target\":{\"@type\":\"EntryPoint\",\"urlTemplate\":\"https:\/\/dicodusport.fr\/blog\/?s={search_term_string}\"},\"query-input\":{\"@type\":\"PropertyValueSpecification\",\"valueRequired\":true,\"valueName\":\"search_term_string\"}}],\"inLanguage\":\"fr-FR\"},{\"@type\":\"NewsMediaOrganization\",\"@id\":\"https:\/\/dicodusport.fr\/blog\/#organization\",\"name\":\"Dicodusport\",\"url\":\"https:\/\/dicodusport.fr\/blog\/\",\"logo\":{\"@type\":\"ImageObject\",\"inLanguage\":\"fr-FR\",\"@id\":\"https:\/\/dicodusport.fr\/blog\/#\/schema\/logo\/image\/\",\"url\":\"https:\/\/dicodusport.fr\/blog\/wp-content\/uploads\/2020\/06\/cropped-LOGO-DICODUSPORT-2020-SANS-FOND-SANS-TEXTE.png\",\"contentUrl\":\"https:\/\/dicodusport.fr\/blog\/wp-content\/uploads\/2020\/06\/cropped-LOGO-DICODUSPORT-2020-SANS-FOND-SANS-TEXTE.png\",\"width\":512,\"height\":512,\"caption\":\"Dicodusport\"},\"image\":{\"@id\":\"https:\/\/dicodusport.fr\/blog\/#\/schema\/logo\/image\/\"},\"sameAs\":[\"https:\/\/www.facebook.com\/dicodusport\",\"https:\/\/x.com\/dicodusport\",\"https:\/\/www.instagram.com\/dicodusport\/\",\"https:\/\/www.youtube.com\/channel\/UC7V2KZ5sd3htJivAbA4ZG3w\"],\"description\":\"Dicodusport est l'encyclop\u00e9die de l'actualit\u00e9 sportive.\",\"email\":\"bonjour@dicodusport.fr\",\"legalName\":\"DICODUSPORT\",\"foundingDate\":\"2018-01-14\",\"vatID\":\"FR71834470973\",\"taxID\":\"83447097300043\",\"numberOfEmployees\":{\"@type\":\"QuantitativeValue\",\"minValue\":\"1\",\"maxValue\":\"10\"}},{\"@type\":\"Person\",\"@id\":\"https:\/\/dicodusport.fr\/blog\/#\/schema\/person\/cb02af4c173ce4a653b55e9baf388d4a\",\"name\":\"Flo Ostermann\",\"image\":{\"@type\":\"ImageObject\",\"inLanguage\":\"fr-FR\",\"@id\":\"https:\/\/dicodusport.fr\/blog\/#\/schema\/person\/image\/\",\"url\":\"https:\/\/dicodusport.fr\/blog\/wp-content\/uploads\/2021\/05\/Flo-Ostermann-150x150.jpg\",\"contentUrl\":\"https:\/\/dicodusport.fr\/blog\/wp-content\/uploads\/2021\/05\/Flo-Ostermann-150x150.jpg\",\"caption\":\"Flo Ostermann\"},\"description\":\"Journaliste\/R\u00e9dacteur depuis septembre 2015 - Mes premiers souvenirs dans le sport ? Les envol\u00e9es du Stade Toulousain et les duels Villeneuve-Schumacher et H\u00e4kkinen-Schumacher \u00e0 la fin des ann\u00e9es 90, la Coupe du monde de football en 1998, l\u2019exploit du XV de France face aux All Blacks en 1999, mais aussi Richard C\u0153ur de Lion qui vole sur les montagnes du Tour de France. Bien parti pour devenir professeur d\u2019EPS, les \u00e9v\u00e9nements de la vie (et la flemme d\u2019animer des s\u00e9ances de 3x500 m\u00e8tres toute ma vie) m\u2019ont conduit \u00e0 revoir mes plans. Me voil\u00e0 depuis fin 2017 sur Dicodusport, m\u00e9dia gr\u00e2ce (et pour) lequel je partage ma passion : le sport dans tous ses \u00e9tats. Le tout accompagn\u00e9 par les fous furieux et folles furieuses cit\u00e9s sur cette page !\",\"sameAs\":[\"https:\/\/www.facebook.com\/florent.ostermann\",\"https:\/\/x.com\/https:\/\/twitter.com\/FlOstermann\",\"admin\"],\"url\":\"https:\/\/dicodusport.fr\/blog\/author\/flo\/\"}]}<\/script>\n<!-- \/ Yoast SEO Premium plugin. -->","yoast_head_json":{"title":"Challenge Cup 2024-2025 : Affiches, dates et horaires des 8\u00e8mes de finale","description":"CHALLENGE CUP 2024-2025 - Retrouvez le programme complet, les horaires et les r\u00e9sultats des 8\u00e8mes de finale de la Challenge Cup 2024-2025.","robots":{"index":"index","follow":"follow","max-snippet":"max-snippet:-1","max-image-preview":"max-image-preview:large","max-video-preview":"max-video-preview:-1"},"canonical":"https:\/\/dicodusport.fr\/blog\/challenge-cup-2024-2025-affiches-et-dates-des-8emes-de-finale\/","og_locale":"fr_FR","og_type":"article","og_title":"Challenge Cup 2024-2025 : Affiches, dates et horaires des 8\u00e8mes de finale","og_description":"CHALLENGE CUP 2024-2025 - Retrouvez le programme complet, les horaires et les r\u00e9sultats des 8\u00e8mes de finale de la Challenge Cup 2024-2025.","og_url":"https:\/\/dicodusport.fr\/blog\/challenge-cup-2024-2025-affiches-et-dates-des-8emes-de-finale\/","og_site_name":"Dicodusport","article_publisher":"https:\/\/www.facebook.com\/dicodusport","article_author":"https:\/\/www.facebook.com\/florent.ostermann","article_published_time":"2025-01-22T10:38:31+00:00","article_modified_time":"2025-04-05T18:12:41+00:00","og_image":[{"width":1200,"height":674,"url":"https:\/\/dicodusport.fr\/blog\/wp-content\/uploads\/2025\/01\/Challenge-Cup-2024-2025-Affiches-et-dates-des-8emes-de-finale.png","type":"image\/png"}],"author":"Flo Ostermann","twitter_card":"summary_large_image","twitter_title":"Challenge Cup 2024-2025 : Affiches, dates et horaires des 8\u00e8mes de finale","twitter_creator":"@https:\/\/twitter.com\/FlOstermann","twitter_site":"@dicodusport","schema":{"@context":"https:\/\/schema.org","@graph":[{"@type":"NewsArticle","@id":"https:\/\/dicodusport.fr\/blog\/challenge-cup-2024-2025-affiches-et-dates-des-8emes-de-finale\/#article","isPartOf":{"@id":"https:\/\/dicodusport.fr\/blog\/challenge-cup-2024-2025-affiches-et-dates-des-8emes-de-finale\/"},"author":{"name":"Flo Ostermann","@id":"https:\/\/dicodusport.fr\/blog\/#\/schema\/person\/cb02af4c173ce4a653b55e9baf388d4a"},"headline":"Challenge Cup 2024-2025 : Affiches, dates et horaires des 8\u00e8mes de finale","datePublished":"2025-01-22T10:38:31+00:00","dateModified":"2025-04-05T18:12:41+00:00","mainEntityOfPage":{"@id":"https:\/\/dicodusport.fr\/blog\/challenge-cup-2024-2025-affiches-et-dates-des-8emes-de-finale\/"},"wordCount":249,"commentCount":0,"publisher":{"@id":"https:\/\/dicodusport.fr\/blog\/#organization"},"image":{"@id":"https:\/\/dicodusport.fr\/blog\/challenge-cup-2024-2025-affiches-et-dates-des-8emes-de-finale\/#primaryimage"},"thumbnailUrl":"https:\/\/dicodusport.fr\/blog\/wp-content\/uploads\/2025\/01\/Challenge-Cup-2024-2025-Affiches-et-dates-des-8emes-de-finale.png","keywords":["br\u00e8ve","Challenge cup"],"articleSection":["Rugby \u00e0 XV"],"inLanguage":"fr-FR","potentialAction":[{"@type":"CommentAction","name":"Comment","target":["https:\/\/dicodusport.fr\/blog\/challenge-cup-2024-2025-affiches-et-dates-des-8emes-de-finale\/#respond"]}],"copyrightYear":"2025","copyrightHolder":{"@id":"https:\/\/dicodusport.fr\/blog\/#organization"}},{"@type":"WebPage","@id":"https:\/\/dicodusport.fr\/blog\/challenge-cup-2024-2025-affiches-et-dates-des-8emes-de-finale\/","url":"https:\/\/dicodusport.fr\/blog\/challenge-cup-2024-2025-affiches-et-dates-des-8emes-de-finale\/","name":"Challenge Cup 2024-2025 : Affiches, dates et horaires des 8\u00e8mes de finale","isPartOf":{"@id":"https:\/\/dicodusport.fr\/blog\/#website"},"primaryImageOfPage":{"@id":"https:\/\/dicodusport.fr\/blog\/challenge-cup-2024-2025-affiches-et-dates-des-8emes-de-finale\/#primaryimage"},"image":{"@id":"https:\/\/dicodusport.fr\/blog\/challenge-cup-2024-2025-affiches-et-dates-des-8emes-de-finale\/#primaryimage"},"thumbnailUrl":"https:\/\/dicodusport.fr\/blog\/wp-content\/uploads\/2025\/01\/Challenge-Cup-2024-2025-Affiches-et-dates-des-8emes-de-finale.png","datePublished":"2025-01-22T10:38:31+00:00","dateModified":"2025-04-05T18:12:41+00:00","description":"CHALLENGE CUP 2024-2025 - Retrouvez le programme complet, les horaires et les r\u00e9sultats des 8\u00e8mes de finale de la Challenge Cup 2024-2025.","breadcrumb":{"@id":"https:\/\/dicodusport.fr\/blog\/challenge-cup-2024-2025-affiches-et-dates-des-8emes-de-finale\/#breadcrumb"},"inLanguage":"fr-FR","potentialAction":[{"@type":"ReadAction","target":["https:\/\/dicodusport.fr\/blog\/challenge-cup-2024-2025-affiches-et-dates-des-8emes-de-finale\/"]}]},{"@type":"ImageObject","inLanguage":"fr-FR","@id":"https:\/\/dicodusport.fr\/blog\/challenge-cup-2024-2025-affiches-et-dates-des-8emes-de-finale\/#primaryimage","url":"https:\/\/dicodusport.fr\/blog\/wp-content\/uploads\/2025\/01\/Challenge-Cup-2024-2025-Affiches-et-dates-des-8emes-de-finale.png","contentUrl":"https:\/\/dicodusport.fr\/blog\/wp-content\/uploads\/2025\/01\/Challenge-Cup-2024-2025-Affiches-et-dates-des-8emes-de-finale.png","width":1200,"height":674,"caption":"Challenge Cup 2024-2025 Affiches et dates des 8\u00e8mes de finale"},{"@type":"BreadcrumbList","@id":"https:\/\/dicodusport.fr\/blog\/challenge-cup-2024-2025-affiches-et-dates-des-8emes-de-finale\/#breadcrumb","itemListElement":[{"@type":"ListItem","position":1,"name":"Accueil","item":"https:\/\/dicodusport.fr\/blog\/"},{"@type":"ListItem","position":2,"name":"Challenge Cup 2024-2025 : Affiches, dates et horaires des 8\u00e8mes de finale"}]},{"@type":"WebSite","@id":"https:\/\/dicodusport.fr\/blog\/#website","url":"https:\/\/dicodusport.fr\/blog\/","name":"Dicodusport","description":"L&#039;encyclop\u00e9die de l&#039;actualit\u00e9 sportive","publisher":{"@id":"https:\/\/dicodusport.fr\/blog\/#organization"},"potentialAction":[{"@type":"SearchAction","target":{"@type":"EntryPoint","urlTemplate":"https:\/\/dicodusport.fr\/blog\/?s={search_term_string}"},"query-input":{"@type":"PropertyValueSpecification","valueRequired":true,"valueName":"search_term_string"}}],"inLanguage":"fr-FR"},{"@type":"NewsMediaOrganization","@id":"https:\/\/dicodusport.fr\/blog\/#organization","name":"Dicodusport","url":"https:\/\/dicodusport.fr\/blog\/","logo":{"@type":"ImageObject","inLanguage":"fr-FR","@id":"https:\/\/dicodusport.fr\/blog\/#\/schema\/logo\/image\/","url":"https:\/\/dicodusport.fr\/blog\/wp-content\/uploads\/2020\/06\/cropped-LOGO-DICODUSPORT-2020-SANS-FOND-SANS-TEXTE.png","contentUrl":"https:\/\/dicodusport.fr\/blog\/wp-content\/uploads\/2020\/06\/cropped-LOGO-DICODUSPORT-2020-SANS-FOND-SANS-TEXTE.png","width":512,"height":512,"caption":"Dicodusport"},"image":{"@id":"https:\/\/dicodusport.fr\/blog\/#\/schema\/logo\/image\/"},"sameAs":["https:\/\/www.facebook.com\/dicodusport","https:\/\/x.com\/dicodusport","https:\/\/www.instagram.com\/dicodusport\/","https:\/\/www.youtube.com\/channel\/UC7V2KZ5sd3htJivAbA4ZG3w"],"description":"Dicodusport est l'encyclop\u00e9die de l'actualit\u00e9 sportive.","email":"bonjour@dicodusport.fr","legalName":"DICODUSPORT","foundingDate":"2018-01-14","vatID":"FR71834470973","taxID":"83447097300043","numberOfEmployees":{"@type":"QuantitativeValue","minValue":"1","maxValue":"10"}},{"@type":"Person","@id":"https:\/\/dicodusport.fr\/blog\/#\/schema\/person\/cb02af4c173ce4a653b55e9baf388d4a","name":"Flo Ostermann","image":{"@type":"ImageObject","inLanguage":"fr-FR","@id":"https:\/\/dicodusport.fr\/blog\/#\/schema\/person\/image\/","url":"https:\/\/dicodusport.fr\/blog\/wp-content\/uploads\/2021\/05\/Flo-Ostermann-150x150.jpg","contentUrl":"https:\/\/dicodusport.fr\/blog\/wp-content\/uploads\/2021\/05\/Flo-Ostermann-150x150.jpg","caption":"Flo Ostermann"},"description":"Journaliste\/R\u00e9dacteur depuis septembre 2015 - Mes premiers souvenirs dans le sport ? Les envol\u00e9es du Stade Toulousain et les duels Villeneuve-Schumacher et H\u00e4kkinen-Schumacher \u00e0 la fin des ann\u00e9es 90, la Coupe du monde de football en 1998, l\u2019exploit du XV de France face aux All Blacks en 1999, mais aussi Richard C\u0153ur de Lion qui vole sur les montagnes du Tour de France. Bien parti pour devenir professeur d\u2019EPS, les \u00e9v\u00e9nements de la vie (et la flemme d\u2019animer des s\u00e9ances de 3x500 m\u00e8tres toute ma vie) m\u2019ont conduit \u00e0 revoir mes plans. Me voil\u00e0 depuis fin 2017 sur Dicodusport, m\u00e9dia gr\u00e2ce (et pour) lequel je partage ma passion : le sport dans tous ses \u00e9tats. Le tout accompagn\u00e9 par les fous furieux et folles furieuses cit\u00e9s sur cette page !","sameAs":["https:\/\/www.facebook.com\/florent.ostermann","https:\/\/x.com\/https:\/\/twitter.com\/FlOstermann","admin"],"url":"https:\/\/dicodusport.fr\/blog\/author\/flo\/"}]}},"_links":{"self":[{"href":"https:\/\/dicodusport.fr\/blog\/wp-json\/wp\/v2\/posts\/547445","targetHints":{"allow":["GET"]}}],"collection":[{"href":"https:\/\/dicodusport.fr\/blog\/wp-json\/wp\/v2\/posts"}],"about":[{"href":"https:\/\/dicodusport.fr\/blog\/wp-json\/wp\/v2\/types\/post"}],"author":[{"embeddable":true,"href":"https:\/\/dicodusport.fr\/blog\/wp-json\/wp\/v2\/users\/4"}],"replies":[{"embeddable":true,"href":"https:\/\/dicodusport.fr\/blog\/wp-json\/wp\/v2\/comments?post=547445"}],"version-history":[{"count":5,"href":"https:\/\/dicodusport.fr\/blog\/wp-json\/wp\/v2\/posts\/547445\/revisions"}],"predecessor-version":[{"id":570164,"href":"https:\/\/dicodusport.fr\/blog\/wp-json\/wp\/v2\/posts\/547445\/revisions\/570164"}],"wp:featuredmedia":[{"embeddable":true,"href":"https:\/\/dicodusport.fr\/blog\/wp-json\/wp\/v2\/media\/547448"}],"wp:attachment":[{"href":"https:\/\/dicodusport.fr\/blog\/wp-json\/wp\/v2\/media?parent=547445"}],"wp:term":[{"taxonomy":"category","embeddable":true,"href":"https:\/\/dicodusport.fr\/blog\/wp-json\/wp\/v2\/categories?post=547445"},{"taxonomy":"post_tag","embeddable":true,"href":"https:\/\/dicodusport.fr\/blog\/wp-json\/wp\/v2\/tags?post=547445"}],"curies":[{"name":"wp","href":"https:\/\/api.w.org\/{rel}","templated":true}]}}