{"id":547739,"date":"2025-01-18T19:30:21","date_gmt":"2025-01-18T18:30:21","guid":{"rendered":"https:\/\/dicodusport.fr\/blog\/?p=547739&#038;preview=true&#038;preview_id=547739"},"modified":"2025-01-18T19:54:29","modified_gmt":"2025-01-18T18:54:29","slug":"handball-ligue-des-champions-f-brest-sincline-face-a-gyor","status":"publish","type":"post","link":"https:\/\/dicodusport.fr\/blog\/handball-ligue-des-champions-f-brest-sincline-face-a-gyor\/","title":{"rendered":"Handball Ligue des Champions (F) : Brest s&rsquo;incline face \u00e0 Gy\u00f6r"},"content":{"rendered":"<h4 style=\"text-align: justify;\"><em>LIGUE DES CHAMPIONS DE HANDBALL 2024-2025 &#8211; <\/em><em>Encore une fois, Brest n&rsquo;est pas pass\u00e9 loin face \u00e0 Gy\u00f6r mais repart de Hongrie avec une d\u00e9faite.<\/em><strong><em><br \/>\n<\/em><\/strong><\/h4>\n<p style=\"text-align: justify;\"><strong>Brest<\/strong> se d\u00e9pla\u00e7ait en Hongrie pour affronter l&rsquo;ogre europ\u00e9en et champion d&rsquo;Europe en titre <strong>Gy\u00f6r<\/strong>. Celui-ci partait \u00e9videmment avec la faveur des pronostics. Surtout que les face-\u00e0-face \u00e9taient \u00e9galement largement en faveur du club hongrois. Mais lors du match aller, <a href=\"https:\/\/dicodusport.fr\/blog\/handball-ligue-des-champions-f-un-de-chute-pour-brest-face-a-gyor\/\" target=\"_blank\" rel=\"noopener\">Brest s&rsquo;\u00e9tait inclin\u00e9 de peu \u00e0 domicile<\/a>.<\/p>\n<ul>\n<li><strong>\u00c0 ce sujet \u2013\u00a0<a href=\"https:\/\/dicodusport.fr\/blog\/handball-ligue-des-champions-feminine-2024-2025-calendrier-et-resultats\/\">Handball Ligue des Champions f\u00e9minine 2024-2025 : Calendrier et r\u00e9sultats<\/a><\/strong><\/li>\n<\/ul>\n<h2 style=\"text-align: justify;\">Brest d\u00e9bute bien&#8230;<\/h2>\n<p style=\"text-align: justify;\">On assiste \u00e0 un d\u00e9but de match o\u00f9 les deux \u00e9quipes proposent un jeu rapide. Les buts s&rsquo;enchainent de part et d&rsquo;autre : 3-3 apr\u00e8s 5 minutes. Apr\u00e8s un ballon jou\u00e9 trop rapidement par Brest en sup\u00e9riorit\u00e9 num\u00e9rique, c&rsquo;est Gy\u00f6r qui prend la position du chass\u00e9. Si chaque but hongrois est suivi d&rsquo;un but fran\u00e7ais, l&rsquo;arr\u00eat de <strong>Katharina Filter<\/strong> sur jet de 7 m est suivi de l&rsquo;arr\u00eat de Sandra Toft devant M\u00e9line Nocandy.<\/p>\n<p style=\"text-align: justify;\">L&rsquo;Allemande Filter commence \u00e0 chauffer dans les cages avec 3 arr\u00eats cons\u00e9cutifs et Brest prend pour la premi\u00e8re fois 2 buts d&rsquo;avance (6-8). La d\u00e9fense de Brest pousse habilement ses adversaires \u00e0 prendre des tirs compliqu\u00e9s. Par deux fois, les Brestoises ratent le ballon du +3. Mais le repli d\u00e9fensif est efficace. La troisi\u00e8me ne sera toujours pas la bonne avec le tir \u00e0 l&rsquo;aile de Pauline Coatanea. Et derri\u00e8re, un missile de Bruna de Paula et un tir entre les jambes de Lukacs Gyori remet les \u00e9quipes \u00e0 \u00e9galit\u00e9 (9-9).<\/p>\n<h2 style=\"text-align: justify;\">&#8230; mais de Paula maintient le bateau Gy\u00f6r<\/h2>\n<p style=\"text-align: justify;\">Mais on l&rsquo;a dit, ce match bascule d&rsquo;un c\u00f4t\u00e9 comme de l&rsquo;autre \u00e0 toute vitesse. Car si Brest repasse une nouvelle fois devant (9-11), la vitesse une nouvelle fois de de Paula va permettre \u00e0 son \u00e9quipe de revenir \u00e0 hauteur. Ce qui va r\u00e9veiller (si besoin est), le public. Mais que ce soit \u00e0 l&rsquo;aile gauche ou \u00e0 l&rsquo;aile droite, <strong>Filter est imprenable (52% et d\u00e9j\u00e0 11 arr\u00eats)<\/strong>. La meilleure marqueuse brestoise (4 buts) Clarisse Mairot \u00e9cope de son 2e 2 minutes et Brest ne profite une nouvelle fois pas de sa sup\u00e9riorit\u00e9 num\u00e9rique (11-11).<\/p>\n<p style=\"text-align: justify;\">La d\u00e9fense hongroise s&rsquo;est resserr\u00e9e et provoque les passages en force adverses. <strong>Bruna de Paula<\/strong> qui n&rsquo;arr\u00eate pas d&rsquo;haranguer le public, inscrit coup sur coup 2 buts dont un sur une interception et Gy\u00f6r connait son plus grand \u00e9cart \u00e0 (13-11) \u00e0 moins de 2 minutes de la mi-temps. Et si <strong>Anna Vyakhireva<\/strong> mystifie Toft, de Paula en \u00e9tat de gr\u00e2ce continue son show avec son 5e but, tous inscrits dans les 10 derni\u00e8res minutes. C&rsquo;est finalement avec 1 but d&rsquo;avance que les locales retournent aux vestiaires (14-13).<\/p>\n<blockquote class=\"twitter-tweet\">\n<p dir=\"ltr\" lang=\"en\">\ud835\udc07\ud835\udc1a\ud835\udc25\ud835\udc1f-\ud835\udc2d\ud835\udc22\ud835\udc26\ud835\udc1e \u23f8\ufe0f<\/p>\n<p>Only one goal separates the two sides in Hungary after 30 minutes. Brest Bretagne Handball trail, despite having a better scoring percentage and seven more saves! <a href=\"https:\/\/twitter.com\/hashtag\/ehfcl?src=hash&amp;ref_src=twsrc%5Etfw\">#ehfcl<\/a> <a href=\"https:\/\/twitter.com\/hashtag\/clw?src=hash&amp;ref_src=twsrc%5Etfw\">#clw<\/a> <a href=\"https:\/\/twitter.com\/hashtag\/handball?src=hash&amp;ref_src=twsrc%5Etfw\">#handball<\/a> <a href=\"https:\/\/t.co\/XFNIadHxmt\">pic.twitter.com\/XFNIadHxmt<\/a><\/p>\n<p>\u2014 EHF Champions League (@ehfcl) <a href=\"https:\/\/twitter.com\/ehfcl\/status\/1880672068041429011?ref_src=twsrc%5Etfw\">January 18, 2025<\/a><\/p><\/blockquote>\n<p><script async src=\"https:\/\/platform.twitter.com\/widgets.js\" charset=\"utf-8\"><\/script><\/p>\n<h2 style=\"text-align: justify;\">Gy\u00f6r encore trop fort<\/h2>\n<p style=\"text-align: justify;\">Mais alors que le <strong>BBH<\/strong> avait directement \u00e9galis\u00e9 en ce d\u00e9but de seconde p\u00e9riode, Gy\u00f6r a fait du Gy\u00f6r, profitant des erreurs adverses. Et avec des arr\u00eats bien plac\u00e9s de Toft, l&rsquo;\u00e9cart a grimp\u00e9 \u00e0 +4 (19-15) puis +5 (21-16). Tout cela en 10 minutes.<\/p>\n<p style=\"text-align: justify;\">Cependant, profitant de contre-attaques jou\u00e9es rapidement, <strong>Coralie Lassource<\/strong> inscrit coup sur coup 3 buts pour r\u00e9duire l&rsquo;\u00e9cart (24-22). Et trouv\u00e9e \u00e0 l&rsquo;aile sur attaque plac\u00e9e, elle relance totalement l&rsquo;enjeu des 9 derni\u00e8res minutes (24-23). Mais sur une nouvelle contre-attaque apr\u00e8s un arr\u00eat de Filter, Coatanea ne peut pas doubler la mise et <strong>Hatadou Sako<\/strong> juste revenue dans les cages, r\u00e9alise l&rsquo;arr\u00eat. Dommage car derri\u00e8re, Gy\u00f6r se donne de l&rsquo;air (26-24). Elle aura eu peu de minutes de jeu mais Sako va arr\u00eater un jet de 7 m pour faire mal aux t\u00eates brestoises qui \u00e9taient dans un temps fort. Sur un nouveau ballon d&rsquo;\u00e9galisation, elle arr\u00eate par deux fois les tirs d&rsquo;Oriane Ondono. Et sur une nouvelle interception hongroise, l&rsquo;\u00e9cart passe \u00e0 +2 (26-24). D\u00e9cid\u00e9ment, Brest n&rsquo;y arrive pas.<\/p>\n<p style=\"text-align: justify;\">Pr\u00e9cieuse en d\u00e9but de rencontre, Anna Vyakhireva va multiplier les erreurs. Entre perte de balle et faute qui offre un jet de 7 m, la victoire s&rsquo;est envol\u00e9e pour Brest (28-25). Apr\u00e8s un ballon r\u00e9cup\u00e9r\u00e9 et en sup\u00e9riorit\u00e9 num\u00e9rique, la Russe tergiverse trop, Gy\u00f6r d\u00e9fend bien et fait tourner le chrono. Si Brest marque, il reste tr\u00e8s peu de temps. Score final : <strong>28-27 pour Gy\u00f6r<\/strong>. Encore une fois, un petit but d&rsquo;\u00e9cart entre les deux \u00e9quipes mais qui ne tourne pas en faveur de Brest. La Fran\u00e7aise <strong>Hatadou Sako<\/strong> aura fait mal en fin de rencontre avec ses 5 arr\u00eats \u00e0 56%, annihilant tout espoir de remont\u00e9e brestoise.<\/p>\n<blockquote class=\"twitter-tweet\">\n<p dir=\"ltr\" lang=\"fr\">\ud835\ude41\ud835\ude44\ud835\ude49 \ud835\ude3f\ud835\ude50 \ud835\ude48\ud835\ude3c\ud835\ude4f\ud835\ude3e\ud835\ude43 &#8211; \ud835\ude42\ud835\ude54\ud835\ude4a\ud835\ude4d \/ \ud835\ude3d\ud835\ude3d\ud835\ude43<\/p>\n<p>D\u00e9faite des Rebelles pour cette 10\u00e8me journ\u00e9e de Ligue des Champions face \u00e0 <a href=\"https:\/\/twitter.com\/audietokc_gyor?ref_src=twsrc%5Etfw\">@audietokc_gyor<\/a>.<\/p>\n<p>Nos Brestoises s\u2019inclinent 28 \u00e0 27 sur le terrain de Gyor. <a href=\"https:\/\/twitter.com\/ehfcl?ref_src=twsrc%5Etfw\">@ehfcl<\/a> <a href=\"https:\/\/twitter.com\/hashtag\/GYORBBH?src=hash&amp;ref_src=twsrc%5Etfw\">#GYORBBH<\/a> <a href=\"https:\/\/t.co\/ZEG21Lbib2\">pic.twitter.com\/ZEG21Lbib2<\/a><\/p>\n<p>\u2014 BBH officiel (@BBH_Officiel) <a href=\"https:\/\/twitter.com\/BBH_Officiel\/status\/1880686751188181231?ref_src=twsrc%5Etfw\">January 18, 2025<\/a><\/p><\/blockquote>\n<p><script async src=\"https:\/\/platform.twitter.com\/widgets.js\" charset=\"utf-8\"><\/script><\/p>\n<h2 style=\"text-align: justify;\">Brest verra le printemps europ\u00e9en<\/h2>\n<p style=\"text-align: justify;\">Gr\u00e2ce \u00e0 cette victoire, <strong>Gy\u00f6r<\/strong> assoit un peu plus sa domination du groupe B et s&rsquo;assure quasiment une place parmi les deux premiers du groupe. Derri\u00e8re, la chasse \u00e0 la deuxi\u00e8me place qualificative se jouera entre 3 \u00e9quipes : <strong>Team Esbjerg<\/strong>, <strong>Odense<\/strong> qui joue demain et peut passer devant Brest, et donc <strong>Brest<\/strong>. Car en d\u00e9but de semaine, c&rsquo;est un mini s\u00e9isme qui a eu lieu avec la liquidation du club de <strong>Vipers Kristiansand<\/strong>. Entra\u00eenant le retrait du club de la Ligue des Champions. La f\u00e9d\u00e9ration europ\u00e9enne a d\u00e9cid\u00e9 de conserver les r\u00e9sultats de l&rsquo;\u00e9quipe norv\u00e9gienne tout en attribuant une victoire sur tapis vert 10-0 aux 5 adversaires qui devaient encore la rencontrer. C&rsquo;est le cas de Team Esbjerg pour aujourd&rsquo;hui et Brest qui devait conclure la phase de groupes face \u00e0 elle.<\/p>\n<p style=\"text-align: justify;\">Avec ce forfait, <strong>Brest est assur\u00e9 de finir a minima parmi les 4 \u00e9quipes<\/strong> qui joueront les barrages pour rejoindre les quarts de finale. Mais pour r\u00eaver \u00e0 mieux, le club breton affrontera un concurrent direct en la personne de Team Esbjerg et devra engranger des points face \u00e0 Buducnost et Ludwigsburg.<\/p>\n","protected":false},"excerpt":{"rendered":"<p>Brest s&rsquo;incline face \u00e0 Gy\u00f6r.<\/p>\n","protected":false},"author":12,"featured_media":547792,"comment_status":"open","ping_status":"closed","sticky":false,"template":"","format":"standard","meta":{"_acf_changed":false,"_daextam_enable_autolinks":"1","footnotes":""},"categories":[2304],"tags":[32415,10118,3063,16878,2662,1480],"class_list":["post-547739","post","type-post","status-publish","format-standard","has-post-thumbnail","hentry","category-handball","tag-actu","tag-bbh","tag-brest-bretagne-handball","tag-breve","tag-ehfcl","tag-gyor"],"acf":[],"yoast_head":"<!-- This site is optimized with the Yoast SEO Premium plugin v26.7 (Yoast SEO v26.7) - https:\/\/yoast.com\/wordpress\/plugins\/seo\/ -->\n<title>Handball Ligue des Champions (F) : Brest s&#039;incline face \u00e0 Gy\u00f6r<\/title>\n<meta name=\"description\" content=\"LIGUE DES CHAMPIONS DE HANDBALL 2024-2025 - Encore une fois, Brest n&#039;est pas pass\u00e9 loin face \u00e0 Gy\u00f6r mais repart de Hongrie avec une d\u00e9faite.\" \/>\n<meta name=\"robots\" content=\"index, follow, max-snippet:-1, max-image-preview:large, max-video-preview:-1\" \/>\n<link rel=\"canonical\" href=\"https:\/\/dicodusport.fr\/blog\/handball-ligue-des-champions-f-brest-sincline-face-a-gyor\/\" \/>\n<meta property=\"og:locale\" content=\"fr_FR\" \/>\n<meta property=\"og:type\" content=\"article\" \/>\n<meta property=\"og:title\" content=\"Handball Ligue des Champions (F) : Brest s&#039;incline face \u00e0 Gy\u00f6r\" \/>\n<meta property=\"og:description\" content=\"LIGUE DES CHAMPIONS DE HANDBALL 2024-2025 - Encore une fois, Brest n&#039;est pas pass\u00e9 loin face \u00e0 Gy\u00f6r mais repart de Hongrie avec une d\u00e9faite.\" \/>\n<meta property=\"og:url\" content=\"https:\/\/dicodusport.fr\/blog\/handball-ligue-des-champions-f-brest-sincline-face-a-gyor\/\" \/>\n<meta property=\"og:site_name\" content=\"Dicodusport\" \/>\n<meta property=\"article:publisher\" content=\"https:\/\/www.facebook.com\/dicodusport\" \/>\n<meta property=\"article:published_time\" content=\"2025-01-18T18:30:21+00:00\" \/>\n<meta property=\"article:modified_time\" content=\"2025-01-18T18:54:29+00:00\" \/>\n<meta property=\"og:image\" content=\"https:\/\/dicodusport.fr\/blog\/wp-content\/uploads\/2025\/01\/Handball-Ligue-des-Champions-F-Brest-sincline-face-a-Gyor.png\" \/>\n\t<meta property=\"og:image:width\" content=\"1200\" \/>\n\t<meta property=\"og:image:height\" content=\"674\" \/>\n\t<meta property=\"og:image:type\" content=\"image\/png\" \/>\n<meta name=\"author\" content=\"Arlette Yeye\" \/>\n<meta name=\"twitter:card\" content=\"summary_large_image\" \/>\n<meta name=\"twitter:title\" content=\"Handball Ligue des Champions (F) : Brest s&#039;incline face \u00e0 Gy\u00f6r\" \/>\n<meta name=\"twitter:creator\" content=\"@https:\/\/twitter.com\/Shiclette94\" \/>\n<meta name=\"twitter:site\" content=\"@dicodusport\" \/>\n<script type=\"application\/ld+json\" class=\"yoast-schema-graph\">{\"@context\":\"https:\/\/schema.org\",\"@graph\":[{\"@type\":\"NewsArticle\",\"@id\":\"https:\/\/dicodusport.fr\/blog\/handball-ligue-des-champions-f-brest-sincline-face-a-gyor\/#article\",\"isPartOf\":{\"@id\":\"https:\/\/dicodusport.fr\/blog\/handball-ligue-des-champions-f-brest-sincline-face-a-gyor\/\"},\"author\":{\"name\":\"Arlette Yeye\",\"@id\":\"https:\/\/dicodusport.fr\/blog\/#\/schema\/person\/cce96fa88785bd8573e3d43078ac8c79\"},\"headline\":\"Handball Ligue des Champions (F) : Brest s&rsquo;incline face \u00e0 Gy\u00f6r\",\"datePublished\":\"2025-01-18T18:30:21+00:00\",\"dateModified\":\"2025-01-18T18:54:29+00:00\",\"mainEntityOfPage\":{\"@id\":\"https:\/\/dicodusport.fr\/blog\/handball-ligue-des-champions-f-brest-sincline-face-a-gyor\/\"},\"wordCount\":1088,\"commentCount\":0,\"publisher\":{\"@id\":\"https:\/\/dicodusport.fr\/blog\/#organization\"},\"image\":{\"@id\":\"https:\/\/dicodusport.fr\/blog\/handball-ligue-des-champions-f-brest-sincline-face-a-gyor\/#primaryimage\"},\"thumbnailUrl\":\"https:\/\/dicodusport.fr\/blog\/wp-content\/uploads\/2025\/01\/Handball-Ligue-des-Champions-F-Brest-sincline-face-a-Gyor.png\",\"keywords\":[\"actu\",\"BBH\",\"Brest Bretagne Handball\",\"br\u00e8ve\",\"EHFCL\",\"G\u00ffor\"],\"articleSection\":[\"Handball\"],\"inLanguage\":\"fr-FR\",\"potentialAction\":[{\"@type\":\"CommentAction\",\"name\":\"Comment\",\"target\":[\"https:\/\/dicodusport.fr\/blog\/handball-ligue-des-champions-f-brest-sincline-face-a-gyor\/#respond\"]}],\"copyrightYear\":\"2025\",\"copyrightHolder\":{\"@id\":\"https:\/\/dicodusport.fr\/blog\/#organization\"}},{\"@type\":\"WebPage\",\"@id\":\"https:\/\/dicodusport.fr\/blog\/handball-ligue-des-champions-f-brest-sincline-face-a-gyor\/\",\"url\":\"https:\/\/dicodusport.fr\/blog\/handball-ligue-des-champions-f-brest-sincline-face-a-gyor\/\",\"name\":\"Handball Ligue des Champions (F) : Brest s'incline face \u00e0 Gy\u00f6r\",\"isPartOf\":{\"@id\":\"https:\/\/dicodusport.fr\/blog\/#website\"},\"primaryImageOfPage\":{\"@id\":\"https:\/\/dicodusport.fr\/blog\/handball-ligue-des-champions-f-brest-sincline-face-a-gyor\/#primaryimage\"},\"image\":{\"@id\":\"https:\/\/dicodusport.fr\/blog\/handball-ligue-des-champions-f-brest-sincline-face-a-gyor\/#primaryimage\"},\"thumbnailUrl\":\"https:\/\/dicodusport.fr\/blog\/wp-content\/uploads\/2025\/01\/Handball-Ligue-des-Champions-F-Brest-sincline-face-a-Gyor.png\",\"datePublished\":\"2025-01-18T18:30:21+00:00\",\"dateModified\":\"2025-01-18T18:54:29+00:00\",\"description\":\"LIGUE DES CHAMPIONS DE HANDBALL 2024-2025 - Encore une fois, Brest n'est pas pass\u00e9 loin face \u00e0 Gy\u00f6r mais repart de Hongrie avec une d\u00e9faite.\",\"breadcrumb\":{\"@id\":\"https:\/\/dicodusport.fr\/blog\/handball-ligue-des-champions-f-brest-sincline-face-a-gyor\/#breadcrumb\"},\"inLanguage\":\"fr-FR\",\"potentialAction\":[{\"@type\":\"ReadAction\",\"target\":[\"https:\/\/dicodusport.fr\/blog\/handball-ligue-des-champions-f-brest-sincline-face-a-gyor\/\"]}]},{\"@type\":\"ImageObject\",\"inLanguage\":\"fr-FR\",\"@id\":\"https:\/\/dicodusport.fr\/blog\/handball-ligue-des-champions-f-brest-sincline-face-a-gyor\/#primaryimage\",\"url\":\"https:\/\/dicodusport.fr\/blog\/wp-content\/uploads\/2025\/01\/Handball-Ligue-des-Champions-F-Brest-sincline-face-a-Gyor.png\",\"contentUrl\":\"https:\/\/dicodusport.fr\/blog\/wp-content\/uploads\/2025\/01\/Handball-Ligue-des-Champions-F-Brest-sincline-face-a-Gyor.png\",\"width\":1200,\"height\":674,\"caption\":\"Handball Ligue des Champions (F) Brest s'incline face \u00e0 Gy\u00f6r\"},{\"@type\":\"BreadcrumbList\",\"@id\":\"https:\/\/dicodusport.fr\/blog\/handball-ligue-des-champions-f-brest-sincline-face-a-gyor\/#breadcrumb\",\"itemListElement\":[{\"@type\":\"ListItem\",\"position\":1,\"name\":\"Accueil\",\"item\":\"https:\/\/dicodusport.fr\/blog\/\"},{\"@type\":\"ListItem\",\"position\":2,\"name\":\"Handball Ligue des Champions (F) : Brest s&#8217;incline face \u00e0 Gy\u00f6r\"}]},{\"@type\":\"WebSite\",\"@id\":\"https:\/\/dicodusport.fr\/blog\/#website\",\"url\":\"https:\/\/dicodusport.fr\/blog\/\",\"name\":\"Dicodusport\",\"description\":\"L&#039;encyclop\u00e9die de l&#039;actualit\u00e9 sportive\",\"publisher\":{\"@id\":\"https:\/\/dicodusport.fr\/blog\/#organization\"},\"potentialAction\":[{\"@type\":\"SearchAction\",\"target\":{\"@type\":\"EntryPoint\",\"urlTemplate\":\"https:\/\/dicodusport.fr\/blog\/?s={search_term_string}\"},\"query-input\":{\"@type\":\"PropertyValueSpecification\",\"valueRequired\":true,\"valueName\":\"search_term_string\"}}],\"inLanguage\":\"fr-FR\"},{\"@type\":\"NewsMediaOrganization\",\"@id\":\"https:\/\/dicodusport.fr\/blog\/#organization\",\"name\":\"Dicodusport\",\"url\":\"https:\/\/dicodusport.fr\/blog\/\",\"logo\":{\"@type\":\"ImageObject\",\"inLanguage\":\"fr-FR\",\"@id\":\"https:\/\/dicodusport.fr\/blog\/#\/schema\/logo\/image\/\",\"url\":\"https:\/\/dicodusport.fr\/blog\/wp-content\/uploads\/2020\/06\/cropped-LOGO-DICODUSPORT-2020-SANS-FOND-SANS-TEXTE.png\",\"contentUrl\":\"https:\/\/dicodusport.fr\/blog\/wp-content\/uploads\/2020\/06\/cropped-LOGO-DICODUSPORT-2020-SANS-FOND-SANS-TEXTE.png\",\"width\":512,\"height\":512,\"caption\":\"Dicodusport\"},\"image\":{\"@id\":\"https:\/\/dicodusport.fr\/blog\/#\/schema\/logo\/image\/\"},\"sameAs\":[\"https:\/\/www.facebook.com\/dicodusport\",\"https:\/\/x.com\/dicodusport\",\"https:\/\/www.instagram.com\/dicodusport\/\",\"https:\/\/www.youtube.com\/channel\/UC7V2KZ5sd3htJivAbA4ZG3w\"],\"description\":\"Dicodusport est l'encyclop\u00e9die de l'actualit\u00e9 sportive.\",\"email\":\"bonjour@dicodusport.fr\",\"legalName\":\"DICODUSPORT\",\"foundingDate\":\"2018-01-14\",\"vatID\":\"FR71834470973\",\"taxID\":\"83447097300043\",\"numberOfEmployees\":{\"@type\":\"QuantitativeValue\",\"minValue\":\"1\",\"maxValue\":\"10\"}},{\"@type\":\"Person\",\"@id\":\"https:\/\/dicodusport.fr\/blog\/#\/schema\/person\/cce96fa88785bd8573e3d43078ac8c79\",\"name\":\"Arlette Yeye\",\"image\":{\"@type\":\"ImageObject\",\"inLanguage\":\"fr-FR\",\"@id\":\"https:\/\/dicodusport.fr\/blog\/#\/schema\/person\/image\/\",\"url\":\"https:\/\/secure.gravatar.com\/avatar\/dca4a6239e6d708e46c45d60e160de6c?s=96&d=wp_user_avatar&r=g\",\"contentUrl\":\"https:\/\/secure.gravatar.com\/avatar\/dca4a6239e6d708e46c45d60e160de6c?s=96&d=wp_user_avatar&r=g\",\"caption\":\"Arlette Yeye\"},\"description\":\"Journaliste\/r\u00e9dactrice depuis septembre 2015 - Supportrice de Chelsea, j'ai pour sports de pr\u00e9dilection le handball, l'athl\u00e9tisme et le tennis. Si je tweete plus vite que mon ombre, vous pouvez aussi me retrouver les week-ends sur les playgrounds de Bruxelles pour un petit foot ou basket entre potes. Parcourir la France, l'Europe et plus si affinit\u00e9s pour suivre mes sportifs pr\u00e9f\u00e9r\u00e9s ? Mon kif ! Et c'est avec plaisir que je partage les r\u00e9sultats des sports populaires mais \u00e9galement plus confidentiels pour Dicodusport.\",\"sameAs\":[\"https:\/\/x.com\/https:\/\/twitter.com\/Shiclette94\"],\"url\":\"https:\/\/dicodusport.fr\/blog\/author\/arlette\/\"}]}<\/script>\n<!-- \/ Yoast SEO Premium plugin. -->","yoast_head_json":{"title":"Handball Ligue des Champions (F) : Brest s'incline face \u00e0 Gy\u00f6r","description":"LIGUE DES CHAMPIONS DE HANDBALL 2024-2025 - Encore une fois, Brest n'est pas pass\u00e9 loin face \u00e0 Gy\u00f6r mais repart de Hongrie avec une d\u00e9faite.","robots":{"index":"index","follow":"follow","max-snippet":"max-snippet:-1","max-image-preview":"max-image-preview:large","max-video-preview":"max-video-preview:-1"},"canonical":"https:\/\/dicodusport.fr\/blog\/handball-ligue-des-champions-f-brest-sincline-face-a-gyor\/","og_locale":"fr_FR","og_type":"article","og_title":"Handball Ligue des Champions (F) : Brest s'incline face \u00e0 Gy\u00f6r","og_description":"LIGUE DES CHAMPIONS DE HANDBALL 2024-2025 - Encore une fois, Brest n'est pas pass\u00e9 loin face \u00e0 Gy\u00f6r mais repart de Hongrie avec une d\u00e9faite.","og_url":"https:\/\/dicodusport.fr\/blog\/handball-ligue-des-champions-f-brest-sincline-face-a-gyor\/","og_site_name":"Dicodusport","article_publisher":"https:\/\/www.facebook.com\/dicodusport","article_published_time":"2025-01-18T18:30:21+00:00","article_modified_time":"2025-01-18T18:54:29+00:00","og_image":[{"width":1200,"height":674,"url":"https:\/\/dicodusport.fr\/blog\/wp-content\/uploads\/2025\/01\/Handball-Ligue-des-Champions-F-Brest-sincline-face-a-Gyor.png","type":"image\/png"}],"author":"Arlette Yeye","twitter_card":"summary_large_image","twitter_title":"Handball Ligue des Champions (F) : Brest s'incline face \u00e0 Gy\u00f6r","twitter_creator":"@https:\/\/twitter.com\/Shiclette94","twitter_site":"@dicodusport","schema":{"@context":"https:\/\/schema.org","@graph":[{"@type":"NewsArticle","@id":"https:\/\/dicodusport.fr\/blog\/handball-ligue-des-champions-f-brest-sincline-face-a-gyor\/#article","isPartOf":{"@id":"https:\/\/dicodusport.fr\/blog\/handball-ligue-des-champions-f-brest-sincline-face-a-gyor\/"},"author":{"name":"Arlette Yeye","@id":"https:\/\/dicodusport.fr\/blog\/#\/schema\/person\/cce96fa88785bd8573e3d43078ac8c79"},"headline":"Handball Ligue des Champions (F) : Brest s&rsquo;incline face \u00e0 Gy\u00f6r","datePublished":"2025-01-18T18:30:21+00:00","dateModified":"2025-01-18T18:54:29+00:00","mainEntityOfPage":{"@id":"https:\/\/dicodusport.fr\/blog\/handball-ligue-des-champions-f-brest-sincline-face-a-gyor\/"},"wordCount":1088,"commentCount":0,"publisher":{"@id":"https:\/\/dicodusport.fr\/blog\/#organization"},"image":{"@id":"https:\/\/dicodusport.fr\/blog\/handball-ligue-des-champions-f-brest-sincline-face-a-gyor\/#primaryimage"},"thumbnailUrl":"https:\/\/dicodusport.fr\/blog\/wp-content\/uploads\/2025\/01\/Handball-Ligue-des-Champions-F-Brest-sincline-face-a-Gyor.png","keywords":["actu","BBH","Brest Bretagne Handball","br\u00e8ve","EHFCL","G\u00ffor"],"articleSection":["Handball"],"inLanguage":"fr-FR","potentialAction":[{"@type":"CommentAction","name":"Comment","target":["https:\/\/dicodusport.fr\/blog\/handball-ligue-des-champions-f-brest-sincline-face-a-gyor\/#respond"]}],"copyrightYear":"2025","copyrightHolder":{"@id":"https:\/\/dicodusport.fr\/blog\/#organization"}},{"@type":"WebPage","@id":"https:\/\/dicodusport.fr\/blog\/handball-ligue-des-champions-f-brest-sincline-face-a-gyor\/","url":"https:\/\/dicodusport.fr\/blog\/handball-ligue-des-champions-f-brest-sincline-face-a-gyor\/","name":"Handball Ligue des Champions (F) : Brest s'incline face \u00e0 Gy\u00f6r","isPartOf":{"@id":"https:\/\/dicodusport.fr\/blog\/#website"},"primaryImageOfPage":{"@id":"https:\/\/dicodusport.fr\/blog\/handball-ligue-des-champions-f-brest-sincline-face-a-gyor\/#primaryimage"},"image":{"@id":"https:\/\/dicodusport.fr\/blog\/handball-ligue-des-champions-f-brest-sincline-face-a-gyor\/#primaryimage"},"thumbnailUrl":"https:\/\/dicodusport.fr\/blog\/wp-content\/uploads\/2025\/01\/Handball-Ligue-des-Champions-F-Brest-sincline-face-a-Gyor.png","datePublished":"2025-01-18T18:30:21+00:00","dateModified":"2025-01-18T18:54:29+00:00","description":"LIGUE DES CHAMPIONS DE HANDBALL 2024-2025 - Encore une fois, Brest n'est pas pass\u00e9 loin face \u00e0 Gy\u00f6r mais repart de Hongrie avec une d\u00e9faite.","breadcrumb":{"@id":"https:\/\/dicodusport.fr\/blog\/handball-ligue-des-champions-f-brest-sincline-face-a-gyor\/#breadcrumb"},"inLanguage":"fr-FR","potentialAction":[{"@type":"ReadAction","target":["https:\/\/dicodusport.fr\/blog\/handball-ligue-des-champions-f-brest-sincline-face-a-gyor\/"]}]},{"@type":"ImageObject","inLanguage":"fr-FR","@id":"https:\/\/dicodusport.fr\/blog\/handball-ligue-des-champions-f-brest-sincline-face-a-gyor\/#primaryimage","url":"https:\/\/dicodusport.fr\/blog\/wp-content\/uploads\/2025\/01\/Handball-Ligue-des-Champions-F-Brest-sincline-face-a-Gyor.png","contentUrl":"https:\/\/dicodusport.fr\/blog\/wp-content\/uploads\/2025\/01\/Handball-Ligue-des-Champions-F-Brest-sincline-face-a-Gyor.png","width":1200,"height":674,"caption":"Handball Ligue des Champions (F) Brest s'incline face \u00e0 Gy\u00f6r"},{"@type":"BreadcrumbList","@id":"https:\/\/dicodusport.fr\/blog\/handball-ligue-des-champions-f-brest-sincline-face-a-gyor\/#breadcrumb","itemListElement":[{"@type":"ListItem","position":1,"name":"Accueil","item":"https:\/\/dicodusport.fr\/blog\/"},{"@type":"ListItem","position":2,"name":"Handball Ligue des Champions (F) : Brest s&#8217;incline face \u00e0 Gy\u00f6r"}]},{"@type":"WebSite","@id":"https:\/\/dicodusport.fr\/blog\/#website","url":"https:\/\/dicodusport.fr\/blog\/","name":"Dicodusport","description":"L&#039;encyclop\u00e9die de l&#039;actualit\u00e9 sportive","publisher":{"@id":"https:\/\/dicodusport.fr\/blog\/#organization"},"potentialAction":[{"@type":"SearchAction","target":{"@type":"EntryPoint","urlTemplate":"https:\/\/dicodusport.fr\/blog\/?s={search_term_string}"},"query-input":{"@type":"PropertyValueSpecification","valueRequired":true,"valueName":"search_term_string"}}],"inLanguage":"fr-FR"},{"@type":"NewsMediaOrganization","@id":"https:\/\/dicodusport.fr\/blog\/#organization","name":"Dicodusport","url":"https:\/\/dicodusport.fr\/blog\/","logo":{"@type":"ImageObject","inLanguage":"fr-FR","@id":"https:\/\/dicodusport.fr\/blog\/#\/schema\/logo\/image\/","url":"https:\/\/dicodusport.fr\/blog\/wp-content\/uploads\/2020\/06\/cropped-LOGO-DICODUSPORT-2020-SANS-FOND-SANS-TEXTE.png","contentUrl":"https:\/\/dicodusport.fr\/blog\/wp-content\/uploads\/2020\/06\/cropped-LOGO-DICODUSPORT-2020-SANS-FOND-SANS-TEXTE.png","width":512,"height":512,"caption":"Dicodusport"},"image":{"@id":"https:\/\/dicodusport.fr\/blog\/#\/schema\/logo\/image\/"},"sameAs":["https:\/\/www.facebook.com\/dicodusport","https:\/\/x.com\/dicodusport","https:\/\/www.instagram.com\/dicodusport\/","https:\/\/www.youtube.com\/channel\/UC7V2KZ5sd3htJivAbA4ZG3w"],"description":"Dicodusport est l'encyclop\u00e9die de l'actualit\u00e9 sportive.","email":"bonjour@dicodusport.fr","legalName":"DICODUSPORT","foundingDate":"2018-01-14","vatID":"FR71834470973","taxID":"83447097300043","numberOfEmployees":{"@type":"QuantitativeValue","minValue":"1","maxValue":"10"}},{"@type":"Person","@id":"https:\/\/dicodusport.fr\/blog\/#\/schema\/person\/cce96fa88785bd8573e3d43078ac8c79","name":"Arlette Yeye","image":{"@type":"ImageObject","inLanguage":"fr-FR","@id":"https:\/\/dicodusport.fr\/blog\/#\/schema\/person\/image\/","url":"https:\/\/secure.gravatar.com\/avatar\/dca4a6239e6d708e46c45d60e160de6c?s=96&d=wp_user_avatar&r=g","contentUrl":"https:\/\/secure.gravatar.com\/avatar\/dca4a6239e6d708e46c45d60e160de6c?s=96&d=wp_user_avatar&r=g","caption":"Arlette Yeye"},"description":"Journaliste\/r\u00e9dactrice depuis septembre 2015 - Supportrice de Chelsea, j'ai pour sports de pr\u00e9dilection le handball, l'athl\u00e9tisme et le tennis. Si je tweete plus vite que mon ombre, vous pouvez aussi me retrouver les week-ends sur les playgrounds de Bruxelles pour un petit foot ou basket entre potes. Parcourir la France, l'Europe et plus si affinit\u00e9s pour suivre mes sportifs pr\u00e9f\u00e9r\u00e9s ? Mon kif ! Et c'est avec plaisir que je partage les r\u00e9sultats des sports populaires mais \u00e9galement plus confidentiels pour Dicodusport.","sameAs":["https:\/\/x.com\/https:\/\/twitter.com\/Shiclette94"],"url":"https:\/\/dicodusport.fr\/blog\/author\/arlette\/"}]}},"_links":{"self":[{"href":"https:\/\/dicodusport.fr\/blog\/wp-json\/wp\/v2\/posts\/547739","targetHints":{"allow":["GET"]}}],"collection":[{"href":"https:\/\/dicodusport.fr\/blog\/wp-json\/wp\/v2\/posts"}],"about":[{"href":"https:\/\/dicodusport.fr\/blog\/wp-json\/wp\/v2\/types\/post"}],"author":[{"embeddable":true,"href":"https:\/\/dicodusport.fr\/blog\/wp-json\/wp\/v2\/users\/12"}],"replies":[{"embeddable":true,"href":"https:\/\/dicodusport.fr\/blog\/wp-json\/wp\/v2\/comments?post=547739"}],"version-history":[{"count":5,"href":"https:\/\/dicodusport.fr\/blog\/wp-json\/wp\/v2\/posts\/547739\/revisions"}],"predecessor-version":[{"id":547806,"href":"https:\/\/dicodusport.fr\/blog\/wp-json\/wp\/v2\/posts\/547739\/revisions\/547806"}],"wp:featuredmedia":[{"embeddable":true,"href":"https:\/\/dicodusport.fr\/blog\/wp-json\/wp\/v2\/media\/547792"}],"wp:attachment":[{"href":"https:\/\/dicodusport.fr\/blog\/wp-json\/wp\/v2\/media?parent=547739"}],"wp:term":[{"taxonomy":"category","embeddable":true,"href":"https:\/\/dicodusport.fr\/blog\/wp-json\/wp\/v2\/categories?post=547739"},{"taxonomy":"post_tag","embeddable":true,"href":"https:\/\/dicodusport.fr\/blog\/wp-json\/wp\/v2\/tags?post=547739"}],"curies":[{"name":"wp","href":"https:\/\/api.w.org\/{rel}","templated":true}]}}