{"id":54792,"date":"2019-12-11T13:18:55","date_gmt":"2019-12-11T12:18:55","guid":{"rendered":"http:\/\/dicodusport.fr\/blog\/?p=54792&#038;preview=true&#038;preview_id=54792"},"modified":"2019-12-11T13:49:22","modified_gmt":"2019-12-11T12:49:22","slug":"ol-leipzig-la-cacophonie-de-rudi-garcia","status":"publish","type":"post","link":"https:\/\/dicodusport.fr\/blog\/ol-leipzig-la-cacophonie-de-rudi-garcia\/","title":{"rendered":"OL &#8211; Leipzig : La cacophonie de Rudi Garcia"},"content":{"rendered":"<p style=\"text-align: justify;\"><em><strong>Si\u00a0l&rsquo;Olympique Lyonnais s&rsquo;est miraculeusement qualifi\u00e9 pour les huiti\u00e8mes de finale de la Ligue des Champions en arrachant le nul face \u00e0 Leipzig, ce n&rsquo;est certainement pas gr\u00e2ce \u00e0 son entra\u00eeneur, <a href=\"https:\/\/www.sofoot.com\/rudi-garcia.html\" target=\"_blank\" rel=\"noopener\">Rudi Garcia<\/a>, qui a une nouvelle fois montr\u00e9 ses limites.<\/strong><\/em><\/p>\n<p style=\"text-align: justify;\">La premi\u00e8re p\u00e9riode de l&rsquo;<strong>Olympique Lyonnais<\/strong> a \u00e9t\u00e9 l&rsquo;une des pires de l&rsquo;histoire du club en Ligue des Champions. <strong>Rudi Garcia<\/strong>, entra\u00eeneur depuis maintenant plusieurs semaines, a tout fait \u00e0 l&rsquo;envers, ou presque :<\/p>\n<ul>\n<li style=\"text-align: justify;\">Titulariser\u00a0<strong>Rafael<\/strong> dans le couloir gauche alors que cela n&rsquo;a jamais march\u00e9 et qu&rsquo;au contraire, le Br\u00e9silien a toujours montr\u00e9 ses limites en \u00e9voluant \u00e0 ce poste, m\u00eame en Ligue 1. <strong>Mar\u00e7al<\/strong>, sp\u00e9cialiste du poste, \u00e9tait sur le banc et est entr\u00e9 en jeu en fin de rencontre.<\/li>\n<li style=\"text-align: justify;\">Titulariser <strong>Tete<\/strong> \u00e0 droite qui encha\u00eene les contre-performances, alors que <strong>Rafael<\/strong> aurait pu \u00e9voluer \u00e0 ce poste.<\/li>\n<li style=\"text-align: justify;\">Le choix du 4231 avec deux ailiers qui n&rsquo;en sont pas et qui ne d\u00e9bordent pas pour amener le danger dans la surface. <strong>Moussa Demb\u00e9l\u00e9<\/strong> n&rsquo;a pas vu un seul centre arriver. <strong>Houssem Aouar<\/strong> est un joueur axial, <strong>Martin Terrier<\/strong> aussi.<\/li>\n<li style=\"text-align: justify;\">Isoler <strong>Houssem Aouar<\/strong> sur un c\u00f4t\u00e9 alors qu&rsquo;il est le leader technique. Le jeune Lyonnais doit \u00e9voluer dans le c\u0153ur du jeu pour avoir une vraie influence sur le jeu de son \u00e9quipe. Si <strong>Lyon<\/strong> est encore en Ligue des Champions, c&rsquo;est \u00e0 mettre \u00e0 son cr\u00e9dit.<\/li>\n<li style=\"text-align: justify;\">La paire <strong>Lucas Tousart &#8211; Thiago Mendes<\/strong>, \u00e7a ne marche pas ! Le technicien s&rsquo;ent\u00eate avec cette paire o\u00f9 les deux joueurs ont des profils similaires. Un r\u00e9cup\u00e9rateur et un vrai relayeur technique, m\u00eame dans un milieu \u00e0 2, c&rsquo;est indispensable en Ligue des Champions.<\/li>\n<li style=\"text-align: justify;\"><strong>Jeff Reine-Ad\u00e9la\u00efde<\/strong> sur le banc, mais pourquoi ? Peu de satisfactions c\u00f4t\u00e9 lyonnais ces derni\u00e8res semaines, mais si un joueur sort du lot, c&rsquo;est lui !<\/li>\n<li style=\"text-align: justify;\">Pourquoi des changements si tard ? Il a fallu attendre une heure pour que <strong>Rudi Garcia<\/strong> r\u00e9agisse alors que son \u00e9quipe \u00e9tait ultra domin\u00e9e et \u00e9limin\u00e9e. Aucun attaquant n&rsquo;est entr\u00e9 en jeu alors que l&rsquo;OL \u00e9tait \u00e9limin\u00e9 jusqu&rsquo;\u00e0 la 83\u00e8me.<\/li>\n<\/ul>\n<p style=\"text-align: justify;\">Au final, la qualification est au bout et certains diront que l&rsquo;entra\u00eeneur de l&rsquo;<strong>Olympique Lyonnais<\/strong> a r\u00e9ussi son coup. C&rsquo;est faux. Si l&rsquo;OL est encore en Ligue des Champions, elle le doit \u00e0 une part de r\u00e9ussite et \u00e0 quelques joueurs comme <strong>Houssem Aouar<\/strong>, qui ont su hausser leur niveau de jeu malgr\u00e9 le fait qu&rsquo;ils ont \u00e9t\u00e9 abandonn\u00e9s par leur entra\u00eeneur.<\/p>\n<p><strong><em>Dicodusport<br \/>\n<a href=\"https:\/\/www.facebook.com\/dicodusport\/\" target=\"_blank\" rel=\"noopener\"><img loading=\"lazy\" decoding=\"async\" class=\"alignnone wp-image-2909\" src=\"http:\/\/dicodusport.fr\/blog\/wp-content\/uploads\/2017\/07\/logo-facebook-150x150.png\" alt=\"\" width=\"40\" height=\"40\" \/><\/a><a href=\"https:\/\/twitter.com\/dicodusport\" target=\"_blank\" rel=\"noopener\"><img loading=\"lazy\" decoding=\"async\" class=\"alignnone wp-image-2908\" src=\"http:\/\/dicodusport.fr\/blog\/wp-content\/uploads\/2017\/07\/logo-twitter-150x150.png\" alt=\"\" width=\"39\" height=\"39\" \/><\/a><\/em><\/strong><\/p>\n","protected":false},"excerpt":{"rendered":"<p>Si\u00a0l&rsquo;Olympique Lyonnais s&rsquo;est miraculeusement qualifi\u00e9 pour les huiti\u00e8mes de finale de la Ligue des Champions en arrachant le nul face \u00e0 Leipzig, ce n&rsquo;est certainement pas gr\u00e2ce \u00e0 son entra\u00eeneur, Rudi Garcia, qui a une nouvelle fois montr\u00e9 ses limites.<\/p>\n","protected":false},"author":1,"featured_media":54802,"comment_status":"open","ping_status":"closed","sticky":false,"template":"","format":"standard","meta":{"_acf_changed":false,"_daextam_enable_autolinks":"","footnotes":""},"categories":[2301],"tags":[75,1618,1145,1146,1954,24],"class_list":["post-54792","post","type-post","status-publish","format-standard","has-post-thumbnail","hentry","category-football","tag-football","tag-garcia","tag-ol","tag-olympique-lyonnais","tag-rudi-garcia","tag-sport"],"acf":[],"yoast_head":"<!-- This site is optimized with the Yoast SEO Premium plugin v26.7 (Yoast SEO v26.7) - https:\/\/yoast.com\/wordpress\/plugins\/seo\/ -->\n<title>OL - Leipzig : La cacophonie de Rudi Garcia<\/title>\n<meta name=\"description\" content=\"Si\u00a0l&#039;Olympique Lyonnais s&#039;est miraculeusement qualifi\u00e9 pour les huiti\u00e8mes de finale de la Ligue des Champions, ce n&#039;est pas gr\u00e2ce \u00e0 Rudi Garcia.\" \/>\n<meta name=\"robots\" content=\"index, follow, max-snippet:-1, max-image-preview:large, max-video-preview:-1\" \/>\n<link rel=\"canonical\" href=\"https:\/\/dicodusport.fr\/blog\/ol-leipzig-la-cacophonie-de-rudi-garcia\/\" \/>\n<meta property=\"og:locale\" content=\"fr_FR\" \/>\n<meta property=\"og:type\" content=\"article\" \/>\n<meta property=\"og:title\" content=\"OL - Leipzig : La cacophonie de Rudi Garcia\" \/>\n<meta property=\"og:description\" content=\"Si\u00a0l&#039;Olympique Lyonnais s&#039;est miraculeusement qualifi\u00e9 pour les huiti\u00e8mes de finale de la Ligue des Champions, ce n&#039;est pas gr\u00e2ce \u00e0 Rudi Garcia.\" \/>\n<meta property=\"og:url\" content=\"https:\/\/dicodusport.fr\/blog\/ol-leipzig-la-cacophonie-de-rudi-garcia\/\" \/>\n<meta property=\"og:site_name\" content=\"Dicodusport\" \/>\n<meta property=\"article:publisher\" content=\"https:\/\/www.facebook.com\/dicodusport\" \/>\n<meta property=\"article:author\" content=\"https:\/\/www.facebook.com\/dicodusport\" \/>\n<meta property=\"article:published_time\" content=\"2019-12-11T12:18:55+00:00\" \/>\n<meta property=\"article:modified_time\" content=\"2019-12-11T12:49:22+00:00\" \/>\n<meta property=\"og:image\" content=\"https:\/\/dicodusport.fr\/blog\/wp-content\/uploads\/2019\/12\/Rudi-Garcia-OL.png\" \/>\n\t<meta property=\"og:image:width\" content=\"800\" \/>\n\t<meta property=\"og:image:height\" content=\"445\" \/>\n\t<meta property=\"og:image:type\" content=\"image\/png\" \/>\n<meta name=\"author\" content=\"Nicolas Jacquemard\" \/>\n<meta name=\"twitter:card\" content=\"summary_large_image\" \/>\n<meta name=\"twitter:title\" content=\"OL - Leipzig : La cacophonie de Rudi Garcia\" \/>\n<meta name=\"twitter:creator\" content=\"@https:\/\/twitter.com\/Nico_Jacquemard\" \/>\n<meta name=\"twitter:site\" content=\"@dicodusport\" \/>\n<script type=\"application\/ld+json\" class=\"yoast-schema-graph\">{\"@context\":\"https:\/\/schema.org\",\"@graph\":[{\"@type\":\"NewsArticle\",\"@id\":\"https:\/\/dicodusport.fr\/blog\/ol-leipzig-la-cacophonie-de-rudi-garcia\/#article\",\"isPartOf\":{\"@id\":\"https:\/\/dicodusport.fr\/blog\/ol-leipzig-la-cacophonie-de-rudi-garcia\/\"},\"author\":{\"name\":\"Nicolas Jacquemard\",\"@id\":\"https:\/\/dicodusport.fr\/blog\/#\/schema\/person\/55dcb50ad410894e431ed812bbb70191\"},\"headline\":\"OL &#8211; Leipzig : La cacophonie de Rudi Garcia\",\"datePublished\":\"2019-12-11T12:18:55+00:00\",\"dateModified\":\"2019-12-11T12:49:22+00:00\",\"mainEntityOfPage\":{\"@id\":\"https:\/\/dicodusport.fr\/blog\/ol-leipzig-la-cacophonie-de-rudi-garcia\/\"},\"wordCount\":446,\"commentCount\":0,\"publisher\":{\"@id\":\"https:\/\/dicodusport.fr\/blog\/#organization\"},\"image\":{\"@id\":\"https:\/\/dicodusport.fr\/blog\/ol-leipzig-la-cacophonie-de-rudi-garcia\/#primaryimage\"},\"thumbnailUrl\":\"https:\/\/dicodusport.fr\/blog\/wp-content\/uploads\/2019\/12\/Rudi-Garcia-OL.png\",\"keywords\":[\"Football\",\"Garcia\",\"OL\",\"Olympique lyonnais\",\"Rudi Garcia\",\"sport\"],\"articleSection\":[\"Football\"],\"inLanguage\":\"fr-FR\",\"potentialAction\":[{\"@type\":\"CommentAction\",\"name\":\"Comment\",\"target\":[\"https:\/\/dicodusport.fr\/blog\/ol-leipzig-la-cacophonie-de-rudi-garcia\/#respond\"]}],\"copyrightYear\":\"2019\",\"copyrightHolder\":{\"@id\":\"https:\/\/dicodusport.fr\/blog\/#organization\"}},{\"@type\":\"WebPage\",\"@id\":\"https:\/\/dicodusport.fr\/blog\/ol-leipzig-la-cacophonie-de-rudi-garcia\/\",\"url\":\"https:\/\/dicodusport.fr\/blog\/ol-leipzig-la-cacophonie-de-rudi-garcia\/\",\"name\":\"OL - Leipzig : La cacophonie de Rudi Garcia\",\"isPartOf\":{\"@id\":\"https:\/\/dicodusport.fr\/blog\/#website\"},\"primaryImageOfPage\":{\"@id\":\"https:\/\/dicodusport.fr\/blog\/ol-leipzig-la-cacophonie-de-rudi-garcia\/#primaryimage\"},\"image\":{\"@id\":\"https:\/\/dicodusport.fr\/blog\/ol-leipzig-la-cacophonie-de-rudi-garcia\/#primaryimage\"},\"thumbnailUrl\":\"https:\/\/dicodusport.fr\/blog\/wp-content\/uploads\/2019\/12\/Rudi-Garcia-OL.png\",\"datePublished\":\"2019-12-11T12:18:55+00:00\",\"dateModified\":\"2019-12-11T12:49:22+00:00\",\"description\":\"Si\u00a0l'Olympique Lyonnais s'est miraculeusement qualifi\u00e9 pour les huiti\u00e8mes de finale de la Ligue des Champions, ce n'est pas gr\u00e2ce \u00e0 Rudi Garcia.\",\"breadcrumb\":{\"@id\":\"https:\/\/dicodusport.fr\/blog\/ol-leipzig-la-cacophonie-de-rudi-garcia\/#breadcrumb\"},\"inLanguage\":\"fr-FR\",\"potentialAction\":[{\"@type\":\"ReadAction\",\"target\":[\"https:\/\/dicodusport.fr\/blog\/ol-leipzig-la-cacophonie-de-rudi-garcia\/\"]}]},{\"@type\":\"ImageObject\",\"inLanguage\":\"fr-FR\",\"@id\":\"https:\/\/dicodusport.fr\/blog\/ol-leipzig-la-cacophonie-de-rudi-garcia\/#primaryimage\",\"url\":\"https:\/\/dicodusport.fr\/blog\/wp-content\/uploads\/2019\/12\/Rudi-Garcia-OL.png\",\"contentUrl\":\"https:\/\/dicodusport.fr\/blog\/wp-content\/uploads\/2019\/12\/Rudi-Garcia-OL.png\",\"width\":800,\"height\":445},{\"@type\":\"BreadcrumbList\",\"@id\":\"https:\/\/dicodusport.fr\/blog\/ol-leipzig-la-cacophonie-de-rudi-garcia\/#breadcrumb\",\"itemListElement\":[{\"@type\":\"ListItem\",\"position\":1,\"name\":\"Accueil\",\"item\":\"https:\/\/dicodusport.fr\/blog\/\"},{\"@type\":\"ListItem\",\"position\":2,\"name\":\"OL &#8211; Leipzig : La cacophonie de Rudi Garcia\"}]},{\"@type\":\"WebSite\",\"@id\":\"https:\/\/dicodusport.fr\/blog\/#website\",\"url\":\"https:\/\/dicodusport.fr\/blog\/\",\"name\":\"Dicodusport\",\"description\":\"L&#039;encyclop\u00e9die de l&#039;actualit\u00e9 sportive\",\"publisher\":{\"@id\":\"https:\/\/dicodusport.fr\/blog\/#organization\"},\"potentialAction\":[{\"@type\":\"SearchAction\",\"target\":{\"@type\":\"EntryPoint\",\"urlTemplate\":\"https:\/\/dicodusport.fr\/blog\/?s={search_term_string}\"},\"query-input\":{\"@type\":\"PropertyValueSpecification\",\"valueRequired\":true,\"valueName\":\"search_term_string\"}}],\"inLanguage\":\"fr-FR\"},{\"@type\":\"NewsMediaOrganization\",\"@id\":\"https:\/\/dicodusport.fr\/blog\/#organization\",\"name\":\"Dicodusport\",\"url\":\"https:\/\/dicodusport.fr\/blog\/\",\"logo\":{\"@type\":\"ImageObject\",\"inLanguage\":\"fr-FR\",\"@id\":\"https:\/\/dicodusport.fr\/blog\/#\/schema\/logo\/image\/\",\"url\":\"https:\/\/dicodusport.fr\/blog\/wp-content\/uploads\/2020\/06\/cropped-LOGO-DICODUSPORT-2020-SANS-FOND-SANS-TEXTE.png\",\"contentUrl\":\"https:\/\/dicodusport.fr\/blog\/wp-content\/uploads\/2020\/06\/cropped-LOGO-DICODUSPORT-2020-SANS-FOND-SANS-TEXTE.png\",\"width\":512,\"height\":512,\"caption\":\"Dicodusport\"},\"image\":{\"@id\":\"https:\/\/dicodusport.fr\/blog\/#\/schema\/logo\/image\/\"},\"sameAs\":[\"https:\/\/www.facebook.com\/dicodusport\",\"https:\/\/x.com\/dicodusport\",\"https:\/\/www.instagram.com\/dicodusport\/\",\"https:\/\/www.youtube.com\/channel\/UC7V2KZ5sd3htJivAbA4ZG3w\"],\"description\":\"Dicodusport est l'encyclop\u00e9die de l'actualit\u00e9 sportive.\",\"email\":\"bonjour@dicodusport.fr\",\"legalName\":\"DICODUSPORT\",\"foundingDate\":\"2018-01-14\",\"vatID\":\"FR71834470973\",\"taxID\":\"83447097300043\",\"numberOfEmployees\":{\"@type\":\"QuantitativeValue\",\"minValue\":\"1\",\"maxValue\":\"10\"}},{\"@type\":\"Person\",\"@id\":\"https:\/\/dicodusport.fr\/blog\/#\/schema\/person\/55dcb50ad410894e431ed812bbb70191\",\"name\":\"Nicolas Jacquemard\",\"image\":{\"@type\":\"ImageObject\",\"inLanguage\":\"fr-FR\",\"@id\":\"https:\/\/dicodusport.fr\/blog\/#\/schema\/person\/image\/\",\"url\":\"https:\/\/dicodusport.fr\/blog\/wp-content\/uploads\/2021\/05\/Nicolas-Jacquemard-150x150.jpeg\",\"contentUrl\":\"https:\/\/dicodusport.fr\/blog\/wp-content\/uploads\/2021\/05\/Nicolas-Jacquemard-150x150.jpeg\",\"caption\":\"Nicolas Jacquemard\"},\"description\":\"Passionn\u00e9 de sport et entrepreneur depuis mes 18 ans, la cr\u00e9ation de Dicodusport m'a sembl\u00e9 \u00e9vidente pour participer \u00e0 la m\u00e9diatisation d'un plus grand nombre de sports. Le chemin est long mais avec une \u00e9quipe des plus motiv\u00e9es et les Jeux Olympiques de Paris 2024 en point de mire, nous y arriverons ! Journaliste dans le monde du sport depuis plus de 5 ans, je traite aussi bien de football, de rugby, de biathlon que de cyclisme.\",\"sameAs\":[\"https:\/\/www.facebook.com\/dicodusport\",\"https:\/\/x.com\/https:\/\/twitter.com\/Nico_Jacquemard\"],\"url\":\"https:\/\/dicodusport.fr\/blog\/author\/dicodusport\/\"}]}<\/script>\n<!-- \/ Yoast SEO Premium plugin. -->","yoast_head_json":{"title":"OL - Leipzig : La cacophonie de Rudi Garcia","description":"Si\u00a0l'Olympique Lyonnais s'est miraculeusement qualifi\u00e9 pour les huiti\u00e8mes de finale de la Ligue des Champions, ce n'est pas gr\u00e2ce \u00e0 Rudi Garcia.","robots":{"index":"index","follow":"follow","max-snippet":"max-snippet:-1","max-image-preview":"max-image-preview:large","max-video-preview":"max-video-preview:-1"},"canonical":"https:\/\/dicodusport.fr\/blog\/ol-leipzig-la-cacophonie-de-rudi-garcia\/","og_locale":"fr_FR","og_type":"article","og_title":"OL - Leipzig : La cacophonie de Rudi Garcia","og_description":"Si\u00a0l'Olympique Lyonnais s'est miraculeusement qualifi\u00e9 pour les huiti\u00e8mes de finale de la Ligue des Champions, ce n'est pas gr\u00e2ce \u00e0 Rudi Garcia.","og_url":"https:\/\/dicodusport.fr\/blog\/ol-leipzig-la-cacophonie-de-rudi-garcia\/","og_site_name":"Dicodusport","article_publisher":"https:\/\/www.facebook.com\/dicodusport","article_author":"https:\/\/www.facebook.com\/dicodusport","article_published_time":"2019-12-11T12:18:55+00:00","article_modified_time":"2019-12-11T12:49:22+00:00","og_image":[{"width":800,"height":445,"url":"https:\/\/dicodusport.fr\/blog\/wp-content\/uploads\/2019\/12\/Rudi-Garcia-OL.png","type":"image\/png"}],"author":"Nicolas Jacquemard","twitter_card":"summary_large_image","twitter_title":"OL - Leipzig : La cacophonie de Rudi Garcia","twitter_creator":"@https:\/\/twitter.com\/Nico_Jacquemard","twitter_site":"@dicodusport","schema":{"@context":"https:\/\/schema.org","@graph":[{"@type":"NewsArticle","@id":"https:\/\/dicodusport.fr\/blog\/ol-leipzig-la-cacophonie-de-rudi-garcia\/#article","isPartOf":{"@id":"https:\/\/dicodusport.fr\/blog\/ol-leipzig-la-cacophonie-de-rudi-garcia\/"},"author":{"name":"Nicolas Jacquemard","@id":"https:\/\/dicodusport.fr\/blog\/#\/schema\/person\/55dcb50ad410894e431ed812bbb70191"},"headline":"OL &#8211; Leipzig : La cacophonie de Rudi Garcia","datePublished":"2019-12-11T12:18:55+00:00","dateModified":"2019-12-11T12:49:22+00:00","mainEntityOfPage":{"@id":"https:\/\/dicodusport.fr\/blog\/ol-leipzig-la-cacophonie-de-rudi-garcia\/"},"wordCount":446,"commentCount":0,"publisher":{"@id":"https:\/\/dicodusport.fr\/blog\/#organization"},"image":{"@id":"https:\/\/dicodusport.fr\/blog\/ol-leipzig-la-cacophonie-de-rudi-garcia\/#primaryimage"},"thumbnailUrl":"https:\/\/dicodusport.fr\/blog\/wp-content\/uploads\/2019\/12\/Rudi-Garcia-OL.png","keywords":["Football","Garcia","OL","Olympique lyonnais","Rudi Garcia","sport"],"articleSection":["Football"],"inLanguage":"fr-FR","potentialAction":[{"@type":"CommentAction","name":"Comment","target":["https:\/\/dicodusport.fr\/blog\/ol-leipzig-la-cacophonie-de-rudi-garcia\/#respond"]}],"copyrightYear":"2019","copyrightHolder":{"@id":"https:\/\/dicodusport.fr\/blog\/#organization"}},{"@type":"WebPage","@id":"https:\/\/dicodusport.fr\/blog\/ol-leipzig-la-cacophonie-de-rudi-garcia\/","url":"https:\/\/dicodusport.fr\/blog\/ol-leipzig-la-cacophonie-de-rudi-garcia\/","name":"OL - Leipzig : La cacophonie de Rudi Garcia","isPartOf":{"@id":"https:\/\/dicodusport.fr\/blog\/#website"},"primaryImageOfPage":{"@id":"https:\/\/dicodusport.fr\/blog\/ol-leipzig-la-cacophonie-de-rudi-garcia\/#primaryimage"},"image":{"@id":"https:\/\/dicodusport.fr\/blog\/ol-leipzig-la-cacophonie-de-rudi-garcia\/#primaryimage"},"thumbnailUrl":"https:\/\/dicodusport.fr\/blog\/wp-content\/uploads\/2019\/12\/Rudi-Garcia-OL.png","datePublished":"2019-12-11T12:18:55+00:00","dateModified":"2019-12-11T12:49:22+00:00","description":"Si\u00a0l'Olympique Lyonnais s'est miraculeusement qualifi\u00e9 pour les huiti\u00e8mes de finale de la Ligue des Champions, ce n'est pas gr\u00e2ce \u00e0 Rudi Garcia.","breadcrumb":{"@id":"https:\/\/dicodusport.fr\/blog\/ol-leipzig-la-cacophonie-de-rudi-garcia\/#breadcrumb"},"inLanguage":"fr-FR","potentialAction":[{"@type":"ReadAction","target":["https:\/\/dicodusport.fr\/blog\/ol-leipzig-la-cacophonie-de-rudi-garcia\/"]}]},{"@type":"ImageObject","inLanguage":"fr-FR","@id":"https:\/\/dicodusport.fr\/blog\/ol-leipzig-la-cacophonie-de-rudi-garcia\/#primaryimage","url":"https:\/\/dicodusport.fr\/blog\/wp-content\/uploads\/2019\/12\/Rudi-Garcia-OL.png","contentUrl":"https:\/\/dicodusport.fr\/blog\/wp-content\/uploads\/2019\/12\/Rudi-Garcia-OL.png","width":800,"height":445},{"@type":"BreadcrumbList","@id":"https:\/\/dicodusport.fr\/blog\/ol-leipzig-la-cacophonie-de-rudi-garcia\/#breadcrumb","itemListElement":[{"@type":"ListItem","position":1,"name":"Accueil","item":"https:\/\/dicodusport.fr\/blog\/"},{"@type":"ListItem","position":2,"name":"OL &#8211; Leipzig : La cacophonie de Rudi Garcia"}]},{"@type":"WebSite","@id":"https:\/\/dicodusport.fr\/blog\/#website","url":"https:\/\/dicodusport.fr\/blog\/","name":"Dicodusport","description":"L&#039;encyclop\u00e9die de l&#039;actualit\u00e9 sportive","publisher":{"@id":"https:\/\/dicodusport.fr\/blog\/#organization"},"potentialAction":[{"@type":"SearchAction","target":{"@type":"EntryPoint","urlTemplate":"https:\/\/dicodusport.fr\/blog\/?s={search_term_string}"},"query-input":{"@type":"PropertyValueSpecification","valueRequired":true,"valueName":"search_term_string"}}],"inLanguage":"fr-FR"},{"@type":"NewsMediaOrganization","@id":"https:\/\/dicodusport.fr\/blog\/#organization","name":"Dicodusport","url":"https:\/\/dicodusport.fr\/blog\/","logo":{"@type":"ImageObject","inLanguage":"fr-FR","@id":"https:\/\/dicodusport.fr\/blog\/#\/schema\/logo\/image\/","url":"https:\/\/dicodusport.fr\/blog\/wp-content\/uploads\/2020\/06\/cropped-LOGO-DICODUSPORT-2020-SANS-FOND-SANS-TEXTE.png","contentUrl":"https:\/\/dicodusport.fr\/blog\/wp-content\/uploads\/2020\/06\/cropped-LOGO-DICODUSPORT-2020-SANS-FOND-SANS-TEXTE.png","width":512,"height":512,"caption":"Dicodusport"},"image":{"@id":"https:\/\/dicodusport.fr\/blog\/#\/schema\/logo\/image\/"},"sameAs":["https:\/\/www.facebook.com\/dicodusport","https:\/\/x.com\/dicodusport","https:\/\/www.instagram.com\/dicodusport\/","https:\/\/www.youtube.com\/channel\/UC7V2KZ5sd3htJivAbA4ZG3w"],"description":"Dicodusport est l'encyclop\u00e9die de l'actualit\u00e9 sportive.","email":"bonjour@dicodusport.fr","legalName":"DICODUSPORT","foundingDate":"2018-01-14","vatID":"FR71834470973","taxID":"83447097300043","numberOfEmployees":{"@type":"QuantitativeValue","minValue":"1","maxValue":"10"}},{"@type":"Person","@id":"https:\/\/dicodusport.fr\/blog\/#\/schema\/person\/55dcb50ad410894e431ed812bbb70191","name":"Nicolas Jacquemard","image":{"@type":"ImageObject","inLanguage":"fr-FR","@id":"https:\/\/dicodusport.fr\/blog\/#\/schema\/person\/image\/","url":"https:\/\/dicodusport.fr\/blog\/wp-content\/uploads\/2021\/05\/Nicolas-Jacquemard-150x150.jpeg","contentUrl":"https:\/\/dicodusport.fr\/blog\/wp-content\/uploads\/2021\/05\/Nicolas-Jacquemard-150x150.jpeg","caption":"Nicolas Jacquemard"},"description":"Passionn\u00e9 de sport et entrepreneur depuis mes 18 ans, la cr\u00e9ation de Dicodusport m'a sembl\u00e9 \u00e9vidente pour participer \u00e0 la m\u00e9diatisation d'un plus grand nombre de sports. Le chemin est long mais avec une \u00e9quipe des plus motiv\u00e9es et les Jeux Olympiques de Paris 2024 en point de mire, nous y arriverons ! Journaliste dans le monde du sport depuis plus de 5 ans, je traite aussi bien de football, de rugby, de biathlon que de cyclisme.","sameAs":["https:\/\/www.facebook.com\/dicodusport","https:\/\/x.com\/https:\/\/twitter.com\/Nico_Jacquemard"],"url":"https:\/\/dicodusport.fr\/blog\/author\/dicodusport\/"}]}},"_links":{"self":[{"href":"https:\/\/dicodusport.fr\/blog\/wp-json\/wp\/v2\/posts\/54792","targetHints":{"allow":["GET"]}}],"collection":[{"href":"https:\/\/dicodusport.fr\/blog\/wp-json\/wp\/v2\/posts"}],"about":[{"href":"https:\/\/dicodusport.fr\/blog\/wp-json\/wp\/v2\/types\/post"}],"author":[{"embeddable":true,"href":"https:\/\/dicodusport.fr\/blog\/wp-json\/wp\/v2\/users\/1"}],"replies":[{"embeddable":true,"href":"https:\/\/dicodusport.fr\/blog\/wp-json\/wp\/v2\/comments?post=54792"}],"version-history":[{"count":0,"href":"https:\/\/dicodusport.fr\/blog\/wp-json\/wp\/v2\/posts\/54792\/revisions"}],"wp:featuredmedia":[{"embeddable":true,"href":"https:\/\/dicodusport.fr\/blog\/wp-json\/wp\/v2\/media\/54802"}],"wp:attachment":[{"href":"https:\/\/dicodusport.fr\/blog\/wp-json\/wp\/v2\/media?parent=54792"}],"wp:term":[{"taxonomy":"category","embeddable":true,"href":"https:\/\/dicodusport.fr\/blog\/wp-json\/wp\/v2\/categories?post=54792"},{"taxonomy":"post_tag","embeddable":true,"href":"https:\/\/dicodusport.fr\/blog\/wp-json\/wp\/v2\/tags?post=54792"}],"curies":[{"name":"wp","href":"https:\/\/api.w.org\/{rel}","templated":true}]}}