{"id":548412,"date":"2025-01-20T16:52:16","date_gmt":"2025-01-20T15:52:16","guid":{"rendered":"https:\/\/dicodusport.fr\/blog\/?p=548412&#038;preview=true&#038;preview_id=548412"},"modified":"2025-01-20T16:52:16","modified_gmt":"2025-01-20T15:52:16","slug":"transferts-om-elye-wahi-devrait-quitter-marseille-pour-lallemagne","status":"publish","type":"post","link":"https:\/\/dicodusport.fr\/blog\/transferts-om-elye-wahi-devrait-quitter-marseille-pour-lallemagne\/","title":{"rendered":"Transferts OM : Elye Wahi devrait quitter Marseille pour l&rsquo;Allemagne"},"content":{"rendered":"<h4 style=\"text-align: justify;\"><em>TRANSFERTS FOOTBALL &#8211; Selon <a href=\"https:\/\/x.com\/Santi_J_FM\/status\/1881361171686822143\">Santi Aouna<\/a>, Elye Wahi va d\u00e9j\u00e0 quitter l&rsquo;Olympique de Marseille pour rejoindre l&rsquo;Eintracht Francfort.<\/em><\/h4>\n<p style=\"text-align: justify;\">On attendait du mouvement du c\u00f4t\u00e9 de l&rsquo;<strong>Olympique de Marseille<\/strong>, mais pour l&rsquo;instant, ce n&rsquo;est pas encore la grande agitation. Quelques d\u00e9parts secondaires, dont celui de Pau Lopez, et question arriv\u00e9es, <strong>Luiz Felipe<\/strong> est le seul nom d&rsquo;importance \u00e0 avoir pos\u00e9 ses valises dans les Bouches-du-Rh\u00f4ne. Comme la majorit\u00e9 des clubs, il faut vendre avant d&rsquo;acheter.<\/p>\n<ul style=\"text-align: justify;\">\n<li><strong>\u00c0 ce sujet &#8211; <a href=\"https:\/\/dicodusport.fr\/blog\/transferts-om-marseille-signe-luiz-felipe\/\">Transferts OM : Marseille signe Luiz Felipe<\/a><\/strong><\/li>\n<\/ul>\n<h2 style=\"text-align: justify;\">Elye Wahi n&rsquo;aura pas fait long feu<\/h2>\n<p style=\"text-align: justify;\">N\u00e9anmoins, cela pourrait bouger dans les prochains jours, car l&rsquo;OM est sur le point de conclure une vente d&rsquo;importance. Arriv\u00e9 cet \u00e9t\u00e9 en provenance du RC Lens, <strong>Elye Wahi<\/strong> n&rsquo;a pas totalement convaincu sous les couleurs marseillaises. Avec trois buts en 14 apparitions toutes comp\u00e9titions confondues, le\u00a0 rendement n&rsquo;est pas \u00e0 la hauteur de l&rsquo;investissement de d\u00e9part, soit 25 millions cet \u00e9t\u00e9 (hors bonus).<\/p>\n<p style=\"text-align: justify;\">Selon <strong>Santi Aouna<\/strong> de Foot Mercato, l&rsquo;international espoirs est sur le point de quitter Marseille pour la Bundesliga. Un accord est quasiment trouv\u00e9 entre le joueur, Marseille et l&rsquo;<strong>Eintracht Francfort<\/strong>, qui devrait donc devenir le prochain club d&rsquo;<strong>Elye Wahi<\/strong>. On ignore le montant de la transaction \u00e0 venir, mais ce d\u00e9part devrait d\u00e9bloquer des fonds suffisants pour faire bouger la situation dans le sens des arriv\u00e9es avant la fin du mercato hivernal.<\/p>\n<blockquote class=\"twitter-tweet\">\n<p dir=\"ltr\" lang=\"fr\">\ud83d\udea8EXCL : \ud83d\udd34\u26ab\ufe0f\ud83c\uddeb\ud83c\uddf7 <a href=\"https:\/\/twitter.com\/hashtag\/Bundesliga?src=hash&amp;ref_src=twsrc%5Etfw\">#Bundesliga<\/a> |<\/p>\n<p>\ud83d\udd10 Accord quasiment trouv\u00e9 entre l&rsquo;OM, Francfort, et \u00c9lye Wahi<\/p>\n<p>\u2757\ufe0fQuelques d\u00e9tails \u00e0 r\u00e9gler avant la finalisation<\/p>\n<p>\u2708\ufe0f L&rsquo;attaquant fran\u00e7ais devrait signer dans les prochaines jours avec Francfort <a href=\"https:\/\/twitter.com\/footmercato?ref_src=twsrc%5Etfw\">@footmercato<\/a> <a href=\"https:\/\/t.co\/0FNRlgiiPM\">pic.twitter.com\/0FNRlgiiPM<\/a><\/p>\n<p>\u2014 Santi Aouna (@Santi_J_FM) <a href=\"https:\/\/twitter.com\/Santi_J_FM\/status\/1881361171686822143?ref_src=twsrc%5Etfw\">January 20, 2025<\/a><\/p><\/blockquote>\n<p style=\"text-align: justify;\"><script async src=\"https:\/\/platform.twitter.com\/widgets.js\" charset=\"utf-8\"><\/script><\/p>\n","protected":false},"excerpt":{"rendered":"<p>TRANSFERTS FOOTBALL &#8211; Selon Santi Aouna, Elye Wahi va d\u00e9j\u00e0 quitter l&rsquo;Olympique de Marseille pour rejoindre l&rsquo;Eintracht Francfort.<\/p>\n","protected":false},"author":59,"featured_media":548415,"comment_status":"open","ping_status":"closed","sticky":false,"template":"","format":"standard","meta":{"_acf_changed":false,"_daextam_enable_autolinks":"1","footnotes":""},"categories":[2301,47045],"tags":[32415,16878,33475,75,446,17054,2924],"class_list":["post-548412","post","type-post","status-publish","format-standard","has-post-thumbnail","hentry","category-football","category-ligue-1","tag-actu","tag-breve","tag-elye-wahi","tag-football","tag-marseille","tag-mercato-om","tag-olympique-de-marseille"],"acf":[],"yoast_head":"<!-- This site is optimized with the Yoast SEO Premium plugin v26.7 (Yoast SEO v26.7) - https:\/\/yoast.com\/wordpress\/plugins\/seo\/ -->\n<title>Transferts OM : Elye Wahi devrait quitter Marseille pour l&#039;Allemagne<\/title>\n<meta name=\"description\" content=\"TRANSFERTS FOOTBALL - Selon Santi Aouna, Elye Wahi va d\u00e9j\u00e0 quitter l&#039;Olympique de Marseille pour rejoindre l&#039;Eintracht Francfort.\" \/>\n<meta name=\"robots\" content=\"index, follow, max-snippet:-1, max-image-preview:large, max-video-preview:-1\" \/>\n<link rel=\"canonical\" href=\"https:\/\/dicodusport.fr\/blog\/transferts-om-elye-wahi-devrait-quitter-marseille-pour-lallemagne\/\" \/>\n<meta property=\"og:locale\" content=\"fr_FR\" \/>\n<meta property=\"og:type\" content=\"article\" \/>\n<meta property=\"og:title\" content=\"Transferts OM : Elye Wahi devrait quitter Marseille pour l&#039;Allemagne\" \/>\n<meta property=\"og:description\" content=\"TRANSFERTS FOOTBALL - Selon Santi Aouna, Elye Wahi va d\u00e9j\u00e0 quitter l&#039;Olympique de Marseille pour rejoindre l&#039;Eintracht Francfort.\" \/>\n<meta property=\"og:url\" content=\"https:\/\/dicodusport.fr\/blog\/transferts-om-elye-wahi-devrait-quitter-marseille-pour-lallemagne\/\" \/>\n<meta property=\"og:site_name\" content=\"Dicodusport\" \/>\n<meta property=\"article:publisher\" content=\"https:\/\/www.facebook.com\/dicodusport\" \/>\n<meta property=\"article:author\" content=\"https:\/\/www.facebook.com\/sebastien.gente\/\" \/>\n<meta property=\"article:published_time\" content=\"2025-01-20T15:52:16+00:00\" \/>\n<meta property=\"og:image\" content=\"https:\/\/dicodusport.fr\/blog\/wp-content\/uploads\/2025\/01\/Transferts-OM-Elye-Wahi-devrait-quitter-Marseille-pour-lAllemagne-1.png\" \/>\n\t<meta property=\"og:image:width\" content=\"1200\" \/>\n\t<meta property=\"og:image:height\" content=\"674\" \/>\n\t<meta property=\"og:image:type\" content=\"image\/png\" \/>\n<meta name=\"author\" content=\"S\u00e9bastien Gente\" \/>\n<meta name=\"twitter:card\" content=\"summary_large_image\" \/>\n<meta name=\"twitter:title\" content=\"Transferts OM : Elye Wahi devrait quitter Marseille pour l&#039;Allemagne\" \/>\n<meta name=\"twitter:creator\" content=\"@https:\/\/twitter.com\/globulo24\" \/>\n<meta name=\"twitter:site\" content=\"@dicodusport\" \/>\n<script type=\"application\/ld+json\" class=\"yoast-schema-graph\">{\"@context\":\"https:\/\/schema.org\",\"@graph\":[{\"@type\":\"NewsArticle\",\"@id\":\"https:\/\/dicodusport.fr\/blog\/transferts-om-elye-wahi-devrait-quitter-marseille-pour-lallemagne\/#article\",\"isPartOf\":{\"@id\":\"https:\/\/dicodusport.fr\/blog\/transferts-om-elye-wahi-devrait-quitter-marseille-pour-lallemagne\/\"},\"author\":{\"name\":\"S\u00e9bastien Gente\",\"@id\":\"https:\/\/dicodusport.fr\/blog\/#\/schema\/person\/627966a6cde45dbd8c5e36ac85d783da\"},\"headline\":\"Transferts OM : Elye Wahi devrait quitter Marseille pour l&rsquo;Allemagne\",\"datePublished\":\"2025-01-20T15:52:16+00:00\",\"mainEntityOfPage\":{\"@id\":\"https:\/\/dicodusport.fr\/blog\/transferts-om-elye-wahi-devrait-quitter-marseille-pour-lallemagne\/\"},\"wordCount\":301,\"commentCount\":0,\"publisher\":{\"@id\":\"https:\/\/dicodusport.fr\/blog\/#organization\"},\"image\":{\"@id\":\"https:\/\/dicodusport.fr\/blog\/transferts-om-elye-wahi-devrait-quitter-marseille-pour-lallemagne\/#primaryimage\"},\"thumbnailUrl\":\"https:\/\/dicodusport.fr\/blog\/wp-content\/uploads\/2025\/01\/Transferts-OM-Elye-Wahi-devrait-quitter-Marseille-pour-lAllemagne-1.png\",\"keywords\":[\"actu\",\"br\u00e8ve\",\"Elye Wahi\",\"Football\",\"Marseille\",\"Mercato OM\",\"Olympique de Marseille\"],\"articleSection\":[\"Football\",\"Ligue 1\"],\"inLanguage\":\"fr-FR\",\"potentialAction\":[{\"@type\":\"CommentAction\",\"name\":\"Comment\",\"target\":[\"https:\/\/dicodusport.fr\/blog\/transferts-om-elye-wahi-devrait-quitter-marseille-pour-lallemagne\/#respond\"]}],\"copyrightYear\":\"2025\",\"copyrightHolder\":{\"@id\":\"https:\/\/dicodusport.fr\/blog\/#organization\"}},{\"@type\":\"WebPage\",\"@id\":\"https:\/\/dicodusport.fr\/blog\/transferts-om-elye-wahi-devrait-quitter-marseille-pour-lallemagne\/\",\"url\":\"https:\/\/dicodusport.fr\/blog\/transferts-om-elye-wahi-devrait-quitter-marseille-pour-lallemagne\/\",\"name\":\"Transferts OM : Elye Wahi devrait quitter Marseille pour l'Allemagne\",\"isPartOf\":{\"@id\":\"https:\/\/dicodusport.fr\/blog\/#website\"},\"primaryImageOfPage\":{\"@id\":\"https:\/\/dicodusport.fr\/blog\/transferts-om-elye-wahi-devrait-quitter-marseille-pour-lallemagne\/#primaryimage\"},\"image\":{\"@id\":\"https:\/\/dicodusport.fr\/blog\/transferts-om-elye-wahi-devrait-quitter-marseille-pour-lallemagne\/#primaryimage\"},\"thumbnailUrl\":\"https:\/\/dicodusport.fr\/blog\/wp-content\/uploads\/2025\/01\/Transferts-OM-Elye-Wahi-devrait-quitter-Marseille-pour-lAllemagne-1.png\",\"datePublished\":\"2025-01-20T15:52:16+00:00\",\"description\":\"TRANSFERTS FOOTBALL - Selon Santi Aouna, Elye Wahi va d\u00e9j\u00e0 quitter l'Olympique de Marseille pour rejoindre l'Eintracht Francfort.\",\"breadcrumb\":{\"@id\":\"https:\/\/dicodusport.fr\/blog\/transferts-om-elye-wahi-devrait-quitter-marseille-pour-lallemagne\/#breadcrumb\"},\"inLanguage\":\"fr-FR\",\"potentialAction\":[{\"@type\":\"ReadAction\",\"target\":[\"https:\/\/dicodusport.fr\/blog\/transferts-om-elye-wahi-devrait-quitter-marseille-pour-lallemagne\/\"]}]},{\"@type\":\"ImageObject\",\"inLanguage\":\"fr-FR\",\"@id\":\"https:\/\/dicodusport.fr\/blog\/transferts-om-elye-wahi-devrait-quitter-marseille-pour-lallemagne\/#primaryimage\",\"url\":\"https:\/\/dicodusport.fr\/blog\/wp-content\/uploads\/2025\/01\/Transferts-OM-Elye-Wahi-devrait-quitter-Marseille-pour-lAllemagne-1.png\",\"contentUrl\":\"https:\/\/dicodusport.fr\/blog\/wp-content\/uploads\/2025\/01\/Transferts-OM-Elye-Wahi-devrait-quitter-Marseille-pour-lAllemagne-1.png\",\"width\":1200,\"height\":674,\"caption\":\"Transferts OM Elye Wahi devrait quitter Marseille pour l'Allemagne\"},{\"@type\":\"BreadcrumbList\",\"@id\":\"https:\/\/dicodusport.fr\/blog\/transferts-om-elye-wahi-devrait-quitter-marseille-pour-lallemagne\/#breadcrumb\",\"itemListElement\":[{\"@type\":\"ListItem\",\"position\":1,\"name\":\"Accueil\",\"item\":\"https:\/\/dicodusport.fr\/blog\/\"},{\"@type\":\"ListItem\",\"position\":2,\"name\":\"Transferts OM : Elye Wahi devrait quitter Marseille pour l&#8217;Allemagne\"}]},{\"@type\":\"WebSite\",\"@id\":\"https:\/\/dicodusport.fr\/blog\/#website\",\"url\":\"https:\/\/dicodusport.fr\/blog\/\",\"name\":\"Dicodusport\",\"description\":\"L&#039;encyclop\u00e9die de l&#039;actualit\u00e9 sportive\",\"publisher\":{\"@id\":\"https:\/\/dicodusport.fr\/blog\/#organization\"},\"potentialAction\":[{\"@type\":\"SearchAction\",\"target\":{\"@type\":\"EntryPoint\",\"urlTemplate\":\"https:\/\/dicodusport.fr\/blog\/?s={search_term_string}\"},\"query-input\":{\"@type\":\"PropertyValueSpecification\",\"valueRequired\":true,\"valueName\":\"search_term_string\"}}],\"inLanguage\":\"fr-FR\"},{\"@type\":\"NewsMediaOrganization\",\"@id\":\"https:\/\/dicodusport.fr\/blog\/#organization\",\"name\":\"Dicodusport\",\"url\":\"https:\/\/dicodusport.fr\/blog\/\",\"logo\":{\"@type\":\"ImageObject\",\"inLanguage\":\"fr-FR\",\"@id\":\"https:\/\/dicodusport.fr\/blog\/#\/schema\/logo\/image\/\",\"url\":\"https:\/\/dicodusport.fr\/blog\/wp-content\/uploads\/2020\/06\/cropped-LOGO-DICODUSPORT-2020-SANS-FOND-SANS-TEXTE.png\",\"contentUrl\":\"https:\/\/dicodusport.fr\/blog\/wp-content\/uploads\/2020\/06\/cropped-LOGO-DICODUSPORT-2020-SANS-FOND-SANS-TEXTE.png\",\"width\":512,\"height\":512,\"caption\":\"Dicodusport\"},\"image\":{\"@id\":\"https:\/\/dicodusport.fr\/blog\/#\/schema\/logo\/image\/\"},\"sameAs\":[\"https:\/\/www.facebook.com\/dicodusport\",\"https:\/\/x.com\/dicodusport\",\"https:\/\/www.instagram.com\/dicodusport\/\",\"https:\/\/www.youtube.com\/channel\/UC7V2KZ5sd3htJivAbA4ZG3w\"],\"description\":\"Dicodusport est l'encyclop\u00e9die de l'actualit\u00e9 sportive.\",\"email\":\"bonjour@dicodusport.fr\",\"legalName\":\"DICODUSPORT\",\"foundingDate\":\"2018-01-14\",\"vatID\":\"FR71834470973\",\"taxID\":\"83447097300043\",\"numberOfEmployees\":{\"@type\":\"QuantitativeValue\",\"minValue\":\"1\",\"maxValue\":\"10\"}},{\"@type\":\"Person\",\"@id\":\"https:\/\/dicodusport.fr\/blog\/#\/schema\/person\/627966a6cde45dbd8c5e36ac85d783da\",\"name\":\"S\u00e9bastien Gente\",\"image\":{\"@type\":\"ImageObject\",\"inLanguage\":\"fr-FR\",\"@id\":\"https:\/\/dicodusport.fr\/blog\/#\/schema\/person\/image\/\",\"url\":\"https:\/\/dicodusport.fr\/blog\/wp-content\/uploads\/2021\/09\/1510990_10205810251400683_4124423575079401707_n-150x150.jpg\",\"contentUrl\":\"https:\/\/dicodusport.fr\/blog\/wp-content\/uploads\/2021\/09\/1510990_10205810251400683_4124423575079401707_n-150x150.jpg\",\"caption\":\"S\u00e9bastien Gente\"},\"description\":\"John Stockton, Gianni Bugno, Zinedine Zidane, Steffi Graf, Frode Andresen, St\u00e9phane Stoecklin, Davis Kamoga, Primoz Peterka, Werner Schlager et Aur\u00e9lien Rougerie. Point commun entre ces sportifs? Ils m'ont fait r\u00eaver et ont berc\u00e9 mon adolescence. Je suis un fondu de sports et j'essaie de retranscrire ma passion \u00e0 travers mes articles. Originaire du P\u00e9rigord, ma passion pour les Girondins, les Jaunards et les Jazzmen transpire dans mes \u00e9crits. \u00c0 Dicodusport depuis 2021, je d\u00e9niche les sports m\u00e9connus dans lesquels la France brille, et il y en a !\",\"sameAs\":[\"https:\/\/www.facebook.com\/sebastien.gente\/\",\"https:\/\/www.instagram.com\/sebgente\/\",\"https:\/\/www.linkedin.com\/in\/sbastien-gente-a29583169\/\",\"https:\/\/x.com\/https:\/\/twitter.com\/globulo24\",\"SebastienGente\"],\"worksFor\":\"S\u00e9bastien GENTE\",\"url\":\"https:\/\/dicodusport.fr\/blog\/author\/sebastiengente\/\"}]}<\/script>\n<!-- \/ Yoast SEO Premium plugin. -->","yoast_head_json":{"title":"Transferts OM : Elye Wahi devrait quitter Marseille pour l'Allemagne","description":"TRANSFERTS FOOTBALL - Selon Santi Aouna, Elye Wahi va d\u00e9j\u00e0 quitter l'Olympique de Marseille pour rejoindre l'Eintracht Francfort.","robots":{"index":"index","follow":"follow","max-snippet":"max-snippet:-1","max-image-preview":"max-image-preview:large","max-video-preview":"max-video-preview:-1"},"canonical":"https:\/\/dicodusport.fr\/blog\/transferts-om-elye-wahi-devrait-quitter-marseille-pour-lallemagne\/","og_locale":"fr_FR","og_type":"article","og_title":"Transferts OM : Elye Wahi devrait quitter Marseille pour l'Allemagne","og_description":"TRANSFERTS FOOTBALL - Selon Santi Aouna, Elye Wahi va d\u00e9j\u00e0 quitter l'Olympique de Marseille pour rejoindre l'Eintracht Francfort.","og_url":"https:\/\/dicodusport.fr\/blog\/transferts-om-elye-wahi-devrait-quitter-marseille-pour-lallemagne\/","og_site_name":"Dicodusport","article_publisher":"https:\/\/www.facebook.com\/dicodusport","article_author":"https:\/\/www.facebook.com\/sebastien.gente\/","article_published_time":"2025-01-20T15:52:16+00:00","og_image":[{"width":1200,"height":674,"url":"https:\/\/dicodusport.fr\/blog\/wp-content\/uploads\/2025\/01\/Transferts-OM-Elye-Wahi-devrait-quitter-Marseille-pour-lAllemagne-1.png","type":"image\/png"}],"author":"S\u00e9bastien Gente","twitter_card":"summary_large_image","twitter_title":"Transferts OM : Elye Wahi devrait quitter Marseille pour l'Allemagne","twitter_creator":"@https:\/\/twitter.com\/globulo24","twitter_site":"@dicodusport","schema":{"@context":"https:\/\/schema.org","@graph":[{"@type":"NewsArticle","@id":"https:\/\/dicodusport.fr\/blog\/transferts-om-elye-wahi-devrait-quitter-marseille-pour-lallemagne\/#article","isPartOf":{"@id":"https:\/\/dicodusport.fr\/blog\/transferts-om-elye-wahi-devrait-quitter-marseille-pour-lallemagne\/"},"author":{"name":"S\u00e9bastien Gente","@id":"https:\/\/dicodusport.fr\/blog\/#\/schema\/person\/627966a6cde45dbd8c5e36ac85d783da"},"headline":"Transferts OM : Elye Wahi devrait quitter Marseille pour l&rsquo;Allemagne","datePublished":"2025-01-20T15:52:16+00:00","mainEntityOfPage":{"@id":"https:\/\/dicodusport.fr\/blog\/transferts-om-elye-wahi-devrait-quitter-marseille-pour-lallemagne\/"},"wordCount":301,"commentCount":0,"publisher":{"@id":"https:\/\/dicodusport.fr\/blog\/#organization"},"image":{"@id":"https:\/\/dicodusport.fr\/blog\/transferts-om-elye-wahi-devrait-quitter-marseille-pour-lallemagne\/#primaryimage"},"thumbnailUrl":"https:\/\/dicodusport.fr\/blog\/wp-content\/uploads\/2025\/01\/Transferts-OM-Elye-Wahi-devrait-quitter-Marseille-pour-lAllemagne-1.png","keywords":["actu","br\u00e8ve","Elye Wahi","Football","Marseille","Mercato OM","Olympique de Marseille"],"articleSection":["Football","Ligue 1"],"inLanguage":"fr-FR","potentialAction":[{"@type":"CommentAction","name":"Comment","target":["https:\/\/dicodusport.fr\/blog\/transferts-om-elye-wahi-devrait-quitter-marseille-pour-lallemagne\/#respond"]}],"copyrightYear":"2025","copyrightHolder":{"@id":"https:\/\/dicodusport.fr\/blog\/#organization"}},{"@type":"WebPage","@id":"https:\/\/dicodusport.fr\/blog\/transferts-om-elye-wahi-devrait-quitter-marseille-pour-lallemagne\/","url":"https:\/\/dicodusport.fr\/blog\/transferts-om-elye-wahi-devrait-quitter-marseille-pour-lallemagne\/","name":"Transferts OM : Elye Wahi devrait quitter Marseille pour l'Allemagne","isPartOf":{"@id":"https:\/\/dicodusport.fr\/blog\/#website"},"primaryImageOfPage":{"@id":"https:\/\/dicodusport.fr\/blog\/transferts-om-elye-wahi-devrait-quitter-marseille-pour-lallemagne\/#primaryimage"},"image":{"@id":"https:\/\/dicodusport.fr\/blog\/transferts-om-elye-wahi-devrait-quitter-marseille-pour-lallemagne\/#primaryimage"},"thumbnailUrl":"https:\/\/dicodusport.fr\/blog\/wp-content\/uploads\/2025\/01\/Transferts-OM-Elye-Wahi-devrait-quitter-Marseille-pour-lAllemagne-1.png","datePublished":"2025-01-20T15:52:16+00:00","description":"TRANSFERTS FOOTBALL - Selon Santi Aouna, Elye Wahi va d\u00e9j\u00e0 quitter l'Olympique de Marseille pour rejoindre l'Eintracht Francfort.","breadcrumb":{"@id":"https:\/\/dicodusport.fr\/blog\/transferts-om-elye-wahi-devrait-quitter-marseille-pour-lallemagne\/#breadcrumb"},"inLanguage":"fr-FR","potentialAction":[{"@type":"ReadAction","target":["https:\/\/dicodusport.fr\/blog\/transferts-om-elye-wahi-devrait-quitter-marseille-pour-lallemagne\/"]}]},{"@type":"ImageObject","inLanguage":"fr-FR","@id":"https:\/\/dicodusport.fr\/blog\/transferts-om-elye-wahi-devrait-quitter-marseille-pour-lallemagne\/#primaryimage","url":"https:\/\/dicodusport.fr\/blog\/wp-content\/uploads\/2025\/01\/Transferts-OM-Elye-Wahi-devrait-quitter-Marseille-pour-lAllemagne-1.png","contentUrl":"https:\/\/dicodusport.fr\/blog\/wp-content\/uploads\/2025\/01\/Transferts-OM-Elye-Wahi-devrait-quitter-Marseille-pour-lAllemagne-1.png","width":1200,"height":674,"caption":"Transferts OM Elye Wahi devrait quitter Marseille pour l'Allemagne"},{"@type":"BreadcrumbList","@id":"https:\/\/dicodusport.fr\/blog\/transferts-om-elye-wahi-devrait-quitter-marseille-pour-lallemagne\/#breadcrumb","itemListElement":[{"@type":"ListItem","position":1,"name":"Accueil","item":"https:\/\/dicodusport.fr\/blog\/"},{"@type":"ListItem","position":2,"name":"Transferts OM : Elye Wahi devrait quitter Marseille pour l&#8217;Allemagne"}]},{"@type":"WebSite","@id":"https:\/\/dicodusport.fr\/blog\/#website","url":"https:\/\/dicodusport.fr\/blog\/","name":"Dicodusport","description":"L&#039;encyclop\u00e9die de l&#039;actualit\u00e9 sportive","publisher":{"@id":"https:\/\/dicodusport.fr\/blog\/#organization"},"potentialAction":[{"@type":"SearchAction","target":{"@type":"EntryPoint","urlTemplate":"https:\/\/dicodusport.fr\/blog\/?s={search_term_string}"},"query-input":{"@type":"PropertyValueSpecification","valueRequired":true,"valueName":"search_term_string"}}],"inLanguage":"fr-FR"},{"@type":"NewsMediaOrganization","@id":"https:\/\/dicodusport.fr\/blog\/#organization","name":"Dicodusport","url":"https:\/\/dicodusport.fr\/blog\/","logo":{"@type":"ImageObject","inLanguage":"fr-FR","@id":"https:\/\/dicodusport.fr\/blog\/#\/schema\/logo\/image\/","url":"https:\/\/dicodusport.fr\/blog\/wp-content\/uploads\/2020\/06\/cropped-LOGO-DICODUSPORT-2020-SANS-FOND-SANS-TEXTE.png","contentUrl":"https:\/\/dicodusport.fr\/blog\/wp-content\/uploads\/2020\/06\/cropped-LOGO-DICODUSPORT-2020-SANS-FOND-SANS-TEXTE.png","width":512,"height":512,"caption":"Dicodusport"},"image":{"@id":"https:\/\/dicodusport.fr\/blog\/#\/schema\/logo\/image\/"},"sameAs":["https:\/\/www.facebook.com\/dicodusport","https:\/\/x.com\/dicodusport","https:\/\/www.instagram.com\/dicodusport\/","https:\/\/www.youtube.com\/channel\/UC7V2KZ5sd3htJivAbA4ZG3w"],"description":"Dicodusport est l'encyclop\u00e9die de l'actualit\u00e9 sportive.","email":"bonjour@dicodusport.fr","legalName":"DICODUSPORT","foundingDate":"2018-01-14","vatID":"FR71834470973","taxID":"83447097300043","numberOfEmployees":{"@type":"QuantitativeValue","minValue":"1","maxValue":"10"}},{"@type":"Person","@id":"https:\/\/dicodusport.fr\/blog\/#\/schema\/person\/627966a6cde45dbd8c5e36ac85d783da","name":"S\u00e9bastien Gente","image":{"@type":"ImageObject","inLanguage":"fr-FR","@id":"https:\/\/dicodusport.fr\/blog\/#\/schema\/person\/image\/","url":"https:\/\/dicodusport.fr\/blog\/wp-content\/uploads\/2021\/09\/1510990_10205810251400683_4124423575079401707_n-150x150.jpg","contentUrl":"https:\/\/dicodusport.fr\/blog\/wp-content\/uploads\/2021\/09\/1510990_10205810251400683_4124423575079401707_n-150x150.jpg","caption":"S\u00e9bastien Gente"},"description":"John Stockton, Gianni Bugno, Zinedine Zidane, Steffi Graf, Frode Andresen, St\u00e9phane Stoecklin, Davis Kamoga, Primoz Peterka, Werner Schlager et Aur\u00e9lien Rougerie. Point commun entre ces sportifs? Ils m'ont fait r\u00eaver et ont berc\u00e9 mon adolescence. Je suis un fondu de sports et j'essaie de retranscrire ma passion \u00e0 travers mes articles. Originaire du P\u00e9rigord, ma passion pour les Girondins, les Jaunards et les Jazzmen transpire dans mes \u00e9crits. \u00c0 Dicodusport depuis 2021, je d\u00e9niche les sports m\u00e9connus dans lesquels la France brille, et il y en a !","sameAs":["https:\/\/www.facebook.com\/sebastien.gente\/","https:\/\/www.instagram.com\/sebgente\/","https:\/\/www.linkedin.com\/in\/sbastien-gente-a29583169\/","https:\/\/x.com\/https:\/\/twitter.com\/globulo24","SebastienGente"],"worksFor":"S\u00e9bastien GENTE","url":"https:\/\/dicodusport.fr\/blog\/author\/sebastiengente\/"}]}},"_links":{"self":[{"href":"https:\/\/dicodusport.fr\/blog\/wp-json\/wp\/v2\/posts\/548412","targetHints":{"allow":["GET"]}}],"collection":[{"href":"https:\/\/dicodusport.fr\/blog\/wp-json\/wp\/v2\/posts"}],"about":[{"href":"https:\/\/dicodusport.fr\/blog\/wp-json\/wp\/v2\/types\/post"}],"author":[{"embeddable":true,"href":"https:\/\/dicodusport.fr\/blog\/wp-json\/wp\/v2\/users\/59"}],"replies":[{"embeddable":true,"href":"https:\/\/dicodusport.fr\/blog\/wp-json\/wp\/v2\/comments?post=548412"}],"version-history":[{"count":1,"href":"https:\/\/dicodusport.fr\/blog\/wp-json\/wp\/v2\/posts\/548412\/revisions"}],"predecessor-version":[{"id":548416,"href":"https:\/\/dicodusport.fr\/blog\/wp-json\/wp\/v2\/posts\/548412\/revisions\/548416"}],"wp:featuredmedia":[{"embeddable":true,"href":"https:\/\/dicodusport.fr\/blog\/wp-json\/wp\/v2\/media\/548415"}],"wp:attachment":[{"href":"https:\/\/dicodusport.fr\/blog\/wp-json\/wp\/v2\/media?parent=548412"}],"wp:term":[{"taxonomy":"category","embeddable":true,"href":"https:\/\/dicodusport.fr\/blog\/wp-json\/wp\/v2\/categories?post=548412"},{"taxonomy":"post_tag","embeddable":true,"href":"https:\/\/dicodusport.fr\/blog\/wp-json\/wp\/v2\/tags?post=548412"}],"curies":[{"name":"wp","href":"https:\/\/api.w.org\/{rel}","templated":true}]}}