{"id":548623,"date":"2025-01-21T20:49:10","date_gmt":"2025-01-21T19:49:10","guid":{"rendered":"https:\/\/dicodusport.fr\/blog\/?p=548623&#038;preview=true&#038;preview_id=548623"},"modified":"2025-09-16T08:00:11","modified_gmt":"2025-09-16T06:00:11","slug":"ligue-des-champions-j7-le-gros-coup-de-monaco-qui-soffre-une-victoire-cruciale-face-a-aston-villa","status":"publish","type":"post","link":"https:\/\/dicodusport.fr\/blog\/ligue-des-champions-j7-le-gros-coup-de-monaco-qui-soffre-une-victoire-cruciale-face-a-aston-villa\/","title":{"rendered":"Ligue des Champions (J7) : Le gros coup de Monaco, qui s&rsquo;offre une victoire cruciale face \u00e0 Aston Villa"},"content":{"rendered":"<h4 style=\"text-align: justify;\"><em>LIGUE DES CHAMPIONS 2024-2025 &#8211; Dans un match tr\u00e8s rythm\u00e9 et agr\u00e9able \u00e0 regarder, Monaco s\u2019impose en ouverture de la 7<sup>e<\/sup> journ\u00e9e de phase de championnat de Ligue des Champions face \u00e0 Aston Villa (1-0). Les Mon\u00e9gasques font un pas de g\u00e9ant pour la qualification en phase finale.<\/em><\/h4>\n<ul>\n<li style=\"text-align: justify;\"><strong>\u00c0 ce sujet \u2013\u00a0<a href=\"https:\/\/dicodusport.fr\/blog\/classement-ligue-des-champions-2024-2025-psg-lille-monaco-et-brest\/\" target=\"_blank\" rel=\"noopener\">Classement Ligue des Champions 2024-2025 (PSG, Lille, Monaco et Brest)<\/a><\/strong><\/li>\n<\/ul>\n<p style=\"text-align: justify;\">Ce mardi 21 janvier marquait le grand retour de la Ligue des Champions apr\u00e8s plusieurs semaines de pause. L&rsquo;<strong>AS Monaco<\/strong>, actuellement 16e au classement, accueillait l\u2019\u00e9quipe anglaise d\u2019<strong>Aston Villa<\/strong>, surprenante 5e, pour l\u2019avant-derni\u00e8re journ\u00e9e de la phase de championnat. Match important pour le club de la Principaut\u00e9, puisque <strong>Monaco<\/strong> n\u2019a pas encore assur\u00e9 sa qualification et doit obtenir un r\u00e9sultat aujourd\u2019hui, avant un d\u00e9placement p\u00e9rilleux \u00e0 l\u2019Inter Milan dans le cadre de la derni\u00e8re journ\u00e9e. Pas de surprise dans la composition d&rsquo;<strong>Adi H\u00fctter<\/strong>, qui n&rsquo;a aucune absence majeure, hormis celle de <strong>Balogun<\/strong>. L&rsquo;entra\u00eeneur autrichien pourra ainsi s&rsquo;appuyer sur ses cadres essentiels, tels que <strong>Denis Zakaria<\/strong>, <strong>Takumi Minamino<\/strong> et <strong>Breel Embolo.<\/strong><\/p>\n<h2 style=\"text-align: justify;\">Monaco frappe fort d&rsquo;entr\u00e9e contre les Villans<\/h2>\n<p style=\"text-align: justify;\">Les Mon\u00e9gasques ne se font pas attendre et rentrent rapidement dans leur match. D\u00e8s la 8\u00e8me minute, un corner tir\u00e9 par <strong>Camara<\/strong> trouve la t\u00eate de <strong>Thilo Kehrer<\/strong>, obligeant le gardien argentin <b>Emiliano Mart\u00ednez<\/b>\u00a0\u00e0 une parade spectaculaire \u00e0 deux mains. <strong>Wilfried Singo<\/strong> est \u00e0 l&rsquo;aff\u00fbt et propulse le ballon au fond des filets d&rsquo;une t\u00eate \u00e0 bout portant. L&rsquo;<strong>AS Monaco<\/strong> prend l&rsquo;avantage 1-0.\u00a0 Ce but est caract\u00e9ristique des <em>Rouge et Blanc<\/em>, puisqu&rsquo;il s&rsquo;agit du neuvi\u00e8me inscrit sur corner cette saison par les Mon\u00e9gasques. On ne passe pas loin du break d\u00e8s la 15<sup>e<\/sup> minute, <strong>Akliouche<\/strong>, parfaitement servi par <strong>Ben Seghir<\/strong>, d\u00e9clenche une frappe en premi\u00e8re intention depuis l&rsquo;entr\u00e9e de la surface. <b>Emiliano Mart\u00ednez<\/b>\u00a0veille et repousse le tir avec autorit\u00e9.<\/p>\n<blockquote class=\"twitter-tweet\">\n<p dir=\"ltr\" lang=\"fr\">ENTAME PARFAITE POUR L&rsquo;ASM ! \u2604\ufe0f<\/p>\n<p>Sur un corner parfaitement frapp\u00e9 par Lamine Camara, Kehrer sollicite Martinez qui ne peut pas mieux faire que remettre sur Singo qui, lui, pousse le ballon au fond ! \u26bd\ufe0f<a href=\"https:\/\/twitter.com\/hashtag\/ASMAVL?src=hash&amp;ref_src=twsrc%5Etfw\">#ASMAVL<\/a> | <a href=\"https:\/\/twitter.com\/hashtag\/UCL?src=hash&amp;ref_src=twsrc%5Etfw\">#UCL<\/a> <a href=\"https:\/\/t.co\/OQMQC50kbJ\">pic.twitter.com\/OQMQC50kbJ<\/a><\/p>\n<p>\u2014 CANAL+ Foot (@CanalplusFoot) <a href=\"https:\/\/twitter.com\/CanalplusFoot\/status\/1881763488105648155?ref_src=twsrc%5Etfw\">January 21, 2025<\/a><\/p><\/blockquote>\n<p><script async src=\"https:\/\/platform.twitter.com\/widgets.js\" charset=\"utf-8\"><\/script><\/p>\n<p style=\"text-align: justify;\"><strong>Aston Villa<\/strong> se r\u00e9veille et commence \u00e0 prendre progressivement le contr\u00f4le du ballon, bien aid\u00e9, il faut dire, par une \u00e9quipe de <strong>Monaco<\/strong> plus en gestion du score \u00e0 pr\u00e9sent, mais la d\u00e9fense mon\u00e9gasque reste solide, emp\u00eachant les <em>Villans<\/em> de se montrer r\u00e9ellement dangereux. Les occasions se font rares pour les Anglais. La premi\u00e8re tentative s\u00e9rieuse intervient sur un coup franc de <strong>Lucas Digne<\/strong> \u00e0 25 m\u00e8tres \u00e0 la demi-heure de jeu, mais sa frappe est capt\u00e9e sans difficult\u00e9 par <strong>Majecki<\/strong>.<\/p>\n<p style=\"text-align: justify;\">Le portier polonais r\u00e9alise une belle manchette \u00e0 la 36\u00e8me minute sur une frappe de <strong>Leon Bailey<\/strong>, rassurant ainsi ses co\u00e9quipiers alors que ces derniers semblent \u00eatre de plus en plus en difficult\u00e9 en cette fin de premi\u00e8re p\u00e9riode. Il montre une nouvelle fois qu\u2019il est l\u2019homme de cette premi\u00e8re p\u00e9riode en gagnant son face-\u00e0-face contre <strong>Watkins<\/strong> dans le temps additionnel de la premi\u00e8re p\u00e9riode. Quelques secondes plus tard, <strong>Akliouche<\/strong> manque l\u2019occasion de faire le break juste avant le coup de sifflet de la mi-temps. <strong>Monaco<\/strong> regagne les vestiaires avec un avantage d\u2019un but \u00e0 la pause.<\/p>\n<h2 style=\"text-align: justify;\">L&rsquo;ASM r\u00e9siste aux assauts d\u2019Aston Villa<\/h2>\n<p style=\"text-align: justify;\">Alors qu&rsquo;<strong>Aston Villa<\/strong> d\u00e9marre sur un gros rythme la deuxi\u00e8me p\u00e9riode, <strong>Monaco<\/strong> croit doubler la mise \u00e0 la 49\u00e8me minute, mais la jeune p\u00e9pite <strong>Maghnes<\/strong> <strong>Akliouche<\/strong> est signal\u00e9e en position de hors-jeu, annulant donc le but. Alors que les <em>Villans<\/em> intensifient leur pression, mettant le feu dans la d\u00e9fense mon\u00e9gasque, la 63\u00e8me minute pourrait bien \u00eatre un tournant du match. Sur un contre en deux contre un, <strong>Minamino, <\/strong>trop gourmand, oublie de servir <strong>Embolo<\/strong>, parfaitement plac\u00e9, et perd le ballon. <strong>Monaco<\/strong> passe tout pr\u00e8s de faire de doubler la mise.<\/p>\n<p style=\"text-align: justify;\">Face \u00e0 l&rsquo;inefficacit\u00e9 offensive de son \u00e9quipe, <strong>Unai Emery<\/strong> d\u00e9cide de r\u00e9agir en ajustant son sch\u00e9ma tactique pour apporter plus de poids devant. Il modifie son dispositif, passant d\u2019un 4-2-3-1 \u00e0 un 4-4-2, et associe alors <strong>Jhon Duran<\/strong> et <strong>Ollie Watkins<\/strong> en pointe, un duo inhabituel puisque les deux joueurs alternent g\u00e9n\u00e9ralement \u00e0 ce poste de buteur. Mais Monaco reste solide d\u00e9fensivement, tout en essayant parfois de profiter de quelques contres. D\u00e9cisif en premi\u00e8re mi-temps, <strong>Rados\u0142aw<\/strong> <strong>Majecki<\/strong> poursuit son r\u00e9cital en seconde p\u00e9riode. Le dernier rempart mon\u00e9gasque se montre tr\u00e8s autoritaire dans les airs, notamment sur les coups de pied arr\u00eat\u00e9s, o\u00f9 ses interventions s\u2019av\u00e8rent importantes pour soulager sa d\u00e9fense.<\/p>\n<p>\u00c7a commence bien pour les clubs fran\u00e7ais en Europe : victoire au courage pour de l&rsquo;<strong>AS Monaco<\/strong>, qui leur ouvre grand les portes de la tant attendue phase finale de la Ligue des Champions. <strong>Monaco<\/strong> s\u2019assure donc un printemps europ\u00e9en et peut d\u00e9sormais r\u00eaver grand.<\/p>\n<blockquote class=\"twitter-tweet\">\n<p dir=\"ltr\" lang=\"fr\">\ud83d\udea8 MONACO FAIT TOMBER ASTON VILLA ! \ud83d\udd34\u26aa\ufe0f<\/p>\n<p>Les Mon\u00e9gasques s&rsquo;imposent gr\u00e2ce \u00e0 un but de Singo et remontent provisoirement \u00e0 la 9\u00e8me place de Ligue des champions \ud83c\udfc6<a href=\"https:\/\/twitter.com\/hashtag\/ASMAVL?src=hash&amp;ref_src=twsrc%5Etfw\">#ASMAVL<\/a> | <a href=\"https:\/\/twitter.com\/hashtag\/UCL?src=hash&amp;ref_src=twsrc%5Etfw\">#UCL<\/a> <a href=\"https:\/\/t.co\/stG6AJKrTF\">pic.twitter.com\/stG6AJKrTF<\/a><\/p>\n<p>\u2014 CANAL+ Foot (@CanalplusFoot) <a href=\"https:\/\/twitter.com\/CanalplusFoot\/status\/1881789408644616622?ref_src=twsrc%5Etfw\">January 21, 2025<\/a><\/p><\/blockquote>\n<p><script async src=\"https:\/\/platform.twitter.com\/widgets.js\" charset=\"utf-8\"><\/script><\/p>\n<p>&nbsp;<\/p>\n","protected":false},"excerpt":{"rendered":"<p>Le gros coup de Monaco, qui s&rsquo;offre une victoire cruciale face \u00e0 Aston Villa<\/p>\n","protected":false},"author":111,"featured_media":548650,"comment_status":"open","ping_status":"closed","sticky":false,"template":"","format":"standard","meta":{"_acf_changed":false,"_daextam_enable_autolinks":"1","footnotes":""},"categories":[47250],"tags":[1691,16878,75,419,24],"class_list":["post-548623","post","type-post","status-publish","format-standard","has-post-thumbnail","hentry","category-ligue-des-champions-de-football","tag-as-monaco","tag-breve","tag-football","tag-ligue-des-champions","tag-sport"],"acf":[],"yoast_head":"<!-- This site is optimized with the Yoast SEO Premium plugin v26.7 (Yoast SEO v26.7) - https:\/\/yoast.com\/wordpress\/plugins\/seo\/ -->\n<title>Ligue des Champions (J7) : Le gros coup de Monaco, qui s&#039;offre une victoire cruciale face \u00e0 Aston Villa<\/title>\n<meta name=\"description\" content=\"LIGUE DES CHAMPIONS 2024-2025 -\u00a0Victorieuse contre Aston Villa (1-0), l&#039;AS Monaco fait un pas de g\u00e9ant pour la qualification en phase finale.\" \/>\n<meta name=\"robots\" content=\"index, follow, max-snippet:-1, max-image-preview:large, max-video-preview:-1\" \/>\n<link rel=\"canonical\" href=\"https:\/\/dicodusport.fr\/blog\/ligue-des-champions-j7-le-gros-coup-de-monaco-qui-soffre-une-victoire-cruciale-face-a-aston-villa\/\" \/>\n<meta property=\"og:locale\" content=\"fr_FR\" \/>\n<meta property=\"og:type\" content=\"article\" \/>\n<meta property=\"og:title\" content=\"Ligue des Champions (J7) : Le gros coup de Monaco, qui s&#039;offre une victoire cruciale face \u00e0 Aston Villa\" \/>\n<meta property=\"og:description\" content=\"LIGUE DES CHAMPIONS 2024-2025 -\u00a0Victorieuse contre Aston Villa (1-0), l&#039;AS Monaco fait un pas de g\u00e9ant pour la qualification en phase finale.\" \/>\n<meta property=\"og:url\" content=\"https:\/\/dicodusport.fr\/blog\/ligue-des-champions-j7-le-gros-coup-de-monaco-qui-soffre-une-victoire-cruciale-face-a-aston-villa\/\" \/>\n<meta property=\"og:site_name\" content=\"Dicodusport\" \/>\n<meta property=\"article:publisher\" content=\"https:\/\/www.facebook.com\/dicodusport\" \/>\n<meta property=\"article:published_time\" content=\"2025-01-21T19:49:10+00:00\" \/>\n<meta property=\"article:modified_time\" content=\"2025-09-16T06:00:11+00:00\" \/>\n<meta property=\"og:image\" content=\"https:\/\/dicodusport.fr\/blog\/wp-content\/uploads\/2025\/01\/Ligue-des-Champions-J7-Le-gros-coup-de-Monaco-qui-soffre-une-victoire-cruciale-face-a-Aston-Villa.png\" \/>\n\t<meta property=\"og:image:width\" content=\"1200\" \/>\n\t<meta property=\"og:image:height\" content=\"674\" \/>\n\t<meta property=\"og:image:type\" content=\"image\/png\" \/>\n<meta name=\"author\" content=\"L\u00e9o Derambure\" \/>\n<meta name=\"twitter:card\" content=\"summary_large_image\" \/>\n<meta name=\"twitter:title\" content=\"Ligue des Champions (J7) : Le gros coup de Monaco, qui s&#039;offre une victoire cruciale face \u00e0 Aston Villa\" \/>\n<meta name=\"twitter:creator\" content=\"@dicodusport\" \/>\n<meta name=\"twitter:site\" content=\"@dicodusport\" \/>\n<script type=\"application\/ld+json\" class=\"yoast-schema-graph\">{\"@context\":\"https:\/\/schema.org\",\"@graph\":[{\"@type\":\"NewsArticle\",\"@id\":\"https:\/\/dicodusport.fr\/blog\/ligue-des-champions-j7-le-gros-coup-de-monaco-qui-soffre-une-victoire-cruciale-face-a-aston-villa\/#article\",\"isPartOf\":{\"@id\":\"https:\/\/dicodusport.fr\/blog\/ligue-des-champions-j7-le-gros-coup-de-monaco-qui-soffre-une-victoire-cruciale-face-a-aston-villa\/\"},\"author\":{\"name\":\"L\u00e9o Derambure\",\"@id\":\"https:\/\/dicodusport.fr\/blog\/#\/schema\/person\/93f03e222ed8da203c940d17ef257295\"},\"headline\":\"Ligue des Champions (J7) : Le gros coup de Monaco, qui s&rsquo;offre une victoire cruciale face \u00e0 Aston Villa\",\"datePublished\":\"2025-01-21T19:49:10+00:00\",\"dateModified\":\"2025-09-16T06:00:11+00:00\",\"mainEntityOfPage\":{\"@id\":\"https:\/\/dicodusport.fr\/blog\/ligue-des-champions-j7-le-gros-coup-de-monaco-qui-soffre-une-victoire-cruciale-face-a-aston-villa\/\"},\"wordCount\":922,\"commentCount\":0,\"publisher\":{\"@id\":\"https:\/\/dicodusport.fr\/blog\/#organization\"},\"image\":{\"@id\":\"https:\/\/dicodusport.fr\/blog\/ligue-des-champions-j7-le-gros-coup-de-monaco-qui-soffre-une-victoire-cruciale-face-a-aston-villa\/#primaryimage\"},\"thumbnailUrl\":\"https:\/\/dicodusport.fr\/blog\/wp-content\/uploads\/2025\/01\/Ligue-des-Champions-J7-Le-gros-coup-de-Monaco-qui-soffre-une-victoire-cruciale-face-a-Aston-Villa.png\",\"keywords\":[\"AS Monaco\",\"br\u00e8ve\",\"Football\",\"Ligue des champions\",\"sport\"],\"articleSection\":[\"Ligue des Champions de football\"],\"inLanguage\":\"fr-FR\",\"potentialAction\":[{\"@type\":\"CommentAction\",\"name\":\"Comment\",\"target\":[\"https:\/\/dicodusport.fr\/blog\/ligue-des-champions-j7-le-gros-coup-de-monaco-qui-soffre-une-victoire-cruciale-face-a-aston-villa\/#respond\"]}],\"copyrightYear\":\"2025\",\"copyrightHolder\":{\"@id\":\"https:\/\/dicodusport.fr\/blog\/#organization\"}},{\"@type\":\"WebPage\",\"@id\":\"https:\/\/dicodusport.fr\/blog\/ligue-des-champions-j7-le-gros-coup-de-monaco-qui-soffre-une-victoire-cruciale-face-a-aston-villa\/\",\"url\":\"https:\/\/dicodusport.fr\/blog\/ligue-des-champions-j7-le-gros-coup-de-monaco-qui-soffre-une-victoire-cruciale-face-a-aston-villa\/\",\"name\":\"Ligue des Champions (J7) : Le gros coup de Monaco, qui s'offre une victoire cruciale face \u00e0 Aston Villa\",\"isPartOf\":{\"@id\":\"https:\/\/dicodusport.fr\/blog\/#website\"},\"primaryImageOfPage\":{\"@id\":\"https:\/\/dicodusport.fr\/blog\/ligue-des-champions-j7-le-gros-coup-de-monaco-qui-soffre-une-victoire-cruciale-face-a-aston-villa\/#primaryimage\"},\"image\":{\"@id\":\"https:\/\/dicodusport.fr\/blog\/ligue-des-champions-j7-le-gros-coup-de-monaco-qui-soffre-une-victoire-cruciale-face-a-aston-villa\/#primaryimage\"},\"thumbnailUrl\":\"https:\/\/dicodusport.fr\/blog\/wp-content\/uploads\/2025\/01\/Ligue-des-Champions-J7-Le-gros-coup-de-Monaco-qui-soffre-une-victoire-cruciale-face-a-Aston-Villa.png\",\"datePublished\":\"2025-01-21T19:49:10+00:00\",\"dateModified\":\"2025-09-16T06:00:11+00:00\",\"description\":\"LIGUE DES CHAMPIONS 2024-2025 -\u00a0Victorieuse contre Aston Villa (1-0), l'AS Monaco fait un pas de g\u00e9ant pour la qualification en phase finale.\",\"breadcrumb\":{\"@id\":\"https:\/\/dicodusport.fr\/blog\/ligue-des-champions-j7-le-gros-coup-de-monaco-qui-soffre-une-victoire-cruciale-face-a-aston-villa\/#breadcrumb\"},\"inLanguage\":\"fr-FR\",\"potentialAction\":[{\"@type\":\"ReadAction\",\"target\":[\"https:\/\/dicodusport.fr\/blog\/ligue-des-champions-j7-le-gros-coup-de-monaco-qui-soffre-une-victoire-cruciale-face-a-aston-villa\/\"]}]},{\"@type\":\"ImageObject\",\"inLanguage\":\"fr-FR\",\"@id\":\"https:\/\/dicodusport.fr\/blog\/ligue-des-champions-j7-le-gros-coup-de-monaco-qui-soffre-une-victoire-cruciale-face-a-aston-villa\/#primaryimage\",\"url\":\"https:\/\/dicodusport.fr\/blog\/wp-content\/uploads\/2025\/01\/Ligue-des-Champions-J7-Le-gros-coup-de-Monaco-qui-soffre-une-victoire-cruciale-face-a-Aston-Villa.png\",\"contentUrl\":\"https:\/\/dicodusport.fr\/blog\/wp-content\/uploads\/2025\/01\/Ligue-des-Champions-J7-Le-gros-coup-de-Monaco-qui-soffre-une-victoire-cruciale-face-a-Aston-Villa.png\",\"width\":1200,\"height\":674,\"caption\":\"Ligue des Champions (J7) Le gros coup de Monaco, qui s'offre une victoire cruciale face \u00e0 Aston Villa\"},{\"@type\":\"BreadcrumbList\",\"@id\":\"https:\/\/dicodusport.fr\/blog\/ligue-des-champions-j7-le-gros-coup-de-monaco-qui-soffre-une-victoire-cruciale-face-a-aston-villa\/#breadcrumb\",\"itemListElement\":[{\"@type\":\"ListItem\",\"position\":1,\"name\":\"Accueil\",\"item\":\"https:\/\/dicodusport.fr\/blog\/\"},{\"@type\":\"ListItem\",\"position\":2,\"name\":\"Ligue des Champions (J7) : Le gros coup de Monaco, qui s&rsquo;offre une victoire cruciale face \u00e0 Aston Villa\"}]},{\"@type\":\"WebSite\",\"@id\":\"https:\/\/dicodusport.fr\/blog\/#website\",\"url\":\"https:\/\/dicodusport.fr\/blog\/\",\"name\":\"Dicodusport\",\"description\":\"L&#039;encyclop\u00e9die de l&#039;actualit\u00e9 sportive\",\"publisher\":{\"@id\":\"https:\/\/dicodusport.fr\/blog\/#organization\"},\"potentialAction\":[{\"@type\":\"SearchAction\",\"target\":{\"@type\":\"EntryPoint\",\"urlTemplate\":\"https:\/\/dicodusport.fr\/blog\/?s={search_term_string}\"},\"query-input\":{\"@type\":\"PropertyValueSpecification\",\"valueRequired\":true,\"valueName\":\"search_term_string\"}}],\"inLanguage\":\"fr-FR\"},{\"@type\":\"NewsMediaOrganization\",\"@id\":\"https:\/\/dicodusport.fr\/blog\/#organization\",\"name\":\"Dicodusport\",\"url\":\"https:\/\/dicodusport.fr\/blog\/\",\"logo\":{\"@type\":\"ImageObject\",\"inLanguage\":\"fr-FR\",\"@id\":\"https:\/\/dicodusport.fr\/blog\/#\/schema\/logo\/image\/\",\"url\":\"https:\/\/dicodusport.fr\/blog\/wp-content\/uploads\/2020\/06\/cropped-LOGO-DICODUSPORT-2020-SANS-FOND-SANS-TEXTE.png\",\"contentUrl\":\"https:\/\/dicodusport.fr\/blog\/wp-content\/uploads\/2020\/06\/cropped-LOGO-DICODUSPORT-2020-SANS-FOND-SANS-TEXTE.png\",\"width\":512,\"height\":512,\"caption\":\"Dicodusport\"},\"image\":{\"@id\":\"https:\/\/dicodusport.fr\/blog\/#\/schema\/logo\/image\/\"},\"sameAs\":[\"https:\/\/www.facebook.com\/dicodusport\",\"https:\/\/x.com\/dicodusport\",\"https:\/\/www.instagram.com\/dicodusport\/\",\"https:\/\/www.youtube.com\/channel\/UC7V2KZ5sd3htJivAbA4ZG3w\"],\"description\":\"Dicodusport est l'encyclop\u00e9die de l'actualit\u00e9 sportive.\",\"email\":\"bonjour@dicodusport.fr\",\"legalName\":\"DICODUSPORT\",\"foundingDate\":\"2018-01-14\",\"vatID\":\"FR71834470973\",\"taxID\":\"83447097300043\",\"numberOfEmployees\":{\"@type\":\"QuantitativeValue\",\"minValue\":\"1\",\"maxValue\":\"10\"}},{\"@type\":\"Person\",\"@id\":\"https:\/\/dicodusport.fr\/blog\/#\/schema\/person\/93f03e222ed8da203c940d17ef257295\",\"name\":\"L\u00e9o Derambure\",\"image\":{\"@type\":\"ImageObject\",\"inLanguage\":\"fr-FR\",\"@id\":\"https:\/\/dicodusport.fr\/blog\/#\/schema\/person\/image\/\",\"url\":\"https:\/\/dicodusport.fr\/blog\/wp-content\/uploads\/2025\/02\/Maillot-Dicodusport-Lele-150x150.png\",\"contentUrl\":\"https:\/\/dicodusport.fr\/blog\/wp-content\/uploads\/2025\/02\/Maillot-Dicodusport-Lele-150x150.png\",\"caption\":\"L\u00e9o Derambure\"},\"description\":\"Passionn\u00e9 de sport depuis l\u2019enfance, j\u2019ai grandi au rythme des grands \u00e9v\u00e9nements comme les Jeux Olympiques, les championnats du monde d\u2019athl\u00e9tisme et de natation, ou encore le Tour de France sur France T\u00e9l\u00e9visions. Abonn\u00e9 au RC Lens depuis 2008, cette ferveur m\u2019a \u00e9t\u00e9 transmise d\u00e8s l\u2019\u00e2ge de 5 ans par mon grand-p\u00e8re et mon p\u00e8re. Avec Rafael Nadal ou encore Aruna Dindane comme idole, j\u2019ai toujours ressenti l\u2019envie de partager cette passion \u00e0 travers l\u2019\u00e9criture. Apr\u00e8s les Jeux Olympiques de Paris 2024, j\u2019ai franchi le pas en rejoignant l\u2019\u00e9quipe de r\u00e9daction de Dicodusport. Aujourd\u2019hui, je couvre le biathlon, le ski alpin ainsi que les rencontres des clubs fran\u00e7ais en comp\u00e9titions europ\u00e9ennes, avec l'envie de faire vivre chaque instant sportif et de transmettre ces \u00e9motions au lecteur, comme s\u2019il \u00e9tait au c\u0153ur de l\u2019\u00e9v\u00e9nement.\",\"worksFor\":\"L\u00e9o Derambure\",\"url\":\"https:\/\/dicodusport.fr\/blog\/author\/leo-derambure\/\"}]}<\/script>\n<!-- \/ Yoast SEO Premium plugin. -->","yoast_head_json":{"title":"Ligue des Champions (J7) : Le gros coup de Monaco, qui s'offre une victoire cruciale face \u00e0 Aston Villa","description":"LIGUE DES CHAMPIONS 2024-2025 -\u00a0Victorieuse contre Aston Villa (1-0), l'AS Monaco fait un pas de g\u00e9ant pour la qualification en phase finale.","robots":{"index":"index","follow":"follow","max-snippet":"max-snippet:-1","max-image-preview":"max-image-preview:large","max-video-preview":"max-video-preview:-1"},"canonical":"https:\/\/dicodusport.fr\/blog\/ligue-des-champions-j7-le-gros-coup-de-monaco-qui-soffre-une-victoire-cruciale-face-a-aston-villa\/","og_locale":"fr_FR","og_type":"article","og_title":"Ligue des Champions (J7) : Le gros coup de Monaco, qui s'offre une victoire cruciale face \u00e0 Aston Villa","og_description":"LIGUE DES CHAMPIONS 2024-2025 -\u00a0Victorieuse contre Aston Villa (1-0), l'AS Monaco fait un pas de g\u00e9ant pour la qualification en phase finale.","og_url":"https:\/\/dicodusport.fr\/blog\/ligue-des-champions-j7-le-gros-coup-de-monaco-qui-soffre-une-victoire-cruciale-face-a-aston-villa\/","og_site_name":"Dicodusport","article_publisher":"https:\/\/www.facebook.com\/dicodusport","article_published_time":"2025-01-21T19:49:10+00:00","article_modified_time":"2025-09-16T06:00:11+00:00","og_image":[{"width":1200,"height":674,"url":"https:\/\/dicodusport.fr\/blog\/wp-content\/uploads\/2025\/01\/Ligue-des-Champions-J7-Le-gros-coup-de-Monaco-qui-soffre-une-victoire-cruciale-face-a-Aston-Villa.png","type":"image\/png"}],"author":"L\u00e9o Derambure","twitter_card":"summary_large_image","twitter_title":"Ligue des Champions (J7) : Le gros coup de Monaco, qui s'offre une victoire cruciale face \u00e0 Aston Villa","twitter_creator":"@dicodusport","twitter_site":"@dicodusport","schema":{"@context":"https:\/\/schema.org","@graph":[{"@type":"NewsArticle","@id":"https:\/\/dicodusport.fr\/blog\/ligue-des-champions-j7-le-gros-coup-de-monaco-qui-soffre-une-victoire-cruciale-face-a-aston-villa\/#article","isPartOf":{"@id":"https:\/\/dicodusport.fr\/blog\/ligue-des-champions-j7-le-gros-coup-de-monaco-qui-soffre-une-victoire-cruciale-face-a-aston-villa\/"},"author":{"name":"L\u00e9o Derambure","@id":"https:\/\/dicodusport.fr\/blog\/#\/schema\/person\/93f03e222ed8da203c940d17ef257295"},"headline":"Ligue des Champions (J7) : Le gros coup de Monaco, qui s&rsquo;offre une victoire cruciale face \u00e0 Aston Villa","datePublished":"2025-01-21T19:49:10+00:00","dateModified":"2025-09-16T06:00:11+00:00","mainEntityOfPage":{"@id":"https:\/\/dicodusport.fr\/blog\/ligue-des-champions-j7-le-gros-coup-de-monaco-qui-soffre-une-victoire-cruciale-face-a-aston-villa\/"},"wordCount":922,"commentCount":0,"publisher":{"@id":"https:\/\/dicodusport.fr\/blog\/#organization"},"image":{"@id":"https:\/\/dicodusport.fr\/blog\/ligue-des-champions-j7-le-gros-coup-de-monaco-qui-soffre-une-victoire-cruciale-face-a-aston-villa\/#primaryimage"},"thumbnailUrl":"https:\/\/dicodusport.fr\/blog\/wp-content\/uploads\/2025\/01\/Ligue-des-Champions-J7-Le-gros-coup-de-Monaco-qui-soffre-une-victoire-cruciale-face-a-Aston-Villa.png","keywords":["AS Monaco","br\u00e8ve","Football","Ligue des champions","sport"],"articleSection":["Ligue des Champions de football"],"inLanguage":"fr-FR","potentialAction":[{"@type":"CommentAction","name":"Comment","target":["https:\/\/dicodusport.fr\/blog\/ligue-des-champions-j7-le-gros-coup-de-monaco-qui-soffre-une-victoire-cruciale-face-a-aston-villa\/#respond"]}],"copyrightYear":"2025","copyrightHolder":{"@id":"https:\/\/dicodusport.fr\/blog\/#organization"}},{"@type":"WebPage","@id":"https:\/\/dicodusport.fr\/blog\/ligue-des-champions-j7-le-gros-coup-de-monaco-qui-soffre-une-victoire-cruciale-face-a-aston-villa\/","url":"https:\/\/dicodusport.fr\/blog\/ligue-des-champions-j7-le-gros-coup-de-monaco-qui-soffre-une-victoire-cruciale-face-a-aston-villa\/","name":"Ligue des Champions (J7) : Le gros coup de Monaco, qui s'offre une victoire cruciale face \u00e0 Aston Villa","isPartOf":{"@id":"https:\/\/dicodusport.fr\/blog\/#website"},"primaryImageOfPage":{"@id":"https:\/\/dicodusport.fr\/blog\/ligue-des-champions-j7-le-gros-coup-de-monaco-qui-soffre-une-victoire-cruciale-face-a-aston-villa\/#primaryimage"},"image":{"@id":"https:\/\/dicodusport.fr\/blog\/ligue-des-champions-j7-le-gros-coup-de-monaco-qui-soffre-une-victoire-cruciale-face-a-aston-villa\/#primaryimage"},"thumbnailUrl":"https:\/\/dicodusport.fr\/blog\/wp-content\/uploads\/2025\/01\/Ligue-des-Champions-J7-Le-gros-coup-de-Monaco-qui-soffre-une-victoire-cruciale-face-a-Aston-Villa.png","datePublished":"2025-01-21T19:49:10+00:00","dateModified":"2025-09-16T06:00:11+00:00","description":"LIGUE DES CHAMPIONS 2024-2025 -\u00a0Victorieuse contre Aston Villa (1-0), l'AS Monaco fait un pas de g\u00e9ant pour la qualification en phase finale.","breadcrumb":{"@id":"https:\/\/dicodusport.fr\/blog\/ligue-des-champions-j7-le-gros-coup-de-monaco-qui-soffre-une-victoire-cruciale-face-a-aston-villa\/#breadcrumb"},"inLanguage":"fr-FR","potentialAction":[{"@type":"ReadAction","target":["https:\/\/dicodusport.fr\/blog\/ligue-des-champions-j7-le-gros-coup-de-monaco-qui-soffre-une-victoire-cruciale-face-a-aston-villa\/"]}]},{"@type":"ImageObject","inLanguage":"fr-FR","@id":"https:\/\/dicodusport.fr\/blog\/ligue-des-champions-j7-le-gros-coup-de-monaco-qui-soffre-une-victoire-cruciale-face-a-aston-villa\/#primaryimage","url":"https:\/\/dicodusport.fr\/blog\/wp-content\/uploads\/2025\/01\/Ligue-des-Champions-J7-Le-gros-coup-de-Monaco-qui-soffre-une-victoire-cruciale-face-a-Aston-Villa.png","contentUrl":"https:\/\/dicodusport.fr\/blog\/wp-content\/uploads\/2025\/01\/Ligue-des-Champions-J7-Le-gros-coup-de-Monaco-qui-soffre-une-victoire-cruciale-face-a-Aston-Villa.png","width":1200,"height":674,"caption":"Ligue des Champions (J7) Le gros coup de Monaco, qui s'offre une victoire cruciale face \u00e0 Aston Villa"},{"@type":"BreadcrumbList","@id":"https:\/\/dicodusport.fr\/blog\/ligue-des-champions-j7-le-gros-coup-de-monaco-qui-soffre-une-victoire-cruciale-face-a-aston-villa\/#breadcrumb","itemListElement":[{"@type":"ListItem","position":1,"name":"Accueil","item":"https:\/\/dicodusport.fr\/blog\/"},{"@type":"ListItem","position":2,"name":"Ligue des Champions (J7) : Le gros coup de Monaco, qui s&rsquo;offre une victoire cruciale face \u00e0 Aston Villa"}]},{"@type":"WebSite","@id":"https:\/\/dicodusport.fr\/blog\/#website","url":"https:\/\/dicodusport.fr\/blog\/","name":"Dicodusport","description":"L&#039;encyclop\u00e9die de l&#039;actualit\u00e9 sportive","publisher":{"@id":"https:\/\/dicodusport.fr\/blog\/#organization"},"potentialAction":[{"@type":"SearchAction","target":{"@type":"EntryPoint","urlTemplate":"https:\/\/dicodusport.fr\/blog\/?s={search_term_string}"},"query-input":{"@type":"PropertyValueSpecification","valueRequired":true,"valueName":"search_term_string"}}],"inLanguage":"fr-FR"},{"@type":"NewsMediaOrganization","@id":"https:\/\/dicodusport.fr\/blog\/#organization","name":"Dicodusport","url":"https:\/\/dicodusport.fr\/blog\/","logo":{"@type":"ImageObject","inLanguage":"fr-FR","@id":"https:\/\/dicodusport.fr\/blog\/#\/schema\/logo\/image\/","url":"https:\/\/dicodusport.fr\/blog\/wp-content\/uploads\/2020\/06\/cropped-LOGO-DICODUSPORT-2020-SANS-FOND-SANS-TEXTE.png","contentUrl":"https:\/\/dicodusport.fr\/blog\/wp-content\/uploads\/2020\/06\/cropped-LOGO-DICODUSPORT-2020-SANS-FOND-SANS-TEXTE.png","width":512,"height":512,"caption":"Dicodusport"},"image":{"@id":"https:\/\/dicodusport.fr\/blog\/#\/schema\/logo\/image\/"},"sameAs":["https:\/\/www.facebook.com\/dicodusport","https:\/\/x.com\/dicodusport","https:\/\/www.instagram.com\/dicodusport\/","https:\/\/www.youtube.com\/channel\/UC7V2KZ5sd3htJivAbA4ZG3w"],"description":"Dicodusport est l'encyclop\u00e9die de l'actualit\u00e9 sportive.","email":"bonjour@dicodusport.fr","legalName":"DICODUSPORT","foundingDate":"2018-01-14","vatID":"FR71834470973","taxID":"83447097300043","numberOfEmployees":{"@type":"QuantitativeValue","minValue":"1","maxValue":"10"}},{"@type":"Person","@id":"https:\/\/dicodusport.fr\/blog\/#\/schema\/person\/93f03e222ed8da203c940d17ef257295","name":"L\u00e9o Derambure","image":{"@type":"ImageObject","inLanguage":"fr-FR","@id":"https:\/\/dicodusport.fr\/blog\/#\/schema\/person\/image\/","url":"https:\/\/dicodusport.fr\/blog\/wp-content\/uploads\/2025\/02\/Maillot-Dicodusport-Lele-150x150.png","contentUrl":"https:\/\/dicodusport.fr\/blog\/wp-content\/uploads\/2025\/02\/Maillot-Dicodusport-Lele-150x150.png","caption":"L\u00e9o Derambure"},"description":"Passionn\u00e9 de sport depuis l\u2019enfance, j\u2019ai grandi au rythme des grands \u00e9v\u00e9nements comme les Jeux Olympiques, les championnats du monde d\u2019athl\u00e9tisme et de natation, ou encore le Tour de France sur France T\u00e9l\u00e9visions. Abonn\u00e9 au RC Lens depuis 2008, cette ferveur m\u2019a \u00e9t\u00e9 transmise d\u00e8s l\u2019\u00e2ge de 5 ans par mon grand-p\u00e8re et mon p\u00e8re. Avec Rafael Nadal ou encore Aruna Dindane comme idole, j\u2019ai toujours ressenti l\u2019envie de partager cette passion \u00e0 travers l\u2019\u00e9criture. Apr\u00e8s les Jeux Olympiques de Paris 2024, j\u2019ai franchi le pas en rejoignant l\u2019\u00e9quipe de r\u00e9daction de Dicodusport. Aujourd\u2019hui, je couvre le biathlon, le ski alpin ainsi que les rencontres des clubs fran\u00e7ais en comp\u00e9titions europ\u00e9ennes, avec l'envie de faire vivre chaque instant sportif et de transmettre ces \u00e9motions au lecteur, comme s\u2019il \u00e9tait au c\u0153ur de l\u2019\u00e9v\u00e9nement.","worksFor":"L\u00e9o Derambure","url":"https:\/\/dicodusport.fr\/blog\/author\/leo-derambure\/"}]}},"_links":{"self":[{"href":"https:\/\/dicodusport.fr\/blog\/wp-json\/wp\/v2\/posts\/548623","targetHints":{"allow":["GET"]}}],"collection":[{"href":"https:\/\/dicodusport.fr\/blog\/wp-json\/wp\/v2\/posts"}],"about":[{"href":"https:\/\/dicodusport.fr\/blog\/wp-json\/wp\/v2\/types\/post"}],"author":[{"embeddable":true,"href":"https:\/\/dicodusport.fr\/blog\/wp-json\/wp\/v2\/users\/111"}],"replies":[{"embeddable":true,"href":"https:\/\/dicodusport.fr\/blog\/wp-json\/wp\/v2\/comments?post=548623"}],"version-history":[{"count":5,"href":"https:\/\/dicodusport.fr\/blog\/wp-json\/wp\/v2\/posts\/548623\/revisions"}],"predecessor-version":[{"id":548659,"href":"https:\/\/dicodusport.fr\/blog\/wp-json\/wp\/v2\/posts\/548623\/revisions\/548659"}],"wp:featuredmedia":[{"embeddable":true,"href":"https:\/\/dicodusport.fr\/blog\/wp-json\/wp\/v2\/media\/548650"}],"wp:attachment":[{"href":"https:\/\/dicodusport.fr\/blog\/wp-json\/wp\/v2\/media?parent=548623"}],"wp:term":[{"taxonomy":"category","embeddable":true,"href":"https:\/\/dicodusport.fr\/blog\/wp-json\/wp\/v2\/categories?post=548623"},{"taxonomy":"post_tag","embeddable":true,"href":"https:\/\/dicodusport.fr\/blog\/wp-json\/wp\/v2\/tags?post=548623"}],"curies":[{"name":"wp","href":"https:\/\/api.w.org\/{rel}","templated":true}]}}