{"id":549107,"date":"2025-01-25T12:08:50","date_gmt":"2025-01-25T11:08:50","guid":{"rendered":"https:\/\/dicodusport.fr\/blog\/?p=549107&#038;preview=true&#038;preview_id=549107"},"modified":"2025-01-25T13:17:08","modified_gmt":"2025-01-25T12:17:08","slug":"descente-femmes-garmisch-2025-federica-brignone-lemporte-a-nouveau-double-italien","status":"publish","type":"post","link":"https:\/\/dicodusport.fr\/blog\/descente-femmes-garmisch-2025-federica-brignone-lemporte-a-nouveau-double-italien\/","title":{"rendered":"Descente femmes Garmisch 2025 : Federica Brignone l&#8217;emporte \u00e0 nouveau, doubl\u00e9 italien"},"content":{"rendered":"<h4 style=\"text-align: justify;\"><em>COUPE DU MONDE DE SKI ALPIN 2024\/2025 &#8211; L&rsquo;Italienne Federica Brignone est venue s&rsquo;offrir une seconde victoire en descente en battant d&rsquo;un centi\u00e8me sa compatriote Sofia Goggia. Corinne Suter compl\u00e8te le podium de cette descente de Garmisch (Allemagne).\u00a0<\/em><\/h4>\n<ul>\n<li style=\"text-align: justify;\"><strong>\u00c0 ce sujet &#8211; <a href=\"https:\/\/dicodusport.fr\/blog\/classement-descente-femmes-garmisch-2025\/\">Classement Descente femmes Garmisch 2025<\/a><\/strong><\/li>\n<\/ul>\n<p style=\"text-align: justify;\">Jour de descente pour les skieuses de la Coupe du monde, cette fois \u00e0 <strong>Garmisch<\/strong> (Allemagne). Une descente importante puisqu\u2019il s\u2019agit de la derni\u00e8re r\u00e9p\u00e9tition avant les Mondiaux de <strong>Saalbach<\/strong> (Autriche) qui se disputeront du 4 au 16 f\u00e9vrier.<\/p>\n<h2 style=\"text-align: justify;\">Un duel italien<\/h2>\n<p style=\"text-align: justify;\">C\u2019est <strong>Jacqueline Wiles<\/strong> qui a pouss\u00e9 la premi\u00e8re le portillon de d\u00e9part. Avec un temps de 1:36.39, l\u2019Am\u00e9ricaine est rapidement d\u00e9log\u00e9e par la Suissesse <strong>Corinne Suter<\/strong> qui lui inflige un \u00e9cart de 37 centi\u00e8mes.<\/p>\n<p style=\"text-align: justify;\">Derri\u00e8re, <strong>Lara Gut-Behrami<\/strong>, la reine du Super-G, r\u00e9alise une belle course, surtout sur le bas de parcours. \u00c0 l\u2019arriv\u00e9e, la Suissesse paie son d\u00e9part moyen et \u00e9choue \u00e0 18 centi\u00e8mes de sa compatriote. Dix-huit centi\u00e8mes, c\u2019est la m\u00eame sentence pour <strong>Sofia Goggia<\/strong>, sauf que c\u2019est dans le bon sens. L\u2019Italienne, vainqueur de la derni\u00e8re descente \u00e0 <strong>Cortina d\u2019Ampezzo<\/strong>, a pris de gros risques, jusqu\u2019\u00e0 se mettre \u00e0 la limite, comme elle sait si bien le faire. Une mise en danger qui paie, avec une grosse vitesse sur le dernier schuss, elle prend la premi\u00e8re place (-0.18).<\/p>\n<ul>\n<li style=\"text-align: justify;\"><strong>\u00c0 ce sujet \u2013\u00a0<a href=\"https:\/\/dicodusport.fr\/blog\/calendrier-et-resultats-coupe-du-monde-ski-alpin-2024-2025\/\">Calendrier et r\u00e9sultats Coupe du monde Ski alpin 2024-2025<\/a><\/strong><\/li>\n<\/ul>\n<p style=\"text-align: justify;\">Tr\u00e8s en forme depuis le d\u00e9but de saison, les Transalpines nous offrent \u00e0 nouveau un \u00e9norme duel. <strong>Federica Brignone<\/strong> va venir, elle aussi, d\u00e9couper la piste de <strong>Garmisch<\/strong>. Dans le m\u00eame temps que <strong>Goggia<\/strong> tout le long de la course, <strong>Brignone<\/strong> trouve une trajectoire encore plus rapide, d\u2019un poil, puisqu\u2019elle prend la premi\u00e8re place, pour seulement un centi\u00e8me !<\/p>\n<p style=\"text-align: justify;\">Malheureusement, la course va \u00eatre interrompue. Dossard 20, l\u2019Autrichienne <strong>Nina Ortlieb<\/strong>, va chuter brutalement, et \u00eatre \u00e9vacu\u00e9e, sur civi\u00e8re. Une nouvelle chute cette saison, qui s\u2019ajoute aux d\u00e9j\u00e0 nombreuses survenues. La course reprend et ne semble pas avoir traumatis\u00e9 les skieuses. Notamment l\u2019Am\u00e9ricaine <strong>Breezy Johnson<\/strong>, auteure d\u2019une \u00e9norme course qui vient manquer le podium pour six petits centi\u00e8mes. Les chronos sont serr\u00e9s en bas.<\/p>\n<p style=\"text-align: justify;\">C\u2019est fait pour <strong>Federica Brignone<\/strong>. L\u2019Italienne s\u2019offre une seconde victoire en carri\u00e8re en descente. <strong>Sofia Goggia<\/strong> se contentera de la seconde place et sera revancharde demain sur le Super-G, tandis que <strong>Corinne Suter<\/strong> prend le bronze.<\/p>\n<blockquote class=\"twitter-tweet\">\n<p dir=\"ltr\" lang=\"it\">\ud83d\udfe2 BRIGNONE DAVANTI A GOGGIA PER UN CENTESIMOOOOO <a href=\"https:\/\/t.co\/MWulGKoawu\">pic.twitter.com\/MWulGKoawu<\/a><\/p>\n<p>\u2014 Eurosport IT (@Eurosport_IT) <a href=\"https:\/\/twitter.com\/Eurosport_IT\/status\/1883088037103681913?ref_src=twsrc%5Etfw\">January 25, 2025<\/a><\/p><\/blockquote>\n<p><script async src=\"https:\/\/platform.twitter.com\/widgets.js\" charset=\"utf-8\"><\/script><\/p>\n<h2>Les Fran\u00e7aises n\u2019y arrivent pas<\/h2>\n<p style=\"text-align: justify;\">C\u2019est \u00e0 nouveau une course tr\u00e8s compliqu\u00e9e pour les Bleues. La meilleure d\u2019entre elles, <strong>Laura Gauch\u00e9<\/strong>, finit 21\u00e8me (+1.55). <strong>Romane Miradoli<\/strong> termine 25\u00e8me (+1.70), et <strong>Karen Cl\u00e9ment<\/strong> 41\u00e8me (+4.33). <strong>Camille Cerutti<\/strong>, bien partie, n\u2019a pas termin\u00e9.<\/p>\n<ul>\n<li style=\"text-align: justify;\"><strong>\u00c0 ce sujet \u2013<span style=\"color: #000080;\">\u00a0<span style=\"color: #0000ff;\"><a style=\"color: #0000ff;\" href=\"https:\/\/dicodusport.fr\/blog\/coupe-du-monde-ski-alpin-classement-general-gros-globe-femmes\/\">Coupe du monde Ski alpin : Classement g\u00e9n\u00e9ral gros globe femmes<\/a><\/span><\/span><\/strong><\/li>\n<\/ul>\n<p>&nbsp;<\/p>\n","protected":false},"excerpt":{"rendered":"<p>Federica Brignone l&#8217;emporte \u00e0 nouveau, doubl\u00e9 italien<\/p>\n","protected":false},"author":89,"featured_media":549647,"comment_status":"open","ping_status":"closed","sticky":false,"template":"","format":"standard","meta":{"_acf_changed":false,"_daextam_enable_autolinks":"1","footnotes":""},"categories":[47084],"tags":[32415,16878,22351,2233],"class_list":["post-549107","post","type-post","status-publish","format-standard","has-post-thumbnail","hentry","category-coupe-du-monde-ski-alpin","tag-actu","tag-breve","tag-descente-femmes","tag-ski-alpin"],"acf":[],"yoast_head":"<!-- This site is optimized with the Yoast SEO Premium plugin v26.7 (Yoast SEO v26.7) - https:\/\/yoast.com\/wordpress\/plugins\/seo\/ -->\n<title>Descente femmes Garmisch 2025 : Federica Brignone l&#039;emporte \u00e0 nouveau, doubl\u00e9 italien<\/title>\n<meta name=\"description\" content=\"L&#039;Italienne Federica Brignone est venue s&#039;offrir la victoire sur la descente de Garmisch en battant d&#039;un centi\u00e8me Sofia Goggia. Corinne Suter est troisi\u00e8me.\" \/>\n<meta name=\"robots\" content=\"index, follow, max-snippet:-1, max-image-preview:large, max-video-preview:-1\" \/>\n<link rel=\"canonical\" href=\"https:\/\/dicodusport.fr\/blog\/descente-femmes-garmisch-2025-federica-brignone-lemporte-a-nouveau-double-italien\/\" \/>\n<meta property=\"og:locale\" content=\"fr_FR\" \/>\n<meta property=\"og:type\" content=\"article\" \/>\n<meta property=\"og:title\" content=\"Descente femmes Garmisch 2025 : Federica Brignone l&#039;emporte \u00e0 nouveau, doubl\u00e9 italien\" \/>\n<meta property=\"og:description\" content=\"L&#039;Italienne Federica Brignone est venue s&#039;offrir la victoire sur la descente de Garmisch en battant d&#039;un centi\u00e8me Sofia Goggia. Corinne Suter est troisi\u00e8me.\" \/>\n<meta property=\"og:url\" content=\"https:\/\/dicodusport.fr\/blog\/descente-femmes-garmisch-2025-federica-brignone-lemporte-a-nouveau-double-italien\/\" \/>\n<meta property=\"og:site_name\" content=\"Dicodusport\" \/>\n<meta property=\"article:publisher\" content=\"https:\/\/www.facebook.com\/dicodusport\" \/>\n<meta property=\"article:published_time\" content=\"2025-01-25T11:08:50+00:00\" \/>\n<meta property=\"article:modified_time\" content=\"2025-01-25T12:17:08+00:00\" \/>\n<meta property=\"og:image\" content=\"https:\/\/dicodusport.fr\/blog\/wp-content\/uploads\/2025\/01\/Descente-femmes-Garmisch-2025-Federica-Brignone-lemporte-a-nouveau-double-italien.png\" \/>\n\t<meta property=\"og:image:width\" content=\"1200\" \/>\n\t<meta property=\"og:image:height\" content=\"674\" \/>\n\t<meta property=\"og:image:type\" content=\"image\/png\" \/>\n<meta name=\"author\" content=\"Louka Lesueur\" \/>\n<meta name=\"twitter:card\" content=\"summary_large_image\" \/>\n<meta name=\"twitter:title\" content=\"Descente femmes Garmisch 2025 : Federica Brignone l&#039;emporte \u00e0 nouveau, doubl\u00e9 italien\" \/>\n<meta name=\"twitter:creator\" content=\"@https:\/\/twitter.com\/LNewsSF\" \/>\n<meta name=\"twitter:site\" content=\"@dicodusport\" \/>\n<script type=\"application\/ld+json\" class=\"yoast-schema-graph\">{\"@context\":\"https:\/\/schema.org\",\"@graph\":[{\"@type\":\"NewsArticle\",\"@id\":\"https:\/\/dicodusport.fr\/blog\/descente-femmes-garmisch-2025-federica-brignone-lemporte-a-nouveau-double-italien\/#article\",\"isPartOf\":{\"@id\":\"https:\/\/dicodusport.fr\/blog\/descente-femmes-garmisch-2025-federica-brignone-lemporte-a-nouveau-double-italien\/\"},\"author\":{\"name\":\"Louka Lesueur\",\"@id\":\"https:\/\/dicodusport.fr\/blog\/#\/schema\/person\/54b6cdccebdfcd5a1036c594aecffc2a\"},\"headline\":\"Descente femmes Garmisch 2025 : Federica Brignone l&#8217;emporte \u00e0 nouveau, doubl\u00e9 italien\",\"datePublished\":\"2025-01-25T11:08:50+00:00\",\"dateModified\":\"2025-01-25T12:17:08+00:00\",\"mainEntityOfPage\":{\"@id\":\"https:\/\/dicodusport.fr\/blog\/descente-femmes-garmisch-2025-federica-brignone-lemporte-a-nouveau-double-italien\/\"},\"wordCount\":515,\"commentCount\":0,\"publisher\":{\"@id\":\"https:\/\/dicodusport.fr\/blog\/#organization\"},\"image\":{\"@id\":\"https:\/\/dicodusport.fr\/blog\/descente-femmes-garmisch-2025-federica-brignone-lemporte-a-nouveau-double-italien\/#primaryimage\"},\"thumbnailUrl\":\"https:\/\/dicodusport.fr\/blog\/wp-content\/uploads\/2025\/01\/Descente-femmes-Garmisch-2025-Federica-Brignone-lemporte-a-nouveau-double-italien.png\",\"keywords\":[\"actu\",\"br\u00e8ve\",\"Descente femmes\",\"Ski alpin\"],\"articleSection\":[\"Coupe du monde de ski alpin\"],\"inLanguage\":\"fr-FR\",\"potentialAction\":[{\"@type\":\"CommentAction\",\"name\":\"Comment\",\"target\":[\"https:\/\/dicodusport.fr\/blog\/descente-femmes-garmisch-2025-federica-brignone-lemporte-a-nouveau-double-italien\/#respond\"]}],\"copyrightYear\":\"2025\",\"copyrightHolder\":{\"@id\":\"https:\/\/dicodusport.fr\/blog\/#organization\"}},{\"@type\":\"WebPage\",\"@id\":\"https:\/\/dicodusport.fr\/blog\/descente-femmes-garmisch-2025-federica-brignone-lemporte-a-nouveau-double-italien\/\",\"url\":\"https:\/\/dicodusport.fr\/blog\/descente-femmes-garmisch-2025-federica-brignone-lemporte-a-nouveau-double-italien\/\",\"name\":\"Descente femmes Garmisch 2025 : Federica Brignone l'emporte \u00e0 nouveau, doubl\u00e9 italien\",\"isPartOf\":{\"@id\":\"https:\/\/dicodusport.fr\/blog\/#website\"},\"primaryImageOfPage\":{\"@id\":\"https:\/\/dicodusport.fr\/blog\/descente-femmes-garmisch-2025-federica-brignone-lemporte-a-nouveau-double-italien\/#primaryimage\"},\"image\":{\"@id\":\"https:\/\/dicodusport.fr\/blog\/descente-femmes-garmisch-2025-federica-brignone-lemporte-a-nouveau-double-italien\/#primaryimage\"},\"thumbnailUrl\":\"https:\/\/dicodusport.fr\/blog\/wp-content\/uploads\/2025\/01\/Descente-femmes-Garmisch-2025-Federica-Brignone-lemporte-a-nouveau-double-italien.png\",\"datePublished\":\"2025-01-25T11:08:50+00:00\",\"dateModified\":\"2025-01-25T12:17:08+00:00\",\"description\":\"L'Italienne Federica Brignone est venue s'offrir la victoire sur la descente de Garmisch en battant d'un centi\u00e8me Sofia Goggia. Corinne Suter est troisi\u00e8me.\",\"breadcrumb\":{\"@id\":\"https:\/\/dicodusport.fr\/blog\/descente-femmes-garmisch-2025-federica-brignone-lemporte-a-nouveau-double-italien\/#breadcrumb\"},\"inLanguage\":\"fr-FR\",\"potentialAction\":[{\"@type\":\"ReadAction\",\"target\":[\"https:\/\/dicodusport.fr\/blog\/descente-femmes-garmisch-2025-federica-brignone-lemporte-a-nouveau-double-italien\/\"]}]},{\"@type\":\"ImageObject\",\"inLanguage\":\"fr-FR\",\"@id\":\"https:\/\/dicodusport.fr\/blog\/descente-femmes-garmisch-2025-federica-brignone-lemporte-a-nouveau-double-italien\/#primaryimage\",\"url\":\"https:\/\/dicodusport.fr\/blog\/wp-content\/uploads\/2025\/01\/Descente-femmes-Garmisch-2025-Federica-Brignone-lemporte-a-nouveau-double-italien.png\",\"contentUrl\":\"https:\/\/dicodusport.fr\/blog\/wp-content\/uploads\/2025\/01\/Descente-femmes-Garmisch-2025-Federica-Brignone-lemporte-a-nouveau-double-italien.png\",\"width\":1200,\"height\":674,\"caption\":\"Descente femmes Garmisch 2025 Federica Brignone l'emporte \u00e0 nouveau, doubl\u00e9 italien\"},{\"@type\":\"BreadcrumbList\",\"@id\":\"https:\/\/dicodusport.fr\/blog\/descente-femmes-garmisch-2025-federica-brignone-lemporte-a-nouveau-double-italien\/#breadcrumb\",\"itemListElement\":[{\"@type\":\"ListItem\",\"position\":1,\"name\":\"Accueil\",\"item\":\"https:\/\/dicodusport.fr\/blog\/\"},{\"@type\":\"ListItem\",\"position\":2,\"name\":\"Descente femmes Garmisch 2025 : Federica Brignone l&#8217;emporte \u00e0 nouveau, doubl\u00e9 italien\"}]},{\"@type\":\"WebSite\",\"@id\":\"https:\/\/dicodusport.fr\/blog\/#website\",\"url\":\"https:\/\/dicodusport.fr\/blog\/\",\"name\":\"Dicodusport\",\"description\":\"L&#039;encyclop\u00e9die de l&#039;actualit\u00e9 sportive\",\"publisher\":{\"@id\":\"https:\/\/dicodusport.fr\/blog\/#organization\"},\"potentialAction\":[{\"@type\":\"SearchAction\",\"target\":{\"@type\":\"EntryPoint\",\"urlTemplate\":\"https:\/\/dicodusport.fr\/blog\/?s={search_term_string}\"},\"query-input\":{\"@type\":\"PropertyValueSpecification\",\"valueRequired\":true,\"valueName\":\"search_term_string\"}}],\"inLanguage\":\"fr-FR\"},{\"@type\":\"NewsMediaOrganization\",\"@id\":\"https:\/\/dicodusport.fr\/blog\/#organization\",\"name\":\"Dicodusport\",\"url\":\"https:\/\/dicodusport.fr\/blog\/\",\"logo\":{\"@type\":\"ImageObject\",\"inLanguage\":\"fr-FR\",\"@id\":\"https:\/\/dicodusport.fr\/blog\/#\/schema\/logo\/image\/\",\"url\":\"https:\/\/dicodusport.fr\/blog\/wp-content\/uploads\/2020\/06\/cropped-LOGO-DICODUSPORT-2020-SANS-FOND-SANS-TEXTE.png\",\"contentUrl\":\"https:\/\/dicodusport.fr\/blog\/wp-content\/uploads\/2020\/06\/cropped-LOGO-DICODUSPORT-2020-SANS-FOND-SANS-TEXTE.png\",\"width\":512,\"height\":512,\"caption\":\"Dicodusport\"},\"image\":{\"@id\":\"https:\/\/dicodusport.fr\/blog\/#\/schema\/logo\/image\/\"},\"sameAs\":[\"https:\/\/www.facebook.com\/dicodusport\",\"https:\/\/x.com\/dicodusport\",\"https:\/\/www.instagram.com\/dicodusport\/\",\"https:\/\/www.youtube.com\/channel\/UC7V2KZ5sd3htJivAbA4ZG3w\"],\"description\":\"Dicodusport est l'encyclop\u00e9die de l'actualit\u00e9 sportive.\",\"email\":\"bonjour@dicodusport.fr\",\"legalName\":\"DICODUSPORT\",\"foundingDate\":\"2018-01-14\",\"vatID\":\"FR71834470973\",\"taxID\":\"83447097300043\",\"numberOfEmployees\":{\"@type\":\"QuantitativeValue\",\"minValue\":\"1\",\"maxValue\":\"10\"}},{\"@type\":\"Person\",\"@id\":\"https:\/\/dicodusport.fr\/blog\/#\/schema\/person\/54b6cdccebdfcd5a1036c594aecffc2a\",\"name\":\"Louka Lesueur\",\"image\":{\"@type\":\"ImageObject\",\"inLanguage\":\"fr-FR\",\"@id\":\"https:\/\/dicodusport.fr\/blog\/#\/schema\/person\/image\/\",\"url\":\"https:\/\/dicodusport.fr\/blog\/wp-content\/uploads\/2023\/09\/IMG_2783-150x150.jpeg\",\"contentUrl\":\"https:\/\/dicodusport.fr\/blog\/wp-content\/uploads\/2023\/09\/IMG_2783-150x150.jpeg\",\"caption\":\"Louka Lesueur\"},\"description\":\"Passionn\u00e9 depuis tout petit par les exploits de Bolt, Fourcade, Riner, Lavillenie, Wilkinson, Hirscher. Les \u00e9motions provoqu\u00e9es par le sport ont berc\u00e9 mon enfance et continuent de le faire aujourd'hui. C'est ainsi qu'il m'est arriv\u00e9 de pleurer devant la d\u00e9faite des Bleus face aux Blacks en 2011, ou encore devant le titre olympique de Florent Manaudou \u00e0 Londres. Bien loin de ce milieu professionnel, j'ai os\u00e9 tenter ma chance pour rejoindre l'\u00e9quipe de r\u00e9daction de Dicodusport, et depuis septembre 2023, je tente de retransmettre au mieux les exploits des athl\u00e8tes, tous sports confondus. Grand chauvin, c'est bel et bien sur les sportifs tricolores que je pr\u00e9f\u00e8re \u00e9crire.\",\"sameAs\":[\"https:\/\/x.com\/https:\/\/twitter.com\/LNewsSF\"],\"gender\":\"Homme\",\"worksFor\":\"Louka LESUEUR\",\"url\":\"https:\/\/dicodusport.fr\/blog\/author\/louka-lesueur\/\"}]}<\/script>\n<!-- \/ Yoast SEO Premium plugin. -->","yoast_head_json":{"title":"Descente femmes Garmisch 2025 : Federica Brignone l'emporte \u00e0 nouveau, doubl\u00e9 italien","description":"L'Italienne Federica Brignone est venue s'offrir la victoire sur la descente de Garmisch en battant d'un centi\u00e8me Sofia Goggia. Corinne Suter est troisi\u00e8me.","robots":{"index":"index","follow":"follow","max-snippet":"max-snippet:-1","max-image-preview":"max-image-preview:large","max-video-preview":"max-video-preview:-1"},"canonical":"https:\/\/dicodusport.fr\/blog\/descente-femmes-garmisch-2025-federica-brignone-lemporte-a-nouveau-double-italien\/","og_locale":"fr_FR","og_type":"article","og_title":"Descente femmes Garmisch 2025 : Federica Brignone l'emporte \u00e0 nouveau, doubl\u00e9 italien","og_description":"L'Italienne Federica Brignone est venue s'offrir la victoire sur la descente de Garmisch en battant d'un centi\u00e8me Sofia Goggia. Corinne Suter est troisi\u00e8me.","og_url":"https:\/\/dicodusport.fr\/blog\/descente-femmes-garmisch-2025-federica-brignone-lemporte-a-nouveau-double-italien\/","og_site_name":"Dicodusport","article_publisher":"https:\/\/www.facebook.com\/dicodusport","article_published_time":"2025-01-25T11:08:50+00:00","article_modified_time":"2025-01-25T12:17:08+00:00","og_image":[{"width":1200,"height":674,"url":"https:\/\/dicodusport.fr\/blog\/wp-content\/uploads\/2025\/01\/Descente-femmes-Garmisch-2025-Federica-Brignone-lemporte-a-nouveau-double-italien.png","type":"image\/png"}],"author":"Louka Lesueur","twitter_card":"summary_large_image","twitter_title":"Descente femmes Garmisch 2025 : Federica Brignone l'emporte \u00e0 nouveau, doubl\u00e9 italien","twitter_creator":"@https:\/\/twitter.com\/LNewsSF","twitter_site":"@dicodusport","schema":{"@context":"https:\/\/schema.org","@graph":[{"@type":"NewsArticle","@id":"https:\/\/dicodusport.fr\/blog\/descente-femmes-garmisch-2025-federica-brignone-lemporte-a-nouveau-double-italien\/#article","isPartOf":{"@id":"https:\/\/dicodusport.fr\/blog\/descente-femmes-garmisch-2025-federica-brignone-lemporte-a-nouveau-double-italien\/"},"author":{"name":"Louka Lesueur","@id":"https:\/\/dicodusport.fr\/blog\/#\/schema\/person\/54b6cdccebdfcd5a1036c594aecffc2a"},"headline":"Descente femmes Garmisch 2025 : Federica Brignone l&#8217;emporte \u00e0 nouveau, doubl\u00e9 italien","datePublished":"2025-01-25T11:08:50+00:00","dateModified":"2025-01-25T12:17:08+00:00","mainEntityOfPage":{"@id":"https:\/\/dicodusport.fr\/blog\/descente-femmes-garmisch-2025-federica-brignone-lemporte-a-nouveau-double-italien\/"},"wordCount":515,"commentCount":0,"publisher":{"@id":"https:\/\/dicodusport.fr\/blog\/#organization"},"image":{"@id":"https:\/\/dicodusport.fr\/blog\/descente-femmes-garmisch-2025-federica-brignone-lemporte-a-nouveau-double-italien\/#primaryimage"},"thumbnailUrl":"https:\/\/dicodusport.fr\/blog\/wp-content\/uploads\/2025\/01\/Descente-femmes-Garmisch-2025-Federica-Brignone-lemporte-a-nouveau-double-italien.png","keywords":["actu","br\u00e8ve","Descente femmes","Ski alpin"],"articleSection":["Coupe du monde de ski alpin"],"inLanguage":"fr-FR","potentialAction":[{"@type":"CommentAction","name":"Comment","target":["https:\/\/dicodusport.fr\/blog\/descente-femmes-garmisch-2025-federica-brignone-lemporte-a-nouveau-double-italien\/#respond"]}],"copyrightYear":"2025","copyrightHolder":{"@id":"https:\/\/dicodusport.fr\/blog\/#organization"}},{"@type":"WebPage","@id":"https:\/\/dicodusport.fr\/blog\/descente-femmes-garmisch-2025-federica-brignone-lemporte-a-nouveau-double-italien\/","url":"https:\/\/dicodusport.fr\/blog\/descente-femmes-garmisch-2025-federica-brignone-lemporte-a-nouveau-double-italien\/","name":"Descente femmes Garmisch 2025 : Federica Brignone l'emporte \u00e0 nouveau, doubl\u00e9 italien","isPartOf":{"@id":"https:\/\/dicodusport.fr\/blog\/#website"},"primaryImageOfPage":{"@id":"https:\/\/dicodusport.fr\/blog\/descente-femmes-garmisch-2025-federica-brignone-lemporte-a-nouveau-double-italien\/#primaryimage"},"image":{"@id":"https:\/\/dicodusport.fr\/blog\/descente-femmes-garmisch-2025-federica-brignone-lemporte-a-nouveau-double-italien\/#primaryimage"},"thumbnailUrl":"https:\/\/dicodusport.fr\/blog\/wp-content\/uploads\/2025\/01\/Descente-femmes-Garmisch-2025-Federica-Brignone-lemporte-a-nouveau-double-italien.png","datePublished":"2025-01-25T11:08:50+00:00","dateModified":"2025-01-25T12:17:08+00:00","description":"L'Italienne Federica Brignone est venue s'offrir la victoire sur la descente de Garmisch en battant d'un centi\u00e8me Sofia Goggia. Corinne Suter est troisi\u00e8me.","breadcrumb":{"@id":"https:\/\/dicodusport.fr\/blog\/descente-femmes-garmisch-2025-federica-brignone-lemporte-a-nouveau-double-italien\/#breadcrumb"},"inLanguage":"fr-FR","potentialAction":[{"@type":"ReadAction","target":["https:\/\/dicodusport.fr\/blog\/descente-femmes-garmisch-2025-federica-brignone-lemporte-a-nouveau-double-italien\/"]}]},{"@type":"ImageObject","inLanguage":"fr-FR","@id":"https:\/\/dicodusport.fr\/blog\/descente-femmes-garmisch-2025-federica-brignone-lemporte-a-nouveau-double-italien\/#primaryimage","url":"https:\/\/dicodusport.fr\/blog\/wp-content\/uploads\/2025\/01\/Descente-femmes-Garmisch-2025-Federica-Brignone-lemporte-a-nouveau-double-italien.png","contentUrl":"https:\/\/dicodusport.fr\/blog\/wp-content\/uploads\/2025\/01\/Descente-femmes-Garmisch-2025-Federica-Brignone-lemporte-a-nouveau-double-italien.png","width":1200,"height":674,"caption":"Descente femmes Garmisch 2025 Federica Brignone l'emporte \u00e0 nouveau, doubl\u00e9 italien"},{"@type":"BreadcrumbList","@id":"https:\/\/dicodusport.fr\/blog\/descente-femmes-garmisch-2025-federica-brignone-lemporte-a-nouveau-double-italien\/#breadcrumb","itemListElement":[{"@type":"ListItem","position":1,"name":"Accueil","item":"https:\/\/dicodusport.fr\/blog\/"},{"@type":"ListItem","position":2,"name":"Descente femmes Garmisch 2025 : Federica Brignone l&#8217;emporte \u00e0 nouveau, doubl\u00e9 italien"}]},{"@type":"WebSite","@id":"https:\/\/dicodusport.fr\/blog\/#website","url":"https:\/\/dicodusport.fr\/blog\/","name":"Dicodusport","description":"L&#039;encyclop\u00e9die de l&#039;actualit\u00e9 sportive","publisher":{"@id":"https:\/\/dicodusport.fr\/blog\/#organization"},"potentialAction":[{"@type":"SearchAction","target":{"@type":"EntryPoint","urlTemplate":"https:\/\/dicodusport.fr\/blog\/?s={search_term_string}"},"query-input":{"@type":"PropertyValueSpecification","valueRequired":true,"valueName":"search_term_string"}}],"inLanguage":"fr-FR"},{"@type":"NewsMediaOrganization","@id":"https:\/\/dicodusport.fr\/blog\/#organization","name":"Dicodusport","url":"https:\/\/dicodusport.fr\/blog\/","logo":{"@type":"ImageObject","inLanguage":"fr-FR","@id":"https:\/\/dicodusport.fr\/blog\/#\/schema\/logo\/image\/","url":"https:\/\/dicodusport.fr\/blog\/wp-content\/uploads\/2020\/06\/cropped-LOGO-DICODUSPORT-2020-SANS-FOND-SANS-TEXTE.png","contentUrl":"https:\/\/dicodusport.fr\/blog\/wp-content\/uploads\/2020\/06\/cropped-LOGO-DICODUSPORT-2020-SANS-FOND-SANS-TEXTE.png","width":512,"height":512,"caption":"Dicodusport"},"image":{"@id":"https:\/\/dicodusport.fr\/blog\/#\/schema\/logo\/image\/"},"sameAs":["https:\/\/www.facebook.com\/dicodusport","https:\/\/x.com\/dicodusport","https:\/\/www.instagram.com\/dicodusport\/","https:\/\/www.youtube.com\/channel\/UC7V2KZ5sd3htJivAbA4ZG3w"],"description":"Dicodusport est l'encyclop\u00e9die de l'actualit\u00e9 sportive.","email":"bonjour@dicodusport.fr","legalName":"DICODUSPORT","foundingDate":"2018-01-14","vatID":"FR71834470973","taxID":"83447097300043","numberOfEmployees":{"@type":"QuantitativeValue","minValue":"1","maxValue":"10"}},{"@type":"Person","@id":"https:\/\/dicodusport.fr\/blog\/#\/schema\/person\/54b6cdccebdfcd5a1036c594aecffc2a","name":"Louka Lesueur","image":{"@type":"ImageObject","inLanguage":"fr-FR","@id":"https:\/\/dicodusport.fr\/blog\/#\/schema\/person\/image\/","url":"https:\/\/dicodusport.fr\/blog\/wp-content\/uploads\/2023\/09\/IMG_2783-150x150.jpeg","contentUrl":"https:\/\/dicodusport.fr\/blog\/wp-content\/uploads\/2023\/09\/IMG_2783-150x150.jpeg","caption":"Louka Lesueur"},"description":"Passionn\u00e9 depuis tout petit par les exploits de Bolt, Fourcade, Riner, Lavillenie, Wilkinson, Hirscher. Les \u00e9motions provoqu\u00e9es par le sport ont berc\u00e9 mon enfance et continuent de le faire aujourd'hui. C'est ainsi qu'il m'est arriv\u00e9 de pleurer devant la d\u00e9faite des Bleus face aux Blacks en 2011, ou encore devant le titre olympique de Florent Manaudou \u00e0 Londres. Bien loin de ce milieu professionnel, j'ai os\u00e9 tenter ma chance pour rejoindre l'\u00e9quipe de r\u00e9daction de Dicodusport, et depuis septembre 2023, je tente de retransmettre au mieux les exploits des athl\u00e8tes, tous sports confondus. Grand chauvin, c'est bel et bien sur les sportifs tricolores que je pr\u00e9f\u00e8re \u00e9crire.","sameAs":["https:\/\/x.com\/https:\/\/twitter.com\/LNewsSF"],"gender":"Homme","worksFor":"Louka LESUEUR","url":"https:\/\/dicodusport.fr\/blog\/author\/louka-lesueur\/"}]}},"_links":{"self":[{"href":"https:\/\/dicodusport.fr\/blog\/wp-json\/wp\/v2\/posts\/549107","targetHints":{"allow":["GET"]}}],"collection":[{"href":"https:\/\/dicodusport.fr\/blog\/wp-json\/wp\/v2\/posts"}],"about":[{"href":"https:\/\/dicodusport.fr\/blog\/wp-json\/wp\/v2\/types\/post"}],"author":[{"embeddable":true,"href":"https:\/\/dicodusport.fr\/blog\/wp-json\/wp\/v2\/users\/89"}],"replies":[{"embeddable":true,"href":"https:\/\/dicodusport.fr\/blog\/wp-json\/wp\/v2\/comments?post=549107"}],"version-history":[{"count":5,"href":"https:\/\/dicodusport.fr\/blog\/wp-json\/wp\/v2\/posts\/549107\/revisions"}],"predecessor-version":[{"id":549690,"href":"https:\/\/dicodusport.fr\/blog\/wp-json\/wp\/v2\/posts\/549107\/revisions\/549690"}],"wp:featuredmedia":[{"embeddable":true,"href":"https:\/\/dicodusport.fr\/blog\/wp-json\/wp\/v2\/media\/549647"}],"wp:attachment":[{"href":"https:\/\/dicodusport.fr\/blog\/wp-json\/wp\/v2\/media?parent=549107"}],"wp:term":[{"taxonomy":"category","embeddable":true,"href":"https:\/\/dicodusport.fr\/blog\/wp-json\/wp\/v2\/categories?post=549107"},{"taxonomy":"post_tag","embeddable":true,"href":"https:\/\/dicodusport.fr\/blog\/wp-json\/wp\/v2\/tags?post=549107"}],"curies":[{"name":"wp","href":"https:\/\/api.w.org\/{rel}","templated":true}]}}