{"id":549322,"date":"2025-01-24T13:33:45","date_gmt":"2025-01-24T12:33:45","guid":{"rendered":"https:\/\/dicodusport.fr\/blog\/?p=549322&#038;preview=true&#038;preview_id=549322"},"modified":"2025-01-24T14:00:00","modified_gmt":"2025-01-24T13:00:00","slug":"super-g-hommes-kitzbuhel-2025-marco-odermatt-roi-de-la-streif","status":"publish","type":"post","link":"https:\/\/dicodusport.fr\/blog\/super-g-hommes-kitzbuhel-2025-marco-odermatt-roi-de-la-streif\/","title":{"rendered":"Super-G hommes Kitzb\u00fchel 2025: Marco Odermatt, roi de la Streif"},"content":{"rendered":"<h4 style=\"text-align: justify;\"><em><strong>COUPE DU MONDE DE SKI ALPIN 2024-2025 \u2013 Alors qu&rsquo;il avait sign\u00e9 l&rsquo;une de ses pires performances depuis deux ans la semaine derni\u00e8re \u00e0 Wengen (Suisse), Marco Odermatt a remis les pendules \u00e0 l&rsquo;heure. Le Suisse s&rsquo;impose sur le Super-G de Kitzb\u00fchel, devan\u00e7ant Raphael Haaser, 2e, tandis que Stefan Rogentin compl\u00e8te le podium.<\/strong><\/em><\/h4>\n<ul>\n<li style=\"text-align: justify;\"><strong>\u00c0 ce sujet &#8211; <a href=\"https:\/\/dicodusport.fr\/blog\/classement-super-g-hommes-kitzbuhel-2025\/\">Classement Super-G hommes Kitzb\u00fchel 2025<\/a><\/strong><\/li>\n<\/ul>\n<p style=\"text-align: justify;\">Nous voil\u00e0 au grand week-end de <strong>Kitzb\u00fchel <\/strong>(Autriche), avec la mythique piste de la <strong>Streif<\/strong>. Avant la Descente tant attendue de demain et le Slalom de dimanche, place aujourd\u2019hui au Super-G. Coup dur pour les fans locaux :\u00a0 l\u2019absence de <strong>Vincent Kriechmayr<\/strong>. Victime d\u2019une entorse au genou lors de la Descente de Wengen le week-end dernier, l\u2019Autrichien, pourtant sur la liste de d\u00e9part avec le dossard 7, a pr\u00e9f\u00e9r\u00e9 renoncer \u00e0 prendre le d\u00e9part. Une d\u00e9cision par pr\u00e9caution pour le double champion du monde 2021 (Descente et Super-G), qui pr\u00e9f\u00e8re r\u00e9cup\u00e9rer avant les prochaines courses et notamment les Championnats du Monde.<\/p>\n<p style=\"text-align: justify;\">En revanche, tous les regards \u00e9taient tourn\u00e9s vers le Suisse <strong>Franjo von Allmen<\/strong>, vainqueur surprise la semaine derni\u00e8re \u00e0 Wengen, ainsi que son redoutable compatriote <strong>Marco Odermatt<\/strong>. Il ne fallait pas non plus oublier <strong>Stefan Rogentin<\/strong>, ou encore <strong>Mattia Casse<\/strong>.<\/p>\n<h2 style=\"text-align: justify;\">Nils All\u00e8gre marque de son empreinte dans les premiers dossards<\/h2>\n<p style=\"text-align: justify;\">C\u00f4t\u00e9 d\u00e9parts, c\u2019est l\u2019Autrichien <strong>Lukas Feurstein<\/strong> qui ouvre le portillon avec le dossard 1. Mais grosse erreur en d\u00e9but de piste pour le skieur local, il d\u00e9chaussera d\u2019un ski et ne terminera donc pas sa course. On le sait, cette piste de la <em>Streif<\/em> est l&rsquo;une des plus techniques de la saison, et toute prise de risque peut se payer, d&rsquo;un sens comme dans l&rsquo;autre.\u00a0 C\u2019est le Fran\u00e7ais <strong>Nils All\u00e8gre<\/strong> qui sort le temps de r\u00e9f\u00e9rence sur les premiers dossards, une course qui convenait parfaitement au skieur de Serre-Chevalier.<\/p>\n<h2 style=\"text-align: justify;\">Les Suisses en feu sur la Streif<\/h2>\n<p style=\"text-align: justify;\">Mais <strong>Marco Odermatt<\/strong> en a d\u00e9cid\u00e9 autrement, livrant une performance impressionnante pour \u00e9craser toute concurrence. Avec des trajectoires d\u2019une pr\u00e9cision chirurgicale et un ski pr\u00e9cis comme il sait le faire, le Suisse a litt\u00e9ralement \u00ab tu\u00e9 \u00bb la course. Il franchit la ligne avec un chrono exceptionnel de 1:13.25, rel\u00e9guant <strong>Nils All\u00e8gre<\/strong> \u00e0 89 centi\u00e8mes.<\/p>\n<p style=\"text-align: justify;\">Son compatriote <strong>Franjo von Allmen<\/strong> s\u2019\u00e9lance ensuite, affichant des temps interm\u00e9diaires tr\u00e8s proches de ceux d\u2019<strong>Odermatt<\/strong>. L\u2019espoir d\u2019un nouveau grand coup pour <strong>von<\/strong> <strong>Allmen<\/strong> est bien r\u00e9el, mais son dernier saut, trop large par rapport \u00e0 une des derni\u00e8res portes, lui fait perdre trop de temps. Il termine \u00e0 45 centi\u00e8mes du roi <strong>Odermatt<\/strong>. Un troisi\u00e8me Suisse entre alors en sc\u00e8ne : <strong>Stefan Rogentin<\/strong>. Bien qu\u2019un peu en retrait par rapport \u00e0 <strong>Odermatt<\/strong>, il \u00e9vite l\u2019erreur commise par <strong>von<\/strong> <strong>Allmen<\/strong> en fin de course. <strong>Rogentin<\/strong> r\u00e9alise une course propre et s\u2019immisce \u00e0 la deuxi\u00e8me place, \u00e0 seulement trois dixi\u00e8mes du leader.<\/p>\n<blockquote class=\"twitter-tweet\">\n<p dir=\"ltr\" lang=\"fr\">\ud835\udc03\ud835\udc1e\u0301\ud835\udc1c\ud835\udc28\ud835\udc2e\ud835\udc29\ud835\udc1e\ud835\udc2b \ud835\udc25\ud835\udc1a \ud835\udc12\ud835\udc2d\ud835\udc2b\ud835\udc1e\ud835\udc22\ud835\udc1f, illustration par Marco Odermatt : <a href=\"https:\/\/t.co\/RturdbTqjk\">pic.twitter.com\/RturdbTqjk<\/a><\/p>\n<p>\u2014 Eurosport France (@Eurosport_FR) <a href=\"https:\/\/twitter.com\/Eurosport_FR\/status\/1882765184780960185?ref_src=twsrc%5Etfw\">January 24, 2025<\/a><\/p><\/blockquote>\n<p><script async src=\"https:\/\/platform.twitter.com\/widgets.js\" charset=\"utf-8\"><\/script><\/p>\n<p style=\"text-align: justify;\">Alors qu\u2019un tripl\u00e9 suisse semblait se dessiner, <strong>Raphael Haaser<\/strong> est venu bouleverser les plans helv\u00e8tes, pour le plus grand bonheur du public autrichien. Avec une fin de course exceptionnelle, <strong>Haaser<\/strong> a fait trembler <strong>Marco Odermatt<\/strong>, signant un chrono \u00e0 seulement 11 centi\u00e8mes du futur vainqueur du jour. Cette course lui permet de grimper sur la deuxi\u00e8me marche du podium, \u00e9jectant ainsi <strong>von Allmen<\/strong> du podium.<\/p>\n<p style=\"text-align: justify;\">De nombreuses chutes ont ralenti le rythme de la course, et ces conditions difficiles ne changeront pas le podium. Parmi les nombreuses gamelles, on note celle du Fran\u00e7ais <strong>Nils Alphand<\/strong>. Parti tambour battant et prenant d&rsquo;\u00e9normes risques (peut-\u00eatre m\u00eame trop), il est tomb\u00e9 dans un des derniers virages, alors qu&rsquo;il \u00e9tait pourtant bien plac\u00e9 pour jouer le podium. Nouveau double podium suisse donc, avec la victoire de <strong>Marco Odermatt<\/strong> et la troisi\u00e8me place de <strong>Stefan<\/strong> <strong>Rogentin<\/strong> (d\u00e9j\u00e0 3<sup>e<\/sup> la semaine pass\u00e9e \u00e0 Wengen). <strong>Raphael Haaser<\/strong>, pour son grand retour, a cr\u00e9\u00e9 la surprise en prenant la deuxi\u00e8me place, offrant \u00e0 l&rsquo;Autriche un skieur sur le podium \u00e0 domicile.<\/p>\n<ul>\n<li style=\"text-align: justify;\"><strong>\u00c0 ce sujet \u2013\u00a0<a href=\"https:\/\/dicodusport.fr\/blog\/calendrier-et-resultats-coupe-du-monde-ski-alpin-2024-2025\/\">Calendrier et r\u00e9sultats Coupe du monde Ski alpin 2024-2025<\/a><\/strong><\/li>\n<li style=\"text-align: justify;\"><strong>\u00c0 ce sujet \u2013\u00a0<a href=\"https:\/\/dicodusport.fr\/blog\/coupe-du-monde-ski-alpin-classement-general-gros-globe-hommes\/\">Coupe du monde Ski alpin \u2013 Classement g\u00e9n\u00e9ral gros globe hommes<\/a><\/strong><\/li>\n<\/ul>\n<h2>Lourde chute pour Alexis Pinturault<\/h2>\n<p style=\"text-align: justify;\">Outre le retour \u00e0 la comp\u00e9tition de <strong>Haaser<\/strong>, celui d&rsquo;<strong>Alexis Pinturault<\/strong> \u00e9tait \u00e9galement tr\u00e8s attendu. Le skieur de Courchevel, portant le dossard 19, commet une erreur en \u00e9tant trop \u00e0 l\u2019int\u00e9rieur sur un passage de porte et chute lourdement. <em>Pintu<\/em> semble touch\u00e9 assez s\u00e9rieusement au niveau du genou.<\/p>\n<p style=\"text-align: justify;\">Du c\u00f4t\u00e9 des autres Fran\u00e7ais, <strong>Nils All\u00e8gre<\/strong> termine \u00e0 une belle 13\u00e8me place. Grosse chute \u00e9galement pour <strong>Florian<\/strong> <strong>Loriot<\/strong>, qui tombe dans le m\u00eame virage que <strong>Pinturault<\/strong>. D\u00e9cid\u00e9ment, c&rsquo;\u00e9tait un jour noir pour les Fran\u00e7ais, <strong>Adrien<\/strong> <strong>Th\u00e9aux<\/strong> termine, quant \u00e0 lui, \u00e0 la 35\u00e8me place.<\/p>\n","protected":false},"excerpt":{"rendered":"<p>Marco Odermatt, roi de la Streif<\/p>\n","protected":false},"author":111,"featured_media":549394,"comment_status":"open","ping_status":"closed","sticky":false,"template":"","format":"standard","meta":{"_acf_changed":false,"_daextam_enable_autolinks":"1","footnotes":""},"categories":[47084],"tags":[32415,16878,29030,24,7192],"class_list":["post-549322","post","type-post","status-publish","format-standard","has-post-thumbnail","hentry","category-coupe-du-monde-ski-alpin","tag-actu","tag-breve","tag-ski-alpin-kitzbuhel","tag-sport","tag-super-g"],"acf":[],"yoast_head":"<!-- This site is optimized with the Yoast SEO Premium plugin v26.7 (Yoast SEO v26.7) - https:\/\/yoast.com\/wordpress\/plugins\/seo\/ -->\n<title>Super-G hommes Kitzb\u00fchel 2025: Marco Odermatt, roi de la Streif<\/title>\n<meta name=\"description\" content=\"COUPE DU MONDE DE SKI ALPIN 2024-2025 \u2013 Marco Odermatt a remis les pendules \u00e0 l&#039;heure \u00e0 Kitzb\u00fchel, en s&#039;imposant sur le Super-G.\" \/>\n<meta name=\"robots\" content=\"index, follow, max-snippet:-1, max-image-preview:large, max-video-preview:-1\" \/>\n<link rel=\"canonical\" href=\"https:\/\/dicodusport.fr\/blog\/super-g-hommes-kitzbuhel-2025-marco-odermatt-roi-de-la-streif\/\" \/>\n<meta property=\"og:locale\" content=\"fr_FR\" \/>\n<meta property=\"og:type\" content=\"article\" \/>\n<meta property=\"og:title\" content=\"Super-G hommes Kitzb\u00fchel 2025: Marco Odermatt, roi de la Streif\" \/>\n<meta property=\"og:description\" content=\"COUPE DU MONDE DE SKI ALPIN 2024-2025 \u2013 Marco Odermatt a remis les pendules \u00e0 l&#039;heure \u00e0 Kitzb\u00fchel, en s&#039;imposant sur le Super-G.\" \/>\n<meta property=\"og:url\" content=\"https:\/\/dicodusport.fr\/blog\/super-g-hommes-kitzbuhel-2025-marco-odermatt-roi-de-la-streif\/\" \/>\n<meta property=\"og:site_name\" content=\"Dicodusport\" \/>\n<meta property=\"article:publisher\" content=\"https:\/\/www.facebook.com\/dicodusport\" \/>\n<meta property=\"article:published_time\" content=\"2025-01-24T12:33:45+00:00\" \/>\n<meta property=\"article:modified_time\" content=\"2025-01-24T13:00:00+00:00\" \/>\n<meta property=\"og:image\" content=\"https:\/\/dicodusport.fr\/blog\/wp-content\/uploads\/2025\/01\/Super-G-hommes-Kitzbuhel-2025-Marco-Odermatt-roi-de-la-Streif.png\" \/>\n\t<meta property=\"og:image:width\" content=\"1200\" \/>\n\t<meta property=\"og:image:height\" content=\"674\" \/>\n\t<meta property=\"og:image:type\" content=\"image\/png\" \/>\n<meta name=\"author\" content=\"L\u00e9o Derambure\" \/>\n<meta name=\"twitter:card\" content=\"summary_large_image\" \/>\n<meta name=\"twitter:title\" content=\"Super-G hommes Kitzb\u00fchel 2025: Marco Odermatt, roi de la Streif\" \/>\n<meta name=\"twitter:creator\" content=\"@dicodusport\" \/>\n<meta name=\"twitter:site\" content=\"@dicodusport\" \/>\n<script type=\"application\/ld+json\" class=\"yoast-schema-graph\">{\"@context\":\"https:\/\/schema.org\",\"@graph\":[{\"@type\":\"NewsArticle\",\"@id\":\"https:\/\/dicodusport.fr\/blog\/super-g-hommes-kitzbuhel-2025-marco-odermatt-roi-de-la-streif\/#article\",\"isPartOf\":{\"@id\":\"https:\/\/dicodusport.fr\/blog\/super-g-hommes-kitzbuhel-2025-marco-odermatt-roi-de-la-streif\/\"},\"author\":{\"name\":\"L\u00e9o Derambure\",\"@id\":\"https:\/\/dicodusport.fr\/blog\/#\/schema\/person\/93f03e222ed8da203c940d17ef257295\"},\"headline\":\"Super-G hommes Kitzb\u00fchel 2025: Marco Odermatt, roi de la Streif\",\"datePublished\":\"2025-01-24T12:33:45+00:00\",\"dateModified\":\"2025-01-24T13:00:00+00:00\",\"mainEntityOfPage\":{\"@id\":\"https:\/\/dicodusport.fr\/blog\/super-g-hommes-kitzbuhel-2025-marco-odermatt-roi-de-la-streif\/\"},\"wordCount\":847,\"commentCount\":0,\"publisher\":{\"@id\":\"https:\/\/dicodusport.fr\/blog\/#organization\"},\"image\":{\"@id\":\"https:\/\/dicodusport.fr\/blog\/super-g-hommes-kitzbuhel-2025-marco-odermatt-roi-de-la-streif\/#primaryimage\"},\"thumbnailUrl\":\"https:\/\/dicodusport.fr\/blog\/wp-content\/uploads\/2025\/01\/Super-G-hommes-Kitzbuhel-2025-Marco-Odermatt-roi-de-la-Streif.png\",\"keywords\":[\"actu\",\"br\u00e8ve\",\"Ski alpin Kitzb\u00fchel\",\"sport\",\"Super G\"],\"articleSection\":[\"Coupe du monde de ski alpin\"],\"inLanguage\":\"fr-FR\",\"potentialAction\":[{\"@type\":\"CommentAction\",\"name\":\"Comment\",\"target\":[\"https:\/\/dicodusport.fr\/blog\/super-g-hommes-kitzbuhel-2025-marco-odermatt-roi-de-la-streif\/#respond\"]}],\"copyrightYear\":\"2025\",\"copyrightHolder\":{\"@id\":\"https:\/\/dicodusport.fr\/blog\/#organization\"}},{\"@type\":\"WebPage\",\"@id\":\"https:\/\/dicodusport.fr\/blog\/super-g-hommes-kitzbuhel-2025-marco-odermatt-roi-de-la-streif\/\",\"url\":\"https:\/\/dicodusport.fr\/blog\/super-g-hommes-kitzbuhel-2025-marco-odermatt-roi-de-la-streif\/\",\"name\":\"Super-G hommes Kitzb\u00fchel 2025: Marco Odermatt, roi de la Streif\",\"isPartOf\":{\"@id\":\"https:\/\/dicodusport.fr\/blog\/#website\"},\"primaryImageOfPage\":{\"@id\":\"https:\/\/dicodusport.fr\/blog\/super-g-hommes-kitzbuhel-2025-marco-odermatt-roi-de-la-streif\/#primaryimage\"},\"image\":{\"@id\":\"https:\/\/dicodusport.fr\/blog\/super-g-hommes-kitzbuhel-2025-marco-odermatt-roi-de-la-streif\/#primaryimage\"},\"thumbnailUrl\":\"https:\/\/dicodusport.fr\/blog\/wp-content\/uploads\/2025\/01\/Super-G-hommes-Kitzbuhel-2025-Marco-Odermatt-roi-de-la-Streif.png\",\"datePublished\":\"2025-01-24T12:33:45+00:00\",\"dateModified\":\"2025-01-24T13:00:00+00:00\",\"description\":\"COUPE DU MONDE DE SKI ALPIN 2024-2025 \u2013 Marco Odermatt a remis les pendules \u00e0 l'heure \u00e0 Kitzb\u00fchel, en s'imposant sur le Super-G.\",\"breadcrumb\":{\"@id\":\"https:\/\/dicodusport.fr\/blog\/super-g-hommes-kitzbuhel-2025-marco-odermatt-roi-de-la-streif\/#breadcrumb\"},\"inLanguage\":\"fr-FR\",\"potentialAction\":[{\"@type\":\"ReadAction\",\"target\":[\"https:\/\/dicodusport.fr\/blog\/super-g-hommes-kitzbuhel-2025-marco-odermatt-roi-de-la-streif\/\"]}]},{\"@type\":\"ImageObject\",\"inLanguage\":\"fr-FR\",\"@id\":\"https:\/\/dicodusport.fr\/blog\/super-g-hommes-kitzbuhel-2025-marco-odermatt-roi-de-la-streif\/#primaryimage\",\"url\":\"https:\/\/dicodusport.fr\/blog\/wp-content\/uploads\/2025\/01\/Super-G-hommes-Kitzbuhel-2025-Marco-Odermatt-roi-de-la-Streif.png\",\"contentUrl\":\"https:\/\/dicodusport.fr\/blog\/wp-content\/uploads\/2025\/01\/Super-G-hommes-Kitzbuhel-2025-Marco-Odermatt-roi-de-la-Streif.png\",\"width\":1200,\"height\":674,\"caption\":\"Super-G hommes Kitzb\u00fchel 2025 Marco Odermatt, roi de la Streif\"},{\"@type\":\"BreadcrumbList\",\"@id\":\"https:\/\/dicodusport.fr\/blog\/super-g-hommes-kitzbuhel-2025-marco-odermatt-roi-de-la-streif\/#breadcrumb\",\"itemListElement\":[{\"@type\":\"ListItem\",\"position\":1,\"name\":\"Accueil\",\"item\":\"https:\/\/dicodusport.fr\/blog\/\"},{\"@type\":\"ListItem\",\"position\":2,\"name\":\"Super-G hommes Kitzb\u00fchel 2025: Marco Odermatt, roi de la Streif\"}]},{\"@type\":\"WebSite\",\"@id\":\"https:\/\/dicodusport.fr\/blog\/#website\",\"url\":\"https:\/\/dicodusport.fr\/blog\/\",\"name\":\"Dicodusport\",\"description\":\"L&#039;encyclop\u00e9die de l&#039;actualit\u00e9 sportive\",\"publisher\":{\"@id\":\"https:\/\/dicodusport.fr\/blog\/#organization\"},\"potentialAction\":[{\"@type\":\"SearchAction\",\"target\":{\"@type\":\"EntryPoint\",\"urlTemplate\":\"https:\/\/dicodusport.fr\/blog\/?s={search_term_string}\"},\"query-input\":{\"@type\":\"PropertyValueSpecification\",\"valueRequired\":true,\"valueName\":\"search_term_string\"}}],\"inLanguage\":\"fr-FR\"},{\"@type\":\"NewsMediaOrganization\",\"@id\":\"https:\/\/dicodusport.fr\/blog\/#organization\",\"name\":\"Dicodusport\",\"url\":\"https:\/\/dicodusport.fr\/blog\/\",\"logo\":{\"@type\":\"ImageObject\",\"inLanguage\":\"fr-FR\",\"@id\":\"https:\/\/dicodusport.fr\/blog\/#\/schema\/logo\/image\/\",\"url\":\"https:\/\/dicodusport.fr\/blog\/wp-content\/uploads\/2020\/06\/cropped-LOGO-DICODUSPORT-2020-SANS-FOND-SANS-TEXTE.png\",\"contentUrl\":\"https:\/\/dicodusport.fr\/blog\/wp-content\/uploads\/2020\/06\/cropped-LOGO-DICODUSPORT-2020-SANS-FOND-SANS-TEXTE.png\",\"width\":512,\"height\":512,\"caption\":\"Dicodusport\"},\"image\":{\"@id\":\"https:\/\/dicodusport.fr\/blog\/#\/schema\/logo\/image\/\"},\"sameAs\":[\"https:\/\/www.facebook.com\/dicodusport\",\"https:\/\/x.com\/dicodusport\",\"https:\/\/www.instagram.com\/dicodusport\/\",\"https:\/\/www.youtube.com\/channel\/UC7V2KZ5sd3htJivAbA4ZG3w\"],\"description\":\"Dicodusport est l'encyclop\u00e9die de l'actualit\u00e9 sportive.\",\"email\":\"bonjour@dicodusport.fr\",\"legalName\":\"DICODUSPORT\",\"foundingDate\":\"2018-01-14\",\"vatID\":\"FR71834470973\",\"taxID\":\"83447097300043\",\"numberOfEmployees\":{\"@type\":\"QuantitativeValue\",\"minValue\":\"1\",\"maxValue\":\"10\"}},{\"@type\":\"Person\",\"@id\":\"https:\/\/dicodusport.fr\/blog\/#\/schema\/person\/93f03e222ed8da203c940d17ef257295\",\"name\":\"L\u00e9o Derambure\",\"image\":{\"@type\":\"ImageObject\",\"inLanguage\":\"fr-FR\",\"@id\":\"https:\/\/dicodusport.fr\/blog\/#\/schema\/person\/image\/\",\"url\":\"https:\/\/dicodusport.fr\/blog\/wp-content\/uploads\/2025\/02\/Maillot-Dicodusport-Lele-150x150.png\",\"contentUrl\":\"https:\/\/dicodusport.fr\/blog\/wp-content\/uploads\/2025\/02\/Maillot-Dicodusport-Lele-150x150.png\",\"caption\":\"L\u00e9o Derambure\"},\"description\":\"Passionn\u00e9 de sport depuis l\u2019enfance, j\u2019ai grandi au rythme des grands \u00e9v\u00e9nements comme les Jeux Olympiques, les championnats du monde d\u2019athl\u00e9tisme et de natation, ou encore le Tour de France sur France T\u00e9l\u00e9visions. Abonn\u00e9 au RC Lens depuis 2008, cette ferveur m\u2019a \u00e9t\u00e9 transmise d\u00e8s l\u2019\u00e2ge de 5 ans par mon grand-p\u00e8re et mon p\u00e8re. Avec Rafael Nadal ou encore Aruna Dindane comme idole, j\u2019ai toujours ressenti l\u2019envie de partager cette passion \u00e0 travers l\u2019\u00e9criture. Apr\u00e8s les Jeux Olympiques de Paris 2024, j\u2019ai franchi le pas en rejoignant l\u2019\u00e9quipe de r\u00e9daction de Dicodusport. Aujourd\u2019hui, je couvre le biathlon, le ski alpin ainsi que les rencontres des clubs fran\u00e7ais en comp\u00e9titions europ\u00e9ennes, avec l'envie de faire vivre chaque instant sportif et de transmettre ces \u00e9motions au lecteur, comme s\u2019il \u00e9tait au c\u0153ur de l\u2019\u00e9v\u00e9nement.\",\"worksFor\":\"L\u00e9o Derambure\",\"url\":\"https:\/\/dicodusport.fr\/blog\/author\/leo-derambure\/\"}]}<\/script>\n<!-- \/ Yoast SEO Premium plugin. -->","yoast_head_json":{"title":"Super-G hommes Kitzb\u00fchel 2025: Marco Odermatt, roi de la Streif","description":"COUPE DU MONDE DE SKI ALPIN 2024-2025 \u2013 Marco Odermatt a remis les pendules \u00e0 l'heure \u00e0 Kitzb\u00fchel, en s'imposant sur le Super-G.","robots":{"index":"index","follow":"follow","max-snippet":"max-snippet:-1","max-image-preview":"max-image-preview:large","max-video-preview":"max-video-preview:-1"},"canonical":"https:\/\/dicodusport.fr\/blog\/super-g-hommes-kitzbuhel-2025-marco-odermatt-roi-de-la-streif\/","og_locale":"fr_FR","og_type":"article","og_title":"Super-G hommes Kitzb\u00fchel 2025: Marco Odermatt, roi de la Streif","og_description":"COUPE DU MONDE DE SKI ALPIN 2024-2025 \u2013 Marco Odermatt a remis les pendules \u00e0 l'heure \u00e0 Kitzb\u00fchel, en s'imposant sur le Super-G.","og_url":"https:\/\/dicodusport.fr\/blog\/super-g-hommes-kitzbuhel-2025-marco-odermatt-roi-de-la-streif\/","og_site_name":"Dicodusport","article_publisher":"https:\/\/www.facebook.com\/dicodusport","article_published_time":"2025-01-24T12:33:45+00:00","article_modified_time":"2025-01-24T13:00:00+00:00","og_image":[{"width":1200,"height":674,"url":"https:\/\/dicodusport.fr\/blog\/wp-content\/uploads\/2025\/01\/Super-G-hommes-Kitzbuhel-2025-Marco-Odermatt-roi-de-la-Streif.png","type":"image\/png"}],"author":"L\u00e9o Derambure","twitter_card":"summary_large_image","twitter_title":"Super-G hommes Kitzb\u00fchel 2025: Marco Odermatt, roi de la Streif","twitter_creator":"@dicodusport","twitter_site":"@dicodusport","schema":{"@context":"https:\/\/schema.org","@graph":[{"@type":"NewsArticle","@id":"https:\/\/dicodusport.fr\/blog\/super-g-hommes-kitzbuhel-2025-marco-odermatt-roi-de-la-streif\/#article","isPartOf":{"@id":"https:\/\/dicodusport.fr\/blog\/super-g-hommes-kitzbuhel-2025-marco-odermatt-roi-de-la-streif\/"},"author":{"name":"L\u00e9o Derambure","@id":"https:\/\/dicodusport.fr\/blog\/#\/schema\/person\/93f03e222ed8da203c940d17ef257295"},"headline":"Super-G hommes Kitzb\u00fchel 2025: Marco Odermatt, roi de la Streif","datePublished":"2025-01-24T12:33:45+00:00","dateModified":"2025-01-24T13:00:00+00:00","mainEntityOfPage":{"@id":"https:\/\/dicodusport.fr\/blog\/super-g-hommes-kitzbuhel-2025-marco-odermatt-roi-de-la-streif\/"},"wordCount":847,"commentCount":0,"publisher":{"@id":"https:\/\/dicodusport.fr\/blog\/#organization"},"image":{"@id":"https:\/\/dicodusport.fr\/blog\/super-g-hommes-kitzbuhel-2025-marco-odermatt-roi-de-la-streif\/#primaryimage"},"thumbnailUrl":"https:\/\/dicodusport.fr\/blog\/wp-content\/uploads\/2025\/01\/Super-G-hommes-Kitzbuhel-2025-Marco-Odermatt-roi-de-la-Streif.png","keywords":["actu","br\u00e8ve","Ski alpin Kitzb\u00fchel","sport","Super G"],"articleSection":["Coupe du monde de ski alpin"],"inLanguage":"fr-FR","potentialAction":[{"@type":"CommentAction","name":"Comment","target":["https:\/\/dicodusport.fr\/blog\/super-g-hommes-kitzbuhel-2025-marco-odermatt-roi-de-la-streif\/#respond"]}],"copyrightYear":"2025","copyrightHolder":{"@id":"https:\/\/dicodusport.fr\/blog\/#organization"}},{"@type":"WebPage","@id":"https:\/\/dicodusport.fr\/blog\/super-g-hommes-kitzbuhel-2025-marco-odermatt-roi-de-la-streif\/","url":"https:\/\/dicodusport.fr\/blog\/super-g-hommes-kitzbuhel-2025-marco-odermatt-roi-de-la-streif\/","name":"Super-G hommes Kitzb\u00fchel 2025: Marco Odermatt, roi de la Streif","isPartOf":{"@id":"https:\/\/dicodusport.fr\/blog\/#website"},"primaryImageOfPage":{"@id":"https:\/\/dicodusport.fr\/blog\/super-g-hommes-kitzbuhel-2025-marco-odermatt-roi-de-la-streif\/#primaryimage"},"image":{"@id":"https:\/\/dicodusport.fr\/blog\/super-g-hommes-kitzbuhel-2025-marco-odermatt-roi-de-la-streif\/#primaryimage"},"thumbnailUrl":"https:\/\/dicodusport.fr\/blog\/wp-content\/uploads\/2025\/01\/Super-G-hommes-Kitzbuhel-2025-Marco-Odermatt-roi-de-la-Streif.png","datePublished":"2025-01-24T12:33:45+00:00","dateModified":"2025-01-24T13:00:00+00:00","description":"COUPE DU MONDE DE SKI ALPIN 2024-2025 \u2013 Marco Odermatt a remis les pendules \u00e0 l'heure \u00e0 Kitzb\u00fchel, en s'imposant sur le Super-G.","breadcrumb":{"@id":"https:\/\/dicodusport.fr\/blog\/super-g-hommes-kitzbuhel-2025-marco-odermatt-roi-de-la-streif\/#breadcrumb"},"inLanguage":"fr-FR","potentialAction":[{"@type":"ReadAction","target":["https:\/\/dicodusport.fr\/blog\/super-g-hommes-kitzbuhel-2025-marco-odermatt-roi-de-la-streif\/"]}]},{"@type":"ImageObject","inLanguage":"fr-FR","@id":"https:\/\/dicodusport.fr\/blog\/super-g-hommes-kitzbuhel-2025-marco-odermatt-roi-de-la-streif\/#primaryimage","url":"https:\/\/dicodusport.fr\/blog\/wp-content\/uploads\/2025\/01\/Super-G-hommes-Kitzbuhel-2025-Marco-Odermatt-roi-de-la-Streif.png","contentUrl":"https:\/\/dicodusport.fr\/blog\/wp-content\/uploads\/2025\/01\/Super-G-hommes-Kitzbuhel-2025-Marco-Odermatt-roi-de-la-Streif.png","width":1200,"height":674,"caption":"Super-G hommes Kitzb\u00fchel 2025 Marco Odermatt, roi de la Streif"},{"@type":"BreadcrumbList","@id":"https:\/\/dicodusport.fr\/blog\/super-g-hommes-kitzbuhel-2025-marco-odermatt-roi-de-la-streif\/#breadcrumb","itemListElement":[{"@type":"ListItem","position":1,"name":"Accueil","item":"https:\/\/dicodusport.fr\/blog\/"},{"@type":"ListItem","position":2,"name":"Super-G hommes Kitzb\u00fchel 2025: Marco Odermatt, roi de la Streif"}]},{"@type":"WebSite","@id":"https:\/\/dicodusport.fr\/blog\/#website","url":"https:\/\/dicodusport.fr\/blog\/","name":"Dicodusport","description":"L&#039;encyclop\u00e9die de l&#039;actualit\u00e9 sportive","publisher":{"@id":"https:\/\/dicodusport.fr\/blog\/#organization"},"potentialAction":[{"@type":"SearchAction","target":{"@type":"EntryPoint","urlTemplate":"https:\/\/dicodusport.fr\/blog\/?s={search_term_string}"},"query-input":{"@type":"PropertyValueSpecification","valueRequired":true,"valueName":"search_term_string"}}],"inLanguage":"fr-FR"},{"@type":"NewsMediaOrganization","@id":"https:\/\/dicodusport.fr\/blog\/#organization","name":"Dicodusport","url":"https:\/\/dicodusport.fr\/blog\/","logo":{"@type":"ImageObject","inLanguage":"fr-FR","@id":"https:\/\/dicodusport.fr\/blog\/#\/schema\/logo\/image\/","url":"https:\/\/dicodusport.fr\/blog\/wp-content\/uploads\/2020\/06\/cropped-LOGO-DICODUSPORT-2020-SANS-FOND-SANS-TEXTE.png","contentUrl":"https:\/\/dicodusport.fr\/blog\/wp-content\/uploads\/2020\/06\/cropped-LOGO-DICODUSPORT-2020-SANS-FOND-SANS-TEXTE.png","width":512,"height":512,"caption":"Dicodusport"},"image":{"@id":"https:\/\/dicodusport.fr\/blog\/#\/schema\/logo\/image\/"},"sameAs":["https:\/\/www.facebook.com\/dicodusport","https:\/\/x.com\/dicodusport","https:\/\/www.instagram.com\/dicodusport\/","https:\/\/www.youtube.com\/channel\/UC7V2KZ5sd3htJivAbA4ZG3w"],"description":"Dicodusport est l'encyclop\u00e9die de l'actualit\u00e9 sportive.","email":"bonjour@dicodusport.fr","legalName":"DICODUSPORT","foundingDate":"2018-01-14","vatID":"FR71834470973","taxID":"83447097300043","numberOfEmployees":{"@type":"QuantitativeValue","minValue":"1","maxValue":"10"}},{"@type":"Person","@id":"https:\/\/dicodusport.fr\/blog\/#\/schema\/person\/93f03e222ed8da203c940d17ef257295","name":"L\u00e9o Derambure","image":{"@type":"ImageObject","inLanguage":"fr-FR","@id":"https:\/\/dicodusport.fr\/blog\/#\/schema\/person\/image\/","url":"https:\/\/dicodusport.fr\/blog\/wp-content\/uploads\/2025\/02\/Maillot-Dicodusport-Lele-150x150.png","contentUrl":"https:\/\/dicodusport.fr\/blog\/wp-content\/uploads\/2025\/02\/Maillot-Dicodusport-Lele-150x150.png","caption":"L\u00e9o Derambure"},"description":"Passionn\u00e9 de sport depuis l\u2019enfance, j\u2019ai grandi au rythme des grands \u00e9v\u00e9nements comme les Jeux Olympiques, les championnats du monde d\u2019athl\u00e9tisme et de natation, ou encore le Tour de France sur France T\u00e9l\u00e9visions. Abonn\u00e9 au RC Lens depuis 2008, cette ferveur m\u2019a \u00e9t\u00e9 transmise d\u00e8s l\u2019\u00e2ge de 5 ans par mon grand-p\u00e8re et mon p\u00e8re. Avec Rafael Nadal ou encore Aruna Dindane comme idole, j\u2019ai toujours ressenti l\u2019envie de partager cette passion \u00e0 travers l\u2019\u00e9criture. Apr\u00e8s les Jeux Olympiques de Paris 2024, j\u2019ai franchi le pas en rejoignant l\u2019\u00e9quipe de r\u00e9daction de Dicodusport. Aujourd\u2019hui, je couvre le biathlon, le ski alpin ainsi que les rencontres des clubs fran\u00e7ais en comp\u00e9titions europ\u00e9ennes, avec l'envie de faire vivre chaque instant sportif et de transmettre ces \u00e9motions au lecteur, comme s\u2019il \u00e9tait au c\u0153ur de l\u2019\u00e9v\u00e9nement.","worksFor":"L\u00e9o Derambure","url":"https:\/\/dicodusport.fr\/blog\/author\/leo-derambure\/"}]}},"_links":{"self":[{"href":"https:\/\/dicodusport.fr\/blog\/wp-json\/wp\/v2\/posts\/549322","targetHints":{"allow":["GET"]}}],"collection":[{"href":"https:\/\/dicodusport.fr\/blog\/wp-json\/wp\/v2\/posts"}],"about":[{"href":"https:\/\/dicodusport.fr\/blog\/wp-json\/wp\/v2\/types\/post"}],"author":[{"embeddable":true,"href":"https:\/\/dicodusport.fr\/blog\/wp-json\/wp\/v2\/users\/111"}],"replies":[{"embeddable":true,"href":"https:\/\/dicodusport.fr\/blog\/wp-json\/wp\/v2\/comments?post=549322"}],"version-history":[{"count":5,"href":"https:\/\/dicodusport.fr\/blog\/wp-json\/wp\/v2\/posts\/549322\/revisions"}],"predecessor-version":[{"id":549400,"href":"https:\/\/dicodusport.fr\/blog\/wp-json\/wp\/v2\/posts\/549322\/revisions\/549400"}],"wp:featuredmedia":[{"embeddable":true,"href":"https:\/\/dicodusport.fr\/blog\/wp-json\/wp\/v2\/media\/549394"}],"wp:attachment":[{"href":"https:\/\/dicodusport.fr\/blog\/wp-json\/wp\/v2\/media?parent=549322"}],"wp:term":[{"taxonomy":"category","embeddable":true,"href":"https:\/\/dicodusport.fr\/blog\/wp-json\/wp\/v2\/categories?post=549322"},{"taxonomy":"post_tag","embeddable":true,"href":"https:\/\/dicodusport.fr\/blog\/wp-json\/wp\/v2\/tags?post=549322"}],"curies":[{"name":"wp","href":"https:\/\/api.w.org\/{rel}","templated":true}]}}