{"id":549367,"date":"2025-01-24T12:22:17","date_gmt":"2025-01-24T11:22:17","guid":{"rendered":"https:\/\/dicodusport.fr\/blog\/?p=549367&#038;preview=true&#038;preview_id=549367"},"modified":"2025-07-09T18:36:27","modified_gmt":"2025-07-09T16:36:27","slug":"biathlon-la-france-vice-championne-deurope-juniors-du-relais-mixte","status":"publish","type":"post","link":"https:\/\/dicodusport.fr\/blog\/biathlon-la-france-vice-championne-deurope-juniors-du-relais-mixte\/","title":{"rendered":"Biathlon : La France vice-championne d&rsquo;Europe juniors du relais mixte"},"content":{"rendered":"<h4 style=\"text-align: justify;\"><em>CHAMPIONNATS D&rsquo;EUROPE JUNIORS DE BIATHLON &#8211; Deuxi\u00e8me m\u00e9dailles pour la d\u00e9l\u00e9gation fran\u00e7aise, puisque les Bleuets sont all\u00e9s chercher de haute lutte la m\u00e9daille d&rsquo;argent du relais mixte.\u00a0<\/em><\/h4>\n<p style=\"text-align: justify;\">Mercredi, <strong>Antonin Delsol<\/strong> avait ouvert le compteur de la d\u00e9l\u00e9gation fran\u00e7aise aux Championnats d&rsquo;Europe juniors <a href=\"https:\/\/dicodusport.fr\/blog\/biathlon-antonin-delsol-vice-champion-deurope-juniors-de-lindividuel\/\">en prenant l&rsquo;argent sur l&rsquo;individuel<\/a>. Il \u00e9tait de retour ce matin en compagnie de <strong>Camille Grataloup-Manissolle, Lola Bugeaud<\/strong> et <strong>Louise Roguet<\/strong> pour tenter de faire de m\u00eame sur le relais mixte.<\/p>\n<p style=\"text-align: justify;\">Une course que les Bleus ont perdu sur un trop grand nombre de pioches, en tout cas en partie. Huit pioches contre six pour la Pologne, plus vivace derri\u00e8re la carabine, mais l&rsquo;\u00e9cart de plus de 40 secondes \u00e0 l&rsquo;arriv\u00e9e ne peut pas uniquement \u00eatre imput\u00e9e \u00e0 cet \u00e9tat de fait. Malgr\u00e9 tout, <strong>Louise Roguet,\u00a0<\/strong>derni\u00e8re relayeuse et sortie en troisi\u00e8me position apr\u00e8s le dernier tir, a sorti une ultime boucle de feu pour d\u00e9poser l&rsquo;Italienne et assurer l&rsquo;argent, une m\u00e9daille qui d\u00e9montre la densit\u00e9 du biathlon fran\u00e7ais, peu importe la cat\u00e9gorie d&rsquo;\u00e2ge.<\/p>\n<blockquote class=\"twitter-tweet\">\n<p dir=\"ltr\" lang=\"fr\">\ud83e\udd48\ud83c\uddeb\ud83c\uddf7 Camille Grataloup-Manissolle, Antonin Delsol, Lola Bugeaud et Louise Roguet se parent d\u2019argent sur le relais mixte des championnats d\u2019Europe juniors d\u2019Altenberg remport\u00e9 par la Pologne. L\u2019Italie troisi\u00e8me.<a href=\"https:\/\/t.co\/5k331rtUUm\">https:\/\/t.co\/5k331rtUUm<\/a><\/p>\n<p>\u2014 Biathlon Live (@BiathlonLivefr) <a href=\"https:\/\/twitter.com\/BiathlonLivefr\/status\/1882746162639413371?ref_src=twsrc%5Etfw\">January 24, 2025<\/a><\/p><\/blockquote>\n<p style=\"text-align: justify;\"><script async src=\"https:\/\/platform.twitter.com\/widgets.js\" charset=\"utf-8\"><\/script><\/p>\n","protected":false},"excerpt":{"rendered":"<p>CHAMPIONNATS D&rsquo;EUROPE JUNIORS DE BIATHLON &#8211; Deuxi\u00e8me m\u00e9dailles pour la d\u00e9l\u00e9gation fran\u00e7aise, puisque les Bleuets sont all\u00e9s chercher de haute lutte la m\u00e9daille d&rsquo;argent du relais mixte.\u00a0<\/p>\n","protected":false},"author":59,"featured_media":549372,"comment_status":"open","ping_status":"closed","sticky":false,"template":"","format":"standard","meta":{"_acf_changed":false,"_daextam_enable_autolinks":"1","footnotes":""},"categories":[2426],"tags":[32415,2427,29733,16878,24414],"class_list":["post-549367","post","type-post","status-publish","format-standard","has-post-thumbnail","hentry","category-biathlon","tag-actu","tag-biathlon","tag-biathlon-francais","tag-breve","tag-championnats-deurope-juniors"],"acf":[],"yoast_head":"<!-- This site is optimized with the Yoast SEO Premium plugin v26.7 (Yoast SEO v26.7) - https:\/\/yoast.com\/wordpress\/plugins\/seo\/ -->\n<title>Biathlon : La France vice-championne d&#039;Europe juniors du relais mixte<\/title>\n<meta name=\"description\" content=\"CHAMPIONNATS D&#039;EUROPE JUNIORS DE BIATHLON - les Bleuets sont all\u00e9s chercher de haute lutte la m\u00e9daille d&#039;argent du relais mixte.\u00a0\" \/>\n<meta name=\"robots\" content=\"index, follow, max-snippet:-1, max-image-preview:large, max-video-preview:-1\" \/>\n<link rel=\"canonical\" href=\"https:\/\/dicodusport.fr\/blog\/biathlon-la-france-vice-championne-deurope-juniors-du-relais-mixte\/\" \/>\n<meta property=\"og:locale\" content=\"fr_FR\" \/>\n<meta property=\"og:type\" content=\"article\" \/>\n<meta property=\"og:title\" content=\"Biathlon : La France vice-championne d&#039;Europe juniors du relais mixte\" \/>\n<meta property=\"og:description\" content=\"CHAMPIONNATS D&#039;EUROPE JUNIORS DE BIATHLON - les Bleuets sont all\u00e9s chercher de haute lutte la m\u00e9daille d&#039;argent du relais mixte.\u00a0\" \/>\n<meta property=\"og:url\" content=\"https:\/\/dicodusport.fr\/blog\/biathlon-la-france-vice-championne-deurope-juniors-du-relais-mixte\/\" \/>\n<meta property=\"og:site_name\" content=\"Dicodusport\" \/>\n<meta property=\"article:publisher\" content=\"https:\/\/www.facebook.com\/dicodusport\" \/>\n<meta property=\"article:author\" content=\"https:\/\/www.facebook.com\/sebastien.gente\/\" \/>\n<meta property=\"article:published_time\" content=\"2025-01-24T11:22:17+00:00\" \/>\n<meta property=\"article:modified_time\" content=\"2025-07-09T16:36:27+00:00\" \/>\n<meta property=\"og:image\" content=\"https:\/\/dicodusport.fr\/blog\/wp-content\/uploads\/2025\/01\/Biathlon-La-France-vice-championne-dEurope-juniors-du-relais-mixte.png\" \/>\n\t<meta property=\"og:image:width\" content=\"1200\" \/>\n\t<meta property=\"og:image:height\" content=\"674\" \/>\n\t<meta property=\"og:image:type\" content=\"image\/png\" \/>\n<meta name=\"author\" content=\"S\u00e9bastien Gente\" \/>\n<meta name=\"twitter:card\" content=\"summary_large_image\" \/>\n<meta name=\"twitter:title\" content=\"Biathlon : La France vice-championne d&#039;Europe juniors du relais mixte\" \/>\n<meta name=\"twitter:creator\" content=\"@https:\/\/twitter.com\/globulo24\" \/>\n<meta name=\"twitter:site\" content=\"@dicodusport\" \/>\n<script type=\"application\/ld+json\" class=\"yoast-schema-graph\">{\"@context\":\"https:\/\/schema.org\",\"@graph\":[{\"@type\":\"NewsArticle\",\"@id\":\"https:\/\/dicodusport.fr\/blog\/biathlon-la-france-vice-championne-deurope-juniors-du-relais-mixte\/#article\",\"isPartOf\":{\"@id\":\"https:\/\/dicodusport.fr\/blog\/biathlon-la-france-vice-championne-deurope-juniors-du-relais-mixte\/\"},\"author\":{\"name\":\"S\u00e9bastien Gente\",\"@id\":\"https:\/\/dicodusport.fr\/blog\/#\/schema\/person\/627966a6cde45dbd8c5e36ac85d783da\"},\"headline\":\"Biathlon : La France vice-championne d&rsquo;Europe juniors du relais mixte\",\"datePublished\":\"2025-01-24T11:22:17+00:00\",\"dateModified\":\"2025-07-09T16:36:27+00:00\",\"mainEntityOfPage\":{\"@id\":\"https:\/\/dicodusport.fr\/blog\/biathlon-la-france-vice-championne-deurope-juniors-du-relais-mixte\/\"},\"wordCount\":246,\"commentCount\":0,\"publisher\":{\"@id\":\"https:\/\/dicodusport.fr\/blog\/#organization\"},\"image\":{\"@id\":\"https:\/\/dicodusport.fr\/blog\/biathlon-la-france-vice-championne-deurope-juniors-du-relais-mixte\/#primaryimage\"},\"thumbnailUrl\":\"https:\/\/dicodusport.fr\/blog\/wp-content\/uploads\/2025\/01\/Biathlon-La-France-vice-championne-dEurope-juniors-du-relais-mixte.png\",\"keywords\":[\"actu\",\"Biathlon\",\"biathlon fran\u00e7ais\",\"br\u00e8ve\",\"Championnats d'Europe Juniors\"],\"articleSection\":[\"Biathlon\"],\"inLanguage\":\"fr-FR\",\"potentialAction\":[{\"@type\":\"CommentAction\",\"name\":\"Comment\",\"target\":[\"https:\/\/dicodusport.fr\/blog\/biathlon-la-france-vice-championne-deurope-juniors-du-relais-mixte\/#respond\"]}],\"copyrightYear\":\"2025\",\"copyrightHolder\":{\"@id\":\"https:\/\/dicodusport.fr\/blog\/#organization\"}},{\"@type\":\"WebPage\",\"@id\":\"https:\/\/dicodusport.fr\/blog\/biathlon-la-france-vice-championne-deurope-juniors-du-relais-mixte\/\",\"url\":\"https:\/\/dicodusport.fr\/blog\/biathlon-la-france-vice-championne-deurope-juniors-du-relais-mixte\/\",\"name\":\"Biathlon : La France vice-championne d'Europe juniors du relais mixte\",\"isPartOf\":{\"@id\":\"https:\/\/dicodusport.fr\/blog\/#website\"},\"primaryImageOfPage\":{\"@id\":\"https:\/\/dicodusport.fr\/blog\/biathlon-la-france-vice-championne-deurope-juniors-du-relais-mixte\/#primaryimage\"},\"image\":{\"@id\":\"https:\/\/dicodusport.fr\/blog\/biathlon-la-france-vice-championne-deurope-juniors-du-relais-mixte\/#primaryimage\"},\"thumbnailUrl\":\"https:\/\/dicodusport.fr\/blog\/wp-content\/uploads\/2025\/01\/Biathlon-La-France-vice-championne-dEurope-juniors-du-relais-mixte.png\",\"datePublished\":\"2025-01-24T11:22:17+00:00\",\"dateModified\":\"2025-07-09T16:36:27+00:00\",\"description\":\"CHAMPIONNATS D'EUROPE JUNIORS DE BIATHLON - les Bleuets sont all\u00e9s chercher de haute lutte la m\u00e9daille d'argent du relais mixte.\u00a0\",\"breadcrumb\":{\"@id\":\"https:\/\/dicodusport.fr\/blog\/biathlon-la-france-vice-championne-deurope-juniors-du-relais-mixte\/#breadcrumb\"},\"inLanguage\":\"fr-FR\",\"potentialAction\":[{\"@type\":\"ReadAction\",\"target\":[\"https:\/\/dicodusport.fr\/blog\/biathlon-la-france-vice-championne-deurope-juniors-du-relais-mixte\/\"]}]},{\"@type\":\"ImageObject\",\"inLanguage\":\"fr-FR\",\"@id\":\"https:\/\/dicodusport.fr\/blog\/biathlon-la-france-vice-championne-deurope-juniors-du-relais-mixte\/#primaryimage\",\"url\":\"https:\/\/dicodusport.fr\/blog\/wp-content\/uploads\/2025\/01\/Biathlon-La-France-vice-championne-dEurope-juniors-du-relais-mixte.png\",\"contentUrl\":\"https:\/\/dicodusport.fr\/blog\/wp-content\/uploads\/2025\/01\/Biathlon-La-France-vice-championne-dEurope-juniors-du-relais-mixte.png\",\"width\":1200,\"height\":674,\"caption\":\"Biathlon La France vice-championne d'Europe juniors du relais mixte\"},{\"@type\":\"BreadcrumbList\",\"@id\":\"https:\/\/dicodusport.fr\/blog\/biathlon-la-france-vice-championne-deurope-juniors-du-relais-mixte\/#breadcrumb\",\"itemListElement\":[{\"@type\":\"ListItem\",\"position\":1,\"name\":\"Accueil\",\"item\":\"https:\/\/dicodusport.fr\/blog\/\"},{\"@type\":\"ListItem\",\"position\":2,\"name\":\"Biathlon : La France vice-championne d&rsquo;Europe juniors du relais mixte\"}]},{\"@type\":\"WebSite\",\"@id\":\"https:\/\/dicodusport.fr\/blog\/#website\",\"url\":\"https:\/\/dicodusport.fr\/blog\/\",\"name\":\"Dicodusport\",\"description\":\"L&#039;encyclop\u00e9die de l&#039;actualit\u00e9 sportive\",\"publisher\":{\"@id\":\"https:\/\/dicodusport.fr\/blog\/#organization\"},\"potentialAction\":[{\"@type\":\"SearchAction\",\"target\":{\"@type\":\"EntryPoint\",\"urlTemplate\":\"https:\/\/dicodusport.fr\/blog\/?s={search_term_string}\"},\"query-input\":{\"@type\":\"PropertyValueSpecification\",\"valueRequired\":true,\"valueName\":\"search_term_string\"}}],\"inLanguage\":\"fr-FR\"},{\"@type\":\"NewsMediaOrganization\",\"@id\":\"https:\/\/dicodusport.fr\/blog\/#organization\",\"name\":\"Dicodusport\",\"url\":\"https:\/\/dicodusport.fr\/blog\/\",\"logo\":{\"@type\":\"ImageObject\",\"inLanguage\":\"fr-FR\",\"@id\":\"https:\/\/dicodusport.fr\/blog\/#\/schema\/logo\/image\/\",\"url\":\"https:\/\/dicodusport.fr\/blog\/wp-content\/uploads\/2020\/06\/cropped-LOGO-DICODUSPORT-2020-SANS-FOND-SANS-TEXTE.png\",\"contentUrl\":\"https:\/\/dicodusport.fr\/blog\/wp-content\/uploads\/2020\/06\/cropped-LOGO-DICODUSPORT-2020-SANS-FOND-SANS-TEXTE.png\",\"width\":512,\"height\":512,\"caption\":\"Dicodusport\"},\"image\":{\"@id\":\"https:\/\/dicodusport.fr\/blog\/#\/schema\/logo\/image\/\"},\"sameAs\":[\"https:\/\/www.facebook.com\/dicodusport\",\"https:\/\/x.com\/dicodusport\",\"https:\/\/www.instagram.com\/dicodusport\/\",\"https:\/\/www.youtube.com\/channel\/UC7V2KZ5sd3htJivAbA4ZG3w\"],\"description\":\"Dicodusport est l'encyclop\u00e9die de l'actualit\u00e9 sportive.\",\"email\":\"bonjour@dicodusport.fr\",\"legalName\":\"DICODUSPORT\",\"foundingDate\":\"2018-01-14\",\"vatID\":\"FR71834470973\",\"taxID\":\"83447097300043\",\"numberOfEmployees\":{\"@type\":\"QuantitativeValue\",\"minValue\":\"1\",\"maxValue\":\"10\"}},{\"@type\":\"Person\",\"@id\":\"https:\/\/dicodusport.fr\/blog\/#\/schema\/person\/627966a6cde45dbd8c5e36ac85d783da\",\"name\":\"S\u00e9bastien Gente\",\"image\":{\"@type\":\"ImageObject\",\"inLanguage\":\"fr-FR\",\"@id\":\"https:\/\/dicodusport.fr\/blog\/#\/schema\/person\/image\/\",\"url\":\"https:\/\/dicodusport.fr\/blog\/wp-content\/uploads\/2021\/09\/1510990_10205810251400683_4124423575079401707_n-150x150.jpg\",\"contentUrl\":\"https:\/\/dicodusport.fr\/blog\/wp-content\/uploads\/2021\/09\/1510990_10205810251400683_4124423575079401707_n-150x150.jpg\",\"caption\":\"S\u00e9bastien Gente\"},\"description\":\"John Stockton, Gianni Bugno, Zinedine Zidane, Steffi Graf, Frode Andresen, St\u00e9phane Stoecklin, Davis Kamoga, Primoz Peterka, Werner Schlager et Aur\u00e9lien Rougerie. Point commun entre ces sportifs? Ils m'ont fait r\u00eaver et ont berc\u00e9 mon adolescence. Je suis un fondu de sports et j'essaie de retranscrire ma passion \u00e0 travers mes articles. Originaire du P\u00e9rigord, ma passion pour les Girondins, les Jaunards et les Jazzmen transpire dans mes \u00e9crits. \u00c0 Dicodusport depuis 2021, je d\u00e9niche les sports m\u00e9connus dans lesquels la France brille, et il y en a !\",\"sameAs\":[\"https:\/\/www.facebook.com\/sebastien.gente\/\",\"https:\/\/www.instagram.com\/sebgente\/\",\"https:\/\/www.linkedin.com\/in\/sbastien-gente-a29583169\/\",\"https:\/\/x.com\/https:\/\/twitter.com\/globulo24\",\"SebastienGente\"],\"worksFor\":\"S\u00e9bastien GENTE\",\"url\":\"https:\/\/dicodusport.fr\/blog\/author\/sebastiengente\/\"}]}<\/script>\n<!-- \/ Yoast SEO Premium plugin. -->","yoast_head_json":{"title":"Biathlon : La France vice-championne d'Europe juniors du relais mixte","description":"CHAMPIONNATS D'EUROPE JUNIORS DE BIATHLON - les Bleuets sont all\u00e9s chercher de haute lutte la m\u00e9daille d'argent du relais mixte.\u00a0","robots":{"index":"index","follow":"follow","max-snippet":"max-snippet:-1","max-image-preview":"max-image-preview:large","max-video-preview":"max-video-preview:-1"},"canonical":"https:\/\/dicodusport.fr\/blog\/biathlon-la-france-vice-championne-deurope-juniors-du-relais-mixte\/","og_locale":"fr_FR","og_type":"article","og_title":"Biathlon : La France vice-championne d'Europe juniors du relais mixte","og_description":"CHAMPIONNATS D'EUROPE JUNIORS DE BIATHLON - les Bleuets sont all\u00e9s chercher de haute lutte la m\u00e9daille d'argent du relais mixte.\u00a0","og_url":"https:\/\/dicodusport.fr\/blog\/biathlon-la-france-vice-championne-deurope-juniors-du-relais-mixte\/","og_site_name":"Dicodusport","article_publisher":"https:\/\/www.facebook.com\/dicodusport","article_author":"https:\/\/www.facebook.com\/sebastien.gente\/","article_published_time":"2025-01-24T11:22:17+00:00","article_modified_time":"2025-07-09T16:36:27+00:00","og_image":[{"width":1200,"height":674,"url":"https:\/\/dicodusport.fr\/blog\/wp-content\/uploads\/2025\/01\/Biathlon-La-France-vice-championne-dEurope-juniors-du-relais-mixte.png","type":"image\/png"}],"author":"S\u00e9bastien Gente","twitter_card":"summary_large_image","twitter_title":"Biathlon : La France vice-championne d'Europe juniors du relais mixte","twitter_creator":"@https:\/\/twitter.com\/globulo24","twitter_site":"@dicodusport","schema":{"@context":"https:\/\/schema.org","@graph":[{"@type":"NewsArticle","@id":"https:\/\/dicodusport.fr\/blog\/biathlon-la-france-vice-championne-deurope-juniors-du-relais-mixte\/#article","isPartOf":{"@id":"https:\/\/dicodusport.fr\/blog\/biathlon-la-france-vice-championne-deurope-juniors-du-relais-mixte\/"},"author":{"name":"S\u00e9bastien Gente","@id":"https:\/\/dicodusport.fr\/blog\/#\/schema\/person\/627966a6cde45dbd8c5e36ac85d783da"},"headline":"Biathlon : La France vice-championne d&rsquo;Europe juniors du relais mixte","datePublished":"2025-01-24T11:22:17+00:00","dateModified":"2025-07-09T16:36:27+00:00","mainEntityOfPage":{"@id":"https:\/\/dicodusport.fr\/blog\/biathlon-la-france-vice-championne-deurope-juniors-du-relais-mixte\/"},"wordCount":246,"commentCount":0,"publisher":{"@id":"https:\/\/dicodusport.fr\/blog\/#organization"},"image":{"@id":"https:\/\/dicodusport.fr\/blog\/biathlon-la-france-vice-championne-deurope-juniors-du-relais-mixte\/#primaryimage"},"thumbnailUrl":"https:\/\/dicodusport.fr\/blog\/wp-content\/uploads\/2025\/01\/Biathlon-La-France-vice-championne-dEurope-juniors-du-relais-mixte.png","keywords":["actu","Biathlon","biathlon fran\u00e7ais","br\u00e8ve","Championnats d'Europe Juniors"],"articleSection":["Biathlon"],"inLanguage":"fr-FR","potentialAction":[{"@type":"CommentAction","name":"Comment","target":["https:\/\/dicodusport.fr\/blog\/biathlon-la-france-vice-championne-deurope-juniors-du-relais-mixte\/#respond"]}],"copyrightYear":"2025","copyrightHolder":{"@id":"https:\/\/dicodusport.fr\/blog\/#organization"}},{"@type":"WebPage","@id":"https:\/\/dicodusport.fr\/blog\/biathlon-la-france-vice-championne-deurope-juniors-du-relais-mixte\/","url":"https:\/\/dicodusport.fr\/blog\/biathlon-la-france-vice-championne-deurope-juniors-du-relais-mixte\/","name":"Biathlon : La France vice-championne d'Europe juniors du relais mixte","isPartOf":{"@id":"https:\/\/dicodusport.fr\/blog\/#website"},"primaryImageOfPage":{"@id":"https:\/\/dicodusport.fr\/blog\/biathlon-la-france-vice-championne-deurope-juniors-du-relais-mixte\/#primaryimage"},"image":{"@id":"https:\/\/dicodusport.fr\/blog\/biathlon-la-france-vice-championne-deurope-juniors-du-relais-mixte\/#primaryimage"},"thumbnailUrl":"https:\/\/dicodusport.fr\/blog\/wp-content\/uploads\/2025\/01\/Biathlon-La-France-vice-championne-dEurope-juniors-du-relais-mixte.png","datePublished":"2025-01-24T11:22:17+00:00","dateModified":"2025-07-09T16:36:27+00:00","description":"CHAMPIONNATS D'EUROPE JUNIORS DE BIATHLON - les Bleuets sont all\u00e9s chercher de haute lutte la m\u00e9daille d'argent du relais mixte.\u00a0","breadcrumb":{"@id":"https:\/\/dicodusport.fr\/blog\/biathlon-la-france-vice-championne-deurope-juniors-du-relais-mixte\/#breadcrumb"},"inLanguage":"fr-FR","potentialAction":[{"@type":"ReadAction","target":["https:\/\/dicodusport.fr\/blog\/biathlon-la-france-vice-championne-deurope-juniors-du-relais-mixte\/"]}]},{"@type":"ImageObject","inLanguage":"fr-FR","@id":"https:\/\/dicodusport.fr\/blog\/biathlon-la-france-vice-championne-deurope-juniors-du-relais-mixte\/#primaryimage","url":"https:\/\/dicodusport.fr\/blog\/wp-content\/uploads\/2025\/01\/Biathlon-La-France-vice-championne-dEurope-juniors-du-relais-mixte.png","contentUrl":"https:\/\/dicodusport.fr\/blog\/wp-content\/uploads\/2025\/01\/Biathlon-La-France-vice-championne-dEurope-juniors-du-relais-mixte.png","width":1200,"height":674,"caption":"Biathlon La France vice-championne d'Europe juniors du relais mixte"},{"@type":"BreadcrumbList","@id":"https:\/\/dicodusport.fr\/blog\/biathlon-la-france-vice-championne-deurope-juniors-du-relais-mixte\/#breadcrumb","itemListElement":[{"@type":"ListItem","position":1,"name":"Accueil","item":"https:\/\/dicodusport.fr\/blog\/"},{"@type":"ListItem","position":2,"name":"Biathlon : La France vice-championne d&rsquo;Europe juniors du relais mixte"}]},{"@type":"WebSite","@id":"https:\/\/dicodusport.fr\/blog\/#website","url":"https:\/\/dicodusport.fr\/blog\/","name":"Dicodusport","description":"L&#039;encyclop\u00e9die de l&#039;actualit\u00e9 sportive","publisher":{"@id":"https:\/\/dicodusport.fr\/blog\/#organization"},"potentialAction":[{"@type":"SearchAction","target":{"@type":"EntryPoint","urlTemplate":"https:\/\/dicodusport.fr\/blog\/?s={search_term_string}"},"query-input":{"@type":"PropertyValueSpecification","valueRequired":true,"valueName":"search_term_string"}}],"inLanguage":"fr-FR"},{"@type":"NewsMediaOrganization","@id":"https:\/\/dicodusport.fr\/blog\/#organization","name":"Dicodusport","url":"https:\/\/dicodusport.fr\/blog\/","logo":{"@type":"ImageObject","inLanguage":"fr-FR","@id":"https:\/\/dicodusport.fr\/blog\/#\/schema\/logo\/image\/","url":"https:\/\/dicodusport.fr\/blog\/wp-content\/uploads\/2020\/06\/cropped-LOGO-DICODUSPORT-2020-SANS-FOND-SANS-TEXTE.png","contentUrl":"https:\/\/dicodusport.fr\/blog\/wp-content\/uploads\/2020\/06\/cropped-LOGO-DICODUSPORT-2020-SANS-FOND-SANS-TEXTE.png","width":512,"height":512,"caption":"Dicodusport"},"image":{"@id":"https:\/\/dicodusport.fr\/blog\/#\/schema\/logo\/image\/"},"sameAs":["https:\/\/www.facebook.com\/dicodusport","https:\/\/x.com\/dicodusport","https:\/\/www.instagram.com\/dicodusport\/","https:\/\/www.youtube.com\/channel\/UC7V2KZ5sd3htJivAbA4ZG3w"],"description":"Dicodusport est l'encyclop\u00e9die de l'actualit\u00e9 sportive.","email":"bonjour@dicodusport.fr","legalName":"DICODUSPORT","foundingDate":"2018-01-14","vatID":"FR71834470973","taxID":"83447097300043","numberOfEmployees":{"@type":"QuantitativeValue","minValue":"1","maxValue":"10"}},{"@type":"Person","@id":"https:\/\/dicodusport.fr\/blog\/#\/schema\/person\/627966a6cde45dbd8c5e36ac85d783da","name":"S\u00e9bastien Gente","image":{"@type":"ImageObject","inLanguage":"fr-FR","@id":"https:\/\/dicodusport.fr\/blog\/#\/schema\/person\/image\/","url":"https:\/\/dicodusport.fr\/blog\/wp-content\/uploads\/2021\/09\/1510990_10205810251400683_4124423575079401707_n-150x150.jpg","contentUrl":"https:\/\/dicodusport.fr\/blog\/wp-content\/uploads\/2021\/09\/1510990_10205810251400683_4124423575079401707_n-150x150.jpg","caption":"S\u00e9bastien Gente"},"description":"John Stockton, Gianni Bugno, Zinedine Zidane, Steffi Graf, Frode Andresen, St\u00e9phane Stoecklin, Davis Kamoga, Primoz Peterka, Werner Schlager et Aur\u00e9lien Rougerie. Point commun entre ces sportifs? Ils m'ont fait r\u00eaver et ont berc\u00e9 mon adolescence. Je suis un fondu de sports et j'essaie de retranscrire ma passion \u00e0 travers mes articles. Originaire du P\u00e9rigord, ma passion pour les Girondins, les Jaunards et les Jazzmen transpire dans mes \u00e9crits. \u00c0 Dicodusport depuis 2021, je d\u00e9niche les sports m\u00e9connus dans lesquels la France brille, et il y en a !","sameAs":["https:\/\/www.facebook.com\/sebastien.gente\/","https:\/\/www.instagram.com\/sebgente\/","https:\/\/www.linkedin.com\/in\/sbastien-gente-a29583169\/","https:\/\/x.com\/https:\/\/twitter.com\/globulo24","SebastienGente"],"worksFor":"S\u00e9bastien GENTE","url":"https:\/\/dicodusport.fr\/blog\/author\/sebastiengente\/"}]}},"_links":{"self":[{"href":"https:\/\/dicodusport.fr\/blog\/wp-json\/wp\/v2\/posts\/549367","targetHints":{"allow":["GET"]}}],"collection":[{"href":"https:\/\/dicodusport.fr\/blog\/wp-json\/wp\/v2\/posts"}],"about":[{"href":"https:\/\/dicodusport.fr\/blog\/wp-json\/wp\/v2\/types\/post"}],"author":[{"embeddable":true,"href":"https:\/\/dicodusport.fr\/blog\/wp-json\/wp\/v2\/users\/59"}],"replies":[{"embeddable":true,"href":"https:\/\/dicodusport.fr\/blog\/wp-json\/wp\/v2\/comments?post=549367"}],"version-history":[{"count":1,"href":"https:\/\/dicodusport.fr\/blog\/wp-json\/wp\/v2\/posts\/549367\/revisions"}],"predecessor-version":[{"id":549373,"href":"https:\/\/dicodusport.fr\/blog\/wp-json\/wp\/v2\/posts\/549367\/revisions\/549373"}],"wp:featuredmedia":[{"embeddable":true,"href":"https:\/\/dicodusport.fr\/blog\/wp-json\/wp\/v2\/media\/549372"}],"wp:attachment":[{"href":"https:\/\/dicodusport.fr\/blog\/wp-json\/wp\/v2\/media?parent=549367"}],"wp:term":[{"taxonomy":"category","embeddable":true,"href":"https:\/\/dicodusport.fr\/blog\/wp-json\/wp\/v2\/categories?post=549367"},{"taxonomy":"post_tag","embeddable":true,"href":"https:\/\/dicodusport.fr\/blog\/wp-json\/wp\/v2\/tags?post=549367"}],"curies":[{"name":"wp","href":"https:\/\/api.w.org\/{rel}","templated":true}]}}