{"id":549754,"date":"2025-01-25T16:36:31","date_gmt":"2025-01-25T15:36:31","guid":{"rendered":"https:\/\/dicodusport.fr\/blog\/?p=549754&#038;preview=true&#038;preview_id=549754"},"modified":"2025-07-09T18:36:15","modified_gmt":"2025-07-09T16:36:15","slug":"biathlon-anaelle-bondoux-en-or-sur-le-sprint-feminin-des-championnats-deurope-double-des-bleues","status":"publish","type":"post","link":"https:\/\/dicodusport.fr\/blog\/biathlon-anaelle-bondoux-en-or-sur-le-sprint-feminin-des-championnats-deurope-double-des-bleues\/","title":{"rendered":"Biathlon : Ana\u00eblle Bondoux en or sur le sprint f\u00e9minin des championnats d&rsquo;Europe juniors, doubl\u00e9 des Bleues"},"content":{"rendered":"<h4 style=\"text-align: justify;\"><em>CHAMPIONNATS D&rsquo;EUROPE JUNIORS DE BIATHLON &#8211; Ana\u00eblle Bondoux a remport\u00e9 le sprint f\u00e9minin devant Coralie Perrin. C&rsquo;est le premier titre de la d\u00e9l\u00e9gation fran\u00e7aise depuis le d\u00e9but de ces championnats d&rsquo;Europe.\u00a0\u00a0<\/em><\/h4>\n<p style=\"text-align: justify;\">Avec quatre m\u00e9dailles, mais aucune en or, la d\u00e9l\u00e9gation fran\u00e7aise tournait autour de son premier titre aux championnats d&rsquo;Europe juniors de biathlon \u00e0 <strong>Altenberg<\/strong> (Allemagne). Il est arriv\u00e9 ce samedi sur le sprint f\u00e9minin avec la victoire d&rsquo;<strong>Ana\u00eblle<\/strong> <b>Bondoux<\/b>. Autrice d&rsquo;un 9\/10 derri\u00e8re la carabine, c&rsquo;est sur la piste que la jeune Is\u00e9roise a construit sa victoire en signant le meilleur temps de ski.<\/p>\n<p style=\"text-align: justify;\">Elle pourra m\u00eame partager son podium avec <strong>Coralie Perrin<\/strong>, arriv\u00e9e deuxi\u00e8me \u00e0 2 secondes gr\u00e2ce \u00e0 son sans-faute. L&rsquo;Allemande <strong>Charlotte Gallbronner<\/strong>, elle aussi parfaite au tir, n&rsquo;est pas parvenue \u00e0 profiter de son 10\/10 et termine troisi\u00e8me \u00e0 quinze secondes de la championne d&rsquo;Europe.<\/p>\n<p style=\"text-align: justify;\">Cette rapidit\u00e9 \u00e0 ski a concern\u00e9 toute la d\u00e9l\u00e9gation tricolore puisque les quatre meilleurs temps ont \u00e9t\u00e9 effectu\u00e9s par des biathl\u00e8tes fran\u00e7aises. Sur ce classement, <strong>Ana\u00eblle<\/strong> <b>Bondoux<\/b> a devanc\u00e9<strong> C\u00e9lia H\u00e9naff<\/strong>, vice-championne d&rsquo;Europe du <a href=\"https:\/\/dicodusport.fr\/blog\/biathlon-la-france-vice-championne-deurope-juniors-du-relais-mixte-simple\/\">relais mixte simple<\/a> vendredi (5e du sprint avec un 8\/10), <strong>Louise Roguet<\/strong> m\u00e9daill\u00e9e d&rsquo;argent avec le <a href=\"https:\/\/dicodusport.fr\/blog\/biathlon-la-france-vice-championne-deurope-juniors-du-relais-mixte\/\">relais mixte<\/a> vendredi \u00e9galement (14e ; 7\/10 sur le sprint) et <strong>Coralie<\/strong> <strong>Perrin<\/strong>.<\/p>\n<blockquote class=\"twitter-tweet\">\n<p dir=\"ltr\" lang=\"fr\">Vous voulez un autre r\u00e9sultat pour compl\u00e9ter la journ\u00e9e ?<br \/>\n\ud83e\udd47\ud83e\udd48Anaelle Bondoux championne d&rsquo;Europe Junior de sprint devant Coralie Perrin !! Le doubl\u00e9 !<br \/>\n1. \ud83c\uddeb\ud83c\uddf7A.Bondoux (9\/10)<br \/>\n2. \ud83c\uddeb\ud83c\uddf7C.Perrin (10\/10)<br \/>\n3. \ud83c\udde9\ud83c\uddeaC.Gallbronner (10\/10)<\/p>\n<p>5. \ud83c\uddeb\ud83c\uddf7C.Henaff (8\/10)<br \/>\n14.\ud83c\uddeb\ud83c\uddf7L.Roguet (7\/10)<a href=\"https:\/\/twitter.com\/hashtag\/biathlon?src=hash&amp;ref_src=twsrc%5Etfw\">#biathlon<\/a> <a href=\"https:\/\/t.co\/v3zj4dkbDx\">pic.twitter.com\/v3zj4dkbDx<\/a><\/p>\n<p>\u2014 Lebiathlonfr (@Lebiathlonfr) <a href=\"https:\/\/twitter.com\/Lebiathlonfr\/status\/1883172578694721761?ref_src=twsrc%5Etfw\">January 25, 2025<\/a><\/p><\/blockquote>\n<p><script async src=\"https:\/\/platform.twitter.com\/widgets.js\" charset=\"utf-8\"><\/script><\/p>\n<p>&nbsp;<\/p>\n","protected":false},"excerpt":{"rendered":"<p>Ana\u00eblle Bondoux en or sur le sprint f\u00e9minin des championnats d&rsquo;Europe, doubl\u00e9 des Bleues<\/p>\n","protected":false},"author":80,"featured_media":549806,"comment_status":"open","ping_status":"closed","sticky":false,"template":"","format":"standard","meta":{"_acf_changed":false,"_daextam_enable_autolinks":"1","footnotes":""},"categories":[2426],"tags":[32415,2427,29733,16878,24414],"class_list":["post-549754","post","type-post","status-publish","format-standard","has-post-thumbnail","hentry","category-biathlon","tag-actu","tag-biathlon","tag-biathlon-francais","tag-breve","tag-championnats-deurope-juniors"],"acf":[],"yoast_head":"<!-- This site is optimized with the Yoast SEO Premium plugin v26.7 (Yoast SEO v26.7) - https:\/\/yoast.com\/wordpress\/plugins\/seo\/ -->\n<title>Biathlon : Ana\u00eblle Bondoux en or sur le sprint f\u00e9minin des championnats d&#039;Europe juniors, doubl\u00e9 des Bleues<\/title>\n<meta name=\"description\" content=\"CHAMPIONNATS D&#039;EUROPE JUNIORS DE BIATHLON - Ana\u00eblle Bondoux a remport\u00e9 le sprint f\u00e9minin devant Coralie Perrin.\" \/>\n<meta name=\"robots\" content=\"index, follow, max-snippet:-1, max-image-preview:large, max-video-preview:-1\" \/>\n<link rel=\"canonical\" href=\"https:\/\/dicodusport.fr\/blog\/biathlon-anaelle-bondoux-en-or-sur-le-sprint-feminin-des-championnats-deurope-double-des-bleues\/\" \/>\n<meta property=\"og:locale\" content=\"fr_FR\" \/>\n<meta property=\"og:type\" content=\"article\" \/>\n<meta property=\"og:title\" content=\"Biathlon : Ana\u00eblle Bondoux en or sur le sprint f\u00e9minin des championnats d&#039;Europe juniors, doubl\u00e9 des Bleues\" \/>\n<meta property=\"og:description\" content=\"CHAMPIONNATS D&#039;EUROPE JUNIORS DE BIATHLON - Ana\u00eblle Bondoux a remport\u00e9 le sprint f\u00e9minin devant Coralie Perrin.\" \/>\n<meta property=\"og:url\" content=\"https:\/\/dicodusport.fr\/blog\/biathlon-anaelle-bondoux-en-or-sur-le-sprint-feminin-des-championnats-deurope-double-des-bleues\/\" \/>\n<meta property=\"og:site_name\" content=\"Dicodusport\" \/>\n<meta property=\"article:publisher\" content=\"https:\/\/www.facebook.com\/dicodusport\" \/>\n<meta property=\"article:author\" content=\"https:\/\/www.facebook.com\/profile.php?id=100009753662352\" \/>\n<meta property=\"article:published_time\" content=\"2025-01-25T15:36:31+00:00\" \/>\n<meta property=\"article:modified_time\" content=\"2025-07-09T16:36:15+00:00\" \/>\n<meta property=\"og:image\" content=\"https:\/\/dicodusport.fr\/blog\/wp-content\/uploads\/2025\/01\/Biathlon-Anaelle-Bondoux-en-or-sur-le-sprint-feminin-des-championnats-dEurope-double-des-Bleues.png\" \/>\n\t<meta property=\"og:image:width\" content=\"1200\" \/>\n\t<meta property=\"og:image:height\" content=\"674\" \/>\n\t<meta property=\"og:image:type\" content=\"image\/png\" \/>\n<meta name=\"author\" content=\"Killian Tanguy\" \/>\n<meta name=\"twitter:card\" content=\"summary_large_image\" \/>\n<meta name=\"twitter:title\" content=\"Biathlon : Ana\u00eblle Bondoux en or sur le sprint f\u00e9minin des championnats d&#039;Europe juniors, doubl\u00e9 des Bleues\" \/>\n<meta name=\"twitter:creator\" content=\"@https:\/\/twitter.com\/sport_ktanguy\" \/>\n<meta name=\"twitter:site\" content=\"@dicodusport\" \/>\n<script type=\"application\/ld+json\" class=\"yoast-schema-graph\">{\"@context\":\"https:\/\/schema.org\",\"@graph\":[{\"@type\":\"NewsArticle\",\"@id\":\"https:\/\/dicodusport.fr\/blog\/biathlon-anaelle-bondoux-en-or-sur-le-sprint-feminin-des-championnats-deurope-double-des-bleues\/#article\",\"isPartOf\":{\"@id\":\"https:\/\/dicodusport.fr\/blog\/biathlon-anaelle-bondoux-en-or-sur-le-sprint-feminin-des-championnats-deurope-double-des-bleues\/\"},\"author\":{\"name\":\"Killian Tanguy\",\"@id\":\"https:\/\/dicodusport.fr\/blog\/#\/schema\/person\/ff2feeb71ea78ad31eeb3390ffe96b46\"},\"headline\":\"Biathlon : Ana\u00eblle Bondoux en or sur le sprint f\u00e9minin des championnats d&rsquo;Europe juniors, doubl\u00e9 des Bleues\",\"datePublished\":\"2025-01-25T15:36:31+00:00\",\"dateModified\":\"2025-07-09T16:36:15+00:00\",\"mainEntityOfPage\":{\"@id\":\"https:\/\/dicodusport.fr\/blog\/biathlon-anaelle-bondoux-en-or-sur-le-sprint-feminin-des-championnats-deurope-double-des-bleues\/\"},\"wordCount\":296,\"commentCount\":0,\"publisher\":{\"@id\":\"https:\/\/dicodusport.fr\/blog\/#organization\"},\"image\":{\"@id\":\"https:\/\/dicodusport.fr\/blog\/biathlon-anaelle-bondoux-en-or-sur-le-sprint-feminin-des-championnats-deurope-double-des-bleues\/#primaryimage\"},\"thumbnailUrl\":\"https:\/\/dicodusport.fr\/blog\/wp-content\/uploads\/2025\/01\/Biathlon-Anaelle-Bondoux-en-or-sur-le-sprint-feminin-des-championnats-dEurope-double-des-Bleues.png\",\"keywords\":[\"actu\",\"Biathlon\",\"biathlon fran\u00e7ais\",\"br\u00e8ve\",\"Championnats d'Europe Juniors\"],\"articleSection\":[\"Biathlon\"],\"inLanguage\":\"fr-FR\",\"potentialAction\":[{\"@type\":\"CommentAction\",\"name\":\"Comment\",\"target\":[\"https:\/\/dicodusport.fr\/blog\/biathlon-anaelle-bondoux-en-or-sur-le-sprint-feminin-des-championnats-deurope-double-des-bleues\/#respond\"]}],\"copyrightYear\":\"2025\",\"copyrightHolder\":{\"@id\":\"https:\/\/dicodusport.fr\/blog\/#organization\"}},{\"@type\":\"WebPage\",\"@id\":\"https:\/\/dicodusport.fr\/blog\/biathlon-anaelle-bondoux-en-or-sur-le-sprint-feminin-des-championnats-deurope-double-des-bleues\/\",\"url\":\"https:\/\/dicodusport.fr\/blog\/biathlon-anaelle-bondoux-en-or-sur-le-sprint-feminin-des-championnats-deurope-double-des-bleues\/\",\"name\":\"Biathlon : Ana\u00eblle Bondoux en or sur le sprint f\u00e9minin des championnats d'Europe juniors, doubl\u00e9 des Bleues\",\"isPartOf\":{\"@id\":\"https:\/\/dicodusport.fr\/blog\/#website\"},\"primaryImageOfPage\":{\"@id\":\"https:\/\/dicodusport.fr\/blog\/biathlon-anaelle-bondoux-en-or-sur-le-sprint-feminin-des-championnats-deurope-double-des-bleues\/#primaryimage\"},\"image\":{\"@id\":\"https:\/\/dicodusport.fr\/blog\/biathlon-anaelle-bondoux-en-or-sur-le-sprint-feminin-des-championnats-deurope-double-des-bleues\/#primaryimage\"},\"thumbnailUrl\":\"https:\/\/dicodusport.fr\/blog\/wp-content\/uploads\/2025\/01\/Biathlon-Anaelle-Bondoux-en-or-sur-le-sprint-feminin-des-championnats-dEurope-double-des-Bleues.png\",\"datePublished\":\"2025-01-25T15:36:31+00:00\",\"dateModified\":\"2025-07-09T16:36:15+00:00\",\"description\":\"CHAMPIONNATS D'EUROPE JUNIORS DE BIATHLON - Ana\u00eblle Bondoux a remport\u00e9 le sprint f\u00e9minin devant Coralie Perrin.\",\"breadcrumb\":{\"@id\":\"https:\/\/dicodusport.fr\/blog\/biathlon-anaelle-bondoux-en-or-sur-le-sprint-feminin-des-championnats-deurope-double-des-bleues\/#breadcrumb\"},\"inLanguage\":\"fr-FR\",\"potentialAction\":[{\"@type\":\"ReadAction\",\"target\":[\"https:\/\/dicodusport.fr\/blog\/biathlon-anaelle-bondoux-en-or-sur-le-sprint-feminin-des-championnats-deurope-double-des-bleues\/\"]}]},{\"@type\":\"ImageObject\",\"inLanguage\":\"fr-FR\",\"@id\":\"https:\/\/dicodusport.fr\/blog\/biathlon-anaelle-bondoux-en-or-sur-le-sprint-feminin-des-championnats-deurope-double-des-bleues\/#primaryimage\",\"url\":\"https:\/\/dicodusport.fr\/blog\/wp-content\/uploads\/2025\/01\/Biathlon-Anaelle-Bondoux-en-or-sur-le-sprint-feminin-des-championnats-dEurope-double-des-Bleues.png\",\"contentUrl\":\"https:\/\/dicodusport.fr\/blog\/wp-content\/uploads\/2025\/01\/Biathlon-Anaelle-Bondoux-en-or-sur-le-sprint-feminin-des-championnats-dEurope-double-des-Bleues.png\",\"width\":1200,\"height\":674,\"caption\":\"Biathlon Ana\u00eblle Bondoux en or sur le sprint f\u00e9minin des championnats d'Europe, doubl\u00e9 des Bleues\"},{\"@type\":\"BreadcrumbList\",\"@id\":\"https:\/\/dicodusport.fr\/blog\/biathlon-anaelle-bondoux-en-or-sur-le-sprint-feminin-des-championnats-deurope-double-des-bleues\/#breadcrumb\",\"itemListElement\":[{\"@type\":\"ListItem\",\"position\":1,\"name\":\"Accueil\",\"item\":\"https:\/\/dicodusport.fr\/blog\/\"},{\"@type\":\"ListItem\",\"position\":2,\"name\":\"Biathlon : Ana\u00eblle Bondoux en or sur le sprint f\u00e9minin des championnats d&rsquo;Europe juniors, doubl\u00e9 des Bleues\"}]},{\"@type\":\"WebSite\",\"@id\":\"https:\/\/dicodusport.fr\/blog\/#website\",\"url\":\"https:\/\/dicodusport.fr\/blog\/\",\"name\":\"Dicodusport\",\"description\":\"L&#039;encyclop\u00e9die de l&#039;actualit\u00e9 sportive\",\"publisher\":{\"@id\":\"https:\/\/dicodusport.fr\/blog\/#organization\"},\"potentialAction\":[{\"@type\":\"SearchAction\",\"target\":{\"@type\":\"EntryPoint\",\"urlTemplate\":\"https:\/\/dicodusport.fr\/blog\/?s={search_term_string}\"},\"query-input\":{\"@type\":\"PropertyValueSpecification\",\"valueRequired\":true,\"valueName\":\"search_term_string\"}}],\"inLanguage\":\"fr-FR\"},{\"@type\":\"NewsMediaOrganization\",\"@id\":\"https:\/\/dicodusport.fr\/blog\/#organization\",\"name\":\"Dicodusport\",\"url\":\"https:\/\/dicodusport.fr\/blog\/\",\"logo\":{\"@type\":\"ImageObject\",\"inLanguage\":\"fr-FR\",\"@id\":\"https:\/\/dicodusport.fr\/blog\/#\/schema\/logo\/image\/\",\"url\":\"https:\/\/dicodusport.fr\/blog\/wp-content\/uploads\/2020\/06\/cropped-LOGO-DICODUSPORT-2020-SANS-FOND-SANS-TEXTE.png\",\"contentUrl\":\"https:\/\/dicodusport.fr\/blog\/wp-content\/uploads\/2020\/06\/cropped-LOGO-DICODUSPORT-2020-SANS-FOND-SANS-TEXTE.png\",\"width\":512,\"height\":512,\"caption\":\"Dicodusport\"},\"image\":{\"@id\":\"https:\/\/dicodusport.fr\/blog\/#\/schema\/logo\/image\/\"},\"sameAs\":[\"https:\/\/www.facebook.com\/dicodusport\",\"https:\/\/x.com\/dicodusport\",\"https:\/\/www.instagram.com\/dicodusport\/\",\"https:\/\/www.youtube.com\/channel\/UC7V2KZ5sd3htJivAbA4ZG3w\"],\"description\":\"Dicodusport est l'encyclop\u00e9die de l'actualit\u00e9 sportive.\",\"email\":\"bonjour@dicodusport.fr\",\"legalName\":\"DICODUSPORT\",\"foundingDate\":\"2018-01-14\",\"vatID\":\"FR71834470973\",\"taxID\":\"83447097300043\",\"numberOfEmployees\":{\"@type\":\"QuantitativeValue\",\"minValue\":\"1\",\"maxValue\":\"10\"}},{\"@type\":\"Person\",\"@id\":\"https:\/\/dicodusport.fr\/blog\/#\/schema\/person\/ff2feeb71ea78ad31eeb3390ffe96b46\",\"name\":\"Killian Tanguy\",\"image\":{\"@type\":\"ImageObject\",\"inLanguage\":\"fr-FR\",\"@id\":\"https:\/\/dicodusport.fr\/blog\/#\/schema\/person\/image\/\",\"url\":\"https:\/\/dicodusport.fr\/blog\/wp-content\/uploads\/2022\/12\/Killian-Tanguy-150x150.png\",\"contentUrl\":\"https:\/\/dicodusport.fr\/blog\/wp-content\/uploads\/2022\/12\/Killian-Tanguy-150x150.png\",\"caption\":\"Killian Tanguy\"},\"description\":\"Journaliste qui parle de tout et surtout de sport. Rugby, handball, sports d'hiver, football, cyclisme... Et ce que j'aime par-dessus tout : couvrir une discipline que je ne connais pas. Rien de mieux pour s'enrichir et apprendre.\",\"sameAs\":[\"https:\/\/killiantanguy.wixsite.com\/monsite\",\"https:\/\/www.facebook.com\/profile.php?id=100009753662352\",\"https:\/\/www.instagram.com\/sport.killiantanguy\/\",\"https:\/\/www.linkedin.com\/in\/killiantanguy\/\",\"https:\/\/x.com\/https:\/\/twitter.com\/sport_ktanguy\",\"https:\/\/www.youtube.com\/channel\/UCRfZkHKJL0wK7wvnJjCry-Q\"],\"url\":\"https:\/\/dicodusport.fr\/blog\/author\/killian-tanguy\/\"}]}<\/script>\n<!-- \/ Yoast SEO Premium plugin. -->","yoast_head_json":{"title":"Biathlon : Ana\u00eblle Bondoux en or sur le sprint f\u00e9minin des championnats d'Europe juniors, doubl\u00e9 des Bleues","description":"CHAMPIONNATS D'EUROPE JUNIORS DE BIATHLON - Ana\u00eblle Bondoux a remport\u00e9 le sprint f\u00e9minin devant Coralie Perrin.","robots":{"index":"index","follow":"follow","max-snippet":"max-snippet:-1","max-image-preview":"max-image-preview:large","max-video-preview":"max-video-preview:-1"},"canonical":"https:\/\/dicodusport.fr\/blog\/biathlon-anaelle-bondoux-en-or-sur-le-sprint-feminin-des-championnats-deurope-double-des-bleues\/","og_locale":"fr_FR","og_type":"article","og_title":"Biathlon : Ana\u00eblle Bondoux en or sur le sprint f\u00e9minin des championnats d'Europe juniors, doubl\u00e9 des Bleues","og_description":"CHAMPIONNATS D'EUROPE JUNIORS DE BIATHLON - Ana\u00eblle Bondoux a remport\u00e9 le sprint f\u00e9minin devant Coralie Perrin.","og_url":"https:\/\/dicodusport.fr\/blog\/biathlon-anaelle-bondoux-en-or-sur-le-sprint-feminin-des-championnats-deurope-double-des-bleues\/","og_site_name":"Dicodusport","article_publisher":"https:\/\/www.facebook.com\/dicodusport","article_author":"https:\/\/www.facebook.com\/profile.php?id=100009753662352","article_published_time":"2025-01-25T15:36:31+00:00","article_modified_time":"2025-07-09T16:36:15+00:00","og_image":[{"width":1200,"height":674,"url":"https:\/\/dicodusport.fr\/blog\/wp-content\/uploads\/2025\/01\/Biathlon-Anaelle-Bondoux-en-or-sur-le-sprint-feminin-des-championnats-dEurope-double-des-Bleues.png","type":"image\/png"}],"author":"Killian Tanguy","twitter_card":"summary_large_image","twitter_title":"Biathlon : Ana\u00eblle Bondoux en or sur le sprint f\u00e9minin des championnats d'Europe juniors, doubl\u00e9 des Bleues","twitter_creator":"@https:\/\/twitter.com\/sport_ktanguy","twitter_site":"@dicodusport","schema":{"@context":"https:\/\/schema.org","@graph":[{"@type":"NewsArticle","@id":"https:\/\/dicodusport.fr\/blog\/biathlon-anaelle-bondoux-en-or-sur-le-sprint-feminin-des-championnats-deurope-double-des-bleues\/#article","isPartOf":{"@id":"https:\/\/dicodusport.fr\/blog\/biathlon-anaelle-bondoux-en-or-sur-le-sprint-feminin-des-championnats-deurope-double-des-bleues\/"},"author":{"name":"Killian Tanguy","@id":"https:\/\/dicodusport.fr\/blog\/#\/schema\/person\/ff2feeb71ea78ad31eeb3390ffe96b46"},"headline":"Biathlon : Ana\u00eblle Bondoux en or sur le sprint f\u00e9minin des championnats d&rsquo;Europe juniors, doubl\u00e9 des Bleues","datePublished":"2025-01-25T15:36:31+00:00","dateModified":"2025-07-09T16:36:15+00:00","mainEntityOfPage":{"@id":"https:\/\/dicodusport.fr\/blog\/biathlon-anaelle-bondoux-en-or-sur-le-sprint-feminin-des-championnats-deurope-double-des-bleues\/"},"wordCount":296,"commentCount":0,"publisher":{"@id":"https:\/\/dicodusport.fr\/blog\/#organization"},"image":{"@id":"https:\/\/dicodusport.fr\/blog\/biathlon-anaelle-bondoux-en-or-sur-le-sprint-feminin-des-championnats-deurope-double-des-bleues\/#primaryimage"},"thumbnailUrl":"https:\/\/dicodusport.fr\/blog\/wp-content\/uploads\/2025\/01\/Biathlon-Anaelle-Bondoux-en-or-sur-le-sprint-feminin-des-championnats-dEurope-double-des-Bleues.png","keywords":["actu","Biathlon","biathlon fran\u00e7ais","br\u00e8ve","Championnats d'Europe Juniors"],"articleSection":["Biathlon"],"inLanguage":"fr-FR","potentialAction":[{"@type":"CommentAction","name":"Comment","target":["https:\/\/dicodusport.fr\/blog\/biathlon-anaelle-bondoux-en-or-sur-le-sprint-feminin-des-championnats-deurope-double-des-bleues\/#respond"]}],"copyrightYear":"2025","copyrightHolder":{"@id":"https:\/\/dicodusport.fr\/blog\/#organization"}},{"@type":"WebPage","@id":"https:\/\/dicodusport.fr\/blog\/biathlon-anaelle-bondoux-en-or-sur-le-sprint-feminin-des-championnats-deurope-double-des-bleues\/","url":"https:\/\/dicodusport.fr\/blog\/biathlon-anaelle-bondoux-en-or-sur-le-sprint-feminin-des-championnats-deurope-double-des-bleues\/","name":"Biathlon : Ana\u00eblle Bondoux en or sur le sprint f\u00e9minin des championnats d'Europe juniors, doubl\u00e9 des Bleues","isPartOf":{"@id":"https:\/\/dicodusport.fr\/blog\/#website"},"primaryImageOfPage":{"@id":"https:\/\/dicodusport.fr\/blog\/biathlon-anaelle-bondoux-en-or-sur-le-sprint-feminin-des-championnats-deurope-double-des-bleues\/#primaryimage"},"image":{"@id":"https:\/\/dicodusport.fr\/blog\/biathlon-anaelle-bondoux-en-or-sur-le-sprint-feminin-des-championnats-deurope-double-des-bleues\/#primaryimage"},"thumbnailUrl":"https:\/\/dicodusport.fr\/blog\/wp-content\/uploads\/2025\/01\/Biathlon-Anaelle-Bondoux-en-or-sur-le-sprint-feminin-des-championnats-dEurope-double-des-Bleues.png","datePublished":"2025-01-25T15:36:31+00:00","dateModified":"2025-07-09T16:36:15+00:00","description":"CHAMPIONNATS D'EUROPE JUNIORS DE BIATHLON - Ana\u00eblle Bondoux a remport\u00e9 le sprint f\u00e9minin devant Coralie Perrin.","breadcrumb":{"@id":"https:\/\/dicodusport.fr\/blog\/biathlon-anaelle-bondoux-en-or-sur-le-sprint-feminin-des-championnats-deurope-double-des-bleues\/#breadcrumb"},"inLanguage":"fr-FR","potentialAction":[{"@type":"ReadAction","target":["https:\/\/dicodusport.fr\/blog\/biathlon-anaelle-bondoux-en-or-sur-le-sprint-feminin-des-championnats-deurope-double-des-bleues\/"]}]},{"@type":"ImageObject","inLanguage":"fr-FR","@id":"https:\/\/dicodusport.fr\/blog\/biathlon-anaelle-bondoux-en-or-sur-le-sprint-feminin-des-championnats-deurope-double-des-bleues\/#primaryimage","url":"https:\/\/dicodusport.fr\/blog\/wp-content\/uploads\/2025\/01\/Biathlon-Anaelle-Bondoux-en-or-sur-le-sprint-feminin-des-championnats-dEurope-double-des-Bleues.png","contentUrl":"https:\/\/dicodusport.fr\/blog\/wp-content\/uploads\/2025\/01\/Biathlon-Anaelle-Bondoux-en-or-sur-le-sprint-feminin-des-championnats-dEurope-double-des-Bleues.png","width":1200,"height":674,"caption":"Biathlon Ana\u00eblle Bondoux en or sur le sprint f\u00e9minin des championnats d'Europe, doubl\u00e9 des Bleues"},{"@type":"BreadcrumbList","@id":"https:\/\/dicodusport.fr\/blog\/biathlon-anaelle-bondoux-en-or-sur-le-sprint-feminin-des-championnats-deurope-double-des-bleues\/#breadcrumb","itemListElement":[{"@type":"ListItem","position":1,"name":"Accueil","item":"https:\/\/dicodusport.fr\/blog\/"},{"@type":"ListItem","position":2,"name":"Biathlon : Ana\u00eblle Bondoux en or sur le sprint f\u00e9minin des championnats d&rsquo;Europe juniors, doubl\u00e9 des Bleues"}]},{"@type":"WebSite","@id":"https:\/\/dicodusport.fr\/blog\/#website","url":"https:\/\/dicodusport.fr\/blog\/","name":"Dicodusport","description":"L&#039;encyclop\u00e9die de l&#039;actualit\u00e9 sportive","publisher":{"@id":"https:\/\/dicodusport.fr\/blog\/#organization"},"potentialAction":[{"@type":"SearchAction","target":{"@type":"EntryPoint","urlTemplate":"https:\/\/dicodusport.fr\/blog\/?s={search_term_string}"},"query-input":{"@type":"PropertyValueSpecification","valueRequired":true,"valueName":"search_term_string"}}],"inLanguage":"fr-FR"},{"@type":"NewsMediaOrganization","@id":"https:\/\/dicodusport.fr\/blog\/#organization","name":"Dicodusport","url":"https:\/\/dicodusport.fr\/blog\/","logo":{"@type":"ImageObject","inLanguage":"fr-FR","@id":"https:\/\/dicodusport.fr\/blog\/#\/schema\/logo\/image\/","url":"https:\/\/dicodusport.fr\/blog\/wp-content\/uploads\/2020\/06\/cropped-LOGO-DICODUSPORT-2020-SANS-FOND-SANS-TEXTE.png","contentUrl":"https:\/\/dicodusport.fr\/blog\/wp-content\/uploads\/2020\/06\/cropped-LOGO-DICODUSPORT-2020-SANS-FOND-SANS-TEXTE.png","width":512,"height":512,"caption":"Dicodusport"},"image":{"@id":"https:\/\/dicodusport.fr\/blog\/#\/schema\/logo\/image\/"},"sameAs":["https:\/\/www.facebook.com\/dicodusport","https:\/\/x.com\/dicodusport","https:\/\/www.instagram.com\/dicodusport\/","https:\/\/www.youtube.com\/channel\/UC7V2KZ5sd3htJivAbA4ZG3w"],"description":"Dicodusport est l'encyclop\u00e9die de l'actualit\u00e9 sportive.","email":"bonjour@dicodusport.fr","legalName":"DICODUSPORT","foundingDate":"2018-01-14","vatID":"FR71834470973","taxID":"83447097300043","numberOfEmployees":{"@type":"QuantitativeValue","minValue":"1","maxValue":"10"}},{"@type":"Person","@id":"https:\/\/dicodusport.fr\/blog\/#\/schema\/person\/ff2feeb71ea78ad31eeb3390ffe96b46","name":"Killian Tanguy","image":{"@type":"ImageObject","inLanguage":"fr-FR","@id":"https:\/\/dicodusport.fr\/blog\/#\/schema\/person\/image\/","url":"https:\/\/dicodusport.fr\/blog\/wp-content\/uploads\/2022\/12\/Killian-Tanguy-150x150.png","contentUrl":"https:\/\/dicodusport.fr\/blog\/wp-content\/uploads\/2022\/12\/Killian-Tanguy-150x150.png","caption":"Killian Tanguy"},"description":"Journaliste qui parle de tout et surtout de sport. Rugby, handball, sports d'hiver, football, cyclisme... Et ce que j'aime par-dessus tout : couvrir une discipline que je ne connais pas. Rien de mieux pour s'enrichir et apprendre.","sameAs":["https:\/\/killiantanguy.wixsite.com\/monsite","https:\/\/www.facebook.com\/profile.php?id=100009753662352","https:\/\/www.instagram.com\/sport.killiantanguy\/","https:\/\/www.linkedin.com\/in\/killiantanguy\/","https:\/\/x.com\/https:\/\/twitter.com\/sport_ktanguy","https:\/\/www.youtube.com\/channel\/UCRfZkHKJL0wK7wvnJjCry-Q"],"url":"https:\/\/dicodusport.fr\/blog\/author\/killian-tanguy\/"}]}},"_links":{"self":[{"href":"https:\/\/dicodusport.fr\/blog\/wp-json\/wp\/v2\/posts\/549754","targetHints":{"allow":["GET"]}}],"collection":[{"href":"https:\/\/dicodusport.fr\/blog\/wp-json\/wp\/v2\/posts"}],"about":[{"href":"https:\/\/dicodusport.fr\/blog\/wp-json\/wp\/v2\/types\/post"}],"author":[{"embeddable":true,"href":"https:\/\/dicodusport.fr\/blog\/wp-json\/wp\/v2\/users\/80"}],"replies":[{"embeddable":true,"href":"https:\/\/dicodusport.fr\/blog\/wp-json\/wp\/v2\/comments?post=549754"}],"version-history":[{"count":5,"href":"https:\/\/dicodusport.fr\/blog\/wp-json\/wp\/v2\/posts\/549754\/revisions"}],"predecessor-version":[{"id":549867,"href":"https:\/\/dicodusport.fr\/blog\/wp-json\/wp\/v2\/posts\/549754\/revisions\/549867"}],"wp:featuredmedia":[{"embeddable":true,"href":"https:\/\/dicodusport.fr\/blog\/wp-json\/wp\/v2\/media\/549806"}],"wp:attachment":[{"href":"https:\/\/dicodusport.fr\/blog\/wp-json\/wp\/v2\/media?parent=549754"}],"wp:term":[{"taxonomy":"category","embeddable":true,"href":"https:\/\/dicodusport.fr\/blog\/wp-json\/wp\/v2\/categories?post=549754"},{"taxonomy":"post_tag","embeddable":true,"href":"https:\/\/dicodusport.fr\/blog\/wp-json\/wp\/v2\/tags?post=549754"}],"curies":[{"name":"wp","href":"https:\/\/api.w.org\/{rel}","templated":true}]}}