{"id":549851,"date":"2025-02-01T20:58:49","date_gmt":"2025-02-01T19:58:49","guid":{"rendered":"https:\/\/dicodusport.fr\/blog\/?p=549851&#038;preview=true&#038;preview_id=549851"},"modified":"2025-02-01T20:58:25","modified_gmt":"2025-02-01T19:58:25","slug":"programme-et-resultats-championnats-deurope-de-patinage-artistique-2025","status":"publish","type":"post","link":"https:\/\/dicodusport.fr\/blog\/programme-et-resultats-championnats-deurope-de-patinage-artistique-2025\/","title":{"rendered":"Programme et r\u00e9sultats Championnats d&rsquo;Europe de patinage artistique 2025"},"content":{"rendered":"<p style=\"text-align: justify;\"><strong><em><a href=\"https:\/\/dicodusport.fr\/definition-sport\/patinage-artistique\/\" target=\"_blank\" rel=\"noopener\">PATINAGE ARTISTIQUE<\/a> &#8211; Les Championnats d&rsquo;Europe de patinage artistique 2025 ont lieu du mercredi 29 janvier au dimanche 2 f\u00e9vrier \u00e0 Tallinn (Estonie). Voici le programme et les r\u00e9sultats de la comp\u00e9tition.<\/em><\/strong><\/p>\n<h3 style=\"text-align: justify;\">Mercredi 29 janvier<\/h3>\n<p><strong>12h :<\/strong> <a href=\"https:\/\/results.isu.org\/results\/season2425\/ec2025\/SEG005.htm\" target=\"_blank\" rel=\"noopener\">Programme court couple<\/a><\/p>\n<p><strong>16h :<\/strong> <a href=\"https:\/\/results.isu.org\/results\/season2425\/ec2025\/SEG003.htm\" target=\"_blank\" rel=\"noopener\">Programme court femmes<\/a><\/p>\n<hr \/>\n<h3 style=\"text-align: justify;\">Jeudi 30 janvier<\/h3>\n<p><strong>12h10 :<\/strong> <a href=\"https:\/\/results.isu.org\/results\/season2425\/ec2025\/SEG001.htm\" target=\"_blank\" rel=\"noopener\">Programme court hommes<\/a><\/p>\n<p><strong>18h :<\/strong> <a href=\"https:\/\/results.isu.org\/results\/season2425\/ec2025\/SEG006.htm\" target=\"_blank\" rel=\"noopener\">Programme libre couple<\/a> &#8211; <a href=\"https:\/\/results.isu.org\/results\/season2425\/ec2025\/CAT003RS.htm\" target=\"_blank\" rel=\"noopener\"><strong>Classement final<\/strong><\/a><\/p>\n<hr \/>\n<h3 style=\"text-align: justify;\">Vendredi 31 janvier<\/h3>\n<p><strong>11h30 :<\/strong> <a href=\"https:\/\/results.isu.org\/results\/season2425\/ec2025\/SEG007.htm\" target=\"_blank\" rel=\"noopener\">Danse sur glace : danse rythmique<\/a><\/p>\n<p><strong>17h :<\/strong> <a href=\"https:\/\/results.isu.org\/results\/season2425\/ec2025\/SEG004.htm\" target=\"_blank\" rel=\"noopener\">Programme libre femmes<\/a> &#8211; <a href=\"https:\/\/results.isu.org\/results\/season2425\/ec2025\/CAT002RS.htm\" target=\"_blank\" rel=\"noopener\"><strong>Classement final<\/strong><\/a><\/p>\n<hr \/>\n<h3 style=\"text-align: justify;\">Samedi 1er f\u00e9vrier<\/h3>\n<p><strong>12h :<\/strong> <a href=\"https:\/\/results.isu.org\/results\/season2425\/ec2025\/SEG008.htm\" target=\"_blank\" rel=\"noopener\">Danse sur glace : programme libre<\/a> &#8211; <a href=\"https:\/\/results.isu.org\/results\/season2425\/ec2025\/CAT004RS.htm\" target=\"_blank\" rel=\"noopener\"><strong>Classement final<\/strong><\/a><\/p>\n<p><b>17h : <\/b><a href=\"https:\/\/results.isu.org\/results\/season2425\/ec2025\/SEG002.htm\" target=\"_blank\" rel=\"noopener\">Programme libre hommes<\/a> &#8211; <a href=\"https:\/\/results.isu.org\/results\/season2425\/ec2025\/CAT001RS.htm\" target=\"_blank\" rel=\"noopener\"><strong>Classement final<\/strong><\/a><\/p>\n<hr \/>\n<h3 style=\"text-align: justify;\">Dimanche 2 f\u00e9vrier<\/h3>\n<p><strong>15h :<\/strong> Gala de cl\u00f4ture<\/p>\n<hr \/>\n<h2 style=\"text-align: justify;\">Retransmission t\u00e9l\u00e9vis\u00e9e<\/h2>\n<p style=\"text-align: justify;\">La comp\u00e9tition est \u00e0 suivre sur les antennes de <strong>France T\u00e9l\u00e9visions<\/strong> et <strong>Eurosport<\/strong>.<\/p>\n<ul>\n<li><a href=\"https:\/\/www.france.tv\/sport\/sports-d-hiver\/championnats-d-europe-de-patinage-artistique\/\" target=\"_blank\" rel=\"noopener\"><strong>France.tv<\/strong><\/a><strong> :<\/strong> tous les jours<\/li>\n<li><strong>France 3 :<\/strong> samedi \u00e0 13h35<\/li>\n<li>En int\u00e9gralit\u00e9 sur <strong>Eurosport<\/strong><\/li>\n<li><strong>Eurosport 2<\/strong> vendredi et samedi \u00e0 17h<\/li>\n<\/ul>\n<hr \/>\n<h2>Les podiums<\/h2>\n<div class=\"su-table su-table-alternate\">\n<table style=\"width: 800px;border-collapse: collapse\">\n<tbody>\n<tr>\n<td style=\"text-align: center;width: 200px;vertical-align: middle\"><strong>\u00c9preuves<\/strong><\/td>\n<td style=\"background-color: #fff242;text-align: center;width: 200px;vertical-align: middle\"><strong>\ud83e\udd47 Or<\/strong><\/td>\n<td style=\"background-color: #a8a8a8;text-align: center;width: 200px;vertical-align: middle\"><strong>\ud83e\udd48 Argent<\/strong><\/td>\n<td style=\"background-color: #c97159;text-align: center;width: 200px;vertical-align: middle\"><strong>\ud83e\udd49 Bronze<\/strong><\/td>\n<\/tr>\n<tr>\n<td style=\"text-align: center;width: 200px;vertical-align: middle\"><strong>Femmes<\/strong><\/td>\n<td style=\"text-align: center;width: 200px;vertical-align: middle\">\ud83c\uddea\ud83c\uddea <strong>Nina Petrokina<br \/>\n208.18 pts<\/strong><\/td>\n<td style=\"text-align: center;width: 200px;vertical-align: middle\">\ud83c\uddec\ud83c\uddea Anastasiia Gubanova<br \/>\n198.61 pts<\/td>\n<td style=\"text-align: center;width: 200px;vertical-align: middle\">\ud83c\udde7\ud83c\uddea Nina Pinzarrone<br \/>\n191.44 pts<\/td>\n<\/tr>\n<tr>\n<td style=\"text-align: center;width: 200px;vertical-align: middle\"><strong>Hommes<\/strong><\/td>\n<td style=\"width: 200px;text-align: center\">\ud83c\udde8\ud83c\udded <strong>Lukas Britschgi<\/strong><br \/>\n<strong>267.09 pts<\/strong><\/td>\n<td style=\"width: 200px;text-align: center\">\ud83c\uddee\ud83c\uddf9 Nikolaj Memola<br \/>\n262.61 pts<\/td>\n<td style=\"width: 200px;text-align: center\">\ud83c\uddeb\ud83c\uddf7 Adam Siao Him Fa<br \/>\n257.99 pts<\/td>\n<\/tr>\n<tr>\n<td style=\"text-align: center;width: 200px;vertical-align: middle\"><strong>Couple<\/strong><\/td>\n<td style=\"text-align: center;width: 200px;vertical-align: middle\">\ud83c\udde9\ud83c\uddea\u00a0<strong>Minerva Hase<br \/>\n<\/strong>\ud83c\udde9\ud83c\uddea <strong>Nikita Volodin<br \/>\n212.48 pts<\/strong><\/td>\n<td style=\"text-align: center;width: 200px;vertical-align: middle\">\ud83c\uddee\ud83c\uddf9 Sara Conti<br \/>\n\ud83c\uddee\ud83c\uddf9 Niccolo Macii<br \/>\n206.89 pts<\/td>\n<td style=\"text-align: center;width: 200px;vertical-align: middle\">\ud83c\uddec\ud83c\uddea Anastasiia Metelkina<br \/>\n\ud83c\uddec\ud83c\uddea Luka Berulava<br \/>\n191.88 pts<\/td>\n<\/tr>\n<tr>\n<td style=\"text-align: center;width: 200px;vertical-align: middle\"><strong>Danse sur glace<\/strong><\/td>\n<td style=\"text-align: center;width: 200px;vertical-align: middle\">\ud83c\uddee\ud83c\uddf9 <strong>Charlene Guignard<br \/>\n\ud83c\uddee\ud83c\uddf9 Marco Fabbri<br \/>\n212.12<br \/>\n<\/strong><\/td>\n<td style=\"text-align: center;width: 200px;vertical-align: middle\">\ud83c\uddeb\ud83c\uddf7 <a href=\"https:\/\/dicodusport.fr\/blog\/patinage-artistique-evgeniia-lopareva-et-geoffrey-brissaud-vice-champions-deurope-en-danse-sur-glace\/\" target=\"_blank\" rel=\"noopener\">Evgeniia Lopoareva<\/a><br \/>\n\ud83c\uddeb\ud83c\uddf7 <a href=\"https:\/\/dicodusport.fr\/blog\/patinage-artistique-evgeniia-lopareva-et-geoffrey-brissaud-vice-champions-deurope-en-danse-sur-glace\/\" target=\"_blank\" rel=\"noopener\">Geoffrey Brissaud<\/a><br \/>\n206.76 pts<\/td>\n<td style=\"text-align: center;width: 200px;vertical-align: middle\">\ud83c\uddec\ud83c\udde7 Lilah Fear<br \/>\n\ud83c\uddec\ud83c\udde7 Lewis Gibson<br \/>\n206.02 pts<\/td>\n<\/tr>\n<\/tbody>\n<\/table>\n<\/div>\n","protected":false},"excerpt":{"rendered":"<p>PATINAGE ARTISTIQUE &#8211; Les Championnats d&rsquo;Europe de patinage artistique 2025 ont lieu du mercredi 29 janvier au dimanche 2 f\u00e9vrier \u00e0 Tallinn (Estonie). Voici le programme et les r\u00e9sultats de la comp\u00e9tition.<\/p>\n","protected":false},"author":12,"featured_media":549919,"comment_status":"open","ping_status":"closed","sticky":false,"template":"","format":"standard","meta":{"_acf_changed":false,"_daextam_enable_autolinks":"1","footnotes":""},"categories":[9141],"tags":[16878],"class_list":["post-549851","post","type-post","status-publish","format-standard","has-post-thumbnail","hentry","category-patinage-artistique","tag-breve"],"acf":[],"yoast_head":"<!-- This site is optimized with the Yoast SEO Premium plugin v26.7 (Yoast SEO v26.7) - https:\/\/yoast.com\/wordpress\/plugins\/seo\/ -->\n<title>Programme et r\u00e9sultats Championnats d&#039;Europe de patinage artistique 2025<\/title>\n<meta name=\"description\" content=\"Les Championnats d&#039;Europe de patinage artistique ont lieu du mercredi 29 janvier au dimanche 2 f\u00e9vrier. Voici le programme et les r\u00e9sultats.\" \/>\n<meta name=\"robots\" content=\"index, follow, max-snippet:-1, max-image-preview:large, max-video-preview:-1\" \/>\n<link rel=\"canonical\" href=\"https:\/\/dicodusport.fr\/blog\/programme-et-resultats-championnats-deurope-de-patinage-artistique-2025\/\" \/>\n<meta property=\"og:locale\" content=\"fr_FR\" \/>\n<meta property=\"og:type\" content=\"article\" \/>\n<meta property=\"og:title\" content=\"Programme et r\u00e9sultats Championnats d&#039;Europe de patinage artistique 2025\" \/>\n<meta property=\"og:description\" content=\"Les Championnats d&#039;Europe de patinage artistique ont lieu du mercredi 29 janvier au dimanche 2 f\u00e9vrier. Voici le programme et les r\u00e9sultats.\" \/>\n<meta property=\"og:url\" content=\"https:\/\/dicodusport.fr\/blog\/programme-et-resultats-championnats-deurope-de-patinage-artistique-2025\/\" \/>\n<meta property=\"og:site_name\" content=\"Dicodusport\" \/>\n<meta property=\"article:publisher\" content=\"https:\/\/www.facebook.com\/dicodusport\" \/>\n<meta property=\"article:published_time\" content=\"2025-02-01T19:58:49+00:00\" \/>\n<meta property=\"og:image\" content=\"https:\/\/dicodusport.fr\/blog\/wp-content\/uploads\/2025\/01\/Programme-et-resultats-Championnats-dEurope-de-patinage-artistique-2025.png\" \/>\n\t<meta property=\"og:image:width\" content=\"1200\" \/>\n\t<meta property=\"og:image:height\" content=\"674\" \/>\n\t<meta property=\"og:image:type\" content=\"image\/png\" \/>\n<meta name=\"author\" content=\"Arlette Yeye\" \/>\n<meta name=\"twitter:card\" content=\"summary_large_image\" \/>\n<meta name=\"twitter:title\" content=\"Programme et r\u00e9sultats Championnats d&#039;Europe de patinage artistique 2025\" \/>\n<meta name=\"twitter:creator\" content=\"@https:\/\/twitter.com\/Shiclette94\" \/>\n<meta name=\"twitter:site\" content=\"@dicodusport\" \/>\n<script type=\"application\/ld+json\" class=\"yoast-schema-graph\">{\"@context\":\"https:\/\/schema.org\",\"@graph\":[{\"@type\":\"NewsArticle\",\"@id\":\"https:\/\/dicodusport.fr\/blog\/programme-et-resultats-championnats-deurope-de-patinage-artistique-2025\/#article\",\"isPartOf\":{\"@id\":\"https:\/\/dicodusport.fr\/blog\/programme-et-resultats-championnats-deurope-de-patinage-artistique-2025\/\"},\"author\":{\"name\":\"Arlette Yeye\",\"@id\":\"https:\/\/dicodusport.fr\/blog\/#\/schema\/person\/cce96fa88785bd8573e3d43078ac8c79\"},\"headline\":\"Programme et r\u00e9sultats Championnats d&rsquo;Europe de patinage artistique 2025\",\"datePublished\":\"2025-02-01T19:58:49+00:00\",\"mainEntityOfPage\":{\"@id\":\"https:\/\/dicodusport.fr\/blog\/programme-et-resultats-championnats-deurope-de-patinage-artistique-2025\/\"},\"wordCount\":211,\"commentCount\":0,\"publisher\":{\"@id\":\"https:\/\/dicodusport.fr\/blog\/#organization\"},\"image\":{\"@id\":\"https:\/\/dicodusport.fr\/blog\/programme-et-resultats-championnats-deurope-de-patinage-artistique-2025\/#primaryimage\"},\"thumbnailUrl\":\"https:\/\/dicodusport.fr\/blog\/wp-content\/uploads\/2025\/01\/Programme-et-resultats-Championnats-dEurope-de-patinage-artistique-2025.png\",\"keywords\":[\"br\u00e8ve\"],\"articleSection\":[\"Patinage artistique\"],\"inLanguage\":\"fr-FR\",\"potentialAction\":[{\"@type\":\"CommentAction\",\"name\":\"Comment\",\"target\":[\"https:\/\/dicodusport.fr\/blog\/programme-et-resultats-championnats-deurope-de-patinage-artistique-2025\/#respond\"]}],\"copyrightYear\":\"2025\",\"copyrightHolder\":{\"@id\":\"https:\/\/dicodusport.fr\/blog\/#organization\"}},{\"@type\":\"WebPage\",\"@id\":\"https:\/\/dicodusport.fr\/blog\/programme-et-resultats-championnats-deurope-de-patinage-artistique-2025\/\",\"url\":\"https:\/\/dicodusport.fr\/blog\/programme-et-resultats-championnats-deurope-de-patinage-artistique-2025\/\",\"name\":\"Programme et r\u00e9sultats Championnats d'Europe de patinage artistique 2025\",\"isPartOf\":{\"@id\":\"https:\/\/dicodusport.fr\/blog\/#website\"},\"primaryImageOfPage\":{\"@id\":\"https:\/\/dicodusport.fr\/blog\/programme-et-resultats-championnats-deurope-de-patinage-artistique-2025\/#primaryimage\"},\"image\":{\"@id\":\"https:\/\/dicodusport.fr\/blog\/programme-et-resultats-championnats-deurope-de-patinage-artistique-2025\/#primaryimage\"},\"thumbnailUrl\":\"https:\/\/dicodusport.fr\/blog\/wp-content\/uploads\/2025\/01\/Programme-et-resultats-Championnats-dEurope-de-patinage-artistique-2025.png\",\"datePublished\":\"2025-02-01T19:58:49+00:00\",\"description\":\"Les Championnats d'Europe de patinage artistique ont lieu du mercredi 29 janvier au dimanche 2 f\u00e9vrier. Voici le programme et les r\u00e9sultats.\",\"breadcrumb\":{\"@id\":\"https:\/\/dicodusport.fr\/blog\/programme-et-resultats-championnats-deurope-de-patinage-artistique-2025\/#breadcrumb\"},\"inLanguage\":\"fr-FR\",\"potentialAction\":[{\"@type\":\"ReadAction\",\"target\":[\"https:\/\/dicodusport.fr\/blog\/programme-et-resultats-championnats-deurope-de-patinage-artistique-2025\/\"]}]},{\"@type\":\"ImageObject\",\"inLanguage\":\"fr-FR\",\"@id\":\"https:\/\/dicodusport.fr\/blog\/programme-et-resultats-championnats-deurope-de-patinage-artistique-2025\/#primaryimage\",\"url\":\"https:\/\/dicodusport.fr\/blog\/wp-content\/uploads\/2025\/01\/Programme-et-resultats-Championnats-dEurope-de-patinage-artistique-2025.png\",\"contentUrl\":\"https:\/\/dicodusport.fr\/blog\/wp-content\/uploads\/2025\/01\/Programme-et-resultats-Championnats-dEurope-de-patinage-artistique-2025.png\",\"width\":1200,\"height\":674,\"caption\":\"Programme et r\u00e9sultats Championnats d'Europe de patinage artistique 2025\"},{\"@type\":\"BreadcrumbList\",\"@id\":\"https:\/\/dicodusport.fr\/blog\/programme-et-resultats-championnats-deurope-de-patinage-artistique-2025\/#breadcrumb\",\"itemListElement\":[{\"@type\":\"ListItem\",\"position\":1,\"name\":\"Accueil\",\"item\":\"https:\/\/dicodusport.fr\/blog\/\"},{\"@type\":\"ListItem\",\"position\":2,\"name\":\"Programme et r\u00e9sultats Championnats d&#8217;Europe de patinage artistique 2025\"}]},{\"@type\":\"WebSite\",\"@id\":\"https:\/\/dicodusport.fr\/blog\/#website\",\"url\":\"https:\/\/dicodusport.fr\/blog\/\",\"name\":\"Dicodusport\",\"description\":\"L&#039;encyclop\u00e9die de l&#039;actualit\u00e9 sportive\",\"publisher\":{\"@id\":\"https:\/\/dicodusport.fr\/blog\/#organization\"},\"potentialAction\":[{\"@type\":\"SearchAction\",\"target\":{\"@type\":\"EntryPoint\",\"urlTemplate\":\"https:\/\/dicodusport.fr\/blog\/?s={search_term_string}\"},\"query-input\":{\"@type\":\"PropertyValueSpecification\",\"valueRequired\":true,\"valueName\":\"search_term_string\"}}],\"inLanguage\":\"fr-FR\"},{\"@type\":\"NewsMediaOrganization\",\"@id\":\"https:\/\/dicodusport.fr\/blog\/#organization\",\"name\":\"Dicodusport\",\"url\":\"https:\/\/dicodusport.fr\/blog\/\",\"logo\":{\"@type\":\"ImageObject\",\"inLanguage\":\"fr-FR\",\"@id\":\"https:\/\/dicodusport.fr\/blog\/#\/schema\/logo\/image\/\",\"url\":\"https:\/\/dicodusport.fr\/blog\/wp-content\/uploads\/2020\/06\/cropped-LOGO-DICODUSPORT-2020-SANS-FOND-SANS-TEXTE.png\",\"contentUrl\":\"https:\/\/dicodusport.fr\/blog\/wp-content\/uploads\/2020\/06\/cropped-LOGO-DICODUSPORT-2020-SANS-FOND-SANS-TEXTE.png\",\"width\":512,\"height\":512,\"caption\":\"Dicodusport\"},\"image\":{\"@id\":\"https:\/\/dicodusport.fr\/blog\/#\/schema\/logo\/image\/\"},\"sameAs\":[\"https:\/\/www.facebook.com\/dicodusport\",\"https:\/\/x.com\/dicodusport\",\"https:\/\/www.instagram.com\/dicodusport\/\",\"https:\/\/www.youtube.com\/channel\/UC7V2KZ5sd3htJivAbA4ZG3w\"],\"description\":\"Dicodusport est l'encyclop\u00e9die de l'actualit\u00e9 sportive.\",\"email\":\"bonjour@dicodusport.fr\",\"legalName\":\"DICODUSPORT\",\"foundingDate\":\"2018-01-14\",\"vatID\":\"FR71834470973\",\"taxID\":\"83447097300043\",\"numberOfEmployees\":{\"@type\":\"QuantitativeValue\",\"minValue\":\"1\",\"maxValue\":\"10\"}},{\"@type\":\"Person\",\"@id\":\"https:\/\/dicodusport.fr\/blog\/#\/schema\/person\/cce96fa88785bd8573e3d43078ac8c79\",\"name\":\"Arlette Yeye\",\"image\":{\"@type\":\"ImageObject\",\"inLanguage\":\"fr-FR\",\"@id\":\"https:\/\/dicodusport.fr\/blog\/#\/schema\/person\/image\/\",\"url\":\"https:\/\/secure.gravatar.com\/avatar\/dca4a6239e6d708e46c45d60e160de6c?s=96&d=wp_user_avatar&r=g\",\"contentUrl\":\"https:\/\/secure.gravatar.com\/avatar\/dca4a6239e6d708e46c45d60e160de6c?s=96&d=wp_user_avatar&r=g\",\"caption\":\"Arlette Yeye\"},\"description\":\"Journaliste\/r\u00e9dactrice depuis septembre 2015 - Supportrice de Chelsea, j'ai pour sports de pr\u00e9dilection le handball, l'athl\u00e9tisme et le tennis. Si je tweete plus vite que mon ombre, vous pouvez aussi me retrouver les week-ends sur les playgrounds de Bruxelles pour un petit foot ou basket entre potes. Parcourir la France, l'Europe et plus si affinit\u00e9s pour suivre mes sportifs pr\u00e9f\u00e9r\u00e9s ? Mon kif ! Et c'est avec plaisir que je partage les r\u00e9sultats des sports populaires mais \u00e9galement plus confidentiels pour Dicodusport.\",\"sameAs\":[\"https:\/\/x.com\/https:\/\/twitter.com\/Shiclette94\"],\"url\":\"https:\/\/dicodusport.fr\/blog\/author\/arlette\/\"}]}<\/script>\n<!-- \/ Yoast SEO Premium plugin. -->","yoast_head_json":{"title":"Programme et r\u00e9sultats Championnats d'Europe de patinage artistique 2025","description":"Les Championnats d'Europe de patinage artistique ont lieu du mercredi 29 janvier au dimanche 2 f\u00e9vrier. Voici le programme et les r\u00e9sultats.","robots":{"index":"index","follow":"follow","max-snippet":"max-snippet:-1","max-image-preview":"max-image-preview:large","max-video-preview":"max-video-preview:-1"},"canonical":"https:\/\/dicodusport.fr\/blog\/programme-et-resultats-championnats-deurope-de-patinage-artistique-2025\/","og_locale":"fr_FR","og_type":"article","og_title":"Programme et r\u00e9sultats Championnats d'Europe de patinage artistique 2025","og_description":"Les Championnats d'Europe de patinage artistique ont lieu du mercredi 29 janvier au dimanche 2 f\u00e9vrier. Voici le programme et les r\u00e9sultats.","og_url":"https:\/\/dicodusport.fr\/blog\/programme-et-resultats-championnats-deurope-de-patinage-artistique-2025\/","og_site_name":"Dicodusport","article_publisher":"https:\/\/www.facebook.com\/dicodusport","article_published_time":"2025-02-01T19:58:49+00:00","og_image":[{"width":1200,"height":674,"url":"https:\/\/dicodusport.fr\/blog\/wp-content\/uploads\/2025\/01\/Programme-et-resultats-Championnats-dEurope-de-patinage-artistique-2025.png","type":"image\/png"}],"author":"Arlette Yeye","twitter_card":"summary_large_image","twitter_title":"Programme et r\u00e9sultats Championnats d'Europe de patinage artistique 2025","twitter_creator":"@https:\/\/twitter.com\/Shiclette94","twitter_site":"@dicodusport","schema":{"@context":"https:\/\/schema.org","@graph":[{"@type":"NewsArticle","@id":"https:\/\/dicodusport.fr\/blog\/programme-et-resultats-championnats-deurope-de-patinage-artistique-2025\/#article","isPartOf":{"@id":"https:\/\/dicodusport.fr\/blog\/programme-et-resultats-championnats-deurope-de-patinage-artistique-2025\/"},"author":{"name":"Arlette Yeye","@id":"https:\/\/dicodusport.fr\/blog\/#\/schema\/person\/cce96fa88785bd8573e3d43078ac8c79"},"headline":"Programme et r\u00e9sultats Championnats d&rsquo;Europe de patinage artistique 2025","datePublished":"2025-02-01T19:58:49+00:00","mainEntityOfPage":{"@id":"https:\/\/dicodusport.fr\/blog\/programme-et-resultats-championnats-deurope-de-patinage-artistique-2025\/"},"wordCount":211,"commentCount":0,"publisher":{"@id":"https:\/\/dicodusport.fr\/blog\/#organization"},"image":{"@id":"https:\/\/dicodusport.fr\/blog\/programme-et-resultats-championnats-deurope-de-patinage-artistique-2025\/#primaryimage"},"thumbnailUrl":"https:\/\/dicodusport.fr\/blog\/wp-content\/uploads\/2025\/01\/Programme-et-resultats-Championnats-dEurope-de-patinage-artistique-2025.png","keywords":["br\u00e8ve"],"articleSection":["Patinage artistique"],"inLanguage":"fr-FR","potentialAction":[{"@type":"CommentAction","name":"Comment","target":["https:\/\/dicodusport.fr\/blog\/programme-et-resultats-championnats-deurope-de-patinage-artistique-2025\/#respond"]}],"copyrightYear":"2025","copyrightHolder":{"@id":"https:\/\/dicodusport.fr\/blog\/#organization"}},{"@type":"WebPage","@id":"https:\/\/dicodusport.fr\/blog\/programme-et-resultats-championnats-deurope-de-patinage-artistique-2025\/","url":"https:\/\/dicodusport.fr\/blog\/programme-et-resultats-championnats-deurope-de-patinage-artistique-2025\/","name":"Programme et r\u00e9sultats Championnats d'Europe de patinage artistique 2025","isPartOf":{"@id":"https:\/\/dicodusport.fr\/blog\/#website"},"primaryImageOfPage":{"@id":"https:\/\/dicodusport.fr\/blog\/programme-et-resultats-championnats-deurope-de-patinage-artistique-2025\/#primaryimage"},"image":{"@id":"https:\/\/dicodusport.fr\/blog\/programme-et-resultats-championnats-deurope-de-patinage-artistique-2025\/#primaryimage"},"thumbnailUrl":"https:\/\/dicodusport.fr\/blog\/wp-content\/uploads\/2025\/01\/Programme-et-resultats-Championnats-dEurope-de-patinage-artistique-2025.png","datePublished":"2025-02-01T19:58:49+00:00","description":"Les Championnats d'Europe de patinage artistique ont lieu du mercredi 29 janvier au dimanche 2 f\u00e9vrier. Voici le programme et les r\u00e9sultats.","breadcrumb":{"@id":"https:\/\/dicodusport.fr\/blog\/programme-et-resultats-championnats-deurope-de-patinage-artistique-2025\/#breadcrumb"},"inLanguage":"fr-FR","potentialAction":[{"@type":"ReadAction","target":["https:\/\/dicodusport.fr\/blog\/programme-et-resultats-championnats-deurope-de-patinage-artistique-2025\/"]}]},{"@type":"ImageObject","inLanguage":"fr-FR","@id":"https:\/\/dicodusport.fr\/blog\/programme-et-resultats-championnats-deurope-de-patinage-artistique-2025\/#primaryimage","url":"https:\/\/dicodusport.fr\/blog\/wp-content\/uploads\/2025\/01\/Programme-et-resultats-Championnats-dEurope-de-patinage-artistique-2025.png","contentUrl":"https:\/\/dicodusport.fr\/blog\/wp-content\/uploads\/2025\/01\/Programme-et-resultats-Championnats-dEurope-de-patinage-artistique-2025.png","width":1200,"height":674,"caption":"Programme et r\u00e9sultats Championnats d'Europe de patinage artistique 2025"},{"@type":"BreadcrumbList","@id":"https:\/\/dicodusport.fr\/blog\/programme-et-resultats-championnats-deurope-de-patinage-artistique-2025\/#breadcrumb","itemListElement":[{"@type":"ListItem","position":1,"name":"Accueil","item":"https:\/\/dicodusport.fr\/blog\/"},{"@type":"ListItem","position":2,"name":"Programme et r\u00e9sultats Championnats d&#8217;Europe de patinage artistique 2025"}]},{"@type":"WebSite","@id":"https:\/\/dicodusport.fr\/blog\/#website","url":"https:\/\/dicodusport.fr\/blog\/","name":"Dicodusport","description":"L&#039;encyclop\u00e9die de l&#039;actualit\u00e9 sportive","publisher":{"@id":"https:\/\/dicodusport.fr\/blog\/#organization"},"potentialAction":[{"@type":"SearchAction","target":{"@type":"EntryPoint","urlTemplate":"https:\/\/dicodusport.fr\/blog\/?s={search_term_string}"},"query-input":{"@type":"PropertyValueSpecification","valueRequired":true,"valueName":"search_term_string"}}],"inLanguage":"fr-FR"},{"@type":"NewsMediaOrganization","@id":"https:\/\/dicodusport.fr\/blog\/#organization","name":"Dicodusport","url":"https:\/\/dicodusport.fr\/blog\/","logo":{"@type":"ImageObject","inLanguage":"fr-FR","@id":"https:\/\/dicodusport.fr\/blog\/#\/schema\/logo\/image\/","url":"https:\/\/dicodusport.fr\/blog\/wp-content\/uploads\/2020\/06\/cropped-LOGO-DICODUSPORT-2020-SANS-FOND-SANS-TEXTE.png","contentUrl":"https:\/\/dicodusport.fr\/blog\/wp-content\/uploads\/2020\/06\/cropped-LOGO-DICODUSPORT-2020-SANS-FOND-SANS-TEXTE.png","width":512,"height":512,"caption":"Dicodusport"},"image":{"@id":"https:\/\/dicodusport.fr\/blog\/#\/schema\/logo\/image\/"},"sameAs":["https:\/\/www.facebook.com\/dicodusport","https:\/\/x.com\/dicodusport","https:\/\/www.instagram.com\/dicodusport\/","https:\/\/www.youtube.com\/channel\/UC7V2KZ5sd3htJivAbA4ZG3w"],"description":"Dicodusport est l'encyclop\u00e9die de l'actualit\u00e9 sportive.","email":"bonjour@dicodusport.fr","legalName":"DICODUSPORT","foundingDate":"2018-01-14","vatID":"FR71834470973","taxID":"83447097300043","numberOfEmployees":{"@type":"QuantitativeValue","minValue":"1","maxValue":"10"}},{"@type":"Person","@id":"https:\/\/dicodusport.fr\/blog\/#\/schema\/person\/cce96fa88785bd8573e3d43078ac8c79","name":"Arlette Yeye","image":{"@type":"ImageObject","inLanguage":"fr-FR","@id":"https:\/\/dicodusport.fr\/blog\/#\/schema\/person\/image\/","url":"https:\/\/secure.gravatar.com\/avatar\/dca4a6239e6d708e46c45d60e160de6c?s=96&d=wp_user_avatar&r=g","contentUrl":"https:\/\/secure.gravatar.com\/avatar\/dca4a6239e6d708e46c45d60e160de6c?s=96&d=wp_user_avatar&r=g","caption":"Arlette Yeye"},"description":"Journaliste\/r\u00e9dactrice depuis septembre 2015 - Supportrice de Chelsea, j'ai pour sports de pr\u00e9dilection le handball, l'athl\u00e9tisme et le tennis. Si je tweete plus vite que mon ombre, vous pouvez aussi me retrouver les week-ends sur les playgrounds de Bruxelles pour un petit foot ou basket entre potes. Parcourir la France, l'Europe et plus si affinit\u00e9s pour suivre mes sportifs pr\u00e9f\u00e9r\u00e9s ? Mon kif ! Et c'est avec plaisir que je partage les r\u00e9sultats des sports populaires mais \u00e9galement plus confidentiels pour Dicodusport.","sameAs":["https:\/\/x.com\/https:\/\/twitter.com\/Shiclette94"],"url":"https:\/\/dicodusport.fr\/blog\/author\/arlette\/"}]}},"_links":{"self":[{"href":"https:\/\/dicodusport.fr\/blog\/wp-json\/wp\/v2\/posts\/549851","targetHints":{"allow":["GET"]}}],"collection":[{"href":"https:\/\/dicodusport.fr\/blog\/wp-json\/wp\/v2\/posts"}],"about":[{"href":"https:\/\/dicodusport.fr\/blog\/wp-json\/wp\/v2\/types\/post"}],"author":[{"embeddable":true,"href":"https:\/\/dicodusport.fr\/blog\/wp-json\/wp\/v2\/users\/12"}],"replies":[{"embeddable":true,"href":"https:\/\/dicodusport.fr\/blog\/wp-json\/wp\/v2\/comments?post=549851"}],"version-history":[{"count":5,"href":"https:\/\/dicodusport.fr\/blog\/wp-json\/wp\/v2\/posts\/549851\/revisions"}],"predecessor-version":[{"id":552127,"href":"https:\/\/dicodusport.fr\/blog\/wp-json\/wp\/v2\/posts\/549851\/revisions\/552127"}],"wp:featuredmedia":[{"embeddable":true,"href":"https:\/\/dicodusport.fr\/blog\/wp-json\/wp\/v2\/media\/549919"}],"wp:attachment":[{"href":"https:\/\/dicodusport.fr\/blog\/wp-json\/wp\/v2\/media?parent=549851"}],"wp:term":[{"taxonomy":"category","embeddable":true,"href":"https:\/\/dicodusport.fr\/blog\/wp-json\/wp\/v2\/categories?post=549851"},{"taxonomy":"post_tag","embeddable":true,"href":"https:\/\/dicodusport.fr\/blog\/wp-json\/wp\/v2\/tags?post=549851"}],"curies":[{"name":"wp","href":"https:\/\/api.w.org\/{rel}","templated":true}]}}