{"id":550143,"date":"2025-01-26T13:40:38","date_gmt":"2025-01-26T12:40:38","guid":{"rendered":"https:\/\/dicodusport.fr\/blog\/?p=550143&#038;preview=true&#038;preview_id=550143"},"modified":"2025-01-26T13:40:38","modified_gmt":"2025-01-26T12:40:38","slug":"cyclo-cross-soren-bruyere-joumard-decroche-la-coupe-du-monde-chez-les-juniors","status":"publish","type":"post","link":"https:\/\/dicodusport.fr\/blog\/cyclo-cross-soren-bruyere-joumard-decroche-la-coupe-du-monde-chez-les-juniors\/","title":{"rendered":"Cyclo-cross : Soren Bruy\u00e8re Joumard d\u00e9croche la Coupe du monde chez les juniors"},"content":{"rendered":"<h4 style=\"text-align: justify;\"><em>CYCLO-CROSS &#8211; 4e de la manche d&rsquo;Hoogerheide, Soren Bruy\u00e8re Joumard remporte finalement la Coupe du monde de cyclo-cross chez les juniors. Un nouveau sacre fran\u00e7ais, deux ans apr\u00e8s L\u00e9o Bisiaux.<\/em><\/h4>\n<p style=\"text-align: justify;\">Il n&rsquo;a que 17 ans, mais d\u00e9j\u00e0 un troph\u00e9e dans l&rsquo;armoire. <strong>Soren Bruy\u00e8re Joumard<\/strong> vient de s&rsquo;adjuger la Coupe du monde de cyclo-cross chez les juniors. Vainqueur de deux manches sur les six du calendrier, l&rsquo;Is\u00e9rois avait triomph\u00e9 \u00e0 Dublin (Irlande) et Besan\u00e7on (France), et fini 2e lors de la manche de Benidorm (Espagne).<\/p>\n<h2>Sur les traces de L\u00e9o Bisiaux<\/h2>\n<p style=\"text-align: justify;\">Ce dimanche 26 janvier, sur la manche d&rsquo;Hoogerheide (Pays-Bas), <strong>Soren Bruy\u00e8re Joumard<\/strong> n&rsquo;a fini que 4e. Une place suffisante pour s&rsquo;assurer la victoire finale. Il succ\u00e8de \u00e0 l&rsquo;italien <strong>Stefano Viezzi<\/strong>, vainqueur l&rsquo;an pass\u00e9. \u00ab\u00a0<em>Je suis content, c\u2019est bien, j\u2019ai fait attention au maillot mais le but \u00e9tait surtout de se pr\u00e9parer encore en vue des Mondiaux<\/em>\u201d, a-t-il d\u00e9clar\u00e9 \u00e0 <em>DirectVelo<\/em> apr\u00e8s la course. Les championnats du monde de Li\u00e9vin se d\u00e9rouleront du 31 janvier au 2 f\u00e9vrier prochains.<\/p>\n<blockquote class=\"twitter-tweet\">\n<p dir=\"ltr\" lang=\"fr\">2 ans apr\u00e8s L\u00e9o Bisiaux, Soren Bruy\u00e8re Joumard (17 ans) d\u00e9croche la Coupe du monde de cyclo-cross juniors ! 4e \u00e0 Hoogerheide ce dimanche, le Fran\u00e7ais a remport\u00e9 2 des 6 manches.<\/p>\n<p>Lise Revol a aussi gagn\u00e9 2 manches mais termine 2e derri\u00e8re Rafaelle Carrier \ud83c\udde8\ud83c\udde6.<\/p>\n<p>\ud83d\udcf7 Coralie Bertrand <a href=\"https:\/\/t.co\/6Jx9es2jSB\">pic.twitter.com\/6Jx9es2jSB<\/a><\/p>\n<p>\u2014 Le Gruppetto (@LeGruppetto) <a href=\"https:\/\/twitter.com\/LeGruppetto\/status\/1883464196618346802?ref_src=twsrc%5Etfw\">January 26, 2025<\/a><\/p><\/blockquote>\n<p><script async src=\"https:\/\/platform.twitter.com\/widgets.js\" charset=\"utf-8\"><\/script><\/p>\n<p style=\"text-align: justify;\">Au classement g\u00e9n\u00e9ral, <strong>Soren Bruy\u00e8re Joumard<\/strong> devance <strong>Mattia Agostinacchio<\/strong>. L&rsquo;Italien est le seul autre junior \u00e0 avoir remport\u00e9 deux courses cette saison. Le Belge <strong>Giel Lejeune<\/strong> finit lui 3e. Le dernier Fran\u00e7ais \u00e0 avoir remport\u00e9 la Coupe du monde \u00e9tait <strong>L\u00e9o Bisiaux<\/strong>, lors de la saison 2022-2023. Il avait ensuite \u00e9t\u00e9 <a href=\"https:\/\/dicodusport.fr\/blog\/mondiaux-cyclo-cross-2023-leo-bisiaux-sacre-champion-du-monde-juniors\/\">sacr\u00e9 champion du monde<\/a>. Il faut sinon remonter \u00e0 la saison 2008-2009, avec <strong>Arnaud Jouffroy<\/strong>.<\/p>\n","protected":false},"excerpt":{"rendered":"<p>CYCLO-CROSS &#8211; 4e de la manche d&rsquo;Hoogerheide, Soren Bruy\u00e8re Joumard remporte finalement la Coupe du monde de cyclo-cross chez les juniors. Un nouveau sacre fran\u00e7ais, deux ans apr\u00e8s L\u00e9o Bisiaux.<\/p>\n","protected":false},"author":88,"featured_media":550173,"comment_status":"open","ping_status":"closed","sticky":false,"template":"","format":"standard","meta":{"_acf_changed":false,"_daextam_enable_autolinks":"1","footnotes":""},"categories":[9611],"tags":[32415,16878,6666,27754],"class_list":["post-550143","post","type-post","status-publish","format-standard","has-post-thumbnail","hentry","category-cyclo-cross","tag-actu","tag-breve","tag-cyclo-cross","tag-leo-bisiaux"],"acf":[],"yoast_head":"<!-- This site is optimized with the Yoast SEO Premium plugin v26.7 (Yoast SEO v26.7) - https:\/\/yoast.com\/wordpress\/plugins\/seo\/ -->\n<title>Cyclo-cross : Soren Bruy\u00e8re Joumard d\u00e9croche la Coupe du monde chez les juniors<\/title>\n<meta name=\"description\" content=\"CYCLO-CROSS - 4e de la manche d&#039;Hoogerheide, Soren Bruy\u00e8re Joumard remporte finalement la Coupe du monde de cyclo-cross chez les juniors.\" \/>\n<meta name=\"robots\" content=\"index, follow, max-snippet:-1, max-image-preview:large, max-video-preview:-1\" \/>\n<link rel=\"canonical\" href=\"https:\/\/dicodusport.fr\/blog\/cyclo-cross-soren-bruyere-joumard-decroche-la-coupe-du-monde-chez-les-juniors\/\" \/>\n<meta property=\"og:locale\" content=\"fr_FR\" \/>\n<meta property=\"og:type\" content=\"article\" \/>\n<meta property=\"og:title\" content=\"Cyclo-cross : Soren Bruy\u00e8re Joumard d\u00e9croche la Coupe du monde chez les juniors\" \/>\n<meta property=\"og:description\" content=\"CYCLO-CROSS - 4e de la manche d&#039;Hoogerheide, Soren Bruy\u00e8re Joumard remporte finalement la Coupe du monde de cyclo-cross chez les juniors.\" \/>\n<meta property=\"og:url\" content=\"https:\/\/dicodusport.fr\/blog\/cyclo-cross-soren-bruyere-joumard-decroche-la-coupe-du-monde-chez-les-juniors\/\" \/>\n<meta property=\"og:site_name\" content=\"Dicodusport\" \/>\n<meta property=\"article:publisher\" content=\"https:\/\/www.facebook.com\/dicodusport\" \/>\n<meta property=\"article:published_time\" content=\"2025-01-26T12:40:38+00:00\" \/>\n<meta property=\"og:image\" content=\"https:\/\/dicodusport.fr\/blog\/wp-content\/uploads\/2025\/01\/Cyclo-cross-Soren-Bruyere-Joumard-decroche-la-Coupe-du-monde-chez-les-juniors.png\" \/>\n\t<meta property=\"og:image:width\" content=\"1200\" \/>\n\t<meta property=\"og:image:height\" content=\"674\" \/>\n\t<meta property=\"og:image:type\" content=\"image\/png\" \/>\n<meta name=\"author\" content=\"Paul Lalevee\" \/>\n<meta name=\"twitter:card\" content=\"summary_large_image\" \/>\n<meta name=\"twitter:title\" content=\"Cyclo-cross : Soren Bruy\u00e8re Joumard d\u00e9croche la Coupe du monde chez les juniors\" \/>\n<meta name=\"twitter:creator\" content=\"@dicodusport\" \/>\n<meta name=\"twitter:site\" content=\"@dicodusport\" \/>\n<script type=\"application\/ld+json\" class=\"yoast-schema-graph\">{\"@context\":\"https:\/\/schema.org\",\"@graph\":[{\"@type\":\"NewsArticle\",\"@id\":\"https:\/\/dicodusport.fr\/blog\/cyclo-cross-soren-bruyere-joumard-decroche-la-coupe-du-monde-chez-les-juniors\/#article\",\"isPartOf\":{\"@id\":\"https:\/\/dicodusport.fr\/blog\/cyclo-cross-soren-bruyere-joumard-decroche-la-coupe-du-monde-chez-les-juniors\/\"},\"author\":{\"name\":\"Paul Lalevee\",\"@id\":\"https:\/\/dicodusport.fr\/blog\/#\/schema\/person\/1eaa63dfac40b5e5c47f03a71920c1cd\"},\"headline\":\"Cyclo-cross : Soren Bruy\u00e8re Joumard d\u00e9croche la Coupe du monde chez les juniors\",\"datePublished\":\"2025-01-26T12:40:38+00:00\",\"mainEntityOfPage\":{\"@id\":\"https:\/\/dicodusport.fr\/blog\/cyclo-cross-soren-bruyere-joumard-decroche-la-coupe-du-monde-chez-les-juniors\/\"},\"wordCount\":330,\"commentCount\":0,\"publisher\":{\"@id\":\"https:\/\/dicodusport.fr\/blog\/#organization\"},\"image\":{\"@id\":\"https:\/\/dicodusport.fr\/blog\/cyclo-cross-soren-bruyere-joumard-decroche-la-coupe-du-monde-chez-les-juniors\/#primaryimage\"},\"thumbnailUrl\":\"https:\/\/dicodusport.fr\/blog\/wp-content\/uploads\/2025\/01\/Cyclo-cross-Soren-Bruyere-Joumard-decroche-la-Coupe-du-monde-chez-les-juniors.png\",\"keywords\":[\"actu\",\"br\u00e8ve\",\"Cyclo-cross\",\"L\u00e9o Bisiaux\"],\"articleSection\":[\"Cyclo-cross\"],\"inLanguage\":\"fr-FR\",\"potentialAction\":[{\"@type\":\"CommentAction\",\"name\":\"Comment\",\"target\":[\"https:\/\/dicodusport.fr\/blog\/cyclo-cross-soren-bruyere-joumard-decroche-la-coupe-du-monde-chez-les-juniors\/#respond\"]}],\"copyrightYear\":\"2025\",\"copyrightHolder\":{\"@id\":\"https:\/\/dicodusport.fr\/blog\/#organization\"}},{\"@type\":\"WebPage\",\"@id\":\"https:\/\/dicodusport.fr\/blog\/cyclo-cross-soren-bruyere-joumard-decroche-la-coupe-du-monde-chez-les-juniors\/\",\"url\":\"https:\/\/dicodusport.fr\/blog\/cyclo-cross-soren-bruyere-joumard-decroche-la-coupe-du-monde-chez-les-juniors\/\",\"name\":\"Cyclo-cross : Soren Bruy\u00e8re Joumard d\u00e9croche la Coupe du monde chez les juniors\",\"isPartOf\":{\"@id\":\"https:\/\/dicodusport.fr\/blog\/#website\"},\"primaryImageOfPage\":{\"@id\":\"https:\/\/dicodusport.fr\/blog\/cyclo-cross-soren-bruyere-joumard-decroche-la-coupe-du-monde-chez-les-juniors\/#primaryimage\"},\"image\":{\"@id\":\"https:\/\/dicodusport.fr\/blog\/cyclo-cross-soren-bruyere-joumard-decroche-la-coupe-du-monde-chez-les-juniors\/#primaryimage\"},\"thumbnailUrl\":\"https:\/\/dicodusport.fr\/blog\/wp-content\/uploads\/2025\/01\/Cyclo-cross-Soren-Bruyere-Joumard-decroche-la-Coupe-du-monde-chez-les-juniors.png\",\"datePublished\":\"2025-01-26T12:40:38+00:00\",\"description\":\"CYCLO-CROSS - 4e de la manche d'Hoogerheide, Soren Bruy\u00e8re Joumard remporte finalement la Coupe du monde de cyclo-cross chez les juniors.\",\"breadcrumb\":{\"@id\":\"https:\/\/dicodusport.fr\/blog\/cyclo-cross-soren-bruyere-joumard-decroche-la-coupe-du-monde-chez-les-juniors\/#breadcrumb\"},\"inLanguage\":\"fr-FR\",\"potentialAction\":[{\"@type\":\"ReadAction\",\"target\":[\"https:\/\/dicodusport.fr\/blog\/cyclo-cross-soren-bruyere-joumard-decroche-la-coupe-du-monde-chez-les-juniors\/\"]}]},{\"@type\":\"ImageObject\",\"inLanguage\":\"fr-FR\",\"@id\":\"https:\/\/dicodusport.fr\/blog\/cyclo-cross-soren-bruyere-joumard-decroche-la-coupe-du-monde-chez-les-juniors\/#primaryimage\",\"url\":\"https:\/\/dicodusport.fr\/blog\/wp-content\/uploads\/2025\/01\/Cyclo-cross-Soren-Bruyere-Joumard-decroche-la-Coupe-du-monde-chez-les-juniors.png\",\"contentUrl\":\"https:\/\/dicodusport.fr\/blog\/wp-content\/uploads\/2025\/01\/Cyclo-cross-Soren-Bruyere-Joumard-decroche-la-Coupe-du-monde-chez-les-juniors.png\",\"width\":1200,\"height\":674,\"caption\":\"Mondiaux cyclo-cross 2025 Soren Bruy\u00e8re Joumard en argent sur la course juniors hommes\"},{\"@type\":\"BreadcrumbList\",\"@id\":\"https:\/\/dicodusport.fr\/blog\/cyclo-cross-soren-bruyere-joumard-decroche-la-coupe-du-monde-chez-les-juniors\/#breadcrumb\",\"itemListElement\":[{\"@type\":\"ListItem\",\"position\":1,\"name\":\"Accueil\",\"item\":\"https:\/\/dicodusport.fr\/blog\/\"},{\"@type\":\"ListItem\",\"position\":2,\"name\":\"Cyclo-cross : Soren Bruy\u00e8re Joumard d\u00e9croche la Coupe du monde chez les juniors\"}]},{\"@type\":\"WebSite\",\"@id\":\"https:\/\/dicodusport.fr\/blog\/#website\",\"url\":\"https:\/\/dicodusport.fr\/blog\/\",\"name\":\"Dicodusport\",\"description\":\"L&#039;encyclop\u00e9die de l&#039;actualit\u00e9 sportive\",\"publisher\":{\"@id\":\"https:\/\/dicodusport.fr\/blog\/#organization\"},\"potentialAction\":[{\"@type\":\"SearchAction\",\"target\":{\"@type\":\"EntryPoint\",\"urlTemplate\":\"https:\/\/dicodusport.fr\/blog\/?s={search_term_string}\"},\"query-input\":{\"@type\":\"PropertyValueSpecification\",\"valueRequired\":true,\"valueName\":\"search_term_string\"}}],\"inLanguage\":\"fr-FR\"},{\"@type\":\"NewsMediaOrganization\",\"@id\":\"https:\/\/dicodusport.fr\/blog\/#organization\",\"name\":\"Dicodusport\",\"url\":\"https:\/\/dicodusport.fr\/blog\/\",\"logo\":{\"@type\":\"ImageObject\",\"inLanguage\":\"fr-FR\",\"@id\":\"https:\/\/dicodusport.fr\/blog\/#\/schema\/logo\/image\/\",\"url\":\"https:\/\/dicodusport.fr\/blog\/wp-content\/uploads\/2020\/06\/cropped-LOGO-DICODUSPORT-2020-SANS-FOND-SANS-TEXTE.png\",\"contentUrl\":\"https:\/\/dicodusport.fr\/blog\/wp-content\/uploads\/2020\/06\/cropped-LOGO-DICODUSPORT-2020-SANS-FOND-SANS-TEXTE.png\",\"width\":512,\"height\":512,\"caption\":\"Dicodusport\"},\"image\":{\"@id\":\"https:\/\/dicodusport.fr\/blog\/#\/schema\/logo\/image\/\"},\"sameAs\":[\"https:\/\/www.facebook.com\/dicodusport\",\"https:\/\/x.com\/dicodusport\",\"https:\/\/www.instagram.com\/dicodusport\/\",\"https:\/\/www.youtube.com\/channel\/UC7V2KZ5sd3htJivAbA4ZG3w\"],\"description\":\"Dicodusport est l'encyclop\u00e9die de l'actualit\u00e9 sportive.\",\"email\":\"bonjour@dicodusport.fr\",\"legalName\":\"DICODUSPORT\",\"foundingDate\":\"2018-01-14\",\"vatID\":\"FR71834470973\",\"taxID\":\"83447097300043\",\"numberOfEmployees\":{\"@type\":\"QuantitativeValue\",\"minValue\":\"1\",\"maxValue\":\"10\"}},{\"@type\":\"Person\",\"@id\":\"https:\/\/dicodusport.fr\/blog\/#\/schema\/person\/1eaa63dfac40b5e5c47f03a71920c1cd\",\"name\":\"Paul Lalevee\",\"image\":{\"@type\":\"ImageObject\",\"inLanguage\":\"fr-FR\",\"@id\":\"https:\/\/dicodusport.fr\/blog\/#\/schema\/person\/image\/\",\"url\":\"https:\/\/dicodusport.fr\/blog\/wp-content\/uploads\/2023\/10\/291154246_1690604071293245_3118259335115946499_n-150x150.jpg\",\"contentUrl\":\"https:\/\/dicodusport.fr\/blog\/wp-content\/uploads\/2023\/10\/291154246_1690604071293245_3118259335115946499_n-150x150.jpg\",\"caption\":\"Paul Lalevee\"},\"description\":\"La bulle Disney pendant le Covid, le Tour 2019, la Coupe du monde 2018. Ces trois \u00e9v\u00e9nements majeurs sont ancr\u00e9s dans ma t\u00eate de fan de sport, n\u00e9gativement ou positivement. Passionn\u00e9 de sport depuis l'enfance, j'ai d\u00e9cid\u00e9 de mettre ma passion de l'\u00e9criture au service de cette premi\u00e8re passion.\",\"url\":\"https:\/\/dicodusport.fr\/blog\/author\/paul-lalevee\/\"}]}<\/script>\n<!-- \/ Yoast SEO Premium plugin. -->","yoast_head_json":{"title":"Cyclo-cross : Soren Bruy\u00e8re Joumard d\u00e9croche la Coupe du monde chez les juniors","description":"CYCLO-CROSS - 4e de la manche d'Hoogerheide, Soren Bruy\u00e8re Joumard remporte finalement la Coupe du monde de cyclo-cross chez les juniors.","robots":{"index":"index","follow":"follow","max-snippet":"max-snippet:-1","max-image-preview":"max-image-preview:large","max-video-preview":"max-video-preview:-1"},"canonical":"https:\/\/dicodusport.fr\/blog\/cyclo-cross-soren-bruyere-joumard-decroche-la-coupe-du-monde-chez-les-juniors\/","og_locale":"fr_FR","og_type":"article","og_title":"Cyclo-cross : Soren Bruy\u00e8re Joumard d\u00e9croche la Coupe du monde chez les juniors","og_description":"CYCLO-CROSS - 4e de la manche d'Hoogerheide, Soren Bruy\u00e8re Joumard remporte finalement la Coupe du monde de cyclo-cross chez les juniors.","og_url":"https:\/\/dicodusport.fr\/blog\/cyclo-cross-soren-bruyere-joumard-decroche-la-coupe-du-monde-chez-les-juniors\/","og_site_name":"Dicodusport","article_publisher":"https:\/\/www.facebook.com\/dicodusport","article_published_time":"2025-01-26T12:40:38+00:00","og_image":[{"width":1200,"height":674,"url":"https:\/\/dicodusport.fr\/blog\/wp-content\/uploads\/2025\/01\/Cyclo-cross-Soren-Bruyere-Joumard-decroche-la-Coupe-du-monde-chez-les-juniors.png","type":"image\/png"}],"author":"Paul Lalevee","twitter_card":"summary_large_image","twitter_title":"Cyclo-cross : Soren Bruy\u00e8re Joumard d\u00e9croche la Coupe du monde chez les juniors","twitter_creator":"@dicodusport","twitter_site":"@dicodusport","schema":{"@context":"https:\/\/schema.org","@graph":[{"@type":"NewsArticle","@id":"https:\/\/dicodusport.fr\/blog\/cyclo-cross-soren-bruyere-joumard-decroche-la-coupe-du-monde-chez-les-juniors\/#article","isPartOf":{"@id":"https:\/\/dicodusport.fr\/blog\/cyclo-cross-soren-bruyere-joumard-decroche-la-coupe-du-monde-chez-les-juniors\/"},"author":{"name":"Paul Lalevee","@id":"https:\/\/dicodusport.fr\/blog\/#\/schema\/person\/1eaa63dfac40b5e5c47f03a71920c1cd"},"headline":"Cyclo-cross : Soren Bruy\u00e8re Joumard d\u00e9croche la Coupe du monde chez les juniors","datePublished":"2025-01-26T12:40:38+00:00","mainEntityOfPage":{"@id":"https:\/\/dicodusport.fr\/blog\/cyclo-cross-soren-bruyere-joumard-decroche-la-coupe-du-monde-chez-les-juniors\/"},"wordCount":330,"commentCount":0,"publisher":{"@id":"https:\/\/dicodusport.fr\/blog\/#organization"},"image":{"@id":"https:\/\/dicodusport.fr\/blog\/cyclo-cross-soren-bruyere-joumard-decroche-la-coupe-du-monde-chez-les-juniors\/#primaryimage"},"thumbnailUrl":"https:\/\/dicodusport.fr\/blog\/wp-content\/uploads\/2025\/01\/Cyclo-cross-Soren-Bruyere-Joumard-decroche-la-Coupe-du-monde-chez-les-juniors.png","keywords":["actu","br\u00e8ve","Cyclo-cross","L\u00e9o Bisiaux"],"articleSection":["Cyclo-cross"],"inLanguage":"fr-FR","potentialAction":[{"@type":"CommentAction","name":"Comment","target":["https:\/\/dicodusport.fr\/blog\/cyclo-cross-soren-bruyere-joumard-decroche-la-coupe-du-monde-chez-les-juniors\/#respond"]}],"copyrightYear":"2025","copyrightHolder":{"@id":"https:\/\/dicodusport.fr\/blog\/#organization"}},{"@type":"WebPage","@id":"https:\/\/dicodusport.fr\/blog\/cyclo-cross-soren-bruyere-joumard-decroche-la-coupe-du-monde-chez-les-juniors\/","url":"https:\/\/dicodusport.fr\/blog\/cyclo-cross-soren-bruyere-joumard-decroche-la-coupe-du-monde-chez-les-juniors\/","name":"Cyclo-cross : Soren Bruy\u00e8re Joumard d\u00e9croche la Coupe du monde chez les juniors","isPartOf":{"@id":"https:\/\/dicodusport.fr\/blog\/#website"},"primaryImageOfPage":{"@id":"https:\/\/dicodusport.fr\/blog\/cyclo-cross-soren-bruyere-joumard-decroche-la-coupe-du-monde-chez-les-juniors\/#primaryimage"},"image":{"@id":"https:\/\/dicodusport.fr\/blog\/cyclo-cross-soren-bruyere-joumard-decroche-la-coupe-du-monde-chez-les-juniors\/#primaryimage"},"thumbnailUrl":"https:\/\/dicodusport.fr\/blog\/wp-content\/uploads\/2025\/01\/Cyclo-cross-Soren-Bruyere-Joumard-decroche-la-Coupe-du-monde-chez-les-juniors.png","datePublished":"2025-01-26T12:40:38+00:00","description":"CYCLO-CROSS - 4e de la manche d'Hoogerheide, Soren Bruy\u00e8re Joumard remporte finalement la Coupe du monde de cyclo-cross chez les juniors.","breadcrumb":{"@id":"https:\/\/dicodusport.fr\/blog\/cyclo-cross-soren-bruyere-joumard-decroche-la-coupe-du-monde-chez-les-juniors\/#breadcrumb"},"inLanguage":"fr-FR","potentialAction":[{"@type":"ReadAction","target":["https:\/\/dicodusport.fr\/blog\/cyclo-cross-soren-bruyere-joumard-decroche-la-coupe-du-monde-chez-les-juniors\/"]}]},{"@type":"ImageObject","inLanguage":"fr-FR","@id":"https:\/\/dicodusport.fr\/blog\/cyclo-cross-soren-bruyere-joumard-decroche-la-coupe-du-monde-chez-les-juniors\/#primaryimage","url":"https:\/\/dicodusport.fr\/blog\/wp-content\/uploads\/2025\/01\/Cyclo-cross-Soren-Bruyere-Joumard-decroche-la-Coupe-du-monde-chez-les-juniors.png","contentUrl":"https:\/\/dicodusport.fr\/blog\/wp-content\/uploads\/2025\/01\/Cyclo-cross-Soren-Bruyere-Joumard-decroche-la-Coupe-du-monde-chez-les-juniors.png","width":1200,"height":674,"caption":"Mondiaux cyclo-cross 2025 Soren Bruy\u00e8re Joumard en argent sur la course juniors hommes"},{"@type":"BreadcrumbList","@id":"https:\/\/dicodusport.fr\/blog\/cyclo-cross-soren-bruyere-joumard-decroche-la-coupe-du-monde-chez-les-juniors\/#breadcrumb","itemListElement":[{"@type":"ListItem","position":1,"name":"Accueil","item":"https:\/\/dicodusport.fr\/blog\/"},{"@type":"ListItem","position":2,"name":"Cyclo-cross : Soren Bruy\u00e8re Joumard d\u00e9croche la Coupe du monde chez les juniors"}]},{"@type":"WebSite","@id":"https:\/\/dicodusport.fr\/blog\/#website","url":"https:\/\/dicodusport.fr\/blog\/","name":"Dicodusport","description":"L&#039;encyclop\u00e9die de l&#039;actualit\u00e9 sportive","publisher":{"@id":"https:\/\/dicodusport.fr\/blog\/#organization"},"potentialAction":[{"@type":"SearchAction","target":{"@type":"EntryPoint","urlTemplate":"https:\/\/dicodusport.fr\/blog\/?s={search_term_string}"},"query-input":{"@type":"PropertyValueSpecification","valueRequired":true,"valueName":"search_term_string"}}],"inLanguage":"fr-FR"},{"@type":"NewsMediaOrganization","@id":"https:\/\/dicodusport.fr\/blog\/#organization","name":"Dicodusport","url":"https:\/\/dicodusport.fr\/blog\/","logo":{"@type":"ImageObject","inLanguage":"fr-FR","@id":"https:\/\/dicodusport.fr\/blog\/#\/schema\/logo\/image\/","url":"https:\/\/dicodusport.fr\/blog\/wp-content\/uploads\/2020\/06\/cropped-LOGO-DICODUSPORT-2020-SANS-FOND-SANS-TEXTE.png","contentUrl":"https:\/\/dicodusport.fr\/blog\/wp-content\/uploads\/2020\/06\/cropped-LOGO-DICODUSPORT-2020-SANS-FOND-SANS-TEXTE.png","width":512,"height":512,"caption":"Dicodusport"},"image":{"@id":"https:\/\/dicodusport.fr\/blog\/#\/schema\/logo\/image\/"},"sameAs":["https:\/\/www.facebook.com\/dicodusport","https:\/\/x.com\/dicodusport","https:\/\/www.instagram.com\/dicodusport\/","https:\/\/www.youtube.com\/channel\/UC7V2KZ5sd3htJivAbA4ZG3w"],"description":"Dicodusport est l'encyclop\u00e9die de l'actualit\u00e9 sportive.","email":"bonjour@dicodusport.fr","legalName":"DICODUSPORT","foundingDate":"2018-01-14","vatID":"FR71834470973","taxID":"83447097300043","numberOfEmployees":{"@type":"QuantitativeValue","minValue":"1","maxValue":"10"}},{"@type":"Person","@id":"https:\/\/dicodusport.fr\/blog\/#\/schema\/person\/1eaa63dfac40b5e5c47f03a71920c1cd","name":"Paul Lalevee","image":{"@type":"ImageObject","inLanguage":"fr-FR","@id":"https:\/\/dicodusport.fr\/blog\/#\/schema\/person\/image\/","url":"https:\/\/dicodusport.fr\/blog\/wp-content\/uploads\/2023\/10\/291154246_1690604071293245_3118259335115946499_n-150x150.jpg","contentUrl":"https:\/\/dicodusport.fr\/blog\/wp-content\/uploads\/2023\/10\/291154246_1690604071293245_3118259335115946499_n-150x150.jpg","caption":"Paul Lalevee"},"description":"La bulle Disney pendant le Covid, le Tour 2019, la Coupe du monde 2018. Ces trois \u00e9v\u00e9nements majeurs sont ancr\u00e9s dans ma t\u00eate de fan de sport, n\u00e9gativement ou positivement. Passionn\u00e9 de sport depuis l'enfance, j'ai d\u00e9cid\u00e9 de mettre ma passion de l'\u00e9criture au service de cette premi\u00e8re passion.","url":"https:\/\/dicodusport.fr\/blog\/author\/paul-lalevee\/"}]}},"_links":{"self":[{"href":"https:\/\/dicodusport.fr\/blog\/wp-json\/wp\/v2\/posts\/550143","targetHints":{"allow":["GET"]}}],"collection":[{"href":"https:\/\/dicodusport.fr\/blog\/wp-json\/wp\/v2\/posts"}],"about":[{"href":"https:\/\/dicodusport.fr\/blog\/wp-json\/wp\/v2\/types\/post"}],"author":[{"embeddable":true,"href":"https:\/\/dicodusport.fr\/blog\/wp-json\/wp\/v2\/users\/88"}],"replies":[{"embeddable":true,"href":"https:\/\/dicodusport.fr\/blog\/wp-json\/wp\/v2\/comments?post=550143"}],"version-history":[{"count":5,"href":"https:\/\/dicodusport.fr\/blog\/wp-json\/wp\/v2\/posts\/550143\/revisions"}],"predecessor-version":[{"id":550205,"href":"https:\/\/dicodusport.fr\/blog\/wp-json\/wp\/v2\/posts\/550143\/revisions\/550205"}],"wp:featuredmedia":[{"embeddable":true,"href":"https:\/\/dicodusport.fr\/blog\/wp-json\/wp\/v2\/media\/550173"}],"wp:attachment":[{"href":"https:\/\/dicodusport.fr\/blog\/wp-json\/wp\/v2\/media?parent=550143"}],"wp:term":[{"taxonomy":"category","embeddable":true,"href":"https:\/\/dicodusport.fr\/blog\/wp-json\/wp\/v2\/categories?post=550143"},{"taxonomy":"post_tag","embeddable":true,"href":"https:\/\/dicodusport.fr\/blog\/wp-json\/wp\/v2\/tags?post=550143"}],"curies":[{"name":"wp","href":"https:\/\/api.w.org\/{rel}","templated":true}]}}