{"id":550344,"date":"2025-01-26T19:14:14","date_gmt":"2025-01-26T18:14:14","guid":{"rendered":"https:\/\/dicodusport.fr\/blog\/?p=550344&#038;preview=true&#038;preview_id=550344"},"modified":"2025-04-03T14:25:11","modified_gmt":"2025-04-03T12:25:11","slug":"ski-alpinisme-comapedrosa-emily-harrop-et-pablo-giner-en-argent-sur-le-relais-mixte","status":"publish","type":"post","link":"https:\/\/dicodusport.fr\/blog\/ski-alpinisme-comapedrosa-emily-harrop-et-pablo-giner-en-argent-sur-le-relais-mixte\/","title":{"rendered":"Ski Alpinisme Comapedrosa : Emily Harrop et Pablo Giner en argent sur le relais mixte"},"content":{"rendered":"<h4 style=\"text-align: justify;\" align=\"justify\"><em><a style=\"font-weight: bold;\" href=\"https:\/\/dicodusport.fr\/blog\/?s=ski+alpinisme\">SKI ALPINISME<\/a><b> &#8211; Au lendemain d&rsquo;un individuel couronn\u00e9 de succ\u00e8s, le clan tricolore a pu c\u00e9l\u00e9brer un nouveau podium ce dimanche. Le bin\u00f4me form\u00e9 par Emily Harrop et Pablo Giner s&rsquo;est empar\u00e9 de la 2e place du premier relais mixte de l&rsquo;hiver.<\/b><\/em><\/h4>\n<p style=\"text-align: justify;\">Ce dimanche marquait un petit tournant dans la saison 2024\/2025 de <strong>coupe du monde de ski alpinisme<\/strong>. Alors que six \u00e9preuves se sont d\u00e9j\u00e0 d\u00e9roul\u00e9es entre Courchevel, Shahdag (Azerba\u00efdjan) et <strong>Comapedrosa<\/strong> (Andorre), le relais mixte effectuait son entr\u00e9e au calendrier pour boucler l&rsquo;\u00e9tape andorrane. Un relais mixte particuli\u00e8rement scrut\u00e9 puisqu&rsquo;il sera avec le sprint l&rsquo;un des deux seuls formats \u00e0 \u00eatre pr\u00e9sents lors de Milan &#8211; Cortina 2026.<\/p>\n<h2>Encore un podium pour Emily Harrop<\/h2>\n<p style=\"text-align: justify;\">Pour l&rsquo;occasion, <strong>Emily Harrop<\/strong> \u00e9tait associ\u00e9e \u00e0 <strong>Pablo Giner<\/strong>. D\u00e9j\u00e0 2e sur un individuel remport\u00e9 par Axelle Gachet-Mollaret, la leader du classement g\u00e9n\u00e9ral a de nouveau d\u00fb se contenter de la place de dauphine. Le duo tricolore n&rsquo;a pu rivaliser avec la doublette espagnole de grande qualit\u00e9 form\u00e9e par <strong>Ana Alonso Rodriguez<\/strong> et <strong>Oriol Cardona Coll<\/strong>. \u00c0 plus de 40 secondes, les Tricolores se sont donc employ\u00e9s \u00e0 s\u00e9curiser une belle place, devant le bin\u00f4me suisse <strong>Marianne Fatton<\/strong> &#8211; <strong>Robin Bussard<\/strong>.<\/p>\n<p style=\"text-align: justify;\">Cela fait donc une 4e m\u00e9daille en deux jours pour des Fran\u00e7ais qui se sont encore montr\u00e9s \u00e0 l&rsquo;avant. Il s&rsquo;agit \u00e9galement du 7e podium en 7 courses disput\u00e9e par une Emily Harrop qui fait preuve d&rsquo;une r\u00e9gularit\u00e9 affolante. \u00c0 noter que la jeune doublette<strong> Margot Ravinel<\/strong> &#8211; <strong>Anselme Damevin<\/strong> a r\u00e9alis\u00e9 une belle performance en s&#8217;emparant de la 1e place de la finale B.<\/p>\n<p style=\"text-align: justify;\">Le weekend prochain, la coupe du monde battra de nouveau son plein avec un sprint et un relais mixte organis\u00e9s \u00e0 <strong>Boi Taull<\/strong>.<\/p>\n<blockquote class=\"twitter-tweet\">\n<p dir=\"ltr\" lang=\"en\">Spanish victory on the first Mixed Relay of the season! \ud83d\udc4f<\/p>\n<p>\ud83e\udd47 Ana Alonso &amp; Oriol Cardonna Coll \ud83c\uddea\ud83c\uddf8<br \/>\n\ud83e\udd48Emily Harrop &amp; Pablo Giner France \ud83c\uddeb\ud83c\uddf7<br \/>\n\ud83e\udd49 Marianne Fatton &amp; Robin Bussard \ud83c\udde8\ud83c\udded<\/p>\n<p>\ud83d\udc49 Official times and rankings: <a href=\"https:\/\/t.co\/VVu3VIoPSb\">https:\/\/t.co\/VVu3VIoPSb<\/a><a href=\"https:\/\/twitter.com\/hashtag\/ISMF?src=hash&amp;ref_src=twsrc%5Etfw\">#ISMF<\/a> <a href=\"https:\/\/twitter.com\/hashtag\/Comapedrosa2024?src=hash&amp;ref_src=twsrc%5Etfw\">#Comapedrosa2024<\/a> <a href=\"https:\/\/twitter.com\/hashtag\/Andorra?src=hash&amp;ref_src=twsrc%5Etfw\">#Andorra<\/a> <a href=\"https:\/\/twitter.com\/hashtag\/SkiWorldCup?src=hash&amp;ref_src=twsrc%5Etfw\">#SkiWorldCup<\/a> <a href=\"https:\/\/t.co\/uc55cWJLaV\">pic.twitter.com\/uc55cWJLaV<\/a><\/p>\n<p>\u2014 ISMF Skimo (@ISMFSkimo) <a href=\"https:\/\/twitter.com\/ISMFSkimo\/status\/1883556858486727167?ref_src=twsrc%5Etfw\">January 26, 2025<\/a><\/p><\/blockquote>\n<p><script async src=\"https:\/\/platform.twitter.com\/widgets.js\" charset=\"utf-8\"><\/script><\/p>\n","protected":false},"excerpt":{"rendered":"<p>SKI ALPINISME &#8211; Au lendemain d&rsquo;un individuel couronn\u00e9 de succ\u00e8s, le clan tricolore a pu c\u00e9l\u00e9brer un nouveau podium ce dimanche. Le bin\u00f4me form\u00e9 par Emily Harrop et Pablo Giner s&rsquo;est empar\u00e9 de la 2e place du premier relais mixte de l&rsquo;hiver.<\/p>\n","protected":false},"author":55,"featured_media":550345,"comment_status":"open","ping_status":"closed","sticky":false,"template":"","format":"standard","meta":{"_acf_changed":false,"_daextam_enable_autolinks":"1","footnotes":""},"categories":[45757],"tags":[16878,37201,13007,22884,44002,4230],"class_list":["post-550344","post","type-post","status-publish","format-standard","has-post-thumbnail","hentry","category-ski-alpinisme","tag-breve","tag-coupe-du-monde-ski-alpinisme","tag-courchevel","tag-emily-harrop","tag-pablo-giner","tag-ski-alpinisme"],"acf":[],"yoast_head":"<!-- This site is optimized with the Yoast SEO Premium plugin v26.7 (Yoast SEO v26.7) - https:\/\/yoast.com\/wordpress\/plugins\/seo\/ -->\n<title>Ski Alpinisme Comapedrosa : Emily Harrop et Pablo Giner en argent sur le relais mixte<\/title>\n<meta name=\"description\" content=\"COUPE DU MONDE SKI ALPINISME - Emily Harrop et Pablo Giner ont pris la 2e place du relais mixte de Comapedrosa.\" \/>\n<meta name=\"robots\" content=\"index, follow, max-snippet:-1, max-image-preview:large, max-video-preview:-1\" \/>\n<link rel=\"canonical\" href=\"https:\/\/dicodusport.fr\/blog\/ski-alpinisme-comapedrosa-emily-harrop-et-pablo-giner-en-argent-sur-le-relais-mixte\/\" \/>\n<meta property=\"og:locale\" content=\"fr_FR\" \/>\n<meta property=\"og:type\" content=\"article\" \/>\n<meta property=\"og:title\" content=\"Ski Alpinisme Comapedrosa : Emily Harrop et Pablo Giner en argent sur le relais mixte\" \/>\n<meta property=\"og:description\" content=\"COUPE DU MONDE SKI ALPINISME - Emily Harrop et Pablo Giner ont pris la 2e place du relais mixte de Comapedrosa.\" \/>\n<meta property=\"og:url\" content=\"https:\/\/dicodusport.fr\/blog\/ski-alpinisme-comapedrosa-emily-harrop-et-pablo-giner-en-argent-sur-le-relais-mixte\/\" \/>\n<meta property=\"og:site_name\" content=\"Dicodusport\" \/>\n<meta property=\"article:publisher\" content=\"https:\/\/www.facebook.com\/dicodusport\" \/>\n<meta property=\"article:published_time\" content=\"2025-01-26T18:14:14+00:00\" \/>\n<meta property=\"article:modified_time\" content=\"2025-04-03T12:25:11+00:00\" \/>\n<meta property=\"og:image\" content=\"https:\/\/dicodusport.fr\/blog\/wp-content\/uploads\/2025\/01\/Ski-Alpinisme-Comapedrosa-Emily-Harrop-et-Pablo-Giner-en-argent-sur-le-relais-mixte.png\" \/>\n\t<meta property=\"og:image:width\" content=\"1200\" \/>\n\t<meta property=\"og:image:height\" content=\"674\" \/>\n\t<meta property=\"og:image:type\" content=\"image\/png\" \/>\n<meta name=\"author\" content=\"Maxime Cazenave\" \/>\n<meta name=\"twitter:card\" content=\"summary_large_image\" \/>\n<meta name=\"twitter:title\" content=\"Ski Alpinisme Comapedrosa : Emily Harrop et Pablo Giner en argent sur le relais mixte\" \/>\n<meta name=\"twitter:creator\" content=\"@https:\/\/twitter.com\/Maxime_Caze\" \/>\n<meta name=\"twitter:site\" content=\"@dicodusport\" \/>\n<script type=\"application\/ld+json\" class=\"yoast-schema-graph\">{\"@context\":\"https:\/\/schema.org\",\"@graph\":[{\"@type\":\"NewsArticle\",\"@id\":\"https:\/\/dicodusport.fr\/blog\/ski-alpinisme-comapedrosa-emily-harrop-et-pablo-giner-en-argent-sur-le-relais-mixte\/#article\",\"isPartOf\":{\"@id\":\"https:\/\/dicodusport.fr\/blog\/ski-alpinisme-comapedrosa-emily-harrop-et-pablo-giner-en-argent-sur-le-relais-mixte\/\"},\"author\":{\"name\":\"Maxime Cazenave\",\"@id\":\"https:\/\/dicodusport.fr\/blog\/#\/schema\/person\/37def232098a7a5cbab3974a3690abb0\"},\"headline\":\"Ski Alpinisme Comapedrosa : Emily Harrop et Pablo Giner en argent sur le relais mixte\",\"datePublished\":\"2025-01-26T18:14:14+00:00\",\"dateModified\":\"2025-04-03T12:25:11+00:00\",\"mainEntityOfPage\":{\"@id\":\"https:\/\/dicodusport.fr\/blog\/ski-alpinisme-comapedrosa-emily-harrop-et-pablo-giner-en-argent-sur-le-relais-mixte\/\"},\"wordCount\":375,\"commentCount\":0,\"publisher\":{\"@id\":\"https:\/\/dicodusport.fr\/blog\/#organization\"},\"image\":{\"@id\":\"https:\/\/dicodusport.fr\/blog\/ski-alpinisme-comapedrosa-emily-harrop-et-pablo-giner-en-argent-sur-le-relais-mixte\/#primaryimage\"},\"thumbnailUrl\":\"https:\/\/dicodusport.fr\/blog\/wp-content\/uploads\/2025\/01\/Ski-Alpinisme-Comapedrosa-Emily-Harrop-et-Pablo-Giner-en-argent-sur-le-relais-mixte.png\",\"keywords\":[\"br\u00e8ve\",\"Coupe du monde ski alpinisme\",\"Courchevel\",\"Emily Harrop\",\"Pablo Giner\",\"Ski alpinisme\"],\"articleSection\":[\"Ski alpinisme\"],\"inLanguage\":\"fr-FR\",\"potentialAction\":[{\"@type\":\"CommentAction\",\"name\":\"Comment\",\"target\":[\"https:\/\/dicodusport.fr\/blog\/ski-alpinisme-comapedrosa-emily-harrop-et-pablo-giner-en-argent-sur-le-relais-mixte\/#respond\"]}],\"copyrightYear\":\"2025\",\"copyrightHolder\":{\"@id\":\"https:\/\/dicodusport.fr\/blog\/#organization\"}},{\"@type\":\"WebPage\",\"@id\":\"https:\/\/dicodusport.fr\/blog\/ski-alpinisme-comapedrosa-emily-harrop-et-pablo-giner-en-argent-sur-le-relais-mixte\/\",\"url\":\"https:\/\/dicodusport.fr\/blog\/ski-alpinisme-comapedrosa-emily-harrop-et-pablo-giner-en-argent-sur-le-relais-mixte\/\",\"name\":\"Ski Alpinisme Comapedrosa : Emily Harrop et Pablo Giner en argent sur le relais mixte\",\"isPartOf\":{\"@id\":\"https:\/\/dicodusport.fr\/blog\/#website\"},\"primaryImageOfPage\":{\"@id\":\"https:\/\/dicodusport.fr\/blog\/ski-alpinisme-comapedrosa-emily-harrop-et-pablo-giner-en-argent-sur-le-relais-mixte\/#primaryimage\"},\"image\":{\"@id\":\"https:\/\/dicodusport.fr\/blog\/ski-alpinisme-comapedrosa-emily-harrop-et-pablo-giner-en-argent-sur-le-relais-mixte\/#primaryimage\"},\"thumbnailUrl\":\"https:\/\/dicodusport.fr\/blog\/wp-content\/uploads\/2025\/01\/Ski-Alpinisme-Comapedrosa-Emily-Harrop-et-Pablo-Giner-en-argent-sur-le-relais-mixte.png\",\"datePublished\":\"2025-01-26T18:14:14+00:00\",\"dateModified\":\"2025-04-03T12:25:11+00:00\",\"description\":\"COUPE DU MONDE SKI ALPINISME - Emily Harrop et Pablo Giner ont pris la 2e place du relais mixte de Comapedrosa.\",\"breadcrumb\":{\"@id\":\"https:\/\/dicodusport.fr\/blog\/ski-alpinisme-comapedrosa-emily-harrop-et-pablo-giner-en-argent-sur-le-relais-mixte\/#breadcrumb\"},\"inLanguage\":\"fr-FR\",\"potentialAction\":[{\"@type\":\"ReadAction\",\"target\":[\"https:\/\/dicodusport.fr\/blog\/ski-alpinisme-comapedrosa-emily-harrop-et-pablo-giner-en-argent-sur-le-relais-mixte\/\"]}]},{\"@type\":\"ImageObject\",\"inLanguage\":\"fr-FR\",\"@id\":\"https:\/\/dicodusport.fr\/blog\/ski-alpinisme-comapedrosa-emily-harrop-et-pablo-giner-en-argent-sur-le-relais-mixte\/#primaryimage\",\"url\":\"https:\/\/dicodusport.fr\/blog\/wp-content\/uploads\/2025\/01\/Ski-Alpinisme-Comapedrosa-Emily-Harrop-et-Pablo-Giner-en-argent-sur-le-relais-mixte.png\",\"contentUrl\":\"https:\/\/dicodusport.fr\/blog\/wp-content\/uploads\/2025\/01\/Ski-Alpinisme-Comapedrosa-Emily-Harrop-et-Pablo-Giner-en-argent-sur-le-relais-mixte.png\",\"width\":1200,\"height\":674,\"caption\":\"Ski Alpinisme Comapedrosa : Emily Harrop et Pablo Giner en argent sur le relais mixte\"},{\"@type\":\"BreadcrumbList\",\"@id\":\"https:\/\/dicodusport.fr\/blog\/ski-alpinisme-comapedrosa-emily-harrop-et-pablo-giner-en-argent-sur-le-relais-mixte\/#breadcrumb\",\"itemListElement\":[{\"@type\":\"ListItem\",\"position\":1,\"name\":\"Accueil\",\"item\":\"https:\/\/dicodusport.fr\/blog\/\"},{\"@type\":\"ListItem\",\"position\":2,\"name\":\"Ski Alpinisme Comapedrosa : Emily Harrop et Pablo Giner en argent sur le relais mixte\"}]},{\"@type\":\"WebSite\",\"@id\":\"https:\/\/dicodusport.fr\/blog\/#website\",\"url\":\"https:\/\/dicodusport.fr\/blog\/\",\"name\":\"Dicodusport\",\"description\":\"L&#039;encyclop\u00e9die de l&#039;actualit\u00e9 sportive\",\"publisher\":{\"@id\":\"https:\/\/dicodusport.fr\/blog\/#organization\"},\"potentialAction\":[{\"@type\":\"SearchAction\",\"target\":{\"@type\":\"EntryPoint\",\"urlTemplate\":\"https:\/\/dicodusport.fr\/blog\/?s={search_term_string}\"},\"query-input\":{\"@type\":\"PropertyValueSpecification\",\"valueRequired\":true,\"valueName\":\"search_term_string\"}}],\"inLanguage\":\"fr-FR\"},{\"@type\":\"NewsMediaOrganization\",\"@id\":\"https:\/\/dicodusport.fr\/blog\/#organization\",\"name\":\"Dicodusport\",\"url\":\"https:\/\/dicodusport.fr\/blog\/\",\"logo\":{\"@type\":\"ImageObject\",\"inLanguage\":\"fr-FR\",\"@id\":\"https:\/\/dicodusport.fr\/blog\/#\/schema\/logo\/image\/\",\"url\":\"https:\/\/dicodusport.fr\/blog\/wp-content\/uploads\/2020\/06\/cropped-LOGO-DICODUSPORT-2020-SANS-FOND-SANS-TEXTE.png\",\"contentUrl\":\"https:\/\/dicodusport.fr\/blog\/wp-content\/uploads\/2020\/06\/cropped-LOGO-DICODUSPORT-2020-SANS-FOND-SANS-TEXTE.png\",\"width\":512,\"height\":512,\"caption\":\"Dicodusport\"},\"image\":{\"@id\":\"https:\/\/dicodusport.fr\/blog\/#\/schema\/logo\/image\/\"},\"sameAs\":[\"https:\/\/www.facebook.com\/dicodusport\",\"https:\/\/x.com\/dicodusport\",\"https:\/\/www.instagram.com\/dicodusport\/\",\"https:\/\/www.youtube.com\/channel\/UC7V2KZ5sd3htJivAbA4ZG3w\"],\"description\":\"Dicodusport est l'encyclop\u00e9die de l'actualit\u00e9 sportive.\",\"email\":\"bonjour@dicodusport.fr\",\"legalName\":\"DICODUSPORT\",\"foundingDate\":\"2018-01-14\",\"vatID\":\"FR71834470973\",\"taxID\":\"83447097300043\",\"numberOfEmployees\":{\"@type\":\"QuantitativeValue\",\"minValue\":\"1\",\"maxValue\":\"10\"}},{\"@type\":\"Person\",\"@id\":\"https:\/\/dicodusport.fr\/blog\/#\/schema\/person\/37def232098a7a5cbab3974a3690abb0\",\"name\":\"Maxime Cazenave\",\"image\":{\"@type\":\"ImageObject\",\"inLanguage\":\"fr-FR\",\"@id\":\"https:\/\/dicodusport.fr\/blog\/#\/schema\/person\/image\/\",\"url\":\"https:\/\/dicodusport.fr\/blog\/wp-content\/uploads\/2021\/05\/Maxime-Cazenave-150x150.jpg\",\"contentUrl\":\"https:\/\/dicodusport.fr\/blog\/wp-content\/uploads\/2021\/05\/Maxime-Cazenave-150x150.jpg\",\"caption\":\"Maxime Cazenave\"},\"description\":\"Journaliste\/R\u00e9dacteur depuis 2012 - Berc\u00e9 par l\u2019amour des Girondins de Bordeaux, les \u00e9checs de Christophe Moreau sur le Tour de France sous l'\u00e8re Lance Armstrong et le fade-away l\u00e9tal de Dirk Nowitzki, ma passion d\u00e9vorante pour le sport a toujours \u00e9t\u00e9 un pan incontournable de ma vie. Transmettre ma passion \u00e0 l\u2019\u00e9crit a \u00e9t\u00e9 une transition naturelle. Suiveur assidu de basket et de hockey sur glace, je garde toujours un peu de place pour suivre le cyclisme, le football et le maximum de performances fran\u00e7aises.\",\"sameAs\":[\"https:\/\/x.com\/https:\/\/twitter.com\/Maxime_Caze\"],\"url\":\"https:\/\/dicodusport.fr\/blog\/author\/maximec\/\"}]}<\/script>\n<!-- \/ Yoast SEO Premium plugin. -->","yoast_head_json":{"title":"Ski Alpinisme Comapedrosa : Emily Harrop et Pablo Giner en argent sur le relais mixte","description":"COUPE DU MONDE SKI ALPINISME - Emily Harrop et Pablo Giner ont pris la 2e place du relais mixte de Comapedrosa.","robots":{"index":"index","follow":"follow","max-snippet":"max-snippet:-1","max-image-preview":"max-image-preview:large","max-video-preview":"max-video-preview:-1"},"canonical":"https:\/\/dicodusport.fr\/blog\/ski-alpinisme-comapedrosa-emily-harrop-et-pablo-giner-en-argent-sur-le-relais-mixte\/","og_locale":"fr_FR","og_type":"article","og_title":"Ski Alpinisme Comapedrosa : Emily Harrop et Pablo Giner en argent sur le relais mixte","og_description":"COUPE DU MONDE SKI ALPINISME - Emily Harrop et Pablo Giner ont pris la 2e place du relais mixte de Comapedrosa.","og_url":"https:\/\/dicodusport.fr\/blog\/ski-alpinisme-comapedrosa-emily-harrop-et-pablo-giner-en-argent-sur-le-relais-mixte\/","og_site_name":"Dicodusport","article_publisher":"https:\/\/www.facebook.com\/dicodusport","article_published_time":"2025-01-26T18:14:14+00:00","article_modified_time":"2025-04-03T12:25:11+00:00","og_image":[{"width":1200,"height":674,"url":"https:\/\/dicodusport.fr\/blog\/wp-content\/uploads\/2025\/01\/Ski-Alpinisme-Comapedrosa-Emily-Harrop-et-Pablo-Giner-en-argent-sur-le-relais-mixte.png","type":"image\/png"}],"author":"Maxime Cazenave","twitter_card":"summary_large_image","twitter_title":"Ski Alpinisme Comapedrosa : Emily Harrop et Pablo Giner en argent sur le relais mixte","twitter_creator":"@https:\/\/twitter.com\/Maxime_Caze","twitter_site":"@dicodusport","schema":{"@context":"https:\/\/schema.org","@graph":[{"@type":"NewsArticle","@id":"https:\/\/dicodusport.fr\/blog\/ski-alpinisme-comapedrosa-emily-harrop-et-pablo-giner-en-argent-sur-le-relais-mixte\/#article","isPartOf":{"@id":"https:\/\/dicodusport.fr\/blog\/ski-alpinisme-comapedrosa-emily-harrop-et-pablo-giner-en-argent-sur-le-relais-mixte\/"},"author":{"name":"Maxime Cazenave","@id":"https:\/\/dicodusport.fr\/blog\/#\/schema\/person\/37def232098a7a5cbab3974a3690abb0"},"headline":"Ski Alpinisme Comapedrosa : Emily Harrop et Pablo Giner en argent sur le relais mixte","datePublished":"2025-01-26T18:14:14+00:00","dateModified":"2025-04-03T12:25:11+00:00","mainEntityOfPage":{"@id":"https:\/\/dicodusport.fr\/blog\/ski-alpinisme-comapedrosa-emily-harrop-et-pablo-giner-en-argent-sur-le-relais-mixte\/"},"wordCount":375,"commentCount":0,"publisher":{"@id":"https:\/\/dicodusport.fr\/blog\/#organization"},"image":{"@id":"https:\/\/dicodusport.fr\/blog\/ski-alpinisme-comapedrosa-emily-harrop-et-pablo-giner-en-argent-sur-le-relais-mixte\/#primaryimage"},"thumbnailUrl":"https:\/\/dicodusport.fr\/blog\/wp-content\/uploads\/2025\/01\/Ski-Alpinisme-Comapedrosa-Emily-Harrop-et-Pablo-Giner-en-argent-sur-le-relais-mixte.png","keywords":["br\u00e8ve","Coupe du monde ski alpinisme","Courchevel","Emily Harrop","Pablo Giner","Ski alpinisme"],"articleSection":["Ski alpinisme"],"inLanguage":"fr-FR","potentialAction":[{"@type":"CommentAction","name":"Comment","target":["https:\/\/dicodusport.fr\/blog\/ski-alpinisme-comapedrosa-emily-harrop-et-pablo-giner-en-argent-sur-le-relais-mixte\/#respond"]}],"copyrightYear":"2025","copyrightHolder":{"@id":"https:\/\/dicodusport.fr\/blog\/#organization"}},{"@type":"WebPage","@id":"https:\/\/dicodusport.fr\/blog\/ski-alpinisme-comapedrosa-emily-harrop-et-pablo-giner-en-argent-sur-le-relais-mixte\/","url":"https:\/\/dicodusport.fr\/blog\/ski-alpinisme-comapedrosa-emily-harrop-et-pablo-giner-en-argent-sur-le-relais-mixte\/","name":"Ski Alpinisme Comapedrosa : Emily Harrop et Pablo Giner en argent sur le relais mixte","isPartOf":{"@id":"https:\/\/dicodusport.fr\/blog\/#website"},"primaryImageOfPage":{"@id":"https:\/\/dicodusport.fr\/blog\/ski-alpinisme-comapedrosa-emily-harrop-et-pablo-giner-en-argent-sur-le-relais-mixte\/#primaryimage"},"image":{"@id":"https:\/\/dicodusport.fr\/blog\/ski-alpinisme-comapedrosa-emily-harrop-et-pablo-giner-en-argent-sur-le-relais-mixte\/#primaryimage"},"thumbnailUrl":"https:\/\/dicodusport.fr\/blog\/wp-content\/uploads\/2025\/01\/Ski-Alpinisme-Comapedrosa-Emily-Harrop-et-Pablo-Giner-en-argent-sur-le-relais-mixte.png","datePublished":"2025-01-26T18:14:14+00:00","dateModified":"2025-04-03T12:25:11+00:00","description":"COUPE DU MONDE SKI ALPINISME - Emily Harrop et Pablo Giner ont pris la 2e place du relais mixte de Comapedrosa.","breadcrumb":{"@id":"https:\/\/dicodusport.fr\/blog\/ski-alpinisme-comapedrosa-emily-harrop-et-pablo-giner-en-argent-sur-le-relais-mixte\/#breadcrumb"},"inLanguage":"fr-FR","potentialAction":[{"@type":"ReadAction","target":["https:\/\/dicodusport.fr\/blog\/ski-alpinisme-comapedrosa-emily-harrop-et-pablo-giner-en-argent-sur-le-relais-mixte\/"]}]},{"@type":"ImageObject","inLanguage":"fr-FR","@id":"https:\/\/dicodusport.fr\/blog\/ski-alpinisme-comapedrosa-emily-harrop-et-pablo-giner-en-argent-sur-le-relais-mixte\/#primaryimage","url":"https:\/\/dicodusport.fr\/blog\/wp-content\/uploads\/2025\/01\/Ski-Alpinisme-Comapedrosa-Emily-Harrop-et-Pablo-Giner-en-argent-sur-le-relais-mixte.png","contentUrl":"https:\/\/dicodusport.fr\/blog\/wp-content\/uploads\/2025\/01\/Ski-Alpinisme-Comapedrosa-Emily-Harrop-et-Pablo-Giner-en-argent-sur-le-relais-mixte.png","width":1200,"height":674,"caption":"Ski Alpinisme Comapedrosa : Emily Harrop et Pablo Giner en argent sur le relais mixte"},{"@type":"BreadcrumbList","@id":"https:\/\/dicodusport.fr\/blog\/ski-alpinisme-comapedrosa-emily-harrop-et-pablo-giner-en-argent-sur-le-relais-mixte\/#breadcrumb","itemListElement":[{"@type":"ListItem","position":1,"name":"Accueil","item":"https:\/\/dicodusport.fr\/blog\/"},{"@type":"ListItem","position":2,"name":"Ski Alpinisme Comapedrosa : Emily Harrop et Pablo Giner en argent sur le relais mixte"}]},{"@type":"WebSite","@id":"https:\/\/dicodusport.fr\/blog\/#website","url":"https:\/\/dicodusport.fr\/blog\/","name":"Dicodusport","description":"L&#039;encyclop\u00e9die de l&#039;actualit\u00e9 sportive","publisher":{"@id":"https:\/\/dicodusport.fr\/blog\/#organization"},"potentialAction":[{"@type":"SearchAction","target":{"@type":"EntryPoint","urlTemplate":"https:\/\/dicodusport.fr\/blog\/?s={search_term_string}"},"query-input":{"@type":"PropertyValueSpecification","valueRequired":true,"valueName":"search_term_string"}}],"inLanguage":"fr-FR"},{"@type":"NewsMediaOrganization","@id":"https:\/\/dicodusport.fr\/blog\/#organization","name":"Dicodusport","url":"https:\/\/dicodusport.fr\/blog\/","logo":{"@type":"ImageObject","inLanguage":"fr-FR","@id":"https:\/\/dicodusport.fr\/blog\/#\/schema\/logo\/image\/","url":"https:\/\/dicodusport.fr\/blog\/wp-content\/uploads\/2020\/06\/cropped-LOGO-DICODUSPORT-2020-SANS-FOND-SANS-TEXTE.png","contentUrl":"https:\/\/dicodusport.fr\/blog\/wp-content\/uploads\/2020\/06\/cropped-LOGO-DICODUSPORT-2020-SANS-FOND-SANS-TEXTE.png","width":512,"height":512,"caption":"Dicodusport"},"image":{"@id":"https:\/\/dicodusport.fr\/blog\/#\/schema\/logo\/image\/"},"sameAs":["https:\/\/www.facebook.com\/dicodusport","https:\/\/x.com\/dicodusport","https:\/\/www.instagram.com\/dicodusport\/","https:\/\/www.youtube.com\/channel\/UC7V2KZ5sd3htJivAbA4ZG3w"],"description":"Dicodusport est l'encyclop\u00e9die de l'actualit\u00e9 sportive.","email":"bonjour@dicodusport.fr","legalName":"DICODUSPORT","foundingDate":"2018-01-14","vatID":"FR71834470973","taxID":"83447097300043","numberOfEmployees":{"@type":"QuantitativeValue","minValue":"1","maxValue":"10"}},{"@type":"Person","@id":"https:\/\/dicodusport.fr\/blog\/#\/schema\/person\/37def232098a7a5cbab3974a3690abb0","name":"Maxime Cazenave","image":{"@type":"ImageObject","inLanguage":"fr-FR","@id":"https:\/\/dicodusport.fr\/blog\/#\/schema\/person\/image\/","url":"https:\/\/dicodusport.fr\/blog\/wp-content\/uploads\/2021\/05\/Maxime-Cazenave-150x150.jpg","contentUrl":"https:\/\/dicodusport.fr\/blog\/wp-content\/uploads\/2021\/05\/Maxime-Cazenave-150x150.jpg","caption":"Maxime Cazenave"},"description":"Journaliste\/R\u00e9dacteur depuis 2012 - Berc\u00e9 par l\u2019amour des Girondins de Bordeaux, les \u00e9checs de Christophe Moreau sur le Tour de France sous l'\u00e8re Lance Armstrong et le fade-away l\u00e9tal de Dirk Nowitzki, ma passion d\u00e9vorante pour le sport a toujours \u00e9t\u00e9 un pan incontournable de ma vie. Transmettre ma passion \u00e0 l\u2019\u00e9crit a \u00e9t\u00e9 une transition naturelle. Suiveur assidu de basket et de hockey sur glace, je garde toujours un peu de place pour suivre le cyclisme, le football et le maximum de performances fran\u00e7aises.","sameAs":["https:\/\/x.com\/https:\/\/twitter.com\/Maxime_Caze"],"url":"https:\/\/dicodusport.fr\/blog\/author\/maximec\/"}]}},"_links":{"self":[{"href":"https:\/\/dicodusport.fr\/blog\/wp-json\/wp\/v2\/posts\/550344","targetHints":{"allow":["GET"]}}],"collection":[{"href":"https:\/\/dicodusport.fr\/blog\/wp-json\/wp\/v2\/posts"}],"about":[{"href":"https:\/\/dicodusport.fr\/blog\/wp-json\/wp\/v2\/types\/post"}],"author":[{"embeddable":true,"href":"https:\/\/dicodusport.fr\/blog\/wp-json\/wp\/v2\/users\/55"}],"replies":[{"embeddable":true,"href":"https:\/\/dicodusport.fr\/blog\/wp-json\/wp\/v2\/comments?post=550344"}],"version-history":[{"count":2,"href":"https:\/\/dicodusport.fr\/blog\/wp-json\/wp\/v2\/posts\/550344\/revisions"}],"predecessor-version":[{"id":550347,"href":"https:\/\/dicodusport.fr\/blog\/wp-json\/wp\/v2\/posts\/550344\/revisions\/550347"}],"wp:featuredmedia":[{"embeddable":true,"href":"https:\/\/dicodusport.fr\/blog\/wp-json\/wp\/v2\/media\/550345"}],"wp:attachment":[{"href":"https:\/\/dicodusport.fr\/blog\/wp-json\/wp\/v2\/media?parent=550344"}],"wp:term":[{"taxonomy":"category","embeddable":true,"href":"https:\/\/dicodusport.fr\/blog\/wp-json\/wp\/v2\/categories?post=550344"},{"taxonomy":"post_tag","embeddable":true,"href":"https:\/\/dicodusport.fr\/blog\/wp-json\/wp\/v2\/tags?post=550344"}],"curies":[{"name":"wp","href":"https:\/\/api.w.org\/{rel}","templated":true}]}}