{"id":550361,"date":"2025-01-26T20:43:11","date_gmt":"2025-01-26T19:43:11","guid":{"rendered":"https:\/\/dicodusport.fr\/blog\/?p=550361&#038;preview=true&#038;preview_id=550361"},"modified":"2025-01-26T20:43:11","modified_gmt":"2025-01-26T19:43:11","slug":"ice-climbing-les-freres-ladevant-soffrent-un-double-en-coupe-du-monde-en-suisse","status":"publish","type":"post","link":"https:\/\/dicodusport.fr\/blog\/ice-climbing-les-freres-ladevant-soffrent-un-double-en-coupe-du-monde-en-suisse\/","title":{"rendered":"Ice climbing : Les fr\u00e8res Ladevant s&rsquo;offrent un doubl\u00e9 en Coupe du monde en Suisse"},"content":{"rendered":"<h4 style=\"text-align: justify;\"><em>COUPE DU MONDE D&rsquo;ICE CLIMBING &#8211; Grands sp\u00e9cialistes de la discipline, Louna Ladevant et Tristan Ladevant ont fait le doubl\u00e9 sur l&rsquo;\u00e9preuve de difficult\u00e9 \u00e0 Saas-Fee.\u00a0<\/em><\/h4>\n<p style=\"text-align: justify;\">L&rsquo;ice climbing, comme son nom l&rsquo;indique, c&rsquo;est de l&rsquo;escalade sur glace. Une discipline atypique dans laquelle les Bleus sont performants, et en particulier <strong>Louna Ladevant<\/strong>. Double vainqueur du classement g\u00e9n\u00e9ral de la Coupe du monde, en 2020 et 2023, il compte de nombreux succ\u00e8s en carri\u00e8re, notamment un titre de champion du monde en 2022. \u00c0 24 ans, il est donc parmi les meilleurs de la discipline. Un statut qu&rsquo;il a entretenu encore une fois ce weekend en Suisse, \u00e0 Saas-Fee.<\/p>\n<p style=\"text-align: justify;\">Sur l&rsquo;\u00e9preuve de difficult\u00e9, il a survol\u00e9 la comp\u00e9tition en \u00e9tant le seul \u00e0 compl\u00e9ter la voie \u00e0 la fois en demi-finale et en finale. Une performance sans fausse note, qui s&rsquo;accompagne d&rsquo;une deuxi\u00e8me place pour son fr\u00e8re, <strong>Tristan Ladevant<\/strong>. Les \u00ab\u00a0fr\u00e8res Ladevant\u00a0\u00bb, comme ils sont surnomm\u00e9s, sont encore une fois grands vainqueurs et la principale force de l&rsquo;ice climbing en France, puisqu&rsquo;hormis eux, il n&rsquo;y a que <strong>St\u00e9phanie Maureau<\/strong> qui a \u00e9t\u00e9 m\u00e9daill\u00e9e mondiale chez les Bleus.<br \/>\n<iframe loading=\"lazy\" title=\"YouTube video player\" src=\"https:\/\/www.youtube.com\/embed\/wesiBas8NTo?si=62o-gG4qzW5K8eoN\" width=\"560\" height=\"315\" frameborder=\"0\" allowfullscreen=\"allowfullscreen\"><\/iframe><\/p>\n","protected":false},"excerpt":{"rendered":"<p>COUPE DU MONDE D&rsquo;ICE CLIMBING &#8211; Grands sp\u00e9cialistes de la discipline, Louna Ladevant et Tristan Ladevant ont fait le doubl\u00e9 sur l&rsquo;\u00e9preuve de difficult\u00e9 \u00e0 Saas-Fee.\u00a0<\/p>\n","protected":false},"author":59,"featured_media":550365,"comment_status":"open","ping_status":"closed","sticky":false,"template":"","format":"standard","meta":{"_acf_changed":false,"_daextam_enable_autolinks":"1","footnotes":""},"categories":[10930,2313],"tags":[32415,16878],"class_list":["post-550361","post","type-post","status-publish","format-standard","has-post-thumbnail","hentry","category-escalade","category-sports-dhiver","tag-actu","tag-breve"],"acf":[],"yoast_head":"<!-- This site is optimized with the Yoast SEO Premium plugin v26.7 (Yoast SEO v26.7) - https:\/\/yoast.com\/wordpress\/plugins\/seo\/ -->\n<title>Ice climbing : Les fr\u00e8res Ladevant s&#039;offrent un doubl\u00e9 en Coupe du monde en Suisse<\/title>\n<meta name=\"description\" content=\"COUPE DU MONDE D&#039;ICE CLIMBING - Grands sp\u00e9cialistes de la discipline, Louna Ladevant et Tristan Ladevant ont fait le doubl\u00e9 sur l&#039;\u00e9preuve de difficult\u00e9 \u00e0 Saas-Fee.\u00a0\" \/>\n<meta name=\"robots\" content=\"index, follow, max-snippet:-1, max-image-preview:large, max-video-preview:-1\" \/>\n<link rel=\"canonical\" href=\"https:\/\/dicodusport.fr\/blog\/ice-climbing-les-freres-ladevant-soffrent-un-double-en-coupe-du-monde-en-suisse\/\" \/>\n<meta property=\"og:locale\" content=\"fr_FR\" \/>\n<meta property=\"og:type\" content=\"article\" \/>\n<meta property=\"og:title\" content=\"Ice climbing : Les fr\u00e8res Ladevant s&#039;offrent un doubl\u00e9 en Coupe du monde en Suisse\" \/>\n<meta property=\"og:description\" content=\"COUPE DU MONDE D&#039;ICE CLIMBING - Grands sp\u00e9cialistes de la discipline, Louna Ladevant et Tristan Ladevant ont fait le doubl\u00e9 sur l&#039;\u00e9preuve de difficult\u00e9 \u00e0 Saas-Fee.\u00a0\" \/>\n<meta property=\"og:url\" content=\"https:\/\/dicodusport.fr\/blog\/ice-climbing-les-freres-ladevant-soffrent-un-double-en-coupe-du-monde-en-suisse\/\" \/>\n<meta property=\"og:site_name\" content=\"Dicodusport\" \/>\n<meta property=\"article:publisher\" content=\"https:\/\/www.facebook.com\/dicodusport\" \/>\n<meta property=\"article:author\" content=\"https:\/\/www.facebook.com\/sebastien.gente\/\" \/>\n<meta property=\"article:published_time\" content=\"2025-01-26T19:43:11+00:00\" \/>\n<meta property=\"og:image\" content=\"https:\/\/dicodusport.fr\/blog\/wp-content\/uploads\/2025\/01\/Ice-climbing-Les-freres-Ladevant-soffrent-un-double-en-Coupe-du-monde-en-Suisse.png\" \/>\n\t<meta property=\"og:image:width\" content=\"1200\" \/>\n\t<meta property=\"og:image:height\" content=\"674\" \/>\n\t<meta property=\"og:image:type\" content=\"image\/png\" \/>\n<meta name=\"author\" content=\"S\u00e9bastien Gente\" \/>\n<meta name=\"twitter:card\" content=\"summary_large_image\" \/>\n<meta name=\"twitter:title\" content=\"Ice climbing : Les fr\u00e8res Ladevant s&#039;offrent un doubl\u00e9 en Coupe du monde en Suisse\" \/>\n<meta name=\"twitter:creator\" content=\"@https:\/\/twitter.com\/globulo24\" \/>\n<meta name=\"twitter:site\" content=\"@dicodusport\" \/>\n<script type=\"application\/ld+json\" class=\"yoast-schema-graph\">{\"@context\":\"https:\/\/schema.org\",\"@graph\":[{\"@type\":\"NewsArticle\",\"@id\":\"https:\/\/dicodusport.fr\/blog\/ice-climbing-les-freres-ladevant-soffrent-un-double-en-coupe-du-monde-en-suisse\/#article\",\"isPartOf\":{\"@id\":\"https:\/\/dicodusport.fr\/blog\/ice-climbing-les-freres-ladevant-soffrent-un-double-en-coupe-du-monde-en-suisse\/\"},\"author\":{\"name\":\"S\u00e9bastien Gente\",\"@id\":\"https:\/\/dicodusport.fr\/blog\/#\/schema\/person\/627966a6cde45dbd8c5e36ac85d783da\"},\"headline\":\"Ice climbing : Les fr\u00e8res Ladevant s&rsquo;offrent un doubl\u00e9 en Coupe du monde en Suisse\",\"datePublished\":\"2025-01-26T19:43:11+00:00\",\"mainEntityOfPage\":{\"@id\":\"https:\/\/dicodusport.fr\/blog\/ice-climbing-les-freres-ladevant-soffrent-un-double-en-coupe-du-monde-en-suisse\/\"},\"wordCount\":219,\"commentCount\":0,\"publisher\":{\"@id\":\"https:\/\/dicodusport.fr\/blog\/#organization\"},\"image\":{\"@id\":\"https:\/\/dicodusport.fr\/blog\/ice-climbing-les-freres-ladevant-soffrent-un-double-en-coupe-du-monde-en-suisse\/#primaryimage\"},\"thumbnailUrl\":\"https:\/\/dicodusport.fr\/blog\/wp-content\/uploads\/2025\/01\/Ice-climbing-Les-freres-Ladevant-soffrent-un-double-en-Coupe-du-monde-en-Suisse.png\",\"keywords\":[\"actu\",\"br\u00e8ve\"],\"articleSection\":[\"Escalade\",\"Sports d'hiver\"],\"inLanguage\":\"fr-FR\",\"potentialAction\":[{\"@type\":\"CommentAction\",\"name\":\"Comment\",\"target\":[\"https:\/\/dicodusport.fr\/blog\/ice-climbing-les-freres-ladevant-soffrent-un-double-en-coupe-du-monde-en-suisse\/#respond\"]}],\"copyrightYear\":\"2025\",\"copyrightHolder\":{\"@id\":\"https:\/\/dicodusport.fr\/blog\/#organization\"}},{\"@type\":\"WebPage\",\"@id\":\"https:\/\/dicodusport.fr\/blog\/ice-climbing-les-freres-ladevant-soffrent-un-double-en-coupe-du-monde-en-suisse\/\",\"url\":\"https:\/\/dicodusport.fr\/blog\/ice-climbing-les-freres-ladevant-soffrent-un-double-en-coupe-du-monde-en-suisse\/\",\"name\":\"Ice climbing : Les fr\u00e8res Ladevant s'offrent un doubl\u00e9 en Coupe du monde en Suisse\",\"isPartOf\":{\"@id\":\"https:\/\/dicodusport.fr\/blog\/#website\"},\"primaryImageOfPage\":{\"@id\":\"https:\/\/dicodusport.fr\/blog\/ice-climbing-les-freres-ladevant-soffrent-un-double-en-coupe-du-monde-en-suisse\/#primaryimage\"},\"image\":{\"@id\":\"https:\/\/dicodusport.fr\/blog\/ice-climbing-les-freres-ladevant-soffrent-un-double-en-coupe-du-monde-en-suisse\/#primaryimage\"},\"thumbnailUrl\":\"https:\/\/dicodusport.fr\/blog\/wp-content\/uploads\/2025\/01\/Ice-climbing-Les-freres-Ladevant-soffrent-un-double-en-Coupe-du-monde-en-Suisse.png\",\"datePublished\":\"2025-01-26T19:43:11+00:00\",\"description\":\"COUPE DU MONDE D'ICE CLIMBING - Grands sp\u00e9cialistes de la discipline, Louna Ladevant et Tristan Ladevant ont fait le doubl\u00e9 sur l'\u00e9preuve de difficult\u00e9 \u00e0 Saas-Fee.\u00a0\",\"breadcrumb\":{\"@id\":\"https:\/\/dicodusport.fr\/blog\/ice-climbing-les-freres-ladevant-soffrent-un-double-en-coupe-du-monde-en-suisse\/#breadcrumb\"},\"inLanguage\":\"fr-FR\",\"potentialAction\":[{\"@type\":\"ReadAction\",\"target\":[\"https:\/\/dicodusport.fr\/blog\/ice-climbing-les-freres-ladevant-soffrent-un-double-en-coupe-du-monde-en-suisse\/\"]}]},{\"@type\":\"ImageObject\",\"inLanguage\":\"fr-FR\",\"@id\":\"https:\/\/dicodusport.fr\/blog\/ice-climbing-les-freres-ladevant-soffrent-un-double-en-coupe-du-monde-en-suisse\/#primaryimage\",\"url\":\"https:\/\/dicodusport.fr\/blog\/wp-content\/uploads\/2025\/01\/Ice-climbing-Les-freres-Ladevant-soffrent-un-double-en-Coupe-du-monde-en-Suisse.png\",\"contentUrl\":\"https:\/\/dicodusport.fr\/blog\/wp-content\/uploads\/2025\/01\/Ice-climbing-Les-freres-Ladevant-soffrent-un-double-en-Coupe-du-monde-en-Suisse.png\",\"width\":1200,\"height\":674,\"caption\":\"Ice climbing Les fr\u00e8res Ladevant s'offrent un doubl\u00e9 en Coupe du monde en Suisse\"},{\"@type\":\"BreadcrumbList\",\"@id\":\"https:\/\/dicodusport.fr\/blog\/ice-climbing-les-freres-ladevant-soffrent-un-double-en-coupe-du-monde-en-suisse\/#breadcrumb\",\"itemListElement\":[{\"@type\":\"ListItem\",\"position\":1,\"name\":\"Accueil\",\"item\":\"https:\/\/dicodusport.fr\/blog\/\"},{\"@type\":\"ListItem\",\"position\":2,\"name\":\"Ice climbing : Les fr\u00e8res Ladevant s&#8217;offrent un doubl\u00e9 en Coupe du monde en Suisse\"}]},{\"@type\":\"WebSite\",\"@id\":\"https:\/\/dicodusport.fr\/blog\/#website\",\"url\":\"https:\/\/dicodusport.fr\/blog\/\",\"name\":\"Dicodusport\",\"description\":\"L&#039;encyclop\u00e9die de l&#039;actualit\u00e9 sportive\",\"publisher\":{\"@id\":\"https:\/\/dicodusport.fr\/blog\/#organization\"},\"potentialAction\":[{\"@type\":\"SearchAction\",\"target\":{\"@type\":\"EntryPoint\",\"urlTemplate\":\"https:\/\/dicodusport.fr\/blog\/?s={search_term_string}\"},\"query-input\":{\"@type\":\"PropertyValueSpecification\",\"valueRequired\":true,\"valueName\":\"search_term_string\"}}],\"inLanguage\":\"fr-FR\"},{\"@type\":\"NewsMediaOrganization\",\"@id\":\"https:\/\/dicodusport.fr\/blog\/#organization\",\"name\":\"Dicodusport\",\"url\":\"https:\/\/dicodusport.fr\/blog\/\",\"logo\":{\"@type\":\"ImageObject\",\"inLanguage\":\"fr-FR\",\"@id\":\"https:\/\/dicodusport.fr\/blog\/#\/schema\/logo\/image\/\",\"url\":\"https:\/\/dicodusport.fr\/blog\/wp-content\/uploads\/2020\/06\/cropped-LOGO-DICODUSPORT-2020-SANS-FOND-SANS-TEXTE.png\",\"contentUrl\":\"https:\/\/dicodusport.fr\/blog\/wp-content\/uploads\/2020\/06\/cropped-LOGO-DICODUSPORT-2020-SANS-FOND-SANS-TEXTE.png\",\"width\":512,\"height\":512,\"caption\":\"Dicodusport\"},\"image\":{\"@id\":\"https:\/\/dicodusport.fr\/blog\/#\/schema\/logo\/image\/\"},\"sameAs\":[\"https:\/\/www.facebook.com\/dicodusport\",\"https:\/\/x.com\/dicodusport\",\"https:\/\/www.instagram.com\/dicodusport\/\",\"https:\/\/www.youtube.com\/channel\/UC7V2KZ5sd3htJivAbA4ZG3w\"],\"description\":\"Dicodusport est l'encyclop\u00e9die de l'actualit\u00e9 sportive.\",\"email\":\"bonjour@dicodusport.fr\",\"legalName\":\"DICODUSPORT\",\"foundingDate\":\"2018-01-14\",\"vatID\":\"FR71834470973\",\"taxID\":\"83447097300043\",\"numberOfEmployees\":{\"@type\":\"QuantitativeValue\",\"minValue\":\"1\",\"maxValue\":\"10\"}},{\"@type\":\"Person\",\"@id\":\"https:\/\/dicodusport.fr\/blog\/#\/schema\/person\/627966a6cde45dbd8c5e36ac85d783da\",\"name\":\"S\u00e9bastien Gente\",\"image\":{\"@type\":\"ImageObject\",\"inLanguage\":\"fr-FR\",\"@id\":\"https:\/\/dicodusport.fr\/blog\/#\/schema\/person\/image\/\",\"url\":\"https:\/\/dicodusport.fr\/blog\/wp-content\/uploads\/2021\/09\/1510990_10205810251400683_4124423575079401707_n-150x150.jpg\",\"contentUrl\":\"https:\/\/dicodusport.fr\/blog\/wp-content\/uploads\/2021\/09\/1510990_10205810251400683_4124423575079401707_n-150x150.jpg\",\"caption\":\"S\u00e9bastien Gente\"},\"description\":\"John Stockton, Gianni Bugno, Zinedine Zidane, Steffi Graf, Frode Andresen, St\u00e9phane Stoecklin, Davis Kamoga, Primoz Peterka, Werner Schlager et Aur\u00e9lien Rougerie. Point commun entre ces sportifs? Ils m'ont fait r\u00eaver et ont berc\u00e9 mon adolescence. Je suis un fondu de sports et j'essaie de retranscrire ma passion \u00e0 travers mes articles. Originaire du P\u00e9rigord, ma passion pour les Girondins, les Jaunards et les Jazzmen transpire dans mes \u00e9crits. \u00c0 Dicodusport depuis 2021, je d\u00e9niche les sports m\u00e9connus dans lesquels la France brille, et il y en a !\",\"sameAs\":[\"https:\/\/www.facebook.com\/sebastien.gente\/\",\"https:\/\/www.instagram.com\/sebgente\/\",\"https:\/\/www.linkedin.com\/in\/sbastien-gente-a29583169\/\",\"https:\/\/x.com\/https:\/\/twitter.com\/globulo24\",\"SebastienGente\"],\"worksFor\":\"S\u00e9bastien GENTE\",\"url\":\"https:\/\/dicodusport.fr\/blog\/author\/sebastiengente\/\"}]}<\/script>\n<!-- \/ Yoast SEO Premium plugin. -->","yoast_head_json":{"title":"Ice climbing : Les fr\u00e8res Ladevant s'offrent un doubl\u00e9 en Coupe du monde en Suisse","description":"COUPE DU MONDE D'ICE CLIMBING - Grands sp\u00e9cialistes de la discipline, Louna Ladevant et Tristan Ladevant ont fait le doubl\u00e9 sur l'\u00e9preuve de difficult\u00e9 \u00e0 Saas-Fee.\u00a0","robots":{"index":"index","follow":"follow","max-snippet":"max-snippet:-1","max-image-preview":"max-image-preview:large","max-video-preview":"max-video-preview:-1"},"canonical":"https:\/\/dicodusport.fr\/blog\/ice-climbing-les-freres-ladevant-soffrent-un-double-en-coupe-du-monde-en-suisse\/","og_locale":"fr_FR","og_type":"article","og_title":"Ice climbing : Les fr\u00e8res Ladevant s'offrent un doubl\u00e9 en Coupe du monde en Suisse","og_description":"COUPE DU MONDE D'ICE CLIMBING - Grands sp\u00e9cialistes de la discipline, Louna Ladevant et Tristan Ladevant ont fait le doubl\u00e9 sur l'\u00e9preuve de difficult\u00e9 \u00e0 Saas-Fee.\u00a0","og_url":"https:\/\/dicodusport.fr\/blog\/ice-climbing-les-freres-ladevant-soffrent-un-double-en-coupe-du-monde-en-suisse\/","og_site_name":"Dicodusport","article_publisher":"https:\/\/www.facebook.com\/dicodusport","article_author":"https:\/\/www.facebook.com\/sebastien.gente\/","article_published_time":"2025-01-26T19:43:11+00:00","og_image":[{"width":1200,"height":674,"url":"https:\/\/dicodusport.fr\/blog\/wp-content\/uploads\/2025\/01\/Ice-climbing-Les-freres-Ladevant-soffrent-un-double-en-Coupe-du-monde-en-Suisse.png","type":"image\/png"}],"author":"S\u00e9bastien Gente","twitter_card":"summary_large_image","twitter_title":"Ice climbing : Les fr\u00e8res Ladevant s'offrent un doubl\u00e9 en Coupe du monde en Suisse","twitter_creator":"@https:\/\/twitter.com\/globulo24","twitter_site":"@dicodusport","schema":{"@context":"https:\/\/schema.org","@graph":[{"@type":"NewsArticle","@id":"https:\/\/dicodusport.fr\/blog\/ice-climbing-les-freres-ladevant-soffrent-un-double-en-coupe-du-monde-en-suisse\/#article","isPartOf":{"@id":"https:\/\/dicodusport.fr\/blog\/ice-climbing-les-freres-ladevant-soffrent-un-double-en-coupe-du-monde-en-suisse\/"},"author":{"name":"S\u00e9bastien Gente","@id":"https:\/\/dicodusport.fr\/blog\/#\/schema\/person\/627966a6cde45dbd8c5e36ac85d783da"},"headline":"Ice climbing : Les fr\u00e8res Ladevant s&rsquo;offrent un doubl\u00e9 en Coupe du monde en Suisse","datePublished":"2025-01-26T19:43:11+00:00","mainEntityOfPage":{"@id":"https:\/\/dicodusport.fr\/blog\/ice-climbing-les-freres-ladevant-soffrent-un-double-en-coupe-du-monde-en-suisse\/"},"wordCount":219,"commentCount":0,"publisher":{"@id":"https:\/\/dicodusport.fr\/blog\/#organization"},"image":{"@id":"https:\/\/dicodusport.fr\/blog\/ice-climbing-les-freres-ladevant-soffrent-un-double-en-coupe-du-monde-en-suisse\/#primaryimage"},"thumbnailUrl":"https:\/\/dicodusport.fr\/blog\/wp-content\/uploads\/2025\/01\/Ice-climbing-Les-freres-Ladevant-soffrent-un-double-en-Coupe-du-monde-en-Suisse.png","keywords":["actu","br\u00e8ve"],"articleSection":["Escalade","Sports d'hiver"],"inLanguage":"fr-FR","potentialAction":[{"@type":"CommentAction","name":"Comment","target":["https:\/\/dicodusport.fr\/blog\/ice-climbing-les-freres-ladevant-soffrent-un-double-en-coupe-du-monde-en-suisse\/#respond"]}],"copyrightYear":"2025","copyrightHolder":{"@id":"https:\/\/dicodusport.fr\/blog\/#organization"}},{"@type":"WebPage","@id":"https:\/\/dicodusport.fr\/blog\/ice-climbing-les-freres-ladevant-soffrent-un-double-en-coupe-du-monde-en-suisse\/","url":"https:\/\/dicodusport.fr\/blog\/ice-climbing-les-freres-ladevant-soffrent-un-double-en-coupe-du-monde-en-suisse\/","name":"Ice climbing : Les fr\u00e8res Ladevant s'offrent un doubl\u00e9 en Coupe du monde en Suisse","isPartOf":{"@id":"https:\/\/dicodusport.fr\/blog\/#website"},"primaryImageOfPage":{"@id":"https:\/\/dicodusport.fr\/blog\/ice-climbing-les-freres-ladevant-soffrent-un-double-en-coupe-du-monde-en-suisse\/#primaryimage"},"image":{"@id":"https:\/\/dicodusport.fr\/blog\/ice-climbing-les-freres-ladevant-soffrent-un-double-en-coupe-du-monde-en-suisse\/#primaryimage"},"thumbnailUrl":"https:\/\/dicodusport.fr\/blog\/wp-content\/uploads\/2025\/01\/Ice-climbing-Les-freres-Ladevant-soffrent-un-double-en-Coupe-du-monde-en-Suisse.png","datePublished":"2025-01-26T19:43:11+00:00","description":"COUPE DU MONDE D'ICE CLIMBING - Grands sp\u00e9cialistes de la discipline, Louna Ladevant et Tristan Ladevant ont fait le doubl\u00e9 sur l'\u00e9preuve de difficult\u00e9 \u00e0 Saas-Fee.\u00a0","breadcrumb":{"@id":"https:\/\/dicodusport.fr\/blog\/ice-climbing-les-freres-ladevant-soffrent-un-double-en-coupe-du-monde-en-suisse\/#breadcrumb"},"inLanguage":"fr-FR","potentialAction":[{"@type":"ReadAction","target":["https:\/\/dicodusport.fr\/blog\/ice-climbing-les-freres-ladevant-soffrent-un-double-en-coupe-du-monde-en-suisse\/"]}]},{"@type":"ImageObject","inLanguage":"fr-FR","@id":"https:\/\/dicodusport.fr\/blog\/ice-climbing-les-freres-ladevant-soffrent-un-double-en-coupe-du-monde-en-suisse\/#primaryimage","url":"https:\/\/dicodusport.fr\/blog\/wp-content\/uploads\/2025\/01\/Ice-climbing-Les-freres-Ladevant-soffrent-un-double-en-Coupe-du-monde-en-Suisse.png","contentUrl":"https:\/\/dicodusport.fr\/blog\/wp-content\/uploads\/2025\/01\/Ice-climbing-Les-freres-Ladevant-soffrent-un-double-en-Coupe-du-monde-en-Suisse.png","width":1200,"height":674,"caption":"Ice climbing Les fr\u00e8res Ladevant s'offrent un doubl\u00e9 en Coupe du monde en Suisse"},{"@type":"BreadcrumbList","@id":"https:\/\/dicodusport.fr\/blog\/ice-climbing-les-freres-ladevant-soffrent-un-double-en-coupe-du-monde-en-suisse\/#breadcrumb","itemListElement":[{"@type":"ListItem","position":1,"name":"Accueil","item":"https:\/\/dicodusport.fr\/blog\/"},{"@type":"ListItem","position":2,"name":"Ice climbing : Les fr\u00e8res Ladevant s&#8217;offrent un doubl\u00e9 en Coupe du monde en Suisse"}]},{"@type":"WebSite","@id":"https:\/\/dicodusport.fr\/blog\/#website","url":"https:\/\/dicodusport.fr\/blog\/","name":"Dicodusport","description":"L&#039;encyclop\u00e9die de l&#039;actualit\u00e9 sportive","publisher":{"@id":"https:\/\/dicodusport.fr\/blog\/#organization"},"potentialAction":[{"@type":"SearchAction","target":{"@type":"EntryPoint","urlTemplate":"https:\/\/dicodusport.fr\/blog\/?s={search_term_string}"},"query-input":{"@type":"PropertyValueSpecification","valueRequired":true,"valueName":"search_term_string"}}],"inLanguage":"fr-FR"},{"@type":"NewsMediaOrganization","@id":"https:\/\/dicodusport.fr\/blog\/#organization","name":"Dicodusport","url":"https:\/\/dicodusport.fr\/blog\/","logo":{"@type":"ImageObject","inLanguage":"fr-FR","@id":"https:\/\/dicodusport.fr\/blog\/#\/schema\/logo\/image\/","url":"https:\/\/dicodusport.fr\/blog\/wp-content\/uploads\/2020\/06\/cropped-LOGO-DICODUSPORT-2020-SANS-FOND-SANS-TEXTE.png","contentUrl":"https:\/\/dicodusport.fr\/blog\/wp-content\/uploads\/2020\/06\/cropped-LOGO-DICODUSPORT-2020-SANS-FOND-SANS-TEXTE.png","width":512,"height":512,"caption":"Dicodusport"},"image":{"@id":"https:\/\/dicodusport.fr\/blog\/#\/schema\/logo\/image\/"},"sameAs":["https:\/\/www.facebook.com\/dicodusport","https:\/\/x.com\/dicodusport","https:\/\/www.instagram.com\/dicodusport\/","https:\/\/www.youtube.com\/channel\/UC7V2KZ5sd3htJivAbA4ZG3w"],"description":"Dicodusport est l'encyclop\u00e9die de l'actualit\u00e9 sportive.","email":"bonjour@dicodusport.fr","legalName":"DICODUSPORT","foundingDate":"2018-01-14","vatID":"FR71834470973","taxID":"83447097300043","numberOfEmployees":{"@type":"QuantitativeValue","minValue":"1","maxValue":"10"}},{"@type":"Person","@id":"https:\/\/dicodusport.fr\/blog\/#\/schema\/person\/627966a6cde45dbd8c5e36ac85d783da","name":"S\u00e9bastien Gente","image":{"@type":"ImageObject","inLanguage":"fr-FR","@id":"https:\/\/dicodusport.fr\/blog\/#\/schema\/person\/image\/","url":"https:\/\/dicodusport.fr\/blog\/wp-content\/uploads\/2021\/09\/1510990_10205810251400683_4124423575079401707_n-150x150.jpg","contentUrl":"https:\/\/dicodusport.fr\/blog\/wp-content\/uploads\/2021\/09\/1510990_10205810251400683_4124423575079401707_n-150x150.jpg","caption":"S\u00e9bastien Gente"},"description":"John Stockton, Gianni Bugno, Zinedine Zidane, Steffi Graf, Frode Andresen, St\u00e9phane Stoecklin, Davis Kamoga, Primoz Peterka, Werner Schlager et Aur\u00e9lien Rougerie. Point commun entre ces sportifs? Ils m'ont fait r\u00eaver et ont berc\u00e9 mon adolescence. Je suis un fondu de sports et j'essaie de retranscrire ma passion \u00e0 travers mes articles. Originaire du P\u00e9rigord, ma passion pour les Girondins, les Jaunards et les Jazzmen transpire dans mes \u00e9crits. \u00c0 Dicodusport depuis 2021, je d\u00e9niche les sports m\u00e9connus dans lesquels la France brille, et il y en a !","sameAs":["https:\/\/www.facebook.com\/sebastien.gente\/","https:\/\/www.instagram.com\/sebgente\/","https:\/\/www.linkedin.com\/in\/sbastien-gente-a29583169\/","https:\/\/x.com\/https:\/\/twitter.com\/globulo24","SebastienGente"],"worksFor":"S\u00e9bastien GENTE","url":"https:\/\/dicodusport.fr\/blog\/author\/sebastiengente\/"}]}},"_links":{"self":[{"href":"https:\/\/dicodusport.fr\/blog\/wp-json\/wp\/v2\/posts\/550361","targetHints":{"allow":["GET"]}}],"collection":[{"href":"https:\/\/dicodusport.fr\/blog\/wp-json\/wp\/v2\/posts"}],"about":[{"href":"https:\/\/dicodusport.fr\/blog\/wp-json\/wp\/v2\/types\/post"}],"author":[{"embeddable":true,"href":"https:\/\/dicodusport.fr\/blog\/wp-json\/wp\/v2\/users\/59"}],"replies":[{"embeddable":true,"href":"https:\/\/dicodusport.fr\/blog\/wp-json\/wp\/v2\/comments?post=550361"}],"version-history":[{"count":1,"href":"https:\/\/dicodusport.fr\/blog\/wp-json\/wp\/v2\/posts\/550361\/revisions"}],"predecessor-version":[{"id":550366,"href":"https:\/\/dicodusport.fr\/blog\/wp-json\/wp\/v2\/posts\/550361\/revisions\/550366"}],"wp:featuredmedia":[{"embeddable":true,"href":"https:\/\/dicodusport.fr\/blog\/wp-json\/wp\/v2\/media\/550365"}],"wp:attachment":[{"href":"https:\/\/dicodusport.fr\/blog\/wp-json\/wp\/v2\/media?parent=550361"}],"wp:term":[{"taxonomy":"category","embeddable":true,"href":"https:\/\/dicodusport.fr\/blog\/wp-json\/wp\/v2\/categories?post=550361"},{"taxonomy":"post_tag","embeddable":true,"href":"https:\/\/dicodusport.fr\/blog\/wp-json\/wp\/v2\/tags?post=550361"}],"curies":[{"name":"wp","href":"https:\/\/api.w.org\/{rel}","templated":true}]}}