{"id":55042,"date":"2019-12-15T13:27:49","date_gmt":"2019-12-15T12:27:49","guid":{"rendered":"http:\/\/dicodusport.fr\/blog\/?p=55042&#038;preview=true&#038;preview_id=55042"},"modified":"2019-12-15T13:45:57","modified_gmt":"2019-12-15T12:45:57","slug":"ski-alpin-alexis-pinturault-survole-slalom-val-isere","status":"publish","type":"post","link":"https:\/\/dicodusport.fr\/blog\/ski-alpin-alexis-pinturault-survole-slalom-val-isere\/","title":{"rendered":"Ski alpin : Alexis Pinturault survole le slalom de Val d&rsquo;Is\u00e8re"},"content":{"rendered":"<p style=\"text-align: justify;\"><em><strong>Ski alpin &#8211; En d\u00e9monstration, Alexis Pinturault a enlev\u00e9 ce dimanche le slalom de Val d&rsquo;Is\u00e8re ! Le Fran\u00e7ais a coll\u00e9 pr\u00e8s d&rsquo;une seconde et demi au Su\u00e9dois Andre Myhrer, deuxi\u00e8me. Pinturault d\u00e9croche sa troisi\u00e8me victoire en Coupe du monde en slalom, la premi\u00e8re depuis la saison 2013-2014.<br \/>\n<\/strong><\/em><\/p>\n<p style=\"text-align: justify;\">Fantastique <strong>Alexis Pinturault<\/strong> ! D\u00e9j\u00e0 stratosph\u00e9rique lors de la 1\u00e8re manche, le Fran\u00e7ais a sorti un deuxi\u00e8me run de folie pour s&rsquo;adjuger le slalom de Val d&rsquo;Is\u00e8re ce dimanche. Beaucoup trop fort, le champion du monde en titre du combin\u00e9 a devanc\u00e9 le Su\u00e8dois <strong>Andre Myhrer<\/strong> de pr\u00e8s d&rsquo;une seconde et demi (+1.44). L&rsquo;Italien <strong>Stefano Gross<\/strong> (+1.47) compl\u00e8te le podium devant un <strong>Henrik Kristoffersen<\/strong> h\u00e9ro\u00efque : le Norv\u00e9gien, 27\u00e8me \u00e0 2.82 secondes de <strong>Pinturault<\/strong> \u00e0 l&rsquo;issue du premier acte, a r\u00e9alis\u00e9 le meilleur temps sur le second trac\u00e9.<\/p>\n<p style=\"text-align: justify;\">\u00c0 28 ans, le Savoyard d\u00e9croche sa <strong>24\u00e8me victoire individuelle en Coupe du monde<\/strong>, la troisi\u00e8me en slalom. C&rsquo;est surtout son deuxi\u00e8me succ\u00e8s dans la discipline sur la piste de Val d&rsquo;Is\u00e8re, apr\u00e8s le premier acquis lors de la saison 2012-2013. D\u00e9j\u00e0 vainqueur du <strong>slalom g\u00e9ant de S\u00f6lden<\/strong> en tout d\u00e9but de saison, le Tricolore s&rsquo;affirme un peu plus en candidat favori pour d\u00e9crocher le gros globe de cristal.<\/p>\n<ul>\n<li style=\"text-align: justify;\"><a href=\"http:\/\/live.fis-ski.com\/lv-al0032.htm#\/short\" target=\"_blank\" rel=\"noopener\"><strong>Le classement complet du slalom de Val d&rsquo;Is\u00e8re<\/strong><\/a><\/li>\n<\/ul>\n<blockquote class=\"twitter-tweet\">\n<p dir=\"ltr\" lang=\"fr\">POINT FAIBLE DE PINTURAULT : (BEAUCOUP) TROP FORT &#x1f60d; <a href=\"https:\/\/t.co\/CJgB3UctWP\">pic.twitter.com\/CJgB3UctWP<\/a><\/p>\n<p>\u2014 Eurosport.fr (@Eurosport_FR) <a href=\"https:\/\/twitter.com\/Eurosport_FR\/status\/1206188853285072896?ref_src=twsrc%5Etfw\">December 15, 2019<\/a><\/p><\/blockquote>\n<p><script async src=\"https:\/\/platform.twitter.com\/widgets.js\" charset=\"utf-8\"><\/script><\/p>\n<p><strong><em>Dicodusport<br \/>\n<a href=\"https:\/\/www.facebook.com\/dicodusport\/\" target=\"_blank\" rel=\"noopener\"><img loading=\"lazy\" decoding=\"async\" class=\"alignnone wp-image-2909\" src=\"http:\/\/dicodusport.fr\/blog\/wp-content\/uploads\/2017\/07\/logo-facebook-150x150.png\" alt=\"\" width=\"40\" height=\"40\" \/><\/a><a href=\"https:\/\/twitter.com\/dicodusport\" target=\"_blank\" rel=\"noopener\"><img loading=\"lazy\" decoding=\"async\" class=\"alignnone wp-image-2908\" src=\"http:\/\/dicodusport.fr\/blog\/wp-content\/uploads\/2017\/07\/logo-twitter-150x150.png\" alt=\"\" width=\"39\" height=\"39\" \/><\/a><\/em><\/strong><\/p>\n","protected":false},"excerpt":{"rendered":"<p>Ski alpin &#8211; En d\u00e9monstration, Alexis Pinturault a enlev\u00e9 ce dimanche le slalom de Val d&rsquo;Is\u00e8re ! Le Fran\u00e7ais a coll\u00e9 pr\u00e8s d&rsquo;une seconde et demi au Su\u00e9dois Andre Myhrer, deuxi\u00e8me.<\/p>\n","protected":false},"author":4,"featured_media":55058,"comment_status":"open","ping_status":"closed","sticky":false,"template":"","format":"standard","meta":{"_acf_changed":false,"_daextam_enable_autolinks":"","footnotes":""},"categories":[9217],"tags":[2806,2233,3007,24,9368],"class_list":["post-55042","post","type-post","status-publish","format-standard","has-post-thumbnail","hentry","category-ski","tag-alexis-pinturault","tag-ski-alpin","tag-slalom","tag-sport","tag-val-disere"],"acf":[],"yoast_head":"<!-- This site is optimized with the Yoast SEO Premium plugin v26.7 (Yoast SEO v26.7) - https:\/\/yoast.com\/wordpress\/plugins\/seo\/ -->\n<title>Ski alpin : Alexis Pinturault survole le slalom de Val d&#039;Is\u00e8re<\/title>\n<meta name=\"description\" content=\"Ski alpin - En d\u00e9monstration, Alexis Pinturault a enlev\u00e9 ce dimanche le slalom de Val d&#039;Is\u00e8re ! Le Fran\u00e7ais a coll\u00e9 pr\u00e8s d&#039;une seconde \u00e0 Andre Myhrer.\" \/>\n<meta name=\"robots\" content=\"index, follow, max-snippet:-1, max-image-preview:large, max-video-preview:-1\" \/>\n<link rel=\"canonical\" href=\"https:\/\/dicodusport.fr\/blog\/ski-alpin-alexis-pinturault-survole-slalom-val-isere\/\" \/>\n<meta property=\"og:locale\" content=\"fr_FR\" \/>\n<meta property=\"og:type\" content=\"article\" \/>\n<meta property=\"og:title\" content=\"En d\u00e9monstration, Alexis Pinturault survole le slalom de Val d&#039;Is\u00e8re\" \/>\n<meta property=\"og:description\" content=\"Ski alpin - En d\u00e9monstration, Alexis Pinturault a enlev\u00e9 ce dimanche le slalom de Val d&#039;Is\u00e8re ! Le Fran\u00e7ais a coll\u00e9 pr\u00e8s d&#039;une seconde \u00e0 Andre Myhrer.\" \/>\n<meta property=\"og:url\" content=\"https:\/\/dicodusport.fr\/blog\/ski-alpin-alexis-pinturault-survole-slalom-val-isere\/\" \/>\n<meta property=\"og:site_name\" content=\"Dicodusport\" \/>\n<meta property=\"article:publisher\" content=\"https:\/\/www.facebook.com\/dicodusport\" \/>\n<meta property=\"article:author\" content=\"https:\/\/www.facebook.com\/florent.ostermann\" \/>\n<meta property=\"article:published_time\" content=\"2019-12-15T12:27:49+00:00\" \/>\n<meta property=\"article:modified_time\" content=\"2019-12-15T12:45:57+00:00\" \/>\n<meta property=\"og:image\" content=\"https:\/\/dicodusport.fr\/blog\/wp-content\/uploads\/2019\/12\/Ski-alpin-Alexis-Pinturault-survole-le-slalom-de-Val-dIs\u00e8re-.png\" \/>\n\t<meta property=\"og:image:width\" content=\"800\" \/>\n\t<meta property=\"og:image:height\" content=\"445\" \/>\n\t<meta property=\"og:image:type\" content=\"image\/png\" \/>\n<meta name=\"author\" content=\"Flo Ostermann\" \/>\n<meta name=\"twitter:card\" content=\"summary_large_image\" \/>\n<meta name=\"twitter:title\" content=\"En d\u00e9monstration, Alexis Pinturault survole le slalom de Val d&#039;Is\u00e8re\" \/>\n<meta name=\"twitter:creator\" content=\"@https:\/\/twitter.com\/FlOstermann\" \/>\n<meta name=\"twitter:site\" content=\"@dicodusport\" \/>\n<script type=\"application\/ld+json\" class=\"yoast-schema-graph\">{\"@context\":\"https:\/\/schema.org\",\"@graph\":[{\"@type\":\"NewsArticle\",\"@id\":\"https:\/\/dicodusport.fr\/blog\/ski-alpin-alexis-pinturault-survole-slalom-val-isere\/#article\",\"isPartOf\":{\"@id\":\"https:\/\/dicodusport.fr\/blog\/ski-alpin-alexis-pinturault-survole-slalom-val-isere\/\"},\"author\":{\"name\":\"Flo Ostermann\",\"@id\":\"https:\/\/dicodusport.fr\/blog\/#\/schema\/person\/cb02af4c173ce4a653b55e9baf388d4a\"},\"headline\":\"Ski alpin : Alexis Pinturault survole le slalom de Val d&rsquo;Is\u00e8re\",\"datePublished\":\"2019-12-15T12:27:49+00:00\",\"dateModified\":\"2019-12-15T12:45:57+00:00\",\"mainEntityOfPage\":{\"@id\":\"https:\/\/dicodusport.fr\/blog\/ski-alpin-alexis-pinturault-survole-slalom-val-isere\/\"},\"wordCount\":280,\"commentCount\":0,\"publisher\":{\"@id\":\"https:\/\/dicodusport.fr\/blog\/#organization\"},\"image\":{\"@id\":\"https:\/\/dicodusport.fr\/blog\/ski-alpin-alexis-pinturault-survole-slalom-val-isere\/#primaryimage\"},\"thumbnailUrl\":\"https:\/\/dicodusport.fr\/blog\/wp-content\/uploads\/2019\/12\/Ski-alpin-Alexis-Pinturault-survole-le-slalom-de-Val-dIs\u00e8re-.png\",\"keywords\":[\"Alexis Pinturault\",\"Ski alpin\",\"slalom\",\"sport\",\"Val d'Is\u00e8re\"],\"articleSection\":[\"Ski\"],\"inLanguage\":\"fr-FR\",\"potentialAction\":[{\"@type\":\"CommentAction\",\"name\":\"Comment\",\"target\":[\"https:\/\/dicodusport.fr\/blog\/ski-alpin-alexis-pinturault-survole-slalom-val-isere\/#respond\"]}],\"copyrightYear\":\"2019\",\"copyrightHolder\":{\"@id\":\"https:\/\/dicodusport.fr\/blog\/#organization\"}},{\"@type\":\"WebPage\",\"@id\":\"https:\/\/dicodusport.fr\/blog\/ski-alpin-alexis-pinturault-survole-slalom-val-isere\/\",\"url\":\"https:\/\/dicodusport.fr\/blog\/ski-alpin-alexis-pinturault-survole-slalom-val-isere\/\",\"name\":\"Ski alpin : Alexis Pinturault survole le slalom de Val d'Is\u00e8re\",\"isPartOf\":{\"@id\":\"https:\/\/dicodusport.fr\/blog\/#website\"},\"primaryImageOfPage\":{\"@id\":\"https:\/\/dicodusport.fr\/blog\/ski-alpin-alexis-pinturault-survole-slalom-val-isere\/#primaryimage\"},\"image\":{\"@id\":\"https:\/\/dicodusport.fr\/blog\/ski-alpin-alexis-pinturault-survole-slalom-val-isere\/#primaryimage\"},\"thumbnailUrl\":\"https:\/\/dicodusport.fr\/blog\/wp-content\/uploads\/2019\/12\/Ski-alpin-Alexis-Pinturault-survole-le-slalom-de-Val-dIs\u00e8re-.png\",\"datePublished\":\"2019-12-15T12:27:49+00:00\",\"dateModified\":\"2019-12-15T12:45:57+00:00\",\"description\":\"Ski alpin - En d\u00e9monstration, Alexis Pinturault a enlev\u00e9 ce dimanche le slalom de Val d'Is\u00e8re ! Le Fran\u00e7ais a coll\u00e9 pr\u00e8s d'une seconde \u00e0 Andre Myhrer.\",\"breadcrumb\":{\"@id\":\"https:\/\/dicodusport.fr\/blog\/ski-alpin-alexis-pinturault-survole-slalom-val-isere\/#breadcrumb\"},\"inLanguage\":\"fr-FR\",\"potentialAction\":[{\"@type\":\"ReadAction\",\"target\":[\"https:\/\/dicodusport.fr\/blog\/ski-alpin-alexis-pinturault-survole-slalom-val-isere\/\"]}]},{\"@type\":\"ImageObject\",\"inLanguage\":\"fr-FR\",\"@id\":\"https:\/\/dicodusport.fr\/blog\/ski-alpin-alexis-pinturault-survole-slalom-val-isere\/#primaryimage\",\"url\":\"https:\/\/dicodusport.fr\/blog\/wp-content\/uploads\/2019\/12\/Ski-alpin-Alexis-Pinturault-survole-le-slalom-de-Val-dIs\u00e8re-.png\",\"contentUrl\":\"https:\/\/dicodusport.fr\/blog\/wp-content\/uploads\/2019\/12\/Ski-alpin-Alexis-Pinturault-survole-le-slalom-de-Val-dIs\u00e8re-.png\",\"width\":800,\"height\":445,\"caption\":\"Ski alpin - Alexis Pinturault survole le slalom de Val d'Is\u00e8re\"},{\"@type\":\"BreadcrumbList\",\"@id\":\"https:\/\/dicodusport.fr\/blog\/ski-alpin-alexis-pinturault-survole-slalom-val-isere\/#breadcrumb\",\"itemListElement\":[{\"@type\":\"ListItem\",\"position\":1,\"name\":\"Accueil\",\"item\":\"https:\/\/dicodusport.fr\/blog\/\"},{\"@type\":\"ListItem\",\"position\":2,\"name\":\"Ski alpin : Alexis Pinturault survole le slalom de Val d&rsquo;Is\u00e8re\"}]},{\"@type\":\"WebSite\",\"@id\":\"https:\/\/dicodusport.fr\/blog\/#website\",\"url\":\"https:\/\/dicodusport.fr\/blog\/\",\"name\":\"Dicodusport\",\"description\":\"L&#039;encyclop\u00e9die de l&#039;actualit\u00e9 sportive\",\"publisher\":{\"@id\":\"https:\/\/dicodusport.fr\/blog\/#organization\"},\"potentialAction\":[{\"@type\":\"SearchAction\",\"target\":{\"@type\":\"EntryPoint\",\"urlTemplate\":\"https:\/\/dicodusport.fr\/blog\/?s={search_term_string}\"},\"query-input\":{\"@type\":\"PropertyValueSpecification\",\"valueRequired\":true,\"valueName\":\"search_term_string\"}}],\"inLanguage\":\"fr-FR\"},{\"@type\":\"NewsMediaOrganization\",\"@id\":\"https:\/\/dicodusport.fr\/blog\/#organization\",\"name\":\"Dicodusport\",\"url\":\"https:\/\/dicodusport.fr\/blog\/\",\"logo\":{\"@type\":\"ImageObject\",\"inLanguage\":\"fr-FR\",\"@id\":\"https:\/\/dicodusport.fr\/blog\/#\/schema\/logo\/image\/\",\"url\":\"https:\/\/dicodusport.fr\/blog\/wp-content\/uploads\/2020\/06\/cropped-LOGO-DICODUSPORT-2020-SANS-FOND-SANS-TEXTE.png\",\"contentUrl\":\"https:\/\/dicodusport.fr\/blog\/wp-content\/uploads\/2020\/06\/cropped-LOGO-DICODUSPORT-2020-SANS-FOND-SANS-TEXTE.png\",\"width\":512,\"height\":512,\"caption\":\"Dicodusport\"},\"image\":{\"@id\":\"https:\/\/dicodusport.fr\/blog\/#\/schema\/logo\/image\/\"},\"sameAs\":[\"https:\/\/www.facebook.com\/dicodusport\",\"https:\/\/x.com\/dicodusport\",\"https:\/\/www.instagram.com\/dicodusport\/\",\"https:\/\/www.youtube.com\/channel\/UC7V2KZ5sd3htJivAbA4ZG3w\"],\"description\":\"Dicodusport est l'encyclop\u00e9die de l'actualit\u00e9 sportive.\",\"email\":\"bonjour@dicodusport.fr\",\"legalName\":\"DICODUSPORT\",\"foundingDate\":\"2018-01-14\",\"vatID\":\"FR71834470973\",\"taxID\":\"83447097300043\",\"numberOfEmployees\":{\"@type\":\"QuantitativeValue\",\"minValue\":\"1\",\"maxValue\":\"10\"}},{\"@type\":\"Person\",\"@id\":\"https:\/\/dicodusport.fr\/blog\/#\/schema\/person\/cb02af4c173ce4a653b55e9baf388d4a\",\"name\":\"Flo Ostermann\",\"image\":{\"@type\":\"ImageObject\",\"inLanguage\":\"fr-FR\",\"@id\":\"https:\/\/dicodusport.fr\/blog\/#\/schema\/person\/image\/\",\"url\":\"https:\/\/dicodusport.fr\/blog\/wp-content\/uploads\/2021\/05\/Flo-Ostermann-150x150.jpg\",\"contentUrl\":\"https:\/\/dicodusport.fr\/blog\/wp-content\/uploads\/2021\/05\/Flo-Ostermann-150x150.jpg\",\"caption\":\"Flo Ostermann\"},\"description\":\"Journaliste\/R\u00e9dacteur depuis septembre 2015 - Mes premiers souvenirs dans le sport ? Les envol\u00e9es du Stade Toulousain et les duels Villeneuve-Schumacher et H\u00e4kkinen-Schumacher \u00e0 la fin des ann\u00e9es 90, la Coupe du monde de football en 1998, l\u2019exploit du XV de France face aux All Blacks en 1999, mais aussi Richard C\u0153ur de Lion qui vole sur les montagnes du Tour de France. Bien parti pour devenir professeur d\u2019EPS, les \u00e9v\u00e9nements de la vie (et la flemme d\u2019animer des s\u00e9ances de 3x500 m\u00e8tres toute ma vie) m\u2019ont conduit \u00e0 revoir mes plans. Me voil\u00e0 depuis fin 2017 sur Dicodusport, m\u00e9dia gr\u00e2ce (et pour) lequel je partage ma passion : le sport dans tous ses \u00e9tats. Le tout accompagn\u00e9 par les fous furieux et folles furieuses cit\u00e9s sur cette page !\",\"sameAs\":[\"https:\/\/www.facebook.com\/florent.ostermann\",\"https:\/\/x.com\/https:\/\/twitter.com\/FlOstermann\",\"admin\"],\"url\":\"https:\/\/dicodusport.fr\/blog\/author\/flo\/\"}]}<\/script>\n<!-- \/ Yoast SEO Premium plugin. -->","yoast_head_json":{"title":"Ski alpin : Alexis Pinturault survole le slalom de Val d'Is\u00e8re","description":"Ski alpin - En d\u00e9monstration, Alexis Pinturault a enlev\u00e9 ce dimanche le slalom de Val d'Is\u00e8re ! Le Fran\u00e7ais a coll\u00e9 pr\u00e8s d'une seconde \u00e0 Andre Myhrer.","robots":{"index":"index","follow":"follow","max-snippet":"max-snippet:-1","max-image-preview":"max-image-preview:large","max-video-preview":"max-video-preview:-1"},"canonical":"https:\/\/dicodusport.fr\/blog\/ski-alpin-alexis-pinturault-survole-slalom-val-isere\/","og_locale":"fr_FR","og_type":"article","og_title":"En d\u00e9monstration, Alexis Pinturault survole le slalom de Val d'Is\u00e8re","og_description":"Ski alpin - En d\u00e9monstration, Alexis Pinturault a enlev\u00e9 ce dimanche le slalom de Val d'Is\u00e8re ! Le Fran\u00e7ais a coll\u00e9 pr\u00e8s d'une seconde \u00e0 Andre Myhrer.","og_url":"https:\/\/dicodusport.fr\/blog\/ski-alpin-alexis-pinturault-survole-slalom-val-isere\/","og_site_name":"Dicodusport","article_publisher":"https:\/\/www.facebook.com\/dicodusport","article_author":"https:\/\/www.facebook.com\/florent.ostermann","article_published_time":"2019-12-15T12:27:49+00:00","article_modified_time":"2019-12-15T12:45:57+00:00","og_image":[{"width":800,"height":445,"url":"https:\/\/dicodusport.fr\/blog\/wp-content\/uploads\/2019\/12\/Ski-alpin-Alexis-Pinturault-survole-le-slalom-de-Val-dIs\u00e8re-.png","type":"image\/png"}],"author":"Flo Ostermann","twitter_card":"summary_large_image","twitter_title":"En d\u00e9monstration, Alexis Pinturault survole le slalom de Val d'Is\u00e8re","twitter_creator":"@https:\/\/twitter.com\/FlOstermann","twitter_site":"@dicodusport","schema":{"@context":"https:\/\/schema.org","@graph":[{"@type":"NewsArticle","@id":"https:\/\/dicodusport.fr\/blog\/ski-alpin-alexis-pinturault-survole-slalom-val-isere\/#article","isPartOf":{"@id":"https:\/\/dicodusport.fr\/blog\/ski-alpin-alexis-pinturault-survole-slalom-val-isere\/"},"author":{"name":"Flo Ostermann","@id":"https:\/\/dicodusport.fr\/blog\/#\/schema\/person\/cb02af4c173ce4a653b55e9baf388d4a"},"headline":"Ski alpin : Alexis Pinturault survole le slalom de Val d&rsquo;Is\u00e8re","datePublished":"2019-12-15T12:27:49+00:00","dateModified":"2019-12-15T12:45:57+00:00","mainEntityOfPage":{"@id":"https:\/\/dicodusport.fr\/blog\/ski-alpin-alexis-pinturault-survole-slalom-val-isere\/"},"wordCount":280,"commentCount":0,"publisher":{"@id":"https:\/\/dicodusport.fr\/blog\/#organization"},"image":{"@id":"https:\/\/dicodusport.fr\/blog\/ski-alpin-alexis-pinturault-survole-slalom-val-isere\/#primaryimage"},"thumbnailUrl":"https:\/\/dicodusport.fr\/blog\/wp-content\/uploads\/2019\/12\/Ski-alpin-Alexis-Pinturault-survole-le-slalom-de-Val-dIs\u00e8re-.png","keywords":["Alexis Pinturault","Ski alpin","slalom","sport","Val d'Is\u00e8re"],"articleSection":["Ski"],"inLanguage":"fr-FR","potentialAction":[{"@type":"CommentAction","name":"Comment","target":["https:\/\/dicodusport.fr\/blog\/ski-alpin-alexis-pinturault-survole-slalom-val-isere\/#respond"]}],"copyrightYear":"2019","copyrightHolder":{"@id":"https:\/\/dicodusport.fr\/blog\/#organization"}},{"@type":"WebPage","@id":"https:\/\/dicodusport.fr\/blog\/ski-alpin-alexis-pinturault-survole-slalom-val-isere\/","url":"https:\/\/dicodusport.fr\/blog\/ski-alpin-alexis-pinturault-survole-slalom-val-isere\/","name":"Ski alpin : Alexis Pinturault survole le slalom de Val d'Is\u00e8re","isPartOf":{"@id":"https:\/\/dicodusport.fr\/blog\/#website"},"primaryImageOfPage":{"@id":"https:\/\/dicodusport.fr\/blog\/ski-alpin-alexis-pinturault-survole-slalom-val-isere\/#primaryimage"},"image":{"@id":"https:\/\/dicodusport.fr\/blog\/ski-alpin-alexis-pinturault-survole-slalom-val-isere\/#primaryimage"},"thumbnailUrl":"https:\/\/dicodusport.fr\/blog\/wp-content\/uploads\/2019\/12\/Ski-alpin-Alexis-Pinturault-survole-le-slalom-de-Val-dIs\u00e8re-.png","datePublished":"2019-12-15T12:27:49+00:00","dateModified":"2019-12-15T12:45:57+00:00","description":"Ski alpin - En d\u00e9monstration, Alexis Pinturault a enlev\u00e9 ce dimanche le slalom de Val d'Is\u00e8re ! Le Fran\u00e7ais a coll\u00e9 pr\u00e8s d'une seconde \u00e0 Andre Myhrer.","breadcrumb":{"@id":"https:\/\/dicodusport.fr\/blog\/ski-alpin-alexis-pinturault-survole-slalom-val-isere\/#breadcrumb"},"inLanguage":"fr-FR","potentialAction":[{"@type":"ReadAction","target":["https:\/\/dicodusport.fr\/blog\/ski-alpin-alexis-pinturault-survole-slalom-val-isere\/"]}]},{"@type":"ImageObject","inLanguage":"fr-FR","@id":"https:\/\/dicodusport.fr\/blog\/ski-alpin-alexis-pinturault-survole-slalom-val-isere\/#primaryimage","url":"https:\/\/dicodusport.fr\/blog\/wp-content\/uploads\/2019\/12\/Ski-alpin-Alexis-Pinturault-survole-le-slalom-de-Val-dIs\u00e8re-.png","contentUrl":"https:\/\/dicodusport.fr\/blog\/wp-content\/uploads\/2019\/12\/Ski-alpin-Alexis-Pinturault-survole-le-slalom-de-Val-dIs\u00e8re-.png","width":800,"height":445,"caption":"Ski alpin - Alexis Pinturault survole le slalom de Val d'Is\u00e8re"},{"@type":"BreadcrumbList","@id":"https:\/\/dicodusport.fr\/blog\/ski-alpin-alexis-pinturault-survole-slalom-val-isere\/#breadcrumb","itemListElement":[{"@type":"ListItem","position":1,"name":"Accueil","item":"https:\/\/dicodusport.fr\/blog\/"},{"@type":"ListItem","position":2,"name":"Ski alpin : Alexis Pinturault survole le slalom de Val d&rsquo;Is\u00e8re"}]},{"@type":"WebSite","@id":"https:\/\/dicodusport.fr\/blog\/#website","url":"https:\/\/dicodusport.fr\/blog\/","name":"Dicodusport","description":"L&#039;encyclop\u00e9die de l&#039;actualit\u00e9 sportive","publisher":{"@id":"https:\/\/dicodusport.fr\/blog\/#organization"},"potentialAction":[{"@type":"SearchAction","target":{"@type":"EntryPoint","urlTemplate":"https:\/\/dicodusport.fr\/blog\/?s={search_term_string}"},"query-input":{"@type":"PropertyValueSpecification","valueRequired":true,"valueName":"search_term_string"}}],"inLanguage":"fr-FR"},{"@type":"NewsMediaOrganization","@id":"https:\/\/dicodusport.fr\/blog\/#organization","name":"Dicodusport","url":"https:\/\/dicodusport.fr\/blog\/","logo":{"@type":"ImageObject","inLanguage":"fr-FR","@id":"https:\/\/dicodusport.fr\/blog\/#\/schema\/logo\/image\/","url":"https:\/\/dicodusport.fr\/blog\/wp-content\/uploads\/2020\/06\/cropped-LOGO-DICODUSPORT-2020-SANS-FOND-SANS-TEXTE.png","contentUrl":"https:\/\/dicodusport.fr\/blog\/wp-content\/uploads\/2020\/06\/cropped-LOGO-DICODUSPORT-2020-SANS-FOND-SANS-TEXTE.png","width":512,"height":512,"caption":"Dicodusport"},"image":{"@id":"https:\/\/dicodusport.fr\/blog\/#\/schema\/logo\/image\/"},"sameAs":["https:\/\/www.facebook.com\/dicodusport","https:\/\/x.com\/dicodusport","https:\/\/www.instagram.com\/dicodusport\/","https:\/\/www.youtube.com\/channel\/UC7V2KZ5sd3htJivAbA4ZG3w"],"description":"Dicodusport est l'encyclop\u00e9die de l'actualit\u00e9 sportive.","email":"bonjour@dicodusport.fr","legalName":"DICODUSPORT","foundingDate":"2018-01-14","vatID":"FR71834470973","taxID":"83447097300043","numberOfEmployees":{"@type":"QuantitativeValue","minValue":"1","maxValue":"10"}},{"@type":"Person","@id":"https:\/\/dicodusport.fr\/blog\/#\/schema\/person\/cb02af4c173ce4a653b55e9baf388d4a","name":"Flo Ostermann","image":{"@type":"ImageObject","inLanguage":"fr-FR","@id":"https:\/\/dicodusport.fr\/blog\/#\/schema\/person\/image\/","url":"https:\/\/dicodusport.fr\/blog\/wp-content\/uploads\/2021\/05\/Flo-Ostermann-150x150.jpg","contentUrl":"https:\/\/dicodusport.fr\/blog\/wp-content\/uploads\/2021\/05\/Flo-Ostermann-150x150.jpg","caption":"Flo Ostermann"},"description":"Journaliste\/R\u00e9dacteur depuis septembre 2015 - Mes premiers souvenirs dans le sport ? Les envol\u00e9es du Stade Toulousain et les duels Villeneuve-Schumacher et H\u00e4kkinen-Schumacher \u00e0 la fin des ann\u00e9es 90, la Coupe du monde de football en 1998, l\u2019exploit du XV de France face aux All Blacks en 1999, mais aussi Richard C\u0153ur de Lion qui vole sur les montagnes du Tour de France. Bien parti pour devenir professeur d\u2019EPS, les \u00e9v\u00e9nements de la vie (et la flemme d\u2019animer des s\u00e9ances de 3x500 m\u00e8tres toute ma vie) m\u2019ont conduit \u00e0 revoir mes plans. Me voil\u00e0 depuis fin 2017 sur Dicodusport, m\u00e9dia gr\u00e2ce (et pour) lequel je partage ma passion : le sport dans tous ses \u00e9tats. Le tout accompagn\u00e9 par les fous furieux et folles furieuses cit\u00e9s sur cette page !","sameAs":["https:\/\/www.facebook.com\/florent.ostermann","https:\/\/x.com\/https:\/\/twitter.com\/FlOstermann","admin"],"url":"https:\/\/dicodusport.fr\/blog\/author\/flo\/"}]}},"_links":{"self":[{"href":"https:\/\/dicodusport.fr\/blog\/wp-json\/wp\/v2\/posts\/55042","targetHints":{"allow":["GET"]}}],"collection":[{"href":"https:\/\/dicodusport.fr\/blog\/wp-json\/wp\/v2\/posts"}],"about":[{"href":"https:\/\/dicodusport.fr\/blog\/wp-json\/wp\/v2\/types\/post"}],"author":[{"embeddable":true,"href":"https:\/\/dicodusport.fr\/blog\/wp-json\/wp\/v2\/users\/4"}],"replies":[{"embeddable":true,"href":"https:\/\/dicodusport.fr\/blog\/wp-json\/wp\/v2\/comments?post=55042"}],"version-history":[{"count":0,"href":"https:\/\/dicodusport.fr\/blog\/wp-json\/wp\/v2\/posts\/55042\/revisions"}],"wp:featuredmedia":[{"embeddable":true,"href":"https:\/\/dicodusport.fr\/blog\/wp-json\/wp\/v2\/media\/55058"}],"wp:attachment":[{"href":"https:\/\/dicodusport.fr\/blog\/wp-json\/wp\/v2\/media?parent=55042"}],"wp:term":[{"taxonomy":"category","embeddable":true,"href":"https:\/\/dicodusport.fr\/blog\/wp-json\/wp\/v2\/categories?post=55042"},{"taxonomy":"post_tag","embeddable":true,"href":"https:\/\/dicodusport.fr\/blog\/wp-json\/wp\/v2\/tags?post=55042"}],"curies":[{"name":"wp","href":"https:\/\/api.w.org\/{rel}","templated":true}]}}