{"id":55066,"date":"2019-12-15T14:10:42","date_gmt":"2019-12-15T13:10:42","guid":{"rendered":"http:\/\/dicodusport.fr\/blog\/?p=55066&#038;preview=true&#038;preview_id=55066"},"modified":"2019-12-16T08:07:12","modified_gmt":"2019-12-16T07:07:12","slug":"sevens-bleus-battus-afrique-du-sud-demi-finale-cape-town","status":"publish","type":"post","link":"https:\/\/dicodusport.fr\/blog\/sevens-bleus-battus-afrique-du-sud-demi-finale-cape-town\/","title":{"rendered":"Sevens : Les Bleus battus par l&rsquo;Afrique du Sud en demi-finale \u00e0 Cape Town"},"content":{"rendered":"<p style=\"text-align: justify;\"><em><strong><a href=\"https:\/\/www.world.rugby\/sevens-series\/stage\/1955\/match#\" target=\"_blank\" rel=\"noopener\">Sevens &#8211; Cape Town<\/a> &#8211; Pas de finale pour les Bleus en Afrique du Sud ! Les co\u00e9quipiers de Jean-Pascal Barraque ont \u00e9t\u00e9 battus par l&rsquo;Afrique du Sud (21-14).<br \/>\n<\/strong><\/em><\/p>\n<p style=\"text-align: justify;\">Comme pour les dames, la demi-finale \u00e9tait la marche de trop pour les Fran\u00e7ais. Ces derniers se sont inclin\u00e9s face aux Blitzboks <strong>(21-14)<\/strong>, apr\u00e8s avoir fait jeu \u00e9gal lors du premier acte (7-7). <strong>Marvin O&rsquo;Connor<\/strong> et <strong>Jonathan Laugel<\/strong> ont inscrit les deux essais fran\u00e7ais, alors que <strong>Nel<\/strong>, <strong>Pretorius<\/strong> et <strong>Soyizwapi<\/strong> ont montr\u00e9 la voie aux Sud-Africains. Les Bleus joueront la m\u00e9daille de bronze \u00e0 16h59 (heure fran\u00e7aise), face aux Fidji.<\/p>\n<blockquote class=\"twitter-tweet\">\n<p dir=\"ltr\" lang=\"fr\">&#x1f1ff;&#x1f1e6;&#x1f1eb;&#x1f1f7; Les Bleus ont livr\u00e9 une partie d&rsquo;une intensit\u00e9 remarquable, mais ce sont les Blitzboks qui se qualifient en finale chez eux ! Il y a encore une possibilit\u00e9 d&rsquo;accrocher le bronze tout \u00e0 l&rsquo;heure ! Rendez-vous \u00e0 16:59 ! <a href=\"https:\/\/twitter.com\/hashtag\/France7?src=hash&amp;ref_src=twsrc%5Etfw\">#France7<\/a> <a href=\"https:\/\/twitter.com\/hashtag\/CapeTown7s?src=hash&amp;ref_src=twsrc%5Etfw\">#CapeTown7s<\/a> <a href=\"https:\/\/t.co\/wJUCwRbEjp\">pic.twitter.com\/wJUCwRbEjp<\/a><\/p>\n<p>\u2014 France Rugby (@FranceRugby) <a href=\"https:\/\/twitter.com\/FranceRugby\/status\/1206197892496711681?ref_src=twsrc%5Etfw\">December 15, 2019<\/a><\/p><\/blockquote>\n<p><script async src=\"https:\/\/platform.twitter.com\/widgets.js\" charset=\"utf-8\"><\/script><\/p>\n<p><strong><em>Dicodusport<br \/>\n<a href=\"https:\/\/www.facebook.com\/dicodusport\/\" target=\"_blank\" rel=\"noopener\"><img loading=\"lazy\" decoding=\"async\" class=\"alignnone wp-image-2909\" src=\"http:\/\/dicodusport.fr\/blog\/wp-content\/uploads\/2017\/07\/logo-facebook-150x150.png\" alt=\"\" width=\"40\" height=\"40\" \/><\/a><a href=\"https:\/\/twitter.com\/dicodusport\" target=\"_blank\" rel=\"noopener\"><img loading=\"lazy\" decoding=\"async\" class=\"alignnone wp-image-2908\" src=\"http:\/\/dicodusport.fr\/blog\/wp-content\/uploads\/2017\/07\/logo-twitter-150x150.png\" alt=\"\" width=\"39\" height=\"39\" \/><\/a><\/em><\/strong><\/p>\n","protected":false},"excerpt":{"rendered":"<p>Sevens &#8211; Cape Town &#8211; Pas de finale pour les Bleus en Afrique du Sud ! Les co\u00e9quipiers de Jean-Pascal Barraque ont \u00e9t\u00e9 battus par l&rsquo;Afrique du Sud (21-14).<\/p>\n","protected":false},"author":4,"featured_media":55070,"comment_status":"open","ping_status":"closed","sticky":false,"template":"","format":"standard","meta":{"_acf_changed":false,"_daextam_enable_autolinks":"","footnotes":""},"categories":[9130],"tags":[2931,6599,2115,2240],"class_list":["post-55066","post","type-post","status-publish","format-standard","has-post-thumbnail","hentry","category-rugby-a-7","tag-cape-town","tag-france-7","tag-rugby-a-7","tag-sevens"],"acf":[],"yoast_head":"<!-- This site is optimized with the Yoast SEO Premium plugin v26.7 (Yoast SEO v26.7) - https:\/\/yoast.com\/wordpress\/plugins\/seo\/ -->\n<title>Sevens : Les Bleus battus par l&#039;Afrique du Sud en demi-finale \u00e0 Cape Town<\/title>\n<meta name=\"description\" content=\"Sevens - Cape Town - Pas de finale pour les Bleus en Afrique du Sud ! Les co\u00e9quipiers de Jean-Pascal Barraque ont \u00e9t\u00e9 battus par l&#039;Afrique du Sud (21-14).\" \/>\n<meta name=\"robots\" content=\"index, follow, max-snippet:-1, max-image-preview:large, max-video-preview:-1\" \/>\n<link rel=\"canonical\" href=\"https:\/\/dicodusport.fr\/blog\/sevens-bleus-battus-afrique-du-sud-demi-finale-cape-town\/\" \/>\n<meta property=\"og:locale\" content=\"fr_FR\" \/>\n<meta property=\"og:type\" content=\"article\" \/>\n<meta property=\"og:title\" content=\"Sevens : Les Bleus battus par l&#039;Afrique du Sud en demi-finale \u00e0 Cape Town\" \/>\n<meta property=\"og:description\" content=\"Sevens - Cape Town - Pas de finale pour les Bleus en Afrique du Sud ! Les co\u00e9quipiers de Jean-Pascal Barraque ont \u00e9t\u00e9 battus par l&#039;Afrique du Sud (21-14).\" \/>\n<meta property=\"og:url\" content=\"https:\/\/dicodusport.fr\/blog\/sevens-bleus-battus-afrique-du-sud-demi-finale-cape-town\/\" \/>\n<meta property=\"og:site_name\" content=\"Dicodusport\" \/>\n<meta property=\"article:publisher\" content=\"https:\/\/www.facebook.com\/dicodusport\" \/>\n<meta property=\"article:author\" content=\"https:\/\/www.facebook.com\/florent.ostermann\" \/>\n<meta property=\"article:published_time\" content=\"2019-12-15T13:10:42+00:00\" \/>\n<meta property=\"article:modified_time\" content=\"2019-12-16T07:07:12+00:00\" \/>\n<meta property=\"og:image\" content=\"https:\/\/dicodusport.fr\/blog\/wp-content\/uploads\/2019\/12\/Sevens-Les-Bleus-battus-par-lAfrique-du-Sud-en-demi-finale-\u00e0-Cape-Town.png\" \/>\n\t<meta property=\"og:image:width\" content=\"800\" \/>\n\t<meta property=\"og:image:height\" content=\"445\" \/>\n\t<meta property=\"og:image:type\" content=\"image\/png\" \/>\n<meta name=\"author\" content=\"Flo Ostermann\" \/>\n<meta name=\"twitter:card\" content=\"summary_large_image\" \/>\n<meta name=\"twitter:title\" content=\"Sevens : Les Bleus battus par l&#039;Afrique du Sud en demi-finale \u00e0 Cape Town\" \/>\n<meta name=\"twitter:creator\" content=\"@https:\/\/twitter.com\/FlOstermann\" \/>\n<meta name=\"twitter:site\" content=\"@dicodusport\" \/>\n<script type=\"application\/ld+json\" class=\"yoast-schema-graph\">{\"@context\":\"https:\/\/schema.org\",\"@graph\":[{\"@type\":\"NewsArticle\",\"@id\":\"https:\/\/dicodusport.fr\/blog\/sevens-bleus-battus-afrique-du-sud-demi-finale-cape-town\/#article\",\"isPartOf\":{\"@id\":\"https:\/\/dicodusport.fr\/blog\/sevens-bleus-battus-afrique-du-sud-demi-finale-cape-town\/\"},\"author\":{\"name\":\"Flo Ostermann\",\"@id\":\"https:\/\/dicodusport.fr\/blog\/#\/schema\/person\/cb02af4c173ce4a653b55e9baf388d4a\"},\"headline\":\"Sevens : Les Bleus battus par l&rsquo;Afrique du Sud en demi-finale \u00e0 Cape Town\",\"datePublished\":\"2019-12-15T13:10:42+00:00\",\"dateModified\":\"2019-12-16T07:07:12+00:00\",\"mainEntityOfPage\":{\"@id\":\"https:\/\/dicodusport.fr\/blog\/sevens-bleus-battus-afrique-du-sud-demi-finale-cape-town\/\"},\"wordCount\":179,\"commentCount\":0,\"publisher\":{\"@id\":\"https:\/\/dicodusport.fr\/blog\/#organization\"},\"image\":{\"@id\":\"https:\/\/dicodusport.fr\/blog\/sevens-bleus-battus-afrique-du-sud-demi-finale-cape-town\/#primaryimage\"},\"thumbnailUrl\":\"https:\/\/dicodusport.fr\/blog\/wp-content\/uploads\/2019\/12\/Sevens-Les-Bleus-battus-par-lAfrique-du-Sud-en-demi-finale-\u00e0-Cape-Town.png\",\"keywords\":[\"Cape Town\",\"France 7\",\"rugby \u00e0 7\",\"sevens\"],\"articleSection\":[\"Rugby \u00e0 7\"],\"inLanguage\":\"fr-FR\",\"potentialAction\":[{\"@type\":\"CommentAction\",\"name\":\"Comment\",\"target\":[\"https:\/\/dicodusport.fr\/blog\/sevens-bleus-battus-afrique-du-sud-demi-finale-cape-town\/#respond\"]}],\"copyrightYear\":\"2019\",\"copyrightHolder\":{\"@id\":\"https:\/\/dicodusport.fr\/blog\/#organization\"}},{\"@type\":\"WebPage\",\"@id\":\"https:\/\/dicodusport.fr\/blog\/sevens-bleus-battus-afrique-du-sud-demi-finale-cape-town\/\",\"url\":\"https:\/\/dicodusport.fr\/blog\/sevens-bleus-battus-afrique-du-sud-demi-finale-cape-town\/\",\"name\":\"Sevens : Les Bleus battus par l'Afrique du Sud en demi-finale \u00e0 Cape Town\",\"isPartOf\":{\"@id\":\"https:\/\/dicodusport.fr\/blog\/#website\"},\"primaryImageOfPage\":{\"@id\":\"https:\/\/dicodusport.fr\/blog\/sevens-bleus-battus-afrique-du-sud-demi-finale-cape-town\/#primaryimage\"},\"image\":{\"@id\":\"https:\/\/dicodusport.fr\/blog\/sevens-bleus-battus-afrique-du-sud-demi-finale-cape-town\/#primaryimage\"},\"thumbnailUrl\":\"https:\/\/dicodusport.fr\/blog\/wp-content\/uploads\/2019\/12\/Sevens-Les-Bleus-battus-par-lAfrique-du-Sud-en-demi-finale-\u00e0-Cape-Town.png\",\"datePublished\":\"2019-12-15T13:10:42+00:00\",\"dateModified\":\"2019-12-16T07:07:12+00:00\",\"description\":\"Sevens - Cape Town - Pas de finale pour les Bleus en Afrique du Sud ! Les co\u00e9quipiers de Jean-Pascal Barraque ont \u00e9t\u00e9 battus par l'Afrique du Sud (21-14).\",\"breadcrumb\":{\"@id\":\"https:\/\/dicodusport.fr\/blog\/sevens-bleus-battus-afrique-du-sud-demi-finale-cape-town\/#breadcrumb\"},\"inLanguage\":\"fr-FR\",\"potentialAction\":[{\"@type\":\"ReadAction\",\"target\":[\"https:\/\/dicodusport.fr\/blog\/sevens-bleus-battus-afrique-du-sud-demi-finale-cape-town\/\"]}]},{\"@type\":\"ImageObject\",\"inLanguage\":\"fr-FR\",\"@id\":\"https:\/\/dicodusport.fr\/blog\/sevens-bleus-battus-afrique-du-sud-demi-finale-cape-town\/#primaryimage\",\"url\":\"https:\/\/dicodusport.fr\/blog\/wp-content\/uploads\/2019\/12\/Sevens-Les-Bleus-battus-par-lAfrique-du-Sud-en-demi-finale-\u00e0-Cape-Town.png\",\"contentUrl\":\"https:\/\/dicodusport.fr\/blog\/wp-content\/uploads\/2019\/12\/Sevens-Les-Bleus-battus-par-lAfrique-du-Sud-en-demi-finale-\u00e0-Cape-Town.png\",\"width\":800,\"height\":445,\"caption\":\"Sevens - Les Bleus battus par l'Afrique du Sud en demi-finale \u00e0 Cape Town\"},{\"@type\":\"BreadcrumbList\",\"@id\":\"https:\/\/dicodusport.fr\/blog\/sevens-bleus-battus-afrique-du-sud-demi-finale-cape-town\/#breadcrumb\",\"itemListElement\":[{\"@type\":\"ListItem\",\"position\":1,\"name\":\"Accueil\",\"item\":\"https:\/\/dicodusport.fr\/blog\/\"},{\"@type\":\"ListItem\",\"position\":2,\"name\":\"Sevens : Les Bleus battus par l&rsquo;Afrique du Sud en demi-finale \u00e0 Cape Town\"}]},{\"@type\":\"WebSite\",\"@id\":\"https:\/\/dicodusport.fr\/blog\/#website\",\"url\":\"https:\/\/dicodusport.fr\/blog\/\",\"name\":\"Dicodusport\",\"description\":\"L&#039;encyclop\u00e9die de l&#039;actualit\u00e9 sportive\",\"publisher\":{\"@id\":\"https:\/\/dicodusport.fr\/blog\/#organization\"},\"potentialAction\":[{\"@type\":\"SearchAction\",\"target\":{\"@type\":\"EntryPoint\",\"urlTemplate\":\"https:\/\/dicodusport.fr\/blog\/?s={search_term_string}\"},\"query-input\":{\"@type\":\"PropertyValueSpecification\",\"valueRequired\":true,\"valueName\":\"search_term_string\"}}],\"inLanguage\":\"fr-FR\"},{\"@type\":\"NewsMediaOrganization\",\"@id\":\"https:\/\/dicodusport.fr\/blog\/#organization\",\"name\":\"Dicodusport\",\"url\":\"https:\/\/dicodusport.fr\/blog\/\",\"logo\":{\"@type\":\"ImageObject\",\"inLanguage\":\"fr-FR\",\"@id\":\"https:\/\/dicodusport.fr\/blog\/#\/schema\/logo\/image\/\",\"url\":\"https:\/\/dicodusport.fr\/blog\/wp-content\/uploads\/2020\/06\/cropped-LOGO-DICODUSPORT-2020-SANS-FOND-SANS-TEXTE.png\",\"contentUrl\":\"https:\/\/dicodusport.fr\/blog\/wp-content\/uploads\/2020\/06\/cropped-LOGO-DICODUSPORT-2020-SANS-FOND-SANS-TEXTE.png\",\"width\":512,\"height\":512,\"caption\":\"Dicodusport\"},\"image\":{\"@id\":\"https:\/\/dicodusport.fr\/blog\/#\/schema\/logo\/image\/\"},\"sameAs\":[\"https:\/\/www.facebook.com\/dicodusport\",\"https:\/\/x.com\/dicodusport\",\"https:\/\/www.instagram.com\/dicodusport\/\",\"https:\/\/www.youtube.com\/channel\/UC7V2KZ5sd3htJivAbA4ZG3w\"],\"description\":\"Dicodusport est l'encyclop\u00e9die de l'actualit\u00e9 sportive.\",\"email\":\"bonjour@dicodusport.fr\",\"legalName\":\"DICODUSPORT\",\"foundingDate\":\"2018-01-14\",\"vatID\":\"FR71834470973\",\"taxID\":\"83447097300043\",\"numberOfEmployees\":{\"@type\":\"QuantitativeValue\",\"minValue\":\"1\",\"maxValue\":\"10\"}},{\"@type\":\"Person\",\"@id\":\"https:\/\/dicodusport.fr\/blog\/#\/schema\/person\/cb02af4c173ce4a653b55e9baf388d4a\",\"name\":\"Flo Ostermann\",\"image\":{\"@type\":\"ImageObject\",\"inLanguage\":\"fr-FR\",\"@id\":\"https:\/\/dicodusport.fr\/blog\/#\/schema\/person\/image\/\",\"url\":\"https:\/\/dicodusport.fr\/blog\/wp-content\/uploads\/2021\/05\/Flo-Ostermann-150x150.jpg\",\"contentUrl\":\"https:\/\/dicodusport.fr\/blog\/wp-content\/uploads\/2021\/05\/Flo-Ostermann-150x150.jpg\",\"caption\":\"Flo Ostermann\"},\"description\":\"Journaliste\/R\u00e9dacteur depuis septembre 2015 - Mes premiers souvenirs dans le sport ? Les envol\u00e9es du Stade Toulousain et les duels Villeneuve-Schumacher et H\u00e4kkinen-Schumacher \u00e0 la fin des ann\u00e9es 90, la Coupe du monde de football en 1998, l\u2019exploit du XV de France face aux All Blacks en 1999, mais aussi Richard C\u0153ur de Lion qui vole sur les montagnes du Tour de France. Bien parti pour devenir professeur d\u2019EPS, les \u00e9v\u00e9nements de la vie (et la flemme d\u2019animer des s\u00e9ances de 3x500 m\u00e8tres toute ma vie) m\u2019ont conduit \u00e0 revoir mes plans. Me voil\u00e0 depuis fin 2017 sur Dicodusport, m\u00e9dia gr\u00e2ce (et pour) lequel je partage ma passion : le sport dans tous ses \u00e9tats. Le tout accompagn\u00e9 par les fous furieux et folles furieuses cit\u00e9s sur cette page !\",\"sameAs\":[\"https:\/\/www.facebook.com\/florent.ostermann\",\"https:\/\/x.com\/https:\/\/twitter.com\/FlOstermann\",\"admin\"],\"url\":\"https:\/\/dicodusport.fr\/blog\/author\/flo\/\"}]}<\/script>\n<!-- \/ Yoast SEO Premium plugin. -->","yoast_head_json":{"title":"Sevens : Les Bleus battus par l'Afrique du Sud en demi-finale \u00e0 Cape Town","description":"Sevens - Cape Town - Pas de finale pour les Bleus en Afrique du Sud ! Les co\u00e9quipiers de Jean-Pascal Barraque ont \u00e9t\u00e9 battus par l'Afrique du Sud (21-14).","robots":{"index":"index","follow":"follow","max-snippet":"max-snippet:-1","max-image-preview":"max-image-preview:large","max-video-preview":"max-video-preview:-1"},"canonical":"https:\/\/dicodusport.fr\/blog\/sevens-bleus-battus-afrique-du-sud-demi-finale-cape-town\/","og_locale":"fr_FR","og_type":"article","og_title":"Sevens : Les Bleus battus par l'Afrique du Sud en demi-finale \u00e0 Cape Town","og_description":"Sevens - Cape Town - Pas de finale pour les Bleus en Afrique du Sud ! Les co\u00e9quipiers de Jean-Pascal Barraque ont \u00e9t\u00e9 battus par l'Afrique du Sud (21-14).","og_url":"https:\/\/dicodusport.fr\/blog\/sevens-bleus-battus-afrique-du-sud-demi-finale-cape-town\/","og_site_name":"Dicodusport","article_publisher":"https:\/\/www.facebook.com\/dicodusport","article_author":"https:\/\/www.facebook.com\/florent.ostermann","article_published_time":"2019-12-15T13:10:42+00:00","article_modified_time":"2019-12-16T07:07:12+00:00","og_image":[{"width":800,"height":445,"url":"https:\/\/dicodusport.fr\/blog\/wp-content\/uploads\/2019\/12\/Sevens-Les-Bleus-battus-par-lAfrique-du-Sud-en-demi-finale-\u00e0-Cape-Town.png","type":"image\/png"}],"author":"Flo Ostermann","twitter_card":"summary_large_image","twitter_title":"Sevens : Les Bleus battus par l'Afrique du Sud en demi-finale \u00e0 Cape Town","twitter_creator":"@https:\/\/twitter.com\/FlOstermann","twitter_site":"@dicodusport","schema":{"@context":"https:\/\/schema.org","@graph":[{"@type":"NewsArticle","@id":"https:\/\/dicodusport.fr\/blog\/sevens-bleus-battus-afrique-du-sud-demi-finale-cape-town\/#article","isPartOf":{"@id":"https:\/\/dicodusport.fr\/blog\/sevens-bleus-battus-afrique-du-sud-demi-finale-cape-town\/"},"author":{"name":"Flo Ostermann","@id":"https:\/\/dicodusport.fr\/blog\/#\/schema\/person\/cb02af4c173ce4a653b55e9baf388d4a"},"headline":"Sevens : Les Bleus battus par l&rsquo;Afrique du Sud en demi-finale \u00e0 Cape Town","datePublished":"2019-12-15T13:10:42+00:00","dateModified":"2019-12-16T07:07:12+00:00","mainEntityOfPage":{"@id":"https:\/\/dicodusport.fr\/blog\/sevens-bleus-battus-afrique-du-sud-demi-finale-cape-town\/"},"wordCount":179,"commentCount":0,"publisher":{"@id":"https:\/\/dicodusport.fr\/blog\/#organization"},"image":{"@id":"https:\/\/dicodusport.fr\/blog\/sevens-bleus-battus-afrique-du-sud-demi-finale-cape-town\/#primaryimage"},"thumbnailUrl":"https:\/\/dicodusport.fr\/blog\/wp-content\/uploads\/2019\/12\/Sevens-Les-Bleus-battus-par-lAfrique-du-Sud-en-demi-finale-\u00e0-Cape-Town.png","keywords":["Cape Town","France 7","rugby \u00e0 7","sevens"],"articleSection":["Rugby \u00e0 7"],"inLanguage":"fr-FR","potentialAction":[{"@type":"CommentAction","name":"Comment","target":["https:\/\/dicodusport.fr\/blog\/sevens-bleus-battus-afrique-du-sud-demi-finale-cape-town\/#respond"]}],"copyrightYear":"2019","copyrightHolder":{"@id":"https:\/\/dicodusport.fr\/blog\/#organization"}},{"@type":"WebPage","@id":"https:\/\/dicodusport.fr\/blog\/sevens-bleus-battus-afrique-du-sud-demi-finale-cape-town\/","url":"https:\/\/dicodusport.fr\/blog\/sevens-bleus-battus-afrique-du-sud-demi-finale-cape-town\/","name":"Sevens : Les Bleus battus par l'Afrique du Sud en demi-finale \u00e0 Cape Town","isPartOf":{"@id":"https:\/\/dicodusport.fr\/blog\/#website"},"primaryImageOfPage":{"@id":"https:\/\/dicodusport.fr\/blog\/sevens-bleus-battus-afrique-du-sud-demi-finale-cape-town\/#primaryimage"},"image":{"@id":"https:\/\/dicodusport.fr\/blog\/sevens-bleus-battus-afrique-du-sud-demi-finale-cape-town\/#primaryimage"},"thumbnailUrl":"https:\/\/dicodusport.fr\/blog\/wp-content\/uploads\/2019\/12\/Sevens-Les-Bleus-battus-par-lAfrique-du-Sud-en-demi-finale-\u00e0-Cape-Town.png","datePublished":"2019-12-15T13:10:42+00:00","dateModified":"2019-12-16T07:07:12+00:00","description":"Sevens - Cape Town - Pas de finale pour les Bleus en Afrique du Sud ! Les co\u00e9quipiers de Jean-Pascal Barraque ont \u00e9t\u00e9 battus par l'Afrique du Sud (21-14).","breadcrumb":{"@id":"https:\/\/dicodusport.fr\/blog\/sevens-bleus-battus-afrique-du-sud-demi-finale-cape-town\/#breadcrumb"},"inLanguage":"fr-FR","potentialAction":[{"@type":"ReadAction","target":["https:\/\/dicodusport.fr\/blog\/sevens-bleus-battus-afrique-du-sud-demi-finale-cape-town\/"]}]},{"@type":"ImageObject","inLanguage":"fr-FR","@id":"https:\/\/dicodusport.fr\/blog\/sevens-bleus-battus-afrique-du-sud-demi-finale-cape-town\/#primaryimage","url":"https:\/\/dicodusport.fr\/blog\/wp-content\/uploads\/2019\/12\/Sevens-Les-Bleus-battus-par-lAfrique-du-Sud-en-demi-finale-\u00e0-Cape-Town.png","contentUrl":"https:\/\/dicodusport.fr\/blog\/wp-content\/uploads\/2019\/12\/Sevens-Les-Bleus-battus-par-lAfrique-du-Sud-en-demi-finale-\u00e0-Cape-Town.png","width":800,"height":445,"caption":"Sevens - Les Bleus battus par l'Afrique du Sud en demi-finale \u00e0 Cape Town"},{"@type":"BreadcrumbList","@id":"https:\/\/dicodusport.fr\/blog\/sevens-bleus-battus-afrique-du-sud-demi-finale-cape-town\/#breadcrumb","itemListElement":[{"@type":"ListItem","position":1,"name":"Accueil","item":"https:\/\/dicodusport.fr\/blog\/"},{"@type":"ListItem","position":2,"name":"Sevens : Les Bleus battus par l&rsquo;Afrique du Sud en demi-finale \u00e0 Cape Town"}]},{"@type":"WebSite","@id":"https:\/\/dicodusport.fr\/blog\/#website","url":"https:\/\/dicodusport.fr\/blog\/","name":"Dicodusport","description":"L&#039;encyclop\u00e9die de l&#039;actualit\u00e9 sportive","publisher":{"@id":"https:\/\/dicodusport.fr\/blog\/#organization"},"potentialAction":[{"@type":"SearchAction","target":{"@type":"EntryPoint","urlTemplate":"https:\/\/dicodusport.fr\/blog\/?s={search_term_string}"},"query-input":{"@type":"PropertyValueSpecification","valueRequired":true,"valueName":"search_term_string"}}],"inLanguage":"fr-FR"},{"@type":"NewsMediaOrganization","@id":"https:\/\/dicodusport.fr\/blog\/#organization","name":"Dicodusport","url":"https:\/\/dicodusport.fr\/blog\/","logo":{"@type":"ImageObject","inLanguage":"fr-FR","@id":"https:\/\/dicodusport.fr\/blog\/#\/schema\/logo\/image\/","url":"https:\/\/dicodusport.fr\/blog\/wp-content\/uploads\/2020\/06\/cropped-LOGO-DICODUSPORT-2020-SANS-FOND-SANS-TEXTE.png","contentUrl":"https:\/\/dicodusport.fr\/blog\/wp-content\/uploads\/2020\/06\/cropped-LOGO-DICODUSPORT-2020-SANS-FOND-SANS-TEXTE.png","width":512,"height":512,"caption":"Dicodusport"},"image":{"@id":"https:\/\/dicodusport.fr\/blog\/#\/schema\/logo\/image\/"},"sameAs":["https:\/\/www.facebook.com\/dicodusport","https:\/\/x.com\/dicodusport","https:\/\/www.instagram.com\/dicodusport\/","https:\/\/www.youtube.com\/channel\/UC7V2KZ5sd3htJivAbA4ZG3w"],"description":"Dicodusport est l'encyclop\u00e9die de l'actualit\u00e9 sportive.","email":"bonjour@dicodusport.fr","legalName":"DICODUSPORT","foundingDate":"2018-01-14","vatID":"FR71834470973","taxID":"83447097300043","numberOfEmployees":{"@type":"QuantitativeValue","minValue":"1","maxValue":"10"}},{"@type":"Person","@id":"https:\/\/dicodusport.fr\/blog\/#\/schema\/person\/cb02af4c173ce4a653b55e9baf388d4a","name":"Flo Ostermann","image":{"@type":"ImageObject","inLanguage":"fr-FR","@id":"https:\/\/dicodusport.fr\/blog\/#\/schema\/person\/image\/","url":"https:\/\/dicodusport.fr\/blog\/wp-content\/uploads\/2021\/05\/Flo-Ostermann-150x150.jpg","contentUrl":"https:\/\/dicodusport.fr\/blog\/wp-content\/uploads\/2021\/05\/Flo-Ostermann-150x150.jpg","caption":"Flo Ostermann"},"description":"Journaliste\/R\u00e9dacteur depuis septembre 2015 - Mes premiers souvenirs dans le sport ? Les envol\u00e9es du Stade Toulousain et les duels Villeneuve-Schumacher et H\u00e4kkinen-Schumacher \u00e0 la fin des ann\u00e9es 90, la Coupe du monde de football en 1998, l\u2019exploit du XV de France face aux All Blacks en 1999, mais aussi Richard C\u0153ur de Lion qui vole sur les montagnes du Tour de France. Bien parti pour devenir professeur d\u2019EPS, les \u00e9v\u00e9nements de la vie (et la flemme d\u2019animer des s\u00e9ances de 3x500 m\u00e8tres toute ma vie) m\u2019ont conduit \u00e0 revoir mes plans. Me voil\u00e0 depuis fin 2017 sur Dicodusport, m\u00e9dia gr\u00e2ce (et pour) lequel je partage ma passion : le sport dans tous ses \u00e9tats. Le tout accompagn\u00e9 par les fous furieux et folles furieuses cit\u00e9s sur cette page !","sameAs":["https:\/\/www.facebook.com\/florent.ostermann","https:\/\/x.com\/https:\/\/twitter.com\/FlOstermann","admin"],"url":"https:\/\/dicodusport.fr\/blog\/author\/flo\/"}]}},"_links":{"self":[{"href":"https:\/\/dicodusport.fr\/blog\/wp-json\/wp\/v2\/posts\/55066","targetHints":{"allow":["GET"]}}],"collection":[{"href":"https:\/\/dicodusport.fr\/blog\/wp-json\/wp\/v2\/posts"}],"about":[{"href":"https:\/\/dicodusport.fr\/blog\/wp-json\/wp\/v2\/types\/post"}],"author":[{"embeddable":true,"href":"https:\/\/dicodusport.fr\/blog\/wp-json\/wp\/v2\/users\/4"}],"replies":[{"embeddable":true,"href":"https:\/\/dicodusport.fr\/blog\/wp-json\/wp\/v2\/comments?post=55066"}],"version-history":[{"count":0,"href":"https:\/\/dicodusport.fr\/blog\/wp-json\/wp\/v2\/posts\/55066\/revisions"}],"wp:featuredmedia":[{"embeddable":true,"href":"https:\/\/dicodusport.fr\/blog\/wp-json\/wp\/v2\/media\/55070"}],"wp:attachment":[{"href":"https:\/\/dicodusport.fr\/blog\/wp-json\/wp\/v2\/media?parent=55066"}],"wp:term":[{"taxonomy":"category","embeddable":true,"href":"https:\/\/dicodusport.fr\/blog\/wp-json\/wp\/v2\/categories?post=55066"},{"taxonomy":"post_tag","embeddable":true,"href":"https:\/\/dicodusport.fr\/blog\/wp-json\/wp\/v2\/tags?post=55066"}],"curies":[{"name":"wp","href":"https:\/\/api.w.org\/{rel}","templated":true}]}}