{"id":550764,"date":"2025-02-02T08:50:46","date_gmt":"2025-02-02T07:50:46","guid":{"rendered":"https:\/\/dicodusport.fr\/blog\/?p=550764&#038;preview=true&#038;preview_id=550764"},"modified":"2025-02-01T23:17:55","modified_gmt":"2025-02-01T22:17:55","slug":"meeting-de-leure-2025-just-kwaou-mathey-de-retour-le-programme-complet","status":"publish","type":"post","link":"https:\/\/dicodusport.fr\/blog\/meeting-de-leure-2025-just-kwaou-mathey-de-retour-le-programme-complet\/","title":{"rendered":"Meeting de l&rsquo;Eure 2025 : Just Kwaou-Mathey de retour, le programme complet"},"content":{"rendered":"<h4 style=\"text-align: justify;\"><em>ATHL\u00c9TISME &#8211; Le Meeting de l&rsquo;Eure 2025 aura lieu ce dimanche 2 f\u00e9vrier. On fait le point sur les forces en pr\u00e9sence pour ce rendez-vous normand. Just Kwaou-Mathey fait son grand retour sur 60 m haies, dix mois apr\u00e8s sa grave blessure<\/em><\/h4>\n<p style=\"text-align: justify;\">Dernier meeting d&rsquo;un tr\u00e8s riche week-end de comp\u00e9tition sur le sol fran\u00e7ais, le meeting de l&rsquo;Eure 2025 donne rendez-vous ce dimanche aux athl\u00e8tes fran\u00e7ais et internationaux. Meeting \u00ab\u00a0Silver\u00a0\u00bb World Athletics, c&rsquo;est l&rsquo;occasion de <a href=\"https:\/\/dicodusport.fr\/blog\/athletisme-les-avantages-et-les-inconvenients-du-ranking\/\">marquer des points au ranking<\/a> pour tous les engag\u00e9s. Un ranking pr\u00e9cieux, pour tenter de d\u00e9crocher une qualification dans un championnat international. C&rsquo;est aussi l&rsquo;occasion pour les Fran\u00e7ais de continuer \u00e0 prendre des rep\u00e8res. Et pour le public, de voir quelques internationaux.<\/p>\n<ul>\n<li><strong>\u00c0 ce sujet : <a href=\"https:\/\/dicodusport.fr\/blog\/circuit-indoor-2025-le-calendrier-des-meetings-dathletisme-en-salle\/\">Le calendrier des meetings d&rsquo;athl\u00e9tisme en salle<\/a><\/strong><\/li>\n<\/ul>\n<h2 style=\"text-align: justify;\">Quelques belles pointures internationales<\/h2>\n<p style=\"text-align: justify;\">Si elle n&rsquo;est pas la plus connue des demi-fondeuses, le public du meeting de l&rsquo;Eure aura l&rsquo;occasion de d\u00e9couvrir l&rsquo;\u00c9thiopienne <strong>Birke Haylom<\/strong>. La recordwoman du monde juniors du 1500 m en salle (3:58.43) fait partie du futur sur ce format de course. Celle qui a couru 3:53.22 en ext\u00e9rieur et \u00e0 moins de 20 ans, sera la grande favorite du mile. Pas non plus le plus connu, l&rsquo;Espagnol <strong>Mohamed Attaoui<\/strong>, deuxi\u00e8me des championnats d&rsquo;Europe 2023 et 5e des Jeux Olympiques, sera engag\u00e9 sur le 800 m. Celui qui a un record \u00e0 1:42:08 en ext\u00e9rieur, sera le favori du quadruple tour de piste.<\/p>\n<p style=\"text-align: justify;\">La Polonaise<strong> Pia Skrzyszowska<\/strong>, sp\u00e9cialiste des haies, sera pr\u00e9sente sur le 60 m haies. Alors que le concours de poids f\u00e9minin sera digne d&rsquo;une finale olympique. Avec la double championne du monde <strong>Chase Jackson<\/strong>. Mais aussi <strong>Jessica Schilder,<\/strong> 6e des JO et 3e des mondiaux indoor 2024 et la Canadienne <strong>Sarah Mitton<\/strong>, vice-championne du monde en 2023 \u00e0 Budapest. Cela promet quelques beaux jets. <strong>Roberta Bruni<\/strong> et <strong>Elisa Molinarolo<\/strong> seront une nouvelle fois de la partie, dans le concours de perche f\u00e9minin, alors que les Am\u00e9ricains <strong>Chris Nilsen<\/strong> et <strong>Jacob Wooten<\/strong> animeront le concours masculin. Alors que le 3e du triple sauf des Jeux Olympiques 2021, <strong>Yasser Triki,<\/strong> sera engag\u00e9 en Normandie.<\/p>\n<ul>\n<li><strong>\u00c0 ce sujet &#8211; <a href=\"https:\/\/dicodusport.fr\/blog\/athletisme-les-minima-pour-les-europe-indoor-dapeldoorn-2025\/\">Les minima FFA pour les championnats d&rsquo;Europe en salle 2025<\/a><\/strong><\/li>\n<\/ul>\n<h2>De belles confrontations entre Fran\u00e7ais au meeting de l&rsquo;Eure 2025<\/h2>\n<p style=\"text-align: justify;\">Le meeting de l&rsquo;Eure 2025 va permettre quelques belles confrontations entre athl\u00e8tes tricolores. Dont trois des quatre relayeuses fran\u00e7ais qui ont pris la quatri\u00e8me place lors des derniers Jeux Olympiques. <strong>Chlo\u00e9 Galet, Orlann Oli\u00e8re, G\u00e9mima Joseph<\/strong> se retrouvent sur la ligne droite du 60 m. Avec la pr\u00e9sence \u00e9galement de <strong>Sarah Richard-Mingas<\/strong> et <strong>Cynthia Leduc<\/strong> et de la Belge <strong>Delphine Nkasnsa<\/strong>. Confrontation aussi sur 800 m entre les deux amies<strong> L\u00e9na Kandissounon<\/strong> et<strong> Clara Liberman<\/strong>. La premi\u00e8re cit\u00e9e fait sa rentr\u00e9e sur 800 m, alors que la seconde a \u00e9t\u00e9 la sensation du meeting de Nantes, en remportant la course, avec un record port\u00e9 \u00e0 2:01.45. La Suissesse <strong>Audrey Werro<\/strong> et les K\u00e9nyanes <strong>Vivian Chebet Kiprotich<\/strong>\u00a0 (1:58.26 en 2024) et <strong><span class=\"athlete-firstname is-capitalized\" data-v-e1c3c4ec=\"\">Sarah\u00a0<\/span><\/strong><span class=\"athlete-lastname is-capitalized\" data-v-e1c3c4ec=\"\"><strong>Moraa<\/strong> seront de la partie.<\/span><\/p>\n<p style=\"text-align: justify;\">Grosse confrontation aussi sur les 60 m haies. Que ce soit chez les femmes, avec <strong>Laeticia Bapt\u00e9, Judy Chalcou, Laura Valette, Aelys Gente, Pauline Lett<\/strong>, voire <strong>Laura Montauban<\/strong>. Qui peuvent toutes briguer une qualification aux championnats d&rsquo;Europe. Comme chez les hommes, avec un Just Kwaou-Mathey qui fait sa rentr\u00e9e sur sa discipline f\u00e9tiche, dix mois apr\u00e8s sa grave blessure au tendon d&rsquo;Achille. Il aura fort \u00e0 faire, avec <strong>Pascal Martinot-Lagarde, Aurel Manga, Erwann Cinna et Romain Lecoeur.<\/strong> La densit\u00e9 des haies en France est absolument remarquable, on le sait d\u00e9j\u00e0.<\/p>\n<ul>\n<li><strong>\u00c0 ce sujet &#8211; <a href=\"https:\/\/dicodusport.fr\/blog\/athletisme-les-minima-pour-les-mondiaux-indoor-de-nanjing-2025\/\">Les minima pour les mondiaux en salle 2025<\/a><\/strong><\/li>\n<\/ul>\n<h2>Agathe Guillemot sur mile<\/h2>\n<p style=\"text-align: justify;\">Du c\u00f4t\u00e9 des Tricolores, on va retrouver <strong>Agathe Guillemot<\/strong>, qui peut profiter de l&rsquo;\u00e9mulation de <strong>Birke Haylom<\/strong>, pour aller chercher un tr\u00e8s gros chrono sur le mile. Elle a franchi un cap en 2024 et fait partie du top mondial sur 1500 m. Corentin Le Cl\u00e9zio, qui a particip\u00e9 aux JO sur 800 m, sera align\u00e9 sur cette m\u00eame distance. Dans le but de prendre des rep\u00e8res et pourquoi pas r\u00e9aliser les minima pour les championnats d&rsquo;Europe. Bastien Augusto tentera de faire de m\u00eame sur 3000 m, lui qui reste sur une d\u00e9ception aux championnats d&rsquo;Europe de cross. On retrouvera \u00e9galement un m\u00e9daill\u00e9 europ\u00e9en \u00e0 Rome, en la personne de Thomas Gogois au triple saut. Mais aussi le 9e des derniers JO sur 20 km marche, Aur\u00e9lien Quinion, qui sera align\u00e9 sur un 3000 m marche mixte.<\/p>\n<ul>\n<li><strong>\u00c0 ce sujet &#8211; <a href=\"https:\/\/dicodusport.fr\/blog\/circuit-indoor-2025-le-calendrier-des-meetings-dathletisme-en-salle\/\">Le calendrier des principales \u00e9tapes du circuit mondial en salle<\/a><\/strong><\/li>\n<\/ul>\n<h2 style=\"text-align: justify;\">Le programme international du meeting de l&rsquo;Eure 2025<\/h2>\n<p style=\"text-align: justify;\">13h55 : Perche femmes<\/p>\n<p style=\"text-align: justify;\">14h18 : Hauteur hommes<\/p>\n<p style=\"text-align: justify;\">14h35 : Poids homme<\/p>\n<p style=\"text-align: justify;\">16h10 : 60 m femmes (s\u00e9ries)<\/p>\n<p style=\"text-align: justify;\">17h05 : Perche hommes<\/p>\n<p style=\"text-align: justify;\">17h19 : 60 m femmes (finale)<\/p>\n<p style=\"text-align: justify;\">17h30 : Triple saut hommes<\/p>\n<p style=\"text-align: justify;\">17h57 : 60 m haies femmes (s\u00e9ries)<\/p>\n<p style=\"text-align: justify;\">18h15 : 800 m femmes<\/p>\n<p style=\"text-align: justify;\">18h30 : 60 m haies hommes (s\u00e9ries)<\/p>\n<p style=\"text-align: justify;\">18h47 : 800 m hommes<\/p>\n<p style=\"text-align: justify;\">18h55 : Mile femmes<\/p>\n<p style=\"text-align: justify;\">19h05 : 60 m haies femmes (finale)<\/p>\n<p style=\"text-align: justify;\">19h15 : 3000 m hommes<\/p>\n<p style=\"text-align: justify;\">19h30 : 60 m haies hommes (finale)<\/p>\n","protected":false},"excerpt":{"rendered":"<p>Meeting de l&rsquo;Eure 2025 : Just Kwaou-Mathey de retour, le programme complet<\/p>\n","protected":false},"author":83,"featured_media":550840,"comment_status":"open","ping_status":"closed","sticky":false,"template":"","format":"standard","meta":{"_acf_changed":false,"_daextam_enable_autolinks":"1","footnotes":""},"categories":[2308],"tags":[32378,143,16878,25905],"class_list":["post-550764","post","type-post","status-publish","format-standard","has-post-thumbnail","hentry","category-athletisme","tag-agathe-guillemot","tag-athletisme","tag-breve","tag-just-kwaou-mathey"],"acf":[],"yoast_head":"<!-- This site is optimized with the Yoast SEO Premium plugin v26.7 (Yoast SEO v26.7) - https:\/\/yoast.com\/wordpress\/plugins\/seo\/ -->\n<title>Meeting de l&#039;Eure 2025 : Just Kwaou-Mathey de retour, le programme complet<\/title>\n<meta name=\"description\" content=\"ATHL\u00c9TISME - Le meeting de l&#039;Eure 2025 aura lieu ce dimanche 2 f\u00e9vrier. On fait le point sur les forces en pr\u00e9sence pour ce rendez-vous.\" \/>\n<meta name=\"robots\" content=\"index, follow, max-snippet:-1, max-image-preview:large, max-video-preview:-1\" \/>\n<link rel=\"canonical\" href=\"https:\/\/dicodusport.fr\/blog\/meeting-de-leure-2025-just-kwaou-mathey-de-retour-le-programme-complet\/\" \/>\n<meta property=\"og:locale\" content=\"fr_FR\" \/>\n<meta property=\"og:type\" content=\"article\" \/>\n<meta property=\"og:title\" content=\"Meeting de l&#039;Eure 2025 : Just Kwaou-Mathey de retour, le programme complet\" \/>\n<meta property=\"og:description\" content=\"ATHL\u00c9TISME - Le meeting de l&#039;Eure 2025 aura lieu ce dimanche 2 f\u00e9vrier. On fait le point sur les forces en pr\u00e9sence pour ce rendez-vous.\" \/>\n<meta property=\"og:url\" content=\"https:\/\/dicodusport.fr\/blog\/meeting-de-leure-2025-just-kwaou-mathey-de-retour-le-programme-complet\/\" \/>\n<meta property=\"og:site_name\" content=\"Dicodusport\" \/>\n<meta property=\"article:publisher\" content=\"https:\/\/www.facebook.com\/dicodusport\" \/>\n<meta property=\"article:published_time\" content=\"2025-02-02T07:50:46+00:00\" \/>\n<meta property=\"og:image\" content=\"https:\/\/dicodusport.fr\/blog\/wp-content\/uploads\/2025\/01\/Meeting-de-lEure-2025-Just-Kwaou-Mathey-fait-son-grand-retour.png\" \/>\n\t<meta property=\"og:image:width\" content=\"1200\" \/>\n\t<meta property=\"og:image:height\" content=\"674\" \/>\n\t<meta property=\"og:image:type\" content=\"image\/png\" \/>\n<meta name=\"author\" content=\"Etienne Goursaud\" \/>\n<meta name=\"twitter:card\" content=\"summary_large_image\" \/>\n<meta name=\"twitter:title\" content=\"Meeting de l&#039;Eure 2025 : Just Kwaou-Mathey de retour, le programme complet\" \/>\n<meta name=\"twitter:creator\" content=\"@dicodusport\" \/>\n<meta name=\"twitter:site\" content=\"@dicodusport\" \/>\n<script type=\"application\/ld+json\" class=\"yoast-schema-graph\">{\"@context\":\"https:\/\/schema.org\",\"@graph\":[{\"@type\":\"NewsArticle\",\"@id\":\"https:\/\/dicodusport.fr\/blog\/meeting-de-leure-2025-just-kwaou-mathey-de-retour-le-programme-complet\/#article\",\"isPartOf\":{\"@id\":\"https:\/\/dicodusport.fr\/blog\/meeting-de-leure-2025-just-kwaou-mathey-de-retour-le-programme-complet\/\"},\"author\":{\"name\":\"Etienne Goursaud\",\"@id\":\"https:\/\/dicodusport.fr\/blog\/#\/schema\/person\/d603dd7da31fb2b46c82b9835a77ec13\"},\"headline\":\"Meeting de l&rsquo;Eure 2025 : Just Kwaou-Mathey de retour, le programme complet\",\"datePublished\":\"2025-02-02T07:50:46+00:00\",\"mainEntityOfPage\":{\"@id\":\"https:\/\/dicodusport.fr\/blog\/meeting-de-leure-2025-just-kwaou-mathey-de-retour-le-programme-complet\/\"},\"wordCount\":862,\"commentCount\":0,\"publisher\":{\"@id\":\"https:\/\/dicodusport.fr\/blog\/#organization\"},\"image\":{\"@id\":\"https:\/\/dicodusport.fr\/blog\/meeting-de-leure-2025-just-kwaou-mathey-de-retour-le-programme-complet\/#primaryimage\"},\"thumbnailUrl\":\"https:\/\/dicodusport.fr\/blog\/wp-content\/uploads\/2025\/01\/Meeting-de-lEure-2025-Just-Kwaou-Mathey-fait-son-grand-retour.png\",\"keywords\":[\"Agathe Guillemot\",\"Athl\u00e9tisme\",\"br\u00e8ve\",\"Just Kwaou-Mathey\"],\"articleSection\":[\"Athl\u00e9tisme\"],\"inLanguage\":\"fr-FR\",\"potentialAction\":[{\"@type\":\"CommentAction\",\"name\":\"Comment\",\"target\":[\"https:\/\/dicodusport.fr\/blog\/meeting-de-leure-2025-just-kwaou-mathey-de-retour-le-programme-complet\/#respond\"]}],\"copyrightYear\":\"2025\",\"copyrightHolder\":{\"@id\":\"https:\/\/dicodusport.fr\/blog\/#organization\"}},{\"@type\":\"WebPage\",\"@id\":\"https:\/\/dicodusport.fr\/blog\/meeting-de-leure-2025-just-kwaou-mathey-de-retour-le-programme-complet\/\",\"url\":\"https:\/\/dicodusport.fr\/blog\/meeting-de-leure-2025-just-kwaou-mathey-de-retour-le-programme-complet\/\",\"name\":\"Meeting de l'Eure 2025 : Just Kwaou-Mathey de retour, le programme complet\",\"isPartOf\":{\"@id\":\"https:\/\/dicodusport.fr\/blog\/#website\"},\"primaryImageOfPage\":{\"@id\":\"https:\/\/dicodusport.fr\/blog\/meeting-de-leure-2025-just-kwaou-mathey-de-retour-le-programme-complet\/#primaryimage\"},\"image\":{\"@id\":\"https:\/\/dicodusport.fr\/blog\/meeting-de-leure-2025-just-kwaou-mathey-de-retour-le-programme-complet\/#primaryimage\"},\"thumbnailUrl\":\"https:\/\/dicodusport.fr\/blog\/wp-content\/uploads\/2025\/01\/Meeting-de-lEure-2025-Just-Kwaou-Mathey-fait-son-grand-retour.png\",\"datePublished\":\"2025-02-02T07:50:46+00:00\",\"description\":\"ATHL\u00c9TISME - Le meeting de l'Eure 2025 aura lieu ce dimanche 2 f\u00e9vrier. On fait le point sur les forces en pr\u00e9sence pour ce rendez-vous.\",\"breadcrumb\":{\"@id\":\"https:\/\/dicodusport.fr\/blog\/meeting-de-leure-2025-just-kwaou-mathey-de-retour-le-programme-complet\/#breadcrumb\"},\"inLanguage\":\"fr-FR\",\"potentialAction\":[{\"@type\":\"ReadAction\",\"target\":[\"https:\/\/dicodusport.fr\/blog\/meeting-de-leure-2025-just-kwaou-mathey-de-retour-le-programme-complet\/\"]}]},{\"@type\":\"ImageObject\",\"inLanguage\":\"fr-FR\",\"@id\":\"https:\/\/dicodusport.fr\/blog\/meeting-de-leure-2025-just-kwaou-mathey-de-retour-le-programme-complet\/#primaryimage\",\"url\":\"https:\/\/dicodusport.fr\/blog\/wp-content\/uploads\/2025\/01\/Meeting-de-lEure-2025-Just-Kwaou-Mathey-fait-son-grand-retour.png\",\"contentUrl\":\"https:\/\/dicodusport.fr\/blog\/wp-content\/uploads\/2025\/01\/Meeting-de-lEure-2025-Just-Kwaou-Mathey-fait-son-grand-retour.png\",\"width\":1200,\"height\":674,\"caption\":\"Meeting de l'Eure 2025 - Just Kwaou-Mathey fait son grand retour\"},{\"@type\":\"BreadcrumbList\",\"@id\":\"https:\/\/dicodusport.fr\/blog\/meeting-de-leure-2025-just-kwaou-mathey-de-retour-le-programme-complet\/#breadcrumb\",\"itemListElement\":[{\"@type\":\"ListItem\",\"position\":1,\"name\":\"Accueil\",\"item\":\"https:\/\/dicodusport.fr\/blog\/\"},{\"@type\":\"ListItem\",\"position\":2,\"name\":\"Meeting de l&rsquo;Eure 2025 : Just Kwaou-Mathey de retour, le programme complet\"}]},{\"@type\":\"WebSite\",\"@id\":\"https:\/\/dicodusport.fr\/blog\/#website\",\"url\":\"https:\/\/dicodusport.fr\/blog\/\",\"name\":\"Dicodusport\",\"description\":\"L&#039;encyclop\u00e9die de l&#039;actualit\u00e9 sportive\",\"publisher\":{\"@id\":\"https:\/\/dicodusport.fr\/blog\/#organization\"},\"potentialAction\":[{\"@type\":\"SearchAction\",\"target\":{\"@type\":\"EntryPoint\",\"urlTemplate\":\"https:\/\/dicodusport.fr\/blog\/?s={search_term_string}\"},\"query-input\":{\"@type\":\"PropertyValueSpecification\",\"valueRequired\":true,\"valueName\":\"search_term_string\"}}],\"inLanguage\":\"fr-FR\"},{\"@type\":\"NewsMediaOrganization\",\"@id\":\"https:\/\/dicodusport.fr\/blog\/#organization\",\"name\":\"Dicodusport\",\"url\":\"https:\/\/dicodusport.fr\/blog\/\",\"logo\":{\"@type\":\"ImageObject\",\"inLanguage\":\"fr-FR\",\"@id\":\"https:\/\/dicodusport.fr\/blog\/#\/schema\/logo\/image\/\",\"url\":\"https:\/\/dicodusport.fr\/blog\/wp-content\/uploads\/2020\/06\/cropped-LOGO-DICODUSPORT-2020-SANS-FOND-SANS-TEXTE.png\",\"contentUrl\":\"https:\/\/dicodusport.fr\/blog\/wp-content\/uploads\/2020\/06\/cropped-LOGO-DICODUSPORT-2020-SANS-FOND-SANS-TEXTE.png\",\"width\":512,\"height\":512,\"caption\":\"Dicodusport\"},\"image\":{\"@id\":\"https:\/\/dicodusport.fr\/blog\/#\/schema\/logo\/image\/\"},\"sameAs\":[\"https:\/\/www.facebook.com\/dicodusport\",\"https:\/\/x.com\/dicodusport\",\"https:\/\/www.instagram.com\/dicodusport\/\",\"https:\/\/www.youtube.com\/channel\/UC7V2KZ5sd3htJivAbA4ZG3w\"],\"description\":\"Dicodusport est l'encyclop\u00e9die de l'actualit\u00e9 sportive.\",\"email\":\"bonjour@dicodusport.fr\",\"legalName\":\"DICODUSPORT\",\"foundingDate\":\"2018-01-14\",\"vatID\":\"FR71834470973\",\"taxID\":\"83447097300043\",\"numberOfEmployees\":{\"@type\":\"QuantitativeValue\",\"minValue\":\"1\",\"maxValue\":\"10\"}},{\"@type\":\"Person\",\"@id\":\"https:\/\/dicodusport.fr\/blog\/#\/schema\/person\/d603dd7da31fb2b46c82b9835a77ec13\",\"name\":\"Etienne Goursaud\",\"image\":{\"@type\":\"ImageObject\",\"inLanguage\":\"fr-FR\",\"@id\":\"https:\/\/dicodusport.fr\/blog\/#\/schema\/person\/image\/\",\"url\":\"https:\/\/dicodusport.fr\/blog\/wp-content\/uploads\/2023\/12\/410122264_10231602061736049_5565839791558026645_n-150x150.jpg\",\"contentUrl\":\"https:\/\/dicodusport.fr\/blog\/wp-content\/uploads\/2023\/12\/410122264_10231602061736049_5565839791558026645_n-150x150.jpg\",\"caption\":\"Etienne Goursaud\"},\"description\":\"Journaliste et amoureux de sport. Ancien footballeur reconverti athl\u00e8te quand ses muscles le laissent tranquille. \u00c9lev\u00e9 \u00e0 la sauce des exploits de Thomas Voeckler en 2004, du dernier essai de l\u00e9gende de Eunice Barber \u00e0 la longueur lors des championnats du monde d'athl\u00e9tisme de 2003 mais aussi Zidane, Omeyer et Titou Lamaison.\",\"url\":\"https:\/\/dicodusport.fr\/blog\/author\/etienne-goursaud\/\"}]}<\/script>\n<!-- \/ Yoast SEO Premium plugin. -->","yoast_head_json":{"title":"Meeting de l'Eure 2025 : Just Kwaou-Mathey de retour, le programme complet","description":"ATHL\u00c9TISME - Le meeting de l'Eure 2025 aura lieu ce dimanche 2 f\u00e9vrier. On fait le point sur les forces en pr\u00e9sence pour ce rendez-vous.","robots":{"index":"index","follow":"follow","max-snippet":"max-snippet:-1","max-image-preview":"max-image-preview:large","max-video-preview":"max-video-preview:-1"},"canonical":"https:\/\/dicodusport.fr\/blog\/meeting-de-leure-2025-just-kwaou-mathey-de-retour-le-programme-complet\/","og_locale":"fr_FR","og_type":"article","og_title":"Meeting de l'Eure 2025 : Just Kwaou-Mathey de retour, le programme complet","og_description":"ATHL\u00c9TISME - Le meeting de l'Eure 2025 aura lieu ce dimanche 2 f\u00e9vrier. On fait le point sur les forces en pr\u00e9sence pour ce rendez-vous.","og_url":"https:\/\/dicodusport.fr\/blog\/meeting-de-leure-2025-just-kwaou-mathey-de-retour-le-programme-complet\/","og_site_name":"Dicodusport","article_publisher":"https:\/\/www.facebook.com\/dicodusport","article_published_time":"2025-02-02T07:50:46+00:00","og_image":[{"width":1200,"height":674,"url":"https:\/\/dicodusport.fr\/blog\/wp-content\/uploads\/2025\/01\/Meeting-de-lEure-2025-Just-Kwaou-Mathey-fait-son-grand-retour.png","type":"image\/png"}],"author":"Etienne Goursaud","twitter_card":"summary_large_image","twitter_title":"Meeting de l'Eure 2025 : Just Kwaou-Mathey de retour, le programme complet","twitter_creator":"@dicodusport","twitter_site":"@dicodusport","schema":{"@context":"https:\/\/schema.org","@graph":[{"@type":"NewsArticle","@id":"https:\/\/dicodusport.fr\/blog\/meeting-de-leure-2025-just-kwaou-mathey-de-retour-le-programme-complet\/#article","isPartOf":{"@id":"https:\/\/dicodusport.fr\/blog\/meeting-de-leure-2025-just-kwaou-mathey-de-retour-le-programme-complet\/"},"author":{"name":"Etienne Goursaud","@id":"https:\/\/dicodusport.fr\/blog\/#\/schema\/person\/d603dd7da31fb2b46c82b9835a77ec13"},"headline":"Meeting de l&rsquo;Eure 2025 : Just Kwaou-Mathey de retour, le programme complet","datePublished":"2025-02-02T07:50:46+00:00","mainEntityOfPage":{"@id":"https:\/\/dicodusport.fr\/blog\/meeting-de-leure-2025-just-kwaou-mathey-de-retour-le-programme-complet\/"},"wordCount":862,"commentCount":0,"publisher":{"@id":"https:\/\/dicodusport.fr\/blog\/#organization"},"image":{"@id":"https:\/\/dicodusport.fr\/blog\/meeting-de-leure-2025-just-kwaou-mathey-de-retour-le-programme-complet\/#primaryimage"},"thumbnailUrl":"https:\/\/dicodusport.fr\/blog\/wp-content\/uploads\/2025\/01\/Meeting-de-lEure-2025-Just-Kwaou-Mathey-fait-son-grand-retour.png","keywords":["Agathe Guillemot","Athl\u00e9tisme","br\u00e8ve","Just Kwaou-Mathey"],"articleSection":["Athl\u00e9tisme"],"inLanguage":"fr-FR","potentialAction":[{"@type":"CommentAction","name":"Comment","target":["https:\/\/dicodusport.fr\/blog\/meeting-de-leure-2025-just-kwaou-mathey-de-retour-le-programme-complet\/#respond"]}],"copyrightYear":"2025","copyrightHolder":{"@id":"https:\/\/dicodusport.fr\/blog\/#organization"}},{"@type":"WebPage","@id":"https:\/\/dicodusport.fr\/blog\/meeting-de-leure-2025-just-kwaou-mathey-de-retour-le-programme-complet\/","url":"https:\/\/dicodusport.fr\/blog\/meeting-de-leure-2025-just-kwaou-mathey-de-retour-le-programme-complet\/","name":"Meeting de l'Eure 2025 : Just Kwaou-Mathey de retour, le programme complet","isPartOf":{"@id":"https:\/\/dicodusport.fr\/blog\/#website"},"primaryImageOfPage":{"@id":"https:\/\/dicodusport.fr\/blog\/meeting-de-leure-2025-just-kwaou-mathey-de-retour-le-programme-complet\/#primaryimage"},"image":{"@id":"https:\/\/dicodusport.fr\/blog\/meeting-de-leure-2025-just-kwaou-mathey-de-retour-le-programme-complet\/#primaryimage"},"thumbnailUrl":"https:\/\/dicodusport.fr\/blog\/wp-content\/uploads\/2025\/01\/Meeting-de-lEure-2025-Just-Kwaou-Mathey-fait-son-grand-retour.png","datePublished":"2025-02-02T07:50:46+00:00","description":"ATHL\u00c9TISME - Le meeting de l'Eure 2025 aura lieu ce dimanche 2 f\u00e9vrier. On fait le point sur les forces en pr\u00e9sence pour ce rendez-vous.","breadcrumb":{"@id":"https:\/\/dicodusport.fr\/blog\/meeting-de-leure-2025-just-kwaou-mathey-de-retour-le-programme-complet\/#breadcrumb"},"inLanguage":"fr-FR","potentialAction":[{"@type":"ReadAction","target":["https:\/\/dicodusport.fr\/blog\/meeting-de-leure-2025-just-kwaou-mathey-de-retour-le-programme-complet\/"]}]},{"@type":"ImageObject","inLanguage":"fr-FR","@id":"https:\/\/dicodusport.fr\/blog\/meeting-de-leure-2025-just-kwaou-mathey-de-retour-le-programme-complet\/#primaryimage","url":"https:\/\/dicodusport.fr\/blog\/wp-content\/uploads\/2025\/01\/Meeting-de-lEure-2025-Just-Kwaou-Mathey-fait-son-grand-retour.png","contentUrl":"https:\/\/dicodusport.fr\/blog\/wp-content\/uploads\/2025\/01\/Meeting-de-lEure-2025-Just-Kwaou-Mathey-fait-son-grand-retour.png","width":1200,"height":674,"caption":"Meeting de l'Eure 2025 - Just Kwaou-Mathey fait son grand retour"},{"@type":"BreadcrumbList","@id":"https:\/\/dicodusport.fr\/blog\/meeting-de-leure-2025-just-kwaou-mathey-de-retour-le-programme-complet\/#breadcrumb","itemListElement":[{"@type":"ListItem","position":1,"name":"Accueil","item":"https:\/\/dicodusport.fr\/blog\/"},{"@type":"ListItem","position":2,"name":"Meeting de l&rsquo;Eure 2025 : Just Kwaou-Mathey de retour, le programme complet"}]},{"@type":"WebSite","@id":"https:\/\/dicodusport.fr\/blog\/#website","url":"https:\/\/dicodusport.fr\/blog\/","name":"Dicodusport","description":"L&#039;encyclop\u00e9die de l&#039;actualit\u00e9 sportive","publisher":{"@id":"https:\/\/dicodusport.fr\/blog\/#organization"},"potentialAction":[{"@type":"SearchAction","target":{"@type":"EntryPoint","urlTemplate":"https:\/\/dicodusport.fr\/blog\/?s={search_term_string}"},"query-input":{"@type":"PropertyValueSpecification","valueRequired":true,"valueName":"search_term_string"}}],"inLanguage":"fr-FR"},{"@type":"NewsMediaOrganization","@id":"https:\/\/dicodusport.fr\/blog\/#organization","name":"Dicodusport","url":"https:\/\/dicodusport.fr\/blog\/","logo":{"@type":"ImageObject","inLanguage":"fr-FR","@id":"https:\/\/dicodusport.fr\/blog\/#\/schema\/logo\/image\/","url":"https:\/\/dicodusport.fr\/blog\/wp-content\/uploads\/2020\/06\/cropped-LOGO-DICODUSPORT-2020-SANS-FOND-SANS-TEXTE.png","contentUrl":"https:\/\/dicodusport.fr\/blog\/wp-content\/uploads\/2020\/06\/cropped-LOGO-DICODUSPORT-2020-SANS-FOND-SANS-TEXTE.png","width":512,"height":512,"caption":"Dicodusport"},"image":{"@id":"https:\/\/dicodusport.fr\/blog\/#\/schema\/logo\/image\/"},"sameAs":["https:\/\/www.facebook.com\/dicodusport","https:\/\/x.com\/dicodusport","https:\/\/www.instagram.com\/dicodusport\/","https:\/\/www.youtube.com\/channel\/UC7V2KZ5sd3htJivAbA4ZG3w"],"description":"Dicodusport est l'encyclop\u00e9die de l'actualit\u00e9 sportive.","email":"bonjour@dicodusport.fr","legalName":"DICODUSPORT","foundingDate":"2018-01-14","vatID":"FR71834470973","taxID":"83447097300043","numberOfEmployees":{"@type":"QuantitativeValue","minValue":"1","maxValue":"10"}},{"@type":"Person","@id":"https:\/\/dicodusport.fr\/blog\/#\/schema\/person\/d603dd7da31fb2b46c82b9835a77ec13","name":"Etienne Goursaud","image":{"@type":"ImageObject","inLanguage":"fr-FR","@id":"https:\/\/dicodusport.fr\/blog\/#\/schema\/person\/image\/","url":"https:\/\/dicodusport.fr\/blog\/wp-content\/uploads\/2023\/12\/410122264_10231602061736049_5565839791558026645_n-150x150.jpg","contentUrl":"https:\/\/dicodusport.fr\/blog\/wp-content\/uploads\/2023\/12\/410122264_10231602061736049_5565839791558026645_n-150x150.jpg","caption":"Etienne Goursaud"},"description":"Journaliste et amoureux de sport. Ancien footballeur reconverti athl\u00e8te quand ses muscles le laissent tranquille. \u00c9lev\u00e9 \u00e0 la sauce des exploits de Thomas Voeckler en 2004, du dernier essai de l\u00e9gende de Eunice Barber \u00e0 la longueur lors des championnats du monde d'athl\u00e9tisme de 2003 mais aussi Zidane, Omeyer et Titou Lamaison.","url":"https:\/\/dicodusport.fr\/blog\/author\/etienne-goursaud\/"}]}},"_links":{"self":[{"href":"https:\/\/dicodusport.fr\/blog\/wp-json\/wp\/v2\/posts\/550764","targetHints":{"allow":["GET"]}}],"collection":[{"href":"https:\/\/dicodusport.fr\/blog\/wp-json\/wp\/v2\/posts"}],"about":[{"href":"https:\/\/dicodusport.fr\/blog\/wp-json\/wp\/v2\/types\/post"}],"author":[{"embeddable":true,"href":"https:\/\/dicodusport.fr\/blog\/wp-json\/wp\/v2\/users\/83"}],"replies":[{"embeddable":true,"href":"https:\/\/dicodusport.fr\/blog\/wp-json\/wp\/v2\/comments?post=550764"}],"version-history":[{"count":4,"href":"https:\/\/dicodusport.fr\/blog\/wp-json\/wp\/v2\/posts\/550764\/revisions"}],"predecessor-version":[{"id":552185,"href":"https:\/\/dicodusport.fr\/blog\/wp-json\/wp\/v2\/posts\/550764\/revisions\/552185"}],"wp:featuredmedia":[{"embeddable":true,"href":"https:\/\/dicodusport.fr\/blog\/wp-json\/wp\/v2\/media\/550840"}],"wp:attachment":[{"href":"https:\/\/dicodusport.fr\/blog\/wp-json\/wp\/v2\/media?parent=550764"}],"wp:term":[{"taxonomy":"category","embeddable":true,"href":"https:\/\/dicodusport.fr\/blog\/wp-json\/wp\/v2\/categories?post=550764"},{"taxonomy":"post_tag","embeddable":true,"href":"https:\/\/dicodusport.fr\/blog\/wp-json\/wp\/v2\/tags?post=550764"}],"curies":[{"name":"wp","href":"https:\/\/api.w.org\/{rel}","templated":true}]}}