{"id":550800,"date":"2025-01-29T13:50:11","date_gmt":"2025-01-29T12:50:11","guid":{"rendered":"https:\/\/dicodusport.fr\/blog\/?p=550800&#038;preview=true&#038;preview_id=550800"},"modified":"2025-01-29T15:57:55","modified_gmt":"2025-01-29T14:57:55","slug":"alula-tour-2025-tom-pidcock-ouvre-son-compteur-avec-la-q36-5-des-la-2e-etape","status":"publish","type":"post","link":"https:\/\/dicodusport.fr\/blog\/alula-tour-2025-tom-pidcock-ouvre-son-compteur-avec-la-q36-5-des-la-2e-etape\/","title":{"rendered":"AlUla Tour 2025 : Tom Pidcock ouvre son compteur avec la Q36.5 d\u00e8s la 2e \u00e9tape"},"content":{"rendered":"<h4 style=\"text-align: justify;\"><em>ALULA TOUR 2025 &#8211; Tom Pidcock (Q36.5) s&rsquo;est impos\u00e9 au sommet du Bir Jaydah Mountain Wirkah \u00e0 l&rsquo;issue d&rsquo;une 2e \u00e9tape amput\u00e9e d&rsquo;une quarantaine de kilom\u00e8tres, en raison de l&rsquo;\u00e9tat d\u00e9grad\u00e9 de la chauss\u00e9e dans le circuit final. \u00c0 l&rsquo;issue d&rsquo;une course de c\u00f4te au sens le plus litt\u00e9ral du terme, le Britannique a survol\u00e9 la concurrence, et s&#8217;empare de la t\u00eate du classement g\u00e9n\u00e9ral.<span class=\"red fw400\"><span style=\"font-size: 0.9em;\"><br \/>\n<\/span><\/span><\/em><\/h4>\n<p style=\"text-align: justify;\">Apr\u00e8s une mise en jambe r\u00e9serv\u00e9e aux sprinteurs et <a href=\"https:\/\/dicodusport.fr\/blog\/alula-tour-2025-tim-merlier-remporte-la-1ere-etape\/\">remport\u00e9e par le champion d&rsquo;Europe Tim Merlier<\/a>, la 2e \u00e9tape de l&rsquo;<strong>AlUla Tour<\/strong> offrait un parcours caboss\u00e9 au peloton. Au d\u00e9part d&rsquo;AlUla Old Town, les coureurs avaient 157,7 km \u00e0 parcourir pour rejoindre le sommet du <strong>Bir Jaydah Mountain Wirkah<\/strong>, et ses 3km \u00e0 9%. Une c\u00f4te casse-pattes qu&rsquo;il fallait auparavant gravir deux fois en pr\u00e9ambule \u00e0 l&rsquo;ascension finale. Bref, le parcours avait de quoi donner des id\u00e9es aux puncheurs.<\/p>\n<ul style=\"text-align: justify;\">\n<li style=\"text-align: justify;\"><strong>\u00c0 ce sujet &#8211; <a href=\"https:\/\/dicodusport.fr\/blog\/alula-tour-2025-classement-2eme-etape\/\">AlUla Tour 2025 &#8211; Le classement de la 2\u00e8me \u00e9tape<\/a><\/strong><\/li>\n<li style=\"text-align: justify;\"><strong>\u00c0 ce sujet &#8211; <a href=\"https:\/\/dicodusport.fr\/blog\/alula-tour-2025-classement-general\/\">AlUla Tour 2025 &#8211; Classement g\u00e9n\u00e9ral<\/a><\/strong><\/li>\n<\/ul>\n<h2 style=\"text-align: justify;\">Une course totalement tronqu\u00e9e<\/h2>\n<p style=\"text-align: justify;\">Comme la veille, une \u00e9chapp\u00e9e va se former d\u00e8s les premiers kilom\u00e8tres de course, avec quatre \u00e9quipes Continental repr\u00e9sent\u00e9es par <strong>Simone Raccani<\/strong> (JCL Team UKYO), <strong>Jens Reynders<\/strong> (Wagner Bazin WB), <strong>Kongphob Thimachai <\/strong>(Roojai Insurance), <strong>Muhammad Nur Aiman Rosli <\/strong>et <strong>Muhammad Shahmir Aiman Abd Halim<\/strong> (Terengganu Cycling Team). Ce quintet va ouvrir la route en durant une centaine de bornes, jusqu&rsquo;\u00e0 ce que la premi\u00e8re ascension du Bir Jaydah Mountain Wirkah ne fasse exploser le groupe, Reynders et Raccani partant \u00e0 deux. Derri\u00e8re, le peloton contr\u00f4le, et se frotte pour la premi\u00e8re fois \u00e0 cette ascension \u00e0 un rythme mod\u00e9r\u00e9. Rythme qui casse toutefois les jambes \u00e0 de nombreux coureurs, le dernier kilom\u00e8tre offrant des portions s\u00e9v\u00e8res \u00e0 plus de 15%.<\/p>\n<ul>\n<li><strong>\u00c0 lire aussi &#8211; <a href=\"https:\/\/dicodusport.fr\/blog\/alula-tour-2025-parcours-en-detail-et-profil-des-etapes\/\">AlUla Tour 2025 : Parcours en d\u00e9tail et profil des \u00e9tapes<\/a><\/strong><\/li>\n<\/ul>\n<p style=\"text-align: justify;\">Mais alors qu&rsquo;il devait initialement rester deux tours de circuits, et donc deux ascensions, plusieurs modifications de derni\u00e8re minute vont intervenir. L&rsquo;\u00e9tat de la route sur une longue portion cause de nombreuses crevaisons, et pousse la direction de course \u00e0 <strong>retirer un tour de circuit<\/strong>. Dans l&rsquo;urgence, <strong>UAE Team Emirates<\/strong> met un \u00e9norme coup de vis pour reprendre les \u00e9chapp\u00e9es, puis, la course est neutralis\u00e9e durant plusieurs bornes. Alors qu&rsquo;il en restait initialement 45, la course va reprendre \u00e0 seulement&#8230; 5 kilom\u00e8tres de la ligne !<\/p>\n<h2 style=\"text-align: justify;\">Tom Pidcock seul au monde<\/h2>\n<p style=\"text-align: justify;\">C&rsquo;est donc une v\u00e9ritable course de c\u00f4te qui s&rsquo;engage dans les deux kilom\u00e8tres en pr\u00e9ambule \u00e0 la mont\u00e9e finale, avec les deux hommes de t\u00eate qui se font avaler apr\u00e8s avoir b\u00e9n\u00e9fici\u00e9 d&rsquo;un cr\u00e9dit de 28 secondes. Naturellement, les \u00e9quipiers impriment une cadence terrible aux avant-postes et le peloton explose d\u00e8s les premi\u00e8res pentes. Un \u00e0 un, les coureurs s&rsquo;\u00e9cartent, jusqu&rsquo;\u00e0 ce que la <strong>Bahrain Victorious<\/strong> et le <strong>Team UAE<\/strong> prennent le contr\u00f4le des op\u00e9rations. Apr\u00e8s avoir perdu plus de six minutes la veille, <strong>Rafal Majka<\/strong> fait mal \u00e0 tout le monde, mais c&rsquo;est bien un coureur de la Kern-Pharma qui va d\u00e9clencher la premi\u00e8re banderille au moment d&rsquo;aborder les grosses pentes.<\/p>\n<p style=\"text-align: justify;\">Mais <strong>Tom Pidcock<\/strong> (Q36.5 Pro Cycling Team) veille au grain, et attend le bon moment pour placer une attaque tranchante. \u00c0 500m de la ligne, le Britannique s&rsquo;\u00e9chappe, et vole vers la victoire en solitaire. Pour sa premi\u00e8re \u00e9preuve avec sa nouvelle \u00e9quipe, il rafle d\u00e9j\u00e0 sa premi\u00e8re victoire, et s&#8217;empare au passage de la t\u00eate du g\u00e9n\u00e9ral. Derri\u00e8re lui,<strong> Rainer Kepplinger<\/strong> (Bahrain Victorious) et le champion du monde de VTT et n\u00e9ophyte sur route <strong>Alan Hatherly<\/strong> (Jayco AlUla), compl\u00e8tent le podium du jour \u00e0 respectivement 4 et 7 secondes.<\/p>\n<blockquote class=\"twitter-tweet\">\n<p dir=\"ltr\" lang=\"fr\">Pidcock \u00e9trenne son nouveau maillot par une victoire d&rsquo;\u00e9tape dans un raidard au milieu du d\u00e9sert. <a href=\"https:\/\/twitter.com\/hashtag\/AlUlaTour?src=hash&amp;ref_src=twsrc%5Etfw\">#AlUlaTour<\/a> <a href=\"https:\/\/t.co\/qAQHfp9RHa\">pic.twitter.com\/qAQHfp9RHa<\/a><\/p>\n<p>\u2014 Dans la Musette (@DansLaMusette) <a href=\"https:\/\/twitter.com\/DansLaMusette\/status\/1884582921534628051?ref_src=twsrc%5Etfw\">January 29, 2025<\/a><\/p><\/blockquote>\n<p><script async src=\"https:\/\/platform.twitter.com\/widgets.js\" charset=\"utf-8\"><\/script><\/p>\n","protected":false},"excerpt":{"rendered":"<p>ALULA TOUR 2025 &#8211; Tom Pidcock s&rsquo;est impos\u00e9 au sommet du Bir Jaydah Mountain Wirkah \u00e0 l&rsquo;issue d&rsquo;une 2e \u00e9tape amput\u00e9e d&rsquo;une quarantaine de kilom\u00e8tres, en raison de l&rsquo;\u00e9tat d\u00e9grad\u00e9 de la chauss\u00e9e dans le circuit final. \u00c0 l&rsquo;issue d&rsquo;une course de c\u00f4te au sens le plus litt\u00e9ral du terme, le Britannique a survol\u00e9 la concurrence.<\/p>\n","protected":false},"author":55,"featured_media":550865,"comment_status":"open","ping_status":"closed","sticky":false,"template":"","format":"standard","meta":{"_acf_changed":false,"_daextam_enable_autolinks":"1","footnotes":""},"categories":[46994],"tags":[32415,37442,16878,19949],"class_list":["post-550800","post","type-post","status-publish","format-standard","has-post-thumbnail","hentry","category-cyclisme-sur-route","tag-actu","tag-alula-tour","tag-breve","tag-tom-pidcock"],"acf":[],"yoast_head":"<!-- This site is optimized with the Yoast SEO Premium plugin v26.7 (Yoast SEO v26.7) - https:\/\/yoast.com\/wordpress\/plugins\/seo\/ -->\n<title>AlUla Tour 2025 : Tom Pidcock ouvre son compteur avec la Q36.5 d\u00e8s la 2e \u00e9tape<\/title>\n<meta name=\"description\" content=\"ALULA TOUR 2025 - Tom PIdcock a remport\u00e9 une 2e \u00e9tape amput\u00e9e d&#039;une quarantaine de kilom\u00e8tres, au sommet du Bir Jaydah Mountain Wirkah.\" \/>\n<meta name=\"robots\" content=\"index, follow, max-snippet:-1, max-image-preview:large, max-video-preview:-1\" \/>\n<link rel=\"canonical\" href=\"https:\/\/dicodusport.fr\/blog\/alula-tour-2025-tom-pidcock-ouvre-son-compteur-avec-la-q36-5-des-la-2e-etape\/\" \/>\n<meta property=\"og:locale\" content=\"fr_FR\" \/>\n<meta property=\"og:type\" content=\"article\" \/>\n<meta property=\"og:title\" content=\"AlUla Tour 2025 : Tom Pidcock ouvre son compteur avec la Q36.5 d\u00e8s la 2e \u00e9tape\" \/>\n<meta property=\"og:description\" content=\"ALULA TOUR 2025 - Tom PIdcock a remport\u00e9 une 2e \u00e9tape amput\u00e9e d&#039;une quarantaine de kilom\u00e8tres, au sommet du Bir Jaydah Mountain Wirkah.\" \/>\n<meta property=\"og:url\" content=\"https:\/\/dicodusport.fr\/blog\/alula-tour-2025-tom-pidcock-ouvre-son-compteur-avec-la-q36-5-des-la-2e-etape\/\" \/>\n<meta property=\"og:site_name\" content=\"Dicodusport\" \/>\n<meta property=\"article:publisher\" content=\"https:\/\/www.facebook.com\/dicodusport\" \/>\n<meta property=\"article:published_time\" content=\"2025-01-29T12:50:11+00:00\" \/>\n<meta property=\"article:modified_time\" content=\"2025-01-29T14:57:55+00:00\" \/>\n<meta property=\"og:image\" content=\"https:\/\/dicodusport.fr\/blog\/wp-content\/uploads\/2025\/01\/AlUla-Tour-2025-Tom-Pidcock-ouvre-son-compteur-avec-la-Q36.5-des-la-2e-etape.png\" \/>\n\t<meta property=\"og:image:width\" content=\"1200\" \/>\n\t<meta property=\"og:image:height\" content=\"674\" \/>\n\t<meta property=\"og:image:type\" content=\"image\/png\" \/>\n<meta name=\"author\" content=\"Maxime Cazenave\" \/>\n<meta name=\"twitter:card\" content=\"summary_large_image\" \/>\n<meta name=\"twitter:title\" content=\"AlUla Tour 2025 : Tom Pidcock ouvre son compteur avec la Q36.5 d\u00e8s la 2e \u00e9tape\" \/>\n<meta name=\"twitter:creator\" content=\"@https:\/\/twitter.com\/Maxime_Caze\" \/>\n<meta name=\"twitter:site\" content=\"@dicodusport\" \/>\n<script type=\"application\/ld+json\" class=\"yoast-schema-graph\">{\"@context\":\"https:\/\/schema.org\",\"@graph\":[{\"@type\":\"NewsArticle\",\"@id\":\"https:\/\/dicodusport.fr\/blog\/alula-tour-2025-tom-pidcock-ouvre-son-compteur-avec-la-q36-5-des-la-2e-etape\/#article\",\"isPartOf\":{\"@id\":\"https:\/\/dicodusport.fr\/blog\/alula-tour-2025-tom-pidcock-ouvre-son-compteur-avec-la-q36-5-des-la-2e-etape\/\"},\"author\":{\"name\":\"Maxime Cazenave\",\"@id\":\"https:\/\/dicodusport.fr\/blog\/#\/schema\/person\/37def232098a7a5cbab3974a3690abb0\"},\"headline\":\"AlUla Tour 2025 : Tom Pidcock ouvre son compteur avec la Q36.5 d\u00e8s la 2e \u00e9tape\",\"datePublished\":\"2025-01-29T12:50:11+00:00\",\"dateModified\":\"2025-01-29T14:57:55+00:00\",\"mainEntityOfPage\":{\"@id\":\"https:\/\/dicodusport.fr\/blog\/alula-tour-2025-tom-pidcock-ouvre-son-compteur-avec-la-q36-5-des-la-2e-etape\/\"},\"wordCount\":699,\"commentCount\":0,\"publisher\":{\"@id\":\"https:\/\/dicodusport.fr\/blog\/#organization\"},\"image\":{\"@id\":\"https:\/\/dicodusport.fr\/blog\/alula-tour-2025-tom-pidcock-ouvre-son-compteur-avec-la-q36-5-des-la-2e-etape\/#primaryimage\"},\"thumbnailUrl\":\"https:\/\/dicodusport.fr\/blog\/wp-content\/uploads\/2025\/01\/AlUla-Tour-2025-Tom-Pidcock-ouvre-son-compteur-avec-la-Q36.5-des-la-2e-etape.png\",\"keywords\":[\"actu\",\"AlUla Tour\",\"br\u00e8ve\",\"Tom Pidcock\"],\"articleSection\":[\"Cyclisme sur route\"],\"inLanguage\":\"fr-FR\",\"potentialAction\":[{\"@type\":\"CommentAction\",\"name\":\"Comment\",\"target\":[\"https:\/\/dicodusport.fr\/blog\/alula-tour-2025-tom-pidcock-ouvre-son-compteur-avec-la-q36-5-des-la-2e-etape\/#respond\"]}],\"copyrightYear\":\"2025\",\"copyrightHolder\":{\"@id\":\"https:\/\/dicodusport.fr\/blog\/#organization\"}},{\"@type\":\"WebPage\",\"@id\":\"https:\/\/dicodusport.fr\/blog\/alula-tour-2025-tom-pidcock-ouvre-son-compteur-avec-la-q36-5-des-la-2e-etape\/\",\"url\":\"https:\/\/dicodusport.fr\/blog\/alula-tour-2025-tom-pidcock-ouvre-son-compteur-avec-la-q36-5-des-la-2e-etape\/\",\"name\":\"AlUla Tour 2025 : Tom Pidcock ouvre son compteur avec la Q36.5 d\u00e8s la 2e \u00e9tape\",\"isPartOf\":{\"@id\":\"https:\/\/dicodusport.fr\/blog\/#website\"},\"primaryImageOfPage\":{\"@id\":\"https:\/\/dicodusport.fr\/blog\/alula-tour-2025-tom-pidcock-ouvre-son-compteur-avec-la-q36-5-des-la-2e-etape\/#primaryimage\"},\"image\":{\"@id\":\"https:\/\/dicodusport.fr\/blog\/alula-tour-2025-tom-pidcock-ouvre-son-compteur-avec-la-q36-5-des-la-2e-etape\/#primaryimage\"},\"thumbnailUrl\":\"https:\/\/dicodusport.fr\/blog\/wp-content\/uploads\/2025\/01\/AlUla-Tour-2025-Tom-Pidcock-ouvre-son-compteur-avec-la-Q36.5-des-la-2e-etape.png\",\"datePublished\":\"2025-01-29T12:50:11+00:00\",\"dateModified\":\"2025-01-29T14:57:55+00:00\",\"description\":\"ALULA TOUR 2025 - Tom PIdcock a remport\u00e9 une 2e \u00e9tape amput\u00e9e d'une quarantaine de kilom\u00e8tres, au sommet du Bir Jaydah Mountain Wirkah.\",\"breadcrumb\":{\"@id\":\"https:\/\/dicodusport.fr\/blog\/alula-tour-2025-tom-pidcock-ouvre-son-compteur-avec-la-q36-5-des-la-2e-etape\/#breadcrumb\"},\"inLanguage\":\"fr-FR\",\"potentialAction\":[{\"@type\":\"ReadAction\",\"target\":[\"https:\/\/dicodusport.fr\/blog\/alula-tour-2025-tom-pidcock-ouvre-son-compteur-avec-la-q36-5-des-la-2e-etape\/\"]}]},{\"@type\":\"ImageObject\",\"inLanguage\":\"fr-FR\",\"@id\":\"https:\/\/dicodusport.fr\/blog\/alula-tour-2025-tom-pidcock-ouvre-son-compteur-avec-la-q36-5-des-la-2e-etape\/#primaryimage\",\"url\":\"https:\/\/dicodusport.fr\/blog\/wp-content\/uploads\/2025\/01\/AlUla-Tour-2025-Tom-Pidcock-ouvre-son-compteur-avec-la-Q36.5-des-la-2e-etape.png\",\"contentUrl\":\"https:\/\/dicodusport.fr\/blog\/wp-content\/uploads\/2025\/01\/AlUla-Tour-2025-Tom-Pidcock-ouvre-son-compteur-avec-la-Q36.5-des-la-2e-etape.png\",\"width\":1200,\"height\":674,\"caption\":\"AlUla Tour 2025 Tom Pidcock ouvre son compteur avec la Q36.5 d\u00e8s la 2e \u00e9tape\"},{\"@type\":\"BreadcrumbList\",\"@id\":\"https:\/\/dicodusport.fr\/blog\/alula-tour-2025-tom-pidcock-ouvre-son-compteur-avec-la-q36-5-des-la-2e-etape\/#breadcrumb\",\"itemListElement\":[{\"@type\":\"ListItem\",\"position\":1,\"name\":\"Accueil\",\"item\":\"https:\/\/dicodusport.fr\/blog\/\"},{\"@type\":\"ListItem\",\"position\":2,\"name\":\"AlUla Tour 2025 : Tom Pidcock ouvre son compteur avec la Q36.5 d\u00e8s la 2e \u00e9tape\"}]},{\"@type\":\"WebSite\",\"@id\":\"https:\/\/dicodusport.fr\/blog\/#website\",\"url\":\"https:\/\/dicodusport.fr\/blog\/\",\"name\":\"Dicodusport\",\"description\":\"L&#039;encyclop\u00e9die de l&#039;actualit\u00e9 sportive\",\"publisher\":{\"@id\":\"https:\/\/dicodusport.fr\/blog\/#organization\"},\"potentialAction\":[{\"@type\":\"SearchAction\",\"target\":{\"@type\":\"EntryPoint\",\"urlTemplate\":\"https:\/\/dicodusport.fr\/blog\/?s={search_term_string}\"},\"query-input\":{\"@type\":\"PropertyValueSpecification\",\"valueRequired\":true,\"valueName\":\"search_term_string\"}}],\"inLanguage\":\"fr-FR\"},{\"@type\":\"NewsMediaOrganization\",\"@id\":\"https:\/\/dicodusport.fr\/blog\/#organization\",\"name\":\"Dicodusport\",\"url\":\"https:\/\/dicodusport.fr\/blog\/\",\"logo\":{\"@type\":\"ImageObject\",\"inLanguage\":\"fr-FR\",\"@id\":\"https:\/\/dicodusport.fr\/blog\/#\/schema\/logo\/image\/\",\"url\":\"https:\/\/dicodusport.fr\/blog\/wp-content\/uploads\/2020\/06\/cropped-LOGO-DICODUSPORT-2020-SANS-FOND-SANS-TEXTE.png\",\"contentUrl\":\"https:\/\/dicodusport.fr\/blog\/wp-content\/uploads\/2020\/06\/cropped-LOGO-DICODUSPORT-2020-SANS-FOND-SANS-TEXTE.png\",\"width\":512,\"height\":512,\"caption\":\"Dicodusport\"},\"image\":{\"@id\":\"https:\/\/dicodusport.fr\/blog\/#\/schema\/logo\/image\/\"},\"sameAs\":[\"https:\/\/www.facebook.com\/dicodusport\",\"https:\/\/x.com\/dicodusport\",\"https:\/\/www.instagram.com\/dicodusport\/\",\"https:\/\/www.youtube.com\/channel\/UC7V2KZ5sd3htJivAbA4ZG3w\"],\"description\":\"Dicodusport est l'encyclop\u00e9die de l'actualit\u00e9 sportive.\",\"email\":\"bonjour@dicodusport.fr\",\"legalName\":\"DICODUSPORT\",\"foundingDate\":\"2018-01-14\",\"vatID\":\"FR71834470973\",\"taxID\":\"83447097300043\",\"numberOfEmployees\":{\"@type\":\"QuantitativeValue\",\"minValue\":\"1\",\"maxValue\":\"10\"}},{\"@type\":\"Person\",\"@id\":\"https:\/\/dicodusport.fr\/blog\/#\/schema\/person\/37def232098a7a5cbab3974a3690abb0\",\"name\":\"Maxime Cazenave\",\"image\":{\"@type\":\"ImageObject\",\"inLanguage\":\"fr-FR\",\"@id\":\"https:\/\/dicodusport.fr\/blog\/#\/schema\/person\/image\/\",\"url\":\"https:\/\/dicodusport.fr\/blog\/wp-content\/uploads\/2021\/05\/Maxime-Cazenave-150x150.jpg\",\"contentUrl\":\"https:\/\/dicodusport.fr\/blog\/wp-content\/uploads\/2021\/05\/Maxime-Cazenave-150x150.jpg\",\"caption\":\"Maxime Cazenave\"},\"description\":\"Journaliste\/R\u00e9dacteur depuis 2012 - Berc\u00e9 par l\u2019amour des Girondins de Bordeaux, les \u00e9checs de Christophe Moreau sur le Tour de France sous l'\u00e8re Lance Armstrong et le fade-away l\u00e9tal de Dirk Nowitzki, ma passion d\u00e9vorante pour le sport a toujours \u00e9t\u00e9 un pan incontournable de ma vie. Transmettre ma passion \u00e0 l\u2019\u00e9crit a \u00e9t\u00e9 une transition naturelle. Suiveur assidu de basket et de hockey sur glace, je garde toujours un peu de place pour suivre le cyclisme, le football et le maximum de performances fran\u00e7aises.\",\"sameAs\":[\"https:\/\/x.com\/https:\/\/twitter.com\/Maxime_Caze\"],\"url\":\"https:\/\/dicodusport.fr\/blog\/author\/maximec\/\"}]}<\/script>\n<!-- \/ Yoast SEO Premium plugin. -->","yoast_head_json":{"title":"AlUla Tour 2025 : Tom Pidcock ouvre son compteur avec la Q36.5 d\u00e8s la 2e \u00e9tape","description":"ALULA TOUR 2025 - Tom PIdcock a remport\u00e9 une 2e \u00e9tape amput\u00e9e d'une quarantaine de kilom\u00e8tres, au sommet du Bir Jaydah Mountain Wirkah.","robots":{"index":"index","follow":"follow","max-snippet":"max-snippet:-1","max-image-preview":"max-image-preview:large","max-video-preview":"max-video-preview:-1"},"canonical":"https:\/\/dicodusport.fr\/blog\/alula-tour-2025-tom-pidcock-ouvre-son-compteur-avec-la-q36-5-des-la-2e-etape\/","og_locale":"fr_FR","og_type":"article","og_title":"AlUla Tour 2025 : Tom Pidcock ouvre son compteur avec la Q36.5 d\u00e8s la 2e \u00e9tape","og_description":"ALULA TOUR 2025 - Tom PIdcock a remport\u00e9 une 2e \u00e9tape amput\u00e9e d'une quarantaine de kilom\u00e8tres, au sommet du Bir Jaydah Mountain Wirkah.","og_url":"https:\/\/dicodusport.fr\/blog\/alula-tour-2025-tom-pidcock-ouvre-son-compteur-avec-la-q36-5-des-la-2e-etape\/","og_site_name":"Dicodusport","article_publisher":"https:\/\/www.facebook.com\/dicodusport","article_published_time":"2025-01-29T12:50:11+00:00","article_modified_time":"2025-01-29T14:57:55+00:00","og_image":[{"width":1200,"height":674,"url":"https:\/\/dicodusport.fr\/blog\/wp-content\/uploads\/2025\/01\/AlUla-Tour-2025-Tom-Pidcock-ouvre-son-compteur-avec-la-Q36.5-des-la-2e-etape.png","type":"image\/png"}],"author":"Maxime Cazenave","twitter_card":"summary_large_image","twitter_title":"AlUla Tour 2025 : Tom Pidcock ouvre son compteur avec la Q36.5 d\u00e8s la 2e \u00e9tape","twitter_creator":"@https:\/\/twitter.com\/Maxime_Caze","twitter_site":"@dicodusport","schema":{"@context":"https:\/\/schema.org","@graph":[{"@type":"NewsArticle","@id":"https:\/\/dicodusport.fr\/blog\/alula-tour-2025-tom-pidcock-ouvre-son-compteur-avec-la-q36-5-des-la-2e-etape\/#article","isPartOf":{"@id":"https:\/\/dicodusport.fr\/blog\/alula-tour-2025-tom-pidcock-ouvre-son-compteur-avec-la-q36-5-des-la-2e-etape\/"},"author":{"name":"Maxime Cazenave","@id":"https:\/\/dicodusport.fr\/blog\/#\/schema\/person\/37def232098a7a5cbab3974a3690abb0"},"headline":"AlUla Tour 2025 : Tom Pidcock ouvre son compteur avec la Q36.5 d\u00e8s la 2e \u00e9tape","datePublished":"2025-01-29T12:50:11+00:00","dateModified":"2025-01-29T14:57:55+00:00","mainEntityOfPage":{"@id":"https:\/\/dicodusport.fr\/blog\/alula-tour-2025-tom-pidcock-ouvre-son-compteur-avec-la-q36-5-des-la-2e-etape\/"},"wordCount":699,"commentCount":0,"publisher":{"@id":"https:\/\/dicodusport.fr\/blog\/#organization"},"image":{"@id":"https:\/\/dicodusport.fr\/blog\/alula-tour-2025-tom-pidcock-ouvre-son-compteur-avec-la-q36-5-des-la-2e-etape\/#primaryimage"},"thumbnailUrl":"https:\/\/dicodusport.fr\/blog\/wp-content\/uploads\/2025\/01\/AlUla-Tour-2025-Tom-Pidcock-ouvre-son-compteur-avec-la-Q36.5-des-la-2e-etape.png","keywords":["actu","AlUla Tour","br\u00e8ve","Tom Pidcock"],"articleSection":["Cyclisme sur route"],"inLanguage":"fr-FR","potentialAction":[{"@type":"CommentAction","name":"Comment","target":["https:\/\/dicodusport.fr\/blog\/alula-tour-2025-tom-pidcock-ouvre-son-compteur-avec-la-q36-5-des-la-2e-etape\/#respond"]}],"copyrightYear":"2025","copyrightHolder":{"@id":"https:\/\/dicodusport.fr\/blog\/#organization"}},{"@type":"WebPage","@id":"https:\/\/dicodusport.fr\/blog\/alula-tour-2025-tom-pidcock-ouvre-son-compteur-avec-la-q36-5-des-la-2e-etape\/","url":"https:\/\/dicodusport.fr\/blog\/alula-tour-2025-tom-pidcock-ouvre-son-compteur-avec-la-q36-5-des-la-2e-etape\/","name":"AlUla Tour 2025 : Tom Pidcock ouvre son compteur avec la Q36.5 d\u00e8s la 2e \u00e9tape","isPartOf":{"@id":"https:\/\/dicodusport.fr\/blog\/#website"},"primaryImageOfPage":{"@id":"https:\/\/dicodusport.fr\/blog\/alula-tour-2025-tom-pidcock-ouvre-son-compteur-avec-la-q36-5-des-la-2e-etape\/#primaryimage"},"image":{"@id":"https:\/\/dicodusport.fr\/blog\/alula-tour-2025-tom-pidcock-ouvre-son-compteur-avec-la-q36-5-des-la-2e-etape\/#primaryimage"},"thumbnailUrl":"https:\/\/dicodusport.fr\/blog\/wp-content\/uploads\/2025\/01\/AlUla-Tour-2025-Tom-Pidcock-ouvre-son-compteur-avec-la-Q36.5-des-la-2e-etape.png","datePublished":"2025-01-29T12:50:11+00:00","dateModified":"2025-01-29T14:57:55+00:00","description":"ALULA TOUR 2025 - Tom PIdcock a remport\u00e9 une 2e \u00e9tape amput\u00e9e d'une quarantaine de kilom\u00e8tres, au sommet du Bir Jaydah Mountain Wirkah.","breadcrumb":{"@id":"https:\/\/dicodusport.fr\/blog\/alula-tour-2025-tom-pidcock-ouvre-son-compteur-avec-la-q36-5-des-la-2e-etape\/#breadcrumb"},"inLanguage":"fr-FR","potentialAction":[{"@type":"ReadAction","target":["https:\/\/dicodusport.fr\/blog\/alula-tour-2025-tom-pidcock-ouvre-son-compteur-avec-la-q36-5-des-la-2e-etape\/"]}]},{"@type":"ImageObject","inLanguage":"fr-FR","@id":"https:\/\/dicodusport.fr\/blog\/alula-tour-2025-tom-pidcock-ouvre-son-compteur-avec-la-q36-5-des-la-2e-etape\/#primaryimage","url":"https:\/\/dicodusport.fr\/blog\/wp-content\/uploads\/2025\/01\/AlUla-Tour-2025-Tom-Pidcock-ouvre-son-compteur-avec-la-Q36.5-des-la-2e-etape.png","contentUrl":"https:\/\/dicodusport.fr\/blog\/wp-content\/uploads\/2025\/01\/AlUla-Tour-2025-Tom-Pidcock-ouvre-son-compteur-avec-la-Q36.5-des-la-2e-etape.png","width":1200,"height":674,"caption":"AlUla Tour 2025 Tom Pidcock ouvre son compteur avec la Q36.5 d\u00e8s la 2e \u00e9tape"},{"@type":"BreadcrumbList","@id":"https:\/\/dicodusport.fr\/blog\/alula-tour-2025-tom-pidcock-ouvre-son-compteur-avec-la-q36-5-des-la-2e-etape\/#breadcrumb","itemListElement":[{"@type":"ListItem","position":1,"name":"Accueil","item":"https:\/\/dicodusport.fr\/blog\/"},{"@type":"ListItem","position":2,"name":"AlUla Tour 2025 : Tom Pidcock ouvre son compteur avec la Q36.5 d\u00e8s la 2e \u00e9tape"}]},{"@type":"WebSite","@id":"https:\/\/dicodusport.fr\/blog\/#website","url":"https:\/\/dicodusport.fr\/blog\/","name":"Dicodusport","description":"L&#039;encyclop\u00e9die de l&#039;actualit\u00e9 sportive","publisher":{"@id":"https:\/\/dicodusport.fr\/blog\/#organization"},"potentialAction":[{"@type":"SearchAction","target":{"@type":"EntryPoint","urlTemplate":"https:\/\/dicodusport.fr\/blog\/?s={search_term_string}"},"query-input":{"@type":"PropertyValueSpecification","valueRequired":true,"valueName":"search_term_string"}}],"inLanguage":"fr-FR"},{"@type":"NewsMediaOrganization","@id":"https:\/\/dicodusport.fr\/blog\/#organization","name":"Dicodusport","url":"https:\/\/dicodusport.fr\/blog\/","logo":{"@type":"ImageObject","inLanguage":"fr-FR","@id":"https:\/\/dicodusport.fr\/blog\/#\/schema\/logo\/image\/","url":"https:\/\/dicodusport.fr\/blog\/wp-content\/uploads\/2020\/06\/cropped-LOGO-DICODUSPORT-2020-SANS-FOND-SANS-TEXTE.png","contentUrl":"https:\/\/dicodusport.fr\/blog\/wp-content\/uploads\/2020\/06\/cropped-LOGO-DICODUSPORT-2020-SANS-FOND-SANS-TEXTE.png","width":512,"height":512,"caption":"Dicodusport"},"image":{"@id":"https:\/\/dicodusport.fr\/blog\/#\/schema\/logo\/image\/"},"sameAs":["https:\/\/www.facebook.com\/dicodusport","https:\/\/x.com\/dicodusport","https:\/\/www.instagram.com\/dicodusport\/","https:\/\/www.youtube.com\/channel\/UC7V2KZ5sd3htJivAbA4ZG3w"],"description":"Dicodusport est l'encyclop\u00e9die de l'actualit\u00e9 sportive.","email":"bonjour@dicodusport.fr","legalName":"DICODUSPORT","foundingDate":"2018-01-14","vatID":"FR71834470973","taxID":"83447097300043","numberOfEmployees":{"@type":"QuantitativeValue","minValue":"1","maxValue":"10"}},{"@type":"Person","@id":"https:\/\/dicodusport.fr\/blog\/#\/schema\/person\/37def232098a7a5cbab3974a3690abb0","name":"Maxime Cazenave","image":{"@type":"ImageObject","inLanguage":"fr-FR","@id":"https:\/\/dicodusport.fr\/blog\/#\/schema\/person\/image\/","url":"https:\/\/dicodusport.fr\/blog\/wp-content\/uploads\/2021\/05\/Maxime-Cazenave-150x150.jpg","contentUrl":"https:\/\/dicodusport.fr\/blog\/wp-content\/uploads\/2021\/05\/Maxime-Cazenave-150x150.jpg","caption":"Maxime Cazenave"},"description":"Journaliste\/R\u00e9dacteur depuis 2012 - Berc\u00e9 par l\u2019amour des Girondins de Bordeaux, les \u00e9checs de Christophe Moreau sur le Tour de France sous l'\u00e8re Lance Armstrong et le fade-away l\u00e9tal de Dirk Nowitzki, ma passion d\u00e9vorante pour le sport a toujours \u00e9t\u00e9 un pan incontournable de ma vie. Transmettre ma passion \u00e0 l\u2019\u00e9crit a \u00e9t\u00e9 une transition naturelle. Suiveur assidu de basket et de hockey sur glace, je garde toujours un peu de place pour suivre le cyclisme, le football et le maximum de performances fran\u00e7aises.","sameAs":["https:\/\/x.com\/https:\/\/twitter.com\/Maxime_Caze"],"url":"https:\/\/dicodusport.fr\/blog\/author\/maximec\/"}]}},"_links":{"self":[{"href":"https:\/\/dicodusport.fr\/blog\/wp-json\/wp\/v2\/posts\/550800","targetHints":{"allow":["GET"]}}],"collection":[{"href":"https:\/\/dicodusport.fr\/blog\/wp-json\/wp\/v2\/posts"}],"about":[{"href":"https:\/\/dicodusport.fr\/blog\/wp-json\/wp\/v2\/types\/post"}],"author":[{"embeddable":true,"href":"https:\/\/dicodusport.fr\/blog\/wp-json\/wp\/v2\/users\/55"}],"replies":[{"embeddable":true,"href":"https:\/\/dicodusport.fr\/blog\/wp-json\/wp\/v2\/comments?post=550800"}],"version-history":[{"count":5,"href":"https:\/\/dicodusport.fr\/blog\/wp-json\/wp\/v2\/posts\/550800\/revisions"}],"predecessor-version":[{"id":550828,"href":"https:\/\/dicodusport.fr\/blog\/wp-json\/wp\/v2\/posts\/550800\/revisions\/550828"}],"wp:featuredmedia":[{"embeddable":true,"href":"https:\/\/dicodusport.fr\/blog\/wp-json\/wp\/v2\/media\/550865"}],"wp:attachment":[{"href":"https:\/\/dicodusport.fr\/blog\/wp-json\/wp\/v2\/media?parent=550800"}],"wp:term":[{"taxonomy":"category","embeddable":true,"href":"https:\/\/dicodusport.fr\/blog\/wp-json\/wp\/v2\/categories?post=550800"},{"taxonomy":"post_tag","embeddable":true,"href":"https:\/\/dicodusport.fr\/blog\/wp-json\/wp\/v2\/tags?post=550800"}],"curies":[{"name":"wp","href":"https:\/\/api.w.org\/{rel}","templated":true}]}}