{"id":550845,"date":"2025-01-29T16:09:37","date_gmt":"2025-01-29T15:09:37","guid":{"rendered":"https:\/\/dicodusport.fr\/blog\/?p=550845&#038;preview=true&#038;preview_id=550845"},"modified":"2025-01-29T21:45:35","modified_gmt":"2025-01-29T20:45:35","slug":"trofeo-calvia-2025-jan-christen-simpose-en-costaud","status":"publish","type":"post","link":"https:\/\/dicodusport.fr\/blog\/trofeo-calvia-2025-jan-christen-simpose-en-costaud\/","title":{"rendered":"Trofeo Calvia 2025 : Jan Christen s&rsquo;impose en costaud"},"content":{"rendered":"<h4 style=\"text-align: justify;\"><em>TROFEO CALVIA\u00a0 2025 &#8211; Le Suisse Jan Christen (UAE Team Emirates) a remport\u00e9 la premi\u00e8re course du Challenge de Majorque, le Trofeo Calvia, \u00e0 Palmanova, mercredi.\u00a0<\/em><\/h4>\n<p style=\"text-align: justify;\">Pour cette premi\u00e8re course du Challenge de Majorque, les coureurs avaient 149,6 km \u00e0 disputer autour de <strong>Palmanova<\/strong>. Le parcours pr\u00e9sentait huit difficult\u00e9s \u00e0 gravir tout \u00e0 l&rsquo;est de l&rsquo;\u00eele de Palma de Majorque, dans les <b>\u00eeles Bal\u00e9ares.\u00a0<\/b>Malheureusement, ces ascensions ne proposaient pas de gros pourcentages. Cependant, on a assist\u00e9 \u00e0 une course assez d\u00e9cousue.<\/p>\n<ul style=\"text-align: justify;\">\n<li style=\"text-align: justify;\"><strong>\u00c0 ce sujet &#8211;\u00a0<a href=\"https:\/\/dicodusport.fr\/blog\/classement-trofeo-calvia-2025\/\">Classement du Trofeo Calvia 2025<\/a><\/strong><\/li>\n<\/ul>\n<h2 style=\"text-align: justify;\">Tudor contr\u00f4le, UAE Team Emirates dicte sa loi<\/h2>\n<p style=\"text-align: justify;\">Tout d&rsquo;abord, la formation Tudor a neutralis\u00e9 toutes les offensives dans la premi\u00e8re moiti\u00e9 de la course. Malgr\u00e9 les offensives de <strong>Hugh Carthy<\/strong> (EF Education-EasyPost), <strong>Ivan Cobo<\/strong> (Kern Pharma), <strong>Hugo De La Calle<\/strong> (Burgos Burpellet BH) et <strong>Manuele Tarozzi<\/strong> (VF Group Bardiani), il y avait encore un peloton assez important et group\u00e9 au moment d&rsquo;aborder les 50 derniers kilom\u00e8tres.<\/p>\n<p style=\"text-align: justify;\">Puis, onze coureurs ont r\u00e9ussi \u00e0 avoir une trentaine de secondes d\u2019avance. Mais, cette offensive a \u00e9t\u00e9 reprise par le peloton, emmen\u00e9 par l&rsquo;\u00e9quipe <strong>UAE Team Emirates<\/strong>. Par la suite, six coureurs ont refait le m\u00eame coup en vain, \u00e0 30 kilom\u00e8tres du terme.<\/p>\n<p style=\"text-align: justify;\">Cependant, le bon coup est sorti \u00e0 une vingtaine de kilom\u00e8tres, <strong>Frederik<\/strong> <strong>Wandahl<\/strong> (Red Bull-Bora-Hansgrohe) a profit\u00e9 d\u2019une descente pour sortir seul. Derri\u00e8re, <strong>Cl\u00e9ment Champoussin<\/strong> et <strong>Christian Scaroni<\/strong> (XDS Astana) \u00e9taient en contre. Le puncheur italien a produit un gros effort dans l\u2019ultime bosse pour revenir sur le Danois, \u00e0 13 kilom\u00e8tres de l&rsquo;arriv\u00e9e.<\/p>\n<p style=\"text-align: justify;\">Mais, apr\u00e8s la descente et sur une portion plate, <strong>Jan Christen<\/strong> (<a href=\"https:\/\/dicodusport.fr\/blog\/uae-team-emirates-xrg-bilan-2024-objectifs-pour-2025-et-effectif\/\">UAE Team Emirates<\/a>) a fait la jonction avec le duo de t\u00eate, \u00e0 sept kilom\u00e8tres de l&rsquo;arriv\u00e9e. Derri\u00e8re, <strong>Marc Hirschi<\/strong> (Tudor Pro Cycling) est sorti avec <strong>Antonio Morgado<\/strong> (UAE Team Emirates), dans son sillage.<\/p>\n<p style=\"text-align: justify;\">Finalement, <strong>Jan Christen<\/strong> (UAE Team Emirates) a port\u00e9 l\u2019attaque d\u00e9cisive dans le dernier kilom\u00e8tre, apr\u00e8s avoir saut\u00e9 quelques relais. Le Suisse a remport\u00e9 son quatri\u00e8me succ\u00e8s professionnel avec quelques secondes d&rsquo;avance sur <strong>Christian<\/strong> <strong>Scaroni<\/strong> (XDS Astana) et <strong>Antonio Morgado<\/strong> (UAE Team Emirates). Le Portugais est revenu tr\u00e8s fort dans le dernier kilom\u00e8tre. <strong>Frederik Wandahl<\/strong> (Red Bull-Bora-Hansgrohe) a pris la quatri\u00e8me place devant <strong>Marc Hirschi<\/strong> (Tudor Pro Cycling).<\/p>\n<blockquote class=\"twitter-tweet\">\n<p dir=\"ltr\" lang=\"fr\">Jan Christen a remport\u00e9 la premi\u00e8re course du <a href=\"https:\/\/twitter.com\/hashtag\/ChallengeMallorca?src=hash&amp;ref_src=twsrc%5Etfw\">#ChallengeMallorca<\/a>, le <a href=\"https:\/\/twitter.com\/hashtag\/TrofeoCalvia?src=hash&amp;ref_src=twsrc%5Etfw\">#TrofeoCalvia<\/a> . Distanc\u00e9 par le Suisse dans le dernier km, Cristian Scaroni a pris la 2e place devant Antonio Morgado, revenu dans le final de l&rsquo;arri\u00e8re. Wandahl a fini 4e devant Hirschi <a href=\"https:\/\/twitter.com\/hashtag\/cyclisme?src=hash&amp;ref_src=twsrc%5Etfw\">#cyclisme<\/a> <a href=\"https:\/\/t.co\/J0RPCxUxN1\">pic.twitter.com\/J0RPCxUxN1<\/a><\/p>\n<p>\u2014 \ud83d\udeb4 Les Rois du Peloton \ud83d\udeb2 (@LRoisDuPeloton) <a href=\"https:\/\/twitter.com\/LRoisDuPeloton\/status\/1884619922543657035?ref_src=twsrc%5Etfw\">January 29, 2025<\/a><\/p><\/blockquote>\n<p><script async src=\"https:\/\/platform.twitter.com\/widgets.js\" charset=\"utf-8\"><\/script><\/p>\n","protected":false},"excerpt":{"rendered":"<p>Jan Christen s&rsquo;impose en costaud<\/p>\n","protected":false},"author":48,"featured_media":550989,"comment_status":"open","ping_status":"closed","sticky":false,"template":"","format":"standard","meta":{"_acf_changed":false,"_daextam_enable_autolinks":"1","footnotes":""},"categories":[46994],"tags":[32415,3119,16878,21426],"class_list":["post-550845","post","type-post","status-publish","format-standard","has-post-thumbnail","hentry","category-cyclisme-sur-route","tag-actu","tag-actualite-cyclisme","tag-breve","tag-trofeo-calvia"],"acf":[],"yoast_head":"<!-- This site is optimized with the Yoast SEO Premium plugin v26.7 (Yoast SEO v26.7) - https:\/\/yoast.com\/wordpress\/plugins\/seo\/ -->\n<title>Trofeo Calvia 2025 : Jan Christen s&#039;impose en costaud<\/title>\n<meta name=\"description\" content=\"TROFEO CALVIA\u00a0 2025 - Le Suisse Jan Christen (UAE Team Emirates) a remport\u00e9 la premi\u00e8re course du Challenge de Majorque, le Trofeo Calvia, \u00e0 Palmanova, mercredi.\u00a0\" \/>\n<meta name=\"robots\" content=\"index, follow, max-snippet:-1, max-image-preview:large, max-video-preview:-1\" \/>\n<link rel=\"canonical\" href=\"https:\/\/dicodusport.fr\/blog\/trofeo-calvia-2025-jan-christen-simpose-en-costaud\/\" \/>\n<meta property=\"og:locale\" content=\"fr_FR\" \/>\n<meta property=\"og:type\" content=\"article\" \/>\n<meta property=\"og:title\" content=\"Trofeo Calvia 2025 : Jan Christen s&#039;impose en costaud\" \/>\n<meta property=\"og:description\" content=\"TROFEO CALVIA\u00a0 2025 - Le Suisse Jan Christen (UAE Team Emirates) a remport\u00e9 la premi\u00e8re course du Challenge de Majorque, le Trofeo Calvia, \u00e0 Palmanova, mercredi.\u00a0\" \/>\n<meta property=\"og:url\" content=\"https:\/\/dicodusport.fr\/blog\/trofeo-calvia-2025-jan-christen-simpose-en-costaud\/\" \/>\n<meta property=\"og:site_name\" content=\"Dicodusport\" \/>\n<meta property=\"article:publisher\" content=\"https:\/\/www.facebook.com\/dicodusport\" \/>\n<meta property=\"article:author\" content=\"https:\/\/www.facebook.com\/groups\/LesRoisDuPeloton\" \/>\n<meta property=\"article:published_time\" content=\"2025-01-29T15:09:37+00:00\" \/>\n<meta property=\"article:modified_time\" content=\"2025-01-29T20:45:35+00:00\" \/>\n<meta property=\"og:image\" content=\"https:\/\/dicodusport.fr\/blog\/wp-content\/uploads\/2025\/01\/Trofeo-Calvia-2025-Jan-Christen-simpose-en-costaud-1.png\" \/>\n\t<meta property=\"og:image:width\" content=\"1200\" \/>\n\t<meta property=\"og:image:height\" content=\"674\" \/>\n\t<meta property=\"og:image:type\" content=\"image\/png\" \/>\n<meta name=\"author\" content=\"Emilien Descampiaux\" \/>\n<meta name=\"twitter:card\" content=\"summary_large_image\" \/>\n<meta name=\"twitter:title\" content=\"Trofeo Calvia 2025 : Jan Christen s&#039;impose en costaud\" \/>\n<meta name=\"twitter:creator\" content=\"@https:\/\/twitter.com\/LRoisDuPeloton\" \/>\n<meta name=\"twitter:site\" content=\"@dicodusport\" \/>\n<script type=\"application\/ld+json\" class=\"yoast-schema-graph\">{\"@context\":\"https:\/\/schema.org\",\"@graph\":[{\"@type\":\"NewsArticle\",\"@id\":\"https:\/\/dicodusport.fr\/blog\/trofeo-calvia-2025-jan-christen-simpose-en-costaud\/#article\",\"isPartOf\":{\"@id\":\"https:\/\/dicodusport.fr\/blog\/trofeo-calvia-2025-jan-christen-simpose-en-costaud\/\"},\"author\":{\"name\":\"Emilien Descampiaux\",\"@id\":\"https:\/\/dicodusport.fr\/blog\/#\/schema\/person\/6db4bae06b171592211be385b32876a7\"},\"headline\":\"Trofeo Calvia 2025 : Jan Christen s&rsquo;impose en costaud\",\"datePublished\":\"2025-01-29T15:09:37+00:00\",\"dateModified\":\"2025-01-29T20:45:35+00:00\",\"mainEntityOfPage\":{\"@id\":\"https:\/\/dicodusport.fr\/blog\/trofeo-calvia-2025-jan-christen-simpose-en-costaud\/\"},\"wordCount\":457,\"commentCount\":0,\"publisher\":{\"@id\":\"https:\/\/dicodusport.fr\/blog\/#organization\"},\"image\":{\"@id\":\"https:\/\/dicodusport.fr\/blog\/trofeo-calvia-2025-jan-christen-simpose-en-costaud\/#primaryimage\"},\"thumbnailUrl\":\"https:\/\/dicodusport.fr\/blog\/wp-content\/uploads\/2025\/01\/Trofeo-Calvia-2025-Jan-Christen-simpose-en-costaud-1.png\",\"keywords\":[\"actu\",\"Actualit\u00e9 Cyclisme\",\"br\u00e8ve\",\"Trofeo Calvia\"],\"articleSection\":[\"Cyclisme sur route\"],\"inLanguage\":\"fr-FR\",\"potentialAction\":[{\"@type\":\"CommentAction\",\"name\":\"Comment\",\"target\":[\"https:\/\/dicodusport.fr\/blog\/trofeo-calvia-2025-jan-christen-simpose-en-costaud\/#respond\"]}],\"copyrightYear\":\"2025\",\"copyrightHolder\":{\"@id\":\"https:\/\/dicodusport.fr\/blog\/#organization\"}},{\"@type\":\"WebPage\",\"@id\":\"https:\/\/dicodusport.fr\/blog\/trofeo-calvia-2025-jan-christen-simpose-en-costaud\/\",\"url\":\"https:\/\/dicodusport.fr\/blog\/trofeo-calvia-2025-jan-christen-simpose-en-costaud\/\",\"name\":\"Trofeo Calvia 2025 : Jan Christen s'impose en costaud\",\"isPartOf\":{\"@id\":\"https:\/\/dicodusport.fr\/blog\/#website\"},\"primaryImageOfPage\":{\"@id\":\"https:\/\/dicodusport.fr\/blog\/trofeo-calvia-2025-jan-christen-simpose-en-costaud\/#primaryimage\"},\"image\":{\"@id\":\"https:\/\/dicodusport.fr\/blog\/trofeo-calvia-2025-jan-christen-simpose-en-costaud\/#primaryimage\"},\"thumbnailUrl\":\"https:\/\/dicodusport.fr\/blog\/wp-content\/uploads\/2025\/01\/Trofeo-Calvia-2025-Jan-Christen-simpose-en-costaud-1.png\",\"datePublished\":\"2025-01-29T15:09:37+00:00\",\"dateModified\":\"2025-01-29T20:45:35+00:00\",\"description\":\"TROFEO CALVIA\u00a0 2025 - Le Suisse Jan Christen (UAE Team Emirates) a remport\u00e9 la premi\u00e8re course du Challenge de Majorque, le Trofeo Calvia, \u00e0 Palmanova, mercredi.\u00a0\",\"breadcrumb\":{\"@id\":\"https:\/\/dicodusport.fr\/blog\/trofeo-calvia-2025-jan-christen-simpose-en-costaud\/#breadcrumb\"},\"inLanguage\":\"fr-FR\",\"potentialAction\":[{\"@type\":\"ReadAction\",\"target\":[\"https:\/\/dicodusport.fr\/blog\/trofeo-calvia-2025-jan-christen-simpose-en-costaud\/\"]}]},{\"@type\":\"ImageObject\",\"inLanguage\":\"fr-FR\",\"@id\":\"https:\/\/dicodusport.fr\/blog\/trofeo-calvia-2025-jan-christen-simpose-en-costaud\/#primaryimage\",\"url\":\"https:\/\/dicodusport.fr\/blog\/wp-content\/uploads\/2025\/01\/Trofeo-Calvia-2025-Jan-Christen-simpose-en-costaud-1.png\",\"contentUrl\":\"https:\/\/dicodusport.fr\/blog\/wp-content\/uploads\/2025\/01\/Trofeo-Calvia-2025-Jan-Christen-simpose-en-costaud-1.png\",\"width\":1200,\"height\":674,\"caption\":\"Trofeo Calvia 2025 Jan Christen s'impose en costaud (1)\"},{\"@type\":\"BreadcrumbList\",\"@id\":\"https:\/\/dicodusport.fr\/blog\/trofeo-calvia-2025-jan-christen-simpose-en-costaud\/#breadcrumb\",\"itemListElement\":[{\"@type\":\"ListItem\",\"position\":1,\"name\":\"Accueil\",\"item\":\"https:\/\/dicodusport.fr\/blog\/\"},{\"@type\":\"ListItem\",\"position\":2,\"name\":\"Trofeo Calvia 2025 : Jan Christen s&#8217;impose en costaud\"}]},{\"@type\":\"WebSite\",\"@id\":\"https:\/\/dicodusport.fr\/blog\/#website\",\"url\":\"https:\/\/dicodusport.fr\/blog\/\",\"name\":\"Dicodusport\",\"description\":\"L&#039;encyclop\u00e9die de l&#039;actualit\u00e9 sportive\",\"publisher\":{\"@id\":\"https:\/\/dicodusport.fr\/blog\/#organization\"},\"potentialAction\":[{\"@type\":\"SearchAction\",\"target\":{\"@type\":\"EntryPoint\",\"urlTemplate\":\"https:\/\/dicodusport.fr\/blog\/?s={search_term_string}\"},\"query-input\":{\"@type\":\"PropertyValueSpecification\",\"valueRequired\":true,\"valueName\":\"search_term_string\"}}],\"inLanguage\":\"fr-FR\"},{\"@type\":\"NewsMediaOrganization\",\"@id\":\"https:\/\/dicodusport.fr\/blog\/#organization\",\"name\":\"Dicodusport\",\"url\":\"https:\/\/dicodusport.fr\/blog\/\",\"logo\":{\"@type\":\"ImageObject\",\"inLanguage\":\"fr-FR\",\"@id\":\"https:\/\/dicodusport.fr\/blog\/#\/schema\/logo\/image\/\",\"url\":\"https:\/\/dicodusport.fr\/blog\/wp-content\/uploads\/2020\/06\/cropped-LOGO-DICODUSPORT-2020-SANS-FOND-SANS-TEXTE.png\",\"contentUrl\":\"https:\/\/dicodusport.fr\/blog\/wp-content\/uploads\/2020\/06\/cropped-LOGO-DICODUSPORT-2020-SANS-FOND-SANS-TEXTE.png\",\"width\":512,\"height\":512,\"caption\":\"Dicodusport\"},\"image\":{\"@id\":\"https:\/\/dicodusport.fr\/blog\/#\/schema\/logo\/image\/\"},\"sameAs\":[\"https:\/\/www.facebook.com\/dicodusport\",\"https:\/\/x.com\/dicodusport\",\"https:\/\/www.instagram.com\/dicodusport\/\",\"https:\/\/www.youtube.com\/channel\/UC7V2KZ5sd3htJivAbA4ZG3w\"],\"description\":\"Dicodusport est l'encyclop\u00e9die de l'actualit\u00e9 sportive.\",\"email\":\"bonjour@dicodusport.fr\",\"legalName\":\"DICODUSPORT\",\"foundingDate\":\"2018-01-14\",\"vatID\":\"FR71834470973\",\"taxID\":\"83447097300043\",\"numberOfEmployees\":{\"@type\":\"QuantitativeValue\",\"minValue\":\"1\",\"maxValue\":\"10\"}},{\"@type\":\"Person\",\"@id\":\"https:\/\/dicodusport.fr\/blog\/#\/schema\/person\/6db4bae06b171592211be385b32876a7\",\"name\":\"Emilien Descampiaux\",\"image\":{\"@type\":\"ImageObject\",\"inLanguage\":\"fr-FR\",\"@id\":\"https:\/\/dicodusport.fr\/blog\/#\/schema\/person\/image\/\",\"url\":\"https:\/\/dicodusport.fr\/blog\/wp-content\/uploads\/2021\/05\/Emilien-Descampiaux-150x150.jpg\",\"contentUrl\":\"https:\/\/dicodusport.fr\/blog\/wp-content\/uploads\/2021\/05\/Emilien-Descampiaux-150x150.jpg\",\"caption\":\"Emilien Descampiaux\"},\"description\":\"Journaliste\/r\u00e9dacteur depuis 2014 - Fan de la classe de Frank Vandenbroucke, je vis cyclisme (et de ses paysages) depuis plus de 20 ans. Je suis tr\u00e8s impliqu\u00e9 sur mes diff\u00e9rents r\u00e9seaux sociaux pour partager ma passion sur le monde et l'Histoire de la bicyclette avec ma voix sur les images en noir et blanc du succ\u00e8s de Rik Van Steenbergen lors du Ronde sur le V\u00e9lodrome de Gand.\",\"sameAs\":[\"https:\/\/www.facebook.com\/groups\/LesRoisDuPeloton\",\"https:\/\/x.com\/https:\/\/twitter.com\/LRoisDuPeloton\"],\"url\":\"https:\/\/dicodusport.fr\/blog\/author\/emiliend\/\"}]}<\/script>\n<!-- \/ Yoast SEO Premium plugin. -->","yoast_head_json":{"title":"Trofeo Calvia 2025 : Jan Christen s'impose en costaud","description":"TROFEO CALVIA\u00a0 2025 - Le Suisse Jan Christen (UAE Team Emirates) a remport\u00e9 la premi\u00e8re course du Challenge de Majorque, le Trofeo Calvia, \u00e0 Palmanova, mercredi.\u00a0","robots":{"index":"index","follow":"follow","max-snippet":"max-snippet:-1","max-image-preview":"max-image-preview:large","max-video-preview":"max-video-preview:-1"},"canonical":"https:\/\/dicodusport.fr\/blog\/trofeo-calvia-2025-jan-christen-simpose-en-costaud\/","og_locale":"fr_FR","og_type":"article","og_title":"Trofeo Calvia 2025 : Jan Christen s'impose en costaud","og_description":"TROFEO CALVIA\u00a0 2025 - Le Suisse Jan Christen (UAE Team Emirates) a remport\u00e9 la premi\u00e8re course du Challenge de Majorque, le Trofeo Calvia, \u00e0 Palmanova, mercredi.\u00a0","og_url":"https:\/\/dicodusport.fr\/blog\/trofeo-calvia-2025-jan-christen-simpose-en-costaud\/","og_site_name":"Dicodusport","article_publisher":"https:\/\/www.facebook.com\/dicodusport","article_author":"https:\/\/www.facebook.com\/groups\/LesRoisDuPeloton","article_published_time":"2025-01-29T15:09:37+00:00","article_modified_time":"2025-01-29T20:45:35+00:00","og_image":[{"width":1200,"height":674,"url":"https:\/\/dicodusport.fr\/blog\/wp-content\/uploads\/2025\/01\/Trofeo-Calvia-2025-Jan-Christen-simpose-en-costaud-1.png","type":"image\/png"}],"author":"Emilien Descampiaux","twitter_card":"summary_large_image","twitter_title":"Trofeo Calvia 2025 : Jan Christen s'impose en costaud","twitter_creator":"@https:\/\/twitter.com\/LRoisDuPeloton","twitter_site":"@dicodusport","schema":{"@context":"https:\/\/schema.org","@graph":[{"@type":"NewsArticle","@id":"https:\/\/dicodusport.fr\/blog\/trofeo-calvia-2025-jan-christen-simpose-en-costaud\/#article","isPartOf":{"@id":"https:\/\/dicodusport.fr\/blog\/trofeo-calvia-2025-jan-christen-simpose-en-costaud\/"},"author":{"name":"Emilien Descampiaux","@id":"https:\/\/dicodusport.fr\/blog\/#\/schema\/person\/6db4bae06b171592211be385b32876a7"},"headline":"Trofeo Calvia 2025 : Jan Christen s&rsquo;impose en costaud","datePublished":"2025-01-29T15:09:37+00:00","dateModified":"2025-01-29T20:45:35+00:00","mainEntityOfPage":{"@id":"https:\/\/dicodusport.fr\/blog\/trofeo-calvia-2025-jan-christen-simpose-en-costaud\/"},"wordCount":457,"commentCount":0,"publisher":{"@id":"https:\/\/dicodusport.fr\/blog\/#organization"},"image":{"@id":"https:\/\/dicodusport.fr\/blog\/trofeo-calvia-2025-jan-christen-simpose-en-costaud\/#primaryimage"},"thumbnailUrl":"https:\/\/dicodusport.fr\/blog\/wp-content\/uploads\/2025\/01\/Trofeo-Calvia-2025-Jan-Christen-simpose-en-costaud-1.png","keywords":["actu","Actualit\u00e9 Cyclisme","br\u00e8ve","Trofeo Calvia"],"articleSection":["Cyclisme sur route"],"inLanguage":"fr-FR","potentialAction":[{"@type":"CommentAction","name":"Comment","target":["https:\/\/dicodusport.fr\/blog\/trofeo-calvia-2025-jan-christen-simpose-en-costaud\/#respond"]}],"copyrightYear":"2025","copyrightHolder":{"@id":"https:\/\/dicodusport.fr\/blog\/#organization"}},{"@type":"WebPage","@id":"https:\/\/dicodusport.fr\/blog\/trofeo-calvia-2025-jan-christen-simpose-en-costaud\/","url":"https:\/\/dicodusport.fr\/blog\/trofeo-calvia-2025-jan-christen-simpose-en-costaud\/","name":"Trofeo Calvia 2025 : Jan Christen s'impose en costaud","isPartOf":{"@id":"https:\/\/dicodusport.fr\/blog\/#website"},"primaryImageOfPage":{"@id":"https:\/\/dicodusport.fr\/blog\/trofeo-calvia-2025-jan-christen-simpose-en-costaud\/#primaryimage"},"image":{"@id":"https:\/\/dicodusport.fr\/blog\/trofeo-calvia-2025-jan-christen-simpose-en-costaud\/#primaryimage"},"thumbnailUrl":"https:\/\/dicodusport.fr\/blog\/wp-content\/uploads\/2025\/01\/Trofeo-Calvia-2025-Jan-Christen-simpose-en-costaud-1.png","datePublished":"2025-01-29T15:09:37+00:00","dateModified":"2025-01-29T20:45:35+00:00","description":"TROFEO CALVIA\u00a0 2025 - Le Suisse Jan Christen (UAE Team Emirates) a remport\u00e9 la premi\u00e8re course du Challenge de Majorque, le Trofeo Calvia, \u00e0 Palmanova, mercredi.\u00a0","breadcrumb":{"@id":"https:\/\/dicodusport.fr\/blog\/trofeo-calvia-2025-jan-christen-simpose-en-costaud\/#breadcrumb"},"inLanguage":"fr-FR","potentialAction":[{"@type":"ReadAction","target":["https:\/\/dicodusport.fr\/blog\/trofeo-calvia-2025-jan-christen-simpose-en-costaud\/"]}]},{"@type":"ImageObject","inLanguage":"fr-FR","@id":"https:\/\/dicodusport.fr\/blog\/trofeo-calvia-2025-jan-christen-simpose-en-costaud\/#primaryimage","url":"https:\/\/dicodusport.fr\/blog\/wp-content\/uploads\/2025\/01\/Trofeo-Calvia-2025-Jan-Christen-simpose-en-costaud-1.png","contentUrl":"https:\/\/dicodusport.fr\/blog\/wp-content\/uploads\/2025\/01\/Trofeo-Calvia-2025-Jan-Christen-simpose-en-costaud-1.png","width":1200,"height":674,"caption":"Trofeo Calvia 2025 Jan Christen s'impose en costaud (1)"},{"@type":"BreadcrumbList","@id":"https:\/\/dicodusport.fr\/blog\/trofeo-calvia-2025-jan-christen-simpose-en-costaud\/#breadcrumb","itemListElement":[{"@type":"ListItem","position":1,"name":"Accueil","item":"https:\/\/dicodusport.fr\/blog\/"},{"@type":"ListItem","position":2,"name":"Trofeo Calvia 2025 : Jan Christen s&#8217;impose en costaud"}]},{"@type":"WebSite","@id":"https:\/\/dicodusport.fr\/blog\/#website","url":"https:\/\/dicodusport.fr\/blog\/","name":"Dicodusport","description":"L&#039;encyclop\u00e9die de l&#039;actualit\u00e9 sportive","publisher":{"@id":"https:\/\/dicodusport.fr\/blog\/#organization"},"potentialAction":[{"@type":"SearchAction","target":{"@type":"EntryPoint","urlTemplate":"https:\/\/dicodusport.fr\/blog\/?s={search_term_string}"},"query-input":{"@type":"PropertyValueSpecification","valueRequired":true,"valueName":"search_term_string"}}],"inLanguage":"fr-FR"},{"@type":"NewsMediaOrganization","@id":"https:\/\/dicodusport.fr\/blog\/#organization","name":"Dicodusport","url":"https:\/\/dicodusport.fr\/blog\/","logo":{"@type":"ImageObject","inLanguage":"fr-FR","@id":"https:\/\/dicodusport.fr\/blog\/#\/schema\/logo\/image\/","url":"https:\/\/dicodusport.fr\/blog\/wp-content\/uploads\/2020\/06\/cropped-LOGO-DICODUSPORT-2020-SANS-FOND-SANS-TEXTE.png","contentUrl":"https:\/\/dicodusport.fr\/blog\/wp-content\/uploads\/2020\/06\/cropped-LOGO-DICODUSPORT-2020-SANS-FOND-SANS-TEXTE.png","width":512,"height":512,"caption":"Dicodusport"},"image":{"@id":"https:\/\/dicodusport.fr\/blog\/#\/schema\/logo\/image\/"},"sameAs":["https:\/\/www.facebook.com\/dicodusport","https:\/\/x.com\/dicodusport","https:\/\/www.instagram.com\/dicodusport\/","https:\/\/www.youtube.com\/channel\/UC7V2KZ5sd3htJivAbA4ZG3w"],"description":"Dicodusport est l'encyclop\u00e9die de l'actualit\u00e9 sportive.","email":"bonjour@dicodusport.fr","legalName":"DICODUSPORT","foundingDate":"2018-01-14","vatID":"FR71834470973","taxID":"83447097300043","numberOfEmployees":{"@type":"QuantitativeValue","minValue":"1","maxValue":"10"}},{"@type":"Person","@id":"https:\/\/dicodusport.fr\/blog\/#\/schema\/person\/6db4bae06b171592211be385b32876a7","name":"Emilien Descampiaux","image":{"@type":"ImageObject","inLanguage":"fr-FR","@id":"https:\/\/dicodusport.fr\/blog\/#\/schema\/person\/image\/","url":"https:\/\/dicodusport.fr\/blog\/wp-content\/uploads\/2021\/05\/Emilien-Descampiaux-150x150.jpg","contentUrl":"https:\/\/dicodusport.fr\/blog\/wp-content\/uploads\/2021\/05\/Emilien-Descampiaux-150x150.jpg","caption":"Emilien Descampiaux"},"description":"Journaliste\/r\u00e9dacteur depuis 2014 - Fan de la classe de Frank Vandenbroucke, je vis cyclisme (et de ses paysages) depuis plus de 20 ans. Je suis tr\u00e8s impliqu\u00e9 sur mes diff\u00e9rents r\u00e9seaux sociaux pour partager ma passion sur le monde et l'Histoire de la bicyclette avec ma voix sur les images en noir et blanc du succ\u00e8s de Rik Van Steenbergen lors du Ronde sur le V\u00e9lodrome de Gand.","sameAs":["https:\/\/www.facebook.com\/groups\/LesRoisDuPeloton","https:\/\/x.com\/https:\/\/twitter.com\/LRoisDuPeloton"],"url":"https:\/\/dicodusport.fr\/blog\/author\/emiliend\/"}]}},"_links":{"self":[{"href":"https:\/\/dicodusport.fr\/blog\/wp-json\/wp\/v2\/posts\/550845","targetHints":{"allow":["GET"]}}],"collection":[{"href":"https:\/\/dicodusport.fr\/blog\/wp-json\/wp\/v2\/posts"}],"about":[{"href":"https:\/\/dicodusport.fr\/blog\/wp-json\/wp\/v2\/types\/post"}],"author":[{"embeddable":true,"href":"https:\/\/dicodusport.fr\/blog\/wp-json\/wp\/v2\/users\/48"}],"replies":[{"embeddable":true,"href":"https:\/\/dicodusport.fr\/blog\/wp-json\/wp\/v2\/comments?post=550845"}],"version-history":[{"count":5,"href":"https:\/\/dicodusport.fr\/blog\/wp-json\/wp\/v2\/posts\/550845\/revisions"}],"predecessor-version":[{"id":550889,"href":"https:\/\/dicodusport.fr\/blog\/wp-json\/wp\/v2\/posts\/550845\/revisions\/550889"}],"wp:featuredmedia":[{"embeddable":true,"href":"https:\/\/dicodusport.fr\/blog\/wp-json\/wp\/v2\/media\/550989"}],"wp:attachment":[{"href":"https:\/\/dicodusport.fr\/blog\/wp-json\/wp\/v2\/media?parent=550845"}],"wp:term":[{"taxonomy":"category","embeddable":true,"href":"https:\/\/dicodusport.fr\/blog\/wp-json\/wp\/v2\/categories?post=550845"},{"taxonomy":"post_tag","embeddable":true,"href":"https:\/\/dicodusport.fr\/blog\/wp-json\/wp\/v2\/tags?post=550845"}],"curies":[{"name":"wp","href":"https:\/\/api.w.org\/{rel}","templated":true}]}}