{"id":550846,"date":"2025-01-29T16:00:43","date_gmt":"2025-01-29T15:00:43","guid":{"rendered":"https:\/\/dicodusport.fr\/blog\/?p=550846&#038;preview=true&#038;preview_id=550846"},"modified":"2025-07-09T18:36:02","modified_gmt":"2025-07-09T16:36:02","slug":"biathlon-championnats-deurope-isak-frey-sacre-sur-lindividuel-hommes","status":"publish","type":"post","link":"https:\/\/dicodusport.fr\/blog\/biathlon-championnats-deurope-isak-frey-sacre-sur-lindividuel-hommes\/","title":{"rendered":"Biathlon Championnats d&rsquo;Europe : Isak Frey sacr\u00e9 sur l&rsquo;individuel hommes"},"content":{"rendered":"<h4 style=\"text-align: justify;\"><em>CHAMPIONNATS D&rsquo;EUROPE DE BIATHLON 2025 &#8211; Sans surprise, un Norv\u00e9gien a rafl\u00e9 l&rsquo;or sur l&rsquo;individuel hommes. Isak Frey a d\u00e9croch\u00e9 la victoire malgr\u00e9 un 18\/20 dans une \u00e9preuve marqu\u00e9e par du d\u00e9chet sur le pas de tir. Le surprenant Autrichien Fredrik M\u00fchlbacher et le Su\u00e9dois Emil Nykvist compl\u00e8tent le podium. Aucun Fran\u00e7ais n&rsquo;est parvenu \u00e0 accrocher ne serait-ce qu&rsquo;un Top 10.<\/em><\/h4>\n<ul style=\"text-align: justify;\">\n<li style=\"text-align: justify;\"><strong>\u00c0 ce sujet \u2013\u00a0<a href=\"https:\/\/dicodusport.fr\/blog\/biathlon-championnats-deurope-programme-complet-et-resultats\/\">Biathlon Championnats d&rsquo;Europe : Programme complet et r\u00e9sultats<\/a><\/strong><\/li>\n<\/ul>\n<p style=\"text-align: justify;\">Suite \u00e0 l&rsquo;individuel f\u00e9minin, qui a ouvert les <strong>championnats d&rsquo;Europe de biathlon<\/strong> \u00e0 <strong>Martell-Val Martello<\/strong>, place \u00e0 l&rsquo;<strong>individuel masculin<\/strong>. Dans l&rsquo;apr\u00e8s-midi, la course s&rsquo;est d\u00e9roul\u00e9e avec cinq Fran\u00e7ais en lice pour tenter d&rsquo;aller arracher un podium au milieu d&rsquo;une concurrence f\u00e9roce, men\u00e9e par une Norv\u00e8ge pr\u00e9sentant cinq vainqueurs potentiels au d\u00e9part.<\/p>\n<h2 style=\"text-align: justify;\">Oscar Lombardot \u00e0 la lutte pour le podium jusqu&rsquo;au dernier pas de tir<\/h2>\n<p style=\"text-align: justify;\">Malgr\u00e9 tout, un <strong>Oscar Lombardot<\/strong> avait la possibilit\u00e9 d&rsquo;aller chercher un bon r\u00e9sultat. En t\u00eate apr\u00e8s le premier tir, il reste dans le coup \u00e0 mi-course en affichant un correct 9\/10 combin\u00e9 \u00e0 un bon temps de ski. Dans une \u00e9preuve marqu\u00e9e par une grosse maladresse g\u00e9n\u00e9rale \u00e0 la carabine, rien n&rsquo;est encore fait, et le Tricolore parvient \u00e0 pr\u00e9server ses chances en montant \u00e0 14\/15. Un v\u00e9ritable luxe par rapport \u00e0 la concurrence, qui lui permet de rester provisoirement sur le podium avant l&rsquo;ultime pas de tir. Dans le m\u00eame temps, la redoutable colonie norv\u00e9gienne a l\u00e2ch\u00e9 du lest, rendant la course totalement ind\u00e9cise.<\/p>\n<p style=\"text-align: justify;\">De <strong>Johannes Dale <\/strong>\u00e0<strong> Sverre Aspenes<\/strong>, en passant par <strong>Johan-Olav Botn<\/strong>, tous s&rsquo;\u00e9crasent sur le pas de tir, et voient leurs chances s&rsquo;envoler. Seuls <strong>Vetle Christiansen<\/strong> et <strong>Isak Frey<\/strong> sauvent les meubles, et s&rsquo;immiscent \u00e0 la lutte pour le podium avec Lombardot, mais aussi <strong>Emil Nykvist <\/strong>et <strong>George Coltea<\/strong>, qui survivent avec un parfait 15\/15. Malheureusement pour le clan tricolore, <strong>Oscar Lombardot<\/strong> s&rsquo;effondre au dernier tir debout, un 2\/5 annihilant toutes ses chances.<\/p>\n<p style=\"text-align: justify;\">La lutte pour le podium se disputera donc sans Fran\u00e7ais puisque le reste du contingent n&rsquo;a jamais \u00e9t\u00e9 dans le coup, que ce soit <strong>R\u00e9mi Broutier<\/strong>, <strong>Th\u00e9o Guiraud-Poillot<\/strong> ou <strong>Ga\u00ebtan Paturel<\/strong>, tous min\u00e9s par des fautes en cascade \u00e0 la carabine. Meilleur Tricolore du jour, Lombardot prend une anecdotique 19e place finale, devant Paturel (21e), tandis que les autres ont termin\u00e9 au-del\u00e0 du Top 40.<\/p>\n<ul>\n<li style=\"text-align: justify;\"><strong>\u00c0 ce sujet &#8211; <a href=\"https:\/\/dicodusport.fr\/blog\/biathlon-championnats-d-europe-2025-classement-individuel-hommes\/\">Biathlon Championnats d\u2019Europe \u2013 Classement Individuel hommes<\/a><\/strong><\/li>\n<\/ul>\n<h2 style=\"text-align: justify;\">Isak Frey passe \u00e0 travers les gouttes et sauve la Norv\u00e8ge<\/h2>\n<p style=\"text-align: justify;\">La lutte pour la victoire a donc \u00e9t\u00e9 extr\u00eamement resserr\u00e9e. En compensant un 18\/20 par un gros temps de ski, <strong>Isak Frey<\/strong> signe un premier temps de r\u00e9f\u00e9rence s\u00e9rieux, et voit alors successivement les potentiels candidats \u00e0 la victoire aligner les fautes. Nykvist, Coltea et les autres craquent, et laissent le Norv\u00e9gien s&rsquo;envoler vers la victoire. Toutefois, avec le dossard 67 dans le dos, l&rsquo;Autrichien <strong>Fredrik M\u00fchlbacher<\/strong> va se r\u00e9v\u00e9ler \u00eatre un s\u00e9rieux pr\u00e9tendant \u00e0 l&rsquo;or en alignant un 15\/15.<\/p>\n<p style=\"text-align: justify;\">Ce dernier va pr\u00e9server le suspense avant d&rsquo;effectuer une faute fatale au tir, qui permet au Norv\u00e9gien de d\u00e9finitivement assurer la victoire. De son c\u00f4t\u00e9, M\u00fchlbacher cr\u00e9e tout de m\u00eame la surprise en s&#8217;emparant de l&rsquo;argent, tandis que le Su\u00e9dois <strong>Emil Nykvist<\/strong> compl\u00e8te le podium, devant le reste de l&rsquo;armada norv\u00e9gienne : <strong>Johan-Olav Botn<\/strong> (4e), <strong>Vetle Christiansen<\/strong> (5e), <strong>Johannes Dale<\/strong> (7e) et <strong>Sivert Bakken<\/strong> (8e).<\/p>\n<p>Suite \u00e0 une journ\u00e9e de repos, les championnats d&rsquo;Europe se poursuivront vendredi avec les sprints.<\/p>\n<blockquote class=\"twitter-tweet\">\n<p dir=\"ltr\" lang=\"en\">Isak Frey is going to be safe for the\ud83e\udd47<\/p>\n<p>Muehlbacher who has stabilized around +10 looks to be safe for\ud83e\udd48if he doesn&rsquo;t completely bonk in the last 1.5km<\/p>\n<p>Emil Nykvist continues his hot streak now with likely\ud83e\udd49!<a href=\"https:\/\/twitter.com\/hashtag\/biathlon?src=hash&amp;ref_src=twsrc%5Etfw\">#biathlon<\/a><\/p>\n<p>\u2014 Penalty Loop (@penaltyloop) <a href=\"https:\/\/twitter.com\/penaltyloop\/status\/1884616172747768243?ref_src=twsrc%5Etfw\">January 29, 2025<\/a><\/p><\/blockquote>\n<p><script async src=\"https:\/\/platform.twitter.com\/widgets.js\" charset=\"utf-8\"><\/script><\/p>\n","protected":false},"excerpt":{"rendered":"<p>CHAMPIONNATS D&rsquo;EUROPE DE BIATHLON 2025 &#8211; Sans surprise, un Norv\u00e9gien a rafl\u00e9 l&rsquo;or sur l&rsquo;individuel hommes. Isak Frey a d\u00e9croch\u00e9 la victoire malgr\u00e9 un 18\/20 dans une \u00e9preuve marqu\u00e9e par du d\u00e9chet sur le pas de tir. Le surprenant Autrichien Fredrik Muehlbacher et le Su\u00e9dois Emil Nykvist compl\u00e8tent le podium. Aucun Fran\u00e7ais n&rsquo;est parvenu \u00e0 accrocher ne serait-ce qu&rsquo;un Top 10.<\/p>\n","protected":false},"author":55,"featured_media":550991,"comment_status":"open","ping_status":"closed","sticky":false,"template":"","format":"standard","meta":{"_acf_changed":false,"_daextam_enable_autolinks":"1","footnotes":""},"categories":[2426],"tags":[32415,2427,16878,7290,22724],"class_list":["post-550846","post","type-post","status-publish","format-standard","has-post-thumbnail","hentry","category-biathlon","tag-actu","tag-biathlon","tag-breve","tag-individuel-hommes","tag-oscar-lombardot"],"acf":[],"yoast_head":"<!-- This site is optimized with the Yoast SEO Premium plugin v26.7 (Yoast SEO v26.7) - https:\/\/yoast.com\/wordpress\/plugins\/seo\/ -->\n<title>Biathlon Championnats d&#039;Europe : Isak Frey sacr\u00e9 sur l&#039;individuel hommes<\/title>\n<meta name=\"description\" content=\"CHAMPIONNATS D&#039;EUROPE DE BIATHLON 2025 - Le Norv\u00e9gien Isak Frey a remport\u00e9 la m\u00e9daille d&#039;or sur l&#039;individuel ce mercredi.\" \/>\n<meta name=\"robots\" content=\"index, follow, max-snippet:-1, max-image-preview:large, max-video-preview:-1\" \/>\n<link rel=\"canonical\" href=\"https:\/\/dicodusport.fr\/blog\/biathlon-championnats-deurope-isak-frey-sacre-sur-lindividuel-hommes\/\" \/>\n<meta property=\"og:locale\" content=\"fr_FR\" \/>\n<meta property=\"og:type\" content=\"article\" \/>\n<meta property=\"og:title\" content=\"Biathlon Championnats d&#039;Europe : Isak Frey sacr\u00e9 sur l&#039;individuel hommes\" \/>\n<meta property=\"og:description\" content=\"CHAMPIONNATS D&#039;EUROPE DE BIATHLON 2025 - Le Norv\u00e9gien Isak Frey a remport\u00e9 la m\u00e9daille d&#039;or sur l&#039;individuel ce mercredi.\" \/>\n<meta property=\"og:url\" content=\"https:\/\/dicodusport.fr\/blog\/biathlon-championnats-deurope-isak-frey-sacre-sur-lindividuel-hommes\/\" \/>\n<meta property=\"og:site_name\" content=\"Dicodusport\" \/>\n<meta property=\"article:publisher\" content=\"https:\/\/www.facebook.com\/dicodusport\" \/>\n<meta property=\"article:published_time\" content=\"2025-01-29T15:00:43+00:00\" \/>\n<meta property=\"article:modified_time\" content=\"2025-07-09T16:36:02+00:00\" \/>\n<meta property=\"og:image\" content=\"https:\/\/dicodusport.fr\/blog\/wp-content\/uploads\/2025\/01\/Biathlon-Championnats-dEurope-Isak-Frey-sacre-sur-lindividuel-hommes-1.png\" \/>\n\t<meta property=\"og:image:width\" content=\"1200\" \/>\n\t<meta property=\"og:image:height\" content=\"674\" \/>\n\t<meta property=\"og:image:type\" content=\"image\/png\" \/>\n<meta name=\"author\" content=\"Maxime Cazenave\" \/>\n<meta name=\"twitter:card\" content=\"summary_large_image\" \/>\n<meta name=\"twitter:title\" content=\"Biathlon Championnats d&#039;Europe : Isak Frey sacr\u00e9 sur l&#039;individuel hommes\" \/>\n<meta name=\"twitter:creator\" content=\"@https:\/\/twitter.com\/Maxime_Caze\" \/>\n<meta name=\"twitter:site\" content=\"@dicodusport\" \/>\n<script type=\"application\/ld+json\" class=\"yoast-schema-graph\">{\"@context\":\"https:\/\/schema.org\",\"@graph\":[{\"@type\":\"NewsArticle\",\"@id\":\"https:\/\/dicodusport.fr\/blog\/biathlon-championnats-deurope-isak-frey-sacre-sur-lindividuel-hommes\/#article\",\"isPartOf\":{\"@id\":\"https:\/\/dicodusport.fr\/blog\/biathlon-championnats-deurope-isak-frey-sacre-sur-lindividuel-hommes\/\"},\"author\":{\"name\":\"Maxime Cazenave\",\"@id\":\"https:\/\/dicodusport.fr\/blog\/#\/schema\/person\/37def232098a7a5cbab3974a3690abb0\"},\"headline\":\"Biathlon Championnats d&rsquo;Europe : Isak Frey sacr\u00e9 sur l&rsquo;individuel hommes\",\"datePublished\":\"2025-01-29T15:00:43+00:00\",\"dateModified\":\"2025-07-09T16:36:02+00:00\",\"mainEntityOfPage\":{\"@id\":\"https:\/\/dicodusport.fr\/blog\/biathlon-championnats-deurope-isak-frey-sacre-sur-lindividuel-hommes\/\"},\"wordCount\":671,\"commentCount\":0,\"publisher\":{\"@id\":\"https:\/\/dicodusport.fr\/blog\/#organization\"},\"image\":{\"@id\":\"https:\/\/dicodusport.fr\/blog\/biathlon-championnats-deurope-isak-frey-sacre-sur-lindividuel-hommes\/#primaryimage\"},\"thumbnailUrl\":\"https:\/\/dicodusport.fr\/blog\/wp-content\/uploads\/2025\/01\/Biathlon-Championnats-dEurope-Isak-Frey-sacre-sur-lindividuel-hommes-1.png\",\"keywords\":[\"actu\",\"Biathlon\",\"br\u00e8ve\",\"Individuel hommes\",\"Oscar Lombardot\"],\"articleSection\":[\"Biathlon\"],\"inLanguage\":\"fr-FR\",\"potentialAction\":[{\"@type\":\"CommentAction\",\"name\":\"Comment\",\"target\":[\"https:\/\/dicodusport.fr\/blog\/biathlon-championnats-deurope-isak-frey-sacre-sur-lindividuel-hommes\/#respond\"]}],\"copyrightYear\":\"2025\",\"copyrightHolder\":{\"@id\":\"https:\/\/dicodusport.fr\/blog\/#organization\"}},{\"@type\":\"WebPage\",\"@id\":\"https:\/\/dicodusport.fr\/blog\/biathlon-championnats-deurope-isak-frey-sacre-sur-lindividuel-hommes\/\",\"url\":\"https:\/\/dicodusport.fr\/blog\/biathlon-championnats-deurope-isak-frey-sacre-sur-lindividuel-hommes\/\",\"name\":\"Biathlon Championnats d'Europe : Isak Frey sacr\u00e9 sur l'individuel hommes\",\"isPartOf\":{\"@id\":\"https:\/\/dicodusport.fr\/blog\/#website\"},\"primaryImageOfPage\":{\"@id\":\"https:\/\/dicodusport.fr\/blog\/biathlon-championnats-deurope-isak-frey-sacre-sur-lindividuel-hommes\/#primaryimage\"},\"image\":{\"@id\":\"https:\/\/dicodusport.fr\/blog\/biathlon-championnats-deurope-isak-frey-sacre-sur-lindividuel-hommes\/#primaryimage\"},\"thumbnailUrl\":\"https:\/\/dicodusport.fr\/blog\/wp-content\/uploads\/2025\/01\/Biathlon-Championnats-dEurope-Isak-Frey-sacre-sur-lindividuel-hommes-1.png\",\"datePublished\":\"2025-01-29T15:00:43+00:00\",\"dateModified\":\"2025-07-09T16:36:02+00:00\",\"description\":\"CHAMPIONNATS D'EUROPE DE BIATHLON 2025 - Le Norv\u00e9gien Isak Frey a remport\u00e9 la m\u00e9daille d'or sur l'individuel ce mercredi.\",\"breadcrumb\":{\"@id\":\"https:\/\/dicodusport.fr\/blog\/biathlon-championnats-deurope-isak-frey-sacre-sur-lindividuel-hommes\/#breadcrumb\"},\"inLanguage\":\"fr-FR\",\"potentialAction\":[{\"@type\":\"ReadAction\",\"target\":[\"https:\/\/dicodusport.fr\/blog\/biathlon-championnats-deurope-isak-frey-sacre-sur-lindividuel-hommes\/\"]}]},{\"@type\":\"ImageObject\",\"inLanguage\":\"fr-FR\",\"@id\":\"https:\/\/dicodusport.fr\/blog\/biathlon-championnats-deurope-isak-frey-sacre-sur-lindividuel-hommes\/#primaryimage\",\"url\":\"https:\/\/dicodusport.fr\/blog\/wp-content\/uploads\/2025\/01\/Biathlon-Championnats-dEurope-Isak-Frey-sacre-sur-lindividuel-hommes-1.png\",\"contentUrl\":\"https:\/\/dicodusport.fr\/blog\/wp-content\/uploads\/2025\/01\/Biathlon-Championnats-dEurope-Isak-Frey-sacre-sur-lindividuel-hommes-1.png\",\"width\":1200,\"height\":674,\"caption\":\"Biathlon Championnats d'Europe Isak Frey sacr\u00e9 sur l'individuel hommes\"},{\"@type\":\"BreadcrumbList\",\"@id\":\"https:\/\/dicodusport.fr\/blog\/biathlon-championnats-deurope-isak-frey-sacre-sur-lindividuel-hommes\/#breadcrumb\",\"itemListElement\":[{\"@type\":\"ListItem\",\"position\":1,\"name\":\"Accueil\",\"item\":\"https:\/\/dicodusport.fr\/blog\/\"},{\"@type\":\"ListItem\",\"position\":2,\"name\":\"Biathlon Championnats d&rsquo;Europe : Isak Frey sacr\u00e9 sur l&rsquo;individuel hommes\"}]},{\"@type\":\"WebSite\",\"@id\":\"https:\/\/dicodusport.fr\/blog\/#website\",\"url\":\"https:\/\/dicodusport.fr\/blog\/\",\"name\":\"Dicodusport\",\"description\":\"L&#039;encyclop\u00e9die de l&#039;actualit\u00e9 sportive\",\"publisher\":{\"@id\":\"https:\/\/dicodusport.fr\/blog\/#organization\"},\"potentialAction\":[{\"@type\":\"SearchAction\",\"target\":{\"@type\":\"EntryPoint\",\"urlTemplate\":\"https:\/\/dicodusport.fr\/blog\/?s={search_term_string}\"},\"query-input\":{\"@type\":\"PropertyValueSpecification\",\"valueRequired\":true,\"valueName\":\"search_term_string\"}}],\"inLanguage\":\"fr-FR\"},{\"@type\":\"NewsMediaOrganization\",\"@id\":\"https:\/\/dicodusport.fr\/blog\/#organization\",\"name\":\"Dicodusport\",\"url\":\"https:\/\/dicodusport.fr\/blog\/\",\"logo\":{\"@type\":\"ImageObject\",\"inLanguage\":\"fr-FR\",\"@id\":\"https:\/\/dicodusport.fr\/blog\/#\/schema\/logo\/image\/\",\"url\":\"https:\/\/dicodusport.fr\/blog\/wp-content\/uploads\/2020\/06\/cropped-LOGO-DICODUSPORT-2020-SANS-FOND-SANS-TEXTE.png\",\"contentUrl\":\"https:\/\/dicodusport.fr\/blog\/wp-content\/uploads\/2020\/06\/cropped-LOGO-DICODUSPORT-2020-SANS-FOND-SANS-TEXTE.png\",\"width\":512,\"height\":512,\"caption\":\"Dicodusport\"},\"image\":{\"@id\":\"https:\/\/dicodusport.fr\/blog\/#\/schema\/logo\/image\/\"},\"sameAs\":[\"https:\/\/www.facebook.com\/dicodusport\",\"https:\/\/x.com\/dicodusport\",\"https:\/\/www.instagram.com\/dicodusport\/\",\"https:\/\/www.youtube.com\/channel\/UC7V2KZ5sd3htJivAbA4ZG3w\"],\"description\":\"Dicodusport est l'encyclop\u00e9die de l'actualit\u00e9 sportive.\",\"email\":\"bonjour@dicodusport.fr\",\"legalName\":\"DICODUSPORT\",\"foundingDate\":\"2018-01-14\",\"vatID\":\"FR71834470973\",\"taxID\":\"83447097300043\",\"numberOfEmployees\":{\"@type\":\"QuantitativeValue\",\"minValue\":\"1\",\"maxValue\":\"10\"}},{\"@type\":\"Person\",\"@id\":\"https:\/\/dicodusport.fr\/blog\/#\/schema\/person\/37def232098a7a5cbab3974a3690abb0\",\"name\":\"Maxime Cazenave\",\"image\":{\"@type\":\"ImageObject\",\"inLanguage\":\"fr-FR\",\"@id\":\"https:\/\/dicodusport.fr\/blog\/#\/schema\/person\/image\/\",\"url\":\"https:\/\/dicodusport.fr\/blog\/wp-content\/uploads\/2021\/05\/Maxime-Cazenave-150x150.jpg\",\"contentUrl\":\"https:\/\/dicodusport.fr\/blog\/wp-content\/uploads\/2021\/05\/Maxime-Cazenave-150x150.jpg\",\"caption\":\"Maxime Cazenave\"},\"description\":\"Journaliste\/R\u00e9dacteur depuis 2012 - Berc\u00e9 par l\u2019amour des Girondins de Bordeaux, les \u00e9checs de Christophe Moreau sur le Tour de France sous l'\u00e8re Lance Armstrong et le fade-away l\u00e9tal de Dirk Nowitzki, ma passion d\u00e9vorante pour le sport a toujours \u00e9t\u00e9 un pan incontournable de ma vie. Transmettre ma passion \u00e0 l\u2019\u00e9crit a \u00e9t\u00e9 une transition naturelle. Suiveur assidu de basket et de hockey sur glace, je garde toujours un peu de place pour suivre le cyclisme, le football et le maximum de performances fran\u00e7aises.\",\"sameAs\":[\"https:\/\/x.com\/https:\/\/twitter.com\/Maxime_Caze\"],\"url\":\"https:\/\/dicodusport.fr\/blog\/author\/maximec\/\"}]}<\/script>\n<!-- \/ Yoast SEO Premium plugin. -->","yoast_head_json":{"title":"Biathlon Championnats d'Europe : Isak Frey sacr\u00e9 sur l'individuel hommes","description":"CHAMPIONNATS D'EUROPE DE BIATHLON 2025 - Le Norv\u00e9gien Isak Frey a remport\u00e9 la m\u00e9daille d'or sur l'individuel ce mercredi.","robots":{"index":"index","follow":"follow","max-snippet":"max-snippet:-1","max-image-preview":"max-image-preview:large","max-video-preview":"max-video-preview:-1"},"canonical":"https:\/\/dicodusport.fr\/blog\/biathlon-championnats-deurope-isak-frey-sacre-sur-lindividuel-hommes\/","og_locale":"fr_FR","og_type":"article","og_title":"Biathlon Championnats d'Europe : Isak Frey sacr\u00e9 sur l'individuel hommes","og_description":"CHAMPIONNATS D'EUROPE DE BIATHLON 2025 - Le Norv\u00e9gien Isak Frey a remport\u00e9 la m\u00e9daille d'or sur l'individuel ce mercredi.","og_url":"https:\/\/dicodusport.fr\/blog\/biathlon-championnats-deurope-isak-frey-sacre-sur-lindividuel-hommes\/","og_site_name":"Dicodusport","article_publisher":"https:\/\/www.facebook.com\/dicodusport","article_published_time":"2025-01-29T15:00:43+00:00","article_modified_time":"2025-07-09T16:36:02+00:00","og_image":[{"width":1200,"height":674,"url":"https:\/\/dicodusport.fr\/blog\/wp-content\/uploads\/2025\/01\/Biathlon-Championnats-dEurope-Isak-Frey-sacre-sur-lindividuel-hommes-1.png","type":"image\/png"}],"author":"Maxime Cazenave","twitter_card":"summary_large_image","twitter_title":"Biathlon Championnats d'Europe : Isak Frey sacr\u00e9 sur l'individuel hommes","twitter_creator":"@https:\/\/twitter.com\/Maxime_Caze","twitter_site":"@dicodusport","schema":{"@context":"https:\/\/schema.org","@graph":[{"@type":"NewsArticle","@id":"https:\/\/dicodusport.fr\/blog\/biathlon-championnats-deurope-isak-frey-sacre-sur-lindividuel-hommes\/#article","isPartOf":{"@id":"https:\/\/dicodusport.fr\/blog\/biathlon-championnats-deurope-isak-frey-sacre-sur-lindividuel-hommes\/"},"author":{"name":"Maxime Cazenave","@id":"https:\/\/dicodusport.fr\/blog\/#\/schema\/person\/37def232098a7a5cbab3974a3690abb0"},"headline":"Biathlon Championnats d&rsquo;Europe : Isak Frey sacr\u00e9 sur l&rsquo;individuel hommes","datePublished":"2025-01-29T15:00:43+00:00","dateModified":"2025-07-09T16:36:02+00:00","mainEntityOfPage":{"@id":"https:\/\/dicodusport.fr\/blog\/biathlon-championnats-deurope-isak-frey-sacre-sur-lindividuel-hommes\/"},"wordCount":671,"commentCount":0,"publisher":{"@id":"https:\/\/dicodusport.fr\/blog\/#organization"},"image":{"@id":"https:\/\/dicodusport.fr\/blog\/biathlon-championnats-deurope-isak-frey-sacre-sur-lindividuel-hommes\/#primaryimage"},"thumbnailUrl":"https:\/\/dicodusport.fr\/blog\/wp-content\/uploads\/2025\/01\/Biathlon-Championnats-dEurope-Isak-Frey-sacre-sur-lindividuel-hommes-1.png","keywords":["actu","Biathlon","br\u00e8ve","Individuel hommes","Oscar Lombardot"],"articleSection":["Biathlon"],"inLanguage":"fr-FR","potentialAction":[{"@type":"CommentAction","name":"Comment","target":["https:\/\/dicodusport.fr\/blog\/biathlon-championnats-deurope-isak-frey-sacre-sur-lindividuel-hommes\/#respond"]}],"copyrightYear":"2025","copyrightHolder":{"@id":"https:\/\/dicodusport.fr\/blog\/#organization"}},{"@type":"WebPage","@id":"https:\/\/dicodusport.fr\/blog\/biathlon-championnats-deurope-isak-frey-sacre-sur-lindividuel-hommes\/","url":"https:\/\/dicodusport.fr\/blog\/biathlon-championnats-deurope-isak-frey-sacre-sur-lindividuel-hommes\/","name":"Biathlon Championnats d'Europe : Isak Frey sacr\u00e9 sur l'individuel hommes","isPartOf":{"@id":"https:\/\/dicodusport.fr\/blog\/#website"},"primaryImageOfPage":{"@id":"https:\/\/dicodusport.fr\/blog\/biathlon-championnats-deurope-isak-frey-sacre-sur-lindividuel-hommes\/#primaryimage"},"image":{"@id":"https:\/\/dicodusport.fr\/blog\/biathlon-championnats-deurope-isak-frey-sacre-sur-lindividuel-hommes\/#primaryimage"},"thumbnailUrl":"https:\/\/dicodusport.fr\/blog\/wp-content\/uploads\/2025\/01\/Biathlon-Championnats-dEurope-Isak-Frey-sacre-sur-lindividuel-hommes-1.png","datePublished":"2025-01-29T15:00:43+00:00","dateModified":"2025-07-09T16:36:02+00:00","description":"CHAMPIONNATS D'EUROPE DE BIATHLON 2025 - Le Norv\u00e9gien Isak Frey a remport\u00e9 la m\u00e9daille d'or sur l'individuel ce mercredi.","breadcrumb":{"@id":"https:\/\/dicodusport.fr\/blog\/biathlon-championnats-deurope-isak-frey-sacre-sur-lindividuel-hommes\/#breadcrumb"},"inLanguage":"fr-FR","potentialAction":[{"@type":"ReadAction","target":["https:\/\/dicodusport.fr\/blog\/biathlon-championnats-deurope-isak-frey-sacre-sur-lindividuel-hommes\/"]}]},{"@type":"ImageObject","inLanguage":"fr-FR","@id":"https:\/\/dicodusport.fr\/blog\/biathlon-championnats-deurope-isak-frey-sacre-sur-lindividuel-hommes\/#primaryimage","url":"https:\/\/dicodusport.fr\/blog\/wp-content\/uploads\/2025\/01\/Biathlon-Championnats-dEurope-Isak-Frey-sacre-sur-lindividuel-hommes-1.png","contentUrl":"https:\/\/dicodusport.fr\/blog\/wp-content\/uploads\/2025\/01\/Biathlon-Championnats-dEurope-Isak-Frey-sacre-sur-lindividuel-hommes-1.png","width":1200,"height":674,"caption":"Biathlon Championnats d'Europe Isak Frey sacr\u00e9 sur l'individuel hommes"},{"@type":"BreadcrumbList","@id":"https:\/\/dicodusport.fr\/blog\/biathlon-championnats-deurope-isak-frey-sacre-sur-lindividuel-hommes\/#breadcrumb","itemListElement":[{"@type":"ListItem","position":1,"name":"Accueil","item":"https:\/\/dicodusport.fr\/blog\/"},{"@type":"ListItem","position":2,"name":"Biathlon Championnats d&rsquo;Europe : Isak Frey sacr\u00e9 sur l&rsquo;individuel hommes"}]},{"@type":"WebSite","@id":"https:\/\/dicodusport.fr\/blog\/#website","url":"https:\/\/dicodusport.fr\/blog\/","name":"Dicodusport","description":"L&#039;encyclop\u00e9die de l&#039;actualit\u00e9 sportive","publisher":{"@id":"https:\/\/dicodusport.fr\/blog\/#organization"},"potentialAction":[{"@type":"SearchAction","target":{"@type":"EntryPoint","urlTemplate":"https:\/\/dicodusport.fr\/blog\/?s={search_term_string}"},"query-input":{"@type":"PropertyValueSpecification","valueRequired":true,"valueName":"search_term_string"}}],"inLanguage":"fr-FR"},{"@type":"NewsMediaOrganization","@id":"https:\/\/dicodusport.fr\/blog\/#organization","name":"Dicodusport","url":"https:\/\/dicodusport.fr\/blog\/","logo":{"@type":"ImageObject","inLanguage":"fr-FR","@id":"https:\/\/dicodusport.fr\/blog\/#\/schema\/logo\/image\/","url":"https:\/\/dicodusport.fr\/blog\/wp-content\/uploads\/2020\/06\/cropped-LOGO-DICODUSPORT-2020-SANS-FOND-SANS-TEXTE.png","contentUrl":"https:\/\/dicodusport.fr\/blog\/wp-content\/uploads\/2020\/06\/cropped-LOGO-DICODUSPORT-2020-SANS-FOND-SANS-TEXTE.png","width":512,"height":512,"caption":"Dicodusport"},"image":{"@id":"https:\/\/dicodusport.fr\/blog\/#\/schema\/logo\/image\/"},"sameAs":["https:\/\/www.facebook.com\/dicodusport","https:\/\/x.com\/dicodusport","https:\/\/www.instagram.com\/dicodusport\/","https:\/\/www.youtube.com\/channel\/UC7V2KZ5sd3htJivAbA4ZG3w"],"description":"Dicodusport est l'encyclop\u00e9die de l'actualit\u00e9 sportive.","email":"bonjour@dicodusport.fr","legalName":"DICODUSPORT","foundingDate":"2018-01-14","vatID":"FR71834470973","taxID":"83447097300043","numberOfEmployees":{"@type":"QuantitativeValue","minValue":"1","maxValue":"10"}},{"@type":"Person","@id":"https:\/\/dicodusport.fr\/blog\/#\/schema\/person\/37def232098a7a5cbab3974a3690abb0","name":"Maxime Cazenave","image":{"@type":"ImageObject","inLanguage":"fr-FR","@id":"https:\/\/dicodusport.fr\/blog\/#\/schema\/person\/image\/","url":"https:\/\/dicodusport.fr\/blog\/wp-content\/uploads\/2021\/05\/Maxime-Cazenave-150x150.jpg","contentUrl":"https:\/\/dicodusport.fr\/blog\/wp-content\/uploads\/2021\/05\/Maxime-Cazenave-150x150.jpg","caption":"Maxime Cazenave"},"description":"Journaliste\/R\u00e9dacteur depuis 2012 - Berc\u00e9 par l\u2019amour des Girondins de Bordeaux, les \u00e9checs de Christophe Moreau sur le Tour de France sous l'\u00e8re Lance Armstrong et le fade-away l\u00e9tal de Dirk Nowitzki, ma passion d\u00e9vorante pour le sport a toujours \u00e9t\u00e9 un pan incontournable de ma vie. Transmettre ma passion \u00e0 l\u2019\u00e9crit a \u00e9t\u00e9 une transition naturelle. Suiveur assidu de basket et de hockey sur glace, je garde toujours un peu de place pour suivre le cyclisme, le football et le maximum de performances fran\u00e7aises.","sameAs":["https:\/\/x.com\/https:\/\/twitter.com\/Maxime_Caze"],"url":"https:\/\/dicodusport.fr\/blog\/author\/maximec\/"}]}},"_links":{"self":[{"href":"https:\/\/dicodusport.fr\/blog\/wp-json\/wp\/v2\/posts\/550846","targetHints":{"allow":["GET"]}}],"collection":[{"href":"https:\/\/dicodusport.fr\/blog\/wp-json\/wp\/v2\/posts"}],"about":[{"href":"https:\/\/dicodusport.fr\/blog\/wp-json\/wp\/v2\/types\/post"}],"author":[{"embeddable":true,"href":"https:\/\/dicodusport.fr\/blog\/wp-json\/wp\/v2\/users\/55"}],"replies":[{"embeddable":true,"href":"https:\/\/dicodusport.fr\/blog\/wp-json\/wp\/v2\/comments?post=550846"}],"version-history":[{"count":5,"href":"https:\/\/dicodusport.fr\/blog\/wp-json\/wp\/v2\/posts\/550846\/revisions"}],"predecessor-version":[{"id":550881,"href":"https:\/\/dicodusport.fr\/blog\/wp-json\/wp\/v2\/posts\/550846\/revisions\/550881"}],"wp:featuredmedia":[{"embeddable":true,"href":"https:\/\/dicodusport.fr\/blog\/wp-json\/wp\/v2\/media\/550991"}],"wp:attachment":[{"href":"https:\/\/dicodusport.fr\/blog\/wp-json\/wp\/v2\/media?parent=550846"}],"wp:term":[{"taxonomy":"category","embeddable":true,"href":"https:\/\/dicodusport.fr\/blog\/wp-json\/wp\/v2\/categories?post=550846"},{"taxonomy":"post_tag","embeddable":true,"href":"https:\/\/dicodusport.fr\/blog\/wp-json\/wp\/v2\/tags?post=550846"}],"curies":[{"name":"wp","href":"https:\/\/api.w.org\/{rel}","templated":true}]}}