{"id":550914,"date":"2025-01-29T21:55:47","date_gmt":"2025-01-29T20:55:47","guid":{"rendered":"https:\/\/dicodusport.fr\/blog\/?p=550914&#038;preview=true&#038;preview_id=550914"},"modified":"2025-01-29T22:54:33","modified_gmt":"2025-01-29T21:54:33","slug":"slalom-hommes-schladming-2025-timon-haugan-simpose","status":"publish","type":"post","link":"https:\/\/dicodusport.fr\/blog\/slalom-hommes-schladming-2025-timon-haugan-simpose\/","title":{"rendered":"Slalom hommes Schladming 2025 : Timon Haugan s&rsquo;impose"},"content":{"rendered":"<h4 style=\"text-align: justify;\"><i>COUPE DU MONDE DE SKI ALPIN 202<\/i><i>4<\/i><i>-2025 &#8211; Timon Haugan a gagn\u00e9 ce mercredi le slalom nocturne de <em>Schladming<\/em><em>, en devan\u00e7ant Manuel Feller et Fabio Gstrein.<\/em><\/i><\/h4>\n<ul style=\"text-align: justify;\">\n<li style=\"text-align: justify;\"><strong>\u00c0 lire aussi &#8211; <a href=\"https:\/\/dicodusport.fr\/blog\/classement-slalom-hommes-schladming-2025\/\">Le classement du slalom de Schladming<\/a><\/strong><\/li>\n<\/ul>\n<p style=\"text-align: justify;\">Depuis 1997, <strong>Schladming<\/strong> accueille le slalom nocturne le plus fr\u00e9quent\u00e9 du circuit, devant 25 000 personnes sur la <b>Planai. <\/b>Dans la plus grande station de Styrie en Autriche, la piste a propos\u00e9 un d\u00e9nivel\u00e9 de 214 m\u00e8tres avec une pente moyenne de 46 %.<\/p>\n<ul style=\"text-align: justify;\">\n<li style=\"text-align: justify;\"><strong>\u00c0 lire aussi &#8211; <a href=\"https:\/\/dicodusport.fr\/blog\/calendrier-et-resultats-coupe-du-monde-ski-alpin-2024-2025\/\">Calendrier et r\u00e9sultats Coupe du monde Ski alpin 2024-2025<\/a><\/strong><\/li>\n<\/ul>\n<h2 style=\"text-align: justify;\">Strasser gagne le premier acte<\/h2>\n<p style=\"text-align: justify;\">Parti avec le dossard 1, le tenant du titre <strong>Linus Strasser<\/strong> a r\u00e9alis\u00e9 le meilleur temps de la premi\u00e8re manche en 50 secondes et 25 centi\u00e8mes en excellant sur le haut d&rsquo;un trac\u00e9 et malgr\u00e9 une petite faute en bas. Sur un trac\u00e9 dessin\u00e9 dans l&rsquo;axe et avec pas mal de combinaisons, <strong>Timon Haugan<\/strong> a termin\u00e9 \u00e0 31 centi\u00e8mes et <strong>Lo\u00efc Meillard<\/strong>, \u00e0 36 centi\u00e8mes avec un super d\u00e9part. Ensuite, <strong>Manuel Feller<\/strong> a fini en trombe pour c\u00e9der 46 centi\u00e8mes devant <strong>Atle Lie McGrath<\/strong>, cinqui\u00e8me \u00e0 0.49.<\/p>\n<p style=\"text-align: justify;\">Le porteur du dossard rouge <strong>Cl\u00e9ment No\u00ebl<\/strong> a assur\u00e9 le coup avec le 6\u00e8me temps \u00e0 0.71 avec deux fautes dans les mouvements de terrain au milieu du parcours, mais il a su prendre un maximum de vitesse dans les deux derni\u00e8res sections. Puis, <strong>Steven Amiez<\/strong> a connu plus de mal que d&rsquo;habitude en premi\u00e8re manche en \u00e9tant en difficult\u00e9 sur le troisi\u00e8me secteur pour arracher le 14\u00e8me chrono \u00e0 une seconde et 28 centi\u00e8mes.<\/p>\n<p style=\"text-align: justify;\">Par la suite, <strong>Paco Rassat<\/strong> a r\u00e9alis\u00e9 le 19\u00e8me chrono \u00e0 1.87 avec une solide seconde moiti\u00e9 de course.<strong> Victor Muffat-Jeandet<\/strong> \u00e9tait le quatri\u00e8me Tricolore \u00e0 passer le <em>cut<\/em> avec le 22\u00e8me temps \u00e0 2.23. Enfin, <strong>Antoine Azzolin<\/strong> a \u00e9t\u00e9 hors du coup pour terminer avec le 43\u00e8me chrono alors que <strong>Baptiste Sambuis, Hugo Desgrippes<\/strong> et <strong>Auguste Aulnette<\/strong> n&rsquo;ont pas termin\u00e9 leur manche.<\/p>\n<ul style=\"text-align: justify;\">\n<li style=\"text-align: justify;\"><strong>\u00c0 ce sujet &#8211;\u00a0<a href=\"https:\/\/dicodusport.fr\/blog\/coupe-du-monde-ski-alpin-classement-general-gros-globe-hommes\/\">Coupe du monde Ski alpin \u2013 Classement g\u00e9n\u00e9ral gros globe hommes<\/a><\/strong><\/li>\n<\/ul>\n<h2 style=\"text-align: justify;\">Haugan en maestro, No\u00ebl perd gros<\/h2>\n<p style=\"text-align: justify;\"><strong>Timon Haugan<\/strong> ne s&rsquo;est pas fait pi\u00e9ger sur une seconde manche beaucoup plus tournante avec des combinaisons tr\u00e8s techniques et beaucoup de changements de rythme pour remporter son troisi\u00e8me succ\u00e8s en carri\u00e8re avec un temps de 1 minute 48 secondes et cinq centi\u00e8mes. <strong>Manuel Feller<\/strong> n&rsquo;a commis aucune faute pour monter sur le 25\u00e8me podium en carri\u00e8re et le troisi\u00e8me \u00e0 Schladming en terminant deuxi\u00e8me \u00e0 20 centi\u00e8mes. Puis, <strong>Fabio Gstrein<\/strong> a fait deux grosses fautes dans la pente, mais son bas a \u00e9t\u00e9 exceptionnel pour son premier podium de sa carri\u00e8re avec la troisi\u00e8me place \u00e0 0.67. Ensuite, <strong>Linus Strasser<\/strong> a perdu beaucoup de temps avec des appuis trop marqu\u00e9s pour redescendre au quatri\u00e8me rang \u00e0 77 centi\u00e8mes, devant <strong>Loic Meillard<\/strong>, 6\u00e8me \u00e0 0.83, qui s&rsquo;est fait asseoir sur la banane pi\u00e9geuse au bas du mur, et <strong>Atle Lie McGrath<\/strong>, 6\u00e8me \u00e0 0.88.<\/p>\n<blockquote class=\"twitter-tweet\">\n<p dir=\"ltr\" lang=\"it\">HAUGAN VINCE NELLA NOTTE \ud83d\udcaa\u26f7\ufe0f\ud83c\uddf3\ud83c\uddf4<\/p>\n<p>Il norvegese recupera i 31 decimi di distacco nella prima manche e si aggiudica lo slalom notturno di Schladming! 12esimo posto per Vinatzer<a href=\"https:\/\/twitter.com\/hashtag\/EurosportSCI?src=hash&amp;ref_src=twsrc%5Etfw\">#EurosportSCI<\/a> <a href=\"https:\/\/twitter.com\/hashtag\/FISAlpine?src=hash&amp;ref_src=twsrc%5Etfw\">#FISAlpine<\/a> <a href=\"https:\/\/twitter.com\/hashtag\/Schladming?src=hash&amp;ref_src=twsrc%5Etfw\">#Schladming<\/a> <a href=\"https:\/\/twitter.com\/hashtag\/Haugan?src=hash&amp;ref_src=twsrc%5Etfw\">#Haugan<\/a> <a href=\"https:\/\/t.co\/gPQvQddPoH\">pic.twitter.com\/gPQvQddPoH<\/a><\/p>\n<p>\u2014 Eurosport IT (@Eurosport_IT) <a href=\"https:\/\/twitter.com\/Eurosport_IT\/status\/1884710976374677886?ref_src=twsrc%5Etfw\">January 29, 2025<\/a><\/p><\/blockquote>\n<p><script async src=\"https:\/\/platform.twitter.com\/widgets.js\" charset=\"utf-8\"><\/script><\/p>\n<p style=\"text-align: justify;\">Apr\u00e8s un d\u00e9part assez moyen, <strong>Steven Amiez<\/strong> a sorti une belle manche avec une tr\u00e8s bonne deuxi\u00e8me section pour finir septi\u00e8me \u00e0 0.97. <strong>Paco Rassat<\/strong> a \u00e9t\u00e9 plus \u00e0 l&rsquo;aise sur le bas du trac\u00e9 pour se classer 13\u00e8me \u00e0 1.56. <strong>Victor Muffat-Jeandet<\/strong> avec une excellente deuxi\u00e8me seconde section, mais son d\u00e9part et sa fin de course ont \u00e9t\u00e9 plus compliqu\u00e9es. Le technicien d&rsquo;Aix-les-Bains a termin\u00e9 18\u00e8me \u00e0 1.97.<\/p>\n<p style=\"text-align: justify;\">Malheureusement,<strong> Cl\u00e9ment No\u00ebl<\/strong> est sorti avant la triple sur le haut du trac\u00e9, juste apr\u00e8s le premier interm\u00e9diaire, pour son deuxi\u00e8me abandon de la saison apr\u00e8s Madonna di Campiglio. <strong>Henrik Kristoffersen<\/strong> s&rsquo;est empar\u00e9 du dossard rouge, gr\u00e2ce \u00e0 sa 8\u00e8me place, avec 467 points, soit 3 points d&rsquo;avance sur No\u00ebl. Enfin, avec le meilleur temps de la seconde manche, le Finlandais <strong>Eduard Helleberg<\/strong> est remont\u00e9 de la 25\u00e8me \u00e0 la 15\u00e8me place \u00e0 1.77.<\/p>\n","protected":false},"excerpt":{"rendered":"<p>Timon Haugan s&rsquo;impose<\/p>\n","protected":false},"author":48,"featured_media":551022,"comment_status":"open","ping_status":"closed","sticky":false,"template":"","format":"standard","meta":{"_acf_changed":false,"_daextam_enable_autolinks":"1","footnotes":""},"categories":[47084],"tags":[16878,2233,13904,24],"class_list":["post-550914","post","type-post","status-publish","format-standard","has-post-thumbnail","hentry","category-coupe-du-monde-ski-alpin","tag-breve","tag-ski-alpin","tag-slalom-de-schladming","tag-sport"],"acf":[],"yoast_head":"<!-- This site is optimized with the Yoast SEO Premium plugin v26.7 (Yoast SEO v26.7) - https:\/\/yoast.com\/wordpress\/plugins\/seo\/ -->\n<title>Slalom hommes Schladming 2025 : Timon Haugan s&#039;impose<\/title>\n<meta name=\"description\" content=\"COUPE DU MONDE DE SKI ALPIN 2024-2025 - Timon Haugan a gagn\u00e9 ce mercredi le slalom nocturne de Schladming, en devan\u00e7ant Manuel Feller et Fabio Gstrein.\" \/>\n<meta name=\"robots\" content=\"index, follow, max-snippet:-1, max-image-preview:large, max-video-preview:-1\" \/>\n<link rel=\"canonical\" href=\"https:\/\/dicodusport.fr\/blog\/slalom-hommes-schladming-2025-timon-haugan-simpose\/\" \/>\n<meta property=\"og:locale\" content=\"fr_FR\" \/>\n<meta property=\"og:type\" content=\"article\" \/>\n<meta property=\"og:title\" content=\"Slalom hommes Schladming 2025 : Timon Haugan s&#039;impose\" \/>\n<meta property=\"og:description\" content=\"COUPE DU MONDE DE SKI ALPIN 2024-2025 - Timon Haugan a gagn\u00e9 ce mercredi le slalom nocturne de Schladming, en devan\u00e7ant Manuel Feller et Fabio Gstrein.\" \/>\n<meta property=\"og:url\" content=\"https:\/\/dicodusport.fr\/blog\/slalom-hommes-schladming-2025-timon-haugan-simpose\/\" \/>\n<meta property=\"og:site_name\" content=\"Dicodusport\" \/>\n<meta property=\"article:publisher\" content=\"https:\/\/www.facebook.com\/dicodusport\" \/>\n<meta property=\"article:author\" content=\"https:\/\/www.facebook.com\/groups\/LesRoisDuPeloton\" \/>\n<meta property=\"article:published_time\" content=\"2025-01-29T20:55:47+00:00\" \/>\n<meta property=\"article:modified_time\" content=\"2025-01-29T21:54:33+00:00\" \/>\n<meta property=\"og:image\" content=\"https:\/\/dicodusport.fr\/blog\/wp-content\/uploads\/2025\/01\/Slalom-hommes-Schladming-2025-Timon-Haugan-simpose-1.png\" \/>\n\t<meta property=\"og:image:width\" content=\"1200\" \/>\n\t<meta property=\"og:image:height\" content=\"674\" \/>\n\t<meta property=\"og:image:type\" content=\"image\/png\" \/>\n<meta name=\"author\" content=\"Emilien Descampiaux\" \/>\n<meta name=\"twitter:card\" content=\"summary_large_image\" \/>\n<meta name=\"twitter:title\" content=\"Slalom hommes Schladming 2025 : Timon Haugan s&#039;impose\" \/>\n<meta name=\"twitter:creator\" content=\"@https:\/\/twitter.com\/LRoisDuPeloton\" \/>\n<meta name=\"twitter:site\" content=\"@dicodusport\" \/>\n<script type=\"application\/ld+json\" class=\"yoast-schema-graph\">{\"@context\":\"https:\/\/schema.org\",\"@graph\":[{\"@type\":\"NewsArticle\",\"@id\":\"https:\/\/dicodusport.fr\/blog\/slalom-hommes-schladming-2025-timon-haugan-simpose\/#article\",\"isPartOf\":{\"@id\":\"https:\/\/dicodusport.fr\/blog\/slalom-hommes-schladming-2025-timon-haugan-simpose\/\"},\"author\":{\"name\":\"Emilien Descampiaux\",\"@id\":\"https:\/\/dicodusport.fr\/blog\/#\/schema\/person\/6db4bae06b171592211be385b32876a7\"},\"headline\":\"Slalom hommes Schladming 2025 : Timon Haugan s&rsquo;impose\",\"datePublished\":\"2025-01-29T20:55:47+00:00\",\"dateModified\":\"2025-01-29T21:54:33+00:00\",\"mainEntityOfPage\":{\"@id\":\"https:\/\/dicodusport.fr\/blog\/slalom-hommes-schladming-2025-timon-haugan-simpose\/\"},\"wordCount\":691,\"commentCount\":0,\"publisher\":{\"@id\":\"https:\/\/dicodusport.fr\/blog\/#organization\"},\"image\":{\"@id\":\"https:\/\/dicodusport.fr\/blog\/slalom-hommes-schladming-2025-timon-haugan-simpose\/#primaryimage\"},\"thumbnailUrl\":\"https:\/\/dicodusport.fr\/blog\/wp-content\/uploads\/2025\/01\/Slalom-hommes-Schladming-2025-Timon-Haugan-simpose-1.png\",\"keywords\":[\"br\u00e8ve\",\"Ski alpin\",\"Slalom de Schladming\",\"sport\"],\"articleSection\":[\"Coupe du monde de ski alpin\"],\"inLanguage\":\"fr-FR\",\"potentialAction\":[{\"@type\":\"CommentAction\",\"name\":\"Comment\",\"target\":[\"https:\/\/dicodusport.fr\/blog\/slalom-hommes-schladming-2025-timon-haugan-simpose\/#respond\"]}],\"copyrightYear\":\"2025\",\"copyrightHolder\":{\"@id\":\"https:\/\/dicodusport.fr\/blog\/#organization\"}},{\"@type\":\"WebPage\",\"@id\":\"https:\/\/dicodusport.fr\/blog\/slalom-hommes-schladming-2025-timon-haugan-simpose\/\",\"url\":\"https:\/\/dicodusport.fr\/blog\/slalom-hommes-schladming-2025-timon-haugan-simpose\/\",\"name\":\"Slalom hommes Schladming 2025 : Timon Haugan s'impose\",\"isPartOf\":{\"@id\":\"https:\/\/dicodusport.fr\/blog\/#website\"},\"primaryImageOfPage\":{\"@id\":\"https:\/\/dicodusport.fr\/blog\/slalom-hommes-schladming-2025-timon-haugan-simpose\/#primaryimage\"},\"image\":{\"@id\":\"https:\/\/dicodusport.fr\/blog\/slalom-hommes-schladming-2025-timon-haugan-simpose\/#primaryimage\"},\"thumbnailUrl\":\"https:\/\/dicodusport.fr\/blog\/wp-content\/uploads\/2025\/01\/Slalom-hommes-Schladming-2025-Timon-Haugan-simpose-1.png\",\"datePublished\":\"2025-01-29T20:55:47+00:00\",\"dateModified\":\"2025-01-29T21:54:33+00:00\",\"description\":\"COUPE DU MONDE DE SKI ALPIN 2024-2025 - Timon Haugan a gagn\u00e9 ce mercredi le slalom nocturne de Schladming, en devan\u00e7ant Manuel Feller et Fabio Gstrein.\",\"breadcrumb\":{\"@id\":\"https:\/\/dicodusport.fr\/blog\/slalom-hommes-schladming-2025-timon-haugan-simpose\/#breadcrumb\"},\"inLanguage\":\"fr-FR\",\"potentialAction\":[{\"@type\":\"ReadAction\",\"target\":[\"https:\/\/dicodusport.fr\/blog\/slalom-hommes-schladming-2025-timon-haugan-simpose\/\"]}]},{\"@type\":\"ImageObject\",\"inLanguage\":\"fr-FR\",\"@id\":\"https:\/\/dicodusport.fr\/blog\/slalom-hommes-schladming-2025-timon-haugan-simpose\/#primaryimage\",\"url\":\"https:\/\/dicodusport.fr\/blog\/wp-content\/uploads\/2025\/01\/Slalom-hommes-Schladming-2025-Timon-Haugan-simpose-1.png\",\"contentUrl\":\"https:\/\/dicodusport.fr\/blog\/wp-content\/uploads\/2025\/01\/Slalom-hommes-Schladming-2025-Timon-Haugan-simpose-1.png\",\"width\":1200,\"height\":674,\"caption\":\"Slalom hommes Schladming 2025 Timon Haugan s'impose (1)\"},{\"@type\":\"BreadcrumbList\",\"@id\":\"https:\/\/dicodusport.fr\/blog\/slalom-hommes-schladming-2025-timon-haugan-simpose\/#breadcrumb\",\"itemListElement\":[{\"@type\":\"ListItem\",\"position\":1,\"name\":\"Accueil\",\"item\":\"https:\/\/dicodusport.fr\/blog\/\"},{\"@type\":\"ListItem\",\"position\":2,\"name\":\"Slalom hommes Schladming 2025 : Timon Haugan s&#8217;impose\"}]},{\"@type\":\"WebSite\",\"@id\":\"https:\/\/dicodusport.fr\/blog\/#website\",\"url\":\"https:\/\/dicodusport.fr\/blog\/\",\"name\":\"Dicodusport\",\"description\":\"L&#039;encyclop\u00e9die de l&#039;actualit\u00e9 sportive\",\"publisher\":{\"@id\":\"https:\/\/dicodusport.fr\/blog\/#organization\"},\"potentialAction\":[{\"@type\":\"SearchAction\",\"target\":{\"@type\":\"EntryPoint\",\"urlTemplate\":\"https:\/\/dicodusport.fr\/blog\/?s={search_term_string}\"},\"query-input\":{\"@type\":\"PropertyValueSpecification\",\"valueRequired\":true,\"valueName\":\"search_term_string\"}}],\"inLanguage\":\"fr-FR\"},{\"@type\":\"NewsMediaOrganization\",\"@id\":\"https:\/\/dicodusport.fr\/blog\/#organization\",\"name\":\"Dicodusport\",\"url\":\"https:\/\/dicodusport.fr\/blog\/\",\"logo\":{\"@type\":\"ImageObject\",\"inLanguage\":\"fr-FR\",\"@id\":\"https:\/\/dicodusport.fr\/blog\/#\/schema\/logo\/image\/\",\"url\":\"https:\/\/dicodusport.fr\/blog\/wp-content\/uploads\/2020\/06\/cropped-LOGO-DICODUSPORT-2020-SANS-FOND-SANS-TEXTE.png\",\"contentUrl\":\"https:\/\/dicodusport.fr\/blog\/wp-content\/uploads\/2020\/06\/cropped-LOGO-DICODUSPORT-2020-SANS-FOND-SANS-TEXTE.png\",\"width\":512,\"height\":512,\"caption\":\"Dicodusport\"},\"image\":{\"@id\":\"https:\/\/dicodusport.fr\/blog\/#\/schema\/logo\/image\/\"},\"sameAs\":[\"https:\/\/www.facebook.com\/dicodusport\",\"https:\/\/x.com\/dicodusport\",\"https:\/\/www.instagram.com\/dicodusport\/\",\"https:\/\/www.youtube.com\/channel\/UC7V2KZ5sd3htJivAbA4ZG3w\"],\"description\":\"Dicodusport est l'encyclop\u00e9die de l'actualit\u00e9 sportive.\",\"email\":\"bonjour@dicodusport.fr\",\"legalName\":\"DICODUSPORT\",\"foundingDate\":\"2018-01-14\",\"vatID\":\"FR71834470973\",\"taxID\":\"83447097300043\",\"numberOfEmployees\":{\"@type\":\"QuantitativeValue\",\"minValue\":\"1\",\"maxValue\":\"10\"}},{\"@type\":\"Person\",\"@id\":\"https:\/\/dicodusport.fr\/blog\/#\/schema\/person\/6db4bae06b171592211be385b32876a7\",\"name\":\"Emilien Descampiaux\",\"image\":{\"@type\":\"ImageObject\",\"inLanguage\":\"fr-FR\",\"@id\":\"https:\/\/dicodusport.fr\/blog\/#\/schema\/person\/image\/\",\"url\":\"https:\/\/dicodusport.fr\/blog\/wp-content\/uploads\/2021\/05\/Emilien-Descampiaux-150x150.jpg\",\"contentUrl\":\"https:\/\/dicodusport.fr\/blog\/wp-content\/uploads\/2021\/05\/Emilien-Descampiaux-150x150.jpg\",\"caption\":\"Emilien Descampiaux\"},\"description\":\"Journaliste\/r\u00e9dacteur depuis 2014 - Fan de la classe de Frank Vandenbroucke, je vis cyclisme (et de ses paysages) depuis plus de 20 ans. Je suis tr\u00e8s impliqu\u00e9 sur mes diff\u00e9rents r\u00e9seaux sociaux pour partager ma passion sur le monde et l'Histoire de la bicyclette avec ma voix sur les images en noir et blanc du succ\u00e8s de Rik Van Steenbergen lors du Ronde sur le V\u00e9lodrome de Gand.\",\"sameAs\":[\"https:\/\/www.facebook.com\/groups\/LesRoisDuPeloton\",\"https:\/\/x.com\/https:\/\/twitter.com\/LRoisDuPeloton\"],\"url\":\"https:\/\/dicodusport.fr\/blog\/author\/emiliend\/\"}]}<\/script>\n<!-- \/ Yoast SEO Premium plugin. -->","yoast_head_json":{"title":"Slalom hommes Schladming 2025 : Timon Haugan s'impose","description":"COUPE DU MONDE DE SKI ALPIN 2024-2025 - Timon Haugan a gagn\u00e9 ce mercredi le slalom nocturne de Schladming, en devan\u00e7ant Manuel Feller et Fabio Gstrein.","robots":{"index":"index","follow":"follow","max-snippet":"max-snippet:-1","max-image-preview":"max-image-preview:large","max-video-preview":"max-video-preview:-1"},"canonical":"https:\/\/dicodusport.fr\/blog\/slalom-hommes-schladming-2025-timon-haugan-simpose\/","og_locale":"fr_FR","og_type":"article","og_title":"Slalom hommes Schladming 2025 : Timon Haugan s'impose","og_description":"COUPE DU MONDE DE SKI ALPIN 2024-2025 - Timon Haugan a gagn\u00e9 ce mercredi le slalom nocturne de Schladming, en devan\u00e7ant Manuel Feller et Fabio Gstrein.","og_url":"https:\/\/dicodusport.fr\/blog\/slalom-hommes-schladming-2025-timon-haugan-simpose\/","og_site_name":"Dicodusport","article_publisher":"https:\/\/www.facebook.com\/dicodusport","article_author":"https:\/\/www.facebook.com\/groups\/LesRoisDuPeloton","article_published_time":"2025-01-29T20:55:47+00:00","article_modified_time":"2025-01-29T21:54:33+00:00","og_image":[{"width":1200,"height":674,"url":"https:\/\/dicodusport.fr\/blog\/wp-content\/uploads\/2025\/01\/Slalom-hommes-Schladming-2025-Timon-Haugan-simpose-1.png","type":"image\/png"}],"author":"Emilien Descampiaux","twitter_card":"summary_large_image","twitter_title":"Slalom hommes Schladming 2025 : Timon Haugan s'impose","twitter_creator":"@https:\/\/twitter.com\/LRoisDuPeloton","twitter_site":"@dicodusport","schema":{"@context":"https:\/\/schema.org","@graph":[{"@type":"NewsArticle","@id":"https:\/\/dicodusport.fr\/blog\/slalom-hommes-schladming-2025-timon-haugan-simpose\/#article","isPartOf":{"@id":"https:\/\/dicodusport.fr\/blog\/slalom-hommes-schladming-2025-timon-haugan-simpose\/"},"author":{"name":"Emilien Descampiaux","@id":"https:\/\/dicodusport.fr\/blog\/#\/schema\/person\/6db4bae06b171592211be385b32876a7"},"headline":"Slalom hommes Schladming 2025 : Timon Haugan s&rsquo;impose","datePublished":"2025-01-29T20:55:47+00:00","dateModified":"2025-01-29T21:54:33+00:00","mainEntityOfPage":{"@id":"https:\/\/dicodusport.fr\/blog\/slalom-hommes-schladming-2025-timon-haugan-simpose\/"},"wordCount":691,"commentCount":0,"publisher":{"@id":"https:\/\/dicodusport.fr\/blog\/#organization"},"image":{"@id":"https:\/\/dicodusport.fr\/blog\/slalom-hommes-schladming-2025-timon-haugan-simpose\/#primaryimage"},"thumbnailUrl":"https:\/\/dicodusport.fr\/blog\/wp-content\/uploads\/2025\/01\/Slalom-hommes-Schladming-2025-Timon-Haugan-simpose-1.png","keywords":["br\u00e8ve","Ski alpin","Slalom de Schladming","sport"],"articleSection":["Coupe du monde de ski alpin"],"inLanguage":"fr-FR","potentialAction":[{"@type":"CommentAction","name":"Comment","target":["https:\/\/dicodusport.fr\/blog\/slalom-hommes-schladming-2025-timon-haugan-simpose\/#respond"]}],"copyrightYear":"2025","copyrightHolder":{"@id":"https:\/\/dicodusport.fr\/blog\/#organization"}},{"@type":"WebPage","@id":"https:\/\/dicodusport.fr\/blog\/slalom-hommes-schladming-2025-timon-haugan-simpose\/","url":"https:\/\/dicodusport.fr\/blog\/slalom-hommes-schladming-2025-timon-haugan-simpose\/","name":"Slalom hommes Schladming 2025 : Timon Haugan s'impose","isPartOf":{"@id":"https:\/\/dicodusport.fr\/blog\/#website"},"primaryImageOfPage":{"@id":"https:\/\/dicodusport.fr\/blog\/slalom-hommes-schladming-2025-timon-haugan-simpose\/#primaryimage"},"image":{"@id":"https:\/\/dicodusport.fr\/blog\/slalom-hommes-schladming-2025-timon-haugan-simpose\/#primaryimage"},"thumbnailUrl":"https:\/\/dicodusport.fr\/blog\/wp-content\/uploads\/2025\/01\/Slalom-hommes-Schladming-2025-Timon-Haugan-simpose-1.png","datePublished":"2025-01-29T20:55:47+00:00","dateModified":"2025-01-29T21:54:33+00:00","description":"COUPE DU MONDE DE SKI ALPIN 2024-2025 - Timon Haugan a gagn\u00e9 ce mercredi le slalom nocturne de Schladming, en devan\u00e7ant Manuel Feller et Fabio Gstrein.","breadcrumb":{"@id":"https:\/\/dicodusport.fr\/blog\/slalom-hommes-schladming-2025-timon-haugan-simpose\/#breadcrumb"},"inLanguage":"fr-FR","potentialAction":[{"@type":"ReadAction","target":["https:\/\/dicodusport.fr\/blog\/slalom-hommes-schladming-2025-timon-haugan-simpose\/"]}]},{"@type":"ImageObject","inLanguage":"fr-FR","@id":"https:\/\/dicodusport.fr\/blog\/slalom-hommes-schladming-2025-timon-haugan-simpose\/#primaryimage","url":"https:\/\/dicodusport.fr\/blog\/wp-content\/uploads\/2025\/01\/Slalom-hommes-Schladming-2025-Timon-Haugan-simpose-1.png","contentUrl":"https:\/\/dicodusport.fr\/blog\/wp-content\/uploads\/2025\/01\/Slalom-hommes-Schladming-2025-Timon-Haugan-simpose-1.png","width":1200,"height":674,"caption":"Slalom hommes Schladming 2025 Timon Haugan s'impose (1)"},{"@type":"BreadcrumbList","@id":"https:\/\/dicodusport.fr\/blog\/slalom-hommes-schladming-2025-timon-haugan-simpose\/#breadcrumb","itemListElement":[{"@type":"ListItem","position":1,"name":"Accueil","item":"https:\/\/dicodusport.fr\/blog\/"},{"@type":"ListItem","position":2,"name":"Slalom hommes Schladming 2025 : Timon Haugan s&#8217;impose"}]},{"@type":"WebSite","@id":"https:\/\/dicodusport.fr\/blog\/#website","url":"https:\/\/dicodusport.fr\/blog\/","name":"Dicodusport","description":"L&#039;encyclop\u00e9die de l&#039;actualit\u00e9 sportive","publisher":{"@id":"https:\/\/dicodusport.fr\/blog\/#organization"},"potentialAction":[{"@type":"SearchAction","target":{"@type":"EntryPoint","urlTemplate":"https:\/\/dicodusport.fr\/blog\/?s={search_term_string}"},"query-input":{"@type":"PropertyValueSpecification","valueRequired":true,"valueName":"search_term_string"}}],"inLanguage":"fr-FR"},{"@type":"NewsMediaOrganization","@id":"https:\/\/dicodusport.fr\/blog\/#organization","name":"Dicodusport","url":"https:\/\/dicodusport.fr\/blog\/","logo":{"@type":"ImageObject","inLanguage":"fr-FR","@id":"https:\/\/dicodusport.fr\/blog\/#\/schema\/logo\/image\/","url":"https:\/\/dicodusport.fr\/blog\/wp-content\/uploads\/2020\/06\/cropped-LOGO-DICODUSPORT-2020-SANS-FOND-SANS-TEXTE.png","contentUrl":"https:\/\/dicodusport.fr\/blog\/wp-content\/uploads\/2020\/06\/cropped-LOGO-DICODUSPORT-2020-SANS-FOND-SANS-TEXTE.png","width":512,"height":512,"caption":"Dicodusport"},"image":{"@id":"https:\/\/dicodusport.fr\/blog\/#\/schema\/logo\/image\/"},"sameAs":["https:\/\/www.facebook.com\/dicodusport","https:\/\/x.com\/dicodusport","https:\/\/www.instagram.com\/dicodusport\/","https:\/\/www.youtube.com\/channel\/UC7V2KZ5sd3htJivAbA4ZG3w"],"description":"Dicodusport est l'encyclop\u00e9die de l'actualit\u00e9 sportive.","email":"bonjour@dicodusport.fr","legalName":"DICODUSPORT","foundingDate":"2018-01-14","vatID":"FR71834470973","taxID":"83447097300043","numberOfEmployees":{"@type":"QuantitativeValue","minValue":"1","maxValue":"10"}},{"@type":"Person","@id":"https:\/\/dicodusport.fr\/blog\/#\/schema\/person\/6db4bae06b171592211be385b32876a7","name":"Emilien Descampiaux","image":{"@type":"ImageObject","inLanguage":"fr-FR","@id":"https:\/\/dicodusport.fr\/blog\/#\/schema\/person\/image\/","url":"https:\/\/dicodusport.fr\/blog\/wp-content\/uploads\/2021\/05\/Emilien-Descampiaux-150x150.jpg","contentUrl":"https:\/\/dicodusport.fr\/blog\/wp-content\/uploads\/2021\/05\/Emilien-Descampiaux-150x150.jpg","caption":"Emilien Descampiaux"},"description":"Journaliste\/r\u00e9dacteur depuis 2014 - Fan de la classe de Frank Vandenbroucke, je vis cyclisme (et de ses paysages) depuis plus de 20 ans. Je suis tr\u00e8s impliqu\u00e9 sur mes diff\u00e9rents r\u00e9seaux sociaux pour partager ma passion sur le monde et l'Histoire de la bicyclette avec ma voix sur les images en noir et blanc du succ\u00e8s de Rik Van Steenbergen lors du Ronde sur le V\u00e9lodrome de Gand.","sameAs":["https:\/\/www.facebook.com\/groups\/LesRoisDuPeloton","https:\/\/x.com\/https:\/\/twitter.com\/LRoisDuPeloton"],"url":"https:\/\/dicodusport.fr\/blog\/author\/emiliend\/"}]}},"_links":{"self":[{"href":"https:\/\/dicodusport.fr\/blog\/wp-json\/wp\/v2\/posts\/550914","targetHints":{"allow":["GET"]}}],"collection":[{"href":"https:\/\/dicodusport.fr\/blog\/wp-json\/wp\/v2\/posts"}],"about":[{"href":"https:\/\/dicodusport.fr\/blog\/wp-json\/wp\/v2\/types\/post"}],"author":[{"embeddable":true,"href":"https:\/\/dicodusport.fr\/blog\/wp-json\/wp\/v2\/users\/48"}],"replies":[{"embeddable":true,"href":"https:\/\/dicodusport.fr\/blog\/wp-json\/wp\/v2\/comments?post=550914"}],"version-history":[{"count":5,"href":"https:\/\/dicodusport.fr\/blog\/wp-json\/wp\/v2\/posts\/550914\/revisions"}],"predecessor-version":[{"id":551024,"href":"https:\/\/dicodusport.fr\/blog\/wp-json\/wp\/v2\/posts\/550914\/revisions\/551024"}],"wp:featuredmedia":[{"embeddable":true,"href":"https:\/\/dicodusport.fr\/blog\/wp-json\/wp\/v2\/media\/551022"}],"wp:attachment":[{"href":"https:\/\/dicodusport.fr\/blog\/wp-json\/wp\/v2\/media?parent=550914"}],"wp:term":[{"taxonomy":"category","embeddable":true,"href":"https:\/\/dicodusport.fr\/blog\/wp-json\/wp\/v2\/categories?post=550914"},{"taxonomy":"post_tag","embeddable":true,"href":"https:\/\/dicodusport.fr\/blog\/wp-json\/wp\/v2\/tags?post=550914"}],"curies":[{"name":"wp","href":"https:\/\/api.w.org\/{rel}","templated":true}]}}