{"id":551082,"date":"2025-01-30T10:14:20","date_gmt":"2025-01-30T09:14:20","guid":{"rendered":"https:\/\/dicodusport.fr\/blog\/?p=551082&#038;preview=true&#038;preview_id=551082"},"modified":"2025-01-30T21:48:27","modified_gmt":"2025-01-30T20:48:27","slug":"transferts-psg-paris-se-separe-definitivement-de-xavi-simons","status":"publish","type":"post","link":"https:\/\/dicodusport.fr\/blog\/transferts-psg-paris-se-separe-definitivement-de-xavi-simons\/","title":{"rendered":"Transferts PSG : Paris se s\u00e9pare d\u00e9finitivement de Xavi Simons"},"content":{"rendered":"<h4 style=\"text-align: justify;\"><em>TRANSFERTS PSG &#8211; Selon <a href=\"https:\/\/x.com\/Plettigoal\/status\/1884881592914690394\">Florian Plettenberg<\/a>, Xavi Simons va s&rsquo;engager d\u00e9finitivement avec le RB Leipzig, et rapporter une coquette somme au Paris Saint-Germain.<\/em><\/h4>\n<p style=\"text-align: justify;\">Le Paris Saint-Germain a r\u00e9ussi \u00e0 arracher une place en barrages de la Ligue des Champions hier soir, et peut donc se concentrer sur la fin du mercato hivernal. Jusqu&rsquo;ici, le PSG a plut\u00f4t bien man\u0153uvr\u00e9, avec la signature de <b>Khvicha Kvaratskhelia<\/b>. Mais dans le sens des d\u00e9parts, Paris a r\u00e9ussi \u00e0 se d\u00e9barrasser de Randal Kolo Muani, en disgr\u00e2ce aupr\u00e8s de Luis Enrique.<\/p>\n<ul style=\"text-align: justify;\">\n<li><strong>\u00c0 ce sujet &#8211; <a href=\"https:\/\/dicodusport.fr\/blog\/transferts-psg-un-accord-trouve-avec-la-juventus-pour-le-pret-de-randal-kolo-muani\/\">Transferts PSG : Un accord trouv\u00e9 avec la Juventus pour le pr\u00eat de Randal Kolo Muani<\/a><\/strong><\/li>\n<\/ul>\n<h2 style=\"text-align: justify;\">Paris dit au revoir \u00e0 Xavi Simons<\/h2>\n<p style=\"text-align: justify;\"><strong>Xavi Simons<\/strong>, lui, avait \u00e9t\u00e9 pr\u00eat\u00e9 pour la deuxi\u00e8me fois d&rsquo;affil\u00e9e au <strong>RB Leipzig<\/strong> en d\u00e9but de saison. On imaginait que ce serait le dernier pr\u00eat avant d&rsquo;enfin int\u00e9grer l&rsquo;effectif du PSG, lui le grand espoir, ancien de La Masia du <strong>FC Barcelone<\/strong>, consid\u00e9r\u00e9 comme un futur grand. D&rsquo;autant qu&rsquo;en Allemagne, il est extr\u00eamement performant, et r\u00e9guli\u00e8rement titulaire chez les Red Bulls. Mais visiblement, Paris a chang\u00e9 son fusil d&rsquo;\u00e9paule.<\/p>\n<p style=\"text-align: justify;\">En effet, le tr\u00e8s s\u00e9rieux<strong> Florian Plettenberg<\/strong> nous annonce qu&rsquo;un accord a \u00e9t\u00e9 trouv\u00e9 pour un transfert d\u00e9finitif entre le joueur et les deux clubs.<strong> Xavi Simons<\/strong> va s&rsquo;engager pour de bon avec Leipzig et poursuivre sa carri\u00e8re outre-Rhin. Paris n&rsquo;a cependant pas tout perdu, puisque cette vente va lui rapporter 50 millions d&rsquo;euros, un montant qui pourrait monter jusqu&rsquo;\u00e0 80 en fonction de bonus d\u00e9clar\u00e9s \u00ab\u00a0facilement atteignables\u00a0\u00bb, ainsi qu&rsquo;un pourcentage \u00e0 la revente (inconnu n\u00e9anmoins). Une belle op\u00e9ration financi\u00e8re pour un joueur qui n&rsquo;aura, au final, port\u00e9 que 13 fois les couleurs du PSG en match officiel&#8230;<\/p>\n<blockquote class=\"twitter-tweet\">\n<p dir=\"ltr\" lang=\"fr\">\ud83d\udea8\ud83d\udea8Le montage exact de la vente de Xavi Simons \u00e0 Leipzig : 50M\u20ac + 31M\u20ac de bonus facilement atteignables + % sur la plus value \u00e0 la revente \ud83e\udd11 <a href=\"https:\/\/t.co\/lm5fEd4abr\">pic.twitter.com\/lm5fEd4abr<\/a><\/p>\n<p>\u2014 Fabrice Hawkins (@FabriceHawkins) <a href=\"https:\/\/twitter.com\/FabriceHawkins\/status\/1884889373914669510?ref_src=twsrc%5Etfw\">January 30, 2025<\/a><\/p><\/blockquote>\n<p><script async src=\"https:\/\/platform.twitter.com\/widgets.js\" charset=\"utf-8\"><\/script><\/p>\n","protected":false},"excerpt":{"rendered":"<p>TRANSFERTS PSG &#8211; Selon Florian Plettenberg, Xavi Simons va s&rsquo;engager d\u00e9finitivement avec le RB Leipzig, et rapporter une coquette somme au Paris Saint-Germain.<\/p>\n","protected":false},"author":59,"featured_media":551084,"comment_status":"open","ping_status":"closed","sticky":false,"template":"","format":"standard","meta":{"_acf_changed":false,"_daextam_enable_autolinks":"1","footnotes":""},"categories":[2301],"tags":[32415,16878,74,75,910,23715,20332],"class_list":["post-551082","post","type-post","status-publish","format-standard","has-post-thumbnail","hentry","category-football","tag-actu","tag-breve","tag-foot","tag-football","tag-psg","tag-transferts-psg","tag-xavi-simons"],"acf":[],"yoast_head":"<!-- This site is optimized with the Yoast SEO Premium plugin v26.7 (Yoast SEO v26.7) - https:\/\/yoast.com\/wordpress\/plugins\/seo\/ -->\n<title>Transferts PSG : Paris se s\u00e9pare d\u00e9finitivement de Xavi Simons<\/title>\n<meta name=\"description\" content=\"TRANSFERTS PSG - Selon Florian Plettenberg, Xavi Simons va s&#039;engager d\u00e9finitivement avec le RB Leipzig, et rapporter une coquette somme au Paris Saint-Germain.\" \/>\n<meta name=\"robots\" content=\"index, follow, max-snippet:-1, max-image-preview:large, max-video-preview:-1\" \/>\n<link rel=\"canonical\" href=\"https:\/\/dicodusport.fr\/blog\/transferts-psg-paris-se-separe-definitivement-de-xavi-simons\/\" \/>\n<meta property=\"og:locale\" content=\"fr_FR\" \/>\n<meta property=\"og:type\" content=\"article\" \/>\n<meta property=\"og:title\" content=\"Transferts PSG : Paris se s\u00e9pare d\u00e9finitivement de Xavi Simons\" \/>\n<meta property=\"og:description\" content=\"TRANSFERTS PSG - Selon Florian Plettenberg, Xavi Simons va s&#039;engager d\u00e9finitivement avec le RB Leipzig, et rapporter une coquette somme au Paris Saint-Germain.\" \/>\n<meta property=\"og:url\" content=\"https:\/\/dicodusport.fr\/blog\/transferts-psg-paris-se-separe-definitivement-de-xavi-simons\/\" \/>\n<meta property=\"og:site_name\" content=\"Dicodusport\" \/>\n<meta property=\"article:publisher\" content=\"https:\/\/www.facebook.com\/dicodusport\" \/>\n<meta property=\"article:author\" content=\"https:\/\/www.facebook.com\/sebastien.gente\/\" \/>\n<meta property=\"article:published_time\" content=\"2025-01-30T09:14:20+00:00\" \/>\n<meta property=\"article:modified_time\" content=\"2025-01-30T20:48:27+00:00\" \/>\n<meta property=\"og:image\" content=\"https:\/\/dicodusport.fr\/blog\/wp-content\/uploads\/2025\/01\/Transferts-PSG-Paris-se-separe-definitivement-de-Xavi-Simons.png\" \/>\n\t<meta property=\"og:image:width\" content=\"1200\" \/>\n\t<meta property=\"og:image:height\" content=\"674\" \/>\n\t<meta property=\"og:image:type\" content=\"image\/png\" \/>\n<meta name=\"author\" content=\"S\u00e9bastien Gente\" \/>\n<meta name=\"twitter:card\" content=\"summary_large_image\" \/>\n<meta name=\"twitter:title\" content=\"Transferts PSG : Paris se s\u00e9pare d\u00e9finitivement de Xavi Simons\" \/>\n<meta name=\"twitter:creator\" content=\"@https:\/\/twitter.com\/globulo24\" \/>\n<meta name=\"twitter:site\" content=\"@dicodusport\" \/>\n<script type=\"application\/ld+json\" class=\"yoast-schema-graph\">{\"@context\":\"https:\/\/schema.org\",\"@graph\":[{\"@type\":\"NewsArticle\",\"@id\":\"https:\/\/dicodusport.fr\/blog\/transferts-psg-paris-se-separe-definitivement-de-xavi-simons\/#article\",\"isPartOf\":{\"@id\":\"https:\/\/dicodusport.fr\/blog\/transferts-psg-paris-se-separe-definitivement-de-xavi-simons\/\"},\"author\":{\"name\":\"S\u00e9bastien Gente\",\"@id\":\"https:\/\/dicodusport.fr\/blog\/#\/schema\/person\/627966a6cde45dbd8c5e36ac85d783da\"},\"headline\":\"Transferts PSG : Paris se s\u00e9pare d\u00e9finitivement de Xavi Simons\",\"datePublished\":\"2025-01-30T09:14:20+00:00\",\"dateModified\":\"2025-01-30T20:48:27+00:00\",\"mainEntityOfPage\":{\"@id\":\"https:\/\/dicodusport.fr\/blog\/transferts-psg-paris-se-separe-definitivement-de-xavi-simons\/\"},\"wordCount\":359,\"commentCount\":0,\"publisher\":{\"@id\":\"https:\/\/dicodusport.fr\/blog\/#organization\"},\"image\":{\"@id\":\"https:\/\/dicodusport.fr\/blog\/transferts-psg-paris-se-separe-definitivement-de-xavi-simons\/#primaryimage\"},\"thumbnailUrl\":\"https:\/\/dicodusport.fr\/blog\/wp-content\/uploads\/2025\/01\/Transferts-PSG-Paris-se-separe-definitivement-de-Xavi-Simons.png\",\"keywords\":[\"actu\",\"br\u00e8ve\",\"foot\",\"Football\",\"PSG\",\"Transferts PSG\",\"Xavi Simons\"],\"articleSection\":[\"Football\"],\"inLanguage\":\"fr-FR\",\"potentialAction\":[{\"@type\":\"CommentAction\",\"name\":\"Comment\",\"target\":[\"https:\/\/dicodusport.fr\/blog\/transferts-psg-paris-se-separe-definitivement-de-xavi-simons\/#respond\"]}],\"copyrightYear\":\"2025\",\"copyrightHolder\":{\"@id\":\"https:\/\/dicodusport.fr\/blog\/#organization\"}},{\"@type\":\"WebPage\",\"@id\":\"https:\/\/dicodusport.fr\/blog\/transferts-psg-paris-se-separe-definitivement-de-xavi-simons\/\",\"url\":\"https:\/\/dicodusport.fr\/blog\/transferts-psg-paris-se-separe-definitivement-de-xavi-simons\/\",\"name\":\"Transferts PSG : Paris se s\u00e9pare d\u00e9finitivement de Xavi Simons\",\"isPartOf\":{\"@id\":\"https:\/\/dicodusport.fr\/blog\/#website\"},\"primaryImageOfPage\":{\"@id\":\"https:\/\/dicodusport.fr\/blog\/transferts-psg-paris-se-separe-definitivement-de-xavi-simons\/#primaryimage\"},\"image\":{\"@id\":\"https:\/\/dicodusport.fr\/blog\/transferts-psg-paris-se-separe-definitivement-de-xavi-simons\/#primaryimage\"},\"thumbnailUrl\":\"https:\/\/dicodusport.fr\/blog\/wp-content\/uploads\/2025\/01\/Transferts-PSG-Paris-se-separe-definitivement-de-Xavi-Simons.png\",\"datePublished\":\"2025-01-30T09:14:20+00:00\",\"dateModified\":\"2025-01-30T20:48:27+00:00\",\"description\":\"TRANSFERTS PSG - Selon Florian Plettenberg, Xavi Simons va s'engager d\u00e9finitivement avec le RB Leipzig, et rapporter une coquette somme au Paris Saint-Germain.\",\"breadcrumb\":{\"@id\":\"https:\/\/dicodusport.fr\/blog\/transferts-psg-paris-se-separe-definitivement-de-xavi-simons\/#breadcrumb\"},\"inLanguage\":\"fr-FR\",\"potentialAction\":[{\"@type\":\"ReadAction\",\"target\":[\"https:\/\/dicodusport.fr\/blog\/transferts-psg-paris-se-separe-definitivement-de-xavi-simons\/\"]}]},{\"@type\":\"ImageObject\",\"inLanguage\":\"fr-FR\",\"@id\":\"https:\/\/dicodusport.fr\/blog\/transferts-psg-paris-se-separe-definitivement-de-xavi-simons\/#primaryimage\",\"url\":\"https:\/\/dicodusport.fr\/blog\/wp-content\/uploads\/2025\/01\/Transferts-PSG-Paris-se-separe-definitivement-de-Xavi-Simons.png\",\"contentUrl\":\"https:\/\/dicodusport.fr\/blog\/wp-content\/uploads\/2025\/01\/Transferts-PSG-Paris-se-separe-definitivement-de-Xavi-Simons.png\",\"width\":1200,\"height\":674,\"caption\":\"Transferts PSG Paris se s\u00e9pare d\u00e9finitivement de Xavi Simons\"},{\"@type\":\"BreadcrumbList\",\"@id\":\"https:\/\/dicodusport.fr\/blog\/transferts-psg-paris-se-separe-definitivement-de-xavi-simons\/#breadcrumb\",\"itemListElement\":[{\"@type\":\"ListItem\",\"position\":1,\"name\":\"Accueil\",\"item\":\"https:\/\/dicodusport.fr\/blog\/\"},{\"@type\":\"ListItem\",\"position\":2,\"name\":\"Transferts PSG : Paris se s\u00e9pare d\u00e9finitivement de Xavi Simons\"}]},{\"@type\":\"WebSite\",\"@id\":\"https:\/\/dicodusport.fr\/blog\/#website\",\"url\":\"https:\/\/dicodusport.fr\/blog\/\",\"name\":\"Dicodusport\",\"description\":\"L&#039;encyclop\u00e9die de l&#039;actualit\u00e9 sportive\",\"publisher\":{\"@id\":\"https:\/\/dicodusport.fr\/blog\/#organization\"},\"potentialAction\":[{\"@type\":\"SearchAction\",\"target\":{\"@type\":\"EntryPoint\",\"urlTemplate\":\"https:\/\/dicodusport.fr\/blog\/?s={search_term_string}\"},\"query-input\":{\"@type\":\"PropertyValueSpecification\",\"valueRequired\":true,\"valueName\":\"search_term_string\"}}],\"inLanguage\":\"fr-FR\"},{\"@type\":\"NewsMediaOrganization\",\"@id\":\"https:\/\/dicodusport.fr\/blog\/#organization\",\"name\":\"Dicodusport\",\"url\":\"https:\/\/dicodusport.fr\/blog\/\",\"logo\":{\"@type\":\"ImageObject\",\"inLanguage\":\"fr-FR\",\"@id\":\"https:\/\/dicodusport.fr\/blog\/#\/schema\/logo\/image\/\",\"url\":\"https:\/\/dicodusport.fr\/blog\/wp-content\/uploads\/2020\/06\/cropped-LOGO-DICODUSPORT-2020-SANS-FOND-SANS-TEXTE.png\",\"contentUrl\":\"https:\/\/dicodusport.fr\/blog\/wp-content\/uploads\/2020\/06\/cropped-LOGO-DICODUSPORT-2020-SANS-FOND-SANS-TEXTE.png\",\"width\":512,\"height\":512,\"caption\":\"Dicodusport\"},\"image\":{\"@id\":\"https:\/\/dicodusport.fr\/blog\/#\/schema\/logo\/image\/\"},\"sameAs\":[\"https:\/\/www.facebook.com\/dicodusport\",\"https:\/\/x.com\/dicodusport\",\"https:\/\/www.instagram.com\/dicodusport\/\",\"https:\/\/www.youtube.com\/channel\/UC7V2KZ5sd3htJivAbA4ZG3w\"],\"description\":\"Dicodusport est l'encyclop\u00e9die de l'actualit\u00e9 sportive.\",\"email\":\"bonjour@dicodusport.fr\",\"legalName\":\"DICODUSPORT\",\"foundingDate\":\"2018-01-14\",\"vatID\":\"FR71834470973\",\"taxID\":\"83447097300043\",\"numberOfEmployees\":{\"@type\":\"QuantitativeValue\",\"minValue\":\"1\",\"maxValue\":\"10\"}},{\"@type\":\"Person\",\"@id\":\"https:\/\/dicodusport.fr\/blog\/#\/schema\/person\/627966a6cde45dbd8c5e36ac85d783da\",\"name\":\"S\u00e9bastien Gente\",\"image\":{\"@type\":\"ImageObject\",\"inLanguage\":\"fr-FR\",\"@id\":\"https:\/\/dicodusport.fr\/blog\/#\/schema\/person\/image\/\",\"url\":\"https:\/\/dicodusport.fr\/blog\/wp-content\/uploads\/2021\/09\/1510990_10205810251400683_4124423575079401707_n-150x150.jpg\",\"contentUrl\":\"https:\/\/dicodusport.fr\/blog\/wp-content\/uploads\/2021\/09\/1510990_10205810251400683_4124423575079401707_n-150x150.jpg\",\"caption\":\"S\u00e9bastien Gente\"},\"description\":\"John Stockton, Gianni Bugno, Zinedine Zidane, Steffi Graf, Frode Andresen, St\u00e9phane Stoecklin, Davis Kamoga, Primoz Peterka, Werner Schlager et Aur\u00e9lien Rougerie. Point commun entre ces sportifs? Ils m'ont fait r\u00eaver et ont berc\u00e9 mon adolescence. Je suis un fondu de sports et j'essaie de retranscrire ma passion \u00e0 travers mes articles. Originaire du P\u00e9rigord, ma passion pour les Girondins, les Jaunards et les Jazzmen transpire dans mes \u00e9crits. \u00c0 Dicodusport depuis 2021, je d\u00e9niche les sports m\u00e9connus dans lesquels la France brille, et il y en a !\",\"sameAs\":[\"https:\/\/www.facebook.com\/sebastien.gente\/\",\"https:\/\/www.instagram.com\/sebgente\/\",\"https:\/\/www.linkedin.com\/in\/sbastien-gente-a29583169\/\",\"https:\/\/x.com\/https:\/\/twitter.com\/globulo24\",\"SebastienGente\"],\"worksFor\":\"S\u00e9bastien GENTE\",\"url\":\"https:\/\/dicodusport.fr\/blog\/author\/sebastiengente\/\"}]}<\/script>\n<!-- \/ Yoast SEO Premium plugin. -->","yoast_head_json":{"title":"Transferts PSG : Paris se s\u00e9pare d\u00e9finitivement de Xavi Simons","description":"TRANSFERTS PSG - Selon Florian Plettenberg, Xavi Simons va s'engager d\u00e9finitivement avec le RB Leipzig, et rapporter une coquette somme au Paris Saint-Germain.","robots":{"index":"index","follow":"follow","max-snippet":"max-snippet:-1","max-image-preview":"max-image-preview:large","max-video-preview":"max-video-preview:-1"},"canonical":"https:\/\/dicodusport.fr\/blog\/transferts-psg-paris-se-separe-definitivement-de-xavi-simons\/","og_locale":"fr_FR","og_type":"article","og_title":"Transferts PSG : Paris se s\u00e9pare d\u00e9finitivement de Xavi Simons","og_description":"TRANSFERTS PSG - Selon Florian Plettenberg, Xavi Simons va s'engager d\u00e9finitivement avec le RB Leipzig, et rapporter une coquette somme au Paris Saint-Germain.","og_url":"https:\/\/dicodusport.fr\/blog\/transferts-psg-paris-se-separe-definitivement-de-xavi-simons\/","og_site_name":"Dicodusport","article_publisher":"https:\/\/www.facebook.com\/dicodusport","article_author":"https:\/\/www.facebook.com\/sebastien.gente\/","article_published_time":"2025-01-30T09:14:20+00:00","article_modified_time":"2025-01-30T20:48:27+00:00","og_image":[{"width":1200,"height":674,"url":"https:\/\/dicodusport.fr\/blog\/wp-content\/uploads\/2025\/01\/Transferts-PSG-Paris-se-separe-definitivement-de-Xavi-Simons.png","type":"image\/png"}],"author":"S\u00e9bastien Gente","twitter_card":"summary_large_image","twitter_title":"Transferts PSG : Paris se s\u00e9pare d\u00e9finitivement de Xavi Simons","twitter_creator":"@https:\/\/twitter.com\/globulo24","twitter_site":"@dicodusport","schema":{"@context":"https:\/\/schema.org","@graph":[{"@type":"NewsArticle","@id":"https:\/\/dicodusport.fr\/blog\/transferts-psg-paris-se-separe-definitivement-de-xavi-simons\/#article","isPartOf":{"@id":"https:\/\/dicodusport.fr\/blog\/transferts-psg-paris-se-separe-definitivement-de-xavi-simons\/"},"author":{"name":"S\u00e9bastien Gente","@id":"https:\/\/dicodusport.fr\/blog\/#\/schema\/person\/627966a6cde45dbd8c5e36ac85d783da"},"headline":"Transferts PSG : Paris se s\u00e9pare d\u00e9finitivement de Xavi Simons","datePublished":"2025-01-30T09:14:20+00:00","dateModified":"2025-01-30T20:48:27+00:00","mainEntityOfPage":{"@id":"https:\/\/dicodusport.fr\/blog\/transferts-psg-paris-se-separe-definitivement-de-xavi-simons\/"},"wordCount":359,"commentCount":0,"publisher":{"@id":"https:\/\/dicodusport.fr\/blog\/#organization"},"image":{"@id":"https:\/\/dicodusport.fr\/blog\/transferts-psg-paris-se-separe-definitivement-de-xavi-simons\/#primaryimage"},"thumbnailUrl":"https:\/\/dicodusport.fr\/blog\/wp-content\/uploads\/2025\/01\/Transferts-PSG-Paris-se-separe-definitivement-de-Xavi-Simons.png","keywords":["actu","br\u00e8ve","foot","Football","PSG","Transferts PSG","Xavi Simons"],"articleSection":["Football"],"inLanguage":"fr-FR","potentialAction":[{"@type":"CommentAction","name":"Comment","target":["https:\/\/dicodusport.fr\/blog\/transferts-psg-paris-se-separe-definitivement-de-xavi-simons\/#respond"]}],"copyrightYear":"2025","copyrightHolder":{"@id":"https:\/\/dicodusport.fr\/blog\/#organization"}},{"@type":"WebPage","@id":"https:\/\/dicodusport.fr\/blog\/transferts-psg-paris-se-separe-definitivement-de-xavi-simons\/","url":"https:\/\/dicodusport.fr\/blog\/transferts-psg-paris-se-separe-definitivement-de-xavi-simons\/","name":"Transferts PSG : Paris se s\u00e9pare d\u00e9finitivement de Xavi Simons","isPartOf":{"@id":"https:\/\/dicodusport.fr\/blog\/#website"},"primaryImageOfPage":{"@id":"https:\/\/dicodusport.fr\/blog\/transferts-psg-paris-se-separe-definitivement-de-xavi-simons\/#primaryimage"},"image":{"@id":"https:\/\/dicodusport.fr\/blog\/transferts-psg-paris-se-separe-definitivement-de-xavi-simons\/#primaryimage"},"thumbnailUrl":"https:\/\/dicodusport.fr\/blog\/wp-content\/uploads\/2025\/01\/Transferts-PSG-Paris-se-separe-definitivement-de-Xavi-Simons.png","datePublished":"2025-01-30T09:14:20+00:00","dateModified":"2025-01-30T20:48:27+00:00","description":"TRANSFERTS PSG - Selon Florian Plettenberg, Xavi Simons va s'engager d\u00e9finitivement avec le RB Leipzig, et rapporter une coquette somme au Paris Saint-Germain.","breadcrumb":{"@id":"https:\/\/dicodusport.fr\/blog\/transferts-psg-paris-se-separe-definitivement-de-xavi-simons\/#breadcrumb"},"inLanguage":"fr-FR","potentialAction":[{"@type":"ReadAction","target":["https:\/\/dicodusport.fr\/blog\/transferts-psg-paris-se-separe-definitivement-de-xavi-simons\/"]}]},{"@type":"ImageObject","inLanguage":"fr-FR","@id":"https:\/\/dicodusport.fr\/blog\/transferts-psg-paris-se-separe-definitivement-de-xavi-simons\/#primaryimage","url":"https:\/\/dicodusport.fr\/blog\/wp-content\/uploads\/2025\/01\/Transferts-PSG-Paris-se-separe-definitivement-de-Xavi-Simons.png","contentUrl":"https:\/\/dicodusport.fr\/blog\/wp-content\/uploads\/2025\/01\/Transferts-PSG-Paris-se-separe-definitivement-de-Xavi-Simons.png","width":1200,"height":674,"caption":"Transferts PSG Paris se s\u00e9pare d\u00e9finitivement de Xavi Simons"},{"@type":"BreadcrumbList","@id":"https:\/\/dicodusport.fr\/blog\/transferts-psg-paris-se-separe-definitivement-de-xavi-simons\/#breadcrumb","itemListElement":[{"@type":"ListItem","position":1,"name":"Accueil","item":"https:\/\/dicodusport.fr\/blog\/"},{"@type":"ListItem","position":2,"name":"Transferts PSG : Paris se s\u00e9pare d\u00e9finitivement de Xavi Simons"}]},{"@type":"WebSite","@id":"https:\/\/dicodusport.fr\/blog\/#website","url":"https:\/\/dicodusport.fr\/blog\/","name":"Dicodusport","description":"L&#039;encyclop\u00e9die de l&#039;actualit\u00e9 sportive","publisher":{"@id":"https:\/\/dicodusport.fr\/blog\/#organization"},"potentialAction":[{"@type":"SearchAction","target":{"@type":"EntryPoint","urlTemplate":"https:\/\/dicodusport.fr\/blog\/?s={search_term_string}"},"query-input":{"@type":"PropertyValueSpecification","valueRequired":true,"valueName":"search_term_string"}}],"inLanguage":"fr-FR"},{"@type":"NewsMediaOrganization","@id":"https:\/\/dicodusport.fr\/blog\/#organization","name":"Dicodusport","url":"https:\/\/dicodusport.fr\/blog\/","logo":{"@type":"ImageObject","inLanguage":"fr-FR","@id":"https:\/\/dicodusport.fr\/blog\/#\/schema\/logo\/image\/","url":"https:\/\/dicodusport.fr\/blog\/wp-content\/uploads\/2020\/06\/cropped-LOGO-DICODUSPORT-2020-SANS-FOND-SANS-TEXTE.png","contentUrl":"https:\/\/dicodusport.fr\/blog\/wp-content\/uploads\/2020\/06\/cropped-LOGO-DICODUSPORT-2020-SANS-FOND-SANS-TEXTE.png","width":512,"height":512,"caption":"Dicodusport"},"image":{"@id":"https:\/\/dicodusport.fr\/blog\/#\/schema\/logo\/image\/"},"sameAs":["https:\/\/www.facebook.com\/dicodusport","https:\/\/x.com\/dicodusport","https:\/\/www.instagram.com\/dicodusport\/","https:\/\/www.youtube.com\/channel\/UC7V2KZ5sd3htJivAbA4ZG3w"],"description":"Dicodusport est l'encyclop\u00e9die de l'actualit\u00e9 sportive.","email":"bonjour@dicodusport.fr","legalName":"DICODUSPORT","foundingDate":"2018-01-14","vatID":"FR71834470973","taxID":"83447097300043","numberOfEmployees":{"@type":"QuantitativeValue","minValue":"1","maxValue":"10"}},{"@type":"Person","@id":"https:\/\/dicodusport.fr\/blog\/#\/schema\/person\/627966a6cde45dbd8c5e36ac85d783da","name":"S\u00e9bastien Gente","image":{"@type":"ImageObject","inLanguage":"fr-FR","@id":"https:\/\/dicodusport.fr\/blog\/#\/schema\/person\/image\/","url":"https:\/\/dicodusport.fr\/blog\/wp-content\/uploads\/2021\/09\/1510990_10205810251400683_4124423575079401707_n-150x150.jpg","contentUrl":"https:\/\/dicodusport.fr\/blog\/wp-content\/uploads\/2021\/09\/1510990_10205810251400683_4124423575079401707_n-150x150.jpg","caption":"S\u00e9bastien Gente"},"description":"John Stockton, Gianni Bugno, Zinedine Zidane, Steffi Graf, Frode Andresen, St\u00e9phane Stoecklin, Davis Kamoga, Primoz Peterka, Werner Schlager et Aur\u00e9lien Rougerie. Point commun entre ces sportifs? Ils m'ont fait r\u00eaver et ont berc\u00e9 mon adolescence. Je suis un fondu de sports et j'essaie de retranscrire ma passion \u00e0 travers mes articles. Originaire du P\u00e9rigord, ma passion pour les Girondins, les Jaunards et les Jazzmen transpire dans mes \u00e9crits. \u00c0 Dicodusport depuis 2021, je d\u00e9niche les sports m\u00e9connus dans lesquels la France brille, et il y en a !","sameAs":["https:\/\/www.facebook.com\/sebastien.gente\/","https:\/\/www.instagram.com\/sebgente\/","https:\/\/www.linkedin.com\/in\/sbastien-gente-a29583169\/","https:\/\/x.com\/https:\/\/twitter.com\/globulo24","SebastienGente"],"worksFor":"S\u00e9bastien GENTE","url":"https:\/\/dicodusport.fr\/blog\/author\/sebastiengente\/"}]}},"_links":{"self":[{"href":"https:\/\/dicodusport.fr\/blog\/wp-json\/wp\/v2\/posts\/551082","targetHints":{"allow":["GET"]}}],"collection":[{"href":"https:\/\/dicodusport.fr\/blog\/wp-json\/wp\/v2\/posts"}],"about":[{"href":"https:\/\/dicodusport.fr\/blog\/wp-json\/wp\/v2\/types\/post"}],"author":[{"embeddable":true,"href":"https:\/\/dicodusport.fr\/blog\/wp-json\/wp\/v2\/users\/59"}],"replies":[{"embeddable":true,"href":"https:\/\/dicodusport.fr\/blog\/wp-json\/wp\/v2\/comments?post=551082"}],"version-history":[{"count":2,"href":"https:\/\/dicodusport.fr\/blog\/wp-json\/wp\/v2\/posts\/551082\/revisions"}],"predecessor-version":[{"id":551293,"href":"https:\/\/dicodusport.fr\/blog\/wp-json\/wp\/v2\/posts\/551082\/revisions\/551293"}],"wp:featuredmedia":[{"embeddable":true,"href":"https:\/\/dicodusport.fr\/blog\/wp-json\/wp\/v2\/media\/551084"}],"wp:attachment":[{"href":"https:\/\/dicodusport.fr\/blog\/wp-json\/wp\/v2\/media?parent=551082"}],"wp:term":[{"taxonomy":"category","embeddable":true,"href":"https:\/\/dicodusport.fr\/blog\/wp-json\/wp\/v2\/categories?post=551082"},{"taxonomy":"post_tag","embeddable":true,"href":"https:\/\/dicodusport.fr\/blog\/wp-json\/wp\/v2\/tags?post=551082"}],"curies":[{"name":"wp","href":"https:\/\/api.w.org\/{rel}","templated":true}]}}