{"id":55135,"date":"2019-12-16T11:21:01","date_gmt":"2019-12-16T10:21:01","guid":{"rendered":"http:\/\/dicodusport.fr\/blog\/?p=55135&#038;preview=true&#038;preview_id=55135"},"modified":"2019-12-16T12:07:27","modified_gmt":"2019-12-16T11:07:27","slug":"thibaut-pinot-devoile-son-programme-avant-le-tour-de-france-2020","status":"publish","type":"post","link":"https:\/\/dicodusport.fr\/blog\/thibaut-pinot-devoile-son-programme-avant-le-tour-de-france-2020\/","title":{"rendered":"Thibaut Pinot d\u00e9voile son programme avant le Tour de France 2020"},"content":{"rendered":"<p style=\"text-align: justify;\"><em><strong>Apr\u00e8s la frustration colossale du Tour de France 2019, Thibaut Pinot aura de gros objectifs sur l&rsquo;\u00e9dition 2020. Son programme jusqu&rsquo;\u00e0 fin juin.<\/strong><\/em><\/p>\n<p style=\"text-align: justify;\">Dans les colonnes de l&rsquo;<em><strong>Est R\u00e9publicain<\/strong><\/em>, le coureur\u00a0fran\u00e7ais de la <strong>Groupama-FDJ<\/strong>, <a href=\"https:\/\/www.procyclingstats.com\/rider\/thibaut-pinot\" target=\"_blank\" rel=\"noopener\"><strong>Thibaut Pinot<\/strong><\/a>, a d\u00e9voil\u00e9 son programme jusqu&rsquo;\u00e0 la Grande Boucle :<\/p>\n<ul style=\"text-align: justify;\">\n<li><strong>Tour de Provence<\/strong>, du 13 au 16 f\u00e9vrier 2020<\/li>\n<li><strong>Tour du Haut Var<\/strong>, du 21 au 23 f\u00e9vrier 2020<\/li>\n<li><strong>Paris-Nice<\/strong>, du 8 au 15 mars 2020<\/li>\n<li><strong>Tour du Pays Basque<\/strong>, du 6 au 11 avril 2020<\/li>\n<\/ul>\n<p style=\"text-align: justify;\">Apr\u00e8s cela, <strong>Thibaut Pinot<\/strong> fera une coupure avant un dernier stage dans les Alpes afin d&rsquo;\u00eatre pr\u00eat pour le grand d\u00e9part du Tour de France qui sera donn\u00e9 le 29 juin 2020, \u00e0 Nice.<\/p>\n<p style=\"text-align: justify;\"><strong><em>Dicodusport<br \/>\n<a href=\"https:\/\/www.facebook.com\/dicodusport\/\" target=\"_blank\" rel=\"noopener\"><img loading=\"lazy\" decoding=\"async\" class=\"alignnone wp-image-2909\" src=\"http:\/\/dicodusport.fr\/blog\/wp-content\/uploads\/2017\/07\/logo-facebook-150x150.png\" alt=\"\" width=\"40\" height=\"40\" \/><\/a><a href=\"https:\/\/twitter.com\/dicodusport\" target=\"_blank\" rel=\"noopener\"><img loading=\"lazy\" decoding=\"async\" class=\"alignnone wp-image-2908\" src=\"http:\/\/dicodusport.fr\/blog\/wp-content\/uploads\/2017\/07\/logo-twitter-150x150.png\" alt=\"\" width=\"39\" height=\"39\" \/><\/a><\/em><\/strong><\/p>\n","protected":false},"excerpt":{"rendered":"<p>Apr\u00e8s la frustration colossale du Tour de France 2019, Thibaut Pinot aura de gros objectifs sur l&rsquo;\u00e9dition 2020. Son programme jusqu&rsquo;\u00e0 fin juin.<\/p>\n","protected":false},"author":1,"featured_media":55142,"comment_status":"open","ping_status":"closed","sticky":false,"template":"","format":"standard","meta":{"_acf_changed":false,"_daextam_enable_autolinks":"","footnotes":""},"categories":[2307],"tags":[3596,4839,1262],"class_list":["post-55135","post","type-post","status-publish","format-standard","has-post-thumbnail","hentry","category-cyclisme","tag-pinot","tag-thibaut-pinot","tag-tour-de-france"],"acf":[],"yoast_head":"<!-- This site is optimized with the Yoast SEO Premium plugin v26.7 (Yoast SEO v26.7) - https:\/\/yoast.com\/wordpress\/plugins\/seo\/ -->\n<title>Thibaut Pinot d\u00e9voile son programme avant le Tour de France 2020<\/title>\n<meta name=\"description\" content=\"Apr\u00e8s la frustration colossale du Tour de France 2019, Thibaut Pinot aura de gros objectifs sur l&#039;\u00e9dition 2020. Son programme jusqu&#039;\u00e0 fin juin.\" \/>\n<meta name=\"robots\" content=\"index, follow, max-snippet:-1, max-image-preview:large, max-video-preview:-1\" \/>\n<link rel=\"canonical\" href=\"https:\/\/dicodusport.fr\/blog\/thibaut-pinot-devoile-son-programme-avant-le-tour-de-france-2020\/\" \/>\n<meta property=\"og:locale\" content=\"fr_FR\" \/>\n<meta property=\"og:type\" content=\"article\" \/>\n<meta property=\"og:title\" content=\"Thibaut Pinot d\u00e9voile son programme avant le Tour de France 2020\" \/>\n<meta property=\"og:description\" content=\"Apr\u00e8s la frustration colossale du Tour de France 2019, Thibaut Pinot aura de gros objectifs sur l&#039;\u00e9dition 2020. Son programme jusqu&#039;\u00e0 fin juin.\" \/>\n<meta property=\"og:url\" content=\"https:\/\/dicodusport.fr\/blog\/thibaut-pinot-devoile-son-programme-avant-le-tour-de-france-2020\/\" \/>\n<meta property=\"og:site_name\" content=\"Dicodusport\" \/>\n<meta property=\"article:publisher\" content=\"https:\/\/www.facebook.com\/dicodusport\" \/>\n<meta property=\"article:author\" content=\"https:\/\/www.facebook.com\/dicodusport\" \/>\n<meta property=\"article:published_time\" content=\"2019-12-16T10:21:01+00:00\" \/>\n<meta property=\"article:modified_time\" content=\"2019-12-16T11:07:27+00:00\" \/>\n<meta property=\"og:image\" content=\"https:\/\/dicodusport.fr\/blog\/wp-content\/uploads\/2019\/12\/Thibaut-Pinot-d\u00e9voile-son-programme-avant-le-Tour-de-France-2020.png\" \/>\n\t<meta property=\"og:image:width\" content=\"800\" \/>\n\t<meta property=\"og:image:height\" content=\"445\" \/>\n\t<meta property=\"og:image:type\" content=\"image\/png\" \/>\n<meta name=\"author\" content=\"Nicolas Jacquemard\" \/>\n<meta name=\"twitter:card\" content=\"summary_large_image\" \/>\n<meta name=\"twitter:title\" content=\"Thibaut Pinot d\u00e9voile son programme avant le Tour de France 2020\" \/>\n<meta name=\"twitter:creator\" content=\"@https:\/\/twitter.com\/Nico_Jacquemard\" \/>\n<meta name=\"twitter:site\" content=\"@dicodusport\" \/>\n<script type=\"application\/ld+json\" class=\"yoast-schema-graph\">{\"@context\":\"https:\/\/schema.org\",\"@graph\":[{\"@type\":\"NewsArticle\",\"@id\":\"https:\/\/dicodusport.fr\/blog\/thibaut-pinot-devoile-son-programme-avant-le-tour-de-france-2020\/#article\",\"isPartOf\":{\"@id\":\"https:\/\/dicodusport.fr\/blog\/thibaut-pinot-devoile-son-programme-avant-le-tour-de-france-2020\/\"},\"author\":{\"name\":\"Nicolas Jacquemard\",\"@id\":\"https:\/\/dicodusport.fr\/blog\/#\/schema\/person\/55dcb50ad410894e431ed812bbb70191\"},\"headline\":\"Thibaut Pinot d\u00e9voile son programme avant le Tour de France 2020\",\"datePublished\":\"2019-12-16T10:21:01+00:00\",\"dateModified\":\"2019-12-16T11:07:27+00:00\",\"mainEntityOfPage\":{\"@id\":\"https:\/\/dicodusport.fr\/blog\/thibaut-pinot-devoile-son-programme-avant-le-tour-de-france-2020\/\"},\"wordCount\":122,\"commentCount\":0,\"publisher\":{\"@id\":\"https:\/\/dicodusport.fr\/blog\/#organization\"},\"image\":{\"@id\":\"https:\/\/dicodusport.fr\/blog\/thibaut-pinot-devoile-son-programme-avant-le-tour-de-france-2020\/#primaryimage\"},\"thumbnailUrl\":\"https:\/\/dicodusport.fr\/blog\/wp-content\/uploads\/2019\/12\/Thibaut-Pinot-d\u00e9voile-son-programme-avant-le-Tour-de-France-2020.png\",\"keywords\":[\"Pinot\",\"Thibaut Pinot\",\"Tour de France\"],\"articleSection\":[\"Cyclisme\"],\"inLanguage\":\"fr-FR\",\"potentialAction\":[{\"@type\":\"CommentAction\",\"name\":\"Comment\",\"target\":[\"https:\/\/dicodusport.fr\/blog\/thibaut-pinot-devoile-son-programme-avant-le-tour-de-france-2020\/#respond\"]}],\"copyrightYear\":\"2019\",\"copyrightHolder\":{\"@id\":\"https:\/\/dicodusport.fr\/blog\/#organization\"}},{\"@type\":\"WebPage\",\"@id\":\"https:\/\/dicodusport.fr\/blog\/thibaut-pinot-devoile-son-programme-avant-le-tour-de-france-2020\/\",\"url\":\"https:\/\/dicodusport.fr\/blog\/thibaut-pinot-devoile-son-programme-avant-le-tour-de-france-2020\/\",\"name\":\"Thibaut Pinot d\u00e9voile son programme avant le Tour de France 2020\",\"isPartOf\":{\"@id\":\"https:\/\/dicodusport.fr\/blog\/#website\"},\"primaryImageOfPage\":{\"@id\":\"https:\/\/dicodusport.fr\/blog\/thibaut-pinot-devoile-son-programme-avant-le-tour-de-france-2020\/#primaryimage\"},\"image\":{\"@id\":\"https:\/\/dicodusport.fr\/blog\/thibaut-pinot-devoile-son-programme-avant-le-tour-de-france-2020\/#primaryimage\"},\"thumbnailUrl\":\"https:\/\/dicodusport.fr\/blog\/wp-content\/uploads\/2019\/12\/Thibaut-Pinot-d\u00e9voile-son-programme-avant-le-Tour-de-France-2020.png\",\"datePublished\":\"2019-12-16T10:21:01+00:00\",\"dateModified\":\"2019-12-16T11:07:27+00:00\",\"description\":\"Apr\u00e8s la frustration colossale du Tour de France 2019, Thibaut Pinot aura de gros objectifs sur l'\u00e9dition 2020. Son programme jusqu'\u00e0 fin juin.\",\"breadcrumb\":{\"@id\":\"https:\/\/dicodusport.fr\/blog\/thibaut-pinot-devoile-son-programme-avant-le-tour-de-france-2020\/#breadcrumb\"},\"inLanguage\":\"fr-FR\",\"potentialAction\":[{\"@type\":\"ReadAction\",\"target\":[\"https:\/\/dicodusport.fr\/blog\/thibaut-pinot-devoile-son-programme-avant-le-tour-de-france-2020\/\"]}]},{\"@type\":\"ImageObject\",\"inLanguage\":\"fr-FR\",\"@id\":\"https:\/\/dicodusport.fr\/blog\/thibaut-pinot-devoile-son-programme-avant-le-tour-de-france-2020\/#primaryimage\",\"url\":\"https:\/\/dicodusport.fr\/blog\/wp-content\/uploads\/2019\/12\/Thibaut-Pinot-d\u00e9voile-son-programme-avant-le-Tour-de-France-2020.png\",\"contentUrl\":\"https:\/\/dicodusport.fr\/blog\/wp-content\/uploads\/2019\/12\/Thibaut-Pinot-d\u00e9voile-son-programme-avant-le-Tour-de-France-2020.png\",\"width\":800,\"height\":445,\"caption\":\"Thibaut Pinot d\u00e9voile son programme avant le Tour de France 2020\"},{\"@type\":\"BreadcrumbList\",\"@id\":\"https:\/\/dicodusport.fr\/blog\/thibaut-pinot-devoile-son-programme-avant-le-tour-de-france-2020\/#breadcrumb\",\"itemListElement\":[{\"@type\":\"ListItem\",\"position\":1,\"name\":\"Accueil\",\"item\":\"https:\/\/dicodusport.fr\/blog\/\"},{\"@type\":\"ListItem\",\"position\":2,\"name\":\"Thibaut Pinot d\u00e9voile son programme avant le Tour de France 2020\"}]},{\"@type\":\"WebSite\",\"@id\":\"https:\/\/dicodusport.fr\/blog\/#website\",\"url\":\"https:\/\/dicodusport.fr\/blog\/\",\"name\":\"Dicodusport\",\"description\":\"L&#039;encyclop\u00e9die de l&#039;actualit\u00e9 sportive\",\"publisher\":{\"@id\":\"https:\/\/dicodusport.fr\/blog\/#organization\"},\"potentialAction\":[{\"@type\":\"SearchAction\",\"target\":{\"@type\":\"EntryPoint\",\"urlTemplate\":\"https:\/\/dicodusport.fr\/blog\/?s={search_term_string}\"},\"query-input\":{\"@type\":\"PropertyValueSpecification\",\"valueRequired\":true,\"valueName\":\"search_term_string\"}}],\"inLanguage\":\"fr-FR\"},{\"@type\":\"NewsMediaOrganization\",\"@id\":\"https:\/\/dicodusport.fr\/blog\/#organization\",\"name\":\"Dicodusport\",\"url\":\"https:\/\/dicodusport.fr\/blog\/\",\"logo\":{\"@type\":\"ImageObject\",\"inLanguage\":\"fr-FR\",\"@id\":\"https:\/\/dicodusport.fr\/blog\/#\/schema\/logo\/image\/\",\"url\":\"https:\/\/dicodusport.fr\/blog\/wp-content\/uploads\/2020\/06\/cropped-LOGO-DICODUSPORT-2020-SANS-FOND-SANS-TEXTE.png\",\"contentUrl\":\"https:\/\/dicodusport.fr\/blog\/wp-content\/uploads\/2020\/06\/cropped-LOGO-DICODUSPORT-2020-SANS-FOND-SANS-TEXTE.png\",\"width\":512,\"height\":512,\"caption\":\"Dicodusport\"},\"image\":{\"@id\":\"https:\/\/dicodusport.fr\/blog\/#\/schema\/logo\/image\/\"},\"sameAs\":[\"https:\/\/www.facebook.com\/dicodusport\",\"https:\/\/x.com\/dicodusport\",\"https:\/\/www.instagram.com\/dicodusport\/\",\"https:\/\/www.youtube.com\/channel\/UC7V2KZ5sd3htJivAbA4ZG3w\"],\"description\":\"Dicodusport est l'encyclop\u00e9die de l'actualit\u00e9 sportive.\",\"email\":\"bonjour@dicodusport.fr\",\"legalName\":\"DICODUSPORT\",\"foundingDate\":\"2018-01-14\",\"vatID\":\"FR71834470973\",\"taxID\":\"83447097300043\",\"numberOfEmployees\":{\"@type\":\"QuantitativeValue\",\"minValue\":\"1\",\"maxValue\":\"10\"}},{\"@type\":\"Person\",\"@id\":\"https:\/\/dicodusport.fr\/blog\/#\/schema\/person\/55dcb50ad410894e431ed812bbb70191\",\"name\":\"Nicolas Jacquemard\",\"image\":{\"@type\":\"ImageObject\",\"inLanguage\":\"fr-FR\",\"@id\":\"https:\/\/dicodusport.fr\/blog\/#\/schema\/person\/image\/\",\"url\":\"https:\/\/dicodusport.fr\/blog\/wp-content\/uploads\/2021\/05\/Nicolas-Jacquemard-150x150.jpeg\",\"contentUrl\":\"https:\/\/dicodusport.fr\/blog\/wp-content\/uploads\/2021\/05\/Nicolas-Jacquemard-150x150.jpeg\",\"caption\":\"Nicolas Jacquemard\"},\"description\":\"Passionn\u00e9 de sport et entrepreneur depuis mes 18 ans, la cr\u00e9ation de Dicodusport m'a sembl\u00e9 \u00e9vidente pour participer \u00e0 la m\u00e9diatisation d'un plus grand nombre de sports. Le chemin est long mais avec une \u00e9quipe des plus motiv\u00e9es et les Jeux Olympiques de Paris 2024 en point de mire, nous y arriverons ! Journaliste dans le monde du sport depuis plus de 5 ans, je traite aussi bien de football, de rugby, de biathlon que de cyclisme.\",\"sameAs\":[\"https:\/\/www.facebook.com\/dicodusport\",\"https:\/\/x.com\/https:\/\/twitter.com\/Nico_Jacquemard\"],\"url\":\"https:\/\/dicodusport.fr\/blog\/author\/dicodusport\/\"}]}<\/script>\n<!-- \/ Yoast SEO Premium plugin. -->","yoast_head_json":{"title":"Thibaut Pinot d\u00e9voile son programme avant le Tour de France 2020","description":"Apr\u00e8s la frustration colossale du Tour de France 2019, Thibaut Pinot aura de gros objectifs sur l'\u00e9dition 2020. Son programme jusqu'\u00e0 fin juin.","robots":{"index":"index","follow":"follow","max-snippet":"max-snippet:-1","max-image-preview":"max-image-preview:large","max-video-preview":"max-video-preview:-1"},"canonical":"https:\/\/dicodusport.fr\/blog\/thibaut-pinot-devoile-son-programme-avant-le-tour-de-france-2020\/","og_locale":"fr_FR","og_type":"article","og_title":"Thibaut Pinot d\u00e9voile son programme avant le Tour de France 2020","og_description":"Apr\u00e8s la frustration colossale du Tour de France 2019, Thibaut Pinot aura de gros objectifs sur l'\u00e9dition 2020. Son programme jusqu'\u00e0 fin juin.","og_url":"https:\/\/dicodusport.fr\/blog\/thibaut-pinot-devoile-son-programme-avant-le-tour-de-france-2020\/","og_site_name":"Dicodusport","article_publisher":"https:\/\/www.facebook.com\/dicodusport","article_author":"https:\/\/www.facebook.com\/dicodusport","article_published_time":"2019-12-16T10:21:01+00:00","article_modified_time":"2019-12-16T11:07:27+00:00","og_image":[{"width":800,"height":445,"url":"https:\/\/dicodusport.fr\/blog\/wp-content\/uploads\/2019\/12\/Thibaut-Pinot-d\u00e9voile-son-programme-avant-le-Tour-de-France-2020.png","type":"image\/png"}],"author":"Nicolas Jacquemard","twitter_card":"summary_large_image","twitter_title":"Thibaut Pinot d\u00e9voile son programme avant le Tour de France 2020","twitter_creator":"@https:\/\/twitter.com\/Nico_Jacquemard","twitter_site":"@dicodusport","schema":{"@context":"https:\/\/schema.org","@graph":[{"@type":"NewsArticle","@id":"https:\/\/dicodusport.fr\/blog\/thibaut-pinot-devoile-son-programme-avant-le-tour-de-france-2020\/#article","isPartOf":{"@id":"https:\/\/dicodusport.fr\/blog\/thibaut-pinot-devoile-son-programme-avant-le-tour-de-france-2020\/"},"author":{"name":"Nicolas Jacquemard","@id":"https:\/\/dicodusport.fr\/blog\/#\/schema\/person\/55dcb50ad410894e431ed812bbb70191"},"headline":"Thibaut Pinot d\u00e9voile son programme avant le Tour de France 2020","datePublished":"2019-12-16T10:21:01+00:00","dateModified":"2019-12-16T11:07:27+00:00","mainEntityOfPage":{"@id":"https:\/\/dicodusport.fr\/blog\/thibaut-pinot-devoile-son-programme-avant-le-tour-de-france-2020\/"},"wordCount":122,"commentCount":0,"publisher":{"@id":"https:\/\/dicodusport.fr\/blog\/#organization"},"image":{"@id":"https:\/\/dicodusport.fr\/blog\/thibaut-pinot-devoile-son-programme-avant-le-tour-de-france-2020\/#primaryimage"},"thumbnailUrl":"https:\/\/dicodusport.fr\/blog\/wp-content\/uploads\/2019\/12\/Thibaut-Pinot-d\u00e9voile-son-programme-avant-le-Tour-de-France-2020.png","keywords":["Pinot","Thibaut Pinot","Tour de France"],"articleSection":["Cyclisme"],"inLanguage":"fr-FR","potentialAction":[{"@type":"CommentAction","name":"Comment","target":["https:\/\/dicodusport.fr\/blog\/thibaut-pinot-devoile-son-programme-avant-le-tour-de-france-2020\/#respond"]}],"copyrightYear":"2019","copyrightHolder":{"@id":"https:\/\/dicodusport.fr\/blog\/#organization"}},{"@type":"WebPage","@id":"https:\/\/dicodusport.fr\/blog\/thibaut-pinot-devoile-son-programme-avant-le-tour-de-france-2020\/","url":"https:\/\/dicodusport.fr\/blog\/thibaut-pinot-devoile-son-programme-avant-le-tour-de-france-2020\/","name":"Thibaut Pinot d\u00e9voile son programme avant le Tour de France 2020","isPartOf":{"@id":"https:\/\/dicodusport.fr\/blog\/#website"},"primaryImageOfPage":{"@id":"https:\/\/dicodusport.fr\/blog\/thibaut-pinot-devoile-son-programme-avant-le-tour-de-france-2020\/#primaryimage"},"image":{"@id":"https:\/\/dicodusport.fr\/blog\/thibaut-pinot-devoile-son-programme-avant-le-tour-de-france-2020\/#primaryimage"},"thumbnailUrl":"https:\/\/dicodusport.fr\/blog\/wp-content\/uploads\/2019\/12\/Thibaut-Pinot-d\u00e9voile-son-programme-avant-le-Tour-de-France-2020.png","datePublished":"2019-12-16T10:21:01+00:00","dateModified":"2019-12-16T11:07:27+00:00","description":"Apr\u00e8s la frustration colossale du Tour de France 2019, Thibaut Pinot aura de gros objectifs sur l'\u00e9dition 2020. Son programme jusqu'\u00e0 fin juin.","breadcrumb":{"@id":"https:\/\/dicodusport.fr\/blog\/thibaut-pinot-devoile-son-programme-avant-le-tour-de-france-2020\/#breadcrumb"},"inLanguage":"fr-FR","potentialAction":[{"@type":"ReadAction","target":["https:\/\/dicodusport.fr\/blog\/thibaut-pinot-devoile-son-programme-avant-le-tour-de-france-2020\/"]}]},{"@type":"ImageObject","inLanguage":"fr-FR","@id":"https:\/\/dicodusport.fr\/blog\/thibaut-pinot-devoile-son-programme-avant-le-tour-de-france-2020\/#primaryimage","url":"https:\/\/dicodusport.fr\/blog\/wp-content\/uploads\/2019\/12\/Thibaut-Pinot-d\u00e9voile-son-programme-avant-le-Tour-de-France-2020.png","contentUrl":"https:\/\/dicodusport.fr\/blog\/wp-content\/uploads\/2019\/12\/Thibaut-Pinot-d\u00e9voile-son-programme-avant-le-Tour-de-France-2020.png","width":800,"height":445,"caption":"Thibaut Pinot d\u00e9voile son programme avant le Tour de France 2020"},{"@type":"BreadcrumbList","@id":"https:\/\/dicodusport.fr\/blog\/thibaut-pinot-devoile-son-programme-avant-le-tour-de-france-2020\/#breadcrumb","itemListElement":[{"@type":"ListItem","position":1,"name":"Accueil","item":"https:\/\/dicodusport.fr\/blog\/"},{"@type":"ListItem","position":2,"name":"Thibaut Pinot d\u00e9voile son programme avant le Tour de France 2020"}]},{"@type":"WebSite","@id":"https:\/\/dicodusport.fr\/blog\/#website","url":"https:\/\/dicodusport.fr\/blog\/","name":"Dicodusport","description":"L&#039;encyclop\u00e9die de l&#039;actualit\u00e9 sportive","publisher":{"@id":"https:\/\/dicodusport.fr\/blog\/#organization"},"potentialAction":[{"@type":"SearchAction","target":{"@type":"EntryPoint","urlTemplate":"https:\/\/dicodusport.fr\/blog\/?s={search_term_string}"},"query-input":{"@type":"PropertyValueSpecification","valueRequired":true,"valueName":"search_term_string"}}],"inLanguage":"fr-FR"},{"@type":"NewsMediaOrganization","@id":"https:\/\/dicodusport.fr\/blog\/#organization","name":"Dicodusport","url":"https:\/\/dicodusport.fr\/blog\/","logo":{"@type":"ImageObject","inLanguage":"fr-FR","@id":"https:\/\/dicodusport.fr\/blog\/#\/schema\/logo\/image\/","url":"https:\/\/dicodusport.fr\/blog\/wp-content\/uploads\/2020\/06\/cropped-LOGO-DICODUSPORT-2020-SANS-FOND-SANS-TEXTE.png","contentUrl":"https:\/\/dicodusport.fr\/blog\/wp-content\/uploads\/2020\/06\/cropped-LOGO-DICODUSPORT-2020-SANS-FOND-SANS-TEXTE.png","width":512,"height":512,"caption":"Dicodusport"},"image":{"@id":"https:\/\/dicodusport.fr\/blog\/#\/schema\/logo\/image\/"},"sameAs":["https:\/\/www.facebook.com\/dicodusport","https:\/\/x.com\/dicodusport","https:\/\/www.instagram.com\/dicodusport\/","https:\/\/www.youtube.com\/channel\/UC7V2KZ5sd3htJivAbA4ZG3w"],"description":"Dicodusport est l'encyclop\u00e9die de l'actualit\u00e9 sportive.","email":"bonjour@dicodusport.fr","legalName":"DICODUSPORT","foundingDate":"2018-01-14","vatID":"FR71834470973","taxID":"83447097300043","numberOfEmployees":{"@type":"QuantitativeValue","minValue":"1","maxValue":"10"}},{"@type":"Person","@id":"https:\/\/dicodusport.fr\/blog\/#\/schema\/person\/55dcb50ad410894e431ed812bbb70191","name":"Nicolas Jacquemard","image":{"@type":"ImageObject","inLanguage":"fr-FR","@id":"https:\/\/dicodusport.fr\/blog\/#\/schema\/person\/image\/","url":"https:\/\/dicodusport.fr\/blog\/wp-content\/uploads\/2021\/05\/Nicolas-Jacquemard-150x150.jpeg","contentUrl":"https:\/\/dicodusport.fr\/blog\/wp-content\/uploads\/2021\/05\/Nicolas-Jacquemard-150x150.jpeg","caption":"Nicolas Jacquemard"},"description":"Passionn\u00e9 de sport et entrepreneur depuis mes 18 ans, la cr\u00e9ation de Dicodusport m'a sembl\u00e9 \u00e9vidente pour participer \u00e0 la m\u00e9diatisation d'un plus grand nombre de sports. Le chemin est long mais avec une \u00e9quipe des plus motiv\u00e9es et les Jeux Olympiques de Paris 2024 en point de mire, nous y arriverons ! Journaliste dans le monde du sport depuis plus de 5 ans, je traite aussi bien de football, de rugby, de biathlon que de cyclisme.","sameAs":["https:\/\/www.facebook.com\/dicodusport","https:\/\/x.com\/https:\/\/twitter.com\/Nico_Jacquemard"],"url":"https:\/\/dicodusport.fr\/blog\/author\/dicodusport\/"}]}},"_links":{"self":[{"href":"https:\/\/dicodusport.fr\/blog\/wp-json\/wp\/v2\/posts\/55135","targetHints":{"allow":["GET"]}}],"collection":[{"href":"https:\/\/dicodusport.fr\/blog\/wp-json\/wp\/v2\/posts"}],"about":[{"href":"https:\/\/dicodusport.fr\/blog\/wp-json\/wp\/v2\/types\/post"}],"author":[{"embeddable":true,"href":"https:\/\/dicodusport.fr\/blog\/wp-json\/wp\/v2\/users\/1"}],"replies":[{"embeddable":true,"href":"https:\/\/dicodusport.fr\/blog\/wp-json\/wp\/v2\/comments?post=55135"}],"version-history":[{"count":0,"href":"https:\/\/dicodusport.fr\/blog\/wp-json\/wp\/v2\/posts\/55135\/revisions"}],"wp:featuredmedia":[{"embeddable":true,"href":"https:\/\/dicodusport.fr\/blog\/wp-json\/wp\/v2\/media\/55142"}],"wp:attachment":[{"href":"https:\/\/dicodusport.fr\/blog\/wp-json\/wp\/v2\/media?parent=55135"}],"wp:term":[{"taxonomy":"category","embeddable":true,"href":"https:\/\/dicodusport.fr\/blog\/wp-json\/wp\/v2\/categories?post=55135"},{"taxonomy":"post_tag","embeddable":true,"href":"https:\/\/dicodusport.fr\/blog\/wp-json\/wp\/v2\/tags?post=55135"}],"curies":[{"name":"wp","href":"https:\/\/api.w.org\/{rel}","templated":true}]}}