{"id":551426,"date":"2025-01-31T15:41:29","date_gmt":"2025-01-31T14:41:29","guid":{"rendered":"https:\/\/dicodusport.fr\/blog\/?p=551426&#038;preview=true&#038;preview_id=551426"},"modified":"2025-07-09T18:35:57","modified_gmt":"2025-07-09T16:35:57","slug":"biathlon-championnats-europe-vetle-christiansen-s-impose-sur-le-sprint","status":"publish","type":"post","link":"https:\/\/dicodusport.fr\/blog\/biathlon-championnats-europe-vetle-christiansen-s-impose-sur-le-sprint\/","title":{"rendered":"Biathlon Championnats d\u2019Europe : Sivert Bakken en or sur le sprint"},"content":{"rendered":"<h4 style=\"text-align: justify;\"><em>CHAMPIONNATS D\u2019EUROPE DE BIATHLON 2025 &#8211; Deux courses et deux victoires chez les hommes pour la Norv\u00e8ge. Deux jours apr\u00e8s le titre d\u2019Isak Frey sur l\u2019individuel, Sivert Bakken remporte le sprint devant l\u2019exp\u00e9riment\u00e9 Vetle Christiansen.<\/em><\/h4>\n<ul>\n<li style=\"text-align: justify;\"><strong>\u00c0 ce sujet &#8211; <a href=\"https:\/\/dicodusport.fr\/blog\/biathlon-championnats-deurope-programme-complet-et-resultats\/\">Biathlon Championnats d\u2019Europe : Programme complet et r\u00e9sultats<\/a><\/strong><\/li>\n<\/ul>\n<h2 style=\"font-weight: 400; text-align: justify;\"><strong>La Norv\u00e8ge \u00e9c\u0153ure la concurrence<\/strong><\/h2>\n<p style=\"font-weight: 400; text-align: justify;\">Deux jours apr\u00e8s l\u2019individuel, les pr\u00e9tendants \u00e0 un nouveau titre continental avaient rendez-vous sur le sprint. Un format plus court de 10 kilom\u00e8tres avec deux passages sur le pas de tir, un en position couch\u00e9 et l\u2019autre debout, et des biathl\u00e8tes qui s\u2019\u00e9lancent chacun leur tour.<\/p>\n<p style=\"font-weight: 400; text-align: justify;\">L\u2019an dernier en Slovaquie, le sprint avait \u00e9t\u00e9 l\u2019unique \u00e9preuve individuelle qui \u00e9chappait \u00e0 la d\u00e9l\u00e9gation norv\u00e9gienne, frustr\u00e9e par <strong>Antonin Guigonnat<\/strong> qui apportait \u00e0 la France son unique titre europ\u00e9en. Cette ann\u00e9e, la Norv\u00e8ge n\u2019a laiss\u00e9 aucune chance aux nations rivales, solidement repr\u00e9sent\u00e9e par <strong>Sivert Bakken, Vetle Christiansen, Sverre Aspenes <\/strong>et<strong> Isak Frey <\/strong>qui s\u2019invitent parmi les cinq premiers.<\/p>\n<ul>\n<li style=\"text-align: justify;\"><strong>\u00c0 ce sujet &#8211; <a href=\"https:\/\/dicodusport.fr\/blog\/biathlon-championnats-deurope-2025-classement-sprint-hommes\/\">Biathlon Championnats d\u2019Europe \u2013 Classement Sprint hommes<\/a><\/strong><\/li>\n<\/ul>\n<p style=\"font-weight: 400; text-align: justify;\"><strong>Sivert Bakken<\/strong> s\u2019est montr\u00e9 le plus rapide de tous. Parfait sur le pas de tir, le biathl\u00e8te norv\u00e9gien a r\u00e9alis\u00e9 un dernier tour canon pour souffler la victoire \u00e0 l\u2019exp\u00e9riment\u00e9 <strong>Vetle Christiansen<\/strong>. Le <strong>champion olympique \u00e0 P\u00e9kin<\/strong> et triple champion du monde a longtemps d\u00e9tenu le meilleur temps de r\u00e9f\u00e9rence, mais n\u2019a pu rivaliser face \u00e0 la rapidit\u00e9 \u00e0 ski de son compatriote <strong>Sivert Bakken<\/strong>, qui s\u2019offre son premier titre continental en individuel.<\/p>\n<p style=\"font-weight: 400; text-align: justify;\">Deuxi\u00e8me sur l\u2019individuel deux jours plus t\u00f4t, l\u2019Autrichien <strong>Fredrik Muelbacher<\/strong> monte sur la troisi\u00e8me marche du podium et prive la Norv\u00e8ge d\u2019un tripl\u00e9. <strong>Sverre Aspenes<\/strong> et <strong>Isak Frey <\/strong>compl\u00e8tent le top 5 devant le Su\u00e9dois <strong>Emil Nykvist<\/strong>. Les trois m\u00e9daill\u00e9s de l\u2019individuel s\u2019invitent tous \u00e0 la c\u00e9r\u00e9monie des fleurs, en compagnie de trois norv\u00e9giens.<\/p>\n<blockquote class=\"twitter-tweet\">\n<p dir=\"ltr\" lang=\"fr\">Gr\u00e2ce \u00e0 un incroyable dernier tour, le Norv\u00e9gien Sivert Bakken devient champion d&rsquo;Europe du sprint !<\/p>\n<p>Premier Fran\u00e7ais, Th\u00e9o Guiraud Poillaud est huiti\u00e8me. <a href=\"https:\/\/twitter.com\/hashtag\/lequipeBIATHLON?src=hash&amp;ref_src=twsrc%5Etfw\">#lequipeBIATHLON<\/a> <a href=\"https:\/\/t.co\/lRWfIfnkEB\">pic.twitter.com\/lRWfIfnkEB<\/a><\/p>\n<p>\u2014 la chaine L&rsquo;\u00c9quipe (@lachainelequipe) <a href=\"https:\/\/twitter.com\/lachainelequipe\/status\/1885337609938899127?ref_src=twsrc%5Etfw\">January 31, 2025<\/a><\/p><\/blockquote>\n<p><script async src=\"https:\/\/platform.twitter.com\/widgets.js\" charset=\"utf-8\"><\/script><\/p>\n<h2 style=\"font-weight: 400; text-align: justify;\"><strong>Sur la poursuite, les Fran\u00e7ais auront leur carte \u00e0 jouer<\/strong><\/h2>\n<p style=\"font-weight: 400; text-align: justify;\">Comme sur la course individuelle disput\u00e9e deux jours plus t\u00f4t, aucun Fran\u00e7ais n\u2019est parvenu \u00e0 s\u2019immiscer parmi les six privil\u00e9gi\u00e9s qui profiteront de la c\u00e9r\u00e9monie des fleurs. Toutefois, le bilan tricolore est bien plus satisfaisant.<\/p>\n<p style=\"font-weight: 400; text-align: justify;\">Avec le dossard n\u00b0114 sur les \u00e9paules, <strong>Th\u00e9o Guiraud-Poillot<\/strong> a \u00e9t\u00e9 la belle surprise de cette fin de course. Irr\u00e9prochable face \u00e0 ces dix cibles, le Haut-Savoyard de 22 ans termine huiti\u00e8me, \u00e0 seulement dix secondes du podium.<\/p>\n<p style=\"font-weight: 400; text-align: justify;\">Tous deux auteurs de deux fautes sur le pas de tir, <strong>Ga\u00ebtan Paturel<\/strong> et <strong>Oscar Lombardot<\/strong> se classent respectivement 11<sup>e<\/sup> et 12<sup>e<\/sup>, \u00e0 moins de trente secondes du laur\u00e9at du jour. Un retard facilement rattrapable sur la poursuite pr\u00e9vue demain.<\/p>\n<p style=\"font-weight: 400; text-align: justify;\">Un peu plus loin au classement, les trois derniers repr\u00e9sentants fran\u00e7ais <strong>Valentin Lejeune<\/strong>, <strong>Edgar Geny<\/strong> et <strong>R\u00e9mi Broutier<\/strong> prennent occupent respectivement les 22<sup>e<\/sup>, 31<sup>e<\/sup> et 35<sup>e<\/sup> places et pourront, eux aussi, jouer leur chance sur la poursuite.<\/p>\n<p style=\"text-align: justify;\">\n","protected":false},"excerpt":{"rendered":"<p>Sivert Bakken en or sur le sprint<\/p>\n","protected":false},"author":107,"featured_media":551526,"comment_status":"open","ping_status":"closed","sticky":false,"template":"","format":"standard","meta":{"_acf_changed":false,"_daextam_enable_autolinks":"1","footnotes":""},"categories":[2426],"tags":[32415,2427,16878],"class_list":["post-551426","post","type-post","status-publish","format-standard","has-post-thumbnail","hentry","category-biathlon","tag-actu","tag-biathlon","tag-breve"],"acf":[],"yoast_head":"<!-- This site is optimized with the Yoast SEO Premium plugin v26.7 (Yoast SEO v26.7) - https:\/\/yoast.com\/wordpress\/plugins\/seo\/ -->\n<title>Biathlon Championnats d\u2019Europe : Sivert Bakken en or sur le sprint<\/title>\n<meta name=\"description\" content=\"Aux championnats d&#039;Europe de biathlon, Sivert Bakken remporte le sprint devant l\u2019exp\u00e9riment\u00e9 Vetle Christiansen.\" \/>\n<meta name=\"robots\" content=\"index, follow, max-snippet:-1, max-image-preview:large, max-video-preview:-1\" \/>\n<link rel=\"canonical\" href=\"https:\/\/dicodusport.fr\/blog\/biathlon-championnats-europe-vetle-christiansen-s-impose-sur-le-sprint\/\" \/>\n<meta property=\"og:locale\" content=\"fr_FR\" \/>\n<meta property=\"og:type\" content=\"article\" \/>\n<meta property=\"og:title\" content=\"Biathlon Championnats d\u2019Europe : Sivert Bakken en or sur le sprint\" \/>\n<meta property=\"og:description\" content=\"Aux championnats d&#039;Europe de biathlon, Sivert Bakken remporte le sprint devant l\u2019exp\u00e9riment\u00e9 Vetle Christiansen.\" \/>\n<meta property=\"og:url\" content=\"https:\/\/dicodusport.fr\/blog\/biathlon-championnats-europe-vetle-christiansen-s-impose-sur-le-sprint\/\" \/>\n<meta property=\"og:site_name\" content=\"Dicodusport\" \/>\n<meta property=\"article:publisher\" content=\"https:\/\/www.facebook.com\/dicodusport\" \/>\n<meta property=\"article:published_time\" content=\"2025-01-31T14:41:29+00:00\" \/>\n<meta property=\"article:modified_time\" content=\"2025-07-09T16:35:57+00:00\" \/>\n<meta property=\"og:image\" content=\"https:\/\/dicodusport.fr\/blog\/wp-content\/uploads\/2025\/01\/Biathlon-Championnats-dEurope-Sivert-Bakken-en-or-sur-le-sprint-1.png\" \/>\n\t<meta property=\"og:image:width\" content=\"1200\" \/>\n\t<meta property=\"og:image:height\" content=\"674\" \/>\n\t<meta property=\"og:image:type\" content=\"image\/png\" \/>\n<meta name=\"author\" content=\"Th\u00e9o Gripon Auer\" \/>\n<meta name=\"twitter:card\" content=\"summary_large_image\" \/>\n<meta name=\"twitter:title\" content=\"Biathlon Championnats d\u2019Europe : Sivert Bakken en or sur le sprint\" \/>\n<meta name=\"twitter:creator\" content=\"@dicodusport\" \/>\n<meta name=\"twitter:site\" content=\"@dicodusport\" \/>\n<script type=\"application\/ld+json\" class=\"yoast-schema-graph\">{\"@context\":\"https:\/\/schema.org\",\"@graph\":[{\"@type\":\"NewsArticle\",\"@id\":\"https:\/\/dicodusport.fr\/blog\/biathlon-championnats-europe-vetle-christiansen-s-impose-sur-le-sprint\/#article\",\"isPartOf\":{\"@id\":\"https:\/\/dicodusport.fr\/blog\/biathlon-championnats-europe-vetle-christiansen-s-impose-sur-le-sprint\/\"},\"author\":{\"name\":\"Th\u00e9o Gripon Auer\",\"@id\":\"https:\/\/dicodusport.fr\/blog\/#\/schema\/person\/c0d35c220c4e79773da9e19a595ab67c\"},\"headline\":\"Biathlon Championnats d\u2019Europe : Sivert Bakken en or sur le sprint\",\"datePublished\":\"2025-01-31T14:41:29+00:00\",\"dateModified\":\"2025-07-09T16:35:57+00:00\",\"mainEntityOfPage\":{\"@id\":\"https:\/\/dicodusport.fr\/blog\/biathlon-championnats-europe-vetle-christiansen-s-impose-sur-le-sprint\/\"},\"wordCount\":562,\"commentCount\":0,\"publisher\":{\"@id\":\"https:\/\/dicodusport.fr\/blog\/#organization\"},\"image\":{\"@id\":\"https:\/\/dicodusport.fr\/blog\/biathlon-championnats-europe-vetle-christiansen-s-impose-sur-le-sprint\/#primaryimage\"},\"thumbnailUrl\":\"https:\/\/dicodusport.fr\/blog\/wp-content\/uploads\/2025\/01\/Biathlon-Championnats-dEurope-Sivert-Bakken-en-or-sur-le-sprint-1.png\",\"keywords\":[\"actu\",\"Biathlon\",\"br\u00e8ve\"],\"articleSection\":[\"Biathlon\"],\"inLanguage\":\"fr-FR\",\"potentialAction\":[{\"@type\":\"CommentAction\",\"name\":\"Comment\",\"target\":[\"https:\/\/dicodusport.fr\/blog\/biathlon-championnats-europe-vetle-christiansen-s-impose-sur-le-sprint\/#respond\"]}],\"copyrightYear\":\"2025\",\"copyrightHolder\":{\"@id\":\"https:\/\/dicodusport.fr\/blog\/#organization\"}},{\"@type\":\"WebPage\",\"@id\":\"https:\/\/dicodusport.fr\/blog\/biathlon-championnats-europe-vetle-christiansen-s-impose-sur-le-sprint\/\",\"url\":\"https:\/\/dicodusport.fr\/blog\/biathlon-championnats-europe-vetle-christiansen-s-impose-sur-le-sprint\/\",\"name\":\"Biathlon Championnats d\u2019Europe : Sivert Bakken en or sur le sprint\",\"isPartOf\":{\"@id\":\"https:\/\/dicodusport.fr\/blog\/#website\"},\"primaryImageOfPage\":{\"@id\":\"https:\/\/dicodusport.fr\/blog\/biathlon-championnats-europe-vetle-christiansen-s-impose-sur-le-sprint\/#primaryimage\"},\"image\":{\"@id\":\"https:\/\/dicodusport.fr\/blog\/biathlon-championnats-europe-vetle-christiansen-s-impose-sur-le-sprint\/#primaryimage\"},\"thumbnailUrl\":\"https:\/\/dicodusport.fr\/blog\/wp-content\/uploads\/2025\/01\/Biathlon-Championnats-dEurope-Sivert-Bakken-en-or-sur-le-sprint-1.png\",\"datePublished\":\"2025-01-31T14:41:29+00:00\",\"dateModified\":\"2025-07-09T16:35:57+00:00\",\"description\":\"Aux championnats d'Europe de biathlon, Sivert Bakken remporte le sprint devant l\u2019exp\u00e9riment\u00e9 Vetle Christiansen.\",\"breadcrumb\":{\"@id\":\"https:\/\/dicodusport.fr\/blog\/biathlon-championnats-europe-vetle-christiansen-s-impose-sur-le-sprint\/#breadcrumb\"},\"inLanguage\":\"fr-FR\",\"potentialAction\":[{\"@type\":\"ReadAction\",\"target\":[\"https:\/\/dicodusport.fr\/blog\/biathlon-championnats-europe-vetle-christiansen-s-impose-sur-le-sprint\/\"]}]},{\"@type\":\"ImageObject\",\"inLanguage\":\"fr-FR\",\"@id\":\"https:\/\/dicodusport.fr\/blog\/biathlon-championnats-europe-vetle-christiansen-s-impose-sur-le-sprint\/#primaryimage\",\"url\":\"https:\/\/dicodusport.fr\/blog\/wp-content\/uploads\/2025\/01\/Biathlon-Championnats-dEurope-Sivert-Bakken-en-or-sur-le-sprint-1.png\",\"contentUrl\":\"https:\/\/dicodusport.fr\/blog\/wp-content\/uploads\/2025\/01\/Biathlon-Championnats-dEurope-Sivert-Bakken-en-or-sur-le-sprint-1.png\",\"width\":1200,\"height\":674,\"caption\":\"Biathlon Championnats d\u2019Europe Sivert Bakken en or sur le sprint (1)\"},{\"@type\":\"BreadcrumbList\",\"@id\":\"https:\/\/dicodusport.fr\/blog\/biathlon-championnats-europe-vetle-christiansen-s-impose-sur-le-sprint\/#breadcrumb\",\"itemListElement\":[{\"@type\":\"ListItem\",\"position\":1,\"name\":\"Accueil\",\"item\":\"https:\/\/dicodusport.fr\/blog\/\"},{\"@type\":\"ListItem\",\"position\":2,\"name\":\"Biathlon Championnats d\u2019Europe : Sivert Bakken en or sur le sprint\"}]},{\"@type\":\"WebSite\",\"@id\":\"https:\/\/dicodusport.fr\/blog\/#website\",\"url\":\"https:\/\/dicodusport.fr\/blog\/\",\"name\":\"Dicodusport\",\"description\":\"L&#039;encyclop\u00e9die de l&#039;actualit\u00e9 sportive\",\"publisher\":{\"@id\":\"https:\/\/dicodusport.fr\/blog\/#organization\"},\"potentialAction\":[{\"@type\":\"SearchAction\",\"target\":{\"@type\":\"EntryPoint\",\"urlTemplate\":\"https:\/\/dicodusport.fr\/blog\/?s={search_term_string}\"},\"query-input\":{\"@type\":\"PropertyValueSpecification\",\"valueRequired\":true,\"valueName\":\"search_term_string\"}}],\"inLanguage\":\"fr-FR\"},{\"@type\":\"NewsMediaOrganization\",\"@id\":\"https:\/\/dicodusport.fr\/blog\/#organization\",\"name\":\"Dicodusport\",\"url\":\"https:\/\/dicodusport.fr\/blog\/\",\"logo\":{\"@type\":\"ImageObject\",\"inLanguage\":\"fr-FR\",\"@id\":\"https:\/\/dicodusport.fr\/blog\/#\/schema\/logo\/image\/\",\"url\":\"https:\/\/dicodusport.fr\/blog\/wp-content\/uploads\/2020\/06\/cropped-LOGO-DICODUSPORT-2020-SANS-FOND-SANS-TEXTE.png\",\"contentUrl\":\"https:\/\/dicodusport.fr\/blog\/wp-content\/uploads\/2020\/06\/cropped-LOGO-DICODUSPORT-2020-SANS-FOND-SANS-TEXTE.png\",\"width\":512,\"height\":512,\"caption\":\"Dicodusport\"},\"image\":{\"@id\":\"https:\/\/dicodusport.fr\/blog\/#\/schema\/logo\/image\/\"},\"sameAs\":[\"https:\/\/www.facebook.com\/dicodusport\",\"https:\/\/x.com\/dicodusport\",\"https:\/\/www.instagram.com\/dicodusport\/\",\"https:\/\/www.youtube.com\/channel\/UC7V2KZ5sd3htJivAbA4ZG3w\"],\"description\":\"Dicodusport est l'encyclop\u00e9die de l'actualit\u00e9 sportive.\",\"email\":\"bonjour@dicodusport.fr\",\"legalName\":\"DICODUSPORT\",\"foundingDate\":\"2018-01-14\",\"vatID\":\"FR71834470973\",\"taxID\":\"83447097300043\",\"numberOfEmployees\":{\"@type\":\"QuantitativeValue\",\"minValue\":\"1\",\"maxValue\":\"10\"}},{\"@type\":\"Person\",\"@id\":\"https:\/\/dicodusport.fr\/blog\/#\/schema\/person\/c0d35c220c4e79773da9e19a595ab67c\",\"name\":\"Th\u00e9o Gripon Auer\",\"image\":{\"@type\":\"ImageObject\",\"inLanguage\":\"fr-FR\",\"@id\":\"https:\/\/dicodusport.fr\/blog\/#\/schema\/person\/image\/\",\"url\":\"https:\/\/dicodusport.fr\/blog\/wp-content\/uploads\/2025\/02\/Maillot-Dicodusport-Theo-150x150.png\",\"contentUrl\":\"https:\/\/dicodusport.fr\/blog\/wp-content\/uploads\/2025\/02\/Maillot-Dicodusport-Theo-150x150.png\",\"caption\":\"Th\u00e9o Gripon Auer\"},\"description\":\"Partag\u00e9 entre la passion du sport et celle de l\u2019\u00e9criture, je f\u00e9d\u00e8re les deux au service de Dicodusport. Un poil frustr\u00e9 de ne pas avoir r\u00e9ussi \u00e0 devenir sportif pro, alors que je ne me suis jamais fait les crois\u00e9s, je partage tout de m\u00eame un point commun avec Tadej Pogacar, Cristiano Ronaldo et John McEnroe : celui de n\u2019avoir jamais \u00e9t\u00e9 champion olympique.\",\"url\":\"https:\/\/dicodusport.fr\/blog\/author\/theo-gripon-auer\/\"}]}<\/script>\n<!-- \/ Yoast SEO Premium plugin. -->","yoast_head_json":{"title":"Biathlon Championnats d\u2019Europe : Sivert Bakken en or sur le sprint","description":"Aux championnats d'Europe de biathlon, Sivert Bakken remporte le sprint devant l\u2019exp\u00e9riment\u00e9 Vetle Christiansen.","robots":{"index":"index","follow":"follow","max-snippet":"max-snippet:-1","max-image-preview":"max-image-preview:large","max-video-preview":"max-video-preview:-1"},"canonical":"https:\/\/dicodusport.fr\/blog\/biathlon-championnats-europe-vetle-christiansen-s-impose-sur-le-sprint\/","og_locale":"fr_FR","og_type":"article","og_title":"Biathlon Championnats d\u2019Europe : Sivert Bakken en or sur le sprint","og_description":"Aux championnats d'Europe de biathlon, Sivert Bakken remporte le sprint devant l\u2019exp\u00e9riment\u00e9 Vetle Christiansen.","og_url":"https:\/\/dicodusport.fr\/blog\/biathlon-championnats-europe-vetle-christiansen-s-impose-sur-le-sprint\/","og_site_name":"Dicodusport","article_publisher":"https:\/\/www.facebook.com\/dicodusport","article_published_time":"2025-01-31T14:41:29+00:00","article_modified_time":"2025-07-09T16:35:57+00:00","og_image":[{"width":1200,"height":674,"url":"https:\/\/dicodusport.fr\/blog\/wp-content\/uploads\/2025\/01\/Biathlon-Championnats-dEurope-Sivert-Bakken-en-or-sur-le-sprint-1.png","type":"image\/png"}],"author":"Th\u00e9o Gripon Auer","twitter_card":"summary_large_image","twitter_title":"Biathlon Championnats d\u2019Europe : Sivert Bakken en or sur le sprint","twitter_creator":"@dicodusport","twitter_site":"@dicodusport","schema":{"@context":"https:\/\/schema.org","@graph":[{"@type":"NewsArticle","@id":"https:\/\/dicodusport.fr\/blog\/biathlon-championnats-europe-vetle-christiansen-s-impose-sur-le-sprint\/#article","isPartOf":{"@id":"https:\/\/dicodusport.fr\/blog\/biathlon-championnats-europe-vetle-christiansen-s-impose-sur-le-sprint\/"},"author":{"name":"Th\u00e9o Gripon Auer","@id":"https:\/\/dicodusport.fr\/blog\/#\/schema\/person\/c0d35c220c4e79773da9e19a595ab67c"},"headline":"Biathlon Championnats d\u2019Europe : Sivert Bakken en or sur le sprint","datePublished":"2025-01-31T14:41:29+00:00","dateModified":"2025-07-09T16:35:57+00:00","mainEntityOfPage":{"@id":"https:\/\/dicodusport.fr\/blog\/biathlon-championnats-europe-vetle-christiansen-s-impose-sur-le-sprint\/"},"wordCount":562,"commentCount":0,"publisher":{"@id":"https:\/\/dicodusport.fr\/blog\/#organization"},"image":{"@id":"https:\/\/dicodusport.fr\/blog\/biathlon-championnats-europe-vetle-christiansen-s-impose-sur-le-sprint\/#primaryimage"},"thumbnailUrl":"https:\/\/dicodusport.fr\/blog\/wp-content\/uploads\/2025\/01\/Biathlon-Championnats-dEurope-Sivert-Bakken-en-or-sur-le-sprint-1.png","keywords":["actu","Biathlon","br\u00e8ve"],"articleSection":["Biathlon"],"inLanguage":"fr-FR","potentialAction":[{"@type":"CommentAction","name":"Comment","target":["https:\/\/dicodusport.fr\/blog\/biathlon-championnats-europe-vetle-christiansen-s-impose-sur-le-sprint\/#respond"]}],"copyrightYear":"2025","copyrightHolder":{"@id":"https:\/\/dicodusport.fr\/blog\/#organization"}},{"@type":"WebPage","@id":"https:\/\/dicodusport.fr\/blog\/biathlon-championnats-europe-vetle-christiansen-s-impose-sur-le-sprint\/","url":"https:\/\/dicodusport.fr\/blog\/biathlon-championnats-europe-vetle-christiansen-s-impose-sur-le-sprint\/","name":"Biathlon Championnats d\u2019Europe : Sivert Bakken en or sur le sprint","isPartOf":{"@id":"https:\/\/dicodusport.fr\/blog\/#website"},"primaryImageOfPage":{"@id":"https:\/\/dicodusport.fr\/blog\/biathlon-championnats-europe-vetle-christiansen-s-impose-sur-le-sprint\/#primaryimage"},"image":{"@id":"https:\/\/dicodusport.fr\/blog\/biathlon-championnats-europe-vetle-christiansen-s-impose-sur-le-sprint\/#primaryimage"},"thumbnailUrl":"https:\/\/dicodusport.fr\/blog\/wp-content\/uploads\/2025\/01\/Biathlon-Championnats-dEurope-Sivert-Bakken-en-or-sur-le-sprint-1.png","datePublished":"2025-01-31T14:41:29+00:00","dateModified":"2025-07-09T16:35:57+00:00","description":"Aux championnats d'Europe de biathlon, Sivert Bakken remporte le sprint devant l\u2019exp\u00e9riment\u00e9 Vetle Christiansen.","breadcrumb":{"@id":"https:\/\/dicodusport.fr\/blog\/biathlon-championnats-europe-vetle-christiansen-s-impose-sur-le-sprint\/#breadcrumb"},"inLanguage":"fr-FR","potentialAction":[{"@type":"ReadAction","target":["https:\/\/dicodusport.fr\/blog\/biathlon-championnats-europe-vetle-christiansen-s-impose-sur-le-sprint\/"]}]},{"@type":"ImageObject","inLanguage":"fr-FR","@id":"https:\/\/dicodusport.fr\/blog\/biathlon-championnats-europe-vetle-christiansen-s-impose-sur-le-sprint\/#primaryimage","url":"https:\/\/dicodusport.fr\/blog\/wp-content\/uploads\/2025\/01\/Biathlon-Championnats-dEurope-Sivert-Bakken-en-or-sur-le-sprint-1.png","contentUrl":"https:\/\/dicodusport.fr\/blog\/wp-content\/uploads\/2025\/01\/Biathlon-Championnats-dEurope-Sivert-Bakken-en-or-sur-le-sprint-1.png","width":1200,"height":674,"caption":"Biathlon Championnats d\u2019Europe Sivert Bakken en or sur le sprint (1)"},{"@type":"BreadcrumbList","@id":"https:\/\/dicodusport.fr\/blog\/biathlon-championnats-europe-vetle-christiansen-s-impose-sur-le-sprint\/#breadcrumb","itemListElement":[{"@type":"ListItem","position":1,"name":"Accueil","item":"https:\/\/dicodusport.fr\/blog\/"},{"@type":"ListItem","position":2,"name":"Biathlon Championnats d\u2019Europe : Sivert Bakken en or sur le sprint"}]},{"@type":"WebSite","@id":"https:\/\/dicodusport.fr\/blog\/#website","url":"https:\/\/dicodusport.fr\/blog\/","name":"Dicodusport","description":"L&#039;encyclop\u00e9die de l&#039;actualit\u00e9 sportive","publisher":{"@id":"https:\/\/dicodusport.fr\/blog\/#organization"},"potentialAction":[{"@type":"SearchAction","target":{"@type":"EntryPoint","urlTemplate":"https:\/\/dicodusport.fr\/blog\/?s={search_term_string}"},"query-input":{"@type":"PropertyValueSpecification","valueRequired":true,"valueName":"search_term_string"}}],"inLanguage":"fr-FR"},{"@type":"NewsMediaOrganization","@id":"https:\/\/dicodusport.fr\/blog\/#organization","name":"Dicodusport","url":"https:\/\/dicodusport.fr\/blog\/","logo":{"@type":"ImageObject","inLanguage":"fr-FR","@id":"https:\/\/dicodusport.fr\/blog\/#\/schema\/logo\/image\/","url":"https:\/\/dicodusport.fr\/blog\/wp-content\/uploads\/2020\/06\/cropped-LOGO-DICODUSPORT-2020-SANS-FOND-SANS-TEXTE.png","contentUrl":"https:\/\/dicodusport.fr\/blog\/wp-content\/uploads\/2020\/06\/cropped-LOGO-DICODUSPORT-2020-SANS-FOND-SANS-TEXTE.png","width":512,"height":512,"caption":"Dicodusport"},"image":{"@id":"https:\/\/dicodusport.fr\/blog\/#\/schema\/logo\/image\/"},"sameAs":["https:\/\/www.facebook.com\/dicodusport","https:\/\/x.com\/dicodusport","https:\/\/www.instagram.com\/dicodusport\/","https:\/\/www.youtube.com\/channel\/UC7V2KZ5sd3htJivAbA4ZG3w"],"description":"Dicodusport est l'encyclop\u00e9die de l'actualit\u00e9 sportive.","email":"bonjour@dicodusport.fr","legalName":"DICODUSPORT","foundingDate":"2018-01-14","vatID":"FR71834470973","taxID":"83447097300043","numberOfEmployees":{"@type":"QuantitativeValue","minValue":"1","maxValue":"10"}},{"@type":"Person","@id":"https:\/\/dicodusport.fr\/blog\/#\/schema\/person\/c0d35c220c4e79773da9e19a595ab67c","name":"Th\u00e9o Gripon Auer","image":{"@type":"ImageObject","inLanguage":"fr-FR","@id":"https:\/\/dicodusport.fr\/blog\/#\/schema\/person\/image\/","url":"https:\/\/dicodusport.fr\/blog\/wp-content\/uploads\/2025\/02\/Maillot-Dicodusport-Theo-150x150.png","contentUrl":"https:\/\/dicodusport.fr\/blog\/wp-content\/uploads\/2025\/02\/Maillot-Dicodusport-Theo-150x150.png","caption":"Th\u00e9o Gripon Auer"},"description":"Partag\u00e9 entre la passion du sport et celle de l\u2019\u00e9criture, je f\u00e9d\u00e8re les deux au service de Dicodusport. Un poil frustr\u00e9 de ne pas avoir r\u00e9ussi \u00e0 devenir sportif pro, alors que je ne me suis jamais fait les crois\u00e9s, je partage tout de m\u00eame un point commun avec Tadej Pogacar, Cristiano Ronaldo et John McEnroe : celui de n\u2019avoir jamais \u00e9t\u00e9 champion olympique.","url":"https:\/\/dicodusport.fr\/blog\/author\/theo-gripon-auer\/"}]}},"_links":{"self":[{"href":"https:\/\/dicodusport.fr\/blog\/wp-json\/wp\/v2\/posts\/551426","targetHints":{"allow":["GET"]}}],"collection":[{"href":"https:\/\/dicodusport.fr\/blog\/wp-json\/wp\/v2\/posts"}],"about":[{"href":"https:\/\/dicodusport.fr\/blog\/wp-json\/wp\/v2\/types\/post"}],"author":[{"embeddable":true,"href":"https:\/\/dicodusport.fr\/blog\/wp-json\/wp\/v2\/users\/107"}],"replies":[{"embeddable":true,"href":"https:\/\/dicodusport.fr\/blog\/wp-json\/wp\/v2\/comments?post=551426"}],"version-history":[{"count":5,"href":"https:\/\/dicodusport.fr\/blog\/wp-json\/wp\/v2\/posts\/551426\/revisions"}],"predecessor-version":[{"id":551524,"href":"https:\/\/dicodusport.fr\/blog\/wp-json\/wp\/v2\/posts\/551426\/revisions\/551524"}],"wp:featuredmedia":[{"embeddable":true,"href":"https:\/\/dicodusport.fr\/blog\/wp-json\/wp\/v2\/media\/551526"}],"wp:attachment":[{"href":"https:\/\/dicodusport.fr\/blog\/wp-json\/wp\/v2\/media?parent=551426"}],"wp:term":[{"taxonomy":"category","embeddable":true,"href":"https:\/\/dicodusport.fr\/blog\/wp-json\/wp\/v2\/categories?post=551426"},{"taxonomy":"post_tag","embeddable":true,"href":"https:\/\/dicodusport.fr\/blog\/wp-json\/wp\/v2\/tags?post=551426"}],"curies":[{"name":"wp","href":"https:\/\/api.w.org\/{rel}","templated":true}]}}