{"id":551437,"date":"2025-01-31T13:29:56","date_gmt":"2025-01-31T12:29:56","guid":{"rendered":"https:\/\/dicodusport.fr\/blog\/?p=551437&#038;preview=true&#038;preview_id=551437"},"modified":"2025-01-31T14:39:29","modified_gmt":"2025-01-31T13:39:29","slug":"mondiaux-cyclo-cross-2025-la-france-prend-le-bronze-sur-le-relais-mixte","status":"publish","type":"post","link":"https:\/\/dicodusport.fr\/blog\/mondiaux-cyclo-cross-2025-la-france-prend-le-bronze-sur-le-relais-mixte\/","title":{"rendered":"Mondiaux cyclo-cross 2025 : La France prend le bronze sur le relais mixte"},"content":{"rendered":"<p style=\"text-align: justify;\"><strong><em>CYCLO-CROSS CHAMPIONNATS DU MONDE 2025 &#8211; Premi\u00e8re course et premi\u00e8re m\u00e9daille pour la France, qui prend la troisi\u00e8me place sur le relais mixte.<\/em><\/strong><\/p>\n<ul>\n<li style=\"text-align: justify;\"><strong>\u00c0 ce sujet &#8211; <a href=\"https:\/\/dicodusport.fr\/blog\/programme-et-resultats-championnats-du-monde-de-cyclo-cross-2025\/\">Programme et r\u00e9sultats championnats du monde de cyclo-cross 2025<\/a><\/strong><\/li>\n<\/ul>\n<p style=\"text-align: justify;\">L&rsquo;ann\u00e9e derni\u00e8re, l&rsquo;\u00e9quipe de France avait cr\u00e9\u00e9 la surprise en allant chercher le premier titre de son histoire sur l&rsquo;\u00e9preuve du relais mixte. Douze mois plus tard, il ne restait qu&rsquo;<strong>H\u00e9l\u00e8ne\u00a0Clauzel<\/strong> et <strong>C\u00e9lia G\u00e9ry<\/strong> comme membres de ce relais, et accompagn\u00e9s de <strong>Jules Simon, Florian Fery, Z\u00e9lie Lambert<\/strong> et <strong>Joshua Dubau<\/strong>, ils \u00e9taient de nouveau des candidats l\u00e9gitimes au podium, surtout en l&rsquo;absence des N\u00e9erlandais, qui n&rsquo;engageaient pas d&rsquo;\u00e9quipe \u00e0 Li\u00e9vin.<\/p>\n<ul style=\"text-align: justify;\">\n<li style=\"text-align: justify;\"><strong>\u00c0 ce sujet &#8211; <a href=\"https:\/\/dicodusport.fr\/blog\/cyclo-cross-la-selection-francaise-pour-les-championnats-du-monde-2025\/\">Cyclo-cross : La s\u00e9lection fran\u00e7aise pour les championnats du monde 2025<\/a><br \/>\n<\/strong><\/li>\n<\/ul>\n<p style=\"text-align: justify;\">D\u00e8s le d\u00e9part, une bataille \u00e0 quatre s&rsquo;est engag\u00e9e avec la Grande-Bretagne, l&rsquo;Italie et les \u00c9tats-Unis, les autres nations n&rsquo;\u00e9tant clairement pas en moyen de rivaliser. Les Bleus se sont maintenus dans ce quatuor de t\u00eate, mais entamant le dernier tour en quatri\u00e8me position, on pouvait craindre un sc\u00e9nario catastrophe. Heureusement, <strong>Joshua Dubau<\/strong> a sign\u00e9 le deuxi\u00e8me meilleur tour de tous les engag\u00e9s du jour, et, alors qu&rsquo;il passait juste derri\u00e8re sur les interm\u00e9diaires, a fini en trombe pour venir coiffer <strong>Henry Coote<\/strong> et arracher la m\u00e9daille de bronze derri\u00e8re l&rsquo;Italie et la Grande-Bretagne, sacr\u00e9e pour la premi\u00e8re fois sur le relais mixte. Une premi\u00e8re m\u00e9daille dans ces Mondiaux \u00e0 domicile qui en appelle d&rsquo;autres, en attendant les courses individuelles ce weekend.<\/p>\n<blockquote class=\"twitter-tweet\">\n<p dir=\"ltr\" lang=\"en\">Mixed Team Relay \ud83c\udfc6:<\/p>\n<p>\ud83e\udd47 Great Britain \ud83c\uddec\ud83c\udde7<br \/>\n\ud83e\udd48 Italy \ud83c\uddee\ud83c\uddf9 +2s<br \/>\n\ud83e\udd49 France \ud83c\uddeb\ud83c\uddf7 +5s <a href=\"https:\/\/twitter.com\/hashtag\/Lievin2025?src=hash&amp;ref_src=twsrc%5Etfw\">#Lievin2025<\/a> <a href=\"https:\/\/twitter.com\/UCI_cycling?ref_src=twsrc%5Etfw\">@UCI_cycling<\/a> <a href=\"https:\/\/t.co\/OXKUrBrrwJ\">pic.twitter.com\/OXKUrBrrwJ<\/a><\/p>\n<p>\u2014 UCI Cyclocross (@UCI_CX) <a href=\"https:\/\/twitter.com\/UCI_CX\/status\/1885317788996161972?ref_src=twsrc%5Etfw\">January 31, 2025<\/a><\/p><\/blockquote>\n<p><script async src=\"https:\/\/platform.twitter.com\/widgets.js\" charset=\"utf-8\"><\/script><\/p>\n<p>&nbsp;<\/p>\n","protected":false},"excerpt":{"rendered":"<p>CYCLO-CROSS CHAMPIONNATS DU MONDE 2025 &#8211; Premi\u00e8re course et premi\u00e8re m\u00e9daille pour la France, qui prend la troisi\u00e8me place sur le relais mixte.<\/p>\n","protected":false},"author":59,"featured_media":551477,"comment_status":"open","ping_status":"closed","sticky":false,"template":"","format":"standard","meta":{"_acf_changed":false,"_daextam_enable_autolinks":"1","footnotes":""},"categories":[9611],"tags":[16878,9759],"class_list":["post-551437","post","type-post","status-publish","format-standard","has-post-thumbnail","hentry","category-cyclo-cross","tag-breve","tag-championnats-du-monde-de-cyclo-cross"],"acf":[],"yoast_head":"<!-- This site is optimized with the Yoast SEO Premium plugin v26.7 (Yoast SEO v26.7) - https:\/\/yoast.com\/wordpress\/plugins\/seo\/ -->\n<title>Mondiaux cyclo-cross 2025 : La France prend le bronze sur le relais mixte<\/title>\n<meta name=\"description\" content=\"CYCLO-CROSS CHAMPIONNATS DU MONDE 2025 - Premi\u00e8re course et premi\u00e8re m\u00e9daille pour la France, qui prend la troisi\u00e8me place sur le relais mixte.\" \/>\n<meta name=\"robots\" content=\"index, follow, max-snippet:-1, max-image-preview:large, max-video-preview:-1\" \/>\n<link rel=\"canonical\" href=\"https:\/\/dicodusport.fr\/blog\/mondiaux-cyclo-cross-2025-la-france-prend-le-bronze-sur-le-relais-mixte\/\" \/>\n<meta property=\"og:locale\" content=\"fr_FR\" \/>\n<meta property=\"og:type\" content=\"article\" \/>\n<meta property=\"og:title\" content=\"Mondiaux cyclo-cross 2025 : La France prend le bronze sur le relais mixte\" \/>\n<meta property=\"og:description\" content=\"CYCLO-CROSS CHAMPIONNATS DU MONDE 2025 - Premi\u00e8re course et premi\u00e8re m\u00e9daille pour la France, qui prend la troisi\u00e8me place sur le relais mixte.\" \/>\n<meta property=\"og:url\" content=\"https:\/\/dicodusport.fr\/blog\/mondiaux-cyclo-cross-2025-la-france-prend-le-bronze-sur-le-relais-mixte\/\" \/>\n<meta property=\"og:site_name\" content=\"Dicodusport\" \/>\n<meta property=\"article:publisher\" content=\"https:\/\/www.facebook.com\/dicodusport\" \/>\n<meta property=\"article:author\" content=\"https:\/\/www.facebook.com\/sebastien.gente\/\" \/>\n<meta property=\"article:published_time\" content=\"2025-01-31T12:29:56+00:00\" \/>\n<meta property=\"article:modified_time\" content=\"2025-01-31T13:39:29+00:00\" \/>\n<meta property=\"og:image\" content=\"https:\/\/dicodusport.fr\/blog\/wp-content\/uploads\/2025\/01\/Mondiaux-cyclo-cross-2025-La-France-prend-le-bronze-sur-le-relais-mixte-1.png\" \/>\n\t<meta property=\"og:image:width\" content=\"1200\" \/>\n\t<meta property=\"og:image:height\" content=\"674\" \/>\n\t<meta property=\"og:image:type\" content=\"image\/png\" \/>\n<meta name=\"author\" content=\"S\u00e9bastien Gente\" \/>\n<meta name=\"twitter:card\" content=\"summary_large_image\" \/>\n<meta name=\"twitter:title\" content=\"Mondiaux cyclo-cross 2025 : La France prend le bronze sur le relais mixte\" \/>\n<meta name=\"twitter:creator\" content=\"@https:\/\/twitter.com\/globulo24\" \/>\n<meta name=\"twitter:site\" content=\"@dicodusport\" \/>\n<script type=\"application\/ld+json\" class=\"yoast-schema-graph\">{\"@context\":\"https:\/\/schema.org\",\"@graph\":[{\"@type\":\"NewsArticle\",\"@id\":\"https:\/\/dicodusport.fr\/blog\/mondiaux-cyclo-cross-2025-la-france-prend-le-bronze-sur-le-relais-mixte\/#article\",\"isPartOf\":{\"@id\":\"https:\/\/dicodusport.fr\/blog\/mondiaux-cyclo-cross-2025-la-france-prend-le-bronze-sur-le-relais-mixte\/\"},\"author\":{\"name\":\"S\u00e9bastien Gente\",\"@id\":\"https:\/\/dicodusport.fr\/blog\/#\/schema\/person\/627966a6cde45dbd8c5e36ac85d783da\"},\"headline\":\"Mondiaux cyclo-cross 2025 : La France prend le bronze sur le relais mixte\",\"datePublished\":\"2025-01-31T12:29:56+00:00\",\"dateModified\":\"2025-01-31T13:39:29+00:00\",\"mainEntityOfPage\":{\"@id\":\"https:\/\/dicodusport.fr\/blog\/mondiaux-cyclo-cross-2025-la-france-prend-le-bronze-sur-le-relais-mixte\/\"},\"wordCount\":316,\"commentCount\":0,\"publisher\":{\"@id\":\"https:\/\/dicodusport.fr\/blog\/#organization\"},\"image\":{\"@id\":\"https:\/\/dicodusport.fr\/blog\/mondiaux-cyclo-cross-2025-la-france-prend-le-bronze-sur-le-relais-mixte\/#primaryimage\"},\"thumbnailUrl\":\"https:\/\/dicodusport.fr\/blog\/wp-content\/uploads\/2025\/01\/Mondiaux-cyclo-cross-2025-La-France-prend-le-bronze-sur-le-relais-mixte-1.png\",\"keywords\":[\"br\u00e8ve\",\"Championnats du monde de Cyclo-cross\"],\"articleSection\":[\"Cyclo-cross\"],\"inLanguage\":\"fr-FR\",\"potentialAction\":[{\"@type\":\"CommentAction\",\"name\":\"Comment\",\"target\":[\"https:\/\/dicodusport.fr\/blog\/mondiaux-cyclo-cross-2025-la-france-prend-le-bronze-sur-le-relais-mixte\/#respond\"]}],\"copyrightYear\":\"2025\",\"copyrightHolder\":{\"@id\":\"https:\/\/dicodusport.fr\/blog\/#organization\"}},{\"@type\":\"WebPage\",\"@id\":\"https:\/\/dicodusport.fr\/blog\/mondiaux-cyclo-cross-2025-la-france-prend-le-bronze-sur-le-relais-mixte\/\",\"url\":\"https:\/\/dicodusport.fr\/blog\/mondiaux-cyclo-cross-2025-la-france-prend-le-bronze-sur-le-relais-mixte\/\",\"name\":\"Mondiaux cyclo-cross 2025 : La France prend le bronze sur le relais mixte\",\"isPartOf\":{\"@id\":\"https:\/\/dicodusport.fr\/blog\/#website\"},\"primaryImageOfPage\":{\"@id\":\"https:\/\/dicodusport.fr\/blog\/mondiaux-cyclo-cross-2025-la-france-prend-le-bronze-sur-le-relais-mixte\/#primaryimage\"},\"image\":{\"@id\":\"https:\/\/dicodusport.fr\/blog\/mondiaux-cyclo-cross-2025-la-france-prend-le-bronze-sur-le-relais-mixte\/#primaryimage\"},\"thumbnailUrl\":\"https:\/\/dicodusport.fr\/blog\/wp-content\/uploads\/2025\/01\/Mondiaux-cyclo-cross-2025-La-France-prend-le-bronze-sur-le-relais-mixte-1.png\",\"datePublished\":\"2025-01-31T12:29:56+00:00\",\"dateModified\":\"2025-01-31T13:39:29+00:00\",\"description\":\"CYCLO-CROSS CHAMPIONNATS DU MONDE 2025 - Premi\u00e8re course et premi\u00e8re m\u00e9daille pour la France, qui prend la troisi\u00e8me place sur le relais mixte.\",\"breadcrumb\":{\"@id\":\"https:\/\/dicodusport.fr\/blog\/mondiaux-cyclo-cross-2025-la-france-prend-le-bronze-sur-le-relais-mixte\/#breadcrumb\"},\"inLanguage\":\"fr-FR\",\"potentialAction\":[{\"@type\":\"ReadAction\",\"target\":[\"https:\/\/dicodusport.fr\/blog\/mondiaux-cyclo-cross-2025-la-france-prend-le-bronze-sur-le-relais-mixte\/\"]}]},{\"@type\":\"ImageObject\",\"inLanguage\":\"fr-FR\",\"@id\":\"https:\/\/dicodusport.fr\/blog\/mondiaux-cyclo-cross-2025-la-france-prend-le-bronze-sur-le-relais-mixte\/#primaryimage\",\"url\":\"https:\/\/dicodusport.fr\/blog\/wp-content\/uploads\/2025\/01\/Mondiaux-cyclo-cross-2025-La-France-prend-le-bronze-sur-le-relais-mixte-1.png\",\"contentUrl\":\"https:\/\/dicodusport.fr\/blog\/wp-content\/uploads\/2025\/01\/Mondiaux-cyclo-cross-2025-La-France-prend-le-bronze-sur-le-relais-mixte-1.png\",\"width\":1200,\"height\":674,\"caption\":\"Mondiaux cyclo-cross 2025 La France prend le bronze sur le relais mixte\"},{\"@type\":\"BreadcrumbList\",\"@id\":\"https:\/\/dicodusport.fr\/blog\/mondiaux-cyclo-cross-2025-la-france-prend-le-bronze-sur-le-relais-mixte\/#breadcrumb\",\"itemListElement\":[{\"@type\":\"ListItem\",\"position\":1,\"name\":\"Accueil\",\"item\":\"https:\/\/dicodusport.fr\/blog\/\"},{\"@type\":\"ListItem\",\"position\":2,\"name\":\"Mondiaux cyclo-cross 2025 : La France prend le bronze sur le relais mixte\"}]},{\"@type\":\"WebSite\",\"@id\":\"https:\/\/dicodusport.fr\/blog\/#website\",\"url\":\"https:\/\/dicodusport.fr\/blog\/\",\"name\":\"Dicodusport\",\"description\":\"L&#039;encyclop\u00e9die de l&#039;actualit\u00e9 sportive\",\"publisher\":{\"@id\":\"https:\/\/dicodusport.fr\/blog\/#organization\"},\"potentialAction\":[{\"@type\":\"SearchAction\",\"target\":{\"@type\":\"EntryPoint\",\"urlTemplate\":\"https:\/\/dicodusport.fr\/blog\/?s={search_term_string}\"},\"query-input\":{\"@type\":\"PropertyValueSpecification\",\"valueRequired\":true,\"valueName\":\"search_term_string\"}}],\"inLanguage\":\"fr-FR\"},{\"@type\":\"NewsMediaOrganization\",\"@id\":\"https:\/\/dicodusport.fr\/blog\/#organization\",\"name\":\"Dicodusport\",\"url\":\"https:\/\/dicodusport.fr\/blog\/\",\"logo\":{\"@type\":\"ImageObject\",\"inLanguage\":\"fr-FR\",\"@id\":\"https:\/\/dicodusport.fr\/blog\/#\/schema\/logo\/image\/\",\"url\":\"https:\/\/dicodusport.fr\/blog\/wp-content\/uploads\/2020\/06\/cropped-LOGO-DICODUSPORT-2020-SANS-FOND-SANS-TEXTE.png\",\"contentUrl\":\"https:\/\/dicodusport.fr\/blog\/wp-content\/uploads\/2020\/06\/cropped-LOGO-DICODUSPORT-2020-SANS-FOND-SANS-TEXTE.png\",\"width\":512,\"height\":512,\"caption\":\"Dicodusport\"},\"image\":{\"@id\":\"https:\/\/dicodusport.fr\/blog\/#\/schema\/logo\/image\/\"},\"sameAs\":[\"https:\/\/www.facebook.com\/dicodusport\",\"https:\/\/x.com\/dicodusport\",\"https:\/\/www.instagram.com\/dicodusport\/\",\"https:\/\/www.youtube.com\/channel\/UC7V2KZ5sd3htJivAbA4ZG3w\"],\"description\":\"Dicodusport est l'encyclop\u00e9die de l'actualit\u00e9 sportive.\",\"email\":\"bonjour@dicodusport.fr\",\"legalName\":\"DICODUSPORT\",\"foundingDate\":\"2018-01-14\",\"vatID\":\"FR71834470973\",\"taxID\":\"83447097300043\",\"numberOfEmployees\":{\"@type\":\"QuantitativeValue\",\"minValue\":\"1\",\"maxValue\":\"10\"}},{\"@type\":\"Person\",\"@id\":\"https:\/\/dicodusport.fr\/blog\/#\/schema\/person\/627966a6cde45dbd8c5e36ac85d783da\",\"name\":\"S\u00e9bastien Gente\",\"image\":{\"@type\":\"ImageObject\",\"inLanguage\":\"fr-FR\",\"@id\":\"https:\/\/dicodusport.fr\/blog\/#\/schema\/person\/image\/\",\"url\":\"https:\/\/dicodusport.fr\/blog\/wp-content\/uploads\/2021\/09\/1510990_10205810251400683_4124423575079401707_n-150x150.jpg\",\"contentUrl\":\"https:\/\/dicodusport.fr\/blog\/wp-content\/uploads\/2021\/09\/1510990_10205810251400683_4124423575079401707_n-150x150.jpg\",\"caption\":\"S\u00e9bastien Gente\"},\"description\":\"John Stockton, Gianni Bugno, Zinedine Zidane, Steffi Graf, Frode Andresen, St\u00e9phane Stoecklin, Davis Kamoga, Primoz Peterka, Werner Schlager et Aur\u00e9lien Rougerie. Point commun entre ces sportifs? Ils m'ont fait r\u00eaver et ont berc\u00e9 mon adolescence. Je suis un fondu de sports et j'essaie de retranscrire ma passion \u00e0 travers mes articles. Originaire du P\u00e9rigord, ma passion pour les Girondins, les Jaunards et les Jazzmen transpire dans mes \u00e9crits. \u00c0 Dicodusport depuis 2021, je d\u00e9niche les sports m\u00e9connus dans lesquels la France brille, et il y en a !\",\"sameAs\":[\"https:\/\/www.facebook.com\/sebastien.gente\/\",\"https:\/\/www.instagram.com\/sebgente\/\",\"https:\/\/www.linkedin.com\/in\/sbastien-gente-a29583169\/\",\"https:\/\/x.com\/https:\/\/twitter.com\/globulo24\",\"SebastienGente\"],\"worksFor\":\"S\u00e9bastien GENTE\",\"url\":\"https:\/\/dicodusport.fr\/blog\/author\/sebastiengente\/\"}]}<\/script>\n<!-- \/ Yoast SEO Premium plugin. -->","yoast_head_json":{"title":"Mondiaux cyclo-cross 2025 : La France prend le bronze sur le relais mixte","description":"CYCLO-CROSS CHAMPIONNATS DU MONDE 2025 - Premi\u00e8re course et premi\u00e8re m\u00e9daille pour la France, qui prend la troisi\u00e8me place sur le relais mixte.","robots":{"index":"index","follow":"follow","max-snippet":"max-snippet:-1","max-image-preview":"max-image-preview:large","max-video-preview":"max-video-preview:-1"},"canonical":"https:\/\/dicodusport.fr\/blog\/mondiaux-cyclo-cross-2025-la-france-prend-le-bronze-sur-le-relais-mixte\/","og_locale":"fr_FR","og_type":"article","og_title":"Mondiaux cyclo-cross 2025 : La France prend le bronze sur le relais mixte","og_description":"CYCLO-CROSS CHAMPIONNATS DU MONDE 2025 - Premi\u00e8re course et premi\u00e8re m\u00e9daille pour la France, qui prend la troisi\u00e8me place sur le relais mixte.","og_url":"https:\/\/dicodusport.fr\/blog\/mondiaux-cyclo-cross-2025-la-france-prend-le-bronze-sur-le-relais-mixte\/","og_site_name":"Dicodusport","article_publisher":"https:\/\/www.facebook.com\/dicodusport","article_author":"https:\/\/www.facebook.com\/sebastien.gente\/","article_published_time":"2025-01-31T12:29:56+00:00","article_modified_time":"2025-01-31T13:39:29+00:00","og_image":[{"width":1200,"height":674,"url":"https:\/\/dicodusport.fr\/blog\/wp-content\/uploads\/2025\/01\/Mondiaux-cyclo-cross-2025-La-France-prend-le-bronze-sur-le-relais-mixte-1.png","type":"image\/png"}],"author":"S\u00e9bastien Gente","twitter_card":"summary_large_image","twitter_title":"Mondiaux cyclo-cross 2025 : La France prend le bronze sur le relais mixte","twitter_creator":"@https:\/\/twitter.com\/globulo24","twitter_site":"@dicodusport","schema":{"@context":"https:\/\/schema.org","@graph":[{"@type":"NewsArticle","@id":"https:\/\/dicodusport.fr\/blog\/mondiaux-cyclo-cross-2025-la-france-prend-le-bronze-sur-le-relais-mixte\/#article","isPartOf":{"@id":"https:\/\/dicodusport.fr\/blog\/mondiaux-cyclo-cross-2025-la-france-prend-le-bronze-sur-le-relais-mixte\/"},"author":{"name":"S\u00e9bastien Gente","@id":"https:\/\/dicodusport.fr\/blog\/#\/schema\/person\/627966a6cde45dbd8c5e36ac85d783da"},"headline":"Mondiaux cyclo-cross 2025 : La France prend le bronze sur le relais mixte","datePublished":"2025-01-31T12:29:56+00:00","dateModified":"2025-01-31T13:39:29+00:00","mainEntityOfPage":{"@id":"https:\/\/dicodusport.fr\/blog\/mondiaux-cyclo-cross-2025-la-france-prend-le-bronze-sur-le-relais-mixte\/"},"wordCount":316,"commentCount":0,"publisher":{"@id":"https:\/\/dicodusport.fr\/blog\/#organization"},"image":{"@id":"https:\/\/dicodusport.fr\/blog\/mondiaux-cyclo-cross-2025-la-france-prend-le-bronze-sur-le-relais-mixte\/#primaryimage"},"thumbnailUrl":"https:\/\/dicodusport.fr\/blog\/wp-content\/uploads\/2025\/01\/Mondiaux-cyclo-cross-2025-La-France-prend-le-bronze-sur-le-relais-mixte-1.png","keywords":["br\u00e8ve","Championnats du monde de Cyclo-cross"],"articleSection":["Cyclo-cross"],"inLanguage":"fr-FR","potentialAction":[{"@type":"CommentAction","name":"Comment","target":["https:\/\/dicodusport.fr\/blog\/mondiaux-cyclo-cross-2025-la-france-prend-le-bronze-sur-le-relais-mixte\/#respond"]}],"copyrightYear":"2025","copyrightHolder":{"@id":"https:\/\/dicodusport.fr\/blog\/#organization"}},{"@type":"WebPage","@id":"https:\/\/dicodusport.fr\/blog\/mondiaux-cyclo-cross-2025-la-france-prend-le-bronze-sur-le-relais-mixte\/","url":"https:\/\/dicodusport.fr\/blog\/mondiaux-cyclo-cross-2025-la-france-prend-le-bronze-sur-le-relais-mixte\/","name":"Mondiaux cyclo-cross 2025 : La France prend le bronze sur le relais mixte","isPartOf":{"@id":"https:\/\/dicodusport.fr\/blog\/#website"},"primaryImageOfPage":{"@id":"https:\/\/dicodusport.fr\/blog\/mondiaux-cyclo-cross-2025-la-france-prend-le-bronze-sur-le-relais-mixte\/#primaryimage"},"image":{"@id":"https:\/\/dicodusport.fr\/blog\/mondiaux-cyclo-cross-2025-la-france-prend-le-bronze-sur-le-relais-mixte\/#primaryimage"},"thumbnailUrl":"https:\/\/dicodusport.fr\/blog\/wp-content\/uploads\/2025\/01\/Mondiaux-cyclo-cross-2025-La-France-prend-le-bronze-sur-le-relais-mixte-1.png","datePublished":"2025-01-31T12:29:56+00:00","dateModified":"2025-01-31T13:39:29+00:00","description":"CYCLO-CROSS CHAMPIONNATS DU MONDE 2025 - Premi\u00e8re course et premi\u00e8re m\u00e9daille pour la France, qui prend la troisi\u00e8me place sur le relais mixte.","breadcrumb":{"@id":"https:\/\/dicodusport.fr\/blog\/mondiaux-cyclo-cross-2025-la-france-prend-le-bronze-sur-le-relais-mixte\/#breadcrumb"},"inLanguage":"fr-FR","potentialAction":[{"@type":"ReadAction","target":["https:\/\/dicodusport.fr\/blog\/mondiaux-cyclo-cross-2025-la-france-prend-le-bronze-sur-le-relais-mixte\/"]}]},{"@type":"ImageObject","inLanguage":"fr-FR","@id":"https:\/\/dicodusport.fr\/blog\/mondiaux-cyclo-cross-2025-la-france-prend-le-bronze-sur-le-relais-mixte\/#primaryimage","url":"https:\/\/dicodusport.fr\/blog\/wp-content\/uploads\/2025\/01\/Mondiaux-cyclo-cross-2025-La-France-prend-le-bronze-sur-le-relais-mixte-1.png","contentUrl":"https:\/\/dicodusport.fr\/blog\/wp-content\/uploads\/2025\/01\/Mondiaux-cyclo-cross-2025-La-France-prend-le-bronze-sur-le-relais-mixte-1.png","width":1200,"height":674,"caption":"Mondiaux cyclo-cross 2025 La France prend le bronze sur le relais mixte"},{"@type":"BreadcrumbList","@id":"https:\/\/dicodusport.fr\/blog\/mondiaux-cyclo-cross-2025-la-france-prend-le-bronze-sur-le-relais-mixte\/#breadcrumb","itemListElement":[{"@type":"ListItem","position":1,"name":"Accueil","item":"https:\/\/dicodusport.fr\/blog\/"},{"@type":"ListItem","position":2,"name":"Mondiaux cyclo-cross 2025 : La France prend le bronze sur le relais mixte"}]},{"@type":"WebSite","@id":"https:\/\/dicodusport.fr\/blog\/#website","url":"https:\/\/dicodusport.fr\/blog\/","name":"Dicodusport","description":"L&#039;encyclop\u00e9die de l&#039;actualit\u00e9 sportive","publisher":{"@id":"https:\/\/dicodusport.fr\/blog\/#organization"},"potentialAction":[{"@type":"SearchAction","target":{"@type":"EntryPoint","urlTemplate":"https:\/\/dicodusport.fr\/blog\/?s={search_term_string}"},"query-input":{"@type":"PropertyValueSpecification","valueRequired":true,"valueName":"search_term_string"}}],"inLanguage":"fr-FR"},{"@type":"NewsMediaOrganization","@id":"https:\/\/dicodusport.fr\/blog\/#organization","name":"Dicodusport","url":"https:\/\/dicodusport.fr\/blog\/","logo":{"@type":"ImageObject","inLanguage":"fr-FR","@id":"https:\/\/dicodusport.fr\/blog\/#\/schema\/logo\/image\/","url":"https:\/\/dicodusport.fr\/blog\/wp-content\/uploads\/2020\/06\/cropped-LOGO-DICODUSPORT-2020-SANS-FOND-SANS-TEXTE.png","contentUrl":"https:\/\/dicodusport.fr\/blog\/wp-content\/uploads\/2020\/06\/cropped-LOGO-DICODUSPORT-2020-SANS-FOND-SANS-TEXTE.png","width":512,"height":512,"caption":"Dicodusport"},"image":{"@id":"https:\/\/dicodusport.fr\/blog\/#\/schema\/logo\/image\/"},"sameAs":["https:\/\/www.facebook.com\/dicodusport","https:\/\/x.com\/dicodusport","https:\/\/www.instagram.com\/dicodusport\/","https:\/\/www.youtube.com\/channel\/UC7V2KZ5sd3htJivAbA4ZG3w"],"description":"Dicodusport est l'encyclop\u00e9die de l'actualit\u00e9 sportive.","email":"bonjour@dicodusport.fr","legalName":"DICODUSPORT","foundingDate":"2018-01-14","vatID":"FR71834470973","taxID":"83447097300043","numberOfEmployees":{"@type":"QuantitativeValue","minValue":"1","maxValue":"10"}},{"@type":"Person","@id":"https:\/\/dicodusport.fr\/blog\/#\/schema\/person\/627966a6cde45dbd8c5e36ac85d783da","name":"S\u00e9bastien Gente","image":{"@type":"ImageObject","inLanguage":"fr-FR","@id":"https:\/\/dicodusport.fr\/blog\/#\/schema\/person\/image\/","url":"https:\/\/dicodusport.fr\/blog\/wp-content\/uploads\/2021\/09\/1510990_10205810251400683_4124423575079401707_n-150x150.jpg","contentUrl":"https:\/\/dicodusport.fr\/blog\/wp-content\/uploads\/2021\/09\/1510990_10205810251400683_4124423575079401707_n-150x150.jpg","caption":"S\u00e9bastien Gente"},"description":"John Stockton, Gianni Bugno, Zinedine Zidane, Steffi Graf, Frode Andresen, St\u00e9phane Stoecklin, Davis Kamoga, Primoz Peterka, Werner Schlager et Aur\u00e9lien Rougerie. Point commun entre ces sportifs? Ils m'ont fait r\u00eaver et ont berc\u00e9 mon adolescence. Je suis un fondu de sports et j'essaie de retranscrire ma passion \u00e0 travers mes articles. Originaire du P\u00e9rigord, ma passion pour les Girondins, les Jaunards et les Jazzmen transpire dans mes \u00e9crits. \u00c0 Dicodusport depuis 2021, je d\u00e9niche les sports m\u00e9connus dans lesquels la France brille, et il y en a !","sameAs":["https:\/\/www.facebook.com\/sebastien.gente\/","https:\/\/www.instagram.com\/sebgente\/","https:\/\/www.linkedin.com\/in\/sbastien-gente-a29583169\/","https:\/\/x.com\/https:\/\/twitter.com\/globulo24","SebastienGente"],"worksFor":"S\u00e9bastien GENTE","url":"https:\/\/dicodusport.fr\/blog\/author\/sebastiengente\/"}]}},"_links":{"self":[{"href":"https:\/\/dicodusport.fr\/blog\/wp-json\/wp\/v2\/posts\/551437","targetHints":{"allow":["GET"]}}],"collection":[{"href":"https:\/\/dicodusport.fr\/blog\/wp-json\/wp\/v2\/posts"}],"about":[{"href":"https:\/\/dicodusport.fr\/blog\/wp-json\/wp\/v2\/types\/post"}],"author":[{"embeddable":true,"href":"https:\/\/dicodusport.fr\/blog\/wp-json\/wp\/v2\/users\/59"}],"replies":[{"embeddable":true,"href":"https:\/\/dicodusport.fr\/blog\/wp-json\/wp\/v2\/comments?post=551437"}],"version-history":[{"count":4,"href":"https:\/\/dicodusport.fr\/blog\/wp-json\/wp\/v2\/posts\/551437\/revisions"}],"predecessor-version":[{"id":551478,"href":"https:\/\/dicodusport.fr\/blog\/wp-json\/wp\/v2\/posts\/551437\/revisions\/551478"}],"wp:featuredmedia":[{"embeddable":true,"href":"https:\/\/dicodusport.fr\/blog\/wp-json\/wp\/v2\/media\/551477"}],"wp:attachment":[{"href":"https:\/\/dicodusport.fr\/blog\/wp-json\/wp\/v2\/media?parent=551437"}],"wp:term":[{"taxonomy":"category","embeddable":true,"href":"https:\/\/dicodusport.fr\/blog\/wp-json\/wp\/v2\/categories?post=551437"},{"taxonomy":"post_tag","embeddable":true,"href":"https:\/\/dicodusport.fr\/blog\/wp-json\/wp\/v2\/tags?post=551437"}],"curies":[{"name":"wp","href":"https:\/\/api.w.org\/{rel}","templated":true}]}}