{"id":551803,"date":"2025-02-01T13:52:09","date_gmt":"2025-02-01T12:52:09","guid":{"rendered":"https:\/\/dicodusport.fr\/blog\/?p=551803&#038;preview=true&#038;preview_id=551803"},"modified":"2025-02-01T14:14:31","modified_gmt":"2025-02-01T13:14:31","slug":"coupe-du-monde-de-para-ski-de-fond-karl-tabouret-deuxieme-du-sprint-classique-a-val-di-fiemme","status":"publish","type":"post","link":"https:\/\/dicodusport.fr\/blog\/coupe-du-monde-de-para-ski-de-fond-karl-tabouret-deuxieme-du-sprint-classique-a-val-di-fiemme\/","title":{"rendered":"Coupe du monde de para ski de fond : Karl Tabouret deuxi\u00e8me du sprint classique \u00e0 Val di Fiemme"},"content":{"rendered":"<h4 style=\"text-align: justify;\"><em>COUPE DU MONDE DE PARA SKI DE FOND &#8211; En cat\u00e9gorie debout, Karl Tabouret est arriv\u00e9 deuxi\u00e8me du sprint classique de Val di Fiemme (Italie) et monte pour la premi\u00e8re fois de sa carri\u00e8re sur le podium.\u00a0<\/em><\/h4>\n<p style=\"text-align: justify;\">Il n&rsquo;y avait pas meilleur endroit pour grimper pour la premi\u00e8re fois sur un podium en Coupe du monde. Ce samedi, sur la piste de Val di Fiemme qui accueillera les \u00e9preuves lors des Jeux paralympiques de Milan-Cortina 2026, <strong>Karl Tabouret<\/strong> a termin\u00e9 deuxi\u00e8me du sprint classique en cat\u00e9gorie debout. Sixi\u00e8me temps des qualifications, il a remport\u00e9 sa demi-finale avec le sixi\u00e8me temps des deux d\u00e9parts.<\/p>\n<p style=\"text-align: justify;\">Loin d&rsquo;\u00eatre favori sur la finale o\u00f9&#8230; six skieurs \u00e9taient en lice, <strong>Karl Tabouret<\/strong><strong>\u00a0<\/strong>a, n\u00e9anmoins, surpris ses adversaires en terminant juste derri\u00e8re l&rsquo;Allemand <strong>Sebastian Marburger<\/strong>. Les autres Fran\u00e7ais engag\u00e9s ont tous \u00e9t\u00e9 \u00e9limin\u00e9s d\u00e8s les qualifications.<\/p>\n","protected":false},"excerpt":{"rendered":"<p>Karl Tabouret deuxi\u00e8me du sprint classique \u00e0 Val di Fiemme<\/p>\n","protected":false},"author":80,"featured_media":551817,"comment_status":"open","ping_status":"closed","sticky":false,"template":"","format":"standard","meta":{"_acf_changed":false,"_daextam_enable_autolinks":"1","footnotes":""},"categories":[5753,9217],"tags":[32415,16878],"class_list":["post-551803","post","type-post","status-publish","format-standard","has-post-thumbnail","hentry","category-handisport","category-ski","tag-actu","tag-breve"],"acf":[],"yoast_head":"<!-- This site is optimized with the Yoast SEO Premium plugin v26.7 (Yoast SEO v26.7) - https:\/\/yoast.com\/wordpress\/plugins\/seo\/ -->\n<title>Coupe du monde de para ski de fond : Karl Tabouret deuxi\u00e8me du sprint classique \u00e0 Val di Fiemme<\/title>\n<meta name=\"description\" content=\"COUPE DU MONDE DE PARA SKI DE FOND - Karl Tabouret est arriv\u00e9 deuxi\u00e8me du sprint classique et signe son premier podium en carri\u00e8re.\u00a0\" \/>\n<meta name=\"robots\" content=\"index, follow, max-snippet:-1, max-image-preview:large, max-video-preview:-1\" \/>\n<link rel=\"canonical\" href=\"https:\/\/dicodusport.fr\/blog\/coupe-du-monde-de-para-ski-de-fond-karl-tabouret-deuxieme-du-sprint-classique-a-val-di-fiemme\/\" \/>\n<meta property=\"og:locale\" content=\"fr_FR\" \/>\n<meta property=\"og:type\" content=\"article\" \/>\n<meta property=\"og:title\" content=\"Coupe du monde de para ski de fond : Karl Tabouret deuxi\u00e8me du sprint classique \u00e0 Val di Fiemme\" \/>\n<meta property=\"og:description\" content=\"COUPE DU MONDE DE PARA SKI DE FOND - Karl Tabouret est arriv\u00e9 deuxi\u00e8me du sprint classique et signe son premier podium en carri\u00e8re.\u00a0\" \/>\n<meta property=\"og:url\" content=\"https:\/\/dicodusport.fr\/blog\/coupe-du-monde-de-para-ski-de-fond-karl-tabouret-deuxieme-du-sprint-classique-a-val-di-fiemme\/\" \/>\n<meta property=\"og:site_name\" content=\"Dicodusport\" \/>\n<meta property=\"article:publisher\" content=\"https:\/\/www.facebook.com\/dicodusport\" \/>\n<meta property=\"article:author\" content=\"https:\/\/www.facebook.com\/profile.php?id=100009753662352\" \/>\n<meta property=\"article:published_time\" content=\"2025-02-01T12:52:09+00:00\" \/>\n<meta property=\"article:modified_time\" content=\"2025-02-01T13:14:31+00:00\" \/>\n<meta property=\"og:image\" content=\"https:\/\/dicodusport.fr\/blog\/wp-content\/uploads\/2025\/02\/Coupe-du-monde-de-para-ski-de-fond-Karl-Tabouret-deuxieme-du-sprint-classique-a-Val-di-Fiemme.png\" \/>\n\t<meta property=\"og:image:width\" content=\"1200\" \/>\n\t<meta property=\"og:image:height\" content=\"674\" \/>\n\t<meta property=\"og:image:type\" content=\"image\/png\" \/>\n<meta name=\"author\" content=\"Killian Tanguy\" \/>\n<meta name=\"twitter:card\" content=\"summary_large_image\" \/>\n<meta name=\"twitter:title\" content=\"Coupe du monde de para ski de fond : Karl Tabouret deuxi\u00e8me du sprint classique \u00e0 Val di Fiemme\" \/>\n<meta name=\"twitter:creator\" content=\"@https:\/\/twitter.com\/sport_ktanguy\" \/>\n<meta name=\"twitter:site\" content=\"@dicodusport\" \/>\n<script type=\"application\/ld+json\" class=\"yoast-schema-graph\">{\"@context\":\"https:\/\/schema.org\",\"@graph\":[{\"@type\":\"NewsArticle\",\"@id\":\"https:\/\/dicodusport.fr\/blog\/coupe-du-monde-de-para-ski-de-fond-karl-tabouret-deuxieme-du-sprint-classique-a-val-di-fiemme\/#article\",\"isPartOf\":{\"@id\":\"https:\/\/dicodusport.fr\/blog\/coupe-du-monde-de-para-ski-de-fond-karl-tabouret-deuxieme-du-sprint-classique-a-val-di-fiemme\/\"},\"author\":{\"name\":\"Killian Tanguy\",\"@id\":\"https:\/\/dicodusport.fr\/blog\/#\/schema\/person\/ff2feeb71ea78ad31eeb3390ffe96b46\"},\"headline\":\"Coupe du monde de para ski de fond : Karl Tabouret deuxi\u00e8me du sprint classique \u00e0 Val di Fiemme\",\"datePublished\":\"2025-02-01T12:52:09+00:00\",\"dateModified\":\"2025-02-01T13:14:31+00:00\",\"mainEntityOfPage\":{\"@id\":\"https:\/\/dicodusport.fr\/blog\/coupe-du-monde-de-para-ski-de-fond-karl-tabouret-deuxieme-du-sprint-classique-a-val-di-fiemme\/\"},\"wordCount\":176,\"commentCount\":0,\"publisher\":{\"@id\":\"https:\/\/dicodusport.fr\/blog\/#organization\"},\"image\":{\"@id\":\"https:\/\/dicodusport.fr\/blog\/coupe-du-monde-de-para-ski-de-fond-karl-tabouret-deuxieme-du-sprint-classique-a-val-di-fiemme\/#primaryimage\"},\"thumbnailUrl\":\"https:\/\/dicodusport.fr\/blog\/wp-content\/uploads\/2025\/02\/Coupe-du-monde-de-para-ski-de-fond-Karl-Tabouret-deuxieme-du-sprint-classique-a-Val-di-Fiemme.png\",\"keywords\":[\"actu\",\"br\u00e8ve\"],\"articleSection\":[\"Handisport\",\"Ski\"],\"inLanguage\":\"fr-FR\",\"potentialAction\":[{\"@type\":\"CommentAction\",\"name\":\"Comment\",\"target\":[\"https:\/\/dicodusport.fr\/blog\/coupe-du-monde-de-para-ski-de-fond-karl-tabouret-deuxieme-du-sprint-classique-a-val-di-fiemme\/#respond\"]}],\"copyrightYear\":\"2025\",\"copyrightHolder\":{\"@id\":\"https:\/\/dicodusport.fr\/blog\/#organization\"}},{\"@type\":\"WebPage\",\"@id\":\"https:\/\/dicodusport.fr\/blog\/coupe-du-monde-de-para-ski-de-fond-karl-tabouret-deuxieme-du-sprint-classique-a-val-di-fiemme\/\",\"url\":\"https:\/\/dicodusport.fr\/blog\/coupe-du-monde-de-para-ski-de-fond-karl-tabouret-deuxieme-du-sprint-classique-a-val-di-fiemme\/\",\"name\":\"Coupe du monde de para ski de fond : Karl Tabouret deuxi\u00e8me du sprint classique \u00e0 Val di Fiemme\",\"isPartOf\":{\"@id\":\"https:\/\/dicodusport.fr\/blog\/#website\"},\"primaryImageOfPage\":{\"@id\":\"https:\/\/dicodusport.fr\/blog\/coupe-du-monde-de-para-ski-de-fond-karl-tabouret-deuxieme-du-sprint-classique-a-val-di-fiemme\/#primaryimage\"},\"image\":{\"@id\":\"https:\/\/dicodusport.fr\/blog\/coupe-du-monde-de-para-ski-de-fond-karl-tabouret-deuxieme-du-sprint-classique-a-val-di-fiemme\/#primaryimage\"},\"thumbnailUrl\":\"https:\/\/dicodusport.fr\/blog\/wp-content\/uploads\/2025\/02\/Coupe-du-monde-de-para-ski-de-fond-Karl-Tabouret-deuxieme-du-sprint-classique-a-Val-di-Fiemme.png\",\"datePublished\":\"2025-02-01T12:52:09+00:00\",\"dateModified\":\"2025-02-01T13:14:31+00:00\",\"description\":\"COUPE DU MONDE DE PARA SKI DE FOND - Karl Tabouret est arriv\u00e9 deuxi\u00e8me du sprint classique et signe son premier podium en carri\u00e8re.\u00a0\",\"breadcrumb\":{\"@id\":\"https:\/\/dicodusport.fr\/blog\/coupe-du-monde-de-para-ski-de-fond-karl-tabouret-deuxieme-du-sprint-classique-a-val-di-fiemme\/#breadcrumb\"},\"inLanguage\":\"fr-FR\",\"potentialAction\":[{\"@type\":\"ReadAction\",\"target\":[\"https:\/\/dicodusport.fr\/blog\/coupe-du-monde-de-para-ski-de-fond-karl-tabouret-deuxieme-du-sprint-classique-a-val-di-fiemme\/\"]}]},{\"@type\":\"ImageObject\",\"inLanguage\":\"fr-FR\",\"@id\":\"https:\/\/dicodusport.fr\/blog\/coupe-du-monde-de-para-ski-de-fond-karl-tabouret-deuxieme-du-sprint-classique-a-val-di-fiemme\/#primaryimage\",\"url\":\"https:\/\/dicodusport.fr\/blog\/wp-content\/uploads\/2025\/02\/Coupe-du-monde-de-para-ski-de-fond-Karl-Tabouret-deuxieme-du-sprint-classique-a-Val-di-Fiemme.png\",\"contentUrl\":\"https:\/\/dicodusport.fr\/blog\/wp-content\/uploads\/2025\/02\/Coupe-du-monde-de-para-ski-de-fond-Karl-Tabouret-deuxieme-du-sprint-classique-a-Val-di-Fiemme.png\",\"width\":1200,\"height\":674,\"caption\":\"Coupe du monde de para ski de fond Karl Tabouret deuxi\u00e8me du sprint classique \u00e0 Val di Fiemme\"},{\"@type\":\"BreadcrumbList\",\"@id\":\"https:\/\/dicodusport.fr\/blog\/coupe-du-monde-de-para-ski-de-fond-karl-tabouret-deuxieme-du-sprint-classique-a-val-di-fiemme\/#breadcrumb\",\"itemListElement\":[{\"@type\":\"ListItem\",\"position\":1,\"name\":\"Accueil\",\"item\":\"https:\/\/dicodusport.fr\/blog\/\"},{\"@type\":\"ListItem\",\"position\":2,\"name\":\"Coupe du monde de para ski de fond : Karl Tabouret deuxi\u00e8me du sprint classique \u00e0 Val di Fiemme\"}]},{\"@type\":\"WebSite\",\"@id\":\"https:\/\/dicodusport.fr\/blog\/#website\",\"url\":\"https:\/\/dicodusport.fr\/blog\/\",\"name\":\"Dicodusport\",\"description\":\"L&#039;encyclop\u00e9die de l&#039;actualit\u00e9 sportive\",\"publisher\":{\"@id\":\"https:\/\/dicodusport.fr\/blog\/#organization\"},\"potentialAction\":[{\"@type\":\"SearchAction\",\"target\":{\"@type\":\"EntryPoint\",\"urlTemplate\":\"https:\/\/dicodusport.fr\/blog\/?s={search_term_string}\"},\"query-input\":{\"@type\":\"PropertyValueSpecification\",\"valueRequired\":true,\"valueName\":\"search_term_string\"}}],\"inLanguage\":\"fr-FR\"},{\"@type\":\"NewsMediaOrganization\",\"@id\":\"https:\/\/dicodusport.fr\/blog\/#organization\",\"name\":\"Dicodusport\",\"url\":\"https:\/\/dicodusport.fr\/blog\/\",\"logo\":{\"@type\":\"ImageObject\",\"inLanguage\":\"fr-FR\",\"@id\":\"https:\/\/dicodusport.fr\/blog\/#\/schema\/logo\/image\/\",\"url\":\"https:\/\/dicodusport.fr\/blog\/wp-content\/uploads\/2020\/06\/cropped-LOGO-DICODUSPORT-2020-SANS-FOND-SANS-TEXTE.png\",\"contentUrl\":\"https:\/\/dicodusport.fr\/blog\/wp-content\/uploads\/2020\/06\/cropped-LOGO-DICODUSPORT-2020-SANS-FOND-SANS-TEXTE.png\",\"width\":512,\"height\":512,\"caption\":\"Dicodusport\"},\"image\":{\"@id\":\"https:\/\/dicodusport.fr\/blog\/#\/schema\/logo\/image\/\"},\"sameAs\":[\"https:\/\/www.facebook.com\/dicodusport\",\"https:\/\/x.com\/dicodusport\",\"https:\/\/www.instagram.com\/dicodusport\/\",\"https:\/\/www.youtube.com\/channel\/UC7V2KZ5sd3htJivAbA4ZG3w\"],\"description\":\"Dicodusport est l'encyclop\u00e9die de l'actualit\u00e9 sportive.\",\"email\":\"bonjour@dicodusport.fr\",\"legalName\":\"DICODUSPORT\",\"foundingDate\":\"2018-01-14\",\"vatID\":\"FR71834470973\",\"taxID\":\"83447097300043\",\"numberOfEmployees\":{\"@type\":\"QuantitativeValue\",\"minValue\":\"1\",\"maxValue\":\"10\"}},{\"@type\":\"Person\",\"@id\":\"https:\/\/dicodusport.fr\/blog\/#\/schema\/person\/ff2feeb71ea78ad31eeb3390ffe96b46\",\"name\":\"Killian Tanguy\",\"image\":{\"@type\":\"ImageObject\",\"inLanguage\":\"fr-FR\",\"@id\":\"https:\/\/dicodusport.fr\/blog\/#\/schema\/person\/image\/\",\"url\":\"https:\/\/dicodusport.fr\/blog\/wp-content\/uploads\/2022\/12\/Killian-Tanguy-150x150.png\",\"contentUrl\":\"https:\/\/dicodusport.fr\/blog\/wp-content\/uploads\/2022\/12\/Killian-Tanguy-150x150.png\",\"caption\":\"Killian Tanguy\"},\"description\":\"Journaliste qui parle de tout et surtout de sport. Rugby, handball, sports d'hiver, football, cyclisme... Et ce que j'aime par-dessus tout : couvrir une discipline que je ne connais pas. Rien de mieux pour s'enrichir et apprendre.\",\"sameAs\":[\"https:\/\/killiantanguy.wixsite.com\/monsite\",\"https:\/\/www.facebook.com\/profile.php?id=100009753662352\",\"https:\/\/www.instagram.com\/sport.killiantanguy\/\",\"https:\/\/www.linkedin.com\/in\/killiantanguy\/\",\"https:\/\/x.com\/https:\/\/twitter.com\/sport_ktanguy\",\"https:\/\/www.youtube.com\/channel\/UCRfZkHKJL0wK7wvnJjCry-Q\"],\"url\":\"https:\/\/dicodusport.fr\/blog\/author\/killian-tanguy\/\"}]}<\/script>\n<!-- \/ Yoast SEO Premium plugin. -->","yoast_head_json":{"title":"Coupe du monde de para ski de fond : Karl Tabouret deuxi\u00e8me du sprint classique \u00e0 Val di Fiemme","description":"COUPE DU MONDE DE PARA SKI DE FOND - Karl Tabouret est arriv\u00e9 deuxi\u00e8me du sprint classique et signe son premier podium en carri\u00e8re.\u00a0","robots":{"index":"index","follow":"follow","max-snippet":"max-snippet:-1","max-image-preview":"max-image-preview:large","max-video-preview":"max-video-preview:-1"},"canonical":"https:\/\/dicodusport.fr\/blog\/coupe-du-monde-de-para-ski-de-fond-karl-tabouret-deuxieme-du-sprint-classique-a-val-di-fiemme\/","og_locale":"fr_FR","og_type":"article","og_title":"Coupe du monde de para ski de fond : Karl Tabouret deuxi\u00e8me du sprint classique \u00e0 Val di Fiemme","og_description":"COUPE DU MONDE DE PARA SKI DE FOND - Karl Tabouret est arriv\u00e9 deuxi\u00e8me du sprint classique et signe son premier podium en carri\u00e8re.\u00a0","og_url":"https:\/\/dicodusport.fr\/blog\/coupe-du-monde-de-para-ski-de-fond-karl-tabouret-deuxieme-du-sprint-classique-a-val-di-fiemme\/","og_site_name":"Dicodusport","article_publisher":"https:\/\/www.facebook.com\/dicodusport","article_author":"https:\/\/www.facebook.com\/profile.php?id=100009753662352","article_published_time":"2025-02-01T12:52:09+00:00","article_modified_time":"2025-02-01T13:14:31+00:00","og_image":[{"width":1200,"height":674,"url":"https:\/\/dicodusport.fr\/blog\/wp-content\/uploads\/2025\/02\/Coupe-du-monde-de-para-ski-de-fond-Karl-Tabouret-deuxieme-du-sprint-classique-a-Val-di-Fiemme.png","type":"image\/png"}],"author":"Killian Tanguy","twitter_card":"summary_large_image","twitter_title":"Coupe du monde de para ski de fond : Karl Tabouret deuxi\u00e8me du sprint classique \u00e0 Val di Fiemme","twitter_creator":"@https:\/\/twitter.com\/sport_ktanguy","twitter_site":"@dicodusport","schema":{"@context":"https:\/\/schema.org","@graph":[{"@type":"NewsArticle","@id":"https:\/\/dicodusport.fr\/blog\/coupe-du-monde-de-para-ski-de-fond-karl-tabouret-deuxieme-du-sprint-classique-a-val-di-fiemme\/#article","isPartOf":{"@id":"https:\/\/dicodusport.fr\/blog\/coupe-du-monde-de-para-ski-de-fond-karl-tabouret-deuxieme-du-sprint-classique-a-val-di-fiemme\/"},"author":{"name":"Killian Tanguy","@id":"https:\/\/dicodusport.fr\/blog\/#\/schema\/person\/ff2feeb71ea78ad31eeb3390ffe96b46"},"headline":"Coupe du monde de para ski de fond : Karl Tabouret deuxi\u00e8me du sprint classique \u00e0 Val di Fiemme","datePublished":"2025-02-01T12:52:09+00:00","dateModified":"2025-02-01T13:14:31+00:00","mainEntityOfPage":{"@id":"https:\/\/dicodusport.fr\/blog\/coupe-du-monde-de-para-ski-de-fond-karl-tabouret-deuxieme-du-sprint-classique-a-val-di-fiemme\/"},"wordCount":176,"commentCount":0,"publisher":{"@id":"https:\/\/dicodusport.fr\/blog\/#organization"},"image":{"@id":"https:\/\/dicodusport.fr\/blog\/coupe-du-monde-de-para-ski-de-fond-karl-tabouret-deuxieme-du-sprint-classique-a-val-di-fiemme\/#primaryimage"},"thumbnailUrl":"https:\/\/dicodusport.fr\/blog\/wp-content\/uploads\/2025\/02\/Coupe-du-monde-de-para-ski-de-fond-Karl-Tabouret-deuxieme-du-sprint-classique-a-Val-di-Fiemme.png","keywords":["actu","br\u00e8ve"],"articleSection":["Handisport","Ski"],"inLanguage":"fr-FR","potentialAction":[{"@type":"CommentAction","name":"Comment","target":["https:\/\/dicodusport.fr\/blog\/coupe-du-monde-de-para-ski-de-fond-karl-tabouret-deuxieme-du-sprint-classique-a-val-di-fiemme\/#respond"]}],"copyrightYear":"2025","copyrightHolder":{"@id":"https:\/\/dicodusport.fr\/blog\/#organization"}},{"@type":"WebPage","@id":"https:\/\/dicodusport.fr\/blog\/coupe-du-monde-de-para-ski-de-fond-karl-tabouret-deuxieme-du-sprint-classique-a-val-di-fiemme\/","url":"https:\/\/dicodusport.fr\/blog\/coupe-du-monde-de-para-ski-de-fond-karl-tabouret-deuxieme-du-sprint-classique-a-val-di-fiemme\/","name":"Coupe du monde de para ski de fond : Karl Tabouret deuxi\u00e8me du sprint classique \u00e0 Val di Fiemme","isPartOf":{"@id":"https:\/\/dicodusport.fr\/blog\/#website"},"primaryImageOfPage":{"@id":"https:\/\/dicodusport.fr\/blog\/coupe-du-monde-de-para-ski-de-fond-karl-tabouret-deuxieme-du-sprint-classique-a-val-di-fiemme\/#primaryimage"},"image":{"@id":"https:\/\/dicodusport.fr\/blog\/coupe-du-monde-de-para-ski-de-fond-karl-tabouret-deuxieme-du-sprint-classique-a-val-di-fiemme\/#primaryimage"},"thumbnailUrl":"https:\/\/dicodusport.fr\/blog\/wp-content\/uploads\/2025\/02\/Coupe-du-monde-de-para-ski-de-fond-Karl-Tabouret-deuxieme-du-sprint-classique-a-Val-di-Fiemme.png","datePublished":"2025-02-01T12:52:09+00:00","dateModified":"2025-02-01T13:14:31+00:00","description":"COUPE DU MONDE DE PARA SKI DE FOND - Karl Tabouret est arriv\u00e9 deuxi\u00e8me du sprint classique et signe son premier podium en carri\u00e8re.\u00a0","breadcrumb":{"@id":"https:\/\/dicodusport.fr\/blog\/coupe-du-monde-de-para-ski-de-fond-karl-tabouret-deuxieme-du-sprint-classique-a-val-di-fiemme\/#breadcrumb"},"inLanguage":"fr-FR","potentialAction":[{"@type":"ReadAction","target":["https:\/\/dicodusport.fr\/blog\/coupe-du-monde-de-para-ski-de-fond-karl-tabouret-deuxieme-du-sprint-classique-a-val-di-fiemme\/"]}]},{"@type":"ImageObject","inLanguage":"fr-FR","@id":"https:\/\/dicodusport.fr\/blog\/coupe-du-monde-de-para-ski-de-fond-karl-tabouret-deuxieme-du-sprint-classique-a-val-di-fiemme\/#primaryimage","url":"https:\/\/dicodusport.fr\/blog\/wp-content\/uploads\/2025\/02\/Coupe-du-monde-de-para-ski-de-fond-Karl-Tabouret-deuxieme-du-sprint-classique-a-Val-di-Fiemme.png","contentUrl":"https:\/\/dicodusport.fr\/blog\/wp-content\/uploads\/2025\/02\/Coupe-du-monde-de-para-ski-de-fond-Karl-Tabouret-deuxieme-du-sprint-classique-a-Val-di-Fiemme.png","width":1200,"height":674,"caption":"Coupe du monde de para ski de fond Karl Tabouret deuxi\u00e8me du sprint classique \u00e0 Val di Fiemme"},{"@type":"BreadcrumbList","@id":"https:\/\/dicodusport.fr\/blog\/coupe-du-monde-de-para-ski-de-fond-karl-tabouret-deuxieme-du-sprint-classique-a-val-di-fiemme\/#breadcrumb","itemListElement":[{"@type":"ListItem","position":1,"name":"Accueil","item":"https:\/\/dicodusport.fr\/blog\/"},{"@type":"ListItem","position":2,"name":"Coupe du monde de para ski de fond : Karl Tabouret deuxi\u00e8me du sprint classique \u00e0 Val di Fiemme"}]},{"@type":"WebSite","@id":"https:\/\/dicodusport.fr\/blog\/#website","url":"https:\/\/dicodusport.fr\/blog\/","name":"Dicodusport","description":"L&#039;encyclop\u00e9die de l&#039;actualit\u00e9 sportive","publisher":{"@id":"https:\/\/dicodusport.fr\/blog\/#organization"},"potentialAction":[{"@type":"SearchAction","target":{"@type":"EntryPoint","urlTemplate":"https:\/\/dicodusport.fr\/blog\/?s={search_term_string}"},"query-input":{"@type":"PropertyValueSpecification","valueRequired":true,"valueName":"search_term_string"}}],"inLanguage":"fr-FR"},{"@type":"NewsMediaOrganization","@id":"https:\/\/dicodusport.fr\/blog\/#organization","name":"Dicodusport","url":"https:\/\/dicodusport.fr\/blog\/","logo":{"@type":"ImageObject","inLanguage":"fr-FR","@id":"https:\/\/dicodusport.fr\/blog\/#\/schema\/logo\/image\/","url":"https:\/\/dicodusport.fr\/blog\/wp-content\/uploads\/2020\/06\/cropped-LOGO-DICODUSPORT-2020-SANS-FOND-SANS-TEXTE.png","contentUrl":"https:\/\/dicodusport.fr\/blog\/wp-content\/uploads\/2020\/06\/cropped-LOGO-DICODUSPORT-2020-SANS-FOND-SANS-TEXTE.png","width":512,"height":512,"caption":"Dicodusport"},"image":{"@id":"https:\/\/dicodusport.fr\/blog\/#\/schema\/logo\/image\/"},"sameAs":["https:\/\/www.facebook.com\/dicodusport","https:\/\/x.com\/dicodusport","https:\/\/www.instagram.com\/dicodusport\/","https:\/\/www.youtube.com\/channel\/UC7V2KZ5sd3htJivAbA4ZG3w"],"description":"Dicodusport est l'encyclop\u00e9die de l'actualit\u00e9 sportive.","email":"bonjour@dicodusport.fr","legalName":"DICODUSPORT","foundingDate":"2018-01-14","vatID":"FR71834470973","taxID":"83447097300043","numberOfEmployees":{"@type":"QuantitativeValue","minValue":"1","maxValue":"10"}},{"@type":"Person","@id":"https:\/\/dicodusport.fr\/blog\/#\/schema\/person\/ff2feeb71ea78ad31eeb3390ffe96b46","name":"Killian Tanguy","image":{"@type":"ImageObject","inLanguage":"fr-FR","@id":"https:\/\/dicodusport.fr\/blog\/#\/schema\/person\/image\/","url":"https:\/\/dicodusport.fr\/blog\/wp-content\/uploads\/2022\/12\/Killian-Tanguy-150x150.png","contentUrl":"https:\/\/dicodusport.fr\/blog\/wp-content\/uploads\/2022\/12\/Killian-Tanguy-150x150.png","caption":"Killian Tanguy"},"description":"Journaliste qui parle de tout et surtout de sport. Rugby, handball, sports d'hiver, football, cyclisme... Et ce que j'aime par-dessus tout : couvrir une discipline que je ne connais pas. Rien de mieux pour s'enrichir et apprendre.","sameAs":["https:\/\/killiantanguy.wixsite.com\/monsite","https:\/\/www.facebook.com\/profile.php?id=100009753662352","https:\/\/www.instagram.com\/sport.killiantanguy\/","https:\/\/www.linkedin.com\/in\/killiantanguy\/","https:\/\/x.com\/https:\/\/twitter.com\/sport_ktanguy","https:\/\/www.youtube.com\/channel\/UCRfZkHKJL0wK7wvnJjCry-Q"],"url":"https:\/\/dicodusport.fr\/blog\/author\/killian-tanguy\/"}]}},"_links":{"self":[{"href":"https:\/\/dicodusport.fr\/blog\/wp-json\/wp\/v2\/posts\/551803","targetHints":{"allow":["GET"]}}],"collection":[{"href":"https:\/\/dicodusport.fr\/blog\/wp-json\/wp\/v2\/posts"}],"about":[{"href":"https:\/\/dicodusport.fr\/blog\/wp-json\/wp\/v2\/types\/post"}],"author":[{"embeddable":true,"href":"https:\/\/dicodusport.fr\/blog\/wp-json\/wp\/v2\/users\/80"}],"replies":[{"embeddable":true,"href":"https:\/\/dicodusport.fr\/blog\/wp-json\/wp\/v2\/comments?post=551803"}],"version-history":[{"count":5,"href":"https:\/\/dicodusport.fr\/blog\/wp-json\/wp\/v2\/posts\/551803\/revisions"}],"predecessor-version":[{"id":551835,"href":"https:\/\/dicodusport.fr\/blog\/wp-json\/wp\/v2\/posts\/551803\/revisions\/551835"}],"wp:featuredmedia":[{"embeddable":true,"href":"https:\/\/dicodusport.fr\/blog\/wp-json\/wp\/v2\/media\/551817"}],"wp:attachment":[{"href":"https:\/\/dicodusport.fr\/blog\/wp-json\/wp\/v2\/media?parent=551803"}],"wp:term":[{"taxonomy":"category","embeddable":true,"href":"https:\/\/dicodusport.fr\/blog\/wp-json\/wp\/v2\/categories?post=551803"},{"taxonomy":"post_tag","embeddable":true,"href":"https:\/\/dicodusport.fr\/blog\/wp-json\/wp\/v2\/tags?post=551803"}],"curies":[{"name":"wp","href":"https:\/\/api.w.org\/{rel}","templated":true}]}}