{"id":551806,"date":"2025-02-01T14:08:27","date_gmt":"2025-02-01T13:08:27","guid":{"rendered":"https:\/\/dicodusport.fr\/blog\/?p=551806&#038;preview=true&#038;preview_id=551806"},"modified":"2025-02-01T21:17:22","modified_gmt":"2025-02-01T20:17:22","slug":"skicross-veysonnaz-nouveau-podium-pour-youri-duplessis-kergomard-2e-de-la-premiere-manche","status":"publish","type":"post","link":"https:\/\/dicodusport.fr\/blog\/skicross-veysonnaz-nouveau-podium-pour-youri-duplessis-kergomard-2e-de-la-premiere-manche\/","title":{"rendered":"Skicross Veysonnaz : Nouveau podium pour Youri Duplessis Kergomard, 2\u00e8me de la premi\u00e8re manche"},"content":{"rendered":"<h4 style=\"text-align: justify;\"><em>COUPE DE MONDE DE SKICROSS 2024\/2025 &#8211; Deux semaines apr\u00e8s sa victoire \u00e0 Reiteralm, Youri Duplessis Kergomard est pass\u00e9 proche d&rsquo;une nouvelle victoire ce samedi \u00e0 Veysonnaz, en s&#8217;emparant de la 2e place sur la premi\u00e8re manche.<\/em><\/h4>\n<p style=\"text-align: justify;\">On l&rsquo;avait quitt\u00e9 il y a deux semaines sur sa <a href=\"https:\/\/dicodusport.fr\/blog\/coupe-du-monde-de-skicross-youri-duplessis-kergomard-decroche-sa-premiere-victoire-a-reiteralm\/\">deuxi\u00e8me victoire en carri\u00e8re, obtenue du c\u00f4t\u00e9 de Reiteralm<\/a>. Quinze jours plus tard,<strong> Youri Duplessis Kergomard<\/strong> n&rsquo;a rien perdu de sa superbe. \u00c0 <strong>Veysonnaz<\/strong>, le Fran\u00e7ais a confirm\u00e9 qu&rsquo;il \u00e9tait d\u00e9finitivement l&rsquo;une des plus grandes menaces sur le circuit en livrant une nouvelle journ\u00e9e de folie.<\/p>\n<h2 style=\"text-align: justify;\">Youri Duplessis Kergomard &#8211; Simone Deromedis, acte II<\/h2>\n<p style=\"text-align: justify;\">Pourtant, tout aurait pu prendre fin pr\u00e9matur\u00e9ment. En huiti\u00e8mes de finale, il perd un b\u00e2ton d\u00e8s le d\u00e9part, avant de jeter le second quelques m\u00e8tres plus loin. Malgr\u00e9 ce handicap de taille, il est parvenu \u00e0 s&rsquo;arracher pour d\u00e9crocher sa qualification ! Une sc\u00e8ne spectaculaire qui rend encore plus grandiose l&rsquo;ensemble de cette journ\u00e9e. En quarts, il s&rsquo;extirpe d&rsquo;une s\u00e9rie relev\u00e9e, avant de frapper un gros coup en demi-finales. Dans le sillage de <strong>Reece Howden<\/strong>, il prend le deuxi\u00e8me ticket disponible pour la grande finale, et \u00e9limine au passage le leader du g\u00e9n\u00e9ral, <strong>Florian Wilmsmann<\/strong>. Oppos\u00e9 \u00e0 Howden donc, mais aussi <strong>Simone Deromedis <\/strong>et <strong>Ryo Sugai<\/strong>, une finale ouverte est attendue.<\/p>\n<ul>\n<li><strong>\u00c0 ce sujet &#8211; <a href=\"https:\/\/dicodusport.fr\/blog\/youri-duplessis-kergomard-skicross-lobjectif-reste-de-remporter-le-classement-general\/\">Youri Duplessis Kergomard (skicross) : \u00ab L\u2019objectif reste de remporter le classement g\u00e9n\u00e9ral \u00bb<\/a><\/strong><\/li>\n<\/ul>\n<p style=\"text-align: justify;\">Battu par Duplessis Kergomard \u00e0 Reiteralm, Deromedis va capitaliser sur un d\u00e9part parfait, et profiter de la lutte \u00e0 l&rsquo;arri\u00e8re pour s&rsquo;offrir la victoire. De son c\u00f4t\u00e9, <strong>Youri Duplessis Kergomard<\/strong> arrache la 2e place au terme d&rsquo;un combat acharn\u00e9, devant <strong>Reece Howden<\/strong>. Cela signifie donc un nouveau podium, mais \u00e9galement 40 points de repris \u00e0 Wilsmann (6e aujourd&rsquo;hui) au g\u00e9n\u00e9ral<\/p>\n<blockquote class=\"twitter-tweet\">\n<p dir=\"ltr\" lang=\"fr\">\ud83c\uddeb\ud83c\uddf7 La belle deuxi\u00e8me place de Youri Duplessis Kergomard ! Le Fran\u00e7ais s&rsquo;incline seulement derri\u00e8re l&rsquo;Italien Simone Deromedis \u00e0 Veysonnaz, o\u00f9 il avait disput\u00e9 son 8e de finale&#8230; sans b\u00e2tons ! <a href=\"https:\/\/twitter.com\/hashtag\/ChaletClub?src=hash&amp;ref_src=twsrc%5Etfw\">#ChaletClub<\/a> <a href=\"https:\/\/t.co\/ZqNydXwTUR\">pic.twitter.com\/ZqNydXwTUR<\/a><\/p>\n<p>\u2014 Eurosport France (@Eurosport_FR) <a href=\"https:\/\/twitter.com\/Eurosport_FR\/status\/1885676042179809532?ref_src=twsrc%5Etfw\">February 1, 2025<\/a><\/p><\/blockquote>\n<p><script async src=\"https:\/\/platform.twitter.com\/widgets.js\" charset=\"utf-8\"><\/script><\/p>\n<h2 style=\"text-align: justify;\">Marielle Berger Sabbatel dans le Top 5<\/h2>\n<p style=\"text-align: justify;\">Parmi les autres Fran\u00e7ais en lice, <strong>Melvin Tchiknavorian<\/strong> ne sera pas pass\u00e9 loin d&rsquo;aller d\u00e9crocher une nouvelle finale, mais a d\u00fb se contenter de la consolante dans laquelle il termine 7e. Dans le tableau f\u00e9minin, aucune Tricolore n&rsquo;a r\u00e9ussi \u00e0 se hisser en finale. <strong>Myl\u00e8ne Ballet Baz, Annouck Errard <\/strong>et <strong>Jade Grillet Aubert<\/strong> sont toutes pass\u00e9es par la fen\u00eatre d\u00e8s les quarts de finale. <strong>Marielle Berger Sabbatel<\/strong> a franchi ce cap, mais a ensuite pris la porte au tour suivant. Revers\u00e9e dans la petite finale, elle termine sur une bonne note en allant chercher la 5e place. En finale, <strong>Marielle Thompson<\/strong> a pris le dessus sur <strong>Daniela Maier<\/strong> et <strong>India Sherret<\/strong>, qui conserve sa place de leader du g\u00e9n\u00e9ral.<\/p>\n","protected":false},"excerpt":{"rendered":"<p>COUPE DE MONDE DE SKICROSS 2024\/2025 &#8211; Deux semaines apr\u00e8s sa victoire \u00e0 Reiteralm, Youri Duplessis Kergomard est pass\u00e9 proche d&rsquo;une nouvelle victoire ce samedi \u00e0 Veysonnaz, en s&#8217;emparant de la 2e place sur la premi\u00e8re manche.<\/p>\n","protected":false},"author":55,"featured_media":552140,"comment_status":"open","ping_status":"closed","sticky":false,"template":"","format":"standard","meta":{"_acf_changed":false,"_daextam_enable_autolinks":"1","footnotes":""},"categories":[9217],"tags":[32415,16878,29753,2947,28420],"class_list":["post-551806","post","type-post","status-publish","format-standard","has-post-thumbnail","hentry","category-ski","tag-actu","tag-breve","tag-coupe-du-monde-de-skicross","tag-skicross","tag-youri-duplessis-kergomard"],"acf":[],"yoast_head":"<!-- This site is optimized with the Yoast SEO Premium plugin v26.7 (Yoast SEO v26.7) - https:\/\/yoast.com\/wordpress\/plugins\/seo\/ -->\n<title>Skicross Veysonnaz : Nouveau podium pour Youri Duplessis Kergomard, 2\u00e8me de la premi\u00e8re manche<\/title>\n<meta name=\"description\" content=\"COUPE DE MONDE DE SKICROSS 2024\/2025 - Youri Duplessis Kergomard a d\u00e9croch\u00e9 la 2e place de la premi\u00e8re manche de Veysonnaz.\" \/>\n<meta name=\"robots\" content=\"index, follow, max-snippet:-1, max-image-preview:large, max-video-preview:-1\" \/>\n<link rel=\"canonical\" href=\"https:\/\/dicodusport.fr\/blog\/skicross-veysonnaz-nouveau-podium-pour-youri-duplessis-kergomard-2e-de-la-premiere-manche\/\" \/>\n<meta property=\"og:locale\" content=\"fr_FR\" \/>\n<meta property=\"og:type\" content=\"article\" \/>\n<meta property=\"og:title\" content=\"Skicross Veysonnaz : Nouveau podium pour Youri Duplessis Kergomard, 2\u00e8me de la premi\u00e8re manche\" \/>\n<meta property=\"og:description\" content=\"COUPE DE MONDE DE SKICROSS 2024\/2025 - Youri Duplessis Kergomard a d\u00e9croch\u00e9 la 2e place de la premi\u00e8re manche de Veysonnaz.\" \/>\n<meta property=\"og:url\" content=\"https:\/\/dicodusport.fr\/blog\/skicross-veysonnaz-nouveau-podium-pour-youri-duplessis-kergomard-2e-de-la-premiere-manche\/\" \/>\n<meta property=\"og:site_name\" content=\"Dicodusport\" \/>\n<meta property=\"article:publisher\" content=\"https:\/\/www.facebook.com\/dicodusport\" \/>\n<meta property=\"article:published_time\" content=\"2025-02-01T13:08:27+00:00\" \/>\n<meta property=\"article:modified_time\" content=\"2025-02-01T20:17:22+00:00\" \/>\n<meta property=\"og:image\" content=\"https:\/\/dicodusport.fr\/blog\/wp-content\/uploads\/2025\/02\/Skicross-Veysonnaz-Nouveau-podium-pour-Youri-Duplessis-Kergomard-2eme-de-la-premiere-manche.png\" \/>\n\t<meta property=\"og:image:width\" content=\"1200\" \/>\n\t<meta property=\"og:image:height\" content=\"674\" \/>\n\t<meta property=\"og:image:type\" content=\"image\/png\" \/>\n<meta name=\"author\" content=\"Maxime Cazenave\" \/>\n<meta name=\"twitter:card\" content=\"summary_large_image\" \/>\n<meta name=\"twitter:title\" content=\"Skicross Veysonnaz : Nouveau podium pour Youri Duplessis Kergomard, 2\u00e8me de la premi\u00e8re manche\" \/>\n<meta name=\"twitter:creator\" content=\"@https:\/\/twitter.com\/Maxime_Caze\" \/>\n<meta name=\"twitter:site\" content=\"@dicodusport\" \/>\n<script type=\"application\/ld+json\" class=\"yoast-schema-graph\">{\"@context\":\"https:\/\/schema.org\",\"@graph\":[{\"@type\":\"NewsArticle\",\"@id\":\"https:\/\/dicodusport.fr\/blog\/skicross-veysonnaz-nouveau-podium-pour-youri-duplessis-kergomard-2e-de-la-premiere-manche\/#article\",\"isPartOf\":{\"@id\":\"https:\/\/dicodusport.fr\/blog\/skicross-veysonnaz-nouveau-podium-pour-youri-duplessis-kergomard-2e-de-la-premiere-manche\/\"},\"author\":{\"name\":\"Maxime Cazenave\",\"@id\":\"https:\/\/dicodusport.fr\/blog\/#\/schema\/person\/37def232098a7a5cbab3974a3690abb0\"},\"headline\":\"Skicross Veysonnaz : Nouveau podium pour Youri Duplessis Kergomard, 2\u00e8me de la premi\u00e8re manche\",\"datePublished\":\"2025-02-01T13:08:27+00:00\",\"dateModified\":\"2025-02-01T20:17:22+00:00\",\"mainEntityOfPage\":{\"@id\":\"https:\/\/dicodusport.fr\/blog\/skicross-veysonnaz-nouveau-podium-pour-youri-duplessis-kergomard-2e-de-la-premiere-manche\/\"},\"wordCount\":514,\"commentCount\":0,\"publisher\":{\"@id\":\"https:\/\/dicodusport.fr\/blog\/#organization\"},\"image\":{\"@id\":\"https:\/\/dicodusport.fr\/blog\/skicross-veysonnaz-nouveau-podium-pour-youri-duplessis-kergomard-2e-de-la-premiere-manche\/#primaryimage\"},\"thumbnailUrl\":\"https:\/\/dicodusport.fr\/blog\/wp-content\/uploads\/2025\/02\/Skicross-Veysonnaz-Nouveau-podium-pour-Youri-Duplessis-Kergomard-2eme-de-la-premiere-manche.png\",\"keywords\":[\"actu\",\"br\u00e8ve\",\"Coupe du monde de skicross\",\"skicross\",\"Youri Duplessis-Kergomard\"],\"articleSection\":[\"Ski\"],\"inLanguage\":\"fr-FR\",\"potentialAction\":[{\"@type\":\"CommentAction\",\"name\":\"Comment\",\"target\":[\"https:\/\/dicodusport.fr\/blog\/skicross-veysonnaz-nouveau-podium-pour-youri-duplessis-kergomard-2e-de-la-premiere-manche\/#respond\"]}],\"copyrightYear\":\"2025\",\"copyrightHolder\":{\"@id\":\"https:\/\/dicodusport.fr\/blog\/#organization\"}},{\"@type\":\"WebPage\",\"@id\":\"https:\/\/dicodusport.fr\/blog\/skicross-veysonnaz-nouveau-podium-pour-youri-duplessis-kergomard-2e-de-la-premiere-manche\/\",\"url\":\"https:\/\/dicodusport.fr\/blog\/skicross-veysonnaz-nouveau-podium-pour-youri-duplessis-kergomard-2e-de-la-premiere-manche\/\",\"name\":\"Skicross Veysonnaz : Nouveau podium pour Youri Duplessis Kergomard, 2\u00e8me de la premi\u00e8re manche\",\"isPartOf\":{\"@id\":\"https:\/\/dicodusport.fr\/blog\/#website\"},\"primaryImageOfPage\":{\"@id\":\"https:\/\/dicodusport.fr\/blog\/skicross-veysonnaz-nouveau-podium-pour-youri-duplessis-kergomard-2e-de-la-premiere-manche\/#primaryimage\"},\"image\":{\"@id\":\"https:\/\/dicodusport.fr\/blog\/skicross-veysonnaz-nouveau-podium-pour-youri-duplessis-kergomard-2e-de-la-premiere-manche\/#primaryimage\"},\"thumbnailUrl\":\"https:\/\/dicodusport.fr\/blog\/wp-content\/uploads\/2025\/02\/Skicross-Veysonnaz-Nouveau-podium-pour-Youri-Duplessis-Kergomard-2eme-de-la-premiere-manche.png\",\"datePublished\":\"2025-02-01T13:08:27+00:00\",\"dateModified\":\"2025-02-01T20:17:22+00:00\",\"description\":\"COUPE DE MONDE DE SKICROSS 2024\/2025 - Youri Duplessis Kergomard a d\u00e9croch\u00e9 la 2e place de la premi\u00e8re manche de Veysonnaz.\",\"breadcrumb\":{\"@id\":\"https:\/\/dicodusport.fr\/blog\/skicross-veysonnaz-nouveau-podium-pour-youri-duplessis-kergomard-2e-de-la-premiere-manche\/#breadcrumb\"},\"inLanguage\":\"fr-FR\",\"potentialAction\":[{\"@type\":\"ReadAction\",\"target\":[\"https:\/\/dicodusport.fr\/blog\/skicross-veysonnaz-nouveau-podium-pour-youri-duplessis-kergomard-2e-de-la-premiere-manche\/\"]}]},{\"@type\":\"ImageObject\",\"inLanguage\":\"fr-FR\",\"@id\":\"https:\/\/dicodusport.fr\/blog\/skicross-veysonnaz-nouveau-podium-pour-youri-duplessis-kergomard-2e-de-la-premiere-manche\/#primaryimage\",\"url\":\"https:\/\/dicodusport.fr\/blog\/wp-content\/uploads\/2025\/02\/Skicross-Veysonnaz-Nouveau-podium-pour-Youri-Duplessis-Kergomard-2eme-de-la-premiere-manche.png\",\"contentUrl\":\"https:\/\/dicodusport.fr\/blog\/wp-content\/uploads\/2025\/02\/Skicross-Veysonnaz-Nouveau-podium-pour-Youri-Duplessis-Kergomard-2eme-de-la-premiere-manche.png\",\"width\":1200,\"height\":674,\"caption\":\"Skicross Veysonnaz Nouveau podium pour Youri Duplessis Kergomard, 2\u00e8me de la premi\u00e8re manche\"},{\"@type\":\"BreadcrumbList\",\"@id\":\"https:\/\/dicodusport.fr\/blog\/skicross-veysonnaz-nouveau-podium-pour-youri-duplessis-kergomard-2e-de-la-premiere-manche\/#breadcrumb\",\"itemListElement\":[{\"@type\":\"ListItem\",\"position\":1,\"name\":\"Accueil\",\"item\":\"https:\/\/dicodusport.fr\/blog\/\"},{\"@type\":\"ListItem\",\"position\":2,\"name\":\"Skicross Veysonnaz : Nouveau podium pour Youri Duplessis Kergomard, 2\u00e8me de la premi\u00e8re manche\"}]},{\"@type\":\"WebSite\",\"@id\":\"https:\/\/dicodusport.fr\/blog\/#website\",\"url\":\"https:\/\/dicodusport.fr\/blog\/\",\"name\":\"Dicodusport\",\"description\":\"L&#039;encyclop\u00e9die de l&#039;actualit\u00e9 sportive\",\"publisher\":{\"@id\":\"https:\/\/dicodusport.fr\/blog\/#organization\"},\"potentialAction\":[{\"@type\":\"SearchAction\",\"target\":{\"@type\":\"EntryPoint\",\"urlTemplate\":\"https:\/\/dicodusport.fr\/blog\/?s={search_term_string}\"},\"query-input\":{\"@type\":\"PropertyValueSpecification\",\"valueRequired\":true,\"valueName\":\"search_term_string\"}}],\"inLanguage\":\"fr-FR\"},{\"@type\":\"NewsMediaOrganization\",\"@id\":\"https:\/\/dicodusport.fr\/blog\/#organization\",\"name\":\"Dicodusport\",\"url\":\"https:\/\/dicodusport.fr\/blog\/\",\"logo\":{\"@type\":\"ImageObject\",\"inLanguage\":\"fr-FR\",\"@id\":\"https:\/\/dicodusport.fr\/blog\/#\/schema\/logo\/image\/\",\"url\":\"https:\/\/dicodusport.fr\/blog\/wp-content\/uploads\/2020\/06\/cropped-LOGO-DICODUSPORT-2020-SANS-FOND-SANS-TEXTE.png\",\"contentUrl\":\"https:\/\/dicodusport.fr\/blog\/wp-content\/uploads\/2020\/06\/cropped-LOGO-DICODUSPORT-2020-SANS-FOND-SANS-TEXTE.png\",\"width\":512,\"height\":512,\"caption\":\"Dicodusport\"},\"image\":{\"@id\":\"https:\/\/dicodusport.fr\/blog\/#\/schema\/logo\/image\/\"},\"sameAs\":[\"https:\/\/www.facebook.com\/dicodusport\",\"https:\/\/x.com\/dicodusport\",\"https:\/\/www.instagram.com\/dicodusport\/\",\"https:\/\/www.youtube.com\/channel\/UC7V2KZ5sd3htJivAbA4ZG3w\"],\"description\":\"Dicodusport est l'encyclop\u00e9die de l'actualit\u00e9 sportive.\",\"email\":\"bonjour@dicodusport.fr\",\"legalName\":\"DICODUSPORT\",\"foundingDate\":\"2018-01-14\",\"vatID\":\"FR71834470973\",\"taxID\":\"83447097300043\",\"numberOfEmployees\":{\"@type\":\"QuantitativeValue\",\"minValue\":\"1\",\"maxValue\":\"10\"}},{\"@type\":\"Person\",\"@id\":\"https:\/\/dicodusport.fr\/blog\/#\/schema\/person\/37def232098a7a5cbab3974a3690abb0\",\"name\":\"Maxime Cazenave\",\"image\":{\"@type\":\"ImageObject\",\"inLanguage\":\"fr-FR\",\"@id\":\"https:\/\/dicodusport.fr\/blog\/#\/schema\/person\/image\/\",\"url\":\"https:\/\/dicodusport.fr\/blog\/wp-content\/uploads\/2021\/05\/Maxime-Cazenave-150x150.jpg\",\"contentUrl\":\"https:\/\/dicodusport.fr\/blog\/wp-content\/uploads\/2021\/05\/Maxime-Cazenave-150x150.jpg\",\"caption\":\"Maxime Cazenave\"},\"description\":\"Journaliste\/R\u00e9dacteur depuis 2012 - Berc\u00e9 par l\u2019amour des Girondins de Bordeaux, les \u00e9checs de Christophe Moreau sur le Tour de France sous l'\u00e8re Lance Armstrong et le fade-away l\u00e9tal de Dirk Nowitzki, ma passion d\u00e9vorante pour le sport a toujours \u00e9t\u00e9 un pan incontournable de ma vie. Transmettre ma passion \u00e0 l\u2019\u00e9crit a \u00e9t\u00e9 une transition naturelle. Suiveur assidu de basket et de hockey sur glace, je garde toujours un peu de place pour suivre le cyclisme, le football et le maximum de performances fran\u00e7aises.\",\"sameAs\":[\"https:\/\/x.com\/https:\/\/twitter.com\/Maxime_Caze\"],\"url\":\"https:\/\/dicodusport.fr\/blog\/author\/maximec\/\"}]}<\/script>\n<!-- \/ Yoast SEO Premium plugin. -->","yoast_head_json":{"title":"Skicross Veysonnaz : Nouveau podium pour Youri Duplessis Kergomard, 2\u00e8me de la premi\u00e8re manche","description":"COUPE DE MONDE DE SKICROSS 2024\/2025 - Youri Duplessis Kergomard a d\u00e9croch\u00e9 la 2e place de la premi\u00e8re manche de Veysonnaz.","robots":{"index":"index","follow":"follow","max-snippet":"max-snippet:-1","max-image-preview":"max-image-preview:large","max-video-preview":"max-video-preview:-1"},"canonical":"https:\/\/dicodusport.fr\/blog\/skicross-veysonnaz-nouveau-podium-pour-youri-duplessis-kergomard-2e-de-la-premiere-manche\/","og_locale":"fr_FR","og_type":"article","og_title":"Skicross Veysonnaz : Nouveau podium pour Youri Duplessis Kergomard, 2\u00e8me de la premi\u00e8re manche","og_description":"COUPE DE MONDE DE SKICROSS 2024\/2025 - Youri Duplessis Kergomard a d\u00e9croch\u00e9 la 2e place de la premi\u00e8re manche de Veysonnaz.","og_url":"https:\/\/dicodusport.fr\/blog\/skicross-veysonnaz-nouveau-podium-pour-youri-duplessis-kergomard-2e-de-la-premiere-manche\/","og_site_name":"Dicodusport","article_publisher":"https:\/\/www.facebook.com\/dicodusport","article_published_time":"2025-02-01T13:08:27+00:00","article_modified_time":"2025-02-01T20:17:22+00:00","og_image":[{"width":1200,"height":674,"url":"https:\/\/dicodusport.fr\/blog\/wp-content\/uploads\/2025\/02\/Skicross-Veysonnaz-Nouveau-podium-pour-Youri-Duplessis-Kergomard-2eme-de-la-premiere-manche.png","type":"image\/png"}],"author":"Maxime Cazenave","twitter_card":"summary_large_image","twitter_title":"Skicross Veysonnaz : Nouveau podium pour Youri Duplessis Kergomard, 2\u00e8me de la premi\u00e8re manche","twitter_creator":"@https:\/\/twitter.com\/Maxime_Caze","twitter_site":"@dicodusport","schema":{"@context":"https:\/\/schema.org","@graph":[{"@type":"NewsArticle","@id":"https:\/\/dicodusport.fr\/blog\/skicross-veysonnaz-nouveau-podium-pour-youri-duplessis-kergomard-2e-de-la-premiere-manche\/#article","isPartOf":{"@id":"https:\/\/dicodusport.fr\/blog\/skicross-veysonnaz-nouveau-podium-pour-youri-duplessis-kergomard-2e-de-la-premiere-manche\/"},"author":{"name":"Maxime Cazenave","@id":"https:\/\/dicodusport.fr\/blog\/#\/schema\/person\/37def232098a7a5cbab3974a3690abb0"},"headline":"Skicross Veysonnaz : Nouveau podium pour Youri Duplessis Kergomard, 2\u00e8me de la premi\u00e8re manche","datePublished":"2025-02-01T13:08:27+00:00","dateModified":"2025-02-01T20:17:22+00:00","mainEntityOfPage":{"@id":"https:\/\/dicodusport.fr\/blog\/skicross-veysonnaz-nouveau-podium-pour-youri-duplessis-kergomard-2e-de-la-premiere-manche\/"},"wordCount":514,"commentCount":0,"publisher":{"@id":"https:\/\/dicodusport.fr\/blog\/#organization"},"image":{"@id":"https:\/\/dicodusport.fr\/blog\/skicross-veysonnaz-nouveau-podium-pour-youri-duplessis-kergomard-2e-de-la-premiere-manche\/#primaryimage"},"thumbnailUrl":"https:\/\/dicodusport.fr\/blog\/wp-content\/uploads\/2025\/02\/Skicross-Veysonnaz-Nouveau-podium-pour-Youri-Duplessis-Kergomard-2eme-de-la-premiere-manche.png","keywords":["actu","br\u00e8ve","Coupe du monde de skicross","skicross","Youri Duplessis-Kergomard"],"articleSection":["Ski"],"inLanguage":"fr-FR","potentialAction":[{"@type":"CommentAction","name":"Comment","target":["https:\/\/dicodusport.fr\/blog\/skicross-veysonnaz-nouveau-podium-pour-youri-duplessis-kergomard-2e-de-la-premiere-manche\/#respond"]}],"copyrightYear":"2025","copyrightHolder":{"@id":"https:\/\/dicodusport.fr\/blog\/#organization"}},{"@type":"WebPage","@id":"https:\/\/dicodusport.fr\/blog\/skicross-veysonnaz-nouveau-podium-pour-youri-duplessis-kergomard-2e-de-la-premiere-manche\/","url":"https:\/\/dicodusport.fr\/blog\/skicross-veysonnaz-nouveau-podium-pour-youri-duplessis-kergomard-2e-de-la-premiere-manche\/","name":"Skicross Veysonnaz : Nouveau podium pour Youri Duplessis Kergomard, 2\u00e8me de la premi\u00e8re manche","isPartOf":{"@id":"https:\/\/dicodusport.fr\/blog\/#website"},"primaryImageOfPage":{"@id":"https:\/\/dicodusport.fr\/blog\/skicross-veysonnaz-nouveau-podium-pour-youri-duplessis-kergomard-2e-de-la-premiere-manche\/#primaryimage"},"image":{"@id":"https:\/\/dicodusport.fr\/blog\/skicross-veysonnaz-nouveau-podium-pour-youri-duplessis-kergomard-2e-de-la-premiere-manche\/#primaryimage"},"thumbnailUrl":"https:\/\/dicodusport.fr\/blog\/wp-content\/uploads\/2025\/02\/Skicross-Veysonnaz-Nouveau-podium-pour-Youri-Duplessis-Kergomard-2eme-de-la-premiere-manche.png","datePublished":"2025-02-01T13:08:27+00:00","dateModified":"2025-02-01T20:17:22+00:00","description":"COUPE DE MONDE DE SKICROSS 2024\/2025 - Youri Duplessis Kergomard a d\u00e9croch\u00e9 la 2e place de la premi\u00e8re manche de Veysonnaz.","breadcrumb":{"@id":"https:\/\/dicodusport.fr\/blog\/skicross-veysonnaz-nouveau-podium-pour-youri-duplessis-kergomard-2e-de-la-premiere-manche\/#breadcrumb"},"inLanguage":"fr-FR","potentialAction":[{"@type":"ReadAction","target":["https:\/\/dicodusport.fr\/blog\/skicross-veysonnaz-nouveau-podium-pour-youri-duplessis-kergomard-2e-de-la-premiere-manche\/"]}]},{"@type":"ImageObject","inLanguage":"fr-FR","@id":"https:\/\/dicodusport.fr\/blog\/skicross-veysonnaz-nouveau-podium-pour-youri-duplessis-kergomard-2e-de-la-premiere-manche\/#primaryimage","url":"https:\/\/dicodusport.fr\/blog\/wp-content\/uploads\/2025\/02\/Skicross-Veysonnaz-Nouveau-podium-pour-Youri-Duplessis-Kergomard-2eme-de-la-premiere-manche.png","contentUrl":"https:\/\/dicodusport.fr\/blog\/wp-content\/uploads\/2025\/02\/Skicross-Veysonnaz-Nouveau-podium-pour-Youri-Duplessis-Kergomard-2eme-de-la-premiere-manche.png","width":1200,"height":674,"caption":"Skicross Veysonnaz Nouveau podium pour Youri Duplessis Kergomard, 2\u00e8me de la premi\u00e8re manche"},{"@type":"BreadcrumbList","@id":"https:\/\/dicodusport.fr\/blog\/skicross-veysonnaz-nouveau-podium-pour-youri-duplessis-kergomard-2e-de-la-premiere-manche\/#breadcrumb","itemListElement":[{"@type":"ListItem","position":1,"name":"Accueil","item":"https:\/\/dicodusport.fr\/blog\/"},{"@type":"ListItem","position":2,"name":"Skicross Veysonnaz : Nouveau podium pour Youri Duplessis Kergomard, 2\u00e8me de la premi\u00e8re manche"}]},{"@type":"WebSite","@id":"https:\/\/dicodusport.fr\/blog\/#website","url":"https:\/\/dicodusport.fr\/blog\/","name":"Dicodusport","description":"L&#039;encyclop\u00e9die de l&#039;actualit\u00e9 sportive","publisher":{"@id":"https:\/\/dicodusport.fr\/blog\/#organization"},"potentialAction":[{"@type":"SearchAction","target":{"@type":"EntryPoint","urlTemplate":"https:\/\/dicodusport.fr\/blog\/?s={search_term_string}"},"query-input":{"@type":"PropertyValueSpecification","valueRequired":true,"valueName":"search_term_string"}}],"inLanguage":"fr-FR"},{"@type":"NewsMediaOrganization","@id":"https:\/\/dicodusport.fr\/blog\/#organization","name":"Dicodusport","url":"https:\/\/dicodusport.fr\/blog\/","logo":{"@type":"ImageObject","inLanguage":"fr-FR","@id":"https:\/\/dicodusport.fr\/blog\/#\/schema\/logo\/image\/","url":"https:\/\/dicodusport.fr\/blog\/wp-content\/uploads\/2020\/06\/cropped-LOGO-DICODUSPORT-2020-SANS-FOND-SANS-TEXTE.png","contentUrl":"https:\/\/dicodusport.fr\/blog\/wp-content\/uploads\/2020\/06\/cropped-LOGO-DICODUSPORT-2020-SANS-FOND-SANS-TEXTE.png","width":512,"height":512,"caption":"Dicodusport"},"image":{"@id":"https:\/\/dicodusport.fr\/blog\/#\/schema\/logo\/image\/"},"sameAs":["https:\/\/www.facebook.com\/dicodusport","https:\/\/x.com\/dicodusport","https:\/\/www.instagram.com\/dicodusport\/","https:\/\/www.youtube.com\/channel\/UC7V2KZ5sd3htJivAbA4ZG3w"],"description":"Dicodusport est l'encyclop\u00e9die de l'actualit\u00e9 sportive.","email":"bonjour@dicodusport.fr","legalName":"DICODUSPORT","foundingDate":"2018-01-14","vatID":"FR71834470973","taxID":"83447097300043","numberOfEmployees":{"@type":"QuantitativeValue","minValue":"1","maxValue":"10"}},{"@type":"Person","@id":"https:\/\/dicodusport.fr\/blog\/#\/schema\/person\/37def232098a7a5cbab3974a3690abb0","name":"Maxime Cazenave","image":{"@type":"ImageObject","inLanguage":"fr-FR","@id":"https:\/\/dicodusport.fr\/blog\/#\/schema\/person\/image\/","url":"https:\/\/dicodusport.fr\/blog\/wp-content\/uploads\/2021\/05\/Maxime-Cazenave-150x150.jpg","contentUrl":"https:\/\/dicodusport.fr\/blog\/wp-content\/uploads\/2021\/05\/Maxime-Cazenave-150x150.jpg","caption":"Maxime Cazenave"},"description":"Journaliste\/R\u00e9dacteur depuis 2012 - Berc\u00e9 par l\u2019amour des Girondins de Bordeaux, les \u00e9checs de Christophe Moreau sur le Tour de France sous l'\u00e8re Lance Armstrong et le fade-away l\u00e9tal de Dirk Nowitzki, ma passion d\u00e9vorante pour le sport a toujours \u00e9t\u00e9 un pan incontournable de ma vie. Transmettre ma passion \u00e0 l\u2019\u00e9crit a \u00e9t\u00e9 une transition naturelle. Suiveur assidu de basket et de hockey sur glace, je garde toujours un peu de place pour suivre le cyclisme, le football et le maximum de performances fran\u00e7aises.","sameAs":["https:\/\/x.com\/https:\/\/twitter.com\/Maxime_Caze"],"url":"https:\/\/dicodusport.fr\/blog\/author\/maximec\/"}]}},"_links":{"self":[{"href":"https:\/\/dicodusport.fr\/blog\/wp-json\/wp\/v2\/posts\/551806","targetHints":{"allow":["GET"]}}],"collection":[{"href":"https:\/\/dicodusport.fr\/blog\/wp-json\/wp\/v2\/posts"}],"about":[{"href":"https:\/\/dicodusport.fr\/blog\/wp-json\/wp\/v2\/types\/post"}],"author":[{"embeddable":true,"href":"https:\/\/dicodusport.fr\/blog\/wp-json\/wp\/v2\/users\/55"}],"replies":[{"embeddable":true,"href":"https:\/\/dicodusport.fr\/blog\/wp-json\/wp\/v2\/comments?post=551806"}],"version-history":[{"count":5,"href":"https:\/\/dicodusport.fr\/blog\/wp-json\/wp\/v2\/posts\/551806\/revisions"}],"predecessor-version":[{"id":551849,"href":"https:\/\/dicodusport.fr\/blog\/wp-json\/wp\/v2\/posts\/551806\/revisions\/551849"}],"wp:featuredmedia":[{"embeddable":true,"href":"https:\/\/dicodusport.fr\/blog\/wp-json\/wp\/v2\/media\/552140"}],"wp:attachment":[{"href":"https:\/\/dicodusport.fr\/blog\/wp-json\/wp\/v2\/media?parent=551806"}],"wp:term":[{"taxonomy":"category","embeddable":true,"href":"https:\/\/dicodusport.fr\/blog\/wp-json\/wp\/v2\/categories?post=551806"},{"taxonomy":"post_tag","embeddable":true,"href":"https:\/\/dicodusport.fr\/blog\/wp-json\/wp\/v2\/tags?post=551806"}],"curies":[{"name":"wp","href":"https:\/\/api.w.org\/{rel}","templated":true}]}}