{"id":551929,"date":"2025-02-01T19:50:26","date_gmt":"2025-02-01T18:50:26","guid":{"rendered":"https:\/\/dicodusport.fr\/blog\/?p=551929&#038;preview=true&#038;preview_id=551929"},"modified":"2025-02-01T21:14:32","modified_gmt":"2025-02-01T20:14:32","slug":"judo-paris-grand-slam-2025-manon-deketer-et-melkia-auchecorne-sur-le-podium-en-63-kg","status":"publish","type":"post","link":"https:\/\/dicodusport.fr\/blog\/judo-paris-grand-slam-2025-manon-deketer-et-melkia-auchecorne-sur-le-podium-en-63-kg\/","title":{"rendered":"Judo Paris Grand Slam 2025 : Manon Deketer et Melkia Auchecorne sur le podium en -63 kg"},"content":{"rendered":"<h4 style=\"text-align: justify;\"><em>GRAND SLAM DE JUDO DE PARIS 2025 &#8211; Apr\u00e8s une belle journ\u00e9e, Manon Deketer a cal\u00e9 en finale, et se voit accompagn\u00e9e sur le podium des -63 kg par Melkia Auchecorne.\u00a0<\/em><\/h4>\n<p style=\"text-align: justify;\">Chez les -63 kg, elles \u00e9taient trois Bleues \u00e0 tenter leur chance. Si la d\u00e9faite de <strong>Rania Drid<\/strong> d&rsquo;entr\u00e9e semblait logique, <strong>Melkia Auchecorne<\/strong> et<strong> Manon Deketer<\/strong> semblaient des chances solides de m\u00e9daille. La premi\u00e8re\u00a0 remport\u00e9 deux combats, confirmant <a href=\"https:\/\/dicodusport.fr\/blog\/championnats-du-monde-juniors-de-judo-2024-melkia-auchecorne-conserve-son-titre-mondial-en-63-kg\/\">ses titres mondiaux chez les juniors<\/a>, avant de c\u00e9der en quarts de finale contre une Japonaise, <strong>Haruka Kaju<\/strong>. Mais elle gardait une chance de m\u00e9daille en se hissant en finale de rep\u00eachage.<\/p>\n<ul>\n<li><strong>\u00c0\u00a0ce sujet :\u00a0<a title=\"Judo Paris Grand Slam 2025 : Programme complet et r\u00e9sultats\" href=\"https:\/\/dicodusport.fr\/blog\/judo-paris-grand-slam-2025-programme-complet-et-resultats\/\" target=\"_blank\" rel=\"noopener\">Programme et r\u00e9sultats du Grand Slam de Paris 2025<\/a><\/strong><\/li>\n<\/ul>\n<p style=\"text-align: justify;\"><strong>Manon Deketer<\/strong>, elle, remportait son rendez-vous avec l&rsquo;autre Japonaise,<strong> Megu Danno<\/strong>. Mais la vraie performance avait eu lieu au tour d&rsquo;avant, quand elle avait sorti la championne olympique des -57 kg de Tokyo, <strong>Nora Gjakova<\/strong>. <a href=\"https:\/\/dicodusport.fr\/blog\/grand-slam-abou-dhabi-2024-manon-deketer-63-kg-remporte-la-medaille-dor\/\">Laur\u00e9ate de son premier Grand Slam \u00e0 Abu Dhabi en octobre<\/a>, elle visait le doubl\u00e9 contre <strong>Kaju<\/strong> en finale.<\/p>\n<h2 style=\"text-align: justify;\">Deux m\u00e9dailles de plus<\/h2>\n<p style=\"text-align: justify;\">Avant cela, <strong>Melkia Auchecorne<\/strong> tentait de d\u00e9crocher sa toute premi\u00e8re m\u00e9daille en Grand Slam, mais cela impliquait de vaincre la Japonaise <strong>Megu Danno<\/strong>. Un combat heurt\u00e9, hach\u00e9, qui allait au Golden Score malgr\u00e9 toute la volont\u00e9 de la Fran\u00e7aise, qui se retrouvait men\u00e9e aux p\u00e9nalit\u00e9s. Mais \u00e0 force d&rsquo;attaquer, elle poussait la Japonaise \u00e0 la faute, et finissait par provoquer le troisi\u00e8me shido pour rafler la mise. Pour un grand espoir du judo fran\u00e7ais, ce bronze est extr\u00eamement prometteur.<\/p>\n<blockquote class=\"twitter-tweet\">\n<p dir=\"ltr\" lang=\"fr\">\ud83d\udd25\ud83e\udd4b MELKIA AUCHECORNE S&rsquo;OFFRE LE BRONZE !<\/p>\n<p>\ud83e\udd49 Apr\u00e8s un combat intense et 3 minutes de golden score, Melkia Auchecorne s&rsquo;impose face \u00e0 la Japonaise Megu Danno lors du Paris Grand Slam 2025. <a href=\"https:\/\/t.co\/wluxZahZnX\">pic.twitter.com\/wluxZahZnX<\/a><\/p>\n<p>\u2014 RMC Sport Combat (@RMCSportCombat) <a href=\"https:\/\/twitter.com\/RMCSportCombat\/status\/1885762230253244586?ref_src=twsrc%5Etfw\">February 1, 2025<\/a><\/p><\/blockquote>\n<p><script async src=\"https:\/\/platform.twitter.com\/widgets.js\" charset=\"utf-8\"><\/script><\/p>\n<p style=\"text-align: justify;\">Restait <strong>Manon Deketer<\/strong>, qui disputait donc la finale et le dernier combat de la soir\u00e9e contre <strong>Haruka Kaju<\/strong>. Une grande partie du public \u00e9tait rest\u00e9e pour voir une rude bataille s&rsquo;engager. Les p\u00e9nalit\u00e9s ne tardaient pas \u00e0 tomber, deux shidos chacune, et malheureusement, une sortie de tapis lui co\u00fbtait la troisi\u00e8me et la victoire. Mais cela fait au final 9 m\u00e9dailles pour le judo fran\u00e7ais en cette premi\u00e8re journ\u00e9e de comp\u00e9tition \u00e0 Paris, d&rsquo;excellents d\u00e9buts qu&rsquo;il conviendra de confirmer demain.<\/p>\n<ul>\n<li><strong>\u00c0 ce sujet \u2013\u00a0<a title=\"Judo Grand Slam Paris 2025 : La s\u00e9lection fran\u00e7aise\" href=\"https:\/\/dicodusport.fr\/blog\/judo-grand-slam-paris-2025-la-selection-francaise\/\" target=\"_blank\" rel=\"noopener\">Judo Grand Slam de Paris 2025 : la s\u00e9lection fran\u00e7aise<\/a><\/strong><\/li>\n<\/ul>\n<p style=\"text-align: justify;\">\n","protected":false},"excerpt":{"rendered":"<p>GRAND SLAM DE JUDO DE PARIS 2025 &#8211; Apr\u00e8s une belle journ\u00e9e, Manon Deketer a cal\u00e9 en finale, et se voit accompagn\u00e9e sur le podium des -63 kg par Melkia Auchecorne.\u00a0<\/p>\n","protected":false},"author":59,"featured_media":552121,"comment_status":"open","ping_status":"closed","sticky":false,"template":"","format":"standard","meta":{"_acf_changed":false,"_daextam_enable_autolinks":"1","footnotes":""},"categories":[8651],"tags":[32415,16878,68,7236],"class_list":["post-551929","post","type-post","status-publish","format-standard","has-post-thumbnail","hentry","category-judo","tag-actu","tag-breve","tag-judo","tag-paris-grand-slam"],"acf":[],"yoast_head":"<!-- This site is optimized with the Yoast SEO Premium plugin v26.7 (Yoast SEO v26.7) - https:\/\/yoast.com\/wordpress\/plugins\/seo\/ -->\n<title>Judo Paris Grand Slam 2025 : Manon Deketer et Melkia Auchecorne sur le podium en -63 kg<\/title>\n<meta name=\"description\" content=\"GRAND SLAM DE JUDO DE PARIS 2025 - Apr\u00e8s une belle journ\u00e9e, Manon Deketer a cal\u00e9 en finale, et se voit accompagn\u00e9e sur le podium des -63 kg par Melkia Auchecorne.\u00a0\" \/>\n<meta name=\"robots\" content=\"index, follow, max-snippet:-1, max-image-preview:large, max-video-preview:-1\" \/>\n<link rel=\"canonical\" href=\"https:\/\/dicodusport.fr\/blog\/judo-paris-grand-slam-2025-manon-deketer-et-melkia-auchecorne-sur-le-podium-en-63-kg\/\" \/>\n<meta property=\"og:locale\" content=\"fr_FR\" \/>\n<meta property=\"og:type\" content=\"article\" \/>\n<meta property=\"og:title\" content=\"Judo Paris Grand Slam 2025 : Manon Deketer et Melkia Auchecorne sur le podium en -63 kg\" \/>\n<meta property=\"og:description\" content=\"GRAND SLAM DE JUDO DE PARIS 2025 - Apr\u00e8s une belle journ\u00e9e, Manon Deketer a cal\u00e9 en finale, et se voit accompagn\u00e9e sur le podium des -63 kg par Melkia Auchecorne.\u00a0\" \/>\n<meta property=\"og:url\" content=\"https:\/\/dicodusport.fr\/blog\/judo-paris-grand-slam-2025-manon-deketer-et-melkia-auchecorne-sur-le-podium-en-63-kg\/\" \/>\n<meta property=\"og:site_name\" content=\"Dicodusport\" \/>\n<meta property=\"article:publisher\" content=\"https:\/\/www.facebook.com\/dicodusport\" \/>\n<meta property=\"article:author\" content=\"https:\/\/www.facebook.com\/sebastien.gente\/\" \/>\n<meta property=\"article:published_time\" content=\"2025-02-01T18:50:26+00:00\" \/>\n<meta property=\"article:modified_time\" content=\"2025-02-01T20:14:32+00:00\" \/>\n<meta property=\"og:image\" content=\"https:\/\/dicodusport.fr\/blog\/wp-content\/uploads\/2025\/02\/Podium-Manon-Deketer-Melkia-Auchecorne-scaled.jpg\" \/>\n\t<meta property=\"og:image:width\" content=\"2560\" \/>\n\t<meta property=\"og:image:height\" content=\"1707\" \/>\n\t<meta property=\"og:image:type\" content=\"image\/jpeg\" \/>\n<meta name=\"author\" content=\"S\u00e9bastien Gente\" \/>\n<meta name=\"twitter:card\" content=\"summary_large_image\" \/>\n<meta name=\"twitter:title\" content=\"Judo Paris Grand Slam 2025 : Manon Deketer et Melkia Auchecorne sur le podium en -63 kg\" \/>\n<meta name=\"twitter:creator\" content=\"@https:\/\/twitter.com\/globulo24\" \/>\n<meta name=\"twitter:site\" content=\"@dicodusport\" \/>\n<script type=\"application\/ld+json\" class=\"yoast-schema-graph\">{\"@context\":\"https:\/\/schema.org\",\"@graph\":[{\"@type\":\"NewsArticle\",\"@id\":\"https:\/\/dicodusport.fr\/blog\/judo-paris-grand-slam-2025-manon-deketer-et-melkia-auchecorne-sur-le-podium-en-63-kg\/#article\",\"isPartOf\":{\"@id\":\"https:\/\/dicodusport.fr\/blog\/judo-paris-grand-slam-2025-manon-deketer-et-melkia-auchecorne-sur-le-podium-en-63-kg\/\"},\"author\":{\"name\":\"S\u00e9bastien Gente\",\"@id\":\"https:\/\/dicodusport.fr\/blog\/#\/schema\/person\/627966a6cde45dbd8c5e36ac85d783da\"},\"headline\":\"Judo Paris Grand Slam 2025 : Manon Deketer et Melkia Auchecorne sur le podium en -63 kg\",\"datePublished\":\"2025-02-01T18:50:26+00:00\",\"dateModified\":\"2025-02-01T20:14:32+00:00\",\"mainEntityOfPage\":{\"@id\":\"https:\/\/dicodusport.fr\/blog\/judo-paris-grand-slam-2025-manon-deketer-et-melkia-auchecorne-sur-le-podium-en-63-kg\/\"},\"wordCount\":428,\"commentCount\":0,\"publisher\":{\"@id\":\"https:\/\/dicodusport.fr\/blog\/#organization\"},\"image\":{\"@id\":\"https:\/\/dicodusport.fr\/blog\/judo-paris-grand-slam-2025-manon-deketer-et-melkia-auchecorne-sur-le-podium-en-63-kg\/#primaryimage\"},\"thumbnailUrl\":\"https:\/\/dicodusport.fr\/blog\/wp-content\/uploads\/2025\/02\/Podium-Manon-Deketer-Melkia-Auchecorne-scaled.jpg\",\"keywords\":[\"actu\",\"br\u00e8ve\",\"Judo\",\"Paris Grand Slam\"],\"articleSection\":[\"Judo\"],\"inLanguage\":\"fr-FR\",\"potentialAction\":[{\"@type\":\"CommentAction\",\"name\":\"Comment\",\"target\":[\"https:\/\/dicodusport.fr\/blog\/judo-paris-grand-slam-2025-manon-deketer-et-melkia-auchecorne-sur-le-podium-en-63-kg\/#respond\"]}],\"copyrightYear\":\"2025\",\"copyrightHolder\":{\"@id\":\"https:\/\/dicodusport.fr\/blog\/#organization\"}},{\"@type\":\"WebPage\",\"@id\":\"https:\/\/dicodusport.fr\/blog\/judo-paris-grand-slam-2025-manon-deketer-et-melkia-auchecorne-sur-le-podium-en-63-kg\/\",\"url\":\"https:\/\/dicodusport.fr\/blog\/judo-paris-grand-slam-2025-manon-deketer-et-melkia-auchecorne-sur-le-podium-en-63-kg\/\",\"name\":\"Judo Paris Grand Slam 2025 : Manon Deketer et Melkia Auchecorne sur le podium en -63 kg\",\"isPartOf\":{\"@id\":\"https:\/\/dicodusport.fr\/blog\/#website\"},\"primaryImageOfPage\":{\"@id\":\"https:\/\/dicodusport.fr\/blog\/judo-paris-grand-slam-2025-manon-deketer-et-melkia-auchecorne-sur-le-podium-en-63-kg\/#primaryimage\"},\"image\":{\"@id\":\"https:\/\/dicodusport.fr\/blog\/judo-paris-grand-slam-2025-manon-deketer-et-melkia-auchecorne-sur-le-podium-en-63-kg\/#primaryimage\"},\"thumbnailUrl\":\"https:\/\/dicodusport.fr\/blog\/wp-content\/uploads\/2025\/02\/Podium-Manon-Deketer-Melkia-Auchecorne-scaled.jpg\",\"datePublished\":\"2025-02-01T18:50:26+00:00\",\"dateModified\":\"2025-02-01T20:14:32+00:00\",\"description\":\"GRAND SLAM DE JUDO DE PARIS 2025 - Apr\u00e8s une belle journ\u00e9e, Manon Deketer a cal\u00e9 en finale, et se voit accompagn\u00e9e sur le podium des -63 kg par Melkia Auchecorne.\u00a0\",\"breadcrumb\":{\"@id\":\"https:\/\/dicodusport.fr\/blog\/judo-paris-grand-slam-2025-manon-deketer-et-melkia-auchecorne-sur-le-podium-en-63-kg\/#breadcrumb\"},\"inLanguage\":\"fr-FR\",\"potentialAction\":[{\"@type\":\"ReadAction\",\"target\":[\"https:\/\/dicodusport.fr\/blog\/judo-paris-grand-slam-2025-manon-deketer-et-melkia-auchecorne-sur-le-podium-en-63-kg\/\"]}]},{\"@type\":\"ImageObject\",\"inLanguage\":\"fr-FR\",\"@id\":\"https:\/\/dicodusport.fr\/blog\/judo-paris-grand-slam-2025-manon-deketer-et-melkia-auchecorne-sur-le-podium-en-63-kg\/#primaryimage\",\"url\":\"https:\/\/dicodusport.fr\/blog\/wp-content\/uploads\/2025\/02\/Podium-Manon-Deketer-Melkia-Auchecorne-scaled.jpg\",\"contentUrl\":\"https:\/\/dicodusport.fr\/blog\/wp-content\/uploads\/2025\/02\/Podium-Manon-Deketer-Melkia-Auchecorne-scaled.jpg\",\"width\":2560,\"height\":1707,\"caption\":\"Judo Paris Grand Slam 2025 Manon Deketer et Melkia Auchecorne sur le podium en -63 kg\"},{\"@type\":\"BreadcrumbList\",\"@id\":\"https:\/\/dicodusport.fr\/blog\/judo-paris-grand-slam-2025-manon-deketer-et-melkia-auchecorne-sur-le-podium-en-63-kg\/#breadcrumb\",\"itemListElement\":[{\"@type\":\"ListItem\",\"position\":1,\"name\":\"Accueil\",\"item\":\"https:\/\/dicodusport.fr\/blog\/\"},{\"@type\":\"ListItem\",\"position\":2,\"name\":\"Judo Paris Grand Slam 2025 : Manon Deketer et Melkia Auchecorne sur le podium en -63 kg\"}]},{\"@type\":\"WebSite\",\"@id\":\"https:\/\/dicodusport.fr\/blog\/#website\",\"url\":\"https:\/\/dicodusport.fr\/blog\/\",\"name\":\"Dicodusport\",\"description\":\"L&#039;encyclop\u00e9die de l&#039;actualit\u00e9 sportive\",\"publisher\":{\"@id\":\"https:\/\/dicodusport.fr\/blog\/#organization\"},\"potentialAction\":[{\"@type\":\"SearchAction\",\"target\":{\"@type\":\"EntryPoint\",\"urlTemplate\":\"https:\/\/dicodusport.fr\/blog\/?s={search_term_string}\"},\"query-input\":{\"@type\":\"PropertyValueSpecification\",\"valueRequired\":true,\"valueName\":\"search_term_string\"}}],\"inLanguage\":\"fr-FR\"},{\"@type\":\"NewsMediaOrganization\",\"@id\":\"https:\/\/dicodusport.fr\/blog\/#organization\",\"name\":\"Dicodusport\",\"url\":\"https:\/\/dicodusport.fr\/blog\/\",\"logo\":{\"@type\":\"ImageObject\",\"inLanguage\":\"fr-FR\",\"@id\":\"https:\/\/dicodusport.fr\/blog\/#\/schema\/logo\/image\/\",\"url\":\"https:\/\/dicodusport.fr\/blog\/wp-content\/uploads\/2020\/06\/cropped-LOGO-DICODUSPORT-2020-SANS-FOND-SANS-TEXTE.png\",\"contentUrl\":\"https:\/\/dicodusport.fr\/blog\/wp-content\/uploads\/2020\/06\/cropped-LOGO-DICODUSPORT-2020-SANS-FOND-SANS-TEXTE.png\",\"width\":512,\"height\":512,\"caption\":\"Dicodusport\"},\"image\":{\"@id\":\"https:\/\/dicodusport.fr\/blog\/#\/schema\/logo\/image\/\"},\"sameAs\":[\"https:\/\/www.facebook.com\/dicodusport\",\"https:\/\/x.com\/dicodusport\",\"https:\/\/www.instagram.com\/dicodusport\/\",\"https:\/\/www.youtube.com\/channel\/UC7V2KZ5sd3htJivAbA4ZG3w\"],\"description\":\"Dicodusport est l'encyclop\u00e9die de l'actualit\u00e9 sportive.\",\"email\":\"bonjour@dicodusport.fr\",\"legalName\":\"DICODUSPORT\",\"foundingDate\":\"2018-01-14\",\"vatID\":\"FR71834470973\",\"taxID\":\"83447097300043\",\"numberOfEmployees\":{\"@type\":\"QuantitativeValue\",\"minValue\":\"1\",\"maxValue\":\"10\"}},{\"@type\":\"Person\",\"@id\":\"https:\/\/dicodusport.fr\/blog\/#\/schema\/person\/627966a6cde45dbd8c5e36ac85d783da\",\"name\":\"S\u00e9bastien Gente\",\"image\":{\"@type\":\"ImageObject\",\"inLanguage\":\"fr-FR\",\"@id\":\"https:\/\/dicodusport.fr\/blog\/#\/schema\/person\/image\/\",\"url\":\"https:\/\/dicodusport.fr\/blog\/wp-content\/uploads\/2021\/09\/1510990_10205810251400683_4124423575079401707_n-150x150.jpg\",\"contentUrl\":\"https:\/\/dicodusport.fr\/blog\/wp-content\/uploads\/2021\/09\/1510990_10205810251400683_4124423575079401707_n-150x150.jpg\",\"caption\":\"S\u00e9bastien Gente\"},\"description\":\"John Stockton, Gianni Bugno, Zinedine Zidane, Steffi Graf, Frode Andresen, St\u00e9phane Stoecklin, Davis Kamoga, Primoz Peterka, Werner Schlager et Aur\u00e9lien Rougerie. Point commun entre ces sportifs? Ils m'ont fait r\u00eaver et ont berc\u00e9 mon adolescence. Je suis un fondu de sports et j'essaie de retranscrire ma passion \u00e0 travers mes articles. Originaire du P\u00e9rigord, ma passion pour les Girondins, les Jaunards et les Jazzmen transpire dans mes \u00e9crits. \u00c0 Dicodusport depuis 2021, je d\u00e9niche les sports m\u00e9connus dans lesquels la France brille, et il y en a !\",\"sameAs\":[\"https:\/\/www.facebook.com\/sebastien.gente\/\",\"https:\/\/www.instagram.com\/sebgente\/\",\"https:\/\/www.linkedin.com\/in\/sbastien-gente-a29583169\/\",\"https:\/\/x.com\/https:\/\/twitter.com\/globulo24\",\"SebastienGente\"],\"worksFor\":\"S\u00e9bastien GENTE\",\"url\":\"https:\/\/dicodusport.fr\/blog\/author\/sebastiengente\/\"}]}<\/script>\n<!-- \/ Yoast SEO Premium plugin. -->","yoast_head_json":{"title":"Judo Paris Grand Slam 2025 : Manon Deketer et Melkia Auchecorne sur le podium en -63 kg","description":"GRAND SLAM DE JUDO DE PARIS 2025 - Apr\u00e8s une belle journ\u00e9e, Manon Deketer a cal\u00e9 en finale, et se voit accompagn\u00e9e sur le podium des -63 kg par Melkia Auchecorne.\u00a0","robots":{"index":"index","follow":"follow","max-snippet":"max-snippet:-1","max-image-preview":"max-image-preview:large","max-video-preview":"max-video-preview:-1"},"canonical":"https:\/\/dicodusport.fr\/blog\/judo-paris-grand-slam-2025-manon-deketer-et-melkia-auchecorne-sur-le-podium-en-63-kg\/","og_locale":"fr_FR","og_type":"article","og_title":"Judo Paris Grand Slam 2025 : Manon Deketer et Melkia Auchecorne sur le podium en -63 kg","og_description":"GRAND SLAM DE JUDO DE PARIS 2025 - Apr\u00e8s une belle journ\u00e9e, Manon Deketer a cal\u00e9 en finale, et se voit accompagn\u00e9e sur le podium des -63 kg par Melkia Auchecorne.\u00a0","og_url":"https:\/\/dicodusport.fr\/blog\/judo-paris-grand-slam-2025-manon-deketer-et-melkia-auchecorne-sur-le-podium-en-63-kg\/","og_site_name":"Dicodusport","article_publisher":"https:\/\/www.facebook.com\/dicodusport","article_author":"https:\/\/www.facebook.com\/sebastien.gente\/","article_published_time":"2025-02-01T18:50:26+00:00","article_modified_time":"2025-02-01T20:14:32+00:00","og_image":[{"width":2560,"height":1707,"url":"https:\/\/dicodusport.fr\/blog\/wp-content\/uploads\/2025\/02\/Podium-Manon-Deketer-Melkia-Auchecorne-scaled.jpg","type":"image\/jpeg"}],"author":"S\u00e9bastien Gente","twitter_card":"summary_large_image","twitter_title":"Judo Paris Grand Slam 2025 : Manon Deketer et Melkia Auchecorne sur le podium en -63 kg","twitter_creator":"@https:\/\/twitter.com\/globulo24","twitter_site":"@dicodusport","schema":{"@context":"https:\/\/schema.org","@graph":[{"@type":"NewsArticle","@id":"https:\/\/dicodusport.fr\/blog\/judo-paris-grand-slam-2025-manon-deketer-et-melkia-auchecorne-sur-le-podium-en-63-kg\/#article","isPartOf":{"@id":"https:\/\/dicodusport.fr\/blog\/judo-paris-grand-slam-2025-manon-deketer-et-melkia-auchecorne-sur-le-podium-en-63-kg\/"},"author":{"name":"S\u00e9bastien Gente","@id":"https:\/\/dicodusport.fr\/blog\/#\/schema\/person\/627966a6cde45dbd8c5e36ac85d783da"},"headline":"Judo Paris Grand Slam 2025 : Manon Deketer et Melkia Auchecorne sur le podium en -63 kg","datePublished":"2025-02-01T18:50:26+00:00","dateModified":"2025-02-01T20:14:32+00:00","mainEntityOfPage":{"@id":"https:\/\/dicodusport.fr\/blog\/judo-paris-grand-slam-2025-manon-deketer-et-melkia-auchecorne-sur-le-podium-en-63-kg\/"},"wordCount":428,"commentCount":0,"publisher":{"@id":"https:\/\/dicodusport.fr\/blog\/#organization"},"image":{"@id":"https:\/\/dicodusport.fr\/blog\/judo-paris-grand-slam-2025-manon-deketer-et-melkia-auchecorne-sur-le-podium-en-63-kg\/#primaryimage"},"thumbnailUrl":"https:\/\/dicodusport.fr\/blog\/wp-content\/uploads\/2025\/02\/Podium-Manon-Deketer-Melkia-Auchecorne-scaled.jpg","keywords":["actu","br\u00e8ve","Judo","Paris Grand Slam"],"articleSection":["Judo"],"inLanguage":"fr-FR","potentialAction":[{"@type":"CommentAction","name":"Comment","target":["https:\/\/dicodusport.fr\/blog\/judo-paris-grand-slam-2025-manon-deketer-et-melkia-auchecorne-sur-le-podium-en-63-kg\/#respond"]}],"copyrightYear":"2025","copyrightHolder":{"@id":"https:\/\/dicodusport.fr\/blog\/#organization"}},{"@type":"WebPage","@id":"https:\/\/dicodusport.fr\/blog\/judo-paris-grand-slam-2025-manon-deketer-et-melkia-auchecorne-sur-le-podium-en-63-kg\/","url":"https:\/\/dicodusport.fr\/blog\/judo-paris-grand-slam-2025-manon-deketer-et-melkia-auchecorne-sur-le-podium-en-63-kg\/","name":"Judo Paris Grand Slam 2025 : Manon Deketer et Melkia Auchecorne sur le podium en -63 kg","isPartOf":{"@id":"https:\/\/dicodusport.fr\/blog\/#website"},"primaryImageOfPage":{"@id":"https:\/\/dicodusport.fr\/blog\/judo-paris-grand-slam-2025-manon-deketer-et-melkia-auchecorne-sur-le-podium-en-63-kg\/#primaryimage"},"image":{"@id":"https:\/\/dicodusport.fr\/blog\/judo-paris-grand-slam-2025-manon-deketer-et-melkia-auchecorne-sur-le-podium-en-63-kg\/#primaryimage"},"thumbnailUrl":"https:\/\/dicodusport.fr\/blog\/wp-content\/uploads\/2025\/02\/Podium-Manon-Deketer-Melkia-Auchecorne-scaled.jpg","datePublished":"2025-02-01T18:50:26+00:00","dateModified":"2025-02-01T20:14:32+00:00","description":"GRAND SLAM DE JUDO DE PARIS 2025 - Apr\u00e8s une belle journ\u00e9e, Manon Deketer a cal\u00e9 en finale, et se voit accompagn\u00e9e sur le podium des -63 kg par Melkia Auchecorne.\u00a0","breadcrumb":{"@id":"https:\/\/dicodusport.fr\/blog\/judo-paris-grand-slam-2025-manon-deketer-et-melkia-auchecorne-sur-le-podium-en-63-kg\/#breadcrumb"},"inLanguage":"fr-FR","potentialAction":[{"@type":"ReadAction","target":["https:\/\/dicodusport.fr\/blog\/judo-paris-grand-slam-2025-manon-deketer-et-melkia-auchecorne-sur-le-podium-en-63-kg\/"]}]},{"@type":"ImageObject","inLanguage":"fr-FR","@id":"https:\/\/dicodusport.fr\/blog\/judo-paris-grand-slam-2025-manon-deketer-et-melkia-auchecorne-sur-le-podium-en-63-kg\/#primaryimage","url":"https:\/\/dicodusport.fr\/blog\/wp-content\/uploads\/2025\/02\/Podium-Manon-Deketer-Melkia-Auchecorne-scaled.jpg","contentUrl":"https:\/\/dicodusport.fr\/blog\/wp-content\/uploads\/2025\/02\/Podium-Manon-Deketer-Melkia-Auchecorne-scaled.jpg","width":2560,"height":1707,"caption":"Judo Paris Grand Slam 2025 Manon Deketer et Melkia Auchecorne sur le podium en -63 kg"},{"@type":"BreadcrumbList","@id":"https:\/\/dicodusport.fr\/blog\/judo-paris-grand-slam-2025-manon-deketer-et-melkia-auchecorne-sur-le-podium-en-63-kg\/#breadcrumb","itemListElement":[{"@type":"ListItem","position":1,"name":"Accueil","item":"https:\/\/dicodusport.fr\/blog\/"},{"@type":"ListItem","position":2,"name":"Judo Paris Grand Slam 2025 : Manon Deketer et Melkia Auchecorne sur le podium en -63 kg"}]},{"@type":"WebSite","@id":"https:\/\/dicodusport.fr\/blog\/#website","url":"https:\/\/dicodusport.fr\/blog\/","name":"Dicodusport","description":"L&#039;encyclop\u00e9die de l&#039;actualit\u00e9 sportive","publisher":{"@id":"https:\/\/dicodusport.fr\/blog\/#organization"},"potentialAction":[{"@type":"SearchAction","target":{"@type":"EntryPoint","urlTemplate":"https:\/\/dicodusport.fr\/blog\/?s={search_term_string}"},"query-input":{"@type":"PropertyValueSpecification","valueRequired":true,"valueName":"search_term_string"}}],"inLanguage":"fr-FR"},{"@type":"NewsMediaOrganization","@id":"https:\/\/dicodusport.fr\/blog\/#organization","name":"Dicodusport","url":"https:\/\/dicodusport.fr\/blog\/","logo":{"@type":"ImageObject","inLanguage":"fr-FR","@id":"https:\/\/dicodusport.fr\/blog\/#\/schema\/logo\/image\/","url":"https:\/\/dicodusport.fr\/blog\/wp-content\/uploads\/2020\/06\/cropped-LOGO-DICODUSPORT-2020-SANS-FOND-SANS-TEXTE.png","contentUrl":"https:\/\/dicodusport.fr\/blog\/wp-content\/uploads\/2020\/06\/cropped-LOGO-DICODUSPORT-2020-SANS-FOND-SANS-TEXTE.png","width":512,"height":512,"caption":"Dicodusport"},"image":{"@id":"https:\/\/dicodusport.fr\/blog\/#\/schema\/logo\/image\/"},"sameAs":["https:\/\/www.facebook.com\/dicodusport","https:\/\/x.com\/dicodusport","https:\/\/www.instagram.com\/dicodusport\/","https:\/\/www.youtube.com\/channel\/UC7V2KZ5sd3htJivAbA4ZG3w"],"description":"Dicodusport est l'encyclop\u00e9die de l'actualit\u00e9 sportive.","email":"bonjour@dicodusport.fr","legalName":"DICODUSPORT","foundingDate":"2018-01-14","vatID":"FR71834470973","taxID":"83447097300043","numberOfEmployees":{"@type":"QuantitativeValue","minValue":"1","maxValue":"10"}},{"@type":"Person","@id":"https:\/\/dicodusport.fr\/blog\/#\/schema\/person\/627966a6cde45dbd8c5e36ac85d783da","name":"S\u00e9bastien Gente","image":{"@type":"ImageObject","inLanguage":"fr-FR","@id":"https:\/\/dicodusport.fr\/blog\/#\/schema\/person\/image\/","url":"https:\/\/dicodusport.fr\/blog\/wp-content\/uploads\/2021\/09\/1510990_10205810251400683_4124423575079401707_n-150x150.jpg","contentUrl":"https:\/\/dicodusport.fr\/blog\/wp-content\/uploads\/2021\/09\/1510990_10205810251400683_4124423575079401707_n-150x150.jpg","caption":"S\u00e9bastien Gente"},"description":"John Stockton, Gianni Bugno, Zinedine Zidane, Steffi Graf, Frode Andresen, St\u00e9phane Stoecklin, Davis Kamoga, Primoz Peterka, Werner Schlager et Aur\u00e9lien Rougerie. Point commun entre ces sportifs? Ils m'ont fait r\u00eaver et ont berc\u00e9 mon adolescence. Je suis un fondu de sports et j'essaie de retranscrire ma passion \u00e0 travers mes articles. Originaire du P\u00e9rigord, ma passion pour les Girondins, les Jaunards et les Jazzmen transpire dans mes \u00e9crits. \u00c0 Dicodusport depuis 2021, je d\u00e9niche les sports m\u00e9connus dans lesquels la France brille, et il y en a !","sameAs":["https:\/\/www.facebook.com\/sebastien.gente\/","https:\/\/www.instagram.com\/sebgente\/","https:\/\/www.linkedin.com\/in\/sbastien-gente-a29583169\/","https:\/\/x.com\/https:\/\/twitter.com\/globulo24","SebastienGente"],"worksFor":"S\u00e9bastien GENTE","url":"https:\/\/dicodusport.fr\/blog\/author\/sebastiengente\/"}]}},"_links":{"self":[{"href":"https:\/\/dicodusport.fr\/blog\/wp-json\/wp\/v2\/posts\/551929","targetHints":{"allow":["GET"]}}],"collection":[{"href":"https:\/\/dicodusport.fr\/blog\/wp-json\/wp\/v2\/posts"}],"about":[{"href":"https:\/\/dicodusport.fr\/blog\/wp-json\/wp\/v2\/types\/post"}],"author":[{"embeddable":true,"href":"https:\/\/dicodusport.fr\/blog\/wp-json\/wp\/v2\/users\/59"}],"replies":[{"embeddable":true,"href":"https:\/\/dicodusport.fr\/blog\/wp-json\/wp\/v2\/comments?post=551929"}],"version-history":[{"count":5,"href":"https:\/\/dicodusport.fr\/blog\/wp-json\/wp\/v2\/posts\/551929\/revisions"}],"predecessor-version":[{"id":552139,"href":"https:\/\/dicodusport.fr\/blog\/wp-json\/wp\/v2\/posts\/551929\/revisions\/552139"}],"wp:featuredmedia":[{"embeddable":true,"href":"https:\/\/dicodusport.fr\/blog\/wp-json\/wp\/v2\/media\/552121"}],"wp:attachment":[{"href":"https:\/\/dicodusport.fr\/blog\/wp-json\/wp\/v2\/media?parent=551929"}],"wp:term":[{"taxonomy":"category","embeddable":true,"href":"https:\/\/dicodusport.fr\/blog\/wp-json\/wp\/v2\/categories?post=551929"},{"taxonomy":"post_tag","embeddable":true,"href":"https:\/\/dicodusport.fr\/blog\/wp-json\/wp\/v2\/tags?post=551929"}],"curies":[{"name":"wp","href":"https:\/\/api.w.org\/{rel}","templated":true}]}}