{"id":552208,"date":"2025-02-02T09:50:50","date_gmt":"2025-02-02T08:50:50","guid":{"rendered":"https:\/\/dicodusport.fr\/blog\/?p=552208&#038;preview=true&#038;preview_id=552208"},"modified":"2025-02-02T17:46:16","modified_gmt":"2025-02-02T16:46:16","slug":"ski-de-bosses-val-saint-come-perrine-laffont-et-benjamin-cavet-sur-le-podium-en-parallele","status":"publish","type":"post","link":"https:\/\/dicodusport.fr\/blog\/ski-de-bosses-val-saint-come-perrine-laffont-et-benjamin-cavet-sur-le-podium-en-parallele\/","title":{"rendered":"Ski de bosses Val Saint-C\u00f4me : Perrine Laffont et Benjamin Cavet sur le podium en parall\u00e8le"},"content":{"rendered":"<h4 style=\"text-align: justify;\"><em>SKI FREESTYLE &#8211; BOSSES VAL SAINT-C\u00d4ME\u00a0 &#8211; La nuit derni\u00e8re, Perrine Laffont et Benjamin Cavet sont mont\u00e9s sur le podium de l&rsquo;\u00e9preuve de bosses parall\u00e8les au Canada.\u00a0<\/em><\/h4>\n<p style=\"text-align: justify;\">Quatri\u00e8me sur l&rsquo;\u00e9preuve en simple la veille, <strong>Perrine Laffont<\/strong> est d\u00e9j\u00e0 de retour sur le podium. Dans la nuit de samedi \u00e0 dimanche, l&rsquo;<strong>Ari\u00e9geoise<\/strong> est arriv\u00e9e troisi\u00e8me du parall\u00e8le de l&rsquo;\u00e9tape de Coupe du monde \u00e0 Val Saint-C\u00f4me (Canada). Battue par la Kazakh <strong>Anastassiya <\/strong><strong><span class=\"sc-gLLuof gUifvY\">Gorodko<\/span>\u00a0<\/strong>en demi-finale, <strong>Perrine Laffont<\/strong> a domin\u00e9 l&rsquo;Am\u00e9ricaine <strong>Olivia<\/strong> <strong>Giaccio <\/strong>en petite finale. C&rsquo;est l&rsquo;Am\u00e9ricaine <strong>Jaelin <\/strong><strong>Kauf<\/strong>, actuellement deuxi\u00e8me du classement g\u00e9n\u00e9ral derri\u00e8re la <strong>Fran\u00e7aise<\/strong>, qui s&rsquo;est impos\u00e9e. La bataille pour le gros globe s&rsquo;annonce rude tout l&rsquo;hiver.<\/p>\n<h2>Benjamin Cavet battu en finale<\/h2>\n<p style=\"text-align: justify;\">Chez les hommes, <strong>Benjamin Cavet<\/strong> aurait pu d\u00e9crocher sa deuxi\u00e8me victoire de la saison apr\u00e8s celle \u00e0 <a href=\"https:\/\/dicodusport.fr\/blog\/ski-de-bosses-akuriani-benjamin-cavet-sur-la-plus-haute-marche-du-podium-perrine-laffont-deuxieme\/\">Bakuriani<\/a> (G\u00e9orgie) en d\u00e9cembre, mais il s&rsquo;est inclin\u00e9 en finale face au local <strong>Mikael <\/strong><strong>Kingsbury<\/strong>. D\u00e9j\u00e0 vainqueur la veille, le <strong>Canadien<\/strong> a remport\u00e9 sa septi\u00e8me manche de Coupe du monde de l&rsquo;hiver. <strong>Ben Cavet<\/strong> signe, quant \u00e0 lui, son quatri\u00e8me podium de la saison.<\/p>\n<blockquote class=\"twitter-tweet\">\n<p dir=\"ltr\" lang=\"fr\">\ud835\udc73\ud835\udc82 \ud835\udc8b\ud835\udc90\ud835\udc96\ud835\udc93\ud835\udc8f\ud835\udc86\u0301\ud835\udc86 \ud835\udc84\ud835\udc90\ud835\udc8e\ud835\udc8e\ud835\udc86\ud835\udc8f\ud835\udc84\ud835\udc86 \ud835\udc83\ud835\udc8a\ud835\udc86\ud835\udc8f !!! \ud83e\udd29\ud83c\uddeb\ud83c\uddf7<a href=\"https:\/\/twitter.com\/BenCavet?ref_src=twsrc%5Etfw\">@BenCavet<\/a> a d\u00e9croch\u00e9 cette nuit la \ud83e\udd48e place de l\u2019\u00e9preuve du parall\u00e8le de Val Saint-C\u00f4me \ud83c\udde8\ud83c\udde6, ajoutant ainsi un 4e podium \u00e0 son compteur cet hiver. \ud83d\ude0e<\/p>\n<p>Et parce qu\u2019un seul ne suffit pas, Perrine Laffont a \u00e9galement pris\u2026 <a href=\"https:\/\/t.co\/iLSS69PGJy\">pic.twitter.com\/iLSS69PGJy<\/a><\/p>\n<p>\u2014 FFS &#8211; F\u00e9d\u00e9ration Fran\u00e7aise de Ski (@FedFranceSki) <a href=\"https:\/\/twitter.com\/FedFranceSki\/status\/1885963574620623157?ref_src=twsrc%5Etfw\">February 2, 2025<\/a><\/p><\/blockquote>\n<p><script async src=\"https:\/\/platform.twitter.com\/widgets.js\" charset=\"utf-8\"><\/script><\/p>\n","protected":false},"excerpt":{"rendered":"<p>SKI FREESTYLE &#8211; BOSSES VAL SAINT-C\u00d4ME\u00a0 &#8211; La nuit derni\u00e8re, Perrine Laffont et Benjamin Cavet sont mont\u00e9s sur le podium de l&rsquo;\u00e9preuve de bosses parall\u00e8les au Canada.\u00a0<\/p>\n","protected":false},"author":80,"featured_media":552452,"comment_status":"open","ping_status":"closed","sticky":false,"template":"","format":"standard","meta":{"_acf_changed":false,"_daextam_enable_autolinks":"1","footnotes":""},"categories":[9217],"tags":[32415,3741,16878,30413,3262,43205,2687],"class_list":["post-552208","post","type-post","status-publish","format-standard","has-post-thumbnail","hentry","category-ski","tag-actu","tag-benjamin-cavet","tag-breve","tag-coupe-du-monde-de-ski-de-bosses","tag-perrine-laffont","tag-ski-bosses","tag-ski-freestyle"],"acf":[],"yoast_head":"<!-- This site is optimized with the Yoast SEO Premium plugin v26.7 (Yoast SEO v26.7) - https:\/\/yoast.com\/wordpress\/plugins\/seo\/ -->\n<title>Ski de bosses Val Saint-C\u00f4me : Perrine Laffont et Benjamin Cavet sur le podium en parall\u00e8le<\/title>\n<meta name=\"description\" content=\"SKI FREESTYLE - BOSSES VAL SAINT-C\u00d4ME\u00a0 - La nuit derni\u00e8re, Perrine Laffont et Benjamin Cavet sont mont\u00e9s sur le podium de l&#039;\u00e9preuve de bosses parall\u00e8les au Canada.\u00a0\" \/>\n<meta name=\"robots\" content=\"index, follow, max-snippet:-1, max-image-preview:large, max-video-preview:-1\" \/>\n<link rel=\"canonical\" href=\"https:\/\/dicodusport.fr\/blog\/ski-de-bosses-val-saint-come-perrine-laffont-et-benjamin-cavet-sur-le-podium-en-parallele\/\" \/>\n<meta property=\"og:locale\" content=\"fr_FR\" \/>\n<meta property=\"og:type\" content=\"article\" \/>\n<meta property=\"og:title\" content=\"Ski de bosses Val Saint-C\u00f4me : Perrine Laffont et Benjamin Cavet sur le podium en parall\u00e8le\" \/>\n<meta property=\"og:description\" content=\"SKI FREESTYLE - BOSSES VAL SAINT-C\u00d4ME\u00a0 - La nuit derni\u00e8re, Perrine Laffont et Benjamin Cavet sont mont\u00e9s sur le podium de l&#039;\u00e9preuve de bosses parall\u00e8les au Canada.\u00a0\" \/>\n<meta property=\"og:url\" content=\"https:\/\/dicodusport.fr\/blog\/ski-de-bosses-val-saint-come-perrine-laffont-et-benjamin-cavet-sur-le-podium-en-parallele\/\" \/>\n<meta property=\"og:site_name\" content=\"Dicodusport\" \/>\n<meta property=\"article:publisher\" content=\"https:\/\/www.facebook.com\/dicodusport\" \/>\n<meta property=\"article:author\" content=\"https:\/\/www.facebook.com\/profile.php?id=100009753662352\" \/>\n<meta property=\"article:published_time\" content=\"2025-02-02T08:50:50+00:00\" \/>\n<meta property=\"article:modified_time\" content=\"2025-02-02T16:46:16+00:00\" \/>\n<meta property=\"og:image\" content=\"https:\/\/dicodusport.fr\/blog\/wp-content\/uploads\/2025\/02\/Ski-de-bosses-Val-Saint-Come-Perrine-Laffont-et-Benjamin-Cavet-sur-le-podium-en-parallele-1.png\" \/>\n\t<meta property=\"og:image:width\" content=\"1200\" \/>\n\t<meta property=\"og:image:height\" content=\"674\" \/>\n\t<meta property=\"og:image:type\" content=\"image\/png\" \/>\n<meta name=\"author\" content=\"Killian Tanguy\" \/>\n<meta name=\"twitter:card\" content=\"summary_large_image\" \/>\n<meta name=\"twitter:title\" content=\"Ski de bosses Val Saint-C\u00f4me : Perrine Laffont et Benjamin Cavet sur le podium en parall\u00e8le\" \/>\n<meta name=\"twitter:creator\" content=\"@https:\/\/twitter.com\/sport_ktanguy\" \/>\n<meta name=\"twitter:site\" content=\"@dicodusport\" \/>\n<script type=\"application\/ld+json\" class=\"yoast-schema-graph\">{\"@context\":\"https:\/\/schema.org\",\"@graph\":[{\"@type\":\"NewsArticle\",\"@id\":\"https:\/\/dicodusport.fr\/blog\/ski-de-bosses-val-saint-come-perrine-laffont-et-benjamin-cavet-sur-le-podium-en-parallele\/#article\",\"isPartOf\":{\"@id\":\"https:\/\/dicodusport.fr\/blog\/ski-de-bosses-val-saint-come-perrine-laffont-et-benjamin-cavet-sur-le-podium-en-parallele\/\"},\"author\":{\"name\":\"Killian Tanguy\",\"@id\":\"https:\/\/dicodusport.fr\/blog\/#\/schema\/person\/ff2feeb71ea78ad31eeb3390ffe96b46\"},\"headline\":\"Ski de bosses Val Saint-C\u00f4me : Perrine Laffont et Benjamin Cavet sur le podium en parall\u00e8le\",\"datePublished\":\"2025-02-02T08:50:50+00:00\",\"dateModified\":\"2025-02-02T16:46:16+00:00\",\"mainEntityOfPage\":{\"@id\":\"https:\/\/dicodusport.fr\/blog\/ski-de-bosses-val-saint-come-perrine-laffont-et-benjamin-cavet-sur-le-podium-en-parallele\/\"},\"wordCount\":284,\"commentCount\":0,\"publisher\":{\"@id\":\"https:\/\/dicodusport.fr\/blog\/#organization\"},\"image\":{\"@id\":\"https:\/\/dicodusport.fr\/blog\/ski-de-bosses-val-saint-come-perrine-laffont-et-benjamin-cavet-sur-le-podium-en-parallele\/#primaryimage\"},\"thumbnailUrl\":\"https:\/\/dicodusport.fr\/blog\/wp-content\/uploads\/2025\/02\/Ski-de-bosses-Val-Saint-Come-Perrine-Laffont-et-Benjamin-Cavet-sur-le-podium-en-parallele-1.png\",\"keywords\":[\"actu\",\"Benjamin Cavet\",\"br\u00e8ve\",\"Coupe du monde de ski de bosses\",\"Perrine Laffont\",\"Ski bosses\",\"ski freestyle\"],\"articleSection\":[\"Ski\"],\"inLanguage\":\"fr-FR\",\"potentialAction\":[{\"@type\":\"CommentAction\",\"name\":\"Comment\",\"target\":[\"https:\/\/dicodusport.fr\/blog\/ski-de-bosses-val-saint-come-perrine-laffont-et-benjamin-cavet-sur-le-podium-en-parallele\/#respond\"]}],\"copyrightYear\":\"2025\",\"copyrightHolder\":{\"@id\":\"https:\/\/dicodusport.fr\/blog\/#organization\"}},{\"@type\":\"WebPage\",\"@id\":\"https:\/\/dicodusport.fr\/blog\/ski-de-bosses-val-saint-come-perrine-laffont-et-benjamin-cavet-sur-le-podium-en-parallele\/\",\"url\":\"https:\/\/dicodusport.fr\/blog\/ski-de-bosses-val-saint-come-perrine-laffont-et-benjamin-cavet-sur-le-podium-en-parallele\/\",\"name\":\"Ski de bosses Val Saint-C\u00f4me : Perrine Laffont et Benjamin Cavet sur le podium en parall\u00e8le\",\"isPartOf\":{\"@id\":\"https:\/\/dicodusport.fr\/blog\/#website\"},\"primaryImageOfPage\":{\"@id\":\"https:\/\/dicodusport.fr\/blog\/ski-de-bosses-val-saint-come-perrine-laffont-et-benjamin-cavet-sur-le-podium-en-parallele\/#primaryimage\"},\"image\":{\"@id\":\"https:\/\/dicodusport.fr\/blog\/ski-de-bosses-val-saint-come-perrine-laffont-et-benjamin-cavet-sur-le-podium-en-parallele\/#primaryimage\"},\"thumbnailUrl\":\"https:\/\/dicodusport.fr\/blog\/wp-content\/uploads\/2025\/02\/Ski-de-bosses-Val-Saint-Come-Perrine-Laffont-et-Benjamin-Cavet-sur-le-podium-en-parallele-1.png\",\"datePublished\":\"2025-02-02T08:50:50+00:00\",\"dateModified\":\"2025-02-02T16:46:16+00:00\",\"description\":\"SKI FREESTYLE - BOSSES VAL SAINT-C\u00d4ME\u00a0 - La nuit derni\u00e8re, Perrine Laffont et Benjamin Cavet sont mont\u00e9s sur le podium de l'\u00e9preuve de bosses parall\u00e8les au Canada.\u00a0\",\"breadcrumb\":{\"@id\":\"https:\/\/dicodusport.fr\/blog\/ski-de-bosses-val-saint-come-perrine-laffont-et-benjamin-cavet-sur-le-podium-en-parallele\/#breadcrumb\"},\"inLanguage\":\"fr-FR\",\"potentialAction\":[{\"@type\":\"ReadAction\",\"target\":[\"https:\/\/dicodusport.fr\/blog\/ski-de-bosses-val-saint-come-perrine-laffont-et-benjamin-cavet-sur-le-podium-en-parallele\/\"]}]},{\"@type\":\"ImageObject\",\"inLanguage\":\"fr-FR\",\"@id\":\"https:\/\/dicodusport.fr\/blog\/ski-de-bosses-val-saint-come-perrine-laffont-et-benjamin-cavet-sur-le-podium-en-parallele\/#primaryimage\",\"url\":\"https:\/\/dicodusport.fr\/blog\/wp-content\/uploads\/2025\/02\/Ski-de-bosses-Val-Saint-Come-Perrine-Laffont-et-Benjamin-Cavet-sur-le-podium-en-parallele-1.png\",\"contentUrl\":\"https:\/\/dicodusport.fr\/blog\/wp-content\/uploads\/2025\/02\/Ski-de-bosses-Val-Saint-Come-Perrine-Laffont-et-Benjamin-Cavet-sur-le-podium-en-parallele-1.png\",\"width\":1200,\"height\":674,\"caption\":\"Ski de bosses Val Saint-C\u00f4me Perrine Laffont et Benjamin Cavet sur le podium en parall\u00e8le\"},{\"@type\":\"BreadcrumbList\",\"@id\":\"https:\/\/dicodusport.fr\/blog\/ski-de-bosses-val-saint-come-perrine-laffont-et-benjamin-cavet-sur-le-podium-en-parallele\/#breadcrumb\",\"itemListElement\":[{\"@type\":\"ListItem\",\"position\":1,\"name\":\"Accueil\",\"item\":\"https:\/\/dicodusport.fr\/blog\/\"},{\"@type\":\"ListItem\",\"position\":2,\"name\":\"Ski de bosses Val Saint-C\u00f4me : Perrine Laffont et Benjamin Cavet sur le podium en parall\u00e8le\"}]},{\"@type\":\"WebSite\",\"@id\":\"https:\/\/dicodusport.fr\/blog\/#website\",\"url\":\"https:\/\/dicodusport.fr\/blog\/\",\"name\":\"Dicodusport\",\"description\":\"L&#039;encyclop\u00e9die de l&#039;actualit\u00e9 sportive\",\"publisher\":{\"@id\":\"https:\/\/dicodusport.fr\/blog\/#organization\"},\"potentialAction\":[{\"@type\":\"SearchAction\",\"target\":{\"@type\":\"EntryPoint\",\"urlTemplate\":\"https:\/\/dicodusport.fr\/blog\/?s={search_term_string}\"},\"query-input\":{\"@type\":\"PropertyValueSpecification\",\"valueRequired\":true,\"valueName\":\"search_term_string\"}}],\"inLanguage\":\"fr-FR\"},{\"@type\":\"NewsMediaOrganization\",\"@id\":\"https:\/\/dicodusport.fr\/blog\/#organization\",\"name\":\"Dicodusport\",\"url\":\"https:\/\/dicodusport.fr\/blog\/\",\"logo\":{\"@type\":\"ImageObject\",\"inLanguage\":\"fr-FR\",\"@id\":\"https:\/\/dicodusport.fr\/blog\/#\/schema\/logo\/image\/\",\"url\":\"https:\/\/dicodusport.fr\/blog\/wp-content\/uploads\/2020\/06\/cropped-LOGO-DICODUSPORT-2020-SANS-FOND-SANS-TEXTE.png\",\"contentUrl\":\"https:\/\/dicodusport.fr\/blog\/wp-content\/uploads\/2020\/06\/cropped-LOGO-DICODUSPORT-2020-SANS-FOND-SANS-TEXTE.png\",\"width\":512,\"height\":512,\"caption\":\"Dicodusport\"},\"image\":{\"@id\":\"https:\/\/dicodusport.fr\/blog\/#\/schema\/logo\/image\/\"},\"sameAs\":[\"https:\/\/www.facebook.com\/dicodusport\",\"https:\/\/x.com\/dicodusport\",\"https:\/\/www.instagram.com\/dicodusport\/\",\"https:\/\/www.youtube.com\/channel\/UC7V2KZ5sd3htJivAbA4ZG3w\"],\"description\":\"Dicodusport est l'encyclop\u00e9die de l'actualit\u00e9 sportive.\",\"email\":\"bonjour@dicodusport.fr\",\"legalName\":\"DICODUSPORT\",\"foundingDate\":\"2018-01-14\",\"vatID\":\"FR71834470973\",\"taxID\":\"83447097300043\",\"numberOfEmployees\":{\"@type\":\"QuantitativeValue\",\"minValue\":\"1\",\"maxValue\":\"10\"}},{\"@type\":\"Person\",\"@id\":\"https:\/\/dicodusport.fr\/blog\/#\/schema\/person\/ff2feeb71ea78ad31eeb3390ffe96b46\",\"name\":\"Killian Tanguy\",\"image\":{\"@type\":\"ImageObject\",\"inLanguage\":\"fr-FR\",\"@id\":\"https:\/\/dicodusport.fr\/blog\/#\/schema\/person\/image\/\",\"url\":\"https:\/\/dicodusport.fr\/blog\/wp-content\/uploads\/2022\/12\/Killian-Tanguy-150x150.png\",\"contentUrl\":\"https:\/\/dicodusport.fr\/blog\/wp-content\/uploads\/2022\/12\/Killian-Tanguy-150x150.png\",\"caption\":\"Killian Tanguy\"},\"description\":\"Journaliste qui parle de tout et surtout de sport. Rugby, handball, sports d'hiver, football, cyclisme... Et ce que j'aime par-dessus tout : couvrir une discipline que je ne connais pas. Rien de mieux pour s'enrichir et apprendre.\",\"sameAs\":[\"https:\/\/killiantanguy.wixsite.com\/monsite\",\"https:\/\/www.facebook.com\/profile.php?id=100009753662352\",\"https:\/\/www.instagram.com\/sport.killiantanguy\/\",\"https:\/\/www.linkedin.com\/in\/killiantanguy\/\",\"https:\/\/x.com\/https:\/\/twitter.com\/sport_ktanguy\",\"https:\/\/www.youtube.com\/channel\/UCRfZkHKJL0wK7wvnJjCry-Q\"],\"url\":\"https:\/\/dicodusport.fr\/blog\/author\/killian-tanguy\/\"}]}<\/script>\n<!-- \/ Yoast SEO Premium plugin. -->","yoast_head_json":{"title":"Ski de bosses Val Saint-C\u00f4me : Perrine Laffont et Benjamin Cavet sur le podium en parall\u00e8le","description":"SKI FREESTYLE - BOSSES VAL SAINT-C\u00d4ME\u00a0 - La nuit derni\u00e8re, Perrine Laffont et Benjamin Cavet sont mont\u00e9s sur le podium de l'\u00e9preuve de bosses parall\u00e8les au Canada.\u00a0","robots":{"index":"index","follow":"follow","max-snippet":"max-snippet:-1","max-image-preview":"max-image-preview:large","max-video-preview":"max-video-preview:-1"},"canonical":"https:\/\/dicodusport.fr\/blog\/ski-de-bosses-val-saint-come-perrine-laffont-et-benjamin-cavet-sur-le-podium-en-parallele\/","og_locale":"fr_FR","og_type":"article","og_title":"Ski de bosses Val Saint-C\u00f4me : Perrine Laffont et Benjamin Cavet sur le podium en parall\u00e8le","og_description":"SKI FREESTYLE - BOSSES VAL SAINT-C\u00d4ME\u00a0 - La nuit derni\u00e8re, Perrine Laffont et Benjamin Cavet sont mont\u00e9s sur le podium de l'\u00e9preuve de bosses parall\u00e8les au Canada.\u00a0","og_url":"https:\/\/dicodusport.fr\/blog\/ski-de-bosses-val-saint-come-perrine-laffont-et-benjamin-cavet-sur-le-podium-en-parallele\/","og_site_name":"Dicodusport","article_publisher":"https:\/\/www.facebook.com\/dicodusport","article_author":"https:\/\/www.facebook.com\/profile.php?id=100009753662352","article_published_time":"2025-02-02T08:50:50+00:00","article_modified_time":"2025-02-02T16:46:16+00:00","og_image":[{"width":1200,"height":674,"url":"https:\/\/dicodusport.fr\/blog\/wp-content\/uploads\/2025\/02\/Ski-de-bosses-Val-Saint-Come-Perrine-Laffont-et-Benjamin-Cavet-sur-le-podium-en-parallele-1.png","type":"image\/png"}],"author":"Killian Tanguy","twitter_card":"summary_large_image","twitter_title":"Ski de bosses Val Saint-C\u00f4me : Perrine Laffont et Benjamin Cavet sur le podium en parall\u00e8le","twitter_creator":"@https:\/\/twitter.com\/sport_ktanguy","twitter_site":"@dicodusport","schema":{"@context":"https:\/\/schema.org","@graph":[{"@type":"NewsArticle","@id":"https:\/\/dicodusport.fr\/blog\/ski-de-bosses-val-saint-come-perrine-laffont-et-benjamin-cavet-sur-le-podium-en-parallele\/#article","isPartOf":{"@id":"https:\/\/dicodusport.fr\/blog\/ski-de-bosses-val-saint-come-perrine-laffont-et-benjamin-cavet-sur-le-podium-en-parallele\/"},"author":{"name":"Killian Tanguy","@id":"https:\/\/dicodusport.fr\/blog\/#\/schema\/person\/ff2feeb71ea78ad31eeb3390ffe96b46"},"headline":"Ski de bosses Val Saint-C\u00f4me : Perrine Laffont et Benjamin Cavet sur le podium en parall\u00e8le","datePublished":"2025-02-02T08:50:50+00:00","dateModified":"2025-02-02T16:46:16+00:00","mainEntityOfPage":{"@id":"https:\/\/dicodusport.fr\/blog\/ski-de-bosses-val-saint-come-perrine-laffont-et-benjamin-cavet-sur-le-podium-en-parallele\/"},"wordCount":284,"commentCount":0,"publisher":{"@id":"https:\/\/dicodusport.fr\/blog\/#organization"},"image":{"@id":"https:\/\/dicodusport.fr\/blog\/ski-de-bosses-val-saint-come-perrine-laffont-et-benjamin-cavet-sur-le-podium-en-parallele\/#primaryimage"},"thumbnailUrl":"https:\/\/dicodusport.fr\/blog\/wp-content\/uploads\/2025\/02\/Ski-de-bosses-Val-Saint-Come-Perrine-Laffont-et-Benjamin-Cavet-sur-le-podium-en-parallele-1.png","keywords":["actu","Benjamin Cavet","br\u00e8ve","Coupe du monde de ski de bosses","Perrine Laffont","Ski bosses","ski freestyle"],"articleSection":["Ski"],"inLanguage":"fr-FR","potentialAction":[{"@type":"CommentAction","name":"Comment","target":["https:\/\/dicodusport.fr\/blog\/ski-de-bosses-val-saint-come-perrine-laffont-et-benjamin-cavet-sur-le-podium-en-parallele\/#respond"]}],"copyrightYear":"2025","copyrightHolder":{"@id":"https:\/\/dicodusport.fr\/blog\/#organization"}},{"@type":"WebPage","@id":"https:\/\/dicodusport.fr\/blog\/ski-de-bosses-val-saint-come-perrine-laffont-et-benjamin-cavet-sur-le-podium-en-parallele\/","url":"https:\/\/dicodusport.fr\/blog\/ski-de-bosses-val-saint-come-perrine-laffont-et-benjamin-cavet-sur-le-podium-en-parallele\/","name":"Ski de bosses Val Saint-C\u00f4me : Perrine Laffont et Benjamin Cavet sur le podium en parall\u00e8le","isPartOf":{"@id":"https:\/\/dicodusport.fr\/blog\/#website"},"primaryImageOfPage":{"@id":"https:\/\/dicodusport.fr\/blog\/ski-de-bosses-val-saint-come-perrine-laffont-et-benjamin-cavet-sur-le-podium-en-parallele\/#primaryimage"},"image":{"@id":"https:\/\/dicodusport.fr\/blog\/ski-de-bosses-val-saint-come-perrine-laffont-et-benjamin-cavet-sur-le-podium-en-parallele\/#primaryimage"},"thumbnailUrl":"https:\/\/dicodusport.fr\/blog\/wp-content\/uploads\/2025\/02\/Ski-de-bosses-Val-Saint-Come-Perrine-Laffont-et-Benjamin-Cavet-sur-le-podium-en-parallele-1.png","datePublished":"2025-02-02T08:50:50+00:00","dateModified":"2025-02-02T16:46:16+00:00","description":"SKI FREESTYLE - BOSSES VAL SAINT-C\u00d4ME\u00a0 - La nuit derni\u00e8re, Perrine Laffont et Benjamin Cavet sont mont\u00e9s sur le podium de l'\u00e9preuve de bosses parall\u00e8les au Canada.\u00a0","breadcrumb":{"@id":"https:\/\/dicodusport.fr\/blog\/ski-de-bosses-val-saint-come-perrine-laffont-et-benjamin-cavet-sur-le-podium-en-parallele\/#breadcrumb"},"inLanguage":"fr-FR","potentialAction":[{"@type":"ReadAction","target":["https:\/\/dicodusport.fr\/blog\/ski-de-bosses-val-saint-come-perrine-laffont-et-benjamin-cavet-sur-le-podium-en-parallele\/"]}]},{"@type":"ImageObject","inLanguage":"fr-FR","@id":"https:\/\/dicodusport.fr\/blog\/ski-de-bosses-val-saint-come-perrine-laffont-et-benjamin-cavet-sur-le-podium-en-parallele\/#primaryimage","url":"https:\/\/dicodusport.fr\/blog\/wp-content\/uploads\/2025\/02\/Ski-de-bosses-Val-Saint-Come-Perrine-Laffont-et-Benjamin-Cavet-sur-le-podium-en-parallele-1.png","contentUrl":"https:\/\/dicodusport.fr\/blog\/wp-content\/uploads\/2025\/02\/Ski-de-bosses-Val-Saint-Come-Perrine-Laffont-et-Benjamin-Cavet-sur-le-podium-en-parallele-1.png","width":1200,"height":674,"caption":"Ski de bosses Val Saint-C\u00f4me Perrine Laffont et Benjamin Cavet sur le podium en parall\u00e8le"},{"@type":"BreadcrumbList","@id":"https:\/\/dicodusport.fr\/blog\/ski-de-bosses-val-saint-come-perrine-laffont-et-benjamin-cavet-sur-le-podium-en-parallele\/#breadcrumb","itemListElement":[{"@type":"ListItem","position":1,"name":"Accueil","item":"https:\/\/dicodusport.fr\/blog\/"},{"@type":"ListItem","position":2,"name":"Ski de bosses Val Saint-C\u00f4me : Perrine Laffont et Benjamin Cavet sur le podium en parall\u00e8le"}]},{"@type":"WebSite","@id":"https:\/\/dicodusport.fr\/blog\/#website","url":"https:\/\/dicodusport.fr\/blog\/","name":"Dicodusport","description":"L&#039;encyclop\u00e9die de l&#039;actualit\u00e9 sportive","publisher":{"@id":"https:\/\/dicodusport.fr\/blog\/#organization"},"potentialAction":[{"@type":"SearchAction","target":{"@type":"EntryPoint","urlTemplate":"https:\/\/dicodusport.fr\/blog\/?s={search_term_string}"},"query-input":{"@type":"PropertyValueSpecification","valueRequired":true,"valueName":"search_term_string"}}],"inLanguage":"fr-FR"},{"@type":"NewsMediaOrganization","@id":"https:\/\/dicodusport.fr\/blog\/#organization","name":"Dicodusport","url":"https:\/\/dicodusport.fr\/blog\/","logo":{"@type":"ImageObject","inLanguage":"fr-FR","@id":"https:\/\/dicodusport.fr\/blog\/#\/schema\/logo\/image\/","url":"https:\/\/dicodusport.fr\/blog\/wp-content\/uploads\/2020\/06\/cropped-LOGO-DICODUSPORT-2020-SANS-FOND-SANS-TEXTE.png","contentUrl":"https:\/\/dicodusport.fr\/blog\/wp-content\/uploads\/2020\/06\/cropped-LOGO-DICODUSPORT-2020-SANS-FOND-SANS-TEXTE.png","width":512,"height":512,"caption":"Dicodusport"},"image":{"@id":"https:\/\/dicodusport.fr\/blog\/#\/schema\/logo\/image\/"},"sameAs":["https:\/\/www.facebook.com\/dicodusport","https:\/\/x.com\/dicodusport","https:\/\/www.instagram.com\/dicodusport\/","https:\/\/www.youtube.com\/channel\/UC7V2KZ5sd3htJivAbA4ZG3w"],"description":"Dicodusport est l'encyclop\u00e9die de l'actualit\u00e9 sportive.","email":"bonjour@dicodusport.fr","legalName":"DICODUSPORT","foundingDate":"2018-01-14","vatID":"FR71834470973","taxID":"83447097300043","numberOfEmployees":{"@type":"QuantitativeValue","minValue":"1","maxValue":"10"}},{"@type":"Person","@id":"https:\/\/dicodusport.fr\/blog\/#\/schema\/person\/ff2feeb71ea78ad31eeb3390ffe96b46","name":"Killian Tanguy","image":{"@type":"ImageObject","inLanguage":"fr-FR","@id":"https:\/\/dicodusport.fr\/blog\/#\/schema\/person\/image\/","url":"https:\/\/dicodusport.fr\/blog\/wp-content\/uploads\/2022\/12\/Killian-Tanguy-150x150.png","contentUrl":"https:\/\/dicodusport.fr\/blog\/wp-content\/uploads\/2022\/12\/Killian-Tanguy-150x150.png","caption":"Killian Tanguy"},"description":"Journaliste qui parle de tout et surtout de sport. Rugby, handball, sports d'hiver, football, cyclisme... Et ce que j'aime par-dessus tout : couvrir une discipline que je ne connais pas. Rien de mieux pour s'enrichir et apprendre.","sameAs":["https:\/\/killiantanguy.wixsite.com\/monsite","https:\/\/www.facebook.com\/profile.php?id=100009753662352","https:\/\/www.instagram.com\/sport.killiantanguy\/","https:\/\/www.linkedin.com\/in\/killiantanguy\/","https:\/\/x.com\/https:\/\/twitter.com\/sport_ktanguy","https:\/\/www.youtube.com\/channel\/UCRfZkHKJL0wK7wvnJjCry-Q"],"url":"https:\/\/dicodusport.fr\/blog\/author\/killian-tanguy\/"}]}},"_links":{"self":[{"href":"https:\/\/dicodusport.fr\/blog\/wp-json\/wp\/v2\/posts\/552208","targetHints":{"allow":["GET"]}}],"collection":[{"href":"https:\/\/dicodusport.fr\/blog\/wp-json\/wp\/v2\/posts"}],"about":[{"href":"https:\/\/dicodusport.fr\/blog\/wp-json\/wp\/v2\/types\/post"}],"author":[{"embeddable":true,"href":"https:\/\/dicodusport.fr\/blog\/wp-json\/wp\/v2\/users\/80"}],"replies":[{"embeddable":true,"href":"https:\/\/dicodusport.fr\/blog\/wp-json\/wp\/v2\/comments?post=552208"}],"version-history":[{"count":3,"href":"https:\/\/dicodusport.fr\/blog\/wp-json\/wp\/v2\/posts\/552208\/revisions"}],"predecessor-version":[{"id":552222,"href":"https:\/\/dicodusport.fr\/blog\/wp-json\/wp\/v2\/posts\/552208\/revisions\/552222"}],"wp:featuredmedia":[{"embeddable":true,"href":"https:\/\/dicodusport.fr\/blog\/wp-json\/wp\/v2\/media\/552452"}],"wp:attachment":[{"href":"https:\/\/dicodusport.fr\/blog\/wp-json\/wp\/v2\/media?parent=552208"}],"wp:term":[{"taxonomy":"category","embeddable":true,"href":"https:\/\/dicodusport.fr\/blog\/wp-json\/wp\/v2\/categories?post=552208"},{"taxonomy":"post_tag","embeddable":true,"href":"https:\/\/dicodusport.fr\/blog\/wp-json\/wp\/v2\/tags?post=552208"}],"curies":[{"name":"wp","href":"https:\/\/api.w.org\/{rel}","templated":true}]}}