{"id":552229,"date":"2025-02-02T12:02:57","date_gmt":"2025-02-02T11:02:57","guid":{"rendered":"https:\/\/dicodusport.fr\/blog\/?p=552229&#038;preview=true&#038;preview_id=552229"},"modified":"2025-07-09T18:35:51","modified_gmt":"2025-07-09T16:35:51","slug":"biathlon-championnats-deurope-les-bleues-argent-amer-sur-le-relais-femmes","status":"publish","type":"post","link":"https:\/\/dicodusport.fr\/blog\/biathlon-championnats-deurope-les-bleues-argent-amer-sur-le-relais-femmes\/","title":{"rendered":"Biathlon Championnats d&rsquo;Europe : Les Bleues argent amer sur le relais femmes"},"content":{"rendered":"<h4 style=\"text-align: justify;\"><em>CHAMPIONNATS D&rsquo;EUROPE DE BIATHLON 2025 &#8211; Archi favorites de la course, les Fran\u00e7aises n&rsquo;ont pris que la deuxi\u00e8me place du relais femmes. Il y a eu trop de fautes parasites, malgr\u00e9 un tr\u00e8s beau relais de Camille Bened pour lancer la course. C&rsquo;est l&rsquo;Allemagne qui remporte le titre, alors que l&rsquo;Italie compl\u00e8te le podium.<\/em><\/h4>\n<ul style=\"text-align: justify;\">\n<li style=\"text-align: justify;\"><strong>\u00c0 ce sujet \u2013\u00a0<a href=\"https:\/\/dicodusport.fr\/blog\/biathlon-championnats-deurope-programme-complet-et-resultats\/\">Biathlon Championnats d&rsquo;Europe : Programme complet et r\u00e9sultats<\/a><\/strong><\/li>\n<\/ul>\n<p style=\"text-align: justify;\">D\u00e9cid\u00e9ment, ces relais se refusent aux Fran\u00e7aises en cette saison. En Coupe du monde ou ici aux championnats d&rsquo;Europe, \u00e0 chaque fois les Bleues sont favorites, c&rsquo;est une autre nation qui remporte la victoire. Cette fois-ci elles laissent l&rsquo;Allemagne. Et si l&rsquo;argent est beau, il ne pourra pas totalement faire le bonheur de cette \u00e9quipe de France. Mais c&rsquo;est la deuxi\u00e8me m\u00e9daille dans ces championnats d&rsquo;Europe. Et une confirmation de cette impression de difficult\u00e9 depuis le d\u00e9but de la comp\u00e9tition.<\/p>\n<h2>Un tr\u00e8s beau premier relais pour Camille Bened<\/h2>\n<p style=\"text-align: justify;\"><strong>Camille Bened<\/strong> a parfaitement lanc\u00e9 cette \u00e9quipe de France. Notamment avec un excellent tir. Une seule balle de pioche et le deuxi\u00e8me temps de tir des premi\u00e8res relayeuses (54.5 secondes au total). Et si la balle de pioche, sur le dernier tir debout, l&#8217;emp\u00eache de faire le 10\/10, cela lui a tout de m\u00eame permis de donner le relais en t\u00eate. Dans une course o\u00f9 elle aura longtemps assum\u00e9 seule le rythme. Ne laissant le soin \u00e0 personne de prendre des relais. C&rsquo;est encore elle qui assumera la majeure partie du travail dans le dernier tour, avec la Su\u00e9doise <strong>Johanna Skottheim<\/strong>. Pendant ce temps-l\u00e0, <strong>Juni Arnekleiv<\/strong> part \u00e0 la faute sur le debout et doit passer par l&rsquo;anneau de p\u00e9nalit\u00e9. La Norv\u00e9gienne, dans le dur depuis le d\u00e9but de la semaine. France et Su\u00e8de donnent le relais en t\u00eate.<\/p>\n<blockquote class=\"twitter-tweet\">\n<p dir=\"ltr\" lang=\"fr\">Tr\u00e8s bon relai de Camille, une erreur sur le debout mais elle ressort troisi\u00e8me du pas de tir !<a href=\"https:\/\/twitter.com\/hashtag\/Martell2025?src=hash&amp;ref_src=twsrc%5Etfw\">#Martell2025<\/a> <a href=\"https:\/\/twitter.com\/hashtag\/lequipeBIATHLON?src=hash&amp;ref_src=twsrc%5Etfw\">#lequipeBIATHLON<\/a><\/p>\n<p>\u2014 Romain Grosjean (@RomainGrosjean) <a href=\"https:\/\/twitter.com\/RomainGrosjean\/status\/1885991060146393598?ref_src=twsrc%5Etfw\">February 2, 2025<\/a><\/p><\/blockquote>\n<p><script async src=\"https:\/\/platform.twitter.com\/widgets.js\" charset=\"utf-8\"><\/script><\/p>\n<p style=\"text-align: justify;\">Derri\u00e8re<strong> Sophie Chauveau<\/strong> a su limiter la casse. M\u00eame si elle nous a fait passer un petit frisson lors de son tir debout, avec deux balles de pioche dont une premi\u00e8re difficile \u00e0 tirer. Cela a chiffr\u00e9, seulement 11e temps de tir de son relais, avec pr\u00e8s de 1:30 pour tirer ses balles. Dans des conditions difficiles, \u00e0 ce moment du relais. En revanche, si on en avait besoin, elle a encore montr\u00e9 des gages de forme \u00e0 skis. Prenant d&rsquo;entr\u00e9e ses responsabilit\u00e9s et \u00e9tant capable de boucher des trous, pour revenir en t\u00eate. Quand elle passe le relais, il n&rsquo;y a plus que l&rsquo;Allemagne dans son sillage. Un couple franco-allemand qui poss\u00e8de alors 28.8 secondes sur la Bulgarie, 43.9 sur la Su\u00e8de. Mais on sent que cela a un peu bascul\u00e9, avec des fautes qui vont venir parasiter les Bleues. Cela ne s&rsquo;arr\u00eatera malheureusement plus<\/p>\n<ul>\n<li><strong>\u00c0 ce sujet &#8211; <a href=\"https:\/\/dicodusport.fr\/blog\/biathlon-championnats-deurope-classement-relais-femmes\/\">Biathlon Championnats d\u2019Europe \u2013 Classement relais femmes<\/a><\/strong><\/li>\n<\/ul>\n<h2 style=\"text-align: justify;\">Amandine Mengin pioche, Gilonne Guigonnat coince aussi<\/h2>\n<p style=\"text-align: justify;\">Celle qui aura le plus souffert, c&rsquo;est la junior<strong> Amandine Mengin<\/strong>. Qui aura sans doute pris beaucoup d&rsquo;exp\u00e9rience dans cette course compliqu\u00e9e, une premi\u00e8re sous ce format pour elle, mais qui n&rsquo;a pas \u00e9t\u00e9 fatale \u00e0 ses co\u00e9quipi\u00e8res. Elle pioche d&rsquo;entr\u00e9e sur le premier relais, avec des mauvais choix de clics vite rectifi\u00e9. Mais c&rsquo;est surtout le second tir qui a \u00e9t\u00e9 p\u00e9nible pour elle. Avec un tour de p\u00e9nalit\u00e9. Fort heureusement, tout le monde a souffert sur ce tir debout et la Fran\u00e7aise n&rsquo;est ressortie qu&rsquo;avec 11 secondes de retard sur <strong>Marlene Fichtner<\/strong>. Un \u00e9cart vite combl\u00e9 \u00e0 ski. Elle aura \u00e9t\u00e9 impressionnante dans ce secteur. Deuxi\u00e8me meilleur temps \u00e0 ski de son relais. Mais de loin la meilleure par rapport aux nations qui jouaient la m\u00e9daille.<\/p>\n<p style=\"text-align: justify;\">On esp\u00e9rait un grand relais pour <strong>Gilonne Guigonnat<\/strong>, mais c&rsquo;est <strong>Johanna Puff<\/strong> aura \u00e9t\u00e9 la plus solide. Notamment sur le tir debout, o\u00f9 elle a tir\u00e9 comme une mitraillette. Une balle de pioche qui en vaut presque z\u00e9ro, l\u00e0 o\u00f9 la Fran\u00e7aise part deux fois \u00e0 la faute. Et ressort avec pr\u00e8s de 13 secondes de retard. Et si on esp\u00e9rait un retour \u00e0 ski, il n&rsquo;en aura \u00e9t\u00e9 rien, la Fran\u00e7aise perdant du temps sur sa rivale. Il n&rsquo;y aura pas de titre europ\u00e9en pour les Fran\u00e7aises.<\/p>\n","protected":false},"excerpt":{"rendered":"<p>CHAMPIONNATS D&rsquo;EUROPE DE BIATHLON 2025 &#8211; Archi favorites de la course, les Fran\u00e7aises n&rsquo;ont pris que la deuxi\u00e8me place du relais femmes. Il y a eu trop de fautes parasites, malgr\u00e9 un tr\u00e8s beau relais de Camille Bened, pour lancer la course. C&rsquo;est l&rsquo;Allemagne qui remporte le titre, alors que l&rsquo;Italie compl\u00e8te le podium.<\/p>\n","protected":false},"author":83,"featured_media":552244,"comment_status":"open","ping_status":"closed","sticky":false,"template":"","format":"standard","meta":{"_acf_changed":false,"_daextam_enable_autolinks":"1","footnotes":""},"categories":[2426],"tags":[32415,43462,2427,16878,14826,30009,7290,9559,27943,24],"class_list":["post-552229","post","type-post","status-publish","format-standard","has-post-thumbnail","hentry","category-biathlon","tag-actu","tag-amandine-mengin","tag-biathlon","tag-breve","tag-camille-bened","tag-gilonne-guigonnat","tag-individuel-hommes","tag-relais-femmes","tag-sophie-chauveau","tag-sport"],"acf":[],"yoast_head":"<!-- This site is optimized with the Yoast SEO Premium plugin v26.7 (Yoast SEO v26.7) - https:\/\/yoast.com\/wordpress\/plugins\/seo\/ -->\n<title>Biathlon Championnats d&#039;Europe : Les Bleues argent amer sur le relais femmes<\/title>\n<meta name=\"description\" content=\"CHAMPIONNATS D&#039;EUROPE DE BIATHLON 2025 - Archi favorites de la course, les Fran\u00e7aises n&#039;ont pris que la deuxi\u00e8me place du relais femmes.\" \/>\n<meta name=\"robots\" content=\"index, follow, max-snippet:-1, max-image-preview:large, max-video-preview:-1\" \/>\n<link rel=\"canonical\" href=\"https:\/\/dicodusport.fr\/blog\/biathlon-championnats-deurope-les-bleues-argent-amer-sur-le-relais-femmes\/\" \/>\n<meta property=\"og:locale\" content=\"fr_FR\" \/>\n<meta property=\"og:type\" content=\"article\" \/>\n<meta property=\"og:title\" content=\"Biathlon Championnats d&#039;Europe : Les Bleues argent amer sur le relais femmes\" \/>\n<meta property=\"og:description\" content=\"CHAMPIONNATS D&#039;EUROPE DE BIATHLON 2025 - Archi favorites de la course, les Fran\u00e7aises n&#039;ont pris que la deuxi\u00e8me place du relais femmes.\" \/>\n<meta property=\"og:url\" content=\"https:\/\/dicodusport.fr\/blog\/biathlon-championnats-deurope-les-bleues-argent-amer-sur-le-relais-femmes\/\" \/>\n<meta property=\"og:site_name\" content=\"Dicodusport\" \/>\n<meta property=\"article:publisher\" content=\"https:\/\/www.facebook.com\/dicodusport\" \/>\n<meta property=\"article:published_time\" content=\"2025-02-02T11:02:57+00:00\" \/>\n<meta property=\"article:modified_time\" content=\"2025-07-09T16:35:51+00:00\" \/>\n<meta property=\"og:image\" content=\"https:\/\/dicodusport.fr\/blog\/wp-content\/uploads\/2025\/02\/Biathlon-Championnats-dEurope-Les-Bleues-argent-amer-sur-le-relais-femmes.png\" \/>\n\t<meta property=\"og:image:width\" content=\"1200\" \/>\n\t<meta property=\"og:image:height\" content=\"674\" \/>\n\t<meta property=\"og:image:type\" content=\"image\/png\" \/>\n<meta name=\"author\" content=\"Etienne Goursaud\" \/>\n<meta name=\"twitter:card\" content=\"summary_large_image\" \/>\n<meta name=\"twitter:title\" content=\"Biathlon Championnats d&#039;Europe : Les Bleues argent amer sur le relais femmes\" \/>\n<meta name=\"twitter:creator\" content=\"@dicodusport\" \/>\n<meta name=\"twitter:site\" content=\"@dicodusport\" \/>\n<script type=\"application\/ld+json\" class=\"yoast-schema-graph\">{\"@context\":\"https:\/\/schema.org\",\"@graph\":[{\"@type\":\"NewsArticle\",\"@id\":\"https:\/\/dicodusport.fr\/blog\/biathlon-championnats-deurope-les-bleues-argent-amer-sur-le-relais-femmes\/#article\",\"isPartOf\":{\"@id\":\"https:\/\/dicodusport.fr\/blog\/biathlon-championnats-deurope-les-bleues-argent-amer-sur-le-relais-femmes\/\"},\"author\":{\"name\":\"Etienne Goursaud\",\"@id\":\"https:\/\/dicodusport.fr\/blog\/#\/schema\/person\/d603dd7da31fb2b46c82b9835a77ec13\"},\"headline\":\"Biathlon Championnats d&rsquo;Europe : Les Bleues argent amer sur le relais femmes\",\"datePublished\":\"2025-02-02T11:02:57+00:00\",\"dateModified\":\"2025-07-09T16:35:51+00:00\",\"mainEntityOfPage\":{\"@id\":\"https:\/\/dicodusport.fr\/blog\/biathlon-championnats-deurope-les-bleues-argent-amer-sur-le-relais-femmes\/\"},\"wordCount\":770,\"commentCount\":0,\"publisher\":{\"@id\":\"https:\/\/dicodusport.fr\/blog\/#organization\"},\"image\":{\"@id\":\"https:\/\/dicodusport.fr\/blog\/biathlon-championnats-deurope-les-bleues-argent-amer-sur-le-relais-femmes\/#primaryimage\"},\"thumbnailUrl\":\"https:\/\/dicodusport.fr\/blog\/wp-content\/uploads\/2025\/02\/Biathlon-Championnats-dEurope-Les-Bleues-argent-amer-sur-le-relais-femmes.png\",\"keywords\":[\"actu\",\"Amandine Mengin\",\"Biathlon\",\"br\u00e8ve\",\"Camille Bened\",\"Gilonne Guigonnat\",\"Individuel hommes\",\"Relais femmes\",\"Sophie Chauveau\",\"sport\"],\"articleSection\":[\"Biathlon\"],\"inLanguage\":\"fr-FR\",\"potentialAction\":[{\"@type\":\"CommentAction\",\"name\":\"Comment\",\"target\":[\"https:\/\/dicodusport.fr\/blog\/biathlon-championnats-deurope-les-bleues-argent-amer-sur-le-relais-femmes\/#respond\"]}],\"copyrightYear\":\"2025\",\"copyrightHolder\":{\"@id\":\"https:\/\/dicodusport.fr\/blog\/#organization\"}},{\"@type\":\"WebPage\",\"@id\":\"https:\/\/dicodusport.fr\/blog\/biathlon-championnats-deurope-les-bleues-argent-amer-sur-le-relais-femmes\/\",\"url\":\"https:\/\/dicodusport.fr\/blog\/biathlon-championnats-deurope-les-bleues-argent-amer-sur-le-relais-femmes\/\",\"name\":\"Biathlon Championnats d'Europe : Les Bleues argent amer sur le relais femmes\",\"isPartOf\":{\"@id\":\"https:\/\/dicodusport.fr\/blog\/#website\"},\"primaryImageOfPage\":{\"@id\":\"https:\/\/dicodusport.fr\/blog\/biathlon-championnats-deurope-les-bleues-argent-amer-sur-le-relais-femmes\/#primaryimage\"},\"image\":{\"@id\":\"https:\/\/dicodusport.fr\/blog\/biathlon-championnats-deurope-les-bleues-argent-amer-sur-le-relais-femmes\/#primaryimage\"},\"thumbnailUrl\":\"https:\/\/dicodusport.fr\/blog\/wp-content\/uploads\/2025\/02\/Biathlon-Championnats-dEurope-Les-Bleues-argent-amer-sur-le-relais-femmes.png\",\"datePublished\":\"2025-02-02T11:02:57+00:00\",\"dateModified\":\"2025-07-09T16:35:51+00:00\",\"description\":\"CHAMPIONNATS D'EUROPE DE BIATHLON 2025 - Archi favorites de la course, les Fran\u00e7aises n'ont pris que la deuxi\u00e8me place du relais femmes.\",\"breadcrumb\":{\"@id\":\"https:\/\/dicodusport.fr\/blog\/biathlon-championnats-deurope-les-bleues-argent-amer-sur-le-relais-femmes\/#breadcrumb\"},\"inLanguage\":\"fr-FR\",\"potentialAction\":[{\"@type\":\"ReadAction\",\"target\":[\"https:\/\/dicodusport.fr\/blog\/biathlon-championnats-deurope-les-bleues-argent-amer-sur-le-relais-femmes\/\"]}]},{\"@type\":\"ImageObject\",\"inLanguage\":\"fr-FR\",\"@id\":\"https:\/\/dicodusport.fr\/blog\/biathlon-championnats-deurope-les-bleues-argent-amer-sur-le-relais-femmes\/#primaryimage\",\"url\":\"https:\/\/dicodusport.fr\/blog\/wp-content\/uploads\/2025\/02\/Biathlon-Championnats-dEurope-Les-Bleues-argent-amer-sur-le-relais-femmes.png\",\"contentUrl\":\"https:\/\/dicodusport.fr\/blog\/wp-content\/uploads\/2025\/02\/Biathlon-Championnats-dEurope-Les-Bleues-argent-amer-sur-le-relais-femmes.png\",\"width\":1200,\"height\":674,\"caption\":\"Biathlon Championnats d'Europe Les Bleues argent amer sur le relais femmes\"},{\"@type\":\"BreadcrumbList\",\"@id\":\"https:\/\/dicodusport.fr\/blog\/biathlon-championnats-deurope-les-bleues-argent-amer-sur-le-relais-femmes\/#breadcrumb\",\"itemListElement\":[{\"@type\":\"ListItem\",\"position\":1,\"name\":\"Accueil\",\"item\":\"https:\/\/dicodusport.fr\/blog\/\"},{\"@type\":\"ListItem\",\"position\":2,\"name\":\"Biathlon Championnats d&rsquo;Europe : Les Bleues argent amer sur le relais femmes\"}]},{\"@type\":\"WebSite\",\"@id\":\"https:\/\/dicodusport.fr\/blog\/#website\",\"url\":\"https:\/\/dicodusport.fr\/blog\/\",\"name\":\"Dicodusport\",\"description\":\"L&#039;encyclop\u00e9die de l&#039;actualit\u00e9 sportive\",\"publisher\":{\"@id\":\"https:\/\/dicodusport.fr\/blog\/#organization\"},\"potentialAction\":[{\"@type\":\"SearchAction\",\"target\":{\"@type\":\"EntryPoint\",\"urlTemplate\":\"https:\/\/dicodusport.fr\/blog\/?s={search_term_string}\"},\"query-input\":{\"@type\":\"PropertyValueSpecification\",\"valueRequired\":true,\"valueName\":\"search_term_string\"}}],\"inLanguage\":\"fr-FR\"},{\"@type\":\"NewsMediaOrganization\",\"@id\":\"https:\/\/dicodusport.fr\/blog\/#organization\",\"name\":\"Dicodusport\",\"url\":\"https:\/\/dicodusport.fr\/blog\/\",\"logo\":{\"@type\":\"ImageObject\",\"inLanguage\":\"fr-FR\",\"@id\":\"https:\/\/dicodusport.fr\/blog\/#\/schema\/logo\/image\/\",\"url\":\"https:\/\/dicodusport.fr\/blog\/wp-content\/uploads\/2020\/06\/cropped-LOGO-DICODUSPORT-2020-SANS-FOND-SANS-TEXTE.png\",\"contentUrl\":\"https:\/\/dicodusport.fr\/blog\/wp-content\/uploads\/2020\/06\/cropped-LOGO-DICODUSPORT-2020-SANS-FOND-SANS-TEXTE.png\",\"width\":512,\"height\":512,\"caption\":\"Dicodusport\"},\"image\":{\"@id\":\"https:\/\/dicodusport.fr\/blog\/#\/schema\/logo\/image\/\"},\"sameAs\":[\"https:\/\/www.facebook.com\/dicodusport\",\"https:\/\/x.com\/dicodusport\",\"https:\/\/www.instagram.com\/dicodusport\/\",\"https:\/\/www.youtube.com\/channel\/UC7V2KZ5sd3htJivAbA4ZG3w\"],\"description\":\"Dicodusport est l'encyclop\u00e9die de l'actualit\u00e9 sportive.\",\"email\":\"bonjour@dicodusport.fr\",\"legalName\":\"DICODUSPORT\",\"foundingDate\":\"2018-01-14\",\"vatID\":\"FR71834470973\",\"taxID\":\"83447097300043\",\"numberOfEmployees\":{\"@type\":\"QuantitativeValue\",\"minValue\":\"1\",\"maxValue\":\"10\"}},{\"@type\":\"Person\",\"@id\":\"https:\/\/dicodusport.fr\/blog\/#\/schema\/person\/d603dd7da31fb2b46c82b9835a77ec13\",\"name\":\"Etienne Goursaud\",\"image\":{\"@type\":\"ImageObject\",\"inLanguage\":\"fr-FR\",\"@id\":\"https:\/\/dicodusport.fr\/blog\/#\/schema\/person\/image\/\",\"url\":\"https:\/\/dicodusport.fr\/blog\/wp-content\/uploads\/2023\/12\/410122264_10231602061736049_5565839791558026645_n-150x150.jpg\",\"contentUrl\":\"https:\/\/dicodusport.fr\/blog\/wp-content\/uploads\/2023\/12\/410122264_10231602061736049_5565839791558026645_n-150x150.jpg\",\"caption\":\"Etienne Goursaud\"},\"description\":\"Journaliste et amoureux de sport. Ancien footballeur reconverti athl\u00e8te quand ses muscles le laissent tranquille. \u00c9lev\u00e9 \u00e0 la sauce des exploits de Thomas Voeckler en 2004, du dernier essai de l\u00e9gende de Eunice Barber \u00e0 la longueur lors des championnats du monde d'athl\u00e9tisme de 2003 mais aussi Zidane, Omeyer et Titou Lamaison.\",\"url\":\"https:\/\/dicodusport.fr\/blog\/author\/etienne-goursaud\/\"}]}<\/script>\n<!-- \/ Yoast SEO Premium plugin. -->","yoast_head_json":{"title":"Biathlon Championnats d'Europe : Les Bleues argent amer sur le relais femmes","description":"CHAMPIONNATS D'EUROPE DE BIATHLON 2025 - Archi favorites de la course, les Fran\u00e7aises n'ont pris que la deuxi\u00e8me place du relais femmes.","robots":{"index":"index","follow":"follow","max-snippet":"max-snippet:-1","max-image-preview":"max-image-preview:large","max-video-preview":"max-video-preview:-1"},"canonical":"https:\/\/dicodusport.fr\/blog\/biathlon-championnats-deurope-les-bleues-argent-amer-sur-le-relais-femmes\/","og_locale":"fr_FR","og_type":"article","og_title":"Biathlon Championnats d'Europe : Les Bleues argent amer sur le relais femmes","og_description":"CHAMPIONNATS D'EUROPE DE BIATHLON 2025 - Archi favorites de la course, les Fran\u00e7aises n'ont pris que la deuxi\u00e8me place du relais femmes.","og_url":"https:\/\/dicodusport.fr\/blog\/biathlon-championnats-deurope-les-bleues-argent-amer-sur-le-relais-femmes\/","og_site_name":"Dicodusport","article_publisher":"https:\/\/www.facebook.com\/dicodusport","article_published_time":"2025-02-02T11:02:57+00:00","article_modified_time":"2025-07-09T16:35:51+00:00","og_image":[{"width":1200,"height":674,"url":"https:\/\/dicodusport.fr\/blog\/wp-content\/uploads\/2025\/02\/Biathlon-Championnats-dEurope-Les-Bleues-argent-amer-sur-le-relais-femmes.png","type":"image\/png"}],"author":"Etienne Goursaud","twitter_card":"summary_large_image","twitter_title":"Biathlon Championnats d'Europe : Les Bleues argent amer sur le relais femmes","twitter_creator":"@dicodusport","twitter_site":"@dicodusport","schema":{"@context":"https:\/\/schema.org","@graph":[{"@type":"NewsArticle","@id":"https:\/\/dicodusport.fr\/blog\/biathlon-championnats-deurope-les-bleues-argent-amer-sur-le-relais-femmes\/#article","isPartOf":{"@id":"https:\/\/dicodusport.fr\/blog\/biathlon-championnats-deurope-les-bleues-argent-amer-sur-le-relais-femmes\/"},"author":{"name":"Etienne Goursaud","@id":"https:\/\/dicodusport.fr\/blog\/#\/schema\/person\/d603dd7da31fb2b46c82b9835a77ec13"},"headline":"Biathlon Championnats d&rsquo;Europe : Les Bleues argent amer sur le relais femmes","datePublished":"2025-02-02T11:02:57+00:00","dateModified":"2025-07-09T16:35:51+00:00","mainEntityOfPage":{"@id":"https:\/\/dicodusport.fr\/blog\/biathlon-championnats-deurope-les-bleues-argent-amer-sur-le-relais-femmes\/"},"wordCount":770,"commentCount":0,"publisher":{"@id":"https:\/\/dicodusport.fr\/blog\/#organization"},"image":{"@id":"https:\/\/dicodusport.fr\/blog\/biathlon-championnats-deurope-les-bleues-argent-amer-sur-le-relais-femmes\/#primaryimage"},"thumbnailUrl":"https:\/\/dicodusport.fr\/blog\/wp-content\/uploads\/2025\/02\/Biathlon-Championnats-dEurope-Les-Bleues-argent-amer-sur-le-relais-femmes.png","keywords":["actu","Amandine Mengin","Biathlon","br\u00e8ve","Camille Bened","Gilonne Guigonnat","Individuel hommes","Relais femmes","Sophie Chauveau","sport"],"articleSection":["Biathlon"],"inLanguage":"fr-FR","potentialAction":[{"@type":"CommentAction","name":"Comment","target":["https:\/\/dicodusport.fr\/blog\/biathlon-championnats-deurope-les-bleues-argent-amer-sur-le-relais-femmes\/#respond"]}],"copyrightYear":"2025","copyrightHolder":{"@id":"https:\/\/dicodusport.fr\/blog\/#organization"}},{"@type":"WebPage","@id":"https:\/\/dicodusport.fr\/blog\/biathlon-championnats-deurope-les-bleues-argent-amer-sur-le-relais-femmes\/","url":"https:\/\/dicodusport.fr\/blog\/biathlon-championnats-deurope-les-bleues-argent-amer-sur-le-relais-femmes\/","name":"Biathlon Championnats d'Europe : Les Bleues argent amer sur le relais femmes","isPartOf":{"@id":"https:\/\/dicodusport.fr\/blog\/#website"},"primaryImageOfPage":{"@id":"https:\/\/dicodusport.fr\/blog\/biathlon-championnats-deurope-les-bleues-argent-amer-sur-le-relais-femmes\/#primaryimage"},"image":{"@id":"https:\/\/dicodusport.fr\/blog\/biathlon-championnats-deurope-les-bleues-argent-amer-sur-le-relais-femmes\/#primaryimage"},"thumbnailUrl":"https:\/\/dicodusport.fr\/blog\/wp-content\/uploads\/2025\/02\/Biathlon-Championnats-dEurope-Les-Bleues-argent-amer-sur-le-relais-femmes.png","datePublished":"2025-02-02T11:02:57+00:00","dateModified":"2025-07-09T16:35:51+00:00","description":"CHAMPIONNATS D'EUROPE DE BIATHLON 2025 - Archi favorites de la course, les Fran\u00e7aises n'ont pris que la deuxi\u00e8me place du relais femmes.","breadcrumb":{"@id":"https:\/\/dicodusport.fr\/blog\/biathlon-championnats-deurope-les-bleues-argent-amer-sur-le-relais-femmes\/#breadcrumb"},"inLanguage":"fr-FR","potentialAction":[{"@type":"ReadAction","target":["https:\/\/dicodusport.fr\/blog\/biathlon-championnats-deurope-les-bleues-argent-amer-sur-le-relais-femmes\/"]}]},{"@type":"ImageObject","inLanguage":"fr-FR","@id":"https:\/\/dicodusport.fr\/blog\/biathlon-championnats-deurope-les-bleues-argent-amer-sur-le-relais-femmes\/#primaryimage","url":"https:\/\/dicodusport.fr\/blog\/wp-content\/uploads\/2025\/02\/Biathlon-Championnats-dEurope-Les-Bleues-argent-amer-sur-le-relais-femmes.png","contentUrl":"https:\/\/dicodusport.fr\/blog\/wp-content\/uploads\/2025\/02\/Biathlon-Championnats-dEurope-Les-Bleues-argent-amer-sur-le-relais-femmes.png","width":1200,"height":674,"caption":"Biathlon Championnats d'Europe Les Bleues argent amer sur le relais femmes"},{"@type":"BreadcrumbList","@id":"https:\/\/dicodusport.fr\/blog\/biathlon-championnats-deurope-les-bleues-argent-amer-sur-le-relais-femmes\/#breadcrumb","itemListElement":[{"@type":"ListItem","position":1,"name":"Accueil","item":"https:\/\/dicodusport.fr\/blog\/"},{"@type":"ListItem","position":2,"name":"Biathlon Championnats d&rsquo;Europe : Les Bleues argent amer sur le relais femmes"}]},{"@type":"WebSite","@id":"https:\/\/dicodusport.fr\/blog\/#website","url":"https:\/\/dicodusport.fr\/blog\/","name":"Dicodusport","description":"L&#039;encyclop\u00e9die de l&#039;actualit\u00e9 sportive","publisher":{"@id":"https:\/\/dicodusport.fr\/blog\/#organization"},"potentialAction":[{"@type":"SearchAction","target":{"@type":"EntryPoint","urlTemplate":"https:\/\/dicodusport.fr\/blog\/?s={search_term_string}"},"query-input":{"@type":"PropertyValueSpecification","valueRequired":true,"valueName":"search_term_string"}}],"inLanguage":"fr-FR"},{"@type":"NewsMediaOrganization","@id":"https:\/\/dicodusport.fr\/blog\/#organization","name":"Dicodusport","url":"https:\/\/dicodusport.fr\/blog\/","logo":{"@type":"ImageObject","inLanguage":"fr-FR","@id":"https:\/\/dicodusport.fr\/blog\/#\/schema\/logo\/image\/","url":"https:\/\/dicodusport.fr\/blog\/wp-content\/uploads\/2020\/06\/cropped-LOGO-DICODUSPORT-2020-SANS-FOND-SANS-TEXTE.png","contentUrl":"https:\/\/dicodusport.fr\/blog\/wp-content\/uploads\/2020\/06\/cropped-LOGO-DICODUSPORT-2020-SANS-FOND-SANS-TEXTE.png","width":512,"height":512,"caption":"Dicodusport"},"image":{"@id":"https:\/\/dicodusport.fr\/blog\/#\/schema\/logo\/image\/"},"sameAs":["https:\/\/www.facebook.com\/dicodusport","https:\/\/x.com\/dicodusport","https:\/\/www.instagram.com\/dicodusport\/","https:\/\/www.youtube.com\/channel\/UC7V2KZ5sd3htJivAbA4ZG3w"],"description":"Dicodusport est l'encyclop\u00e9die de l'actualit\u00e9 sportive.","email":"bonjour@dicodusport.fr","legalName":"DICODUSPORT","foundingDate":"2018-01-14","vatID":"FR71834470973","taxID":"83447097300043","numberOfEmployees":{"@type":"QuantitativeValue","minValue":"1","maxValue":"10"}},{"@type":"Person","@id":"https:\/\/dicodusport.fr\/blog\/#\/schema\/person\/d603dd7da31fb2b46c82b9835a77ec13","name":"Etienne Goursaud","image":{"@type":"ImageObject","inLanguage":"fr-FR","@id":"https:\/\/dicodusport.fr\/blog\/#\/schema\/person\/image\/","url":"https:\/\/dicodusport.fr\/blog\/wp-content\/uploads\/2023\/12\/410122264_10231602061736049_5565839791558026645_n-150x150.jpg","contentUrl":"https:\/\/dicodusport.fr\/blog\/wp-content\/uploads\/2023\/12\/410122264_10231602061736049_5565839791558026645_n-150x150.jpg","caption":"Etienne Goursaud"},"description":"Journaliste et amoureux de sport. Ancien footballeur reconverti athl\u00e8te quand ses muscles le laissent tranquille. \u00c9lev\u00e9 \u00e0 la sauce des exploits de Thomas Voeckler en 2004, du dernier essai de l\u00e9gende de Eunice Barber \u00e0 la longueur lors des championnats du monde d'athl\u00e9tisme de 2003 mais aussi Zidane, Omeyer et Titou Lamaison.","url":"https:\/\/dicodusport.fr\/blog\/author\/etienne-goursaud\/"}]}},"_links":{"self":[{"href":"https:\/\/dicodusport.fr\/blog\/wp-json\/wp\/v2\/posts\/552229","targetHints":{"allow":["GET"]}}],"collection":[{"href":"https:\/\/dicodusport.fr\/blog\/wp-json\/wp\/v2\/posts"}],"about":[{"href":"https:\/\/dicodusport.fr\/blog\/wp-json\/wp\/v2\/types\/post"}],"author":[{"embeddable":true,"href":"https:\/\/dicodusport.fr\/blog\/wp-json\/wp\/v2\/users\/83"}],"replies":[{"embeddable":true,"href":"https:\/\/dicodusport.fr\/blog\/wp-json\/wp\/v2\/comments?post=552229"}],"version-history":[{"count":5,"href":"https:\/\/dicodusport.fr\/blog\/wp-json\/wp\/v2\/posts\/552229\/revisions"}],"predecessor-version":[{"id":552252,"href":"https:\/\/dicodusport.fr\/blog\/wp-json\/wp\/v2\/posts\/552229\/revisions\/552252"}],"wp:featuredmedia":[{"embeddable":true,"href":"https:\/\/dicodusport.fr\/blog\/wp-json\/wp\/v2\/media\/552244"}],"wp:attachment":[{"href":"https:\/\/dicodusport.fr\/blog\/wp-json\/wp\/v2\/media?parent=552229"}],"wp:term":[{"taxonomy":"category","embeddable":true,"href":"https:\/\/dicodusport.fr\/blog\/wp-json\/wp\/v2\/categories?post=552229"},{"taxonomy":"post_tag","embeddable":true,"href":"https:\/\/dicodusport.fr\/blog\/wp-json\/wp\/v2\/tags?post=552229"}],"curies":[{"name":"wp","href":"https:\/\/api.w.org\/{rel}","templated":true}]}}