{"id":552389,"date":"2025-02-02T16:28:36","date_gmt":"2025-02-02T15:28:36","guid":{"rendered":"https:\/\/dicodusport.fr\/blog\/?p=552389&#038;preview=true&#038;preview_id=552389"},"modified":"2025-02-02T17:39:06","modified_gmt":"2025-02-02T16:39:06","slug":"atp-challenger-2025-ugo-blanchet-sadjuge-son-deuxieme-titre-sur-le-circuit","status":"publish","type":"post","link":"https:\/\/dicodusport.fr\/blog\/atp-challenger-2025-ugo-blanchet-sadjuge-son-deuxieme-titre-sur-le-circuit\/","title":{"rendered":"ATP Challenger 2025 : Ugo Blanchet s&rsquo;adjuge son deuxi\u00e8me titre sur le circuit !"},"content":{"rendered":"<h4 style=\"text-align: justify;\"><em><a href=\"https:\/\/dicodusport.fr\/blog\/?s=atp+challenger\">ATP CHALLENGER 2025<\/a> &#8211; \u00c0 26 ans, Ugo Blanchet (n\u00b0226 mondial) a remport\u00e9 son deuxi\u00e8me titre sur le circuit Challenger. Le pensionnaire de la All-In Academy s&rsquo;est impos\u00e9 en finale du Challenger 100 de Koblenz (Allemagne) face \u00e0 l&rsquo;Italien Nardi, de loin le joueur le mieux class\u00e9 du tournoi (n\u00b083), 6-3 3-6 7-6. Capable de grands coups mais tr\u00e8s irr\u00e9gulier dans ses r\u00e9sultats, Blanchet courait apr\u00e8s depuis son premier titre en octobre 2023.<br \/>\n<\/em><\/h4>\n<p style=\"text-align: justify;\">La tourn\u00e9e indoor continue \u00e0 r\u00e9ussir aux joueurs fran\u00e7ais. Une semaine apr\u00e8s <a href=\"https:\/\/dicodusport.fr\/blog\/atp-challenger-2025-premier-titre-pour-sascha-gueymard-wayenburg-qui-se-revele-enfin\/\">le titre inattendu de <strong>Sascha Gueymard Wayenburg<\/strong> \u00e0 Lille<\/a>, c&rsquo;est un autre tricolore qui est sacr\u00e9 \u00e0 400 kilom\u00e8tres de l\u00e0. Alors quel la plupart de ses compatriotes s&rsquo;alignent sur les tournois fran\u00e7ais dans cette p\u00e9riode, <strong>Ugo Blanchet<\/strong> (n\u00b0226) a fait le choix de s&rsquo;exporter. Bien lui en a pris. Apr\u00e8s un d\u00e9but de saison mitig\u00e9, le haut-savoyard a frapp\u00e9 un grand coup au Challenger 100 de Koblenz. Une semaine remarquable et sortie de nulle part, comme il en a l&rsquo;habitude. Pour s&rsquo;adjuger le titre, <strong>il a d\u00fb remporter trois matchs&#8230; au tie-break final du troisi\u00e8me set<\/strong>. Ce qui d\u00e9montre d&rsquo;un calme et d&rsquo;une force mentale exemplaire.<\/p>\n<h2>Un titre qui soulage<\/h2>\n<p style=\"text-align: justify;\">Rien d&rsquo;\u00e9vident pourtant \u00e0 ce que Blanchet remporte un Challenger 100 en indoor quand on sait qu&rsquo;il avait <strong>moins de 50% de victoires sur la surface avant ce tournoi<\/strong>, contre plus de 60% sur les autres. Il n&rsquo;avait encore jamais atteint les quarts de finale d&rsquo;un Challenger sur dur int\u00e9rieur, ni m\u00eame gagn\u00e9 de tournoi ITF. Mais cette semaine, ses sensations \u00e9taient bonnes et son jeu s&rsquo;est mis en place parfaitement. \u00c0 l&rsquo;image de cette finale contre <strong>Luca Nardi<\/strong>, o\u00f9 il a envoy\u00e9 12 aces et g\u00e9r\u00e9 d&rsquo;une main de ma\u00eetre le tie-break final en \u00e9tant plus agressif que son adversaire. L&rsquo;Italien est m\u00eame<strong> le troisi\u00e8me joueur le mieux class\u00e9 que Blanchet bat dans sa carri\u00e8re<\/strong>. Il en sera venu \u00e0 bout apr\u00e8s 2h11 de finale.<\/p>\n<p style=\"text-align: justify;\">Ce titre revient comme une bouff\u00e9e d&rsquo;air frais pour le Fran\u00e7ais, qui \u00e9tait en train de d\u00e9gringoler au classement. Il \u00e9tait sur le point sortir du cut des qualifications de Grand Chelem (Top 240), crucial sur le plan financier pour tous les joueurs des circuits secondaires. Avec ces 100 points engrang\u00e9s, <strong>il remonte au 159e rang mondial<\/strong>. Lors des prochaines semaines, il a d\u00e9cid\u00e9 de s&rsquo;exporter encore plus loin en allant faire la tourn\u00e9e des Challengers sur dur ext\u00e9rieur en&#8230; Inde. Il aura l&rsquo;opportunit\u00e9 d&rsquo;engranger encore plus de points malgr\u00e9 les conditions totalement diff\u00e9rentes. Afin de se rapprocher de son meilleur classement en carri\u00e8re (n\u00b0139), <strong>voire m\u00eame d&rsquo;un \u00e9ventuel Top 100<\/strong>. Alors qu&rsquo;il vient de f\u00eater ses 26 ans, tout est encore possible pour lui.<\/p>\n<blockquote class=\"twitter-tweet\">\n<p dir=\"ltr\" lang=\"fr\">UGOOOO BLANCHET \ud83c\uddeb\ud83c\uddf7 REMPORTE KOBLENZ !<\/p>\n<p>Oui, quelle victoire, quelle semaine pour Ugo, 26 ans, qui s&rsquo;en sort face \u00e0 Nardi \ud83c\uddee\ud83c\uddf9 n\u00b083.<\/p>\n<p>Vraiment tr\u00e8s content, mental de guerrier, il a termin\u00e9 3 fois 7\/6 au der cette semaine.<\/p>\n<p>C&rsquo;est fort, il sera 160 ATP avec ce 2\u00e8me titre\u2026 <a href=\"https:\/\/t.co\/jSl8lm2Dm3\">pic.twitter.com\/jSl8lm2Dm3<\/a><\/p>\n<p>\u2014 Romain \ud83c\udfbe\ud83c\uddeb\ud83c\uddf7 (@RomainNextGen) <a href=\"https:\/\/twitter.com\/RomainNextGen\/status\/1886074959992160688?ref_src=twsrc%5Etfw\">February 2, 2025<\/a><\/p><\/blockquote>\n<p style=\"text-align: justify;\"><script async src=\"https:\/\/platform.twitter.com\/widgets.js\" charset=\"utf-8\"><\/script><\/p>\n","protected":false},"excerpt":{"rendered":"<p>ATP CHALLENGER 2025 &#8211; \u00c0 26 ans, Ugo Blanchet (n\u00b0226 mondial) a remport\u00e9 son deuxi\u00e8me titre sur le circuit Challenger. Le pensionnaire de la All-In Academy s&rsquo;est impos\u00e9 en finale du Challenger 100 de Koblenz (Allemagne) face \u00e0 l&rsquo;Italien Nardi, de loin le joueur le mieux class\u00e9 du tournoi (n\u00b083), 6-3 3-6 7-6. Capable de [&hellip;]<\/p>\n","protected":false},"author":13,"featured_media":552420,"comment_status":"open","ping_status":"closed","sticky":false,"template":"","format":"standard","meta":{"_acf_changed":false,"_daextam_enable_autolinks":"1","footnotes":""},"categories":[2302],"tags":[16878,23734,25148],"class_list":["post-552389","post","type-post","status-publish","format-standard","has-post-thumbnail","hentry","category-tennis","tag-breve","tag-jeune-francais-tennis","tag-ugo-blanchet"],"acf":[],"yoast_head":"<!-- This site is optimized with the Yoast SEO Premium plugin v26.7 (Yoast SEO v26.7) - https:\/\/yoast.com\/wordpress\/plugins\/seo\/ -->\n<title>ATP Challenger 2025 : Ugo Blanchet s&#039;adjuge son deuxi\u00e8me titre sur le circuit !<\/title>\n<meta name=\"description\" content=\"\u00c0 26 ans, Ugo Blanchet (n\u00b0226 mondial) a remport\u00e9 le Challenger 100 de Koblenz (Allemagne), son deuxi\u00e8me sur le circuit secondaire.\" \/>\n<meta name=\"robots\" content=\"index, follow, max-snippet:-1, max-image-preview:large, max-video-preview:-1\" \/>\n<link rel=\"canonical\" href=\"https:\/\/dicodusport.fr\/blog\/atp-challenger-2025-ugo-blanchet-sadjuge-son-deuxieme-titre-sur-le-circuit\/\" \/>\n<meta property=\"og:locale\" content=\"fr_FR\" \/>\n<meta property=\"og:type\" content=\"article\" \/>\n<meta property=\"og:title\" content=\"ATP Challenger 2025 : Ugo Blanchet s&#039;adjuge son deuxi\u00e8me titre sur le circuit !\" \/>\n<meta property=\"og:description\" content=\"\u00c0 26 ans, Ugo Blanchet (n\u00b0226 mondial) a remport\u00e9 le Challenger 100 de Koblenz (Allemagne), son deuxi\u00e8me sur le circuit secondaire.\" \/>\n<meta property=\"og:url\" content=\"https:\/\/dicodusport.fr\/blog\/atp-challenger-2025-ugo-blanchet-sadjuge-son-deuxieme-titre-sur-le-circuit\/\" \/>\n<meta property=\"og:site_name\" content=\"Dicodusport\" \/>\n<meta property=\"article:publisher\" content=\"https:\/\/www.facebook.com\/dicodusport\" \/>\n<meta property=\"article:published_time\" content=\"2025-02-02T15:28:36+00:00\" \/>\n<meta property=\"article:modified_time\" content=\"2025-02-02T16:39:06+00:00\" \/>\n<meta property=\"og:image\" content=\"https:\/\/dicodusport.fr\/blog\/wp-content\/uploads\/2025\/02\/atp-challenger-2025-ugo-blanchet-sadjuge-son-deuxieme-titre-sur-le-circuit.png\" \/>\n\t<meta property=\"og:image:width\" content=\"1200\" \/>\n\t<meta property=\"og:image:height\" content=\"674\" \/>\n\t<meta property=\"og:image:type\" content=\"image\/png\" \/>\n<meta name=\"author\" content=\"Tom Compayrot\" \/>\n<meta name=\"twitter:card\" content=\"summary_large_image\" \/>\n<meta name=\"twitter:title\" content=\"ATP Challenger 2025 : Ugo Blanchet s&#039;adjuge son deuxi\u00e8me titre sur le circuit !\" \/>\n<meta name=\"twitter:creator\" content=\"@https:\/\/twitter.com\/Tom_Cprt\" \/>\n<meta name=\"twitter:site\" content=\"@dicodusport\" \/>\n<script type=\"application\/ld+json\" class=\"yoast-schema-graph\">{\"@context\":\"https:\/\/schema.org\",\"@graph\":[{\"@type\":\"NewsArticle\",\"@id\":\"https:\/\/dicodusport.fr\/blog\/atp-challenger-2025-ugo-blanchet-sadjuge-son-deuxieme-titre-sur-le-circuit\/#article\",\"isPartOf\":{\"@id\":\"https:\/\/dicodusport.fr\/blog\/atp-challenger-2025-ugo-blanchet-sadjuge-son-deuxieme-titre-sur-le-circuit\/\"},\"author\":{\"name\":\"Tom Compayrot\",\"@id\":\"https:\/\/dicodusport.fr\/blog\/#\/schema\/person\/bf1e4f404e108bd2be5b447b16bde9a7\"},\"headline\":\"ATP Challenger 2025 : Ugo Blanchet s&rsquo;adjuge son deuxi\u00e8me titre sur le circuit !\",\"datePublished\":\"2025-02-02T15:28:36+00:00\",\"dateModified\":\"2025-02-02T16:39:06+00:00\",\"mainEntityOfPage\":{\"@id\":\"https:\/\/dicodusport.fr\/blog\/atp-challenger-2025-ugo-blanchet-sadjuge-son-deuxieme-titre-sur-le-circuit\/\"},\"wordCount\":549,\"commentCount\":0,\"publisher\":{\"@id\":\"https:\/\/dicodusport.fr\/blog\/#organization\"},\"image\":{\"@id\":\"https:\/\/dicodusport.fr\/blog\/atp-challenger-2025-ugo-blanchet-sadjuge-son-deuxieme-titre-sur-le-circuit\/#primaryimage\"},\"thumbnailUrl\":\"https:\/\/dicodusport.fr\/blog\/wp-content\/uploads\/2025\/02\/atp-challenger-2025-ugo-blanchet-sadjuge-son-deuxieme-titre-sur-le-circuit.png\",\"keywords\":[\"br\u00e8ve\",\"jeune fran\u00e7ais tennis\",\"Ugo blanchet\"],\"articleSection\":[\"Tennis\"],\"inLanguage\":\"fr-FR\",\"potentialAction\":[{\"@type\":\"CommentAction\",\"name\":\"Comment\",\"target\":[\"https:\/\/dicodusport.fr\/blog\/atp-challenger-2025-ugo-blanchet-sadjuge-son-deuxieme-titre-sur-le-circuit\/#respond\"]}],\"copyrightYear\":\"2025\",\"copyrightHolder\":{\"@id\":\"https:\/\/dicodusport.fr\/blog\/#organization\"}},{\"@type\":\"WebPage\",\"@id\":\"https:\/\/dicodusport.fr\/blog\/atp-challenger-2025-ugo-blanchet-sadjuge-son-deuxieme-titre-sur-le-circuit\/\",\"url\":\"https:\/\/dicodusport.fr\/blog\/atp-challenger-2025-ugo-blanchet-sadjuge-son-deuxieme-titre-sur-le-circuit\/\",\"name\":\"ATP Challenger 2025 : Ugo Blanchet s'adjuge son deuxi\u00e8me titre sur le circuit !\",\"isPartOf\":{\"@id\":\"https:\/\/dicodusport.fr\/blog\/#website\"},\"primaryImageOfPage\":{\"@id\":\"https:\/\/dicodusport.fr\/blog\/atp-challenger-2025-ugo-blanchet-sadjuge-son-deuxieme-titre-sur-le-circuit\/#primaryimage\"},\"image\":{\"@id\":\"https:\/\/dicodusport.fr\/blog\/atp-challenger-2025-ugo-blanchet-sadjuge-son-deuxieme-titre-sur-le-circuit\/#primaryimage\"},\"thumbnailUrl\":\"https:\/\/dicodusport.fr\/blog\/wp-content\/uploads\/2025\/02\/atp-challenger-2025-ugo-blanchet-sadjuge-son-deuxieme-titre-sur-le-circuit.png\",\"datePublished\":\"2025-02-02T15:28:36+00:00\",\"dateModified\":\"2025-02-02T16:39:06+00:00\",\"description\":\"\u00c0 26 ans, Ugo Blanchet (n\u00b0226 mondial) a remport\u00e9 le Challenger 100 de Koblenz (Allemagne), son deuxi\u00e8me sur le circuit secondaire.\",\"breadcrumb\":{\"@id\":\"https:\/\/dicodusport.fr\/blog\/atp-challenger-2025-ugo-blanchet-sadjuge-son-deuxieme-titre-sur-le-circuit\/#breadcrumb\"},\"inLanguage\":\"fr-FR\",\"potentialAction\":[{\"@type\":\"ReadAction\",\"target\":[\"https:\/\/dicodusport.fr\/blog\/atp-challenger-2025-ugo-blanchet-sadjuge-son-deuxieme-titre-sur-le-circuit\/\"]}]},{\"@type\":\"ImageObject\",\"inLanguage\":\"fr-FR\",\"@id\":\"https:\/\/dicodusport.fr\/blog\/atp-challenger-2025-ugo-blanchet-sadjuge-son-deuxieme-titre-sur-le-circuit\/#primaryimage\",\"url\":\"https:\/\/dicodusport.fr\/blog\/wp-content\/uploads\/2025\/02\/atp-challenger-2025-ugo-blanchet-sadjuge-son-deuxieme-titre-sur-le-circuit.png\",\"contentUrl\":\"https:\/\/dicodusport.fr\/blog\/wp-content\/uploads\/2025\/02\/atp-challenger-2025-ugo-blanchet-sadjuge-son-deuxieme-titre-sur-le-circuit.png\",\"width\":1200,\"height\":674},{\"@type\":\"BreadcrumbList\",\"@id\":\"https:\/\/dicodusport.fr\/blog\/atp-challenger-2025-ugo-blanchet-sadjuge-son-deuxieme-titre-sur-le-circuit\/#breadcrumb\",\"itemListElement\":[{\"@type\":\"ListItem\",\"position\":1,\"name\":\"Accueil\",\"item\":\"https:\/\/dicodusport.fr\/blog\/\"},{\"@type\":\"ListItem\",\"position\":2,\"name\":\"ATP Challenger 2025 : Ugo Blanchet s&#8217;adjuge son deuxi\u00e8me titre sur le circuit !\"}]},{\"@type\":\"WebSite\",\"@id\":\"https:\/\/dicodusport.fr\/blog\/#website\",\"url\":\"https:\/\/dicodusport.fr\/blog\/\",\"name\":\"Dicodusport\",\"description\":\"L&#039;encyclop\u00e9die de l&#039;actualit\u00e9 sportive\",\"publisher\":{\"@id\":\"https:\/\/dicodusport.fr\/blog\/#organization\"},\"potentialAction\":[{\"@type\":\"SearchAction\",\"target\":{\"@type\":\"EntryPoint\",\"urlTemplate\":\"https:\/\/dicodusport.fr\/blog\/?s={search_term_string}\"},\"query-input\":{\"@type\":\"PropertyValueSpecification\",\"valueRequired\":true,\"valueName\":\"search_term_string\"}}],\"inLanguage\":\"fr-FR\"},{\"@type\":\"NewsMediaOrganization\",\"@id\":\"https:\/\/dicodusport.fr\/blog\/#organization\",\"name\":\"Dicodusport\",\"url\":\"https:\/\/dicodusport.fr\/blog\/\",\"logo\":{\"@type\":\"ImageObject\",\"inLanguage\":\"fr-FR\",\"@id\":\"https:\/\/dicodusport.fr\/blog\/#\/schema\/logo\/image\/\",\"url\":\"https:\/\/dicodusport.fr\/blog\/wp-content\/uploads\/2020\/06\/cropped-LOGO-DICODUSPORT-2020-SANS-FOND-SANS-TEXTE.png\",\"contentUrl\":\"https:\/\/dicodusport.fr\/blog\/wp-content\/uploads\/2020\/06\/cropped-LOGO-DICODUSPORT-2020-SANS-FOND-SANS-TEXTE.png\",\"width\":512,\"height\":512,\"caption\":\"Dicodusport\"},\"image\":{\"@id\":\"https:\/\/dicodusport.fr\/blog\/#\/schema\/logo\/image\/\"},\"sameAs\":[\"https:\/\/www.facebook.com\/dicodusport\",\"https:\/\/x.com\/dicodusport\",\"https:\/\/www.instagram.com\/dicodusport\/\",\"https:\/\/www.youtube.com\/channel\/UC7V2KZ5sd3htJivAbA4ZG3w\"],\"description\":\"Dicodusport est l'encyclop\u00e9die de l'actualit\u00e9 sportive.\",\"email\":\"bonjour@dicodusport.fr\",\"legalName\":\"DICODUSPORT\",\"foundingDate\":\"2018-01-14\",\"vatID\":\"FR71834470973\",\"taxID\":\"83447097300043\",\"numberOfEmployees\":{\"@type\":\"QuantitativeValue\",\"minValue\":\"1\",\"maxValue\":\"10\"}},{\"@type\":\"Person\",\"@id\":\"https:\/\/dicodusport.fr\/blog\/#\/schema\/person\/bf1e4f404e108bd2be5b447b16bde9a7\",\"name\":\"Tom Compayrot\",\"image\":{\"@type\":\"ImageObject\",\"inLanguage\":\"fr-FR\",\"@id\":\"https:\/\/dicodusport.fr\/blog\/#\/schema\/person\/image\/\",\"url\":\"https:\/\/dicodusport.fr\/blog\/wp-content\/uploads\/2021\/05\/Tom-Compayrot-150x150.jpg\",\"contentUrl\":\"https:\/\/dicodusport.fr\/blog\/wp-content\/uploads\/2021\/05\/Tom-Compayrot-150x150.jpg\",\"caption\":\"Tom Compayrot\"},\"description\":\"Journaliste\/r\u00e9dacteur depuis mars 2017 - Amoureux de la petite balle jaune et du gros ballon orange qui tra\u00eene sa carcasse sur Dicodusport depuis 2017. Rafael Nadal et LeBron James sont les meilleurs joueurs de l'histoire.\",\"sameAs\":[\"https:\/\/x.com\/https:\/\/twitter.com\/Tom_Cprt\"],\"url\":\"https:\/\/dicodusport.fr\/blog\/author\/tom\/\"}]}<\/script>\n<!-- \/ Yoast SEO Premium plugin. -->","yoast_head_json":{"title":"ATP Challenger 2025 : Ugo Blanchet s'adjuge son deuxi\u00e8me titre sur le circuit !","description":"\u00c0 26 ans, Ugo Blanchet (n\u00b0226 mondial) a remport\u00e9 le Challenger 100 de Koblenz (Allemagne), son deuxi\u00e8me sur le circuit secondaire.","robots":{"index":"index","follow":"follow","max-snippet":"max-snippet:-1","max-image-preview":"max-image-preview:large","max-video-preview":"max-video-preview:-1"},"canonical":"https:\/\/dicodusport.fr\/blog\/atp-challenger-2025-ugo-blanchet-sadjuge-son-deuxieme-titre-sur-le-circuit\/","og_locale":"fr_FR","og_type":"article","og_title":"ATP Challenger 2025 : Ugo Blanchet s'adjuge son deuxi\u00e8me titre sur le circuit !","og_description":"\u00c0 26 ans, Ugo Blanchet (n\u00b0226 mondial) a remport\u00e9 le Challenger 100 de Koblenz (Allemagne), son deuxi\u00e8me sur le circuit secondaire.","og_url":"https:\/\/dicodusport.fr\/blog\/atp-challenger-2025-ugo-blanchet-sadjuge-son-deuxieme-titre-sur-le-circuit\/","og_site_name":"Dicodusport","article_publisher":"https:\/\/www.facebook.com\/dicodusport","article_published_time":"2025-02-02T15:28:36+00:00","article_modified_time":"2025-02-02T16:39:06+00:00","og_image":[{"width":1200,"height":674,"url":"https:\/\/dicodusport.fr\/blog\/wp-content\/uploads\/2025\/02\/atp-challenger-2025-ugo-blanchet-sadjuge-son-deuxieme-titre-sur-le-circuit.png","type":"image\/png"}],"author":"Tom Compayrot","twitter_card":"summary_large_image","twitter_title":"ATP Challenger 2025 : Ugo Blanchet s'adjuge son deuxi\u00e8me titre sur le circuit !","twitter_creator":"@https:\/\/twitter.com\/Tom_Cprt","twitter_site":"@dicodusport","schema":{"@context":"https:\/\/schema.org","@graph":[{"@type":"NewsArticle","@id":"https:\/\/dicodusport.fr\/blog\/atp-challenger-2025-ugo-blanchet-sadjuge-son-deuxieme-titre-sur-le-circuit\/#article","isPartOf":{"@id":"https:\/\/dicodusport.fr\/blog\/atp-challenger-2025-ugo-blanchet-sadjuge-son-deuxieme-titre-sur-le-circuit\/"},"author":{"name":"Tom Compayrot","@id":"https:\/\/dicodusport.fr\/blog\/#\/schema\/person\/bf1e4f404e108bd2be5b447b16bde9a7"},"headline":"ATP Challenger 2025 : Ugo Blanchet s&rsquo;adjuge son deuxi\u00e8me titre sur le circuit !","datePublished":"2025-02-02T15:28:36+00:00","dateModified":"2025-02-02T16:39:06+00:00","mainEntityOfPage":{"@id":"https:\/\/dicodusport.fr\/blog\/atp-challenger-2025-ugo-blanchet-sadjuge-son-deuxieme-titre-sur-le-circuit\/"},"wordCount":549,"commentCount":0,"publisher":{"@id":"https:\/\/dicodusport.fr\/blog\/#organization"},"image":{"@id":"https:\/\/dicodusport.fr\/blog\/atp-challenger-2025-ugo-blanchet-sadjuge-son-deuxieme-titre-sur-le-circuit\/#primaryimage"},"thumbnailUrl":"https:\/\/dicodusport.fr\/blog\/wp-content\/uploads\/2025\/02\/atp-challenger-2025-ugo-blanchet-sadjuge-son-deuxieme-titre-sur-le-circuit.png","keywords":["br\u00e8ve","jeune fran\u00e7ais tennis","Ugo blanchet"],"articleSection":["Tennis"],"inLanguage":"fr-FR","potentialAction":[{"@type":"CommentAction","name":"Comment","target":["https:\/\/dicodusport.fr\/blog\/atp-challenger-2025-ugo-blanchet-sadjuge-son-deuxieme-titre-sur-le-circuit\/#respond"]}],"copyrightYear":"2025","copyrightHolder":{"@id":"https:\/\/dicodusport.fr\/blog\/#organization"}},{"@type":"WebPage","@id":"https:\/\/dicodusport.fr\/blog\/atp-challenger-2025-ugo-blanchet-sadjuge-son-deuxieme-titre-sur-le-circuit\/","url":"https:\/\/dicodusport.fr\/blog\/atp-challenger-2025-ugo-blanchet-sadjuge-son-deuxieme-titre-sur-le-circuit\/","name":"ATP Challenger 2025 : Ugo Blanchet s'adjuge son deuxi\u00e8me titre sur le circuit !","isPartOf":{"@id":"https:\/\/dicodusport.fr\/blog\/#website"},"primaryImageOfPage":{"@id":"https:\/\/dicodusport.fr\/blog\/atp-challenger-2025-ugo-blanchet-sadjuge-son-deuxieme-titre-sur-le-circuit\/#primaryimage"},"image":{"@id":"https:\/\/dicodusport.fr\/blog\/atp-challenger-2025-ugo-blanchet-sadjuge-son-deuxieme-titre-sur-le-circuit\/#primaryimage"},"thumbnailUrl":"https:\/\/dicodusport.fr\/blog\/wp-content\/uploads\/2025\/02\/atp-challenger-2025-ugo-blanchet-sadjuge-son-deuxieme-titre-sur-le-circuit.png","datePublished":"2025-02-02T15:28:36+00:00","dateModified":"2025-02-02T16:39:06+00:00","description":"\u00c0 26 ans, Ugo Blanchet (n\u00b0226 mondial) a remport\u00e9 le Challenger 100 de Koblenz (Allemagne), son deuxi\u00e8me sur le circuit secondaire.","breadcrumb":{"@id":"https:\/\/dicodusport.fr\/blog\/atp-challenger-2025-ugo-blanchet-sadjuge-son-deuxieme-titre-sur-le-circuit\/#breadcrumb"},"inLanguage":"fr-FR","potentialAction":[{"@type":"ReadAction","target":["https:\/\/dicodusport.fr\/blog\/atp-challenger-2025-ugo-blanchet-sadjuge-son-deuxieme-titre-sur-le-circuit\/"]}]},{"@type":"ImageObject","inLanguage":"fr-FR","@id":"https:\/\/dicodusport.fr\/blog\/atp-challenger-2025-ugo-blanchet-sadjuge-son-deuxieme-titre-sur-le-circuit\/#primaryimage","url":"https:\/\/dicodusport.fr\/blog\/wp-content\/uploads\/2025\/02\/atp-challenger-2025-ugo-blanchet-sadjuge-son-deuxieme-titre-sur-le-circuit.png","contentUrl":"https:\/\/dicodusport.fr\/blog\/wp-content\/uploads\/2025\/02\/atp-challenger-2025-ugo-blanchet-sadjuge-son-deuxieme-titre-sur-le-circuit.png","width":1200,"height":674},{"@type":"BreadcrumbList","@id":"https:\/\/dicodusport.fr\/blog\/atp-challenger-2025-ugo-blanchet-sadjuge-son-deuxieme-titre-sur-le-circuit\/#breadcrumb","itemListElement":[{"@type":"ListItem","position":1,"name":"Accueil","item":"https:\/\/dicodusport.fr\/blog\/"},{"@type":"ListItem","position":2,"name":"ATP Challenger 2025 : Ugo Blanchet s&#8217;adjuge son deuxi\u00e8me titre sur le circuit !"}]},{"@type":"WebSite","@id":"https:\/\/dicodusport.fr\/blog\/#website","url":"https:\/\/dicodusport.fr\/blog\/","name":"Dicodusport","description":"L&#039;encyclop\u00e9die de l&#039;actualit\u00e9 sportive","publisher":{"@id":"https:\/\/dicodusport.fr\/blog\/#organization"},"potentialAction":[{"@type":"SearchAction","target":{"@type":"EntryPoint","urlTemplate":"https:\/\/dicodusport.fr\/blog\/?s={search_term_string}"},"query-input":{"@type":"PropertyValueSpecification","valueRequired":true,"valueName":"search_term_string"}}],"inLanguage":"fr-FR"},{"@type":"NewsMediaOrganization","@id":"https:\/\/dicodusport.fr\/blog\/#organization","name":"Dicodusport","url":"https:\/\/dicodusport.fr\/blog\/","logo":{"@type":"ImageObject","inLanguage":"fr-FR","@id":"https:\/\/dicodusport.fr\/blog\/#\/schema\/logo\/image\/","url":"https:\/\/dicodusport.fr\/blog\/wp-content\/uploads\/2020\/06\/cropped-LOGO-DICODUSPORT-2020-SANS-FOND-SANS-TEXTE.png","contentUrl":"https:\/\/dicodusport.fr\/blog\/wp-content\/uploads\/2020\/06\/cropped-LOGO-DICODUSPORT-2020-SANS-FOND-SANS-TEXTE.png","width":512,"height":512,"caption":"Dicodusport"},"image":{"@id":"https:\/\/dicodusport.fr\/blog\/#\/schema\/logo\/image\/"},"sameAs":["https:\/\/www.facebook.com\/dicodusport","https:\/\/x.com\/dicodusport","https:\/\/www.instagram.com\/dicodusport\/","https:\/\/www.youtube.com\/channel\/UC7V2KZ5sd3htJivAbA4ZG3w"],"description":"Dicodusport est l'encyclop\u00e9die de l'actualit\u00e9 sportive.","email":"bonjour@dicodusport.fr","legalName":"DICODUSPORT","foundingDate":"2018-01-14","vatID":"FR71834470973","taxID":"83447097300043","numberOfEmployees":{"@type":"QuantitativeValue","minValue":"1","maxValue":"10"}},{"@type":"Person","@id":"https:\/\/dicodusport.fr\/blog\/#\/schema\/person\/bf1e4f404e108bd2be5b447b16bde9a7","name":"Tom Compayrot","image":{"@type":"ImageObject","inLanguage":"fr-FR","@id":"https:\/\/dicodusport.fr\/blog\/#\/schema\/person\/image\/","url":"https:\/\/dicodusport.fr\/blog\/wp-content\/uploads\/2021\/05\/Tom-Compayrot-150x150.jpg","contentUrl":"https:\/\/dicodusport.fr\/blog\/wp-content\/uploads\/2021\/05\/Tom-Compayrot-150x150.jpg","caption":"Tom Compayrot"},"description":"Journaliste\/r\u00e9dacteur depuis mars 2017 - Amoureux de la petite balle jaune et du gros ballon orange qui tra\u00eene sa carcasse sur Dicodusport depuis 2017. Rafael Nadal et LeBron James sont les meilleurs joueurs de l'histoire.","sameAs":["https:\/\/x.com\/https:\/\/twitter.com\/Tom_Cprt"],"url":"https:\/\/dicodusport.fr\/blog\/author\/tom\/"}]}},"_links":{"self":[{"href":"https:\/\/dicodusport.fr\/blog\/wp-json\/wp\/v2\/posts\/552389","targetHints":{"allow":["GET"]}}],"collection":[{"href":"https:\/\/dicodusport.fr\/blog\/wp-json\/wp\/v2\/posts"}],"about":[{"href":"https:\/\/dicodusport.fr\/blog\/wp-json\/wp\/v2\/types\/post"}],"author":[{"embeddable":true,"href":"https:\/\/dicodusport.fr\/blog\/wp-json\/wp\/v2\/users\/13"}],"replies":[{"embeddable":true,"href":"https:\/\/dicodusport.fr\/blog\/wp-json\/wp\/v2\/comments?post=552389"}],"version-history":[{"count":5,"href":"https:\/\/dicodusport.fr\/blog\/wp-json\/wp\/v2\/posts\/552389\/revisions"}],"predecessor-version":[{"id":552447,"href":"https:\/\/dicodusport.fr\/blog\/wp-json\/wp\/v2\/posts\/552389\/revisions\/552447"}],"wp:featuredmedia":[{"embeddable":true,"href":"https:\/\/dicodusport.fr\/blog\/wp-json\/wp\/v2\/media\/552420"}],"wp:attachment":[{"href":"https:\/\/dicodusport.fr\/blog\/wp-json\/wp\/v2\/media?parent=552389"}],"wp:term":[{"taxonomy":"category","embeddable":true,"href":"https:\/\/dicodusport.fr\/blog\/wp-json\/wp\/v2\/categories?post=552389"},{"taxonomy":"post_tag","embeddable":true,"href":"https:\/\/dicodusport.fr\/blog\/wp-json\/wp\/v2\/tags?post=552389"}],"curies":[{"name":"wp","href":"https:\/\/api.w.org\/{rel}","templated":true}]}}