{"id":552646,"date":"2025-02-16T16:42:02","date_gmt":"2025-02-16T15:42:02","guid":{"rendered":"https:\/\/dicodusport.fr\/blog\/?p=552646&#038;preview=true&#038;preview_id=552646"},"modified":"2025-02-16T17:38:26","modified_gmt":"2025-02-16T16:38:26","slug":"palmares-et-resultats-championnats-de-france-en-salle-dathletisme-juniors-u20-et-cadets-u18-2025","status":"publish","type":"post","link":"https:\/\/dicodusport.fr\/blog\/palmares-et-resultats-championnats-de-france-en-salle-dathletisme-juniors-u20-et-cadets-u18-2025\/","title":{"rendered":"Palmar\u00e8s et r\u00e9sultats Championnats de France en salle d&rsquo;athl\u00e9tisme juniors U20 et cadets U18 2025"},"content":{"rendered":"<h4 style=\"text-align: justify;\"><em>Les Championnats de France en salle d&rsquo;athl\u00e9tisme juniors et cadets ont lieu du 15 au 16 f\u00e9vrier \u00e0 Li\u00e9vin. Voici le palmar\u00e8s.<\/em><\/h4>\n<h3>Retransmission<\/h3>\n<p style=\"text-align: justify;\">Les Championnats sont \u00e0 suivre en int\u00e9gralit\u00e9 sur <a href=\"https:\/\/athletv.fr\/sportitemset\/67506b57771ed336205d4cc4\" target=\"_blank\" rel=\"noopener\"><strong>Athl\u00e9 TV<\/strong><\/a>.<\/p>\n<p>&nbsp;<\/p>\n<p style=\"text-align: justify;\"><a href=\"https:\/\/athle-liveresults.fr\/competitions\/b7d2ff29-4a25-47f2-b80a-b1608eb7c513\/b7d2ff29-4a25-47f2-b80a-b1608eb7c513_SCH_20250215\" target=\"_blank\" rel=\"noopener\"><span style=\"font-size: 24px;\"><strong>Tous les r\u00e9sultats<\/strong><\/span><\/a><\/p>\n<ul>\n<li><a title=\"Athl\u00e9tisme Championnats de France jeunes 2025 : Record de France U20 pour Milann Klemenic sur 400 m\" href=\"https:\/\/dicodusport.fr\/blog\/athletisme-championnats-de-france-jeunes-2025-record-de-france-u20-pour-milann-klemenic-sur-400-m\/\" target=\"_blank\" rel=\"noopener\"><strong>R\u00e9sum\u00e9 du week-end<\/strong><\/a><\/li>\n<\/ul>\n<p>&nbsp;<\/p>\n<h2>Podiums juniors<\/h2>\n<h3 style=\"text-align: justify;\">Filles<\/h3>\n<div class=\"su-table su-table-alternate\">\n<table style=\"width: 800px;border-collapse: collapse\">\n<tbody>\n<tr>\n<td style=\"text-align: center;width: 200px;vertical-align: middle\"><strong>\u00c9preuves<\/strong><\/td>\n<td style=\"background-color: #fff242;text-align: center;width: 200px;vertical-align: middle\"><strong>\ud83e\udd47 Or<\/strong><\/td>\n<td style=\"background-color: #a8a8a8;text-align: center;width: 200px;vertical-align: middle\"><strong>\ud83e\udd48 Argent<\/strong><\/td>\n<td style=\"background-color: #c97159;text-align: center;width: 200px;vertical-align: middle\"><strong>\ud83e\udd49 Bronze<\/strong><\/td>\n<\/tr>\n<tr>\n<td style=\"text-align: center;width: 200px;vertical-align: middle\"><strong>60 m<br \/>\n<a href=\"https:\/\/bases.athle.fr\/asp.net\/liste.aspx?frmbase=directs&amp;frmmode=2&amp;frmcompetition=297868&amp;frmepreuve=f7f3da61-38be-47e1-86e4-5f8233c9c09f\"><span style=\"font-size: 12px\"><em>Classement<\/em><\/span><\/a><br \/>\n<\/strong><\/td>\n<td style=\"text-align: center;width: 200px;vertical-align: middle\">\ud83c\uddeb\ud83c\uddf7 <strong>Vanessa Lokuli<br \/>\n7.34 MPF JU<\/strong><\/td>\n<td style=\"text-align: center;width: 200px;vertical-align: middle\">\ud83c\uddeb\ud83c\uddf7 L\u00e9ona Piaulenne<br \/>\n7.50 <strong>PB<\/strong><\/td>\n<td style=\"text-align: center;width: 200px;vertical-align: middle\">\ud83c\uddeb\ud83c\uddf7 Marine Fou\u00e9r\u00e9<br \/>\n7.51 <strong>SB<\/strong><\/td>\n<\/tr>\n<tr>\n<td style=\"text-align: center;width: 200px;vertical-align: middle\"><strong>200 m<br \/>\n<a href=\"https:\/\/bases.athle.fr\/asp.net\/liste.aspx?frmbase=directs&amp;frmmode=2&amp;frmcompetition=297868&amp;frmepreuve=fcbf55df-625b-4be9-abac-138d72f4d978\"><span style=\"font-size: 12px\"><em>Classement<\/em><\/span><\/a><br \/>\n<\/strong><\/td>\n<td style=\"text-align: center;width: 200px;vertical-align: middle\">\ud83c\uddeb\ud83c\uddf7 <strong>Victoria Kwarteng<br \/>\n24.16<\/strong><\/td>\n<td style=\"text-align: center;width: 200px;vertical-align: middle\">\ud83c\uddeb\ud83c\uddf7 Paola Valognes<br \/>\n24.27 <strong>PB<\/strong><\/td>\n<td style=\"text-align: center;width: 200px;vertical-align: middle\">\ud83c\uddeb\ud83c\uddf7 Lohane Gerbier<br \/>\n24.34<\/td>\n<\/tr>\n<tr>\n<td style=\"text-align: center;width: 200px;vertical-align: middle\"><strong>400 m<br \/>\n<a href=\"https:\/\/bases.athle.fr\/asp.net\/liste.aspx?frmbase=directs&amp;frmmode=2&amp;frmcompetition=297868&amp;frmepreuve=0f120ff3-ca4d-4129-82ae-66fa72c654a8\"><span style=\"font-size: 12px\"><em>Classement<\/em><\/span><\/a><br \/>\n<\/strong><\/td>\n<td style=\"width: 200px;text-align: center\">\ud83c\uddeb\ud83c\uddf7 <strong>Romane Trinquant<br \/>\n55.18 PB<\/strong><\/td>\n<td style=\"width: 200px;text-align: center\">\ud83c\uddeb\ud83c\uddf7 Lisa Blanc<br \/>\n55.59 <strong>PB<\/strong><\/td>\n<td style=\"width: 200px;text-align: center\">\ud83c\uddeb\ud83c\uddf7 No\u00e9mie Clary<br \/>\n55.88<\/td>\n<\/tr>\n<tr>\n<td style=\"text-align: center;width: 200px;vertical-align: middle\"><strong>800 m<br \/>\n<a href=\"https:\/\/bases.athle.fr\/asp.net\/liste.aspx?frmbase=directs&amp;frmmode=2&amp;frmcompetition=297868&amp;frmepreuve=7d353c7d-6acd-4447-ac52-108e8b8b8345\"><span style=\"font-size: 12px\"><em>Classement<\/em><\/span><\/a><br \/>\n<\/strong><\/td>\n<td style=\"text-align: center;width: 200px;vertical-align: middle\">\ud83c\uddeb\ud83c\uddf7 <strong>Emma Charlet<br \/>\n2:10.79<\/strong><\/td>\n<td style=\"text-align: center;width: 200px;vertical-align: middle\">\ud83c\uddeb\ud83c\uddf7 May-Lise Olivier<br \/>\n2:11.27<\/td>\n<td style=\"text-align: center;width: 200px;vertical-align: middle\">\ud83c\uddeb\ud83c\uddf7 Chlo\u00e9 Poittevin<br \/>\n2:11.40<\/td>\n<\/tr>\n<tr>\n<td style=\"text-align: center;width: 200px;vertical-align: middle\"><strong>60 m haies<br \/>\n<a href=\"https:\/\/bases.athle.fr\/asp.net\/liste.aspx?frmbase=directs&amp;frmmode=2&amp;frmcompetition=297868&amp;frmepreuve=a83dca1e-dca1-46ba-ab9f-c5f525a63c0b\"><em><span style=\"font-size: 12px\">Classement<\/span><\/em><\/a><br \/>\n<\/strong><\/td>\n<td style=\"text-align: center;width: 200px;vertical-align: middle\">\ud83c\uddeb\ud83c\uddf7 <strong>Melissa Benfatah<br \/>\n8.19 PB RCH MPF JU<\/strong><\/td>\n<td style=\"text-align: center;width: 200px;vertical-align: middle\">\ud83c\uddeb\ud83c\uddf7 Laura Montauban<br \/>\n8.30<\/td>\n<td style=\"text-align: center;width: 200px;vertical-align: middle\">\ud83c\uddeb\ud83c\uddf7 Flora Pantano<br \/>\n8.49 <strong>PB<\/strong><\/td>\n<\/tr>\n<tr>\n<td style=\"text-align: center;width: 200px;vertical-align: middle\"><strong>Relais 4X1 tour<br \/>\n<a href=\"https:\/\/bases.athle.fr\/asp.net\/liste.aspx?frmbase=directs&amp;frmmode=2&amp;frmcompetition=297868&amp;frmepreuve=c6af9c23-22d4-40e9-9872-7afcfa7a8e50\"><span style=\"font-size: 12px\"><em>Classement<\/em><\/span><\/a><br \/>\n<\/strong><\/td>\n<td style=\"text-align: center;width: 200px;vertical-align: middle\"><strong>Toulon M\u00e9tropole Athl\u00e9tisme<br \/>\n1:41.58<\/strong><\/td>\n<td style=\"text-align: center;width: 200px;vertical-align: middle\">US Talence<br \/>\n1:42.19<\/td>\n<td style=\"text-align: center;width: 200px;vertical-align: middle\">Athletic Club Du Lyonnais<br \/>\n1:43.53<\/td>\n<\/tr>\n<tr>\n<td style=\"text-align: center;width: 200px;vertical-align: middle\"><strong>Saut en hauteur<br \/>\n<a href=\"https:\/\/bases.athle.fr\/asp.net\/liste.aspx?frmbase=directs&amp;frmmode=2&amp;frmcompetition=297868&amp;frmepreuve=c14c0405-7cc8-4b56-a7d0-4d1c1adab84e\"><span style=\"font-size: 12px\"><em>Classement<\/em><\/span><\/a><br \/>\n<\/strong><\/td>\n<td style=\"text-align: center;width: 200px;vertical-align: middle\">\ud83c\uddeb\ud83c\uddf7 <strong>Yman Ossie<br \/>\n1.82 m PB MPF JU<\/strong><\/td>\n<td style=\"text-align: center;width: 200px;vertical-align: middle\">\ud83c\uddeb\ud83c\uddf7 Zo\u00e9 Tartanson<br \/>\n1.75 m<\/td>\n<td style=\"text-align: center;width: 200px;vertical-align: middle\">\ud83c\uddeb\ud83c\uddf7 Jade Marquis Laine<br \/>\n1.75 m <strong>SB<\/strong><\/td>\n<\/tr>\n<tr>\n<td style=\"text-align: center;width: 200px;vertical-align: middle\"><strong>Saut \u00e0 la perche<br \/>\n<a href=\"https:\/\/bases.athle.fr\/asp.net\/liste.aspx?frmbase=directs&amp;frmmode=2&amp;frmcompetition=297868&amp;frmepreuve=ea774545-a8b5-4c34-a4c3-3a3646a27c22\"><span style=\"font-size: 12px\"><em>Classement<\/em><\/span><\/a><br \/>\n<\/strong><\/td>\n<td style=\"text-align: center;width: 200px;vertical-align: middle\">\ud83c\uddeb\ud83c\uddf7 <strong>Aude Pavie<br \/>\n3.90 m PB<\/strong><\/td>\n<td style=\"text-align: center;width: 200px;vertical-align: middle\">\ud83c\uddeb\ud83c\uddf7 Clara Malot<br \/>\n3.73 m <strong>PB<\/strong><\/td>\n<td style=\"text-align: center;width: 200px;vertical-align: middle\">\ud83c\uddeb\ud83c\uddf7 Am\u00e9lie Labouze<br \/>\n3.63 m<\/td>\n<\/tr>\n<tr>\n<td style=\"text-align: center;width: 200px;vertical-align: middle\"><strong>Saut en longueur<br \/>\n<a href=\"https:\/\/bases.athle.fr\/asp.net\/liste.aspx?frmbase=directs&amp;frmmode=2&amp;frmcompetition=297868&amp;frmepreuve=6a7aebd5-2d12-42ca-88a9-52d8d0d0f90e\"><span style=\"font-size: 12px\"><em>Classement<\/em><\/span><\/a><br \/>\n<\/strong><\/td>\n<td style=\"text-align: center;width: 200px;vertical-align: middle\">\ud83c\uddeb\ud83c\uddf7 <strong>Camille Le Roux<br \/>\n6.14 m<\/strong><\/td>\n<td style=\"text-align: center;width: 200px;vertical-align: middle\">\ud83c\uddeb\ud83c\uddf7 Vanessa Lokuli<br \/>\n6.13 m<\/td>\n<td style=\"text-align: center;width: 200px;vertical-align: middle\">\ud83c\uddeb\ud83c\uddf7 Soudatou Niang<br \/>\n5.93 m<\/td>\n<\/tr>\n<tr>\n<td style=\"text-align: center;width: 200px;vertical-align: middle\"><strong>Triple saut<br \/>\n<a href=\"https:\/\/bases.athle.fr\/asp.net\/liste.aspx?frmbase=directs&amp;frmmode=2&amp;frmcompetition=297868&amp;frmepreuve=aace4ed7-c811-4769-bbb5-8358ee655506\"><span style=\"font-size: 12px\"><em>Classement<\/em><\/span><\/a><br \/>\n<\/strong><\/td>\n<td style=\"text-align: center;width: 200px;vertical-align: middle\">\ud83c\uddeb\ud83c\uddf7 <strong>L\u00e9ane Alfred<br \/>\n13.01 m PB MPF JU<\/strong><\/td>\n<td style=\"text-align: center;width: 200px;vertical-align: middle\">\ud83c\uddeb\ud83c\uddf7 Serena Tondji Wato<br \/>\n12.19 m<\/td>\n<td style=\"text-align: center;width: 200px;vertical-align: middle\">\ud83c\uddeb\ud83c\uddf7 Linaelle Voitier<br \/>\n12.19 m <strong>PB<\/strong><\/td>\n<\/tr>\n<\/tbody>\n<\/table>\n<\/div>\n<h3 style=\"text-align: justify;\">Gar\u00e7ons<\/h3>\n<div class=\"su-table su-table-alternate\">\n<table style=\"width: 800px;border-collapse: collapse\">\n<tbody>\n<tr>\n<td style=\"text-align: center;width: 200px;vertical-align: middle\"><strong>\u00c9preuves<\/strong><\/td>\n<td style=\"background-color: #fff242;text-align: center;width: 200px;vertical-align: middle\"><strong>\ud83e\udd47 Or<\/strong><\/td>\n<td style=\"background-color: #a8a8a8;text-align: center;width: 200px;vertical-align: middle\"><strong>\ud83e\udd48 Argent<\/strong><\/td>\n<td style=\"background-color: #c97159;text-align: center;width: 200px;vertical-align: middle\"><strong>\ud83e\udd49 Bronze<\/strong><\/td>\n<\/tr>\n<tr>\n<td style=\"text-align: center;width: 200px;vertical-align: middle\"><strong>60 m<br \/>\n<a href=\"https:\/\/bases.athle.fr\/asp.net\/liste.aspx?frmbase=directs&amp;frmmode=2&amp;frmcompetition=297868&amp;frmepreuve=a6f461c8-10b1-48a7-9c9e-4ba81ca258f9\"><span style=\"font-size: 12px\"><em>Classement<\/em><\/span><\/a><br \/>\n<\/strong><\/td>\n<td style=\"text-align: center;width: 200px;vertical-align: middle\">\ud83c\uddeb\ud83c\uddf7 <strong>Axel Romet<\/strong><br \/>\n\ud83c\uddeb\ud83c\uddf7 <strong>Ga\u00ebl Delaumenie PB<br \/>\n6.79<\/strong><\/td>\n<td style=\"text-align: center;width: 200px;vertical-align: middle\">&#8211;<\/td>\n<td style=\"text-align: center;width: 200px;vertical-align: middle\">\ud83c\uddeb\ud83c\uddf7 Patrick Cibangu<br \/>\n6.91 <strong>PB<\/strong><\/td>\n<\/tr>\n<tr>\n<td style=\"text-align: center;width: 200px;vertical-align: middle\"><strong>200 m<br \/>\n<a href=\"https:\/\/bases.athle.fr\/asp.net\/liste.aspx?frmbase=directs&amp;frmmode=2&amp;frmcompetition=297868&amp;frmepreuve=46126b80-097f-41d2-8f08-043bb001acb9\"><span style=\"font-size: 12px\"><em>Classement<\/em><\/span><\/a><br \/>\n<\/strong><\/td>\n<td style=\"text-align: center;width: 200px;vertical-align: middle\">\ud83c\uddeb\ud83c\uddf7 <strong>Hugo Perdereau<br \/>\n21.75 PB<\/strong><\/td>\n<td style=\"text-align: center;width: 200px;vertical-align: middle\">\ud83c\uddeb\ud83c\uddf7 Arthur Gheerardyn-Renou<br \/>\n21.76<\/td>\n<td style=\"text-align: center;width: 200px;vertical-align: middle\">\ud83c\uddeb\ud83c\uddf7 Mathys Vaity<br \/>\n21.95<\/td>\n<\/tr>\n<tr>\n<td style=\"text-align: center;width: 200px;vertical-align: middle\"><strong>400 m<br \/>\n<a href=\"https:\/\/bases.athle.fr\/asp.net\/liste.aspx?frmbase=directs&amp;frmmode=2&amp;frmcompetition=297868&amp;frmepreuve=41124da5-8620-40ab-887c-34564e772c32\"><span style=\"font-size: 12px\"><em>Classement<\/em><\/span><\/a><br \/>\n<\/strong><\/td>\n<td style=\"text-align: center;width: 200px;vertical-align: middle\">\ud83c\uddeb\ud83c\uddf7 <strong>Milann Klemenic<br \/>\n46.80 PB <span style=\"color: #ff0000\">RF JU<\/span> RCH MPF JU<\/strong><\/td>\n<td style=\"text-align: center;width: 200px;vertical-align: middle\">\ud83c\uddeb\ud83c\uddf7 Thibault Buchard<br \/>\n47.13 <strong>PB<\/strong><\/td>\n<td style=\"text-align: center;width: 200px;vertical-align: middle\">\ud83c\uddeb\ud83c\uddf7 Melvyn Cavagnoux<br \/>\n47.37 <strong>PB<\/strong><\/td>\n<\/tr>\n<tr>\n<td style=\"text-align: center;width: 200px;vertical-align: middle\"><strong>800 m<br \/>\n<a href=\"https:\/\/bases.athle.fr\/asp.net\/liste.aspx?frmbase=directs&amp;frmmode=2&amp;frmcompetition=297868&amp;frmepreuve=8d7beac4-2f84-4fce-9790-d639500653e8\"><span style=\"font-size: 12px\"><em>Classement<\/em><\/span><\/a><br \/>\n<\/strong><\/td>\n<td style=\"text-align: center;width: 200px;vertical-align: middle\">\ud83c\uddeb\ud83c\uddf7 <strong>Th\u00e9o Th\u00e9venet<br \/>\n1:51.54<\/strong><\/td>\n<td style=\"text-align: center;width: 200px;vertical-align: middle\">\ud83c\uddeb\ud83c\uddf7 Nolhan Burgue<br \/>\n1:51.97<\/td>\n<td style=\"text-align: center;width: 200px;vertical-align: middle\">\ud83c\uddeb\ud83c\uddf7 Nathan Th\u00e9venet<br \/>\n1:52.44<\/td>\n<\/tr>\n<tr>\n<td style=\"text-align: center;width: 200px;vertical-align: middle\"><strong>60 m haies<br \/>\n<a href=\"https:\/\/bases.athle.fr\/asp.net\/liste.aspx?frmbase=directs&amp;frmmode=2&amp;frmcompetition=297868&amp;frmepreuve=8b7eacd5-7b10-4062-83fa-12c4dd1c3c53\"><span style=\"font-size: 12px\"><em>Classement<\/em><\/span><\/a><br \/>\n<\/strong><\/td>\n<td style=\"text-align: center;width: 200px;vertical-align: middle\">\ud83c\uddeb\ud83c\uddf7 <strong>J\u00e9r\u00e9mie Nzoungou<br \/>\n7.70<\/strong><\/td>\n<td style=\"text-align: center;width: 200px;vertical-align: middle\">\ud83c\uddeb\ud83c\uddf7 Jo\u00ebl-Etienne Badji<br \/>\n7.90<\/td>\n<td style=\"text-align: center;width: 200px;vertical-align: middle\">\ud83c\uddeb\ud83c\uddf7 Royann Jean Simon<br \/>\n7.97<\/td>\n<\/tr>\n<tr>\n<td style=\"text-align: center;width: 200px;vertical-align: middle\"><strong>Relais 4X1 tour<br \/>\n<a href=\"https:\/\/bases.athle.fr\/asp.net\/liste.aspx?frmbase=directs&amp;frmmode=2&amp;frmcompetition=297868&amp;frmepreuve=edbd8508-9a8b-4c04-b7ea-16dc4b80d15f\"><span style=\"font-size: 12px\"><em>Classement<\/em><\/span><\/a><br \/>\n<\/strong><\/td>\n<td style=\"text-align: center;width: 200px;vertical-align: middle\"><strong>Athletic Club De Colombes<br \/>\n1:30.05<\/strong><\/td>\n<td style=\"text-align: center;width: 200px;vertical-align: middle\">Livry Gargan Athl\u00e9tisme<br \/>\n1:30.27<\/td>\n<td style=\"text-align: center;width: 200px;vertical-align: middle\">Stade Bordelais Athl\u00e9tisme<br \/>\n1:30.72<\/td>\n<\/tr>\n<tr>\n<td style=\"text-align: center;width: 200px;vertical-align: middle\"><strong>Saut en hauteur<br \/>\n<a href=\"https:\/\/bases.athle.fr\/asp.net\/liste.aspx?frmbase=directs&amp;frmmode=2&amp;frmcompetition=297868&amp;frmepreuve=afc87c3f-11e2-4bcb-a58d-8524f822376a\"><em><span style=\"font-size: 12px\">Classement<\/span><\/em><\/a><br \/>\n<\/strong><\/td>\n<td style=\"text-align: center;width: 200px;vertical-align: middle\">\ud83c\uddeb\ud83c\uddf7 <strong>Elijah Pasquier<br \/>\n2.13 m SB MPF JU<\/strong><\/td>\n<td style=\"text-align: center;width: 200px;vertical-align: middle\">\ud83c\uddeb\ud83c\uddf7 Antoine Antczak<br \/>\n2.13 m <strong>PB<\/strong><\/td>\n<td style=\"text-align: center;width: 200px;vertical-align: middle\">\ud83c\uddeb\ud83c\uddf7 L\u00e9onard Nowoczyn<br \/>\n2.11 m <strong>PB<\/strong><\/td>\n<\/tr>\n<tr>\n<td style=\"text-align: center;width: 200px;vertical-align: middle\"><strong>Saut \u00e0 la perche<br \/>\n<a href=\"https:\/\/bases.athle.fr\/asp.net\/liste.aspx?frmbase=directs&amp;frmmode=2&amp;frmcompetition=297868&amp;frmepreuve=1f742d08-7361-42e7-9667-b26646df6d96\"><span style=\"font-size: 12px\"><em>Classement<\/em><\/span><\/a><br \/>\n<\/strong><\/td>\n<td style=\"text-align: center;width: 200px;vertical-align: middle\">\ud83c\uddeb\ud83c\uddf7 <strong>Jules De La Faye<br \/>\n5.36 m<\/strong><\/td>\n<td style=\"text-align: center;width: 200px;vertical-align: middle\">\ud83c\uddeb\ud83c\uddf7 Jules Courel<br \/>\n5.36 m <strong>PB<\/strong><\/td>\n<td style=\"text-align: center;width: 200px;vertical-align: middle\">\ud83c\uddeb\ud83c\uddf7 Lenny Astori<br \/>\n5.16 m<\/td>\n<\/tr>\n<tr>\n<td style=\"text-align: center;width: 200px;vertical-align: middle\"><strong>Saut en longueur<br \/>\n<a href=\"https:\/\/bases.athle.fr\/asp.net\/liste.aspx?frmbase=directs&amp;frmmode=2&amp;frmcompetition=297868&amp;frmepreuve=eecdb3b1-e381-4843-8b68-cae047b358ee\"><span style=\"font-size: 12px\"><em>Classement<\/em><\/span><\/a><br \/>\n<\/strong><\/td>\n<td style=\"text-align: center;width: 200px;vertical-align: middle\">\ud83c\uddeb\ud83c\uddf7 <strong>Emmanuel Manceron<br \/>\n7.08 m PB<\/strong><\/td>\n<td style=\"text-align: center;width: 200px;vertical-align: middle\">\ud83c\uddeb\ud83c\uddf7 Benjamin Becker<br \/>\n7.02 m <strong>SB<\/strong><\/td>\n<td style=\"text-align: center;width: 200px;vertical-align: middle\">\ud83c\uddeb\ud83c\uddf7 Tom Morvan<br \/>\n6.98 m <strong>PB<\/strong><\/td>\n<\/tr>\n<tr>\n<td style=\"text-align: center;width: 200px;vertical-align: middle\"><strong>Triple saut<br \/>\n<a href=\"https:\/\/bases.athle.fr\/asp.net\/liste.aspx?frmbase=directs&amp;frmmode=2&amp;frmcompetition=297868&amp;frmepreuve=cb42f144-9f87-4392-9887-ba5998bc8e0d\"><span style=\"font-size: 12px\"><em>Classement<\/em><\/span><\/a><br \/>\n<\/strong><\/td>\n<td style=\"text-align: center;width: 200px;vertical-align: middle\">\ud83c\uddeb\ud83c\uddf7 <strong>Weaven Metainville<br \/>\n15.46 m PB MPF JU<\/strong><\/td>\n<td style=\"text-align: center;width: 200px;vertical-align: middle\">\ud83c\uddeb\ud83c\uddf7 Emmanuel Idinna<br \/>\n15.08 m<\/td>\n<td style=\"text-align: center;width: 200px;vertical-align: middle\">\ud83c\uddeb\ud83c\uddf7 Niels Personnaz<br \/>\n14.90 m<\/td>\n<\/tr>\n<\/tbody>\n<\/table>\n<\/div>\n<p style=\"text-align: justify;\"><em><span style=\"font-size: 14px;\">\u00a0<\/span><\/em><\/p>\n<hr \/>\n<h3 style=\"text-align: justify;\">Cadettes<\/h3>\n<div class=\"su-table su-table-alternate\">\n<table style=\"width: 800px;border-collapse: collapse\">\n<tbody>\n<tr>\n<td style=\"text-align: center;width: 200px;vertical-align: middle\"><strong>\u00c9preuves<\/strong><\/td>\n<td style=\"background-color: #fff242;text-align: center;width: 200px;vertical-align: middle\"><strong>\ud83e\udd47 Or<\/strong><\/td>\n<td style=\"background-color: #a8a8a8;text-align: center;width: 200px;vertical-align: middle\"><strong>\ud83e\udd48 Argent<\/strong><\/td>\n<td style=\"background-color: #c97159;text-align: center;width: 200px;vertical-align: middle\"><strong>\ud83e\udd49 Bronze<\/strong><\/td>\n<\/tr>\n<tr>\n<td style=\"text-align: center;width: 200px;vertical-align: middle\"><strong>60 m<br \/>\n<a href=\"https:\/\/bases.athle.fr\/asp.net\/liste.aspx?frmbase=directs&amp;frmmode=2&amp;frmcompetition=297868&amp;frmepreuve=98d0e026-fc86-41d2-aae6-0984fac0b6ab\"><span style=\"font-size: 12px\"><em>Classement<\/em><\/span><\/a><br \/>\n<\/strong><\/td>\n<td style=\"text-align: center;width: 200px;vertical-align: middle\">\ud83c\uddeb\ud83c\uddf7 <strong>Viky Bougui<br \/>\n7.61<\/strong><\/td>\n<td style=\"text-align: center;width: 200px;vertical-align: middle\">\ud83c\uddeb\ud83c\uddf7 Julia Manga<br \/>\n7.62 <strong>PB<\/strong><\/td>\n<td style=\"text-align: center;width: 200px;vertical-align: middle\">\ud83c\uddeb\ud83c\uddf7 B\u00e9atrice Tassin<br \/>\n7.64<\/td>\n<\/tr>\n<tr>\n<td style=\"text-align: center;width: 200px;vertical-align: middle\"><strong>200 m<br \/>\n<a href=\"https:\/\/bases.athle.fr\/asp.net\/liste.aspx?frmbase=directs&amp;frmmode=2&amp;frmcompetition=297868&amp;frmepreuve=1d2292cc-fbfc-411a-8e9e-aa312da2012e\"><span style=\"font-size: 12px\"><em>Classement<\/em><\/span><\/a><br \/>\n<\/strong><\/td>\n<td style=\"text-align: center;width: 200px;vertical-align: middle\">\ud83c\uddeb\ud83c\uddf7 <strong>B\u00e9atrice Tassin<br \/>\n24.37 PB MPF CA<\/strong><\/td>\n<td style=\"text-align: center;width: 200px;vertical-align: middle\">\ud83c\uddeb\ud83c\uddf7 Rose Djagbre<br \/>\n24.51 <strong>PB<\/strong><\/td>\n<td style=\"text-align: center;width: 200px;vertical-align: middle\">\ud83c\uddeb\ud83c\uddf7 Ma\u00eblia Nelva-Gay<br \/>\n25.07<\/td>\n<\/tr>\n<tr>\n<td style=\"text-align: center;width: 200px;vertical-align: middle\"><strong>400 m<br \/>\n<a href=\"https:\/\/bases.athle.fr\/asp.net\/liste.aspx?frmbase=directs&amp;frmmode=2&amp;frmcompetition=297868&amp;frmepreuve=d810b9df-6eff-4399-bca2-00e60f7063a8\"><span style=\"font-size: 12px\"><em>Classement<\/em><\/span><\/a><br \/>\n<\/strong><\/td>\n<td style=\"width: 200px;text-align: center\">\ud83c\uddeb\ud83c\uddf7 <strong>Kawtar Merzaq<br \/>\n56.22 PB MPF CA<\/strong><\/td>\n<td style=\"width: 200px;text-align: center\">\ud83c\uddeb\ud83c\uddf7 Ang\u00e8le Podolski<br \/>\n56.88 <strong>PB<\/strong><\/td>\n<td style=\"width: 200px;text-align: center\">\ud83c\uddeb\ud83c\uddf7 Lola Domecq<br \/>\n57.10 <strong>PB<\/strong><\/td>\n<\/tr>\n<tr>\n<td style=\"text-align: center;width: 200px;vertical-align: middle\"><strong>800 m<br \/>\n<a href=\"https:\/\/bases.athle.fr\/asp.net\/liste.aspx?frmbase=directs&amp;frmmode=2&amp;frmcompetition=297868&amp;frmepreuve=c5408ef7-2452-4aba-846e-40f0ce525a35\"><span style=\"font-size: 12px\"><em>Classement<\/em><\/span><\/a><br \/>\n<\/strong><\/td>\n<td style=\"text-align: center;width: 200px;vertical-align: middle\">\ud83c\uddeb\ud83c\uddf7 <strong>Ana\u00efs Meier<br \/>\n2:13.56<\/strong><\/td>\n<td style=\"text-align: center;width: 200px;vertical-align: middle\">\ud83c\uddeb\ud83c\uddf7 Dina Rostaing<br \/>\n2:13.95 <strong>PB<\/strong><\/td>\n<td style=\"text-align: center;width: 200px;vertical-align: middle\">\ud83c\uddeb\ud83c\uddf7 L\u00e9a Eid<br \/>\n2:14.34<\/td>\n<\/tr>\n<tr>\n<td style=\"text-align: center;width: 200px;vertical-align: middle\"><strong>60 m haies<br \/>\n<a href=\"https:\/\/bases.athle.fr\/asp.net\/liste.aspx?frmbase=directs&amp;frmmode=2&amp;frmcompetition=297868&amp;frmepreuve=7da371ac-0e74-42cf-85bc-43f973523f3d\"><span style=\"font-size: 12px\"><em>Classement<\/em><\/span><\/a><br \/>\n<\/strong><\/td>\n<td style=\"width: 200px;text-align: center\">\ud83c\uddeb\ud83c\uddf7 <strong>Tha\u00efs Cursaz<br \/>\n8.34<\/strong><\/td>\n<td style=\"width: 200px;text-align: center\">\ud83c\uddeb\ud83c\uddf7 Auxane Kingue<br \/>\n8.45<\/td>\n<td style=\"width: 200px;text-align: center\">\ud83c\uddeb\ud83c\uddf7 Anna Peeters<br \/>\n8.55<\/td>\n<\/tr>\n<tr>\n<td style=\"text-align: center;width: 200px;vertical-align: middle\"><strong>Relais 4X1 tour<br \/>\n<a href=\"https:\/\/bases.athle.fr\/asp.net\/liste.aspx?frmbase=directs&amp;frmmode=2&amp;frmcompetition=297868&amp;frmepreuve=09bf7e95-4f87-46a7-89d3-1042eacbea5c\"><span style=\"font-size: 12px\"><em>Classement<\/em><\/span><\/a><br \/>\n<\/strong><\/td>\n<td style=\"text-align: center;width: 200px;vertical-align: middle\"><strong>Racing Club Nantais<br \/>\n1:42.64<\/strong><\/td>\n<td style=\"text-align: center;width: 200px;vertical-align: middle\">Grand Paris Seine &amp; Oise Athl\u00e9tisme<br \/>\n1:43.86<\/td>\n<td style=\"text-align: center;width: 200px;vertical-align: middle\">AAS Sarcelles Athl\u00e9tisme<br \/>\n1:44.87<\/td>\n<\/tr>\n<tr>\n<td style=\"text-align: center;width: 200px;vertical-align: middle\"><strong>Saut en hauteur<br \/>\n<a href=\"https:\/\/bases.athle.fr\/asp.net\/liste.aspx?frmbase=directs&amp;frmmode=2&amp;frmcompetition=297868&amp;frmepreuve=707b8312-920d-4c04-815c-ed33c9eb1812\"><span style=\"font-size: 12px\"><em>Classement<\/em><\/span><\/a><br \/>\n<\/strong><\/td>\n<td style=\"text-align: center;width: 200px;vertical-align: middle\">\ud83c\uddeb\ud83c\uddf7 <strong>Charlotte Sorin<br \/>\n1.77 m<\/strong><\/td>\n<td style=\"text-align: center;width: 200px;vertical-align: middle\">\ud83c\uddeb\ud83c\uddf7 Elina Redon<br \/>\n1.75 m <strong>PB<\/strong><\/td>\n<td style=\"text-align: center;width: 200px;vertical-align: middle\">\ud83c\uddeb\ud83c\uddf7 Romane Deschamps<br \/>\n1.69 m <strong>PB<\/strong><\/td>\n<\/tr>\n<tr>\n<td style=\"text-align: center;width: 200px;vertical-align: middle\"><strong>Saut \u00e0 la perche<br \/>\n<a href=\"https:\/\/bases.athle.fr\/asp.net\/liste.aspx?frmbase=directs&amp;frmmode=2&amp;frmcompetition=297868&amp;frmepreuve=04f9f26b-690c-451d-898f-c6444723248b\"><span style=\"font-size: 12px\"><em>Classement<\/em><\/span><\/a><br \/>\n<\/strong><\/td>\n<td style=\"text-align: center;width: 200px;vertical-align: middle\">\ud83c\uddeb\ud83c\uddf7 <strong>Moana Peyrard<br \/>\n3.96 m PB RCH<\/strong><\/td>\n<td style=\"text-align: center;width: 200px;vertical-align: middle\">\ud83c\uddeb\ud83c\uddf7 Julie Bourgis<br \/>\n3.86 m<\/td>\n<td style=\"text-align: center;width: 200px;vertical-align: middle\">\ud83c\uddeb\ud83c\uddf7 Saskia Diagana<br \/>\n3.76 m<\/td>\n<\/tr>\n<tr>\n<td style=\"text-align: center;width: 200px;vertical-align: middle\"><strong>Saut en longueur<br \/>\n<a href=\"https:\/\/bases.athle.fr\/asp.net\/liste.aspx?frmbase=directs&amp;frmmode=2&amp;frmcompetition=297868&amp;frmepreuve=4bcee1af-2698-4963-8a99-4a3988a5aedb\"><span style=\"font-size: 12px\"><em>Classement<\/em><\/span><\/a><br \/>\n<\/strong><\/td>\n<td style=\"text-align: center;width: 200px;vertical-align: middle\"><strong><br \/>\n5.95 m<\/strong><\/td>\n<td style=\"text-align: center;width: 200px;vertical-align: middle\">\ud83c\uddeb\ud83c\uddf7 In\u00e8s Frachon<br \/>\n5.83 m <strong>PB<\/strong><\/td>\n<td style=\"text-align: center;width: 200px;vertical-align: middle\">\ud83c\uddeb\ud83c\uddf7 Mariame Dia<br \/>\n5.76 m <strong>PB<\/strong><\/td>\n<\/tr>\n<tr>\n<td style=\"text-align: center;width: 200px;vertical-align: middle\"><strong>Triple saut<br \/>\n<a href=\"https:\/\/bases.athle.fr\/asp.net\/liste.aspx?frmbase=directs&amp;frmmode=2&amp;frmcompetition=297868&amp;frmepreuve=e23395e4-8f07-470c-9541-d3d16a4f49ae\"><span style=\"font-size: 12px\"><em>Classement<\/em><\/span><\/a><br \/>\n<\/strong><\/td>\n<td style=\"text-align: center;width: 200px;vertical-align: middle\">\ud83c\uddeb\ud83c\uddf7 <strong>L\u00e9onie Proust<br \/>\n12.68 m PB MPF CA<\/strong><\/td>\n<td style=\"text-align: center;width: 200px;vertical-align: middle\">\ud83c\uddeb\ud83c\uddf7 Kawtar Merzaq<br \/>\n12.59 m <strong>PB<\/strong><\/td>\n<td style=\"text-align: center;width: 200px;vertical-align: middle\">\ud83c\uddeb\ud83c\uddf7 Suzanne Corn\u00e9lie-Lenoir<br \/>\n12.47 m <strong>PB<\/strong><\/td>\n<\/tr>\n<\/tbody>\n<\/table>\n<\/div>\n<h3 style=\"text-align: justify;\">Cadets<\/h3>\n<div class=\"su-table su-table-alternate\">\n<table style=\"width: 800px;border-collapse: collapse\">\n<tbody>\n<tr>\n<td style=\"text-align: center;width: 200px;vertical-align: middle\"><strong>\u00c9preuves<\/strong><\/td>\n<td style=\"background-color: #fff242;text-align: center;width: 200px;vertical-align: middle\"><strong>\ud83e\udd47 Or<\/strong><\/td>\n<td style=\"background-color: #a8a8a8;text-align: center;width: 200px;vertical-align: middle\"><strong>\ud83e\udd48 Argent<\/strong><\/td>\n<td style=\"background-color: #c97159;text-align: center;width: 200px;vertical-align: middle\"><strong>\ud83e\udd49 Bronze<\/strong><\/td>\n<\/tr>\n<tr>\n<td style=\"text-align: center;width: 200px;vertical-align: middle\"><strong>60 m<br \/>\n<a href=\"https:\/\/bases.athle.fr\/asp.net\/liste.aspx?frmbase=directs&amp;frmmode=2&amp;frmcompetition=297868&amp;frmepreuve=222349fd-d469-424a-8fa4-95104759ce9c\"><span style=\"font-size: 12px\"><em>Classement<\/em><\/span><\/a><br \/>\n<\/strong><\/td>\n<td style=\"text-align: center;width: 200px;vertical-align: middle\">\ud83c\uddeb\ud83c\uddf7 <strong>Mory Sylla<br \/>\n6.89 PB MPF CA<\/strong><\/td>\n<td style=\"text-align: center;width: 200px;vertical-align: middle\">\ud83c\uddeb\ud83c\uddf7 Maxence Jean-Etienne<br \/>\n6.94<\/td>\n<td style=\"text-align: center;width: 200px;vertical-align: middle\">\ud83c\uddeb\ud83c\uddf7 Tim\u00e9o Chevalier<br \/>\n6.96 <strong>PB<\/strong><\/td>\n<\/tr>\n<tr>\n<td style=\"text-align: center;width: 200px;vertical-align: middle\"><strong>200 m<br \/>\n<a href=\"https:\/\/bases.athle.fr\/asp.net\/liste.aspx?frmbase=directs&amp;frmmode=2&amp;frmcompetition=297868&amp;frmepreuve=3d4f5f4c-db2e-4e99-83db-cd9cbac74347\"><span style=\"font-size: 12px\"><em>Classement<\/em><\/span><\/a><br \/>\n<\/strong><\/td>\n<td style=\"text-align: center;width: 200px;vertical-align: middle\">\ud83c\uddeb\ud83c\uddf7 <strong>Steven Gomis<br \/>\n21.85 PB MPF CA<\/strong><\/td>\n<td style=\"text-align: center;width: 200px;vertical-align: middle\">\ud83c\uddeb\ud83c\uddf7 Maxence Jean-Etienne<br \/>\n22.11 <strong>PB<\/strong><\/td>\n<td style=\"text-align: center;width: 200px;vertical-align: middle\">\ud83c\uddeb\ud83c\uddf7 Tim\u00e9o Bamboux<br \/>\n22.25 <strong>PB<\/strong><\/td>\n<\/tr>\n<tr>\n<td style=\"text-align: center;width: 200px;vertical-align: middle\"><strong>400 m<br \/>\n<a href=\"https:\/\/bases.athle.fr\/asp.net\/liste.aspx?frmbase=directs&amp;frmmode=2&amp;frmcompetition=297868&amp;frmepreuve=1848b512-38dc-4f2b-883b-b164c2ad9580\"><span style=\"font-size: 12px\"><em>Classement<\/em><\/span><\/a><br \/>\n<\/strong><\/td>\n<td style=\"text-align: center;width: 200px;vertical-align: middle\">\ud83c\uddeb\ud83c\uddf7 <strong>Erwan Dutrevis<br \/>\n49.78 PB MPF CA<\/strong><\/td>\n<td style=\"text-align: center;width: 200px;vertical-align: middle\">\ud83c\uddeb\ud83c\uddf7 Antoine Marx<br \/>\n50.09 <strong>PB<\/strong><\/td>\n<td style=\"text-align: center;width: 200px;vertical-align: middle\">\ud83c\uddeb\ud83c\uddf7 Ga\u00ebl Gaudion<br \/>\n50.53 <strong>PB<\/strong><\/td>\n<\/tr>\n<tr>\n<td style=\"text-align: center;width: 200px;vertical-align: middle\"><strong>800 m<br \/>\n<a href=\"https:\/\/bases.athle.fr\/asp.net\/liste.aspx?frmbase=directs&amp;frmmode=2&amp;frmcompetition=297868&amp;frmepreuve=1c55fae8-30af-4904-9ce3-5457336365a9\"><span style=\"font-size: 12px\"><em>Classement<\/em><\/span><\/a><br \/>\n<\/strong><\/td>\n<td style=\"text-align: center;width: 200px;vertical-align: middle\">\ud83c\uddeb\ud83c\uddf7 <strong>Assad Ben-Bahou<br \/>\n1:52.02 PB RCH MPF CA<\/strong><\/td>\n<td style=\"text-align: center;width: 200px;vertical-align: middle\">\ud83c\uddeb\ud83c\uddf7 Alo\u00efs Abraham<br \/>\n1:52.05 <strong>PB<\/strong><\/td>\n<td style=\"text-align: center;width: 200px;vertical-align: middle\">\ud83c\uddeb\ud83c\uddf7 Thibaut Laurent<br \/>\n1:55.72 <strong>PB<\/strong><\/td>\n<\/tr>\n<tr>\n<td style=\"text-align: center;width: 200px;vertical-align: middle\"><strong>60 m haies<br \/>\n<a href=\"https:\/\/bases.athle.fr\/asp.net\/liste.aspx?frmbase=directs&amp;frmmode=2&amp;frmcompetition=297868&amp;frmepreuve=64543115-2fd8-4c48-b0c9-4a9f72289c17\" rel=\"\"><span style=\"font-size: 12px\"><em>Classement<\/em><\/span><\/a><br \/>\n<\/strong><\/td>\n<td style=\"text-align: center;width: 200px;vertical-align: middle\">\ud83c\uddeb\ud83c\uddf7 <strong>Ma\u00ebl-Bephassou Lannurien<br \/>\n7.64 PB MPF CA<\/strong><\/td>\n<td style=\"text-align: center;width: 200px;vertical-align: middle\">\ud83c\uddeb\ud83c\uddf7 Steven Gomis<br \/>\n7.73 <strong>PB<\/strong><\/td>\n<td style=\"text-align: center;width: 200px;vertical-align: middle\">\ud83c\uddeb\ud83c\uddf7 Maeron Van Caeneghem<br \/>\n7.77 <strong>PB<\/strong><\/td>\n<\/tr>\n<tr>\n<td style=\"text-align: center;width: 200px;vertical-align: middle\"><strong>Relais 4X1 tour<br \/>\n<a href=\"https:\/\/bases.athle.fr\/asp.net\/liste.aspx?frmbase=directs&amp;frmmode=2&amp;frmcompetition=297868&amp;frmepreuve=59677a08-4126-4d96-9954-86b416b96106\"><span style=\"font-size: 12px\"><em>Classement<\/em><\/span><\/a><br \/>\n<\/strong><\/td>\n<td style=\"width: 200px;text-align: center\"><strong>Stade Sottevillais 76<br \/>\n1:29.40<\/strong><\/td>\n<td style=\"width: 200px;text-align: center\">Haute Bretagne Athl\u00e9tisme<br \/>\n1:30.54<\/td>\n<td style=\"width: 200px;text-align: center\">Athl\u00e9 Calade Val De Saone<br \/>\n1:32.08<\/td>\n<\/tr>\n<tr>\n<td style=\"text-align: center;width: 200px;vertical-align: middle\"><strong>Saut en hauteur<br \/>\n<a href=\"https:\/\/bases.athle.fr\/asp.net\/liste.aspx?frmbase=directs&amp;frmmode=2&amp;frmcompetition=297868&amp;frmepreuve=ce9133c6-684b-41e2-acae-73b53df3291a\"><span style=\"font-size: 12px\"><em>Classement<\/em><\/span><\/a><br \/>\n<\/strong><\/td>\n<td style=\"text-align: center;width: 200px;vertical-align: middle\">\ud83c\uddeb\ud83c\uddf7 <strong>Yannis Dombele<br \/>\n1.99 m<\/strong><\/td>\n<td style=\"text-align: center;width: 200px;vertical-align: middle\">\ud83c\uddeb\ud83c\uddf7 Sinke Julien<br \/>\n1.99 m <strong>SB<\/strong><\/td>\n<td style=\"text-align: center;width: 200px;vertical-align: middle\">\ud83c\uddeb\ud83c\uddf7 Eliott Pele<br \/>\n1.96 m <strong>PB<\/strong><\/td>\n<\/tr>\n<tr>\n<td style=\"text-align: center;width: 200px;vertical-align: middle\"><strong>Saut \u00e0 la perche<br \/>\n<a href=\"https:\/\/bases.athle.fr\/asp.net\/liste.aspx?frmbase=directs&amp;frmmode=2&amp;frmcompetition=297868&amp;frmepreuve=5232440b-a1c5-4bae-b439-582edb634c3f\"><span style=\"font-size: 12px\"><em>Classement<\/em><\/span><\/a><br \/>\n<\/strong><\/td>\n<td style=\"text-align: center;width: 200px;vertical-align: middle\">\ud83c\uddeb\ud83c\uddf7 <strong>Zackaria Dia<br \/>\n5.15 m<\/strong><\/td>\n<td style=\"text-align: center;width: 200px;vertical-align: middle\">\ud83c\uddeb\ud83c\uddf7 Charli Fanchon Baillet<br \/>\n5.07 m <strong>PB<\/strong><\/td>\n<td style=\"text-align: center;width: 200px;vertical-align: middle\">\ud83c\uddeb\ud83c\uddf7 Julien Dorignac<br \/>\n4.83 m <strong>PB<\/strong><\/td>\n<\/tr>\n<tr>\n<td style=\"text-align: center;width: 200px;vertical-align: middle\"><strong>Saut en longueur<br \/>\n<a href=\"https:\/\/bases.athle.fr\/asp.net\/liste.aspx?frmbase=directs&amp;frmmode=2&amp;frmcompetition=297868&amp;frmepreuve=c4227fef-9eb2-4102-b6d9-c5b76c1642f8\"><span style=\"font-size: 12px\"><em>Classement<\/em><\/span><\/a><br \/>\n<\/strong><\/td>\n<td style=\"text-align: center;width: 200px;vertical-align: middle\">\ud83c\uddeb\ud83c\uddf7 <strong>R\u00e9mi Mourie<br \/>\n7.46 m<\/strong><\/td>\n<td style=\"text-align: center;width: 200px;vertical-align: middle\">\ud83c\uddeb\ud83c\uddf7 Maidis Gorrillot<br \/>\n7.09 m<\/td>\n<td style=\"text-align: center;width: 200px;vertical-align: middle\">\ud83c\uddeb\ud83c\uddf7 Axel Kandza<br \/>\n7.08 m <strong>PB<\/strong><\/td>\n<\/tr>\n<tr>\n<td style=\"text-align: center;width: 200px;vertical-align: middle\"><strong>Triple saut<br \/>\n<a href=\"https:\/\/bases.athle.fr\/asp.net\/liste.aspx?frmbase=directs&amp;frmmode=2&amp;frmcompetition=297868&amp;frmepreuve=a95c2b25-5b6e-4f9f-8af2-8fef009cbc3a\"><span style=\"font-size: 12px\"><em>Classement<\/em><\/span><\/a><br \/>\n<\/strong><\/td>\n<td style=\"text-align: center;width: 200px;vertical-align: middle\">\ud83c\uddeb\ud83c\uddf7 <strong>Cl\u00e9ment Hyppolyte<br \/>\n14.81 m SB<\/strong><\/td>\n<td style=\"text-align: center;width: 200px;vertical-align: middle\">\ud83c\uddeb\ud83c\uddf7 Gora Ndiaye<br \/>\n14.70 m<\/td>\n<td style=\"text-align: center;width: 200px;vertical-align: middle\">\ud83c\uddeb\ud83c\uddf7 Jayden M\u00e9tainville<br \/>\n14.44 m <strong>PB<\/strong><\/td>\n<\/tr>\n<\/tbody>\n<\/table>\n<p style=\"text-align: justify\"><\/div>\n<p style=\"text-align: justify;\"><span style=\"font-size: 14px;\"><em><span style=\"color: #ff0000;\">RF JU : Record de France juniors<\/span><br \/>\nPB : Record personnel<\/em><\/span><br \/>\n<span style=\"font-size: 14px;\"><em>RCH : Record des championnats<\/em><\/span><br \/>\n<span style=\"font-size: 14px;\"><em>MPF CA : Meilleure performance fran\u00e7aise cadette de la saison<\/em><\/span><br \/>\n<span style=\"font-size: 14px;\"><em>MPF JU : Meilleure performance fran\u00e7aise junior de la saison<\/em><\/span><br \/>\n<span style=\"font-size: 14px;\"><em>SB : Meilleure performance personnelle de la saison<\/em><\/span><\/p>\n<p>&nbsp;<\/p>\n","protected":false},"excerpt":{"rendered":"<p>Les Championnats de France en salle d&rsquo;athl\u00e9tisme juniors et cadets ont lieu du 15 au 16 f\u00e9vrier \u00e0 Li\u00e9vin. Voici le palmar\u00e8s.<\/p>\n","protected":false},"author":12,"featured_media":555449,"comment_status":"open","ping_status":"closed","sticky":false,"template":"","format":"standard","meta":{"_acf_changed":false,"_daextam_enable_autolinks":"1","footnotes":""},"categories":[2308],"tags":[16878],"class_list":["post-552646","post","type-post","status-publish","format-standard","has-post-thumbnail","hentry","category-athletisme","tag-breve"],"acf":[],"yoast_head":"<!-- This site is optimized with the Yoast SEO Premium plugin v26.7 (Yoast SEO v26.7) - https:\/\/yoast.com\/wordpress\/plugins\/seo\/ -->\n<title>Palmar\u00e8s et r\u00e9sultats Championnats de France en salle d&#039;athl\u00e9tisme juniors U20 et cadets U18 2025<\/title>\n<meta name=\"description\" content=\"Les Championnats de France en salle d&#039;athl\u00e9tisme juniors et cadets ont lieu du 15 au 16 f\u00e9vrier \u00e0 Li\u00e9vin. Voici le palmar\u00e8s.\" \/>\n<meta name=\"robots\" content=\"index, follow, max-snippet:-1, max-image-preview:large, max-video-preview:-1\" \/>\n<link rel=\"canonical\" href=\"https:\/\/dicodusport.fr\/blog\/palmares-et-resultats-championnats-de-france-en-salle-dathletisme-juniors-u20-et-cadets-u18-2025\/\" \/>\n<meta property=\"og:locale\" content=\"fr_FR\" \/>\n<meta property=\"og:type\" content=\"article\" \/>\n<meta property=\"og:title\" content=\"Palmar\u00e8s et r\u00e9sultats Championnats de France en salle d&#039;athl\u00e9tisme juniors U20 et cadets U18 2025\" \/>\n<meta property=\"og:description\" content=\"Les Championnats de France en salle d&#039;athl\u00e9tisme juniors et cadets ont lieu du 15 au 16 f\u00e9vrier \u00e0 Li\u00e9vin. Voici le palmar\u00e8s.\" \/>\n<meta property=\"og:url\" content=\"https:\/\/dicodusport.fr\/blog\/palmares-et-resultats-championnats-de-france-en-salle-dathletisme-juniors-u20-et-cadets-u18-2025\/\" \/>\n<meta property=\"og:site_name\" content=\"Dicodusport\" \/>\n<meta property=\"article:publisher\" content=\"https:\/\/www.facebook.com\/dicodusport\" \/>\n<meta property=\"article:published_time\" content=\"2025-02-16T15:42:02+00:00\" \/>\n<meta property=\"article:modified_time\" content=\"2025-02-16T16:38:26+00:00\" \/>\n<meta property=\"og:image\" content=\"https:\/\/dicodusport.fr\/blog\/wp-content\/uploads\/2025\/02\/Palmares-et-resultats-Championnats-de-France-en-salle-dathletisme-juniors-U20-et-cadets-U18-2025.png\" \/>\n\t<meta property=\"og:image:width\" content=\"1200\" \/>\n\t<meta property=\"og:image:height\" content=\"674\" \/>\n\t<meta property=\"og:image:type\" content=\"image\/png\" \/>\n<meta name=\"author\" content=\"Arlette Yeye\" \/>\n<meta name=\"twitter:card\" content=\"summary_large_image\" \/>\n<meta name=\"twitter:title\" content=\"Palmar\u00e8s et r\u00e9sultats Championnats de France en salle d&#039;athl\u00e9tisme juniors U20 et cadets U18 2025\" \/>\n<meta name=\"twitter:creator\" content=\"@https:\/\/twitter.com\/Shiclette94\" \/>\n<meta name=\"twitter:site\" content=\"@dicodusport\" \/>\n<script type=\"application\/ld+json\" class=\"yoast-schema-graph\">{\"@context\":\"https:\/\/schema.org\",\"@graph\":[{\"@type\":\"NewsArticle\",\"@id\":\"https:\/\/dicodusport.fr\/blog\/palmares-et-resultats-championnats-de-france-en-salle-dathletisme-juniors-u20-et-cadets-u18-2025\/#article\",\"isPartOf\":{\"@id\":\"https:\/\/dicodusport.fr\/blog\/palmares-et-resultats-championnats-de-france-en-salle-dathletisme-juniors-u20-et-cadets-u18-2025\/\"},\"author\":{\"name\":\"Arlette Yeye\",\"@id\":\"https:\/\/dicodusport.fr\/blog\/#\/schema\/person\/cce96fa88785bd8573e3d43078ac8c79\"},\"headline\":\"Palmar\u00e8s et r\u00e9sultats Championnats de France en salle d&rsquo;athl\u00e9tisme juniors U20 et cadets U18 2025\",\"datePublished\":\"2025-02-16T15:42:02+00:00\",\"dateModified\":\"2025-02-16T16:38:26+00:00\",\"mainEntityOfPage\":{\"@id\":\"https:\/\/dicodusport.fr\/blog\/palmares-et-resultats-championnats-de-france-en-salle-dathletisme-juniors-u20-et-cadets-u18-2025\/\"},\"wordCount\":712,\"commentCount\":0,\"publisher\":{\"@id\":\"https:\/\/dicodusport.fr\/blog\/#organization\"},\"image\":{\"@id\":\"https:\/\/dicodusport.fr\/blog\/palmares-et-resultats-championnats-de-france-en-salle-dathletisme-juniors-u20-et-cadets-u18-2025\/#primaryimage\"},\"thumbnailUrl\":\"https:\/\/dicodusport.fr\/blog\/wp-content\/uploads\/2025\/02\/Palmares-et-resultats-Championnats-de-France-en-salle-dathletisme-juniors-U20-et-cadets-U18-2025.png\",\"keywords\":[\"br\u00e8ve\"],\"articleSection\":[\"Athl\u00e9tisme\"],\"inLanguage\":\"fr-FR\",\"potentialAction\":[{\"@type\":\"CommentAction\",\"name\":\"Comment\",\"target\":[\"https:\/\/dicodusport.fr\/blog\/palmares-et-resultats-championnats-de-france-en-salle-dathletisme-juniors-u20-et-cadets-u18-2025\/#respond\"]}],\"copyrightYear\":\"2025\",\"copyrightHolder\":{\"@id\":\"https:\/\/dicodusport.fr\/blog\/#organization\"}},{\"@type\":\"WebPage\",\"@id\":\"https:\/\/dicodusport.fr\/blog\/palmares-et-resultats-championnats-de-france-en-salle-dathletisme-juniors-u20-et-cadets-u18-2025\/\",\"url\":\"https:\/\/dicodusport.fr\/blog\/palmares-et-resultats-championnats-de-france-en-salle-dathletisme-juniors-u20-et-cadets-u18-2025\/\",\"name\":\"Palmar\u00e8s et r\u00e9sultats Championnats de France en salle d'athl\u00e9tisme juniors U20 et cadets U18 2025\",\"isPartOf\":{\"@id\":\"https:\/\/dicodusport.fr\/blog\/#website\"},\"primaryImageOfPage\":{\"@id\":\"https:\/\/dicodusport.fr\/blog\/palmares-et-resultats-championnats-de-france-en-salle-dathletisme-juniors-u20-et-cadets-u18-2025\/#primaryimage\"},\"image\":{\"@id\":\"https:\/\/dicodusport.fr\/blog\/palmares-et-resultats-championnats-de-france-en-salle-dathletisme-juniors-u20-et-cadets-u18-2025\/#primaryimage\"},\"thumbnailUrl\":\"https:\/\/dicodusport.fr\/blog\/wp-content\/uploads\/2025\/02\/Palmares-et-resultats-Championnats-de-France-en-salle-dathletisme-juniors-U20-et-cadets-U18-2025.png\",\"datePublished\":\"2025-02-16T15:42:02+00:00\",\"dateModified\":\"2025-02-16T16:38:26+00:00\",\"description\":\"Les Championnats de France en salle d'athl\u00e9tisme juniors et cadets ont lieu du 15 au 16 f\u00e9vrier \u00e0 Li\u00e9vin. Voici le palmar\u00e8s.\",\"breadcrumb\":{\"@id\":\"https:\/\/dicodusport.fr\/blog\/palmares-et-resultats-championnats-de-france-en-salle-dathletisme-juniors-u20-et-cadets-u18-2025\/#breadcrumb\"},\"inLanguage\":\"fr-FR\",\"potentialAction\":[{\"@type\":\"ReadAction\",\"target\":[\"https:\/\/dicodusport.fr\/blog\/palmares-et-resultats-championnats-de-france-en-salle-dathletisme-juniors-u20-et-cadets-u18-2025\/\"]}]},{\"@type\":\"ImageObject\",\"inLanguage\":\"fr-FR\",\"@id\":\"https:\/\/dicodusport.fr\/blog\/palmares-et-resultats-championnats-de-france-en-salle-dathletisme-juniors-u20-et-cadets-u18-2025\/#primaryimage\",\"url\":\"https:\/\/dicodusport.fr\/blog\/wp-content\/uploads\/2025\/02\/Palmares-et-resultats-Championnats-de-France-en-salle-dathletisme-juniors-U20-et-cadets-U18-2025.png\",\"contentUrl\":\"https:\/\/dicodusport.fr\/blog\/wp-content\/uploads\/2025\/02\/Palmares-et-resultats-Championnats-de-France-en-salle-dathletisme-juniors-U20-et-cadets-U18-2025.png\",\"width\":1200,\"height\":674,\"caption\":\"Palmar\u00e8s et r\u00e9sultats Championnats de France en salle d'athl\u00e9tisme juniors U20 et cadets U18 2025\"},{\"@type\":\"BreadcrumbList\",\"@id\":\"https:\/\/dicodusport.fr\/blog\/palmares-et-resultats-championnats-de-france-en-salle-dathletisme-juniors-u20-et-cadets-u18-2025\/#breadcrumb\",\"itemListElement\":[{\"@type\":\"ListItem\",\"position\":1,\"name\":\"Accueil\",\"item\":\"https:\/\/dicodusport.fr\/blog\/\"},{\"@type\":\"ListItem\",\"position\":2,\"name\":\"Palmar\u00e8s et r\u00e9sultats Championnats de France en salle d&#8217;athl\u00e9tisme juniors U20 et cadets U18 2025\"}]},{\"@type\":\"WebSite\",\"@id\":\"https:\/\/dicodusport.fr\/blog\/#website\",\"url\":\"https:\/\/dicodusport.fr\/blog\/\",\"name\":\"Dicodusport\",\"description\":\"L&#039;encyclop\u00e9die de l&#039;actualit\u00e9 sportive\",\"publisher\":{\"@id\":\"https:\/\/dicodusport.fr\/blog\/#organization\"},\"potentialAction\":[{\"@type\":\"SearchAction\",\"target\":{\"@type\":\"EntryPoint\",\"urlTemplate\":\"https:\/\/dicodusport.fr\/blog\/?s={search_term_string}\"},\"query-input\":{\"@type\":\"PropertyValueSpecification\",\"valueRequired\":true,\"valueName\":\"search_term_string\"}}],\"inLanguage\":\"fr-FR\"},{\"@type\":\"NewsMediaOrganization\",\"@id\":\"https:\/\/dicodusport.fr\/blog\/#organization\",\"name\":\"Dicodusport\",\"url\":\"https:\/\/dicodusport.fr\/blog\/\",\"logo\":{\"@type\":\"ImageObject\",\"inLanguage\":\"fr-FR\",\"@id\":\"https:\/\/dicodusport.fr\/blog\/#\/schema\/logo\/image\/\",\"url\":\"https:\/\/dicodusport.fr\/blog\/wp-content\/uploads\/2020\/06\/cropped-LOGO-DICODUSPORT-2020-SANS-FOND-SANS-TEXTE.png\",\"contentUrl\":\"https:\/\/dicodusport.fr\/blog\/wp-content\/uploads\/2020\/06\/cropped-LOGO-DICODUSPORT-2020-SANS-FOND-SANS-TEXTE.png\",\"width\":512,\"height\":512,\"caption\":\"Dicodusport\"},\"image\":{\"@id\":\"https:\/\/dicodusport.fr\/blog\/#\/schema\/logo\/image\/\"},\"sameAs\":[\"https:\/\/www.facebook.com\/dicodusport\",\"https:\/\/x.com\/dicodusport\",\"https:\/\/www.instagram.com\/dicodusport\/\",\"https:\/\/www.youtube.com\/channel\/UC7V2KZ5sd3htJivAbA4ZG3w\"],\"description\":\"Dicodusport est l'encyclop\u00e9die de l'actualit\u00e9 sportive.\",\"email\":\"bonjour@dicodusport.fr\",\"legalName\":\"DICODUSPORT\",\"foundingDate\":\"2018-01-14\",\"vatID\":\"FR71834470973\",\"taxID\":\"83447097300043\",\"numberOfEmployees\":{\"@type\":\"QuantitativeValue\",\"minValue\":\"1\",\"maxValue\":\"10\"}},{\"@type\":\"Person\",\"@id\":\"https:\/\/dicodusport.fr\/blog\/#\/schema\/person\/cce96fa88785bd8573e3d43078ac8c79\",\"name\":\"Arlette Yeye\",\"image\":{\"@type\":\"ImageObject\",\"inLanguage\":\"fr-FR\",\"@id\":\"https:\/\/dicodusport.fr\/blog\/#\/schema\/person\/image\/\",\"url\":\"https:\/\/secure.gravatar.com\/avatar\/dca4a6239e6d708e46c45d60e160de6c?s=96&d=wp_user_avatar&r=g\",\"contentUrl\":\"https:\/\/secure.gravatar.com\/avatar\/dca4a6239e6d708e46c45d60e160de6c?s=96&d=wp_user_avatar&r=g\",\"caption\":\"Arlette Yeye\"},\"description\":\"Journaliste\/r\u00e9dactrice depuis septembre 2015 - Supportrice de Chelsea, j'ai pour sports de pr\u00e9dilection le handball, l'athl\u00e9tisme et le tennis. Si je tweete plus vite que mon ombre, vous pouvez aussi me retrouver les week-ends sur les playgrounds de Bruxelles pour un petit foot ou basket entre potes. Parcourir la France, l'Europe et plus si affinit\u00e9s pour suivre mes sportifs pr\u00e9f\u00e9r\u00e9s ? Mon kif ! Et c'est avec plaisir que je partage les r\u00e9sultats des sports populaires mais \u00e9galement plus confidentiels pour Dicodusport.\",\"sameAs\":[\"https:\/\/x.com\/https:\/\/twitter.com\/Shiclette94\"],\"url\":\"https:\/\/dicodusport.fr\/blog\/author\/arlette\/\"}]}<\/script>\n<!-- \/ Yoast SEO Premium plugin. -->","yoast_head_json":{"title":"Palmar\u00e8s et r\u00e9sultats Championnats de France en salle d'athl\u00e9tisme juniors U20 et cadets U18 2025","description":"Les Championnats de France en salle d'athl\u00e9tisme juniors et cadets ont lieu du 15 au 16 f\u00e9vrier \u00e0 Li\u00e9vin. Voici le palmar\u00e8s.","robots":{"index":"index","follow":"follow","max-snippet":"max-snippet:-1","max-image-preview":"max-image-preview:large","max-video-preview":"max-video-preview:-1"},"canonical":"https:\/\/dicodusport.fr\/blog\/palmares-et-resultats-championnats-de-france-en-salle-dathletisme-juniors-u20-et-cadets-u18-2025\/","og_locale":"fr_FR","og_type":"article","og_title":"Palmar\u00e8s et r\u00e9sultats Championnats de France en salle d'athl\u00e9tisme juniors U20 et cadets U18 2025","og_description":"Les Championnats de France en salle d'athl\u00e9tisme juniors et cadets ont lieu du 15 au 16 f\u00e9vrier \u00e0 Li\u00e9vin. Voici le palmar\u00e8s.","og_url":"https:\/\/dicodusport.fr\/blog\/palmares-et-resultats-championnats-de-france-en-salle-dathletisme-juniors-u20-et-cadets-u18-2025\/","og_site_name":"Dicodusport","article_publisher":"https:\/\/www.facebook.com\/dicodusport","article_published_time":"2025-02-16T15:42:02+00:00","article_modified_time":"2025-02-16T16:38:26+00:00","og_image":[{"width":1200,"height":674,"url":"https:\/\/dicodusport.fr\/blog\/wp-content\/uploads\/2025\/02\/Palmares-et-resultats-Championnats-de-France-en-salle-dathletisme-juniors-U20-et-cadets-U18-2025.png","type":"image\/png"}],"author":"Arlette Yeye","twitter_card":"summary_large_image","twitter_title":"Palmar\u00e8s et r\u00e9sultats Championnats de France en salle d'athl\u00e9tisme juniors U20 et cadets U18 2025","twitter_creator":"@https:\/\/twitter.com\/Shiclette94","twitter_site":"@dicodusport","schema":{"@context":"https:\/\/schema.org","@graph":[{"@type":"NewsArticle","@id":"https:\/\/dicodusport.fr\/blog\/palmares-et-resultats-championnats-de-france-en-salle-dathletisme-juniors-u20-et-cadets-u18-2025\/#article","isPartOf":{"@id":"https:\/\/dicodusport.fr\/blog\/palmares-et-resultats-championnats-de-france-en-salle-dathletisme-juniors-u20-et-cadets-u18-2025\/"},"author":{"name":"Arlette Yeye","@id":"https:\/\/dicodusport.fr\/blog\/#\/schema\/person\/cce96fa88785bd8573e3d43078ac8c79"},"headline":"Palmar\u00e8s et r\u00e9sultats Championnats de France en salle d&rsquo;athl\u00e9tisme juniors U20 et cadets U18 2025","datePublished":"2025-02-16T15:42:02+00:00","dateModified":"2025-02-16T16:38:26+00:00","mainEntityOfPage":{"@id":"https:\/\/dicodusport.fr\/blog\/palmares-et-resultats-championnats-de-france-en-salle-dathletisme-juniors-u20-et-cadets-u18-2025\/"},"wordCount":712,"commentCount":0,"publisher":{"@id":"https:\/\/dicodusport.fr\/blog\/#organization"},"image":{"@id":"https:\/\/dicodusport.fr\/blog\/palmares-et-resultats-championnats-de-france-en-salle-dathletisme-juniors-u20-et-cadets-u18-2025\/#primaryimage"},"thumbnailUrl":"https:\/\/dicodusport.fr\/blog\/wp-content\/uploads\/2025\/02\/Palmares-et-resultats-Championnats-de-France-en-salle-dathletisme-juniors-U20-et-cadets-U18-2025.png","keywords":["br\u00e8ve"],"articleSection":["Athl\u00e9tisme"],"inLanguage":"fr-FR","potentialAction":[{"@type":"CommentAction","name":"Comment","target":["https:\/\/dicodusport.fr\/blog\/palmares-et-resultats-championnats-de-france-en-salle-dathletisme-juniors-u20-et-cadets-u18-2025\/#respond"]}],"copyrightYear":"2025","copyrightHolder":{"@id":"https:\/\/dicodusport.fr\/blog\/#organization"}},{"@type":"WebPage","@id":"https:\/\/dicodusport.fr\/blog\/palmares-et-resultats-championnats-de-france-en-salle-dathletisme-juniors-u20-et-cadets-u18-2025\/","url":"https:\/\/dicodusport.fr\/blog\/palmares-et-resultats-championnats-de-france-en-salle-dathletisme-juniors-u20-et-cadets-u18-2025\/","name":"Palmar\u00e8s et r\u00e9sultats Championnats de France en salle d'athl\u00e9tisme juniors U20 et cadets U18 2025","isPartOf":{"@id":"https:\/\/dicodusport.fr\/blog\/#website"},"primaryImageOfPage":{"@id":"https:\/\/dicodusport.fr\/blog\/palmares-et-resultats-championnats-de-france-en-salle-dathletisme-juniors-u20-et-cadets-u18-2025\/#primaryimage"},"image":{"@id":"https:\/\/dicodusport.fr\/blog\/palmares-et-resultats-championnats-de-france-en-salle-dathletisme-juniors-u20-et-cadets-u18-2025\/#primaryimage"},"thumbnailUrl":"https:\/\/dicodusport.fr\/blog\/wp-content\/uploads\/2025\/02\/Palmares-et-resultats-Championnats-de-France-en-salle-dathletisme-juniors-U20-et-cadets-U18-2025.png","datePublished":"2025-02-16T15:42:02+00:00","dateModified":"2025-02-16T16:38:26+00:00","description":"Les Championnats de France en salle d'athl\u00e9tisme juniors et cadets ont lieu du 15 au 16 f\u00e9vrier \u00e0 Li\u00e9vin. Voici le palmar\u00e8s.","breadcrumb":{"@id":"https:\/\/dicodusport.fr\/blog\/palmares-et-resultats-championnats-de-france-en-salle-dathletisme-juniors-u20-et-cadets-u18-2025\/#breadcrumb"},"inLanguage":"fr-FR","potentialAction":[{"@type":"ReadAction","target":["https:\/\/dicodusport.fr\/blog\/palmares-et-resultats-championnats-de-france-en-salle-dathletisme-juniors-u20-et-cadets-u18-2025\/"]}]},{"@type":"ImageObject","inLanguage":"fr-FR","@id":"https:\/\/dicodusport.fr\/blog\/palmares-et-resultats-championnats-de-france-en-salle-dathletisme-juniors-u20-et-cadets-u18-2025\/#primaryimage","url":"https:\/\/dicodusport.fr\/blog\/wp-content\/uploads\/2025\/02\/Palmares-et-resultats-Championnats-de-France-en-salle-dathletisme-juniors-U20-et-cadets-U18-2025.png","contentUrl":"https:\/\/dicodusport.fr\/blog\/wp-content\/uploads\/2025\/02\/Palmares-et-resultats-Championnats-de-France-en-salle-dathletisme-juniors-U20-et-cadets-U18-2025.png","width":1200,"height":674,"caption":"Palmar\u00e8s et r\u00e9sultats Championnats de France en salle d'athl\u00e9tisme juniors U20 et cadets U18 2025"},{"@type":"BreadcrumbList","@id":"https:\/\/dicodusport.fr\/blog\/palmares-et-resultats-championnats-de-france-en-salle-dathletisme-juniors-u20-et-cadets-u18-2025\/#breadcrumb","itemListElement":[{"@type":"ListItem","position":1,"name":"Accueil","item":"https:\/\/dicodusport.fr\/blog\/"},{"@type":"ListItem","position":2,"name":"Palmar\u00e8s et r\u00e9sultats Championnats de France en salle d&#8217;athl\u00e9tisme juniors U20 et cadets U18 2025"}]},{"@type":"WebSite","@id":"https:\/\/dicodusport.fr\/blog\/#website","url":"https:\/\/dicodusport.fr\/blog\/","name":"Dicodusport","description":"L&#039;encyclop\u00e9die de l&#039;actualit\u00e9 sportive","publisher":{"@id":"https:\/\/dicodusport.fr\/blog\/#organization"},"potentialAction":[{"@type":"SearchAction","target":{"@type":"EntryPoint","urlTemplate":"https:\/\/dicodusport.fr\/blog\/?s={search_term_string}"},"query-input":{"@type":"PropertyValueSpecification","valueRequired":true,"valueName":"search_term_string"}}],"inLanguage":"fr-FR"},{"@type":"NewsMediaOrganization","@id":"https:\/\/dicodusport.fr\/blog\/#organization","name":"Dicodusport","url":"https:\/\/dicodusport.fr\/blog\/","logo":{"@type":"ImageObject","inLanguage":"fr-FR","@id":"https:\/\/dicodusport.fr\/blog\/#\/schema\/logo\/image\/","url":"https:\/\/dicodusport.fr\/blog\/wp-content\/uploads\/2020\/06\/cropped-LOGO-DICODUSPORT-2020-SANS-FOND-SANS-TEXTE.png","contentUrl":"https:\/\/dicodusport.fr\/blog\/wp-content\/uploads\/2020\/06\/cropped-LOGO-DICODUSPORT-2020-SANS-FOND-SANS-TEXTE.png","width":512,"height":512,"caption":"Dicodusport"},"image":{"@id":"https:\/\/dicodusport.fr\/blog\/#\/schema\/logo\/image\/"},"sameAs":["https:\/\/www.facebook.com\/dicodusport","https:\/\/x.com\/dicodusport","https:\/\/www.instagram.com\/dicodusport\/","https:\/\/www.youtube.com\/channel\/UC7V2KZ5sd3htJivAbA4ZG3w"],"description":"Dicodusport est l'encyclop\u00e9die de l'actualit\u00e9 sportive.","email":"bonjour@dicodusport.fr","legalName":"DICODUSPORT","foundingDate":"2018-01-14","vatID":"FR71834470973","taxID":"83447097300043","numberOfEmployees":{"@type":"QuantitativeValue","minValue":"1","maxValue":"10"}},{"@type":"Person","@id":"https:\/\/dicodusport.fr\/blog\/#\/schema\/person\/cce96fa88785bd8573e3d43078ac8c79","name":"Arlette Yeye","image":{"@type":"ImageObject","inLanguage":"fr-FR","@id":"https:\/\/dicodusport.fr\/blog\/#\/schema\/person\/image\/","url":"https:\/\/secure.gravatar.com\/avatar\/dca4a6239e6d708e46c45d60e160de6c?s=96&d=wp_user_avatar&r=g","contentUrl":"https:\/\/secure.gravatar.com\/avatar\/dca4a6239e6d708e46c45d60e160de6c?s=96&d=wp_user_avatar&r=g","caption":"Arlette Yeye"},"description":"Journaliste\/r\u00e9dactrice depuis septembre 2015 - Supportrice de Chelsea, j'ai pour sports de pr\u00e9dilection le handball, l'athl\u00e9tisme et le tennis. Si je tweete plus vite que mon ombre, vous pouvez aussi me retrouver les week-ends sur les playgrounds de Bruxelles pour un petit foot ou basket entre potes. Parcourir la France, l'Europe et plus si affinit\u00e9s pour suivre mes sportifs pr\u00e9f\u00e9r\u00e9s ? Mon kif ! Et c'est avec plaisir que je partage les r\u00e9sultats des sports populaires mais \u00e9galement plus confidentiels pour Dicodusport.","sameAs":["https:\/\/x.com\/https:\/\/twitter.com\/Shiclette94"],"url":"https:\/\/dicodusport.fr\/blog\/author\/arlette\/"}]}},"_links":{"self":[{"href":"https:\/\/dicodusport.fr\/blog\/wp-json\/wp\/v2\/posts\/552646","targetHints":{"allow":["GET"]}}],"collection":[{"href":"https:\/\/dicodusport.fr\/blog\/wp-json\/wp\/v2\/posts"}],"about":[{"href":"https:\/\/dicodusport.fr\/blog\/wp-json\/wp\/v2\/types\/post"}],"author":[{"embeddable":true,"href":"https:\/\/dicodusport.fr\/blog\/wp-json\/wp\/v2\/users\/12"}],"replies":[{"embeddable":true,"href":"https:\/\/dicodusport.fr\/blog\/wp-json\/wp\/v2\/comments?post=552646"}],"version-history":[{"count":5,"href":"https:\/\/dicodusport.fr\/blog\/wp-json\/wp\/v2\/posts\/552646\/revisions"}],"predecessor-version":[{"id":556438,"href":"https:\/\/dicodusport.fr\/blog\/wp-json\/wp\/v2\/posts\/552646\/revisions\/556438"}],"wp:featuredmedia":[{"embeddable":true,"href":"https:\/\/dicodusport.fr\/blog\/wp-json\/wp\/v2\/media\/555449"}],"wp:attachment":[{"href":"https:\/\/dicodusport.fr\/blog\/wp-json\/wp\/v2\/media?parent=552646"}],"wp:term":[{"taxonomy":"category","embeddable":true,"href":"https:\/\/dicodusport.fr\/blog\/wp-json\/wp\/v2\/categories?post=552646"},{"taxonomy":"post_tag","embeddable":true,"href":"https:\/\/dicodusport.fr\/blog\/wp-json\/wp\/v2\/tags?post=552646"}],"curies":[{"name":"wp","href":"https:\/\/api.w.org\/{rel}","templated":true}]}}