{"id":552717,"date":"2025-02-04T13:59:32","date_gmt":"2025-02-04T12:59:32","guid":{"rendered":"https:\/\/dicodusport.fr\/blog\/?p=552717&#038;preview=true&#038;preview_id=552717"},"modified":"2025-02-04T14:55:36","modified_gmt":"2025-02-04T13:55:36","slug":"coupe-deurope-de-ski-alpin-marion-chevrier-soffre-le-double-sur-les-slaloms-de-spindleruv-mlyn","status":"publish","type":"post","link":"https:\/\/dicodusport.fr\/blog\/coupe-deurope-de-ski-alpin-marion-chevrier-soffre-le-double-sur-les-slaloms-de-spindleruv-mlyn\/","title":{"rendered":"Coupe d&rsquo;Europe de ski alpin : Marion Chevrier s&rsquo;offre le doubl\u00e9 sur les slaloms de Spindleruv Mlyn"},"content":{"rendered":"<h4 style=\"text-align: justify;\"><i>COUPE D&rsquo;EUROPE DE SKI ALPIN 202<\/i><i>4<\/i><i>-2025 &#8211; Dans la foul\u00e9e de son meilleur r\u00e9sultat en Coupe du monde, Marion Chevrier a confirm\u00e9 sur le circuit inf\u00e9rieur. D\u00e9j\u00e0 vainqueure du slalom disput\u00e9 lundi \u00e0 Spindleruv Mlyn (R\u00e9publique Tch\u00e8que), la Fran\u00e7aise a r\u00e9cidiv\u00e9 ce mardi !<\/i><\/h4>\n<p style=\"text-align: justify;\">Et si <strong>Marion Chevrier<\/strong> \u00e9tait en train de franchir un nouveau cap en ce d\u00e9but d&rsquo;ann\u00e9e 2025 ? Les r\u00e9sultats parlent en tout cas d&rsquo;eux-m\u00eames puisque depuis une quinzaine de jours, la skieuse de 23 ans est en train de repousser ses limites \u00e0 toute vitesse.<\/p>\n<ul>\n<li style=\"text-align: justify;\"><strong>\u00c0 lire aussi &#8211; <a href=\"https:\/\/dicodusport.fr\/blog\/ski-alpin-championnats-du-monde-la-selection-francaise\/\">Ski alpin Championnats du monde : La s\u00e9lection fran\u00e7aise<\/a><\/strong><\/li>\n<\/ul>\n<h2 style=\"text-align: justify;\">Marion Chevrier, de 0 \u00e0 3 victoires en quinze jours !<\/h2>\n<p style=\"text-align: justify;\">Apr\u00e8s sa premi\u00e8re victoire en <strong>Coupe d&rsquo;Europe<\/strong> \u00e0 Zell am See le 20 janvier, elle avait tout simplement d\u00e9croch\u00e9 son meilleur r\u00e9sultat en Coupe du monde, s&#8217;emparant de la 14e place sur le slalom de Courchevel. C&rsquo;est donc avec de l&rsquo;ambition qu&rsquo;elle se pr\u00e9sentait en ce d\u00e9but de semaine sur le circuit inf\u00e9rieur \u00e0<strong> Spindleruv Mlyn<\/strong>. Sur la piste tch\u00e8que, la Fran\u00e7aise avait d\u00e9but\u00e9 en fanfare lundi, raflant la mise gr\u00e2ce \u00e0 un deuxi\u00e8me run de folie lui ayant permis de remonter de la 6\u00e8me \u00e0 la 1\u00e8re place.<\/p>\n<ul>\n<li style=\"text-align: justify;\"><strong>\u00c0 ce sujet &#8211; <a href=\"https:\/\/dicodusport.fr\/blog\/slalom-femmes-courchevel-2025-zrinka-ljutic-lemporte-nettement-premier-top-15-pour-marion-chevrier\/\">Slalom femmes Courchevel 2025 : Zrinka Ljutic l\u2019emporte nettement, premier Top 15 pour Marion Chevrier<\/a><\/strong><\/li>\n<\/ul>\n<p style=\"text-align: justify;\">Ce mardi, <strong>Marion Chevrier<\/strong> avait donc la pancarte, mais cela ne l&rsquo;a pas emp\u00each\u00e9e d&rsquo;encore se hisser au sommet de la bo\u00eete. En t\u00eate de la premi\u00e8re manche pour deux petits centi\u00e8mes devant l&rsquo;Italienne <strong>Marta Rossetti<\/strong>, elle a ensuite vu sa rivale partir \u00e0 la faute dans la seconde. De son c\u00f4t\u00e9, la Tricolore a assur\u00e9 le coup pour pr\u00e9server une marge infime sur la Suissesse <strong>Aline Hoepli<\/strong> (3 centi\u00e8mes). Suffisant pour r\u00e9aliser un incroyable doubl\u00e9 en terres tch\u00e8ques. En l&rsquo;espace de quinze jours, la Fran\u00e7aise a donc d\u00e9croch\u00e9 <strong>trois victoires de rang<\/strong> ! Une performance exceptionnelle qui lui permet de conforter sa place de <strong>leader du classement g\u00e9n\u00e9ral du slalom<\/strong>. On a d\u00e9j\u00e0 h\u00e2te de voir la suite, et cela passera notamment par les <a href=\"https:\/\/dicodusport.fr\/blog\/programme-et-resultats-ski-alpin-championnats-du-monde-2025\/\">championnats du monde de Saalbach<\/a> dans les prochains jours.<\/p>\n<blockquote class=\"twitter-tweet\">\n<p dir=\"ltr\" lang=\"it\">Marta Rossetti esce e Marion Chevrier fa il bis nello slalom di Coppa Europa di Spindleruv Mlyn &#8211; <a href=\"https:\/\/t.co\/8qw5VKj75U\">https:\/\/t.co\/8qw5VKj75U<\/a><\/p>\n<p>\u2014 OA SPORT (@OA_Sport) <a href=\"https:\/\/twitter.com\/OA_Sport\/status\/1886751286785089597?ref_src=twsrc%5Etfw\">February 4, 2025<\/a><\/p><\/blockquote>\n<p><script async src=\"https:\/\/platform.twitter.com\/widgets.js\" charset=\"utf-8\"><\/script><\/p>\n","protected":false},"excerpt":{"rendered":"<p>COUPE D&rsquo;EUROPE DE SKI ALPIN 2024-2025 &#8211; Dans la foul\u00e9e de son meilleur r\u00e9sultat en Coupe du monde, Marion Chevrier a confirm\u00e9 sur le circuit inf\u00e9rieur. D\u00e9j\u00e0 vainqueure du slalom disput\u00e9 lundi \u00e0 Spindleruv Mlyn, la Fran\u00e7aise a r\u00e9cidiv\u00e9 ce mardi !<\/p>\n","protected":false},"author":55,"featured_media":552724,"comment_status":"open","ping_status":"closed","sticky":false,"template":"","format":"standard","meta":{"_acf_changed":false,"_daextam_enable_autolinks":"1","footnotes":""},"categories":[9217],"tags":[16878,2233,3007],"class_list":["post-552717","post","type-post","status-publish","format-standard","has-post-thumbnail","hentry","category-ski","tag-breve","tag-ski-alpin","tag-slalom"],"acf":[],"yoast_head":"<!-- This site is optimized with the Yoast SEO Premium plugin v26.7 (Yoast SEO v26.7) - https:\/\/yoast.com\/wordpress\/plugins\/seo\/ -->\n<title>Coupe d&#039;Europe de ski alpin : Marion Chevrier s&#039;offre le doubl\u00e9 sur les slaloms de Spindleruv Mlyn<\/title>\n<meta name=\"description\" content=\"COUPE D&#039;EUROPE DE SKI ALPIN 2024-2025 - D\u00e9j\u00e0 vainqueure du slalom disput\u00e9 lundi \u00e0 Spindleruv Mlyn, Marion Chevrier a r\u00e9cidiv\u00e9 ce mardi !\" \/>\n<meta name=\"robots\" content=\"index, follow, max-snippet:-1, max-image-preview:large, max-video-preview:-1\" \/>\n<link rel=\"canonical\" href=\"https:\/\/dicodusport.fr\/blog\/coupe-deurope-de-ski-alpin-marion-chevrier-soffre-le-double-sur-les-slaloms-de-spindleruv-mlyn\/\" \/>\n<meta property=\"og:locale\" content=\"fr_FR\" \/>\n<meta property=\"og:type\" content=\"article\" \/>\n<meta property=\"og:title\" content=\"Coupe d&#039;Europe de ski alpin : Marion Chevrier s&#039;offre le doubl\u00e9 sur les slaloms de Spindleruv Mlyn\" \/>\n<meta property=\"og:description\" content=\"COUPE D&#039;EUROPE DE SKI ALPIN 2024-2025 - D\u00e9j\u00e0 vainqueure du slalom disput\u00e9 lundi \u00e0 Spindleruv Mlyn, Marion Chevrier a r\u00e9cidiv\u00e9 ce mardi !\" \/>\n<meta property=\"og:url\" content=\"https:\/\/dicodusport.fr\/blog\/coupe-deurope-de-ski-alpin-marion-chevrier-soffre-le-double-sur-les-slaloms-de-spindleruv-mlyn\/\" \/>\n<meta property=\"og:site_name\" content=\"Dicodusport\" \/>\n<meta property=\"article:publisher\" content=\"https:\/\/www.facebook.com\/dicodusport\" \/>\n<meta property=\"article:published_time\" content=\"2025-02-04T12:59:32+00:00\" \/>\n<meta property=\"article:modified_time\" content=\"2025-02-04T13:55:36+00:00\" \/>\n<meta property=\"og:image\" content=\"https:\/\/dicodusport.fr\/blog\/wp-content\/uploads\/2025\/02\/Coupe-dEurope-de-ski-alpin-Marion-Chevrier-soffre-le-double-sur-les-slaloms-de-Spindleruv-Mlyn.png\" \/>\n\t<meta property=\"og:image:width\" content=\"1200\" \/>\n\t<meta property=\"og:image:height\" content=\"674\" \/>\n\t<meta property=\"og:image:type\" content=\"image\/png\" \/>\n<meta name=\"author\" content=\"Maxime Cazenave\" \/>\n<meta name=\"twitter:card\" content=\"summary_large_image\" \/>\n<meta name=\"twitter:title\" content=\"Coupe d&#039;Europe de ski alpin : Marion Chevrier s&#039;offre le doubl\u00e9 sur les slaloms de Spindleruv Mlyn\" \/>\n<meta name=\"twitter:creator\" content=\"@https:\/\/twitter.com\/Maxime_Caze\" \/>\n<meta name=\"twitter:site\" content=\"@dicodusport\" \/>\n<script type=\"application\/ld+json\" class=\"yoast-schema-graph\">{\"@context\":\"https:\/\/schema.org\",\"@graph\":[{\"@type\":\"NewsArticle\",\"@id\":\"https:\/\/dicodusport.fr\/blog\/coupe-deurope-de-ski-alpin-marion-chevrier-soffre-le-double-sur-les-slaloms-de-spindleruv-mlyn\/#article\",\"isPartOf\":{\"@id\":\"https:\/\/dicodusport.fr\/blog\/coupe-deurope-de-ski-alpin-marion-chevrier-soffre-le-double-sur-les-slaloms-de-spindleruv-mlyn\/\"},\"author\":{\"name\":\"Maxime Cazenave\",\"@id\":\"https:\/\/dicodusport.fr\/blog\/#\/schema\/person\/37def232098a7a5cbab3974a3690abb0\"},\"headline\":\"Coupe d&rsquo;Europe de ski alpin : Marion Chevrier s&rsquo;offre le doubl\u00e9 sur les slaloms de Spindleruv Mlyn\",\"datePublished\":\"2025-02-04T12:59:32+00:00\",\"dateModified\":\"2025-02-04T13:55:36+00:00\",\"mainEntityOfPage\":{\"@id\":\"https:\/\/dicodusport.fr\/blog\/coupe-deurope-de-ski-alpin-marion-chevrier-soffre-le-double-sur-les-slaloms-de-spindleruv-mlyn\/\"},\"wordCount\":435,\"commentCount\":0,\"publisher\":{\"@id\":\"https:\/\/dicodusport.fr\/blog\/#organization\"},\"image\":{\"@id\":\"https:\/\/dicodusport.fr\/blog\/coupe-deurope-de-ski-alpin-marion-chevrier-soffre-le-double-sur-les-slaloms-de-spindleruv-mlyn\/#primaryimage\"},\"thumbnailUrl\":\"https:\/\/dicodusport.fr\/blog\/wp-content\/uploads\/2025\/02\/Coupe-dEurope-de-ski-alpin-Marion-Chevrier-soffre-le-double-sur-les-slaloms-de-Spindleruv-Mlyn.png\",\"keywords\":[\"br\u00e8ve\",\"Ski alpin\",\"slalom\"],\"articleSection\":[\"Ski\"],\"inLanguage\":\"fr-FR\",\"potentialAction\":[{\"@type\":\"CommentAction\",\"name\":\"Comment\",\"target\":[\"https:\/\/dicodusport.fr\/blog\/coupe-deurope-de-ski-alpin-marion-chevrier-soffre-le-double-sur-les-slaloms-de-spindleruv-mlyn\/#respond\"]}],\"copyrightYear\":\"2025\",\"copyrightHolder\":{\"@id\":\"https:\/\/dicodusport.fr\/blog\/#organization\"}},{\"@type\":\"WebPage\",\"@id\":\"https:\/\/dicodusport.fr\/blog\/coupe-deurope-de-ski-alpin-marion-chevrier-soffre-le-double-sur-les-slaloms-de-spindleruv-mlyn\/\",\"url\":\"https:\/\/dicodusport.fr\/blog\/coupe-deurope-de-ski-alpin-marion-chevrier-soffre-le-double-sur-les-slaloms-de-spindleruv-mlyn\/\",\"name\":\"Coupe d'Europe de ski alpin : Marion Chevrier s'offre le doubl\u00e9 sur les slaloms de Spindleruv Mlyn\",\"isPartOf\":{\"@id\":\"https:\/\/dicodusport.fr\/blog\/#website\"},\"primaryImageOfPage\":{\"@id\":\"https:\/\/dicodusport.fr\/blog\/coupe-deurope-de-ski-alpin-marion-chevrier-soffre-le-double-sur-les-slaloms-de-spindleruv-mlyn\/#primaryimage\"},\"image\":{\"@id\":\"https:\/\/dicodusport.fr\/blog\/coupe-deurope-de-ski-alpin-marion-chevrier-soffre-le-double-sur-les-slaloms-de-spindleruv-mlyn\/#primaryimage\"},\"thumbnailUrl\":\"https:\/\/dicodusport.fr\/blog\/wp-content\/uploads\/2025\/02\/Coupe-dEurope-de-ski-alpin-Marion-Chevrier-soffre-le-double-sur-les-slaloms-de-Spindleruv-Mlyn.png\",\"datePublished\":\"2025-02-04T12:59:32+00:00\",\"dateModified\":\"2025-02-04T13:55:36+00:00\",\"description\":\"COUPE D'EUROPE DE SKI ALPIN 2024-2025 - D\u00e9j\u00e0 vainqueure du slalom disput\u00e9 lundi \u00e0 Spindleruv Mlyn, Marion Chevrier a r\u00e9cidiv\u00e9 ce mardi !\",\"breadcrumb\":{\"@id\":\"https:\/\/dicodusport.fr\/blog\/coupe-deurope-de-ski-alpin-marion-chevrier-soffre-le-double-sur-les-slaloms-de-spindleruv-mlyn\/#breadcrumb\"},\"inLanguage\":\"fr-FR\",\"potentialAction\":[{\"@type\":\"ReadAction\",\"target\":[\"https:\/\/dicodusport.fr\/blog\/coupe-deurope-de-ski-alpin-marion-chevrier-soffre-le-double-sur-les-slaloms-de-spindleruv-mlyn\/\"]}]},{\"@type\":\"ImageObject\",\"inLanguage\":\"fr-FR\",\"@id\":\"https:\/\/dicodusport.fr\/blog\/coupe-deurope-de-ski-alpin-marion-chevrier-soffre-le-double-sur-les-slaloms-de-spindleruv-mlyn\/#primaryimage\",\"url\":\"https:\/\/dicodusport.fr\/blog\/wp-content\/uploads\/2025\/02\/Coupe-dEurope-de-ski-alpin-Marion-Chevrier-soffre-le-double-sur-les-slaloms-de-Spindleruv-Mlyn.png\",\"contentUrl\":\"https:\/\/dicodusport.fr\/blog\/wp-content\/uploads\/2025\/02\/Coupe-dEurope-de-ski-alpin-Marion-Chevrier-soffre-le-double-sur-les-slaloms-de-Spindleruv-Mlyn.png\",\"width\":1200,\"height\":674,\"caption\":\"Coupe d'Europe de ski alpin : Marion Chevrier s'offre le doubl\u00e9 sur les slaloms de Spindleruv Mlyn\"},{\"@type\":\"BreadcrumbList\",\"@id\":\"https:\/\/dicodusport.fr\/blog\/coupe-deurope-de-ski-alpin-marion-chevrier-soffre-le-double-sur-les-slaloms-de-spindleruv-mlyn\/#breadcrumb\",\"itemListElement\":[{\"@type\":\"ListItem\",\"position\":1,\"name\":\"Accueil\",\"item\":\"https:\/\/dicodusport.fr\/blog\/\"},{\"@type\":\"ListItem\",\"position\":2,\"name\":\"Coupe d&#8217;Europe de ski alpin : Marion Chevrier s&#8217;offre le doubl\u00e9 sur les slaloms de Spindleruv Mlyn\"}]},{\"@type\":\"WebSite\",\"@id\":\"https:\/\/dicodusport.fr\/blog\/#website\",\"url\":\"https:\/\/dicodusport.fr\/blog\/\",\"name\":\"Dicodusport\",\"description\":\"L&#039;encyclop\u00e9die de l&#039;actualit\u00e9 sportive\",\"publisher\":{\"@id\":\"https:\/\/dicodusport.fr\/blog\/#organization\"},\"potentialAction\":[{\"@type\":\"SearchAction\",\"target\":{\"@type\":\"EntryPoint\",\"urlTemplate\":\"https:\/\/dicodusport.fr\/blog\/?s={search_term_string}\"},\"query-input\":{\"@type\":\"PropertyValueSpecification\",\"valueRequired\":true,\"valueName\":\"search_term_string\"}}],\"inLanguage\":\"fr-FR\"},{\"@type\":\"NewsMediaOrganization\",\"@id\":\"https:\/\/dicodusport.fr\/blog\/#organization\",\"name\":\"Dicodusport\",\"url\":\"https:\/\/dicodusport.fr\/blog\/\",\"logo\":{\"@type\":\"ImageObject\",\"inLanguage\":\"fr-FR\",\"@id\":\"https:\/\/dicodusport.fr\/blog\/#\/schema\/logo\/image\/\",\"url\":\"https:\/\/dicodusport.fr\/blog\/wp-content\/uploads\/2020\/06\/cropped-LOGO-DICODUSPORT-2020-SANS-FOND-SANS-TEXTE.png\",\"contentUrl\":\"https:\/\/dicodusport.fr\/blog\/wp-content\/uploads\/2020\/06\/cropped-LOGO-DICODUSPORT-2020-SANS-FOND-SANS-TEXTE.png\",\"width\":512,\"height\":512,\"caption\":\"Dicodusport\"},\"image\":{\"@id\":\"https:\/\/dicodusport.fr\/blog\/#\/schema\/logo\/image\/\"},\"sameAs\":[\"https:\/\/www.facebook.com\/dicodusport\",\"https:\/\/x.com\/dicodusport\",\"https:\/\/www.instagram.com\/dicodusport\/\",\"https:\/\/www.youtube.com\/channel\/UC7V2KZ5sd3htJivAbA4ZG3w\"],\"description\":\"Dicodusport est l'encyclop\u00e9die de l'actualit\u00e9 sportive.\",\"email\":\"bonjour@dicodusport.fr\",\"legalName\":\"DICODUSPORT\",\"foundingDate\":\"2018-01-14\",\"vatID\":\"FR71834470973\",\"taxID\":\"83447097300043\",\"numberOfEmployees\":{\"@type\":\"QuantitativeValue\",\"minValue\":\"1\",\"maxValue\":\"10\"}},{\"@type\":\"Person\",\"@id\":\"https:\/\/dicodusport.fr\/blog\/#\/schema\/person\/37def232098a7a5cbab3974a3690abb0\",\"name\":\"Maxime Cazenave\",\"image\":{\"@type\":\"ImageObject\",\"inLanguage\":\"fr-FR\",\"@id\":\"https:\/\/dicodusport.fr\/blog\/#\/schema\/person\/image\/\",\"url\":\"https:\/\/dicodusport.fr\/blog\/wp-content\/uploads\/2021\/05\/Maxime-Cazenave-150x150.jpg\",\"contentUrl\":\"https:\/\/dicodusport.fr\/blog\/wp-content\/uploads\/2021\/05\/Maxime-Cazenave-150x150.jpg\",\"caption\":\"Maxime Cazenave\"},\"description\":\"Journaliste\/R\u00e9dacteur depuis 2012 - Berc\u00e9 par l\u2019amour des Girondins de Bordeaux, les \u00e9checs de Christophe Moreau sur le Tour de France sous l'\u00e8re Lance Armstrong et le fade-away l\u00e9tal de Dirk Nowitzki, ma passion d\u00e9vorante pour le sport a toujours \u00e9t\u00e9 un pan incontournable de ma vie. Transmettre ma passion \u00e0 l\u2019\u00e9crit a \u00e9t\u00e9 une transition naturelle. Suiveur assidu de basket et de hockey sur glace, je garde toujours un peu de place pour suivre le cyclisme, le football et le maximum de performances fran\u00e7aises.\",\"sameAs\":[\"https:\/\/x.com\/https:\/\/twitter.com\/Maxime_Caze\"],\"url\":\"https:\/\/dicodusport.fr\/blog\/author\/maximec\/\"}]}<\/script>\n<!-- \/ Yoast SEO Premium plugin. -->","yoast_head_json":{"title":"Coupe d'Europe de ski alpin : Marion Chevrier s'offre le doubl\u00e9 sur les slaloms de Spindleruv Mlyn","description":"COUPE D'EUROPE DE SKI ALPIN 2024-2025 - D\u00e9j\u00e0 vainqueure du slalom disput\u00e9 lundi \u00e0 Spindleruv Mlyn, Marion Chevrier a r\u00e9cidiv\u00e9 ce mardi !","robots":{"index":"index","follow":"follow","max-snippet":"max-snippet:-1","max-image-preview":"max-image-preview:large","max-video-preview":"max-video-preview:-1"},"canonical":"https:\/\/dicodusport.fr\/blog\/coupe-deurope-de-ski-alpin-marion-chevrier-soffre-le-double-sur-les-slaloms-de-spindleruv-mlyn\/","og_locale":"fr_FR","og_type":"article","og_title":"Coupe d'Europe de ski alpin : Marion Chevrier s'offre le doubl\u00e9 sur les slaloms de Spindleruv Mlyn","og_description":"COUPE D'EUROPE DE SKI ALPIN 2024-2025 - D\u00e9j\u00e0 vainqueure du slalom disput\u00e9 lundi \u00e0 Spindleruv Mlyn, Marion Chevrier a r\u00e9cidiv\u00e9 ce mardi !","og_url":"https:\/\/dicodusport.fr\/blog\/coupe-deurope-de-ski-alpin-marion-chevrier-soffre-le-double-sur-les-slaloms-de-spindleruv-mlyn\/","og_site_name":"Dicodusport","article_publisher":"https:\/\/www.facebook.com\/dicodusport","article_published_time":"2025-02-04T12:59:32+00:00","article_modified_time":"2025-02-04T13:55:36+00:00","og_image":[{"width":1200,"height":674,"url":"https:\/\/dicodusport.fr\/blog\/wp-content\/uploads\/2025\/02\/Coupe-dEurope-de-ski-alpin-Marion-Chevrier-soffre-le-double-sur-les-slaloms-de-Spindleruv-Mlyn.png","type":"image\/png"}],"author":"Maxime Cazenave","twitter_card":"summary_large_image","twitter_title":"Coupe d'Europe de ski alpin : Marion Chevrier s'offre le doubl\u00e9 sur les slaloms de Spindleruv Mlyn","twitter_creator":"@https:\/\/twitter.com\/Maxime_Caze","twitter_site":"@dicodusport","schema":{"@context":"https:\/\/schema.org","@graph":[{"@type":"NewsArticle","@id":"https:\/\/dicodusport.fr\/blog\/coupe-deurope-de-ski-alpin-marion-chevrier-soffre-le-double-sur-les-slaloms-de-spindleruv-mlyn\/#article","isPartOf":{"@id":"https:\/\/dicodusport.fr\/blog\/coupe-deurope-de-ski-alpin-marion-chevrier-soffre-le-double-sur-les-slaloms-de-spindleruv-mlyn\/"},"author":{"name":"Maxime Cazenave","@id":"https:\/\/dicodusport.fr\/blog\/#\/schema\/person\/37def232098a7a5cbab3974a3690abb0"},"headline":"Coupe d&rsquo;Europe de ski alpin : Marion Chevrier s&rsquo;offre le doubl\u00e9 sur les slaloms de Spindleruv Mlyn","datePublished":"2025-02-04T12:59:32+00:00","dateModified":"2025-02-04T13:55:36+00:00","mainEntityOfPage":{"@id":"https:\/\/dicodusport.fr\/blog\/coupe-deurope-de-ski-alpin-marion-chevrier-soffre-le-double-sur-les-slaloms-de-spindleruv-mlyn\/"},"wordCount":435,"commentCount":0,"publisher":{"@id":"https:\/\/dicodusport.fr\/blog\/#organization"},"image":{"@id":"https:\/\/dicodusport.fr\/blog\/coupe-deurope-de-ski-alpin-marion-chevrier-soffre-le-double-sur-les-slaloms-de-spindleruv-mlyn\/#primaryimage"},"thumbnailUrl":"https:\/\/dicodusport.fr\/blog\/wp-content\/uploads\/2025\/02\/Coupe-dEurope-de-ski-alpin-Marion-Chevrier-soffre-le-double-sur-les-slaloms-de-Spindleruv-Mlyn.png","keywords":["br\u00e8ve","Ski alpin","slalom"],"articleSection":["Ski"],"inLanguage":"fr-FR","potentialAction":[{"@type":"CommentAction","name":"Comment","target":["https:\/\/dicodusport.fr\/blog\/coupe-deurope-de-ski-alpin-marion-chevrier-soffre-le-double-sur-les-slaloms-de-spindleruv-mlyn\/#respond"]}],"copyrightYear":"2025","copyrightHolder":{"@id":"https:\/\/dicodusport.fr\/blog\/#organization"}},{"@type":"WebPage","@id":"https:\/\/dicodusport.fr\/blog\/coupe-deurope-de-ski-alpin-marion-chevrier-soffre-le-double-sur-les-slaloms-de-spindleruv-mlyn\/","url":"https:\/\/dicodusport.fr\/blog\/coupe-deurope-de-ski-alpin-marion-chevrier-soffre-le-double-sur-les-slaloms-de-spindleruv-mlyn\/","name":"Coupe d'Europe de ski alpin : Marion Chevrier s'offre le doubl\u00e9 sur les slaloms de Spindleruv Mlyn","isPartOf":{"@id":"https:\/\/dicodusport.fr\/blog\/#website"},"primaryImageOfPage":{"@id":"https:\/\/dicodusport.fr\/blog\/coupe-deurope-de-ski-alpin-marion-chevrier-soffre-le-double-sur-les-slaloms-de-spindleruv-mlyn\/#primaryimage"},"image":{"@id":"https:\/\/dicodusport.fr\/blog\/coupe-deurope-de-ski-alpin-marion-chevrier-soffre-le-double-sur-les-slaloms-de-spindleruv-mlyn\/#primaryimage"},"thumbnailUrl":"https:\/\/dicodusport.fr\/blog\/wp-content\/uploads\/2025\/02\/Coupe-dEurope-de-ski-alpin-Marion-Chevrier-soffre-le-double-sur-les-slaloms-de-Spindleruv-Mlyn.png","datePublished":"2025-02-04T12:59:32+00:00","dateModified":"2025-02-04T13:55:36+00:00","description":"COUPE D'EUROPE DE SKI ALPIN 2024-2025 - D\u00e9j\u00e0 vainqueure du slalom disput\u00e9 lundi \u00e0 Spindleruv Mlyn, Marion Chevrier a r\u00e9cidiv\u00e9 ce mardi !","breadcrumb":{"@id":"https:\/\/dicodusport.fr\/blog\/coupe-deurope-de-ski-alpin-marion-chevrier-soffre-le-double-sur-les-slaloms-de-spindleruv-mlyn\/#breadcrumb"},"inLanguage":"fr-FR","potentialAction":[{"@type":"ReadAction","target":["https:\/\/dicodusport.fr\/blog\/coupe-deurope-de-ski-alpin-marion-chevrier-soffre-le-double-sur-les-slaloms-de-spindleruv-mlyn\/"]}]},{"@type":"ImageObject","inLanguage":"fr-FR","@id":"https:\/\/dicodusport.fr\/blog\/coupe-deurope-de-ski-alpin-marion-chevrier-soffre-le-double-sur-les-slaloms-de-spindleruv-mlyn\/#primaryimage","url":"https:\/\/dicodusport.fr\/blog\/wp-content\/uploads\/2025\/02\/Coupe-dEurope-de-ski-alpin-Marion-Chevrier-soffre-le-double-sur-les-slaloms-de-Spindleruv-Mlyn.png","contentUrl":"https:\/\/dicodusport.fr\/blog\/wp-content\/uploads\/2025\/02\/Coupe-dEurope-de-ski-alpin-Marion-Chevrier-soffre-le-double-sur-les-slaloms-de-Spindleruv-Mlyn.png","width":1200,"height":674,"caption":"Coupe d'Europe de ski alpin : Marion Chevrier s'offre le doubl\u00e9 sur les slaloms de Spindleruv Mlyn"},{"@type":"BreadcrumbList","@id":"https:\/\/dicodusport.fr\/blog\/coupe-deurope-de-ski-alpin-marion-chevrier-soffre-le-double-sur-les-slaloms-de-spindleruv-mlyn\/#breadcrumb","itemListElement":[{"@type":"ListItem","position":1,"name":"Accueil","item":"https:\/\/dicodusport.fr\/blog\/"},{"@type":"ListItem","position":2,"name":"Coupe d&#8217;Europe de ski alpin : Marion Chevrier s&#8217;offre le doubl\u00e9 sur les slaloms de Spindleruv Mlyn"}]},{"@type":"WebSite","@id":"https:\/\/dicodusport.fr\/blog\/#website","url":"https:\/\/dicodusport.fr\/blog\/","name":"Dicodusport","description":"L&#039;encyclop\u00e9die de l&#039;actualit\u00e9 sportive","publisher":{"@id":"https:\/\/dicodusport.fr\/blog\/#organization"},"potentialAction":[{"@type":"SearchAction","target":{"@type":"EntryPoint","urlTemplate":"https:\/\/dicodusport.fr\/blog\/?s={search_term_string}"},"query-input":{"@type":"PropertyValueSpecification","valueRequired":true,"valueName":"search_term_string"}}],"inLanguage":"fr-FR"},{"@type":"NewsMediaOrganization","@id":"https:\/\/dicodusport.fr\/blog\/#organization","name":"Dicodusport","url":"https:\/\/dicodusport.fr\/blog\/","logo":{"@type":"ImageObject","inLanguage":"fr-FR","@id":"https:\/\/dicodusport.fr\/blog\/#\/schema\/logo\/image\/","url":"https:\/\/dicodusport.fr\/blog\/wp-content\/uploads\/2020\/06\/cropped-LOGO-DICODUSPORT-2020-SANS-FOND-SANS-TEXTE.png","contentUrl":"https:\/\/dicodusport.fr\/blog\/wp-content\/uploads\/2020\/06\/cropped-LOGO-DICODUSPORT-2020-SANS-FOND-SANS-TEXTE.png","width":512,"height":512,"caption":"Dicodusport"},"image":{"@id":"https:\/\/dicodusport.fr\/blog\/#\/schema\/logo\/image\/"},"sameAs":["https:\/\/www.facebook.com\/dicodusport","https:\/\/x.com\/dicodusport","https:\/\/www.instagram.com\/dicodusport\/","https:\/\/www.youtube.com\/channel\/UC7V2KZ5sd3htJivAbA4ZG3w"],"description":"Dicodusport est l'encyclop\u00e9die de l'actualit\u00e9 sportive.","email":"bonjour@dicodusport.fr","legalName":"DICODUSPORT","foundingDate":"2018-01-14","vatID":"FR71834470973","taxID":"83447097300043","numberOfEmployees":{"@type":"QuantitativeValue","minValue":"1","maxValue":"10"}},{"@type":"Person","@id":"https:\/\/dicodusport.fr\/blog\/#\/schema\/person\/37def232098a7a5cbab3974a3690abb0","name":"Maxime Cazenave","image":{"@type":"ImageObject","inLanguage":"fr-FR","@id":"https:\/\/dicodusport.fr\/blog\/#\/schema\/person\/image\/","url":"https:\/\/dicodusport.fr\/blog\/wp-content\/uploads\/2021\/05\/Maxime-Cazenave-150x150.jpg","contentUrl":"https:\/\/dicodusport.fr\/blog\/wp-content\/uploads\/2021\/05\/Maxime-Cazenave-150x150.jpg","caption":"Maxime Cazenave"},"description":"Journaliste\/R\u00e9dacteur depuis 2012 - Berc\u00e9 par l\u2019amour des Girondins de Bordeaux, les \u00e9checs de Christophe Moreau sur le Tour de France sous l'\u00e8re Lance Armstrong et le fade-away l\u00e9tal de Dirk Nowitzki, ma passion d\u00e9vorante pour le sport a toujours \u00e9t\u00e9 un pan incontournable de ma vie. Transmettre ma passion \u00e0 l\u2019\u00e9crit a \u00e9t\u00e9 une transition naturelle. Suiveur assidu de basket et de hockey sur glace, je garde toujours un peu de place pour suivre le cyclisme, le football et le maximum de performances fran\u00e7aises.","sameAs":["https:\/\/x.com\/https:\/\/twitter.com\/Maxime_Caze"],"url":"https:\/\/dicodusport.fr\/blog\/author\/maximec\/"}]}},"_links":{"self":[{"href":"https:\/\/dicodusport.fr\/blog\/wp-json\/wp\/v2\/posts\/552717","targetHints":{"allow":["GET"]}}],"collection":[{"href":"https:\/\/dicodusport.fr\/blog\/wp-json\/wp\/v2\/posts"}],"about":[{"href":"https:\/\/dicodusport.fr\/blog\/wp-json\/wp\/v2\/types\/post"}],"author":[{"embeddable":true,"href":"https:\/\/dicodusport.fr\/blog\/wp-json\/wp\/v2\/users\/55"}],"replies":[{"embeddable":true,"href":"https:\/\/dicodusport.fr\/blog\/wp-json\/wp\/v2\/comments?post=552717"}],"version-history":[{"count":3,"href":"https:\/\/dicodusport.fr\/blog\/wp-json\/wp\/v2\/posts\/552717\/revisions"}],"predecessor-version":[{"id":552737,"href":"https:\/\/dicodusport.fr\/blog\/wp-json\/wp\/v2\/posts\/552717\/revisions\/552737"}],"wp:featuredmedia":[{"embeddable":true,"href":"https:\/\/dicodusport.fr\/blog\/wp-json\/wp\/v2\/media\/552724"}],"wp:attachment":[{"href":"https:\/\/dicodusport.fr\/blog\/wp-json\/wp\/v2\/media?parent=552717"}],"wp:term":[{"taxonomy":"category","embeddable":true,"href":"https:\/\/dicodusport.fr\/blog\/wp-json\/wp\/v2\/categories?post=552717"},{"taxonomy":"post_tag","embeddable":true,"href":"https:\/\/dicodusport.fr\/blog\/wp-json\/wp\/v2\/tags?post=552717"}],"curies":[{"name":"wp","href":"https:\/\/api.w.org\/{rel}","templated":true}]}}