{"id":552860,"date":"2025-02-08T15:00:56","date_gmt":"2025-02-08T14:00:56","guid":{"rendered":"https:\/\/dicodusport.fr\/blog\/?p=552860&#038;preview=true&#038;preview_id=552860"},"modified":"2025-02-08T10:02:44","modified_gmt":"2025-02-08T09:02:44","slug":"meeting-de-paris-indoor-2025-un-rendez-vous-capital-pour-les-francais","status":"publish","type":"post","link":"https:\/\/dicodusport.fr\/blog\/meeting-de-paris-indoor-2025-un-rendez-vous-capital-pour-les-francais\/","title":{"rendered":"Meeting de Paris indoor 2025 : Un rendez-vous capital pour les Fran\u00e7ais"},"content":{"rendered":"<h4 style=\"text-align: justify;\"><em>ATHL\u00c9TISME &#8211; Pr\u00e9sentation du meeting de Paris indoor 2025, qui verra de nombreux internationaux Fran\u00e7ais pr\u00e9sents \u00e0 l&rsquo;Accor Arena.<\/em><\/h4>\n<h2 style=\"text-align: justify;\">L&rsquo;athl\u00e8te \u00e0 suivre : Just Kwaou-Mathey au milieu d&rsquo;une belle concurrence<\/h2>\n<p style=\"text-align: justify;\">Il a fait une rentr\u00e9e canon du c\u00f4t\u00e9 du meeting de l&rsquo;Eure. <strong>Just Kwaou-Mathey<\/strong> a r\u00e9alis\u00e9 un chrono de 7.52 sur 60 m haies. Minima pour les championnats du monde en salle. Plus de dix mois apr\u00e8s sa grave blessure. Il est de retour au Meeting de Paris indoor 2025, un an apr\u00e8s un meeting d\u00e9j\u00e0 r\u00e9ussi. Qui avait \u00e9t\u00e9 un tremplin vers une magnifique saison hivernale. \u00c0 Bercy, il va retrouver une grosse concurrence. Avec <strong>Orlando Ortega<\/strong>, dont on ne connait pas trop l&rsquo;\u00e9tat de forme. Mais aussi le Suisse <strong>Jason Joseph<\/strong>, champion d&rsquo;Europe en salle 2023 et avec un record \u00e0 7.41. Et sans oublier les autres fran\u00e7ais. Comme <strong>Wilhem Belocian (<\/strong>qui a r\u00e9pondu ce vendredi avec un beau 7.51 \u00e0 Kalsruhe), <strong>Pascal Martinot-Lagarde<\/strong>,<strong> Aurel Manga<\/strong>, mais aussi <strong>Rapha\u00ebl Mohamed<\/strong>.<\/p>\n<div class=\"vlp-link-container vlp-layout-article\"><a href=\"https:\/\/dicodusport.fr\/blog\/meeting-de-leure-2025-record-de-france-du-mile-pour-agathe-guillemot-le-resume-complet\/\" class=\"vlp-link\" title=\"Meeting de l&#039;Eure 2025 : Record de France du mile pour Agathe Guillemot, le r\u00e9sum\u00e9 complet\"><\/a><div class=\"vlp-layout-zone-side\"><div class=\"vlp-block-4 vlp-link-image\"><img loading=\"lazy\" decoding=\"async\" style=\"max-width: 792px;\" width=\"792\" height=\"445\" src=\"https:\/\/dicodusport.fr\/blog\/wp-content\/uploads\/2025\/02\/Meeting-de-lEure-2025-Record-de-France-au-mile-pour-Agathe-Guillemot.png\" class=\"attachment-800x445 size-800x445\" alt=\"Meeting de l&#039;Eure 2025 : Record de France au mile pour Agathe Guillemot\" srcset=\"https:\/\/dicodusport.fr\/blog\/wp-content\/uploads\/2025\/02\/Meeting-de-lEure-2025-Record-de-France-au-mile-pour-Agathe-Guillemot.png 1200w, https:\/\/dicodusport.fr\/blog\/wp-content\/uploads\/2025\/02\/Meeting-de-lEure-2025-Record-de-France-au-mile-pour-Agathe-Guillemot-300x169.png 300w, https:\/\/dicodusport.fr\/blog\/wp-content\/uploads\/2025\/02\/Meeting-de-lEure-2025-Record-de-France-au-mile-pour-Agathe-Guillemot-1024x575.png 1024w, https:\/\/dicodusport.fr\/blog\/wp-content\/uploads\/2025\/02\/Meeting-de-lEure-2025-Record-de-France-au-mile-pour-Agathe-Guillemot-768x431.png 768w\" sizes=\"auto, (max-width: 792px) 100vw, 792px\" \/><\/div><\/div><div class=\"vlp-layout-zone-main\"><div class=\"vlp-block-0 vlp-link-title\">Meeting de l'Eure 2025 : Record de France du mile pour Agathe Guillemot, le r\u00e9sum\u00e9 complet<\/div><div class=\"vlp-block-1 vlp-link-summary\">ATHL\u00c9TISME - La Bretonne Agathe Guillemot a pulv\u00e9ris\u00e9 son record de France du mile, \u00e0 l'occasion du meeting de l'Eure 2025. Une comp\u00e9tition marqu\u00e9e par le retour r\u00e9ussi de Just Kwaou-Mathey, qui se qualifie pour les Mondiaux indoor. Et un beau bras de fer dans le concours du poids f\u00e9minin.<\/div><div class=\"vlp-block-2 vlp-link-button\">Lire l'article<\/div><div class=\"vlp-block-3 vlp-link-url\">dicodusport.fr<\/div><\/div><\/div>\n<h2 style=\"text-align: justify;\">Le temps fort : Le 60 m femmes<\/h2>\n<p style=\"text-align: justify;\">Ce n&rsquo;est peut-\u00eatre pas l&rsquo;athl\u00e8te la plus connue du circuit, mais <strong>Patrizia van der Weken<\/strong> sera la t\u00eate d&rsquo;affiche du 60 m femmes. La Luxembourgeoise a remport\u00e9 cette semaine le meeting Gold d&rsquo;Ostrava. En s&rsquo;offrant le scalp de la Polonaise <strong>Ewa Swoboda<\/strong>. Plus t\u00f4t dans la saison, elle avait repouss\u00e9 son record national \u00e0 7.07. Un chrono qui peut vous faire gagner une m\u00e9daille au niveau mondial. On surveillera la Gambienne<strong> Gina Bass<\/strong>, qui a franchi un tr\u00e8s gros cap en 2024, notamment sur 100 m. Mais aussi la Belge <strong>Delphine Nkansa<\/strong>, qui a repouss\u00e9 son record personnel \u00e0 7.17, le week-end dernier \u00e0 Val-de-Reuil.<\/p>\n<p style=\"text-align: justify;\">Une course qui sera int\u00e9ressante \u00e9galement du c\u00f4t\u00e9 des Fran\u00e7aises. Avec l&rsquo;int\u00e9gralit\u00e9 du relais 4&#215;100 m qui a \u00e9t\u00e9 4e des Jeux Olympiques en 2024. <strong>Chlo\u00e9 Galet<\/strong>,<strong> G\u00e9mima Joseph<\/strong>,<strong> Orlann Oli\u00e8re<\/strong>\u00a0et <strong>H\u00e9l\u00e8ne Parisot<\/strong> seront de la partie \u00e0 Paris. G\u00e9mima Joseph, qui vient d&rsquo;am\u00e9liorer son record personnel ce vendredi, pour le porter \u00e0 7.15. Minima pour les mondiaux en salle. Et on n&rsquo;oubliera pas non plus <strong>Mallory Leconte<\/strong>, m\u00e9daill\u00e9e d&rsquo;argent mondiale aux mondiaux de relais avec ce m\u00eame 4&#215;100 fran\u00e7ais, ce qui les avait propuls\u00e9s vers une qualification olympique. Dans la course hommes, on retrouvera pas mal de Tricolores. <strong>Comme Jeff Erius<\/strong>,<strong> Antoine Thoraval<\/strong>,<strong> Micka\u00ebl-Meba Z\u00e9z\u00e9,<\/strong> <strong>Jerry Leconte<\/strong> et <strong>Aymeric Priam<\/strong>.<\/p>\n<ul>\n<li><strong>\u00c0 ce sujet : <a href=\"https:\/\/dicodusport.fr\/blog\/meeting-de-paris-indoor-2025-programme-et-resultats\/\" target=\"_blank\" rel=\"noopener\">Programme et r\u00e9sultats Meeting de Paris indoor 2025<\/a><\/strong><\/li>\n<\/ul>\n<h2 style=\"text-align: justify;\">Les autres athl\u00e8tes \u00e0 suivre au meeting de Paris indoor 2025<\/h2>\n<p style=\"text-align: justify;\">Inscrite \u00e0 Metz (\u00e0 l&rsquo;heure ou nous \u00e9crivons ces lignes, le meeting ne s&rsquo;est pas encore d\u00e9roul\u00e9),<strong> La\u00ebticia Bapt\u00e9<\/strong> sera sans doute la grande favorite du 60 m haies. Et pourra, avec deux courses en 24 heures, se confronter \u00e0 un mini format de championnat. Une bonne r\u00e9p\u00e9tition avec des championnats d&rsquo;Europe o\u00f9 elle sera candidate \u00e0 la m\u00e9daille. Elle devra composer avec <strong>Sarah Lavin<\/strong> et d&rsquo;autres tricolores comme<strong> Sacha Alessandrini<\/strong> et <strong>Judy Chalcou<\/strong>. Le concours de la longueur verra aussi quelques internationaux, comme <strong>Yanis David<\/strong> et <strong>Jules Pommery<\/strong>, alors qu&rsquo;<strong>Angelica Berriot<\/strong> fait son retour progressif, apr\u00e8s une grave blessure, qui avait stopp\u00e9 son \u00e9lan en 2024 (record \u00e0 6.65 m juste avant la blessure. Le concours de perche verra les Tricolores <strong>Anthony Ammirati<\/strong>,<strong> Mathieu Collet<\/strong>,<strong> Robin Emig<\/strong>,<strong> Baptiste Thiery<\/strong>, et l&rsquo;Am\u00e9ricain <strong>Jacob Wooten<\/strong>.<\/p>\n","protected":false},"excerpt":{"rendered":"<p>ATHL\u00c9TISME &#8211; Pr\u00e9sentation du meeting de Paris indoor 2025, qui verra de nombreux internationaux Fran\u00e7ais pr\u00e9sents \u00e0 l&rsquo;Accor Arena.<\/p>\n","protected":false},"author":83,"featured_media":552887,"comment_status":"open","ping_status":"closed","sticky":false,"template":"","format":"standard","meta":{"_acf_changed":false,"_daextam_enable_autolinks":"1","footnotes":""},"categories":[2308],"tags":[32415,143,10976,16878,25905],"class_list":["post-552860","post","type-post","status-publish","format-standard","has-post-thumbnail","hentry","category-athletisme","tag-actu","tag-athletisme","tag-athletisme-francais","tag-breve","tag-just-kwaou-mathey"],"acf":[],"yoast_head":"<!-- This site is optimized with the Yoast SEO Premium plugin v26.7 (Yoast SEO v26.7) - https:\/\/yoast.com\/wordpress\/plugins\/seo\/ -->\n<title>Meeting de Paris indoor 2025 : Un rendez-vous capital pour les Fran\u00e7ais<\/title>\n<meta name=\"description\" content=\"ATHL\u00c9TISME - Pr\u00e9sentation du meeting de Paris indoor 2025, qui verra de nombreux internationaux Fran\u00e7ais pr\u00e9sents \u00e0 l&#039;Accor Arena.\" \/>\n<meta name=\"robots\" content=\"index, follow, max-snippet:-1, max-image-preview:large, max-video-preview:-1\" \/>\n<link rel=\"canonical\" href=\"https:\/\/dicodusport.fr\/blog\/meeting-de-paris-indoor-2025-un-rendez-vous-capital-pour-les-francais\/\" \/>\n<meta property=\"og:locale\" content=\"fr_FR\" \/>\n<meta property=\"og:type\" content=\"article\" \/>\n<meta property=\"og:title\" content=\"Meeting de Paris indoor 2025 : Un rendez-vous capital pour les Fran\u00e7ais\" \/>\n<meta property=\"og:description\" content=\"ATHL\u00c9TISME - Pr\u00e9sentation du meeting de Paris indoor 2025, qui verra de nombreux internationaux Fran\u00e7ais pr\u00e9sents \u00e0 l&#039;Accor Arena.\" \/>\n<meta property=\"og:url\" content=\"https:\/\/dicodusport.fr\/blog\/meeting-de-paris-indoor-2025-un-rendez-vous-capital-pour-les-francais\/\" \/>\n<meta property=\"og:site_name\" content=\"Dicodusport\" \/>\n<meta property=\"article:publisher\" content=\"https:\/\/www.facebook.com\/dicodusport\" \/>\n<meta property=\"article:published_time\" content=\"2025-02-08T14:00:56+00:00\" \/>\n<meta property=\"og:image\" content=\"https:\/\/dicodusport.fr\/blog\/wp-content\/uploads\/2025\/02\/Meeting-de-Paris-indoor-2025-Un-rendez-vous-capital-pour-les-Tricolores.png\" \/>\n\t<meta property=\"og:image:width\" content=\"1200\" \/>\n\t<meta property=\"og:image:height\" content=\"674\" \/>\n\t<meta property=\"og:image:type\" content=\"image\/png\" \/>\n<meta name=\"author\" content=\"Etienne Goursaud\" \/>\n<meta name=\"twitter:card\" content=\"summary_large_image\" \/>\n<meta name=\"twitter:title\" content=\"Meeting de Paris indoor 2025 : Un rendez-vous capital pour les Fran\u00e7ais\" \/>\n<meta name=\"twitter:creator\" content=\"@dicodusport\" \/>\n<meta name=\"twitter:site\" content=\"@dicodusport\" \/>\n<script type=\"application\/ld+json\" class=\"yoast-schema-graph\">{\"@context\":\"https:\/\/schema.org\",\"@graph\":[{\"@type\":\"NewsArticle\",\"@id\":\"https:\/\/dicodusport.fr\/blog\/meeting-de-paris-indoor-2025-un-rendez-vous-capital-pour-les-francais\/#article\",\"isPartOf\":{\"@id\":\"https:\/\/dicodusport.fr\/blog\/meeting-de-paris-indoor-2025-un-rendez-vous-capital-pour-les-francais\/\"},\"author\":{\"name\":\"Etienne Goursaud\",\"@id\":\"https:\/\/dicodusport.fr\/blog\/#\/schema\/person\/d603dd7da31fb2b46c82b9835a77ec13\"},\"headline\":\"Meeting de Paris indoor 2025 : Un rendez-vous capital pour les Fran\u00e7ais\",\"datePublished\":\"2025-02-08T14:00:56+00:00\",\"mainEntityOfPage\":{\"@id\":\"https:\/\/dicodusport.fr\/blog\/meeting-de-paris-indoor-2025-un-rendez-vous-capital-pour-les-francais\/\"},\"wordCount\":684,\"commentCount\":0,\"publisher\":{\"@id\":\"https:\/\/dicodusport.fr\/blog\/#organization\"},\"image\":{\"@id\":\"https:\/\/dicodusport.fr\/blog\/meeting-de-paris-indoor-2025-un-rendez-vous-capital-pour-les-francais\/#primaryimage\"},\"thumbnailUrl\":\"https:\/\/dicodusport.fr\/blog\/wp-content\/uploads\/2025\/02\/Meeting-de-Paris-indoor-2025-Un-rendez-vous-capital-pour-les-Tricolores.png\",\"keywords\":[\"actu\",\"Athl\u00e9tisme\",\"Athl\u00e9tisme fran\u00e7ais\",\"br\u00e8ve\",\"Just Kwaou-Mathey\"],\"articleSection\":[\"Athl\u00e9tisme\"],\"inLanguage\":\"fr-FR\",\"potentialAction\":[{\"@type\":\"CommentAction\",\"name\":\"Comment\",\"target\":[\"https:\/\/dicodusport.fr\/blog\/meeting-de-paris-indoor-2025-un-rendez-vous-capital-pour-les-francais\/#respond\"]}],\"copyrightYear\":\"2025\",\"copyrightHolder\":{\"@id\":\"https:\/\/dicodusport.fr\/blog\/#organization\"}},{\"@type\":\"WebPage\",\"@id\":\"https:\/\/dicodusport.fr\/blog\/meeting-de-paris-indoor-2025-un-rendez-vous-capital-pour-les-francais\/\",\"url\":\"https:\/\/dicodusport.fr\/blog\/meeting-de-paris-indoor-2025-un-rendez-vous-capital-pour-les-francais\/\",\"name\":\"Meeting de Paris indoor 2025 : Un rendez-vous capital pour les Fran\u00e7ais\",\"isPartOf\":{\"@id\":\"https:\/\/dicodusport.fr\/blog\/#website\"},\"primaryImageOfPage\":{\"@id\":\"https:\/\/dicodusport.fr\/blog\/meeting-de-paris-indoor-2025-un-rendez-vous-capital-pour-les-francais\/#primaryimage\"},\"image\":{\"@id\":\"https:\/\/dicodusport.fr\/blog\/meeting-de-paris-indoor-2025-un-rendez-vous-capital-pour-les-francais\/#primaryimage\"},\"thumbnailUrl\":\"https:\/\/dicodusport.fr\/blog\/wp-content\/uploads\/2025\/02\/Meeting-de-Paris-indoor-2025-Un-rendez-vous-capital-pour-les-Tricolores.png\",\"datePublished\":\"2025-02-08T14:00:56+00:00\",\"description\":\"ATHL\u00c9TISME - Pr\u00e9sentation du meeting de Paris indoor 2025, qui verra de nombreux internationaux Fran\u00e7ais pr\u00e9sents \u00e0 l'Accor Arena.\",\"breadcrumb\":{\"@id\":\"https:\/\/dicodusport.fr\/blog\/meeting-de-paris-indoor-2025-un-rendez-vous-capital-pour-les-francais\/#breadcrumb\"},\"inLanguage\":\"fr-FR\",\"potentialAction\":[{\"@type\":\"ReadAction\",\"target\":[\"https:\/\/dicodusport.fr\/blog\/meeting-de-paris-indoor-2025-un-rendez-vous-capital-pour-les-francais\/\"]}]},{\"@type\":\"ImageObject\",\"inLanguage\":\"fr-FR\",\"@id\":\"https:\/\/dicodusport.fr\/blog\/meeting-de-paris-indoor-2025-un-rendez-vous-capital-pour-les-francais\/#primaryimage\",\"url\":\"https:\/\/dicodusport.fr\/blog\/wp-content\/uploads\/2025\/02\/Meeting-de-Paris-indoor-2025-Un-rendez-vous-capital-pour-les-Tricolores.png\",\"contentUrl\":\"https:\/\/dicodusport.fr\/blog\/wp-content\/uploads\/2025\/02\/Meeting-de-Paris-indoor-2025-Un-rendez-vous-capital-pour-les-Tricolores.png\",\"width\":1200,\"height\":674,\"caption\":\"Meeting de Paris indoor 2025 - Un rendez-vous capital pour les Tricolores\"},{\"@type\":\"BreadcrumbList\",\"@id\":\"https:\/\/dicodusport.fr\/blog\/meeting-de-paris-indoor-2025-un-rendez-vous-capital-pour-les-francais\/#breadcrumb\",\"itemListElement\":[{\"@type\":\"ListItem\",\"position\":1,\"name\":\"Accueil\",\"item\":\"https:\/\/dicodusport.fr\/blog\/\"},{\"@type\":\"ListItem\",\"position\":2,\"name\":\"Meeting de Paris indoor 2025 : Un rendez-vous capital pour les Fran\u00e7ais\"}]},{\"@type\":\"WebSite\",\"@id\":\"https:\/\/dicodusport.fr\/blog\/#website\",\"url\":\"https:\/\/dicodusport.fr\/blog\/\",\"name\":\"Dicodusport\",\"description\":\"L&#039;encyclop\u00e9die de l&#039;actualit\u00e9 sportive\",\"publisher\":{\"@id\":\"https:\/\/dicodusport.fr\/blog\/#organization\"},\"potentialAction\":[{\"@type\":\"SearchAction\",\"target\":{\"@type\":\"EntryPoint\",\"urlTemplate\":\"https:\/\/dicodusport.fr\/blog\/?s={search_term_string}\"},\"query-input\":{\"@type\":\"PropertyValueSpecification\",\"valueRequired\":true,\"valueName\":\"search_term_string\"}}],\"inLanguage\":\"fr-FR\"},{\"@type\":\"NewsMediaOrganization\",\"@id\":\"https:\/\/dicodusport.fr\/blog\/#organization\",\"name\":\"Dicodusport\",\"url\":\"https:\/\/dicodusport.fr\/blog\/\",\"logo\":{\"@type\":\"ImageObject\",\"inLanguage\":\"fr-FR\",\"@id\":\"https:\/\/dicodusport.fr\/blog\/#\/schema\/logo\/image\/\",\"url\":\"https:\/\/dicodusport.fr\/blog\/wp-content\/uploads\/2020\/06\/cropped-LOGO-DICODUSPORT-2020-SANS-FOND-SANS-TEXTE.png\",\"contentUrl\":\"https:\/\/dicodusport.fr\/blog\/wp-content\/uploads\/2020\/06\/cropped-LOGO-DICODUSPORT-2020-SANS-FOND-SANS-TEXTE.png\",\"width\":512,\"height\":512,\"caption\":\"Dicodusport\"},\"image\":{\"@id\":\"https:\/\/dicodusport.fr\/blog\/#\/schema\/logo\/image\/\"},\"sameAs\":[\"https:\/\/www.facebook.com\/dicodusport\",\"https:\/\/x.com\/dicodusport\",\"https:\/\/www.instagram.com\/dicodusport\/\",\"https:\/\/www.youtube.com\/channel\/UC7V2KZ5sd3htJivAbA4ZG3w\"],\"description\":\"Dicodusport est l'encyclop\u00e9die de l'actualit\u00e9 sportive.\",\"email\":\"bonjour@dicodusport.fr\",\"legalName\":\"DICODUSPORT\",\"foundingDate\":\"2018-01-14\",\"vatID\":\"FR71834470973\",\"taxID\":\"83447097300043\",\"numberOfEmployees\":{\"@type\":\"QuantitativeValue\",\"minValue\":\"1\",\"maxValue\":\"10\"}},{\"@type\":\"Person\",\"@id\":\"https:\/\/dicodusport.fr\/blog\/#\/schema\/person\/d603dd7da31fb2b46c82b9835a77ec13\",\"name\":\"Etienne Goursaud\",\"image\":{\"@type\":\"ImageObject\",\"inLanguage\":\"fr-FR\",\"@id\":\"https:\/\/dicodusport.fr\/blog\/#\/schema\/person\/image\/\",\"url\":\"https:\/\/dicodusport.fr\/blog\/wp-content\/uploads\/2023\/12\/410122264_10231602061736049_5565839791558026645_n-150x150.jpg\",\"contentUrl\":\"https:\/\/dicodusport.fr\/blog\/wp-content\/uploads\/2023\/12\/410122264_10231602061736049_5565839791558026645_n-150x150.jpg\",\"caption\":\"Etienne Goursaud\"},\"description\":\"Journaliste et amoureux de sport. Ancien footballeur reconverti athl\u00e8te quand ses muscles le laissent tranquille. \u00c9lev\u00e9 \u00e0 la sauce des exploits de Thomas Voeckler en 2004, du dernier essai de l\u00e9gende de Eunice Barber \u00e0 la longueur lors des championnats du monde d'athl\u00e9tisme de 2003 mais aussi Zidane, Omeyer et Titou Lamaison.\",\"url\":\"https:\/\/dicodusport.fr\/blog\/author\/etienne-goursaud\/\"}]}<\/script>\n<!-- \/ Yoast SEO Premium plugin. -->","yoast_head_json":{"title":"Meeting de Paris indoor 2025 : Un rendez-vous capital pour les Fran\u00e7ais","description":"ATHL\u00c9TISME - Pr\u00e9sentation du meeting de Paris indoor 2025, qui verra de nombreux internationaux Fran\u00e7ais pr\u00e9sents \u00e0 l'Accor Arena.","robots":{"index":"index","follow":"follow","max-snippet":"max-snippet:-1","max-image-preview":"max-image-preview:large","max-video-preview":"max-video-preview:-1"},"canonical":"https:\/\/dicodusport.fr\/blog\/meeting-de-paris-indoor-2025-un-rendez-vous-capital-pour-les-francais\/","og_locale":"fr_FR","og_type":"article","og_title":"Meeting de Paris indoor 2025 : Un rendez-vous capital pour les Fran\u00e7ais","og_description":"ATHL\u00c9TISME - Pr\u00e9sentation du meeting de Paris indoor 2025, qui verra de nombreux internationaux Fran\u00e7ais pr\u00e9sents \u00e0 l'Accor Arena.","og_url":"https:\/\/dicodusport.fr\/blog\/meeting-de-paris-indoor-2025-un-rendez-vous-capital-pour-les-francais\/","og_site_name":"Dicodusport","article_publisher":"https:\/\/www.facebook.com\/dicodusport","article_published_time":"2025-02-08T14:00:56+00:00","og_image":[{"width":1200,"height":674,"url":"https:\/\/dicodusport.fr\/blog\/wp-content\/uploads\/2025\/02\/Meeting-de-Paris-indoor-2025-Un-rendez-vous-capital-pour-les-Tricolores.png","type":"image\/png"}],"author":"Etienne Goursaud","twitter_card":"summary_large_image","twitter_title":"Meeting de Paris indoor 2025 : Un rendez-vous capital pour les Fran\u00e7ais","twitter_creator":"@dicodusport","twitter_site":"@dicodusport","schema":{"@context":"https:\/\/schema.org","@graph":[{"@type":"NewsArticle","@id":"https:\/\/dicodusport.fr\/blog\/meeting-de-paris-indoor-2025-un-rendez-vous-capital-pour-les-francais\/#article","isPartOf":{"@id":"https:\/\/dicodusport.fr\/blog\/meeting-de-paris-indoor-2025-un-rendez-vous-capital-pour-les-francais\/"},"author":{"name":"Etienne Goursaud","@id":"https:\/\/dicodusport.fr\/blog\/#\/schema\/person\/d603dd7da31fb2b46c82b9835a77ec13"},"headline":"Meeting de Paris indoor 2025 : Un rendez-vous capital pour les Fran\u00e7ais","datePublished":"2025-02-08T14:00:56+00:00","mainEntityOfPage":{"@id":"https:\/\/dicodusport.fr\/blog\/meeting-de-paris-indoor-2025-un-rendez-vous-capital-pour-les-francais\/"},"wordCount":684,"commentCount":0,"publisher":{"@id":"https:\/\/dicodusport.fr\/blog\/#organization"},"image":{"@id":"https:\/\/dicodusport.fr\/blog\/meeting-de-paris-indoor-2025-un-rendez-vous-capital-pour-les-francais\/#primaryimage"},"thumbnailUrl":"https:\/\/dicodusport.fr\/blog\/wp-content\/uploads\/2025\/02\/Meeting-de-Paris-indoor-2025-Un-rendez-vous-capital-pour-les-Tricolores.png","keywords":["actu","Athl\u00e9tisme","Athl\u00e9tisme fran\u00e7ais","br\u00e8ve","Just Kwaou-Mathey"],"articleSection":["Athl\u00e9tisme"],"inLanguage":"fr-FR","potentialAction":[{"@type":"CommentAction","name":"Comment","target":["https:\/\/dicodusport.fr\/blog\/meeting-de-paris-indoor-2025-un-rendez-vous-capital-pour-les-francais\/#respond"]}],"copyrightYear":"2025","copyrightHolder":{"@id":"https:\/\/dicodusport.fr\/blog\/#organization"}},{"@type":"WebPage","@id":"https:\/\/dicodusport.fr\/blog\/meeting-de-paris-indoor-2025-un-rendez-vous-capital-pour-les-francais\/","url":"https:\/\/dicodusport.fr\/blog\/meeting-de-paris-indoor-2025-un-rendez-vous-capital-pour-les-francais\/","name":"Meeting de Paris indoor 2025 : Un rendez-vous capital pour les Fran\u00e7ais","isPartOf":{"@id":"https:\/\/dicodusport.fr\/blog\/#website"},"primaryImageOfPage":{"@id":"https:\/\/dicodusport.fr\/blog\/meeting-de-paris-indoor-2025-un-rendez-vous-capital-pour-les-francais\/#primaryimage"},"image":{"@id":"https:\/\/dicodusport.fr\/blog\/meeting-de-paris-indoor-2025-un-rendez-vous-capital-pour-les-francais\/#primaryimage"},"thumbnailUrl":"https:\/\/dicodusport.fr\/blog\/wp-content\/uploads\/2025\/02\/Meeting-de-Paris-indoor-2025-Un-rendez-vous-capital-pour-les-Tricolores.png","datePublished":"2025-02-08T14:00:56+00:00","description":"ATHL\u00c9TISME - Pr\u00e9sentation du meeting de Paris indoor 2025, qui verra de nombreux internationaux Fran\u00e7ais pr\u00e9sents \u00e0 l'Accor Arena.","breadcrumb":{"@id":"https:\/\/dicodusport.fr\/blog\/meeting-de-paris-indoor-2025-un-rendez-vous-capital-pour-les-francais\/#breadcrumb"},"inLanguage":"fr-FR","potentialAction":[{"@type":"ReadAction","target":["https:\/\/dicodusport.fr\/blog\/meeting-de-paris-indoor-2025-un-rendez-vous-capital-pour-les-francais\/"]}]},{"@type":"ImageObject","inLanguage":"fr-FR","@id":"https:\/\/dicodusport.fr\/blog\/meeting-de-paris-indoor-2025-un-rendez-vous-capital-pour-les-francais\/#primaryimage","url":"https:\/\/dicodusport.fr\/blog\/wp-content\/uploads\/2025\/02\/Meeting-de-Paris-indoor-2025-Un-rendez-vous-capital-pour-les-Tricolores.png","contentUrl":"https:\/\/dicodusport.fr\/blog\/wp-content\/uploads\/2025\/02\/Meeting-de-Paris-indoor-2025-Un-rendez-vous-capital-pour-les-Tricolores.png","width":1200,"height":674,"caption":"Meeting de Paris indoor 2025 - Un rendez-vous capital pour les Tricolores"},{"@type":"BreadcrumbList","@id":"https:\/\/dicodusport.fr\/blog\/meeting-de-paris-indoor-2025-un-rendez-vous-capital-pour-les-francais\/#breadcrumb","itemListElement":[{"@type":"ListItem","position":1,"name":"Accueil","item":"https:\/\/dicodusport.fr\/blog\/"},{"@type":"ListItem","position":2,"name":"Meeting de Paris indoor 2025 : Un rendez-vous capital pour les Fran\u00e7ais"}]},{"@type":"WebSite","@id":"https:\/\/dicodusport.fr\/blog\/#website","url":"https:\/\/dicodusport.fr\/blog\/","name":"Dicodusport","description":"L&#039;encyclop\u00e9die de l&#039;actualit\u00e9 sportive","publisher":{"@id":"https:\/\/dicodusport.fr\/blog\/#organization"},"potentialAction":[{"@type":"SearchAction","target":{"@type":"EntryPoint","urlTemplate":"https:\/\/dicodusport.fr\/blog\/?s={search_term_string}"},"query-input":{"@type":"PropertyValueSpecification","valueRequired":true,"valueName":"search_term_string"}}],"inLanguage":"fr-FR"},{"@type":"NewsMediaOrganization","@id":"https:\/\/dicodusport.fr\/blog\/#organization","name":"Dicodusport","url":"https:\/\/dicodusport.fr\/blog\/","logo":{"@type":"ImageObject","inLanguage":"fr-FR","@id":"https:\/\/dicodusport.fr\/blog\/#\/schema\/logo\/image\/","url":"https:\/\/dicodusport.fr\/blog\/wp-content\/uploads\/2020\/06\/cropped-LOGO-DICODUSPORT-2020-SANS-FOND-SANS-TEXTE.png","contentUrl":"https:\/\/dicodusport.fr\/blog\/wp-content\/uploads\/2020\/06\/cropped-LOGO-DICODUSPORT-2020-SANS-FOND-SANS-TEXTE.png","width":512,"height":512,"caption":"Dicodusport"},"image":{"@id":"https:\/\/dicodusport.fr\/blog\/#\/schema\/logo\/image\/"},"sameAs":["https:\/\/www.facebook.com\/dicodusport","https:\/\/x.com\/dicodusport","https:\/\/www.instagram.com\/dicodusport\/","https:\/\/www.youtube.com\/channel\/UC7V2KZ5sd3htJivAbA4ZG3w"],"description":"Dicodusport est l'encyclop\u00e9die de l'actualit\u00e9 sportive.","email":"bonjour@dicodusport.fr","legalName":"DICODUSPORT","foundingDate":"2018-01-14","vatID":"FR71834470973","taxID":"83447097300043","numberOfEmployees":{"@type":"QuantitativeValue","minValue":"1","maxValue":"10"}},{"@type":"Person","@id":"https:\/\/dicodusport.fr\/blog\/#\/schema\/person\/d603dd7da31fb2b46c82b9835a77ec13","name":"Etienne Goursaud","image":{"@type":"ImageObject","inLanguage":"fr-FR","@id":"https:\/\/dicodusport.fr\/blog\/#\/schema\/person\/image\/","url":"https:\/\/dicodusport.fr\/blog\/wp-content\/uploads\/2023\/12\/410122264_10231602061736049_5565839791558026645_n-150x150.jpg","contentUrl":"https:\/\/dicodusport.fr\/blog\/wp-content\/uploads\/2023\/12\/410122264_10231602061736049_5565839791558026645_n-150x150.jpg","caption":"Etienne Goursaud"},"description":"Journaliste et amoureux de sport. Ancien footballeur reconverti athl\u00e8te quand ses muscles le laissent tranquille. \u00c9lev\u00e9 \u00e0 la sauce des exploits de Thomas Voeckler en 2004, du dernier essai de l\u00e9gende de Eunice Barber \u00e0 la longueur lors des championnats du monde d'athl\u00e9tisme de 2003 mais aussi Zidane, Omeyer et Titou Lamaison.","url":"https:\/\/dicodusport.fr\/blog\/author\/etienne-goursaud\/"}]}},"_links":{"self":[{"href":"https:\/\/dicodusport.fr\/blog\/wp-json\/wp\/v2\/posts\/552860","targetHints":{"allow":["GET"]}}],"collection":[{"href":"https:\/\/dicodusport.fr\/blog\/wp-json\/wp\/v2\/posts"}],"about":[{"href":"https:\/\/dicodusport.fr\/blog\/wp-json\/wp\/v2\/types\/post"}],"author":[{"embeddable":true,"href":"https:\/\/dicodusport.fr\/blog\/wp-json\/wp\/v2\/users\/83"}],"replies":[{"embeddable":true,"href":"https:\/\/dicodusport.fr\/blog\/wp-json\/wp\/v2\/comments?post=552860"}],"version-history":[{"count":6,"href":"https:\/\/dicodusport.fr\/blog\/wp-json\/wp\/v2\/posts\/552860\/revisions"}],"predecessor-version":[{"id":553711,"href":"https:\/\/dicodusport.fr\/blog\/wp-json\/wp\/v2\/posts\/552860\/revisions\/553711"}],"wp:featuredmedia":[{"embeddable":true,"href":"https:\/\/dicodusport.fr\/blog\/wp-json\/wp\/v2\/media\/552887"}],"wp:attachment":[{"href":"https:\/\/dicodusport.fr\/blog\/wp-json\/wp\/v2\/media?parent=552860"}],"wp:term":[{"taxonomy":"category","embeddable":true,"href":"https:\/\/dicodusport.fr\/blog\/wp-json\/wp\/v2\/categories?post=552860"},{"taxonomy":"post_tag","embeddable":true,"href":"https:\/\/dicodusport.fr\/blog\/wp-json\/wp\/v2\/tags?post=552860"}],"curies":[{"name":"wp","href":"https:\/\/api.w.org\/{rel}","templated":true}]}}